{"id":19648,"date":"2018-11-30T17:14:27","date_gmt":"2018-11-30T15:14:27","guid":{"rendered":"https:\/\/www.laguiadepamplona.es\/actualidad\/?p=19648"},"modified":"2018-11-30T17:14:27","modified_gmt":"2018-11-30T15:14:27","slug":"taupadak-actua-manana-en-el-dia-internacional-del-euskera-de-la-mano-del-programa-municipal-musika-en-marcha-que-promociona-la-actuacion-de-grupos-jovenes","status":"publish","type":"post","link":"https:\/\/www.laguiadepamplona.com\/actualidad\/taupadak-actua-manana-en-el-dia-internacional-del-euskera-de-la-mano-del-programa-municipal-musika-en-marcha-que-promociona-la-actuacion-de-grupos-jovenes\/","title":{"rendered":"Taupadak act\u00faa ma\u00f1ana en el D\u00eda Internacional del Euskera de la mano del programa municipal Musika en Marcha que promociona la actuaci\u00f3n de grupos j\u00f3venes"},"content":{"rendered":"<h3>Subir\u00e1 al escenario de la Sala Indara a partir de las 17 horas junto a Garilak 26, Governors y Modus Operandi, con entrada libre<\/h3>\n<p><!--more--><\/p>\n<p>Taupadak actuar\u00e1 ma\u00f1ana s\u00e1bado, 1 de diciembre, en el concierto organizado por el Ayuntamiento de Pamplona con motivo del D\u00eda Internacional del Euskera de la mano del programa municipal Musika en Marcha que impulsa la actuaci\u00f3n de grupos j\u00f3venes. La Unidad de Juventud puso en marcha este programa con el objetivo de promocionar el talento joven posibilitando espacios en los que grupos y solistas locales se suban al escenario a tocar. Taupadak compartir\u00e1 escenario con Garilak 26, Governors y Modus Operandi en la Sala Indara a partir de las 17 horas.<\/p>\n<p>Musika en Marcha tiene sus inicios en un trabajo conjunto con grupos de m\u00fasica de j\u00f3venes que ensayan en la Casa de la Juventud. Tras un encuentro realizado en enero con estas formaciones y otras de la Comarca de Pamplona se comienzan a recoger propuestas e impulsar una participaci\u00f3n activa. A ra\u00edz de la puesta en marcha del proyecto se realiz\u00f3 una bolsa de grupos de m\u00fasica y el Ayuntamiento trata de buscar espacios en aquellos actos que organiza para dar oportunidades a j\u00f3venes para que suban al escenario.<\/p>\n<p>Taupadak es un grupo compuesto por tres j\u00f3venes de Pamplona de 20 y 22 a\u00f1os, Urtzi Ibero y Asier P\u00e9rez, quienes ponen las voces y tocan la guitarra, y Josu Zabala con la percusi\u00f3n y coros. Estar\u00e1n en directo con canciones propias y versiones de otros grupos euskaldunes. Este mes ver\u00e1 su primer disco. Adem\u00e1s de Taupadak, la propuesta musical municipal de ma\u00f1ana a\u00fana estilos de m\u00fasica muy diferentes entre s\u00ed. Garilak 26 traer\u00e1 melod\u00edas de romer\u00eda donde se mezclan la alboka, la trikitixa, la guitarra, el bajo y la bater\u00eda. La m\u00fasica ska llegar\u00e1 de la mano de Modus Operandi, y, por \u00faltimo, Governors ofrecer\u00e1 los sonidos m\u00e1s duros y rockeros.<\/p>\n<p>El D\u00eda Internacional del Euskera se celebra el 3 de diciembre, coincidiendo con la festividad de San Francisco Javier.<\/p>\n","protected":false},"excerpt":{"rendered":"<p>Subir\u00e1 al escenario de la Sala Indara a partir de las 17 horas junto a Garilak 26, Governors y Modus Operandi, con entrada libre<\/p>\n","protected":false},"author":1,"featured_media":17600,"comment_status":"open","ping_status":"closed","sticky":false,"template":"","format":"standard","meta":{"footnotes":""},"categories":[2],"tags":[],"class_list":["post-19648","post","type-post","status-publish","format-standard","has-post-thumbnail","hentry","category-ayuntamiento-pamplona"],"yoast_head":"<!-- This site is optimized with the Yoast SEO plugin v27.3 - https:\/\/yoast.com\/product\/yoast-seo-wordpress\/ -->\n<title>Taupadak act\u00faa ma\u00f1ana en el D\u00eda Internacional del Euskera de la mano del programa municipal Musika en Marcha que promociona la actuaci\u00f3n de grupos j\u00f3venes<\/title>\n<meta name=\"robots\" content=\"index, follow, max-snippet:-1, max-image-preview:large, max-video-preview:-1\" \/>\n<link rel=\"canonical\" href=\"https:\/\/www.laguiadepamplona.com\/actualidad\/taupadak-actua-manana-en-el-dia-internacional-del-euskera-de-la-mano-del-programa-municipal-musika-en-marcha-que-promociona-la-actuacion-de-grupos-jovenes\/\" \/>\n<meta property=\"og:locale\" content=\"es_ES\" \/>\n<meta property=\"og:type\" content=\"article\" \/>\n<meta property=\"og:title\" content=\"Taupadak act\u00faa ma\u00f1ana en el D\u00eda Internacional del Euskera de la mano del programa municipal Musika en Marcha que promociona la actuaci\u00f3n de grupos j\u00f3venes\" \/>\n<meta property=\"og:description\" content=\"Subir\u00e1 al escenario de la Sala Indara a partir de las 17 horas junto a Garilak 26, Governors y Modus Operandi, con entrada libre\" \/>\n<meta property=\"og:url\" content=\"https:\/\/www.laguiadepamplona.com\/actualidad\/taupadak-actua-manana-en-el-dia-internacional-del-euskera-de-la-mano-del-programa-municipal-musika-en-marcha-que-promociona-la-actuacion-de-grupos-jovenes\/\" \/>\n<meta property=\"og:site_name\" content=\"La Gu\u00eda de Pamplona\" \/>\n<meta property=\"article:publisher\" content=\"https:\/\/www.facebook.com\/laguiadepamplonacom-133175176762273\/?ref=hl\" \/>\n<meta property=\"article:published_time\" content=\"2018-11-30T15:14:27+00:00\" \/>\n<meta property=\"og:image\" content=\"https:\/\/www.laguiadepamplona.com\/actualidad\/wp-content\/uploads\/2018\/05\/ayto-pamplona-3.jpg\" \/>\n\t<meta property=\"og:image:width\" content=\"1000\" \/>\n\t<meta property=\"og:image:height\" content=\"555\" \/>\n\t<meta property=\"og:image:type\" content=\"image\/jpeg\" \/>\n<meta name=\"author\" content=\"La Gu\u00eda de Pamplona\" \/>\n<meta name=\"twitter:card\" content=\"summary_large_image\" \/>\n<meta name=\"twitter:creator\" content=\"@LaGuiadPamplona\" \/>\n<meta name=\"twitter:site\" content=\"@LaGuiadPamplona\" \/>\n<meta name=\"twitter:label1\" content=\"Escrito por\" \/>\n\t<meta name=\"twitter:data1\" content=\"La Gu\u00eda de Pamplona\" \/>\n\t<meta name=\"twitter:label2\" content=\"Tiempo de lectura\" \/>\n\t<meta name=\"twitter:data2\" content=\"2 minutos\" \/>\n<script type=\"application\/ld+json\" class=\"yoast-schema-graph\">{\"@context\":\"https:\\\/\\\/schema.org\",\"@graph\":[{\"@type\":\"Article\",\"@id\":\"https:\\\/\\\/www.laguiadepamplona.com\\\/actualidad\\\/taupadak-actua-manana-en-el-dia-internacional-del-euskera-de-la-mano-del-programa-municipal-musika-en-marcha-que-promociona-la-actuacion-de-grupos-jovenes\\\/#article\",\"isPartOf\":{\"@id\":\"https:\\\/\\\/www.laguiadepamplona.com\\\/actualidad\\\/taupadak-actua-manana-en-el-dia-internacional-del-euskera-de-la-mano-del-programa-municipal-musika-en-marcha-que-promociona-la-actuacion-de-grupos-jovenes\\\/\"},\"author\":{\"name\":\"La Gu\u00eda de Pamplona\",\"@id\":\"https:\\\/\\\/www.laguiadepamplona.com\\\/actualidad\\\/#\\\/schema\\\/person\\\/efe887376f0213d4657c93adc50b1fdb\"},\"headline\":\"Taupadak act\u00faa ma\u00f1ana en el D\u00eda Internacional del Euskera de la mano del programa municipal Musika en Marcha que promociona la actuaci\u00f3n de grupos j\u00f3venes\",\"datePublished\":\"2018-11-30T15:14:27+00:00\",\"mainEntityOfPage\":{\"@id\":\"https:\\\/\\\/www.laguiadepamplona.com\\\/actualidad\\\/taupadak-actua-manana-en-el-dia-internacional-del-euskera-de-la-mano-del-programa-municipal-musika-en-marcha-que-promociona-la-actuacion-de-grupos-jovenes\\\/\"},\"wordCount\":382,\"commentCount\":0,\"publisher\":{\"@id\":\"https:\\\/\\\/www.laguiadepamplona.com\\\/actualidad\\\/#organization\"},\"image\":{\"@id\":\"https:\\\/\\\/www.laguiadepamplona.com\\\/actualidad\\\/taupadak-actua-manana-en-el-dia-internacional-del-euskera-de-la-mano-del-programa-municipal-musika-en-marcha-que-promociona-la-actuacion-de-grupos-jovenes\\\/#primaryimage\"},\"thumbnailUrl\":\"https:\\\/\\\/www.laguiadepamplona.com\\\/actualidad\\\/wp-content\\\/uploads\\\/2018\\\/05\\\/ayto-pamplona-3.jpg\",\"articleSection\":[\"Ayto Pamplona\"],\"inLanguage\":\"es\",\"potentialAction\":[{\"@type\":\"CommentAction\",\"name\":\"Comment\",\"target\":[\"https:\\\/\\\/www.laguiadepamplona.com\\\/actualidad\\\/taupadak-actua-manana-en-el-dia-internacional-del-euskera-de-la-mano-del-programa-municipal-musika-en-marcha-que-promociona-la-actuacion-de-grupos-jovenes\\\/#respond\"]}]},{\"@type\":\"WebPage\",\"@id\":\"https:\\\/\\\/www.laguiadepamplona.com\\\/actualidad\\\/taupadak-actua-manana-en-el-dia-internacional-del-euskera-de-la-mano-del-programa-municipal-musika-en-marcha-que-promociona-la-actuacion-de-grupos-jovenes\\\/\",\"url\":\"https:\\\/\\\/www.laguiadepamplona.com\\\/actualidad\\\/taupadak-actua-manana-en-el-dia-internacional-del-euskera-de-la-mano-del-programa-municipal-musika-en-marcha-que-promociona-la-actuacion-de-grupos-jovenes\\\/\",\"name\":\"Taupadak act\u00faa ma\u00f1ana en el D\u00eda Internacional del Euskera de la mano del programa municipal Musika en Marcha que promociona la actuaci\u00f3n de grupos j\u00f3venes\",\"isPartOf\":{\"@id\":\"https:\\\/\\\/www.laguiadepamplona.com\\\/actualidad\\\/#website\"},\"primaryImageOfPage\":{\"@id\":\"https:\\\/\\\/www.laguiadepamplona.com\\\/actualidad\\\/taupadak-actua-manana-en-el-dia-internacional-del-euskera-de-la-mano-del-programa-municipal-musika-en-marcha-que-promociona-la-actuacion-de-grupos-jovenes\\\/#primaryimage\"},\"image\":{\"@id\":\"https:\\\/\\\/www.laguiadepamplona.com\\\/actualidad\\\/taupadak-actua-manana-en-el-dia-internacional-del-euskera-de-la-mano-del-programa-municipal-musika-en-marcha-que-promociona-la-actuacion-de-grupos-jovenes\\\/#primaryimage\"},\"thumbnailUrl\":\"https:\\\/\\\/www.laguiadepamplona.com\\\/actualidad\\\/wp-content\\\/uploads\\\/2018\\\/05\\\/ayto-pamplona-3.jpg\",\"datePublished\":\"2018-11-30T15:14:27+00:00\",\"breadcrumb\":{\"@id\":\"https:\\\/\\\/www.laguiadepamplona.com\\\/actualidad\\\/taupadak-actua-manana-en-el-dia-internacional-del-euskera-de-la-mano-del-programa-municipal-musika-en-marcha-que-promociona-la-actuacion-de-grupos-jovenes\\\/#breadcrumb\"},\"inLanguage\":\"es\",\"potentialAction\":[{\"@type\":\"ReadAction\",\"target\":[\"https:\\\/\\\/www.laguiadepamplona.com\\\/actualidad\\\/taupadak-actua-manana-en-el-dia-internacional-del-euskera-de-la-mano-del-programa-municipal-musika-en-marcha-que-promociona-la-actuacion-de-grupos-jovenes\\\/\"]}]},{\"@type\":\"ImageObject\",\"inLanguage\":\"es\",\"@id\":\"https:\\\/\\\/www.laguiadepamplona.com\\\/actualidad\\\/taupadak-actua-manana-en-el-dia-internacional-del-euskera-de-la-mano-del-programa-municipal-musika-en-marcha-que-promociona-la-actuacion-de-grupos-jovenes\\\/#primaryimage\",\"url\":\"https:\\\/\\\/www.laguiadepamplona.com\\\/actualidad\\\/wp-content\\\/uploads\\\/2018\\\/05\\\/ayto-pamplona-3.jpg\",\"contentUrl\":\"https:\\\/\\\/www.laguiadepamplona.com\\\/actualidad\\\/wp-content\\\/uploads\\\/2018\\\/05\\\/ayto-pamplona-3.jpg\",\"width\":1000,\"height\":555},{\"@type\":\"BreadcrumbList\",\"@id\":\"https:\\\/\\\/www.laguiadepamplona.com\\\/actualidad\\\/taupadak-actua-manana-en-el-dia-internacional-del-euskera-de-la-mano-del-programa-municipal-musika-en-marcha-que-promociona-la-actuacion-de-grupos-jovenes\\\/#breadcrumb\",\"itemListElement\":[{\"@type\":\"ListItem\",\"position\":1,\"name\":\"Portada\",\"item\":\"https:\\\/\\\/www.laguiadepamplona.com\\\/actualidad\\\/\"},{\"@type\":\"ListItem\",\"position\":2,\"name\":\"Taupadak act\u00faa ma\u00f1ana en el D\u00eda Internacional del Euskera de la mano del programa municipal Musika en Marcha que promociona la actuaci\u00f3n de grupos j\u00f3venes\"}]},{\"@type\":\"WebSite\",\"@id\":\"https:\\\/\\\/www.laguiadepamplona.com\\\/actualidad\\\/#website\",\"url\":\"https:\\\/\\\/www.laguiadepamplona.com\\\/actualidad\\\/\",\"name\":\"La gu\u00eda de Pamplona\",\"description\":\"Noticias de Pamplona\",\"publisher\":{\"@id\":\"https:\\\/\\\/www.laguiadepamplona.com\\\/actualidad\\\/#organization\"},\"potentialAction\":[{\"@type\":\"SearchAction\",\"target\":{\"@type\":\"EntryPoint\",\"urlTemplate\":\"https:\\\/\\\/www.laguiadepamplona.com\\\/actualidad\\\/?s={search_term_string}\"},\"query-input\":{\"@type\":\"PropertyValueSpecification\",\"valueRequired\":true,\"valueName\":\"search_term_string\"}}],\"inLanguage\":\"es\"},{\"@type\":\"Organization\",\"@id\":\"https:\\\/\\\/www.laguiadepamplona.com\\\/actualidad\\\/#organization\",\"name\":\"La Gu\u00eda de Pamplona \\\/ Noticias\",\"url\":\"https:\\\/\\\/www.laguiadepamplona.com\\\/actualidad\\\/\",\"logo\":{\"@type\":\"ImageObject\",\"inLanguage\":\"es\",\"@id\":\"https:\\\/\\\/www.laguiadepamplona.com\\\/actualidad\\\/#\\\/schema\\\/logo\\\/image\\\/\",\"url\":\"https:\\\/\\\/www.laguiadepamplona.com\\\/actualidad\\\/wp-content\\\/uploads\\\/2018\\\/11\\\/logo-laguiadepamplona18-web1.png\",\"contentUrl\":\"https:\\\/\\\/www.laguiadepamplona.com\\\/actualidad\\\/wp-content\\\/uploads\\\/2018\\\/11\\\/logo-laguiadepamplona18-web1.png\",\"width\":600,\"height\":196,\"caption\":\"La Gu\u00eda de Pamplona \\\/ Noticias\"},\"image\":{\"@id\":\"https:\\\/\\\/www.laguiadepamplona.com\\\/actualidad\\\/#\\\/schema\\\/logo\\\/image\\\/\"},\"sameAs\":[\"https:\\\/\\\/www.facebook.com\\\/laguiadepamplonacom-133175176762273\\\/?ref=hl\",\"https:\\\/\\\/x.com\\\/LaGuiadPamplona\",\"https:\\\/\\\/www.instagram.com\\\/la_guia_de_pamplona\\\/\",\"https:\\\/\\\/www.youtube.com\\\/user\\\/laguiadepamplona\"]},{\"@type\":\"Person\",\"@id\":\"https:\\\/\\\/www.laguiadepamplona.com\\\/actualidad\\\/#\\\/schema\\\/person\\\/efe887376f0213d4657c93adc50b1fdb\",\"name\":\"La Gu\u00eda de Pamplona\",\"image\":{\"@type\":\"ImageObject\",\"inLanguage\":\"es\",\"@id\":\"https:\\\/\\\/secure.gravatar.com\\\/avatar\\\/b6992f131dc8d30ab0dff15446e9d346d9dbd95992de0fef795073f5ea83a81c?s=96&d=mm&r=g\",\"url\":\"https:\\\/\\\/secure.gravatar.com\\\/avatar\\\/b6992f131dc8d30ab0dff15446e9d346d9dbd95992de0fef795073f5ea83a81c?s=96&d=mm&r=g\",\"contentUrl\":\"https:\\\/\\\/secure.gravatar.com\\\/avatar\\\/b6992f131dc8d30ab0dff15446e9d346d9dbd95992de0fef795073f5ea83a81c?s=96&d=mm&r=g\",\"caption\":\"La Gu\u00eda de Pamplona\"}}]}<\/script>\n<!-- \/ Yoast SEO plugin. -->","yoast_head_json":{"title":"Taupadak act\u00faa ma\u00f1ana en el D\u00eda Internacional del Euskera de la mano del programa municipal Musika en Marcha que promociona la actuaci\u00f3n de grupos j\u00f3venes","robots":{"index":"index","follow":"follow","max-snippet":"max-snippet:-1","max-image-preview":"max-image-preview:large","max-video-preview":"max-video-preview:-1"},"canonical":"https:\/\/www.laguiadepamplona.com\/actualidad\/taupadak-actua-manana-en-el-dia-internacional-del-euskera-de-la-mano-del-programa-municipal-musika-en-marcha-que-promociona-la-actuacion-de-grupos-jovenes\/","og_locale":"es_ES","og_type":"article","og_title":"Taupadak act\u00faa ma\u00f1ana en el D\u00eda Internacional del Euskera de la mano del programa municipal Musika en Marcha que promociona la actuaci\u00f3n de grupos j\u00f3venes","og_description":"Subir\u00e1 al escenario de la Sala Indara a partir de las 17 horas junto a Garilak 26, Governors y Modus Operandi, con entrada libre","og_url":"https:\/\/www.laguiadepamplona.com\/actualidad\/taupadak-actua-manana-en-el-dia-internacional-del-euskera-de-la-mano-del-programa-municipal-musika-en-marcha-que-promociona-la-actuacion-de-grupos-jovenes\/","og_site_name":"La Gu\u00eda de Pamplona","article_publisher":"https:\/\/www.facebook.com\/laguiadepamplonacom-133175176762273\/?ref=hl","article_published_time":"2018-11-30T15:14:27+00:00","og_image":[{"width":1000,"height":555,"url":"https:\/\/www.laguiadepamplona.com\/actualidad\/wp-content\/uploads\/2018\/05\/ayto-pamplona-3.jpg","type":"image\/jpeg"}],"author":"La Gu\u00eda de Pamplona","twitter_card":"summary_large_image","twitter_creator":"@LaGuiadPamplona","twitter_site":"@LaGuiadPamplona","twitter_misc":{"Escrito por":"La Gu\u00eda de Pamplona","Tiempo de lectura":"2 minutos"},"schema":{"@context":"https:\/\/schema.org","@graph":[{"@type":"Article","@id":"https:\/\/www.laguiadepamplona.com\/actualidad\/taupadak-actua-manana-en-el-dia-internacional-del-euskera-de-la-mano-del-programa-municipal-musika-en-marcha-que-promociona-la-actuacion-de-grupos-jovenes\/#article","isPartOf":{"@id":"https:\/\/www.laguiadepamplona.com\/actualidad\/taupadak-actua-manana-en-el-dia-internacional-del-euskera-de-la-mano-del-programa-municipal-musika-en-marcha-que-promociona-la-actuacion-de-grupos-jovenes\/"},"author":{"name":"La Gu\u00eda de Pamplona","@id":"https:\/\/www.laguiadepamplona.com\/actualidad\/#\/schema\/person\/efe887376f0213d4657c93adc50b1fdb"},"headline":"Taupadak act\u00faa ma\u00f1ana en el D\u00eda Internacional del Euskera de la mano del programa municipal Musika en Marcha que promociona la actuaci\u00f3n de grupos j\u00f3venes","datePublished":"2018-11-30T15:14:27+00:00","mainEntityOfPage":{"@id":"https:\/\/www.laguiadepamplona.com\/actualidad\/taupadak-actua-manana-en-el-dia-internacional-del-euskera-de-la-mano-del-programa-municipal-musika-en-marcha-que-promociona-la-actuacion-de-grupos-jovenes\/"},"wordCount":382,"commentCount":0,"publisher":{"@id":"https:\/\/www.laguiadepamplona.com\/actualidad\/#organization"},"image":{"@id":"https:\/\/www.laguiadepamplona.com\/actualidad\/taupadak-actua-manana-en-el-dia-internacional-del-euskera-de-la-mano-del-programa-municipal-musika-en-marcha-que-promociona-la-actuacion-de-grupos-jovenes\/#primaryimage"},"thumbnailUrl":"https:\/\/www.laguiadepamplona.com\/actualidad\/wp-content\/uploads\/2018\/05\/ayto-pamplona-3.jpg","articleSection":["Ayto Pamplona"],"inLanguage":"es","potentialAction":[{"@type":"CommentAction","name":"Comment","target":["https:\/\/www.laguiadepamplona.com\/actualidad\/taupadak-actua-manana-en-el-dia-internacional-del-euskera-de-la-mano-del-programa-municipal-musika-en-marcha-que-promociona-la-actuacion-de-grupos-jovenes\/#respond"]}]},{"@type":"WebPage","@id":"https:\/\/www.laguiadepamplona.com\/actualidad\/taupadak-actua-manana-en-el-dia-internacional-del-euskera-de-la-mano-del-programa-municipal-musika-en-marcha-que-promociona-la-actuacion-de-grupos-jovenes\/","url":"https:\/\/www.laguiadepamplona.com\/actualidad\/taupadak-actua-manana-en-el-dia-internacional-del-euskera-de-la-mano-del-programa-municipal-musika-en-marcha-que-promociona-la-actuacion-de-grupos-jovenes\/","name":"Taupadak act\u00faa ma\u00f1ana en el D\u00eda Internacional del Euskera de la mano del programa municipal Musika en Marcha que promociona la actuaci\u00f3n de grupos j\u00f3venes","isPartOf":{"@id":"https:\/\/www.laguiadepamplona.com\/actualidad\/#website"},"primaryImageOfPage":{"@id":"https:\/\/www.laguiadepamplona.com\/actualidad\/taupadak-actua-manana-en-el-dia-internacional-del-euskera-de-la-mano-del-programa-municipal-musika-en-marcha-que-promociona-la-actuacion-de-grupos-jovenes\/#primaryimage"},"image":{"@id":"https:\/\/www.laguiadepamplona.com\/actualidad\/taupadak-actua-manana-en-el-dia-internacional-del-euskera-de-la-mano-del-programa-municipal-musika-en-marcha-que-promociona-la-actuacion-de-grupos-jovenes\/#primaryimage"},"thumbnailUrl":"https:\/\/www.laguiadepamplona.com\/actualidad\/wp-content\/uploads\/2018\/05\/ayto-pamplona-3.jpg","datePublished":"2018-11-30T15:14:27+00:00","breadcrumb":{"@id":"https:\/\/www.laguiadepamplona.com\/actualidad\/taupadak-actua-manana-en-el-dia-internacional-del-euskera-de-la-mano-del-programa-municipal-musika-en-marcha-que-promociona-la-actuacion-de-grupos-jovenes\/#breadcrumb"},"inLanguage":"es","potentialAction":[{"@type":"ReadAction","target":["https:\/\/www.laguiadepamplona.com\/actualidad\/taupadak-actua-manana-en-el-dia-internacional-del-euskera-de-la-mano-del-programa-municipal-musika-en-marcha-que-promociona-la-actuacion-de-grupos-jovenes\/"]}]},{"@type":"ImageObject","inLanguage":"es","@id":"https:\/\/www.laguiadepamplona.com\/actualidad\/taupadak-actua-manana-en-el-dia-internacional-del-euskera-de-la-mano-del-programa-municipal-musika-en-marcha-que-promociona-la-actuacion-de-grupos-jovenes\/#primaryimage","url":"https:\/\/www.laguiadepamplona.com\/actualidad\/wp-content\/uploads\/2018\/05\/ayto-pamplona-3.jpg","contentUrl":"https:\/\/www.laguiadepamplona.com\/actualidad\/wp-content\/uploads\/2018\/05\/ayto-pamplona-3.jpg","width":1000,"height":555},{"@type":"BreadcrumbList","@id":"https:\/\/www.laguiadepamplona.com\/actualidad\/taupadak-actua-manana-en-el-dia-internacional-del-euskera-de-la-mano-del-programa-municipal-musika-en-marcha-que-promociona-la-actuacion-de-grupos-jovenes\/#breadcrumb","itemListElement":[{"@type":"ListItem","position":1,"name":"Portada","item":"https:\/\/www.laguiadepamplona.com\/actualidad\/"},{"@type":"ListItem","position":2,"name":"Taupadak act\u00faa ma\u00f1ana en el D\u00eda Internacional del Euskera de la mano del programa municipal Musika en Marcha que promociona la actuaci\u00f3n de grupos j\u00f3venes"}]},{"@type":"WebSite","@id":"https:\/\/www.laguiadepamplona.com\/actualidad\/#website","url":"https:\/\/www.laguiadepamplona.com\/actualidad\/","name":"La gu\u00eda de Pamplona","description":"Noticias de Pamplona","publisher":{"@id":"https:\/\/www.laguiadepamplona.com\/actualidad\/#organization"},"potentialAction":[{"@type":"SearchAction","target":{"@type":"EntryPoint","urlTemplate":"https:\/\/www.laguiadepamplona.com\/actualidad\/?s={search_term_string}"},"query-input":{"@type":"PropertyValueSpecification","valueRequired":true,"valueName":"search_term_string"}}],"inLanguage":"es"},{"@type":"Organization","@id":"https:\/\/www.laguiadepamplona.com\/actualidad\/#organization","name":"La Gu\u00eda de Pamplona \/ Noticias","url":"https:\/\/www.laguiadepamplona.com\/actualidad\/","logo":{"@type":"ImageObject","inLanguage":"es","@id":"https:\/\/www.laguiadepamplona.com\/actualidad\/#\/schema\/logo\/image\/","url":"https:\/\/www.laguiadepamplona.com\/actualidad\/wp-content\/uploads\/2018\/11\/logo-laguiadepamplona18-web1.png","contentUrl":"https:\/\/www.laguiadepamplona.com\/actualidad\/wp-content\/uploads\/2018\/11\/logo-laguiadepamplona18-web1.png","width":600,"height":196,"caption":"La Gu\u00eda de Pamplona \/ Noticias"},"image":{"@id":"https:\/\/www.laguiadepamplona.com\/actualidad\/#\/schema\/logo\/image\/"},"sameAs":["https:\/\/www.facebook.com\/laguiadepamplonacom-133175176762273\/?ref=hl","https:\/\/x.com\/LaGuiadPamplona","https:\/\/www.instagram.com\/la_guia_de_pamplona\/","https:\/\/www.youtube.com\/user\/laguiadepamplona"]},{"@type":"Person","@id":"https:\/\/www.laguiadepamplona.com\/actualidad\/#\/schema\/person\/efe887376f0213d4657c93adc50b1fdb","name":"La Gu\u00eda de Pamplona","image":{"@type":"ImageObject","inLanguage":"es","@id":"https:\/\/secure.gravatar.com\/avatar\/b6992f131dc8d30ab0dff15446e9d346d9dbd95992de0fef795073f5ea83a81c?s=96&d=mm&r=g","url":"https:\/\/secure.gravatar.com\/avatar\/b6992f131dc8d30ab0dff15446e9d346d9dbd95992de0fef795073f5ea83a81c?s=96&d=mm&r=g","contentUrl":"https:\/\/secure.gravatar.com\/avatar\/b6992f131dc8d30ab0dff15446e9d346d9dbd95992de0fef795073f5ea83a81c?s=96&d=mm&r=g","caption":"La Gu\u00eda de Pamplona"}}]}},"post_mailing_queue_ids":[],"_links":{"self":[{"href":"https:\/\/www.laguiadepamplona.com\/actualidad\/wp-json\/wp\/v2\/posts\/19648","targetHints":{"allow":["GET"]}}],"collection":[{"href":"https:\/\/www.laguiadepamplona.com\/actualidad\/wp-json\/wp\/v2\/posts"}],"about":[{"href":"https:\/\/www.laguiadepamplona.com\/actualidad\/wp-json\/wp\/v2\/types\/post"}],"author":[{"embeddable":true,"href":"https:\/\/www.laguiadepamplona.com\/actualidad\/wp-json\/wp\/v2\/users\/1"}],"replies":[{"embeddable":true,"href":"https:\/\/www.laguiadepamplona.com\/actualidad\/wp-json\/wp\/v2\/comments?post=19648"}],"version-history":[{"count":0,"href":"https:\/\/www.laguiadepamplona.com\/actualidad\/wp-json\/wp\/v2\/posts\/19648\/revisions"}],"wp:featuredmedia":[{"embeddable":true,"href":"https:\/\/www.laguiadepamplona.com\/actualidad\/wp-json\/wp\/v2\/media\/17600"}],"wp:attachment":[{"href":"https:\/\/www.laguiadepamplona.com\/actualidad\/wp-json\/wp\/v2\/media?parent=19648"}],"wp:term":[{"taxonomy":"category","embeddable":true,"href":"https:\/\/www.laguiadepamplona.com\/actualidad\/wp-json\/wp\/v2\/categories?post=19648"},{"taxonomy":"post_tag","embeddable":true,"href":"https:\/\/www.laguiadepamplona.com\/actualidad\/wp-json\/wp\/v2\/tags?post=19648"}],"curies":[{"name":"wp","href":"https:\/\/api.w.org\/{rel}","templated":true}]}}