{"id":19638,"date":"2018-11-30T13:11:29","date_gmt":"2018-11-30T11:11:29","guid":{"rendered":"https:\/\/www.laguiadepamplona.es\/actualidad\/?p=19638"},"modified":"2018-11-30T13:11:29","modified_gmt":"2018-11-30T11:11:29","slug":"la-casa-de-la-juventud-acoge-la-exposicion-la-impresion-de-la-expresion-la-primera-muestra-de-la-joven-alemana-lissy-lee","status":"publish","type":"post","link":"https:\/\/www.laguiadepamplona.com\/actualidad\/la-casa-de-la-juventud-acoge-la-exposicion-la-impresion-de-la-expresion-la-primera-muestra-de-la-joven-alemana-lissy-lee\/","title":{"rendered":"La Casa de la Juventud acoge la exposici\u00f3n \u2018La impresi\u00f3n de la expresi\u00f3n, la primera muestra de la joven alemana Lissy Lee"},"content":{"rendered":"<h3>Las piezas, en su mayor\u00eda dibujos, pueden verse hasta el 9 de diciembre<\/h3>\n<p><!--more--><\/p>\n<p>La Casa de la Juventud acoge la exposici\u00f3n \u2018La impresi\u00f3n de la expresi\u00f3n\u2019, la primera muestra de la joven alemana Lissy Lee. Se trata de una serie de piezas, en su mayor\u00eda dibujos, con los que trata de plasmar el mundo de las percepciones: c\u00f3mo percibimos a otros, sus cuerpos y sus energ\u00edas. Son retratos de c\u00f3mo se perciben las emociones. La exposici\u00f3n puede visitarse hasta el pr\u00f3ximo 9 de diciembre, en horario de lunes a viernes de 18 a 20.30 horas, y los s\u00e1bados de 12 a 14 horas.<\/p>\n<p>Lissy Lee es una joven alemana de 18 a\u00f1os que est\u00e1 pasando un a\u00f1o sab\u00e1tico en Espa\u00f1a, concretamente en Pamplona. Tiene un gran inter\u00e9s en el arte y de ah\u00ed surge su pasi\u00f3n por el dibujo. Durante este a\u00f1o est\u00e1 haciendo labores de voluntariado, cursando un curso on line de historia del arte y bailando en diversas academias, ya que el baile es otra de sus grandes pasiones. Despu\u00e9s de este a\u00f1o volver\u00e1 a su pa\u00eds natal y retomar\u00e1 sus estudios universitarios de Historia del Arte. Esta va a ser su primera exposici\u00f3n y versa sobre la percepci\u00f3n, sobre c\u00f3mo percibimos a otros y c\u00f3mo percibimos sus cuerpos y sus energ\u00edas. Quiere mostrar en sus retratos c\u00f3mo percibe las emociones.<\/p>\n<p>\u2018La impresi\u00f3n de la expresi\u00f3n\u2019 es su primera exposici\u00f3n. Los trabajos han sido realizados desde el a\u00f1o 2016, cuando comenzara a dibujar de manera autodidacta y en ellos aparecen amigos,\u00a0 familiares y alg\u00fan famoso. La mayor\u00eda de los dibujos son en blanco y negro y en formato DINA3<\/p>\n","protected":false},"excerpt":{"rendered":"<p>Las piezas, en su mayor\u00eda dibujos, pueden verse hasta el 9 de diciembre<\/p>\n","protected":false},"author":1,"featured_media":13864,"comment_status":"open","ping_status":"closed","sticky":false,"template":"","format":"standard","meta":{"footnotes":""},"categories":[2],"tags":[],"class_list":["post-19638","post","type-post","status-publish","format-standard","has-post-thumbnail","hentry","category-ayuntamiento-pamplona"],"yoast_head":"<!-- This site is optimized with the Yoast SEO plugin v27.3 - https:\/\/yoast.com\/product\/yoast-seo-wordpress\/ -->\n<title>La Casa de la Juventud acoge la exposici\u00f3n \u2018La impresi\u00f3n de la expresi\u00f3n, la primera muestra de la joven alemana Lissy Lee<\/title>\n<meta name=\"robots\" content=\"index, follow, max-snippet:-1, max-image-preview:large, max-video-preview:-1\" \/>\n<link rel=\"canonical\" href=\"https:\/\/www.laguiadepamplona.com\/actualidad\/la-casa-de-la-juventud-acoge-la-exposicion-la-impresion-de-la-expresion-la-primera-muestra-de-la-joven-alemana-lissy-lee\/\" \/>\n<meta property=\"og:locale\" content=\"es_ES\" \/>\n<meta property=\"og:type\" content=\"article\" \/>\n<meta property=\"og:title\" content=\"La Casa de la Juventud acoge la exposici\u00f3n \u2018La impresi\u00f3n de la expresi\u00f3n, la primera muestra de la joven alemana Lissy Lee\" \/>\n<meta property=\"og:description\" content=\"Las piezas, en su mayor\u00eda dibujos, pueden verse hasta el 9 de diciembre\" \/>\n<meta property=\"og:url\" content=\"https:\/\/www.laguiadepamplona.com\/actualidad\/la-casa-de-la-juventud-acoge-la-exposicion-la-impresion-de-la-expresion-la-primera-muestra-de-la-joven-alemana-lissy-lee\/\" \/>\n<meta property=\"og:site_name\" content=\"La Gu\u00eda de Pamplona\" \/>\n<meta property=\"article:publisher\" content=\"https:\/\/www.facebook.com\/laguiadepamplonacom-133175176762273\/?ref=hl\" \/>\n<meta property=\"article:published_time\" content=\"2018-11-30T11:11:29+00:00\" \/>\n<meta property=\"og:image\" content=\"https:\/\/www.laguiadepamplona.com\/actualidad\/wp-content\/uploads\/2017\/08\/cada_dia_plan_juventud.jpg\" \/>\n\t<meta property=\"og:image:width\" content=\"1000\" \/>\n\t<meta property=\"og:image:height\" content=\"527\" \/>\n\t<meta property=\"og:image:type\" content=\"image\/jpeg\" \/>\n<meta name=\"author\" content=\"La Gu\u00eda de Pamplona\" \/>\n<meta name=\"twitter:card\" content=\"summary_large_image\" \/>\n<meta name=\"twitter:creator\" content=\"@LaGuiadPamplona\" \/>\n<meta name=\"twitter:site\" content=\"@LaGuiadPamplona\" \/>\n<meta name=\"twitter:label1\" content=\"Escrito por\" \/>\n\t<meta name=\"twitter:data1\" content=\"La Gu\u00eda de Pamplona\" \/>\n\t<meta name=\"twitter:label2\" content=\"Tiempo de lectura\" \/>\n\t<meta name=\"twitter:data2\" content=\"1 minuto\" \/>\n<script type=\"application\/ld+json\" class=\"yoast-schema-graph\">{\"@context\":\"https:\\\/\\\/schema.org\",\"@graph\":[{\"@type\":\"Article\",\"@id\":\"https:\\\/\\\/www.laguiadepamplona.com\\\/actualidad\\\/la-casa-de-la-juventud-acoge-la-exposicion-la-impresion-de-la-expresion-la-primera-muestra-de-la-joven-alemana-lissy-lee\\\/#article\",\"isPartOf\":{\"@id\":\"https:\\\/\\\/www.laguiadepamplona.com\\\/actualidad\\\/la-casa-de-la-juventud-acoge-la-exposicion-la-impresion-de-la-expresion-la-primera-muestra-de-la-joven-alemana-lissy-lee\\\/\"},\"author\":{\"name\":\"La Gu\u00eda de Pamplona\",\"@id\":\"https:\\\/\\\/www.laguiadepamplona.com\\\/actualidad\\\/#\\\/schema\\\/person\\\/efe887376f0213d4657c93adc50b1fdb\"},\"headline\":\"La Casa de la Juventud acoge la exposici\u00f3n \u2018La impresi\u00f3n de la expresi\u00f3n, la primera muestra de la joven alemana Lissy Lee\",\"datePublished\":\"2018-11-30T11:11:29+00:00\",\"mainEntityOfPage\":{\"@id\":\"https:\\\/\\\/www.laguiadepamplona.com\\\/actualidad\\\/la-casa-de-la-juventud-acoge-la-exposicion-la-impresion-de-la-expresion-la-primera-muestra-de-la-joven-alemana-lissy-lee\\\/\"},\"wordCount\":321,\"commentCount\":0,\"publisher\":{\"@id\":\"https:\\\/\\\/www.laguiadepamplona.com\\\/actualidad\\\/#organization\"},\"image\":{\"@id\":\"https:\\\/\\\/www.laguiadepamplona.com\\\/actualidad\\\/la-casa-de-la-juventud-acoge-la-exposicion-la-impresion-de-la-expresion-la-primera-muestra-de-la-joven-alemana-lissy-lee\\\/#primaryimage\"},\"thumbnailUrl\":\"https:\\\/\\\/www.laguiadepamplona.com\\\/actualidad\\\/wp-content\\\/uploads\\\/2017\\\/08\\\/cada_dia_plan_juventud.jpg\",\"articleSection\":[\"Ayto Pamplona\"],\"inLanguage\":\"es\",\"potentialAction\":[{\"@type\":\"CommentAction\",\"name\":\"Comment\",\"target\":[\"https:\\\/\\\/www.laguiadepamplona.com\\\/actualidad\\\/la-casa-de-la-juventud-acoge-la-exposicion-la-impresion-de-la-expresion-la-primera-muestra-de-la-joven-alemana-lissy-lee\\\/#respond\"]}]},{\"@type\":\"WebPage\",\"@id\":\"https:\\\/\\\/www.laguiadepamplona.com\\\/actualidad\\\/la-casa-de-la-juventud-acoge-la-exposicion-la-impresion-de-la-expresion-la-primera-muestra-de-la-joven-alemana-lissy-lee\\\/\",\"url\":\"https:\\\/\\\/www.laguiadepamplona.com\\\/actualidad\\\/la-casa-de-la-juventud-acoge-la-exposicion-la-impresion-de-la-expresion-la-primera-muestra-de-la-joven-alemana-lissy-lee\\\/\",\"name\":\"La Casa de la Juventud acoge la exposici\u00f3n \u2018La impresi\u00f3n de la expresi\u00f3n, la primera muestra de la joven alemana Lissy Lee\",\"isPartOf\":{\"@id\":\"https:\\\/\\\/www.laguiadepamplona.com\\\/actualidad\\\/#website\"},\"primaryImageOfPage\":{\"@id\":\"https:\\\/\\\/www.laguiadepamplona.com\\\/actualidad\\\/la-casa-de-la-juventud-acoge-la-exposicion-la-impresion-de-la-expresion-la-primera-muestra-de-la-joven-alemana-lissy-lee\\\/#primaryimage\"},\"image\":{\"@id\":\"https:\\\/\\\/www.laguiadepamplona.com\\\/actualidad\\\/la-casa-de-la-juventud-acoge-la-exposicion-la-impresion-de-la-expresion-la-primera-muestra-de-la-joven-alemana-lissy-lee\\\/#primaryimage\"},\"thumbnailUrl\":\"https:\\\/\\\/www.laguiadepamplona.com\\\/actualidad\\\/wp-content\\\/uploads\\\/2017\\\/08\\\/cada_dia_plan_juventud.jpg\",\"datePublished\":\"2018-11-30T11:11:29+00:00\",\"breadcrumb\":{\"@id\":\"https:\\\/\\\/www.laguiadepamplona.com\\\/actualidad\\\/la-casa-de-la-juventud-acoge-la-exposicion-la-impresion-de-la-expresion-la-primera-muestra-de-la-joven-alemana-lissy-lee\\\/#breadcrumb\"},\"inLanguage\":\"es\",\"potentialAction\":[{\"@type\":\"ReadAction\",\"target\":[\"https:\\\/\\\/www.laguiadepamplona.com\\\/actualidad\\\/la-casa-de-la-juventud-acoge-la-exposicion-la-impresion-de-la-expresion-la-primera-muestra-de-la-joven-alemana-lissy-lee\\\/\"]}]},{\"@type\":\"ImageObject\",\"inLanguage\":\"es\",\"@id\":\"https:\\\/\\\/www.laguiadepamplona.com\\\/actualidad\\\/la-casa-de-la-juventud-acoge-la-exposicion-la-impresion-de-la-expresion-la-primera-muestra-de-la-joven-alemana-lissy-lee\\\/#primaryimage\",\"url\":\"https:\\\/\\\/www.laguiadepamplona.com\\\/actualidad\\\/wp-content\\\/uploads\\\/2017\\\/08\\\/cada_dia_plan_juventud.jpg\",\"contentUrl\":\"https:\\\/\\\/www.laguiadepamplona.com\\\/actualidad\\\/wp-content\\\/uploads\\\/2017\\\/08\\\/cada_dia_plan_juventud.jpg\",\"width\":1000,\"height\":527},{\"@type\":\"BreadcrumbList\",\"@id\":\"https:\\\/\\\/www.laguiadepamplona.com\\\/actualidad\\\/la-casa-de-la-juventud-acoge-la-exposicion-la-impresion-de-la-expresion-la-primera-muestra-de-la-joven-alemana-lissy-lee\\\/#breadcrumb\",\"itemListElement\":[{\"@type\":\"ListItem\",\"position\":1,\"name\":\"Portada\",\"item\":\"https:\\\/\\\/www.laguiadepamplona.com\\\/actualidad\\\/\"},{\"@type\":\"ListItem\",\"position\":2,\"name\":\"La Casa de la Juventud acoge la exposici\u00f3n \u2018La impresi\u00f3n de la expresi\u00f3n, la primera muestra de la joven alemana Lissy Lee\"}]},{\"@type\":\"WebSite\",\"@id\":\"https:\\\/\\\/www.laguiadepamplona.com\\\/actualidad\\\/#website\",\"url\":\"https:\\\/\\\/www.laguiadepamplona.com\\\/actualidad\\\/\",\"name\":\"La gu\u00eda de Pamplona\",\"description\":\"Noticias de Pamplona\",\"publisher\":{\"@id\":\"https:\\\/\\\/www.laguiadepamplona.com\\\/actualidad\\\/#organization\"},\"potentialAction\":[{\"@type\":\"SearchAction\",\"target\":{\"@type\":\"EntryPoint\",\"urlTemplate\":\"https:\\\/\\\/www.laguiadepamplona.com\\\/actualidad\\\/?s={search_term_string}\"},\"query-input\":{\"@type\":\"PropertyValueSpecification\",\"valueRequired\":true,\"valueName\":\"search_term_string\"}}],\"inLanguage\":\"es\"},{\"@type\":\"Organization\",\"@id\":\"https:\\\/\\\/www.laguiadepamplona.com\\\/actualidad\\\/#organization\",\"name\":\"La Gu\u00eda de Pamplona \\\/ Noticias\",\"url\":\"https:\\\/\\\/www.laguiadepamplona.com\\\/actualidad\\\/\",\"logo\":{\"@type\":\"ImageObject\",\"inLanguage\":\"es\",\"@id\":\"https:\\\/\\\/www.laguiadepamplona.com\\\/actualidad\\\/#\\\/schema\\\/logo\\\/image\\\/\",\"url\":\"https:\\\/\\\/www.laguiadepamplona.com\\\/actualidad\\\/wp-content\\\/uploads\\\/2018\\\/11\\\/logo-laguiadepamplona18-web1.png\",\"contentUrl\":\"https:\\\/\\\/www.laguiadepamplona.com\\\/actualidad\\\/wp-content\\\/uploads\\\/2018\\\/11\\\/logo-laguiadepamplona18-web1.png\",\"width\":600,\"height\":196,\"caption\":\"La Gu\u00eda de Pamplona \\\/ Noticias\"},\"image\":{\"@id\":\"https:\\\/\\\/www.laguiadepamplona.com\\\/actualidad\\\/#\\\/schema\\\/logo\\\/image\\\/\"},\"sameAs\":[\"https:\\\/\\\/www.facebook.com\\\/laguiadepamplonacom-133175176762273\\\/?ref=hl\",\"https:\\\/\\\/x.com\\\/LaGuiadPamplona\",\"https:\\\/\\\/www.instagram.com\\\/la_guia_de_pamplona\\\/\",\"https:\\\/\\\/www.youtube.com\\\/user\\\/laguiadepamplona\"]},{\"@type\":\"Person\",\"@id\":\"https:\\\/\\\/www.laguiadepamplona.com\\\/actualidad\\\/#\\\/schema\\\/person\\\/efe887376f0213d4657c93adc50b1fdb\",\"name\":\"La Gu\u00eda de Pamplona\",\"image\":{\"@type\":\"ImageObject\",\"inLanguage\":\"es\",\"@id\":\"https:\\\/\\\/secure.gravatar.com\\\/avatar\\\/b6992f131dc8d30ab0dff15446e9d346d9dbd95992de0fef795073f5ea83a81c?s=96&d=mm&r=g\",\"url\":\"https:\\\/\\\/secure.gravatar.com\\\/avatar\\\/b6992f131dc8d30ab0dff15446e9d346d9dbd95992de0fef795073f5ea83a81c?s=96&d=mm&r=g\",\"contentUrl\":\"https:\\\/\\\/secure.gravatar.com\\\/avatar\\\/b6992f131dc8d30ab0dff15446e9d346d9dbd95992de0fef795073f5ea83a81c?s=96&d=mm&r=g\",\"caption\":\"La Gu\u00eda de Pamplona\"}}]}<\/script>\n<!-- \/ Yoast SEO plugin. -->","yoast_head_json":{"title":"La Casa de la Juventud acoge la exposici\u00f3n \u2018La impresi\u00f3n de la expresi\u00f3n, la primera muestra de la joven alemana Lissy Lee","robots":{"index":"index","follow":"follow","max-snippet":"max-snippet:-1","max-image-preview":"max-image-preview:large","max-video-preview":"max-video-preview:-1"},"canonical":"https:\/\/www.laguiadepamplona.com\/actualidad\/la-casa-de-la-juventud-acoge-la-exposicion-la-impresion-de-la-expresion-la-primera-muestra-de-la-joven-alemana-lissy-lee\/","og_locale":"es_ES","og_type":"article","og_title":"La Casa de la Juventud acoge la exposici\u00f3n \u2018La impresi\u00f3n de la expresi\u00f3n, la primera muestra de la joven alemana Lissy Lee","og_description":"Las piezas, en su mayor\u00eda dibujos, pueden verse hasta el 9 de diciembre","og_url":"https:\/\/www.laguiadepamplona.com\/actualidad\/la-casa-de-la-juventud-acoge-la-exposicion-la-impresion-de-la-expresion-la-primera-muestra-de-la-joven-alemana-lissy-lee\/","og_site_name":"La Gu\u00eda de Pamplona","article_publisher":"https:\/\/www.facebook.com\/laguiadepamplonacom-133175176762273\/?ref=hl","article_published_time":"2018-11-30T11:11:29+00:00","og_image":[{"width":1000,"height":527,"url":"https:\/\/www.laguiadepamplona.com\/actualidad\/wp-content\/uploads\/2017\/08\/cada_dia_plan_juventud.jpg","type":"image\/jpeg"}],"author":"La Gu\u00eda de Pamplona","twitter_card":"summary_large_image","twitter_creator":"@LaGuiadPamplona","twitter_site":"@LaGuiadPamplona","twitter_misc":{"Escrito por":"La Gu\u00eda de Pamplona","Tiempo de lectura":"1 minuto"},"schema":{"@context":"https:\/\/schema.org","@graph":[{"@type":"Article","@id":"https:\/\/www.laguiadepamplona.com\/actualidad\/la-casa-de-la-juventud-acoge-la-exposicion-la-impresion-de-la-expresion-la-primera-muestra-de-la-joven-alemana-lissy-lee\/#article","isPartOf":{"@id":"https:\/\/www.laguiadepamplona.com\/actualidad\/la-casa-de-la-juventud-acoge-la-exposicion-la-impresion-de-la-expresion-la-primera-muestra-de-la-joven-alemana-lissy-lee\/"},"author":{"name":"La Gu\u00eda de Pamplona","@id":"https:\/\/www.laguiadepamplona.com\/actualidad\/#\/schema\/person\/efe887376f0213d4657c93adc50b1fdb"},"headline":"La Casa de la Juventud acoge la exposici\u00f3n \u2018La impresi\u00f3n de la expresi\u00f3n, la primera muestra de la joven alemana Lissy Lee","datePublished":"2018-11-30T11:11:29+00:00","mainEntityOfPage":{"@id":"https:\/\/www.laguiadepamplona.com\/actualidad\/la-casa-de-la-juventud-acoge-la-exposicion-la-impresion-de-la-expresion-la-primera-muestra-de-la-joven-alemana-lissy-lee\/"},"wordCount":321,"commentCount":0,"publisher":{"@id":"https:\/\/www.laguiadepamplona.com\/actualidad\/#organization"},"image":{"@id":"https:\/\/www.laguiadepamplona.com\/actualidad\/la-casa-de-la-juventud-acoge-la-exposicion-la-impresion-de-la-expresion-la-primera-muestra-de-la-joven-alemana-lissy-lee\/#primaryimage"},"thumbnailUrl":"https:\/\/www.laguiadepamplona.com\/actualidad\/wp-content\/uploads\/2017\/08\/cada_dia_plan_juventud.jpg","articleSection":["Ayto Pamplona"],"inLanguage":"es","potentialAction":[{"@type":"CommentAction","name":"Comment","target":["https:\/\/www.laguiadepamplona.com\/actualidad\/la-casa-de-la-juventud-acoge-la-exposicion-la-impresion-de-la-expresion-la-primera-muestra-de-la-joven-alemana-lissy-lee\/#respond"]}]},{"@type":"WebPage","@id":"https:\/\/www.laguiadepamplona.com\/actualidad\/la-casa-de-la-juventud-acoge-la-exposicion-la-impresion-de-la-expresion-la-primera-muestra-de-la-joven-alemana-lissy-lee\/","url":"https:\/\/www.laguiadepamplona.com\/actualidad\/la-casa-de-la-juventud-acoge-la-exposicion-la-impresion-de-la-expresion-la-primera-muestra-de-la-joven-alemana-lissy-lee\/","name":"La Casa de la Juventud acoge la exposici\u00f3n \u2018La impresi\u00f3n de la expresi\u00f3n, la primera muestra de la joven alemana Lissy Lee","isPartOf":{"@id":"https:\/\/www.laguiadepamplona.com\/actualidad\/#website"},"primaryImageOfPage":{"@id":"https:\/\/www.laguiadepamplona.com\/actualidad\/la-casa-de-la-juventud-acoge-la-exposicion-la-impresion-de-la-expresion-la-primera-muestra-de-la-joven-alemana-lissy-lee\/#primaryimage"},"image":{"@id":"https:\/\/www.laguiadepamplona.com\/actualidad\/la-casa-de-la-juventud-acoge-la-exposicion-la-impresion-de-la-expresion-la-primera-muestra-de-la-joven-alemana-lissy-lee\/#primaryimage"},"thumbnailUrl":"https:\/\/www.laguiadepamplona.com\/actualidad\/wp-content\/uploads\/2017\/08\/cada_dia_plan_juventud.jpg","datePublished":"2018-11-30T11:11:29+00:00","breadcrumb":{"@id":"https:\/\/www.laguiadepamplona.com\/actualidad\/la-casa-de-la-juventud-acoge-la-exposicion-la-impresion-de-la-expresion-la-primera-muestra-de-la-joven-alemana-lissy-lee\/#breadcrumb"},"inLanguage":"es","potentialAction":[{"@type":"ReadAction","target":["https:\/\/www.laguiadepamplona.com\/actualidad\/la-casa-de-la-juventud-acoge-la-exposicion-la-impresion-de-la-expresion-la-primera-muestra-de-la-joven-alemana-lissy-lee\/"]}]},{"@type":"ImageObject","inLanguage":"es","@id":"https:\/\/www.laguiadepamplona.com\/actualidad\/la-casa-de-la-juventud-acoge-la-exposicion-la-impresion-de-la-expresion-la-primera-muestra-de-la-joven-alemana-lissy-lee\/#primaryimage","url":"https:\/\/www.laguiadepamplona.com\/actualidad\/wp-content\/uploads\/2017\/08\/cada_dia_plan_juventud.jpg","contentUrl":"https:\/\/www.laguiadepamplona.com\/actualidad\/wp-content\/uploads\/2017\/08\/cada_dia_plan_juventud.jpg","width":1000,"height":527},{"@type":"BreadcrumbList","@id":"https:\/\/www.laguiadepamplona.com\/actualidad\/la-casa-de-la-juventud-acoge-la-exposicion-la-impresion-de-la-expresion-la-primera-muestra-de-la-joven-alemana-lissy-lee\/#breadcrumb","itemListElement":[{"@type":"ListItem","position":1,"name":"Portada","item":"https:\/\/www.laguiadepamplona.com\/actualidad\/"},{"@type":"ListItem","position":2,"name":"La Casa de la Juventud acoge la exposici\u00f3n \u2018La impresi\u00f3n de la expresi\u00f3n, la primera muestra de la joven alemana Lissy Lee"}]},{"@type":"WebSite","@id":"https:\/\/www.laguiadepamplona.com\/actualidad\/#website","url":"https:\/\/www.laguiadepamplona.com\/actualidad\/","name":"La gu\u00eda de Pamplona","description":"Noticias de Pamplona","publisher":{"@id":"https:\/\/www.laguiadepamplona.com\/actualidad\/#organization"},"potentialAction":[{"@type":"SearchAction","target":{"@type":"EntryPoint","urlTemplate":"https:\/\/www.laguiadepamplona.com\/actualidad\/?s={search_term_string}"},"query-input":{"@type":"PropertyValueSpecification","valueRequired":true,"valueName":"search_term_string"}}],"inLanguage":"es"},{"@type":"Organization","@id":"https:\/\/www.laguiadepamplona.com\/actualidad\/#organization","name":"La Gu\u00eda de Pamplona \/ Noticias","url":"https:\/\/www.laguiadepamplona.com\/actualidad\/","logo":{"@type":"ImageObject","inLanguage":"es","@id":"https:\/\/www.laguiadepamplona.com\/actualidad\/#\/schema\/logo\/image\/","url":"https:\/\/www.laguiadepamplona.com\/actualidad\/wp-content\/uploads\/2018\/11\/logo-laguiadepamplona18-web1.png","contentUrl":"https:\/\/www.laguiadepamplona.com\/actualidad\/wp-content\/uploads\/2018\/11\/logo-laguiadepamplona18-web1.png","width":600,"height":196,"caption":"La Gu\u00eda de Pamplona \/ Noticias"},"image":{"@id":"https:\/\/www.laguiadepamplona.com\/actualidad\/#\/schema\/logo\/image\/"},"sameAs":["https:\/\/www.facebook.com\/laguiadepamplonacom-133175176762273\/?ref=hl","https:\/\/x.com\/LaGuiadPamplona","https:\/\/www.instagram.com\/la_guia_de_pamplona\/","https:\/\/www.youtube.com\/user\/laguiadepamplona"]},{"@type":"Person","@id":"https:\/\/www.laguiadepamplona.com\/actualidad\/#\/schema\/person\/efe887376f0213d4657c93adc50b1fdb","name":"La Gu\u00eda de Pamplona","image":{"@type":"ImageObject","inLanguage":"es","@id":"https:\/\/secure.gravatar.com\/avatar\/b6992f131dc8d30ab0dff15446e9d346d9dbd95992de0fef795073f5ea83a81c?s=96&d=mm&r=g","url":"https:\/\/secure.gravatar.com\/avatar\/b6992f131dc8d30ab0dff15446e9d346d9dbd95992de0fef795073f5ea83a81c?s=96&d=mm&r=g","contentUrl":"https:\/\/secure.gravatar.com\/avatar\/b6992f131dc8d30ab0dff15446e9d346d9dbd95992de0fef795073f5ea83a81c?s=96&d=mm&r=g","caption":"La Gu\u00eda de Pamplona"}}]}},"post_mailing_queue_ids":[],"_links":{"self":[{"href":"https:\/\/www.laguiadepamplona.com\/actualidad\/wp-json\/wp\/v2\/posts\/19638","targetHints":{"allow":["GET"]}}],"collection":[{"href":"https:\/\/www.laguiadepamplona.com\/actualidad\/wp-json\/wp\/v2\/posts"}],"about":[{"href":"https:\/\/www.laguiadepamplona.com\/actualidad\/wp-json\/wp\/v2\/types\/post"}],"author":[{"embeddable":true,"href":"https:\/\/www.laguiadepamplona.com\/actualidad\/wp-json\/wp\/v2\/users\/1"}],"replies":[{"embeddable":true,"href":"https:\/\/www.laguiadepamplona.com\/actualidad\/wp-json\/wp\/v2\/comments?post=19638"}],"version-history":[{"count":0,"href":"https:\/\/www.laguiadepamplona.com\/actualidad\/wp-json\/wp\/v2\/posts\/19638\/revisions"}],"wp:featuredmedia":[{"embeddable":true,"href":"https:\/\/www.laguiadepamplona.com\/actualidad\/wp-json\/wp\/v2\/media\/13864"}],"wp:attachment":[{"href":"https:\/\/www.laguiadepamplona.com\/actualidad\/wp-json\/wp\/v2\/media?parent=19638"}],"wp:term":[{"taxonomy":"category","embeddable":true,"href":"https:\/\/www.laguiadepamplona.com\/actualidad\/wp-json\/wp\/v2\/categories?post=19638"},{"taxonomy":"post_tag","embeddable":true,"href":"https:\/\/www.laguiadepamplona.com\/actualidad\/wp-json\/wp\/v2\/tags?post=19638"}],"curies":[{"name":"wp","href":"https:\/\/api.w.org\/{rel}","templated":true}]}}