{"id":19632,"date":"2018-11-28T18:02:51","date_gmt":"2018-11-28T16:02:51","guid":{"rendered":"https:\/\/www.laguiadepamplona.es\/actualidad\/?p=19632"},"modified":"2018-11-28T18:02:51","modified_gmt":"2018-11-28T16:02:51","slug":"el-ayuntamiento-se-une-a-la-conmemoracion-del-dia-internacional-del-euskera-con-un-concierto-a-cargo-de-taupadak-garilak-26-governors-y-modus-operandi","status":"publish","type":"post","link":"https:\/\/www.laguiadepamplona.com\/actualidad\/el-ayuntamiento-se-une-a-la-conmemoracion-del-dia-internacional-del-euskera-con-un-concierto-a-cargo-de-taupadak-garilak-26-governors-y-modus-operandi\/","title":{"rendered":"El Ayuntamiento se une a la conmemoraci\u00f3n del D\u00eda Internacional del Euskera con un concierto a cargo de Taupadak, Garilak 26, Governors y Modus Operandi"},"content":{"rendered":"<h3>La actuaci\u00f3n tendr\u00e1 lugar el s\u00e1bado 1 de diciembre en la Sala Indara a las 17 horas, con entrada libre hasta completar el aforo<\/h3>\n<p><!--more--><\/p>\n<p>El Ayuntamiento de Pamplona, a trav\u00e9s del Servicio de Euskera, ha organizado, para conmemorar el del D\u00eda internacional del Euskera, un concierto el s\u00e1bado d\u00eda 1 de diciembre, con los grupos Taupadak, Garilak 26, Governors y Modus Operandi. La actuaci\u00f3n tendr\u00e1 lugar en la Sala Indara a las 17 horas, con entrada libre hasta completar el aforo.<\/p>\n<p>La propuesta musical municipal a\u00fana estilos de m\u00fasica muy diferentes entre s\u00ed. Por un lado, la orquesta sinf\u00f3nica Taupadak es una formaci\u00f3n nacida con un fin solidario, el de apoyar una escuela de m\u00fasica en Bolivia. Por otro, el grupo pop Garilak 26 traer\u00e1 melod\u00edas de romer\u00eda donde se mezclan la alboka, la trikitixa, la guitarra, el bajo y la bater\u00eda. La m\u00fasica ska llegar\u00e1 de de la mano de Modus Operandi, y, por \u00faltimo, Governors ofrecer\u00e1 los sonidos m\u00e1s duros y rockeros.<\/p>\n<p>El D\u00eda Internacional del Euskera se celebra el 3 de diciembre, coincidiendo con la festividad de San Francisco Javier, quien, seg\u00fan cuenta la tradici\u00f3n, pronunci\u00f3 sus \u00faltimas palabras en euskera, su lengua materna. El D\u00eda del Euskera comenz\u00f3 a conmemorarse en 1949, impulsado por la Sociedad de Estudios Vascos \u2013 Eusko Ikaskuntza, en el Pa\u00eds Vasco Franc\u00e9s y en algunas ciudades como Francia, M\u00e9xico, Venezuela y Estados Unidos. Fue en 1995 cuando la propuesta de la primera Asamblea Mundial de la Di\u00e1spora Vasca para celebrarlo fue recogida e institucionalizada por el Gobierno Vasco y Euskaltzaindia. Actualmente se celebra en todos los territorios donde se habla la lengua, y este a\u00f1o coincide adem\u00e1s con el final de la iniciativa <em>Euskaraldia: 11 egun euskaraz \/ 11 d\u00edas en euskera<\/em>, dirigida a fomentar el uso de la lengua, que dio comienzo el 23 de noviembre.<\/p>\n","protected":false},"excerpt":{"rendered":"<p>La actuaci\u00f3n tendr\u00e1 lugar el s\u00e1bado 1 de diciembre en la Sala Indara a las 17 horas, con entrada libre hasta completar el aforo<\/p>\n","protected":false},"author":1,"featured_media":17600,"comment_status":"open","ping_status":"closed","sticky":false,"template":"","format":"standard","meta":{"footnotes":""},"categories":[2],"tags":[],"class_list":["post-19632","post","type-post","status-publish","format-standard","has-post-thumbnail","hentry","category-ayuntamiento-pamplona"],"yoast_head":"<!-- This site is optimized with the Yoast SEO plugin v27.3 - https:\/\/yoast.com\/product\/yoast-seo-wordpress\/ -->\n<title>El Ayuntamiento se une a la conmemoraci\u00f3n del D\u00eda Internacional del Euskera con un concierto a cargo de Taupadak, Garilak 26, Governors y Modus Operandi<\/title>\n<meta name=\"robots\" content=\"index, follow, max-snippet:-1, max-image-preview:large, max-video-preview:-1\" \/>\n<link rel=\"canonical\" href=\"https:\/\/www.laguiadepamplona.com\/actualidad\/el-ayuntamiento-se-une-a-la-conmemoracion-del-dia-internacional-del-euskera-con-un-concierto-a-cargo-de-taupadak-garilak-26-governors-y-modus-operandi\/\" \/>\n<meta property=\"og:locale\" content=\"es_ES\" \/>\n<meta property=\"og:type\" content=\"article\" \/>\n<meta property=\"og:title\" content=\"El Ayuntamiento se une a la conmemoraci\u00f3n del D\u00eda Internacional del Euskera con un concierto a cargo de Taupadak, Garilak 26, Governors y Modus Operandi\" \/>\n<meta property=\"og:description\" content=\"La actuaci\u00f3n tendr\u00e1 lugar el s\u00e1bado 1 de diciembre en la Sala Indara a las 17 horas, con entrada libre hasta completar el aforo\" \/>\n<meta property=\"og:url\" content=\"https:\/\/www.laguiadepamplona.com\/actualidad\/el-ayuntamiento-se-une-a-la-conmemoracion-del-dia-internacional-del-euskera-con-un-concierto-a-cargo-de-taupadak-garilak-26-governors-y-modus-operandi\/\" \/>\n<meta property=\"og:site_name\" content=\"La Gu\u00eda de Pamplona\" \/>\n<meta property=\"article:publisher\" content=\"https:\/\/www.facebook.com\/laguiadepamplonacom-133175176762273\/?ref=hl\" \/>\n<meta property=\"article:published_time\" content=\"2018-11-28T16:02:51+00:00\" \/>\n<meta property=\"og:image\" content=\"https:\/\/www.laguiadepamplona.com\/actualidad\/wp-content\/uploads\/2018\/05\/ayto-pamplona-3.jpg\" \/>\n\t<meta property=\"og:image:width\" content=\"1000\" \/>\n\t<meta property=\"og:image:height\" content=\"555\" \/>\n\t<meta property=\"og:image:type\" content=\"image\/jpeg\" \/>\n<meta name=\"author\" content=\"La Gu\u00eda de Pamplona\" \/>\n<meta name=\"twitter:card\" content=\"summary_large_image\" \/>\n<meta name=\"twitter:creator\" content=\"@LaGuiadPamplona\" \/>\n<meta name=\"twitter:site\" content=\"@LaGuiadPamplona\" \/>\n<meta name=\"twitter:label1\" content=\"Escrito por\" \/>\n\t<meta name=\"twitter:data1\" content=\"La Gu\u00eda de Pamplona\" \/>\n\t<meta name=\"twitter:label2\" content=\"Tiempo de lectura\" \/>\n\t<meta name=\"twitter:data2\" content=\"2 minutos\" \/>\n<script type=\"application\/ld+json\" class=\"yoast-schema-graph\">{\"@context\":\"https:\\\/\\\/schema.org\",\"@graph\":[{\"@type\":\"Article\",\"@id\":\"https:\\\/\\\/www.laguiadepamplona.com\\\/actualidad\\\/el-ayuntamiento-se-une-a-la-conmemoracion-del-dia-internacional-del-euskera-con-un-concierto-a-cargo-de-taupadak-garilak-26-governors-y-modus-operandi\\\/#article\",\"isPartOf\":{\"@id\":\"https:\\\/\\\/www.laguiadepamplona.com\\\/actualidad\\\/el-ayuntamiento-se-une-a-la-conmemoracion-del-dia-internacional-del-euskera-con-un-concierto-a-cargo-de-taupadak-garilak-26-governors-y-modus-operandi\\\/\"},\"author\":{\"name\":\"La Gu\u00eda de Pamplona\",\"@id\":\"https:\\\/\\\/www.laguiadepamplona.com\\\/actualidad\\\/#\\\/schema\\\/person\\\/efe887376f0213d4657c93adc50b1fdb\"},\"headline\":\"El Ayuntamiento se une a la conmemoraci\u00f3n del D\u00eda Internacional del Euskera con un concierto a cargo de Taupadak, Garilak 26, Governors y Modus Operandi\",\"datePublished\":\"2018-11-28T16:02:51+00:00\",\"mainEntityOfPage\":{\"@id\":\"https:\\\/\\\/www.laguiadepamplona.com\\\/actualidad\\\/el-ayuntamiento-se-une-a-la-conmemoracion-del-dia-internacional-del-euskera-con-un-concierto-a-cargo-de-taupadak-garilak-26-governors-y-modus-operandi\\\/\"},\"wordCount\":346,\"commentCount\":0,\"publisher\":{\"@id\":\"https:\\\/\\\/www.laguiadepamplona.com\\\/actualidad\\\/#organization\"},\"image\":{\"@id\":\"https:\\\/\\\/www.laguiadepamplona.com\\\/actualidad\\\/el-ayuntamiento-se-une-a-la-conmemoracion-del-dia-internacional-del-euskera-con-un-concierto-a-cargo-de-taupadak-garilak-26-governors-y-modus-operandi\\\/#primaryimage\"},\"thumbnailUrl\":\"https:\\\/\\\/www.laguiadepamplona.com\\\/actualidad\\\/wp-content\\\/uploads\\\/2018\\\/05\\\/ayto-pamplona-3.jpg\",\"articleSection\":[\"Ayto Pamplona\"],\"inLanguage\":\"es\",\"potentialAction\":[{\"@type\":\"CommentAction\",\"name\":\"Comment\",\"target\":[\"https:\\\/\\\/www.laguiadepamplona.com\\\/actualidad\\\/el-ayuntamiento-se-une-a-la-conmemoracion-del-dia-internacional-del-euskera-con-un-concierto-a-cargo-de-taupadak-garilak-26-governors-y-modus-operandi\\\/#respond\"]}]},{\"@type\":\"WebPage\",\"@id\":\"https:\\\/\\\/www.laguiadepamplona.com\\\/actualidad\\\/el-ayuntamiento-se-une-a-la-conmemoracion-del-dia-internacional-del-euskera-con-un-concierto-a-cargo-de-taupadak-garilak-26-governors-y-modus-operandi\\\/\",\"url\":\"https:\\\/\\\/www.laguiadepamplona.com\\\/actualidad\\\/el-ayuntamiento-se-une-a-la-conmemoracion-del-dia-internacional-del-euskera-con-un-concierto-a-cargo-de-taupadak-garilak-26-governors-y-modus-operandi\\\/\",\"name\":\"El Ayuntamiento se une a la conmemoraci\u00f3n del D\u00eda Internacional del Euskera con un concierto a cargo de Taupadak, Garilak 26, Governors y Modus Operandi\",\"isPartOf\":{\"@id\":\"https:\\\/\\\/www.laguiadepamplona.com\\\/actualidad\\\/#website\"},\"primaryImageOfPage\":{\"@id\":\"https:\\\/\\\/www.laguiadepamplona.com\\\/actualidad\\\/el-ayuntamiento-se-une-a-la-conmemoracion-del-dia-internacional-del-euskera-con-un-concierto-a-cargo-de-taupadak-garilak-26-governors-y-modus-operandi\\\/#primaryimage\"},\"image\":{\"@id\":\"https:\\\/\\\/www.laguiadepamplona.com\\\/actualidad\\\/el-ayuntamiento-se-une-a-la-conmemoracion-del-dia-internacional-del-euskera-con-un-concierto-a-cargo-de-taupadak-garilak-26-governors-y-modus-operandi\\\/#primaryimage\"},\"thumbnailUrl\":\"https:\\\/\\\/www.laguiadepamplona.com\\\/actualidad\\\/wp-content\\\/uploads\\\/2018\\\/05\\\/ayto-pamplona-3.jpg\",\"datePublished\":\"2018-11-28T16:02:51+00:00\",\"breadcrumb\":{\"@id\":\"https:\\\/\\\/www.laguiadepamplona.com\\\/actualidad\\\/el-ayuntamiento-se-une-a-la-conmemoracion-del-dia-internacional-del-euskera-con-un-concierto-a-cargo-de-taupadak-garilak-26-governors-y-modus-operandi\\\/#breadcrumb\"},\"inLanguage\":\"es\",\"potentialAction\":[{\"@type\":\"ReadAction\",\"target\":[\"https:\\\/\\\/www.laguiadepamplona.com\\\/actualidad\\\/el-ayuntamiento-se-une-a-la-conmemoracion-del-dia-internacional-del-euskera-con-un-concierto-a-cargo-de-taupadak-garilak-26-governors-y-modus-operandi\\\/\"]}]},{\"@type\":\"ImageObject\",\"inLanguage\":\"es\",\"@id\":\"https:\\\/\\\/www.laguiadepamplona.com\\\/actualidad\\\/el-ayuntamiento-se-une-a-la-conmemoracion-del-dia-internacional-del-euskera-con-un-concierto-a-cargo-de-taupadak-garilak-26-governors-y-modus-operandi\\\/#primaryimage\",\"url\":\"https:\\\/\\\/www.laguiadepamplona.com\\\/actualidad\\\/wp-content\\\/uploads\\\/2018\\\/05\\\/ayto-pamplona-3.jpg\",\"contentUrl\":\"https:\\\/\\\/www.laguiadepamplona.com\\\/actualidad\\\/wp-content\\\/uploads\\\/2018\\\/05\\\/ayto-pamplona-3.jpg\",\"width\":1000,\"height\":555},{\"@type\":\"BreadcrumbList\",\"@id\":\"https:\\\/\\\/www.laguiadepamplona.com\\\/actualidad\\\/el-ayuntamiento-se-une-a-la-conmemoracion-del-dia-internacional-del-euskera-con-un-concierto-a-cargo-de-taupadak-garilak-26-governors-y-modus-operandi\\\/#breadcrumb\",\"itemListElement\":[{\"@type\":\"ListItem\",\"position\":1,\"name\":\"Portada\",\"item\":\"https:\\\/\\\/www.laguiadepamplona.com\\\/actualidad\\\/\"},{\"@type\":\"ListItem\",\"position\":2,\"name\":\"El Ayuntamiento se une a la conmemoraci\u00f3n del D\u00eda Internacional del Euskera con un concierto a cargo de Taupadak, Garilak 26, Governors y Modus Operandi\"}]},{\"@type\":\"WebSite\",\"@id\":\"https:\\\/\\\/www.laguiadepamplona.com\\\/actualidad\\\/#website\",\"url\":\"https:\\\/\\\/www.laguiadepamplona.com\\\/actualidad\\\/\",\"name\":\"La gu\u00eda de Pamplona\",\"description\":\"Noticias de Pamplona\",\"publisher\":{\"@id\":\"https:\\\/\\\/www.laguiadepamplona.com\\\/actualidad\\\/#organization\"},\"potentialAction\":[{\"@type\":\"SearchAction\",\"target\":{\"@type\":\"EntryPoint\",\"urlTemplate\":\"https:\\\/\\\/www.laguiadepamplona.com\\\/actualidad\\\/?s={search_term_string}\"},\"query-input\":{\"@type\":\"PropertyValueSpecification\",\"valueRequired\":true,\"valueName\":\"search_term_string\"}}],\"inLanguage\":\"es\"},{\"@type\":\"Organization\",\"@id\":\"https:\\\/\\\/www.laguiadepamplona.com\\\/actualidad\\\/#organization\",\"name\":\"La Gu\u00eda de Pamplona \\\/ Noticias\",\"url\":\"https:\\\/\\\/www.laguiadepamplona.com\\\/actualidad\\\/\",\"logo\":{\"@type\":\"ImageObject\",\"inLanguage\":\"es\",\"@id\":\"https:\\\/\\\/www.laguiadepamplona.com\\\/actualidad\\\/#\\\/schema\\\/logo\\\/image\\\/\",\"url\":\"https:\\\/\\\/www.laguiadepamplona.com\\\/actualidad\\\/wp-content\\\/uploads\\\/2018\\\/11\\\/logo-laguiadepamplona18-web1.png\",\"contentUrl\":\"https:\\\/\\\/www.laguiadepamplona.com\\\/actualidad\\\/wp-content\\\/uploads\\\/2018\\\/11\\\/logo-laguiadepamplona18-web1.png\",\"width\":600,\"height\":196,\"caption\":\"La Gu\u00eda de Pamplona \\\/ Noticias\"},\"image\":{\"@id\":\"https:\\\/\\\/www.laguiadepamplona.com\\\/actualidad\\\/#\\\/schema\\\/logo\\\/image\\\/\"},\"sameAs\":[\"https:\\\/\\\/www.facebook.com\\\/laguiadepamplonacom-133175176762273\\\/?ref=hl\",\"https:\\\/\\\/x.com\\\/LaGuiadPamplona\",\"https:\\\/\\\/www.instagram.com\\\/la_guia_de_pamplona\\\/\",\"https:\\\/\\\/www.youtube.com\\\/user\\\/laguiadepamplona\"]},{\"@type\":\"Person\",\"@id\":\"https:\\\/\\\/www.laguiadepamplona.com\\\/actualidad\\\/#\\\/schema\\\/person\\\/efe887376f0213d4657c93adc50b1fdb\",\"name\":\"La Gu\u00eda de Pamplona\",\"image\":{\"@type\":\"ImageObject\",\"inLanguage\":\"es\",\"@id\":\"https:\\\/\\\/secure.gravatar.com\\\/avatar\\\/b6992f131dc8d30ab0dff15446e9d346d9dbd95992de0fef795073f5ea83a81c?s=96&d=mm&r=g\",\"url\":\"https:\\\/\\\/secure.gravatar.com\\\/avatar\\\/b6992f131dc8d30ab0dff15446e9d346d9dbd95992de0fef795073f5ea83a81c?s=96&d=mm&r=g\",\"contentUrl\":\"https:\\\/\\\/secure.gravatar.com\\\/avatar\\\/b6992f131dc8d30ab0dff15446e9d346d9dbd95992de0fef795073f5ea83a81c?s=96&d=mm&r=g\",\"caption\":\"La Gu\u00eda de Pamplona\"}}]}<\/script>\n<!-- \/ Yoast SEO plugin. -->","yoast_head_json":{"title":"El Ayuntamiento se une a la conmemoraci\u00f3n del D\u00eda Internacional del Euskera con un concierto a cargo de Taupadak, Garilak 26, Governors y Modus Operandi","robots":{"index":"index","follow":"follow","max-snippet":"max-snippet:-1","max-image-preview":"max-image-preview:large","max-video-preview":"max-video-preview:-1"},"canonical":"https:\/\/www.laguiadepamplona.com\/actualidad\/el-ayuntamiento-se-une-a-la-conmemoracion-del-dia-internacional-del-euskera-con-un-concierto-a-cargo-de-taupadak-garilak-26-governors-y-modus-operandi\/","og_locale":"es_ES","og_type":"article","og_title":"El Ayuntamiento se une a la conmemoraci\u00f3n del D\u00eda Internacional del Euskera con un concierto a cargo de Taupadak, Garilak 26, Governors y Modus Operandi","og_description":"La actuaci\u00f3n tendr\u00e1 lugar el s\u00e1bado 1 de diciembre en la Sala Indara a las 17 horas, con entrada libre hasta completar el aforo","og_url":"https:\/\/www.laguiadepamplona.com\/actualidad\/el-ayuntamiento-se-une-a-la-conmemoracion-del-dia-internacional-del-euskera-con-un-concierto-a-cargo-de-taupadak-garilak-26-governors-y-modus-operandi\/","og_site_name":"La Gu\u00eda de Pamplona","article_publisher":"https:\/\/www.facebook.com\/laguiadepamplonacom-133175176762273\/?ref=hl","article_published_time":"2018-11-28T16:02:51+00:00","og_image":[{"width":1000,"height":555,"url":"https:\/\/www.laguiadepamplona.com\/actualidad\/wp-content\/uploads\/2018\/05\/ayto-pamplona-3.jpg","type":"image\/jpeg"}],"author":"La Gu\u00eda de Pamplona","twitter_card":"summary_large_image","twitter_creator":"@LaGuiadPamplona","twitter_site":"@LaGuiadPamplona","twitter_misc":{"Escrito por":"La Gu\u00eda de Pamplona","Tiempo de lectura":"2 minutos"},"schema":{"@context":"https:\/\/schema.org","@graph":[{"@type":"Article","@id":"https:\/\/www.laguiadepamplona.com\/actualidad\/el-ayuntamiento-se-une-a-la-conmemoracion-del-dia-internacional-del-euskera-con-un-concierto-a-cargo-de-taupadak-garilak-26-governors-y-modus-operandi\/#article","isPartOf":{"@id":"https:\/\/www.laguiadepamplona.com\/actualidad\/el-ayuntamiento-se-une-a-la-conmemoracion-del-dia-internacional-del-euskera-con-un-concierto-a-cargo-de-taupadak-garilak-26-governors-y-modus-operandi\/"},"author":{"name":"La Gu\u00eda de Pamplona","@id":"https:\/\/www.laguiadepamplona.com\/actualidad\/#\/schema\/person\/efe887376f0213d4657c93adc50b1fdb"},"headline":"El Ayuntamiento se une a la conmemoraci\u00f3n del D\u00eda Internacional del Euskera con un concierto a cargo de Taupadak, Garilak 26, Governors y Modus Operandi","datePublished":"2018-11-28T16:02:51+00:00","mainEntityOfPage":{"@id":"https:\/\/www.laguiadepamplona.com\/actualidad\/el-ayuntamiento-se-une-a-la-conmemoracion-del-dia-internacional-del-euskera-con-un-concierto-a-cargo-de-taupadak-garilak-26-governors-y-modus-operandi\/"},"wordCount":346,"commentCount":0,"publisher":{"@id":"https:\/\/www.laguiadepamplona.com\/actualidad\/#organization"},"image":{"@id":"https:\/\/www.laguiadepamplona.com\/actualidad\/el-ayuntamiento-se-une-a-la-conmemoracion-del-dia-internacional-del-euskera-con-un-concierto-a-cargo-de-taupadak-garilak-26-governors-y-modus-operandi\/#primaryimage"},"thumbnailUrl":"https:\/\/www.laguiadepamplona.com\/actualidad\/wp-content\/uploads\/2018\/05\/ayto-pamplona-3.jpg","articleSection":["Ayto Pamplona"],"inLanguage":"es","potentialAction":[{"@type":"CommentAction","name":"Comment","target":["https:\/\/www.laguiadepamplona.com\/actualidad\/el-ayuntamiento-se-une-a-la-conmemoracion-del-dia-internacional-del-euskera-con-un-concierto-a-cargo-de-taupadak-garilak-26-governors-y-modus-operandi\/#respond"]}]},{"@type":"WebPage","@id":"https:\/\/www.laguiadepamplona.com\/actualidad\/el-ayuntamiento-se-une-a-la-conmemoracion-del-dia-internacional-del-euskera-con-un-concierto-a-cargo-de-taupadak-garilak-26-governors-y-modus-operandi\/","url":"https:\/\/www.laguiadepamplona.com\/actualidad\/el-ayuntamiento-se-une-a-la-conmemoracion-del-dia-internacional-del-euskera-con-un-concierto-a-cargo-de-taupadak-garilak-26-governors-y-modus-operandi\/","name":"El Ayuntamiento se une a la conmemoraci\u00f3n del D\u00eda Internacional del Euskera con un concierto a cargo de Taupadak, Garilak 26, Governors y Modus Operandi","isPartOf":{"@id":"https:\/\/www.laguiadepamplona.com\/actualidad\/#website"},"primaryImageOfPage":{"@id":"https:\/\/www.laguiadepamplona.com\/actualidad\/el-ayuntamiento-se-une-a-la-conmemoracion-del-dia-internacional-del-euskera-con-un-concierto-a-cargo-de-taupadak-garilak-26-governors-y-modus-operandi\/#primaryimage"},"image":{"@id":"https:\/\/www.laguiadepamplona.com\/actualidad\/el-ayuntamiento-se-une-a-la-conmemoracion-del-dia-internacional-del-euskera-con-un-concierto-a-cargo-de-taupadak-garilak-26-governors-y-modus-operandi\/#primaryimage"},"thumbnailUrl":"https:\/\/www.laguiadepamplona.com\/actualidad\/wp-content\/uploads\/2018\/05\/ayto-pamplona-3.jpg","datePublished":"2018-11-28T16:02:51+00:00","breadcrumb":{"@id":"https:\/\/www.laguiadepamplona.com\/actualidad\/el-ayuntamiento-se-une-a-la-conmemoracion-del-dia-internacional-del-euskera-con-un-concierto-a-cargo-de-taupadak-garilak-26-governors-y-modus-operandi\/#breadcrumb"},"inLanguage":"es","potentialAction":[{"@type":"ReadAction","target":["https:\/\/www.laguiadepamplona.com\/actualidad\/el-ayuntamiento-se-une-a-la-conmemoracion-del-dia-internacional-del-euskera-con-un-concierto-a-cargo-de-taupadak-garilak-26-governors-y-modus-operandi\/"]}]},{"@type":"ImageObject","inLanguage":"es","@id":"https:\/\/www.laguiadepamplona.com\/actualidad\/el-ayuntamiento-se-une-a-la-conmemoracion-del-dia-internacional-del-euskera-con-un-concierto-a-cargo-de-taupadak-garilak-26-governors-y-modus-operandi\/#primaryimage","url":"https:\/\/www.laguiadepamplona.com\/actualidad\/wp-content\/uploads\/2018\/05\/ayto-pamplona-3.jpg","contentUrl":"https:\/\/www.laguiadepamplona.com\/actualidad\/wp-content\/uploads\/2018\/05\/ayto-pamplona-3.jpg","width":1000,"height":555},{"@type":"BreadcrumbList","@id":"https:\/\/www.laguiadepamplona.com\/actualidad\/el-ayuntamiento-se-une-a-la-conmemoracion-del-dia-internacional-del-euskera-con-un-concierto-a-cargo-de-taupadak-garilak-26-governors-y-modus-operandi\/#breadcrumb","itemListElement":[{"@type":"ListItem","position":1,"name":"Portada","item":"https:\/\/www.laguiadepamplona.com\/actualidad\/"},{"@type":"ListItem","position":2,"name":"El Ayuntamiento se une a la conmemoraci\u00f3n del D\u00eda Internacional del Euskera con un concierto a cargo de Taupadak, Garilak 26, Governors y Modus Operandi"}]},{"@type":"WebSite","@id":"https:\/\/www.laguiadepamplona.com\/actualidad\/#website","url":"https:\/\/www.laguiadepamplona.com\/actualidad\/","name":"La gu\u00eda de Pamplona","description":"Noticias de Pamplona","publisher":{"@id":"https:\/\/www.laguiadepamplona.com\/actualidad\/#organization"},"potentialAction":[{"@type":"SearchAction","target":{"@type":"EntryPoint","urlTemplate":"https:\/\/www.laguiadepamplona.com\/actualidad\/?s={search_term_string}"},"query-input":{"@type":"PropertyValueSpecification","valueRequired":true,"valueName":"search_term_string"}}],"inLanguage":"es"},{"@type":"Organization","@id":"https:\/\/www.laguiadepamplona.com\/actualidad\/#organization","name":"La Gu\u00eda de Pamplona \/ Noticias","url":"https:\/\/www.laguiadepamplona.com\/actualidad\/","logo":{"@type":"ImageObject","inLanguage":"es","@id":"https:\/\/www.laguiadepamplona.com\/actualidad\/#\/schema\/logo\/image\/","url":"https:\/\/www.laguiadepamplona.com\/actualidad\/wp-content\/uploads\/2018\/11\/logo-laguiadepamplona18-web1.png","contentUrl":"https:\/\/www.laguiadepamplona.com\/actualidad\/wp-content\/uploads\/2018\/11\/logo-laguiadepamplona18-web1.png","width":600,"height":196,"caption":"La Gu\u00eda de Pamplona \/ Noticias"},"image":{"@id":"https:\/\/www.laguiadepamplona.com\/actualidad\/#\/schema\/logo\/image\/"},"sameAs":["https:\/\/www.facebook.com\/laguiadepamplonacom-133175176762273\/?ref=hl","https:\/\/x.com\/LaGuiadPamplona","https:\/\/www.instagram.com\/la_guia_de_pamplona\/","https:\/\/www.youtube.com\/user\/laguiadepamplona"]},{"@type":"Person","@id":"https:\/\/www.laguiadepamplona.com\/actualidad\/#\/schema\/person\/efe887376f0213d4657c93adc50b1fdb","name":"La Gu\u00eda de Pamplona","image":{"@type":"ImageObject","inLanguage":"es","@id":"https:\/\/secure.gravatar.com\/avatar\/b6992f131dc8d30ab0dff15446e9d346d9dbd95992de0fef795073f5ea83a81c?s=96&d=mm&r=g","url":"https:\/\/secure.gravatar.com\/avatar\/b6992f131dc8d30ab0dff15446e9d346d9dbd95992de0fef795073f5ea83a81c?s=96&d=mm&r=g","contentUrl":"https:\/\/secure.gravatar.com\/avatar\/b6992f131dc8d30ab0dff15446e9d346d9dbd95992de0fef795073f5ea83a81c?s=96&d=mm&r=g","caption":"La Gu\u00eda de Pamplona"}}]}},"post_mailing_queue_ids":[],"_links":{"self":[{"href":"https:\/\/www.laguiadepamplona.com\/actualidad\/wp-json\/wp\/v2\/posts\/19632","targetHints":{"allow":["GET"]}}],"collection":[{"href":"https:\/\/www.laguiadepamplona.com\/actualidad\/wp-json\/wp\/v2\/posts"}],"about":[{"href":"https:\/\/www.laguiadepamplona.com\/actualidad\/wp-json\/wp\/v2\/types\/post"}],"author":[{"embeddable":true,"href":"https:\/\/www.laguiadepamplona.com\/actualidad\/wp-json\/wp\/v2\/users\/1"}],"replies":[{"embeddable":true,"href":"https:\/\/www.laguiadepamplona.com\/actualidad\/wp-json\/wp\/v2\/comments?post=19632"}],"version-history":[{"count":0,"href":"https:\/\/www.laguiadepamplona.com\/actualidad\/wp-json\/wp\/v2\/posts\/19632\/revisions"}],"wp:featuredmedia":[{"embeddable":true,"href":"https:\/\/www.laguiadepamplona.com\/actualidad\/wp-json\/wp\/v2\/media\/17600"}],"wp:attachment":[{"href":"https:\/\/www.laguiadepamplona.com\/actualidad\/wp-json\/wp\/v2\/media?parent=19632"}],"wp:term":[{"taxonomy":"category","embeddable":true,"href":"https:\/\/www.laguiadepamplona.com\/actualidad\/wp-json\/wp\/v2\/categories?post=19632"},{"taxonomy":"post_tag","embeddable":true,"href":"https:\/\/www.laguiadepamplona.com\/actualidad\/wp-json\/wp\/v2\/tags?post=19632"}],"curies":[{"name":"wp","href":"https:\/\/api.w.org\/{rel}","templated":true}]}}