{"id":19619,"date":"2018-11-28T12:35:23","date_gmt":"2018-11-28T10:35:23","guid":{"rendered":"https:\/\/www.laguiadepamplona.es\/actualidad\/?p=19619"},"modified":"2018-11-28T12:35:23","modified_gmt":"2018-11-28T10:35:23","slug":"tres-conferencias-este-fin-de-semana-abordaran-la-historia-de-hemingway-y-sus-filias-y-fobias-con-el-decorado-del-siglo-xx-como-fondo","status":"publish","type":"post","link":"https:\/\/www.laguiadepamplona.com\/actualidad\/tres-conferencias-este-fin-de-semana-abordaran-la-historia-de-hemingway-y-sus-filias-y-fobias-con-el-decorado-del-siglo-xx-como-fondo\/","title":{"rendered":"Tres conferencias este fin de semana abordar\u00e1n la historia de Hemingway y sus filias y fobias, con el decorado del siglo XX como fondo"},"content":{"rendered":"<h3>La Filmoteca de Navarra proyectara, adem\u00e1s, tres filmes de los a\u00f1os 40 basados en obras literarias del escritor norteamericano<\/h3>\n<p><!--more--><\/p>\n<p>Este pr\u00f3ximo fin de semana tendr\u00e1n lugar las tres conferencias previstas en el III ciclo de actividades \u2018Recuperando a Hemingway \u2013 Hemingway bidaide\u2019, unas sesiones de aproximaci\u00f3n a la relaci\u00f3n de Hemingway, Pamplona y el cine, que se complementar\u00e1n a partir del d\u00eda 4 de diciembre con la proyecci\u00f3n de tres filmes basados en obras del escritor norteamericano premiado con el Nobel y el Pulitzer. Estas actividades del Ayuntamiento de Pamplona se realizan en colaboraci\u00f3n con Planetario de Pamplona y Filmoteca de Navarra.<\/p>\n<p>Las charlas tienen entrada libre hasta completar aforo y las sesiones de cine requieren adquirir la entrada en taquilla. El precio por butaca es de 3 euros, 2 si se accede con el abono de la Filmoteca o el carn\u00e9 de la Escuela Oficial de idiomas de Pamplona (EOIP).<\/p>\n<p>Quienes acudan a la conferencia del d\u00eda 2 de diciembre en el edificio de los ascensores de la calle Descalzos podr\u00e1n ver, adem\u00e1s, los paneles de la exposici\u00f3n inicial de este ciclo (a\u00f1o 2016), una muestra en la que por primera vez se recopilaba hasta medio centenar de documentos, carteles de fiestas y fotograf\u00edas del escritor estadounidense vinculadas a su estancia en la ciudad durante la d\u00e9cada de los a\u00f1os 1920. Las instant\u00e1neas van acompa\u00f1adas de informaciones e, incluso, reflexiones del joven periodista sobre aquellos a\u00f1os.<\/p>\n<p><strong>Conferencias: Planetario de Pamplona y Descalzos, 56<\/strong><\/p>\n<p>El 1 de diciembre, s\u00e1bado, la propuesta se desarrollar\u00e1 en el Planetario. El escritor Edorta Jim\u00e9nez abordar\u00e1 dos sesiones de la charla \u2018Hemingway, bajo las estrellas\u2019. La primera ser\u00e1 en euskera a las 17.30 horas y se reproducir\u00e1 la misma sesi\u00f3n en castellano ese mismo d\u00eda, a las 19 horas. La propuesta de Jim\u00e9nez abordar\u00e1 la biograf\u00eda aventurera de Hemingway, una trayectoria muy involucrada en algunos de los sucesos m\u00e1s importantes del siglo XX. La idea es entretejer la vida, sus andanzas por su Oak Park (Ilinois) natal, sus viajes, sus proyectos, sus diversos matrimonios y sus muchas profesiones y aficiones recorriendo un itinerario tan simb\u00f3lico como real: el Camino de Santiago\/V\u00eda L\u00e1ctea.<\/p>\n<p>El ponente, Edorta Jim\u00e9nez Ormaetxea (Mundaka, 1953), a lo largo de su vida ha navegado por varios oficios: marinero, profesor, guionista de televisi\u00f3n y cine, traductor y periodista. En los \u00faltimos a\u00f1os est\u00e1 dedicado de lleno a la literatura; en relaci\u00f3n a Hemingway ha publicado dos libros: \u2018Hemingway eta euskaldunak zerbitzu sekretuetan\u2019 (2003) y \u2018Sanfermingway, otras historias de Ernest Hemingway\u2019 (2005). Desde 2016 trabaja junto con el periodista pamplon\u00e9s Javier Mu\u00f1oz en recuperar la figura cultural de Hemingway y su importancia y relaci\u00f3n con Pamplona y el resto de los \u2018Territorios Hemingway\u2019.<\/p>\n<p>Para el domingo, d\u00eda 2 de diciembre, la cita es en la segunda planta del Edificio de los Ascensores de Descalzos, a las 19 horas. En ella Esteve Riambau, director de la Filmoteca de Barcelona y uno de los expertos m\u00e1s reconocidos en Orson Welles, ofrecer\u00e1 la charla \u2018Hemingway vs Orson Welles\u2019. Ambos genios mantuvieron una relaci\u00f3n de\u2018admiraci\u00f3n-odio\u2019; como ejemplo coincidieron en el montaje de la pel\u00edcula documental \u2018The Spanish Earth\u2019. En el primer pase del filme ante Roosevelt, el presidente de EEUU, la voz de la cinta era la de Welles; cuando lleg\u00f3 a las salas de cine, esta ya hab\u00eda sido sustituida por la voz de Hemingway.<\/p>\n<p>Riambau, profesor del Departamento de Comunicaci\u00f3n Audiovisual y Publicidad de la Universidad Aut\u00f3noma de Barcelona (UAB) ha escrito cuatro libros sobre Welles y ha adaptado y dirigido obras de teatro, adem\u00e1s de ser coguionista de un documental sobre el cineasta y actor.<\/p>\n<p><strong>Y tres pel\u00edculas con guerras como tel\u00f3n de fondo<\/strong><\/p>\n<p>Por su parte, la Filmoteca de Navarra, dentro de su ciclo de proyecciones, ha programado tres pel\u00edculas durante el puente de diciembre, todas ellas basadas en obras de Ernest Hemingway y protagonizadas por grandes estrellas cinematogr\u00e1ficas de los a\u00f1os 40 del siglo pasado. El precio por butaca es de 3 euros, 2 si se accede con el abono de la Filmoteca o el carn\u00e9 de la Escuela Oficial de idiomas de Pamplona (EOIP).<\/p>\n<p>La primera sesi\u00f3n ser\u00e1, el martes 4 de diciembre a las 19.30 horas, con la pel\u00edcula \u2018Por qui\u00e9n doblan las campanas\u2019 (EEUU, 1943, 170 minutos) sobre la Guerra Civil espa\u00f1ola. Protagonizada por Gary Cooper e Ingrid Bergman, cuenta la vida de un brigadista norteamericano que debe volar un puente por orden del alto mando republicano. El filme recibi\u00f3 un Oscar y dos Globos de Oro.<\/p>\n<p>La segunda pel\u00edcula se proyectar\u00e1 al d\u00eda siguiente a las 20 horas y ser\u00e1 \u2018Tener y no tener\u2019 (EEUU, 1944, 100 minutos). De nuevo dos grandes actores, el consagrado Humphrey Bogart y una Lauren Bacall de 19 a\u00f1os, bajo la direcci\u00f3n de Howard Hawks, ponen imagen a una adaptaci\u00f3n de la obra hom\u00f3nima de Ernest Hemingway. En la guionizaci\u00f3n de esta narraci\u00f3n con trasfondo b\u00e9lico particip\u00f3 el tambi\u00e9n consagrado escritor William Faulkner. Bogart encarna a un negociante con barco en la Martinica que, en vista de que el negocio no funciona por la guerra europea, acaba aceptando una misi\u00f3n de la resistencia.<\/p>\n<p>Finalmente, el viernes 7 de diciembre, a las 20 horas, la elecci\u00f3n de la Filmoteca de Navarra es \u2018Forajidos-Los Asesinos\/The Killers\u2019 (EEUU, 1946, 103 minutos), de Robert Siodmak con gui\u00f3n, entre otros, de John Huston. Burt Lancaster y Ava Gardner protagonizaron este filme sobre el crimen organizado en EEUU en los a\u00f1os 20 que, en el a\u00f1o 2008, fue considerado \u00abcultural, hist\u00f3rica y est\u00e9ticamente significativo\u00bb por la Biblioteca del Congreso de Estados Unidos.<\/p>\n<p><strong>Recuperando a Hemingway-Hemingway bidaide \/ Pamplona, el cine y Hemingway<\/strong><\/p>\n<ul>\n<li><u><\/u> \u2018Hemingway, bajo las estrellas\u2019<\/li>\n<\/ul>\n<p><strong>S\u00e1bado, 1 de diciembre<\/strong>. Planetario de Pamplona (calle Sancho Ram\u00edrez, s\/n). Entrada libre<\/p>\n<p>&nbsp;<\/p>\n<p>Charla en euskara: 17.30 horas\/ Charla en castellano: 19.00 horas<\/p>\n<p>Ofrecida por Edorta Jimenez, coordinador del ciclo<\/p>\n<ul>\n<li><u><\/u> \u2018Hemingway vs Orson Welles\u2019<\/li>\n<\/ul>\n<p><strong>Domingo 2 de diciembre.<\/strong> Edificio Ascensor de Descalzos, (calle Descalzos, 56; 2\u00aa planta). 19 horas. Entrada libre<\/p>\n<p>&nbsp;<\/p>\n<p>Ofrecida por Esteve Riambau, director de la Filmoteca de Barcelona<\/p>\n<ul>\n<li><u>PROYECCI\u00d3N DE PEL\u00cdCULAS BASADAS EN OBRAS DE HEMINGWAY<\/u><\/li>\n<\/ul>\n<p>&nbsp;<\/p>\n<p>Filmoteca de Navarra (Paseo Antonio P\u00e9rez Goyena, 3). Precio entrada en taquilla Filmoteca: 3 euros; 2 euros si se accede con abono de la Filmoteca o carnet de la EOIP<\/p>\n<p>&nbsp;<\/p>\n<p><strong>Martes 4 de diciembre<\/strong>, 19.30 horas<\/p>\n<p>\u2018Por qui\u00e9n doblan las campanas\u2019 (EEUU, 1943, 170 minutos)<\/p>\n<p>&nbsp;<\/p>\n<p><strong>Mi\u00e9rcoles 5 de diciembre<\/strong>, 20.00 horas<\/p>\n<p>\u2018Tener y no tener\u2019 (EEUU, 1944, 100 minutos)<\/p>\n<p>&nbsp;<\/p>\n<p><strong>Viernes 7de diciembre<\/strong>, 20.00 horas<\/p>\n<p>\u2018Forajidos\/The Killers\u2019 (EEUU, 1946, 103 minutos)<\/p>\n<p>&nbsp;<\/p>\n","protected":false},"excerpt":{"rendered":"<p>La Filmoteca de Navarra proyectara, adem\u00e1s, tres filmes de los a\u00f1os 40 basados en obras literarias del escritor norteamericano<\/p>\n","protected":false},"author":1,"featured_media":15298,"comment_status":"open","ping_status":"closed","sticky":false,"template":"","format":"standard","meta":{"footnotes":""},"categories":[2],"tags":[],"class_list":["post-19619","post","type-post","status-publish","format-standard","has-post-thumbnail","hentry","category-ayuntamiento-pamplona"],"yoast_head":"<!-- This site is optimized with the Yoast SEO plugin v27.3 - https:\/\/yoast.com\/product\/yoast-seo-wordpress\/ -->\n<title>Tres conferencias este fin de semana abordar\u00e1n la historia de Hemingway y sus filias y fobias, con el decorado del siglo XX como fondo<\/title>\n<meta name=\"robots\" content=\"index, follow, max-snippet:-1, max-image-preview:large, max-video-preview:-1\" \/>\n<link rel=\"canonical\" href=\"https:\/\/www.laguiadepamplona.com\/actualidad\/tres-conferencias-este-fin-de-semana-abordaran-la-historia-de-hemingway-y-sus-filias-y-fobias-con-el-decorado-del-siglo-xx-como-fondo\/\" \/>\n<meta property=\"og:locale\" content=\"es_ES\" \/>\n<meta property=\"og:type\" content=\"article\" \/>\n<meta property=\"og:title\" content=\"Tres conferencias este fin de semana abordar\u00e1n la historia de Hemingway y sus filias y fobias, con el decorado del siglo XX como fondo\" \/>\n<meta property=\"og:description\" content=\"La Filmoteca de Navarra proyectara, adem\u00e1s, tres filmes de los a\u00f1os 40 basados en obras literarias del escritor norteamericano\" \/>\n<meta property=\"og:url\" content=\"https:\/\/www.laguiadepamplona.com\/actualidad\/tres-conferencias-este-fin-de-semana-abordaran-la-historia-de-hemingway-y-sus-filias-y-fobias-con-el-decorado-del-siglo-xx-como-fondo\/\" \/>\n<meta property=\"og:site_name\" content=\"La Gu\u00eda de Pamplona\" \/>\n<meta property=\"article:publisher\" content=\"https:\/\/www.facebook.com\/laguiadepamplonacom-133175176762273\/?ref=hl\" \/>\n<meta property=\"article:published_time\" content=\"2018-11-28T10:35:23+00:00\" \/>\n<meta property=\"og:image\" content=\"https:\/\/www.laguiadepamplona.com\/actualidad\/wp-content\/uploads\/2017\/11\/hemingway.jpg\" \/>\n\t<meta property=\"og:image:width\" content=\"1280\" \/>\n\t<meta property=\"og:image:height\" content=\"640\" \/>\n\t<meta property=\"og:image:type\" content=\"image\/jpeg\" \/>\n<meta name=\"author\" content=\"La Gu\u00eda de Pamplona\" \/>\n<meta name=\"twitter:card\" content=\"summary_large_image\" \/>\n<meta name=\"twitter:creator\" content=\"@LaGuiadPamplona\" \/>\n<meta name=\"twitter:site\" content=\"@LaGuiadPamplona\" \/>\n<meta name=\"twitter:label1\" content=\"Escrito por\" \/>\n\t<meta name=\"twitter:data1\" content=\"La Gu\u00eda de Pamplona\" \/>\n\t<meta name=\"twitter:label2\" content=\"Tiempo de lectura\" \/>\n\t<meta name=\"twitter:data2\" content=\"6 minutos\" \/>\n<script type=\"application\/ld+json\" class=\"yoast-schema-graph\">{\"@context\":\"https:\\\/\\\/schema.org\",\"@graph\":[{\"@type\":\"Article\",\"@id\":\"https:\\\/\\\/www.laguiadepamplona.com\\\/actualidad\\\/tres-conferencias-este-fin-de-semana-abordaran-la-historia-de-hemingway-y-sus-filias-y-fobias-con-el-decorado-del-siglo-xx-como-fondo\\\/#article\",\"isPartOf\":{\"@id\":\"https:\\\/\\\/www.laguiadepamplona.com\\\/actualidad\\\/tres-conferencias-este-fin-de-semana-abordaran-la-historia-de-hemingway-y-sus-filias-y-fobias-con-el-decorado-del-siglo-xx-como-fondo\\\/\"},\"author\":{\"name\":\"La Gu\u00eda de Pamplona\",\"@id\":\"https:\\\/\\\/www.laguiadepamplona.com\\\/actualidad\\\/#\\\/schema\\\/person\\\/efe887376f0213d4657c93adc50b1fdb\"},\"headline\":\"Tres conferencias este fin de semana abordar\u00e1n la historia de Hemingway y sus filias y fobias, con el decorado del siglo XX como fondo\",\"datePublished\":\"2018-11-28T10:35:23+00:00\",\"mainEntityOfPage\":{\"@id\":\"https:\\\/\\\/www.laguiadepamplona.com\\\/actualidad\\\/tres-conferencias-este-fin-de-semana-abordaran-la-historia-de-hemingway-y-sus-filias-y-fobias-con-el-decorado-del-siglo-xx-como-fondo\\\/\"},\"wordCount\":1135,\"commentCount\":0,\"publisher\":{\"@id\":\"https:\\\/\\\/www.laguiadepamplona.com\\\/actualidad\\\/#organization\"},\"image\":{\"@id\":\"https:\\\/\\\/www.laguiadepamplona.com\\\/actualidad\\\/tres-conferencias-este-fin-de-semana-abordaran-la-historia-de-hemingway-y-sus-filias-y-fobias-con-el-decorado-del-siglo-xx-como-fondo\\\/#primaryimage\"},\"thumbnailUrl\":\"https:\\\/\\\/www.laguiadepamplona.com\\\/actualidad\\\/wp-content\\\/uploads\\\/2017\\\/11\\\/hemingway.jpg\",\"articleSection\":[\"Ayto Pamplona\"],\"inLanguage\":\"es\",\"potentialAction\":[{\"@type\":\"CommentAction\",\"name\":\"Comment\",\"target\":[\"https:\\\/\\\/www.laguiadepamplona.com\\\/actualidad\\\/tres-conferencias-este-fin-de-semana-abordaran-la-historia-de-hemingway-y-sus-filias-y-fobias-con-el-decorado-del-siglo-xx-como-fondo\\\/#respond\"]}]},{\"@type\":\"WebPage\",\"@id\":\"https:\\\/\\\/www.laguiadepamplona.com\\\/actualidad\\\/tres-conferencias-este-fin-de-semana-abordaran-la-historia-de-hemingway-y-sus-filias-y-fobias-con-el-decorado-del-siglo-xx-como-fondo\\\/\",\"url\":\"https:\\\/\\\/www.laguiadepamplona.com\\\/actualidad\\\/tres-conferencias-este-fin-de-semana-abordaran-la-historia-de-hemingway-y-sus-filias-y-fobias-con-el-decorado-del-siglo-xx-como-fondo\\\/\",\"name\":\"Tres conferencias este fin de semana abordar\u00e1n la historia de Hemingway y sus filias y fobias, con el decorado del siglo XX como fondo\",\"isPartOf\":{\"@id\":\"https:\\\/\\\/www.laguiadepamplona.com\\\/actualidad\\\/#website\"},\"primaryImageOfPage\":{\"@id\":\"https:\\\/\\\/www.laguiadepamplona.com\\\/actualidad\\\/tres-conferencias-este-fin-de-semana-abordaran-la-historia-de-hemingway-y-sus-filias-y-fobias-con-el-decorado-del-siglo-xx-como-fondo\\\/#primaryimage\"},\"image\":{\"@id\":\"https:\\\/\\\/www.laguiadepamplona.com\\\/actualidad\\\/tres-conferencias-este-fin-de-semana-abordaran-la-historia-de-hemingway-y-sus-filias-y-fobias-con-el-decorado-del-siglo-xx-como-fondo\\\/#primaryimage\"},\"thumbnailUrl\":\"https:\\\/\\\/www.laguiadepamplona.com\\\/actualidad\\\/wp-content\\\/uploads\\\/2017\\\/11\\\/hemingway.jpg\",\"datePublished\":\"2018-11-28T10:35:23+00:00\",\"breadcrumb\":{\"@id\":\"https:\\\/\\\/www.laguiadepamplona.com\\\/actualidad\\\/tres-conferencias-este-fin-de-semana-abordaran-la-historia-de-hemingway-y-sus-filias-y-fobias-con-el-decorado-del-siglo-xx-como-fondo\\\/#breadcrumb\"},\"inLanguage\":\"es\",\"potentialAction\":[{\"@type\":\"ReadAction\",\"target\":[\"https:\\\/\\\/www.laguiadepamplona.com\\\/actualidad\\\/tres-conferencias-este-fin-de-semana-abordaran-la-historia-de-hemingway-y-sus-filias-y-fobias-con-el-decorado-del-siglo-xx-como-fondo\\\/\"]}]},{\"@type\":\"ImageObject\",\"inLanguage\":\"es\",\"@id\":\"https:\\\/\\\/www.laguiadepamplona.com\\\/actualidad\\\/tres-conferencias-este-fin-de-semana-abordaran-la-historia-de-hemingway-y-sus-filias-y-fobias-con-el-decorado-del-siglo-xx-como-fondo\\\/#primaryimage\",\"url\":\"https:\\\/\\\/www.laguiadepamplona.com\\\/actualidad\\\/wp-content\\\/uploads\\\/2017\\\/11\\\/hemingway.jpg\",\"contentUrl\":\"https:\\\/\\\/www.laguiadepamplona.com\\\/actualidad\\\/wp-content\\\/uploads\\\/2017\\\/11\\\/hemingway.jpg\",\"width\":1280,\"height\":640},{\"@type\":\"BreadcrumbList\",\"@id\":\"https:\\\/\\\/www.laguiadepamplona.com\\\/actualidad\\\/tres-conferencias-este-fin-de-semana-abordaran-la-historia-de-hemingway-y-sus-filias-y-fobias-con-el-decorado-del-siglo-xx-como-fondo\\\/#breadcrumb\",\"itemListElement\":[{\"@type\":\"ListItem\",\"position\":1,\"name\":\"Portada\",\"item\":\"https:\\\/\\\/www.laguiadepamplona.com\\\/actualidad\\\/\"},{\"@type\":\"ListItem\",\"position\":2,\"name\":\"Tres conferencias este fin de semana abordar\u00e1n la historia de Hemingway y sus filias y fobias, con el decorado del siglo XX como fondo\"}]},{\"@type\":\"WebSite\",\"@id\":\"https:\\\/\\\/www.laguiadepamplona.com\\\/actualidad\\\/#website\",\"url\":\"https:\\\/\\\/www.laguiadepamplona.com\\\/actualidad\\\/\",\"name\":\"La gu\u00eda de Pamplona\",\"description\":\"Noticias de Pamplona\",\"publisher\":{\"@id\":\"https:\\\/\\\/www.laguiadepamplona.com\\\/actualidad\\\/#organization\"},\"potentialAction\":[{\"@type\":\"SearchAction\",\"target\":{\"@type\":\"EntryPoint\",\"urlTemplate\":\"https:\\\/\\\/www.laguiadepamplona.com\\\/actualidad\\\/?s={search_term_string}\"},\"query-input\":{\"@type\":\"PropertyValueSpecification\",\"valueRequired\":true,\"valueName\":\"search_term_string\"}}],\"inLanguage\":\"es\"},{\"@type\":\"Organization\",\"@id\":\"https:\\\/\\\/www.laguiadepamplona.com\\\/actualidad\\\/#organization\",\"name\":\"La Gu\u00eda de Pamplona \\\/ Noticias\",\"url\":\"https:\\\/\\\/www.laguiadepamplona.com\\\/actualidad\\\/\",\"logo\":{\"@type\":\"ImageObject\",\"inLanguage\":\"es\",\"@id\":\"https:\\\/\\\/www.laguiadepamplona.com\\\/actualidad\\\/#\\\/schema\\\/logo\\\/image\\\/\",\"url\":\"https:\\\/\\\/www.laguiadepamplona.com\\\/actualidad\\\/wp-content\\\/uploads\\\/2018\\\/11\\\/logo-laguiadepamplona18-web1.png\",\"contentUrl\":\"https:\\\/\\\/www.laguiadepamplona.com\\\/actualidad\\\/wp-content\\\/uploads\\\/2018\\\/11\\\/logo-laguiadepamplona18-web1.png\",\"width\":600,\"height\":196,\"caption\":\"La Gu\u00eda de Pamplona \\\/ Noticias\"},\"image\":{\"@id\":\"https:\\\/\\\/www.laguiadepamplona.com\\\/actualidad\\\/#\\\/schema\\\/logo\\\/image\\\/\"},\"sameAs\":[\"https:\\\/\\\/www.facebook.com\\\/laguiadepamplonacom-133175176762273\\\/?ref=hl\",\"https:\\\/\\\/x.com\\\/LaGuiadPamplona\",\"https:\\\/\\\/www.instagram.com\\\/la_guia_de_pamplona\\\/\",\"https:\\\/\\\/www.youtube.com\\\/user\\\/laguiadepamplona\"]},{\"@type\":\"Person\",\"@id\":\"https:\\\/\\\/www.laguiadepamplona.com\\\/actualidad\\\/#\\\/schema\\\/person\\\/efe887376f0213d4657c93adc50b1fdb\",\"name\":\"La Gu\u00eda de Pamplona\",\"image\":{\"@type\":\"ImageObject\",\"inLanguage\":\"es\",\"@id\":\"https:\\\/\\\/secure.gravatar.com\\\/avatar\\\/b6992f131dc8d30ab0dff15446e9d346d9dbd95992de0fef795073f5ea83a81c?s=96&d=mm&r=g\",\"url\":\"https:\\\/\\\/secure.gravatar.com\\\/avatar\\\/b6992f131dc8d30ab0dff15446e9d346d9dbd95992de0fef795073f5ea83a81c?s=96&d=mm&r=g\",\"contentUrl\":\"https:\\\/\\\/secure.gravatar.com\\\/avatar\\\/b6992f131dc8d30ab0dff15446e9d346d9dbd95992de0fef795073f5ea83a81c?s=96&d=mm&r=g\",\"caption\":\"La Gu\u00eda de Pamplona\"}}]}<\/script>\n<!-- \/ Yoast SEO plugin. -->","yoast_head_json":{"title":"Tres conferencias este fin de semana abordar\u00e1n la historia de Hemingway y sus filias y fobias, con el decorado del siglo XX como fondo","robots":{"index":"index","follow":"follow","max-snippet":"max-snippet:-1","max-image-preview":"max-image-preview:large","max-video-preview":"max-video-preview:-1"},"canonical":"https:\/\/www.laguiadepamplona.com\/actualidad\/tres-conferencias-este-fin-de-semana-abordaran-la-historia-de-hemingway-y-sus-filias-y-fobias-con-el-decorado-del-siglo-xx-como-fondo\/","og_locale":"es_ES","og_type":"article","og_title":"Tres conferencias este fin de semana abordar\u00e1n la historia de Hemingway y sus filias y fobias, con el decorado del siglo XX como fondo","og_description":"La Filmoteca de Navarra proyectara, adem\u00e1s, tres filmes de los a\u00f1os 40 basados en obras literarias del escritor norteamericano","og_url":"https:\/\/www.laguiadepamplona.com\/actualidad\/tres-conferencias-este-fin-de-semana-abordaran-la-historia-de-hemingway-y-sus-filias-y-fobias-con-el-decorado-del-siglo-xx-como-fondo\/","og_site_name":"La Gu\u00eda de Pamplona","article_publisher":"https:\/\/www.facebook.com\/laguiadepamplonacom-133175176762273\/?ref=hl","article_published_time":"2018-11-28T10:35:23+00:00","og_image":[{"width":1280,"height":640,"url":"https:\/\/www.laguiadepamplona.com\/actualidad\/wp-content\/uploads\/2017\/11\/hemingway.jpg","type":"image\/jpeg"}],"author":"La Gu\u00eda de Pamplona","twitter_card":"summary_large_image","twitter_creator":"@LaGuiadPamplona","twitter_site":"@LaGuiadPamplona","twitter_misc":{"Escrito por":"La Gu\u00eda de Pamplona","Tiempo de lectura":"6 minutos"},"schema":{"@context":"https:\/\/schema.org","@graph":[{"@type":"Article","@id":"https:\/\/www.laguiadepamplona.com\/actualidad\/tres-conferencias-este-fin-de-semana-abordaran-la-historia-de-hemingway-y-sus-filias-y-fobias-con-el-decorado-del-siglo-xx-como-fondo\/#article","isPartOf":{"@id":"https:\/\/www.laguiadepamplona.com\/actualidad\/tres-conferencias-este-fin-de-semana-abordaran-la-historia-de-hemingway-y-sus-filias-y-fobias-con-el-decorado-del-siglo-xx-como-fondo\/"},"author":{"name":"La Gu\u00eda de Pamplona","@id":"https:\/\/www.laguiadepamplona.com\/actualidad\/#\/schema\/person\/efe887376f0213d4657c93adc50b1fdb"},"headline":"Tres conferencias este fin de semana abordar\u00e1n la historia de Hemingway y sus filias y fobias, con el decorado del siglo XX como fondo","datePublished":"2018-11-28T10:35:23+00:00","mainEntityOfPage":{"@id":"https:\/\/www.laguiadepamplona.com\/actualidad\/tres-conferencias-este-fin-de-semana-abordaran-la-historia-de-hemingway-y-sus-filias-y-fobias-con-el-decorado-del-siglo-xx-como-fondo\/"},"wordCount":1135,"commentCount":0,"publisher":{"@id":"https:\/\/www.laguiadepamplona.com\/actualidad\/#organization"},"image":{"@id":"https:\/\/www.laguiadepamplona.com\/actualidad\/tres-conferencias-este-fin-de-semana-abordaran-la-historia-de-hemingway-y-sus-filias-y-fobias-con-el-decorado-del-siglo-xx-como-fondo\/#primaryimage"},"thumbnailUrl":"https:\/\/www.laguiadepamplona.com\/actualidad\/wp-content\/uploads\/2017\/11\/hemingway.jpg","articleSection":["Ayto Pamplona"],"inLanguage":"es","potentialAction":[{"@type":"CommentAction","name":"Comment","target":["https:\/\/www.laguiadepamplona.com\/actualidad\/tres-conferencias-este-fin-de-semana-abordaran-la-historia-de-hemingway-y-sus-filias-y-fobias-con-el-decorado-del-siglo-xx-como-fondo\/#respond"]}]},{"@type":"WebPage","@id":"https:\/\/www.laguiadepamplona.com\/actualidad\/tres-conferencias-este-fin-de-semana-abordaran-la-historia-de-hemingway-y-sus-filias-y-fobias-con-el-decorado-del-siglo-xx-como-fondo\/","url":"https:\/\/www.laguiadepamplona.com\/actualidad\/tres-conferencias-este-fin-de-semana-abordaran-la-historia-de-hemingway-y-sus-filias-y-fobias-con-el-decorado-del-siglo-xx-como-fondo\/","name":"Tres conferencias este fin de semana abordar\u00e1n la historia de Hemingway y sus filias y fobias, con el decorado del siglo XX como fondo","isPartOf":{"@id":"https:\/\/www.laguiadepamplona.com\/actualidad\/#website"},"primaryImageOfPage":{"@id":"https:\/\/www.laguiadepamplona.com\/actualidad\/tres-conferencias-este-fin-de-semana-abordaran-la-historia-de-hemingway-y-sus-filias-y-fobias-con-el-decorado-del-siglo-xx-como-fondo\/#primaryimage"},"image":{"@id":"https:\/\/www.laguiadepamplona.com\/actualidad\/tres-conferencias-este-fin-de-semana-abordaran-la-historia-de-hemingway-y-sus-filias-y-fobias-con-el-decorado-del-siglo-xx-como-fondo\/#primaryimage"},"thumbnailUrl":"https:\/\/www.laguiadepamplona.com\/actualidad\/wp-content\/uploads\/2017\/11\/hemingway.jpg","datePublished":"2018-11-28T10:35:23+00:00","breadcrumb":{"@id":"https:\/\/www.laguiadepamplona.com\/actualidad\/tres-conferencias-este-fin-de-semana-abordaran-la-historia-de-hemingway-y-sus-filias-y-fobias-con-el-decorado-del-siglo-xx-como-fondo\/#breadcrumb"},"inLanguage":"es","potentialAction":[{"@type":"ReadAction","target":["https:\/\/www.laguiadepamplona.com\/actualidad\/tres-conferencias-este-fin-de-semana-abordaran-la-historia-de-hemingway-y-sus-filias-y-fobias-con-el-decorado-del-siglo-xx-como-fondo\/"]}]},{"@type":"ImageObject","inLanguage":"es","@id":"https:\/\/www.laguiadepamplona.com\/actualidad\/tres-conferencias-este-fin-de-semana-abordaran-la-historia-de-hemingway-y-sus-filias-y-fobias-con-el-decorado-del-siglo-xx-como-fondo\/#primaryimage","url":"https:\/\/www.laguiadepamplona.com\/actualidad\/wp-content\/uploads\/2017\/11\/hemingway.jpg","contentUrl":"https:\/\/www.laguiadepamplona.com\/actualidad\/wp-content\/uploads\/2017\/11\/hemingway.jpg","width":1280,"height":640},{"@type":"BreadcrumbList","@id":"https:\/\/www.laguiadepamplona.com\/actualidad\/tres-conferencias-este-fin-de-semana-abordaran-la-historia-de-hemingway-y-sus-filias-y-fobias-con-el-decorado-del-siglo-xx-como-fondo\/#breadcrumb","itemListElement":[{"@type":"ListItem","position":1,"name":"Portada","item":"https:\/\/www.laguiadepamplona.com\/actualidad\/"},{"@type":"ListItem","position":2,"name":"Tres conferencias este fin de semana abordar\u00e1n la historia de Hemingway y sus filias y fobias, con el decorado del siglo XX como fondo"}]},{"@type":"WebSite","@id":"https:\/\/www.laguiadepamplona.com\/actualidad\/#website","url":"https:\/\/www.laguiadepamplona.com\/actualidad\/","name":"La gu\u00eda de Pamplona","description":"Noticias de Pamplona","publisher":{"@id":"https:\/\/www.laguiadepamplona.com\/actualidad\/#organization"},"potentialAction":[{"@type":"SearchAction","target":{"@type":"EntryPoint","urlTemplate":"https:\/\/www.laguiadepamplona.com\/actualidad\/?s={search_term_string}"},"query-input":{"@type":"PropertyValueSpecification","valueRequired":true,"valueName":"search_term_string"}}],"inLanguage":"es"},{"@type":"Organization","@id":"https:\/\/www.laguiadepamplona.com\/actualidad\/#organization","name":"La Gu\u00eda de Pamplona \/ Noticias","url":"https:\/\/www.laguiadepamplona.com\/actualidad\/","logo":{"@type":"ImageObject","inLanguage":"es","@id":"https:\/\/www.laguiadepamplona.com\/actualidad\/#\/schema\/logo\/image\/","url":"https:\/\/www.laguiadepamplona.com\/actualidad\/wp-content\/uploads\/2018\/11\/logo-laguiadepamplona18-web1.png","contentUrl":"https:\/\/www.laguiadepamplona.com\/actualidad\/wp-content\/uploads\/2018\/11\/logo-laguiadepamplona18-web1.png","width":600,"height":196,"caption":"La Gu\u00eda de Pamplona \/ Noticias"},"image":{"@id":"https:\/\/www.laguiadepamplona.com\/actualidad\/#\/schema\/logo\/image\/"},"sameAs":["https:\/\/www.facebook.com\/laguiadepamplonacom-133175176762273\/?ref=hl","https:\/\/x.com\/LaGuiadPamplona","https:\/\/www.instagram.com\/la_guia_de_pamplona\/","https:\/\/www.youtube.com\/user\/laguiadepamplona"]},{"@type":"Person","@id":"https:\/\/www.laguiadepamplona.com\/actualidad\/#\/schema\/person\/efe887376f0213d4657c93adc50b1fdb","name":"La Gu\u00eda de Pamplona","image":{"@type":"ImageObject","inLanguage":"es","@id":"https:\/\/secure.gravatar.com\/avatar\/b6992f131dc8d30ab0dff15446e9d346d9dbd95992de0fef795073f5ea83a81c?s=96&d=mm&r=g","url":"https:\/\/secure.gravatar.com\/avatar\/b6992f131dc8d30ab0dff15446e9d346d9dbd95992de0fef795073f5ea83a81c?s=96&d=mm&r=g","contentUrl":"https:\/\/secure.gravatar.com\/avatar\/b6992f131dc8d30ab0dff15446e9d346d9dbd95992de0fef795073f5ea83a81c?s=96&d=mm&r=g","caption":"La Gu\u00eda de Pamplona"}}]}},"post_mailing_queue_ids":[],"_links":{"self":[{"href":"https:\/\/www.laguiadepamplona.com\/actualidad\/wp-json\/wp\/v2\/posts\/19619","targetHints":{"allow":["GET"]}}],"collection":[{"href":"https:\/\/www.laguiadepamplona.com\/actualidad\/wp-json\/wp\/v2\/posts"}],"about":[{"href":"https:\/\/www.laguiadepamplona.com\/actualidad\/wp-json\/wp\/v2\/types\/post"}],"author":[{"embeddable":true,"href":"https:\/\/www.laguiadepamplona.com\/actualidad\/wp-json\/wp\/v2\/users\/1"}],"replies":[{"embeddable":true,"href":"https:\/\/www.laguiadepamplona.com\/actualidad\/wp-json\/wp\/v2\/comments?post=19619"}],"version-history":[{"count":0,"href":"https:\/\/www.laguiadepamplona.com\/actualidad\/wp-json\/wp\/v2\/posts\/19619\/revisions"}],"wp:featuredmedia":[{"embeddable":true,"href":"https:\/\/www.laguiadepamplona.com\/actualidad\/wp-json\/wp\/v2\/media\/15298"}],"wp:attachment":[{"href":"https:\/\/www.laguiadepamplona.com\/actualidad\/wp-json\/wp\/v2\/media?parent=19619"}],"wp:term":[{"taxonomy":"category","embeddable":true,"href":"https:\/\/www.laguiadepamplona.com\/actualidad\/wp-json\/wp\/v2\/categories?post=19619"},{"taxonomy":"post_tag","embeddable":true,"href":"https:\/\/www.laguiadepamplona.com\/actualidad\/wp-json\/wp\/v2\/tags?post=19619"}],"curies":[{"name":"wp","href":"https:\/\/api.w.org\/{rel}","templated":true}]}}