{"id":19617,"date":"2018-11-28T12:33:12","date_gmt":"2018-11-28T10:33:12","guid":{"rendered":"https:\/\/www.laguiadepamplona.es\/actualidad\/?p=19617"},"modified":"2018-11-28T12:33:12","modified_gmt":"2018-11-28T10:33:12","slug":"pamplona-continuara-en-la-segunda-fase-del-proyecto-europeo-making-spend-matter-para-adaptar-buenas-practicas-en-analisis-de-gastos-y-contratacion-publica","status":"publish","type":"post","link":"https:\/\/www.laguiadepamplona.com\/actualidad\/pamplona-continuara-en-la-segunda-fase-del-proyecto-europeo-making-spend-matter-para-adaptar-buenas-practicas-en-analisis-de-gastos-y-contratacion-publica\/","title":{"rendered":"Pamplona continuar\u00e1 en la segunda fase del proyecto europeo Making Spend Matter para adaptar buenas pr\u00e1cticas en an\u00e1lisis de gastos y contrataci\u00f3n p\u00fablica"},"content":{"rendered":"<h3>La segunda fase se desarrollar\u00e1 hasta 2020, con un gasto de 72.885 euros, financiados en un 70% a trav\u00e9s del programa europeo URBACT<\/h3>\n<p><!--more--><\/p>\n<p>La Junta de Gobierno Local ha aprobado la participaci\u00f3n del Ayuntamiento de Pamplona en la segunda fase del proyecto europeo Making Spend Matter (MSM) enmarcado en el programa de cooperaci\u00f3n territorial URBACT. Este proyecto lo lidera la ciudad de Preston (Reino Unido) y ha contado como socios en la primera fase con Pamplona y la localidad portuguesa de Vila Nova de Famalicao. El presupuesto para esta segunda fase, que se desarrollar\u00e1 en los a\u00f1os 2019 y 2020, es de 72.885 euros, cofinanciados\u00a0 en un 70% por el propio programa URBACT a trav\u00e9s de fondos FEDER.<\/p>\n<p>El objetivo general de ese proyecto es usar el an\u00e1lisis de gastos como una herramienta de evaluaci\u00f3n para mejorar el impacto de las contrataciones p\u00fablicas con el fin de aportar a la ciudadan\u00eda beneficios econ\u00f3micos, sociales o ambientales adicionales. Esta acci\u00f3n se realiza mediante la transferencia de las \u2018buenas pr\u00e1cticas\u2019 desarrolladas por Preston al resto de socios de la red. De forma espec\u00edfica, se busca tambi\u00e9n explorar y desarrollar formas innovadores de utilizar el an\u00e1lisis de gastos y la contrataci\u00f3n p\u00fablica para hacer crecer la econom\u00eda local o animar a las empresas locales a licitar activamente para que se suministren bienes y servicios a las instituciones p\u00fablicas, lo que a su vez crear\u00e1 oportunidades de empleo y capacitaci\u00f3n para la ciudadan\u00eda local. En la segunda fase el proyecto se ampliar\u00e1 a otras cuatro ciudades, Kavala (Grecia), Bistrita (Ruman\u00eda), Koszalin (Polonia) y Schaerbeek (B\u00e9lgica).<\/p>\n<p>Durante la primera fase se ha elaborado un Estudio de Transferibilidad, que explica con detalle la metodolog\u00eda a emplear en la segunda fase para replicar la buena pr\u00e1ctica de Preston en Pamplona y en el resto de ciudades del proyecto. Ahora, Pamplona deber\u00e1 realizar, entre otras, las siguientes tareas: gesti\u00f3n del proyecto a nivel local (gesti\u00f3n financiera y administrativa); cooperaci\u00f3n en la gesti\u00f3n del proyecto a nivel europeo y participaci\u00f3n en las reuniones de gesti\u00f3n; participaci\u00f3n en las sesiones de capacitaci\u00f3n para conocer a fondo las metodolog\u00edas a emplear; realizaci\u00f3n de una an\u00e1lisis de gasto del presupuesto municipal; compartir los resultados de ese an\u00e1lisis o promover la aplicaci\u00f3n del an\u00e1lisis de gasto en otras instituciones.<\/p>\n<p>&nbsp;<\/p>\n<p>El Ayuntamiento de Pamplona ha sido pionero en la introducci\u00f3n de cl\u00e1usulas ambientales y sociales en los procedimientos de contrataci\u00f3n, a trav\u00e9s del programa Trebatu. Actualmente, se se est\u00e1 trabajando en la elaboraci\u00f3n de una Estrategia de Compra P\u00fablica Responsable, por lo que se considera de inter\u00e9s para el Ayuntamiento la participaci\u00f3n en este proyecto de cooperaci\u00f3n territorial europea Making Spend Matter.<\/p>\n","protected":false},"excerpt":{"rendered":"<p>La segunda fase se desarrollar\u00e1 hasta 2020, con un gasto de 72.885 euros, financiados en un 70% a trav\u00e9s del programa europeo URBACT<\/p>\n","protected":false},"author":1,"featured_media":17600,"comment_status":"open","ping_status":"closed","sticky":false,"template":"","format":"standard","meta":{"footnotes":""},"categories":[2],"tags":[],"class_list":["post-19617","post","type-post","status-publish","format-standard","has-post-thumbnail","hentry","category-ayuntamiento-pamplona"],"yoast_head":"<!-- This site is optimized with the Yoast SEO plugin v27.3 - https:\/\/yoast.com\/product\/yoast-seo-wordpress\/ -->\n<title>Pamplona continuar\u00e1 en la segunda fase del proyecto europeo Making Spend Matter para adaptar buenas pr\u00e1cticas en an\u00e1lisis de gastos y contrataci\u00f3n p\u00fablica<\/title>\n<meta name=\"robots\" content=\"index, follow, max-snippet:-1, max-image-preview:large, max-video-preview:-1\" \/>\n<link rel=\"canonical\" href=\"https:\/\/www.laguiadepamplona.com\/actualidad\/pamplona-continuara-en-la-segunda-fase-del-proyecto-europeo-making-spend-matter-para-adaptar-buenas-practicas-en-analisis-de-gastos-y-contratacion-publica\/\" \/>\n<meta property=\"og:locale\" content=\"es_ES\" \/>\n<meta property=\"og:type\" content=\"article\" \/>\n<meta property=\"og:title\" content=\"Pamplona continuar\u00e1 en la segunda fase del proyecto europeo Making Spend Matter para adaptar buenas pr\u00e1cticas en an\u00e1lisis de gastos y contrataci\u00f3n p\u00fablica\" \/>\n<meta property=\"og:description\" content=\"La segunda fase se desarrollar\u00e1 hasta 2020, con un gasto de 72.885 euros, financiados en un 70% a trav\u00e9s del programa europeo URBACT\" \/>\n<meta property=\"og:url\" content=\"https:\/\/www.laguiadepamplona.com\/actualidad\/pamplona-continuara-en-la-segunda-fase-del-proyecto-europeo-making-spend-matter-para-adaptar-buenas-practicas-en-analisis-de-gastos-y-contratacion-publica\/\" \/>\n<meta property=\"og:site_name\" content=\"La Gu\u00eda de Pamplona\" \/>\n<meta property=\"article:publisher\" content=\"https:\/\/www.facebook.com\/laguiadepamplonacom-133175176762273\/?ref=hl\" \/>\n<meta property=\"article:published_time\" content=\"2018-11-28T10:33:12+00:00\" \/>\n<meta property=\"og:image\" content=\"https:\/\/www.laguiadepamplona.com\/actualidad\/wp-content\/uploads\/2018\/05\/ayto-pamplona-3.jpg\" \/>\n\t<meta property=\"og:image:width\" content=\"1000\" \/>\n\t<meta property=\"og:image:height\" content=\"555\" \/>\n\t<meta property=\"og:image:type\" content=\"image\/jpeg\" \/>\n<meta name=\"author\" content=\"La Gu\u00eda de Pamplona\" \/>\n<meta name=\"twitter:card\" content=\"summary_large_image\" \/>\n<meta name=\"twitter:creator\" content=\"@LaGuiadPamplona\" \/>\n<meta name=\"twitter:site\" content=\"@LaGuiadPamplona\" \/>\n<meta name=\"twitter:label1\" content=\"Escrito por\" \/>\n\t<meta name=\"twitter:data1\" content=\"La Gu\u00eda de Pamplona\" \/>\n\t<meta name=\"twitter:label2\" content=\"Tiempo de lectura\" \/>\n\t<meta name=\"twitter:data2\" content=\"2 minutos\" \/>\n<script type=\"application\/ld+json\" class=\"yoast-schema-graph\">{\"@context\":\"https:\\\/\\\/schema.org\",\"@graph\":[{\"@type\":\"Article\",\"@id\":\"https:\\\/\\\/www.laguiadepamplona.com\\\/actualidad\\\/pamplona-continuara-en-la-segunda-fase-del-proyecto-europeo-making-spend-matter-para-adaptar-buenas-practicas-en-analisis-de-gastos-y-contratacion-publica\\\/#article\",\"isPartOf\":{\"@id\":\"https:\\\/\\\/www.laguiadepamplona.com\\\/actualidad\\\/pamplona-continuara-en-la-segunda-fase-del-proyecto-europeo-making-spend-matter-para-adaptar-buenas-practicas-en-analisis-de-gastos-y-contratacion-publica\\\/\"},\"author\":{\"name\":\"La Gu\u00eda de Pamplona\",\"@id\":\"https:\\\/\\\/www.laguiadepamplona.com\\\/actualidad\\\/#\\\/schema\\\/person\\\/efe887376f0213d4657c93adc50b1fdb\"},\"headline\":\"Pamplona continuar\u00e1 en la segunda fase del proyecto europeo Making Spend Matter para adaptar buenas pr\u00e1cticas en an\u00e1lisis de gastos y contrataci\u00f3n p\u00fablica\",\"datePublished\":\"2018-11-28T10:33:12+00:00\",\"mainEntityOfPage\":{\"@id\":\"https:\\\/\\\/www.laguiadepamplona.com\\\/actualidad\\\/pamplona-continuara-en-la-segunda-fase-del-proyecto-europeo-making-spend-matter-para-adaptar-buenas-practicas-en-analisis-de-gastos-y-contratacion-publica\\\/\"},\"wordCount\":507,\"commentCount\":0,\"publisher\":{\"@id\":\"https:\\\/\\\/www.laguiadepamplona.com\\\/actualidad\\\/#organization\"},\"image\":{\"@id\":\"https:\\\/\\\/www.laguiadepamplona.com\\\/actualidad\\\/pamplona-continuara-en-la-segunda-fase-del-proyecto-europeo-making-spend-matter-para-adaptar-buenas-practicas-en-analisis-de-gastos-y-contratacion-publica\\\/#primaryimage\"},\"thumbnailUrl\":\"https:\\\/\\\/www.laguiadepamplona.com\\\/actualidad\\\/wp-content\\\/uploads\\\/2018\\\/05\\\/ayto-pamplona-3.jpg\",\"articleSection\":[\"Ayto Pamplona\"],\"inLanguage\":\"es\",\"potentialAction\":[{\"@type\":\"CommentAction\",\"name\":\"Comment\",\"target\":[\"https:\\\/\\\/www.laguiadepamplona.com\\\/actualidad\\\/pamplona-continuara-en-la-segunda-fase-del-proyecto-europeo-making-spend-matter-para-adaptar-buenas-practicas-en-analisis-de-gastos-y-contratacion-publica\\\/#respond\"]}]},{\"@type\":\"WebPage\",\"@id\":\"https:\\\/\\\/www.laguiadepamplona.com\\\/actualidad\\\/pamplona-continuara-en-la-segunda-fase-del-proyecto-europeo-making-spend-matter-para-adaptar-buenas-practicas-en-analisis-de-gastos-y-contratacion-publica\\\/\",\"url\":\"https:\\\/\\\/www.laguiadepamplona.com\\\/actualidad\\\/pamplona-continuara-en-la-segunda-fase-del-proyecto-europeo-making-spend-matter-para-adaptar-buenas-practicas-en-analisis-de-gastos-y-contratacion-publica\\\/\",\"name\":\"Pamplona continuar\u00e1 en la segunda fase del proyecto europeo Making Spend Matter para adaptar buenas pr\u00e1cticas en an\u00e1lisis de gastos y contrataci\u00f3n p\u00fablica\",\"isPartOf\":{\"@id\":\"https:\\\/\\\/www.laguiadepamplona.com\\\/actualidad\\\/#website\"},\"primaryImageOfPage\":{\"@id\":\"https:\\\/\\\/www.laguiadepamplona.com\\\/actualidad\\\/pamplona-continuara-en-la-segunda-fase-del-proyecto-europeo-making-spend-matter-para-adaptar-buenas-practicas-en-analisis-de-gastos-y-contratacion-publica\\\/#primaryimage\"},\"image\":{\"@id\":\"https:\\\/\\\/www.laguiadepamplona.com\\\/actualidad\\\/pamplona-continuara-en-la-segunda-fase-del-proyecto-europeo-making-spend-matter-para-adaptar-buenas-practicas-en-analisis-de-gastos-y-contratacion-publica\\\/#primaryimage\"},\"thumbnailUrl\":\"https:\\\/\\\/www.laguiadepamplona.com\\\/actualidad\\\/wp-content\\\/uploads\\\/2018\\\/05\\\/ayto-pamplona-3.jpg\",\"datePublished\":\"2018-11-28T10:33:12+00:00\",\"breadcrumb\":{\"@id\":\"https:\\\/\\\/www.laguiadepamplona.com\\\/actualidad\\\/pamplona-continuara-en-la-segunda-fase-del-proyecto-europeo-making-spend-matter-para-adaptar-buenas-practicas-en-analisis-de-gastos-y-contratacion-publica\\\/#breadcrumb\"},\"inLanguage\":\"es\",\"potentialAction\":[{\"@type\":\"ReadAction\",\"target\":[\"https:\\\/\\\/www.laguiadepamplona.com\\\/actualidad\\\/pamplona-continuara-en-la-segunda-fase-del-proyecto-europeo-making-spend-matter-para-adaptar-buenas-practicas-en-analisis-de-gastos-y-contratacion-publica\\\/\"]}]},{\"@type\":\"ImageObject\",\"inLanguage\":\"es\",\"@id\":\"https:\\\/\\\/www.laguiadepamplona.com\\\/actualidad\\\/pamplona-continuara-en-la-segunda-fase-del-proyecto-europeo-making-spend-matter-para-adaptar-buenas-practicas-en-analisis-de-gastos-y-contratacion-publica\\\/#primaryimage\",\"url\":\"https:\\\/\\\/www.laguiadepamplona.com\\\/actualidad\\\/wp-content\\\/uploads\\\/2018\\\/05\\\/ayto-pamplona-3.jpg\",\"contentUrl\":\"https:\\\/\\\/www.laguiadepamplona.com\\\/actualidad\\\/wp-content\\\/uploads\\\/2018\\\/05\\\/ayto-pamplona-3.jpg\",\"width\":1000,\"height\":555},{\"@type\":\"BreadcrumbList\",\"@id\":\"https:\\\/\\\/www.laguiadepamplona.com\\\/actualidad\\\/pamplona-continuara-en-la-segunda-fase-del-proyecto-europeo-making-spend-matter-para-adaptar-buenas-practicas-en-analisis-de-gastos-y-contratacion-publica\\\/#breadcrumb\",\"itemListElement\":[{\"@type\":\"ListItem\",\"position\":1,\"name\":\"Portada\",\"item\":\"https:\\\/\\\/www.laguiadepamplona.com\\\/actualidad\\\/\"},{\"@type\":\"ListItem\",\"position\":2,\"name\":\"Pamplona continuar\u00e1 en la segunda fase del proyecto europeo Making Spend Matter para adaptar buenas pr\u00e1cticas en an\u00e1lisis de gastos y contrataci\u00f3n p\u00fablica\"}]},{\"@type\":\"WebSite\",\"@id\":\"https:\\\/\\\/www.laguiadepamplona.com\\\/actualidad\\\/#website\",\"url\":\"https:\\\/\\\/www.laguiadepamplona.com\\\/actualidad\\\/\",\"name\":\"La gu\u00eda de Pamplona\",\"description\":\"Noticias de Pamplona\",\"publisher\":{\"@id\":\"https:\\\/\\\/www.laguiadepamplona.com\\\/actualidad\\\/#organization\"},\"potentialAction\":[{\"@type\":\"SearchAction\",\"target\":{\"@type\":\"EntryPoint\",\"urlTemplate\":\"https:\\\/\\\/www.laguiadepamplona.com\\\/actualidad\\\/?s={search_term_string}\"},\"query-input\":{\"@type\":\"PropertyValueSpecification\",\"valueRequired\":true,\"valueName\":\"search_term_string\"}}],\"inLanguage\":\"es\"},{\"@type\":\"Organization\",\"@id\":\"https:\\\/\\\/www.laguiadepamplona.com\\\/actualidad\\\/#organization\",\"name\":\"La Gu\u00eda de Pamplona \\\/ Noticias\",\"url\":\"https:\\\/\\\/www.laguiadepamplona.com\\\/actualidad\\\/\",\"logo\":{\"@type\":\"ImageObject\",\"inLanguage\":\"es\",\"@id\":\"https:\\\/\\\/www.laguiadepamplona.com\\\/actualidad\\\/#\\\/schema\\\/logo\\\/image\\\/\",\"url\":\"https:\\\/\\\/www.laguiadepamplona.com\\\/actualidad\\\/wp-content\\\/uploads\\\/2018\\\/11\\\/logo-laguiadepamplona18-web1.png\",\"contentUrl\":\"https:\\\/\\\/www.laguiadepamplona.com\\\/actualidad\\\/wp-content\\\/uploads\\\/2018\\\/11\\\/logo-laguiadepamplona18-web1.png\",\"width\":600,\"height\":196,\"caption\":\"La Gu\u00eda de Pamplona \\\/ Noticias\"},\"image\":{\"@id\":\"https:\\\/\\\/www.laguiadepamplona.com\\\/actualidad\\\/#\\\/schema\\\/logo\\\/image\\\/\"},\"sameAs\":[\"https:\\\/\\\/www.facebook.com\\\/laguiadepamplonacom-133175176762273\\\/?ref=hl\",\"https:\\\/\\\/x.com\\\/LaGuiadPamplona\",\"https:\\\/\\\/www.instagram.com\\\/la_guia_de_pamplona\\\/\",\"https:\\\/\\\/www.youtube.com\\\/user\\\/laguiadepamplona\"]},{\"@type\":\"Person\",\"@id\":\"https:\\\/\\\/www.laguiadepamplona.com\\\/actualidad\\\/#\\\/schema\\\/person\\\/efe887376f0213d4657c93adc50b1fdb\",\"name\":\"La Gu\u00eda de Pamplona\",\"image\":{\"@type\":\"ImageObject\",\"inLanguage\":\"es\",\"@id\":\"https:\\\/\\\/secure.gravatar.com\\\/avatar\\\/b6992f131dc8d30ab0dff15446e9d346d9dbd95992de0fef795073f5ea83a81c?s=96&d=mm&r=g\",\"url\":\"https:\\\/\\\/secure.gravatar.com\\\/avatar\\\/b6992f131dc8d30ab0dff15446e9d346d9dbd95992de0fef795073f5ea83a81c?s=96&d=mm&r=g\",\"contentUrl\":\"https:\\\/\\\/secure.gravatar.com\\\/avatar\\\/b6992f131dc8d30ab0dff15446e9d346d9dbd95992de0fef795073f5ea83a81c?s=96&d=mm&r=g\",\"caption\":\"La Gu\u00eda de Pamplona\"}}]}<\/script>\n<!-- \/ Yoast SEO plugin. -->","yoast_head_json":{"title":"Pamplona continuar\u00e1 en la segunda fase del proyecto europeo Making Spend Matter para adaptar buenas pr\u00e1cticas en an\u00e1lisis de gastos y contrataci\u00f3n p\u00fablica","robots":{"index":"index","follow":"follow","max-snippet":"max-snippet:-1","max-image-preview":"max-image-preview:large","max-video-preview":"max-video-preview:-1"},"canonical":"https:\/\/www.laguiadepamplona.com\/actualidad\/pamplona-continuara-en-la-segunda-fase-del-proyecto-europeo-making-spend-matter-para-adaptar-buenas-practicas-en-analisis-de-gastos-y-contratacion-publica\/","og_locale":"es_ES","og_type":"article","og_title":"Pamplona continuar\u00e1 en la segunda fase del proyecto europeo Making Spend Matter para adaptar buenas pr\u00e1cticas en an\u00e1lisis de gastos y contrataci\u00f3n p\u00fablica","og_description":"La segunda fase se desarrollar\u00e1 hasta 2020, con un gasto de 72.885 euros, financiados en un 70% a trav\u00e9s del programa europeo URBACT","og_url":"https:\/\/www.laguiadepamplona.com\/actualidad\/pamplona-continuara-en-la-segunda-fase-del-proyecto-europeo-making-spend-matter-para-adaptar-buenas-practicas-en-analisis-de-gastos-y-contratacion-publica\/","og_site_name":"La Gu\u00eda de Pamplona","article_publisher":"https:\/\/www.facebook.com\/laguiadepamplonacom-133175176762273\/?ref=hl","article_published_time":"2018-11-28T10:33:12+00:00","og_image":[{"width":1000,"height":555,"url":"https:\/\/www.laguiadepamplona.com\/actualidad\/wp-content\/uploads\/2018\/05\/ayto-pamplona-3.jpg","type":"image\/jpeg"}],"author":"La Gu\u00eda de Pamplona","twitter_card":"summary_large_image","twitter_creator":"@LaGuiadPamplona","twitter_site":"@LaGuiadPamplona","twitter_misc":{"Escrito por":"La Gu\u00eda de Pamplona","Tiempo de lectura":"2 minutos"},"schema":{"@context":"https:\/\/schema.org","@graph":[{"@type":"Article","@id":"https:\/\/www.laguiadepamplona.com\/actualidad\/pamplona-continuara-en-la-segunda-fase-del-proyecto-europeo-making-spend-matter-para-adaptar-buenas-practicas-en-analisis-de-gastos-y-contratacion-publica\/#article","isPartOf":{"@id":"https:\/\/www.laguiadepamplona.com\/actualidad\/pamplona-continuara-en-la-segunda-fase-del-proyecto-europeo-making-spend-matter-para-adaptar-buenas-practicas-en-analisis-de-gastos-y-contratacion-publica\/"},"author":{"name":"La Gu\u00eda de Pamplona","@id":"https:\/\/www.laguiadepamplona.com\/actualidad\/#\/schema\/person\/efe887376f0213d4657c93adc50b1fdb"},"headline":"Pamplona continuar\u00e1 en la segunda fase del proyecto europeo Making Spend Matter para adaptar buenas pr\u00e1cticas en an\u00e1lisis de gastos y contrataci\u00f3n p\u00fablica","datePublished":"2018-11-28T10:33:12+00:00","mainEntityOfPage":{"@id":"https:\/\/www.laguiadepamplona.com\/actualidad\/pamplona-continuara-en-la-segunda-fase-del-proyecto-europeo-making-spend-matter-para-adaptar-buenas-practicas-en-analisis-de-gastos-y-contratacion-publica\/"},"wordCount":507,"commentCount":0,"publisher":{"@id":"https:\/\/www.laguiadepamplona.com\/actualidad\/#organization"},"image":{"@id":"https:\/\/www.laguiadepamplona.com\/actualidad\/pamplona-continuara-en-la-segunda-fase-del-proyecto-europeo-making-spend-matter-para-adaptar-buenas-practicas-en-analisis-de-gastos-y-contratacion-publica\/#primaryimage"},"thumbnailUrl":"https:\/\/www.laguiadepamplona.com\/actualidad\/wp-content\/uploads\/2018\/05\/ayto-pamplona-3.jpg","articleSection":["Ayto Pamplona"],"inLanguage":"es","potentialAction":[{"@type":"CommentAction","name":"Comment","target":["https:\/\/www.laguiadepamplona.com\/actualidad\/pamplona-continuara-en-la-segunda-fase-del-proyecto-europeo-making-spend-matter-para-adaptar-buenas-practicas-en-analisis-de-gastos-y-contratacion-publica\/#respond"]}]},{"@type":"WebPage","@id":"https:\/\/www.laguiadepamplona.com\/actualidad\/pamplona-continuara-en-la-segunda-fase-del-proyecto-europeo-making-spend-matter-para-adaptar-buenas-practicas-en-analisis-de-gastos-y-contratacion-publica\/","url":"https:\/\/www.laguiadepamplona.com\/actualidad\/pamplona-continuara-en-la-segunda-fase-del-proyecto-europeo-making-spend-matter-para-adaptar-buenas-practicas-en-analisis-de-gastos-y-contratacion-publica\/","name":"Pamplona continuar\u00e1 en la segunda fase del proyecto europeo Making Spend Matter para adaptar buenas pr\u00e1cticas en an\u00e1lisis de gastos y contrataci\u00f3n p\u00fablica","isPartOf":{"@id":"https:\/\/www.laguiadepamplona.com\/actualidad\/#website"},"primaryImageOfPage":{"@id":"https:\/\/www.laguiadepamplona.com\/actualidad\/pamplona-continuara-en-la-segunda-fase-del-proyecto-europeo-making-spend-matter-para-adaptar-buenas-practicas-en-analisis-de-gastos-y-contratacion-publica\/#primaryimage"},"image":{"@id":"https:\/\/www.laguiadepamplona.com\/actualidad\/pamplona-continuara-en-la-segunda-fase-del-proyecto-europeo-making-spend-matter-para-adaptar-buenas-practicas-en-analisis-de-gastos-y-contratacion-publica\/#primaryimage"},"thumbnailUrl":"https:\/\/www.laguiadepamplona.com\/actualidad\/wp-content\/uploads\/2018\/05\/ayto-pamplona-3.jpg","datePublished":"2018-11-28T10:33:12+00:00","breadcrumb":{"@id":"https:\/\/www.laguiadepamplona.com\/actualidad\/pamplona-continuara-en-la-segunda-fase-del-proyecto-europeo-making-spend-matter-para-adaptar-buenas-practicas-en-analisis-de-gastos-y-contratacion-publica\/#breadcrumb"},"inLanguage":"es","potentialAction":[{"@type":"ReadAction","target":["https:\/\/www.laguiadepamplona.com\/actualidad\/pamplona-continuara-en-la-segunda-fase-del-proyecto-europeo-making-spend-matter-para-adaptar-buenas-practicas-en-analisis-de-gastos-y-contratacion-publica\/"]}]},{"@type":"ImageObject","inLanguage":"es","@id":"https:\/\/www.laguiadepamplona.com\/actualidad\/pamplona-continuara-en-la-segunda-fase-del-proyecto-europeo-making-spend-matter-para-adaptar-buenas-practicas-en-analisis-de-gastos-y-contratacion-publica\/#primaryimage","url":"https:\/\/www.laguiadepamplona.com\/actualidad\/wp-content\/uploads\/2018\/05\/ayto-pamplona-3.jpg","contentUrl":"https:\/\/www.laguiadepamplona.com\/actualidad\/wp-content\/uploads\/2018\/05\/ayto-pamplona-3.jpg","width":1000,"height":555},{"@type":"BreadcrumbList","@id":"https:\/\/www.laguiadepamplona.com\/actualidad\/pamplona-continuara-en-la-segunda-fase-del-proyecto-europeo-making-spend-matter-para-adaptar-buenas-practicas-en-analisis-de-gastos-y-contratacion-publica\/#breadcrumb","itemListElement":[{"@type":"ListItem","position":1,"name":"Portada","item":"https:\/\/www.laguiadepamplona.com\/actualidad\/"},{"@type":"ListItem","position":2,"name":"Pamplona continuar\u00e1 en la segunda fase del proyecto europeo Making Spend Matter para adaptar buenas pr\u00e1cticas en an\u00e1lisis de gastos y contrataci\u00f3n p\u00fablica"}]},{"@type":"WebSite","@id":"https:\/\/www.laguiadepamplona.com\/actualidad\/#website","url":"https:\/\/www.laguiadepamplona.com\/actualidad\/","name":"La gu\u00eda de Pamplona","description":"Noticias de Pamplona","publisher":{"@id":"https:\/\/www.laguiadepamplona.com\/actualidad\/#organization"},"potentialAction":[{"@type":"SearchAction","target":{"@type":"EntryPoint","urlTemplate":"https:\/\/www.laguiadepamplona.com\/actualidad\/?s={search_term_string}"},"query-input":{"@type":"PropertyValueSpecification","valueRequired":true,"valueName":"search_term_string"}}],"inLanguage":"es"},{"@type":"Organization","@id":"https:\/\/www.laguiadepamplona.com\/actualidad\/#organization","name":"La Gu\u00eda de Pamplona \/ Noticias","url":"https:\/\/www.laguiadepamplona.com\/actualidad\/","logo":{"@type":"ImageObject","inLanguage":"es","@id":"https:\/\/www.laguiadepamplona.com\/actualidad\/#\/schema\/logo\/image\/","url":"https:\/\/www.laguiadepamplona.com\/actualidad\/wp-content\/uploads\/2018\/11\/logo-laguiadepamplona18-web1.png","contentUrl":"https:\/\/www.laguiadepamplona.com\/actualidad\/wp-content\/uploads\/2018\/11\/logo-laguiadepamplona18-web1.png","width":600,"height":196,"caption":"La Gu\u00eda de Pamplona \/ Noticias"},"image":{"@id":"https:\/\/www.laguiadepamplona.com\/actualidad\/#\/schema\/logo\/image\/"},"sameAs":["https:\/\/www.facebook.com\/laguiadepamplonacom-133175176762273\/?ref=hl","https:\/\/x.com\/LaGuiadPamplona","https:\/\/www.instagram.com\/la_guia_de_pamplona\/","https:\/\/www.youtube.com\/user\/laguiadepamplona"]},{"@type":"Person","@id":"https:\/\/www.laguiadepamplona.com\/actualidad\/#\/schema\/person\/efe887376f0213d4657c93adc50b1fdb","name":"La Gu\u00eda de Pamplona","image":{"@type":"ImageObject","inLanguage":"es","@id":"https:\/\/secure.gravatar.com\/avatar\/b6992f131dc8d30ab0dff15446e9d346d9dbd95992de0fef795073f5ea83a81c?s=96&d=mm&r=g","url":"https:\/\/secure.gravatar.com\/avatar\/b6992f131dc8d30ab0dff15446e9d346d9dbd95992de0fef795073f5ea83a81c?s=96&d=mm&r=g","contentUrl":"https:\/\/secure.gravatar.com\/avatar\/b6992f131dc8d30ab0dff15446e9d346d9dbd95992de0fef795073f5ea83a81c?s=96&d=mm&r=g","caption":"La Gu\u00eda de Pamplona"}}]}},"post_mailing_queue_ids":[],"_links":{"self":[{"href":"https:\/\/www.laguiadepamplona.com\/actualidad\/wp-json\/wp\/v2\/posts\/19617","targetHints":{"allow":["GET"]}}],"collection":[{"href":"https:\/\/www.laguiadepamplona.com\/actualidad\/wp-json\/wp\/v2\/posts"}],"about":[{"href":"https:\/\/www.laguiadepamplona.com\/actualidad\/wp-json\/wp\/v2\/types\/post"}],"author":[{"embeddable":true,"href":"https:\/\/www.laguiadepamplona.com\/actualidad\/wp-json\/wp\/v2\/users\/1"}],"replies":[{"embeddable":true,"href":"https:\/\/www.laguiadepamplona.com\/actualidad\/wp-json\/wp\/v2\/comments?post=19617"}],"version-history":[{"count":0,"href":"https:\/\/www.laguiadepamplona.com\/actualidad\/wp-json\/wp\/v2\/posts\/19617\/revisions"}],"wp:featuredmedia":[{"embeddable":true,"href":"https:\/\/www.laguiadepamplona.com\/actualidad\/wp-json\/wp\/v2\/media\/17600"}],"wp:attachment":[{"href":"https:\/\/www.laguiadepamplona.com\/actualidad\/wp-json\/wp\/v2\/media?parent=19617"}],"wp:term":[{"taxonomy":"category","embeddable":true,"href":"https:\/\/www.laguiadepamplona.com\/actualidad\/wp-json\/wp\/v2\/categories?post=19617"},{"taxonomy":"post_tag","embeddable":true,"href":"https:\/\/www.laguiadepamplona.com\/actualidad\/wp-json\/wp\/v2\/tags?post=19617"}],"curies":[{"name":"wp","href":"https:\/\/api.w.org\/{rel}","templated":true}]}}