{"id":19608,"date":"2018-11-27T16:18:24","date_gmt":"2018-11-27T14:18:24","guid":{"rendered":"https:\/\/www.laguiadepamplona.es\/actualidad\/?p=19608"},"modified":"2018-11-27T16:18:24","modified_gmt":"2018-11-27T14:18:24","slug":"el-alcalde-recibe-hoy-en-oviedo-de-manos-de-unicef-el-reconocimiento-de-pamplona-como-ciudad-amiga-de-la-infancia-gracias-al-primer-plan-de-infancia-y-adolescencia","status":"publish","type":"post","link":"https:\/\/www.laguiadepamplona.com\/actualidad\/el-alcalde-recibe-hoy-en-oviedo-de-manos-de-unicef-el-reconocimiento-de-pamplona-como-ciudad-amiga-de-la-infancia-gracias-al-primer-plan-de-infancia-y-adolescencia\/","title":{"rendered":"El alcalde recibe hoy en Oviedo de manos de Unicef el reconocimiento de Pamplona como Ciudad Amiga de la Infancia gracias al primer Plan de infancia y adolescencia"},"content":{"rendered":"<h3>El Ayuntamiento es uno los 114 gobiernos locales que entran nuevos a una red que suma 274 localidades en todo el Estado<\/h3>\n<p><!--more--><\/p>\n<p>El alcalde de Pamplona, Joseba Asir\u00f3n, ha recibido esta ma\u00f1ana en Oviedo el galard\u00f3n de Unicef que reconoce a Pamplona como Ciudad Amiga de la Infancia. Esta distinci\u00f3n llega tras la elaboraci\u00f3n del primer Plan de infancia y adolescencia. Han sido 114 los nuevos gobiernos locales los que han entrado a forma parte de la red de Ciudades Amigas de la Infancia que suma a partir de hoy 274 localidades en todo el Estado, todas ellas comprometidas en la promoci\u00f3n de los <strong>derechos de la infancia<\/strong> en sus <strong>pol\u00edticas municipales<\/strong>. Pamplona ha sido reconocida para entrar en la red gracias al \u2018I Plan de infancia y adolescencia de Pamplona\/ Iru\u00f1eko Haur eta Nerabeendako I.Plana\u2019 presentado este a\u00f1o. Junto con Mendavia han sido las dos primera localidades navarras en ser aceptadas dentro de este programa.<\/p>\n<p>El Programa Ciudades Amigas de la Infancia (CAI) est\u00e1 impulsado por UNICEF Comit\u00e9 Espa\u00f1ol, el Ministerio de Sanidad, Servicios Sociales e Igualdad, la Federaci\u00f3n Espa\u00f1ola de Municipios y Provincias (FEMP) y el Instituto Universitario de Necesidades y Derechos de la Infancia y la Adolescencia (IUNDIA). Se cre\u00f3 para impulsar y promover la aplicaci\u00f3n de la <strong>Convenci\u00f3n sobre los Derechos del Ni\u00f1o <\/strong>en el \u00e1mbito local, promocionar la participaci\u00f3n de los ni\u00f1os, ni\u00f1as y adolescentes en todos lo temas que les afectan, y fomentar el <strong>trabajo en red <\/strong>entre los distintos municipios que forman parte de esta iniciativa. El objetivo es que se dise\u00f1en e implementen pol\u00edticas p\u00fablicas eficaces para mejorar el <strong>bienestar de los menores<\/strong>, defendiendo sus derechos, fomentando su participaci\u00f3n y haciendo de las ciudades entornos m\u00e1s habitables, especialmente para los m\u00e1s j\u00f3venes.<\/p>\n<p>La entrega, a la que han asistido unas 500 personas, ha contado con la presencia del alcalde de Oviedo, Wenceslao L\u00f3pez; la consejera de Servicios y Derechos Sociales del Principado de Asturias, Pilar Varela; la presidenta de UNICEF Comit\u00e9 Principado de Asturias, M\u00aa Jos\u00e9 Platero; la directora del IUNDIA, M\u00aa de los \u00c1ngeles Espinosa; el alcalde de Navia, Ignacio Garc\u00eda, en representaci\u00f3n de la FEMP; el presidente de UNICEF Comit\u00e9 Espa\u00f1ol, Gustavo Su\u00e1rez Pertierra; el Vicepresidente 1\u00ba de UNICEF Comit\u00e9 Espa\u00f1ol, Juan Ramon Garc\u00eda &#8211; Secades y los presidentes de los comit\u00e9s auton\u00f3micos.<\/p>\n<p><strong>Un plan elaborado por los protagonistas, familias, expertos y profesionales del \u00e1mbito<\/strong><\/p>\n<p><a href=\"https:\/\/www.laguiadepamplona.es\/actualidad\/wp-content\/uploads\/2018\/11\/18.11.27_alcalde_navarra_ciudades_amigas.jpg\"><img loading=\"lazy\" decoding=\"async\" class=\"alignleft size-medium wp-image-19610\" src=\"https:\/\/www.laguiadepamplona.es\/actualidad\/wp-content\/uploads\/2018\/11\/18.11.27_alcalde_navarra_ciudades_amigas-225x300.jpg\" alt=\"\" width=\"225\" height=\"300\" srcset=\"https:\/\/www.laguiadepamplona.com\/actualidad\/wp-content\/uploads\/2018\/11\/18.11.27_alcalde_navarra_ciudades_amigas-225x300.jpg 225w, https:\/\/www.laguiadepamplona.com\/actualidad\/wp-content\/uploads\/2018\/11\/18.11.27_alcalde_navarra_ciudades_amigas-512x682.jpg 512w, https:\/\/www.laguiadepamplona.com\/actualidad\/wp-content\/uploads\/2018\/11\/18.11.27_alcalde_navarra_ciudades_amigas-640x853.jpg 640w, https:\/\/www.laguiadepamplona.com\/actualidad\/wp-content\/uploads\/2018\/11\/18.11.27_alcalde_navarra_ciudades_amigas.jpg 750w\" sizes=\"auto, (max-width: 225px) 100vw, 225px\" \/><\/a>El \u2018I Plan de infancia y adolescencia de Pamplona\/ Iru\u00f1eko Haur eta Nerabeendako I.Plana\u2019 recoge demandas y preocupaciones de la poblaci\u00f3n infantil, juvenil y adulta y fue elaborado con la participaci\u00f3n de los propios protagonistas, familias, expertos y profesionales del \u00e1mbito que abarca el plan. Se elabor\u00f3 con la vocaci\u00f3n de unificar todas las acciones que se est\u00e1n desarrollando en la actualidad y otras nuevas que se pretenden impulsar desde el segundo semestre de este a\u00f1o hasta 2022, iniciativas orientadas a garantizar los derechos de la poblaci\u00f3n infantil y adolescente en todos los \u00e1mbitos de su vida y que persiguen su desarrollo personal y social desde un enfoque de derechos.<\/p>\n<p>El documento recoge desde el diagn\u00f3stico de la ciudad hasta las aportaciones de todos los grupos participantes. Cuando se present\u00f3, en junio de este a\u00f1o, Pamplona contaba con una poblaci\u00f3n infantil y adolescente de 33.782 personas, 17.285 chicos y 16.497 chicas. Por tramos de edad, el mayor n\u00famero se concentraba entre los 10 y 14 a\u00f1os con 9.733 menores y entre 5 y 9 a\u00f1os con 9.556. Rochapea era el barrio m\u00e1s poblado y con mayor n\u00famero de menores de edad. Atendiendo al porcentaje, Buztintxuri era la zona con mayor proporci\u00f3n de ni\u00f1os y ni\u00f1as. En cuanto a nacimientos al a\u00f1o, el Ensanche experimentaba un ascenso notable, aunque Buztintxuri manten\u00eda la mayor tasa de natalidad. Destaca el hecho de que Pamplona acoge una poblaci\u00f3n de alrededor de 3.000 estudiantes procedentes de localidades lim\u00edtrofes. La poblaci\u00f3n estudiantil en los tramos superiores de la ense\u00f1anza se concentraba en el Ensanche pamplon\u00e9s y en la Txantrea. Los or\u00edgenes de fuera de Pamplona m\u00e1s representados en la poblaci\u00f3n infantil y adolescente eran los de Ruman\u00eda, Bulgaria, Ecuador y Bolivia.<\/p>\n<p><strong>Un plan que recoge situaciones y aportaciones concretas<\/strong><\/p>\n<p>Entre las aportaciones de ni\u00f1os y ni\u00f1as, el Plan recoge la demanda de espacios en los que jugar, practicar deporte, desarrollar la creaci\u00f3n art\u00edstica o mantener un contacto estrecho con la naturaleza adem\u00e1s de parques m\u00e1s divertidos y un cine en el centro de Pamplona. En la adolescencia las peticiones se centran en contar con lugares cubiertos donde poder reunirse y en facilidades para la creaci\u00f3n art\u00edstica no reglada y para practicar deporte, parques de skate, multiaventura o parkour. Tiene preocupaci\u00f3n y sensibilizaci\u00f3n con respecto a la violencia de g\u00e9nero, el machismo y la discriminaci\u00f3n por ser homosexual.<\/p>\n<p>La poblaci\u00f3n adulta, por ejemplo, realiza una valoraci\u00f3n positiva sobre la creaci\u00f3n de redes de infancia y adolescencia en la ciudad que promocionan el buen trato. Creen que deber\u00eda reforzarse la complementariedad entre servicios, la coordinaci\u00f3n en las actuaciones sobre casos concretos o el trabajo comunitario a favor de la infancia y la adolescencia. Demandan actuaciones de prevenci\u00f3n de las adicciones, del acoso entre iguales, la desprotecci\u00f3n infantil y la igualdad de g\u00e9nero.<\/p>\n<p>Respecto a la infancia en situaci\u00f3n de vulnerabilidad, el Plan ha detectado la necesidad de seguir trabajando en pro de la accesibilidad universal y un dise\u00f1o para todos atendiendo a la diversidad funcional; la sensibilizaci\u00f3n social y el apoyo hacia menores que padecen enfermedades cr\u00f3nicas. Se destaca la necesidad de considerar a quienes viven situaciones de violencia de g\u00e9nero como v\u00edctimas que requieren atenci\u00f3n y tratamientos reparadores espec\u00edficos.<\/p>\n<p>&nbsp;<\/p>\n","protected":false},"excerpt":{"rendered":"<p>El Ayuntamiento es uno los 114 gobiernos locales que entran nuevos a una red que suma 274 localidades en todo el Estado<\/p>\n","protected":false},"author":1,"featured_media":19609,"comment_status":"open","ping_status":"closed","sticky":false,"template":"","format":"standard","meta":{"footnotes":""},"categories":[2],"tags":[],"class_list":["post-19608","post","type-post","status-publish","format-standard","has-post-thumbnail","hentry","category-ayuntamiento-pamplona"],"yoast_head":"<!-- This site is optimized with the Yoast SEO plugin v27.3 - https:\/\/yoast.com\/product\/yoast-seo-wordpress\/ -->\n<title>El alcalde recibe hoy en Oviedo de manos de Unicef el reconocimiento de Pamplona como Ciudad Amiga de la Infancia gracias al primer Plan de infancia y adolescencia<\/title>\n<meta name=\"robots\" content=\"index, follow, max-snippet:-1, max-image-preview:large, max-video-preview:-1\" \/>\n<link rel=\"canonical\" href=\"https:\/\/www.laguiadepamplona.com\/actualidad\/el-alcalde-recibe-hoy-en-oviedo-de-manos-de-unicef-el-reconocimiento-de-pamplona-como-ciudad-amiga-de-la-infancia-gracias-al-primer-plan-de-infancia-y-adolescencia\/\" \/>\n<meta property=\"og:locale\" content=\"es_ES\" \/>\n<meta property=\"og:type\" content=\"article\" \/>\n<meta property=\"og:title\" content=\"El alcalde recibe hoy en Oviedo de manos de Unicef el reconocimiento de Pamplona como Ciudad Amiga de la Infancia gracias al primer Plan de infancia y adolescencia\" \/>\n<meta property=\"og:description\" content=\"El Ayuntamiento es uno los 114 gobiernos locales que entran nuevos a una red que suma 274 localidades en todo el Estado\" \/>\n<meta property=\"og:url\" content=\"https:\/\/www.laguiadepamplona.com\/actualidad\/el-alcalde-recibe-hoy-en-oviedo-de-manos-de-unicef-el-reconocimiento-de-pamplona-como-ciudad-amiga-de-la-infancia-gracias-al-primer-plan-de-infancia-y-adolescencia\/\" \/>\n<meta property=\"og:site_name\" content=\"La Gu\u00eda de Pamplona\" \/>\n<meta property=\"article:publisher\" content=\"https:\/\/www.facebook.com\/laguiadepamplonacom-133175176762273\/?ref=hl\" \/>\n<meta property=\"article:published_time\" content=\"2018-11-27T14:18:24+00:00\" \/>\n<meta property=\"og:image\" content=\"https:\/\/www.laguiadepamplona.com\/actualidad\/wp-content\/uploads\/2018\/11\/18.11.27_alcalde_ciudades_amigas.jpg\" \/>\n\t<meta property=\"og:image:width\" content=\"1000\" \/>\n\t<meta property=\"og:image:height\" content=\"750\" \/>\n\t<meta property=\"og:image:type\" content=\"image\/jpeg\" \/>\n<meta name=\"author\" content=\"La Gu\u00eda de Pamplona\" \/>\n<meta name=\"twitter:card\" content=\"summary_large_image\" \/>\n<meta name=\"twitter:creator\" content=\"@LaGuiadPamplona\" \/>\n<meta name=\"twitter:site\" content=\"@LaGuiadPamplona\" \/>\n<meta name=\"twitter:label1\" content=\"Escrito por\" \/>\n\t<meta name=\"twitter:data1\" content=\"La Gu\u00eda de Pamplona\" \/>\n\t<meta name=\"twitter:label2\" content=\"Tiempo de lectura\" \/>\n\t<meta name=\"twitter:data2\" content=\"5 minutos\" \/>\n<script type=\"application\/ld+json\" class=\"yoast-schema-graph\">{\"@context\":\"https:\\\/\\\/schema.org\",\"@graph\":[{\"@type\":\"Article\",\"@id\":\"https:\\\/\\\/www.laguiadepamplona.com\\\/actualidad\\\/el-alcalde-recibe-hoy-en-oviedo-de-manos-de-unicef-el-reconocimiento-de-pamplona-como-ciudad-amiga-de-la-infancia-gracias-al-primer-plan-de-infancia-y-adolescencia\\\/#article\",\"isPartOf\":{\"@id\":\"https:\\\/\\\/www.laguiadepamplona.com\\\/actualidad\\\/el-alcalde-recibe-hoy-en-oviedo-de-manos-de-unicef-el-reconocimiento-de-pamplona-como-ciudad-amiga-de-la-infancia-gracias-al-primer-plan-de-infancia-y-adolescencia\\\/\"},\"author\":{\"name\":\"La Gu\u00eda de Pamplona\",\"@id\":\"https:\\\/\\\/www.laguiadepamplona.com\\\/actualidad\\\/#\\\/schema\\\/person\\\/efe887376f0213d4657c93adc50b1fdb\"},\"headline\":\"El alcalde recibe hoy en Oviedo de manos de Unicef el reconocimiento de Pamplona como Ciudad Amiga de la Infancia gracias al primer Plan de infancia y adolescencia\",\"datePublished\":\"2018-11-27T14:18:24+00:00\",\"mainEntityOfPage\":{\"@id\":\"https:\\\/\\\/www.laguiadepamplona.com\\\/actualidad\\\/el-alcalde-recibe-hoy-en-oviedo-de-manos-de-unicef-el-reconocimiento-de-pamplona-como-ciudad-amiga-de-la-infancia-gracias-al-primer-plan-de-infancia-y-adolescencia\\\/\"},\"wordCount\":1032,\"commentCount\":0,\"publisher\":{\"@id\":\"https:\\\/\\\/www.laguiadepamplona.com\\\/actualidad\\\/#organization\"},\"image\":{\"@id\":\"https:\\\/\\\/www.laguiadepamplona.com\\\/actualidad\\\/el-alcalde-recibe-hoy-en-oviedo-de-manos-de-unicef-el-reconocimiento-de-pamplona-como-ciudad-amiga-de-la-infancia-gracias-al-primer-plan-de-infancia-y-adolescencia\\\/#primaryimage\"},\"thumbnailUrl\":\"https:\\\/\\\/www.laguiadepamplona.com\\\/actualidad\\\/wp-content\\\/uploads\\\/2018\\\/11\\\/18.11.27_alcalde_ciudades_amigas.jpg\",\"articleSection\":[\"Ayto Pamplona\"],\"inLanguage\":\"es\",\"potentialAction\":[{\"@type\":\"CommentAction\",\"name\":\"Comment\",\"target\":[\"https:\\\/\\\/www.laguiadepamplona.com\\\/actualidad\\\/el-alcalde-recibe-hoy-en-oviedo-de-manos-de-unicef-el-reconocimiento-de-pamplona-como-ciudad-amiga-de-la-infancia-gracias-al-primer-plan-de-infancia-y-adolescencia\\\/#respond\"]}]},{\"@type\":\"WebPage\",\"@id\":\"https:\\\/\\\/www.laguiadepamplona.com\\\/actualidad\\\/el-alcalde-recibe-hoy-en-oviedo-de-manos-de-unicef-el-reconocimiento-de-pamplona-como-ciudad-amiga-de-la-infancia-gracias-al-primer-plan-de-infancia-y-adolescencia\\\/\",\"url\":\"https:\\\/\\\/www.laguiadepamplona.com\\\/actualidad\\\/el-alcalde-recibe-hoy-en-oviedo-de-manos-de-unicef-el-reconocimiento-de-pamplona-como-ciudad-amiga-de-la-infancia-gracias-al-primer-plan-de-infancia-y-adolescencia\\\/\",\"name\":\"El alcalde recibe hoy en Oviedo de manos de Unicef el reconocimiento de Pamplona como Ciudad Amiga de la Infancia gracias al primer Plan de infancia y adolescencia\",\"isPartOf\":{\"@id\":\"https:\\\/\\\/www.laguiadepamplona.com\\\/actualidad\\\/#website\"},\"primaryImageOfPage\":{\"@id\":\"https:\\\/\\\/www.laguiadepamplona.com\\\/actualidad\\\/el-alcalde-recibe-hoy-en-oviedo-de-manos-de-unicef-el-reconocimiento-de-pamplona-como-ciudad-amiga-de-la-infancia-gracias-al-primer-plan-de-infancia-y-adolescencia\\\/#primaryimage\"},\"image\":{\"@id\":\"https:\\\/\\\/www.laguiadepamplona.com\\\/actualidad\\\/el-alcalde-recibe-hoy-en-oviedo-de-manos-de-unicef-el-reconocimiento-de-pamplona-como-ciudad-amiga-de-la-infancia-gracias-al-primer-plan-de-infancia-y-adolescencia\\\/#primaryimage\"},\"thumbnailUrl\":\"https:\\\/\\\/www.laguiadepamplona.com\\\/actualidad\\\/wp-content\\\/uploads\\\/2018\\\/11\\\/18.11.27_alcalde_ciudades_amigas.jpg\",\"datePublished\":\"2018-11-27T14:18:24+00:00\",\"breadcrumb\":{\"@id\":\"https:\\\/\\\/www.laguiadepamplona.com\\\/actualidad\\\/el-alcalde-recibe-hoy-en-oviedo-de-manos-de-unicef-el-reconocimiento-de-pamplona-como-ciudad-amiga-de-la-infancia-gracias-al-primer-plan-de-infancia-y-adolescencia\\\/#breadcrumb\"},\"inLanguage\":\"es\",\"potentialAction\":[{\"@type\":\"ReadAction\",\"target\":[\"https:\\\/\\\/www.laguiadepamplona.com\\\/actualidad\\\/el-alcalde-recibe-hoy-en-oviedo-de-manos-de-unicef-el-reconocimiento-de-pamplona-como-ciudad-amiga-de-la-infancia-gracias-al-primer-plan-de-infancia-y-adolescencia\\\/\"]}]},{\"@type\":\"ImageObject\",\"inLanguage\":\"es\",\"@id\":\"https:\\\/\\\/www.laguiadepamplona.com\\\/actualidad\\\/el-alcalde-recibe-hoy-en-oviedo-de-manos-de-unicef-el-reconocimiento-de-pamplona-como-ciudad-amiga-de-la-infancia-gracias-al-primer-plan-de-infancia-y-adolescencia\\\/#primaryimage\",\"url\":\"https:\\\/\\\/www.laguiadepamplona.com\\\/actualidad\\\/wp-content\\\/uploads\\\/2018\\\/11\\\/18.11.27_alcalde_ciudades_amigas.jpg\",\"contentUrl\":\"https:\\\/\\\/www.laguiadepamplona.com\\\/actualidad\\\/wp-content\\\/uploads\\\/2018\\\/11\\\/18.11.27_alcalde_ciudades_amigas.jpg\",\"width\":1000,\"height\":750},{\"@type\":\"BreadcrumbList\",\"@id\":\"https:\\\/\\\/www.laguiadepamplona.com\\\/actualidad\\\/el-alcalde-recibe-hoy-en-oviedo-de-manos-de-unicef-el-reconocimiento-de-pamplona-como-ciudad-amiga-de-la-infancia-gracias-al-primer-plan-de-infancia-y-adolescencia\\\/#breadcrumb\",\"itemListElement\":[{\"@type\":\"ListItem\",\"position\":1,\"name\":\"Portada\",\"item\":\"https:\\\/\\\/www.laguiadepamplona.com\\\/actualidad\\\/\"},{\"@type\":\"ListItem\",\"position\":2,\"name\":\"El alcalde recibe hoy en Oviedo de manos de Unicef el reconocimiento de Pamplona como Ciudad Amiga de la Infancia gracias al primer Plan de infancia y adolescencia\"}]},{\"@type\":\"WebSite\",\"@id\":\"https:\\\/\\\/www.laguiadepamplona.com\\\/actualidad\\\/#website\",\"url\":\"https:\\\/\\\/www.laguiadepamplona.com\\\/actualidad\\\/\",\"name\":\"La gu\u00eda de Pamplona\",\"description\":\"Noticias de Pamplona\",\"publisher\":{\"@id\":\"https:\\\/\\\/www.laguiadepamplona.com\\\/actualidad\\\/#organization\"},\"potentialAction\":[{\"@type\":\"SearchAction\",\"target\":{\"@type\":\"EntryPoint\",\"urlTemplate\":\"https:\\\/\\\/www.laguiadepamplona.com\\\/actualidad\\\/?s={search_term_string}\"},\"query-input\":{\"@type\":\"PropertyValueSpecification\",\"valueRequired\":true,\"valueName\":\"search_term_string\"}}],\"inLanguage\":\"es\"},{\"@type\":\"Organization\",\"@id\":\"https:\\\/\\\/www.laguiadepamplona.com\\\/actualidad\\\/#organization\",\"name\":\"La Gu\u00eda de Pamplona \\\/ Noticias\",\"url\":\"https:\\\/\\\/www.laguiadepamplona.com\\\/actualidad\\\/\",\"logo\":{\"@type\":\"ImageObject\",\"inLanguage\":\"es\",\"@id\":\"https:\\\/\\\/www.laguiadepamplona.com\\\/actualidad\\\/#\\\/schema\\\/logo\\\/image\\\/\",\"url\":\"https:\\\/\\\/www.laguiadepamplona.com\\\/actualidad\\\/wp-content\\\/uploads\\\/2018\\\/11\\\/logo-laguiadepamplona18-web1.png\",\"contentUrl\":\"https:\\\/\\\/www.laguiadepamplona.com\\\/actualidad\\\/wp-content\\\/uploads\\\/2018\\\/11\\\/logo-laguiadepamplona18-web1.png\",\"width\":600,\"height\":196,\"caption\":\"La Gu\u00eda de Pamplona \\\/ Noticias\"},\"image\":{\"@id\":\"https:\\\/\\\/www.laguiadepamplona.com\\\/actualidad\\\/#\\\/schema\\\/logo\\\/image\\\/\"},\"sameAs\":[\"https:\\\/\\\/www.facebook.com\\\/laguiadepamplonacom-133175176762273\\\/?ref=hl\",\"https:\\\/\\\/x.com\\\/LaGuiadPamplona\",\"https:\\\/\\\/www.instagram.com\\\/la_guia_de_pamplona\\\/\",\"https:\\\/\\\/www.youtube.com\\\/user\\\/laguiadepamplona\"]},{\"@type\":\"Person\",\"@id\":\"https:\\\/\\\/www.laguiadepamplona.com\\\/actualidad\\\/#\\\/schema\\\/person\\\/efe887376f0213d4657c93adc50b1fdb\",\"name\":\"La Gu\u00eda de Pamplona\",\"image\":{\"@type\":\"ImageObject\",\"inLanguage\":\"es\",\"@id\":\"https:\\\/\\\/secure.gravatar.com\\\/avatar\\\/b6992f131dc8d30ab0dff15446e9d346d9dbd95992de0fef795073f5ea83a81c?s=96&d=mm&r=g\",\"url\":\"https:\\\/\\\/secure.gravatar.com\\\/avatar\\\/b6992f131dc8d30ab0dff15446e9d346d9dbd95992de0fef795073f5ea83a81c?s=96&d=mm&r=g\",\"contentUrl\":\"https:\\\/\\\/secure.gravatar.com\\\/avatar\\\/b6992f131dc8d30ab0dff15446e9d346d9dbd95992de0fef795073f5ea83a81c?s=96&d=mm&r=g\",\"caption\":\"La Gu\u00eda de Pamplona\"}}]}<\/script>\n<!-- \/ Yoast SEO plugin. -->","yoast_head_json":{"title":"El alcalde recibe hoy en Oviedo de manos de Unicef el reconocimiento de Pamplona como Ciudad Amiga de la Infancia gracias al primer Plan de infancia y adolescencia","robots":{"index":"index","follow":"follow","max-snippet":"max-snippet:-1","max-image-preview":"max-image-preview:large","max-video-preview":"max-video-preview:-1"},"canonical":"https:\/\/www.laguiadepamplona.com\/actualidad\/el-alcalde-recibe-hoy-en-oviedo-de-manos-de-unicef-el-reconocimiento-de-pamplona-como-ciudad-amiga-de-la-infancia-gracias-al-primer-plan-de-infancia-y-adolescencia\/","og_locale":"es_ES","og_type":"article","og_title":"El alcalde recibe hoy en Oviedo de manos de Unicef el reconocimiento de Pamplona como Ciudad Amiga de la Infancia gracias al primer Plan de infancia y adolescencia","og_description":"El Ayuntamiento es uno los 114 gobiernos locales que entran nuevos a una red que suma 274 localidades en todo el Estado","og_url":"https:\/\/www.laguiadepamplona.com\/actualidad\/el-alcalde-recibe-hoy-en-oviedo-de-manos-de-unicef-el-reconocimiento-de-pamplona-como-ciudad-amiga-de-la-infancia-gracias-al-primer-plan-de-infancia-y-adolescencia\/","og_site_name":"La Gu\u00eda de Pamplona","article_publisher":"https:\/\/www.facebook.com\/laguiadepamplonacom-133175176762273\/?ref=hl","article_published_time":"2018-11-27T14:18:24+00:00","og_image":[{"width":1000,"height":750,"url":"https:\/\/www.laguiadepamplona.com\/actualidad\/wp-content\/uploads\/2018\/11\/18.11.27_alcalde_ciudades_amigas.jpg","type":"image\/jpeg"}],"author":"La Gu\u00eda de Pamplona","twitter_card":"summary_large_image","twitter_creator":"@LaGuiadPamplona","twitter_site":"@LaGuiadPamplona","twitter_misc":{"Escrito por":"La Gu\u00eda de Pamplona","Tiempo de lectura":"5 minutos"},"schema":{"@context":"https:\/\/schema.org","@graph":[{"@type":"Article","@id":"https:\/\/www.laguiadepamplona.com\/actualidad\/el-alcalde-recibe-hoy-en-oviedo-de-manos-de-unicef-el-reconocimiento-de-pamplona-como-ciudad-amiga-de-la-infancia-gracias-al-primer-plan-de-infancia-y-adolescencia\/#article","isPartOf":{"@id":"https:\/\/www.laguiadepamplona.com\/actualidad\/el-alcalde-recibe-hoy-en-oviedo-de-manos-de-unicef-el-reconocimiento-de-pamplona-como-ciudad-amiga-de-la-infancia-gracias-al-primer-plan-de-infancia-y-adolescencia\/"},"author":{"name":"La Gu\u00eda de Pamplona","@id":"https:\/\/www.laguiadepamplona.com\/actualidad\/#\/schema\/person\/efe887376f0213d4657c93adc50b1fdb"},"headline":"El alcalde recibe hoy en Oviedo de manos de Unicef el reconocimiento de Pamplona como Ciudad Amiga de la Infancia gracias al primer Plan de infancia y adolescencia","datePublished":"2018-11-27T14:18:24+00:00","mainEntityOfPage":{"@id":"https:\/\/www.laguiadepamplona.com\/actualidad\/el-alcalde-recibe-hoy-en-oviedo-de-manos-de-unicef-el-reconocimiento-de-pamplona-como-ciudad-amiga-de-la-infancia-gracias-al-primer-plan-de-infancia-y-adolescencia\/"},"wordCount":1032,"commentCount":0,"publisher":{"@id":"https:\/\/www.laguiadepamplona.com\/actualidad\/#organization"},"image":{"@id":"https:\/\/www.laguiadepamplona.com\/actualidad\/el-alcalde-recibe-hoy-en-oviedo-de-manos-de-unicef-el-reconocimiento-de-pamplona-como-ciudad-amiga-de-la-infancia-gracias-al-primer-plan-de-infancia-y-adolescencia\/#primaryimage"},"thumbnailUrl":"https:\/\/www.laguiadepamplona.com\/actualidad\/wp-content\/uploads\/2018\/11\/18.11.27_alcalde_ciudades_amigas.jpg","articleSection":["Ayto Pamplona"],"inLanguage":"es","potentialAction":[{"@type":"CommentAction","name":"Comment","target":["https:\/\/www.laguiadepamplona.com\/actualidad\/el-alcalde-recibe-hoy-en-oviedo-de-manos-de-unicef-el-reconocimiento-de-pamplona-como-ciudad-amiga-de-la-infancia-gracias-al-primer-plan-de-infancia-y-adolescencia\/#respond"]}]},{"@type":"WebPage","@id":"https:\/\/www.laguiadepamplona.com\/actualidad\/el-alcalde-recibe-hoy-en-oviedo-de-manos-de-unicef-el-reconocimiento-de-pamplona-como-ciudad-amiga-de-la-infancia-gracias-al-primer-plan-de-infancia-y-adolescencia\/","url":"https:\/\/www.laguiadepamplona.com\/actualidad\/el-alcalde-recibe-hoy-en-oviedo-de-manos-de-unicef-el-reconocimiento-de-pamplona-como-ciudad-amiga-de-la-infancia-gracias-al-primer-plan-de-infancia-y-adolescencia\/","name":"El alcalde recibe hoy en Oviedo de manos de Unicef el reconocimiento de Pamplona como Ciudad Amiga de la Infancia gracias al primer Plan de infancia y adolescencia","isPartOf":{"@id":"https:\/\/www.laguiadepamplona.com\/actualidad\/#website"},"primaryImageOfPage":{"@id":"https:\/\/www.laguiadepamplona.com\/actualidad\/el-alcalde-recibe-hoy-en-oviedo-de-manos-de-unicef-el-reconocimiento-de-pamplona-como-ciudad-amiga-de-la-infancia-gracias-al-primer-plan-de-infancia-y-adolescencia\/#primaryimage"},"image":{"@id":"https:\/\/www.laguiadepamplona.com\/actualidad\/el-alcalde-recibe-hoy-en-oviedo-de-manos-de-unicef-el-reconocimiento-de-pamplona-como-ciudad-amiga-de-la-infancia-gracias-al-primer-plan-de-infancia-y-adolescencia\/#primaryimage"},"thumbnailUrl":"https:\/\/www.laguiadepamplona.com\/actualidad\/wp-content\/uploads\/2018\/11\/18.11.27_alcalde_ciudades_amigas.jpg","datePublished":"2018-11-27T14:18:24+00:00","breadcrumb":{"@id":"https:\/\/www.laguiadepamplona.com\/actualidad\/el-alcalde-recibe-hoy-en-oviedo-de-manos-de-unicef-el-reconocimiento-de-pamplona-como-ciudad-amiga-de-la-infancia-gracias-al-primer-plan-de-infancia-y-adolescencia\/#breadcrumb"},"inLanguage":"es","potentialAction":[{"@type":"ReadAction","target":["https:\/\/www.laguiadepamplona.com\/actualidad\/el-alcalde-recibe-hoy-en-oviedo-de-manos-de-unicef-el-reconocimiento-de-pamplona-como-ciudad-amiga-de-la-infancia-gracias-al-primer-plan-de-infancia-y-adolescencia\/"]}]},{"@type":"ImageObject","inLanguage":"es","@id":"https:\/\/www.laguiadepamplona.com\/actualidad\/el-alcalde-recibe-hoy-en-oviedo-de-manos-de-unicef-el-reconocimiento-de-pamplona-como-ciudad-amiga-de-la-infancia-gracias-al-primer-plan-de-infancia-y-adolescencia\/#primaryimage","url":"https:\/\/www.laguiadepamplona.com\/actualidad\/wp-content\/uploads\/2018\/11\/18.11.27_alcalde_ciudades_amigas.jpg","contentUrl":"https:\/\/www.laguiadepamplona.com\/actualidad\/wp-content\/uploads\/2018\/11\/18.11.27_alcalde_ciudades_amigas.jpg","width":1000,"height":750},{"@type":"BreadcrumbList","@id":"https:\/\/www.laguiadepamplona.com\/actualidad\/el-alcalde-recibe-hoy-en-oviedo-de-manos-de-unicef-el-reconocimiento-de-pamplona-como-ciudad-amiga-de-la-infancia-gracias-al-primer-plan-de-infancia-y-adolescencia\/#breadcrumb","itemListElement":[{"@type":"ListItem","position":1,"name":"Portada","item":"https:\/\/www.laguiadepamplona.com\/actualidad\/"},{"@type":"ListItem","position":2,"name":"El alcalde recibe hoy en Oviedo de manos de Unicef el reconocimiento de Pamplona como Ciudad Amiga de la Infancia gracias al primer Plan de infancia y adolescencia"}]},{"@type":"WebSite","@id":"https:\/\/www.laguiadepamplona.com\/actualidad\/#website","url":"https:\/\/www.laguiadepamplona.com\/actualidad\/","name":"La gu\u00eda de Pamplona","description":"Noticias de Pamplona","publisher":{"@id":"https:\/\/www.laguiadepamplona.com\/actualidad\/#organization"},"potentialAction":[{"@type":"SearchAction","target":{"@type":"EntryPoint","urlTemplate":"https:\/\/www.laguiadepamplona.com\/actualidad\/?s={search_term_string}"},"query-input":{"@type":"PropertyValueSpecification","valueRequired":true,"valueName":"search_term_string"}}],"inLanguage":"es"},{"@type":"Organization","@id":"https:\/\/www.laguiadepamplona.com\/actualidad\/#organization","name":"La Gu\u00eda de Pamplona \/ Noticias","url":"https:\/\/www.laguiadepamplona.com\/actualidad\/","logo":{"@type":"ImageObject","inLanguage":"es","@id":"https:\/\/www.laguiadepamplona.com\/actualidad\/#\/schema\/logo\/image\/","url":"https:\/\/www.laguiadepamplona.com\/actualidad\/wp-content\/uploads\/2018\/11\/logo-laguiadepamplona18-web1.png","contentUrl":"https:\/\/www.laguiadepamplona.com\/actualidad\/wp-content\/uploads\/2018\/11\/logo-laguiadepamplona18-web1.png","width":600,"height":196,"caption":"La Gu\u00eda de Pamplona \/ Noticias"},"image":{"@id":"https:\/\/www.laguiadepamplona.com\/actualidad\/#\/schema\/logo\/image\/"},"sameAs":["https:\/\/www.facebook.com\/laguiadepamplonacom-133175176762273\/?ref=hl","https:\/\/x.com\/LaGuiadPamplona","https:\/\/www.instagram.com\/la_guia_de_pamplona\/","https:\/\/www.youtube.com\/user\/laguiadepamplona"]},{"@type":"Person","@id":"https:\/\/www.laguiadepamplona.com\/actualidad\/#\/schema\/person\/efe887376f0213d4657c93adc50b1fdb","name":"La Gu\u00eda de Pamplona","image":{"@type":"ImageObject","inLanguage":"es","@id":"https:\/\/secure.gravatar.com\/avatar\/b6992f131dc8d30ab0dff15446e9d346d9dbd95992de0fef795073f5ea83a81c?s=96&d=mm&r=g","url":"https:\/\/secure.gravatar.com\/avatar\/b6992f131dc8d30ab0dff15446e9d346d9dbd95992de0fef795073f5ea83a81c?s=96&d=mm&r=g","contentUrl":"https:\/\/secure.gravatar.com\/avatar\/b6992f131dc8d30ab0dff15446e9d346d9dbd95992de0fef795073f5ea83a81c?s=96&d=mm&r=g","caption":"La Gu\u00eda de Pamplona"}}]}},"post_mailing_queue_ids":[],"_links":{"self":[{"href":"https:\/\/www.laguiadepamplona.com\/actualidad\/wp-json\/wp\/v2\/posts\/19608","targetHints":{"allow":["GET"]}}],"collection":[{"href":"https:\/\/www.laguiadepamplona.com\/actualidad\/wp-json\/wp\/v2\/posts"}],"about":[{"href":"https:\/\/www.laguiadepamplona.com\/actualidad\/wp-json\/wp\/v2\/types\/post"}],"author":[{"embeddable":true,"href":"https:\/\/www.laguiadepamplona.com\/actualidad\/wp-json\/wp\/v2\/users\/1"}],"replies":[{"embeddable":true,"href":"https:\/\/www.laguiadepamplona.com\/actualidad\/wp-json\/wp\/v2\/comments?post=19608"}],"version-history":[{"count":0,"href":"https:\/\/www.laguiadepamplona.com\/actualidad\/wp-json\/wp\/v2\/posts\/19608\/revisions"}],"wp:featuredmedia":[{"embeddable":true,"href":"https:\/\/www.laguiadepamplona.com\/actualidad\/wp-json\/wp\/v2\/media\/19609"}],"wp:attachment":[{"href":"https:\/\/www.laguiadepamplona.com\/actualidad\/wp-json\/wp\/v2\/media?parent=19608"}],"wp:term":[{"taxonomy":"category","embeddable":true,"href":"https:\/\/www.laguiadepamplona.com\/actualidad\/wp-json\/wp\/v2\/categories?post=19608"},{"taxonomy":"post_tag","embeddable":true,"href":"https:\/\/www.laguiadepamplona.com\/actualidad\/wp-json\/wp\/v2\/tags?post=19608"}],"curies":[{"name":"wp","href":"https:\/\/api.w.org\/{rel}","templated":true}]}}