{"id":19606,"date":"2018-11-27T14:27:23","date_gmt":"2018-11-27T12:27:23","guid":{"rendered":"https:\/\/www.laguiadepamplona.es\/actualidad\/?p=19606"},"modified":"2018-11-27T14:27:23","modified_gmt":"2018-11-27T12:27:23","slug":"pamplona-celebra-este-jueves-la-festividad-de-san-saturnino-con-procesion-salida-de-la-comparsa-de-gigantes-y-cabezudos-y-concierto-de-la-pamplonesa","status":"publish","type":"post","link":"https:\/\/www.laguiadepamplona.com\/actualidad\/pamplona-celebra-este-jueves-la-festividad-de-san-saturnino-con-procesion-salida-de-la-comparsa-de-gigantes-y-cabezudos-y-concierto-de-la-pamplonesa\/","title":{"rendered":"Pamplona celebra este jueves la festividad de San Saturnino, con procesi\u00f3n, salida de la comparsa de Gigantes y Cabezudos y concierto de La Pamplonesa"},"content":{"rendered":"<h3>Coincidiendo con las celebraciones del patr\u00f3n de la ciudad, a las 17.45 horas se proceder\u00e1 al encendido de la iluminaci\u00f3n navide\u00f1a<\/h3>\n<p><!--more--><\/p>\n<p>Este jueves Pamplona celebra la festividad de San Saturnino, patr\u00f3n de la ciudad, con un programa de actividades que incluye una procesi\u00f3n por el Casco Antiguo, la salida de la comparsa de Gigantes y Cabezudos y el tradicional concierto de la banda municipal La Pamplona con obras de zarzuela. Como en a\u00f1os anteriores, se aprovechar\u00e1 esta festividad para encender la iluminaci\u00f3n navide\u00f1a de la ciudad.<\/p>\n<p>A las 10.05 horas la Corporaci\u00f3n municipal saldr\u00e1 en cuerpo de ciudad desde la Casa Consistorial para dirigirse a la cercana iglesia de San Saturnino. Desde all\u00ed, en torno a las 10.15 horas, partir\u00e1 la procesi\u00f3n en honor al patr\u00f3n de la ciudad que recorrer\u00e1 las calles San Saturnino, Mayor, paseo del Dr. Arazuri, calle Nueva\u00a0 y otra vez San Saturnino hasta la iglesia. En caso de lluvia, este recorrido puede sufrir modificaciones. En la procesi\u00f3n participar\u00e1n tambi\u00e9n la comparsa de Gigantes y Cabezudos, La Pamplonesa, los dantzaris y txistularis municipales, clarineros y timbaleros, libreas, maceros y guardia de gala. Se regresar\u00e1 a la Casa Consistorial sobre las 12.20 horas.<\/p>\n<p>La comparsa de Gigantes y Cabezudos saldr\u00e1 de sus locales de la estaci\u00f3n de autobuses a las 9.30 horas. Desfilar\u00e1n por la plaza de la Paz, Yanguas y Miranda, Garc\u00eda Xim\u00e9nez, San Ignacio, Comedias, Pozoblanco, Zapater\u00eda y Plaza Consistorial, donde se unir\u00e1n a la Corporaci\u00f3n municipal y posteriormente a la procesi\u00f3n. Tras la misa en San Saturnino, regresar\u00e1n a la Plaza Consistorial donde bailar\u00e1n en presencia de la Corporaci\u00f3n municipal y el p\u00fablico. Retornar\u00e1n a la estaci\u00f3n de autobuses por la calle Mercaderes, Chapitela, plaza del Castillo, paseo de Sarasate, calles Alh\u00f3ndiga, Tudela, Garc\u00eda Xim\u00e9nez, Yanguas y Miranda y plaza de la Paz.<\/p>\n<p><strong>Encendido de la iluminaci\u00f3n navide\u00f1a<\/strong><\/p>\n<p>Ya por la tarde, a las 17.45 horas, se proceder\u00e1 al encendido de la iluminaci\u00f3n navide\u00f1a que decorar\u00e1 calles y plazas del Casco Antiguo y los Ensanches hasta el 6 de enero. Ese encendido se centralizar\u00e1 en la Plaza Consistorial, donde se iluminar\u00e1 la fachada del Ayuntamiento, en un acto que se amenizar\u00e1 con la m\u00fasica de la Asociaci\u00f3n Juvenil Corrientes Navarra, que interpretar\u00e1 villancicos y canciones populares navide\u00f1as.<\/p>\n<p>La ciudad se decorar\u00e1 con 181 arcos en las calles del Casco Antiguo y Ensanche. Adem\u00e1s, se ha colocado decoraci\u00f3n especial con estampas navide\u00f1as u otro tipo de elementos decorativos en las fuentes de las plazas de Pr\u00edncipe de Viana y Merindades, en el quiosco y el interior de la plaza del Castillo, en la fachada del edificio de la plaza de la Libertad, en la fachada del Teatro Gayarre y en la fachada del Ayuntamieno. Las farolas de las principales avenidas de la ciudad (Baja Navarra, Conde Oliveto, Ej\u00e9rcito), as\u00ed como otras ubicaciones (Yanguas y Miranda, plaza de los Fueros), se iluminar\u00e1n tambi\u00e9n con diferentes motivos. Una de las novedades de la iluminaci\u00f3n es el cambio en la decoraci\u00f3n de los dos abetos de 12 metros de altura que se ubicar\u00e1n en la plaza del Castillo y en la avenida peatonal de Carlos III con calle Tafalla. Contar\u00e1n con 87 tiras de led de 10 metros para un total de 174 luces led en cada uno de ellos.<\/p>\n<p>La iluminaci\u00f3n navide\u00f1a se encender\u00e1 de 17.45 a 21.30 horas. Los viernes y s\u00e1bados se ampliar\u00e1 el horario, ya que se apagar\u00e1 a medianoche. Las v\u00edsperas de festivos navide\u00f1os, es decir, el 24 y 31 de diciembre y el 5 de enero, las luces se apagar\u00e1n a las 1.45 horas de la madrugada.<\/p>\n<p><strong>La Pamplonesa y la zarzuela<\/strong><\/p>\n<p>El jueves y el viernes La Pamplonesa ofrece en el Teatro Gayarre su tradicional concierto en la festividad de San Saturnino dedicado a la zarzuela. Ambas sesiones tendr\u00e1n lugar a las 20 horas, con entradas al precio de 10 euros, que se pueden adquirir en <a href=\"http:\/\/www.treatrogayarre.com\/\" target=\"_blank\" rel=\"noopener\">www.teatrogayarre.com<\/a> o en las propias taquillas.<\/p>\n<p>Por primera vez, La Pamplonesa presenta un \u00fanico t\u00edtulo en este concierto, \u2018La Gran V\u00eda\u2019, en una versi\u00f3n semiescenificada para que contar\u00e1 con la colaboraci\u00f3n de la Escuela de Canto Eugenia Echarren y el Coro de C\u00e1mara Aizaga. Compuesta por los maestros Chueca y Valverde, esta obra se estren\u00f3 en Madrid en 1886. A lo largo del relato, un paseante gu\u00eda al p\u00fablico durante una noche m\u00e1gica en la que, por un portentoso encantamiento, las calles, plazas y rincones del Madrid decimon\u00f3nico cobran vida.<\/p>\n<p>La estructura original de la obra es un acto y cinco cuadros. Alcanz\u00f3 tal fama en su tiempo que hubo que actualizar algunos de ellos para que siempre estuviera al d\u00eda. \u2018La Gran V\u00eda\u2019 es un exponente del llamado \u2018g\u00e9nero chico\u2019 llevado al campo de la revista de actualidad, en la que se expon\u00edan con gracia y buen humor las preocupaciones sociales y pol\u00edticas del momento. El libreto de Felipe P\u00e9rez y Gonz\u00e1lez retrata con habilidad y s\u00e1tira las noticias del momento, mostrando en escena un gran desfile de tipos y situaciones c\u00f3micas, en el ambiente del nacimiento de esta calle principal de la ciudad de Madrid.<\/p>\n<p>&nbsp;<\/p>\n<p><strong>Festividad de San Saturnino. Jueves 29 de noviembre<\/strong><\/p>\n<ul>\n<li><strong>30 horas.<\/strong> <strong>Salida de la comparsa de Gigantes y Cabezudos desde la estaci\u00f3n de autobuses.<\/strong> Recorrido: Plaza de la Paz, Yanguas y Miranda, Garc\u00eda Xim\u00e9nez, San Ignacio, Comedias, Pozoblanco, Zapater\u00eda y Plaza Consistorial<\/li>\n<li><strong>05 horas.<\/strong> <strong>Salida de la Corporaci\u00f3n municipal desde la Casa Consistorial para dirigirse a la iglesia de San Saturnino<\/strong><\/li>\n<li><strong>15 horas.<\/strong> <strong>Procesi\u00f3n de San Saturnino<\/strong>. Recorrido: Calle de San Saturnino, Mayor, Paso del Dr. Arazuri, Nueva y San Saturnino, hasta la iglesia. En caso de lluvia el recorrido podr\u00eda sufrir modificaciones. Posterior regreso a la Casa Consistorial a las 12.20 horas, aproximadamente<\/li>\n<li><strong>45 horas. Encendido de la iluminaci\u00f3n navide\u00f1a.<\/strong> Fachada de la Casa Consistorial<\/li>\n<li><strong>00 horas. Concierto de La Pamplonesa<\/strong>. \u2018La Gran V\u00eda\u2019 (zarzuela). Teatro Gayarre. Entradas al precio de 10 euros en las taquillas o en <a href=\"http:\/\/www.teatrogayarre.com\/\" target=\"_blank\" rel=\"noopener\">www.teatrogayarre.com<\/a>. El concierto tendr\u00e1 lugar tanto el jueves 29 como el viernes 30 de noviembre, a las 20 horas.<\/li>\n<\/ul>\n<p>&nbsp;<\/p>\n","protected":false},"excerpt":{"rendered":"<p>Coincidiendo con las celebraciones del patr\u00f3n de la ciudad, a las 17.45 horas se proceder\u00e1 al encendido de la iluminaci\u00f3n navide\u00f1a<\/p>\n","protected":false},"author":1,"featured_media":14383,"comment_status":"open","ping_status":"closed","sticky":false,"template":"","format":"standard","meta":{"footnotes":""},"categories":[2],"tags":[],"class_list":["post-19606","post","type-post","status-publish","format-standard","has-post-thumbnail","hentry","category-ayuntamiento-pamplona"],"yoast_head":"<!-- This site is optimized with the Yoast SEO plugin v27.3 - https:\/\/yoast.com\/product\/yoast-seo-wordpress\/ -->\n<title>Pamplona celebra este jueves la festividad de San Saturnino, con procesi\u00f3n, salida de la comparsa de Gigantes y Cabezudos y concierto de La Pamplonesa<\/title>\n<meta name=\"robots\" content=\"index, follow, max-snippet:-1, max-image-preview:large, max-video-preview:-1\" \/>\n<link rel=\"canonical\" href=\"https:\/\/www.laguiadepamplona.com\/actualidad\/pamplona-celebra-este-jueves-la-festividad-de-san-saturnino-con-procesion-salida-de-la-comparsa-de-gigantes-y-cabezudos-y-concierto-de-la-pamplonesa\/\" \/>\n<meta property=\"og:locale\" content=\"es_ES\" \/>\n<meta property=\"og:type\" content=\"article\" \/>\n<meta property=\"og:title\" content=\"Pamplona celebra este jueves la festividad de San Saturnino, con procesi\u00f3n, salida de la comparsa de Gigantes y Cabezudos y concierto de La Pamplonesa\" \/>\n<meta property=\"og:description\" content=\"Coincidiendo con las celebraciones del patr\u00f3n de la ciudad, a las 17.45 horas se proceder\u00e1 al encendido de la iluminaci\u00f3n navide\u00f1a\" \/>\n<meta property=\"og:url\" content=\"https:\/\/www.laguiadepamplona.com\/actualidad\/pamplona-celebra-este-jueves-la-festividad-de-san-saturnino-con-procesion-salida-de-la-comparsa-de-gigantes-y-cabezudos-y-concierto-de-la-pamplonesa\/\" \/>\n<meta property=\"og:site_name\" content=\"La Gu\u00eda de Pamplona\" \/>\n<meta property=\"article:publisher\" content=\"https:\/\/www.facebook.com\/laguiadepamplonacom-133175176762273\/?ref=hl\" \/>\n<meta property=\"article:published_time\" content=\"2018-11-27T12:27:23+00:00\" \/>\n<meta property=\"og:image\" content=\"https:\/\/www.laguiadepamplona.com\/actualidad\/wp-content\/uploads\/2017\/09\/gigantes-y-cabezudos.jpg\" \/>\n\t<meta property=\"og:image:width\" content=\"1000\" \/>\n\t<meta property=\"og:image:height\" content=\"667\" \/>\n\t<meta property=\"og:image:type\" content=\"image\/jpeg\" \/>\n<meta name=\"author\" content=\"La Gu\u00eda de Pamplona\" \/>\n<meta name=\"twitter:card\" content=\"summary_large_image\" \/>\n<meta name=\"twitter:creator\" content=\"@LaGuiadPamplona\" \/>\n<meta name=\"twitter:site\" content=\"@LaGuiadPamplona\" \/>\n<meta name=\"twitter:label1\" content=\"Escrito por\" \/>\n\t<meta name=\"twitter:data1\" content=\"La Gu\u00eda de Pamplona\" \/>\n\t<meta name=\"twitter:label2\" content=\"Tiempo de lectura\" \/>\n\t<meta name=\"twitter:data2\" content=\"5 minutos\" \/>\n<script type=\"application\/ld+json\" class=\"yoast-schema-graph\">{\"@context\":\"https:\\\/\\\/schema.org\",\"@graph\":[{\"@type\":\"Article\",\"@id\":\"https:\\\/\\\/www.laguiadepamplona.com\\\/actualidad\\\/pamplona-celebra-este-jueves-la-festividad-de-san-saturnino-con-procesion-salida-de-la-comparsa-de-gigantes-y-cabezudos-y-concierto-de-la-pamplonesa\\\/#article\",\"isPartOf\":{\"@id\":\"https:\\\/\\\/www.laguiadepamplona.com\\\/actualidad\\\/pamplona-celebra-este-jueves-la-festividad-de-san-saturnino-con-procesion-salida-de-la-comparsa-de-gigantes-y-cabezudos-y-concierto-de-la-pamplonesa\\\/\"},\"author\":{\"name\":\"La Gu\u00eda de Pamplona\",\"@id\":\"https:\\\/\\\/www.laguiadepamplona.com\\\/actualidad\\\/#\\\/schema\\\/person\\\/efe887376f0213d4657c93adc50b1fdb\"},\"headline\":\"Pamplona celebra este jueves la festividad de San Saturnino, con procesi\u00f3n, salida de la comparsa de Gigantes y Cabezudos y concierto de La Pamplonesa\",\"datePublished\":\"2018-11-27T12:27:23+00:00\",\"mainEntityOfPage\":{\"@id\":\"https:\\\/\\\/www.laguiadepamplona.com\\\/actualidad\\\/pamplona-celebra-este-jueves-la-festividad-de-san-saturnino-con-procesion-salida-de-la-comparsa-de-gigantes-y-cabezudos-y-concierto-de-la-pamplonesa\\\/\"},\"wordCount\":1082,\"commentCount\":0,\"publisher\":{\"@id\":\"https:\\\/\\\/www.laguiadepamplona.com\\\/actualidad\\\/#organization\"},\"image\":{\"@id\":\"https:\\\/\\\/www.laguiadepamplona.com\\\/actualidad\\\/pamplona-celebra-este-jueves-la-festividad-de-san-saturnino-con-procesion-salida-de-la-comparsa-de-gigantes-y-cabezudos-y-concierto-de-la-pamplonesa\\\/#primaryimage\"},\"thumbnailUrl\":\"https:\\\/\\\/www.laguiadepamplona.com\\\/actualidad\\\/wp-content\\\/uploads\\\/2017\\\/09\\\/gigantes-y-cabezudos.jpg\",\"articleSection\":[\"Ayto Pamplona\"],\"inLanguage\":\"es\",\"potentialAction\":[{\"@type\":\"CommentAction\",\"name\":\"Comment\",\"target\":[\"https:\\\/\\\/www.laguiadepamplona.com\\\/actualidad\\\/pamplona-celebra-este-jueves-la-festividad-de-san-saturnino-con-procesion-salida-de-la-comparsa-de-gigantes-y-cabezudos-y-concierto-de-la-pamplonesa\\\/#respond\"]}]},{\"@type\":\"WebPage\",\"@id\":\"https:\\\/\\\/www.laguiadepamplona.com\\\/actualidad\\\/pamplona-celebra-este-jueves-la-festividad-de-san-saturnino-con-procesion-salida-de-la-comparsa-de-gigantes-y-cabezudos-y-concierto-de-la-pamplonesa\\\/\",\"url\":\"https:\\\/\\\/www.laguiadepamplona.com\\\/actualidad\\\/pamplona-celebra-este-jueves-la-festividad-de-san-saturnino-con-procesion-salida-de-la-comparsa-de-gigantes-y-cabezudos-y-concierto-de-la-pamplonesa\\\/\",\"name\":\"Pamplona celebra este jueves la festividad de San Saturnino, con procesi\u00f3n, salida de la comparsa de Gigantes y Cabezudos y concierto de La Pamplonesa\",\"isPartOf\":{\"@id\":\"https:\\\/\\\/www.laguiadepamplona.com\\\/actualidad\\\/#website\"},\"primaryImageOfPage\":{\"@id\":\"https:\\\/\\\/www.laguiadepamplona.com\\\/actualidad\\\/pamplona-celebra-este-jueves-la-festividad-de-san-saturnino-con-procesion-salida-de-la-comparsa-de-gigantes-y-cabezudos-y-concierto-de-la-pamplonesa\\\/#primaryimage\"},\"image\":{\"@id\":\"https:\\\/\\\/www.laguiadepamplona.com\\\/actualidad\\\/pamplona-celebra-este-jueves-la-festividad-de-san-saturnino-con-procesion-salida-de-la-comparsa-de-gigantes-y-cabezudos-y-concierto-de-la-pamplonesa\\\/#primaryimage\"},\"thumbnailUrl\":\"https:\\\/\\\/www.laguiadepamplona.com\\\/actualidad\\\/wp-content\\\/uploads\\\/2017\\\/09\\\/gigantes-y-cabezudos.jpg\",\"datePublished\":\"2018-11-27T12:27:23+00:00\",\"breadcrumb\":{\"@id\":\"https:\\\/\\\/www.laguiadepamplona.com\\\/actualidad\\\/pamplona-celebra-este-jueves-la-festividad-de-san-saturnino-con-procesion-salida-de-la-comparsa-de-gigantes-y-cabezudos-y-concierto-de-la-pamplonesa\\\/#breadcrumb\"},\"inLanguage\":\"es\",\"potentialAction\":[{\"@type\":\"ReadAction\",\"target\":[\"https:\\\/\\\/www.laguiadepamplona.com\\\/actualidad\\\/pamplona-celebra-este-jueves-la-festividad-de-san-saturnino-con-procesion-salida-de-la-comparsa-de-gigantes-y-cabezudos-y-concierto-de-la-pamplonesa\\\/\"]}]},{\"@type\":\"ImageObject\",\"inLanguage\":\"es\",\"@id\":\"https:\\\/\\\/www.laguiadepamplona.com\\\/actualidad\\\/pamplona-celebra-este-jueves-la-festividad-de-san-saturnino-con-procesion-salida-de-la-comparsa-de-gigantes-y-cabezudos-y-concierto-de-la-pamplonesa\\\/#primaryimage\",\"url\":\"https:\\\/\\\/www.laguiadepamplona.com\\\/actualidad\\\/wp-content\\\/uploads\\\/2017\\\/09\\\/gigantes-y-cabezudos.jpg\",\"contentUrl\":\"https:\\\/\\\/www.laguiadepamplona.com\\\/actualidad\\\/wp-content\\\/uploads\\\/2017\\\/09\\\/gigantes-y-cabezudos.jpg\",\"width\":1000,\"height\":667},{\"@type\":\"BreadcrumbList\",\"@id\":\"https:\\\/\\\/www.laguiadepamplona.com\\\/actualidad\\\/pamplona-celebra-este-jueves-la-festividad-de-san-saturnino-con-procesion-salida-de-la-comparsa-de-gigantes-y-cabezudos-y-concierto-de-la-pamplonesa\\\/#breadcrumb\",\"itemListElement\":[{\"@type\":\"ListItem\",\"position\":1,\"name\":\"Portada\",\"item\":\"https:\\\/\\\/www.laguiadepamplona.com\\\/actualidad\\\/\"},{\"@type\":\"ListItem\",\"position\":2,\"name\":\"Pamplona celebra este jueves la festividad de San Saturnino, con procesi\u00f3n, salida de la comparsa de Gigantes y Cabezudos y concierto de La Pamplonesa\"}]},{\"@type\":\"WebSite\",\"@id\":\"https:\\\/\\\/www.laguiadepamplona.com\\\/actualidad\\\/#website\",\"url\":\"https:\\\/\\\/www.laguiadepamplona.com\\\/actualidad\\\/\",\"name\":\"La gu\u00eda de Pamplona\",\"description\":\"Noticias de Pamplona\",\"publisher\":{\"@id\":\"https:\\\/\\\/www.laguiadepamplona.com\\\/actualidad\\\/#organization\"},\"potentialAction\":[{\"@type\":\"SearchAction\",\"target\":{\"@type\":\"EntryPoint\",\"urlTemplate\":\"https:\\\/\\\/www.laguiadepamplona.com\\\/actualidad\\\/?s={search_term_string}\"},\"query-input\":{\"@type\":\"PropertyValueSpecification\",\"valueRequired\":true,\"valueName\":\"search_term_string\"}}],\"inLanguage\":\"es\"},{\"@type\":\"Organization\",\"@id\":\"https:\\\/\\\/www.laguiadepamplona.com\\\/actualidad\\\/#organization\",\"name\":\"La Gu\u00eda de Pamplona \\\/ Noticias\",\"url\":\"https:\\\/\\\/www.laguiadepamplona.com\\\/actualidad\\\/\",\"logo\":{\"@type\":\"ImageObject\",\"inLanguage\":\"es\",\"@id\":\"https:\\\/\\\/www.laguiadepamplona.com\\\/actualidad\\\/#\\\/schema\\\/logo\\\/image\\\/\",\"url\":\"https:\\\/\\\/www.laguiadepamplona.com\\\/actualidad\\\/wp-content\\\/uploads\\\/2018\\\/11\\\/logo-laguiadepamplona18-web1.png\",\"contentUrl\":\"https:\\\/\\\/www.laguiadepamplona.com\\\/actualidad\\\/wp-content\\\/uploads\\\/2018\\\/11\\\/logo-laguiadepamplona18-web1.png\",\"width\":600,\"height\":196,\"caption\":\"La Gu\u00eda de Pamplona \\\/ Noticias\"},\"image\":{\"@id\":\"https:\\\/\\\/www.laguiadepamplona.com\\\/actualidad\\\/#\\\/schema\\\/logo\\\/image\\\/\"},\"sameAs\":[\"https:\\\/\\\/www.facebook.com\\\/laguiadepamplonacom-133175176762273\\\/?ref=hl\",\"https:\\\/\\\/x.com\\\/LaGuiadPamplona\",\"https:\\\/\\\/www.instagram.com\\\/la_guia_de_pamplona\\\/\",\"https:\\\/\\\/www.youtube.com\\\/user\\\/laguiadepamplona\"]},{\"@type\":\"Person\",\"@id\":\"https:\\\/\\\/www.laguiadepamplona.com\\\/actualidad\\\/#\\\/schema\\\/person\\\/efe887376f0213d4657c93adc50b1fdb\",\"name\":\"La Gu\u00eda de Pamplona\",\"image\":{\"@type\":\"ImageObject\",\"inLanguage\":\"es\",\"@id\":\"https:\\\/\\\/secure.gravatar.com\\\/avatar\\\/b6992f131dc8d30ab0dff15446e9d346d9dbd95992de0fef795073f5ea83a81c?s=96&d=mm&r=g\",\"url\":\"https:\\\/\\\/secure.gravatar.com\\\/avatar\\\/b6992f131dc8d30ab0dff15446e9d346d9dbd95992de0fef795073f5ea83a81c?s=96&d=mm&r=g\",\"contentUrl\":\"https:\\\/\\\/secure.gravatar.com\\\/avatar\\\/b6992f131dc8d30ab0dff15446e9d346d9dbd95992de0fef795073f5ea83a81c?s=96&d=mm&r=g\",\"caption\":\"La Gu\u00eda de Pamplona\"}}]}<\/script>\n<!-- \/ Yoast SEO plugin. -->","yoast_head_json":{"title":"Pamplona celebra este jueves la festividad de San Saturnino, con procesi\u00f3n, salida de la comparsa de Gigantes y Cabezudos y concierto de La Pamplonesa","robots":{"index":"index","follow":"follow","max-snippet":"max-snippet:-1","max-image-preview":"max-image-preview:large","max-video-preview":"max-video-preview:-1"},"canonical":"https:\/\/www.laguiadepamplona.com\/actualidad\/pamplona-celebra-este-jueves-la-festividad-de-san-saturnino-con-procesion-salida-de-la-comparsa-de-gigantes-y-cabezudos-y-concierto-de-la-pamplonesa\/","og_locale":"es_ES","og_type":"article","og_title":"Pamplona celebra este jueves la festividad de San Saturnino, con procesi\u00f3n, salida de la comparsa de Gigantes y Cabezudos y concierto de La Pamplonesa","og_description":"Coincidiendo con las celebraciones del patr\u00f3n de la ciudad, a las 17.45 horas se proceder\u00e1 al encendido de la iluminaci\u00f3n navide\u00f1a","og_url":"https:\/\/www.laguiadepamplona.com\/actualidad\/pamplona-celebra-este-jueves-la-festividad-de-san-saturnino-con-procesion-salida-de-la-comparsa-de-gigantes-y-cabezudos-y-concierto-de-la-pamplonesa\/","og_site_name":"La Gu\u00eda de Pamplona","article_publisher":"https:\/\/www.facebook.com\/laguiadepamplonacom-133175176762273\/?ref=hl","article_published_time":"2018-11-27T12:27:23+00:00","og_image":[{"width":1000,"height":667,"url":"https:\/\/www.laguiadepamplona.com\/actualidad\/wp-content\/uploads\/2017\/09\/gigantes-y-cabezudos.jpg","type":"image\/jpeg"}],"author":"La Gu\u00eda de Pamplona","twitter_card":"summary_large_image","twitter_creator":"@LaGuiadPamplona","twitter_site":"@LaGuiadPamplona","twitter_misc":{"Escrito por":"La Gu\u00eda de Pamplona","Tiempo de lectura":"5 minutos"},"schema":{"@context":"https:\/\/schema.org","@graph":[{"@type":"Article","@id":"https:\/\/www.laguiadepamplona.com\/actualidad\/pamplona-celebra-este-jueves-la-festividad-de-san-saturnino-con-procesion-salida-de-la-comparsa-de-gigantes-y-cabezudos-y-concierto-de-la-pamplonesa\/#article","isPartOf":{"@id":"https:\/\/www.laguiadepamplona.com\/actualidad\/pamplona-celebra-este-jueves-la-festividad-de-san-saturnino-con-procesion-salida-de-la-comparsa-de-gigantes-y-cabezudos-y-concierto-de-la-pamplonesa\/"},"author":{"name":"La Gu\u00eda de Pamplona","@id":"https:\/\/www.laguiadepamplona.com\/actualidad\/#\/schema\/person\/efe887376f0213d4657c93adc50b1fdb"},"headline":"Pamplona celebra este jueves la festividad de San Saturnino, con procesi\u00f3n, salida de la comparsa de Gigantes y Cabezudos y concierto de La Pamplonesa","datePublished":"2018-11-27T12:27:23+00:00","mainEntityOfPage":{"@id":"https:\/\/www.laguiadepamplona.com\/actualidad\/pamplona-celebra-este-jueves-la-festividad-de-san-saturnino-con-procesion-salida-de-la-comparsa-de-gigantes-y-cabezudos-y-concierto-de-la-pamplonesa\/"},"wordCount":1082,"commentCount":0,"publisher":{"@id":"https:\/\/www.laguiadepamplona.com\/actualidad\/#organization"},"image":{"@id":"https:\/\/www.laguiadepamplona.com\/actualidad\/pamplona-celebra-este-jueves-la-festividad-de-san-saturnino-con-procesion-salida-de-la-comparsa-de-gigantes-y-cabezudos-y-concierto-de-la-pamplonesa\/#primaryimage"},"thumbnailUrl":"https:\/\/www.laguiadepamplona.com\/actualidad\/wp-content\/uploads\/2017\/09\/gigantes-y-cabezudos.jpg","articleSection":["Ayto Pamplona"],"inLanguage":"es","potentialAction":[{"@type":"CommentAction","name":"Comment","target":["https:\/\/www.laguiadepamplona.com\/actualidad\/pamplona-celebra-este-jueves-la-festividad-de-san-saturnino-con-procesion-salida-de-la-comparsa-de-gigantes-y-cabezudos-y-concierto-de-la-pamplonesa\/#respond"]}]},{"@type":"WebPage","@id":"https:\/\/www.laguiadepamplona.com\/actualidad\/pamplona-celebra-este-jueves-la-festividad-de-san-saturnino-con-procesion-salida-de-la-comparsa-de-gigantes-y-cabezudos-y-concierto-de-la-pamplonesa\/","url":"https:\/\/www.laguiadepamplona.com\/actualidad\/pamplona-celebra-este-jueves-la-festividad-de-san-saturnino-con-procesion-salida-de-la-comparsa-de-gigantes-y-cabezudos-y-concierto-de-la-pamplonesa\/","name":"Pamplona celebra este jueves la festividad de San Saturnino, con procesi\u00f3n, salida de la comparsa de Gigantes y Cabezudos y concierto de La Pamplonesa","isPartOf":{"@id":"https:\/\/www.laguiadepamplona.com\/actualidad\/#website"},"primaryImageOfPage":{"@id":"https:\/\/www.laguiadepamplona.com\/actualidad\/pamplona-celebra-este-jueves-la-festividad-de-san-saturnino-con-procesion-salida-de-la-comparsa-de-gigantes-y-cabezudos-y-concierto-de-la-pamplonesa\/#primaryimage"},"image":{"@id":"https:\/\/www.laguiadepamplona.com\/actualidad\/pamplona-celebra-este-jueves-la-festividad-de-san-saturnino-con-procesion-salida-de-la-comparsa-de-gigantes-y-cabezudos-y-concierto-de-la-pamplonesa\/#primaryimage"},"thumbnailUrl":"https:\/\/www.laguiadepamplona.com\/actualidad\/wp-content\/uploads\/2017\/09\/gigantes-y-cabezudos.jpg","datePublished":"2018-11-27T12:27:23+00:00","breadcrumb":{"@id":"https:\/\/www.laguiadepamplona.com\/actualidad\/pamplona-celebra-este-jueves-la-festividad-de-san-saturnino-con-procesion-salida-de-la-comparsa-de-gigantes-y-cabezudos-y-concierto-de-la-pamplonesa\/#breadcrumb"},"inLanguage":"es","potentialAction":[{"@type":"ReadAction","target":["https:\/\/www.laguiadepamplona.com\/actualidad\/pamplona-celebra-este-jueves-la-festividad-de-san-saturnino-con-procesion-salida-de-la-comparsa-de-gigantes-y-cabezudos-y-concierto-de-la-pamplonesa\/"]}]},{"@type":"ImageObject","inLanguage":"es","@id":"https:\/\/www.laguiadepamplona.com\/actualidad\/pamplona-celebra-este-jueves-la-festividad-de-san-saturnino-con-procesion-salida-de-la-comparsa-de-gigantes-y-cabezudos-y-concierto-de-la-pamplonesa\/#primaryimage","url":"https:\/\/www.laguiadepamplona.com\/actualidad\/wp-content\/uploads\/2017\/09\/gigantes-y-cabezudos.jpg","contentUrl":"https:\/\/www.laguiadepamplona.com\/actualidad\/wp-content\/uploads\/2017\/09\/gigantes-y-cabezudos.jpg","width":1000,"height":667},{"@type":"BreadcrumbList","@id":"https:\/\/www.laguiadepamplona.com\/actualidad\/pamplona-celebra-este-jueves-la-festividad-de-san-saturnino-con-procesion-salida-de-la-comparsa-de-gigantes-y-cabezudos-y-concierto-de-la-pamplonesa\/#breadcrumb","itemListElement":[{"@type":"ListItem","position":1,"name":"Portada","item":"https:\/\/www.laguiadepamplona.com\/actualidad\/"},{"@type":"ListItem","position":2,"name":"Pamplona celebra este jueves la festividad de San Saturnino, con procesi\u00f3n, salida de la comparsa de Gigantes y Cabezudos y concierto de La Pamplonesa"}]},{"@type":"WebSite","@id":"https:\/\/www.laguiadepamplona.com\/actualidad\/#website","url":"https:\/\/www.laguiadepamplona.com\/actualidad\/","name":"La gu\u00eda de Pamplona","description":"Noticias de Pamplona","publisher":{"@id":"https:\/\/www.laguiadepamplona.com\/actualidad\/#organization"},"potentialAction":[{"@type":"SearchAction","target":{"@type":"EntryPoint","urlTemplate":"https:\/\/www.laguiadepamplona.com\/actualidad\/?s={search_term_string}"},"query-input":{"@type":"PropertyValueSpecification","valueRequired":true,"valueName":"search_term_string"}}],"inLanguage":"es"},{"@type":"Organization","@id":"https:\/\/www.laguiadepamplona.com\/actualidad\/#organization","name":"La Gu\u00eda de Pamplona \/ Noticias","url":"https:\/\/www.laguiadepamplona.com\/actualidad\/","logo":{"@type":"ImageObject","inLanguage":"es","@id":"https:\/\/www.laguiadepamplona.com\/actualidad\/#\/schema\/logo\/image\/","url":"https:\/\/www.laguiadepamplona.com\/actualidad\/wp-content\/uploads\/2018\/11\/logo-laguiadepamplona18-web1.png","contentUrl":"https:\/\/www.laguiadepamplona.com\/actualidad\/wp-content\/uploads\/2018\/11\/logo-laguiadepamplona18-web1.png","width":600,"height":196,"caption":"La Gu\u00eda de Pamplona \/ Noticias"},"image":{"@id":"https:\/\/www.laguiadepamplona.com\/actualidad\/#\/schema\/logo\/image\/"},"sameAs":["https:\/\/www.facebook.com\/laguiadepamplonacom-133175176762273\/?ref=hl","https:\/\/x.com\/LaGuiadPamplona","https:\/\/www.instagram.com\/la_guia_de_pamplona\/","https:\/\/www.youtube.com\/user\/laguiadepamplona"]},{"@type":"Person","@id":"https:\/\/www.laguiadepamplona.com\/actualidad\/#\/schema\/person\/efe887376f0213d4657c93adc50b1fdb","name":"La Gu\u00eda de Pamplona","image":{"@type":"ImageObject","inLanguage":"es","@id":"https:\/\/secure.gravatar.com\/avatar\/b6992f131dc8d30ab0dff15446e9d346d9dbd95992de0fef795073f5ea83a81c?s=96&d=mm&r=g","url":"https:\/\/secure.gravatar.com\/avatar\/b6992f131dc8d30ab0dff15446e9d346d9dbd95992de0fef795073f5ea83a81c?s=96&d=mm&r=g","contentUrl":"https:\/\/secure.gravatar.com\/avatar\/b6992f131dc8d30ab0dff15446e9d346d9dbd95992de0fef795073f5ea83a81c?s=96&d=mm&r=g","caption":"La Gu\u00eda de Pamplona"}}]}},"post_mailing_queue_ids":[],"_links":{"self":[{"href":"https:\/\/www.laguiadepamplona.com\/actualidad\/wp-json\/wp\/v2\/posts\/19606","targetHints":{"allow":["GET"]}}],"collection":[{"href":"https:\/\/www.laguiadepamplona.com\/actualidad\/wp-json\/wp\/v2\/posts"}],"about":[{"href":"https:\/\/www.laguiadepamplona.com\/actualidad\/wp-json\/wp\/v2\/types\/post"}],"author":[{"embeddable":true,"href":"https:\/\/www.laguiadepamplona.com\/actualidad\/wp-json\/wp\/v2\/users\/1"}],"replies":[{"embeddable":true,"href":"https:\/\/www.laguiadepamplona.com\/actualidad\/wp-json\/wp\/v2\/comments?post=19606"}],"version-history":[{"count":0,"href":"https:\/\/www.laguiadepamplona.com\/actualidad\/wp-json\/wp\/v2\/posts\/19606\/revisions"}],"wp:featuredmedia":[{"embeddable":true,"href":"https:\/\/www.laguiadepamplona.com\/actualidad\/wp-json\/wp\/v2\/media\/14383"}],"wp:attachment":[{"href":"https:\/\/www.laguiadepamplona.com\/actualidad\/wp-json\/wp\/v2\/media?parent=19606"}],"wp:term":[{"taxonomy":"category","embeddable":true,"href":"https:\/\/www.laguiadepamplona.com\/actualidad\/wp-json\/wp\/v2\/categories?post=19606"},{"taxonomy":"post_tag","embeddable":true,"href":"https:\/\/www.laguiadepamplona.com\/actualidad\/wp-json\/wp\/v2\/tags?post=19606"}],"curies":[{"name":"wp","href":"https:\/\/api.w.org\/{rel}","templated":true}]}}