{"id":19594,"date":"2018-11-27T12:41:47","date_gmt":"2018-11-27T10:41:47","guid":{"rendered":"https:\/\/www.laguiadepamplona.es\/actualidad\/?p=19594"},"modified":"2018-11-27T12:41:47","modified_gmt":"2018-11-27T10:41:47","slug":"berria-y-la-periodista-saioa-alkaiza-premios-del-i-concurso-de-buenas-practicas-periodisticas-en-igualdad-del-ayuntamiento","status":"publish","type":"post","link":"https:\/\/www.laguiadepamplona.com\/actualidad\/berria-y-la-periodista-saioa-alkaiza-premios-del-i-concurso-de-buenas-practicas-periodisticas-en-igualdad-del-ayuntamiento\/","title":{"rendered":"Berria y la periodista Saioa Alkaiza premios del I Concurso de Buenas Pr\u00e1cticas Period\u00edsticas en igualdad del Ayuntamiento"},"content":{"rendered":"<h3>Al concurso se hab\u00edan presentado cuatro medios de comunicaci\u00f3n y otros tantos profesionales con un total de 53 art\u00edculos o noticias audiovisuales<\/h3>\n<p><!--more--><\/p>\n<p>Ion Orzaiz, en representaci\u00f3n de la publicaci\u00f3n Berria, y Carmen Guallar, madre de la periodista Saioa Alkaiza, han recibido esta ma\u00f1ana de manos de la primera teniente de alcalde del Ayuntamiento de Pamplona, Patricia Perales, los premios del I Concurso de Buenas Pr\u00e1cticas Period\u00edsticas en igualdad del Ayuntamiento de Pamplona.<\/p>\n<p>La publicaci\u00f3n Berria ha sido premiado por toda la cobertura realizada durante los Sanfermines 2018. En total 14 piezas que no han constituido una \u00fanica secci\u00f3n sino que han tratado el tema de las violencias hacia las mujeres de forma transversal y, seg\u00fan el jurado \u201chan buscado un prisma profundo, cr\u00edtico y feminista\u201d. Los reportajes de esos d\u00edas abordaban desde la paridad en la contrataci\u00f3n de artistas, a la manera de participar las mujeres en los espacios festivos, un reportaje del aniversario por el asesinato de Nagore Laffage o la campa\u00f1a institucional contra las agresiones sexistas. La informaci\u00f3n del rotativo tambi\u00e9n se ha hecho eco del punto de informaci\u00f3n contra las agresiones y se han realizado entrevistas a trabajadoras diversas en espacios tradicionalmente masculinos y a voces expertas en el \u00e1mbito de la igualdad.<\/p>\n<p>Saioa Alkaiza, periodista de Euskalerria Irratia, ha obtenido el galard\u00f3n en su modalidad \u2018Persona profesional\u2019 por la entrevista realizada el 8 de julio de 2018 a la soci\u00f3loga de la UPNA Lohitzune Zuloaga. Zuloaga presentaba en la emisora un estudio comparativo sobre las agresiones sexistas en Sanfermines y las registradas en fiestas de otras ciudades para concluir que en Sanfermines no se dan m\u00e1s. El jurado ha querido destacar \u201ca partir de esa conclusi\u00f3n se establece un di\u00e1logo periodista-entrevistada en la que Alkaiza va introduciendo temas relacionados con la contextualizaci\u00f3n de las violencias sexistas, la estrategia municipal, el papel de los medios de comunicaci\u00f3n y la coordinaci\u00f3n de diferentes agentes para la implementaci\u00f3n de respuestas unitarias\u201d.<\/p>\n<p><strong>Trabajos y medios presentados a un jurado experto<\/strong><\/p>\n<p>Es la primera vez que el Ayuntamiento organiza este concurso que se enmarca dentro del III Plan para la Igualdad de Pamplona (2016-2022) y que tiene entre sus objetivos facilitar la implicaci\u00f3n de los medios de comunicaci\u00f3n como informantes de calidad y generadores de opini\u00f3n y cuestionamiento de los valores tradicionales asociados a la desigualdad. Cuatro medios de comunicaci\u00f3n han respondido a la propuesta del Ayuntamiento de Pamplona. Trabajos de Diario de Navarra, Diario de Noticias, Berria y Hamaika Telebista han competido en la categor\u00eda \u2018Medios de Comunicaci\u00f3n\u2019 y cuatro periodistas, Luis Aristu de Diario de Noticias, Saioa Alkaiza de Euskalerria Irratia, Jokin Lecumberri corresponsal de La Vanguardia y Karl Penhaul de Al Jazeera English, se presentaban a la categor\u00eda unipersonal. En total, el jurado ha recibido 53 originales, siete de ellos en castellano, 30 en euskera y una en ingl\u00e9s.<\/p>\n<p>El jurado de este I Concurso de Buenas Pr\u00e1cticas Period\u00edsticas en igualdad del Ayuntamiento de Pamplona ha estado formado por la 1\u00ba Teniente de Alcald\u00eda, Patricia Perales; la t\u00e9cnica municipal Zaloa Basabe; M\u00ba Bel Mart\u00ednez, abogada del Servicio de Atenci\u00f3n a la Mujer en representaci\u00f3n del grupo \u2018Sanfermines en Igualdad\u2019 y, en representaci\u00f3n del Servicio de Comunicaci\u00f3n Municipal, su responsable Alberto Gil.<\/p>\n<p>Las propuestas premiadas, as\u00ed como las no premiadas, podr\u00e1n ser publicadas y difundidas por el \u00e1rea de Igualdad del Ayuntamiento de Pamplona con el fin de favorecer el intercambio de experiencias en materia de igualdad.<\/p>\n<p>En su labor, el jurado ha tenido en cuenta la difusi\u00f3n de la participaci\u00f3n y protagonismo de las mujeres en su diversidad en los Sanfermines 2018; la buena contextualizacion en el tratamiento informativo de las violencias contra las mujeres y la cobertura informativa de la estrategia municipal frente a las agresiones sexistas, as\u00ed como sobre los recursos coordinados puestos a disposici\u00f3n de las mujeres durante los Sanfermines 2018.<\/p>\n<p><strong>Trabajo abordado en colaboraci\u00f3n y sostenido en el tiempo<\/strong><\/p>\n<p>El Ayuntamiento de Pamplona desde el a\u00f1o 2013 trabaja esta l\u00ednea de actuaci\u00f3n concreta con el impulso del grupo \u201cSanfermines en igualdad\u201d. En ese sentido se han hecho desde sesiones espec\u00edficas, como las de los a\u00f1os 2013, 2014, 2016 y 2017 con Eulalia Lled\u00f3 Cunill, doctora en Filolog\u00eda Rom\u00e1nica e investigadora sobre los sesgos ideol\u00f3gicos de la lengua, hasta campa\u00f1as de difusi\u00f3n de mensajes de igualdad contando con la presencia activa de periodistas en esos soportes publicitarios.<\/p>\n<p>Desde el a\u00f1o 2016, se han realizado hasta tres encuentros con representantes medios y gabinetes de comunicaci\u00f3n y profesionales del sector para seguir profundizando en el an\u00e1lisis de los tratamientos informativos y difundiendo y poniendo en valor las pr\u00e1cticas period\u00edsticas rigurosas dentro de un marco de compromiso \u00e9tico con la erradicaci\u00f3n de desigualdades y violencias hacia las mujeres.<\/p>\n<p>El Consistorio ha trabajado, adem\u00e1s, en materiales de apoyo espec\u00edficos para profesionales y empresas period\u00edsticas como el mencionado \u2018Dec\u00e1logo de recomendaciones para informar\u2019. y ha presentado sus gu\u00edas y campa\u00f1as tanto en el \u00e1mbito local, como desplaz\u00e1ndose a otras ciudades para llegar a medios nacionales e internacionales en citas pensadas con ese prop\u00f3sito concreto. Como ejemplo, en la jornada celebrada en Madrid en junio de 2017 \u201cImpacto medi\u00e1tico de San Ferm\u00edn: realidad, estereotipos y mitos\u201d participaron 65 medios de comunicaci\u00f3n.<\/p>\n<p>&nbsp;<\/p>\n","protected":false},"excerpt":{"rendered":"<p>Al concurso se hab\u00edan presentado cuatro medios de comunicaci\u00f3n y otros tantos profesionales con un total de 53 art\u00edculos o noticias audiovisuales<\/p>\n","protected":false},"author":1,"featured_media":19595,"comment_status":"open","ping_status":"closed","sticky":false,"template":"","format":"standard","meta":{"footnotes":""},"categories":[2],"tags":[],"class_list":["post-19594","post","type-post","status-publish","format-standard","has-post-thumbnail","hentry","category-ayuntamiento-pamplona"],"yoast_head":"<!-- This site is optimized with the Yoast SEO plugin v27.3 - https:\/\/yoast.com\/product\/yoast-seo-wordpress\/ -->\n<title>Berria y la periodista Saioa Alkaiza premios del I Concurso de Buenas Pr\u00e1cticas Period\u00edsticas en igualdad del Ayuntamiento<\/title>\n<meta name=\"robots\" content=\"index, follow, max-snippet:-1, max-image-preview:large, max-video-preview:-1\" \/>\n<link rel=\"canonical\" href=\"https:\/\/www.laguiadepamplona.com\/actualidad\/berria-y-la-periodista-saioa-alkaiza-premios-del-i-concurso-de-buenas-practicas-periodisticas-en-igualdad-del-ayuntamiento\/\" \/>\n<meta property=\"og:locale\" content=\"es_ES\" \/>\n<meta property=\"og:type\" content=\"article\" \/>\n<meta property=\"og:title\" content=\"Berria y la periodista Saioa Alkaiza premios del I Concurso de Buenas Pr\u00e1cticas Period\u00edsticas en igualdad del Ayuntamiento\" \/>\n<meta property=\"og:description\" content=\"Al concurso se hab\u00edan presentado cuatro medios de comunicaci\u00f3n y otros tantos profesionales con un total de 53 art\u00edculos o noticias audiovisuales\" \/>\n<meta property=\"og:url\" content=\"https:\/\/www.laguiadepamplona.com\/actualidad\/berria-y-la-periodista-saioa-alkaiza-premios-del-i-concurso-de-buenas-practicas-periodisticas-en-igualdad-del-ayuntamiento\/\" \/>\n<meta property=\"og:site_name\" content=\"La Gu\u00eda de Pamplona\" \/>\n<meta property=\"article:publisher\" content=\"https:\/\/www.facebook.com\/laguiadepamplonacom-133175176762273\/?ref=hl\" \/>\n<meta property=\"article:published_time\" content=\"2018-11-27T10:41:47+00:00\" \/>\n<meta property=\"og:image\" content=\"https:\/\/www.laguiadepamplona.com\/actualidad\/wp-content\/uploads\/2018\/11\/18.11.27_Entrega-premios-periodisticas.jpg\" \/>\n\t<meta property=\"og:image:width\" content=\"1000\" \/>\n\t<meta property=\"og:image:height\" content=\"666\" \/>\n\t<meta property=\"og:image:type\" content=\"image\/jpeg\" \/>\n<meta name=\"author\" content=\"La Gu\u00eda de Pamplona\" \/>\n<meta name=\"twitter:card\" content=\"summary_large_image\" \/>\n<meta name=\"twitter:creator\" content=\"@LaGuiadPamplona\" \/>\n<meta name=\"twitter:site\" content=\"@LaGuiadPamplona\" \/>\n<meta name=\"twitter:label1\" content=\"Escrito por\" \/>\n\t<meta name=\"twitter:data1\" content=\"La Gu\u00eda de Pamplona\" \/>\n\t<meta name=\"twitter:label2\" content=\"Tiempo de lectura\" \/>\n\t<meta name=\"twitter:data2\" content=\"5 minutos\" \/>\n<script type=\"application\/ld+json\" class=\"yoast-schema-graph\">{\"@context\":\"https:\\\/\\\/schema.org\",\"@graph\":[{\"@type\":\"Article\",\"@id\":\"https:\\\/\\\/www.laguiadepamplona.com\\\/actualidad\\\/berria-y-la-periodista-saioa-alkaiza-premios-del-i-concurso-de-buenas-practicas-periodisticas-en-igualdad-del-ayuntamiento\\\/#article\",\"isPartOf\":{\"@id\":\"https:\\\/\\\/www.laguiadepamplona.com\\\/actualidad\\\/berria-y-la-periodista-saioa-alkaiza-premios-del-i-concurso-de-buenas-practicas-periodisticas-en-igualdad-del-ayuntamiento\\\/\"},\"author\":{\"name\":\"La Gu\u00eda de Pamplona\",\"@id\":\"https:\\\/\\\/www.laguiadepamplona.com\\\/actualidad\\\/#\\\/schema\\\/person\\\/efe887376f0213d4657c93adc50b1fdb\"},\"headline\":\"Berria y la periodista Saioa Alkaiza premios del I Concurso de Buenas Pr\u00e1cticas Period\u00edsticas en igualdad del Ayuntamiento\",\"datePublished\":\"2018-11-27T10:41:47+00:00\",\"mainEntityOfPage\":{\"@id\":\"https:\\\/\\\/www.laguiadepamplona.com\\\/actualidad\\\/berria-y-la-periodista-saioa-alkaiza-premios-del-i-concurso-de-buenas-practicas-periodisticas-en-igualdad-del-ayuntamiento\\\/\"},\"wordCount\":939,\"commentCount\":0,\"publisher\":{\"@id\":\"https:\\\/\\\/www.laguiadepamplona.com\\\/actualidad\\\/#organization\"},\"image\":{\"@id\":\"https:\\\/\\\/www.laguiadepamplona.com\\\/actualidad\\\/berria-y-la-periodista-saioa-alkaiza-premios-del-i-concurso-de-buenas-practicas-periodisticas-en-igualdad-del-ayuntamiento\\\/#primaryimage\"},\"thumbnailUrl\":\"https:\\\/\\\/www.laguiadepamplona.com\\\/actualidad\\\/wp-content\\\/uploads\\\/2018\\\/11\\\/18.11.27_Entrega-premios-periodisticas.jpg\",\"articleSection\":[\"Ayto Pamplona\"],\"inLanguage\":\"es\",\"potentialAction\":[{\"@type\":\"CommentAction\",\"name\":\"Comment\",\"target\":[\"https:\\\/\\\/www.laguiadepamplona.com\\\/actualidad\\\/berria-y-la-periodista-saioa-alkaiza-premios-del-i-concurso-de-buenas-practicas-periodisticas-en-igualdad-del-ayuntamiento\\\/#respond\"]}]},{\"@type\":\"WebPage\",\"@id\":\"https:\\\/\\\/www.laguiadepamplona.com\\\/actualidad\\\/berria-y-la-periodista-saioa-alkaiza-premios-del-i-concurso-de-buenas-practicas-periodisticas-en-igualdad-del-ayuntamiento\\\/\",\"url\":\"https:\\\/\\\/www.laguiadepamplona.com\\\/actualidad\\\/berria-y-la-periodista-saioa-alkaiza-premios-del-i-concurso-de-buenas-practicas-periodisticas-en-igualdad-del-ayuntamiento\\\/\",\"name\":\"Berria y la periodista Saioa Alkaiza premios del I Concurso de Buenas Pr\u00e1cticas Period\u00edsticas en igualdad del Ayuntamiento\",\"isPartOf\":{\"@id\":\"https:\\\/\\\/www.laguiadepamplona.com\\\/actualidad\\\/#website\"},\"primaryImageOfPage\":{\"@id\":\"https:\\\/\\\/www.laguiadepamplona.com\\\/actualidad\\\/berria-y-la-periodista-saioa-alkaiza-premios-del-i-concurso-de-buenas-practicas-periodisticas-en-igualdad-del-ayuntamiento\\\/#primaryimage\"},\"image\":{\"@id\":\"https:\\\/\\\/www.laguiadepamplona.com\\\/actualidad\\\/berria-y-la-periodista-saioa-alkaiza-premios-del-i-concurso-de-buenas-practicas-periodisticas-en-igualdad-del-ayuntamiento\\\/#primaryimage\"},\"thumbnailUrl\":\"https:\\\/\\\/www.laguiadepamplona.com\\\/actualidad\\\/wp-content\\\/uploads\\\/2018\\\/11\\\/18.11.27_Entrega-premios-periodisticas.jpg\",\"datePublished\":\"2018-11-27T10:41:47+00:00\",\"breadcrumb\":{\"@id\":\"https:\\\/\\\/www.laguiadepamplona.com\\\/actualidad\\\/berria-y-la-periodista-saioa-alkaiza-premios-del-i-concurso-de-buenas-practicas-periodisticas-en-igualdad-del-ayuntamiento\\\/#breadcrumb\"},\"inLanguage\":\"es\",\"potentialAction\":[{\"@type\":\"ReadAction\",\"target\":[\"https:\\\/\\\/www.laguiadepamplona.com\\\/actualidad\\\/berria-y-la-periodista-saioa-alkaiza-premios-del-i-concurso-de-buenas-practicas-periodisticas-en-igualdad-del-ayuntamiento\\\/\"]}]},{\"@type\":\"ImageObject\",\"inLanguage\":\"es\",\"@id\":\"https:\\\/\\\/www.laguiadepamplona.com\\\/actualidad\\\/berria-y-la-periodista-saioa-alkaiza-premios-del-i-concurso-de-buenas-practicas-periodisticas-en-igualdad-del-ayuntamiento\\\/#primaryimage\",\"url\":\"https:\\\/\\\/www.laguiadepamplona.com\\\/actualidad\\\/wp-content\\\/uploads\\\/2018\\\/11\\\/18.11.27_Entrega-premios-periodisticas.jpg\",\"contentUrl\":\"https:\\\/\\\/www.laguiadepamplona.com\\\/actualidad\\\/wp-content\\\/uploads\\\/2018\\\/11\\\/18.11.27_Entrega-premios-periodisticas.jpg\",\"width\":1000,\"height\":666},{\"@type\":\"BreadcrumbList\",\"@id\":\"https:\\\/\\\/www.laguiadepamplona.com\\\/actualidad\\\/berria-y-la-periodista-saioa-alkaiza-premios-del-i-concurso-de-buenas-practicas-periodisticas-en-igualdad-del-ayuntamiento\\\/#breadcrumb\",\"itemListElement\":[{\"@type\":\"ListItem\",\"position\":1,\"name\":\"Portada\",\"item\":\"https:\\\/\\\/www.laguiadepamplona.com\\\/actualidad\\\/\"},{\"@type\":\"ListItem\",\"position\":2,\"name\":\"Berria y la periodista Saioa Alkaiza premios del I Concurso de Buenas Pr\u00e1cticas Period\u00edsticas en igualdad del Ayuntamiento\"}]},{\"@type\":\"WebSite\",\"@id\":\"https:\\\/\\\/www.laguiadepamplona.com\\\/actualidad\\\/#website\",\"url\":\"https:\\\/\\\/www.laguiadepamplona.com\\\/actualidad\\\/\",\"name\":\"La gu\u00eda de Pamplona\",\"description\":\"Noticias de Pamplona\",\"publisher\":{\"@id\":\"https:\\\/\\\/www.laguiadepamplona.com\\\/actualidad\\\/#organization\"},\"potentialAction\":[{\"@type\":\"SearchAction\",\"target\":{\"@type\":\"EntryPoint\",\"urlTemplate\":\"https:\\\/\\\/www.laguiadepamplona.com\\\/actualidad\\\/?s={search_term_string}\"},\"query-input\":{\"@type\":\"PropertyValueSpecification\",\"valueRequired\":true,\"valueName\":\"search_term_string\"}}],\"inLanguage\":\"es\"},{\"@type\":\"Organization\",\"@id\":\"https:\\\/\\\/www.laguiadepamplona.com\\\/actualidad\\\/#organization\",\"name\":\"La Gu\u00eda de Pamplona \\\/ Noticias\",\"url\":\"https:\\\/\\\/www.laguiadepamplona.com\\\/actualidad\\\/\",\"logo\":{\"@type\":\"ImageObject\",\"inLanguage\":\"es\",\"@id\":\"https:\\\/\\\/www.laguiadepamplona.com\\\/actualidad\\\/#\\\/schema\\\/logo\\\/image\\\/\",\"url\":\"https:\\\/\\\/www.laguiadepamplona.com\\\/actualidad\\\/wp-content\\\/uploads\\\/2018\\\/11\\\/logo-laguiadepamplona18-web1.png\",\"contentUrl\":\"https:\\\/\\\/www.laguiadepamplona.com\\\/actualidad\\\/wp-content\\\/uploads\\\/2018\\\/11\\\/logo-laguiadepamplona18-web1.png\",\"width\":600,\"height\":196,\"caption\":\"La Gu\u00eda de Pamplona \\\/ Noticias\"},\"image\":{\"@id\":\"https:\\\/\\\/www.laguiadepamplona.com\\\/actualidad\\\/#\\\/schema\\\/logo\\\/image\\\/\"},\"sameAs\":[\"https:\\\/\\\/www.facebook.com\\\/laguiadepamplonacom-133175176762273\\\/?ref=hl\",\"https:\\\/\\\/x.com\\\/LaGuiadPamplona\",\"https:\\\/\\\/www.instagram.com\\\/la_guia_de_pamplona\\\/\",\"https:\\\/\\\/www.youtube.com\\\/user\\\/laguiadepamplona\"]},{\"@type\":\"Person\",\"@id\":\"https:\\\/\\\/www.laguiadepamplona.com\\\/actualidad\\\/#\\\/schema\\\/person\\\/efe887376f0213d4657c93adc50b1fdb\",\"name\":\"La Gu\u00eda de Pamplona\",\"image\":{\"@type\":\"ImageObject\",\"inLanguage\":\"es\",\"@id\":\"https:\\\/\\\/secure.gravatar.com\\\/avatar\\\/b6992f131dc8d30ab0dff15446e9d346d9dbd95992de0fef795073f5ea83a81c?s=96&d=mm&r=g\",\"url\":\"https:\\\/\\\/secure.gravatar.com\\\/avatar\\\/b6992f131dc8d30ab0dff15446e9d346d9dbd95992de0fef795073f5ea83a81c?s=96&d=mm&r=g\",\"contentUrl\":\"https:\\\/\\\/secure.gravatar.com\\\/avatar\\\/b6992f131dc8d30ab0dff15446e9d346d9dbd95992de0fef795073f5ea83a81c?s=96&d=mm&r=g\",\"caption\":\"La Gu\u00eda de Pamplona\"}}]}<\/script>\n<!-- \/ Yoast SEO plugin. -->","yoast_head_json":{"title":"Berria y la periodista Saioa Alkaiza premios del I Concurso de Buenas Pr\u00e1cticas Period\u00edsticas en igualdad del Ayuntamiento","robots":{"index":"index","follow":"follow","max-snippet":"max-snippet:-1","max-image-preview":"max-image-preview:large","max-video-preview":"max-video-preview:-1"},"canonical":"https:\/\/www.laguiadepamplona.com\/actualidad\/berria-y-la-periodista-saioa-alkaiza-premios-del-i-concurso-de-buenas-practicas-periodisticas-en-igualdad-del-ayuntamiento\/","og_locale":"es_ES","og_type":"article","og_title":"Berria y la periodista Saioa Alkaiza premios del I Concurso de Buenas Pr\u00e1cticas Period\u00edsticas en igualdad del Ayuntamiento","og_description":"Al concurso se hab\u00edan presentado cuatro medios de comunicaci\u00f3n y otros tantos profesionales con un total de 53 art\u00edculos o noticias audiovisuales","og_url":"https:\/\/www.laguiadepamplona.com\/actualidad\/berria-y-la-periodista-saioa-alkaiza-premios-del-i-concurso-de-buenas-practicas-periodisticas-en-igualdad-del-ayuntamiento\/","og_site_name":"La Gu\u00eda de Pamplona","article_publisher":"https:\/\/www.facebook.com\/laguiadepamplonacom-133175176762273\/?ref=hl","article_published_time":"2018-11-27T10:41:47+00:00","og_image":[{"width":1000,"height":666,"url":"https:\/\/www.laguiadepamplona.com\/actualidad\/wp-content\/uploads\/2018\/11\/18.11.27_Entrega-premios-periodisticas.jpg","type":"image\/jpeg"}],"author":"La Gu\u00eda de Pamplona","twitter_card":"summary_large_image","twitter_creator":"@LaGuiadPamplona","twitter_site":"@LaGuiadPamplona","twitter_misc":{"Escrito por":"La Gu\u00eda de Pamplona","Tiempo de lectura":"5 minutos"},"schema":{"@context":"https:\/\/schema.org","@graph":[{"@type":"Article","@id":"https:\/\/www.laguiadepamplona.com\/actualidad\/berria-y-la-periodista-saioa-alkaiza-premios-del-i-concurso-de-buenas-practicas-periodisticas-en-igualdad-del-ayuntamiento\/#article","isPartOf":{"@id":"https:\/\/www.laguiadepamplona.com\/actualidad\/berria-y-la-periodista-saioa-alkaiza-premios-del-i-concurso-de-buenas-practicas-periodisticas-en-igualdad-del-ayuntamiento\/"},"author":{"name":"La Gu\u00eda de Pamplona","@id":"https:\/\/www.laguiadepamplona.com\/actualidad\/#\/schema\/person\/efe887376f0213d4657c93adc50b1fdb"},"headline":"Berria y la periodista Saioa Alkaiza premios del I Concurso de Buenas Pr\u00e1cticas Period\u00edsticas en igualdad del Ayuntamiento","datePublished":"2018-11-27T10:41:47+00:00","mainEntityOfPage":{"@id":"https:\/\/www.laguiadepamplona.com\/actualidad\/berria-y-la-periodista-saioa-alkaiza-premios-del-i-concurso-de-buenas-practicas-periodisticas-en-igualdad-del-ayuntamiento\/"},"wordCount":939,"commentCount":0,"publisher":{"@id":"https:\/\/www.laguiadepamplona.com\/actualidad\/#organization"},"image":{"@id":"https:\/\/www.laguiadepamplona.com\/actualidad\/berria-y-la-periodista-saioa-alkaiza-premios-del-i-concurso-de-buenas-practicas-periodisticas-en-igualdad-del-ayuntamiento\/#primaryimage"},"thumbnailUrl":"https:\/\/www.laguiadepamplona.com\/actualidad\/wp-content\/uploads\/2018\/11\/18.11.27_Entrega-premios-periodisticas.jpg","articleSection":["Ayto Pamplona"],"inLanguage":"es","potentialAction":[{"@type":"CommentAction","name":"Comment","target":["https:\/\/www.laguiadepamplona.com\/actualidad\/berria-y-la-periodista-saioa-alkaiza-premios-del-i-concurso-de-buenas-practicas-periodisticas-en-igualdad-del-ayuntamiento\/#respond"]}]},{"@type":"WebPage","@id":"https:\/\/www.laguiadepamplona.com\/actualidad\/berria-y-la-periodista-saioa-alkaiza-premios-del-i-concurso-de-buenas-practicas-periodisticas-en-igualdad-del-ayuntamiento\/","url":"https:\/\/www.laguiadepamplona.com\/actualidad\/berria-y-la-periodista-saioa-alkaiza-premios-del-i-concurso-de-buenas-practicas-periodisticas-en-igualdad-del-ayuntamiento\/","name":"Berria y la periodista Saioa Alkaiza premios del I Concurso de Buenas Pr\u00e1cticas Period\u00edsticas en igualdad del Ayuntamiento","isPartOf":{"@id":"https:\/\/www.laguiadepamplona.com\/actualidad\/#website"},"primaryImageOfPage":{"@id":"https:\/\/www.laguiadepamplona.com\/actualidad\/berria-y-la-periodista-saioa-alkaiza-premios-del-i-concurso-de-buenas-practicas-periodisticas-en-igualdad-del-ayuntamiento\/#primaryimage"},"image":{"@id":"https:\/\/www.laguiadepamplona.com\/actualidad\/berria-y-la-periodista-saioa-alkaiza-premios-del-i-concurso-de-buenas-practicas-periodisticas-en-igualdad-del-ayuntamiento\/#primaryimage"},"thumbnailUrl":"https:\/\/www.laguiadepamplona.com\/actualidad\/wp-content\/uploads\/2018\/11\/18.11.27_Entrega-premios-periodisticas.jpg","datePublished":"2018-11-27T10:41:47+00:00","breadcrumb":{"@id":"https:\/\/www.laguiadepamplona.com\/actualidad\/berria-y-la-periodista-saioa-alkaiza-premios-del-i-concurso-de-buenas-practicas-periodisticas-en-igualdad-del-ayuntamiento\/#breadcrumb"},"inLanguage":"es","potentialAction":[{"@type":"ReadAction","target":["https:\/\/www.laguiadepamplona.com\/actualidad\/berria-y-la-periodista-saioa-alkaiza-premios-del-i-concurso-de-buenas-practicas-periodisticas-en-igualdad-del-ayuntamiento\/"]}]},{"@type":"ImageObject","inLanguage":"es","@id":"https:\/\/www.laguiadepamplona.com\/actualidad\/berria-y-la-periodista-saioa-alkaiza-premios-del-i-concurso-de-buenas-practicas-periodisticas-en-igualdad-del-ayuntamiento\/#primaryimage","url":"https:\/\/www.laguiadepamplona.com\/actualidad\/wp-content\/uploads\/2018\/11\/18.11.27_Entrega-premios-periodisticas.jpg","contentUrl":"https:\/\/www.laguiadepamplona.com\/actualidad\/wp-content\/uploads\/2018\/11\/18.11.27_Entrega-premios-periodisticas.jpg","width":1000,"height":666},{"@type":"BreadcrumbList","@id":"https:\/\/www.laguiadepamplona.com\/actualidad\/berria-y-la-periodista-saioa-alkaiza-premios-del-i-concurso-de-buenas-practicas-periodisticas-en-igualdad-del-ayuntamiento\/#breadcrumb","itemListElement":[{"@type":"ListItem","position":1,"name":"Portada","item":"https:\/\/www.laguiadepamplona.com\/actualidad\/"},{"@type":"ListItem","position":2,"name":"Berria y la periodista Saioa Alkaiza premios del I Concurso de Buenas Pr\u00e1cticas Period\u00edsticas en igualdad del Ayuntamiento"}]},{"@type":"WebSite","@id":"https:\/\/www.laguiadepamplona.com\/actualidad\/#website","url":"https:\/\/www.laguiadepamplona.com\/actualidad\/","name":"La gu\u00eda de Pamplona","description":"Noticias de Pamplona","publisher":{"@id":"https:\/\/www.laguiadepamplona.com\/actualidad\/#organization"},"potentialAction":[{"@type":"SearchAction","target":{"@type":"EntryPoint","urlTemplate":"https:\/\/www.laguiadepamplona.com\/actualidad\/?s={search_term_string}"},"query-input":{"@type":"PropertyValueSpecification","valueRequired":true,"valueName":"search_term_string"}}],"inLanguage":"es"},{"@type":"Organization","@id":"https:\/\/www.laguiadepamplona.com\/actualidad\/#organization","name":"La Gu\u00eda de Pamplona \/ Noticias","url":"https:\/\/www.laguiadepamplona.com\/actualidad\/","logo":{"@type":"ImageObject","inLanguage":"es","@id":"https:\/\/www.laguiadepamplona.com\/actualidad\/#\/schema\/logo\/image\/","url":"https:\/\/www.laguiadepamplona.com\/actualidad\/wp-content\/uploads\/2018\/11\/logo-laguiadepamplona18-web1.png","contentUrl":"https:\/\/www.laguiadepamplona.com\/actualidad\/wp-content\/uploads\/2018\/11\/logo-laguiadepamplona18-web1.png","width":600,"height":196,"caption":"La Gu\u00eda de Pamplona \/ Noticias"},"image":{"@id":"https:\/\/www.laguiadepamplona.com\/actualidad\/#\/schema\/logo\/image\/"},"sameAs":["https:\/\/www.facebook.com\/laguiadepamplonacom-133175176762273\/?ref=hl","https:\/\/x.com\/LaGuiadPamplona","https:\/\/www.instagram.com\/la_guia_de_pamplona\/","https:\/\/www.youtube.com\/user\/laguiadepamplona"]},{"@type":"Person","@id":"https:\/\/www.laguiadepamplona.com\/actualidad\/#\/schema\/person\/efe887376f0213d4657c93adc50b1fdb","name":"La Gu\u00eda de Pamplona","image":{"@type":"ImageObject","inLanguage":"es","@id":"https:\/\/secure.gravatar.com\/avatar\/b6992f131dc8d30ab0dff15446e9d346d9dbd95992de0fef795073f5ea83a81c?s=96&d=mm&r=g","url":"https:\/\/secure.gravatar.com\/avatar\/b6992f131dc8d30ab0dff15446e9d346d9dbd95992de0fef795073f5ea83a81c?s=96&d=mm&r=g","contentUrl":"https:\/\/secure.gravatar.com\/avatar\/b6992f131dc8d30ab0dff15446e9d346d9dbd95992de0fef795073f5ea83a81c?s=96&d=mm&r=g","caption":"La Gu\u00eda de Pamplona"}}]}},"post_mailing_queue_ids":[],"_links":{"self":[{"href":"https:\/\/www.laguiadepamplona.com\/actualidad\/wp-json\/wp\/v2\/posts\/19594","targetHints":{"allow":["GET"]}}],"collection":[{"href":"https:\/\/www.laguiadepamplona.com\/actualidad\/wp-json\/wp\/v2\/posts"}],"about":[{"href":"https:\/\/www.laguiadepamplona.com\/actualidad\/wp-json\/wp\/v2\/types\/post"}],"author":[{"embeddable":true,"href":"https:\/\/www.laguiadepamplona.com\/actualidad\/wp-json\/wp\/v2\/users\/1"}],"replies":[{"embeddable":true,"href":"https:\/\/www.laguiadepamplona.com\/actualidad\/wp-json\/wp\/v2\/comments?post=19594"}],"version-history":[{"count":0,"href":"https:\/\/www.laguiadepamplona.com\/actualidad\/wp-json\/wp\/v2\/posts\/19594\/revisions"}],"wp:featuredmedia":[{"embeddable":true,"href":"https:\/\/www.laguiadepamplona.com\/actualidad\/wp-json\/wp\/v2\/media\/19595"}],"wp:attachment":[{"href":"https:\/\/www.laguiadepamplona.com\/actualidad\/wp-json\/wp\/v2\/media?parent=19594"}],"wp:term":[{"taxonomy":"category","embeddable":true,"href":"https:\/\/www.laguiadepamplona.com\/actualidad\/wp-json\/wp\/v2\/categories?post=19594"},{"taxonomy":"post_tag","embeddable":true,"href":"https:\/\/www.laguiadepamplona.com\/actualidad\/wp-json\/wp\/v2\/tags?post=19594"}],"curies":[{"name":"wp","href":"https:\/\/api.w.org\/{rel}","templated":true}]}}