{"id":19583,"date":"2018-11-26T14:03:08","date_gmt":"2018-11-26T12:03:08","guid":{"rendered":"https:\/\/www.laguiadepamplona.es\/actualidad\/?p=19583"},"modified":"2018-11-26T16:09:23","modified_gmt":"2018-11-26T14:09:23","slug":"tokko-la-nueva-instalacion-audiovisual-talleres-y-representaciones-convertiran-la-ciudadela-en-un-gran-espacio-artistico-del-22-de-diciembre-al-7-de-enero","status":"publish","type":"post","link":"https:\/\/www.laguiadepamplona.com\/actualidad\/tokko-la-nueva-instalacion-audiovisual-talleres-y-representaciones-convertiran-la-ciudadela-en-un-gran-espacio-artistico-del-22-de-diciembre-al-7-de-enero\/","title":{"rendered":"T\u00f6kk\u00f6, la nueva instalaci\u00f3n audiovisual, talleres y representaciones convertir\u00e1n la Ciudadela en un gran espacio art\u00edstico del 22 de diciembre al 7 de enero"},"content":{"rendered":"<h3>La III Muestra de Videoarte \u2018Otras luces \u2013 Bestelako argiak\u2019 mantiene las proyecciones de videocreaci\u00f3n y propone adem\u00e1s paseos comentados<\/h3>\n<p><!--more--><\/p>\n<p>El festival cultural de invierno \u00a0\u2018Otras luces \u2013 Bestelako argiak\u2019 va a convertir la Ciudadela de Pamplona en un gran espacio art\u00edstico que acoger\u00e1 T\u00f6kk\u00f6, un juego de\u00a0 luz y sonido en pleno centro de la fortificaci\u00f3n; instalaciones de luz en los t\u00faneles de entrada al recinto; talleres art\u00edsticos; y una representaci\u00f3n teatral en el Horno, que dejar\u00e1 temporalmente su habitual uso expositivo para ser durante unos d\u00edas un escenario.<\/p>\n<p>La concejala delegada de Cultura y Educaci\u00f3n, Maider Beloki, la directora del \u00e1rea, Maitena Muruz\u00e1bal, y los creadores de las instalaciones David Ballano y Ferm\u00edn Izko, han detallado la programaci\u00f3n de este festival que propone avivar la reflexi\u00f3n, el disfrute, el juego y las emociones a trav\u00e9s de la videocreaci\u00f3n y el arte audiovisual con la luz como protagonista. En definitiva, sacar el arte a la calle con propuestas de calidad y contempor\u00e1neas, con interacci\u00f3n y participaci\u00f3n del p\u00fablico, aprovechando la oscuridad del invierno, para mostrar las artes audiovisuales y el arte de la luz. La Muestra de Videoarte se inaugurar\u00e1 el 21 de diciembre y concluir\u00e1 el 1 de enero, las actividades de Ciudadela se desarrollar\u00e1n desde el 22 de diciembre hasta el 7 de enero.<\/p>\n<p>Las actividades en la Ciudadela girar\u00e1n en torno a T\u00f6kk\u00f6, una instalaci\u00f3n audiovisual interactiva que se ubicar\u00e1 en el entorno de la rotonda central del recinto fortificado. Con un dise\u00f1o en forma de copo de nieve, integrado en la propia naturaleza de la zona, la instalaci\u00f3n estar\u00e1 compuesta por 150 grandes discos led que al pisarlos emitir\u00e1n un sonido y se iluminar\u00e1n. Se trata de un juego interactivo con el que cada persona propondr\u00e1 un paisaje sonoro en funci\u00f3n del camino o la pasarela por la que transite. Y es que los discos plasmar\u00e1n diferentes sonidos de la naturaleza,\u00a0 escalas y\u00a0 tonalidades con las que representar sentimientos y emociones.<\/p>\n<p>No se busca competir, ni crear las mejores melod\u00edas o paisajes, sino que se potencia la colaboraci\u00f3n para componer un paisaje sonoro y visual que traslade a las personas a la tem\u00e1tica del proyecto, que no es otra que el invierno como \u00e9poca m\u00e1gica.\u00a0 El nombre de T\u00f6kk\u00f6 proviene del fin\u00e9s y es un de las m\u00e1s de 40 acepciones que tiene ese idioma para definir los diferentes estados de la nieve. Adem\u00e1s, en su fon\u00e9tica castellana recuerda al hecho de \u2018tocar\u2019 un instrumento musical, por ejemplo. Este juego con la luz continuar\u00e1 en los pasajes de entrada a la Ciudadela, tanto en el cuerpo de guardia desde la avenida del Ej\u00e9rcito como en el acceso por la Puerta de Socorro. A trav\u00e9s de diferentes composiciones interactivas se generar\u00e1n experiencias que podr\u00e1n sentir quienes por all\u00ed transiten. Se simular\u00e1n cielos y nubes, se iluminar\u00e1n elementos al pasar&#8230; Sorpresas y recursos art\u00edsticos para que asombrar y descubrir la luz, sus composiciones y sus sombras tambi\u00e9n como arte.<\/p>\n<p>Un ejemplo de ciencia, arte y adaptaci\u00f3n al medio natural, que funcionar\u00e1 del 22 de diciembre al 7 de enero, en horario de 17.30 a 21 horas, cuando ya ha oscurecido, para as\u00ed magnificar el contenido audiovisual y lum\u00ednico de este proyecto.<\/p>\n<p>Estas instalaciones luminososas y sonoras han sido dise\u00f1adas y desarrolladas por David Ballano (Concienciarte) y Ferm\u00edn Izco, con la ayuda en la decoraci\u00f3n de la empresa Zenzerro.<\/p>\n<p><strong>Horno como espacio esc\u00e9nico y talleres art\u00edsticos en la Sala de Armas<\/strong><\/p>\n<p><a href=\"https:\/\/www.laguiadepamplona.es\/actualidad\/wp-content\/uploads\/2018\/11\/imagen_otras_luces_ascensor.jpg\"><img loading=\"lazy\" decoding=\"async\" class=\"alignleft size-medium wp-image-19586\" src=\"https:\/\/www.laguiadepamplona.es\/actualidad\/wp-content\/uploads\/2018\/11\/imagen_otras_luces_ascensor-300x183.jpg\" alt=\"\" width=\"300\" height=\"183\" srcset=\"https:\/\/www.laguiadepamplona.com\/actualidad\/wp-content\/uploads\/2018\/11\/imagen_otras_luces_ascensor-300x183.jpg 300w, https:\/\/www.laguiadepamplona.com\/actualidad\/wp-content\/uploads\/2018\/11\/imagen_otras_luces_ascensor-768x468.jpg 768w, https:\/\/www.laguiadepamplona.com\/actualidad\/wp-content\/uploads\/2018\/11\/imagen_otras_luces_ascensor-1024x624.jpg 1024w, https:\/\/www.laguiadepamplona.com\/actualidad\/wp-content\/uploads\/2018\/11\/imagen_otras_luces_ascensor-640x390.jpg 640w, https:\/\/www.laguiadepamplona.com\/actualidad\/wp-content\/uploads\/2018\/11\/imagen_otras_luces_ascensor.jpg 1200w\" sizes=\"auto, (max-width: 300px) 100vw, 300px\" \/><\/a>El festival Otras Luces\/ Bestelako argiak convertir\u00e1 un espacio eminentemente expositivo durante todo el a\u00f1o como es el Horno de la Ciudadela en un espacio esc\u00e9nico, abierto a otras artes como el teatro. Los d\u00edas 21, 22, 23, 26, 27, 28, 29 y 30 de diciembre, a las 19.30 horas, el Horno acoger\u00e1 la representaci\u00f3n de \u2018Tribulaciones de Virginia\u2019, a cargo de la compa\u00f1\u00eda valenciana Hermanos Oligor. Las entradas para estas funciones se pueden adquirir a partir de ma\u00f1ana martes al precio de 5 euros y para ello hay que llamar al tel\u00e9fono 010 \u2013 948 420 100.<\/p>\n<p>La obra se concibe como un espect\u00e1culo envolvente, con dos actores y una instalaci\u00f3n mec\u00e1nica que pone en acci\u00f3n mu\u00f1ecos, aut\u00f3matas animados por poleas y pedales, juguetes mec\u00e1nicos y m\u00e1quinas inspiradas en experimentos de causa-efecto. Se narra la historia de Valent\u00edn, que al ritmo de m\u00fasica de feria, cajas de m\u00fasica y tango, va accionando los diferentes mecanismos al tiempo que cuenta su historia de amor y desamor. Al fondo del espect\u00e1culo, una gran m\u00e1quina se va transformando a lo largo de toda la representaci\u00f3n.<\/p>\n<p>Tambi\u00e9n la Ciudadela, en este caso la Sala de Armas, acoger\u00e1 talleres art\u00edsticos que impartir\u00e1n 12 artistas. Son talleres creativos y experimentales relacionados con la obra de los artistas participantes, en el que las personas asistentes podr\u00e1n trabajar en torno a la idea del movimiento en aspectos como el desplazamiento y el viaje, el paso del tiempo, la fluidez y la agitaci\u00f3n, el ritmo y la musicalidad, el crecimiento o la danza, entre otros. Los talleres tendr\u00e1n lugar los d\u00edas 26, 27 y 28 de diciembre y el 2, 3 y 4 de enero, de 17.30 a 19.30 horas, con entrada libre. Est\u00e1n abiertos a todo el p\u00fablico, aunque se busca favorecer la participaci\u00f3n de ni\u00f1os y ni\u00f1as y la implicaci\u00f3n de las personas adultas, con la intenci\u00f3n de que sean una experiencia para disfrutar y compartir.<\/p>\n<p>Los artistas participantes los d\u00edas 26, 27 y 28 ser\u00e1n Ferm\u00edn Alvira, Miguel Ayesa, Carmen Larraz, Blanca Razquin, Marta Rueda y Carmen Salgado. Los d\u00edas 2, 3 y 4 de enero participar\u00e1n Marta Jim\u00e9nez, Alfredo Murillo, Marijose Recalde, Teresa Sabat\u00e9 y Virginia Santos.<\/p>\n<p><strong>III Muestra de Videoarte<\/strong><\/p>\n<p>Estas nuevas actividades en Ciudadela se a\u00f1aden a la III Muestra de Videoarte \u2018Otras luces \u2013 Bestelako argiak\u2019, cuyas proyecciones se podr\u00e1n ver en ocho puntos de la ciudad del viernes 21 de diciembre al martes 1 de enero. En estos momentos se est\u00e1 procediendo a la selecci\u00f3n de las obras que se podr\u00e1n ver, un comisariado que est\u00e1 llevando a cabo el alumnado de la Escuela de Cine El\u00edas Querejeta, tras el convenio firmado en octubre con el Ayuntamiento de Pamplona. Esa selecci\u00f3n est\u00e1 coordinada por la comisaria, escritora y acad\u00e9mica especializada en cine de vanguardia, Mar\u00eda Palacios Cruz.<\/p>\n<p>Este a\u00f1o se mantienen las ubicaciones y se podr\u00e1n ver en sesi\u00f3n continua por la tarde, de 18.30 a 21.30 horas, en el baluarte de Guadalupe, en la Bajada de Javier, en la calle Eslava, en el portal de Francia, en el Teatro Gayarre, en el Rinc\u00f3n de Pellejer\u00edas, en el pasaje Seminario y en la Sala G\u00f3tica de Civivox Condestable. Con esta muestra el Ayuntamiento busca abrir y potenciar el espacio urbano con fines culturales y fomentar y difundir las expresiones contempor\u00e1neas de las artes en todas sus disciplinas. Una apuesta por el arte, la expresi\u00f3n art\u00edstica y la vanguardia en la ciudad, iluminando sus paredes y rincones con sentimientos, relatos, reflexiones o pensamientos en forma de videocreaci\u00f3n.<\/p>\n<p>Todas las actividades en torno al Festival Otras Luces\/ Bestelako Argiak tendr\u00e1n su espect\u00e1culo inaugural el jueves 20 de diciembre en Civivox Condestable. M\u00fasica en directo y videoarte se combinar\u00e1n en \u2018Bumaye!\u2019, una propuesta de Cabezafuego y Beatriz S\u00e1nchez. A las 20 horas, con entrada libre, comenzar\u00e1 este show musical con proyecciones en directo, donde la improvisaci\u00f3n y el humor son protagonistas. La artista multimedia y dibujante, Beatriz S\u00e1nchez, pone im\u00e1genes improvisadas en directo a las canciones underground del m\u00fasico Cabezafuego. A trav\u00e9s de collage, dibujos y esculturas, crean historias que se proyectar\u00e1n a trav\u00e9s de una webcam.<\/p>\n<p><strong>Cine ef\u00edmero realizado por j\u00f3venes<\/strong><\/p>\n<p>Por segundo a\u00f1o, la muestra de videoarte incluye una actividad con j\u00f3venes para que se acerquen y compartan la cultura audiovisual. \u2018Otras peque\u00f1as luces\u2019, que as\u00ed se denomina este programa, consiste en un taller de cine ef\u00edmero que ya est\u00e1 impartiendo el cineasta \u00d3scar Alegr\u00eda a alumnado entre 14 y 18 a\u00f1os de los IES Biurdana e IES Julio Caro Baroja. Estos j\u00f3venes realizar\u00e1n peque\u00f1as creaciones audiovisuales que despu\u00e9s se proyectar\u00e1n en \u2018pantallas\u2019 que se puedan encontrar en los barrios de San Jorge y Rochapea, como s\u00e1banas tendidas, paredes blancas, vallas publicitarias, la lona de un cami\u00f3n&#8230;<\/p>\n<p>Se trata con esta iniciativa de contagiar y mostrar a los j\u00f3venes un cine m\u00e1s espont\u00e1neo y l\u00fadico, con pel\u00edculas que puedan realizar en las mismas calles en las que se viven. Las proyecciones de \u2018Otras peque\u00f1as luces\u2019 se realizar\u00e1n el s\u00e1bado 22 de diciembre en San Jorge y el s\u00e1bado 29 de diciembre en Rochapea, de 18.30 a 21.30 horas. El a\u00f1o pasado esta experiencia se realiz\u00f3 en Txantrea, con un taller similar y la proyecci\u00f3n en diferentes espacios del barrio. Participaron 40 j\u00f3venes.<\/p>\n<p><strong>OTRAS LUCES \u2013 BESTELAKO ARGIAK<\/strong><\/p>\n<p><strong>III MUESTRA DE VIDEOARTE<\/strong><\/p>\n<ul>\n<li>Fechas: todos los d\u00edas, del 21 de diciembre al 1 de enero<\/li>\n<li>Horario: 18.30 a 21.30 horas<\/li>\n<li>Lugares de proyecci\u00f3n:\n<ul>\n<li>Baluarte de Guadalupe<\/li>\n<li>Trasera Teatro Gayarre<\/li>\n<li>Rinc\u00f3n de Pellejer\u00edas<\/li>\n<li>Pasaje Seminario<\/li>\n<li>Calle Eslava<\/li>\n<li>Calle Javier<\/li>\n<li>Portal de Francia<\/li>\n<li>Sala G\u00f3tica de Civivox Condestable<\/li>\n<\/ul>\n<\/li>\n<\/ul>\n<p>&nbsp;<\/p>\n<p><strong>ESPECT\u00c1CULO INAUGURAL: BUMAYE!<\/strong><\/p>\n<ul>\n<li>Show musical con proyecciones en directo<\/li>\n<li>Jueves 20 de diciembre. 20 horas. Entrada libre<\/li>\n<\/ul>\n<p>&nbsp;<\/p>\n<p><strong>OTRAS LUCES EN CIUDADELA<\/strong><\/p>\n<ul>\n<li><strong>T\u00f6kk\u00f6<\/strong>\n<ul>\n<li>Instalaci\u00f3n audiovisual interactiva<\/li>\n<li>Fechas: todos los d\u00edas, del 22 de diciembre al 7 de enero<\/li>\n<li>Horario: 17.30 a 21 horas<\/li>\n<li>Lugar: jardines de la Ciudadela<\/li>\n<li>Participaci\u00f3n libre<\/li>\n<\/ul>\n<\/li>\n<li><strong>Tribulaciones de Virginia (Hermanos Oligor)<\/strong>\n<ul>\n<li>Espect\u00e1culo teatral<\/li>\n<li>Fechas: 21, 22, 23, 26, 27, 28, 29 y 30 de diciembre<\/li>\n<li>Horario: 19.30 horas<\/li>\n<li>Lugar: Horno de la Ciudadela<\/li>\n<li>Entrada libre, previa inscripci\u00f3n en el 010 o 948 420100<\/li>\n<\/ul>\n<\/li>\n<li><strong>Talleres Art\u00edsticos<\/strong>\n<ul>\n<li>Fechas: 26, 27 y 28 de diciembre, y 2, 3 y 4 de enero<\/li>\n<li>Horario: de 17.30 a 19.30 horas<\/li>\n<li>Lugar: Sala de Armas de la Ciudadela<\/li>\n<li>Entrada: Libre<\/li>\n<\/ul>\n<\/li>\n<\/ul>\n<p>&nbsp;<\/p>\n<p><strong>OTRAS PEQUE\u00d1AS LUCES<\/strong><\/p>\n<ul>\n<li>Cine port\u00e1til y callejero<\/li>\n<li>Fechas:\n<ul>\n<li>s\u00e1bado 22 de diciembre en San Jorge (alumnado de IES Biurdana)<\/li>\n<li>S\u00e1bado 29 de diciembre en Rochapea (alumnado de IES Julio Caro Baroja )<\/li>\n<\/ul>\n<\/li>\n<li>Horario: de 18.30 a 21.30 horas<\/li>\n<li>Participaci\u00f3n libre<\/li>\n<\/ul>\n<p>&nbsp;<\/p>\n","protected":false},"excerpt":{"rendered":"<p>La III Muestra de Videoarte \u2018Otras luces \u2013 Bestelako argiak\u2019 mantiene las proyecciones de videocreaci\u00f3n y propone adem\u00e1s paseos comentados<\/p>\n","protected":false},"author":1,"featured_media":19585,"comment_status":"open","ping_status":"closed","sticky":false,"template":"","format":"standard","meta":{"footnotes":""},"categories":[2],"tags":[],"class_list":["post-19583","post","type-post","status-publish","format-standard","has-post-thumbnail","hentry","category-ayuntamiento-pamplona"],"yoast_head":"<!-- This site is optimized with the Yoast SEO plugin v27.3 - https:\/\/yoast.com\/product\/yoast-seo-wordpress\/ -->\n<title>T\u00f6kk\u00f6, la nueva instalaci\u00f3n audiovisual, talleres y representaciones convertir\u00e1n la Ciudadela en un gran espacio art\u00edstico del 22 de diciembre al 7 de enero<\/title>\n<meta name=\"robots\" content=\"index, follow, max-snippet:-1, max-image-preview:large, max-video-preview:-1\" \/>\n<link rel=\"canonical\" href=\"https:\/\/www.laguiadepamplona.com\/actualidad\/tokko-la-nueva-instalacion-audiovisual-talleres-y-representaciones-convertiran-la-ciudadela-en-un-gran-espacio-artistico-del-22-de-diciembre-al-7-de-enero\/\" \/>\n<meta property=\"og:locale\" content=\"es_ES\" \/>\n<meta property=\"og:type\" content=\"article\" \/>\n<meta property=\"og:title\" content=\"T\u00f6kk\u00f6, la nueva instalaci\u00f3n audiovisual, talleres y representaciones convertir\u00e1n la Ciudadela en un gran espacio art\u00edstico del 22 de diciembre al 7 de enero\" \/>\n<meta property=\"og:description\" content=\"La III Muestra de Videoarte \u2018Otras luces \u2013 Bestelako argiak\u2019 mantiene las proyecciones de videocreaci\u00f3n y propone adem\u00e1s paseos comentados\" \/>\n<meta property=\"og:url\" content=\"https:\/\/www.laguiadepamplona.com\/actualidad\/tokko-la-nueva-instalacion-audiovisual-talleres-y-representaciones-convertiran-la-ciudadela-en-un-gran-espacio-artistico-del-22-de-diciembre-al-7-de-enero\/\" \/>\n<meta property=\"og:site_name\" content=\"La Gu\u00eda de Pamplona\" \/>\n<meta property=\"article:publisher\" content=\"https:\/\/www.facebook.com\/laguiadepamplonacom-133175176762273\/?ref=hl\" \/>\n<meta property=\"article:published_time\" content=\"2018-11-26T12:03:08+00:00\" \/>\n<meta property=\"article:modified_time\" content=\"2018-11-26T14:09:23+00:00\" \/>\n<meta property=\"og:image\" content=\"https:\/\/www.laguiadepamplona.com\/actualidad\/wp-content\/uploads\/2018\/11\/18.11.26_imagen_otras_luces.jpg\" \/>\n\t<meta property=\"og:image:width\" content=\"1200\" \/>\n\t<meta property=\"og:image:height\" content=\"1200\" \/>\n\t<meta property=\"og:image:type\" content=\"image\/jpeg\" \/>\n<meta name=\"author\" content=\"La Gu\u00eda de Pamplona\" \/>\n<meta name=\"twitter:card\" content=\"summary_large_image\" \/>\n<meta name=\"twitter:creator\" content=\"@LaGuiadPamplona\" \/>\n<meta name=\"twitter:site\" content=\"@LaGuiadPamplona\" \/>\n<meta name=\"twitter:label1\" content=\"Escrito por\" \/>\n\t<meta name=\"twitter:data1\" content=\"La Gu\u00eda de Pamplona\" \/>\n\t<meta name=\"twitter:label2\" content=\"Tiempo de lectura\" \/>\n\t<meta name=\"twitter:data2\" content=\"9 minutos\" \/>\n<script type=\"application\/ld+json\" class=\"yoast-schema-graph\">{\"@context\":\"https:\\\/\\\/schema.org\",\"@graph\":[{\"@type\":\"Article\",\"@id\":\"https:\\\/\\\/www.laguiadepamplona.com\\\/actualidad\\\/tokko-la-nueva-instalacion-audiovisual-talleres-y-representaciones-convertiran-la-ciudadela-en-un-gran-espacio-artistico-del-22-de-diciembre-al-7-de-enero\\\/#article\",\"isPartOf\":{\"@id\":\"https:\\\/\\\/www.laguiadepamplona.com\\\/actualidad\\\/tokko-la-nueva-instalacion-audiovisual-talleres-y-representaciones-convertiran-la-ciudadela-en-un-gran-espacio-artistico-del-22-de-diciembre-al-7-de-enero\\\/\"},\"author\":{\"name\":\"La Gu\u00eda de Pamplona\",\"@id\":\"https:\\\/\\\/www.laguiadepamplona.com\\\/actualidad\\\/#\\\/schema\\\/person\\\/efe887376f0213d4657c93adc50b1fdb\"},\"headline\":\"T\u00f6kk\u00f6, la nueva instalaci\u00f3n audiovisual, talleres y representaciones convertir\u00e1n la Ciudadela en un gran espacio art\u00edstico del 22 de diciembre al 7 de enero\",\"datePublished\":\"2018-11-26T12:03:08+00:00\",\"dateModified\":\"2018-11-26T14:09:23+00:00\",\"mainEntityOfPage\":{\"@id\":\"https:\\\/\\\/www.laguiadepamplona.com\\\/actualidad\\\/tokko-la-nueva-instalacion-audiovisual-talleres-y-representaciones-convertiran-la-ciudadela-en-un-gran-espacio-artistico-del-22-de-diciembre-al-7-de-enero\\\/\"},\"wordCount\":1761,\"commentCount\":0,\"publisher\":{\"@id\":\"https:\\\/\\\/www.laguiadepamplona.com\\\/actualidad\\\/#organization\"},\"image\":{\"@id\":\"https:\\\/\\\/www.laguiadepamplona.com\\\/actualidad\\\/tokko-la-nueva-instalacion-audiovisual-talleres-y-representaciones-convertiran-la-ciudadela-en-un-gran-espacio-artistico-del-22-de-diciembre-al-7-de-enero\\\/#primaryimage\"},\"thumbnailUrl\":\"https:\\\/\\\/www.laguiadepamplona.com\\\/actualidad\\\/wp-content\\\/uploads\\\/2018\\\/11\\\/18.11.26_imagen_otras_luces.jpg\",\"articleSection\":[\"Ayto Pamplona\"],\"inLanguage\":\"es\",\"potentialAction\":[{\"@type\":\"CommentAction\",\"name\":\"Comment\",\"target\":[\"https:\\\/\\\/www.laguiadepamplona.com\\\/actualidad\\\/tokko-la-nueva-instalacion-audiovisual-talleres-y-representaciones-convertiran-la-ciudadela-en-un-gran-espacio-artistico-del-22-de-diciembre-al-7-de-enero\\\/#respond\"]}]},{\"@type\":\"WebPage\",\"@id\":\"https:\\\/\\\/www.laguiadepamplona.com\\\/actualidad\\\/tokko-la-nueva-instalacion-audiovisual-talleres-y-representaciones-convertiran-la-ciudadela-en-un-gran-espacio-artistico-del-22-de-diciembre-al-7-de-enero\\\/\",\"url\":\"https:\\\/\\\/www.laguiadepamplona.com\\\/actualidad\\\/tokko-la-nueva-instalacion-audiovisual-talleres-y-representaciones-convertiran-la-ciudadela-en-un-gran-espacio-artistico-del-22-de-diciembre-al-7-de-enero\\\/\",\"name\":\"T\u00f6kk\u00f6, la nueva instalaci\u00f3n audiovisual, talleres y representaciones convertir\u00e1n la Ciudadela en un gran espacio art\u00edstico del 22 de diciembre al 7 de enero\",\"isPartOf\":{\"@id\":\"https:\\\/\\\/www.laguiadepamplona.com\\\/actualidad\\\/#website\"},\"primaryImageOfPage\":{\"@id\":\"https:\\\/\\\/www.laguiadepamplona.com\\\/actualidad\\\/tokko-la-nueva-instalacion-audiovisual-talleres-y-representaciones-convertiran-la-ciudadela-en-un-gran-espacio-artistico-del-22-de-diciembre-al-7-de-enero\\\/#primaryimage\"},\"image\":{\"@id\":\"https:\\\/\\\/www.laguiadepamplona.com\\\/actualidad\\\/tokko-la-nueva-instalacion-audiovisual-talleres-y-representaciones-convertiran-la-ciudadela-en-un-gran-espacio-artistico-del-22-de-diciembre-al-7-de-enero\\\/#primaryimage\"},\"thumbnailUrl\":\"https:\\\/\\\/www.laguiadepamplona.com\\\/actualidad\\\/wp-content\\\/uploads\\\/2018\\\/11\\\/18.11.26_imagen_otras_luces.jpg\",\"datePublished\":\"2018-11-26T12:03:08+00:00\",\"dateModified\":\"2018-11-26T14:09:23+00:00\",\"breadcrumb\":{\"@id\":\"https:\\\/\\\/www.laguiadepamplona.com\\\/actualidad\\\/tokko-la-nueva-instalacion-audiovisual-talleres-y-representaciones-convertiran-la-ciudadela-en-un-gran-espacio-artistico-del-22-de-diciembre-al-7-de-enero\\\/#breadcrumb\"},\"inLanguage\":\"es\",\"potentialAction\":[{\"@type\":\"ReadAction\",\"target\":[\"https:\\\/\\\/www.laguiadepamplona.com\\\/actualidad\\\/tokko-la-nueva-instalacion-audiovisual-talleres-y-representaciones-convertiran-la-ciudadela-en-un-gran-espacio-artistico-del-22-de-diciembre-al-7-de-enero\\\/\"]}]},{\"@type\":\"ImageObject\",\"inLanguage\":\"es\",\"@id\":\"https:\\\/\\\/www.laguiadepamplona.com\\\/actualidad\\\/tokko-la-nueva-instalacion-audiovisual-talleres-y-representaciones-convertiran-la-ciudadela-en-un-gran-espacio-artistico-del-22-de-diciembre-al-7-de-enero\\\/#primaryimage\",\"url\":\"https:\\\/\\\/www.laguiadepamplona.com\\\/actualidad\\\/wp-content\\\/uploads\\\/2018\\\/11\\\/18.11.26_imagen_otras_luces.jpg\",\"contentUrl\":\"https:\\\/\\\/www.laguiadepamplona.com\\\/actualidad\\\/wp-content\\\/uploads\\\/2018\\\/11\\\/18.11.26_imagen_otras_luces.jpg\",\"width\":1200,\"height\":1200},{\"@type\":\"BreadcrumbList\",\"@id\":\"https:\\\/\\\/www.laguiadepamplona.com\\\/actualidad\\\/tokko-la-nueva-instalacion-audiovisual-talleres-y-representaciones-convertiran-la-ciudadela-en-un-gran-espacio-artistico-del-22-de-diciembre-al-7-de-enero\\\/#breadcrumb\",\"itemListElement\":[{\"@type\":\"ListItem\",\"position\":1,\"name\":\"Portada\",\"item\":\"https:\\\/\\\/www.laguiadepamplona.com\\\/actualidad\\\/\"},{\"@type\":\"ListItem\",\"position\":2,\"name\":\"T\u00f6kk\u00f6, la nueva instalaci\u00f3n audiovisual, talleres y representaciones convertir\u00e1n la Ciudadela en un gran espacio art\u00edstico del 22 de diciembre al 7 de enero\"}]},{\"@type\":\"WebSite\",\"@id\":\"https:\\\/\\\/www.laguiadepamplona.com\\\/actualidad\\\/#website\",\"url\":\"https:\\\/\\\/www.laguiadepamplona.com\\\/actualidad\\\/\",\"name\":\"La gu\u00eda de Pamplona\",\"description\":\"Noticias de Pamplona\",\"publisher\":{\"@id\":\"https:\\\/\\\/www.laguiadepamplona.com\\\/actualidad\\\/#organization\"},\"potentialAction\":[{\"@type\":\"SearchAction\",\"target\":{\"@type\":\"EntryPoint\",\"urlTemplate\":\"https:\\\/\\\/www.laguiadepamplona.com\\\/actualidad\\\/?s={search_term_string}\"},\"query-input\":{\"@type\":\"PropertyValueSpecification\",\"valueRequired\":true,\"valueName\":\"search_term_string\"}}],\"inLanguage\":\"es\"},{\"@type\":\"Organization\",\"@id\":\"https:\\\/\\\/www.laguiadepamplona.com\\\/actualidad\\\/#organization\",\"name\":\"La Gu\u00eda de Pamplona \\\/ Noticias\",\"url\":\"https:\\\/\\\/www.laguiadepamplona.com\\\/actualidad\\\/\",\"logo\":{\"@type\":\"ImageObject\",\"inLanguage\":\"es\",\"@id\":\"https:\\\/\\\/www.laguiadepamplona.com\\\/actualidad\\\/#\\\/schema\\\/logo\\\/image\\\/\",\"url\":\"https:\\\/\\\/www.laguiadepamplona.com\\\/actualidad\\\/wp-content\\\/uploads\\\/2018\\\/11\\\/logo-laguiadepamplona18-web1.png\",\"contentUrl\":\"https:\\\/\\\/www.laguiadepamplona.com\\\/actualidad\\\/wp-content\\\/uploads\\\/2018\\\/11\\\/logo-laguiadepamplona18-web1.png\",\"width\":600,\"height\":196,\"caption\":\"La Gu\u00eda de Pamplona \\\/ Noticias\"},\"image\":{\"@id\":\"https:\\\/\\\/www.laguiadepamplona.com\\\/actualidad\\\/#\\\/schema\\\/logo\\\/image\\\/\"},\"sameAs\":[\"https:\\\/\\\/www.facebook.com\\\/laguiadepamplonacom-133175176762273\\\/?ref=hl\",\"https:\\\/\\\/x.com\\\/LaGuiadPamplona\",\"https:\\\/\\\/www.instagram.com\\\/la_guia_de_pamplona\\\/\",\"https:\\\/\\\/www.youtube.com\\\/user\\\/laguiadepamplona\"]},{\"@type\":\"Person\",\"@id\":\"https:\\\/\\\/www.laguiadepamplona.com\\\/actualidad\\\/#\\\/schema\\\/person\\\/efe887376f0213d4657c93adc50b1fdb\",\"name\":\"La Gu\u00eda de Pamplona\",\"image\":{\"@type\":\"ImageObject\",\"inLanguage\":\"es\",\"@id\":\"https:\\\/\\\/secure.gravatar.com\\\/avatar\\\/b6992f131dc8d30ab0dff15446e9d346d9dbd95992de0fef795073f5ea83a81c?s=96&d=mm&r=g\",\"url\":\"https:\\\/\\\/secure.gravatar.com\\\/avatar\\\/b6992f131dc8d30ab0dff15446e9d346d9dbd95992de0fef795073f5ea83a81c?s=96&d=mm&r=g\",\"contentUrl\":\"https:\\\/\\\/secure.gravatar.com\\\/avatar\\\/b6992f131dc8d30ab0dff15446e9d346d9dbd95992de0fef795073f5ea83a81c?s=96&d=mm&r=g\",\"caption\":\"La Gu\u00eda de Pamplona\"}}]}<\/script>\n<!-- \/ Yoast SEO plugin. -->","yoast_head_json":{"title":"T\u00f6kk\u00f6, la nueva instalaci\u00f3n audiovisual, talleres y representaciones convertir\u00e1n la Ciudadela en un gran espacio art\u00edstico del 22 de diciembre al 7 de enero","robots":{"index":"index","follow":"follow","max-snippet":"max-snippet:-1","max-image-preview":"max-image-preview:large","max-video-preview":"max-video-preview:-1"},"canonical":"https:\/\/www.laguiadepamplona.com\/actualidad\/tokko-la-nueva-instalacion-audiovisual-talleres-y-representaciones-convertiran-la-ciudadela-en-un-gran-espacio-artistico-del-22-de-diciembre-al-7-de-enero\/","og_locale":"es_ES","og_type":"article","og_title":"T\u00f6kk\u00f6, la nueva instalaci\u00f3n audiovisual, talleres y representaciones convertir\u00e1n la Ciudadela en un gran espacio art\u00edstico del 22 de diciembre al 7 de enero","og_description":"La III Muestra de Videoarte \u2018Otras luces \u2013 Bestelako argiak\u2019 mantiene las proyecciones de videocreaci\u00f3n y propone adem\u00e1s paseos comentados","og_url":"https:\/\/www.laguiadepamplona.com\/actualidad\/tokko-la-nueva-instalacion-audiovisual-talleres-y-representaciones-convertiran-la-ciudadela-en-un-gran-espacio-artistico-del-22-de-diciembre-al-7-de-enero\/","og_site_name":"La Gu\u00eda de Pamplona","article_publisher":"https:\/\/www.facebook.com\/laguiadepamplonacom-133175176762273\/?ref=hl","article_published_time":"2018-11-26T12:03:08+00:00","article_modified_time":"2018-11-26T14:09:23+00:00","og_image":[{"width":1200,"height":1200,"url":"https:\/\/www.laguiadepamplona.com\/actualidad\/wp-content\/uploads\/2018\/11\/18.11.26_imagen_otras_luces.jpg","type":"image\/jpeg"}],"author":"La Gu\u00eda de Pamplona","twitter_card":"summary_large_image","twitter_creator":"@LaGuiadPamplona","twitter_site":"@LaGuiadPamplona","twitter_misc":{"Escrito por":"La Gu\u00eda de Pamplona","Tiempo de lectura":"9 minutos"},"schema":{"@context":"https:\/\/schema.org","@graph":[{"@type":"Article","@id":"https:\/\/www.laguiadepamplona.com\/actualidad\/tokko-la-nueva-instalacion-audiovisual-talleres-y-representaciones-convertiran-la-ciudadela-en-un-gran-espacio-artistico-del-22-de-diciembre-al-7-de-enero\/#article","isPartOf":{"@id":"https:\/\/www.laguiadepamplona.com\/actualidad\/tokko-la-nueva-instalacion-audiovisual-talleres-y-representaciones-convertiran-la-ciudadela-en-un-gran-espacio-artistico-del-22-de-diciembre-al-7-de-enero\/"},"author":{"name":"La Gu\u00eda de Pamplona","@id":"https:\/\/www.laguiadepamplona.com\/actualidad\/#\/schema\/person\/efe887376f0213d4657c93adc50b1fdb"},"headline":"T\u00f6kk\u00f6, la nueva instalaci\u00f3n audiovisual, talleres y representaciones convertir\u00e1n la Ciudadela en un gran espacio art\u00edstico del 22 de diciembre al 7 de enero","datePublished":"2018-11-26T12:03:08+00:00","dateModified":"2018-11-26T14:09:23+00:00","mainEntityOfPage":{"@id":"https:\/\/www.laguiadepamplona.com\/actualidad\/tokko-la-nueva-instalacion-audiovisual-talleres-y-representaciones-convertiran-la-ciudadela-en-un-gran-espacio-artistico-del-22-de-diciembre-al-7-de-enero\/"},"wordCount":1761,"commentCount":0,"publisher":{"@id":"https:\/\/www.laguiadepamplona.com\/actualidad\/#organization"},"image":{"@id":"https:\/\/www.laguiadepamplona.com\/actualidad\/tokko-la-nueva-instalacion-audiovisual-talleres-y-representaciones-convertiran-la-ciudadela-en-un-gran-espacio-artistico-del-22-de-diciembre-al-7-de-enero\/#primaryimage"},"thumbnailUrl":"https:\/\/www.laguiadepamplona.com\/actualidad\/wp-content\/uploads\/2018\/11\/18.11.26_imagen_otras_luces.jpg","articleSection":["Ayto Pamplona"],"inLanguage":"es","potentialAction":[{"@type":"CommentAction","name":"Comment","target":["https:\/\/www.laguiadepamplona.com\/actualidad\/tokko-la-nueva-instalacion-audiovisual-talleres-y-representaciones-convertiran-la-ciudadela-en-un-gran-espacio-artistico-del-22-de-diciembre-al-7-de-enero\/#respond"]}]},{"@type":"WebPage","@id":"https:\/\/www.laguiadepamplona.com\/actualidad\/tokko-la-nueva-instalacion-audiovisual-talleres-y-representaciones-convertiran-la-ciudadela-en-un-gran-espacio-artistico-del-22-de-diciembre-al-7-de-enero\/","url":"https:\/\/www.laguiadepamplona.com\/actualidad\/tokko-la-nueva-instalacion-audiovisual-talleres-y-representaciones-convertiran-la-ciudadela-en-un-gran-espacio-artistico-del-22-de-diciembre-al-7-de-enero\/","name":"T\u00f6kk\u00f6, la nueva instalaci\u00f3n audiovisual, talleres y representaciones convertir\u00e1n la Ciudadela en un gran espacio art\u00edstico del 22 de diciembre al 7 de enero","isPartOf":{"@id":"https:\/\/www.laguiadepamplona.com\/actualidad\/#website"},"primaryImageOfPage":{"@id":"https:\/\/www.laguiadepamplona.com\/actualidad\/tokko-la-nueva-instalacion-audiovisual-talleres-y-representaciones-convertiran-la-ciudadela-en-un-gran-espacio-artistico-del-22-de-diciembre-al-7-de-enero\/#primaryimage"},"image":{"@id":"https:\/\/www.laguiadepamplona.com\/actualidad\/tokko-la-nueva-instalacion-audiovisual-talleres-y-representaciones-convertiran-la-ciudadela-en-un-gran-espacio-artistico-del-22-de-diciembre-al-7-de-enero\/#primaryimage"},"thumbnailUrl":"https:\/\/www.laguiadepamplona.com\/actualidad\/wp-content\/uploads\/2018\/11\/18.11.26_imagen_otras_luces.jpg","datePublished":"2018-11-26T12:03:08+00:00","dateModified":"2018-11-26T14:09:23+00:00","breadcrumb":{"@id":"https:\/\/www.laguiadepamplona.com\/actualidad\/tokko-la-nueva-instalacion-audiovisual-talleres-y-representaciones-convertiran-la-ciudadela-en-un-gran-espacio-artistico-del-22-de-diciembre-al-7-de-enero\/#breadcrumb"},"inLanguage":"es","potentialAction":[{"@type":"ReadAction","target":["https:\/\/www.laguiadepamplona.com\/actualidad\/tokko-la-nueva-instalacion-audiovisual-talleres-y-representaciones-convertiran-la-ciudadela-en-un-gran-espacio-artistico-del-22-de-diciembre-al-7-de-enero\/"]}]},{"@type":"ImageObject","inLanguage":"es","@id":"https:\/\/www.laguiadepamplona.com\/actualidad\/tokko-la-nueva-instalacion-audiovisual-talleres-y-representaciones-convertiran-la-ciudadela-en-un-gran-espacio-artistico-del-22-de-diciembre-al-7-de-enero\/#primaryimage","url":"https:\/\/www.laguiadepamplona.com\/actualidad\/wp-content\/uploads\/2018\/11\/18.11.26_imagen_otras_luces.jpg","contentUrl":"https:\/\/www.laguiadepamplona.com\/actualidad\/wp-content\/uploads\/2018\/11\/18.11.26_imagen_otras_luces.jpg","width":1200,"height":1200},{"@type":"BreadcrumbList","@id":"https:\/\/www.laguiadepamplona.com\/actualidad\/tokko-la-nueva-instalacion-audiovisual-talleres-y-representaciones-convertiran-la-ciudadela-en-un-gran-espacio-artistico-del-22-de-diciembre-al-7-de-enero\/#breadcrumb","itemListElement":[{"@type":"ListItem","position":1,"name":"Portada","item":"https:\/\/www.laguiadepamplona.com\/actualidad\/"},{"@type":"ListItem","position":2,"name":"T\u00f6kk\u00f6, la nueva instalaci\u00f3n audiovisual, talleres y representaciones convertir\u00e1n la Ciudadela en un gran espacio art\u00edstico del 22 de diciembre al 7 de enero"}]},{"@type":"WebSite","@id":"https:\/\/www.laguiadepamplona.com\/actualidad\/#website","url":"https:\/\/www.laguiadepamplona.com\/actualidad\/","name":"La gu\u00eda de Pamplona","description":"Noticias de Pamplona","publisher":{"@id":"https:\/\/www.laguiadepamplona.com\/actualidad\/#organization"},"potentialAction":[{"@type":"SearchAction","target":{"@type":"EntryPoint","urlTemplate":"https:\/\/www.laguiadepamplona.com\/actualidad\/?s={search_term_string}"},"query-input":{"@type":"PropertyValueSpecification","valueRequired":true,"valueName":"search_term_string"}}],"inLanguage":"es"},{"@type":"Organization","@id":"https:\/\/www.laguiadepamplona.com\/actualidad\/#organization","name":"La Gu\u00eda de Pamplona \/ Noticias","url":"https:\/\/www.laguiadepamplona.com\/actualidad\/","logo":{"@type":"ImageObject","inLanguage":"es","@id":"https:\/\/www.laguiadepamplona.com\/actualidad\/#\/schema\/logo\/image\/","url":"https:\/\/www.laguiadepamplona.com\/actualidad\/wp-content\/uploads\/2018\/11\/logo-laguiadepamplona18-web1.png","contentUrl":"https:\/\/www.laguiadepamplona.com\/actualidad\/wp-content\/uploads\/2018\/11\/logo-laguiadepamplona18-web1.png","width":600,"height":196,"caption":"La Gu\u00eda de Pamplona \/ Noticias"},"image":{"@id":"https:\/\/www.laguiadepamplona.com\/actualidad\/#\/schema\/logo\/image\/"},"sameAs":["https:\/\/www.facebook.com\/laguiadepamplonacom-133175176762273\/?ref=hl","https:\/\/x.com\/LaGuiadPamplona","https:\/\/www.instagram.com\/la_guia_de_pamplona\/","https:\/\/www.youtube.com\/user\/laguiadepamplona"]},{"@type":"Person","@id":"https:\/\/www.laguiadepamplona.com\/actualidad\/#\/schema\/person\/efe887376f0213d4657c93adc50b1fdb","name":"La Gu\u00eda de Pamplona","image":{"@type":"ImageObject","inLanguage":"es","@id":"https:\/\/secure.gravatar.com\/avatar\/b6992f131dc8d30ab0dff15446e9d346d9dbd95992de0fef795073f5ea83a81c?s=96&d=mm&r=g","url":"https:\/\/secure.gravatar.com\/avatar\/b6992f131dc8d30ab0dff15446e9d346d9dbd95992de0fef795073f5ea83a81c?s=96&d=mm&r=g","contentUrl":"https:\/\/secure.gravatar.com\/avatar\/b6992f131dc8d30ab0dff15446e9d346d9dbd95992de0fef795073f5ea83a81c?s=96&d=mm&r=g","caption":"La Gu\u00eda de Pamplona"}}]}},"post_mailing_queue_ids":[],"_links":{"self":[{"href":"https:\/\/www.laguiadepamplona.com\/actualidad\/wp-json\/wp\/v2\/posts\/19583","targetHints":{"allow":["GET"]}}],"collection":[{"href":"https:\/\/www.laguiadepamplona.com\/actualidad\/wp-json\/wp\/v2\/posts"}],"about":[{"href":"https:\/\/www.laguiadepamplona.com\/actualidad\/wp-json\/wp\/v2\/types\/post"}],"author":[{"embeddable":true,"href":"https:\/\/www.laguiadepamplona.com\/actualidad\/wp-json\/wp\/v2\/users\/1"}],"replies":[{"embeddable":true,"href":"https:\/\/www.laguiadepamplona.com\/actualidad\/wp-json\/wp\/v2\/comments?post=19583"}],"version-history":[{"count":0,"href":"https:\/\/www.laguiadepamplona.com\/actualidad\/wp-json\/wp\/v2\/posts\/19583\/revisions"}],"wp:featuredmedia":[{"embeddable":true,"href":"https:\/\/www.laguiadepamplona.com\/actualidad\/wp-json\/wp\/v2\/media\/19585"}],"wp:attachment":[{"href":"https:\/\/www.laguiadepamplona.com\/actualidad\/wp-json\/wp\/v2\/media?parent=19583"}],"wp:term":[{"taxonomy":"category","embeddable":true,"href":"https:\/\/www.laguiadepamplona.com\/actualidad\/wp-json\/wp\/v2\/categories?post=19583"},{"taxonomy":"post_tag","embeddable":true,"href":"https:\/\/www.laguiadepamplona.com\/actualidad\/wp-json\/wp\/v2\/tags?post=19583"}],"curies":[{"name":"wp","href":"https:\/\/api.w.org\/{rel}","templated":true}]}}