{"id":19564,"date":"2018-11-23T19:50:35","date_gmt":"2018-11-23T17:50:35","guid":{"rendered":"https:\/\/www.laguiadepamplona.es\/actualidad\/?p=19564"},"modified":"2018-11-23T19:50:35","modified_gmt":"2018-11-23T17:50:35","slug":"los-bodegones-cotidianos-del-villaves-miguel-angel-eugui-llegan-al-pabellon-de-mixtos-de-la-ciudadela","status":"publish","type":"post","link":"https:\/\/www.laguiadepamplona.com\/actualidad\/los-bodegones-cotidianos-del-villaves-miguel-angel-eugui-llegan-al-pabellon-de-mixtos-de-la-ciudadela\/","title":{"rendered":"Los \u2018bodegones cotidianos\u2019 del villav\u00e9s Miguel \u00c1ngel Eugui llegan al Pabell\u00f3n de Mixtos de la Ciudadela"},"content":{"rendered":"<h3>Hasta el 20 de enero se podr\u00e1 visitar la muestra \u2018Oficio de colores\u2019 en el horario habitual de las salas expositivas de la fortificaci\u00f3n<\/h3>\n<p><!--more--><\/p>\n<p>La vida inm\u00f3vil de los bodegones de Miguel \u00c1ngel Eugui llegan al Pabell\u00f3n de Mixtos (Planta baja) de la Ciudadela. La exposici\u00f3n \u2018Oficio de colores\u2019 es una muestra pict\u00f3rica que recoge medio centenar de \u00f3leos sobre lienzo o madera, que reproducen diferentes composiciones relacionadas con el g\u00e9nero del \u2018bodeg\u00f3n\u2019. Esa ma\u00f1ana la directora del \u00c1rea de Cultura y Educaci\u00f3n del Ayuntamiento de Pamplona, Maitena Muruzabal y el propio autor han presentado la exposici\u00f3n que se mantendr\u00e1 abierta al p\u00fablico hasta el 20 de enero.<\/p>\n<p>La pintura de Eugui (Villava, Navarra, 1950) trata de alejarse de las representaciones habituales y preciosistas de este tipo de pintura, tanto en la elecci\u00f3n de los motivos como en su presentaci\u00f3n. Sus \u00f3leos se plasman sobre formatos menos habituales que el t\u00edpico cuadro rectangular: rombos, cuadrados girados, cubos de madera, tondos, etc.. Sus temas huyen del \u2018bodeg\u00f3n amable\u2019, decorativo, abordando la cotidianeidad y reflejando, desde un humilde tarro de aguarr\u00e1s, a un carrete de hilo o una ristra de ajos.<\/p>\n<p>En sus pinturas el autor esconde cosas que no se ven a primera vista, paisajes en penumbra que se desvelan al ser iluminados por una larga observaci\u00f3n. Y es que la luz, el color y el tiempo son vectores fundamentales en \u2018Oficio de colores\u2019 ya que, desde su planteamiento, los bodegones no son \u2018naturalezas muertas, como se suelen llamar, sino naturalezas en las que el tiempo se queda atrapado, un instante \u00fanico en el que la angulaci\u00f3n de las luces y sombras crea el hechizo final.<\/p>\n<p>La exposici\u00f3n de Miguel \u00c1ngel Eugui puede visitarse Pabell\u00f3n de Mixtos (Planta baja) de la Ciudadela en horario de martes a viernes de 18 a 20.30 horas; los s\u00e1bados de 12 a 14 horas y de 18 a 20.30 horas, y los domingos y festivos de 12 a 14 horas.<\/p>\n","protected":false},"excerpt":{"rendered":"<p>Hasta el 20 de enero se podr\u00e1 visitar la muestra \u2018Oficio de colores\u2019 en el horario habitual de las salas expositivas de la fortificaci\u00f3n<\/p>\n","protected":false},"author":1,"featured_media":17343,"comment_status":"open","ping_status":"closed","sticky":false,"template":"","format":"standard","meta":{"footnotes":""},"categories":[2],"tags":[],"class_list":["post-19564","post","type-post","status-publish","format-standard","has-post-thumbnail","hentry","category-ayuntamiento-pamplona"],"yoast_head":"<!-- This site is optimized with the Yoast SEO plugin v27.3 - https:\/\/yoast.com\/product\/yoast-seo-wordpress\/ -->\n<title>Los \u2018bodegones cotidianos\u2019 del villav\u00e9s Miguel \u00c1ngel Eugui llegan al Pabell\u00f3n de Mixtos de la Ciudadela<\/title>\n<meta name=\"robots\" content=\"index, follow, max-snippet:-1, max-image-preview:large, max-video-preview:-1\" \/>\n<link rel=\"canonical\" href=\"https:\/\/www.laguiadepamplona.com\/actualidad\/los-bodegones-cotidianos-del-villaves-miguel-angel-eugui-llegan-al-pabellon-de-mixtos-de-la-ciudadela\/\" \/>\n<meta property=\"og:locale\" content=\"es_ES\" \/>\n<meta property=\"og:type\" content=\"article\" \/>\n<meta property=\"og:title\" content=\"Los \u2018bodegones cotidianos\u2019 del villav\u00e9s Miguel \u00c1ngel Eugui llegan al Pabell\u00f3n de Mixtos de la Ciudadela\" \/>\n<meta property=\"og:description\" content=\"Hasta el 20 de enero se podr\u00e1 visitar la muestra \u2018Oficio de colores\u2019 en el horario habitual de las salas expositivas de la fortificaci\u00f3n\" \/>\n<meta property=\"og:url\" content=\"https:\/\/www.laguiadepamplona.com\/actualidad\/los-bodegones-cotidianos-del-villaves-miguel-angel-eugui-llegan-al-pabellon-de-mixtos-de-la-ciudadela\/\" \/>\n<meta property=\"og:site_name\" content=\"La Gu\u00eda de Pamplona\" \/>\n<meta property=\"article:publisher\" content=\"https:\/\/www.facebook.com\/laguiadepamplonacom-133175176762273\/?ref=hl\" \/>\n<meta property=\"article:published_time\" content=\"2018-11-23T17:50:35+00:00\" \/>\n<meta property=\"og:image\" content=\"https:\/\/www.laguiadepamplona.com\/actualidad\/wp-content\/uploads\/2018\/05\/pabellon-mixtos-ciudadela.jpg\" \/>\n\t<meta property=\"og:image:width\" content=\"1000\" \/>\n\t<meta property=\"og:image:height\" content=\"667\" \/>\n\t<meta property=\"og:image:type\" content=\"image\/jpeg\" \/>\n<meta name=\"author\" content=\"La Gu\u00eda de Pamplona\" \/>\n<meta name=\"twitter:card\" content=\"summary_large_image\" \/>\n<meta name=\"twitter:creator\" content=\"@LaGuiadPamplona\" \/>\n<meta name=\"twitter:site\" content=\"@LaGuiadPamplona\" \/>\n<meta name=\"twitter:label1\" content=\"Escrito por\" \/>\n\t<meta name=\"twitter:data1\" content=\"La Gu\u00eda de Pamplona\" \/>\n\t<meta name=\"twitter:label2\" content=\"Tiempo de lectura\" \/>\n\t<meta name=\"twitter:data2\" content=\"2 minutos\" \/>\n<script type=\"application\/ld+json\" class=\"yoast-schema-graph\">{\"@context\":\"https:\\\/\\\/schema.org\",\"@graph\":[{\"@type\":\"Article\",\"@id\":\"https:\\\/\\\/www.laguiadepamplona.com\\\/actualidad\\\/los-bodegones-cotidianos-del-villaves-miguel-angel-eugui-llegan-al-pabellon-de-mixtos-de-la-ciudadela\\\/#article\",\"isPartOf\":{\"@id\":\"https:\\\/\\\/www.laguiadepamplona.com\\\/actualidad\\\/los-bodegones-cotidianos-del-villaves-miguel-angel-eugui-llegan-al-pabellon-de-mixtos-de-la-ciudadela\\\/\"},\"author\":{\"name\":\"La Gu\u00eda de Pamplona\",\"@id\":\"https:\\\/\\\/www.laguiadepamplona.com\\\/actualidad\\\/#\\\/schema\\\/person\\\/efe887376f0213d4657c93adc50b1fdb\"},\"headline\":\"Los \u2018bodegones cotidianos\u2019 del villav\u00e9s Miguel \u00c1ngel Eugui llegan al Pabell\u00f3n de Mixtos de la Ciudadela\",\"datePublished\":\"2018-11-23T17:50:35+00:00\",\"mainEntityOfPage\":{\"@id\":\"https:\\\/\\\/www.laguiadepamplona.com\\\/actualidad\\\/los-bodegones-cotidianos-del-villaves-miguel-angel-eugui-llegan-al-pabellon-de-mixtos-de-la-ciudadela\\\/\"},\"wordCount\":353,\"commentCount\":0,\"publisher\":{\"@id\":\"https:\\\/\\\/www.laguiadepamplona.com\\\/actualidad\\\/#organization\"},\"image\":{\"@id\":\"https:\\\/\\\/www.laguiadepamplona.com\\\/actualidad\\\/los-bodegones-cotidianos-del-villaves-miguel-angel-eugui-llegan-al-pabellon-de-mixtos-de-la-ciudadela\\\/#primaryimage\"},\"thumbnailUrl\":\"https:\\\/\\\/www.laguiadepamplona.com\\\/actualidad\\\/wp-content\\\/uploads\\\/2018\\\/05\\\/pabellon-mixtos-ciudadela.jpg\",\"articleSection\":[\"Ayto Pamplona\"],\"inLanguage\":\"es\",\"potentialAction\":[{\"@type\":\"CommentAction\",\"name\":\"Comment\",\"target\":[\"https:\\\/\\\/www.laguiadepamplona.com\\\/actualidad\\\/los-bodegones-cotidianos-del-villaves-miguel-angel-eugui-llegan-al-pabellon-de-mixtos-de-la-ciudadela\\\/#respond\"]}]},{\"@type\":\"WebPage\",\"@id\":\"https:\\\/\\\/www.laguiadepamplona.com\\\/actualidad\\\/los-bodegones-cotidianos-del-villaves-miguel-angel-eugui-llegan-al-pabellon-de-mixtos-de-la-ciudadela\\\/\",\"url\":\"https:\\\/\\\/www.laguiadepamplona.com\\\/actualidad\\\/los-bodegones-cotidianos-del-villaves-miguel-angel-eugui-llegan-al-pabellon-de-mixtos-de-la-ciudadela\\\/\",\"name\":\"Los \u2018bodegones cotidianos\u2019 del villav\u00e9s Miguel \u00c1ngel Eugui llegan al Pabell\u00f3n de Mixtos de la Ciudadela\",\"isPartOf\":{\"@id\":\"https:\\\/\\\/www.laguiadepamplona.com\\\/actualidad\\\/#website\"},\"primaryImageOfPage\":{\"@id\":\"https:\\\/\\\/www.laguiadepamplona.com\\\/actualidad\\\/los-bodegones-cotidianos-del-villaves-miguel-angel-eugui-llegan-al-pabellon-de-mixtos-de-la-ciudadela\\\/#primaryimage\"},\"image\":{\"@id\":\"https:\\\/\\\/www.laguiadepamplona.com\\\/actualidad\\\/los-bodegones-cotidianos-del-villaves-miguel-angel-eugui-llegan-al-pabellon-de-mixtos-de-la-ciudadela\\\/#primaryimage\"},\"thumbnailUrl\":\"https:\\\/\\\/www.laguiadepamplona.com\\\/actualidad\\\/wp-content\\\/uploads\\\/2018\\\/05\\\/pabellon-mixtos-ciudadela.jpg\",\"datePublished\":\"2018-11-23T17:50:35+00:00\",\"breadcrumb\":{\"@id\":\"https:\\\/\\\/www.laguiadepamplona.com\\\/actualidad\\\/los-bodegones-cotidianos-del-villaves-miguel-angel-eugui-llegan-al-pabellon-de-mixtos-de-la-ciudadela\\\/#breadcrumb\"},\"inLanguage\":\"es\",\"potentialAction\":[{\"@type\":\"ReadAction\",\"target\":[\"https:\\\/\\\/www.laguiadepamplona.com\\\/actualidad\\\/los-bodegones-cotidianos-del-villaves-miguel-angel-eugui-llegan-al-pabellon-de-mixtos-de-la-ciudadela\\\/\"]}]},{\"@type\":\"ImageObject\",\"inLanguage\":\"es\",\"@id\":\"https:\\\/\\\/www.laguiadepamplona.com\\\/actualidad\\\/los-bodegones-cotidianos-del-villaves-miguel-angel-eugui-llegan-al-pabellon-de-mixtos-de-la-ciudadela\\\/#primaryimage\",\"url\":\"https:\\\/\\\/www.laguiadepamplona.com\\\/actualidad\\\/wp-content\\\/uploads\\\/2018\\\/05\\\/pabellon-mixtos-ciudadela.jpg\",\"contentUrl\":\"https:\\\/\\\/www.laguiadepamplona.com\\\/actualidad\\\/wp-content\\\/uploads\\\/2018\\\/05\\\/pabellon-mixtos-ciudadela.jpg\",\"width\":1000,\"height\":667},{\"@type\":\"BreadcrumbList\",\"@id\":\"https:\\\/\\\/www.laguiadepamplona.com\\\/actualidad\\\/los-bodegones-cotidianos-del-villaves-miguel-angel-eugui-llegan-al-pabellon-de-mixtos-de-la-ciudadela\\\/#breadcrumb\",\"itemListElement\":[{\"@type\":\"ListItem\",\"position\":1,\"name\":\"Portada\",\"item\":\"https:\\\/\\\/www.laguiadepamplona.com\\\/actualidad\\\/\"},{\"@type\":\"ListItem\",\"position\":2,\"name\":\"Los \u2018bodegones cotidianos\u2019 del villav\u00e9s Miguel \u00c1ngel Eugui llegan al Pabell\u00f3n de Mixtos de la Ciudadela\"}]},{\"@type\":\"WebSite\",\"@id\":\"https:\\\/\\\/www.laguiadepamplona.com\\\/actualidad\\\/#website\",\"url\":\"https:\\\/\\\/www.laguiadepamplona.com\\\/actualidad\\\/\",\"name\":\"La gu\u00eda de Pamplona\",\"description\":\"Noticias de Pamplona\",\"publisher\":{\"@id\":\"https:\\\/\\\/www.laguiadepamplona.com\\\/actualidad\\\/#organization\"},\"potentialAction\":[{\"@type\":\"SearchAction\",\"target\":{\"@type\":\"EntryPoint\",\"urlTemplate\":\"https:\\\/\\\/www.laguiadepamplona.com\\\/actualidad\\\/?s={search_term_string}\"},\"query-input\":{\"@type\":\"PropertyValueSpecification\",\"valueRequired\":true,\"valueName\":\"search_term_string\"}}],\"inLanguage\":\"es\"},{\"@type\":\"Organization\",\"@id\":\"https:\\\/\\\/www.laguiadepamplona.com\\\/actualidad\\\/#organization\",\"name\":\"La Gu\u00eda de Pamplona \\\/ Noticias\",\"url\":\"https:\\\/\\\/www.laguiadepamplona.com\\\/actualidad\\\/\",\"logo\":{\"@type\":\"ImageObject\",\"inLanguage\":\"es\",\"@id\":\"https:\\\/\\\/www.laguiadepamplona.com\\\/actualidad\\\/#\\\/schema\\\/logo\\\/image\\\/\",\"url\":\"https:\\\/\\\/www.laguiadepamplona.com\\\/actualidad\\\/wp-content\\\/uploads\\\/2018\\\/11\\\/logo-laguiadepamplona18-web1.png\",\"contentUrl\":\"https:\\\/\\\/www.laguiadepamplona.com\\\/actualidad\\\/wp-content\\\/uploads\\\/2018\\\/11\\\/logo-laguiadepamplona18-web1.png\",\"width\":600,\"height\":196,\"caption\":\"La Gu\u00eda de Pamplona \\\/ Noticias\"},\"image\":{\"@id\":\"https:\\\/\\\/www.laguiadepamplona.com\\\/actualidad\\\/#\\\/schema\\\/logo\\\/image\\\/\"},\"sameAs\":[\"https:\\\/\\\/www.facebook.com\\\/laguiadepamplonacom-133175176762273\\\/?ref=hl\",\"https:\\\/\\\/x.com\\\/LaGuiadPamplona\",\"https:\\\/\\\/www.instagram.com\\\/la_guia_de_pamplona\\\/\",\"https:\\\/\\\/www.youtube.com\\\/user\\\/laguiadepamplona\"]},{\"@type\":\"Person\",\"@id\":\"https:\\\/\\\/www.laguiadepamplona.com\\\/actualidad\\\/#\\\/schema\\\/person\\\/efe887376f0213d4657c93adc50b1fdb\",\"name\":\"La Gu\u00eda de Pamplona\",\"image\":{\"@type\":\"ImageObject\",\"inLanguage\":\"es\",\"@id\":\"https:\\\/\\\/secure.gravatar.com\\\/avatar\\\/b6992f131dc8d30ab0dff15446e9d346d9dbd95992de0fef795073f5ea83a81c?s=96&d=mm&r=g\",\"url\":\"https:\\\/\\\/secure.gravatar.com\\\/avatar\\\/b6992f131dc8d30ab0dff15446e9d346d9dbd95992de0fef795073f5ea83a81c?s=96&d=mm&r=g\",\"contentUrl\":\"https:\\\/\\\/secure.gravatar.com\\\/avatar\\\/b6992f131dc8d30ab0dff15446e9d346d9dbd95992de0fef795073f5ea83a81c?s=96&d=mm&r=g\",\"caption\":\"La Gu\u00eda de Pamplona\"}}]}<\/script>\n<!-- \/ Yoast SEO plugin. -->","yoast_head_json":{"title":"Los \u2018bodegones cotidianos\u2019 del villav\u00e9s Miguel \u00c1ngel Eugui llegan al Pabell\u00f3n de Mixtos de la Ciudadela","robots":{"index":"index","follow":"follow","max-snippet":"max-snippet:-1","max-image-preview":"max-image-preview:large","max-video-preview":"max-video-preview:-1"},"canonical":"https:\/\/www.laguiadepamplona.com\/actualidad\/los-bodegones-cotidianos-del-villaves-miguel-angel-eugui-llegan-al-pabellon-de-mixtos-de-la-ciudadela\/","og_locale":"es_ES","og_type":"article","og_title":"Los \u2018bodegones cotidianos\u2019 del villav\u00e9s Miguel \u00c1ngel Eugui llegan al Pabell\u00f3n de Mixtos de la Ciudadela","og_description":"Hasta el 20 de enero se podr\u00e1 visitar la muestra \u2018Oficio de colores\u2019 en el horario habitual de las salas expositivas de la fortificaci\u00f3n","og_url":"https:\/\/www.laguiadepamplona.com\/actualidad\/los-bodegones-cotidianos-del-villaves-miguel-angel-eugui-llegan-al-pabellon-de-mixtos-de-la-ciudadela\/","og_site_name":"La Gu\u00eda de Pamplona","article_publisher":"https:\/\/www.facebook.com\/laguiadepamplonacom-133175176762273\/?ref=hl","article_published_time":"2018-11-23T17:50:35+00:00","og_image":[{"width":1000,"height":667,"url":"https:\/\/www.laguiadepamplona.com\/actualidad\/wp-content\/uploads\/2018\/05\/pabellon-mixtos-ciudadela.jpg","type":"image\/jpeg"}],"author":"La Gu\u00eda de Pamplona","twitter_card":"summary_large_image","twitter_creator":"@LaGuiadPamplona","twitter_site":"@LaGuiadPamplona","twitter_misc":{"Escrito por":"La Gu\u00eda de Pamplona","Tiempo de lectura":"2 minutos"},"schema":{"@context":"https:\/\/schema.org","@graph":[{"@type":"Article","@id":"https:\/\/www.laguiadepamplona.com\/actualidad\/los-bodegones-cotidianos-del-villaves-miguel-angel-eugui-llegan-al-pabellon-de-mixtos-de-la-ciudadela\/#article","isPartOf":{"@id":"https:\/\/www.laguiadepamplona.com\/actualidad\/los-bodegones-cotidianos-del-villaves-miguel-angel-eugui-llegan-al-pabellon-de-mixtos-de-la-ciudadela\/"},"author":{"name":"La Gu\u00eda de Pamplona","@id":"https:\/\/www.laguiadepamplona.com\/actualidad\/#\/schema\/person\/efe887376f0213d4657c93adc50b1fdb"},"headline":"Los \u2018bodegones cotidianos\u2019 del villav\u00e9s Miguel \u00c1ngel Eugui llegan al Pabell\u00f3n de Mixtos de la Ciudadela","datePublished":"2018-11-23T17:50:35+00:00","mainEntityOfPage":{"@id":"https:\/\/www.laguiadepamplona.com\/actualidad\/los-bodegones-cotidianos-del-villaves-miguel-angel-eugui-llegan-al-pabellon-de-mixtos-de-la-ciudadela\/"},"wordCount":353,"commentCount":0,"publisher":{"@id":"https:\/\/www.laguiadepamplona.com\/actualidad\/#organization"},"image":{"@id":"https:\/\/www.laguiadepamplona.com\/actualidad\/los-bodegones-cotidianos-del-villaves-miguel-angel-eugui-llegan-al-pabellon-de-mixtos-de-la-ciudadela\/#primaryimage"},"thumbnailUrl":"https:\/\/www.laguiadepamplona.com\/actualidad\/wp-content\/uploads\/2018\/05\/pabellon-mixtos-ciudadela.jpg","articleSection":["Ayto Pamplona"],"inLanguage":"es","potentialAction":[{"@type":"CommentAction","name":"Comment","target":["https:\/\/www.laguiadepamplona.com\/actualidad\/los-bodegones-cotidianos-del-villaves-miguel-angel-eugui-llegan-al-pabellon-de-mixtos-de-la-ciudadela\/#respond"]}]},{"@type":"WebPage","@id":"https:\/\/www.laguiadepamplona.com\/actualidad\/los-bodegones-cotidianos-del-villaves-miguel-angel-eugui-llegan-al-pabellon-de-mixtos-de-la-ciudadela\/","url":"https:\/\/www.laguiadepamplona.com\/actualidad\/los-bodegones-cotidianos-del-villaves-miguel-angel-eugui-llegan-al-pabellon-de-mixtos-de-la-ciudadela\/","name":"Los \u2018bodegones cotidianos\u2019 del villav\u00e9s Miguel \u00c1ngel Eugui llegan al Pabell\u00f3n de Mixtos de la Ciudadela","isPartOf":{"@id":"https:\/\/www.laguiadepamplona.com\/actualidad\/#website"},"primaryImageOfPage":{"@id":"https:\/\/www.laguiadepamplona.com\/actualidad\/los-bodegones-cotidianos-del-villaves-miguel-angel-eugui-llegan-al-pabellon-de-mixtos-de-la-ciudadela\/#primaryimage"},"image":{"@id":"https:\/\/www.laguiadepamplona.com\/actualidad\/los-bodegones-cotidianos-del-villaves-miguel-angel-eugui-llegan-al-pabellon-de-mixtos-de-la-ciudadela\/#primaryimage"},"thumbnailUrl":"https:\/\/www.laguiadepamplona.com\/actualidad\/wp-content\/uploads\/2018\/05\/pabellon-mixtos-ciudadela.jpg","datePublished":"2018-11-23T17:50:35+00:00","breadcrumb":{"@id":"https:\/\/www.laguiadepamplona.com\/actualidad\/los-bodegones-cotidianos-del-villaves-miguel-angel-eugui-llegan-al-pabellon-de-mixtos-de-la-ciudadela\/#breadcrumb"},"inLanguage":"es","potentialAction":[{"@type":"ReadAction","target":["https:\/\/www.laguiadepamplona.com\/actualidad\/los-bodegones-cotidianos-del-villaves-miguel-angel-eugui-llegan-al-pabellon-de-mixtos-de-la-ciudadela\/"]}]},{"@type":"ImageObject","inLanguage":"es","@id":"https:\/\/www.laguiadepamplona.com\/actualidad\/los-bodegones-cotidianos-del-villaves-miguel-angel-eugui-llegan-al-pabellon-de-mixtos-de-la-ciudadela\/#primaryimage","url":"https:\/\/www.laguiadepamplona.com\/actualidad\/wp-content\/uploads\/2018\/05\/pabellon-mixtos-ciudadela.jpg","contentUrl":"https:\/\/www.laguiadepamplona.com\/actualidad\/wp-content\/uploads\/2018\/05\/pabellon-mixtos-ciudadela.jpg","width":1000,"height":667},{"@type":"BreadcrumbList","@id":"https:\/\/www.laguiadepamplona.com\/actualidad\/los-bodegones-cotidianos-del-villaves-miguel-angel-eugui-llegan-al-pabellon-de-mixtos-de-la-ciudadela\/#breadcrumb","itemListElement":[{"@type":"ListItem","position":1,"name":"Portada","item":"https:\/\/www.laguiadepamplona.com\/actualidad\/"},{"@type":"ListItem","position":2,"name":"Los \u2018bodegones cotidianos\u2019 del villav\u00e9s Miguel \u00c1ngel Eugui llegan al Pabell\u00f3n de Mixtos de la Ciudadela"}]},{"@type":"WebSite","@id":"https:\/\/www.laguiadepamplona.com\/actualidad\/#website","url":"https:\/\/www.laguiadepamplona.com\/actualidad\/","name":"La gu\u00eda de Pamplona","description":"Noticias de Pamplona","publisher":{"@id":"https:\/\/www.laguiadepamplona.com\/actualidad\/#organization"},"potentialAction":[{"@type":"SearchAction","target":{"@type":"EntryPoint","urlTemplate":"https:\/\/www.laguiadepamplona.com\/actualidad\/?s={search_term_string}"},"query-input":{"@type":"PropertyValueSpecification","valueRequired":true,"valueName":"search_term_string"}}],"inLanguage":"es"},{"@type":"Organization","@id":"https:\/\/www.laguiadepamplona.com\/actualidad\/#organization","name":"La Gu\u00eda de Pamplona \/ Noticias","url":"https:\/\/www.laguiadepamplona.com\/actualidad\/","logo":{"@type":"ImageObject","inLanguage":"es","@id":"https:\/\/www.laguiadepamplona.com\/actualidad\/#\/schema\/logo\/image\/","url":"https:\/\/www.laguiadepamplona.com\/actualidad\/wp-content\/uploads\/2018\/11\/logo-laguiadepamplona18-web1.png","contentUrl":"https:\/\/www.laguiadepamplona.com\/actualidad\/wp-content\/uploads\/2018\/11\/logo-laguiadepamplona18-web1.png","width":600,"height":196,"caption":"La Gu\u00eda de Pamplona \/ Noticias"},"image":{"@id":"https:\/\/www.laguiadepamplona.com\/actualidad\/#\/schema\/logo\/image\/"},"sameAs":["https:\/\/www.facebook.com\/laguiadepamplonacom-133175176762273\/?ref=hl","https:\/\/x.com\/LaGuiadPamplona","https:\/\/www.instagram.com\/la_guia_de_pamplona\/","https:\/\/www.youtube.com\/user\/laguiadepamplona"]},{"@type":"Person","@id":"https:\/\/www.laguiadepamplona.com\/actualidad\/#\/schema\/person\/efe887376f0213d4657c93adc50b1fdb","name":"La Gu\u00eda de Pamplona","image":{"@type":"ImageObject","inLanguage":"es","@id":"https:\/\/secure.gravatar.com\/avatar\/b6992f131dc8d30ab0dff15446e9d346d9dbd95992de0fef795073f5ea83a81c?s=96&d=mm&r=g","url":"https:\/\/secure.gravatar.com\/avatar\/b6992f131dc8d30ab0dff15446e9d346d9dbd95992de0fef795073f5ea83a81c?s=96&d=mm&r=g","contentUrl":"https:\/\/secure.gravatar.com\/avatar\/b6992f131dc8d30ab0dff15446e9d346d9dbd95992de0fef795073f5ea83a81c?s=96&d=mm&r=g","caption":"La Gu\u00eda de Pamplona"}}]}},"post_mailing_queue_ids":[],"_links":{"self":[{"href":"https:\/\/www.laguiadepamplona.com\/actualidad\/wp-json\/wp\/v2\/posts\/19564","targetHints":{"allow":["GET"]}}],"collection":[{"href":"https:\/\/www.laguiadepamplona.com\/actualidad\/wp-json\/wp\/v2\/posts"}],"about":[{"href":"https:\/\/www.laguiadepamplona.com\/actualidad\/wp-json\/wp\/v2\/types\/post"}],"author":[{"embeddable":true,"href":"https:\/\/www.laguiadepamplona.com\/actualidad\/wp-json\/wp\/v2\/users\/1"}],"replies":[{"embeddable":true,"href":"https:\/\/www.laguiadepamplona.com\/actualidad\/wp-json\/wp\/v2\/comments?post=19564"}],"version-history":[{"count":0,"href":"https:\/\/www.laguiadepamplona.com\/actualidad\/wp-json\/wp\/v2\/posts\/19564\/revisions"}],"wp:featuredmedia":[{"embeddable":true,"href":"https:\/\/www.laguiadepamplona.com\/actualidad\/wp-json\/wp\/v2\/media\/17343"}],"wp:attachment":[{"href":"https:\/\/www.laguiadepamplona.com\/actualidad\/wp-json\/wp\/v2\/media?parent=19564"}],"wp:term":[{"taxonomy":"category","embeddable":true,"href":"https:\/\/www.laguiadepamplona.com\/actualidad\/wp-json\/wp\/v2\/categories?post=19564"},{"taxonomy":"post_tag","embeddable":true,"href":"https:\/\/www.laguiadepamplona.com\/actualidad\/wp-json\/wp\/v2\/tags?post=19564"}],"curies":[{"name":"wp","href":"https:\/\/api.w.org\/{rel}","templated":true}]}}