{"id":19555,"date":"2018-11-23T19:46:11","date_gmt":"2018-11-23T17:46:11","guid":{"rendered":"https:\/\/www.laguiadepamplona.es\/actualidad\/?p=19555"},"modified":"2018-11-23T19:46:11","modified_gmt":"2018-11-23T17:46:11","slug":"la-formacion-italiana-vocal-ensemble-tempus-floridum-ofrece-un-concierto-este-domingo-en-civivox-iturrama-dentro-del-ciclo-coros-en-red","status":"publish","type":"post","link":"https:\/\/www.laguiadepamplona.com\/actualidad\/la-formacion-italiana-vocal-ensemble-tempus-floridum-ofrece-un-concierto-este-domingo-en-civivox-iturrama-dentro-del-ciclo-coros-en-red\/","title":{"rendered":"La formaci\u00f3n italiana Vocal Ensemble Tempus Floridum ofrece un concierto este domingo en Civivox Iturrama dentro del ciclo Coros en Red"},"content":{"rendered":"<h3>La actuaci\u00f3n comenzar\u00e1 a las 12.30 horas, con entrada libre previa retirada de invitaciones<\/h3>\n<p><!--more--><\/p>\n<p>El ciclo Coros en Red adquiere este fin de semana car\u00e1cter internacional con el concierto que ofrecer\u00e1 este domingo la formaci\u00f3n italiana Vocal Ensemble Tempus Floridum en Civivox Iturrama. La actuaci\u00f3n tendr\u00e1 lugar en Civivox Iturrama, a partir de las 12.30 horas, con entrada libre previa retirada de invitaciones.<\/p>\n<p>Vocal Ensemble Tempus Floridum naci\u00f3 en Florencia en 1998. La fund\u00f3 Joan Yakkey, compositora y directora de coros infantiles en la Escuela de Fiesole y en otras prestigiosas escuelas italianas. La formaci\u00f3n ha realizado numerosas giras por Europa con repertorios variados de m\u00fasica antigua, contempor\u00e1nea, polifon\u00eda, sacra, madrigales\u2026 registrados en los tres discos que tiene publicados. En la actualidad Vocal Ensemble Tempus Floridum lo componen siete mujeres y un hombre que hace la labor de director. Han participado en numerosas \u00f3peras de prestigiosos teatros de Italia bajo la direcci\u00f3n de grandes directores como Metha, Myung Wung Chung o Giuseppe Sinopoli, entre otros.<\/p>\n<p>El ciclo Coros en Red continuar\u00e1 en los meses de diciembre y enero con otras tres actuaciones. El s\u00e1bado 15 de diciembre en Civivox San Jorge cantar\u00e1n las formaciones Salud Abeslariak y el Coro de Tiebas. Ya en enero, el viernes 13 de diciembre en Condestable, actuar\u00e1 el Coro de Voces Graves de Pamplona. El ciclo concluir\u00e1 el domingo 27 de enero con el Grupo Vocal Tempo D\u00b4Intermezzo en Civivox Iturrama. El ciclo est\u00e1 organizado en colaboraci\u00f3n con la Federaci\u00f3n de Coros de Navarra.<\/p>\n<p>&nbsp;<\/p>\n<p><strong>Ciclo Coros en Red. En colaboraci\u00f3n con la Federaci\u00f3n de Coros de Navarra<\/strong><\/p>\n<ul>\n<li>Domingo 25 de noviembre, 12.30 horas. Civivox Iturrama<\/li>\n<li>Vocal Ensemble Tempus Floridum<\/li>\n<li>S\u00e1bado 15 de diciembre, 19.30 horas. Civivox San Jorge<\/li>\n<li>Salus Abeslariak de Pamplona y Coro de Tiebas<\/li>\n<li>Viernes 13 de enero, 19.30 horas. Civivox Condestable<\/li>\n<li>Coro de Voces Graves de Pamplona<\/li>\n<li>Domingo 27 de enero, 12.30 horas. Civivox Iturrama<\/li>\n<li>Grupo Vocal Tempo D\u00b4Intermezzo<\/li>\n<\/ul>\n<p>&nbsp;<\/p>\n","protected":false},"excerpt":{"rendered":"<p>La actuaci\u00f3n comenzar\u00e1 a las 12.30 horas, con entrada libre previa retirada de invitaciones<\/p>\n","protected":false},"author":1,"featured_media":18887,"comment_status":"open","ping_status":"closed","sticky":false,"template":"","format":"standard","meta":{"footnotes":""},"categories":[2],"tags":[],"class_list":["post-19555","post","type-post","status-publish","format-standard","has-post-thumbnail","hentry","category-ayuntamiento-pamplona"],"yoast_head":"<!-- This site is optimized with the Yoast SEO plugin v27.3 - https:\/\/yoast.com\/product\/yoast-seo-wordpress\/ -->\n<title>La formaci\u00f3n italiana Vocal Ensemble Tempus Floridum ofrece un concierto este domingo en Civivox Iturrama dentro del ciclo Coros en Red<\/title>\n<meta name=\"robots\" content=\"index, follow, max-snippet:-1, max-image-preview:large, max-video-preview:-1\" \/>\n<link rel=\"canonical\" href=\"https:\/\/www.laguiadepamplona.com\/actualidad\/la-formacion-italiana-vocal-ensemble-tempus-floridum-ofrece-un-concierto-este-domingo-en-civivox-iturrama-dentro-del-ciclo-coros-en-red\/\" \/>\n<meta property=\"og:locale\" content=\"es_ES\" \/>\n<meta property=\"og:type\" content=\"article\" \/>\n<meta property=\"og:title\" content=\"La formaci\u00f3n italiana Vocal Ensemble Tempus Floridum ofrece un concierto este domingo en Civivox Iturrama dentro del ciclo Coros en Red\" \/>\n<meta property=\"og:description\" content=\"La actuaci\u00f3n comenzar\u00e1 a las 12.30 horas, con entrada libre previa retirada de invitaciones\" \/>\n<meta property=\"og:url\" content=\"https:\/\/www.laguiadepamplona.com\/actualidad\/la-formacion-italiana-vocal-ensemble-tempus-floridum-ofrece-un-concierto-este-domingo-en-civivox-iturrama-dentro-del-ciclo-coros-en-red\/\" \/>\n<meta property=\"og:site_name\" content=\"La Gu\u00eda de Pamplona\" \/>\n<meta property=\"article:publisher\" content=\"https:\/\/www.facebook.com\/laguiadepamplonacom-133175176762273\/?ref=hl\" \/>\n<meta property=\"article:published_time\" content=\"2018-11-23T17:46:11+00:00\" \/>\n<meta property=\"og:image\" content=\"https:\/\/www.laguiadepamplona.com\/actualidad\/wp-content\/uploads\/2018\/10\/civivox-iturrama.jpg\" \/>\n\t<meta property=\"og:image:width\" content=\"1000\" \/>\n\t<meta property=\"og:image:height\" content=\"563\" \/>\n\t<meta property=\"og:image:type\" content=\"image\/jpeg\" \/>\n<meta name=\"author\" content=\"La Gu\u00eda de Pamplona\" \/>\n<meta name=\"twitter:card\" content=\"summary_large_image\" \/>\n<meta name=\"twitter:creator\" content=\"@LaGuiadPamplona\" \/>\n<meta name=\"twitter:site\" content=\"@LaGuiadPamplona\" \/>\n<meta name=\"twitter:label1\" content=\"Escrito por\" \/>\n\t<meta name=\"twitter:data1\" content=\"La Gu\u00eda de Pamplona\" \/>\n\t<meta name=\"twitter:label2\" content=\"Tiempo de lectura\" \/>\n\t<meta name=\"twitter:data2\" content=\"2 minutos\" \/>\n<script type=\"application\/ld+json\" class=\"yoast-schema-graph\">{\"@context\":\"https:\\\/\\\/schema.org\",\"@graph\":[{\"@type\":\"Article\",\"@id\":\"https:\\\/\\\/www.laguiadepamplona.com\\\/actualidad\\\/la-formacion-italiana-vocal-ensemble-tempus-floridum-ofrece-un-concierto-este-domingo-en-civivox-iturrama-dentro-del-ciclo-coros-en-red\\\/#article\",\"isPartOf\":{\"@id\":\"https:\\\/\\\/www.laguiadepamplona.com\\\/actualidad\\\/la-formacion-italiana-vocal-ensemble-tempus-floridum-ofrece-un-concierto-este-domingo-en-civivox-iturrama-dentro-del-ciclo-coros-en-red\\\/\"},\"author\":{\"name\":\"La Gu\u00eda de Pamplona\",\"@id\":\"https:\\\/\\\/www.laguiadepamplona.com\\\/actualidad\\\/#\\\/schema\\\/person\\\/efe887376f0213d4657c93adc50b1fdb\"},\"headline\":\"La formaci\u00f3n italiana Vocal Ensemble Tempus Floridum ofrece un concierto este domingo en Civivox Iturrama dentro del ciclo Coros en Red\",\"datePublished\":\"2018-11-23T17:46:11+00:00\",\"mainEntityOfPage\":{\"@id\":\"https:\\\/\\\/www.laguiadepamplona.com\\\/actualidad\\\/la-formacion-italiana-vocal-ensemble-tempus-floridum-ofrece-un-concierto-este-domingo-en-civivox-iturrama-dentro-del-ciclo-coros-en-red\\\/\"},\"wordCount\":345,\"commentCount\":0,\"publisher\":{\"@id\":\"https:\\\/\\\/www.laguiadepamplona.com\\\/actualidad\\\/#organization\"},\"image\":{\"@id\":\"https:\\\/\\\/www.laguiadepamplona.com\\\/actualidad\\\/la-formacion-italiana-vocal-ensemble-tempus-floridum-ofrece-un-concierto-este-domingo-en-civivox-iturrama-dentro-del-ciclo-coros-en-red\\\/#primaryimage\"},\"thumbnailUrl\":\"https:\\\/\\\/www.laguiadepamplona.com\\\/actualidad\\\/wp-content\\\/uploads\\\/2018\\\/10\\\/civivox-iturrama.jpg\",\"articleSection\":[\"Ayto Pamplona\"],\"inLanguage\":\"es\",\"potentialAction\":[{\"@type\":\"CommentAction\",\"name\":\"Comment\",\"target\":[\"https:\\\/\\\/www.laguiadepamplona.com\\\/actualidad\\\/la-formacion-italiana-vocal-ensemble-tempus-floridum-ofrece-un-concierto-este-domingo-en-civivox-iturrama-dentro-del-ciclo-coros-en-red\\\/#respond\"]}]},{\"@type\":\"WebPage\",\"@id\":\"https:\\\/\\\/www.laguiadepamplona.com\\\/actualidad\\\/la-formacion-italiana-vocal-ensemble-tempus-floridum-ofrece-un-concierto-este-domingo-en-civivox-iturrama-dentro-del-ciclo-coros-en-red\\\/\",\"url\":\"https:\\\/\\\/www.laguiadepamplona.com\\\/actualidad\\\/la-formacion-italiana-vocal-ensemble-tempus-floridum-ofrece-un-concierto-este-domingo-en-civivox-iturrama-dentro-del-ciclo-coros-en-red\\\/\",\"name\":\"La formaci\u00f3n italiana Vocal Ensemble Tempus Floridum ofrece un concierto este domingo en Civivox Iturrama dentro del ciclo Coros en Red\",\"isPartOf\":{\"@id\":\"https:\\\/\\\/www.laguiadepamplona.com\\\/actualidad\\\/#website\"},\"primaryImageOfPage\":{\"@id\":\"https:\\\/\\\/www.laguiadepamplona.com\\\/actualidad\\\/la-formacion-italiana-vocal-ensemble-tempus-floridum-ofrece-un-concierto-este-domingo-en-civivox-iturrama-dentro-del-ciclo-coros-en-red\\\/#primaryimage\"},\"image\":{\"@id\":\"https:\\\/\\\/www.laguiadepamplona.com\\\/actualidad\\\/la-formacion-italiana-vocal-ensemble-tempus-floridum-ofrece-un-concierto-este-domingo-en-civivox-iturrama-dentro-del-ciclo-coros-en-red\\\/#primaryimage\"},\"thumbnailUrl\":\"https:\\\/\\\/www.laguiadepamplona.com\\\/actualidad\\\/wp-content\\\/uploads\\\/2018\\\/10\\\/civivox-iturrama.jpg\",\"datePublished\":\"2018-11-23T17:46:11+00:00\",\"breadcrumb\":{\"@id\":\"https:\\\/\\\/www.laguiadepamplona.com\\\/actualidad\\\/la-formacion-italiana-vocal-ensemble-tempus-floridum-ofrece-un-concierto-este-domingo-en-civivox-iturrama-dentro-del-ciclo-coros-en-red\\\/#breadcrumb\"},\"inLanguage\":\"es\",\"potentialAction\":[{\"@type\":\"ReadAction\",\"target\":[\"https:\\\/\\\/www.laguiadepamplona.com\\\/actualidad\\\/la-formacion-italiana-vocal-ensemble-tempus-floridum-ofrece-un-concierto-este-domingo-en-civivox-iturrama-dentro-del-ciclo-coros-en-red\\\/\"]}]},{\"@type\":\"ImageObject\",\"inLanguage\":\"es\",\"@id\":\"https:\\\/\\\/www.laguiadepamplona.com\\\/actualidad\\\/la-formacion-italiana-vocal-ensemble-tempus-floridum-ofrece-un-concierto-este-domingo-en-civivox-iturrama-dentro-del-ciclo-coros-en-red\\\/#primaryimage\",\"url\":\"https:\\\/\\\/www.laguiadepamplona.com\\\/actualidad\\\/wp-content\\\/uploads\\\/2018\\\/10\\\/civivox-iturrama.jpg\",\"contentUrl\":\"https:\\\/\\\/www.laguiadepamplona.com\\\/actualidad\\\/wp-content\\\/uploads\\\/2018\\\/10\\\/civivox-iturrama.jpg\",\"width\":1000,\"height\":563},{\"@type\":\"BreadcrumbList\",\"@id\":\"https:\\\/\\\/www.laguiadepamplona.com\\\/actualidad\\\/la-formacion-italiana-vocal-ensemble-tempus-floridum-ofrece-un-concierto-este-domingo-en-civivox-iturrama-dentro-del-ciclo-coros-en-red\\\/#breadcrumb\",\"itemListElement\":[{\"@type\":\"ListItem\",\"position\":1,\"name\":\"Portada\",\"item\":\"https:\\\/\\\/www.laguiadepamplona.com\\\/actualidad\\\/\"},{\"@type\":\"ListItem\",\"position\":2,\"name\":\"La formaci\u00f3n italiana Vocal Ensemble Tempus Floridum ofrece un concierto este domingo en Civivox Iturrama dentro del ciclo Coros en Red\"}]},{\"@type\":\"WebSite\",\"@id\":\"https:\\\/\\\/www.laguiadepamplona.com\\\/actualidad\\\/#website\",\"url\":\"https:\\\/\\\/www.laguiadepamplona.com\\\/actualidad\\\/\",\"name\":\"La gu\u00eda de Pamplona\",\"description\":\"Noticias de Pamplona\",\"publisher\":{\"@id\":\"https:\\\/\\\/www.laguiadepamplona.com\\\/actualidad\\\/#organization\"},\"potentialAction\":[{\"@type\":\"SearchAction\",\"target\":{\"@type\":\"EntryPoint\",\"urlTemplate\":\"https:\\\/\\\/www.laguiadepamplona.com\\\/actualidad\\\/?s={search_term_string}\"},\"query-input\":{\"@type\":\"PropertyValueSpecification\",\"valueRequired\":true,\"valueName\":\"search_term_string\"}}],\"inLanguage\":\"es\"},{\"@type\":\"Organization\",\"@id\":\"https:\\\/\\\/www.laguiadepamplona.com\\\/actualidad\\\/#organization\",\"name\":\"La Gu\u00eda de Pamplona \\\/ Noticias\",\"url\":\"https:\\\/\\\/www.laguiadepamplona.com\\\/actualidad\\\/\",\"logo\":{\"@type\":\"ImageObject\",\"inLanguage\":\"es\",\"@id\":\"https:\\\/\\\/www.laguiadepamplona.com\\\/actualidad\\\/#\\\/schema\\\/logo\\\/image\\\/\",\"url\":\"https:\\\/\\\/www.laguiadepamplona.com\\\/actualidad\\\/wp-content\\\/uploads\\\/2018\\\/11\\\/logo-laguiadepamplona18-web1.png\",\"contentUrl\":\"https:\\\/\\\/www.laguiadepamplona.com\\\/actualidad\\\/wp-content\\\/uploads\\\/2018\\\/11\\\/logo-laguiadepamplona18-web1.png\",\"width\":600,\"height\":196,\"caption\":\"La Gu\u00eda de Pamplona \\\/ Noticias\"},\"image\":{\"@id\":\"https:\\\/\\\/www.laguiadepamplona.com\\\/actualidad\\\/#\\\/schema\\\/logo\\\/image\\\/\"},\"sameAs\":[\"https:\\\/\\\/www.facebook.com\\\/laguiadepamplonacom-133175176762273\\\/?ref=hl\",\"https:\\\/\\\/x.com\\\/LaGuiadPamplona\",\"https:\\\/\\\/www.instagram.com\\\/la_guia_de_pamplona\\\/\",\"https:\\\/\\\/www.youtube.com\\\/user\\\/laguiadepamplona\"]},{\"@type\":\"Person\",\"@id\":\"https:\\\/\\\/www.laguiadepamplona.com\\\/actualidad\\\/#\\\/schema\\\/person\\\/efe887376f0213d4657c93adc50b1fdb\",\"name\":\"La Gu\u00eda de Pamplona\",\"image\":{\"@type\":\"ImageObject\",\"inLanguage\":\"es\",\"@id\":\"https:\\\/\\\/secure.gravatar.com\\\/avatar\\\/b6992f131dc8d30ab0dff15446e9d346d9dbd95992de0fef795073f5ea83a81c?s=96&d=mm&r=g\",\"url\":\"https:\\\/\\\/secure.gravatar.com\\\/avatar\\\/b6992f131dc8d30ab0dff15446e9d346d9dbd95992de0fef795073f5ea83a81c?s=96&d=mm&r=g\",\"contentUrl\":\"https:\\\/\\\/secure.gravatar.com\\\/avatar\\\/b6992f131dc8d30ab0dff15446e9d346d9dbd95992de0fef795073f5ea83a81c?s=96&d=mm&r=g\",\"caption\":\"La Gu\u00eda de Pamplona\"}}]}<\/script>\n<!-- \/ Yoast SEO plugin. -->","yoast_head_json":{"title":"La formaci\u00f3n italiana Vocal Ensemble Tempus Floridum ofrece un concierto este domingo en Civivox Iturrama dentro del ciclo Coros en Red","robots":{"index":"index","follow":"follow","max-snippet":"max-snippet:-1","max-image-preview":"max-image-preview:large","max-video-preview":"max-video-preview:-1"},"canonical":"https:\/\/www.laguiadepamplona.com\/actualidad\/la-formacion-italiana-vocal-ensemble-tempus-floridum-ofrece-un-concierto-este-domingo-en-civivox-iturrama-dentro-del-ciclo-coros-en-red\/","og_locale":"es_ES","og_type":"article","og_title":"La formaci\u00f3n italiana Vocal Ensemble Tempus Floridum ofrece un concierto este domingo en Civivox Iturrama dentro del ciclo Coros en Red","og_description":"La actuaci\u00f3n comenzar\u00e1 a las 12.30 horas, con entrada libre previa retirada de invitaciones","og_url":"https:\/\/www.laguiadepamplona.com\/actualidad\/la-formacion-italiana-vocal-ensemble-tempus-floridum-ofrece-un-concierto-este-domingo-en-civivox-iturrama-dentro-del-ciclo-coros-en-red\/","og_site_name":"La Gu\u00eda de Pamplona","article_publisher":"https:\/\/www.facebook.com\/laguiadepamplonacom-133175176762273\/?ref=hl","article_published_time":"2018-11-23T17:46:11+00:00","og_image":[{"width":1000,"height":563,"url":"https:\/\/www.laguiadepamplona.com\/actualidad\/wp-content\/uploads\/2018\/10\/civivox-iturrama.jpg","type":"image\/jpeg"}],"author":"La Gu\u00eda de Pamplona","twitter_card":"summary_large_image","twitter_creator":"@LaGuiadPamplona","twitter_site":"@LaGuiadPamplona","twitter_misc":{"Escrito por":"La Gu\u00eda de Pamplona","Tiempo de lectura":"2 minutos"},"schema":{"@context":"https:\/\/schema.org","@graph":[{"@type":"Article","@id":"https:\/\/www.laguiadepamplona.com\/actualidad\/la-formacion-italiana-vocal-ensemble-tempus-floridum-ofrece-un-concierto-este-domingo-en-civivox-iturrama-dentro-del-ciclo-coros-en-red\/#article","isPartOf":{"@id":"https:\/\/www.laguiadepamplona.com\/actualidad\/la-formacion-italiana-vocal-ensemble-tempus-floridum-ofrece-un-concierto-este-domingo-en-civivox-iturrama-dentro-del-ciclo-coros-en-red\/"},"author":{"name":"La Gu\u00eda de Pamplona","@id":"https:\/\/www.laguiadepamplona.com\/actualidad\/#\/schema\/person\/efe887376f0213d4657c93adc50b1fdb"},"headline":"La formaci\u00f3n italiana Vocal Ensemble Tempus Floridum ofrece un concierto este domingo en Civivox Iturrama dentro del ciclo Coros en Red","datePublished":"2018-11-23T17:46:11+00:00","mainEntityOfPage":{"@id":"https:\/\/www.laguiadepamplona.com\/actualidad\/la-formacion-italiana-vocal-ensemble-tempus-floridum-ofrece-un-concierto-este-domingo-en-civivox-iturrama-dentro-del-ciclo-coros-en-red\/"},"wordCount":345,"commentCount":0,"publisher":{"@id":"https:\/\/www.laguiadepamplona.com\/actualidad\/#organization"},"image":{"@id":"https:\/\/www.laguiadepamplona.com\/actualidad\/la-formacion-italiana-vocal-ensemble-tempus-floridum-ofrece-un-concierto-este-domingo-en-civivox-iturrama-dentro-del-ciclo-coros-en-red\/#primaryimage"},"thumbnailUrl":"https:\/\/www.laguiadepamplona.com\/actualidad\/wp-content\/uploads\/2018\/10\/civivox-iturrama.jpg","articleSection":["Ayto Pamplona"],"inLanguage":"es","potentialAction":[{"@type":"CommentAction","name":"Comment","target":["https:\/\/www.laguiadepamplona.com\/actualidad\/la-formacion-italiana-vocal-ensemble-tempus-floridum-ofrece-un-concierto-este-domingo-en-civivox-iturrama-dentro-del-ciclo-coros-en-red\/#respond"]}]},{"@type":"WebPage","@id":"https:\/\/www.laguiadepamplona.com\/actualidad\/la-formacion-italiana-vocal-ensemble-tempus-floridum-ofrece-un-concierto-este-domingo-en-civivox-iturrama-dentro-del-ciclo-coros-en-red\/","url":"https:\/\/www.laguiadepamplona.com\/actualidad\/la-formacion-italiana-vocal-ensemble-tempus-floridum-ofrece-un-concierto-este-domingo-en-civivox-iturrama-dentro-del-ciclo-coros-en-red\/","name":"La formaci\u00f3n italiana Vocal Ensemble Tempus Floridum ofrece un concierto este domingo en Civivox Iturrama dentro del ciclo Coros en Red","isPartOf":{"@id":"https:\/\/www.laguiadepamplona.com\/actualidad\/#website"},"primaryImageOfPage":{"@id":"https:\/\/www.laguiadepamplona.com\/actualidad\/la-formacion-italiana-vocal-ensemble-tempus-floridum-ofrece-un-concierto-este-domingo-en-civivox-iturrama-dentro-del-ciclo-coros-en-red\/#primaryimage"},"image":{"@id":"https:\/\/www.laguiadepamplona.com\/actualidad\/la-formacion-italiana-vocal-ensemble-tempus-floridum-ofrece-un-concierto-este-domingo-en-civivox-iturrama-dentro-del-ciclo-coros-en-red\/#primaryimage"},"thumbnailUrl":"https:\/\/www.laguiadepamplona.com\/actualidad\/wp-content\/uploads\/2018\/10\/civivox-iturrama.jpg","datePublished":"2018-11-23T17:46:11+00:00","breadcrumb":{"@id":"https:\/\/www.laguiadepamplona.com\/actualidad\/la-formacion-italiana-vocal-ensemble-tempus-floridum-ofrece-un-concierto-este-domingo-en-civivox-iturrama-dentro-del-ciclo-coros-en-red\/#breadcrumb"},"inLanguage":"es","potentialAction":[{"@type":"ReadAction","target":["https:\/\/www.laguiadepamplona.com\/actualidad\/la-formacion-italiana-vocal-ensemble-tempus-floridum-ofrece-un-concierto-este-domingo-en-civivox-iturrama-dentro-del-ciclo-coros-en-red\/"]}]},{"@type":"ImageObject","inLanguage":"es","@id":"https:\/\/www.laguiadepamplona.com\/actualidad\/la-formacion-italiana-vocal-ensemble-tempus-floridum-ofrece-un-concierto-este-domingo-en-civivox-iturrama-dentro-del-ciclo-coros-en-red\/#primaryimage","url":"https:\/\/www.laguiadepamplona.com\/actualidad\/wp-content\/uploads\/2018\/10\/civivox-iturrama.jpg","contentUrl":"https:\/\/www.laguiadepamplona.com\/actualidad\/wp-content\/uploads\/2018\/10\/civivox-iturrama.jpg","width":1000,"height":563},{"@type":"BreadcrumbList","@id":"https:\/\/www.laguiadepamplona.com\/actualidad\/la-formacion-italiana-vocal-ensemble-tempus-floridum-ofrece-un-concierto-este-domingo-en-civivox-iturrama-dentro-del-ciclo-coros-en-red\/#breadcrumb","itemListElement":[{"@type":"ListItem","position":1,"name":"Portada","item":"https:\/\/www.laguiadepamplona.com\/actualidad\/"},{"@type":"ListItem","position":2,"name":"La formaci\u00f3n italiana Vocal Ensemble Tempus Floridum ofrece un concierto este domingo en Civivox Iturrama dentro del ciclo Coros en Red"}]},{"@type":"WebSite","@id":"https:\/\/www.laguiadepamplona.com\/actualidad\/#website","url":"https:\/\/www.laguiadepamplona.com\/actualidad\/","name":"La gu\u00eda de Pamplona","description":"Noticias de Pamplona","publisher":{"@id":"https:\/\/www.laguiadepamplona.com\/actualidad\/#organization"},"potentialAction":[{"@type":"SearchAction","target":{"@type":"EntryPoint","urlTemplate":"https:\/\/www.laguiadepamplona.com\/actualidad\/?s={search_term_string}"},"query-input":{"@type":"PropertyValueSpecification","valueRequired":true,"valueName":"search_term_string"}}],"inLanguage":"es"},{"@type":"Organization","@id":"https:\/\/www.laguiadepamplona.com\/actualidad\/#organization","name":"La Gu\u00eda de Pamplona \/ Noticias","url":"https:\/\/www.laguiadepamplona.com\/actualidad\/","logo":{"@type":"ImageObject","inLanguage":"es","@id":"https:\/\/www.laguiadepamplona.com\/actualidad\/#\/schema\/logo\/image\/","url":"https:\/\/www.laguiadepamplona.com\/actualidad\/wp-content\/uploads\/2018\/11\/logo-laguiadepamplona18-web1.png","contentUrl":"https:\/\/www.laguiadepamplona.com\/actualidad\/wp-content\/uploads\/2018\/11\/logo-laguiadepamplona18-web1.png","width":600,"height":196,"caption":"La Gu\u00eda de Pamplona \/ Noticias"},"image":{"@id":"https:\/\/www.laguiadepamplona.com\/actualidad\/#\/schema\/logo\/image\/"},"sameAs":["https:\/\/www.facebook.com\/laguiadepamplonacom-133175176762273\/?ref=hl","https:\/\/x.com\/LaGuiadPamplona","https:\/\/www.instagram.com\/la_guia_de_pamplona\/","https:\/\/www.youtube.com\/user\/laguiadepamplona"]},{"@type":"Person","@id":"https:\/\/www.laguiadepamplona.com\/actualidad\/#\/schema\/person\/efe887376f0213d4657c93adc50b1fdb","name":"La Gu\u00eda de Pamplona","image":{"@type":"ImageObject","inLanguage":"es","@id":"https:\/\/secure.gravatar.com\/avatar\/b6992f131dc8d30ab0dff15446e9d346d9dbd95992de0fef795073f5ea83a81c?s=96&d=mm&r=g","url":"https:\/\/secure.gravatar.com\/avatar\/b6992f131dc8d30ab0dff15446e9d346d9dbd95992de0fef795073f5ea83a81c?s=96&d=mm&r=g","contentUrl":"https:\/\/secure.gravatar.com\/avatar\/b6992f131dc8d30ab0dff15446e9d346d9dbd95992de0fef795073f5ea83a81c?s=96&d=mm&r=g","caption":"La Gu\u00eda de Pamplona"}}]}},"post_mailing_queue_ids":[],"_links":{"self":[{"href":"https:\/\/www.laguiadepamplona.com\/actualidad\/wp-json\/wp\/v2\/posts\/19555","targetHints":{"allow":["GET"]}}],"collection":[{"href":"https:\/\/www.laguiadepamplona.com\/actualidad\/wp-json\/wp\/v2\/posts"}],"about":[{"href":"https:\/\/www.laguiadepamplona.com\/actualidad\/wp-json\/wp\/v2\/types\/post"}],"author":[{"embeddable":true,"href":"https:\/\/www.laguiadepamplona.com\/actualidad\/wp-json\/wp\/v2\/users\/1"}],"replies":[{"embeddable":true,"href":"https:\/\/www.laguiadepamplona.com\/actualidad\/wp-json\/wp\/v2\/comments?post=19555"}],"version-history":[{"count":0,"href":"https:\/\/www.laguiadepamplona.com\/actualidad\/wp-json\/wp\/v2\/posts\/19555\/revisions"}],"wp:featuredmedia":[{"embeddable":true,"href":"https:\/\/www.laguiadepamplona.com\/actualidad\/wp-json\/wp\/v2\/media\/18887"}],"wp:attachment":[{"href":"https:\/\/www.laguiadepamplona.com\/actualidad\/wp-json\/wp\/v2\/media?parent=19555"}],"wp:term":[{"taxonomy":"category","embeddable":true,"href":"https:\/\/www.laguiadepamplona.com\/actualidad\/wp-json\/wp\/v2\/categories?post=19555"},{"taxonomy":"post_tag","embeddable":true,"href":"https:\/\/www.laguiadepamplona.com\/actualidad\/wp-json\/wp\/v2\/tags?post=19555"}],"curies":[{"name":"wp","href":"https:\/\/api.w.org\/{rel}","templated":true}]}}