{"id":19552,"date":"2018-11-23T19:44:22","date_gmt":"2018-11-23T17:44:22","guid":{"rendered":"https:\/\/www.laguiadepamplona.es\/actualidad\/?p=19552"},"modified":"2018-11-23T19:44:22","modified_gmt":"2018-11-23T17:44:22","slug":"la-retrospectiva-sobre-el-cineasta-sueco-ingmar-bergman-concluye-este-sabado-con-la-proyeccion-en-condestable-de-la-oscarizada-fanny-y-alexander","status":"publish","type":"post","link":"https:\/\/www.laguiadepamplona.com\/actualidad\/la-retrospectiva-sobre-el-cineasta-sueco-ingmar-bergman-concluye-este-sabado-con-la-proyeccion-en-condestable-de-la-oscarizada-fanny-y-alexander\/","title":{"rendered":"La retrospectiva sobre el cineasta sueco Ingmar Bergman concluye este s\u00e1bado con la proyecci\u00f3n en Condestable de la oscarizada \u2018Fanny y Alexander\u2019"},"content":{"rendered":"<h3>La \u00faltima propuesta del ciclo, que comenz\u00f3 en abril y gracias al que se han visto 19 pel\u00edculas, comenzar\u00e1 a las 19.30 horas con entrada libre<\/h3>\n<p><!--more--><\/p>\n<p>\u00daltima proyecci\u00f3n en Civivox Condestable del ciclo sobre el director sueco Ingmar Bergman. Este s\u00e1bado se cierra la retrospectiva que el Ayuntamiento de Pamplona ha dedicado a uno de los grandes del s\u00e9ptimo arte durante los fines de semana de abril, mayo, junio, septiembre, octubre y noviembre. La oscarizada \u2018Fanny y Alexander\u2019 servir\u00e1 de ep\u00edlogo, con su proyecci\u00f3n a partir de las 19.30 horas, con entrada libre previa retirada de invitaciones.<\/p>\n<p><a href=\"https:\/\/www.laguiadepamplona.es\/actualidad\/wp-content\/uploads\/2018\/11\/Fanny-y-Alexander.jpg\"><img loading=\"lazy\" decoding=\"async\" class=\"alignleft size-medium wp-image-19553\" src=\"https:\/\/www.laguiadepamplona.es\/actualidad\/wp-content\/uploads\/2018\/11\/Fanny-y-Alexander-300x201.jpg\" alt=\"\" width=\"300\" height=\"201\" srcset=\"https:\/\/www.laguiadepamplona.com\/actualidad\/wp-content\/uploads\/2018\/11\/Fanny-y-Alexander-300x201.jpg 300w, https:\/\/www.laguiadepamplona.com\/actualidad\/wp-content\/uploads\/2018\/11\/Fanny-y-Alexander-768x514.jpg 768w, https:\/\/www.laguiadepamplona.com\/actualidad\/wp-content\/uploads\/2018\/11\/Fanny-y-Alexander-1019x682.jpg 1019w, https:\/\/www.laguiadepamplona.com\/actualidad\/wp-content\/uploads\/2018\/11\/Fanny-y-Alexander-640x429.jpg 640w, https:\/\/www.laguiadepamplona.com\/actualidad\/wp-content\/uploads\/2018\/11\/Fanny-y-Alexander.jpg 1280w\" sizes=\"auto, (max-width: 300px) 100vw, 300px\" \/><\/a>\u2018Fanny y Alexander\u2019 es una historia de familia. Ambientada en Uppsala, en la Suecia de 1907, la pel\u00edcula hace testigo al p\u00fablico de los placeres y conflictos de los Ekdahl, una familia burguesa de principios de siglo. La historia se cuenta a trav\u00e9s de los ojos de dos ni\u00f1os, el joven Alexander y su hermana Fanny. Los padres se dedican al teatro y son felices, hasta que el padre muere de forma repentina. Al poco tiempo, la madre decide casarse con un l\u00edder religioso conservador, una decisi\u00f3n que cambiar\u00e1 sus vidas.<\/p>\n<p>Esos ojos de los menores, a trav\u00e9s de los que se narra la pel\u00edcula, son los del propio Bergman recuperando ese mundo perdido \u201cde luces, de aromas, de sonidos\u201d de su infancia. El director anunci\u00f3 que se retiraba del cine con esta pel\u00edcula, que supone un memorable compendio de todos los temas e inquietudes que recorren su filmograf\u00eda, aunque no cumpli\u00f3 su promesa y sigui\u00f3 dirigiendo cortometrajes y pel\u00edcula para televisi\u00f3n. \u2018Fanny y Alexander\u2019\u2019 obtuvo cuatro premios Oscar, a la mejor pel\u00edcula extranjera, a la mejor fotograf\u00eda, a la mejor direcci\u00f3n art\u00edstica y al mejor vestuario. Adem\u00e1s, el filme logr\u00f3 el Globo de Oro a la mejor pel\u00edcula extranjera.<\/p>\n<p>El ciclo sobre Ingmar Bergman comenz\u00f3 el pasado mes de abril, gracias al convenio de colaboraci\u00f3n suscrito por el Ayuntamiento de Pamplona y la Fundaci\u00f3n BilbaoArte Fundazioa, para la proyecci\u00f3n de diferentes programaciones cinematogr\u00e1ficas. Se eligi\u00f3 como primer ciclo al director sueco Ingmar Bergman, ya que este a\u00f1o se cumpl\u00eda el centenario de su nacimiento. En estos meses, con el par\u00e9ntesis del verano, se han proyectado en Condestable un total de 19 pel\u00edculas que han repasado la trayectoria de uno de los maestros del s\u00e9ptimo arte, pudiendo ver su evoluci\u00f3n art\u00edstica y el reflejo en la gran pantalla de algunas de sus tem\u00e1ticas fetiche como la incomunicaci\u00f3n o las relaciones familiares y de pareja.<\/p>\n<p>&nbsp;<\/p>\n<p>&nbsp;<\/p>\n<p><strong>Proyecciones ciclo Ingmar Bergman. Civivox Condestable<\/strong><\/p>\n<p><strong>NOVIEMBRE<\/strong><\/p>\n<ul>\n<li>S\u00e1bado 24 de noviembre, 19.30 horas. \u2018Fanny y Alexander\u2019<\/li>\n<\/ul>\n","protected":false},"excerpt":{"rendered":"<p>La \u00faltima propuesta del ciclo, que comenz\u00f3 en abril y gracias al que se han visto 19 pel\u00edculas, comenzar\u00e1 a las 19.30 horas con entrada libre<\/p>\n","protected":false},"author":1,"featured_media":17390,"comment_status":"open","ping_status":"closed","sticky":false,"template":"","format":"standard","meta":{"footnotes":""},"categories":[2],"tags":[],"class_list":["post-19552","post","type-post","status-publish","format-standard","has-post-thumbnail","hentry","category-ayuntamiento-pamplona"],"yoast_head":"<!-- This site is optimized with the Yoast SEO plugin v27.3 - https:\/\/yoast.com\/product\/yoast-seo-wordpress\/ -->\n<title>La retrospectiva sobre el cineasta sueco Ingmar Bergman concluye este s\u00e1bado con la proyecci\u00f3n en Condestable de la oscarizada \u2018Fanny y Alexander\u2019<\/title>\n<meta name=\"robots\" content=\"index, follow, max-snippet:-1, max-image-preview:large, max-video-preview:-1\" \/>\n<link rel=\"canonical\" href=\"https:\/\/www.laguiadepamplona.com\/actualidad\/la-retrospectiva-sobre-el-cineasta-sueco-ingmar-bergman-concluye-este-sabado-con-la-proyeccion-en-condestable-de-la-oscarizada-fanny-y-alexander\/\" \/>\n<meta property=\"og:locale\" content=\"es_ES\" \/>\n<meta property=\"og:type\" content=\"article\" \/>\n<meta property=\"og:title\" content=\"La retrospectiva sobre el cineasta sueco Ingmar Bergman concluye este s\u00e1bado con la proyecci\u00f3n en Condestable de la oscarizada \u2018Fanny y Alexander\u2019\" \/>\n<meta property=\"og:description\" content=\"La \u00faltima propuesta del ciclo, que comenz\u00f3 en abril y gracias al que se han visto 19 pel\u00edculas, comenzar\u00e1 a las 19.30 horas con entrada libre\" \/>\n<meta property=\"og:url\" content=\"https:\/\/www.laguiadepamplona.com\/actualidad\/la-retrospectiva-sobre-el-cineasta-sueco-ingmar-bergman-concluye-este-sabado-con-la-proyeccion-en-condestable-de-la-oscarizada-fanny-y-alexander\/\" \/>\n<meta property=\"og:site_name\" content=\"La Gu\u00eda de Pamplona\" \/>\n<meta property=\"article:publisher\" content=\"https:\/\/www.facebook.com\/laguiadepamplonacom-133175176762273\/?ref=hl\" \/>\n<meta property=\"article:published_time\" content=\"2018-11-23T17:44:22+00:00\" \/>\n<meta property=\"og:image\" content=\"https:\/\/www.laguiadepamplona.com\/actualidad\/wp-content\/uploads\/2018\/05\/palacio-condestable.jpg\" \/>\n\t<meta property=\"og:image:width\" content=\"950\" \/>\n\t<meta property=\"og:image:height\" content=\"634\" \/>\n\t<meta property=\"og:image:type\" content=\"image\/jpeg\" \/>\n<meta name=\"author\" content=\"La Gu\u00eda de Pamplona\" \/>\n<meta name=\"twitter:card\" content=\"summary_large_image\" \/>\n<meta name=\"twitter:creator\" content=\"@LaGuiadPamplona\" \/>\n<meta name=\"twitter:site\" content=\"@LaGuiadPamplona\" \/>\n<meta name=\"twitter:label1\" content=\"Escrito por\" \/>\n\t<meta name=\"twitter:data1\" content=\"La Gu\u00eda de Pamplona\" \/>\n\t<meta name=\"twitter:label2\" content=\"Tiempo de lectura\" \/>\n\t<meta name=\"twitter:data2\" content=\"2 minutos\" \/>\n<script type=\"application\/ld+json\" class=\"yoast-schema-graph\">{\"@context\":\"https:\\\/\\\/schema.org\",\"@graph\":[{\"@type\":\"Article\",\"@id\":\"https:\\\/\\\/www.laguiadepamplona.com\\\/actualidad\\\/la-retrospectiva-sobre-el-cineasta-sueco-ingmar-bergman-concluye-este-sabado-con-la-proyeccion-en-condestable-de-la-oscarizada-fanny-y-alexander\\\/#article\",\"isPartOf\":{\"@id\":\"https:\\\/\\\/www.laguiadepamplona.com\\\/actualidad\\\/la-retrospectiva-sobre-el-cineasta-sueco-ingmar-bergman-concluye-este-sabado-con-la-proyeccion-en-condestable-de-la-oscarizada-fanny-y-alexander\\\/\"},\"author\":{\"name\":\"La Gu\u00eda de Pamplona\",\"@id\":\"https:\\\/\\\/www.laguiadepamplona.com\\\/actualidad\\\/#\\\/schema\\\/person\\\/efe887376f0213d4657c93adc50b1fdb\"},\"headline\":\"La retrospectiva sobre el cineasta sueco Ingmar Bergman concluye este s\u00e1bado con la proyecci\u00f3n en Condestable de la oscarizada \u2018Fanny y Alexander\u2019\",\"datePublished\":\"2018-11-23T17:44:22+00:00\",\"mainEntityOfPage\":{\"@id\":\"https:\\\/\\\/www.laguiadepamplona.com\\\/actualidad\\\/la-retrospectiva-sobre-el-cineasta-sueco-ingmar-bergman-concluye-este-sabado-con-la-proyeccion-en-condestable-de-la-oscarizada-fanny-y-alexander\\\/\"},\"wordCount\":484,\"commentCount\":0,\"publisher\":{\"@id\":\"https:\\\/\\\/www.laguiadepamplona.com\\\/actualidad\\\/#organization\"},\"image\":{\"@id\":\"https:\\\/\\\/www.laguiadepamplona.com\\\/actualidad\\\/la-retrospectiva-sobre-el-cineasta-sueco-ingmar-bergman-concluye-este-sabado-con-la-proyeccion-en-condestable-de-la-oscarizada-fanny-y-alexander\\\/#primaryimage\"},\"thumbnailUrl\":\"https:\\\/\\\/www.laguiadepamplona.com\\\/actualidad\\\/wp-content\\\/uploads\\\/2018\\\/05\\\/palacio-condestable.jpg\",\"articleSection\":[\"Ayto Pamplona\"],\"inLanguage\":\"es\",\"potentialAction\":[{\"@type\":\"CommentAction\",\"name\":\"Comment\",\"target\":[\"https:\\\/\\\/www.laguiadepamplona.com\\\/actualidad\\\/la-retrospectiva-sobre-el-cineasta-sueco-ingmar-bergman-concluye-este-sabado-con-la-proyeccion-en-condestable-de-la-oscarizada-fanny-y-alexander\\\/#respond\"]}]},{\"@type\":\"WebPage\",\"@id\":\"https:\\\/\\\/www.laguiadepamplona.com\\\/actualidad\\\/la-retrospectiva-sobre-el-cineasta-sueco-ingmar-bergman-concluye-este-sabado-con-la-proyeccion-en-condestable-de-la-oscarizada-fanny-y-alexander\\\/\",\"url\":\"https:\\\/\\\/www.laguiadepamplona.com\\\/actualidad\\\/la-retrospectiva-sobre-el-cineasta-sueco-ingmar-bergman-concluye-este-sabado-con-la-proyeccion-en-condestable-de-la-oscarizada-fanny-y-alexander\\\/\",\"name\":\"La retrospectiva sobre el cineasta sueco Ingmar Bergman concluye este s\u00e1bado con la proyecci\u00f3n en Condestable de la oscarizada \u2018Fanny y Alexander\u2019\",\"isPartOf\":{\"@id\":\"https:\\\/\\\/www.laguiadepamplona.com\\\/actualidad\\\/#website\"},\"primaryImageOfPage\":{\"@id\":\"https:\\\/\\\/www.laguiadepamplona.com\\\/actualidad\\\/la-retrospectiva-sobre-el-cineasta-sueco-ingmar-bergman-concluye-este-sabado-con-la-proyeccion-en-condestable-de-la-oscarizada-fanny-y-alexander\\\/#primaryimage\"},\"image\":{\"@id\":\"https:\\\/\\\/www.laguiadepamplona.com\\\/actualidad\\\/la-retrospectiva-sobre-el-cineasta-sueco-ingmar-bergman-concluye-este-sabado-con-la-proyeccion-en-condestable-de-la-oscarizada-fanny-y-alexander\\\/#primaryimage\"},\"thumbnailUrl\":\"https:\\\/\\\/www.laguiadepamplona.com\\\/actualidad\\\/wp-content\\\/uploads\\\/2018\\\/05\\\/palacio-condestable.jpg\",\"datePublished\":\"2018-11-23T17:44:22+00:00\",\"breadcrumb\":{\"@id\":\"https:\\\/\\\/www.laguiadepamplona.com\\\/actualidad\\\/la-retrospectiva-sobre-el-cineasta-sueco-ingmar-bergman-concluye-este-sabado-con-la-proyeccion-en-condestable-de-la-oscarizada-fanny-y-alexander\\\/#breadcrumb\"},\"inLanguage\":\"es\",\"potentialAction\":[{\"@type\":\"ReadAction\",\"target\":[\"https:\\\/\\\/www.laguiadepamplona.com\\\/actualidad\\\/la-retrospectiva-sobre-el-cineasta-sueco-ingmar-bergman-concluye-este-sabado-con-la-proyeccion-en-condestable-de-la-oscarizada-fanny-y-alexander\\\/\"]}]},{\"@type\":\"ImageObject\",\"inLanguage\":\"es\",\"@id\":\"https:\\\/\\\/www.laguiadepamplona.com\\\/actualidad\\\/la-retrospectiva-sobre-el-cineasta-sueco-ingmar-bergman-concluye-este-sabado-con-la-proyeccion-en-condestable-de-la-oscarizada-fanny-y-alexander\\\/#primaryimage\",\"url\":\"https:\\\/\\\/www.laguiadepamplona.com\\\/actualidad\\\/wp-content\\\/uploads\\\/2018\\\/05\\\/palacio-condestable.jpg\",\"contentUrl\":\"https:\\\/\\\/www.laguiadepamplona.com\\\/actualidad\\\/wp-content\\\/uploads\\\/2018\\\/05\\\/palacio-condestable.jpg\",\"width\":950,\"height\":634,\"caption\":\"civivox condestable\"},{\"@type\":\"BreadcrumbList\",\"@id\":\"https:\\\/\\\/www.laguiadepamplona.com\\\/actualidad\\\/la-retrospectiva-sobre-el-cineasta-sueco-ingmar-bergman-concluye-este-sabado-con-la-proyeccion-en-condestable-de-la-oscarizada-fanny-y-alexander\\\/#breadcrumb\",\"itemListElement\":[{\"@type\":\"ListItem\",\"position\":1,\"name\":\"Portada\",\"item\":\"https:\\\/\\\/www.laguiadepamplona.com\\\/actualidad\\\/\"},{\"@type\":\"ListItem\",\"position\":2,\"name\":\"La retrospectiva sobre el cineasta sueco Ingmar Bergman concluye este s\u00e1bado con la proyecci\u00f3n en Condestable de la oscarizada \u2018Fanny y Alexander\u2019\"}]},{\"@type\":\"WebSite\",\"@id\":\"https:\\\/\\\/www.laguiadepamplona.com\\\/actualidad\\\/#website\",\"url\":\"https:\\\/\\\/www.laguiadepamplona.com\\\/actualidad\\\/\",\"name\":\"La gu\u00eda de Pamplona\",\"description\":\"Noticias de Pamplona\",\"publisher\":{\"@id\":\"https:\\\/\\\/www.laguiadepamplona.com\\\/actualidad\\\/#organization\"},\"potentialAction\":[{\"@type\":\"SearchAction\",\"target\":{\"@type\":\"EntryPoint\",\"urlTemplate\":\"https:\\\/\\\/www.laguiadepamplona.com\\\/actualidad\\\/?s={search_term_string}\"},\"query-input\":{\"@type\":\"PropertyValueSpecification\",\"valueRequired\":true,\"valueName\":\"search_term_string\"}}],\"inLanguage\":\"es\"},{\"@type\":\"Organization\",\"@id\":\"https:\\\/\\\/www.laguiadepamplona.com\\\/actualidad\\\/#organization\",\"name\":\"La Gu\u00eda de Pamplona \\\/ Noticias\",\"url\":\"https:\\\/\\\/www.laguiadepamplona.com\\\/actualidad\\\/\",\"logo\":{\"@type\":\"ImageObject\",\"inLanguage\":\"es\",\"@id\":\"https:\\\/\\\/www.laguiadepamplona.com\\\/actualidad\\\/#\\\/schema\\\/logo\\\/image\\\/\",\"url\":\"https:\\\/\\\/www.laguiadepamplona.com\\\/actualidad\\\/wp-content\\\/uploads\\\/2018\\\/11\\\/logo-laguiadepamplona18-web1.png\",\"contentUrl\":\"https:\\\/\\\/www.laguiadepamplona.com\\\/actualidad\\\/wp-content\\\/uploads\\\/2018\\\/11\\\/logo-laguiadepamplona18-web1.png\",\"width\":600,\"height\":196,\"caption\":\"La Gu\u00eda de Pamplona \\\/ Noticias\"},\"image\":{\"@id\":\"https:\\\/\\\/www.laguiadepamplona.com\\\/actualidad\\\/#\\\/schema\\\/logo\\\/image\\\/\"},\"sameAs\":[\"https:\\\/\\\/www.facebook.com\\\/laguiadepamplonacom-133175176762273\\\/?ref=hl\",\"https:\\\/\\\/x.com\\\/LaGuiadPamplona\",\"https:\\\/\\\/www.instagram.com\\\/la_guia_de_pamplona\\\/\",\"https:\\\/\\\/www.youtube.com\\\/user\\\/laguiadepamplona\"]},{\"@type\":\"Person\",\"@id\":\"https:\\\/\\\/www.laguiadepamplona.com\\\/actualidad\\\/#\\\/schema\\\/person\\\/efe887376f0213d4657c93adc50b1fdb\",\"name\":\"La Gu\u00eda de Pamplona\",\"image\":{\"@type\":\"ImageObject\",\"inLanguage\":\"es\",\"@id\":\"https:\\\/\\\/secure.gravatar.com\\\/avatar\\\/b6992f131dc8d30ab0dff15446e9d346d9dbd95992de0fef795073f5ea83a81c?s=96&d=mm&r=g\",\"url\":\"https:\\\/\\\/secure.gravatar.com\\\/avatar\\\/b6992f131dc8d30ab0dff15446e9d346d9dbd95992de0fef795073f5ea83a81c?s=96&d=mm&r=g\",\"contentUrl\":\"https:\\\/\\\/secure.gravatar.com\\\/avatar\\\/b6992f131dc8d30ab0dff15446e9d346d9dbd95992de0fef795073f5ea83a81c?s=96&d=mm&r=g\",\"caption\":\"La Gu\u00eda de Pamplona\"}}]}<\/script>\n<!-- \/ Yoast SEO plugin. -->","yoast_head_json":{"title":"La retrospectiva sobre el cineasta sueco Ingmar Bergman concluye este s\u00e1bado con la proyecci\u00f3n en Condestable de la oscarizada \u2018Fanny y Alexander\u2019","robots":{"index":"index","follow":"follow","max-snippet":"max-snippet:-1","max-image-preview":"max-image-preview:large","max-video-preview":"max-video-preview:-1"},"canonical":"https:\/\/www.laguiadepamplona.com\/actualidad\/la-retrospectiva-sobre-el-cineasta-sueco-ingmar-bergman-concluye-este-sabado-con-la-proyeccion-en-condestable-de-la-oscarizada-fanny-y-alexander\/","og_locale":"es_ES","og_type":"article","og_title":"La retrospectiva sobre el cineasta sueco Ingmar Bergman concluye este s\u00e1bado con la proyecci\u00f3n en Condestable de la oscarizada \u2018Fanny y Alexander\u2019","og_description":"La \u00faltima propuesta del ciclo, que comenz\u00f3 en abril y gracias al que se han visto 19 pel\u00edculas, comenzar\u00e1 a las 19.30 horas con entrada libre","og_url":"https:\/\/www.laguiadepamplona.com\/actualidad\/la-retrospectiva-sobre-el-cineasta-sueco-ingmar-bergman-concluye-este-sabado-con-la-proyeccion-en-condestable-de-la-oscarizada-fanny-y-alexander\/","og_site_name":"La Gu\u00eda de Pamplona","article_publisher":"https:\/\/www.facebook.com\/laguiadepamplonacom-133175176762273\/?ref=hl","article_published_time":"2018-11-23T17:44:22+00:00","og_image":[{"width":950,"height":634,"url":"https:\/\/www.laguiadepamplona.com\/actualidad\/wp-content\/uploads\/2018\/05\/palacio-condestable.jpg","type":"image\/jpeg"}],"author":"La Gu\u00eda de Pamplona","twitter_card":"summary_large_image","twitter_creator":"@LaGuiadPamplona","twitter_site":"@LaGuiadPamplona","twitter_misc":{"Escrito por":"La Gu\u00eda de Pamplona","Tiempo de lectura":"2 minutos"},"schema":{"@context":"https:\/\/schema.org","@graph":[{"@type":"Article","@id":"https:\/\/www.laguiadepamplona.com\/actualidad\/la-retrospectiva-sobre-el-cineasta-sueco-ingmar-bergman-concluye-este-sabado-con-la-proyeccion-en-condestable-de-la-oscarizada-fanny-y-alexander\/#article","isPartOf":{"@id":"https:\/\/www.laguiadepamplona.com\/actualidad\/la-retrospectiva-sobre-el-cineasta-sueco-ingmar-bergman-concluye-este-sabado-con-la-proyeccion-en-condestable-de-la-oscarizada-fanny-y-alexander\/"},"author":{"name":"La Gu\u00eda de Pamplona","@id":"https:\/\/www.laguiadepamplona.com\/actualidad\/#\/schema\/person\/efe887376f0213d4657c93adc50b1fdb"},"headline":"La retrospectiva sobre el cineasta sueco Ingmar Bergman concluye este s\u00e1bado con la proyecci\u00f3n en Condestable de la oscarizada \u2018Fanny y Alexander\u2019","datePublished":"2018-11-23T17:44:22+00:00","mainEntityOfPage":{"@id":"https:\/\/www.laguiadepamplona.com\/actualidad\/la-retrospectiva-sobre-el-cineasta-sueco-ingmar-bergman-concluye-este-sabado-con-la-proyeccion-en-condestable-de-la-oscarizada-fanny-y-alexander\/"},"wordCount":484,"commentCount":0,"publisher":{"@id":"https:\/\/www.laguiadepamplona.com\/actualidad\/#organization"},"image":{"@id":"https:\/\/www.laguiadepamplona.com\/actualidad\/la-retrospectiva-sobre-el-cineasta-sueco-ingmar-bergman-concluye-este-sabado-con-la-proyeccion-en-condestable-de-la-oscarizada-fanny-y-alexander\/#primaryimage"},"thumbnailUrl":"https:\/\/www.laguiadepamplona.com\/actualidad\/wp-content\/uploads\/2018\/05\/palacio-condestable.jpg","articleSection":["Ayto Pamplona"],"inLanguage":"es","potentialAction":[{"@type":"CommentAction","name":"Comment","target":["https:\/\/www.laguiadepamplona.com\/actualidad\/la-retrospectiva-sobre-el-cineasta-sueco-ingmar-bergman-concluye-este-sabado-con-la-proyeccion-en-condestable-de-la-oscarizada-fanny-y-alexander\/#respond"]}]},{"@type":"WebPage","@id":"https:\/\/www.laguiadepamplona.com\/actualidad\/la-retrospectiva-sobre-el-cineasta-sueco-ingmar-bergman-concluye-este-sabado-con-la-proyeccion-en-condestable-de-la-oscarizada-fanny-y-alexander\/","url":"https:\/\/www.laguiadepamplona.com\/actualidad\/la-retrospectiva-sobre-el-cineasta-sueco-ingmar-bergman-concluye-este-sabado-con-la-proyeccion-en-condestable-de-la-oscarizada-fanny-y-alexander\/","name":"La retrospectiva sobre el cineasta sueco Ingmar Bergman concluye este s\u00e1bado con la proyecci\u00f3n en Condestable de la oscarizada \u2018Fanny y Alexander\u2019","isPartOf":{"@id":"https:\/\/www.laguiadepamplona.com\/actualidad\/#website"},"primaryImageOfPage":{"@id":"https:\/\/www.laguiadepamplona.com\/actualidad\/la-retrospectiva-sobre-el-cineasta-sueco-ingmar-bergman-concluye-este-sabado-con-la-proyeccion-en-condestable-de-la-oscarizada-fanny-y-alexander\/#primaryimage"},"image":{"@id":"https:\/\/www.laguiadepamplona.com\/actualidad\/la-retrospectiva-sobre-el-cineasta-sueco-ingmar-bergman-concluye-este-sabado-con-la-proyeccion-en-condestable-de-la-oscarizada-fanny-y-alexander\/#primaryimage"},"thumbnailUrl":"https:\/\/www.laguiadepamplona.com\/actualidad\/wp-content\/uploads\/2018\/05\/palacio-condestable.jpg","datePublished":"2018-11-23T17:44:22+00:00","breadcrumb":{"@id":"https:\/\/www.laguiadepamplona.com\/actualidad\/la-retrospectiva-sobre-el-cineasta-sueco-ingmar-bergman-concluye-este-sabado-con-la-proyeccion-en-condestable-de-la-oscarizada-fanny-y-alexander\/#breadcrumb"},"inLanguage":"es","potentialAction":[{"@type":"ReadAction","target":["https:\/\/www.laguiadepamplona.com\/actualidad\/la-retrospectiva-sobre-el-cineasta-sueco-ingmar-bergman-concluye-este-sabado-con-la-proyeccion-en-condestable-de-la-oscarizada-fanny-y-alexander\/"]}]},{"@type":"ImageObject","inLanguage":"es","@id":"https:\/\/www.laguiadepamplona.com\/actualidad\/la-retrospectiva-sobre-el-cineasta-sueco-ingmar-bergman-concluye-este-sabado-con-la-proyeccion-en-condestable-de-la-oscarizada-fanny-y-alexander\/#primaryimage","url":"https:\/\/www.laguiadepamplona.com\/actualidad\/wp-content\/uploads\/2018\/05\/palacio-condestable.jpg","contentUrl":"https:\/\/www.laguiadepamplona.com\/actualidad\/wp-content\/uploads\/2018\/05\/palacio-condestable.jpg","width":950,"height":634,"caption":"civivox condestable"},{"@type":"BreadcrumbList","@id":"https:\/\/www.laguiadepamplona.com\/actualidad\/la-retrospectiva-sobre-el-cineasta-sueco-ingmar-bergman-concluye-este-sabado-con-la-proyeccion-en-condestable-de-la-oscarizada-fanny-y-alexander\/#breadcrumb","itemListElement":[{"@type":"ListItem","position":1,"name":"Portada","item":"https:\/\/www.laguiadepamplona.com\/actualidad\/"},{"@type":"ListItem","position":2,"name":"La retrospectiva sobre el cineasta sueco Ingmar Bergman concluye este s\u00e1bado con la proyecci\u00f3n en Condestable de la oscarizada \u2018Fanny y Alexander\u2019"}]},{"@type":"WebSite","@id":"https:\/\/www.laguiadepamplona.com\/actualidad\/#website","url":"https:\/\/www.laguiadepamplona.com\/actualidad\/","name":"La gu\u00eda de Pamplona","description":"Noticias de Pamplona","publisher":{"@id":"https:\/\/www.laguiadepamplona.com\/actualidad\/#organization"},"potentialAction":[{"@type":"SearchAction","target":{"@type":"EntryPoint","urlTemplate":"https:\/\/www.laguiadepamplona.com\/actualidad\/?s={search_term_string}"},"query-input":{"@type":"PropertyValueSpecification","valueRequired":true,"valueName":"search_term_string"}}],"inLanguage":"es"},{"@type":"Organization","@id":"https:\/\/www.laguiadepamplona.com\/actualidad\/#organization","name":"La Gu\u00eda de Pamplona \/ Noticias","url":"https:\/\/www.laguiadepamplona.com\/actualidad\/","logo":{"@type":"ImageObject","inLanguage":"es","@id":"https:\/\/www.laguiadepamplona.com\/actualidad\/#\/schema\/logo\/image\/","url":"https:\/\/www.laguiadepamplona.com\/actualidad\/wp-content\/uploads\/2018\/11\/logo-laguiadepamplona18-web1.png","contentUrl":"https:\/\/www.laguiadepamplona.com\/actualidad\/wp-content\/uploads\/2018\/11\/logo-laguiadepamplona18-web1.png","width":600,"height":196,"caption":"La Gu\u00eda de Pamplona \/ Noticias"},"image":{"@id":"https:\/\/www.laguiadepamplona.com\/actualidad\/#\/schema\/logo\/image\/"},"sameAs":["https:\/\/www.facebook.com\/laguiadepamplonacom-133175176762273\/?ref=hl","https:\/\/x.com\/LaGuiadPamplona","https:\/\/www.instagram.com\/la_guia_de_pamplona\/","https:\/\/www.youtube.com\/user\/laguiadepamplona"]},{"@type":"Person","@id":"https:\/\/www.laguiadepamplona.com\/actualidad\/#\/schema\/person\/efe887376f0213d4657c93adc50b1fdb","name":"La Gu\u00eda de Pamplona","image":{"@type":"ImageObject","inLanguage":"es","@id":"https:\/\/secure.gravatar.com\/avatar\/b6992f131dc8d30ab0dff15446e9d346d9dbd95992de0fef795073f5ea83a81c?s=96&d=mm&r=g","url":"https:\/\/secure.gravatar.com\/avatar\/b6992f131dc8d30ab0dff15446e9d346d9dbd95992de0fef795073f5ea83a81c?s=96&d=mm&r=g","contentUrl":"https:\/\/secure.gravatar.com\/avatar\/b6992f131dc8d30ab0dff15446e9d346d9dbd95992de0fef795073f5ea83a81c?s=96&d=mm&r=g","caption":"La Gu\u00eda de Pamplona"}}]}},"post_mailing_queue_ids":[],"_links":{"self":[{"href":"https:\/\/www.laguiadepamplona.com\/actualidad\/wp-json\/wp\/v2\/posts\/19552","targetHints":{"allow":["GET"]}}],"collection":[{"href":"https:\/\/www.laguiadepamplona.com\/actualidad\/wp-json\/wp\/v2\/posts"}],"about":[{"href":"https:\/\/www.laguiadepamplona.com\/actualidad\/wp-json\/wp\/v2\/types\/post"}],"author":[{"embeddable":true,"href":"https:\/\/www.laguiadepamplona.com\/actualidad\/wp-json\/wp\/v2\/users\/1"}],"replies":[{"embeddable":true,"href":"https:\/\/www.laguiadepamplona.com\/actualidad\/wp-json\/wp\/v2\/comments?post=19552"}],"version-history":[{"count":0,"href":"https:\/\/www.laguiadepamplona.com\/actualidad\/wp-json\/wp\/v2\/posts\/19552\/revisions"}],"wp:featuredmedia":[{"embeddable":true,"href":"https:\/\/www.laguiadepamplona.com\/actualidad\/wp-json\/wp\/v2\/media\/17390"}],"wp:attachment":[{"href":"https:\/\/www.laguiadepamplona.com\/actualidad\/wp-json\/wp\/v2\/media?parent=19552"}],"wp:term":[{"taxonomy":"category","embeddable":true,"href":"https:\/\/www.laguiadepamplona.com\/actualidad\/wp-json\/wp\/v2\/categories?post=19552"},{"taxonomy":"post_tag","embeddable":true,"href":"https:\/\/www.laguiadepamplona.com\/actualidad\/wp-json\/wp\/v2\/tags?post=19552"}],"curies":[{"name":"wp","href":"https:\/\/api.w.org\/{rel}","templated":true}]}}