{"id":19550,"date":"2018-11-23T19:42:20","date_gmt":"2018-11-23T17:42:20","guid":{"rendered":"https:\/\/www.laguiadepamplona.es\/actualidad\/?p=19550"},"modified":"2018-11-23T19:42:20","modified_gmt":"2018-11-23T17:42:20","slug":"el-ayuntamiento-impartira-en-diciembre-tres-talleres-de-ciclismo-urbano-dedicados-a-conocer-la-bicicleta-a-las-rutas-seguras-y-a-los-elementos-de-seguridad-y-movilidad","status":"publish","type":"post","link":"https:\/\/www.laguiadepamplona.com\/actualidad\/el-ayuntamiento-impartira-en-diciembre-tres-talleres-de-ciclismo-urbano-dedicados-a-conocer-la-bicicleta-a-las-rutas-seguras-y-a-los-elementos-de-seguridad-y-movilidad\/","title":{"rendered":"El Ayuntamiento impartir\u00e1 en diciembre tres talleres de ciclismo urbano dedicados a conocer la bicicleta, a las rutas seguras y a los elementos de seguridad y movilidad"},"content":{"rendered":"<h3>Las inscripciones para esta Biciescuela se podr\u00e1n llevar a cabo del 26 de noviembre al 11 de diciembre, a trav\u00e9s del tel\u00e9fono 010 \u2013 948 420 100<\/h3>\n<p><!--more--><\/p>\n<p>El Ayuntamiento de Pamplona contin\u00faa el pr\u00f3ximo mes de diciembre con la labor de formaci\u00f3n en torno a la bicicleta y la circulaci\u00f3n por la ciudad. La Biciescuela ha programado tres talleres de ciclismo urbano gratuitos dirigidos a personas adultas que se celebrar\u00e1n los jueves y viernes del mes que viene. Los talleres se centrar\u00e1n en el conocimiento de la bici y sus elementos, en las rutas seguras por la ciudad y en los elementos de seguridad y movilidad. Las inscripciones se abren en el tel\u00e9fono 010 \u2013 948 420 100 el lunes 26 de noviembre y finalizan el 11 de diciembre.<\/p>\n<p>Los tres talleres se celebrar\u00e1n en el Museo de Educaci\u00f3n Ambiental y se han establecido dos grupos con dos horarios distintos, uno de ma\u00f1ana y uno de tarde, para facilitar la asistencia a las personas interesadas. El primer taller se oferta para el jueves 13 de diciembre, de 18 a 20 horas, o para el viernes 14 de diciembre, de 11 a 13 horas. Ser\u00e1n, principalmente, conceptos b\u00e1sicos sobre c\u00f3mo funcionan los cambios en una bici, c\u00f3mo poner y quitar ruedas, c\u00f3mo transportarla, c\u00f3mo arreglar un pinchazo, limpieza y mantenimiento&#8230;<\/p>\n<p>La semana siguiente tendr\u00e1 lugar el curso sobre rutas seguras, los d\u00edas 20 y 21 de diciembre, jueves y viernes, por la tarde de 18 a 20 horas y por la ma\u00f1ana de 11 a 13 horas, respectivamente. En la sesi\u00f3n, se analizar\u00e1n las rutas m\u00e1s f\u00e1ciles para ir de un punto a otro, desde casa a la universidad, al trabajo, al colegio, a dar un paseo&#8230; Adem\u00e1s, se dar\u00e1 a conocer la normativa actual para saber por d\u00f3nde se puede circular o las limitaciones de velocidad. Por \u00faltimo, se comentar\u00e1n ventajas e inconvenientes del uso de la bicicleta y su posible combinaci\u00f3n con otros transportes.<\/p>\n<p>El tercer taller se centrar\u00e1 en los elementos de seguridad y movilidad vinculados a las bicicletas. En concreto, se hablar\u00e1 de aspectos como los tipos de candados y c\u00f3mo candar una bici, sobre accesorios como luces, timbres, parrillas, alforjas&#8230; o sobre indumentarias como los chalecos o la ropa de agua. Se han organizado tambi\u00e9n dos grupos con dos horarios disponibles, el jueves 27 de diciembre, de 18 a 20 horas, y el viernes 28 de diciembre, de 11 a 13 horas.<\/p>\n<p>&nbsp;<\/p>\n<p><strong>Biciescuela para personas adultas. talleres de ciclismo urbano<\/strong><\/p>\n<ul>\n<li><strong>Inscripciones<\/strong>: del 26 de noviembre al 11 de diciembre, a trav\u00e9s del 010<\/li>\n<li><strong>Talleres<\/strong>\n<ul>\n<li><strong>Conoce tu bici: <\/strong>c\u00f3mo funcionan los cambios, c\u00f3mo poner y quitar ruedas, c\u00f3mo transportarla, c\u00f3mo arreglar un pinchazo, limpieza y mantenimiento&#8230;\n<ul>\n<li>Grupo 1 \u2013 Jueves 13 de diciembre, de 18 a 20 horas. Museo de Educaci\u00f3n Ambiental<\/li>\n<li>Grupo 2 \u2013 Viernes 14 de diciembre, de 11 a 13 horas. Museo de Educaci\u00f3n Ambiental<\/li>\n<\/ul>\n<\/li>\n<li><strong>Rutas seguras: <\/strong>cu\u00e1l es la ruta m\u00e1s f\u00e1cil para ir desde tu casa a cualquier sitio, conocer la normativa, ventajas e inconvenientes del uso de la bici y su posible combinaci\u00f3n con otros transportes\n<ul>\n<li>Grupo 1 &#8211; Jueves 20 de diciembre, de 18 a 20 horas. Museo de Educaci\u00f3n Ambiental<\/li>\n<li>Grupo 2 &#8211; Viernes 21 de diciembre, de 11 a 13 horas. Museo de Educaci\u00f3n Ambiental<\/li>\n<\/ul>\n<\/li>\n<li><strong>Elementos de seguridad y movilidad: <\/strong>tipos de candados y c\u00f3mo candar la bici, accesorios e indumentaria\n<ul>\n<li>Grupo 1 \u2013 Grupo 1 &#8211; Jueves 27 de diciembre, de 18 a 20 horas. Museo de Educaci\u00f3n Ambiental<\/li>\n<li>Grupo 2<strong> \u2013 <\/strong>Grupo 2 &#8211; Viernes 28 de diciembre, de 11 a 13 horas. Museo de Educaci\u00f3n Ambiental<\/li>\n<\/ul>\n<\/li>\n<\/ul>\n<\/li>\n<\/ul>\n<p>&nbsp;<\/p>\n","protected":false},"excerpt":{"rendered":"<p>Las inscripciones para esta Biciescuela se podr\u00e1n llevar a cabo del 26 de noviembre al 11 de diciembre, a trav\u00e9s del tel\u00e9fono 010 \u2013 948 420 100<\/p>\n","protected":false},"author":1,"featured_media":11470,"comment_status":"open","ping_status":"closed","sticky":false,"template":"","format":"standard","meta":{"footnotes":""},"categories":[2],"tags":[],"class_list":["post-19550","post","type-post","status-publish","format-standard","has-post-thumbnail","hentry","category-ayuntamiento-pamplona"],"yoast_head":"<!-- This site is optimized with the Yoast SEO plugin v27.3 - https:\/\/yoast.com\/product\/yoast-seo-wordpress\/ -->\n<title>El Ayuntamiento impartir\u00e1 en diciembre tres talleres de ciclismo urbano dedicados a conocer la bicicleta, a las rutas seguras y a los elementos de seguridad y movilidad<\/title>\n<meta name=\"robots\" content=\"index, follow, max-snippet:-1, max-image-preview:large, max-video-preview:-1\" \/>\n<link rel=\"canonical\" href=\"https:\/\/www.laguiadepamplona.com\/actualidad\/el-ayuntamiento-impartira-en-diciembre-tres-talleres-de-ciclismo-urbano-dedicados-a-conocer-la-bicicleta-a-las-rutas-seguras-y-a-los-elementos-de-seguridad-y-movilidad\/\" \/>\n<meta property=\"og:locale\" content=\"es_ES\" \/>\n<meta property=\"og:type\" content=\"article\" \/>\n<meta property=\"og:title\" content=\"El Ayuntamiento impartir\u00e1 en diciembre tres talleres de ciclismo urbano dedicados a conocer la bicicleta, a las rutas seguras y a los elementos de seguridad y movilidad\" \/>\n<meta property=\"og:description\" content=\"Las inscripciones para esta Biciescuela se podr\u00e1n llevar a cabo del 26 de noviembre al 11 de diciembre, a trav\u00e9s del tel\u00e9fono 010 \u2013 948 420 100\" \/>\n<meta property=\"og:url\" content=\"https:\/\/www.laguiadepamplona.com\/actualidad\/el-ayuntamiento-impartira-en-diciembre-tres-talleres-de-ciclismo-urbano-dedicados-a-conocer-la-bicicleta-a-las-rutas-seguras-y-a-los-elementos-de-seguridad-y-movilidad\/\" \/>\n<meta property=\"og:site_name\" content=\"La Gu\u00eda de Pamplona\" \/>\n<meta property=\"article:publisher\" content=\"https:\/\/www.facebook.com\/laguiadepamplonacom-133175176762273\/?ref=hl\" \/>\n<meta property=\"article:published_time\" content=\"2018-11-23T17:42:20+00:00\" \/>\n<meta property=\"og:image\" content=\"https:\/\/www.laguiadepamplona.com\/actualidad\/wp-content\/uploads\/2017\/01\/bici-urbano-casco.jpg\" \/>\n\t<meta property=\"og:image:width\" content=\"859\" \/>\n\t<meta property=\"og:image:height\" content=\"483\" \/>\n\t<meta property=\"og:image:type\" content=\"image\/jpeg\" \/>\n<meta name=\"author\" content=\"La Gu\u00eda de Pamplona\" \/>\n<meta name=\"twitter:card\" content=\"summary_large_image\" \/>\n<meta name=\"twitter:creator\" content=\"@LaGuiadPamplona\" \/>\n<meta name=\"twitter:site\" content=\"@LaGuiadPamplona\" \/>\n<meta name=\"twitter:label1\" content=\"Escrito por\" \/>\n\t<meta name=\"twitter:data1\" content=\"La Gu\u00eda de Pamplona\" \/>\n\t<meta name=\"twitter:label2\" content=\"Tiempo de lectura\" \/>\n\t<meta name=\"twitter:data2\" content=\"3 minutos\" \/>\n<script type=\"application\/ld+json\" class=\"yoast-schema-graph\">{\"@context\":\"https:\\\/\\\/schema.org\",\"@graph\":[{\"@type\":\"Article\",\"@id\":\"https:\\\/\\\/www.laguiadepamplona.com\\\/actualidad\\\/el-ayuntamiento-impartira-en-diciembre-tres-talleres-de-ciclismo-urbano-dedicados-a-conocer-la-bicicleta-a-las-rutas-seguras-y-a-los-elementos-de-seguridad-y-movilidad\\\/#article\",\"isPartOf\":{\"@id\":\"https:\\\/\\\/www.laguiadepamplona.com\\\/actualidad\\\/el-ayuntamiento-impartira-en-diciembre-tres-talleres-de-ciclismo-urbano-dedicados-a-conocer-la-bicicleta-a-las-rutas-seguras-y-a-los-elementos-de-seguridad-y-movilidad\\\/\"},\"author\":{\"name\":\"La Gu\u00eda de Pamplona\",\"@id\":\"https:\\\/\\\/www.laguiadepamplona.com\\\/actualidad\\\/#\\\/schema\\\/person\\\/efe887376f0213d4657c93adc50b1fdb\"},\"headline\":\"El Ayuntamiento impartir\u00e1 en diciembre tres talleres de ciclismo urbano dedicados a conocer la bicicleta, a las rutas seguras y a los elementos de seguridad y movilidad\",\"datePublished\":\"2018-11-23T17:42:20+00:00\",\"mainEntityOfPage\":{\"@id\":\"https:\\\/\\\/www.laguiadepamplona.com\\\/actualidad\\\/el-ayuntamiento-impartira-en-diciembre-tres-talleres-de-ciclismo-urbano-dedicados-a-conocer-la-bicicleta-a-las-rutas-seguras-y-a-los-elementos-de-seguridad-y-movilidad\\\/\"},\"wordCount\":612,\"commentCount\":0,\"publisher\":{\"@id\":\"https:\\\/\\\/www.laguiadepamplona.com\\\/actualidad\\\/#organization\"},\"image\":{\"@id\":\"https:\\\/\\\/www.laguiadepamplona.com\\\/actualidad\\\/el-ayuntamiento-impartira-en-diciembre-tres-talleres-de-ciclismo-urbano-dedicados-a-conocer-la-bicicleta-a-las-rutas-seguras-y-a-los-elementos-de-seguridad-y-movilidad\\\/#primaryimage\"},\"thumbnailUrl\":\"https:\\\/\\\/www.laguiadepamplona.com\\\/actualidad\\\/wp-content\\\/uploads\\\/2017\\\/01\\\/bici-urbano-casco.jpg\",\"articleSection\":[\"Ayto Pamplona\"],\"inLanguage\":\"es\",\"potentialAction\":[{\"@type\":\"CommentAction\",\"name\":\"Comment\",\"target\":[\"https:\\\/\\\/www.laguiadepamplona.com\\\/actualidad\\\/el-ayuntamiento-impartira-en-diciembre-tres-talleres-de-ciclismo-urbano-dedicados-a-conocer-la-bicicleta-a-las-rutas-seguras-y-a-los-elementos-de-seguridad-y-movilidad\\\/#respond\"]}]},{\"@type\":\"WebPage\",\"@id\":\"https:\\\/\\\/www.laguiadepamplona.com\\\/actualidad\\\/el-ayuntamiento-impartira-en-diciembre-tres-talleres-de-ciclismo-urbano-dedicados-a-conocer-la-bicicleta-a-las-rutas-seguras-y-a-los-elementos-de-seguridad-y-movilidad\\\/\",\"url\":\"https:\\\/\\\/www.laguiadepamplona.com\\\/actualidad\\\/el-ayuntamiento-impartira-en-diciembre-tres-talleres-de-ciclismo-urbano-dedicados-a-conocer-la-bicicleta-a-las-rutas-seguras-y-a-los-elementos-de-seguridad-y-movilidad\\\/\",\"name\":\"El Ayuntamiento impartir\u00e1 en diciembre tres talleres de ciclismo urbano dedicados a conocer la bicicleta, a las rutas seguras y a los elementos de seguridad y movilidad\",\"isPartOf\":{\"@id\":\"https:\\\/\\\/www.laguiadepamplona.com\\\/actualidad\\\/#website\"},\"primaryImageOfPage\":{\"@id\":\"https:\\\/\\\/www.laguiadepamplona.com\\\/actualidad\\\/el-ayuntamiento-impartira-en-diciembre-tres-talleres-de-ciclismo-urbano-dedicados-a-conocer-la-bicicleta-a-las-rutas-seguras-y-a-los-elementos-de-seguridad-y-movilidad\\\/#primaryimage\"},\"image\":{\"@id\":\"https:\\\/\\\/www.laguiadepamplona.com\\\/actualidad\\\/el-ayuntamiento-impartira-en-diciembre-tres-talleres-de-ciclismo-urbano-dedicados-a-conocer-la-bicicleta-a-las-rutas-seguras-y-a-los-elementos-de-seguridad-y-movilidad\\\/#primaryimage\"},\"thumbnailUrl\":\"https:\\\/\\\/www.laguiadepamplona.com\\\/actualidad\\\/wp-content\\\/uploads\\\/2017\\\/01\\\/bici-urbano-casco.jpg\",\"datePublished\":\"2018-11-23T17:42:20+00:00\",\"breadcrumb\":{\"@id\":\"https:\\\/\\\/www.laguiadepamplona.com\\\/actualidad\\\/el-ayuntamiento-impartira-en-diciembre-tres-talleres-de-ciclismo-urbano-dedicados-a-conocer-la-bicicleta-a-las-rutas-seguras-y-a-los-elementos-de-seguridad-y-movilidad\\\/#breadcrumb\"},\"inLanguage\":\"es\",\"potentialAction\":[{\"@type\":\"ReadAction\",\"target\":[\"https:\\\/\\\/www.laguiadepamplona.com\\\/actualidad\\\/el-ayuntamiento-impartira-en-diciembre-tres-talleres-de-ciclismo-urbano-dedicados-a-conocer-la-bicicleta-a-las-rutas-seguras-y-a-los-elementos-de-seguridad-y-movilidad\\\/\"]}]},{\"@type\":\"ImageObject\",\"inLanguage\":\"es\",\"@id\":\"https:\\\/\\\/www.laguiadepamplona.com\\\/actualidad\\\/el-ayuntamiento-impartira-en-diciembre-tres-talleres-de-ciclismo-urbano-dedicados-a-conocer-la-bicicleta-a-las-rutas-seguras-y-a-los-elementos-de-seguridad-y-movilidad\\\/#primaryimage\",\"url\":\"https:\\\/\\\/www.laguiadepamplona.com\\\/actualidad\\\/wp-content\\\/uploads\\\/2017\\\/01\\\/bici-urbano-casco.jpg\",\"contentUrl\":\"https:\\\/\\\/www.laguiadepamplona.com\\\/actualidad\\\/wp-content\\\/uploads\\\/2017\\\/01\\\/bici-urbano-casco.jpg\",\"width\":859,\"height\":483},{\"@type\":\"BreadcrumbList\",\"@id\":\"https:\\\/\\\/www.laguiadepamplona.com\\\/actualidad\\\/el-ayuntamiento-impartira-en-diciembre-tres-talleres-de-ciclismo-urbano-dedicados-a-conocer-la-bicicleta-a-las-rutas-seguras-y-a-los-elementos-de-seguridad-y-movilidad\\\/#breadcrumb\",\"itemListElement\":[{\"@type\":\"ListItem\",\"position\":1,\"name\":\"Portada\",\"item\":\"https:\\\/\\\/www.laguiadepamplona.com\\\/actualidad\\\/\"},{\"@type\":\"ListItem\",\"position\":2,\"name\":\"El Ayuntamiento impartir\u00e1 en diciembre tres talleres de ciclismo urbano dedicados a conocer la bicicleta, a las rutas seguras y a los elementos de seguridad y movilidad\"}]},{\"@type\":\"WebSite\",\"@id\":\"https:\\\/\\\/www.laguiadepamplona.com\\\/actualidad\\\/#website\",\"url\":\"https:\\\/\\\/www.laguiadepamplona.com\\\/actualidad\\\/\",\"name\":\"La gu\u00eda de Pamplona\",\"description\":\"Noticias de Pamplona\",\"publisher\":{\"@id\":\"https:\\\/\\\/www.laguiadepamplona.com\\\/actualidad\\\/#organization\"},\"potentialAction\":[{\"@type\":\"SearchAction\",\"target\":{\"@type\":\"EntryPoint\",\"urlTemplate\":\"https:\\\/\\\/www.laguiadepamplona.com\\\/actualidad\\\/?s={search_term_string}\"},\"query-input\":{\"@type\":\"PropertyValueSpecification\",\"valueRequired\":true,\"valueName\":\"search_term_string\"}}],\"inLanguage\":\"es\"},{\"@type\":\"Organization\",\"@id\":\"https:\\\/\\\/www.laguiadepamplona.com\\\/actualidad\\\/#organization\",\"name\":\"La Gu\u00eda de Pamplona \\\/ Noticias\",\"url\":\"https:\\\/\\\/www.laguiadepamplona.com\\\/actualidad\\\/\",\"logo\":{\"@type\":\"ImageObject\",\"inLanguage\":\"es\",\"@id\":\"https:\\\/\\\/www.laguiadepamplona.com\\\/actualidad\\\/#\\\/schema\\\/logo\\\/image\\\/\",\"url\":\"https:\\\/\\\/www.laguiadepamplona.com\\\/actualidad\\\/wp-content\\\/uploads\\\/2018\\\/11\\\/logo-laguiadepamplona18-web1.png\",\"contentUrl\":\"https:\\\/\\\/www.laguiadepamplona.com\\\/actualidad\\\/wp-content\\\/uploads\\\/2018\\\/11\\\/logo-laguiadepamplona18-web1.png\",\"width\":600,\"height\":196,\"caption\":\"La Gu\u00eda de Pamplona \\\/ Noticias\"},\"image\":{\"@id\":\"https:\\\/\\\/www.laguiadepamplona.com\\\/actualidad\\\/#\\\/schema\\\/logo\\\/image\\\/\"},\"sameAs\":[\"https:\\\/\\\/www.facebook.com\\\/laguiadepamplonacom-133175176762273\\\/?ref=hl\",\"https:\\\/\\\/x.com\\\/LaGuiadPamplona\",\"https:\\\/\\\/www.instagram.com\\\/la_guia_de_pamplona\\\/\",\"https:\\\/\\\/www.youtube.com\\\/user\\\/laguiadepamplona\"]},{\"@type\":\"Person\",\"@id\":\"https:\\\/\\\/www.laguiadepamplona.com\\\/actualidad\\\/#\\\/schema\\\/person\\\/efe887376f0213d4657c93adc50b1fdb\",\"name\":\"La Gu\u00eda de Pamplona\",\"image\":{\"@type\":\"ImageObject\",\"inLanguage\":\"es\",\"@id\":\"https:\\\/\\\/secure.gravatar.com\\\/avatar\\\/b6992f131dc8d30ab0dff15446e9d346d9dbd95992de0fef795073f5ea83a81c?s=96&d=mm&r=g\",\"url\":\"https:\\\/\\\/secure.gravatar.com\\\/avatar\\\/b6992f131dc8d30ab0dff15446e9d346d9dbd95992de0fef795073f5ea83a81c?s=96&d=mm&r=g\",\"contentUrl\":\"https:\\\/\\\/secure.gravatar.com\\\/avatar\\\/b6992f131dc8d30ab0dff15446e9d346d9dbd95992de0fef795073f5ea83a81c?s=96&d=mm&r=g\",\"caption\":\"La Gu\u00eda de Pamplona\"}}]}<\/script>\n<!-- \/ Yoast SEO plugin. -->","yoast_head_json":{"title":"El Ayuntamiento impartir\u00e1 en diciembre tres talleres de ciclismo urbano dedicados a conocer la bicicleta, a las rutas seguras y a los elementos de seguridad y movilidad","robots":{"index":"index","follow":"follow","max-snippet":"max-snippet:-1","max-image-preview":"max-image-preview:large","max-video-preview":"max-video-preview:-1"},"canonical":"https:\/\/www.laguiadepamplona.com\/actualidad\/el-ayuntamiento-impartira-en-diciembre-tres-talleres-de-ciclismo-urbano-dedicados-a-conocer-la-bicicleta-a-las-rutas-seguras-y-a-los-elementos-de-seguridad-y-movilidad\/","og_locale":"es_ES","og_type":"article","og_title":"El Ayuntamiento impartir\u00e1 en diciembre tres talleres de ciclismo urbano dedicados a conocer la bicicleta, a las rutas seguras y a los elementos de seguridad y movilidad","og_description":"Las inscripciones para esta Biciescuela se podr\u00e1n llevar a cabo del 26 de noviembre al 11 de diciembre, a trav\u00e9s del tel\u00e9fono 010 \u2013 948 420 100","og_url":"https:\/\/www.laguiadepamplona.com\/actualidad\/el-ayuntamiento-impartira-en-diciembre-tres-talleres-de-ciclismo-urbano-dedicados-a-conocer-la-bicicleta-a-las-rutas-seguras-y-a-los-elementos-de-seguridad-y-movilidad\/","og_site_name":"La Gu\u00eda de Pamplona","article_publisher":"https:\/\/www.facebook.com\/laguiadepamplonacom-133175176762273\/?ref=hl","article_published_time":"2018-11-23T17:42:20+00:00","og_image":[{"width":859,"height":483,"url":"https:\/\/www.laguiadepamplona.com\/actualidad\/wp-content\/uploads\/2017\/01\/bici-urbano-casco.jpg","type":"image\/jpeg"}],"author":"La Gu\u00eda de Pamplona","twitter_card":"summary_large_image","twitter_creator":"@LaGuiadPamplona","twitter_site":"@LaGuiadPamplona","twitter_misc":{"Escrito por":"La Gu\u00eda de Pamplona","Tiempo de lectura":"3 minutos"},"schema":{"@context":"https:\/\/schema.org","@graph":[{"@type":"Article","@id":"https:\/\/www.laguiadepamplona.com\/actualidad\/el-ayuntamiento-impartira-en-diciembre-tres-talleres-de-ciclismo-urbano-dedicados-a-conocer-la-bicicleta-a-las-rutas-seguras-y-a-los-elementos-de-seguridad-y-movilidad\/#article","isPartOf":{"@id":"https:\/\/www.laguiadepamplona.com\/actualidad\/el-ayuntamiento-impartira-en-diciembre-tres-talleres-de-ciclismo-urbano-dedicados-a-conocer-la-bicicleta-a-las-rutas-seguras-y-a-los-elementos-de-seguridad-y-movilidad\/"},"author":{"name":"La Gu\u00eda de Pamplona","@id":"https:\/\/www.laguiadepamplona.com\/actualidad\/#\/schema\/person\/efe887376f0213d4657c93adc50b1fdb"},"headline":"El Ayuntamiento impartir\u00e1 en diciembre tres talleres de ciclismo urbano dedicados a conocer la bicicleta, a las rutas seguras y a los elementos de seguridad y movilidad","datePublished":"2018-11-23T17:42:20+00:00","mainEntityOfPage":{"@id":"https:\/\/www.laguiadepamplona.com\/actualidad\/el-ayuntamiento-impartira-en-diciembre-tres-talleres-de-ciclismo-urbano-dedicados-a-conocer-la-bicicleta-a-las-rutas-seguras-y-a-los-elementos-de-seguridad-y-movilidad\/"},"wordCount":612,"commentCount":0,"publisher":{"@id":"https:\/\/www.laguiadepamplona.com\/actualidad\/#organization"},"image":{"@id":"https:\/\/www.laguiadepamplona.com\/actualidad\/el-ayuntamiento-impartira-en-diciembre-tres-talleres-de-ciclismo-urbano-dedicados-a-conocer-la-bicicleta-a-las-rutas-seguras-y-a-los-elementos-de-seguridad-y-movilidad\/#primaryimage"},"thumbnailUrl":"https:\/\/www.laguiadepamplona.com\/actualidad\/wp-content\/uploads\/2017\/01\/bici-urbano-casco.jpg","articleSection":["Ayto Pamplona"],"inLanguage":"es","potentialAction":[{"@type":"CommentAction","name":"Comment","target":["https:\/\/www.laguiadepamplona.com\/actualidad\/el-ayuntamiento-impartira-en-diciembre-tres-talleres-de-ciclismo-urbano-dedicados-a-conocer-la-bicicleta-a-las-rutas-seguras-y-a-los-elementos-de-seguridad-y-movilidad\/#respond"]}]},{"@type":"WebPage","@id":"https:\/\/www.laguiadepamplona.com\/actualidad\/el-ayuntamiento-impartira-en-diciembre-tres-talleres-de-ciclismo-urbano-dedicados-a-conocer-la-bicicleta-a-las-rutas-seguras-y-a-los-elementos-de-seguridad-y-movilidad\/","url":"https:\/\/www.laguiadepamplona.com\/actualidad\/el-ayuntamiento-impartira-en-diciembre-tres-talleres-de-ciclismo-urbano-dedicados-a-conocer-la-bicicleta-a-las-rutas-seguras-y-a-los-elementos-de-seguridad-y-movilidad\/","name":"El Ayuntamiento impartir\u00e1 en diciembre tres talleres de ciclismo urbano dedicados a conocer la bicicleta, a las rutas seguras y a los elementos de seguridad y movilidad","isPartOf":{"@id":"https:\/\/www.laguiadepamplona.com\/actualidad\/#website"},"primaryImageOfPage":{"@id":"https:\/\/www.laguiadepamplona.com\/actualidad\/el-ayuntamiento-impartira-en-diciembre-tres-talleres-de-ciclismo-urbano-dedicados-a-conocer-la-bicicleta-a-las-rutas-seguras-y-a-los-elementos-de-seguridad-y-movilidad\/#primaryimage"},"image":{"@id":"https:\/\/www.laguiadepamplona.com\/actualidad\/el-ayuntamiento-impartira-en-diciembre-tres-talleres-de-ciclismo-urbano-dedicados-a-conocer-la-bicicleta-a-las-rutas-seguras-y-a-los-elementos-de-seguridad-y-movilidad\/#primaryimage"},"thumbnailUrl":"https:\/\/www.laguiadepamplona.com\/actualidad\/wp-content\/uploads\/2017\/01\/bici-urbano-casco.jpg","datePublished":"2018-11-23T17:42:20+00:00","breadcrumb":{"@id":"https:\/\/www.laguiadepamplona.com\/actualidad\/el-ayuntamiento-impartira-en-diciembre-tres-talleres-de-ciclismo-urbano-dedicados-a-conocer-la-bicicleta-a-las-rutas-seguras-y-a-los-elementos-de-seguridad-y-movilidad\/#breadcrumb"},"inLanguage":"es","potentialAction":[{"@type":"ReadAction","target":["https:\/\/www.laguiadepamplona.com\/actualidad\/el-ayuntamiento-impartira-en-diciembre-tres-talleres-de-ciclismo-urbano-dedicados-a-conocer-la-bicicleta-a-las-rutas-seguras-y-a-los-elementos-de-seguridad-y-movilidad\/"]}]},{"@type":"ImageObject","inLanguage":"es","@id":"https:\/\/www.laguiadepamplona.com\/actualidad\/el-ayuntamiento-impartira-en-diciembre-tres-talleres-de-ciclismo-urbano-dedicados-a-conocer-la-bicicleta-a-las-rutas-seguras-y-a-los-elementos-de-seguridad-y-movilidad\/#primaryimage","url":"https:\/\/www.laguiadepamplona.com\/actualidad\/wp-content\/uploads\/2017\/01\/bici-urbano-casco.jpg","contentUrl":"https:\/\/www.laguiadepamplona.com\/actualidad\/wp-content\/uploads\/2017\/01\/bici-urbano-casco.jpg","width":859,"height":483},{"@type":"BreadcrumbList","@id":"https:\/\/www.laguiadepamplona.com\/actualidad\/el-ayuntamiento-impartira-en-diciembre-tres-talleres-de-ciclismo-urbano-dedicados-a-conocer-la-bicicleta-a-las-rutas-seguras-y-a-los-elementos-de-seguridad-y-movilidad\/#breadcrumb","itemListElement":[{"@type":"ListItem","position":1,"name":"Portada","item":"https:\/\/www.laguiadepamplona.com\/actualidad\/"},{"@type":"ListItem","position":2,"name":"El Ayuntamiento impartir\u00e1 en diciembre tres talleres de ciclismo urbano dedicados a conocer la bicicleta, a las rutas seguras y a los elementos de seguridad y movilidad"}]},{"@type":"WebSite","@id":"https:\/\/www.laguiadepamplona.com\/actualidad\/#website","url":"https:\/\/www.laguiadepamplona.com\/actualidad\/","name":"La gu\u00eda de Pamplona","description":"Noticias de Pamplona","publisher":{"@id":"https:\/\/www.laguiadepamplona.com\/actualidad\/#organization"},"potentialAction":[{"@type":"SearchAction","target":{"@type":"EntryPoint","urlTemplate":"https:\/\/www.laguiadepamplona.com\/actualidad\/?s={search_term_string}"},"query-input":{"@type":"PropertyValueSpecification","valueRequired":true,"valueName":"search_term_string"}}],"inLanguage":"es"},{"@type":"Organization","@id":"https:\/\/www.laguiadepamplona.com\/actualidad\/#organization","name":"La Gu\u00eda de Pamplona \/ Noticias","url":"https:\/\/www.laguiadepamplona.com\/actualidad\/","logo":{"@type":"ImageObject","inLanguage":"es","@id":"https:\/\/www.laguiadepamplona.com\/actualidad\/#\/schema\/logo\/image\/","url":"https:\/\/www.laguiadepamplona.com\/actualidad\/wp-content\/uploads\/2018\/11\/logo-laguiadepamplona18-web1.png","contentUrl":"https:\/\/www.laguiadepamplona.com\/actualidad\/wp-content\/uploads\/2018\/11\/logo-laguiadepamplona18-web1.png","width":600,"height":196,"caption":"La Gu\u00eda de Pamplona \/ Noticias"},"image":{"@id":"https:\/\/www.laguiadepamplona.com\/actualidad\/#\/schema\/logo\/image\/"},"sameAs":["https:\/\/www.facebook.com\/laguiadepamplonacom-133175176762273\/?ref=hl","https:\/\/x.com\/LaGuiadPamplona","https:\/\/www.instagram.com\/la_guia_de_pamplona\/","https:\/\/www.youtube.com\/user\/laguiadepamplona"]},{"@type":"Person","@id":"https:\/\/www.laguiadepamplona.com\/actualidad\/#\/schema\/person\/efe887376f0213d4657c93adc50b1fdb","name":"La Gu\u00eda de Pamplona","image":{"@type":"ImageObject","inLanguage":"es","@id":"https:\/\/secure.gravatar.com\/avatar\/b6992f131dc8d30ab0dff15446e9d346d9dbd95992de0fef795073f5ea83a81c?s=96&d=mm&r=g","url":"https:\/\/secure.gravatar.com\/avatar\/b6992f131dc8d30ab0dff15446e9d346d9dbd95992de0fef795073f5ea83a81c?s=96&d=mm&r=g","contentUrl":"https:\/\/secure.gravatar.com\/avatar\/b6992f131dc8d30ab0dff15446e9d346d9dbd95992de0fef795073f5ea83a81c?s=96&d=mm&r=g","caption":"La Gu\u00eda de Pamplona"}}]}},"post_mailing_queue_ids":[],"_links":{"self":[{"href":"https:\/\/www.laguiadepamplona.com\/actualidad\/wp-json\/wp\/v2\/posts\/19550","targetHints":{"allow":["GET"]}}],"collection":[{"href":"https:\/\/www.laguiadepamplona.com\/actualidad\/wp-json\/wp\/v2\/posts"}],"about":[{"href":"https:\/\/www.laguiadepamplona.com\/actualidad\/wp-json\/wp\/v2\/types\/post"}],"author":[{"embeddable":true,"href":"https:\/\/www.laguiadepamplona.com\/actualidad\/wp-json\/wp\/v2\/users\/1"}],"replies":[{"embeddable":true,"href":"https:\/\/www.laguiadepamplona.com\/actualidad\/wp-json\/wp\/v2\/comments?post=19550"}],"version-history":[{"count":0,"href":"https:\/\/www.laguiadepamplona.com\/actualidad\/wp-json\/wp\/v2\/posts\/19550\/revisions"}],"wp:featuredmedia":[{"embeddable":true,"href":"https:\/\/www.laguiadepamplona.com\/actualidad\/wp-json\/wp\/v2\/media\/11470"}],"wp:attachment":[{"href":"https:\/\/www.laguiadepamplona.com\/actualidad\/wp-json\/wp\/v2\/media?parent=19550"}],"wp:term":[{"taxonomy":"category","embeddable":true,"href":"https:\/\/www.laguiadepamplona.com\/actualidad\/wp-json\/wp\/v2\/categories?post=19550"},{"taxonomy":"post_tag","embeddable":true,"href":"https:\/\/www.laguiadepamplona.com\/actualidad\/wp-json\/wp\/v2\/tags?post=19550"}],"curies":[{"name":"wp","href":"https:\/\/api.w.org\/{rel}","templated":true}]}}