{"id":19545,"date":"2018-11-23T19:39:23","date_gmt":"2018-11-23T17:39:23","guid":{"rendered":"https:\/\/www.laguiadepamplona.es\/actualidad\/?p=19545"},"modified":"2018-11-23T19:39:23","modified_gmt":"2018-11-23T17:39:23","slug":"el-firmamento-de-ernest-hemingway-las-estrellas-que-iluminaron-pamplona","status":"publish","type":"post","link":"https:\/\/www.laguiadepamplona.com\/actualidad\/el-firmamento-de-ernest-hemingway-las-estrellas-que-iluminaron-pamplona\/","title":{"rendered":"El firmamento de Ernest Hemingway: las estrellas que iluminaron Pamplona"},"content":{"rendered":"<h3>La semana que viene comenzar\u00e1 el tercer ciclo de \u2018Recuperando a Hemingway\u2019 centrado en la repercusi\u00f3n cinematogr\u00e1fica de la ciudad<\/h3>\n<p><!--more--><\/p>\n<p>Muchos y muy importantes actores, actrices, guionistas, y directores del Hollywood pasaron por Pamplona desde 1924 hasta la d\u00e9cada de los 80. Pamplona se convert\u00eda en una peque\u00f1a ciudad de provincias de un pa\u00eds, muy distante a EEUU, que entraba en el casi reci\u00e9n creado mundo del cine de la mano de Ernest Hemingway. La tercera edici\u00f3n de \u2018Recuperando a Hemingway \u2013 Hemingway bidaide\u2019 busca de nuevo que Pamplona conozca cu\u00e1l es su deuda con este periodista, escritor y premio Pulitzer en su imagen de ciudad y proyecci\u00f3n internacional, m\u00e1s all\u00e1 de la afluencia de visitantes durante las fiestas de San Ferm\u00edn.<\/p>\n<p>La propuesta de este a\u00f1o es un conjunto de actividades que tendr\u00e1 lugar entre el 30 de noviembre y el 16 de diciembre, en esta ocasi\u00f3n centradas en el mundo del celuloide como el a\u00f1o pasado lo estuvieron en la entrada de Pamplona en las vanguardias art\u00edsticas y en el a\u00f1o 2016 en el reflejo de la ciudad en los medios de comunicaci\u00f3n internacionales. Todas proyecciones que se obtuvieron de la mano de un Ernest Hemingway, un amante de Pamplona del que, sin embargo, la ciudad ha venido manteniendo una imagen velada.<\/p>\n<p>Una exposici\u00f3n, visitas guiadas \u2013en esta ocasi\u00f3n algunas de ellas teatralizadas-, charlas, proyecciones cinematogr\u00e1ficas, encuentros enoliterarios y degustaciones, adem\u00e1s de explorar un posible producto gastron\u00f3mico ligado a Hemingway, constituyen la oferta prevista de actividades. Trat\u00e1ndose de estrellas cinematogr\u00e1ficas, en esta edici\u00f3n el ciclo del Ayuntamiento de Pamplona cuenta con la colaboraci\u00f3n de Filmoteca de Navarra y Planetario de Pamplona.<\/p>\n<p><strong>\u2018Rodando Hemingway\u2019, muestra en el espacio p\u00fablico<\/strong><\/p>\n<p><a href=\"https:\/\/www.laguiadepamplona.es\/actualidad\/wp-content\/uploads\/2018\/11\/18.11.23_recuperando_hemingway_fotograma_welles.jpg\"><img loading=\"lazy\" decoding=\"async\" class=\"alignleft size-medium wp-image-19547\" src=\"https:\/\/www.laguiadepamplona.es\/actualidad\/wp-content\/uploads\/2018\/11\/18.11.23_recuperando_hemingway_fotograma_welles-300x236.jpg\" alt=\"\" width=\"300\" height=\"236\" srcset=\"https:\/\/www.laguiadepamplona.com\/actualidad\/wp-content\/uploads\/2018\/11\/18.11.23_recuperando_hemingway_fotograma_welles-300x236.jpg 300w, https:\/\/www.laguiadepamplona.com\/actualidad\/wp-content\/uploads\/2018\/11\/18.11.23_recuperando_hemingway_fotograma_welles-768x605.jpg 768w, https:\/\/www.laguiadepamplona.com\/actualidad\/wp-content\/uploads\/2018\/11\/18.11.23_recuperando_hemingway_fotograma_welles-865x682.jpg 865w, https:\/\/www.laguiadepamplona.com\/actualidad\/wp-content\/uploads\/2018\/11\/18.11.23_recuperando_hemingway_fotograma_welles-640x504.jpg 640w, https:\/\/www.laguiadepamplona.com\/actualidad\/wp-content\/uploads\/2018\/11\/18.11.23_recuperando_hemingway_fotograma_welles.jpg 1000w\" sizes=\"auto, (max-width: 300px) 100vw, 300px\" \/><\/a>La Plaza del Castillo por tercer a\u00f1o consecutivo acoge una exposici\u00f3n sobre el escritor norteamericano, aunque en esta ocasi\u00f3n, en su versi\u00f3n autor de narraciones que han sido origen de grandes guiones de Hollywood. Hemingway, Pamplona y el cine est\u00e1n conectados. La ciudad fue plat\u00f3 y referente, sus calles acogieron un nutrido manojo de profesionales del s\u00e9ptimo arte, muchos de ellos oscarizados, y esa curiosidad sobre la ciudad, a trav\u00e9s del premio Pulitzer, lleg\u00f3 pr\u00e1cticamente hasta los a\u00f1os 80.<\/p>\n<p>En la muestra se recogen algunas fotograf\u00edas in\u00e9ditas y se documentan visitas y rodajes, que eran vox populi en los mentideros locales, pero de las que no se hab\u00edan encontrado pruebas hasta ahora, como un Henry Fonda trabajando como fot\u00f3grafo en el vallado del encierro en 1957 o el rodaje de \u2018Patton\u2019 en las calles de Pamplona. Hay, asimismo, reproducciones de art\u00edculos de prensa de entre 1930 y 2009, carteles, dibujos&#8230; Toda esta informaci\u00f3n se dispone en una \u2018pel\u00edcula\u2019 de 2&#215;15 metros gracias a la cual los paseantes podr\u00e1n visualizar el entramado de relaciones que hizo que la ciudad desembarcar\u00e1 en el cine y viceversa.<\/p>\n<p>Por las calles de la ciudad transitaron Orson Welles, Ava Gadner, Deborah Kerr, Gary Cooper, Henry Fonda, Lauren Bacall o Sean Connery. Pero quiz\u00e1 por ser menos conocidos por el gran p\u00fablico, sin tanto revuelo tambi\u00e9n estuvieron guionistas como Peter Viertel, Arthur Miller o John Dos Passos o productores como Darryl F. Zanuk. Las hemerotecas demuestran que Pamplona \u201cestuvo de moda\u201d en el cine americano, pero incluso la realizadora alemana filo nazi Leni Riefenstalh lleg\u00f3 a rodar en San Ferm\u00edn en los a\u00f1os 50. Para m\u00e1s informaci\u00f3n, la muestra, en la que ha colaborado el Archivo Municipal de Pamplona y los Hoteles Tres Reyes y Yoldi, estar\u00e1 disponible hasta el 16 de noviembre para cin\u00e9filos, curiosos y ciudadanos interesados.<\/p>\n<p><strong>Visitar la ciudad con Anthony Quinn, Richard Harris y Charlton Heston<\/strong><\/p>\n<p><a href=\"https:\/\/www.laguiadepamplona.es\/actualidad\/wp-content\/uploads\/2018\/11\/18.11.23_recuperando_hemingway_fotograma_fonda.jpg\"><img loading=\"lazy\" decoding=\"async\" class=\"alignleft size-medium wp-image-19546\" src=\"https:\/\/www.laguiadepamplona.es\/actualidad\/wp-content\/uploads\/2018\/11\/18.11.23_recuperando_hemingway_fotograma_fonda-300x229.jpg\" alt=\"\" width=\"300\" height=\"229\" srcset=\"https:\/\/www.laguiadepamplona.com\/actualidad\/wp-content\/uploads\/2018\/11\/18.11.23_recuperando_hemingway_fotograma_fonda-300x229.jpg 300w, https:\/\/www.laguiadepamplona.com\/actualidad\/wp-content\/uploads\/2018\/11\/18.11.23_recuperando_hemingway_fotograma_fonda-768x586.jpg 768w, https:\/\/www.laguiadepamplona.com\/actualidad\/wp-content\/uploads\/2018\/11\/18.11.23_recuperando_hemingway_fotograma_fonda-894x682.jpg 894w, https:\/\/www.laguiadepamplona.com\/actualidad\/wp-content\/uploads\/2018\/11\/18.11.23_recuperando_hemingway_fotograma_fonda-640x488.jpg 640w, https:\/\/www.laguiadepamplona.com\/actualidad\/wp-content\/uploads\/2018\/11\/18.11.23_recuperando_hemingway_fotograma_fonda.jpg 1000w\" sizes=\"auto, (max-width: 300px) 100vw, 300px\" \/><\/a>Como en las dos anteriores ediciones, los coordinadores del ciclo, Javier Mu\u00f1oz y Edorta Jim\u00e9nez, ofrecer\u00e1n durante estos d\u00edas visitas guiadas por la ciudad para dar a conocer otra imagen de Ernest Hemingway. Las visitas partir\u00e1n de la Plaza del Castillo a las 11 horas los d\u00edas 2, 3, 6, 7 y 8 de diciembre. Como novedad, las tres \u00faltimas ser\u00e1n teatralizadas y en ellas el actor pamplon\u00e9s Sergio Salinas se pondr\u00e1 en la piel, tanto del joven Ernest Hemingway, como de los actores Anthony Quinn, Richard Harris y Charlton Heston, para presentar a los visitantes algunos de los encantos de la Pamplona que Hemingway tanto am\u00f3 y contribuyo a proyectar internacionalmente.<\/p>\n<p>Todas las visitas ser\u00e1n gratuitas, previa inscripci\u00f3n en la Oficina de Turismo, y con grupos de un m\u00e1ximo de 35 personas. El recorrido se iniciar\u00e1 en la Plaza del Castillo donde se har\u00e1 una explicaci\u00f3n sobre la exposici\u00f3n. Desde ah\u00ed se realizar\u00e1 el recorrido del Encierro bajando Estafeta, para internarse desde Mercaderes en la zona amurallada, desembocando finalmente en Corralillos\/ Cuesta de Santo Domingo. El d\u00eda 7 de diciembre el recorrido tendr\u00e1 tambi\u00e9n una parada en el Mercado de Santo Domingo para incluir la vertiente gastron\u00f3mica.<\/p>\n<p><strong>Conferencias y proyecciones sobre \u2018estrellas\u2019<\/strong><\/p>\n<p>Esta III edici\u00f3n, por su tem\u00e1tica, cuenta con la colaboraci\u00f3n del Planetario de Pamplona y de la Filmoteca de Navarra. La ciudad natal del escritor, Chicago, se encuentra enclavada en el Paralelo 42, la l\u00ednea imaginaria de longitud que reproduce el Camino de Santiago (la V\u00eda L\u00e1ctea). Esta y otras curiosidades se podr\u00e1n escuchar en al Planetario al escritor Edorta Jim\u00e9nez que ofrecer\u00e1, el s\u00e1bado 1 de diciembre, la charla \u2018Hemingway, bajo las estrellas\u2019 en euskera (17.30 horas) y ese mismo d\u00eda reproducir\u00e1 la misma sesi\u00f3n en castellano (19 horas).<\/p>\n<p>El domingo 2 de diciembre Esteve Riambau, director de la Filmoteca de Barcelona, ofrecer\u00e1 la charla \u2018Hemingway vs Orson Welles\u2019, en la segunda planta del Edificio del Ascensor de Descalzos, a las 19 horas. Entre otros temas explicar\u00e1 c\u00f3mo Hemingway mantuvo durante toda su vida una mutua relaci\u00f3n de \u2018admiraci\u00f3n-odio\u2019 con Orson Welles, uno de los iconos del s\u00e9ptimo arte. Ambos coincidieron en el montaje de la pel\u00edcula documental \u2018The Spanish Earth\u2019.<\/p>\n<p>Por su parte, la Filmoteca de Navarra, dentro de su ciclo de proyecciones, ha programado tres pel\u00edculas durante el puente de diciembre, todas ellas basadas en obras de Ernest Hemingway, La primera ser\u00e1, el martes 4 de diciembre a las 19.30 horas \u2018Por qui\u00e9n doblan las campanas\u2019 (EEUU, 1943, 170 minutos) sobre la Guerra Civil espa\u00f1ola. La segunda se proyectar\u00e1 al d\u00eda siguiente a las 20 horas y ser\u00e1 \u2018Tener y no tener\u2019 (EEUU, 1944, 100 minutos) y, finalmente, el viernes 7 de diciembre, a las 20 horas, la elecci\u00f3n es \u2018Forajidos-Los Asesinos\/The Killers\u2019 (EEUU, 1946, 103 minutos), las dos cintas \u00faltimas vinculadas a la II Guerra Mundial.<\/p>\n<p><strong>Encuentros enoliterarios y degustaciones gratuitas<\/strong><\/p>\n<p>Dentro de la parte gastron\u00f3mica del ciclo, entre el 1 y el 16 de diciembre ocho establecimientos gourmet ofrecer\u00e1n catas gratuitas de productos gastron\u00f3micos tipicos de la ciudad y la fiesta elaborados de forma tradicional. Bajo el t\u00edtulo \u2018La despensa de Hemingway\u2019, en diversos establecimientos de Estafeta, Zapater\u00eda, calle San Miguel, mercado del Ensanche, calle Felipe Gorriti y Calle Amaya, se podr\u00e1n degustar chocolates, chorizo de toro, garrapi\u00f1adas, dulce de membrillo, vinos, quesos, aceites, pachar\u00e1n y, en atenci\u00f3n a las fechas, turr\u00f3n.<\/p>\n<p>Adem\u00e1s, lunes 3 y jueves 6 de diciembre, en el Edificio del Ascensor de Descalzos habr\u00e1 catas de vinos de la Denominaci\u00f3n de Origen Navarra en el marco de una tertulia sobre vida del escritor, su relaci\u00f3n con Pamplona y el an\u00e1lisis de las tres pel\u00edculas que proyectar\u00e1 la Filmoteca de Navarra. Las inscripciones para las catas se recoger\u00e1n en la Oficina de Turismo de Pamplona o en el tel\u00e9fono 948 42 07 00. Ambas sesiones ser\u00e1n a las 18.30 horas y admitir\u00e1n un m\u00e1ximo de 45 personas.<\/p>\n<p>Finalmente en la tercera edici\u00f3n de \u2018Recuperando a Hemingway \u2013 Hemingway bidaide\u2019, la ciudad comenzar\u00e1 a experimentar con un producto gastron\u00f3mico nuevo \u2018La hamburguesa de Hemingway\u2019\u2019, cuya receta reinterpretar\u00e1 una de las Estrellas Michel\u00edn de Navarra, el restaurador Koldo Rodero, en una exhibici\u00f3n en directo (<em>showcooking<\/em>) destinada a p\u00fablico especializado y prescriptores gastron\u00f3micos.<\/p>\n<p><strong>Interpretaciones propias de esta receta para el p\u00fablico en general se podr\u00e1n probar estos d\u00edas hasta en cinco hoteles de la ciudad: Tres reyes, Maisonnave, Yoldi, Blanca de Navarra y El Toro.<\/strong><\/p>\n<p><strong>Recuperando a Hemingway-Hemingway bidaide \/ Pamplona, el cine y Hemingway<\/strong><\/p>\n<ul>\n<li><u>EXPOSICI\u00d3N<\/u>. \u2018Rodando Hemingway-Hemingway izar artean\u2019<\/li>\n<\/ul>\n<p>Plaza del Castillo <strong>del 30 de noviembre al 9 de diciembre<\/strong><\/p>\n<p>En colaboraci\u00f3n con el Archivo Municipal de Pamplona<\/p>\n<ul>\n<li><u><\/u> \u2018Hemingway, bajo las estrellas\u2019<\/li>\n<\/ul>\n<p><strong>S\u00e1bado, 1 de diciembre<\/strong>. Planetario de Pamplona (calle Sancho Ram\u00edrez, s\/n). Entrada libre<\/p>\n<p>&nbsp;<\/p>\n<p>Charla en euskara: 17.30 horas\/ Charla en castellano: 19.00 horas<\/p>\n<p>Ofrecida por Edorta Jimenez, coordinador del ciclo<\/p>\n<ul>\n<li><u>VISITAS GUIADAS<\/u>. \u2018Pamplona, el cine y Hemingway\u2019<\/li>\n<\/ul>\n<p>&nbsp;<\/p>\n<p><strong>Lugar de encuentro: plaza del Castillo. 11.00 horas. Visitas gratuitas. Inscripci\u00f3n en la Oficina de Turismo de Pamplona, calle San Saturnino 2, tel\u00e9fono 948 42 07 00<\/strong><\/p>\n<p>&nbsp;<\/p>\n<p><strong>D\u00edas 2, 3, 6, 7 y 8 de diciembre<\/strong> Los d\u00edas 6, 7 y 8 las visitas tendr\u00e1n aportaciones teatralizadas. Duraci\u00f3n aproximada, 2 horas. Grupo m\u00e1ximo de 35 personas<\/p>\n<ul>\n<li><u>DEGUSTACIONES<\/u>. \u2018La despensa de Hemingway\u2019<\/li>\n<\/ul>\n<p>&nbsp;<\/p>\n<p><strong>Del 1 al 16 de diciembre<\/strong><\/p>\n<p>Ocho establecientos gourmet de la ciudad ofrecer\u00e1n catas gratuitas de productos gastron\u00f3micos tipicos de la ciudad y la fiesta elaborados de forma tradicional<\/p>\n<p>&nbsp;<\/p>\n<ul>\n<li><u><\/u> \u2018Hemingway vs Orson Welles\u2019<\/li>\n<\/ul>\n<p><strong>Domingo 2 de diciembre.<\/strong> Edificio Ascensor de Descalzos, (calle Descalzos, 56; 2\u00aa planta). 19 horas. Entrada libre<\/p>\n<p>&nbsp;<\/p>\n<p>Ofrecida por Esteve Riambau, director de la Filmoteca de Barcelona<\/p>\n<ul>\n<li><u>ENCUENTROS ENOLITERARIOS HEMINGWAY<\/u><\/li>\n<\/ul>\n<p>&nbsp;<\/p>\n<p><strong>Lunes 3 y jueves 6 de diciembre<\/strong>. Edificio Ascensor de Descalzos (calle Descalzos, 56; 2\u00aa planta). 18.30 horas. Inscripci\u00f3n en la Oficina de Turismo de Pamplona, calle San Saturnino 2, tel\u00e9fono 948 42 07 00. M\u00e1ximo 45 personas<\/p>\n<p>&nbsp;<\/p>\n<p>Conversaci\u00f3n y degustaci\u00f3n. Se hablar\u00e1\u00a0 sobre la vida del escritor, su relaci\u00f3n con Pamplona y \u2018Por qui\u00e9n doblan las campanas\u2019, \u2018Tener y no tener\u2019 y \u2018The Killers\u2019, obras en las que se basan las pel\u00edculas que se proyectan en la Filmoteca de Navarra. Durante los encuentros se podr\u00e1n degustar varios vinos de la Denominaci\u00f3n de Origen Navarra.<\/p>\n<p>&nbsp;<\/p>\n<p>Con Edorta Jimenez y Javier Mu\u00f1oz, coordinadores del ciclo<\/p>\n<p>&nbsp;<\/p>\n<ul>\n<li><u>PROYECCI\u00d3N DE PEL\u00cdCULAS BASADAS EN OBRAS DE HEMINGWAY<\/u><\/li>\n<\/ul>\n<p>&nbsp;<\/p>\n<p>Filmoteca de Navarra (Paseo Antonio P\u00e9rez Goyena, 3). Precio entrada en taquilla Filmoteca: 3 euros; 2 euros si se accede con abono de la Filmoteca o carnet de la EOIP<\/p>\n<p>&nbsp;<\/p>\n<p><strong>Martes 4 de diciembre<\/strong>, 19.30 horas<\/p>\n<p>\u2018Por qui\u00e9n doblan las campanas\u2019 (EEUU, 1943, 170 minutos)<\/p>\n<p>&nbsp;<\/p>\n<p><strong>Mi\u00e9rcoles 5 de diciembre<\/strong>, 20.00 horas<\/p>\n<p>\u2018Tener y no tener\u2019 (EEUU, 1944, 100 minutos)<\/p>\n<p>&nbsp;<\/p>\n<p><strong>Viernes 7de diciembre<\/strong>, 20.00 horas<\/p>\n<p>\u2018Forajidos\/The Killers\u2019 (EEUU, 1946, 103 minutos)<\/p>\n<p>&nbsp;<\/p>\n<ul>\n<li><u>HAMBURGUESA HEMINGWAY<\/u>. \u2018Show cooking con Koldo Rodero\u2019<\/li>\n<\/ul>\n<p>&nbsp;<\/p>\n<p><em><u>Actividad prevista para medios de comunicaci\u00f3n, publicaciones especializadas y prescriptores gastron\u00f3micos<\/u><\/em><\/p>\n<p>El restaurador Koldo Rodero, Estrella Michelin, reinterpretar\u00e1 la receta que la mujer del escritor, describi\u00f3 como uno de los platos favoritos de Hemingway<\/p>\n<p>&nbsp;<\/p>\n<p>Distintas recreaciones de este plato se ofrecer\u00e1n para p\u00fablico y clientes en cinco hoteles de la ciudad<\/p>\n<p>&nbsp;<\/p>\n","protected":false},"excerpt":{"rendered":"<p>La semana que viene comenzar\u00e1 el tercer ciclo de \u2018Recuperando a Hemingway\u2019 centrado en la repercusi\u00f3n cinematogr\u00e1fica de la ciudad<\/p>\n","protected":false},"author":1,"featured_media":19548,"comment_status":"open","ping_status":"closed","sticky":false,"template":"","format":"standard","meta":{"footnotes":""},"categories":[2],"tags":[],"class_list":["post-19545","post","type-post","status-publish","format-standard","has-post-thumbnail","hentry","category-ayuntamiento-pamplona"],"yoast_head":"<!-- This site is optimized with the Yoast SEO plugin v27.3 - https:\/\/yoast.com\/product\/yoast-seo-wordpress\/ -->\n<title>El firmamento de Ernest Hemingway: las estrellas que iluminaron Pamplona<\/title>\n<meta name=\"robots\" content=\"index, follow, max-snippet:-1, max-image-preview:large, max-video-preview:-1\" \/>\n<link rel=\"canonical\" href=\"https:\/\/www.laguiadepamplona.com\/actualidad\/el-firmamento-de-ernest-hemingway-las-estrellas-que-iluminaron-pamplona\/\" \/>\n<meta property=\"og:locale\" content=\"es_ES\" \/>\n<meta property=\"og:type\" content=\"article\" \/>\n<meta property=\"og:title\" content=\"El firmamento de Ernest Hemingway: las estrellas que iluminaron Pamplona\" \/>\n<meta property=\"og:description\" content=\"La semana que viene comenzar\u00e1 el tercer ciclo de \u2018Recuperando a Hemingway\u2019 centrado en la repercusi\u00f3n cinematogr\u00e1fica de la ciudad\" \/>\n<meta property=\"og:url\" content=\"https:\/\/www.laguiadepamplona.com\/actualidad\/el-firmamento-de-ernest-hemingway-las-estrellas-que-iluminaron-pamplona\/\" \/>\n<meta property=\"og:site_name\" content=\"La Gu\u00eda de Pamplona\" \/>\n<meta property=\"article:publisher\" content=\"https:\/\/www.facebook.com\/laguiadepamplonacom-133175176762273\/?ref=hl\" \/>\n<meta property=\"article:published_time\" content=\"2018-11-23T17:39:23+00:00\" \/>\n<meta property=\"og:image\" content=\"https:\/\/www.laguiadepamplona.com\/actualidad\/wp-content\/uploads\/2018\/11\/18.11.23_visitas_hemingway_2016.jpg\" \/>\n\t<meta property=\"og:image:width\" content=\"1000\" \/>\n\t<meta property=\"og:image:height\" content=\"667\" \/>\n\t<meta property=\"og:image:type\" content=\"image\/jpeg\" \/>\n<meta name=\"author\" content=\"La Gu\u00eda de Pamplona\" \/>\n<meta name=\"twitter:card\" content=\"summary_large_image\" \/>\n<meta name=\"twitter:creator\" content=\"@LaGuiadPamplona\" \/>\n<meta name=\"twitter:site\" content=\"@LaGuiadPamplona\" \/>\n<meta name=\"twitter:label1\" content=\"Escrito por\" \/>\n\t<meta name=\"twitter:data1\" content=\"La Gu\u00eda de Pamplona\" \/>\n\t<meta name=\"twitter:label2\" content=\"Tiempo de lectura\" \/>\n\t<meta name=\"twitter:data2\" content=\"9 minutos\" \/>\n<script type=\"application\/ld+json\" class=\"yoast-schema-graph\">{\"@context\":\"https:\\\/\\\/schema.org\",\"@graph\":[{\"@type\":\"Article\",\"@id\":\"https:\\\/\\\/www.laguiadepamplona.com\\\/actualidad\\\/el-firmamento-de-ernest-hemingway-las-estrellas-que-iluminaron-pamplona\\\/#article\",\"isPartOf\":{\"@id\":\"https:\\\/\\\/www.laguiadepamplona.com\\\/actualidad\\\/el-firmamento-de-ernest-hemingway-las-estrellas-que-iluminaron-pamplona\\\/\"},\"author\":{\"name\":\"La Gu\u00eda de Pamplona\",\"@id\":\"https:\\\/\\\/www.laguiadepamplona.com\\\/actualidad\\\/#\\\/schema\\\/person\\\/efe887376f0213d4657c93adc50b1fdb\"},\"headline\":\"El firmamento de Ernest Hemingway: las estrellas que iluminaron Pamplona\",\"datePublished\":\"2018-11-23T17:39:23+00:00\",\"mainEntityOfPage\":{\"@id\":\"https:\\\/\\\/www.laguiadepamplona.com\\\/actualidad\\\/el-firmamento-de-ernest-hemingway-las-estrellas-que-iluminaron-pamplona\\\/\"},\"wordCount\":1847,\"commentCount\":0,\"publisher\":{\"@id\":\"https:\\\/\\\/www.laguiadepamplona.com\\\/actualidad\\\/#organization\"},\"image\":{\"@id\":\"https:\\\/\\\/www.laguiadepamplona.com\\\/actualidad\\\/el-firmamento-de-ernest-hemingway-las-estrellas-que-iluminaron-pamplona\\\/#primaryimage\"},\"thumbnailUrl\":\"https:\\\/\\\/www.laguiadepamplona.com\\\/actualidad\\\/wp-content\\\/uploads\\\/2018\\\/11\\\/18.11.23_visitas_hemingway_2016.jpg\",\"articleSection\":[\"Ayto Pamplona\"],\"inLanguage\":\"es\",\"potentialAction\":[{\"@type\":\"CommentAction\",\"name\":\"Comment\",\"target\":[\"https:\\\/\\\/www.laguiadepamplona.com\\\/actualidad\\\/el-firmamento-de-ernest-hemingway-las-estrellas-que-iluminaron-pamplona\\\/#respond\"]}]},{\"@type\":\"WebPage\",\"@id\":\"https:\\\/\\\/www.laguiadepamplona.com\\\/actualidad\\\/el-firmamento-de-ernest-hemingway-las-estrellas-que-iluminaron-pamplona\\\/\",\"url\":\"https:\\\/\\\/www.laguiadepamplona.com\\\/actualidad\\\/el-firmamento-de-ernest-hemingway-las-estrellas-que-iluminaron-pamplona\\\/\",\"name\":\"El firmamento de Ernest Hemingway: las estrellas que iluminaron Pamplona\",\"isPartOf\":{\"@id\":\"https:\\\/\\\/www.laguiadepamplona.com\\\/actualidad\\\/#website\"},\"primaryImageOfPage\":{\"@id\":\"https:\\\/\\\/www.laguiadepamplona.com\\\/actualidad\\\/el-firmamento-de-ernest-hemingway-las-estrellas-que-iluminaron-pamplona\\\/#primaryimage\"},\"image\":{\"@id\":\"https:\\\/\\\/www.laguiadepamplona.com\\\/actualidad\\\/el-firmamento-de-ernest-hemingway-las-estrellas-que-iluminaron-pamplona\\\/#primaryimage\"},\"thumbnailUrl\":\"https:\\\/\\\/www.laguiadepamplona.com\\\/actualidad\\\/wp-content\\\/uploads\\\/2018\\\/11\\\/18.11.23_visitas_hemingway_2016.jpg\",\"datePublished\":\"2018-11-23T17:39:23+00:00\",\"breadcrumb\":{\"@id\":\"https:\\\/\\\/www.laguiadepamplona.com\\\/actualidad\\\/el-firmamento-de-ernest-hemingway-las-estrellas-que-iluminaron-pamplona\\\/#breadcrumb\"},\"inLanguage\":\"es\",\"potentialAction\":[{\"@type\":\"ReadAction\",\"target\":[\"https:\\\/\\\/www.laguiadepamplona.com\\\/actualidad\\\/el-firmamento-de-ernest-hemingway-las-estrellas-que-iluminaron-pamplona\\\/\"]}]},{\"@type\":\"ImageObject\",\"inLanguage\":\"es\",\"@id\":\"https:\\\/\\\/www.laguiadepamplona.com\\\/actualidad\\\/el-firmamento-de-ernest-hemingway-las-estrellas-que-iluminaron-pamplona\\\/#primaryimage\",\"url\":\"https:\\\/\\\/www.laguiadepamplona.com\\\/actualidad\\\/wp-content\\\/uploads\\\/2018\\\/11\\\/18.11.23_visitas_hemingway_2016.jpg\",\"contentUrl\":\"https:\\\/\\\/www.laguiadepamplona.com\\\/actualidad\\\/wp-content\\\/uploads\\\/2018\\\/11\\\/18.11.23_visitas_hemingway_2016.jpg\",\"width\":1000,\"height\":667},{\"@type\":\"BreadcrumbList\",\"@id\":\"https:\\\/\\\/www.laguiadepamplona.com\\\/actualidad\\\/el-firmamento-de-ernest-hemingway-las-estrellas-que-iluminaron-pamplona\\\/#breadcrumb\",\"itemListElement\":[{\"@type\":\"ListItem\",\"position\":1,\"name\":\"Portada\",\"item\":\"https:\\\/\\\/www.laguiadepamplona.com\\\/actualidad\\\/\"},{\"@type\":\"ListItem\",\"position\":2,\"name\":\"El firmamento de Ernest Hemingway: las estrellas que iluminaron Pamplona\"}]},{\"@type\":\"WebSite\",\"@id\":\"https:\\\/\\\/www.laguiadepamplona.com\\\/actualidad\\\/#website\",\"url\":\"https:\\\/\\\/www.laguiadepamplona.com\\\/actualidad\\\/\",\"name\":\"La gu\u00eda de Pamplona\",\"description\":\"Noticias de Pamplona\",\"publisher\":{\"@id\":\"https:\\\/\\\/www.laguiadepamplona.com\\\/actualidad\\\/#organization\"},\"potentialAction\":[{\"@type\":\"SearchAction\",\"target\":{\"@type\":\"EntryPoint\",\"urlTemplate\":\"https:\\\/\\\/www.laguiadepamplona.com\\\/actualidad\\\/?s={search_term_string}\"},\"query-input\":{\"@type\":\"PropertyValueSpecification\",\"valueRequired\":true,\"valueName\":\"search_term_string\"}}],\"inLanguage\":\"es\"},{\"@type\":\"Organization\",\"@id\":\"https:\\\/\\\/www.laguiadepamplona.com\\\/actualidad\\\/#organization\",\"name\":\"La Gu\u00eda de Pamplona \\\/ Noticias\",\"url\":\"https:\\\/\\\/www.laguiadepamplona.com\\\/actualidad\\\/\",\"logo\":{\"@type\":\"ImageObject\",\"inLanguage\":\"es\",\"@id\":\"https:\\\/\\\/www.laguiadepamplona.com\\\/actualidad\\\/#\\\/schema\\\/logo\\\/image\\\/\",\"url\":\"https:\\\/\\\/www.laguiadepamplona.com\\\/actualidad\\\/wp-content\\\/uploads\\\/2018\\\/11\\\/logo-laguiadepamplona18-web1.png\",\"contentUrl\":\"https:\\\/\\\/www.laguiadepamplona.com\\\/actualidad\\\/wp-content\\\/uploads\\\/2018\\\/11\\\/logo-laguiadepamplona18-web1.png\",\"width\":600,\"height\":196,\"caption\":\"La Gu\u00eda de Pamplona \\\/ Noticias\"},\"image\":{\"@id\":\"https:\\\/\\\/www.laguiadepamplona.com\\\/actualidad\\\/#\\\/schema\\\/logo\\\/image\\\/\"},\"sameAs\":[\"https:\\\/\\\/www.facebook.com\\\/laguiadepamplonacom-133175176762273\\\/?ref=hl\",\"https:\\\/\\\/x.com\\\/LaGuiadPamplona\",\"https:\\\/\\\/www.instagram.com\\\/la_guia_de_pamplona\\\/\",\"https:\\\/\\\/www.youtube.com\\\/user\\\/laguiadepamplona\"]},{\"@type\":\"Person\",\"@id\":\"https:\\\/\\\/www.laguiadepamplona.com\\\/actualidad\\\/#\\\/schema\\\/person\\\/efe887376f0213d4657c93adc50b1fdb\",\"name\":\"La Gu\u00eda de Pamplona\",\"image\":{\"@type\":\"ImageObject\",\"inLanguage\":\"es\",\"@id\":\"https:\\\/\\\/secure.gravatar.com\\\/avatar\\\/b6992f131dc8d30ab0dff15446e9d346d9dbd95992de0fef795073f5ea83a81c?s=96&d=mm&r=g\",\"url\":\"https:\\\/\\\/secure.gravatar.com\\\/avatar\\\/b6992f131dc8d30ab0dff15446e9d346d9dbd95992de0fef795073f5ea83a81c?s=96&d=mm&r=g\",\"contentUrl\":\"https:\\\/\\\/secure.gravatar.com\\\/avatar\\\/b6992f131dc8d30ab0dff15446e9d346d9dbd95992de0fef795073f5ea83a81c?s=96&d=mm&r=g\",\"caption\":\"La Gu\u00eda de Pamplona\"}}]}<\/script>\n<!-- \/ Yoast SEO plugin. -->","yoast_head_json":{"title":"El firmamento de Ernest Hemingway: las estrellas que iluminaron Pamplona","robots":{"index":"index","follow":"follow","max-snippet":"max-snippet:-1","max-image-preview":"max-image-preview:large","max-video-preview":"max-video-preview:-1"},"canonical":"https:\/\/www.laguiadepamplona.com\/actualidad\/el-firmamento-de-ernest-hemingway-las-estrellas-que-iluminaron-pamplona\/","og_locale":"es_ES","og_type":"article","og_title":"El firmamento de Ernest Hemingway: las estrellas que iluminaron Pamplona","og_description":"La semana que viene comenzar\u00e1 el tercer ciclo de \u2018Recuperando a Hemingway\u2019 centrado en la repercusi\u00f3n cinematogr\u00e1fica de la ciudad","og_url":"https:\/\/www.laguiadepamplona.com\/actualidad\/el-firmamento-de-ernest-hemingway-las-estrellas-que-iluminaron-pamplona\/","og_site_name":"La Gu\u00eda de Pamplona","article_publisher":"https:\/\/www.facebook.com\/laguiadepamplonacom-133175176762273\/?ref=hl","article_published_time":"2018-11-23T17:39:23+00:00","og_image":[{"width":1000,"height":667,"url":"https:\/\/www.laguiadepamplona.com\/actualidad\/wp-content\/uploads\/2018\/11\/18.11.23_visitas_hemingway_2016.jpg","type":"image\/jpeg"}],"author":"La Gu\u00eda de Pamplona","twitter_card":"summary_large_image","twitter_creator":"@LaGuiadPamplona","twitter_site":"@LaGuiadPamplona","twitter_misc":{"Escrito por":"La Gu\u00eda de Pamplona","Tiempo de lectura":"9 minutos"},"schema":{"@context":"https:\/\/schema.org","@graph":[{"@type":"Article","@id":"https:\/\/www.laguiadepamplona.com\/actualidad\/el-firmamento-de-ernest-hemingway-las-estrellas-que-iluminaron-pamplona\/#article","isPartOf":{"@id":"https:\/\/www.laguiadepamplona.com\/actualidad\/el-firmamento-de-ernest-hemingway-las-estrellas-que-iluminaron-pamplona\/"},"author":{"name":"La Gu\u00eda de Pamplona","@id":"https:\/\/www.laguiadepamplona.com\/actualidad\/#\/schema\/person\/efe887376f0213d4657c93adc50b1fdb"},"headline":"El firmamento de Ernest Hemingway: las estrellas que iluminaron Pamplona","datePublished":"2018-11-23T17:39:23+00:00","mainEntityOfPage":{"@id":"https:\/\/www.laguiadepamplona.com\/actualidad\/el-firmamento-de-ernest-hemingway-las-estrellas-que-iluminaron-pamplona\/"},"wordCount":1847,"commentCount":0,"publisher":{"@id":"https:\/\/www.laguiadepamplona.com\/actualidad\/#organization"},"image":{"@id":"https:\/\/www.laguiadepamplona.com\/actualidad\/el-firmamento-de-ernest-hemingway-las-estrellas-que-iluminaron-pamplona\/#primaryimage"},"thumbnailUrl":"https:\/\/www.laguiadepamplona.com\/actualidad\/wp-content\/uploads\/2018\/11\/18.11.23_visitas_hemingway_2016.jpg","articleSection":["Ayto Pamplona"],"inLanguage":"es","potentialAction":[{"@type":"CommentAction","name":"Comment","target":["https:\/\/www.laguiadepamplona.com\/actualidad\/el-firmamento-de-ernest-hemingway-las-estrellas-que-iluminaron-pamplona\/#respond"]}]},{"@type":"WebPage","@id":"https:\/\/www.laguiadepamplona.com\/actualidad\/el-firmamento-de-ernest-hemingway-las-estrellas-que-iluminaron-pamplona\/","url":"https:\/\/www.laguiadepamplona.com\/actualidad\/el-firmamento-de-ernest-hemingway-las-estrellas-que-iluminaron-pamplona\/","name":"El firmamento de Ernest Hemingway: las estrellas que iluminaron Pamplona","isPartOf":{"@id":"https:\/\/www.laguiadepamplona.com\/actualidad\/#website"},"primaryImageOfPage":{"@id":"https:\/\/www.laguiadepamplona.com\/actualidad\/el-firmamento-de-ernest-hemingway-las-estrellas-que-iluminaron-pamplona\/#primaryimage"},"image":{"@id":"https:\/\/www.laguiadepamplona.com\/actualidad\/el-firmamento-de-ernest-hemingway-las-estrellas-que-iluminaron-pamplona\/#primaryimage"},"thumbnailUrl":"https:\/\/www.laguiadepamplona.com\/actualidad\/wp-content\/uploads\/2018\/11\/18.11.23_visitas_hemingway_2016.jpg","datePublished":"2018-11-23T17:39:23+00:00","breadcrumb":{"@id":"https:\/\/www.laguiadepamplona.com\/actualidad\/el-firmamento-de-ernest-hemingway-las-estrellas-que-iluminaron-pamplona\/#breadcrumb"},"inLanguage":"es","potentialAction":[{"@type":"ReadAction","target":["https:\/\/www.laguiadepamplona.com\/actualidad\/el-firmamento-de-ernest-hemingway-las-estrellas-que-iluminaron-pamplona\/"]}]},{"@type":"ImageObject","inLanguage":"es","@id":"https:\/\/www.laguiadepamplona.com\/actualidad\/el-firmamento-de-ernest-hemingway-las-estrellas-que-iluminaron-pamplona\/#primaryimage","url":"https:\/\/www.laguiadepamplona.com\/actualidad\/wp-content\/uploads\/2018\/11\/18.11.23_visitas_hemingway_2016.jpg","contentUrl":"https:\/\/www.laguiadepamplona.com\/actualidad\/wp-content\/uploads\/2018\/11\/18.11.23_visitas_hemingway_2016.jpg","width":1000,"height":667},{"@type":"BreadcrumbList","@id":"https:\/\/www.laguiadepamplona.com\/actualidad\/el-firmamento-de-ernest-hemingway-las-estrellas-que-iluminaron-pamplona\/#breadcrumb","itemListElement":[{"@type":"ListItem","position":1,"name":"Portada","item":"https:\/\/www.laguiadepamplona.com\/actualidad\/"},{"@type":"ListItem","position":2,"name":"El firmamento de Ernest Hemingway: las estrellas que iluminaron Pamplona"}]},{"@type":"WebSite","@id":"https:\/\/www.laguiadepamplona.com\/actualidad\/#website","url":"https:\/\/www.laguiadepamplona.com\/actualidad\/","name":"La gu\u00eda de Pamplona","description":"Noticias de Pamplona","publisher":{"@id":"https:\/\/www.laguiadepamplona.com\/actualidad\/#organization"},"potentialAction":[{"@type":"SearchAction","target":{"@type":"EntryPoint","urlTemplate":"https:\/\/www.laguiadepamplona.com\/actualidad\/?s={search_term_string}"},"query-input":{"@type":"PropertyValueSpecification","valueRequired":true,"valueName":"search_term_string"}}],"inLanguage":"es"},{"@type":"Organization","@id":"https:\/\/www.laguiadepamplona.com\/actualidad\/#organization","name":"La Gu\u00eda de Pamplona \/ Noticias","url":"https:\/\/www.laguiadepamplona.com\/actualidad\/","logo":{"@type":"ImageObject","inLanguage":"es","@id":"https:\/\/www.laguiadepamplona.com\/actualidad\/#\/schema\/logo\/image\/","url":"https:\/\/www.laguiadepamplona.com\/actualidad\/wp-content\/uploads\/2018\/11\/logo-laguiadepamplona18-web1.png","contentUrl":"https:\/\/www.laguiadepamplona.com\/actualidad\/wp-content\/uploads\/2018\/11\/logo-laguiadepamplona18-web1.png","width":600,"height":196,"caption":"La Gu\u00eda de Pamplona \/ Noticias"},"image":{"@id":"https:\/\/www.laguiadepamplona.com\/actualidad\/#\/schema\/logo\/image\/"},"sameAs":["https:\/\/www.facebook.com\/laguiadepamplonacom-133175176762273\/?ref=hl","https:\/\/x.com\/LaGuiadPamplona","https:\/\/www.instagram.com\/la_guia_de_pamplona\/","https:\/\/www.youtube.com\/user\/laguiadepamplona"]},{"@type":"Person","@id":"https:\/\/www.laguiadepamplona.com\/actualidad\/#\/schema\/person\/efe887376f0213d4657c93adc50b1fdb","name":"La Gu\u00eda de Pamplona","image":{"@type":"ImageObject","inLanguage":"es","@id":"https:\/\/secure.gravatar.com\/avatar\/b6992f131dc8d30ab0dff15446e9d346d9dbd95992de0fef795073f5ea83a81c?s=96&d=mm&r=g","url":"https:\/\/secure.gravatar.com\/avatar\/b6992f131dc8d30ab0dff15446e9d346d9dbd95992de0fef795073f5ea83a81c?s=96&d=mm&r=g","contentUrl":"https:\/\/secure.gravatar.com\/avatar\/b6992f131dc8d30ab0dff15446e9d346d9dbd95992de0fef795073f5ea83a81c?s=96&d=mm&r=g","caption":"La Gu\u00eda de Pamplona"}}]}},"post_mailing_queue_ids":[],"_links":{"self":[{"href":"https:\/\/www.laguiadepamplona.com\/actualidad\/wp-json\/wp\/v2\/posts\/19545","targetHints":{"allow":["GET"]}}],"collection":[{"href":"https:\/\/www.laguiadepamplona.com\/actualidad\/wp-json\/wp\/v2\/posts"}],"about":[{"href":"https:\/\/www.laguiadepamplona.com\/actualidad\/wp-json\/wp\/v2\/types\/post"}],"author":[{"embeddable":true,"href":"https:\/\/www.laguiadepamplona.com\/actualidad\/wp-json\/wp\/v2\/users\/1"}],"replies":[{"embeddable":true,"href":"https:\/\/www.laguiadepamplona.com\/actualidad\/wp-json\/wp\/v2\/comments?post=19545"}],"version-history":[{"count":0,"href":"https:\/\/www.laguiadepamplona.com\/actualidad\/wp-json\/wp\/v2\/posts\/19545\/revisions"}],"wp:featuredmedia":[{"embeddable":true,"href":"https:\/\/www.laguiadepamplona.com\/actualidad\/wp-json\/wp\/v2\/media\/19548"}],"wp:attachment":[{"href":"https:\/\/www.laguiadepamplona.com\/actualidad\/wp-json\/wp\/v2\/media?parent=19545"}],"wp:term":[{"taxonomy":"category","embeddable":true,"href":"https:\/\/www.laguiadepamplona.com\/actualidad\/wp-json\/wp\/v2\/categories?post=19545"},{"taxonomy":"post_tag","embeddable":true,"href":"https:\/\/www.laguiadepamplona.com\/actualidad\/wp-json\/wp\/v2\/tags?post=19545"}],"curies":[{"name":"wp","href":"https:\/\/api.w.org\/{rel}","templated":true}]}}