{"id":1945,"date":"2014-06-11T17:18:51","date_gmt":"2014-06-11T16:18:51","guid":{"rendered":"http:\/\/laguiadepamplona.es\/noticias\/?p=1945"},"modified":"2014-06-11T17:18:51","modified_gmt":"2014-06-11T16:18:51","slug":"43-personas-estan-visitando-hoy-las-fortificaciones-de-pamplona-dentro-de-un-viaje-organizado-por-the-fortress-study-group","status":"publish","type":"post","link":"https:\/\/www.laguiadepamplona.com\/actualidad\/43-personas-estan-visitando-hoy-las-fortificaciones-de-pamplona-dentro-de-un-viaje-organizado-por-the-fortress-study-group\/","title":{"rendered":"43 personas est\u00e1n visitando hoy las fortificaciones de Pamplona dentro de un viaje organizado por \u2018The Fortress Study Group\u2019"},"content":{"rendered":"<h4>Durante cuatro d\u00edas estos expertos internacionales tendr\u00e1n como base de sus visitas la capital navarra, hasta su marcha el pr\u00f3ximo 14 de junio<\/h4>\n<p class=\"Textonota\"><span lang=\"ES-TRAD\"><a href=\"http:\/\/laguiadepamplona.es\/noticias\/wp-content\/uploads\/2014\/06\/fortress_group_visita2.jpg\"><img loading=\"lazy\" decoding=\"async\" class=\"alignleft size-medium wp-image-1946\" src=\"http:\/\/laguiadepamplona.es\/noticias\/wp-content\/uploads\/2014\/06\/fortress_group_visita2-300x200.jpg\" alt=\"fortress_group_visita2\" width=\"300\" height=\"200\" \/><\/a>En 2012 vino a Pamplona una avanzadilla de esta<\/span> asociaci\u00f3n, nacida en Oxford en 1975, que se dedica monogr\u00e1ficamente al estudio del patrimonio fortificado y la evoluci\u00f3n de la artiller\u00eda. Hoy, 43 personas vinculadas al <i>Fortress Study Group<\/i> se han acercado hasta la capital de Navarra para realizar un recorrido por el sistema fortificado de la ciudad, con su Ciudadela, y el Centro de Interpretaci\u00f3n de las Fortificaciones de Pamplona. Tambien tienen previsto visitar el Fuerta Alfonso XII, en el monte de San Crist\u00f3bal.<\/p>\n<p class=\"Textonota\">A la cabeza del grupo se hallaban su bibliotecario, Keith Phillips, que ya hab\u00eda estado antes en Pamplona y el consultor de seguridad, investigador y miembro del comit\u00e9, <a name=\"OLE_LINK1\"><\/a>John Cartwright. El presidente de esta asociaci\u00f3n, William H. Clements, ser\u00e1 uno de los principales ponentes del \u201cCongreso Internacional sobre Patrimonio Fortificado: Gesti\u00f3n y Desarrollo Sostenible\u201d que tendr\u00e1 lugar en Pamplona del 15 al 17 de octubre.<\/p>\n<p class=\"Textonota\"><a name=\"OLE_LINK2\"><\/a>El alcalde de Pamplona, Enrique Maya, se ha acercado hasta el Centro de Interpretaci\u00f3n de las<span style=\"color: black;\"> Fortificaciones de Pamplona <\/span>para saludar a los representantes de <span lang=\"ES-TRAD\">una de las m\u00e1s prestigiosas asociaciones internacionales que se interesa por las fortificaciones, desde el nacimiento de la artiller\u00eda (fortificaciones abaluartadas) hasta los b\u00fankeres de las II Guerra Mundial. El grupo comenzaba su visita en Pamplona a las 10 horas en el Fort\u00edn de San Bartolom\u00e9 con gu\u00edas especializados y diversa documentaci\u00f3n en soporte papel, acompa\u00f1ados por el Gerente del Consistorio, Jos\u00e9 Vicente Valdenebro y la directora del \u00c1rea de Empleo Comercio y Turismo, Silvia Azpilicueta. Luego por la Ronda Barbazana ha llegado hasta el Portal de Francia, Paseo de Ronda y Portal Nuevo accediendo hasta la Taconera. Desde all\u00ed se han dirigido hasta la Ciudadela de Pamplona, la fortaleza pentagonal abaluartada m\u00e1s antigua en uso de Europa.<\/span><\/p>\n<p class=\"ladillonota\"><strong>El primer \u201cviaje de estudio\u201d a Pamplona<\/strong><\/p>\n<p class=\"Textonota\"><span style=\"color: black;\"><a href=\"http:\/\/laguiadepamplona.es\/noticias\/wp-content\/uploads\/2014\/06\/fortress_group_visita.jpg\"><img loading=\"lazy\" decoding=\"async\" class=\"alignleft size-medium wp-image-1948\" src=\"http:\/\/laguiadepamplona.es\/noticias\/wp-content\/uploads\/2014\/06\/fortress_group_visita-300x200.jpg\" alt=\"fortress_group_visita\" width=\"300\" height=\"200\" \/><\/a>E<\/span>l <i>Fortress Study Group<\/i>, con m\u00e1s de 600 miembros, es una asociaci\u00f3n formada por arquitectos, historiadores, miembros retirados o en activo de las fuerzas armadas etc. de m\u00e1s de 30 pa\u00edses de todo el mundo, cuenta con publicaciones especializadas y <span lang=\"ES-TRAD\">colabora activamente con otras sociedades nacionales e internacionales con intereses afines. Forma parte, adem\u00e1s, del Instituto Internacional de los Castillos (IBI) y es miembro fundador del Consejo Internacional sobre Fortalezas (IFC).<\/span><\/p>\n<p class=\"Textonota\"><span lang=\"ES-TRAD\">Cada a\u00f1o sus miembros realizan lo que llaman un \u201c<i>Study tour<\/i>\u201d de car\u00e1cter internacional, detalladamente preparado. Bajo la denominaci\u00f3n \u2018Pamplona y los Pirin\u00e9os Atl\u00e1nticos\u2019, esta es la primera vez que, de esta forma, se acercan hasta Espa\u00f1a. Llegaron el pasado s\u00e1bado a Canfranc y los d\u00edas pasados han aprovechado para visitar fortificaciones de Canfranc, Portalet (Francia) y Jaca y Loarre (Huesca) y, antes de irse, se acercar\u00e1n tambi\u00e9n a espacios emblem\u00e1ticos de Guip\u00fazcoa (Hondarribia y Fuertes de Guadalupe, San Marcos y Txoritokieta).<\/span><\/p>\n<p class=\"Textonota\"><span lang=\"ES-TRAD\">Sus publicaciones especializadas \u2018<i>Casemate<\/i>\u2019 y \u2018<i>Fort<\/i>\u2019, de las m\u00e1s importantes del sector, reflejar\u00e1n este viaje ya que, de hecho, entre los asistentes al recorrido de hoy se encontraban Charles Blackwood y John Harris, editores de ambas revistas. El conocimiento de primera mano de las fortificaciones pamplonesas de cara a sus congresos y a la organizaci\u00f3n de las jornadas \u2018<i>Fortifications at risk\u2019<\/i>, ser\u00e1 a partir de hoy de primera mano.<\/span><\/p>\n<p class=\"Textonota\">\n","protected":false},"excerpt":{"rendered":"<p>Durante cuatro d\u00edas estos expertos internacionales tendr\u00e1n como base de sus visitas la capital navarra, hasta su marcha el pr\u00f3ximo 14 de junio En 2012 vino a Pamplona una avanzadilla&#8230;<\/p>\n","protected":false},"author":1,"featured_media":1946,"comment_status":"open","ping_status":"open","sticky":false,"template":"","format":"standard","meta":{"footnotes":""},"categories":[2],"tags":[1611,5,6,509,1612,8,9,1613,1614],"class_list":["post-1945","post","type-post","status-publish","format-standard","has-post-thumbnail","hentry","category-ayuntamiento-pamplona","tag-43-personas","tag-actualidad","tag-ayto-pamplona","tag-ayuntamiento-de-pamplona","tag-fortificaciones","tag-noticias","tag-pamplona","tag-the-fortress-study-group","tag-visitando"],"yoast_head":"<!-- This site is optimized with the Yoast SEO plugin v27.5 - https:\/\/yoast.com\/product\/yoast-seo-wordpress\/ -->\n<title>43 personas est\u00e1n visitando hoy las fortificaciones de Pamplona dentro de un viaje organizado por \u2018The Fortress Study Group\u2019<\/title>\n<meta name=\"robots\" content=\"index, follow, max-snippet:-1, max-image-preview:large, max-video-preview:-1\" \/>\n<link rel=\"canonical\" href=\"https:\/\/www.laguiadepamplona.com\/actualidad\/43-personas-estan-visitando-hoy-las-fortificaciones-de-pamplona-dentro-de-un-viaje-organizado-por-the-fortress-study-group\/\" \/>\n<meta property=\"og:locale\" content=\"es_ES\" \/>\n<meta property=\"og:type\" content=\"article\" \/>\n<meta property=\"og:title\" content=\"43 personas est\u00e1n visitando hoy las fortificaciones de Pamplona dentro de un viaje organizado por \u2018The Fortress Study Group\u2019\" \/>\n<meta property=\"og:description\" content=\"Durante cuatro d\u00edas estos expertos internacionales tendr\u00e1n como base de sus visitas la capital navarra, hasta su marcha el pr\u00f3ximo 14 de junio En 2012 vino a Pamplona una avanzadilla...\" \/>\n<meta property=\"og:url\" content=\"https:\/\/www.laguiadepamplona.com\/actualidad\/43-personas-estan-visitando-hoy-las-fortificaciones-de-pamplona-dentro-de-un-viaje-organizado-por-the-fortress-study-group\/\" \/>\n<meta property=\"og:site_name\" content=\"La Gu\u00eda de Pamplona\" \/>\n<meta property=\"article:publisher\" content=\"https:\/\/www.facebook.com\/laguiadepamplonacom-133175176762273\/?ref=hl\" \/>\n<meta property=\"article:published_time\" content=\"2014-06-11T16:18:51+00:00\" \/>\n<meta name=\"author\" content=\"La Gu\u00eda de Pamplona\" \/>\n<meta name=\"twitter:card\" content=\"summary_large_image\" \/>\n<meta name=\"twitter:creator\" content=\"@LaGuiadPamplona\" \/>\n<meta name=\"twitter:site\" content=\"@LaGuiadPamplona\" \/>\n<meta name=\"twitter:label1\" content=\"Escrito por\" \/>\n\t<meta name=\"twitter:data1\" content=\"La Gu\u00eda de Pamplona\" \/>\n\t<meta name=\"twitter:label2\" content=\"Tiempo de lectura\" \/>\n\t<meta name=\"twitter:data2\" content=\"3 minutos\" \/>\n<script type=\"application\/ld+json\" class=\"yoast-schema-graph\">{\"@context\":\"https:\\\/\\\/schema.org\",\"@graph\":[{\"@type\":\"Article\",\"@id\":\"https:\\\/\\\/www.laguiadepamplona.com\\\/actualidad\\\/43-personas-estan-visitando-hoy-las-fortificaciones-de-pamplona-dentro-de-un-viaje-organizado-por-the-fortress-study-group\\\/#article\",\"isPartOf\":{\"@id\":\"https:\\\/\\\/www.laguiadepamplona.com\\\/actualidad\\\/43-personas-estan-visitando-hoy-las-fortificaciones-de-pamplona-dentro-de-un-viaje-organizado-por-the-fortress-study-group\\\/\"},\"author\":{\"name\":\"La Gu\u00eda de Pamplona\",\"@id\":\"https:\\\/\\\/www.laguiadepamplona.com\\\/actualidad\\\/#\\\/schema\\\/person\\\/efe887376f0213d4657c93adc50b1fdb\"},\"headline\":\"43 personas est\u00e1n visitando hoy las fortificaciones de Pamplona dentro de un viaje organizado por \u2018The Fortress Study Group\u2019\",\"datePublished\":\"2014-06-11T16:18:51+00:00\",\"mainEntityOfPage\":{\"@id\":\"https:\\\/\\\/www.laguiadepamplona.com\\\/actualidad\\\/43-personas-estan-visitando-hoy-las-fortificaciones-de-pamplona-dentro-de-un-viaje-organizado-por-the-fortress-study-group\\\/\"},\"wordCount\":595,\"commentCount\":0,\"publisher\":{\"@id\":\"https:\\\/\\\/www.laguiadepamplona.com\\\/actualidad\\\/#organization\"},\"image\":{\"@id\":\"https:\\\/\\\/www.laguiadepamplona.com\\\/actualidad\\\/43-personas-estan-visitando-hoy-las-fortificaciones-de-pamplona-dentro-de-un-viaje-organizado-por-the-fortress-study-group\\\/#primaryimage\"},\"thumbnailUrl\":\"\",\"keywords\":[\"43 personas\",\"actualidad\",\"ayto pamplona\",\"Ayuntamiento de Pamplona\",\"fortificaciones\",\"noticias\",\"pamplona\",\"The Fortress Study Group\",\"visitando\"],\"articleSection\":[\"Ayto Pamplona\"],\"inLanguage\":\"es\",\"potentialAction\":[{\"@type\":\"CommentAction\",\"name\":\"Comment\",\"target\":[\"https:\\\/\\\/www.laguiadepamplona.com\\\/actualidad\\\/43-personas-estan-visitando-hoy-las-fortificaciones-de-pamplona-dentro-de-un-viaje-organizado-por-the-fortress-study-group\\\/#respond\"]}]},{\"@type\":\"WebPage\",\"@id\":\"https:\\\/\\\/www.laguiadepamplona.com\\\/actualidad\\\/43-personas-estan-visitando-hoy-las-fortificaciones-de-pamplona-dentro-de-un-viaje-organizado-por-the-fortress-study-group\\\/\",\"url\":\"https:\\\/\\\/www.laguiadepamplona.com\\\/actualidad\\\/43-personas-estan-visitando-hoy-las-fortificaciones-de-pamplona-dentro-de-un-viaje-organizado-por-the-fortress-study-group\\\/\",\"name\":\"43 personas est\u00e1n visitando hoy las fortificaciones de Pamplona dentro de un viaje organizado por \u2018The Fortress Study Group\u2019\",\"isPartOf\":{\"@id\":\"https:\\\/\\\/www.laguiadepamplona.com\\\/actualidad\\\/#website\"},\"primaryImageOfPage\":{\"@id\":\"https:\\\/\\\/www.laguiadepamplona.com\\\/actualidad\\\/43-personas-estan-visitando-hoy-las-fortificaciones-de-pamplona-dentro-de-un-viaje-organizado-por-the-fortress-study-group\\\/#primaryimage\"},\"image\":{\"@id\":\"https:\\\/\\\/www.laguiadepamplona.com\\\/actualidad\\\/43-personas-estan-visitando-hoy-las-fortificaciones-de-pamplona-dentro-de-un-viaje-organizado-por-the-fortress-study-group\\\/#primaryimage\"},\"thumbnailUrl\":\"\",\"datePublished\":\"2014-06-11T16:18:51+00:00\",\"breadcrumb\":{\"@id\":\"https:\\\/\\\/www.laguiadepamplona.com\\\/actualidad\\\/43-personas-estan-visitando-hoy-las-fortificaciones-de-pamplona-dentro-de-un-viaje-organizado-por-the-fortress-study-group\\\/#breadcrumb\"},\"inLanguage\":\"es\",\"potentialAction\":[{\"@type\":\"ReadAction\",\"target\":[\"https:\\\/\\\/www.laguiadepamplona.com\\\/actualidad\\\/43-personas-estan-visitando-hoy-las-fortificaciones-de-pamplona-dentro-de-un-viaje-organizado-por-the-fortress-study-group\\\/\"]}]},{\"@type\":\"ImageObject\",\"inLanguage\":\"es\",\"@id\":\"https:\\\/\\\/www.laguiadepamplona.com\\\/actualidad\\\/43-personas-estan-visitando-hoy-las-fortificaciones-de-pamplona-dentro-de-un-viaje-organizado-por-the-fortress-study-group\\\/#primaryimage\",\"url\":\"\",\"contentUrl\":\"\"},{\"@type\":\"BreadcrumbList\",\"@id\":\"https:\\\/\\\/www.laguiadepamplona.com\\\/actualidad\\\/43-personas-estan-visitando-hoy-las-fortificaciones-de-pamplona-dentro-de-un-viaje-organizado-por-the-fortress-study-group\\\/#breadcrumb\",\"itemListElement\":[{\"@type\":\"ListItem\",\"position\":1,\"name\":\"Portada\",\"item\":\"https:\\\/\\\/www.laguiadepamplona.com\\\/actualidad\\\/\"},{\"@type\":\"ListItem\",\"position\":2,\"name\":\"43 personas est\u00e1n visitando hoy las fortificaciones de Pamplona dentro de un viaje organizado por \u2018The Fortress Study Group\u2019\"}]},{\"@type\":\"WebSite\",\"@id\":\"https:\\\/\\\/www.laguiadepamplona.com\\\/actualidad\\\/#website\",\"url\":\"https:\\\/\\\/www.laguiadepamplona.com\\\/actualidad\\\/\",\"name\":\"La gu\u00eda de Pamplona\",\"description\":\"Noticias de Pamplona\",\"publisher\":{\"@id\":\"https:\\\/\\\/www.laguiadepamplona.com\\\/actualidad\\\/#organization\"},\"potentialAction\":[{\"@type\":\"SearchAction\",\"target\":{\"@type\":\"EntryPoint\",\"urlTemplate\":\"https:\\\/\\\/www.laguiadepamplona.com\\\/actualidad\\\/?s={search_term_string}\"},\"query-input\":{\"@type\":\"PropertyValueSpecification\",\"valueRequired\":true,\"valueName\":\"search_term_string\"}}],\"inLanguage\":\"es\"},{\"@type\":\"Organization\",\"@id\":\"https:\\\/\\\/www.laguiadepamplona.com\\\/actualidad\\\/#organization\",\"name\":\"La Gu\u00eda de Pamplona \\\/ Noticias\",\"url\":\"https:\\\/\\\/www.laguiadepamplona.com\\\/actualidad\\\/\",\"logo\":{\"@type\":\"ImageObject\",\"inLanguage\":\"es\",\"@id\":\"https:\\\/\\\/www.laguiadepamplona.com\\\/actualidad\\\/#\\\/schema\\\/logo\\\/image\\\/\",\"url\":\"https:\\\/\\\/www.laguiadepamplona.com\\\/actualidad\\\/wp-content\\\/uploads\\\/2018\\\/11\\\/logo-laguiadepamplona18-web1.png\",\"contentUrl\":\"https:\\\/\\\/www.laguiadepamplona.com\\\/actualidad\\\/wp-content\\\/uploads\\\/2018\\\/11\\\/logo-laguiadepamplona18-web1.png\",\"width\":600,\"height\":196,\"caption\":\"La Gu\u00eda de Pamplona \\\/ Noticias\"},\"image\":{\"@id\":\"https:\\\/\\\/www.laguiadepamplona.com\\\/actualidad\\\/#\\\/schema\\\/logo\\\/image\\\/\"},\"sameAs\":[\"https:\\\/\\\/www.facebook.com\\\/laguiadepamplonacom-133175176762273\\\/?ref=hl\",\"https:\\\/\\\/x.com\\\/LaGuiadPamplona\",\"https:\\\/\\\/www.instagram.com\\\/la_guia_de_pamplona\\\/\",\"https:\\\/\\\/www.youtube.com\\\/user\\\/laguiadepamplona\"]},{\"@type\":\"Person\",\"@id\":\"https:\\\/\\\/www.laguiadepamplona.com\\\/actualidad\\\/#\\\/schema\\\/person\\\/efe887376f0213d4657c93adc50b1fdb\",\"name\":\"La Gu\u00eda de Pamplona\",\"image\":{\"@type\":\"ImageObject\",\"inLanguage\":\"es\",\"@id\":\"https:\\\/\\\/secure.gravatar.com\\\/avatar\\\/b6992f131dc8d30ab0dff15446e9d346d9dbd95992de0fef795073f5ea83a81c?s=96&d=mm&r=g\",\"url\":\"https:\\\/\\\/secure.gravatar.com\\\/avatar\\\/b6992f131dc8d30ab0dff15446e9d346d9dbd95992de0fef795073f5ea83a81c?s=96&d=mm&r=g\",\"contentUrl\":\"https:\\\/\\\/secure.gravatar.com\\\/avatar\\\/b6992f131dc8d30ab0dff15446e9d346d9dbd95992de0fef795073f5ea83a81c?s=96&d=mm&r=g\",\"caption\":\"La Gu\u00eda de Pamplona\"}}]}<\/script>\n<!-- \/ Yoast SEO plugin. -->","yoast_head_json":{"title":"43 personas est\u00e1n visitando hoy las fortificaciones de Pamplona dentro de un viaje organizado por \u2018The Fortress Study Group\u2019","robots":{"index":"index","follow":"follow","max-snippet":"max-snippet:-1","max-image-preview":"max-image-preview:large","max-video-preview":"max-video-preview:-1"},"canonical":"https:\/\/www.laguiadepamplona.com\/actualidad\/43-personas-estan-visitando-hoy-las-fortificaciones-de-pamplona-dentro-de-un-viaje-organizado-por-the-fortress-study-group\/","og_locale":"es_ES","og_type":"article","og_title":"43 personas est\u00e1n visitando hoy las fortificaciones de Pamplona dentro de un viaje organizado por \u2018The Fortress Study Group\u2019","og_description":"Durante cuatro d\u00edas estos expertos internacionales tendr\u00e1n como base de sus visitas la capital navarra, hasta su marcha el pr\u00f3ximo 14 de junio En 2012 vino a Pamplona una avanzadilla...","og_url":"https:\/\/www.laguiadepamplona.com\/actualidad\/43-personas-estan-visitando-hoy-las-fortificaciones-de-pamplona-dentro-de-un-viaje-organizado-por-the-fortress-study-group\/","og_site_name":"La Gu\u00eda de Pamplona","article_publisher":"https:\/\/www.facebook.com\/laguiadepamplonacom-133175176762273\/?ref=hl","article_published_time":"2014-06-11T16:18:51+00:00","author":"La Gu\u00eda de Pamplona","twitter_card":"summary_large_image","twitter_creator":"@LaGuiadPamplona","twitter_site":"@LaGuiadPamplona","twitter_misc":{"Escrito por":"La Gu\u00eda de Pamplona","Tiempo de lectura":"3 minutos"},"schema":{"@context":"https:\/\/schema.org","@graph":[{"@type":"Article","@id":"https:\/\/www.laguiadepamplona.com\/actualidad\/43-personas-estan-visitando-hoy-las-fortificaciones-de-pamplona-dentro-de-un-viaje-organizado-por-the-fortress-study-group\/#article","isPartOf":{"@id":"https:\/\/www.laguiadepamplona.com\/actualidad\/43-personas-estan-visitando-hoy-las-fortificaciones-de-pamplona-dentro-de-un-viaje-organizado-por-the-fortress-study-group\/"},"author":{"name":"La Gu\u00eda de Pamplona","@id":"https:\/\/www.laguiadepamplona.com\/actualidad\/#\/schema\/person\/efe887376f0213d4657c93adc50b1fdb"},"headline":"43 personas est\u00e1n visitando hoy las fortificaciones de Pamplona dentro de un viaje organizado por \u2018The Fortress Study Group\u2019","datePublished":"2014-06-11T16:18:51+00:00","mainEntityOfPage":{"@id":"https:\/\/www.laguiadepamplona.com\/actualidad\/43-personas-estan-visitando-hoy-las-fortificaciones-de-pamplona-dentro-de-un-viaje-organizado-por-the-fortress-study-group\/"},"wordCount":595,"commentCount":0,"publisher":{"@id":"https:\/\/www.laguiadepamplona.com\/actualidad\/#organization"},"image":{"@id":"https:\/\/www.laguiadepamplona.com\/actualidad\/43-personas-estan-visitando-hoy-las-fortificaciones-de-pamplona-dentro-de-un-viaje-organizado-por-the-fortress-study-group\/#primaryimage"},"thumbnailUrl":"","keywords":["43 personas","actualidad","ayto pamplona","Ayuntamiento de Pamplona","fortificaciones","noticias","pamplona","The Fortress Study Group","visitando"],"articleSection":["Ayto Pamplona"],"inLanguage":"es","potentialAction":[{"@type":"CommentAction","name":"Comment","target":["https:\/\/www.laguiadepamplona.com\/actualidad\/43-personas-estan-visitando-hoy-las-fortificaciones-de-pamplona-dentro-de-un-viaje-organizado-por-the-fortress-study-group\/#respond"]}]},{"@type":"WebPage","@id":"https:\/\/www.laguiadepamplona.com\/actualidad\/43-personas-estan-visitando-hoy-las-fortificaciones-de-pamplona-dentro-de-un-viaje-organizado-por-the-fortress-study-group\/","url":"https:\/\/www.laguiadepamplona.com\/actualidad\/43-personas-estan-visitando-hoy-las-fortificaciones-de-pamplona-dentro-de-un-viaje-organizado-por-the-fortress-study-group\/","name":"43 personas est\u00e1n visitando hoy las fortificaciones de Pamplona dentro de un viaje organizado por \u2018The Fortress Study Group\u2019","isPartOf":{"@id":"https:\/\/www.laguiadepamplona.com\/actualidad\/#website"},"primaryImageOfPage":{"@id":"https:\/\/www.laguiadepamplona.com\/actualidad\/43-personas-estan-visitando-hoy-las-fortificaciones-de-pamplona-dentro-de-un-viaje-organizado-por-the-fortress-study-group\/#primaryimage"},"image":{"@id":"https:\/\/www.laguiadepamplona.com\/actualidad\/43-personas-estan-visitando-hoy-las-fortificaciones-de-pamplona-dentro-de-un-viaje-organizado-por-the-fortress-study-group\/#primaryimage"},"thumbnailUrl":"","datePublished":"2014-06-11T16:18:51+00:00","breadcrumb":{"@id":"https:\/\/www.laguiadepamplona.com\/actualidad\/43-personas-estan-visitando-hoy-las-fortificaciones-de-pamplona-dentro-de-un-viaje-organizado-por-the-fortress-study-group\/#breadcrumb"},"inLanguage":"es","potentialAction":[{"@type":"ReadAction","target":["https:\/\/www.laguiadepamplona.com\/actualidad\/43-personas-estan-visitando-hoy-las-fortificaciones-de-pamplona-dentro-de-un-viaje-organizado-por-the-fortress-study-group\/"]}]},{"@type":"ImageObject","inLanguage":"es","@id":"https:\/\/www.laguiadepamplona.com\/actualidad\/43-personas-estan-visitando-hoy-las-fortificaciones-de-pamplona-dentro-de-un-viaje-organizado-por-the-fortress-study-group\/#primaryimage","url":"","contentUrl":""},{"@type":"BreadcrumbList","@id":"https:\/\/www.laguiadepamplona.com\/actualidad\/43-personas-estan-visitando-hoy-las-fortificaciones-de-pamplona-dentro-de-un-viaje-organizado-por-the-fortress-study-group\/#breadcrumb","itemListElement":[{"@type":"ListItem","position":1,"name":"Portada","item":"https:\/\/www.laguiadepamplona.com\/actualidad\/"},{"@type":"ListItem","position":2,"name":"43 personas est\u00e1n visitando hoy las fortificaciones de Pamplona dentro de un viaje organizado por \u2018The Fortress Study Group\u2019"}]},{"@type":"WebSite","@id":"https:\/\/www.laguiadepamplona.com\/actualidad\/#website","url":"https:\/\/www.laguiadepamplona.com\/actualidad\/","name":"La gu\u00eda de Pamplona","description":"Noticias de Pamplona","publisher":{"@id":"https:\/\/www.laguiadepamplona.com\/actualidad\/#organization"},"potentialAction":[{"@type":"SearchAction","target":{"@type":"EntryPoint","urlTemplate":"https:\/\/www.laguiadepamplona.com\/actualidad\/?s={search_term_string}"},"query-input":{"@type":"PropertyValueSpecification","valueRequired":true,"valueName":"search_term_string"}}],"inLanguage":"es"},{"@type":"Organization","@id":"https:\/\/www.laguiadepamplona.com\/actualidad\/#organization","name":"La Gu\u00eda de Pamplona \/ Noticias","url":"https:\/\/www.laguiadepamplona.com\/actualidad\/","logo":{"@type":"ImageObject","inLanguage":"es","@id":"https:\/\/www.laguiadepamplona.com\/actualidad\/#\/schema\/logo\/image\/","url":"https:\/\/www.laguiadepamplona.com\/actualidad\/wp-content\/uploads\/2018\/11\/logo-laguiadepamplona18-web1.png","contentUrl":"https:\/\/www.laguiadepamplona.com\/actualidad\/wp-content\/uploads\/2018\/11\/logo-laguiadepamplona18-web1.png","width":600,"height":196,"caption":"La Gu\u00eda de Pamplona \/ Noticias"},"image":{"@id":"https:\/\/www.laguiadepamplona.com\/actualidad\/#\/schema\/logo\/image\/"},"sameAs":["https:\/\/www.facebook.com\/laguiadepamplonacom-133175176762273\/?ref=hl","https:\/\/x.com\/LaGuiadPamplona","https:\/\/www.instagram.com\/la_guia_de_pamplona\/","https:\/\/www.youtube.com\/user\/laguiadepamplona"]},{"@type":"Person","@id":"https:\/\/www.laguiadepamplona.com\/actualidad\/#\/schema\/person\/efe887376f0213d4657c93adc50b1fdb","name":"La Gu\u00eda de Pamplona","image":{"@type":"ImageObject","inLanguage":"es","@id":"https:\/\/secure.gravatar.com\/avatar\/b6992f131dc8d30ab0dff15446e9d346d9dbd95992de0fef795073f5ea83a81c?s=96&d=mm&r=g","url":"https:\/\/secure.gravatar.com\/avatar\/b6992f131dc8d30ab0dff15446e9d346d9dbd95992de0fef795073f5ea83a81c?s=96&d=mm&r=g","contentUrl":"https:\/\/secure.gravatar.com\/avatar\/b6992f131dc8d30ab0dff15446e9d346d9dbd95992de0fef795073f5ea83a81c?s=96&d=mm&r=g","caption":"La Gu\u00eda de Pamplona"}}]}},"post_mailing_queue_ids":[],"_links":{"self":[{"href":"https:\/\/www.laguiadepamplona.com\/actualidad\/wp-json\/wp\/v2\/posts\/1945","targetHints":{"allow":["GET"]}}],"collection":[{"href":"https:\/\/www.laguiadepamplona.com\/actualidad\/wp-json\/wp\/v2\/posts"}],"about":[{"href":"https:\/\/www.laguiadepamplona.com\/actualidad\/wp-json\/wp\/v2\/types\/post"}],"author":[{"embeddable":true,"href":"https:\/\/www.laguiadepamplona.com\/actualidad\/wp-json\/wp\/v2\/users\/1"}],"replies":[{"embeddable":true,"href":"https:\/\/www.laguiadepamplona.com\/actualidad\/wp-json\/wp\/v2\/comments?post=1945"}],"version-history":[{"count":0,"href":"https:\/\/www.laguiadepamplona.com\/actualidad\/wp-json\/wp\/v2\/posts\/1945\/revisions"}],"wp:featuredmedia":[{"embeddable":true,"href":"https:\/\/www.laguiadepamplona.com\/actualidad\/wp-json\/"}],"wp:attachment":[{"href":"https:\/\/www.laguiadepamplona.com\/actualidad\/wp-json\/wp\/v2\/media?parent=1945"}],"wp:term":[{"taxonomy":"category","embeddable":true,"href":"https:\/\/www.laguiadepamplona.com\/actualidad\/wp-json\/wp\/v2\/categories?post=1945"},{"taxonomy":"post_tag","embeddable":true,"href":"https:\/\/www.laguiadepamplona.com\/actualidad\/wp-json\/wp\/v2\/tags?post=1945"}],"curies":[{"name":"wp","href":"https:\/\/api.w.org\/{rel}","templated":true}]}}