{"id":19442,"date":"2018-11-19T13:38:38","date_gmt":"2018-11-19T11:38:38","guid":{"rendered":"https:\/\/www.laguiadepamplona.es\/actualidad\/?p=19442"},"modified":"2018-11-19T13:38:38","modified_gmt":"2018-11-19T11:38:38","slug":"el-ayuntamiento-de-pamplona-se-solidariza-con-los-autores-del-documental-a-sus-muertos-grabado-en-la-cripta-del-monumento-a-los-caidos","status":"publish","type":"post","link":"https:\/\/www.laguiadepamplona.com\/actualidad\/el-ayuntamiento-de-pamplona-se-solidariza-con-los-autores-del-documental-a-sus-muertos-grabado-en-la-cripta-del-monumento-a-los-caidos\/","title":{"rendered":"El Ayuntamiento de Pamplona se solidariza con los autores del documental \u2018A sus muertos\u2019 grabado en la cripta del Monumento a los Ca\u00eddos"},"content":{"rendered":"<p><!--more--><\/p>\n<p class=\"Textonota\">La Comisi\u00f3n de Presidencia del Ayuntamiento de Pamplona ha aprobado en su sesi\u00f3n de hoy una declaraci\u00f3n de solidaridad con Clemente Bernad y Carolina Mart\u00ednez, autores del documental \u2018A sus muertos\u2019 para cuya realizaci\u00f3n tomaron im\u00e1genes en la cripta del Monumento a los Ca\u00eddos, hecho por el que est\u00e1n siendo juzgados por un presunto delito de revelaci\u00f3n de secretos.<\/p>\n<p class=\"Textonota\">El texto propuesto ha sido aprobado por puntos. El primero y el quinto punto han sido apoyados por 7 votos a favor (EH Bildu, Geroa Bai, PSN, Aranzadi e IE) y 4 en contra (UPN). En el primero, el Ayuntamiento \u201cmanifiesta su solidaridad con Carolina Mart\u00ednez y Clemente Bernad, cuya labor de investigaci\u00f3n se ha visto criminalizada, anteponiendo la protecci\u00f3n de la intimidad de los verdugos al derecho de la ciudadan\u00eda a conocer la verdad, la historia, as\u00ed como la sociolog\u00eda de la ciudad de Pamplona\u201d. En el quinto punto, se recoge que el Ayuntamiento \u201ciniciar\u00e1 con car\u00e1cter inmediato el proceso para recuperar para el Ayuntamiento el uso de la cripta del Monumento a los Ca\u00eddos, actualmente cedida al Arzobispado de Pamplona, para proceder a su clausura, impidiendo as\u00ed los continuos actos de enaltecimiento del franquismo y humillaci\u00f3n de sus v\u00edctimas\u201d.<\/p>\n<p class=\"Textonota\">En el segundo y el tercer punto, aprobados por 6 votos a favor (Bildu, Geroa Bai, Aranzadi e IE), 4 en contra (UPN) y una abstenci\u00f3n (PSN), el Ayuntamiento \u201cse opone a la persecuci\u00f3n judicial de quienes realizan su trabajo de investigaci\u00f3n sobre episodios vinculados a la memoria hist\u00f3rica, en el marco del derecho constitucional y la libertad de expresi\u00f3n\u201d. Asimismo, \u201creitera su rechazo a la politizaci\u00f3n de la justicia, avala la legitimaci\u00f3n activa de la Hermandad de los Caballeros Voluntarios de la Cruz, creada en 1939 por excombatientes requet\u00e9s para \u2018mantener \u00edntegramente y con agresividad si fuera preciso, el esp\u00edritu que llev\u00f3 a Navarra a la Cruzada por Dios y por Espa\u00f1a\u2019 y por cuyo objeto deber\u00eda estar ilegalizada en una sociedad democr\u00e1tica, tal y como ha denunciado la Asociaci\u00f3n para la Recuperaci\u00f3n de la Memoria Hist\u00f3rica (ARMH)\u201d.<\/p>\n<p class=\"Textonota\">Asimismo, la Comisi\u00f3n de Presidencia ha aprobado por unanimidad uno de los puntos, el cuarto de la propuesta. En \u00e9l, el Ayuntamiento de Pamplona \u201cexpresa su compromiso con el cumplimiento de las leyes de memoria hist\u00f3rica que garanticen la verdad, justicia y reparaci\u00f3n de la ciudadan\u00eda navarra y la no-connivencia con cualquier tipo de acto de enaltecimiento del franquismo que suponga un ataque de la dignidad de sus v\u00edctimas\u201d.<\/p>\n<p><a href=\"https:\/\/www.laguiadepamplona.es\/actualidad\/wp-content\/uploads\/2018\/01\/pdf-icon-e1517413978947.png\"><img loading=\"lazy\" decoding=\"async\" class=\"wp-image-15937 alignnone\" src=\"https:\/\/www.laguiadepamplona.es\/actualidad\/wp-content\/uploads\/2018\/01\/pdf-icon-e1517413978947.png\" alt=\"\" width=\"25\" height=\"25\" \/><\/a><a href=\"https:\/\/www.laguiadepamplona.es\/actualidad\/wp-content\/uploads\/2018\/11\/18.11.19_CMP_Declaraci\u00f3n-Los-Ca\u00eddos.pdf\" target=\"_blank\" rel=\"noopener\">Declaraci\u00f3n Los Ca\u00eddos.pdf<\/a><\/p>\n","protected":false},"excerpt":{"rendered":"","protected":false},"author":1,"featured_media":17600,"comment_status":"open","ping_status":"closed","sticky":false,"template":"","format":"standard","meta":{"footnotes":""},"categories":[2],"tags":[],"class_list":["post-19442","post","type-post","status-publish","format-standard","has-post-thumbnail","hentry","category-ayuntamiento-pamplona"],"yoast_head":"<!-- This site is optimized with the Yoast SEO plugin v27.3 - https:\/\/yoast.com\/product\/yoast-seo-wordpress\/ -->\n<title>El Ayuntamiento de Pamplona se solidariza con los autores del documental \u2018A sus muertos\u2019 grabado en la cripta del Monumento a los Ca\u00eddos<\/title>\n<meta name=\"robots\" content=\"index, follow, max-snippet:-1, max-image-preview:large, max-video-preview:-1\" \/>\n<link rel=\"canonical\" href=\"https:\/\/www.laguiadepamplona.com\/actualidad\/el-ayuntamiento-de-pamplona-se-solidariza-con-los-autores-del-documental-a-sus-muertos-grabado-en-la-cripta-del-monumento-a-los-caidos\/\" \/>\n<meta property=\"og:locale\" content=\"es_ES\" \/>\n<meta property=\"og:type\" content=\"article\" \/>\n<meta property=\"og:title\" content=\"El Ayuntamiento de Pamplona se solidariza con los autores del documental \u2018A sus muertos\u2019 grabado en la cripta del Monumento a los Ca\u00eddos\" \/>\n<meta property=\"og:url\" content=\"https:\/\/www.laguiadepamplona.com\/actualidad\/el-ayuntamiento-de-pamplona-se-solidariza-con-los-autores-del-documental-a-sus-muertos-grabado-en-la-cripta-del-monumento-a-los-caidos\/\" \/>\n<meta property=\"og:site_name\" content=\"La Gu\u00eda de Pamplona\" \/>\n<meta property=\"article:publisher\" content=\"https:\/\/www.facebook.com\/laguiadepamplonacom-133175176762273\/?ref=hl\" \/>\n<meta property=\"article:published_time\" content=\"2018-11-19T11:38:38+00:00\" \/>\n<meta property=\"og:image\" content=\"https:\/\/www.laguiadepamplona.com\/actualidad\/wp-content\/uploads\/2018\/05\/ayto-pamplona-3.jpg\" \/>\n\t<meta property=\"og:image:width\" content=\"1000\" \/>\n\t<meta property=\"og:image:height\" content=\"555\" \/>\n\t<meta property=\"og:image:type\" content=\"image\/jpeg\" \/>\n<meta name=\"author\" content=\"La Gu\u00eda de Pamplona\" \/>\n<meta name=\"twitter:card\" content=\"summary_large_image\" \/>\n<meta name=\"twitter:creator\" content=\"@LaGuiadPamplona\" \/>\n<meta name=\"twitter:site\" content=\"@LaGuiadPamplona\" \/>\n<meta name=\"twitter:label1\" content=\"Escrito por\" \/>\n\t<meta name=\"twitter:data1\" content=\"La Gu\u00eda de Pamplona\" \/>\n\t<meta name=\"twitter:label2\" content=\"Tiempo de lectura\" \/>\n\t<meta name=\"twitter:data2\" content=\"2 minutos\" \/>\n<script type=\"application\/ld+json\" class=\"yoast-schema-graph\">{\"@context\":\"https:\\\/\\\/schema.org\",\"@graph\":[{\"@type\":\"Article\",\"@id\":\"https:\\\/\\\/www.laguiadepamplona.com\\\/actualidad\\\/el-ayuntamiento-de-pamplona-se-solidariza-con-los-autores-del-documental-a-sus-muertos-grabado-en-la-cripta-del-monumento-a-los-caidos\\\/#article\",\"isPartOf\":{\"@id\":\"https:\\\/\\\/www.laguiadepamplona.com\\\/actualidad\\\/el-ayuntamiento-de-pamplona-se-solidariza-con-los-autores-del-documental-a-sus-muertos-grabado-en-la-cripta-del-monumento-a-los-caidos\\\/\"},\"author\":{\"name\":\"La Gu\u00eda de Pamplona\",\"@id\":\"https:\\\/\\\/www.laguiadepamplona.com\\\/actualidad\\\/#\\\/schema\\\/person\\\/efe887376f0213d4657c93adc50b1fdb\"},\"headline\":\"El Ayuntamiento de Pamplona se solidariza con los autores del documental \u2018A sus muertos\u2019 grabado en la cripta del Monumento a los Ca\u00eddos\",\"datePublished\":\"2018-11-19T11:38:38+00:00\",\"mainEntityOfPage\":{\"@id\":\"https:\\\/\\\/www.laguiadepamplona.com\\\/actualidad\\\/el-ayuntamiento-de-pamplona-se-solidariza-con-los-autores-del-documental-a-sus-muertos-grabado-en-la-cripta-del-monumento-a-los-caidos\\\/\"},\"wordCount\":471,\"commentCount\":0,\"publisher\":{\"@id\":\"https:\\\/\\\/www.laguiadepamplona.com\\\/actualidad\\\/#organization\"},\"image\":{\"@id\":\"https:\\\/\\\/www.laguiadepamplona.com\\\/actualidad\\\/el-ayuntamiento-de-pamplona-se-solidariza-con-los-autores-del-documental-a-sus-muertos-grabado-en-la-cripta-del-monumento-a-los-caidos\\\/#primaryimage\"},\"thumbnailUrl\":\"https:\\\/\\\/www.laguiadepamplona.com\\\/actualidad\\\/wp-content\\\/uploads\\\/2018\\\/05\\\/ayto-pamplona-3.jpg\",\"articleSection\":[\"Ayto Pamplona\"],\"inLanguage\":\"es\",\"potentialAction\":[{\"@type\":\"CommentAction\",\"name\":\"Comment\",\"target\":[\"https:\\\/\\\/www.laguiadepamplona.com\\\/actualidad\\\/el-ayuntamiento-de-pamplona-se-solidariza-con-los-autores-del-documental-a-sus-muertos-grabado-en-la-cripta-del-monumento-a-los-caidos\\\/#respond\"]}]},{\"@type\":\"WebPage\",\"@id\":\"https:\\\/\\\/www.laguiadepamplona.com\\\/actualidad\\\/el-ayuntamiento-de-pamplona-se-solidariza-con-los-autores-del-documental-a-sus-muertos-grabado-en-la-cripta-del-monumento-a-los-caidos\\\/\",\"url\":\"https:\\\/\\\/www.laguiadepamplona.com\\\/actualidad\\\/el-ayuntamiento-de-pamplona-se-solidariza-con-los-autores-del-documental-a-sus-muertos-grabado-en-la-cripta-del-monumento-a-los-caidos\\\/\",\"name\":\"El Ayuntamiento de Pamplona se solidariza con los autores del documental \u2018A sus muertos\u2019 grabado en la cripta del Monumento a los Ca\u00eddos\",\"isPartOf\":{\"@id\":\"https:\\\/\\\/www.laguiadepamplona.com\\\/actualidad\\\/#website\"},\"primaryImageOfPage\":{\"@id\":\"https:\\\/\\\/www.laguiadepamplona.com\\\/actualidad\\\/el-ayuntamiento-de-pamplona-se-solidariza-con-los-autores-del-documental-a-sus-muertos-grabado-en-la-cripta-del-monumento-a-los-caidos\\\/#primaryimage\"},\"image\":{\"@id\":\"https:\\\/\\\/www.laguiadepamplona.com\\\/actualidad\\\/el-ayuntamiento-de-pamplona-se-solidariza-con-los-autores-del-documental-a-sus-muertos-grabado-en-la-cripta-del-monumento-a-los-caidos\\\/#primaryimage\"},\"thumbnailUrl\":\"https:\\\/\\\/www.laguiadepamplona.com\\\/actualidad\\\/wp-content\\\/uploads\\\/2018\\\/05\\\/ayto-pamplona-3.jpg\",\"datePublished\":\"2018-11-19T11:38:38+00:00\",\"breadcrumb\":{\"@id\":\"https:\\\/\\\/www.laguiadepamplona.com\\\/actualidad\\\/el-ayuntamiento-de-pamplona-se-solidariza-con-los-autores-del-documental-a-sus-muertos-grabado-en-la-cripta-del-monumento-a-los-caidos\\\/#breadcrumb\"},\"inLanguage\":\"es\",\"potentialAction\":[{\"@type\":\"ReadAction\",\"target\":[\"https:\\\/\\\/www.laguiadepamplona.com\\\/actualidad\\\/el-ayuntamiento-de-pamplona-se-solidariza-con-los-autores-del-documental-a-sus-muertos-grabado-en-la-cripta-del-monumento-a-los-caidos\\\/\"]}]},{\"@type\":\"ImageObject\",\"inLanguage\":\"es\",\"@id\":\"https:\\\/\\\/www.laguiadepamplona.com\\\/actualidad\\\/el-ayuntamiento-de-pamplona-se-solidariza-con-los-autores-del-documental-a-sus-muertos-grabado-en-la-cripta-del-monumento-a-los-caidos\\\/#primaryimage\",\"url\":\"https:\\\/\\\/www.laguiadepamplona.com\\\/actualidad\\\/wp-content\\\/uploads\\\/2018\\\/05\\\/ayto-pamplona-3.jpg\",\"contentUrl\":\"https:\\\/\\\/www.laguiadepamplona.com\\\/actualidad\\\/wp-content\\\/uploads\\\/2018\\\/05\\\/ayto-pamplona-3.jpg\",\"width\":1000,\"height\":555},{\"@type\":\"BreadcrumbList\",\"@id\":\"https:\\\/\\\/www.laguiadepamplona.com\\\/actualidad\\\/el-ayuntamiento-de-pamplona-se-solidariza-con-los-autores-del-documental-a-sus-muertos-grabado-en-la-cripta-del-monumento-a-los-caidos\\\/#breadcrumb\",\"itemListElement\":[{\"@type\":\"ListItem\",\"position\":1,\"name\":\"Portada\",\"item\":\"https:\\\/\\\/www.laguiadepamplona.com\\\/actualidad\\\/\"},{\"@type\":\"ListItem\",\"position\":2,\"name\":\"El Ayuntamiento de Pamplona se solidariza con los autores del documental \u2018A sus muertos\u2019 grabado en la cripta del Monumento a los Ca\u00eddos\"}]},{\"@type\":\"WebSite\",\"@id\":\"https:\\\/\\\/www.laguiadepamplona.com\\\/actualidad\\\/#website\",\"url\":\"https:\\\/\\\/www.laguiadepamplona.com\\\/actualidad\\\/\",\"name\":\"La gu\u00eda de Pamplona\",\"description\":\"Noticias de Pamplona\",\"publisher\":{\"@id\":\"https:\\\/\\\/www.laguiadepamplona.com\\\/actualidad\\\/#organization\"},\"potentialAction\":[{\"@type\":\"SearchAction\",\"target\":{\"@type\":\"EntryPoint\",\"urlTemplate\":\"https:\\\/\\\/www.laguiadepamplona.com\\\/actualidad\\\/?s={search_term_string}\"},\"query-input\":{\"@type\":\"PropertyValueSpecification\",\"valueRequired\":true,\"valueName\":\"search_term_string\"}}],\"inLanguage\":\"es\"},{\"@type\":\"Organization\",\"@id\":\"https:\\\/\\\/www.laguiadepamplona.com\\\/actualidad\\\/#organization\",\"name\":\"La Gu\u00eda de Pamplona \\\/ Noticias\",\"url\":\"https:\\\/\\\/www.laguiadepamplona.com\\\/actualidad\\\/\",\"logo\":{\"@type\":\"ImageObject\",\"inLanguage\":\"es\",\"@id\":\"https:\\\/\\\/www.laguiadepamplona.com\\\/actualidad\\\/#\\\/schema\\\/logo\\\/image\\\/\",\"url\":\"https:\\\/\\\/www.laguiadepamplona.com\\\/actualidad\\\/wp-content\\\/uploads\\\/2018\\\/11\\\/logo-laguiadepamplona18-web1.png\",\"contentUrl\":\"https:\\\/\\\/www.laguiadepamplona.com\\\/actualidad\\\/wp-content\\\/uploads\\\/2018\\\/11\\\/logo-laguiadepamplona18-web1.png\",\"width\":600,\"height\":196,\"caption\":\"La Gu\u00eda de Pamplona \\\/ Noticias\"},\"image\":{\"@id\":\"https:\\\/\\\/www.laguiadepamplona.com\\\/actualidad\\\/#\\\/schema\\\/logo\\\/image\\\/\"},\"sameAs\":[\"https:\\\/\\\/www.facebook.com\\\/laguiadepamplonacom-133175176762273\\\/?ref=hl\",\"https:\\\/\\\/x.com\\\/LaGuiadPamplona\",\"https:\\\/\\\/www.instagram.com\\\/la_guia_de_pamplona\\\/\",\"https:\\\/\\\/www.youtube.com\\\/user\\\/laguiadepamplona\"]},{\"@type\":\"Person\",\"@id\":\"https:\\\/\\\/www.laguiadepamplona.com\\\/actualidad\\\/#\\\/schema\\\/person\\\/efe887376f0213d4657c93adc50b1fdb\",\"name\":\"La Gu\u00eda de Pamplona\",\"image\":{\"@type\":\"ImageObject\",\"inLanguage\":\"es\",\"@id\":\"https:\\\/\\\/secure.gravatar.com\\\/avatar\\\/b6992f131dc8d30ab0dff15446e9d346d9dbd95992de0fef795073f5ea83a81c?s=96&d=mm&r=g\",\"url\":\"https:\\\/\\\/secure.gravatar.com\\\/avatar\\\/b6992f131dc8d30ab0dff15446e9d346d9dbd95992de0fef795073f5ea83a81c?s=96&d=mm&r=g\",\"contentUrl\":\"https:\\\/\\\/secure.gravatar.com\\\/avatar\\\/b6992f131dc8d30ab0dff15446e9d346d9dbd95992de0fef795073f5ea83a81c?s=96&d=mm&r=g\",\"caption\":\"La Gu\u00eda de Pamplona\"}}]}<\/script>\n<!-- \/ Yoast SEO plugin. -->","yoast_head_json":{"title":"El Ayuntamiento de Pamplona se solidariza con los autores del documental \u2018A sus muertos\u2019 grabado en la cripta del Monumento a los Ca\u00eddos","robots":{"index":"index","follow":"follow","max-snippet":"max-snippet:-1","max-image-preview":"max-image-preview:large","max-video-preview":"max-video-preview:-1"},"canonical":"https:\/\/www.laguiadepamplona.com\/actualidad\/el-ayuntamiento-de-pamplona-se-solidariza-con-los-autores-del-documental-a-sus-muertos-grabado-en-la-cripta-del-monumento-a-los-caidos\/","og_locale":"es_ES","og_type":"article","og_title":"El Ayuntamiento de Pamplona se solidariza con los autores del documental \u2018A sus muertos\u2019 grabado en la cripta del Monumento a los Ca\u00eddos","og_url":"https:\/\/www.laguiadepamplona.com\/actualidad\/el-ayuntamiento-de-pamplona-se-solidariza-con-los-autores-del-documental-a-sus-muertos-grabado-en-la-cripta-del-monumento-a-los-caidos\/","og_site_name":"La Gu\u00eda de Pamplona","article_publisher":"https:\/\/www.facebook.com\/laguiadepamplonacom-133175176762273\/?ref=hl","article_published_time":"2018-11-19T11:38:38+00:00","og_image":[{"width":1000,"height":555,"url":"https:\/\/www.laguiadepamplona.com\/actualidad\/wp-content\/uploads\/2018\/05\/ayto-pamplona-3.jpg","type":"image\/jpeg"}],"author":"La Gu\u00eda de Pamplona","twitter_card":"summary_large_image","twitter_creator":"@LaGuiadPamplona","twitter_site":"@LaGuiadPamplona","twitter_misc":{"Escrito por":"La Gu\u00eda de Pamplona","Tiempo de lectura":"2 minutos"},"schema":{"@context":"https:\/\/schema.org","@graph":[{"@type":"Article","@id":"https:\/\/www.laguiadepamplona.com\/actualidad\/el-ayuntamiento-de-pamplona-se-solidariza-con-los-autores-del-documental-a-sus-muertos-grabado-en-la-cripta-del-monumento-a-los-caidos\/#article","isPartOf":{"@id":"https:\/\/www.laguiadepamplona.com\/actualidad\/el-ayuntamiento-de-pamplona-se-solidariza-con-los-autores-del-documental-a-sus-muertos-grabado-en-la-cripta-del-monumento-a-los-caidos\/"},"author":{"name":"La Gu\u00eda de Pamplona","@id":"https:\/\/www.laguiadepamplona.com\/actualidad\/#\/schema\/person\/efe887376f0213d4657c93adc50b1fdb"},"headline":"El Ayuntamiento de Pamplona se solidariza con los autores del documental \u2018A sus muertos\u2019 grabado en la cripta del Monumento a los Ca\u00eddos","datePublished":"2018-11-19T11:38:38+00:00","mainEntityOfPage":{"@id":"https:\/\/www.laguiadepamplona.com\/actualidad\/el-ayuntamiento-de-pamplona-se-solidariza-con-los-autores-del-documental-a-sus-muertos-grabado-en-la-cripta-del-monumento-a-los-caidos\/"},"wordCount":471,"commentCount":0,"publisher":{"@id":"https:\/\/www.laguiadepamplona.com\/actualidad\/#organization"},"image":{"@id":"https:\/\/www.laguiadepamplona.com\/actualidad\/el-ayuntamiento-de-pamplona-se-solidariza-con-los-autores-del-documental-a-sus-muertos-grabado-en-la-cripta-del-monumento-a-los-caidos\/#primaryimage"},"thumbnailUrl":"https:\/\/www.laguiadepamplona.com\/actualidad\/wp-content\/uploads\/2018\/05\/ayto-pamplona-3.jpg","articleSection":["Ayto Pamplona"],"inLanguage":"es","potentialAction":[{"@type":"CommentAction","name":"Comment","target":["https:\/\/www.laguiadepamplona.com\/actualidad\/el-ayuntamiento-de-pamplona-se-solidariza-con-los-autores-del-documental-a-sus-muertos-grabado-en-la-cripta-del-monumento-a-los-caidos\/#respond"]}]},{"@type":"WebPage","@id":"https:\/\/www.laguiadepamplona.com\/actualidad\/el-ayuntamiento-de-pamplona-se-solidariza-con-los-autores-del-documental-a-sus-muertos-grabado-en-la-cripta-del-monumento-a-los-caidos\/","url":"https:\/\/www.laguiadepamplona.com\/actualidad\/el-ayuntamiento-de-pamplona-se-solidariza-con-los-autores-del-documental-a-sus-muertos-grabado-en-la-cripta-del-monumento-a-los-caidos\/","name":"El Ayuntamiento de Pamplona se solidariza con los autores del documental \u2018A sus muertos\u2019 grabado en la cripta del Monumento a los Ca\u00eddos","isPartOf":{"@id":"https:\/\/www.laguiadepamplona.com\/actualidad\/#website"},"primaryImageOfPage":{"@id":"https:\/\/www.laguiadepamplona.com\/actualidad\/el-ayuntamiento-de-pamplona-se-solidariza-con-los-autores-del-documental-a-sus-muertos-grabado-en-la-cripta-del-monumento-a-los-caidos\/#primaryimage"},"image":{"@id":"https:\/\/www.laguiadepamplona.com\/actualidad\/el-ayuntamiento-de-pamplona-se-solidariza-con-los-autores-del-documental-a-sus-muertos-grabado-en-la-cripta-del-monumento-a-los-caidos\/#primaryimage"},"thumbnailUrl":"https:\/\/www.laguiadepamplona.com\/actualidad\/wp-content\/uploads\/2018\/05\/ayto-pamplona-3.jpg","datePublished":"2018-11-19T11:38:38+00:00","breadcrumb":{"@id":"https:\/\/www.laguiadepamplona.com\/actualidad\/el-ayuntamiento-de-pamplona-se-solidariza-con-los-autores-del-documental-a-sus-muertos-grabado-en-la-cripta-del-monumento-a-los-caidos\/#breadcrumb"},"inLanguage":"es","potentialAction":[{"@type":"ReadAction","target":["https:\/\/www.laguiadepamplona.com\/actualidad\/el-ayuntamiento-de-pamplona-se-solidariza-con-los-autores-del-documental-a-sus-muertos-grabado-en-la-cripta-del-monumento-a-los-caidos\/"]}]},{"@type":"ImageObject","inLanguage":"es","@id":"https:\/\/www.laguiadepamplona.com\/actualidad\/el-ayuntamiento-de-pamplona-se-solidariza-con-los-autores-del-documental-a-sus-muertos-grabado-en-la-cripta-del-monumento-a-los-caidos\/#primaryimage","url":"https:\/\/www.laguiadepamplona.com\/actualidad\/wp-content\/uploads\/2018\/05\/ayto-pamplona-3.jpg","contentUrl":"https:\/\/www.laguiadepamplona.com\/actualidad\/wp-content\/uploads\/2018\/05\/ayto-pamplona-3.jpg","width":1000,"height":555},{"@type":"BreadcrumbList","@id":"https:\/\/www.laguiadepamplona.com\/actualidad\/el-ayuntamiento-de-pamplona-se-solidariza-con-los-autores-del-documental-a-sus-muertos-grabado-en-la-cripta-del-monumento-a-los-caidos\/#breadcrumb","itemListElement":[{"@type":"ListItem","position":1,"name":"Portada","item":"https:\/\/www.laguiadepamplona.com\/actualidad\/"},{"@type":"ListItem","position":2,"name":"El Ayuntamiento de Pamplona se solidariza con los autores del documental \u2018A sus muertos\u2019 grabado en la cripta del Monumento a los Ca\u00eddos"}]},{"@type":"WebSite","@id":"https:\/\/www.laguiadepamplona.com\/actualidad\/#website","url":"https:\/\/www.laguiadepamplona.com\/actualidad\/","name":"La gu\u00eda de Pamplona","description":"Noticias de Pamplona","publisher":{"@id":"https:\/\/www.laguiadepamplona.com\/actualidad\/#organization"},"potentialAction":[{"@type":"SearchAction","target":{"@type":"EntryPoint","urlTemplate":"https:\/\/www.laguiadepamplona.com\/actualidad\/?s={search_term_string}"},"query-input":{"@type":"PropertyValueSpecification","valueRequired":true,"valueName":"search_term_string"}}],"inLanguage":"es"},{"@type":"Organization","@id":"https:\/\/www.laguiadepamplona.com\/actualidad\/#organization","name":"La Gu\u00eda de Pamplona \/ Noticias","url":"https:\/\/www.laguiadepamplona.com\/actualidad\/","logo":{"@type":"ImageObject","inLanguage":"es","@id":"https:\/\/www.laguiadepamplona.com\/actualidad\/#\/schema\/logo\/image\/","url":"https:\/\/www.laguiadepamplona.com\/actualidad\/wp-content\/uploads\/2018\/11\/logo-laguiadepamplona18-web1.png","contentUrl":"https:\/\/www.laguiadepamplona.com\/actualidad\/wp-content\/uploads\/2018\/11\/logo-laguiadepamplona18-web1.png","width":600,"height":196,"caption":"La Gu\u00eda de Pamplona \/ Noticias"},"image":{"@id":"https:\/\/www.laguiadepamplona.com\/actualidad\/#\/schema\/logo\/image\/"},"sameAs":["https:\/\/www.facebook.com\/laguiadepamplonacom-133175176762273\/?ref=hl","https:\/\/x.com\/LaGuiadPamplona","https:\/\/www.instagram.com\/la_guia_de_pamplona\/","https:\/\/www.youtube.com\/user\/laguiadepamplona"]},{"@type":"Person","@id":"https:\/\/www.laguiadepamplona.com\/actualidad\/#\/schema\/person\/efe887376f0213d4657c93adc50b1fdb","name":"La Gu\u00eda de Pamplona","image":{"@type":"ImageObject","inLanguage":"es","@id":"https:\/\/secure.gravatar.com\/avatar\/b6992f131dc8d30ab0dff15446e9d346d9dbd95992de0fef795073f5ea83a81c?s=96&d=mm&r=g","url":"https:\/\/secure.gravatar.com\/avatar\/b6992f131dc8d30ab0dff15446e9d346d9dbd95992de0fef795073f5ea83a81c?s=96&d=mm&r=g","contentUrl":"https:\/\/secure.gravatar.com\/avatar\/b6992f131dc8d30ab0dff15446e9d346d9dbd95992de0fef795073f5ea83a81c?s=96&d=mm&r=g","caption":"La Gu\u00eda de Pamplona"}}]}},"post_mailing_queue_ids":[],"_links":{"self":[{"href":"https:\/\/www.laguiadepamplona.com\/actualidad\/wp-json\/wp\/v2\/posts\/19442","targetHints":{"allow":["GET"]}}],"collection":[{"href":"https:\/\/www.laguiadepamplona.com\/actualidad\/wp-json\/wp\/v2\/posts"}],"about":[{"href":"https:\/\/www.laguiadepamplona.com\/actualidad\/wp-json\/wp\/v2\/types\/post"}],"author":[{"embeddable":true,"href":"https:\/\/www.laguiadepamplona.com\/actualidad\/wp-json\/wp\/v2\/users\/1"}],"replies":[{"embeddable":true,"href":"https:\/\/www.laguiadepamplona.com\/actualidad\/wp-json\/wp\/v2\/comments?post=19442"}],"version-history":[{"count":0,"href":"https:\/\/www.laguiadepamplona.com\/actualidad\/wp-json\/wp\/v2\/posts\/19442\/revisions"}],"wp:featuredmedia":[{"embeddable":true,"href":"https:\/\/www.laguiadepamplona.com\/actualidad\/wp-json\/wp\/v2\/media\/17600"}],"wp:attachment":[{"href":"https:\/\/www.laguiadepamplona.com\/actualidad\/wp-json\/wp\/v2\/media?parent=19442"}],"wp:term":[{"taxonomy":"category","embeddable":true,"href":"https:\/\/www.laguiadepamplona.com\/actualidad\/wp-json\/wp\/v2\/categories?post=19442"},{"taxonomy":"post_tag","embeddable":true,"href":"https:\/\/www.laguiadepamplona.com\/actualidad\/wp-json\/wp\/v2\/tags?post=19442"}],"curies":[{"name":"wp","href":"https:\/\/api.w.org\/{rel}","templated":true}]}}