{"id":19242,"date":"2018-11-02T14:17:41","date_gmt":"2018-11-02T12:17:41","guid":{"rendered":"https:\/\/www.laguiadepamplona.es\/actualidad\/?p=19242"},"modified":"2018-11-02T14:17:41","modified_gmt":"2018-11-02T12:17:41","slug":"movilidad-propone-un-nuevo-servicio-de-bicicleta-publica-operativo-24-horas-con-250-bicis-electricas-estaciones-en-todos-los-barrios-y-aspiracion-de-ser-metropolitano","status":"publish","type":"post","link":"https:\/\/www.laguiadepamplona.com\/actualidad\/movilidad-propone-un-nuevo-servicio-de-bicicleta-publica-operativo-24-horas-con-250-bicis-electricas-estaciones-en-todos-los-barrios-y-aspiracion-de-ser-metropolitano\/","title":{"rendered":"Movilidad propone un nuevo servicio de bicicleta p\u00fablica operativo 24 horas, con 250 bicis el\u00e9ctricas, estaciones en todos los barrios y aspiraci\u00f3n de ser metropolitano"},"content":{"rendered":"<h3>La propuesta implica un sistema de f\u00e1cil manejo, tarifas accesibles de 5 euros\/mes y que el 95% de hogares tenga el servicio a menos de 500 metros<\/h3>\n<p><!--more--><\/p>\n<p>El Servicio de Movilidad presentar\u00e1 el pr\u00f3ximo martes ante la Junta de Movilidad del Ayuntamiento de Pamplona su propuesta para crear un nuevo servicio de bicicleta p\u00fablico operativo 24 horas durante todo el a\u00f1o, con aspiraci\u00f3n a poder convertirse en un servicio metropolitano, con hasta 250 bicis todas ellas el\u00e9ctricas y con mayor n\u00famero de estaciones repartidas por todos los barrios de la ciudad. De esta manera se superar\u00edan las limitaciones del actual sistema de pr\u00e9stamo de bicicletas Nbici-Biziz como son el insuficiente n\u00famero de estaciones, el bajo n\u00famero de bicicletas, los horarios limitados que como m\u00e1ximo son de 7.30 a 22 horas, el escaso nivel t\u00e9cnico del sistema que emplea tecnolog\u00eda obsoleta y los modelos de bicicletas que impiden que sean utilizados por gran parte de la poblaci\u00f3n. Estos son los problemas que se han detectado respecto al actual servicio y que vienen reflejados en un informe de evaluaci\u00f3n realizado por t\u00e9cnicos del departamento de Movilidad que recomiendan el cambio de sistema.<\/p>\n<p>En el plano econ\u00f3mico, se estima que el coste m\u00e1ximo anual del nuevo servicio de bicicleta p\u00fablica propuesto supondr\u00eda unos 860.909 euros anuales. A este coste habr\u00eda que deducirle el ingreso por las tarifas de los usuarios y usuarias que el Servicio de Movilidad estima que pueden llegar a\u00a0 cubrir los costes anuales, de modo que el servicio pudiera tender a la autofinanciaci\u00f3n, sin que, de esta manera suponga ning\u00fan gasto para el ayuntamiento.<\/p>\n<p>En cuanto a la duraci\u00f3n del contrato, se trabajan dos opciones. Por una lado, un contrato de 3 a\u00f1os y la posibilidad de una pr\u00f3rroga de 2 m\u00e1s, aunque en este caso se dificultar\u00eda la ampliaci\u00f3n del servicio al resto de ayuntamientos de la comarca. Por otro lado, un contrato de\u00a0 una duraci\u00f3n de 5 a\u00f1os, a\u00f1adiendo la posibilidad de un servicio metropolitano.<\/p>\n<p><strong>De 5 a 20 bases repartidas por todos los barrios de la ciudad<\/strong><\/p>\n<p>Con la nueva propuesta en la mano, los cambios ser\u00edan importantes. En primer lugar el n\u00famero de bases en las que poder dejar o coger una bicicleta pasar\u00edan de 5 a 20 (un incremento del 300%) y repartidos en todos los barrios de la ciudad de manera que el 95% de la poblaci\u00f3n tendr\u00eda una estaci\u00f3n a menos de 500 metros de distancia desde su residencia. En segundo lugar el n\u00famero de bicicletas a disposici\u00f3n de la ciudadan\u00eda de Pamplona crecer\u00eda un 150% pasando de las 100 que contemplaba el actual servicio hasta las 250. Este incremento, tal y como plantea la propuesta que el \u00e1rea llevar\u00e1 el martes a la Junta de Movilidad, ser\u00eda solo en un primer momento ya que la cifra ser\u00eda susceptible de ser aumentada seg\u00fan sea el uso efectivo.<\/p>\n<p>Como tercera novedad, el servicio que contempla la propuesta estar\u00eda operativo las 24 horas del d\u00eda todo el a\u00f1o, excepto en fiestas de San Ferm\u00edn, donde el servicio se paralizar\u00eda y las bicicletas se recoger\u00edan. Finalmente y desde el punto de vista del rendimiento, la propuesta contempla que todas las bicicletas que se integraran en este servicio fueran el\u00e9ctricas, es decir, de pedaleo asistido, lo que facilitar\u00eda su uso por parte de cualquier persona, independientemente de la distancia que vaya a recorrer, su forma f\u00edsica y el desnivel del terreno, en una orograf\u00eda como la de Pamplona que cuenta con distintos desniveles entre los barrios y el centro de la ciudad. Adem\u00e1s, la propuesta contempla que las empresas puedan ofertar la instalaci\u00f3n y mantenimiento, a lo largo de todo el contrato, de un sistema de placas fotovoltaicas en las estaciones que suministren total o parcialmente la energ\u00eda necesaria.<\/p>\n<p><strong>Tarifas sociales para favorecer el uso de la bicicleta como medio de transporte<\/strong><\/p>\n<p>Esta iniciativa se pondr\u00eda en marcha teniendo en cuenta el Pacto de Movilidad Sostenible impulsado por el Ayuntamiento de Pamplona que quiere satisfacer las necesidades actuales sin comprometer para el futuro los recursos naturales existentes. Este servicio p\u00fablico de transporte individual permitir\u00eda a la ciudadan\u00eda disponer de bicicletas para la realizaci\u00f3n de sus desplazamientos habituales, eliminando limitaciones como la compra del veh\u00edculo, los problemas de aparcamiento en origen y en destino o los robos.<\/p>\n<p>Aunque en un principio este nuevo servicio Nbici-Biziz se circunscribir\u00eda al l\u00edmite del municipio, la propuesta contempla la posibilidad de extenderlo a otros municipios de la Comarca mediante la f\u00f3rmula de la encomienda de gesti\u00f3n.<\/p>\n<p>Respecto a las tarifas, la iniciativa del \u00e1rea de Movilidad contempla precios sociales que favorecieran el acceso de todas las personas. La base ser\u00eda un abono mensual cuyo coste ser\u00eda de 5 euros. El pago de esta tarifa dar\u00eda derecho al uso, sin pago adicional, de las bicicletas del servicio en trayectos de hasta 30 minutos, con la \u00fanica condici\u00f3n de que entre un dep\u00f3sito de una bicicleta y la retirada de otra pasen como m\u00ednimo, 5 minutos. A los usos superiores a 30 minutos se les impondr\u00edan pagos adicionales, tramificados seg\u00fan el tiempo de uso. Con todas estas nuevas medidas se quiere favorecer el uso habitual de la bicicleta para trayectos cortos y medios como medio de transporte p\u00fablico y no con car\u00e1cter de ocio.<\/p>\n<p>&nbsp;<\/p>\n<p><strong>Se crear\u00e1 tarjeta nominal y se podr\u00e1 operar con aplicaci\u00f3n m\u00f3vil, web o por tel\u00e9fono<\/strong><\/p>\n<p>Lo que busca la propuesta es que el nuevo sistema facilite adem\u00e1s el acceso al servicio de manera c\u00f3moda y sencilla en el uso de los elementos como el dep\u00f3sito y la retirada de bicicletas en las bases, en las gestiones que realizan las personas usuarias para darse de alta, de baja o con consultas o las operaciones econ\u00f3micas de abono. Las personas usuarias acceder\u00edan a las bicicletas mediante una tarjeta inteligente nominal o de una aplicaci\u00f3n smartphone, aplicaci\u00f3n que permitir\u00eda tambi\u00e9n el resto de las operaciones. Para darse de alta en el sistema quienes no quisieran hacerlo a trav\u00e9s del m\u00f3vil, contar\u00edan con una p\u00e1gina web o un n\u00famero de tel\u00e9fono gratuito.<\/p>\n<p>Las previsiones de Movilidad son que el futuro servicio Nbici-Biziz se adjudicar\u00eda en el mes de abril y que tras un periodo de implantaci\u00f3n de los elementos del servicio de 5 meses se pondr\u00eda en marcha en octubre o noviembre. A partir de esa fecha ser\u00eda gestionado a trav\u00e9s de la empresa que resulte adjudicataria del correspondiente contrato de asistencia. El objeto del contrato incluir\u00eda todos los elementos necesarios para el funcionamiento del servicio y su mantenimiento con la reposici\u00f3n de bicicletas y otros elementos que sufran aver\u00edas, vandalismo y\/o desapariciones.<\/p>\n<p><strong>El 75% de la ciudadan\u00eda, a favor de un servicio p\u00fablico de bicis<\/strong><\/p>\n<p>Para la propuesta de un servicio de bicicleta p\u00fablico, el \u00e1rea de Movilidad encarg\u00f3 un estudio de la demanda potencial de un nuevo servicio de Bicicleta p\u00fablica con encuestas a 404 personas que recoge que el 75,90% de las personas entrevistadas estima necesario un servicio municipal de bicicletas, porcentaje que aumenta al 78,40% que estima positivamente un servicio conformado por bicicletas el\u00e9ctricas. Adem\u00e1s, el 60,1% considera que mayor n\u00famero de estaciones y de bicicletas aumentar\u00eda el n\u00famero de personas usuarias y al 92,50% le parece bien o muy bien que el servicio tenga car\u00e1cter metropolitano.\u201d<\/p>\n<p>Los datos que ha manejado Movilidad recogen que los desplazamientos realizados en bicicleta en Pamplona suponen entre un 4 y un 5% del total y que en ciudades del entorno el establecimiento de un servicio de bicicleta p\u00fablica ha servido como punto de inflexi\u00f3n en cuanto a un cambio en el reparto modal a favor de la bicicleta y en detrimento de los trayectos realizados en veh\u00edculos motorizados de uso privado. Asimismo, que en estos momentos, el Servicio Nbici-Biziz no cumple los objetivos de impulso y fomento de la movilidad ciclista, mostrando un uso de 0,75 trayectos por bicicleta y d\u00eda muy alejado de los valores considerados como aceptables para el mantenimiento de un servicio de estas caracter\u00edsticas que es de 7 trayectos por bicicleta y d\u00eda.<\/p>\n<p>&nbsp;<\/p>\n","protected":false},"excerpt":{"rendered":"<p>La propuesta implica un sistema de f\u00e1cil manejo, tarifas accesibles de 5 euros\/mes y que el 95% de hogares tenga el servicio a menos de 500 metros<\/p>\n","protected":false},"author":1,"featured_media":11470,"comment_status":"open","ping_status":"closed","sticky":false,"template":"","format":"standard","meta":{"footnotes":""},"categories":[2],"tags":[],"class_list":["post-19242","post","type-post","status-publish","format-standard","has-post-thumbnail","hentry","category-ayuntamiento-pamplona"],"yoast_head":"<!-- This site is optimized with the Yoast SEO plugin v27.3 - https:\/\/yoast.com\/product\/yoast-seo-wordpress\/ -->\n<title>Movilidad propone un nuevo servicio de bicicleta p\u00fablica operativo 24 horas, con 250 bicis el\u00e9ctricas, estaciones en todos los barrios y aspiraci\u00f3n de ser metropolitano<\/title>\n<meta name=\"robots\" content=\"index, follow, max-snippet:-1, max-image-preview:large, max-video-preview:-1\" \/>\n<link rel=\"canonical\" href=\"https:\/\/www.laguiadepamplona.com\/actualidad\/movilidad-propone-un-nuevo-servicio-de-bicicleta-publica-operativo-24-horas-con-250-bicis-electricas-estaciones-en-todos-los-barrios-y-aspiracion-de-ser-metropolitano\/\" \/>\n<meta property=\"og:locale\" content=\"es_ES\" \/>\n<meta property=\"og:type\" content=\"article\" \/>\n<meta property=\"og:title\" content=\"Movilidad propone un nuevo servicio de bicicleta p\u00fablica operativo 24 horas, con 250 bicis el\u00e9ctricas, estaciones en todos los barrios y aspiraci\u00f3n de ser metropolitano\" \/>\n<meta property=\"og:description\" content=\"La propuesta implica un sistema de f\u00e1cil manejo, tarifas accesibles de 5 euros\/mes y que el 95% de hogares tenga el servicio a menos de 500 metros\" \/>\n<meta property=\"og:url\" content=\"https:\/\/www.laguiadepamplona.com\/actualidad\/movilidad-propone-un-nuevo-servicio-de-bicicleta-publica-operativo-24-horas-con-250-bicis-electricas-estaciones-en-todos-los-barrios-y-aspiracion-de-ser-metropolitano\/\" \/>\n<meta property=\"og:site_name\" content=\"La Gu\u00eda de Pamplona\" \/>\n<meta property=\"article:publisher\" content=\"https:\/\/www.facebook.com\/laguiadepamplonacom-133175176762273\/?ref=hl\" \/>\n<meta property=\"article:published_time\" content=\"2018-11-02T12:17:41+00:00\" \/>\n<meta property=\"og:image\" content=\"https:\/\/www.laguiadepamplona.com\/actualidad\/wp-content\/uploads\/2017\/01\/bici-urbano-casco.jpg\" \/>\n\t<meta property=\"og:image:width\" content=\"859\" \/>\n\t<meta property=\"og:image:height\" content=\"483\" \/>\n\t<meta property=\"og:image:type\" content=\"image\/jpeg\" \/>\n<meta name=\"author\" content=\"La Gu\u00eda de Pamplona\" \/>\n<meta name=\"twitter:card\" content=\"summary_large_image\" \/>\n<meta name=\"twitter:creator\" content=\"@LaGuiadPamplona\" \/>\n<meta name=\"twitter:site\" content=\"@LaGuiadPamplona\" \/>\n<meta name=\"twitter:label1\" content=\"Escrito por\" \/>\n\t<meta name=\"twitter:data1\" content=\"La Gu\u00eda de Pamplona\" \/>\n\t<meta name=\"twitter:label2\" content=\"Tiempo de lectura\" \/>\n\t<meta name=\"twitter:data2\" content=\"7 minutos\" \/>\n<script type=\"application\/ld+json\" class=\"yoast-schema-graph\">{\"@context\":\"https:\\\/\\\/schema.org\",\"@graph\":[{\"@type\":\"Article\",\"@id\":\"https:\\\/\\\/www.laguiadepamplona.com\\\/actualidad\\\/movilidad-propone-un-nuevo-servicio-de-bicicleta-publica-operativo-24-horas-con-250-bicis-electricas-estaciones-en-todos-los-barrios-y-aspiracion-de-ser-metropolitano\\\/#article\",\"isPartOf\":{\"@id\":\"https:\\\/\\\/www.laguiadepamplona.com\\\/actualidad\\\/movilidad-propone-un-nuevo-servicio-de-bicicleta-publica-operativo-24-horas-con-250-bicis-electricas-estaciones-en-todos-los-barrios-y-aspiracion-de-ser-metropolitano\\\/\"},\"author\":{\"name\":\"La Gu\u00eda de Pamplona\",\"@id\":\"https:\\\/\\\/www.laguiadepamplona.com\\\/actualidad\\\/#\\\/schema\\\/person\\\/efe887376f0213d4657c93adc50b1fdb\"},\"headline\":\"Movilidad propone un nuevo servicio de bicicleta p\u00fablica operativo 24 horas, con 250 bicis el\u00e9ctricas, estaciones en todos los barrios y aspiraci\u00f3n de ser metropolitano\",\"datePublished\":\"2018-11-02T12:17:41+00:00\",\"mainEntityOfPage\":{\"@id\":\"https:\\\/\\\/www.laguiadepamplona.com\\\/actualidad\\\/movilidad-propone-un-nuevo-servicio-de-bicicleta-publica-operativo-24-horas-con-250-bicis-electricas-estaciones-en-todos-los-barrios-y-aspiracion-de-ser-metropolitano\\\/\"},\"wordCount\":1438,\"commentCount\":0,\"publisher\":{\"@id\":\"https:\\\/\\\/www.laguiadepamplona.com\\\/actualidad\\\/#organization\"},\"image\":{\"@id\":\"https:\\\/\\\/www.laguiadepamplona.com\\\/actualidad\\\/movilidad-propone-un-nuevo-servicio-de-bicicleta-publica-operativo-24-horas-con-250-bicis-electricas-estaciones-en-todos-los-barrios-y-aspiracion-de-ser-metropolitano\\\/#primaryimage\"},\"thumbnailUrl\":\"https:\\\/\\\/www.laguiadepamplona.com\\\/actualidad\\\/wp-content\\\/uploads\\\/2017\\\/01\\\/bici-urbano-casco.jpg\",\"articleSection\":[\"Ayto Pamplona\"],\"inLanguage\":\"es\",\"potentialAction\":[{\"@type\":\"CommentAction\",\"name\":\"Comment\",\"target\":[\"https:\\\/\\\/www.laguiadepamplona.com\\\/actualidad\\\/movilidad-propone-un-nuevo-servicio-de-bicicleta-publica-operativo-24-horas-con-250-bicis-electricas-estaciones-en-todos-los-barrios-y-aspiracion-de-ser-metropolitano\\\/#respond\"]}]},{\"@type\":\"WebPage\",\"@id\":\"https:\\\/\\\/www.laguiadepamplona.com\\\/actualidad\\\/movilidad-propone-un-nuevo-servicio-de-bicicleta-publica-operativo-24-horas-con-250-bicis-electricas-estaciones-en-todos-los-barrios-y-aspiracion-de-ser-metropolitano\\\/\",\"url\":\"https:\\\/\\\/www.laguiadepamplona.com\\\/actualidad\\\/movilidad-propone-un-nuevo-servicio-de-bicicleta-publica-operativo-24-horas-con-250-bicis-electricas-estaciones-en-todos-los-barrios-y-aspiracion-de-ser-metropolitano\\\/\",\"name\":\"Movilidad propone un nuevo servicio de bicicleta p\u00fablica operativo 24 horas, con 250 bicis el\u00e9ctricas, estaciones en todos los barrios y aspiraci\u00f3n de ser metropolitano\",\"isPartOf\":{\"@id\":\"https:\\\/\\\/www.laguiadepamplona.com\\\/actualidad\\\/#website\"},\"primaryImageOfPage\":{\"@id\":\"https:\\\/\\\/www.laguiadepamplona.com\\\/actualidad\\\/movilidad-propone-un-nuevo-servicio-de-bicicleta-publica-operativo-24-horas-con-250-bicis-electricas-estaciones-en-todos-los-barrios-y-aspiracion-de-ser-metropolitano\\\/#primaryimage\"},\"image\":{\"@id\":\"https:\\\/\\\/www.laguiadepamplona.com\\\/actualidad\\\/movilidad-propone-un-nuevo-servicio-de-bicicleta-publica-operativo-24-horas-con-250-bicis-electricas-estaciones-en-todos-los-barrios-y-aspiracion-de-ser-metropolitano\\\/#primaryimage\"},\"thumbnailUrl\":\"https:\\\/\\\/www.laguiadepamplona.com\\\/actualidad\\\/wp-content\\\/uploads\\\/2017\\\/01\\\/bici-urbano-casco.jpg\",\"datePublished\":\"2018-11-02T12:17:41+00:00\",\"breadcrumb\":{\"@id\":\"https:\\\/\\\/www.laguiadepamplona.com\\\/actualidad\\\/movilidad-propone-un-nuevo-servicio-de-bicicleta-publica-operativo-24-horas-con-250-bicis-electricas-estaciones-en-todos-los-barrios-y-aspiracion-de-ser-metropolitano\\\/#breadcrumb\"},\"inLanguage\":\"es\",\"potentialAction\":[{\"@type\":\"ReadAction\",\"target\":[\"https:\\\/\\\/www.laguiadepamplona.com\\\/actualidad\\\/movilidad-propone-un-nuevo-servicio-de-bicicleta-publica-operativo-24-horas-con-250-bicis-electricas-estaciones-en-todos-los-barrios-y-aspiracion-de-ser-metropolitano\\\/\"]}]},{\"@type\":\"ImageObject\",\"inLanguage\":\"es\",\"@id\":\"https:\\\/\\\/www.laguiadepamplona.com\\\/actualidad\\\/movilidad-propone-un-nuevo-servicio-de-bicicleta-publica-operativo-24-horas-con-250-bicis-electricas-estaciones-en-todos-los-barrios-y-aspiracion-de-ser-metropolitano\\\/#primaryimage\",\"url\":\"https:\\\/\\\/www.laguiadepamplona.com\\\/actualidad\\\/wp-content\\\/uploads\\\/2017\\\/01\\\/bici-urbano-casco.jpg\",\"contentUrl\":\"https:\\\/\\\/www.laguiadepamplona.com\\\/actualidad\\\/wp-content\\\/uploads\\\/2017\\\/01\\\/bici-urbano-casco.jpg\",\"width\":859,\"height\":483},{\"@type\":\"BreadcrumbList\",\"@id\":\"https:\\\/\\\/www.laguiadepamplona.com\\\/actualidad\\\/movilidad-propone-un-nuevo-servicio-de-bicicleta-publica-operativo-24-horas-con-250-bicis-electricas-estaciones-en-todos-los-barrios-y-aspiracion-de-ser-metropolitano\\\/#breadcrumb\",\"itemListElement\":[{\"@type\":\"ListItem\",\"position\":1,\"name\":\"Portada\",\"item\":\"https:\\\/\\\/www.laguiadepamplona.com\\\/actualidad\\\/\"},{\"@type\":\"ListItem\",\"position\":2,\"name\":\"Movilidad propone un nuevo servicio de bicicleta p\u00fablica operativo 24 horas, con 250 bicis el\u00e9ctricas, estaciones en todos los barrios y aspiraci\u00f3n de ser metropolitano\"}]},{\"@type\":\"WebSite\",\"@id\":\"https:\\\/\\\/www.laguiadepamplona.com\\\/actualidad\\\/#website\",\"url\":\"https:\\\/\\\/www.laguiadepamplona.com\\\/actualidad\\\/\",\"name\":\"La gu\u00eda de Pamplona\",\"description\":\"Noticias de Pamplona\",\"publisher\":{\"@id\":\"https:\\\/\\\/www.laguiadepamplona.com\\\/actualidad\\\/#organization\"},\"potentialAction\":[{\"@type\":\"SearchAction\",\"target\":{\"@type\":\"EntryPoint\",\"urlTemplate\":\"https:\\\/\\\/www.laguiadepamplona.com\\\/actualidad\\\/?s={search_term_string}\"},\"query-input\":{\"@type\":\"PropertyValueSpecification\",\"valueRequired\":true,\"valueName\":\"search_term_string\"}}],\"inLanguage\":\"es\"},{\"@type\":\"Organization\",\"@id\":\"https:\\\/\\\/www.laguiadepamplona.com\\\/actualidad\\\/#organization\",\"name\":\"La Gu\u00eda de Pamplona \\\/ Noticias\",\"url\":\"https:\\\/\\\/www.laguiadepamplona.com\\\/actualidad\\\/\",\"logo\":{\"@type\":\"ImageObject\",\"inLanguage\":\"es\",\"@id\":\"https:\\\/\\\/www.laguiadepamplona.com\\\/actualidad\\\/#\\\/schema\\\/logo\\\/image\\\/\",\"url\":\"https:\\\/\\\/www.laguiadepamplona.com\\\/actualidad\\\/wp-content\\\/uploads\\\/2018\\\/11\\\/logo-laguiadepamplona18-web1.png\",\"contentUrl\":\"https:\\\/\\\/www.laguiadepamplona.com\\\/actualidad\\\/wp-content\\\/uploads\\\/2018\\\/11\\\/logo-laguiadepamplona18-web1.png\",\"width\":600,\"height\":196,\"caption\":\"La Gu\u00eda de Pamplona \\\/ Noticias\"},\"image\":{\"@id\":\"https:\\\/\\\/www.laguiadepamplona.com\\\/actualidad\\\/#\\\/schema\\\/logo\\\/image\\\/\"},\"sameAs\":[\"https:\\\/\\\/www.facebook.com\\\/laguiadepamplonacom-133175176762273\\\/?ref=hl\",\"https:\\\/\\\/x.com\\\/LaGuiadPamplona\",\"https:\\\/\\\/www.instagram.com\\\/la_guia_de_pamplona\\\/\",\"https:\\\/\\\/www.youtube.com\\\/user\\\/laguiadepamplona\"]},{\"@type\":\"Person\",\"@id\":\"https:\\\/\\\/www.laguiadepamplona.com\\\/actualidad\\\/#\\\/schema\\\/person\\\/efe887376f0213d4657c93adc50b1fdb\",\"name\":\"La Gu\u00eda de Pamplona\",\"image\":{\"@type\":\"ImageObject\",\"inLanguage\":\"es\",\"@id\":\"https:\\\/\\\/secure.gravatar.com\\\/avatar\\\/b6992f131dc8d30ab0dff15446e9d346d9dbd95992de0fef795073f5ea83a81c?s=96&d=mm&r=g\",\"url\":\"https:\\\/\\\/secure.gravatar.com\\\/avatar\\\/b6992f131dc8d30ab0dff15446e9d346d9dbd95992de0fef795073f5ea83a81c?s=96&d=mm&r=g\",\"contentUrl\":\"https:\\\/\\\/secure.gravatar.com\\\/avatar\\\/b6992f131dc8d30ab0dff15446e9d346d9dbd95992de0fef795073f5ea83a81c?s=96&d=mm&r=g\",\"caption\":\"La Gu\u00eda de Pamplona\"}}]}<\/script>\n<!-- \/ Yoast SEO plugin. -->","yoast_head_json":{"title":"Movilidad propone un nuevo servicio de bicicleta p\u00fablica operativo 24 horas, con 250 bicis el\u00e9ctricas, estaciones en todos los barrios y aspiraci\u00f3n de ser metropolitano","robots":{"index":"index","follow":"follow","max-snippet":"max-snippet:-1","max-image-preview":"max-image-preview:large","max-video-preview":"max-video-preview:-1"},"canonical":"https:\/\/www.laguiadepamplona.com\/actualidad\/movilidad-propone-un-nuevo-servicio-de-bicicleta-publica-operativo-24-horas-con-250-bicis-electricas-estaciones-en-todos-los-barrios-y-aspiracion-de-ser-metropolitano\/","og_locale":"es_ES","og_type":"article","og_title":"Movilidad propone un nuevo servicio de bicicleta p\u00fablica operativo 24 horas, con 250 bicis el\u00e9ctricas, estaciones en todos los barrios y aspiraci\u00f3n de ser metropolitano","og_description":"La propuesta implica un sistema de f\u00e1cil manejo, tarifas accesibles de 5 euros\/mes y que el 95% de hogares tenga el servicio a menos de 500 metros","og_url":"https:\/\/www.laguiadepamplona.com\/actualidad\/movilidad-propone-un-nuevo-servicio-de-bicicleta-publica-operativo-24-horas-con-250-bicis-electricas-estaciones-en-todos-los-barrios-y-aspiracion-de-ser-metropolitano\/","og_site_name":"La Gu\u00eda de Pamplona","article_publisher":"https:\/\/www.facebook.com\/laguiadepamplonacom-133175176762273\/?ref=hl","article_published_time":"2018-11-02T12:17:41+00:00","og_image":[{"width":859,"height":483,"url":"https:\/\/www.laguiadepamplona.com\/actualidad\/wp-content\/uploads\/2017\/01\/bici-urbano-casco.jpg","type":"image\/jpeg"}],"author":"La Gu\u00eda de Pamplona","twitter_card":"summary_large_image","twitter_creator":"@LaGuiadPamplona","twitter_site":"@LaGuiadPamplona","twitter_misc":{"Escrito por":"La Gu\u00eda de Pamplona","Tiempo de lectura":"7 minutos"},"schema":{"@context":"https:\/\/schema.org","@graph":[{"@type":"Article","@id":"https:\/\/www.laguiadepamplona.com\/actualidad\/movilidad-propone-un-nuevo-servicio-de-bicicleta-publica-operativo-24-horas-con-250-bicis-electricas-estaciones-en-todos-los-barrios-y-aspiracion-de-ser-metropolitano\/#article","isPartOf":{"@id":"https:\/\/www.laguiadepamplona.com\/actualidad\/movilidad-propone-un-nuevo-servicio-de-bicicleta-publica-operativo-24-horas-con-250-bicis-electricas-estaciones-en-todos-los-barrios-y-aspiracion-de-ser-metropolitano\/"},"author":{"name":"La Gu\u00eda de Pamplona","@id":"https:\/\/www.laguiadepamplona.com\/actualidad\/#\/schema\/person\/efe887376f0213d4657c93adc50b1fdb"},"headline":"Movilidad propone un nuevo servicio de bicicleta p\u00fablica operativo 24 horas, con 250 bicis el\u00e9ctricas, estaciones en todos los barrios y aspiraci\u00f3n de ser metropolitano","datePublished":"2018-11-02T12:17:41+00:00","mainEntityOfPage":{"@id":"https:\/\/www.laguiadepamplona.com\/actualidad\/movilidad-propone-un-nuevo-servicio-de-bicicleta-publica-operativo-24-horas-con-250-bicis-electricas-estaciones-en-todos-los-barrios-y-aspiracion-de-ser-metropolitano\/"},"wordCount":1438,"commentCount":0,"publisher":{"@id":"https:\/\/www.laguiadepamplona.com\/actualidad\/#organization"},"image":{"@id":"https:\/\/www.laguiadepamplona.com\/actualidad\/movilidad-propone-un-nuevo-servicio-de-bicicleta-publica-operativo-24-horas-con-250-bicis-electricas-estaciones-en-todos-los-barrios-y-aspiracion-de-ser-metropolitano\/#primaryimage"},"thumbnailUrl":"https:\/\/www.laguiadepamplona.com\/actualidad\/wp-content\/uploads\/2017\/01\/bici-urbano-casco.jpg","articleSection":["Ayto Pamplona"],"inLanguage":"es","potentialAction":[{"@type":"CommentAction","name":"Comment","target":["https:\/\/www.laguiadepamplona.com\/actualidad\/movilidad-propone-un-nuevo-servicio-de-bicicleta-publica-operativo-24-horas-con-250-bicis-electricas-estaciones-en-todos-los-barrios-y-aspiracion-de-ser-metropolitano\/#respond"]}]},{"@type":"WebPage","@id":"https:\/\/www.laguiadepamplona.com\/actualidad\/movilidad-propone-un-nuevo-servicio-de-bicicleta-publica-operativo-24-horas-con-250-bicis-electricas-estaciones-en-todos-los-barrios-y-aspiracion-de-ser-metropolitano\/","url":"https:\/\/www.laguiadepamplona.com\/actualidad\/movilidad-propone-un-nuevo-servicio-de-bicicleta-publica-operativo-24-horas-con-250-bicis-electricas-estaciones-en-todos-los-barrios-y-aspiracion-de-ser-metropolitano\/","name":"Movilidad propone un nuevo servicio de bicicleta p\u00fablica operativo 24 horas, con 250 bicis el\u00e9ctricas, estaciones en todos los barrios y aspiraci\u00f3n de ser metropolitano","isPartOf":{"@id":"https:\/\/www.laguiadepamplona.com\/actualidad\/#website"},"primaryImageOfPage":{"@id":"https:\/\/www.laguiadepamplona.com\/actualidad\/movilidad-propone-un-nuevo-servicio-de-bicicleta-publica-operativo-24-horas-con-250-bicis-electricas-estaciones-en-todos-los-barrios-y-aspiracion-de-ser-metropolitano\/#primaryimage"},"image":{"@id":"https:\/\/www.laguiadepamplona.com\/actualidad\/movilidad-propone-un-nuevo-servicio-de-bicicleta-publica-operativo-24-horas-con-250-bicis-electricas-estaciones-en-todos-los-barrios-y-aspiracion-de-ser-metropolitano\/#primaryimage"},"thumbnailUrl":"https:\/\/www.laguiadepamplona.com\/actualidad\/wp-content\/uploads\/2017\/01\/bici-urbano-casco.jpg","datePublished":"2018-11-02T12:17:41+00:00","breadcrumb":{"@id":"https:\/\/www.laguiadepamplona.com\/actualidad\/movilidad-propone-un-nuevo-servicio-de-bicicleta-publica-operativo-24-horas-con-250-bicis-electricas-estaciones-en-todos-los-barrios-y-aspiracion-de-ser-metropolitano\/#breadcrumb"},"inLanguage":"es","potentialAction":[{"@type":"ReadAction","target":["https:\/\/www.laguiadepamplona.com\/actualidad\/movilidad-propone-un-nuevo-servicio-de-bicicleta-publica-operativo-24-horas-con-250-bicis-electricas-estaciones-en-todos-los-barrios-y-aspiracion-de-ser-metropolitano\/"]}]},{"@type":"ImageObject","inLanguage":"es","@id":"https:\/\/www.laguiadepamplona.com\/actualidad\/movilidad-propone-un-nuevo-servicio-de-bicicleta-publica-operativo-24-horas-con-250-bicis-electricas-estaciones-en-todos-los-barrios-y-aspiracion-de-ser-metropolitano\/#primaryimage","url":"https:\/\/www.laguiadepamplona.com\/actualidad\/wp-content\/uploads\/2017\/01\/bici-urbano-casco.jpg","contentUrl":"https:\/\/www.laguiadepamplona.com\/actualidad\/wp-content\/uploads\/2017\/01\/bici-urbano-casco.jpg","width":859,"height":483},{"@type":"BreadcrumbList","@id":"https:\/\/www.laguiadepamplona.com\/actualidad\/movilidad-propone-un-nuevo-servicio-de-bicicleta-publica-operativo-24-horas-con-250-bicis-electricas-estaciones-en-todos-los-barrios-y-aspiracion-de-ser-metropolitano\/#breadcrumb","itemListElement":[{"@type":"ListItem","position":1,"name":"Portada","item":"https:\/\/www.laguiadepamplona.com\/actualidad\/"},{"@type":"ListItem","position":2,"name":"Movilidad propone un nuevo servicio de bicicleta p\u00fablica operativo 24 horas, con 250 bicis el\u00e9ctricas, estaciones en todos los barrios y aspiraci\u00f3n de ser metropolitano"}]},{"@type":"WebSite","@id":"https:\/\/www.laguiadepamplona.com\/actualidad\/#website","url":"https:\/\/www.laguiadepamplona.com\/actualidad\/","name":"La gu\u00eda de Pamplona","description":"Noticias de Pamplona","publisher":{"@id":"https:\/\/www.laguiadepamplona.com\/actualidad\/#organization"},"potentialAction":[{"@type":"SearchAction","target":{"@type":"EntryPoint","urlTemplate":"https:\/\/www.laguiadepamplona.com\/actualidad\/?s={search_term_string}"},"query-input":{"@type":"PropertyValueSpecification","valueRequired":true,"valueName":"search_term_string"}}],"inLanguage":"es"},{"@type":"Organization","@id":"https:\/\/www.laguiadepamplona.com\/actualidad\/#organization","name":"La Gu\u00eda de Pamplona \/ Noticias","url":"https:\/\/www.laguiadepamplona.com\/actualidad\/","logo":{"@type":"ImageObject","inLanguage":"es","@id":"https:\/\/www.laguiadepamplona.com\/actualidad\/#\/schema\/logo\/image\/","url":"https:\/\/www.laguiadepamplona.com\/actualidad\/wp-content\/uploads\/2018\/11\/logo-laguiadepamplona18-web1.png","contentUrl":"https:\/\/www.laguiadepamplona.com\/actualidad\/wp-content\/uploads\/2018\/11\/logo-laguiadepamplona18-web1.png","width":600,"height":196,"caption":"La Gu\u00eda de Pamplona \/ Noticias"},"image":{"@id":"https:\/\/www.laguiadepamplona.com\/actualidad\/#\/schema\/logo\/image\/"},"sameAs":["https:\/\/www.facebook.com\/laguiadepamplonacom-133175176762273\/?ref=hl","https:\/\/x.com\/LaGuiadPamplona","https:\/\/www.instagram.com\/la_guia_de_pamplona\/","https:\/\/www.youtube.com\/user\/laguiadepamplona"]},{"@type":"Person","@id":"https:\/\/www.laguiadepamplona.com\/actualidad\/#\/schema\/person\/efe887376f0213d4657c93adc50b1fdb","name":"La Gu\u00eda de Pamplona","image":{"@type":"ImageObject","inLanguage":"es","@id":"https:\/\/secure.gravatar.com\/avatar\/b6992f131dc8d30ab0dff15446e9d346d9dbd95992de0fef795073f5ea83a81c?s=96&d=mm&r=g","url":"https:\/\/secure.gravatar.com\/avatar\/b6992f131dc8d30ab0dff15446e9d346d9dbd95992de0fef795073f5ea83a81c?s=96&d=mm&r=g","contentUrl":"https:\/\/secure.gravatar.com\/avatar\/b6992f131dc8d30ab0dff15446e9d346d9dbd95992de0fef795073f5ea83a81c?s=96&d=mm&r=g","caption":"La Gu\u00eda de Pamplona"}}]}},"post_mailing_queue_ids":[],"_links":{"self":[{"href":"https:\/\/www.laguiadepamplona.com\/actualidad\/wp-json\/wp\/v2\/posts\/19242","targetHints":{"allow":["GET"]}}],"collection":[{"href":"https:\/\/www.laguiadepamplona.com\/actualidad\/wp-json\/wp\/v2\/posts"}],"about":[{"href":"https:\/\/www.laguiadepamplona.com\/actualidad\/wp-json\/wp\/v2\/types\/post"}],"author":[{"embeddable":true,"href":"https:\/\/www.laguiadepamplona.com\/actualidad\/wp-json\/wp\/v2\/users\/1"}],"replies":[{"embeddable":true,"href":"https:\/\/www.laguiadepamplona.com\/actualidad\/wp-json\/wp\/v2\/comments?post=19242"}],"version-history":[{"count":0,"href":"https:\/\/www.laguiadepamplona.com\/actualidad\/wp-json\/wp\/v2\/posts\/19242\/revisions"}],"wp:featuredmedia":[{"embeddable":true,"href":"https:\/\/www.laguiadepamplona.com\/actualidad\/wp-json\/wp\/v2\/media\/11470"}],"wp:attachment":[{"href":"https:\/\/www.laguiadepamplona.com\/actualidad\/wp-json\/wp\/v2\/media?parent=19242"}],"wp:term":[{"taxonomy":"category","embeddable":true,"href":"https:\/\/www.laguiadepamplona.com\/actualidad\/wp-json\/wp\/v2\/categories?post=19242"},{"taxonomy":"post_tag","embeddable":true,"href":"https:\/\/www.laguiadepamplona.com\/actualidad\/wp-json\/wp\/v2\/tags?post=19242"}],"curies":[{"name":"wp","href":"https:\/\/api.w.org\/{rel}","templated":true}]}}