{"id":19217,"date":"2018-10-31T15:03:47","date_gmt":"2018-10-31T13:03:47","guid":{"rendered":"https:\/\/www.laguiadepamplona.es\/actualidad\/?p=19217"},"modified":"2018-10-31T15:03:47","modified_gmt":"2018-10-31T13:03:47","slug":"convocadas-pruebas-selectivas-para-la-contratacion-temporal-de-profesorado-de-musica-de-camara-en-la-escuela-de-musica-joaquin-maya","status":"publish","type":"post","link":"https:\/\/www.laguiadepamplona.com\/actualidad\/convocadas-pruebas-selectivas-para-la-contratacion-temporal-de-profesorado-de-musica-de-camara-en-la-escuela-de-musica-joaquin-maya\/","title":{"rendered":"Convocadas pruebas selectivas para la contrataci\u00f3n temporal de profesorado de m\u00fasica de c\u00e1mara en la Escuela de M\u00fasica Joaqu\u00edn Maya"},"content":{"rendered":"<h3>El plazo de presentaci\u00f3n de solicitudes para esta plaza finaliza el 5 de noviembre<\/h3>\n<p><!--more--><\/p>\n<p>El Ayuntamiento de Pamplona ha convocado pruebas selectivas para la constituci\u00f3n de listas de contrataci\u00f3n temporal para profesorado de la Escuela de M\u00fasica Joaqu\u00edn Maya en la especialidad de m\u00fasica de c\u00e1mara. Se trata de una convocatoria para la cobertura temporal de las necesidades que se produzcan y cuyo plazo de inscripci\u00f3n finaliza el 5 de noviembre. Las inscripciones se pueden realizar en cualquiera de los registros del Ayuntamiento de Pamplona o por cualquiera de los medios previstos en la Ley de Procedimiento Administrativo Com\u00fan de las Administraciones P\u00fablicas. La informaci\u00f3n de la convocatoria se puede consultar en la web municipal, <a href=\"http:\/\/www.pamplona.es\/\" target=\"_blank\" rel=\"noopener\">www.pamplona.es<\/a>. En la portada, en el apartado Sede electr\u00f3nica, bajo el ep\u00edgrafe \u2018Empleo p\u00fablico\u2019.<\/p>\n<p>El proceso selectivo se desarrollar\u00e1 mediante dos pruebas. La primera prueba consistir\u00e1 en la interpretaci\u00f3n de un programa camer\u00edstico con una formaci\u00f3n m\u00ednima de tres m\u00fasicos, que podr\u00e1 constar de una o m\u00e1s obras, o movimientos de las mismas, con una duraci\u00f3n aproximada de 10 minutos. La segunda ser\u00e1 la prueba docente en la que se impartir\u00e1 una clase a un grupo formado por alumnado de cualquier curso matriculado en la Escuela de M\u00fasica, con una duraci\u00f3n de 15 minutos.<\/p>\n<p><strong>Requisitos de las personas aspirantes<\/strong><\/p>\n<p>Entre los requisitos para poder participar se encuentran ser espa\u00f1ol o nacional de un pa\u00eds de la Uni\u00f3n Europea, ser mayor de 16 a\u00f1os, capacidad f\u00edsica y ps\u00edquica y no hallarse en situaci\u00f3n de inhabilitaci\u00f3n o suspensi\u00f3n del ejercicio de las funciones p\u00fablicas. Adem\u00e1s, es necesario que las personas aspirantes se hallen bien en posesi\u00f3n del t\u00edtulo de estudios superiores en cualquier especialidad musical o del T\u00edtulo de Grado Medio en cualquier especialidad expedido de conformidad con el Decreto sobre Reglamentaci\u00f3n General de los Conservatorios de M\u00fasica o bien con Diplomatura o Grado Universitario, Ingenier\u00eda T\u00e9cnica, Arquitectura T\u00e9cnica o equivalente, y T\u00edtulo profesional de Grado Medio en cualquier especialidad.<\/p>\n<p>Las personas aspirantes que resulten seleccionadas para formar parte de la relaci\u00f3n de\u00a0 aspirantes al desempe\u00f1o del este puesto de trabajo podr\u00e1n optar a la contrataci\u00f3n de aquellas plazas para las que el conocimiento de vascuence constituya requisito espec\u00edfico, siempre y cuando est\u00e9n en posesi\u00f3n del t\u00edtulo de aptitud en euskera (EGA) expedido por el Gobierno de Navarra o titulaci\u00f3n equivalente oficialmente reconocida.<\/p>\n<p>&nbsp;<\/p>\n","protected":false},"excerpt":{"rendered":"<p>El plazo de presentaci\u00f3n de solicitudes para esta plaza finaliza el 5 de noviembre<\/p>\n","protected":false},"author":1,"featured_media":17440,"comment_status":"open","ping_status":"closed","sticky":false,"template":"","format":"standard","meta":{"footnotes":""},"categories":[2],"tags":[],"class_list":["post-19217","post","type-post","status-publish","format-standard","has-post-thumbnail","hentry","category-ayuntamiento-pamplona"],"yoast_head":"<!-- This site is optimized with the Yoast SEO plugin v27.3 - https:\/\/yoast.com\/product\/yoast-seo-wordpress\/ -->\n<title>Convocadas pruebas selectivas para la contrataci\u00f3n temporal de profesorado de m\u00fasica de c\u00e1mara en la Escuela de M\u00fasica Joaqu\u00edn Maya<\/title>\n<meta name=\"robots\" content=\"index, follow, max-snippet:-1, max-image-preview:large, max-video-preview:-1\" \/>\n<link rel=\"canonical\" href=\"https:\/\/www.laguiadepamplona.com\/actualidad\/convocadas-pruebas-selectivas-para-la-contratacion-temporal-de-profesorado-de-musica-de-camara-en-la-escuela-de-musica-joaquin-maya\/\" \/>\n<meta property=\"og:locale\" content=\"es_ES\" \/>\n<meta property=\"og:type\" content=\"article\" \/>\n<meta property=\"og:title\" content=\"Convocadas pruebas selectivas para la contrataci\u00f3n temporal de profesorado de m\u00fasica de c\u00e1mara en la Escuela de M\u00fasica Joaqu\u00edn Maya\" \/>\n<meta property=\"og:description\" content=\"El plazo de presentaci\u00f3n de solicitudes para esta plaza finaliza el 5 de noviembre\" \/>\n<meta property=\"og:url\" content=\"https:\/\/www.laguiadepamplona.com\/actualidad\/convocadas-pruebas-selectivas-para-la-contratacion-temporal-de-profesorado-de-musica-de-camara-en-la-escuela-de-musica-joaquin-maya\/\" \/>\n<meta property=\"og:site_name\" content=\"La Gu\u00eda de Pamplona\" \/>\n<meta property=\"article:publisher\" content=\"https:\/\/www.facebook.com\/laguiadepamplonacom-133175176762273\/?ref=hl\" \/>\n<meta property=\"article:published_time\" content=\"2018-10-31T13:03:47+00:00\" \/>\n<meta property=\"og:image\" content=\"https:\/\/www.laguiadepamplona.com\/actualidad\/wp-content\/uploads\/2018\/05\/escuela-musica-joaquin-maya.jpg\" \/>\n\t<meta property=\"og:image:width\" content=\"1000\" \/>\n\t<meta property=\"og:image:height\" content=\"667\" \/>\n\t<meta property=\"og:image:type\" content=\"image\/jpeg\" \/>\n<meta name=\"author\" content=\"La Gu\u00eda de Pamplona\" \/>\n<meta name=\"twitter:card\" content=\"summary_large_image\" \/>\n<meta name=\"twitter:creator\" content=\"@LaGuiadPamplona\" \/>\n<meta name=\"twitter:site\" content=\"@LaGuiadPamplona\" \/>\n<meta name=\"twitter:label1\" content=\"Escrito por\" \/>\n\t<meta name=\"twitter:data1\" content=\"La Gu\u00eda de Pamplona\" \/>\n\t<meta name=\"twitter:label2\" content=\"Tiempo de lectura\" \/>\n\t<meta name=\"twitter:data2\" content=\"2 minutos\" \/>\n<script type=\"application\/ld+json\" class=\"yoast-schema-graph\">{\"@context\":\"https:\\\/\\\/schema.org\",\"@graph\":[{\"@type\":\"Article\",\"@id\":\"https:\\\/\\\/www.laguiadepamplona.com\\\/actualidad\\\/convocadas-pruebas-selectivas-para-la-contratacion-temporal-de-profesorado-de-musica-de-camara-en-la-escuela-de-musica-joaquin-maya\\\/#article\",\"isPartOf\":{\"@id\":\"https:\\\/\\\/www.laguiadepamplona.com\\\/actualidad\\\/convocadas-pruebas-selectivas-para-la-contratacion-temporal-de-profesorado-de-musica-de-camara-en-la-escuela-de-musica-joaquin-maya\\\/\"},\"author\":{\"name\":\"La Gu\u00eda de Pamplona\",\"@id\":\"https:\\\/\\\/www.laguiadepamplona.com\\\/actualidad\\\/#\\\/schema\\\/person\\\/efe887376f0213d4657c93adc50b1fdb\"},\"headline\":\"Convocadas pruebas selectivas para la contrataci\u00f3n temporal de profesorado de m\u00fasica de c\u00e1mara en la Escuela de M\u00fasica Joaqu\u00edn Maya\",\"datePublished\":\"2018-10-31T13:03:47+00:00\",\"mainEntityOfPage\":{\"@id\":\"https:\\\/\\\/www.laguiadepamplona.com\\\/actualidad\\\/convocadas-pruebas-selectivas-para-la-contratacion-temporal-de-profesorado-de-musica-de-camara-en-la-escuela-de-musica-joaquin-maya\\\/\"},\"wordCount\":461,\"commentCount\":0,\"publisher\":{\"@id\":\"https:\\\/\\\/www.laguiadepamplona.com\\\/actualidad\\\/#organization\"},\"image\":{\"@id\":\"https:\\\/\\\/www.laguiadepamplona.com\\\/actualidad\\\/convocadas-pruebas-selectivas-para-la-contratacion-temporal-de-profesorado-de-musica-de-camara-en-la-escuela-de-musica-joaquin-maya\\\/#primaryimage\"},\"thumbnailUrl\":\"https:\\\/\\\/www.laguiadepamplona.com\\\/actualidad\\\/wp-content\\\/uploads\\\/2018\\\/05\\\/escuela-musica-joaquin-maya.jpg\",\"articleSection\":[\"Ayto Pamplona\"],\"inLanguage\":\"es\",\"potentialAction\":[{\"@type\":\"CommentAction\",\"name\":\"Comment\",\"target\":[\"https:\\\/\\\/www.laguiadepamplona.com\\\/actualidad\\\/convocadas-pruebas-selectivas-para-la-contratacion-temporal-de-profesorado-de-musica-de-camara-en-la-escuela-de-musica-joaquin-maya\\\/#respond\"]}]},{\"@type\":\"WebPage\",\"@id\":\"https:\\\/\\\/www.laguiadepamplona.com\\\/actualidad\\\/convocadas-pruebas-selectivas-para-la-contratacion-temporal-de-profesorado-de-musica-de-camara-en-la-escuela-de-musica-joaquin-maya\\\/\",\"url\":\"https:\\\/\\\/www.laguiadepamplona.com\\\/actualidad\\\/convocadas-pruebas-selectivas-para-la-contratacion-temporal-de-profesorado-de-musica-de-camara-en-la-escuela-de-musica-joaquin-maya\\\/\",\"name\":\"Convocadas pruebas selectivas para la contrataci\u00f3n temporal de profesorado de m\u00fasica de c\u00e1mara en la Escuela de M\u00fasica Joaqu\u00edn Maya\",\"isPartOf\":{\"@id\":\"https:\\\/\\\/www.laguiadepamplona.com\\\/actualidad\\\/#website\"},\"primaryImageOfPage\":{\"@id\":\"https:\\\/\\\/www.laguiadepamplona.com\\\/actualidad\\\/convocadas-pruebas-selectivas-para-la-contratacion-temporal-de-profesorado-de-musica-de-camara-en-la-escuela-de-musica-joaquin-maya\\\/#primaryimage\"},\"image\":{\"@id\":\"https:\\\/\\\/www.laguiadepamplona.com\\\/actualidad\\\/convocadas-pruebas-selectivas-para-la-contratacion-temporal-de-profesorado-de-musica-de-camara-en-la-escuela-de-musica-joaquin-maya\\\/#primaryimage\"},\"thumbnailUrl\":\"https:\\\/\\\/www.laguiadepamplona.com\\\/actualidad\\\/wp-content\\\/uploads\\\/2018\\\/05\\\/escuela-musica-joaquin-maya.jpg\",\"datePublished\":\"2018-10-31T13:03:47+00:00\",\"breadcrumb\":{\"@id\":\"https:\\\/\\\/www.laguiadepamplona.com\\\/actualidad\\\/convocadas-pruebas-selectivas-para-la-contratacion-temporal-de-profesorado-de-musica-de-camara-en-la-escuela-de-musica-joaquin-maya\\\/#breadcrumb\"},\"inLanguage\":\"es\",\"potentialAction\":[{\"@type\":\"ReadAction\",\"target\":[\"https:\\\/\\\/www.laguiadepamplona.com\\\/actualidad\\\/convocadas-pruebas-selectivas-para-la-contratacion-temporal-de-profesorado-de-musica-de-camara-en-la-escuela-de-musica-joaquin-maya\\\/\"]}]},{\"@type\":\"ImageObject\",\"inLanguage\":\"es\",\"@id\":\"https:\\\/\\\/www.laguiadepamplona.com\\\/actualidad\\\/convocadas-pruebas-selectivas-para-la-contratacion-temporal-de-profesorado-de-musica-de-camara-en-la-escuela-de-musica-joaquin-maya\\\/#primaryimage\",\"url\":\"https:\\\/\\\/www.laguiadepamplona.com\\\/actualidad\\\/wp-content\\\/uploads\\\/2018\\\/05\\\/escuela-musica-joaquin-maya.jpg\",\"contentUrl\":\"https:\\\/\\\/www.laguiadepamplona.com\\\/actualidad\\\/wp-content\\\/uploads\\\/2018\\\/05\\\/escuela-musica-joaquin-maya.jpg\",\"width\":1000,\"height\":667},{\"@type\":\"BreadcrumbList\",\"@id\":\"https:\\\/\\\/www.laguiadepamplona.com\\\/actualidad\\\/convocadas-pruebas-selectivas-para-la-contratacion-temporal-de-profesorado-de-musica-de-camara-en-la-escuela-de-musica-joaquin-maya\\\/#breadcrumb\",\"itemListElement\":[{\"@type\":\"ListItem\",\"position\":1,\"name\":\"Portada\",\"item\":\"https:\\\/\\\/www.laguiadepamplona.com\\\/actualidad\\\/\"},{\"@type\":\"ListItem\",\"position\":2,\"name\":\"Convocadas pruebas selectivas para la contrataci\u00f3n temporal de profesorado de m\u00fasica de c\u00e1mara en la Escuela de M\u00fasica Joaqu\u00edn Maya\"}]},{\"@type\":\"WebSite\",\"@id\":\"https:\\\/\\\/www.laguiadepamplona.com\\\/actualidad\\\/#website\",\"url\":\"https:\\\/\\\/www.laguiadepamplona.com\\\/actualidad\\\/\",\"name\":\"La gu\u00eda de Pamplona\",\"description\":\"Noticias de Pamplona\",\"publisher\":{\"@id\":\"https:\\\/\\\/www.laguiadepamplona.com\\\/actualidad\\\/#organization\"},\"potentialAction\":[{\"@type\":\"SearchAction\",\"target\":{\"@type\":\"EntryPoint\",\"urlTemplate\":\"https:\\\/\\\/www.laguiadepamplona.com\\\/actualidad\\\/?s={search_term_string}\"},\"query-input\":{\"@type\":\"PropertyValueSpecification\",\"valueRequired\":true,\"valueName\":\"search_term_string\"}}],\"inLanguage\":\"es\"},{\"@type\":\"Organization\",\"@id\":\"https:\\\/\\\/www.laguiadepamplona.com\\\/actualidad\\\/#organization\",\"name\":\"La Gu\u00eda de Pamplona \\\/ Noticias\",\"url\":\"https:\\\/\\\/www.laguiadepamplona.com\\\/actualidad\\\/\",\"logo\":{\"@type\":\"ImageObject\",\"inLanguage\":\"es\",\"@id\":\"https:\\\/\\\/www.laguiadepamplona.com\\\/actualidad\\\/#\\\/schema\\\/logo\\\/image\\\/\",\"url\":\"https:\\\/\\\/www.laguiadepamplona.com\\\/actualidad\\\/wp-content\\\/uploads\\\/2018\\\/11\\\/logo-laguiadepamplona18-web1.png\",\"contentUrl\":\"https:\\\/\\\/www.laguiadepamplona.com\\\/actualidad\\\/wp-content\\\/uploads\\\/2018\\\/11\\\/logo-laguiadepamplona18-web1.png\",\"width\":600,\"height\":196,\"caption\":\"La Gu\u00eda de Pamplona \\\/ Noticias\"},\"image\":{\"@id\":\"https:\\\/\\\/www.laguiadepamplona.com\\\/actualidad\\\/#\\\/schema\\\/logo\\\/image\\\/\"},\"sameAs\":[\"https:\\\/\\\/www.facebook.com\\\/laguiadepamplonacom-133175176762273\\\/?ref=hl\",\"https:\\\/\\\/x.com\\\/LaGuiadPamplona\",\"https:\\\/\\\/www.instagram.com\\\/la_guia_de_pamplona\\\/\",\"https:\\\/\\\/www.youtube.com\\\/user\\\/laguiadepamplona\"]},{\"@type\":\"Person\",\"@id\":\"https:\\\/\\\/www.laguiadepamplona.com\\\/actualidad\\\/#\\\/schema\\\/person\\\/efe887376f0213d4657c93adc50b1fdb\",\"name\":\"La Gu\u00eda de Pamplona\",\"image\":{\"@type\":\"ImageObject\",\"inLanguage\":\"es\",\"@id\":\"https:\\\/\\\/secure.gravatar.com\\\/avatar\\\/b6992f131dc8d30ab0dff15446e9d346d9dbd95992de0fef795073f5ea83a81c?s=96&d=mm&r=g\",\"url\":\"https:\\\/\\\/secure.gravatar.com\\\/avatar\\\/b6992f131dc8d30ab0dff15446e9d346d9dbd95992de0fef795073f5ea83a81c?s=96&d=mm&r=g\",\"contentUrl\":\"https:\\\/\\\/secure.gravatar.com\\\/avatar\\\/b6992f131dc8d30ab0dff15446e9d346d9dbd95992de0fef795073f5ea83a81c?s=96&d=mm&r=g\",\"caption\":\"La Gu\u00eda de Pamplona\"}}]}<\/script>\n<!-- \/ Yoast SEO plugin. -->","yoast_head_json":{"title":"Convocadas pruebas selectivas para la contrataci\u00f3n temporal de profesorado de m\u00fasica de c\u00e1mara en la Escuela de M\u00fasica Joaqu\u00edn Maya","robots":{"index":"index","follow":"follow","max-snippet":"max-snippet:-1","max-image-preview":"max-image-preview:large","max-video-preview":"max-video-preview:-1"},"canonical":"https:\/\/www.laguiadepamplona.com\/actualidad\/convocadas-pruebas-selectivas-para-la-contratacion-temporal-de-profesorado-de-musica-de-camara-en-la-escuela-de-musica-joaquin-maya\/","og_locale":"es_ES","og_type":"article","og_title":"Convocadas pruebas selectivas para la contrataci\u00f3n temporal de profesorado de m\u00fasica de c\u00e1mara en la Escuela de M\u00fasica Joaqu\u00edn Maya","og_description":"El plazo de presentaci\u00f3n de solicitudes para esta plaza finaliza el 5 de noviembre","og_url":"https:\/\/www.laguiadepamplona.com\/actualidad\/convocadas-pruebas-selectivas-para-la-contratacion-temporal-de-profesorado-de-musica-de-camara-en-la-escuela-de-musica-joaquin-maya\/","og_site_name":"La Gu\u00eda de Pamplona","article_publisher":"https:\/\/www.facebook.com\/laguiadepamplonacom-133175176762273\/?ref=hl","article_published_time":"2018-10-31T13:03:47+00:00","og_image":[{"width":1000,"height":667,"url":"https:\/\/www.laguiadepamplona.com\/actualidad\/wp-content\/uploads\/2018\/05\/escuela-musica-joaquin-maya.jpg","type":"image\/jpeg"}],"author":"La Gu\u00eda de Pamplona","twitter_card":"summary_large_image","twitter_creator":"@LaGuiadPamplona","twitter_site":"@LaGuiadPamplona","twitter_misc":{"Escrito por":"La Gu\u00eda de Pamplona","Tiempo de lectura":"2 minutos"},"schema":{"@context":"https:\/\/schema.org","@graph":[{"@type":"Article","@id":"https:\/\/www.laguiadepamplona.com\/actualidad\/convocadas-pruebas-selectivas-para-la-contratacion-temporal-de-profesorado-de-musica-de-camara-en-la-escuela-de-musica-joaquin-maya\/#article","isPartOf":{"@id":"https:\/\/www.laguiadepamplona.com\/actualidad\/convocadas-pruebas-selectivas-para-la-contratacion-temporal-de-profesorado-de-musica-de-camara-en-la-escuela-de-musica-joaquin-maya\/"},"author":{"name":"La Gu\u00eda de Pamplona","@id":"https:\/\/www.laguiadepamplona.com\/actualidad\/#\/schema\/person\/efe887376f0213d4657c93adc50b1fdb"},"headline":"Convocadas pruebas selectivas para la contrataci\u00f3n temporal de profesorado de m\u00fasica de c\u00e1mara en la Escuela de M\u00fasica Joaqu\u00edn Maya","datePublished":"2018-10-31T13:03:47+00:00","mainEntityOfPage":{"@id":"https:\/\/www.laguiadepamplona.com\/actualidad\/convocadas-pruebas-selectivas-para-la-contratacion-temporal-de-profesorado-de-musica-de-camara-en-la-escuela-de-musica-joaquin-maya\/"},"wordCount":461,"commentCount":0,"publisher":{"@id":"https:\/\/www.laguiadepamplona.com\/actualidad\/#organization"},"image":{"@id":"https:\/\/www.laguiadepamplona.com\/actualidad\/convocadas-pruebas-selectivas-para-la-contratacion-temporal-de-profesorado-de-musica-de-camara-en-la-escuela-de-musica-joaquin-maya\/#primaryimage"},"thumbnailUrl":"https:\/\/www.laguiadepamplona.com\/actualidad\/wp-content\/uploads\/2018\/05\/escuela-musica-joaquin-maya.jpg","articleSection":["Ayto Pamplona"],"inLanguage":"es","potentialAction":[{"@type":"CommentAction","name":"Comment","target":["https:\/\/www.laguiadepamplona.com\/actualidad\/convocadas-pruebas-selectivas-para-la-contratacion-temporal-de-profesorado-de-musica-de-camara-en-la-escuela-de-musica-joaquin-maya\/#respond"]}]},{"@type":"WebPage","@id":"https:\/\/www.laguiadepamplona.com\/actualidad\/convocadas-pruebas-selectivas-para-la-contratacion-temporal-de-profesorado-de-musica-de-camara-en-la-escuela-de-musica-joaquin-maya\/","url":"https:\/\/www.laguiadepamplona.com\/actualidad\/convocadas-pruebas-selectivas-para-la-contratacion-temporal-de-profesorado-de-musica-de-camara-en-la-escuela-de-musica-joaquin-maya\/","name":"Convocadas pruebas selectivas para la contrataci\u00f3n temporal de profesorado de m\u00fasica de c\u00e1mara en la Escuela de M\u00fasica Joaqu\u00edn Maya","isPartOf":{"@id":"https:\/\/www.laguiadepamplona.com\/actualidad\/#website"},"primaryImageOfPage":{"@id":"https:\/\/www.laguiadepamplona.com\/actualidad\/convocadas-pruebas-selectivas-para-la-contratacion-temporal-de-profesorado-de-musica-de-camara-en-la-escuela-de-musica-joaquin-maya\/#primaryimage"},"image":{"@id":"https:\/\/www.laguiadepamplona.com\/actualidad\/convocadas-pruebas-selectivas-para-la-contratacion-temporal-de-profesorado-de-musica-de-camara-en-la-escuela-de-musica-joaquin-maya\/#primaryimage"},"thumbnailUrl":"https:\/\/www.laguiadepamplona.com\/actualidad\/wp-content\/uploads\/2018\/05\/escuela-musica-joaquin-maya.jpg","datePublished":"2018-10-31T13:03:47+00:00","breadcrumb":{"@id":"https:\/\/www.laguiadepamplona.com\/actualidad\/convocadas-pruebas-selectivas-para-la-contratacion-temporal-de-profesorado-de-musica-de-camara-en-la-escuela-de-musica-joaquin-maya\/#breadcrumb"},"inLanguage":"es","potentialAction":[{"@type":"ReadAction","target":["https:\/\/www.laguiadepamplona.com\/actualidad\/convocadas-pruebas-selectivas-para-la-contratacion-temporal-de-profesorado-de-musica-de-camara-en-la-escuela-de-musica-joaquin-maya\/"]}]},{"@type":"ImageObject","inLanguage":"es","@id":"https:\/\/www.laguiadepamplona.com\/actualidad\/convocadas-pruebas-selectivas-para-la-contratacion-temporal-de-profesorado-de-musica-de-camara-en-la-escuela-de-musica-joaquin-maya\/#primaryimage","url":"https:\/\/www.laguiadepamplona.com\/actualidad\/wp-content\/uploads\/2018\/05\/escuela-musica-joaquin-maya.jpg","contentUrl":"https:\/\/www.laguiadepamplona.com\/actualidad\/wp-content\/uploads\/2018\/05\/escuela-musica-joaquin-maya.jpg","width":1000,"height":667},{"@type":"BreadcrumbList","@id":"https:\/\/www.laguiadepamplona.com\/actualidad\/convocadas-pruebas-selectivas-para-la-contratacion-temporal-de-profesorado-de-musica-de-camara-en-la-escuela-de-musica-joaquin-maya\/#breadcrumb","itemListElement":[{"@type":"ListItem","position":1,"name":"Portada","item":"https:\/\/www.laguiadepamplona.com\/actualidad\/"},{"@type":"ListItem","position":2,"name":"Convocadas pruebas selectivas para la contrataci\u00f3n temporal de profesorado de m\u00fasica de c\u00e1mara en la Escuela de M\u00fasica Joaqu\u00edn Maya"}]},{"@type":"WebSite","@id":"https:\/\/www.laguiadepamplona.com\/actualidad\/#website","url":"https:\/\/www.laguiadepamplona.com\/actualidad\/","name":"La gu\u00eda de Pamplona","description":"Noticias de Pamplona","publisher":{"@id":"https:\/\/www.laguiadepamplona.com\/actualidad\/#organization"},"potentialAction":[{"@type":"SearchAction","target":{"@type":"EntryPoint","urlTemplate":"https:\/\/www.laguiadepamplona.com\/actualidad\/?s={search_term_string}"},"query-input":{"@type":"PropertyValueSpecification","valueRequired":true,"valueName":"search_term_string"}}],"inLanguage":"es"},{"@type":"Organization","@id":"https:\/\/www.laguiadepamplona.com\/actualidad\/#organization","name":"La Gu\u00eda de Pamplona \/ Noticias","url":"https:\/\/www.laguiadepamplona.com\/actualidad\/","logo":{"@type":"ImageObject","inLanguage":"es","@id":"https:\/\/www.laguiadepamplona.com\/actualidad\/#\/schema\/logo\/image\/","url":"https:\/\/www.laguiadepamplona.com\/actualidad\/wp-content\/uploads\/2018\/11\/logo-laguiadepamplona18-web1.png","contentUrl":"https:\/\/www.laguiadepamplona.com\/actualidad\/wp-content\/uploads\/2018\/11\/logo-laguiadepamplona18-web1.png","width":600,"height":196,"caption":"La Gu\u00eda de Pamplona \/ Noticias"},"image":{"@id":"https:\/\/www.laguiadepamplona.com\/actualidad\/#\/schema\/logo\/image\/"},"sameAs":["https:\/\/www.facebook.com\/laguiadepamplonacom-133175176762273\/?ref=hl","https:\/\/x.com\/LaGuiadPamplona","https:\/\/www.instagram.com\/la_guia_de_pamplona\/","https:\/\/www.youtube.com\/user\/laguiadepamplona"]},{"@type":"Person","@id":"https:\/\/www.laguiadepamplona.com\/actualidad\/#\/schema\/person\/efe887376f0213d4657c93adc50b1fdb","name":"La Gu\u00eda de Pamplona","image":{"@type":"ImageObject","inLanguage":"es","@id":"https:\/\/secure.gravatar.com\/avatar\/b6992f131dc8d30ab0dff15446e9d346d9dbd95992de0fef795073f5ea83a81c?s=96&d=mm&r=g","url":"https:\/\/secure.gravatar.com\/avatar\/b6992f131dc8d30ab0dff15446e9d346d9dbd95992de0fef795073f5ea83a81c?s=96&d=mm&r=g","contentUrl":"https:\/\/secure.gravatar.com\/avatar\/b6992f131dc8d30ab0dff15446e9d346d9dbd95992de0fef795073f5ea83a81c?s=96&d=mm&r=g","caption":"La Gu\u00eda de Pamplona"}}]}},"post_mailing_queue_ids":[],"_links":{"self":[{"href":"https:\/\/www.laguiadepamplona.com\/actualidad\/wp-json\/wp\/v2\/posts\/19217","targetHints":{"allow":["GET"]}}],"collection":[{"href":"https:\/\/www.laguiadepamplona.com\/actualidad\/wp-json\/wp\/v2\/posts"}],"about":[{"href":"https:\/\/www.laguiadepamplona.com\/actualidad\/wp-json\/wp\/v2\/types\/post"}],"author":[{"embeddable":true,"href":"https:\/\/www.laguiadepamplona.com\/actualidad\/wp-json\/wp\/v2\/users\/1"}],"replies":[{"embeddable":true,"href":"https:\/\/www.laguiadepamplona.com\/actualidad\/wp-json\/wp\/v2\/comments?post=19217"}],"version-history":[{"count":0,"href":"https:\/\/www.laguiadepamplona.com\/actualidad\/wp-json\/wp\/v2\/posts\/19217\/revisions"}],"wp:featuredmedia":[{"embeddable":true,"href":"https:\/\/www.laguiadepamplona.com\/actualidad\/wp-json\/wp\/v2\/media\/17440"}],"wp:attachment":[{"href":"https:\/\/www.laguiadepamplona.com\/actualidad\/wp-json\/wp\/v2\/media?parent=19217"}],"wp:term":[{"taxonomy":"category","embeddable":true,"href":"https:\/\/www.laguiadepamplona.com\/actualidad\/wp-json\/wp\/v2\/categories?post=19217"},{"taxonomy":"post_tag","embeddable":true,"href":"https:\/\/www.laguiadepamplona.com\/actualidad\/wp-json\/wp\/v2\/tags?post=19217"}],"curies":[{"name":"wp","href":"https:\/\/api.w.org\/{rel}","templated":true}]}}