{"id":19215,"date":"2018-10-31T15:02:45","date_gmt":"2018-10-31T13:02:45","guid":{"rendered":"https:\/\/www.laguiadepamplona.es\/actualidad\/?p=19215"},"modified":"2018-10-31T15:02:45","modified_gmt":"2018-10-31T13:02:45","slug":"ayuntamiento-gobierno-y-upna-firmaran-un-convenio-para-modificar-el-psis-campus-de-la-universidad-publica-y-redefinir-sus-limites-principalmente-en-la-calle-cataluna","status":"publish","type":"post","link":"https:\/\/www.laguiadepamplona.com\/actualidad\/ayuntamiento-gobierno-y-upna-firmaran-un-convenio-para-modificar-el-psis-campus-de-la-universidad-publica-y-redefinir-sus-limites-principalmente-en-la-calle-cataluna\/","title":{"rendered":"Ayuntamiento, Gobierno y UPNA firmar\u00e1n un convenio para modificar el PSIS Campus de la Universidad P\u00fablica y redefinir sus l\u00edmites, principalmente en la calle Catalu\u00f1a"},"content":{"rendered":"<p><!--more--><\/p>\n<p>La Gerencia y la Comisi\u00f3n de Urbanismo han conocido esta ma\u00f1ana el convenio interadministrativo de colaboraci\u00f3n urban\u00edstica que firmar\u00e1n Ayuntamiento de Pamplona, Gobierno de Navarra y Universidad P\u00fablica de Navarra para reordenar los terrenos del campus de la UPNA. La propuesta consiste en la modificaci\u00f3n de ese PSIS del campus, que derivar\u00e1 en una modificaci\u00f3n futura del Plan Municipal de Pamplona, para redefinir sus l\u00edmites y \u00e1mbitos, principalmente en el entorno de la calle Catalu\u00f1a. El plazo de vigencia del convenio es de cuatro a\u00f1os.<\/p>\n<p>La Universidad P\u00fablica de Navarra ver\u00e1 redefinido su \u00e1mbito, transformando los suelos al norte de la calle Catalu\u00f1a, en un \u00e1rea b\u00e1sicamente residencial e integr\u00e1ndolos al \u00e1mbito del planeamiento municipal de Pamplona para completar adecuadamente el desarrollo urban\u00edstico de Arrosad\u00eda \u2013 Lezkairu. Esas parcelas se destinar\u00e1n a vivienda VPO, y se reurbanizar\u00e1n parcialmente las zonas peatonales de la calle Catalu\u00f1a. Por otra parte, la redefinici\u00f3n de los l\u00edmites del PSIS se llevar\u00e1 a cabo mediante la delimitaci\u00f3n de una nueva \u00e1rea de reparto que incluir\u00e1, tambi\u00e9n, los suelos y parcelas que ahora ocupan las naves de la calle Sadar y los terrenos de Transportes Iru\u00f1a en el entorno de la rotonda con la calle Tajonar. Este convenio y la posterior aprobaci\u00f3n de la modificaci\u00f3n del PSIS abrir\u00e1n las puertas a la demolici\u00f3n anticipada de las naves situadas en las parcelas de Aceros del Sadar que el Ayuntamiento quiere acelerar para mejorar las condiciones de esa zona.<\/p>\n<p>En el convenio, el Gobierno de Navarra, el Ayuntamiento de Pamplona y la Universidad P\u00fablica, manifiestan su voluntad de colaborar, en beneficio de un eficaz desarrollo de la gesti\u00f3n urban\u00edstica, en la modificaci\u00f3n que se hace precisa para estos fines, y que abarca tanto la del PSIS del Campus Universitario, como la futura modificaci\u00f3n del Plan Municipal de Pamplona, necesaria por la redefinici\u00f3n del \u00e1mbito.<\/p>\n<p><strong>Compromisos de las tres partes<\/strong><\/p>\n<p>Tal y como recoge el convenio, el Ayuntamiento de compromete a redactar el documento denominado \u2018Modificaci\u00f3n del Plan Sectorial de Incidencia Supramunicipal del Campus de la Universidad P\u00fablica de Navarra en el entorno de la calle Catalu\u00f1a y someterlo a la aprobaci\u00f3n del Gobierno de Navarra. Tambi\u00e9n redactar\u00e1 y tramitar\u00e1 los instrumentos de gesti\u00f3n del planeamiento derivados de esa modificaci\u00f3n. En tercer lugar ceder\u00e1 a la UPNA la propiedad de las parcelas dotacionales obtenidas como cesi\u00f3n obligatoria resultantes de la reparcelaci\u00f3n,\u00a0 que se sit\u00faan en el interior de campus universitario, para fines de car\u00e1cter educativo. Por ultimo, una vez urbanizado todo el \u00e1mbito, el Ayuntamiento redactar\u00e1 y tramitar\u00e1 la modificaci\u00f3n del PSIS para redefinir su \u00e1mbito as\u00ed como la consiguiente modificaci\u00f3n del Plan Municipal que incorpore al mismo los terrenos situados al norte de la calle Catalu\u00f1a.<\/p>\n<p>El Gobierno de Navarra tramitar\u00e1 el documento de modificaci\u00f3n del PSIS del Campus Universitario redactado por el Ayuntamiento, as\u00ed como a autorizar al Consistorio la tramitaci\u00f3n y aprobaci\u00f3n de los documentos de gesti\u00f3n necesarios para el desarrollo del \u00e1mbito. Adem\u00e1s, en funci\u00f3n de sus competencias, tramitar\u00e1 la modificaci\u00f3n del PSIS para redefinir su \u00e1mbito y la modificaci\u00f3n del Plan Municipal de Pamplona derivada de esa redelimitaci\u00f3n.<\/p>\n<p>La Universidad P\u00fablica de Navarra, por su parte, se compromete a aceptar la redelimitaci\u00f3n del \u00e1mbito del PSIS del Campus de la UPNA mediante la tramitaci\u00f3n del expediente de modificaci\u00f3n que redactar\u00e1 el Ayuntamiento. Asimismo, aceptar\u00e1 la cesi\u00f3n de las parcelas dotaciones y zonas verdes recogidas en el convenio y asumir\u00e1 desde su creaci\u00f3n los gastos de uso y mantenimiento. Esas parcelas y zonas verdes se ceden con una serie de condiciones: las parcelas dotaciones se destinar\u00e1n a las actividades de la UPNA que, dentro de las funciones que tenga encomendadas, sean inherentes al servicio que presta como instituci\u00f3n p\u00fablica; las zonas verdes se destinar\u00e1n a parque, formando parte del campus. Adem\u00e1s, la UPNA y el Ayuntamiento se comprometen a colaborar en la posible creaci\u00f3n de dotaciones comunes ciudad \u2013 universidad en los terrenos comprendidos en el \u00e1mbito del PSIS, entre el r\u00edo Sadar y la calle del mismo nombre.<\/p>\n<p>&nbsp;<\/p>\n","protected":false},"excerpt":{"rendered":"","protected":false},"author":1,"featured_media":17600,"comment_status":"open","ping_status":"closed","sticky":false,"template":"","format":"standard","meta":{"footnotes":""},"categories":[2],"tags":[],"class_list":["post-19215","post","type-post","status-publish","format-standard","has-post-thumbnail","hentry","category-ayuntamiento-pamplona"],"yoast_head":"<!-- This site is optimized with the Yoast SEO plugin v27.3 - https:\/\/yoast.com\/product\/yoast-seo-wordpress\/ -->\n<title>Ayuntamiento, Gobierno y UPNA firmar\u00e1n un convenio para modificar el PSIS Campus de la Universidad P\u00fablica y redefinir sus l\u00edmites, principalmente en la calle Catalu\u00f1a<\/title>\n<meta name=\"robots\" content=\"index, follow, max-snippet:-1, max-image-preview:large, max-video-preview:-1\" \/>\n<link rel=\"canonical\" href=\"https:\/\/www.laguiadepamplona.com\/actualidad\/ayuntamiento-gobierno-y-upna-firmaran-un-convenio-para-modificar-el-psis-campus-de-la-universidad-publica-y-redefinir-sus-limites-principalmente-en-la-calle-cataluna\/\" \/>\n<meta property=\"og:locale\" content=\"es_ES\" \/>\n<meta property=\"og:type\" content=\"article\" \/>\n<meta property=\"og:title\" content=\"Ayuntamiento, Gobierno y UPNA firmar\u00e1n un convenio para modificar el PSIS Campus de la Universidad P\u00fablica y redefinir sus l\u00edmites, principalmente en la calle Catalu\u00f1a\" \/>\n<meta property=\"og:url\" content=\"https:\/\/www.laguiadepamplona.com\/actualidad\/ayuntamiento-gobierno-y-upna-firmaran-un-convenio-para-modificar-el-psis-campus-de-la-universidad-publica-y-redefinir-sus-limites-principalmente-en-la-calle-cataluna\/\" \/>\n<meta property=\"og:site_name\" content=\"La Gu\u00eda de Pamplona\" \/>\n<meta property=\"article:publisher\" content=\"https:\/\/www.facebook.com\/laguiadepamplonacom-133175176762273\/?ref=hl\" \/>\n<meta property=\"article:published_time\" content=\"2018-10-31T13:02:45+00:00\" \/>\n<meta property=\"og:image\" content=\"https:\/\/www.laguiadepamplona.com\/actualidad\/wp-content\/uploads\/2018\/05\/ayto-pamplona-3.jpg\" \/>\n\t<meta property=\"og:image:width\" content=\"1000\" \/>\n\t<meta property=\"og:image:height\" content=\"555\" \/>\n\t<meta property=\"og:image:type\" content=\"image\/jpeg\" \/>\n<meta name=\"author\" content=\"La Gu\u00eda de Pamplona\" \/>\n<meta name=\"twitter:card\" content=\"summary_large_image\" \/>\n<meta name=\"twitter:creator\" content=\"@LaGuiadPamplona\" \/>\n<meta name=\"twitter:site\" content=\"@LaGuiadPamplona\" \/>\n<meta name=\"twitter:label1\" content=\"Escrito por\" \/>\n\t<meta name=\"twitter:data1\" content=\"La Gu\u00eda de Pamplona\" \/>\n\t<meta name=\"twitter:label2\" content=\"Tiempo de lectura\" \/>\n\t<meta name=\"twitter:data2\" content=\"4 minutos\" \/>\n<script type=\"application\/ld+json\" class=\"yoast-schema-graph\">{\"@context\":\"https:\\\/\\\/schema.org\",\"@graph\":[{\"@type\":\"Article\",\"@id\":\"https:\\\/\\\/www.laguiadepamplona.com\\\/actualidad\\\/ayuntamiento-gobierno-y-upna-firmaran-un-convenio-para-modificar-el-psis-campus-de-la-universidad-publica-y-redefinir-sus-limites-principalmente-en-la-calle-cataluna\\\/#article\",\"isPartOf\":{\"@id\":\"https:\\\/\\\/www.laguiadepamplona.com\\\/actualidad\\\/ayuntamiento-gobierno-y-upna-firmaran-un-convenio-para-modificar-el-psis-campus-de-la-universidad-publica-y-redefinir-sus-limites-principalmente-en-la-calle-cataluna\\\/\"},\"author\":{\"name\":\"La Gu\u00eda de Pamplona\",\"@id\":\"https:\\\/\\\/www.laguiadepamplona.com\\\/actualidad\\\/#\\\/schema\\\/person\\\/efe887376f0213d4657c93adc50b1fdb\"},\"headline\":\"Ayuntamiento, Gobierno y UPNA firmar\u00e1n un convenio para modificar el PSIS Campus de la Universidad P\u00fablica y redefinir sus l\u00edmites, principalmente en la calle Catalu\u00f1a\",\"datePublished\":\"2018-10-31T13:02:45+00:00\",\"mainEntityOfPage\":{\"@id\":\"https:\\\/\\\/www.laguiadepamplona.com\\\/actualidad\\\/ayuntamiento-gobierno-y-upna-firmaran-un-convenio-para-modificar-el-psis-campus-de-la-universidad-publica-y-redefinir-sus-limites-principalmente-en-la-calle-cataluna\\\/\"},\"wordCount\":763,\"commentCount\":0,\"publisher\":{\"@id\":\"https:\\\/\\\/www.laguiadepamplona.com\\\/actualidad\\\/#organization\"},\"image\":{\"@id\":\"https:\\\/\\\/www.laguiadepamplona.com\\\/actualidad\\\/ayuntamiento-gobierno-y-upna-firmaran-un-convenio-para-modificar-el-psis-campus-de-la-universidad-publica-y-redefinir-sus-limites-principalmente-en-la-calle-cataluna\\\/#primaryimage\"},\"thumbnailUrl\":\"https:\\\/\\\/www.laguiadepamplona.com\\\/actualidad\\\/wp-content\\\/uploads\\\/2018\\\/05\\\/ayto-pamplona-3.jpg\",\"articleSection\":[\"Ayto Pamplona\"],\"inLanguage\":\"es\",\"potentialAction\":[{\"@type\":\"CommentAction\",\"name\":\"Comment\",\"target\":[\"https:\\\/\\\/www.laguiadepamplona.com\\\/actualidad\\\/ayuntamiento-gobierno-y-upna-firmaran-un-convenio-para-modificar-el-psis-campus-de-la-universidad-publica-y-redefinir-sus-limites-principalmente-en-la-calle-cataluna\\\/#respond\"]}]},{\"@type\":\"WebPage\",\"@id\":\"https:\\\/\\\/www.laguiadepamplona.com\\\/actualidad\\\/ayuntamiento-gobierno-y-upna-firmaran-un-convenio-para-modificar-el-psis-campus-de-la-universidad-publica-y-redefinir-sus-limites-principalmente-en-la-calle-cataluna\\\/\",\"url\":\"https:\\\/\\\/www.laguiadepamplona.com\\\/actualidad\\\/ayuntamiento-gobierno-y-upna-firmaran-un-convenio-para-modificar-el-psis-campus-de-la-universidad-publica-y-redefinir-sus-limites-principalmente-en-la-calle-cataluna\\\/\",\"name\":\"Ayuntamiento, Gobierno y UPNA firmar\u00e1n un convenio para modificar el PSIS Campus de la Universidad P\u00fablica y redefinir sus l\u00edmites, principalmente en la calle Catalu\u00f1a\",\"isPartOf\":{\"@id\":\"https:\\\/\\\/www.laguiadepamplona.com\\\/actualidad\\\/#website\"},\"primaryImageOfPage\":{\"@id\":\"https:\\\/\\\/www.laguiadepamplona.com\\\/actualidad\\\/ayuntamiento-gobierno-y-upna-firmaran-un-convenio-para-modificar-el-psis-campus-de-la-universidad-publica-y-redefinir-sus-limites-principalmente-en-la-calle-cataluna\\\/#primaryimage\"},\"image\":{\"@id\":\"https:\\\/\\\/www.laguiadepamplona.com\\\/actualidad\\\/ayuntamiento-gobierno-y-upna-firmaran-un-convenio-para-modificar-el-psis-campus-de-la-universidad-publica-y-redefinir-sus-limites-principalmente-en-la-calle-cataluna\\\/#primaryimage\"},\"thumbnailUrl\":\"https:\\\/\\\/www.laguiadepamplona.com\\\/actualidad\\\/wp-content\\\/uploads\\\/2018\\\/05\\\/ayto-pamplona-3.jpg\",\"datePublished\":\"2018-10-31T13:02:45+00:00\",\"breadcrumb\":{\"@id\":\"https:\\\/\\\/www.laguiadepamplona.com\\\/actualidad\\\/ayuntamiento-gobierno-y-upna-firmaran-un-convenio-para-modificar-el-psis-campus-de-la-universidad-publica-y-redefinir-sus-limites-principalmente-en-la-calle-cataluna\\\/#breadcrumb\"},\"inLanguage\":\"es\",\"potentialAction\":[{\"@type\":\"ReadAction\",\"target\":[\"https:\\\/\\\/www.laguiadepamplona.com\\\/actualidad\\\/ayuntamiento-gobierno-y-upna-firmaran-un-convenio-para-modificar-el-psis-campus-de-la-universidad-publica-y-redefinir-sus-limites-principalmente-en-la-calle-cataluna\\\/\"]}]},{\"@type\":\"ImageObject\",\"inLanguage\":\"es\",\"@id\":\"https:\\\/\\\/www.laguiadepamplona.com\\\/actualidad\\\/ayuntamiento-gobierno-y-upna-firmaran-un-convenio-para-modificar-el-psis-campus-de-la-universidad-publica-y-redefinir-sus-limites-principalmente-en-la-calle-cataluna\\\/#primaryimage\",\"url\":\"https:\\\/\\\/www.laguiadepamplona.com\\\/actualidad\\\/wp-content\\\/uploads\\\/2018\\\/05\\\/ayto-pamplona-3.jpg\",\"contentUrl\":\"https:\\\/\\\/www.laguiadepamplona.com\\\/actualidad\\\/wp-content\\\/uploads\\\/2018\\\/05\\\/ayto-pamplona-3.jpg\",\"width\":1000,\"height\":555},{\"@type\":\"BreadcrumbList\",\"@id\":\"https:\\\/\\\/www.laguiadepamplona.com\\\/actualidad\\\/ayuntamiento-gobierno-y-upna-firmaran-un-convenio-para-modificar-el-psis-campus-de-la-universidad-publica-y-redefinir-sus-limites-principalmente-en-la-calle-cataluna\\\/#breadcrumb\",\"itemListElement\":[{\"@type\":\"ListItem\",\"position\":1,\"name\":\"Portada\",\"item\":\"https:\\\/\\\/www.laguiadepamplona.com\\\/actualidad\\\/\"},{\"@type\":\"ListItem\",\"position\":2,\"name\":\"Ayuntamiento, Gobierno y UPNA firmar\u00e1n un convenio para modificar el PSIS Campus de la Universidad P\u00fablica y redefinir sus l\u00edmites, principalmente en la calle Catalu\u00f1a\"}]},{\"@type\":\"WebSite\",\"@id\":\"https:\\\/\\\/www.laguiadepamplona.com\\\/actualidad\\\/#website\",\"url\":\"https:\\\/\\\/www.laguiadepamplona.com\\\/actualidad\\\/\",\"name\":\"La gu\u00eda de Pamplona\",\"description\":\"Noticias de Pamplona\",\"publisher\":{\"@id\":\"https:\\\/\\\/www.laguiadepamplona.com\\\/actualidad\\\/#organization\"},\"potentialAction\":[{\"@type\":\"SearchAction\",\"target\":{\"@type\":\"EntryPoint\",\"urlTemplate\":\"https:\\\/\\\/www.laguiadepamplona.com\\\/actualidad\\\/?s={search_term_string}\"},\"query-input\":{\"@type\":\"PropertyValueSpecification\",\"valueRequired\":true,\"valueName\":\"search_term_string\"}}],\"inLanguage\":\"es\"},{\"@type\":\"Organization\",\"@id\":\"https:\\\/\\\/www.laguiadepamplona.com\\\/actualidad\\\/#organization\",\"name\":\"La Gu\u00eda de Pamplona \\\/ Noticias\",\"url\":\"https:\\\/\\\/www.laguiadepamplona.com\\\/actualidad\\\/\",\"logo\":{\"@type\":\"ImageObject\",\"inLanguage\":\"es\",\"@id\":\"https:\\\/\\\/www.laguiadepamplona.com\\\/actualidad\\\/#\\\/schema\\\/logo\\\/image\\\/\",\"url\":\"https:\\\/\\\/www.laguiadepamplona.com\\\/actualidad\\\/wp-content\\\/uploads\\\/2018\\\/11\\\/logo-laguiadepamplona18-web1.png\",\"contentUrl\":\"https:\\\/\\\/www.laguiadepamplona.com\\\/actualidad\\\/wp-content\\\/uploads\\\/2018\\\/11\\\/logo-laguiadepamplona18-web1.png\",\"width\":600,\"height\":196,\"caption\":\"La Gu\u00eda de Pamplona \\\/ Noticias\"},\"image\":{\"@id\":\"https:\\\/\\\/www.laguiadepamplona.com\\\/actualidad\\\/#\\\/schema\\\/logo\\\/image\\\/\"},\"sameAs\":[\"https:\\\/\\\/www.facebook.com\\\/laguiadepamplonacom-133175176762273\\\/?ref=hl\",\"https:\\\/\\\/x.com\\\/LaGuiadPamplona\",\"https:\\\/\\\/www.instagram.com\\\/la_guia_de_pamplona\\\/\",\"https:\\\/\\\/www.youtube.com\\\/user\\\/laguiadepamplona\"]},{\"@type\":\"Person\",\"@id\":\"https:\\\/\\\/www.laguiadepamplona.com\\\/actualidad\\\/#\\\/schema\\\/person\\\/efe887376f0213d4657c93adc50b1fdb\",\"name\":\"La Gu\u00eda de Pamplona\",\"image\":{\"@type\":\"ImageObject\",\"inLanguage\":\"es\",\"@id\":\"https:\\\/\\\/secure.gravatar.com\\\/avatar\\\/b6992f131dc8d30ab0dff15446e9d346d9dbd95992de0fef795073f5ea83a81c?s=96&d=mm&r=g\",\"url\":\"https:\\\/\\\/secure.gravatar.com\\\/avatar\\\/b6992f131dc8d30ab0dff15446e9d346d9dbd95992de0fef795073f5ea83a81c?s=96&d=mm&r=g\",\"contentUrl\":\"https:\\\/\\\/secure.gravatar.com\\\/avatar\\\/b6992f131dc8d30ab0dff15446e9d346d9dbd95992de0fef795073f5ea83a81c?s=96&d=mm&r=g\",\"caption\":\"La Gu\u00eda de Pamplona\"}}]}<\/script>\n<!-- \/ Yoast SEO plugin. -->","yoast_head_json":{"title":"Ayuntamiento, Gobierno y UPNA firmar\u00e1n un convenio para modificar el PSIS Campus de la Universidad P\u00fablica y redefinir sus l\u00edmites, principalmente en la calle Catalu\u00f1a","robots":{"index":"index","follow":"follow","max-snippet":"max-snippet:-1","max-image-preview":"max-image-preview:large","max-video-preview":"max-video-preview:-1"},"canonical":"https:\/\/www.laguiadepamplona.com\/actualidad\/ayuntamiento-gobierno-y-upna-firmaran-un-convenio-para-modificar-el-psis-campus-de-la-universidad-publica-y-redefinir-sus-limites-principalmente-en-la-calle-cataluna\/","og_locale":"es_ES","og_type":"article","og_title":"Ayuntamiento, Gobierno y UPNA firmar\u00e1n un convenio para modificar el PSIS Campus de la Universidad P\u00fablica y redefinir sus l\u00edmites, principalmente en la calle Catalu\u00f1a","og_url":"https:\/\/www.laguiadepamplona.com\/actualidad\/ayuntamiento-gobierno-y-upna-firmaran-un-convenio-para-modificar-el-psis-campus-de-la-universidad-publica-y-redefinir-sus-limites-principalmente-en-la-calle-cataluna\/","og_site_name":"La Gu\u00eda de Pamplona","article_publisher":"https:\/\/www.facebook.com\/laguiadepamplonacom-133175176762273\/?ref=hl","article_published_time":"2018-10-31T13:02:45+00:00","og_image":[{"width":1000,"height":555,"url":"https:\/\/www.laguiadepamplona.com\/actualidad\/wp-content\/uploads\/2018\/05\/ayto-pamplona-3.jpg","type":"image\/jpeg"}],"author":"La Gu\u00eda de Pamplona","twitter_card":"summary_large_image","twitter_creator":"@LaGuiadPamplona","twitter_site":"@LaGuiadPamplona","twitter_misc":{"Escrito por":"La Gu\u00eda de Pamplona","Tiempo de lectura":"4 minutos"},"schema":{"@context":"https:\/\/schema.org","@graph":[{"@type":"Article","@id":"https:\/\/www.laguiadepamplona.com\/actualidad\/ayuntamiento-gobierno-y-upna-firmaran-un-convenio-para-modificar-el-psis-campus-de-la-universidad-publica-y-redefinir-sus-limites-principalmente-en-la-calle-cataluna\/#article","isPartOf":{"@id":"https:\/\/www.laguiadepamplona.com\/actualidad\/ayuntamiento-gobierno-y-upna-firmaran-un-convenio-para-modificar-el-psis-campus-de-la-universidad-publica-y-redefinir-sus-limites-principalmente-en-la-calle-cataluna\/"},"author":{"name":"La Gu\u00eda de Pamplona","@id":"https:\/\/www.laguiadepamplona.com\/actualidad\/#\/schema\/person\/efe887376f0213d4657c93adc50b1fdb"},"headline":"Ayuntamiento, Gobierno y UPNA firmar\u00e1n un convenio para modificar el PSIS Campus de la Universidad P\u00fablica y redefinir sus l\u00edmites, principalmente en la calle Catalu\u00f1a","datePublished":"2018-10-31T13:02:45+00:00","mainEntityOfPage":{"@id":"https:\/\/www.laguiadepamplona.com\/actualidad\/ayuntamiento-gobierno-y-upna-firmaran-un-convenio-para-modificar-el-psis-campus-de-la-universidad-publica-y-redefinir-sus-limites-principalmente-en-la-calle-cataluna\/"},"wordCount":763,"commentCount":0,"publisher":{"@id":"https:\/\/www.laguiadepamplona.com\/actualidad\/#organization"},"image":{"@id":"https:\/\/www.laguiadepamplona.com\/actualidad\/ayuntamiento-gobierno-y-upna-firmaran-un-convenio-para-modificar-el-psis-campus-de-la-universidad-publica-y-redefinir-sus-limites-principalmente-en-la-calle-cataluna\/#primaryimage"},"thumbnailUrl":"https:\/\/www.laguiadepamplona.com\/actualidad\/wp-content\/uploads\/2018\/05\/ayto-pamplona-3.jpg","articleSection":["Ayto Pamplona"],"inLanguage":"es","potentialAction":[{"@type":"CommentAction","name":"Comment","target":["https:\/\/www.laguiadepamplona.com\/actualidad\/ayuntamiento-gobierno-y-upna-firmaran-un-convenio-para-modificar-el-psis-campus-de-la-universidad-publica-y-redefinir-sus-limites-principalmente-en-la-calle-cataluna\/#respond"]}]},{"@type":"WebPage","@id":"https:\/\/www.laguiadepamplona.com\/actualidad\/ayuntamiento-gobierno-y-upna-firmaran-un-convenio-para-modificar-el-psis-campus-de-la-universidad-publica-y-redefinir-sus-limites-principalmente-en-la-calle-cataluna\/","url":"https:\/\/www.laguiadepamplona.com\/actualidad\/ayuntamiento-gobierno-y-upna-firmaran-un-convenio-para-modificar-el-psis-campus-de-la-universidad-publica-y-redefinir-sus-limites-principalmente-en-la-calle-cataluna\/","name":"Ayuntamiento, Gobierno y UPNA firmar\u00e1n un convenio para modificar el PSIS Campus de la Universidad P\u00fablica y redefinir sus l\u00edmites, principalmente en la calle Catalu\u00f1a","isPartOf":{"@id":"https:\/\/www.laguiadepamplona.com\/actualidad\/#website"},"primaryImageOfPage":{"@id":"https:\/\/www.laguiadepamplona.com\/actualidad\/ayuntamiento-gobierno-y-upna-firmaran-un-convenio-para-modificar-el-psis-campus-de-la-universidad-publica-y-redefinir-sus-limites-principalmente-en-la-calle-cataluna\/#primaryimage"},"image":{"@id":"https:\/\/www.laguiadepamplona.com\/actualidad\/ayuntamiento-gobierno-y-upna-firmaran-un-convenio-para-modificar-el-psis-campus-de-la-universidad-publica-y-redefinir-sus-limites-principalmente-en-la-calle-cataluna\/#primaryimage"},"thumbnailUrl":"https:\/\/www.laguiadepamplona.com\/actualidad\/wp-content\/uploads\/2018\/05\/ayto-pamplona-3.jpg","datePublished":"2018-10-31T13:02:45+00:00","breadcrumb":{"@id":"https:\/\/www.laguiadepamplona.com\/actualidad\/ayuntamiento-gobierno-y-upna-firmaran-un-convenio-para-modificar-el-psis-campus-de-la-universidad-publica-y-redefinir-sus-limites-principalmente-en-la-calle-cataluna\/#breadcrumb"},"inLanguage":"es","potentialAction":[{"@type":"ReadAction","target":["https:\/\/www.laguiadepamplona.com\/actualidad\/ayuntamiento-gobierno-y-upna-firmaran-un-convenio-para-modificar-el-psis-campus-de-la-universidad-publica-y-redefinir-sus-limites-principalmente-en-la-calle-cataluna\/"]}]},{"@type":"ImageObject","inLanguage":"es","@id":"https:\/\/www.laguiadepamplona.com\/actualidad\/ayuntamiento-gobierno-y-upna-firmaran-un-convenio-para-modificar-el-psis-campus-de-la-universidad-publica-y-redefinir-sus-limites-principalmente-en-la-calle-cataluna\/#primaryimage","url":"https:\/\/www.laguiadepamplona.com\/actualidad\/wp-content\/uploads\/2018\/05\/ayto-pamplona-3.jpg","contentUrl":"https:\/\/www.laguiadepamplona.com\/actualidad\/wp-content\/uploads\/2018\/05\/ayto-pamplona-3.jpg","width":1000,"height":555},{"@type":"BreadcrumbList","@id":"https:\/\/www.laguiadepamplona.com\/actualidad\/ayuntamiento-gobierno-y-upna-firmaran-un-convenio-para-modificar-el-psis-campus-de-la-universidad-publica-y-redefinir-sus-limites-principalmente-en-la-calle-cataluna\/#breadcrumb","itemListElement":[{"@type":"ListItem","position":1,"name":"Portada","item":"https:\/\/www.laguiadepamplona.com\/actualidad\/"},{"@type":"ListItem","position":2,"name":"Ayuntamiento, Gobierno y UPNA firmar\u00e1n un convenio para modificar el PSIS Campus de la Universidad P\u00fablica y redefinir sus l\u00edmites, principalmente en la calle Catalu\u00f1a"}]},{"@type":"WebSite","@id":"https:\/\/www.laguiadepamplona.com\/actualidad\/#website","url":"https:\/\/www.laguiadepamplona.com\/actualidad\/","name":"La gu\u00eda de Pamplona","description":"Noticias de Pamplona","publisher":{"@id":"https:\/\/www.laguiadepamplona.com\/actualidad\/#organization"},"potentialAction":[{"@type":"SearchAction","target":{"@type":"EntryPoint","urlTemplate":"https:\/\/www.laguiadepamplona.com\/actualidad\/?s={search_term_string}"},"query-input":{"@type":"PropertyValueSpecification","valueRequired":true,"valueName":"search_term_string"}}],"inLanguage":"es"},{"@type":"Organization","@id":"https:\/\/www.laguiadepamplona.com\/actualidad\/#organization","name":"La Gu\u00eda de Pamplona \/ Noticias","url":"https:\/\/www.laguiadepamplona.com\/actualidad\/","logo":{"@type":"ImageObject","inLanguage":"es","@id":"https:\/\/www.laguiadepamplona.com\/actualidad\/#\/schema\/logo\/image\/","url":"https:\/\/www.laguiadepamplona.com\/actualidad\/wp-content\/uploads\/2018\/11\/logo-laguiadepamplona18-web1.png","contentUrl":"https:\/\/www.laguiadepamplona.com\/actualidad\/wp-content\/uploads\/2018\/11\/logo-laguiadepamplona18-web1.png","width":600,"height":196,"caption":"La Gu\u00eda de Pamplona \/ Noticias"},"image":{"@id":"https:\/\/www.laguiadepamplona.com\/actualidad\/#\/schema\/logo\/image\/"},"sameAs":["https:\/\/www.facebook.com\/laguiadepamplonacom-133175176762273\/?ref=hl","https:\/\/x.com\/LaGuiadPamplona","https:\/\/www.instagram.com\/la_guia_de_pamplona\/","https:\/\/www.youtube.com\/user\/laguiadepamplona"]},{"@type":"Person","@id":"https:\/\/www.laguiadepamplona.com\/actualidad\/#\/schema\/person\/efe887376f0213d4657c93adc50b1fdb","name":"La Gu\u00eda de Pamplona","image":{"@type":"ImageObject","inLanguage":"es","@id":"https:\/\/secure.gravatar.com\/avatar\/b6992f131dc8d30ab0dff15446e9d346d9dbd95992de0fef795073f5ea83a81c?s=96&d=mm&r=g","url":"https:\/\/secure.gravatar.com\/avatar\/b6992f131dc8d30ab0dff15446e9d346d9dbd95992de0fef795073f5ea83a81c?s=96&d=mm&r=g","contentUrl":"https:\/\/secure.gravatar.com\/avatar\/b6992f131dc8d30ab0dff15446e9d346d9dbd95992de0fef795073f5ea83a81c?s=96&d=mm&r=g","caption":"La Gu\u00eda de Pamplona"}}]}},"post_mailing_queue_ids":[],"_links":{"self":[{"href":"https:\/\/www.laguiadepamplona.com\/actualidad\/wp-json\/wp\/v2\/posts\/19215","targetHints":{"allow":["GET"]}}],"collection":[{"href":"https:\/\/www.laguiadepamplona.com\/actualidad\/wp-json\/wp\/v2\/posts"}],"about":[{"href":"https:\/\/www.laguiadepamplona.com\/actualidad\/wp-json\/wp\/v2\/types\/post"}],"author":[{"embeddable":true,"href":"https:\/\/www.laguiadepamplona.com\/actualidad\/wp-json\/wp\/v2\/users\/1"}],"replies":[{"embeddable":true,"href":"https:\/\/www.laguiadepamplona.com\/actualidad\/wp-json\/wp\/v2\/comments?post=19215"}],"version-history":[{"count":0,"href":"https:\/\/www.laguiadepamplona.com\/actualidad\/wp-json\/wp\/v2\/posts\/19215\/revisions"}],"wp:featuredmedia":[{"embeddable":true,"href":"https:\/\/www.laguiadepamplona.com\/actualidad\/wp-json\/wp\/v2\/media\/17600"}],"wp:attachment":[{"href":"https:\/\/www.laguiadepamplona.com\/actualidad\/wp-json\/wp\/v2\/media?parent=19215"}],"wp:term":[{"taxonomy":"category","embeddable":true,"href":"https:\/\/www.laguiadepamplona.com\/actualidad\/wp-json\/wp\/v2\/categories?post=19215"},{"taxonomy":"post_tag","embeddable":true,"href":"https:\/\/www.laguiadepamplona.com\/actualidad\/wp-json\/wp\/v2\/tags?post=19215"}],"curies":[{"name":"wp","href":"https:\/\/api.w.org\/{rel}","templated":true}]}}