{"id":19212,"date":"2018-10-30T16:21:04","date_gmt":"2018-10-30T14:21:04","guid":{"rendered":"https:\/\/www.laguiadepamplona.es\/actualidad\/?p=19212"},"modified":"2018-10-30T16:21:04","modified_gmt":"2018-10-30T14:21:04","slug":"entregados-los-diplomas-a-30-jovenes-entre-16-y-29-anos-que-se-han-formado-en-las-escuelas-taller-de-albanileria-en-rehabilitacion-de-edificios-y-de-canteria-y-almacenamiento","status":"publish","type":"post","link":"https:\/\/www.laguiadepamplona.com\/actualidad\/entregados-los-diplomas-a-30-jovenes-entre-16-y-29-anos-que-se-han-formado-en-las-escuelas-taller-de-albanileria-en-rehabilitacion-de-edificios-y-de-canteria-y-almacenamiento\/","title":{"rendered":"Entregados los diplomas a 30 j\u00f3venes entre 16 y 29 a\u00f1os que se han formado en las escuelas taller de alba\u00f1iler\u00eda en rehabilitaci\u00f3n de edificios y de canter\u00eda y almacenamiento"},"content":{"rendered":"<h3>Esta ma\u00f1ana se han clausurado ambos cursos, que se iniciaron en junio de 2017, con los que el alumnado ha obtenido su Certificado de Profesionalidad<\/h3>\n<p><!--more--><\/p>\n<p>Esta ma\u00f1ana se han clausurado los cursos de las escuelas taller de alba\u00f1iler\u00eda en rehabilitaci\u00f3n de edificios y de canter\u00eda y almacenamiento, dos escuelas taller que comenzaron en junio de 2017 y que durante aproximadamente a\u00f1o y medio han formado a j\u00f3venes de entre 16 y 29 a\u00f1os. El alcalde de Pamplona, Joseba Asiron, y representantes del Servicio Navarro de Empleo han acudido al acto de clausura de ambas escuelas taller, que ha tenido lugar en el Centro de Formaci\u00f3n para el Empleo de Landaben, y han entregado los diplomas a los 30 alumnos que han completado la formaci\u00f3n.<\/p>\n<p>Por la Escuela Taller de Alba\u00f1iler\u00eda han pasado en este periodo 23 j\u00f3venes. Once de ellos han obtenido el Certificado de Profesionalidad de Nivel 1 completo en Operaciones auxiliares de alba\u00f1iler\u00eda de f\u00e1bricas y cubiertas. Otros tres alumnos han logrado su cualificaci\u00f3n en m\u00f3dulos sueltos de ese mismo ciclo formativo. Por su parte, de los 26 alumnos inscritos en la Escuela Taller de Canter\u00eda y Almacenamiento a lo largo de este a\u00f1o y medio de curso 8 se han el Certificado de Profesionalidad de Nivel 1 en Operaciones auxiliares en plantas de elaboraci\u00f3n de piedra natural y de tratamiento y beneficio de minerales y rocas y otros 15 j\u00f3venes han obtenido su certificado en algunos de los m\u00f3dulos que se impart\u00edan en la formaci\u00f3n.<\/p>\n<p>El perfil del alumnado en esta edici\u00f3n de ambas escuelas ha sido el de un joven con una media de edad de 22 a\u00f1os, con un 57% de personas de Pamplona y un 43% de localidades de la comarca. En cuanto al nivel medio de estudios, el 71% contaba con estudios primarios. Durante su formaci\u00f3n en las escuelas taller varios de los alumnos han aprobado competencias en matem\u00e1ticas y lenguaje. Adem\u00e1s, han recibido formaci\u00f3n complementaria en \u00e1mbitos como el emprendimiento y la innovaci\u00f3n, la igualdad de g\u00e9nero, la prevenci\u00f3n de riesgos laborales, las TIC o sensibilizaci\u00f3n ambiental.<\/p>\n<p>Las dos escuelas taller se pusieron en marcha con una financiaci\u00f3n compartida entre el Servicio Navarro de Empleo y el Ayuntamiento de Pamplona. La Escuela Taller de Alba\u00f1iler\u00eda ha contado con un presupuesto de 363.575 euros, financiado en un 62% por el Servicio Navarro de Empleo (225.000 euros) y con un 38% aportado por el Consistorio pamplon\u00e9s (138.575 euros). Presupuesto similar ha tenido la Escuela Taller de Canter\u00eda y Almacenamiento, 360.120 euros, de los que 225.000 (un 62,5%) aport\u00f3 el Servicio Navarro de Empleo y 135.120 euros (un 37,5%) el Ayuntamiento de Pamplona.<\/p>\n<p><strong>Conocimiento del oficio y obra social en la ciudad<\/strong><\/p>\n<p>El curso de la Escuela Taller de Alba\u00f1iler\u00eda ha incluido conocimiento del oficio en cuestiones como replanteos, levante de bloques, levante de ladrillos, enfoscados, guarnecidos, alicatados, solados, fachadas ventiladas, cubierta de teja, placa de yeso laminada y escaleras. Durante el curso, el alumnado de esta escuela taller ha llevado a cabo la rehabilitaci\u00f3n energ\u00e9tica y la reforma interior de seis viviendas municipales en el Grupo de San Pedro, en el barrio de la Rochapea.<\/p>\n<p>El oficio impartido en la Escuela Taller de Canter\u00eda y Almacenamiento inclu\u00eda la formaci\u00f3n en labra de piedra natural, acabados en piedra, colocaci\u00f3n de mamposter\u00eda, solados, gradas, m\u00e1quina de corte, grabados, limpieza y rejuntado, alba\u00f1iler\u00eda b\u00e1sica, montaje de andamios, fachadas ventiladas, trabajos auxiliares de obra, dibujo y presupuestos. Entre otros proyectos y trabajos realizados durante el curso de la escuela taller, el alumnado se ha ocupado de la restauraci\u00f3n y mantenimiento de la casamata y la plaza baja de los restos del baluarte de la Victoria y han restaurado tambi\u00e9n la escultura de Alfredo Sada \u2018Pi\u00f1a\u2019.<\/p>\n<p>&nbsp;<\/p>\n","protected":false},"excerpt":{"rendered":"<p>Esta ma\u00f1ana se han clausurado ambos cursos, que se iniciaron en junio de 2017, con los que el alumnado ha obtenido su Certificado de Profesionalidad<\/p>\n","protected":false},"author":1,"featured_media":19213,"comment_status":"open","ping_status":"closed","sticky":false,"template":"","format":"standard","meta":{"footnotes":""},"categories":[2],"tags":[],"class_list":["post-19212","post","type-post","status-publish","format-standard","has-post-thumbnail","hentry","category-ayuntamiento-pamplona"],"yoast_head":"<!-- This site is optimized with the Yoast SEO plugin v27.3 - https:\/\/yoast.com\/product\/yoast-seo-wordpress\/ -->\n<title>Entregados los diplomas a 30 j\u00f3venes entre 16 y 29 a\u00f1os que se han formado en las escuelas taller de alba\u00f1iler\u00eda en rehabilitaci\u00f3n de edificios y de canter\u00eda y almacenamiento<\/title>\n<meta name=\"robots\" content=\"index, follow, max-snippet:-1, max-image-preview:large, max-video-preview:-1\" \/>\n<link rel=\"canonical\" href=\"https:\/\/www.laguiadepamplona.com\/actualidad\/entregados-los-diplomas-a-30-jovenes-entre-16-y-29-anos-que-se-han-formado-en-las-escuelas-taller-de-albanileria-en-rehabilitacion-de-edificios-y-de-canteria-y-almacenamiento\/\" \/>\n<meta property=\"og:locale\" content=\"es_ES\" \/>\n<meta property=\"og:type\" content=\"article\" \/>\n<meta property=\"og:title\" content=\"Entregados los diplomas a 30 j\u00f3venes entre 16 y 29 a\u00f1os que se han formado en las escuelas taller de alba\u00f1iler\u00eda en rehabilitaci\u00f3n de edificios y de canter\u00eda y almacenamiento\" \/>\n<meta property=\"og:description\" content=\"Esta ma\u00f1ana se han clausurado ambos cursos, que se iniciaron en junio de 2017, con los que el alumnado ha obtenido su Certificado de Profesionalidad\" \/>\n<meta property=\"og:url\" content=\"https:\/\/www.laguiadepamplona.com\/actualidad\/entregados-los-diplomas-a-30-jovenes-entre-16-y-29-anos-que-se-han-formado-en-las-escuelas-taller-de-albanileria-en-rehabilitacion-de-edificios-y-de-canteria-y-almacenamiento\/\" \/>\n<meta property=\"og:site_name\" content=\"La Gu\u00eda de Pamplona\" \/>\n<meta property=\"article:publisher\" content=\"https:\/\/www.facebook.com\/laguiadepamplonacom-133175176762273\/?ref=hl\" \/>\n<meta property=\"article:published_time\" content=\"2018-10-30T14:21:04+00:00\" \/>\n<meta property=\"og:image\" content=\"https:\/\/www.laguiadepamplona.com\/actualidad\/wp-content\/uploads\/2018\/10\/18.10.30_Clausura-escuelas-taller.jpg\" \/>\n\t<meta property=\"og:image:width\" content=\"1000\" \/>\n\t<meta property=\"og:image:height\" content=\"666\" \/>\n\t<meta property=\"og:image:type\" content=\"image\/jpeg\" \/>\n<meta name=\"author\" content=\"La Gu\u00eda de Pamplona\" \/>\n<meta name=\"twitter:card\" content=\"summary_large_image\" \/>\n<meta name=\"twitter:creator\" content=\"@LaGuiadPamplona\" \/>\n<meta name=\"twitter:site\" content=\"@LaGuiadPamplona\" \/>\n<meta name=\"twitter:label1\" content=\"Escrito por\" \/>\n\t<meta name=\"twitter:data1\" content=\"La Gu\u00eda de Pamplona\" \/>\n\t<meta name=\"twitter:label2\" content=\"Tiempo de lectura\" \/>\n\t<meta name=\"twitter:data2\" content=\"3 minutos\" \/>\n<script type=\"application\/ld+json\" class=\"yoast-schema-graph\">{\"@context\":\"https:\\\/\\\/schema.org\",\"@graph\":[{\"@type\":\"Article\",\"@id\":\"https:\\\/\\\/www.laguiadepamplona.com\\\/actualidad\\\/entregados-los-diplomas-a-30-jovenes-entre-16-y-29-anos-que-se-han-formado-en-las-escuelas-taller-de-albanileria-en-rehabilitacion-de-edificios-y-de-canteria-y-almacenamiento\\\/#article\",\"isPartOf\":{\"@id\":\"https:\\\/\\\/www.laguiadepamplona.com\\\/actualidad\\\/entregados-los-diplomas-a-30-jovenes-entre-16-y-29-anos-que-se-han-formado-en-las-escuelas-taller-de-albanileria-en-rehabilitacion-de-edificios-y-de-canteria-y-almacenamiento\\\/\"},\"author\":{\"name\":\"La Gu\u00eda de Pamplona\",\"@id\":\"https:\\\/\\\/www.laguiadepamplona.com\\\/actualidad\\\/#\\\/schema\\\/person\\\/efe887376f0213d4657c93adc50b1fdb\"},\"headline\":\"Entregados los diplomas a 30 j\u00f3venes entre 16 y 29 a\u00f1os que se han formado en las escuelas taller de alba\u00f1iler\u00eda en rehabilitaci\u00f3n de edificios y de canter\u00eda y almacenamiento\",\"datePublished\":\"2018-10-30T14:21:04+00:00\",\"mainEntityOfPage\":{\"@id\":\"https:\\\/\\\/www.laguiadepamplona.com\\\/actualidad\\\/entregados-los-diplomas-a-30-jovenes-entre-16-y-29-anos-que-se-han-formado-en-las-escuelas-taller-de-albanileria-en-rehabilitacion-de-edificios-y-de-canteria-y-almacenamiento\\\/\"},\"wordCount\":683,\"commentCount\":0,\"publisher\":{\"@id\":\"https:\\\/\\\/www.laguiadepamplona.com\\\/actualidad\\\/#organization\"},\"image\":{\"@id\":\"https:\\\/\\\/www.laguiadepamplona.com\\\/actualidad\\\/entregados-los-diplomas-a-30-jovenes-entre-16-y-29-anos-que-se-han-formado-en-las-escuelas-taller-de-albanileria-en-rehabilitacion-de-edificios-y-de-canteria-y-almacenamiento\\\/#primaryimage\"},\"thumbnailUrl\":\"https:\\\/\\\/www.laguiadepamplona.com\\\/actualidad\\\/wp-content\\\/uploads\\\/2018\\\/10\\\/18.10.30_Clausura-escuelas-taller.jpg\",\"articleSection\":[\"Ayto Pamplona\"],\"inLanguage\":\"es\",\"potentialAction\":[{\"@type\":\"CommentAction\",\"name\":\"Comment\",\"target\":[\"https:\\\/\\\/www.laguiadepamplona.com\\\/actualidad\\\/entregados-los-diplomas-a-30-jovenes-entre-16-y-29-anos-que-se-han-formado-en-las-escuelas-taller-de-albanileria-en-rehabilitacion-de-edificios-y-de-canteria-y-almacenamiento\\\/#respond\"]}]},{\"@type\":\"WebPage\",\"@id\":\"https:\\\/\\\/www.laguiadepamplona.com\\\/actualidad\\\/entregados-los-diplomas-a-30-jovenes-entre-16-y-29-anos-que-se-han-formado-en-las-escuelas-taller-de-albanileria-en-rehabilitacion-de-edificios-y-de-canteria-y-almacenamiento\\\/\",\"url\":\"https:\\\/\\\/www.laguiadepamplona.com\\\/actualidad\\\/entregados-los-diplomas-a-30-jovenes-entre-16-y-29-anos-que-se-han-formado-en-las-escuelas-taller-de-albanileria-en-rehabilitacion-de-edificios-y-de-canteria-y-almacenamiento\\\/\",\"name\":\"Entregados los diplomas a 30 j\u00f3venes entre 16 y 29 a\u00f1os que se han formado en las escuelas taller de alba\u00f1iler\u00eda en rehabilitaci\u00f3n de edificios y de canter\u00eda y almacenamiento\",\"isPartOf\":{\"@id\":\"https:\\\/\\\/www.laguiadepamplona.com\\\/actualidad\\\/#website\"},\"primaryImageOfPage\":{\"@id\":\"https:\\\/\\\/www.laguiadepamplona.com\\\/actualidad\\\/entregados-los-diplomas-a-30-jovenes-entre-16-y-29-anos-que-se-han-formado-en-las-escuelas-taller-de-albanileria-en-rehabilitacion-de-edificios-y-de-canteria-y-almacenamiento\\\/#primaryimage\"},\"image\":{\"@id\":\"https:\\\/\\\/www.laguiadepamplona.com\\\/actualidad\\\/entregados-los-diplomas-a-30-jovenes-entre-16-y-29-anos-que-se-han-formado-en-las-escuelas-taller-de-albanileria-en-rehabilitacion-de-edificios-y-de-canteria-y-almacenamiento\\\/#primaryimage\"},\"thumbnailUrl\":\"https:\\\/\\\/www.laguiadepamplona.com\\\/actualidad\\\/wp-content\\\/uploads\\\/2018\\\/10\\\/18.10.30_Clausura-escuelas-taller.jpg\",\"datePublished\":\"2018-10-30T14:21:04+00:00\",\"breadcrumb\":{\"@id\":\"https:\\\/\\\/www.laguiadepamplona.com\\\/actualidad\\\/entregados-los-diplomas-a-30-jovenes-entre-16-y-29-anos-que-se-han-formado-en-las-escuelas-taller-de-albanileria-en-rehabilitacion-de-edificios-y-de-canteria-y-almacenamiento\\\/#breadcrumb\"},\"inLanguage\":\"es\",\"potentialAction\":[{\"@type\":\"ReadAction\",\"target\":[\"https:\\\/\\\/www.laguiadepamplona.com\\\/actualidad\\\/entregados-los-diplomas-a-30-jovenes-entre-16-y-29-anos-que-se-han-formado-en-las-escuelas-taller-de-albanileria-en-rehabilitacion-de-edificios-y-de-canteria-y-almacenamiento\\\/\"]}]},{\"@type\":\"ImageObject\",\"inLanguage\":\"es\",\"@id\":\"https:\\\/\\\/www.laguiadepamplona.com\\\/actualidad\\\/entregados-los-diplomas-a-30-jovenes-entre-16-y-29-anos-que-se-han-formado-en-las-escuelas-taller-de-albanileria-en-rehabilitacion-de-edificios-y-de-canteria-y-almacenamiento\\\/#primaryimage\",\"url\":\"https:\\\/\\\/www.laguiadepamplona.com\\\/actualidad\\\/wp-content\\\/uploads\\\/2018\\\/10\\\/18.10.30_Clausura-escuelas-taller.jpg\",\"contentUrl\":\"https:\\\/\\\/www.laguiadepamplona.com\\\/actualidad\\\/wp-content\\\/uploads\\\/2018\\\/10\\\/18.10.30_Clausura-escuelas-taller.jpg\",\"width\":1000,\"height\":666},{\"@type\":\"BreadcrumbList\",\"@id\":\"https:\\\/\\\/www.laguiadepamplona.com\\\/actualidad\\\/entregados-los-diplomas-a-30-jovenes-entre-16-y-29-anos-que-se-han-formado-en-las-escuelas-taller-de-albanileria-en-rehabilitacion-de-edificios-y-de-canteria-y-almacenamiento\\\/#breadcrumb\",\"itemListElement\":[{\"@type\":\"ListItem\",\"position\":1,\"name\":\"Portada\",\"item\":\"https:\\\/\\\/www.laguiadepamplona.com\\\/actualidad\\\/\"},{\"@type\":\"ListItem\",\"position\":2,\"name\":\"Entregados los diplomas a 30 j\u00f3venes entre 16 y 29 a\u00f1os que se han formado en las escuelas taller de alba\u00f1iler\u00eda en rehabilitaci\u00f3n de edificios y de canter\u00eda y almacenamiento\"}]},{\"@type\":\"WebSite\",\"@id\":\"https:\\\/\\\/www.laguiadepamplona.com\\\/actualidad\\\/#website\",\"url\":\"https:\\\/\\\/www.laguiadepamplona.com\\\/actualidad\\\/\",\"name\":\"La gu\u00eda de Pamplona\",\"description\":\"Noticias de Pamplona\",\"publisher\":{\"@id\":\"https:\\\/\\\/www.laguiadepamplona.com\\\/actualidad\\\/#organization\"},\"potentialAction\":[{\"@type\":\"SearchAction\",\"target\":{\"@type\":\"EntryPoint\",\"urlTemplate\":\"https:\\\/\\\/www.laguiadepamplona.com\\\/actualidad\\\/?s={search_term_string}\"},\"query-input\":{\"@type\":\"PropertyValueSpecification\",\"valueRequired\":true,\"valueName\":\"search_term_string\"}}],\"inLanguage\":\"es\"},{\"@type\":\"Organization\",\"@id\":\"https:\\\/\\\/www.laguiadepamplona.com\\\/actualidad\\\/#organization\",\"name\":\"La Gu\u00eda de Pamplona \\\/ Noticias\",\"url\":\"https:\\\/\\\/www.laguiadepamplona.com\\\/actualidad\\\/\",\"logo\":{\"@type\":\"ImageObject\",\"inLanguage\":\"es\",\"@id\":\"https:\\\/\\\/www.laguiadepamplona.com\\\/actualidad\\\/#\\\/schema\\\/logo\\\/image\\\/\",\"url\":\"https:\\\/\\\/www.laguiadepamplona.com\\\/actualidad\\\/wp-content\\\/uploads\\\/2018\\\/11\\\/logo-laguiadepamplona18-web1.png\",\"contentUrl\":\"https:\\\/\\\/www.laguiadepamplona.com\\\/actualidad\\\/wp-content\\\/uploads\\\/2018\\\/11\\\/logo-laguiadepamplona18-web1.png\",\"width\":600,\"height\":196,\"caption\":\"La Gu\u00eda de Pamplona \\\/ Noticias\"},\"image\":{\"@id\":\"https:\\\/\\\/www.laguiadepamplona.com\\\/actualidad\\\/#\\\/schema\\\/logo\\\/image\\\/\"},\"sameAs\":[\"https:\\\/\\\/www.facebook.com\\\/laguiadepamplonacom-133175176762273\\\/?ref=hl\",\"https:\\\/\\\/x.com\\\/LaGuiadPamplona\",\"https:\\\/\\\/www.instagram.com\\\/la_guia_de_pamplona\\\/\",\"https:\\\/\\\/www.youtube.com\\\/user\\\/laguiadepamplona\"]},{\"@type\":\"Person\",\"@id\":\"https:\\\/\\\/www.laguiadepamplona.com\\\/actualidad\\\/#\\\/schema\\\/person\\\/efe887376f0213d4657c93adc50b1fdb\",\"name\":\"La Gu\u00eda de Pamplona\",\"image\":{\"@type\":\"ImageObject\",\"inLanguage\":\"es\",\"@id\":\"https:\\\/\\\/secure.gravatar.com\\\/avatar\\\/b6992f131dc8d30ab0dff15446e9d346d9dbd95992de0fef795073f5ea83a81c?s=96&d=mm&r=g\",\"url\":\"https:\\\/\\\/secure.gravatar.com\\\/avatar\\\/b6992f131dc8d30ab0dff15446e9d346d9dbd95992de0fef795073f5ea83a81c?s=96&d=mm&r=g\",\"contentUrl\":\"https:\\\/\\\/secure.gravatar.com\\\/avatar\\\/b6992f131dc8d30ab0dff15446e9d346d9dbd95992de0fef795073f5ea83a81c?s=96&d=mm&r=g\",\"caption\":\"La Gu\u00eda de Pamplona\"}}]}<\/script>\n<!-- \/ Yoast SEO plugin. -->","yoast_head_json":{"title":"Entregados los diplomas a 30 j\u00f3venes entre 16 y 29 a\u00f1os que se han formado en las escuelas taller de alba\u00f1iler\u00eda en rehabilitaci\u00f3n de edificios y de canter\u00eda y almacenamiento","robots":{"index":"index","follow":"follow","max-snippet":"max-snippet:-1","max-image-preview":"max-image-preview:large","max-video-preview":"max-video-preview:-1"},"canonical":"https:\/\/www.laguiadepamplona.com\/actualidad\/entregados-los-diplomas-a-30-jovenes-entre-16-y-29-anos-que-se-han-formado-en-las-escuelas-taller-de-albanileria-en-rehabilitacion-de-edificios-y-de-canteria-y-almacenamiento\/","og_locale":"es_ES","og_type":"article","og_title":"Entregados los diplomas a 30 j\u00f3venes entre 16 y 29 a\u00f1os que se han formado en las escuelas taller de alba\u00f1iler\u00eda en rehabilitaci\u00f3n de edificios y de canter\u00eda y almacenamiento","og_description":"Esta ma\u00f1ana se han clausurado ambos cursos, que se iniciaron en junio de 2017, con los que el alumnado ha obtenido su Certificado de Profesionalidad","og_url":"https:\/\/www.laguiadepamplona.com\/actualidad\/entregados-los-diplomas-a-30-jovenes-entre-16-y-29-anos-que-se-han-formado-en-las-escuelas-taller-de-albanileria-en-rehabilitacion-de-edificios-y-de-canteria-y-almacenamiento\/","og_site_name":"La Gu\u00eda de Pamplona","article_publisher":"https:\/\/www.facebook.com\/laguiadepamplonacom-133175176762273\/?ref=hl","article_published_time":"2018-10-30T14:21:04+00:00","og_image":[{"width":1000,"height":666,"url":"https:\/\/www.laguiadepamplona.com\/actualidad\/wp-content\/uploads\/2018\/10\/18.10.30_Clausura-escuelas-taller.jpg","type":"image\/jpeg"}],"author":"La Gu\u00eda de Pamplona","twitter_card":"summary_large_image","twitter_creator":"@LaGuiadPamplona","twitter_site":"@LaGuiadPamplona","twitter_misc":{"Escrito por":"La Gu\u00eda de Pamplona","Tiempo de lectura":"3 minutos"},"schema":{"@context":"https:\/\/schema.org","@graph":[{"@type":"Article","@id":"https:\/\/www.laguiadepamplona.com\/actualidad\/entregados-los-diplomas-a-30-jovenes-entre-16-y-29-anos-que-se-han-formado-en-las-escuelas-taller-de-albanileria-en-rehabilitacion-de-edificios-y-de-canteria-y-almacenamiento\/#article","isPartOf":{"@id":"https:\/\/www.laguiadepamplona.com\/actualidad\/entregados-los-diplomas-a-30-jovenes-entre-16-y-29-anos-que-se-han-formado-en-las-escuelas-taller-de-albanileria-en-rehabilitacion-de-edificios-y-de-canteria-y-almacenamiento\/"},"author":{"name":"La Gu\u00eda de Pamplona","@id":"https:\/\/www.laguiadepamplona.com\/actualidad\/#\/schema\/person\/efe887376f0213d4657c93adc50b1fdb"},"headline":"Entregados los diplomas a 30 j\u00f3venes entre 16 y 29 a\u00f1os que se han formado en las escuelas taller de alba\u00f1iler\u00eda en rehabilitaci\u00f3n de edificios y de canter\u00eda y almacenamiento","datePublished":"2018-10-30T14:21:04+00:00","mainEntityOfPage":{"@id":"https:\/\/www.laguiadepamplona.com\/actualidad\/entregados-los-diplomas-a-30-jovenes-entre-16-y-29-anos-que-se-han-formado-en-las-escuelas-taller-de-albanileria-en-rehabilitacion-de-edificios-y-de-canteria-y-almacenamiento\/"},"wordCount":683,"commentCount":0,"publisher":{"@id":"https:\/\/www.laguiadepamplona.com\/actualidad\/#organization"},"image":{"@id":"https:\/\/www.laguiadepamplona.com\/actualidad\/entregados-los-diplomas-a-30-jovenes-entre-16-y-29-anos-que-se-han-formado-en-las-escuelas-taller-de-albanileria-en-rehabilitacion-de-edificios-y-de-canteria-y-almacenamiento\/#primaryimage"},"thumbnailUrl":"https:\/\/www.laguiadepamplona.com\/actualidad\/wp-content\/uploads\/2018\/10\/18.10.30_Clausura-escuelas-taller.jpg","articleSection":["Ayto Pamplona"],"inLanguage":"es","potentialAction":[{"@type":"CommentAction","name":"Comment","target":["https:\/\/www.laguiadepamplona.com\/actualidad\/entregados-los-diplomas-a-30-jovenes-entre-16-y-29-anos-que-se-han-formado-en-las-escuelas-taller-de-albanileria-en-rehabilitacion-de-edificios-y-de-canteria-y-almacenamiento\/#respond"]}]},{"@type":"WebPage","@id":"https:\/\/www.laguiadepamplona.com\/actualidad\/entregados-los-diplomas-a-30-jovenes-entre-16-y-29-anos-que-se-han-formado-en-las-escuelas-taller-de-albanileria-en-rehabilitacion-de-edificios-y-de-canteria-y-almacenamiento\/","url":"https:\/\/www.laguiadepamplona.com\/actualidad\/entregados-los-diplomas-a-30-jovenes-entre-16-y-29-anos-que-se-han-formado-en-las-escuelas-taller-de-albanileria-en-rehabilitacion-de-edificios-y-de-canteria-y-almacenamiento\/","name":"Entregados los diplomas a 30 j\u00f3venes entre 16 y 29 a\u00f1os que se han formado en las escuelas taller de alba\u00f1iler\u00eda en rehabilitaci\u00f3n de edificios y de canter\u00eda y almacenamiento","isPartOf":{"@id":"https:\/\/www.laguiadepamplona.com\/actualidad\/#website"},"primaryImageOfPage":{"@id":"https:\/\/www.laguiadepamplona.com\/actualidad\/entregados-los-diplomas-a-30-jovenes-entre-16-y-29-anos-que-se-han-formado-en-las-escuelas-taller-de-albanileria-en-rehabilitacion-de-edificios-y-de-canteria-y-almacenamiento\/#primaryimage"},"image":{"@id":"https:\/\/www.laguiadepamplona.com\/actualidad\/entregados-los-diplomas-a-30-jovenes-entre-16-y-29-anos-que-se-han-formado-en-las-escuelas-taller-de-albanileria-en-rehabilitacion-de-edificios-y-de-canteria-y-almacenamiento\/#primaryimage"},"thumbnailUrl":"https:\/\/www.laguiadepamplona.com\/actualidad\/wp-content\/uploads\/2018\/10\/18.10.30_Clausura-escuelas-taller.jpg","datePublished":"2018-10-30T14:21:04+00:00","breadcrumb":{"@id":"https:\/\/www.laguiadepamplona.com\/actualidad\/entregados-los-diplomas-a-30-jovenes-entre-16-y-29-anos-que-se-han-formado-en-las-escuelas-taller-de-albanileria-en-rehabilitacion-de-edificios-y-de-canteria-y-almacenamiento\/#breadcrumb"},"inLanguage":"es","potentialAction":[{"@type":"ReadAction","target":["https:\/\/www.laguiadepamplona.com\/actualidad\/entregados-los-diplomas-a-30-jovenes-entre-16-y-29-anos-que-se-han-formado-en-las-escuelas-taller-de-albanileria-en-rehabilitacion-de-edificios-y-de-canteria-y-almacenamiento\/"]}]},{"@type":"ImageObject","inLanguage":"es","@id":"https:\/\/www.laguiadepamplona.com\/actualidad\/entregados-los-diplomas-a-30-jovenes-entre-16-y-29-anos-que-se-han-formado-en-las-escuelas-taller-de-albanileria-en-rehabilitacion-de-edificios-y-de-canteria-y-almacenamiento\/#primaryimage","url":"https:\/\/www.laguiadepamplona.com\/actualidad\/wp-content\/uploads\/2018\/10\/18.10.30_Clausura-escuelas-taller.jpg","contentUrl":"https:\/\/www.laguiadepamplona.com\/actualidad\/wp-content\/uploads\/2018\/10\/18.10.30_Clausura-escuelas-taller.jpg","width":1000,"height":666},{"@type":"BreadcrumbList","@id":"https:\/\/www.laguiadepamplona.com\/actualidad\/entregados-los-diplomas-a-30-jovenes-entre-16-y-29-anos-que-se-han-formado-en-las-escuelas-taller-de-albanileria-en-rehabilitacion-de-edificios-y-de-canteria-y-almacenamiento\/#breadcrumb","itemListElement":[{"@type":"ListItem","position":1,"name":"Portada","item":"https:\/\/www.laguiadepamplona.com\/actualidad\/"},{"@type":"ListItem","position":2,"name":"Entregados los diplomas a 30 j\u00f3venes entre 16 y 29 a\u00f1os que se han formado en las escuelas taller de alba\u00f1iler\u00eda en rehabilitaci\u00f3n de edificios y de canter\u00eda y almacenamiento"}]},{"@type":"WebSite","@id":"https:\/\/www.laguiadepamplona.com\/actualidad\/#website","url":"https:\/\/www.laguiadepamplona.com\/actualidad\/","name":"La gu\u00eda de Pamplona","description":"Noticias de Pamplona","publisher":{"@id":"https:\/\/www.laguiadepamplona.com\/actualidad\/#organization"},"potentialAction":[{"@type":"SearchAction","target":{"@type":"EntryPoint","urlTemplate":"https:\/\/www.laguiadepamplona.com\/actualidad\/?s={search_term_string}"},"query-input":{"@type":"PropertyValueSpecification","valueRequired":true,"valueName":"search_term_string"}}],"inLanguage":"es"},{"@type":"Organization","@id":"https:\/\/www.laguiadepamplona.com\/actualidad\/#organization","name":"La Gu\u00eda de Pamplona \/ Noticias","url":"https:\/\/www.laguiadepamplona.com\/actualidad\/","logo":{"@type":"ImageObject","inLanguage":"es","@id":"https:\/\/www.laguiadepamplona.com\/actualidad\/#\/schema\/logo\/image\/","url":"https:\/\/www.laguiadepamplona.com\/actualidad\/wp-content\/uploads\/2018\/11\/logo-laguiadepamplona18-web1.png","contentUrl":"https:\/\/www.laguiadepamplona.com\/actualidad\/wp-content\/uploads\/2018\/11\/logo-laguiadepamplona18-web1.png","width":600,"height":196,"caption":"La Gu\u00eda de Pamplona \/ Noticias"},"image":{"@id":"https:\/\/www.laguiadepamplona.com\/actualidad\/#\/schema\/logo\/image\/"},"sameAs":["https:\/\/www.facebook.com\/laguiadepamplonacom-133175176762273\/?ref=hl","https:\/\/x.com\/LaGuiadPamplona","https:\/\/www.instagram.com\/la_guia_de_pamplona\/","https:\/\/www.youtube.com\/user\/laguiadepamplona"]},{"@type":"Person","@id":"https:\/\/www.laguiadepamplona.com\/actualidad\/#\/schema\/person\/efe887376f0213d4657c93adc50b1fdb","name":"La Gu\u00eda de Pamplona","image":{"@type":"ImageObject","inLanguage":"es","@id":"https:\/\/secure.gravatar.com\/avatar\/b6992f131dc8d30ab0dff15446e9d346d9dbd95992de0fef795073f5ea83a81c?s=96&d=mm&r=g","url":"https:\/\/secure.gravatar.com\/avatar\/b6992f131dc8d30ab0dff15446e9d346d9dbd95992de0fef795073f5ea83a81c?s=96&d=mm&r=g","contentUrl":"https:\/\/secure.gravatar.com\/avatar\/b6992f131dc8d30ab0dff15446e9d346d9dbd95992de0fef795073f5ea83a81c?s=96&d=mm&r=g","caption":"La Gu\u00eda de Pamplona"}}]}},"post_mailing_queue_ids":[],"_links":{"self":[{"href":"https:\/\/www.laguiadepamplona.com\/actualidad\/wp-json\/wp\/v2\/posts\/19212","targetHints":{"allow":["GET"]}}],"collection":[{"href":"https:\/\/www.laguiadepamplona.com\/actualidad\/wp-json\/wp\/v2\/posts"}],"about":[{"href":"https:\/\/www.laguiadepamplona.com\/actualidad\/wp-json\/wp\/v2\/types\/post"}],"author":[{"embeddable":true,"href":"https:\/\/www.laguiadepamplona.com\/actualidad\/wp-json\/wp\/v2\/users\/1"}],"replies":[{"embeddable":true,"href":"https:\/\/www.laguiadepamplona.com\/actualidad\/wp-json\/wp\/v2\/comments?post=19212"}],"version-history":[{"count":0,"href":"https:\/\/www.laguiadepamplona.com\/actualidad\/wp-json\/wp\/v2\/posts\/19212\/revisions"}],"wp:featuredmedia":[{"embeddable":true,"href":"https:\/\/www.laguiadepamplona.com\/actualidad\/wp-json\/wp\/v2\/media\/19213"}],"wp:attachment":[{"href":"https:\/\/www.laguiadepamplona.com\/actualidad\/wp-json\/wp\/v2\/media?parent=19212"}],"wp:term":[{"taxonomy":"category","embeddable":true,"href":"https:\/\/www.laguiadepamplona.com\/actualidad\/wp-json\/wp\/v2\/categories?post=19212"},{"taxonomy":"post_tag","embeddable":true,"href":"https:\/\/www.laguiadepamplona.com\/actualidad\/wp-json\/wp\/v2\/tags?post=19212"}],"curies":[{"name":"wp","href":"https:\/\/api.w.org\/{rel}","templated":true}]}}