{"id":19208,"date":"2018-10-30T13:33:07","date_gmt":"2018-10-30T11:33:07","guid":{"rendered":"https:\/\/www.laguiadepamplona.es\/actualidad\/?p=19208"},"modified":"2018-10-30T13:33:07","modified_gmt":"2018-10-30T11:33:07","slug":"el-centro-de-atencion-a-personas-sin-hogar-del-ayuntamiento-ha-acogido-a-1-694-personas-en-el-ultimo-ano-y-ha-atendido-1-617-pernoctaciones-en-ola-de-frio","status":"publish","type":"post","link":"https:\/\/www.laguiadepamplona.com\/actualidad\/el-centro-de-atencion-a-personas-sin-hogar-del-ayuntamiento-ha-acogido-a-1-694-personas-en-el-ultimo-ano-y-ha-atendido-1-617-pernoctaciones-en-ola-de-frio\/","title":{"rendered":"El Centro de Atenci\u00f3n a Personas sin Hogar del Ayuntamiento ha acogido a 1.694 personas en el \u00faltimo a\u00f1o y ha atendido 1.617 pernoctaciones en ola de fr\u00edo"},"content":{"rendered":"<h3>Aprobada la pr\u00f3rroga de un servicio al que el Consistorio destinar\u00e1 846.764,18 euros en 2019 y que en estas fechas activa el protocolo de fr\u00edo<\/h3>\n<p><!--more--><\/p>\n<p>La Junta de Gobierno Local ha aprobado hoy la primera pr\u00f3rroga de la contrataci\u00f3n de la gesti\u00f3n del servicio municipal de Atenci\u00f3n a Personas sin Hogar del Ayuntamiento de Pamplona. El Consistorio pamplon\u00e9s destinar\u00e1 a esta atenci\u00f3n 846.764,18 euros (IVA incluido) entre el 1 de enero y el 31 de diciembre de 2019. La pr\u00f3rroga es a favor de la empresa Xilema Programas S.L.U.<\/p>\n<p>Se trata de un servicio cuyo fin es atender principalmente la exclusi\u00f3n residencial as\u00ed como las problem\u00e1ticas que afectan a colectivos en situaci\u00f3n de exclusi\u00f3n severa mediante su acogida, alojamiento, atenci\u00f3n especializada, atenci\u00f3n en calle o en otros recursos residenciales, para establecer los procesos de inclusi\u00f3n social que precisen. Realiza cinco programas: atenci\u00f3n a personas sin hogar en situaci\u00f3n de itinerancia (corta estancia), atenci\u00f3n a personas sin hogar empadronadas en Pamplona (media estancia), programa de acompa\u00f1amiento y atenci\u00f3n en calle (medio abierto), acompa\u00f1amiento en pisos compartidos y\/o recursos de alojamiento externos al centro y ola de fr\u00edo, protocolo que se activar\u00e1 de manera contin\u00faa desde este jueves, 1 de noviembre.<\/p>\n<p>El Centro de Atenci\u00f3n a Personas sin Hogar ha atendido entre el 1 de octubre de 2017 y el 31 de septiembre de 2018 a 1.694 personas. De ellas, 1.638 estaban incluidas en el programa de personas itinerantes y 56 eran personas empadronadas en Pamplona. Adem\u00e1s, el Centro tuvo en ese mismo periodo de tiempo dentro del programa de ola de fr\u00edo 1.617 pernoctaciones. El protocolo por ola de fr\u00edo permite acoger personas usuarias en el centro sin requisitos de acceso. Se mantiene activo de forma preventiva desde noviembre a marzo, dado que las temperaturas bajas pueden sobrevenir de madrugada, y fuera de esas fechas cuando la temperatura baja de 3 grados.<\/p>\n<p><strong>Trabajo integral en el Centro de Atenci\u00f3n a Personas sin Hogar<\/strong><\/p>\n<p>El centro, abierto en 2011 en la avenida de Gipuzkoa en Trinitarios, cuenta con 50 plazas, 25 para itinerantes y 25 para empadronados, que cubre las necesidades primarias de alojamiento, higiene y alimentaci\u00f3n. Acoge hasta cubrir 14 plazas a quienes pernoctan en la calle, independientemente de si cumplen o no los requisitos de acceso al centro (excepto menores de edad y usuarios sancionados con la expulsi\u00f3n). Este recurso municipal pretende que ninguna persona sin hogar que se encuentre en Pamplona en situaciones de climatolog\u00eda adversa se quede sin recibir atenci\u00f3n de alojamiento y, en su caso, alimentaci\u00f3n e higiene.<\/p>\n<p>Las personas trabajadoras del centro (del \u00e1mbito de la educaci\u00f3n, trabajo social y psicolog\u00eda) apoya los procesos de las personas que se encuentran sin hogar, acompa\u00f1\u00e1ndolas en los diferentes espacios donde se mueven: calle, recursos sociales, sanitarios, jur\u00eddicos, etc. y coordinando su intervenci\u00f3n con la de todos los servicios que las atienden. Asimismo, el equipo especializado presta en los programas para las personas que no est\u00e1n de paso (empadronados) una atenci\u00f3n integral que ayuda a su reinserci\u00f3n social y laboral.<\/p>\n<p><strong>Acompa\u00f1amiento en pisos compartidos y atenci\u00f3n de enfermer\u00eda entre las novedades<\/strong><\/p>\n<p>Adem\u00e1s de las atenciones en el Centro, el contrato prorrogado hoy incluye un \u2018Programa de acompa\u00f1amiento en pisos compartidos y otros recursos de alojamiento externo\u2019, un servicio de car\u00e1cter preventivo y educativo que se uni\u00f3 al ya existente de \u2018Educadores en calle\u2019, reforzado con una contrataci\u00f3n m\u00e1s.<\/p>\n<p>Otra de las novedades del \u00faltimo programa fue la incorporaci\u00f3n al servicio de un contrato de Enfermer\u00eda con un 25% de jornada. Esa figura de apoyo se encarga del control de la medicaci\u00f3n de las personas usuarias y de realizar tareas de prevenci\u00f3n e informaci\u00f3n, as\u00ed como de coordinaci\u00f3n con la red de salud. Es un perfil profesional clave dentro del \u00e1rea Sanitaria de los servicios del Centro desde la que se facilitan medicamentos, previa receta, a aquellas personas usuarias que no disponen de recursos econ\u00f3micos para poder adquirirlos. Tambi\u00e9n desde all\u00ed se desarrolla el seguimiento de los protocolos establecidos desde Salud P\u00fablica, Sanidad municipal u otros, en casos excepcionales.<\/p>\n","protected":false},"excerpt":{"rendered":"<p>Aprobada la pr\u00f3rroga de un servicio al que el Consistorio destinar\u00e1 846.764,18 euros en 2019 y que en estas fechas activa el protocolo de fr\u00edo<\/p>\n","protected":false},"author":1,"featured_media":17600,"comment_status":"open","ping_status":"closed","sticky":false,"template":"","format":"standard","meta":{"footnotes":""},"categories":[2],"tags":[],"class_list":["post-19208","post","type-post","status-publish","format-standard","has-post-thumbnail","hentry","category-ayuntamiento-pamplona"],"yoast_head":"<!-- This site is optimized with the Yoast SEO plugin v27.3 - https:\/\/yoast.com\/product\/yoast-seo-wordpress\/ -->\n<title>El Centro de Atenci\u00f3n a Personas sin Hogar del Ayuntamiento ha acogido a 1.694 personas en el \u00faltimo a\u00f1o y ha atendido 1.617 pernoctaciones en ola de fr\u00edo<\/title>\n<meta name=\"robots\" content=\"index, follow, max-snippet:-1, max-image-preview:large, max-video-preview:-1\" \/>\n<link rel=\"canonical\" href=\"https:\/\/www.laguiadepamplona.com\/actualidad\/el-centro-de-atencion-a-personas-sin-hogar-del-ayuntamiento-ha-acogido-a-1-694-personas-en-el-ultimo-ano-y-ha-atendido-1-617-pernoctaciones-en-ola-de-frio\/\" \/>\n<meta property=\"og:locale\" content=\"es_ES\" \/>\n<meta property=\"og:type\" content=\"article\" \/>\n<meta property=\"og:title\" content=\"El Centro de Atenci\u00f3n a Personas sin Hogar del Ayuntamiento ha acogido a 1.694 personas en el \u00faltimo a\u00f1o y ha atendido 1.617 pernoctaciones en ola de fr\u00edo\" \/>\n<meta property=\"og:description\" content=\"Aprobada la pr\u00f3rroga de un servicio al que el Consistorio destinar\u00e1 846.764,18 euros en 2019 y que en estas fechas activa el protocolo de fr\u00edo\" \/>\n<meta property=\"og:url\" content=\"https:\/\/www.laguiadepamplona.com\/actualidad\/el-centro-de-atencion-a-personas-sin-hogar-del-ayuntamiento-ha-acogido-a-1-694-personas-en-el-ultimo-ano-y-ha-atendido-1-617-pernoctaciones-en-ola-de-frio\/\" \/>\n<meta property=\"og:site_name\" content=\"La Gu\u00eda de Pamplona\" \/>\n<meta property=\"article:publisher\" content=\"https:\/\/www.facebook.com\/laguiadepamplonacom-133175176762273\/?ref=hl\" \/>\n<meta property=\"article:published_time\" content=\"2018-10-30T11:33:07+00:00\" \/>\n<meta property=\"og:image\" content=\"https:\/\/www.laguiadepamplona.com\/actualidad\/wp-content\/uploads\/2018\/05\/ayto-pamplona-3.jpg\" \/>\n\t<meta property=\"og:image:width\" content=\"1000\" \/>\n\t<meta property=\"og:image:height\" content=\"555\" \/>\n\t<meta property=\"og:image:type\" content=\"image\/jpeg\" \/>\n<meta name=\"author\" content=\"La Gu\u00eda de Pamplona\" \/>\n<meta name=\"twitter:card\" content=\"summary_large_image\" \/>\n<meta name=\"twitter:creator\" content=\"@LaGuiadPamplona\" \/>\n<meta name=\"twitter:site\" content=\"@LaGuiadPamplona\" \/>\n<meta name=\"twitter:label1\" content=\"Escrito por\" \/>\n\t<meta name=\"twitter:data1\" content=\"La Gu\u00eda de Pamplona\" \/>\n\t<meta name=\"twitter:label2\" content=\"Tiempo de lectura\" \/>\n\t<meta name=\"twitter:data2\" content=\"4 minutos\" \/>\n<script type=\"application\/ld+json\" class=\"yoast-schema-graph\">{\"@context\":\"https:\\\/\\\/schema.org\",\"@graph\":[{\"@type\":\"Article\",\"@id\":\"https:\\\/\\\/www.laguiadepamplona.com\\\/actualidad\\\/el-centro-de-atencion-a-personas-sin-hogar-del-ayuntamiento-ha-acogido-a-1-694-personas-en-el-ultimo-ano-y-ha-atendido-1-617-pernoctaciones-en-ola-de-frio\\\/#article\",\"isPartOf\":{\"@id\":\"https:\\\/\\\/www.laguiadepamplona.com\\\/actualidad\\\/el-centro-de-atencion-a-personas-sin-hogar-del-ayuntamiento-ha-acogido-a-1-694-personas-en-el-ultimo-ano-y-ha-atendido-1-617-pernoctaciones-en-ola-de-frio\\\/\"},\"author\":{\"name\":\"La Gu\u00eda de Pamplona\",\"@id\":\"https:\\\/\\\/www.laguiadepamplona.com\\\/actualidad\\\/#\\\/schema\\\/person\\\/efe887376f0213d4657c93adc50b1fdb\"},\"headline\":\"El Centro de Atenci\u00f3n a Personas sin Hogar del Ayuntamiento ha acogido a 1.694 personas en el \u00faltimo a\u00f1o y ha atendido 1.617 pernoctaciones en ola de fr\u00edo\",\"datePublished\":\"2018-10-30T11:33:07+00:00\",\"mainEntityOfPage\":{\"@id\":\"https:\\\/\\\/www.laguiadepamplona.com\\\/actualidad\\\/el-centro-de-atencion-a-personas-sin-hogar-del-ayuntamiento-ha-acogido-a-1-694-personas-en-el-ultimo-ano-y-ha-atendido-1-617-pernoctaciones-en-ola-de-frio\\\/\"},\"wordCount\":738,\"commentCount\":0,\"publisher\":{\"@id\":\"https:\\\/\\\/www.laguiadepamplona.com\\\/actualidad\\\/#organization\"},\"image\":{\"@id\":\"https:\\\/\\\/www.laguiadepamplona.com\\\/actualidad\\\/el-centro-de-atencion-a-personas-sin-hogar-del-ayuntamiento-ha-acogido-a-1-694-personas-en-el-ultimo-ano-y-ha-atendido-1-617-pernoctaciones-en-ola-de-frio\\\/#primaryimage\"},\"thumbnailUrl\":\"https:\\\/\\\/www.laguiadepamplona.com\\\/actualidad\\\/wp-content\\\/uploads\\\/2018\\\/05\\\/ayto-pamplona-3.jpg\",\"articleSection\":[\"Ayto Pamplona\"],\"inLanguage\":\"es\",\"potentialAction\":[{\"@type\":\"CommentAction\",\"name\":\"Comment\",\"target\":[\"https:\\\/\\\/www.laguiadepamplona.com\\\/actualidad\\\/el-centro-de-atencion-a-personas-sin-hogar-del-ayuntamiento-ha-acogido-a-1-694-personas-en-el-ultimo-ano-y-ha-atendido-1-617-pernoctaciones-en-ola-de-frio\\\/#respond\"]}]},{\"@type\":\"WebPage\",\"@id\":\"https:\\\/\\\/www.laguiadepamplona.com\\\/actualidad\\\/el-centro-de-atencion-a-personas-sin-hogar-del-ayuntamiento-ha-acogido-a-1-694-personas-en-el-ultimo-ano-y-ha-atendido-1-617-pernoctaciones-en-ola-de-frio\\\/\",\"url\":\"https:\\\/\\\/www.laguiadepamplona.com\\\/actualidad\\\/el-centro-de-atencion-a-personas-sin-hogar-del-ayuntamiento-ha-acogido-a-1-694-personas-en-el-ultimo-ano-y-ha-atendido-1-617-pernoctaciones-en-ola-de-frio\\\/\",\"name\":\"El Centro de Atenci\u00f3n a Personas sin Hogar del Ayuntamiento ha acogido a 1.694 personas en el \u00faltimo a\u00f1o y ha atendido 1.617 pernoctaciones en ola de fr\u00edo\",\"isPartOf\":{\"@id\":\"https:\\\/\\\/www.laguiadepamplona.com\\\/actualidad\\\/#website\"},\"primaryImageOfPage\":{\"@id\":\"https:\\\/\\\/www.laguiadepamplona.com\\\/actualidad\\\/el-centro-de-atencion-a-personas-sin-hogar-del-ayuntamiento-ha-acogido-a-1-694-personas-en-el-ultimo-ano-y-ha-atendido-1-617-pernoctaciones-en-ola-de-frio\\\/#primaryimage\"},\"image\":{\"@id\":\"https:\\\/\\\/www.laguiadepamplona.com\\\/actualidad\\\/el-centro-de-atencion-a-personas-sin-hogar-del-ayuntamiento-ha-acogido-a-1-694-personas-en-el-ultimo-ano-y-ha-atendido-1-617-pernoctaciones-en-ola-de-frio\\\/#primaryimage\"},\"thumbnailUrl\":\"https:\\\/\\\/www.laguiadepamplona.com\\\/actualidad\\\/wp-content\\\/uploads\\\/2018\\\/05\\\/ayto-pamplona-3.jpg\",\"datePublished\":\"2018-10-30T11:33:07+00:00\",\"breadcrumb\":{\"@id\":\"https:\\\/\\\/www.laguiadepamplona.com\\\/actualidad\\\/el-centro-de-atencion-a-personas-sin-hogar-del-ayuntamiento-ha-acogido-a-1-694-personas-en-el-ultimo-ano-y-ha-atendido-1-617-pernoctaciones-en-ola-de-frio\\\/#breadcrumb\"},\"inLanguage\":\"es\",\"potentialAction\":[{\"@type\":\"ReadAction\",\"target\":[\"https:\\\/\\\/www.laguiadepamplona.com\\\/actualidad\\\/el-centro-de-atencion-a-personas-sin-hogar-del-ayuntamiento-ha-acogido-a-1-694-personas-en-el-ultimo-ano-y-ha-atendido-1-617-pernoctaciones-en-ola-de-frio\\\/\"]}]},{\"@type\":\"ImageObject\",\"inLanguage\":\"es\",\"@id\":\"https:\\\/\\\/www.laguiadepamplona.com\\\/actualidad\\\/el-centro-de-atencion-a-personas-sin-hogar-del-ayuntamiento-ha-acogido-a-1-694-personas-en-el-ultimo-ano-y-ha-atendido-1-617-pernoctaciones-en-ola-de-frio\\\/#primaryimage\",\"url\":\"https:\\\/\\\/www.laguiadepamplona.com\\\/actualidad\\\/wp-content\\\/uploads\\\/2018\\\/05\\\/ayto-pamplona-3.jpg\",\"contentUrl\":\"https:\\\/\\\/www.laguiadepamplona.com\\\/actualidad\\\/wp-content\\\/uploads\\\/2018\\\/05\\\/ayto-pamplona-3.jpg\",\"width\":1000,\"height\":555},{\"@type\":\"BreadcrumbList\",\"@id\":\"https:\\\/\\\/www.laguiadepamplona.com\\\/actualidad\\\/el-centro-de-atencion-a-personas-sin-hogar-del-ayuntamiento-ha-acogido-a-1-694-personas-en-el-ultimo-ano-y-ha-atendido-1-617-pernoctaciones-en-ola-de-frio\\\/#breadcrumb\",\"itemListElement\":[{\"@type\":\"ListItem\",\"position\":1,\"name\":\"Portada\",\"item\":\"https:\\\/\\\/www.laguiadepamplona.com\\\/actualidad\\\/\"},{\"@type\":\"ListItem\",\"position\":2,\"name\":\"El Centro de Atenci\u00f3n a Personas sin Hogar del Ayuntamiento ha acogido a 1.694 personas en el \u00faltimo a\u00f1o y ha atendido 1.617 pernoctaciones en ola de fr\u00edo\"}]},{\"@type\":\"WebSite\",\"@id\":\"https:\\\/\\\/www.laguiadepamplona.com\\\/actualidad\\\/#website\",\"url\":\"https:\\\/\\\/www.laguiadepamplona.com\\\/actualidad\\\/\",\"name\":\"La gu\u00eda de Pamplona\",\"description\":\"Noticias de Pamplona\",\"publisher\":{\"@id\":\"https:\\\/\\\/www.laguiadepamplona.com\\\/actualidad\\\/#organization\"},\"potentialAction\":[{\"@type\":\"SearchAction\",\"target\":{\"@type\":\"EntryPoint\",\"urlTemplate\":\"https:\\\/\\\/www.laguiadepamplona.com\\\/actualidad\\\/?s={search_term_string}\"},\"query-input\":{\"@type\":\"PropertyValueSpecification\",\"valueRequired\":true,\"valueName\":\"search_term_string\"}}],\"inLanguage\":\"es\"},{\"@type\":\"Organization\",\"@id\":\"https:\\\/\\\/www.laguiadepamplona.com\\\/actualidad\\\/#organization\",\"name\":\"La Gu\u00eda de Pamplona \\\/ Noticias\",\"url\":\"https:\\\/\\\/www.laguiadepamplona.com\\\/actualidad\\\/\",\"logo\":{\"@type\":\"ImageObject\",\"inLanguage\":\"es\",\"@id\":\"https:\\\/\\\/www.laguiadepamplona.com\\\/actualidad\\\/#\\\/schema\\\/logo\\\/image\\\/\",\"url\":\"https:\\\/\\\/www.laguiadepamplona.com\\\/actualidad\\\/wp-content\\\/uploads\\\/2018\\\/11\\\/logo-laguiadepamplona18-web1.png\",\"contentUrl\":\"https:\\\/\\\/www.laguiadepamplona.com\\\/actualidad\\\/wp-content\\\/uploads\\\/2018\\\/11\\\/logo-laguiadepamplona18-web1.png\",\"width\":600,\"height\":196,\"caption\":\"La Gu\u00eda de Pamplona \\\/ Noticias\"},\"image\":{\"@id\":\"https:\\\/\\\/www.laguiadepamplona.com\\\/actualidad\\\/#\\\/schema\\\/logo\\\/image\\\/\"},\"sameAs\":[\"https:\\\/\\\/www.facebook.com\\\/laguiadepamplonacom-133175176762273\\\/?ref=hl\",\"https:\\\/\\\/x.com\\\/LaGuiadPamplona\",\"https:\\\/\\\/www.instagram.com\\\/la_guia_de_pamplona\\\/\",\"https:\\\/\\\/www.youtube.com\\\/user\\\/laguiadepamplona\"]},{\"@type\":\"Person\",\"@id\":\"https:\\\/\\\/www.laguiadepamplona.com\\\/actualidad\\\/#\\\/schema\\\/person\\\/efe887376f0213d4657c93adc50b1fdb\",\"name\":\"La Gu\u00eda de Pamplona\",\"image\":{\"@type\":\"ImageObject\",\"inLanguage\":\"es\",\"@id\":\"https:\\\/\\\/secure.gravatar.com\\\/avatar\\\/b6992f131dc8d30ab0dff15446e9d346d9dbd95992de0fef795073f5ea83a81c?s=96&d=mm&r=g\",\"url\":\"https:\\\/\\\/secure.gravatar.com\\\/avatar\\\/b6992f131dc8d30ab0dff15446e9d346d9dbd95992de0fef795073f5ea83a81c?s=96&d=mm&r=g\",\"contentUrl\":\"https:\\\/\\\/secure.gravatar.com\\\/avatar\\\/b6992f131dc8d30ab0dff15446e9d346d9dbd95992de0fef795073f5ea83a81c?s=96&d=mm&r=g\",\"caption\":\"La Gu\u00eda de Pamplona\"}}]}<\/script>\n<!-- \/ Yoast SEO plugin. -->","yoast_head_json":{"title":"El Centro de Atenci\u00f3n a Personas sin Hogar del Ayuntamiento ha acogido a 1.694 personas en el \u00faltimo a\u00f1o y ha atendido 1.617 pernoctaciones en ola de fr\u00edo","robots":{"index":"index","follow":"follow","max-snippet":"max-snippet:-1","max-image-preview":"max-image-preview:large","max-video-preview":"max-video-preview:-1"},"canonical":"https:\/\/www.laguiadepamplona.com\/actualidad\/el-centro-de-atencion-a-personas-sin-hogar-del-ayuntamiento-ha-acogido-a-1-694-personas-en-el-ultimo-ano-y-ha-atendido-1-617-pernoctaciones-en-ola-de-frio\/","og_locale":"es_ES","og_type":"article","og_title":"El Centro de Atenci\u00f3n a Personas sin Hogar del Ayuntamiento ha acogido a 1.694 personas en el \u00faltimo a\u00f1o y ha atendido 1.617 pernoctaciones en ola de fr\u00edo","og_description":"Aprobada la pr\u00f3rroga de un servicio al que el Consistorio destinar\u00e1 846.764,18 euros en 2019 y que en estas fechas activa el protocolo de fr\u00edo","og_url":"https:\/\/www.laguiadepamplona.com\/actualidad\/el-centro-de-atencion-a-personas-sin-hogar-del-ayuntamiento-ha-acogido-a-1-694-personas-en-el-ultimo-ano-y-ha-atendido-1-617-pernoctaciones-en-ola-de-frio\/","og_site_name":"La Gu\u00eda de Pamplona","article_publisher":"https:\/\/www.facebook.com\/laguiadepamplonacom-133175176762273\/?ref=hl","article_published_time":"2018-10-30T11:33:07+00:00","og_image":[{"width":1000,"height":555,"url":"https:\/\/www.laguiadepamplona.com\/actualidad\/wp-content\/uploads\/2018\/05\/ayto-pamplona-3.jpg","type":"image\/jpeg"}],"author":"La Gu\u00eda de Pamplona","twitter_card":"summary_large_image","twitter_creator":"@LaGuiadPamplona","twitter_site":"@LaGuiadPamplona","twitter_misc":{"Escrito por":"La Gu\u00eda de Pamplona","Tiempo de lectura":"4 minutos"},"schema":{"@context":"https:\/\/schema.org","@graph":[{"@type":"Article","@id":"https:\/\/www.laguiadepamplona.com\/actualidad\/el-centro-de-atencion-a-personas-sin-hogar-del-ayuntamiento-ha-acogido-a-1-694-personas-en-el-ultimo-ano-y-ha-atendido-1-617-pernoctaciones-en-ola-de-frio\/#article","isPartOf":{"@id":"https:\/\/www.laguiadepamplona.com\/actualidad\/el-centro-de-atencion-a-personas-sin-hogar-del-ayuntamiento-ha-acogido-a-1-694-personas-en-el-ultimo-ano-y-ha-atendido-1-617-pernoctaciones-en-ola-de-frio\/"},"author":{"name":"La Gu\u00eda de Pamplona","@id":"https:\/\/www.laguiadepamplona.com\/actualidad\/#\/schema\/person\/efe887376f0213d4657c93adc50b1fdb"},"headline":"El Centro de Atenci\u00f3n a Personas sin Hogar del Ayuntamiento ha acogido a 1.694 personas en el \u00faltimo a\u00f1o y ha atendido 1.617 pernoctaciones en ola de fr\u00edo","datePublished":"2018-10-30T11:33:07+00:00","mainEntityOfPage":{"@id":"https:\/\/www.laguiadepamplona.com\/actualidad\/el-centro-de-atencion-a-personas-sin-hogar-del-ayuntamiento-ha-acogido-a-1-694-personas-en-el-ultimo-ano-y-ha-atendido-1-617-pernoctaciones-en-ola-de-frio\/"},"wordCount":738,"commentCount":0,"publisher":{"@id":"https:\/\/www.laguiadepamplona.com\/actualidad\/#organization"},"image":{"@id":"https:\/\/www.laguiadepamplona.com\/actualidad\/el-centro-de-atencion-a-personas-sin-hogar-del-ayuntamiento-ha-acogido-a-1-694-personas-en-el-ultimo-ano-y-ha-atendido-1-617-pernoctaciones-en-ola-de-frio\/#primaryimage"},"thumbnailUrl":"https:\/\/www.laguiadepamplona.com\/actualidad\/wp-content\/uploads\/2018\/05\/ayto-pamplona-3.jpg","articleSection":["Ayto Pamplona"],"inLanguage":"es","potentialAction":[{"@type":"CommentAction","name":"Comment","target":["https:\/\/www.laguiadepamplona.com\/actualidad\/el-centro-de-atencion-a-personas-sin-hogar-del-ayuntamiento-ha-acogido-a-1-694-personas-en-el-ultimo-ano-y-ha-atendido-1-617-pernoctaciones-en-ola-de-frio\/#respond"]}]},{"@type":"WebPage","@id":"https:\/\/www.laguiadepamplona.com\/actualidad\/el-centro-de-atencion-a-personas-sin-hogar-del-ayuntamiento-ha-acogido-a-1-694-personas-en-el-ultimo-ano-y-ha-atendido-1-617-pernoctaciones-en-ola-de-frio\/","url":"https:\/\/www.laguiadepamplona.com\/actualidad\/el-centro-de-atencion-a-personas-sin-hogar-del-ayuntamiento-ha-acogido-a-1-694-personas-en-el-ultimo-ano-y-ha-atendido-1-617-pernoctaciones-en-ola-de-frio\/","name":"El Centro de Atenci\u00f3n a Personas sin Hogar del Ayuntamiento ha acogido a 1.694 personas en el \u00faltimo a\u00f1o y ha atendido 1.617 pernoctaciones en ola de fr\u00edo","isPartOf":{"@id":"https:\/\/www.laguiadepamplona.com\/actualidad\/#website"},"primaryImageOfPage":{"@id":"https:\/\/www.laguiadepamplona.com\/actualidad\/el-centro-de-atencion-a-personas-sin-hogar-del-ayuntamiento-ha-acogido-a-1-694-personas-en-el-ultimo-ano-y-ha-atendido-1-617-pernoctaciones-en-ola-de-frio\/#primaryimage"},"image":{"@id":"https:\/\/www.laguiadepamplona.com\/actualidad\/el-centro-de-atencion-a-personas-sin-hogar-del-ayuntamiento-ha-acogido-a-1-694-personas-en-el-ultimo-ano-y-ha-atendido-1-617-pernoctaciones-en-ola-de-frio\/#primaryimage"},"thumbnailUrl":"https:\/\/www.laguiadepamplona.com\/actualidad\/wp-content\/uploads\/2018\/05\/ayto-pamplona-3.jpg","datePublished":"2018-10-30T11:33:07+00:00","breadcrumb":{"@id":"https:\/\/www.laguiadepamplona.com\/actualidad\/el-centro-de-atencion-a-personas-sin-hogar-del-ayuntamiento-ha-acogido-a-1-694-personas-en-el-ultimo-ano-y-ha-atendido-1-617-pernoctaciones-en-ola-de-frio\/#breadcrumb"},"inLanguage":"es","potentialAction":[{"@type":"ReadAction","target":["https:\/\/www.laguiadepamplona.com\/actualidad\/el-centro-de-atencion-a-personas-sin-hogar-del-ayuntamiento-ha-acogido-a-1-694-personas-en-el-ultimo-ano-y-ha-atendido-1-617-pernoctaciones-en-ola-de-frio\/"]}]},{"@type":"ImageObject","inLanguage":"es","@id":"https:\/\/www.laguiadepamplona.com\/actualidad\/el-centro-de-atencion-a-personas-sin-hogar-del-ayuntamiento-ha-acogido-a-1-694-personas-en-el-ultimo-ano-y-ha-atendido-1-617-pernoctaciones-en-ola-de-frio\/#primaryimage","url":"https:\/\/www.laguiadepamplona.com\/actualidad\/wp-content\/uploads\/2018\/05\/ayto-pamplona-3.jpg","contentUrl":"https:\/\/www.laguiadepamplona.com\/actualidad\/wp-content\/uploads\/2018\/05\/ayto-pamplona-3.jpg","width":1000,"height":555},{"@type":"BreadcrumbList","@id":"https:\/\/www.laguiadepamplona.com\/actualidad\/el-centro-de-atencion-a-personas-sin-hogar-del-ayuntamiento-ha-acogido-a-1-694-personas-en-el-ultimo-ano-y-ha-atendido-1-617-pernoctaciones-en-ola-de-frio\/#breadcrumb","itemListElement":[{"@type":"ListItem","position":1,"name":"Portada","item":"https:\/\/www.laguiadepamplona.com\/actualidad\/"},{"@type":"ListItem","position":2,"name":"El Centro de Atenci\u00f3n a Personas sin Hogar del Ayuntamiento ha acogido a 1.694 personas en el \u00faltimo a\u00f1o y ha atendido 1.617 pernoctaciones en ola de fr\u00edo"}]},{"@type":"WebSite","@id":"https:\/\/www.laguiadepamplona.com\/actualidad\/#website","url":"https:\/\/www.laguiadepamplona.com\/actualidad\/","name":"La gu\u00eda de Pamplona","description":"Noticias de Pamplona","publisher":{"@id":"https:\/\/www.laguiadepamplona.com\/actualidad\/#organization"},"potentialAction":[{"@type":"SearchAction","target":{"@type":"EntryPoint","urlTemplate":"https:\/\/www.laguiadepamplona.com\/actualidad\/?s={search_term_string}"},"query-input":{"@type":"PropertyValueSpecification","valueRequired":true,"valueName":"search_term_string"}}],"inLanguage":"es"},{"@type":"Organization","@id":"https:\/\/www.laguiadepamplona.com\/actualidad\/#organization","name":"La Gu\u00eda de Pamplona \/ Noticias","url":"https:\/\/www.laguiadepamplona.com\/actualidad\/","logo":{"@type":"ImageObject","inLanguage":"es","@id":"https:\/\/www.laguiadepamplona.com\/actualidad\/#\/schema\/logo\/image\/","url":"https:\/\/www.laguiadepamplona.com\/actualidad\/wp-content\/uploads\/2018\/11\/logo-laguiadepamplona18-web1.png","contentUrl":"https:\/\/www.laguiadepamplona.com\/actualidad\/wp-content\/uploads\/2018\/11\/logo-laguiadepamplona18-web1.png","width":600,"height":196,"caption":"La Gu\u00eda de Pamplona \/ Noticias"},"image":{"@id":"https:\/\/www.laguiadepamplona.com\/actualidad\/#\/schema\/logo\/image\/"},"sameAs":["https:\/\/www.facebook.com\/laguiadepamplonacom-133175176762273\/?ref=hl","https:\/\/x.com\/LaGuiadPamplona","https:\/\/www.instagram.com\/la_guia_de_pamplona\/","https:\/\/www.youtube.com\/user\/laguiadepamplona"]},{"@type":"Person","@id":"https:\/\/www.laguiadepamplona.com\/actualidad\/#\/schema\/person\/efe887376f0213d4657c93adc50b1fdb","name":"La Gu\u00eda de Pamplona","image":{"@type":"ImageObject","inLanguage":"es","@id":"https:\/\/secure.gravatar.com\/avatar\/b6992f131dc8d30ab0dff15446e9d346d9dbd95992de0fef795073f5ea83a81c?s=96&d=mm&r=g","url":"https:\/\/secure.gravatar.com\/avatar\/b6992f131dc8d30ab0dff15446e9d346d9dbd95992de0fef795073f5ea83a81c?s=96&d=mm&r=g","contentUrl":"https:\/\/secure.gravatar.com\/avatar\/b6992f131dc8d30ab0dff15446e9d346d9dbd95992de0fef795073f5ea83a81c?s=96&d=mm&r=g","caption":"La Gu\u00eda de Pamplona"}}]}},"post_mailing_queue_ids":[],"_links":{"self":[{"href":"https:\/\/www.laguiadepamplona.com\/actualidad\/wp-json\/wp\/v2\/posts\/19208","targetHints":{"allow":["GET"]}}],"collection":[{"href":"https:\/\/www.laguiadepamplona.com\/actualidad\/wp-json\/wp\/v2\/posts"}],"about":[{"href":"https:\/\/www.laguiadepamplona.com\/actualidad\/wp-json\/wp\/v2\/types\/post"}],"author":[{"embeddable":true,"href":"https:\/\/www.laguiadepamplona.com\/actualidad\/wp-json\/wp\/v2\/users\/1"}],"replies":[{"embeddable":true,"href":"https:\/\/www.laguiadepamplona.com\/actualidad\/wp-json\/wp\/v2\/comments?post=19208"}],"version-history":[{"count":0,"href":"https:\/\/www.laguiadepamplona.com\/actualidad\/wp-json\/wp\/v2\/posts\/19208\/revisions"}],"wp:featuredmedia":[{"embeddable":true,"href":"https:\/\/www.laguiadepamplona.com\/actualidad\/wp-json\/wp\/v2\/media\/17600"}],"wp:attachment":[{"href":"https:\/\/www.laguiadepamplona.com\/actualidad\/wp-json\/wp\/v2\/media?parent=19208"}],"wp:term":[{"taxonomy":"category","embeddable":true,"href":"https:\/\/www.laguiadepamplona.com\/actualidad\/wp-json\/wp\/v2\/categories?post=19208"},{"taxonomy":"post_tag","embeddable":true,"href":"https:\/\/www.laguiadepamplona.com\/actualidad\/wp-json\/wp\/v2\/tags?post=19208"}],"curies":[{"name":"wp","href":"https:\/\/api.w.org\/{rel}","templated":true}]}}