{"id":19206,"date":"2018-10-30T13:31:07","date_gmt":"2018-10-30T11:31:07","guid":{"rendered":"https:\/\/www.laguiadepamplona.es\/actualidad\/?p=19206"},"modified":"2018-10-30T13:31:07","modified_gmt":"2018-10-30T11:31:07","slug":"adjudicado-el-contrato-para-la-redaccion-del-proyecto-de-reurbanizacion-y-renovacion-de-redes-de-las-calles-manuel-de-falla-rio-urrobi-y-rio-irati","status":"publish","type":"post","link":"https:\/\/www.laguiadepamplona.com\/actualidad\/adjudicado-el-contrato-para-la-redaccion-del-proyecto-de-reurbanizacion-y-renovacion-de-redes-de-las-calles-manuel-de-falla-rio-urrobi-y-rio-irati\/","title":{"rendered":"Adjudicado el contrato para la redacci\u00f3n del proyecto de reurbanizaci\u00f3n y renovaci\u00f3n de redes de las calles Manuel de Falla, R\u00edo Urrobi y R\u00edo Irati"},"content":{"rendered":"<h3>Estos trabajos forman parte del proyecto EDUSI que engloba actuaciones en la zona sur de Pamplona<\/h3>\n<p><!--more--><\/p>\n<p>La Junta de Gobierno Local ha aprobado esta ma\u00f1ana la adjudicaci\u00f3n del contrato de redacci\u00f3n del proyecto de reurbanizaci\u00f3n y renovaci\u00f3n de redes en las calles Manuel de Falla, R\u00edo Urrobi y R\u00edo Irati en el barrio de la Milagrosa. Estos trabajos se incluyen dentro del proyecto EDUSI y se han adjudicado a las empresas Cima Ingenieros S.L. y Suma Urban Sustainability Consultants S.L.P. por 55.660 euros, con un plazo de ejecuci\u00f3n de 120 d\u00edas.<\/p>\n<p>Ese proyecto vertebrar\u00e1 el barrio mediante la creaci\u00f3n de dos ejes peatonales y ciclables que coinciden con los flujos m\u00e1s significativos que atraviesan el barrio. Uno de esos ejes, norte \u2013 sur, unir\u00e1 el desarrollo de Arrosad\u00eda con las zonas ya consolidadas m\u00e1s al norte como la plaza Felisa Mun\u00e1rriz y el centro de ciudad). El segundo eje, este \u2013 oeste, comunicar\u00e1 la zona existente al otro lado de la avenida de Zaragoza (calle R\u00edo Ega) con el parque de Ilargienea y la UPNA. Estos ejes se establecen con criterios de movilidad, priorizando a las personas y a las bicicletas y generando espacios de calidad para el barrio. Se permitir\u00e1 el paso ocasional de veh\u00edculos, se estudiar\u00e1 la conveniencia y\/o compatibilidad de la presencia de aparcamiento, se generar\u00e1n bulevares con arbolado y se aportar\u00e1n barreras a los condicionantes meteorol\u00f3gicos.<\/p>\n<p>Asimismo, se reconvertir\u00e1 el espacio creado por la traves\u00eda R\u00edo Urrobi y la calle Manuel de Falla, que se utiliza como aparcamiento espont\u00e1neo, como plaza vecinal con car\u00e1cter peatonal, propiciando una zona de encuentro en el barrio. Una actuaci\u00f3n similar se desarrollar\u00e1 en el espacio de las calles R\u00edo Irati y R\u00edo Urederra, con la creaci\u00f3n de otro espacio vecinal para el barrio. Se aprovechar\u00e1 el contrato para incluir la renovaci\u00f3n de las redes de redes de saneamiento, acometidas de agua, electricidad y otras, como los sistemas de redes de calefacci\u00f3n existentes en el barrio.<\/p>\n<p><strong>Estrategia EDUSI: Milagrosa \u2013 Sta Mar\u00eda la Real \u2013 Azpilaga\u00f1a<\/strong><\/p>\n<p>El Ayuntamiento de Pamplona redacta durante 2015 el Proyecto Edusi (Estrategia de Desarrollo Sostenible e Integrado) para la zona sur de la ciudad, concretamente en los barrios de la Milagrosa, Santa\u00a0 Mar\u00eda La Real y Azpilaga\u00f1a, siguiendo la metodolog\u00eda de transformaci\u00f3n de las ciudades recogida en el nuevo marco de actuaci\u00f3n europeo (Europa 2020) con el objetivo de poner en marcha un plan integral de actuaciones para transformar dicha zona. Para ello se dedica en los presupuestos anualmente un montante de 500.000 euros hasta alcanzar los 2,5 millones de euros entre el a\u00f1o 2017y 2021.<\/p>\n<p>&nbsp;<\/p>\n<p>La elecci\u00f3n del \u00e1rea de intervenci\u00f3n para la redacci\u00f3n del proyecto EDUSI de Pamplona Sur, que incluye la Milagrosa, Santa Mar\u00eda La Real y parte de Azpilaga\u00f1a, fue motivada por las caracter\u00edsticas y problem\u00e1ticas comunes de estos barrios desde el punto de vista demogr\u00e1fico, sociol\u00f3gico y urban\u00edstico. Para ello, se elabor\u00f3 un diagn\u00f3stico y un an\u00e1lisis integrado en dicha zona planteando unos objetivos tem\u00e1ticos y unas l\u00edneas de actuaci\u00f3n en conexi\u00f3n con las marcadas por la estrategia Europa 2020 para mejorar la calidad de vida de sus habitantes. Se priorizaron 3 de los 9 objetivos tem\u00e1ticos iniciales: econom\u00eda de bajo nivel de emisi\u00f3n y de carbono; medioambiente y eficiencia en recursos; y promover la inclusi\u00f3n social.<\/p>\n<p>&nbsp;<\/p>\n<p>Europa 2020 es la estrategia de crecimiento inteligente, sostenible e integrado de la Uni\u00f3n Europea en la que la Comisi\u00f3n Europea incide en que las ciudades son primordiales en este modelo de desarrollo. Por ello fomenta, a trav\u00e9s de los fondos estructurales y su pol\u00edtica de cohesi\u00f3n, la puesta en marcha de medidas para el desarrollo urbano sostenible en los \u00e1mbitos sociales, econ\u00f3micos y ambientales de las ciudades desde una perspectiva integrada.<\/p>\n","protected":false},"excerpt":{"rendered":"<p>Estos trabajos forman parte del proyecto EDUSI que engloba actuaciones en la zona sur de Pamplona<\/p>\n","protected":false},"author":1,"featured_media":17600,"comment_status":"open","ping_status":"closed","sticky":false,"template":"","format":"standard","meta":{"footnotes":""},"categories":[2],"tags":[],"class_list":["post-19206","post","type-post","status-publish","format-standard","has-post-thumbnail","hentry","category-ayuntamiento-pamplona"],"yoast_head":"<!-- This site is optimized with the Yoast SEO plugin v27.3 - https:\/\/yoast.com\/product\/yoast-seo-wordpress\/ -->\n<title>Adjudicado el contrato para la redacci\u00f3n del proyecto de reurbanizaci\u00f3n y renovaci\u00f3n de redes de las calles Manuel de Falla, R\u00edo Urrobi y R\u00edo Irati<\/title>\n<meta name=\"robots\" content=\"index, follow, max-snippet:-1, max-image-preview:large, max-video-preview:-1\" \/>\n<link rel=\"canonical\" href=\"https:\/\/www.laguiadepamplona.com\/actualidad\/adjudicado-el-contrato-para-la-redaccion-del-proyecto-de-reurbanizacion-y-renovacion-de-redes-de-las-calles-manuel-de-falla-rio-urrobi-y-rio-irati\/\" \/>\n<meta property=\"og:locale\" content=\"es_ES\" \/>\n<meta property=\"og:type\" content=\"article\" \/>\n<meta property=\"og:title\" content=\"Adjudicado el contrato para la redacci\u00f3n del proyecto de reurbanizaci\u00f3n y renovaci\u00f3n de redes de las calles Manuel de Falla, R\u00edo Urrobi y R\u00edo Irati\" \/>\n<meta property=\"og:description\" content=\"Estos trabajos forman parte del proyecto EDUSI que engloba actuaciones en la zona sur de Pamplona\" \/>\n<meta property=\"og:url\" content=\"https:\/\/www.laguiadepamplona.com\/actualidad\/adjudicado-el-contrato-para-la-redaccion-del-proyecto-de-reurbanizacion-y-renovacion-de-redes-de-las-calles-manuel-de-falla-rio-urrobi-y-rio-irati\/\" \/>\n<meta property=\"og:site_name\" content=\"La Gu\u00eda de Pamplona\" \/>\n<meta property=\"article:publisher\" content=\"https:\/\/www.facebook.com\/laguiadepamplonacom-133175176762273\/?ref=hl\" \/>\n<meta property=\"article:published_time\" content=\"2018-10-30T11:31:07+00:00\" \/>\n<meta property=\"og:image\" content=\"https:\/\/www.laguiadepamplona.com\/actualidad\/wp-content\/uploads\/2018\/05\/ayto-pamplona-3.jpg\" \/>\n\t<meta property=\"og:image:width\" content=\"1000\" \/>\n\t<meta property=\"og:image:height\" content=\"555\" \/>\n\t<meta property=\"og:image:type\" content=\"image\/jpeg\" \/>\n<meta name=\"author\" content=\"La Gu\u00eda de Pamplona\" \/>\n<meta name=\"twitter:card\" content=\"summary_large_image\" \/>\n<meta name=\"twitter:creator\" content=\"@LaGuiadPamplona\" \/>\n<meta name=\"twitter:site\" content=\"@LaGuiadPamplona\" \/>\n<meta name=\"twitter:label1\" content=\"Escrito por\" \/>\n\t<meta name=\"twitter:data1\" content=\"La Gu\u00eda de Pamplona\" \/>\n\t<meta name=\"twitter:label2\" content=\"Tiempo de lectura\" \/>\n\t<meta name=\"twitter:data2\" content=\"3 minutos\" \/>\n<script type=\"application\/ld+json\" class=\"yoast-schema-graph\">{\"@context\":\"https:\\\/\\\/schema.org\",\"@graph\":[{\"@type\":\"Article\",\"@id\":\"https:\\\/\\\/www.laguiadepamplona.com\\\/actualidad\\\/adjudicado-el-contrato-para-la-redaccion-del-proyecto-de-reurbanizacion-y-renovacion-de-redes-de-las-calles-manuel-de-falla-rio-urrobi-y-rio-irati\\\/#article\",\"isPartOf\":{\"@id\":\"https:\\\/\\\/www.laguiadepamplona.com\\\/actualidad\\\/adjudicado-el-contrato-para-la-redaccion-del-proyecto-de-reurbanizacion-y-renovacion-de-redes-de-las-calles-manuel-de-falla-rio-urrobi-y-rio-irati\\\/\"},\"author\":{\"name\":\"La Gu\u00eda de Pamplona\",\"@id\":\"https:\\\/\\\/www.laguiadepamplona.com\\\/actualidad\\\/#\\\/schema\\\/person\\\/efe887376f0213d4657c93adc50b1fdb\"},\"headline\":\"Adjudicado el contrato para la redacci\u00f3n del proyecto de reurbanizaci\u00f3n y renovaci\u00f3n de redes de las calles Manuel de Falla, R\u00edo Urrobi y R\u00edo Irati\",\"datePublished\":\"2018-10-30T11:31:07+00:00\",\"mainEntityOfPage\":{\"@id\":\"https:\\\/\\\/www.laguiadepamplona.com\\\/actualidad\\\/adjudicado-el-contrato-para-la-redaccion-del-proyecto-de-reurbanizacion-y-renovacion-de-redes-de-las-calles-manuel-de-falla-rio-urrobi-y-rio-irati\\\/\"},\"wordCount\":702,\"commentCount\":0,\"publisher\":{\"@id\":\"https:\\\/\\\/www.laguiadepamplona.com\\\/actualidad\\\/#organization\"},\"image\":{\"@id\":\"https:\\\/\\\/www.laguiadepamplona.com\\\/actualidad\\\/adjudicado-el-contrato-para-la-redaccion-del-proyecto-de-reurbanizacion-y-renovacion-de-redes-de-las-calles-manuel-de-falla-rio-urrobi-y-rio-irati\\\/#primaryimage\"},\"thumbnailUrl\":\"https:\\\/\\\/www.laguiadepamplona.com\\\/actualidad\\\/wp-content\\\/uploads\\\/2018\\\/05\\\/ayto-pamplona-3.jpg\",\"articleSection\":[\"Ayto Pamplona\"],\"inLanguage\":\"es\",\"potentialAction\":[{\"@type\":\"CommentAction\",\"name\":\"Comment\",\"target\":[\"https:\\\/\\\/www.laguiadepamplona.com\\\/actualidad\\\/adjudicado-el-contrato-para-la-redaccion-del-proyecto-de-reurbanizacion-y-renovacion-de-redes-de-las-calles-manuel-de-falla-rio-urrobi-y-rio-irati\\\/#respond\"]}]},{\"@type\":\"WebPage\",\"@id\":\"https:\\\/\\\/www.laguiadepamplona.com\\\/actualidad\\\/adjudicado-el-contrato-para-la-redaccion-del-proyecto-de-reurbanizacion-y-renovacion-de-redes-de-las-calles-manuel-de-falla-rio-urrobi-y-rio-irati\\\/\",\"url\":\"https:\\\/\\\/www.laguiadepamplona.com\\\/actualidad\\\/adjudicado-el-contrato-para-la-redaccion-del-proyecto-de-reurbanizacion-y-renovacion-de-redes-de-las-calles-manuel-de-falla-rio-urrobi-y-rio-irati\\\/\",\"name\":\"Adjudicado el contrato para la redacci\u00f3n del proyecto de reurbanizaci\u00f3n y renovaci\u00f3n de redes de las calles Manuel de Falla, R\u00edo Urrobi y R\u00edo Irati\",\"isPartOf\":{\"@id\":\"https:\\\/\\\/www.laguiadepamplona.com\\\/actualidad\\\/#website\"},\"primaryImageOfPage\":{\"@id\":\"https:\\\/\\\/www.laguiadepamplona.com\\\/actualidad\\\/adjudicado-el-contrato-para-la-redaccion-del-proyecto-de-reurbanizacion-y-renovacion-de-redes-de-las-calles-manuel-de-falla-rio-urrobi-y-rio-irati\\\/#primaryimage\"},\"image\":{\"@id\":\"https:\\\/\\\/www.laguiadepamplona.com\\\/actualidad\\\/adjudicado-el-contrato-para-la-redaccion-del-proyecto-de-reurbanizacion-y-renovacion-de-redes-de-las-calles-manuel-de-falla-rio-urrobi-y-rio-irati\\\/#primaryimage\"},\"thumbnailUrl\":\"https:\\\/\\\/www.laguiadepamplona.com\\\/actualidad\\\/wp-content\\\/uploads\\\/2018\\\/05\\\/ayto-pamplona-3.jpg\",\"datePublished\":\"2018-10-30T11:31:07+00:00\",\"breadcrumb\":{\"@id\":\"https:\\\/\\\/www.laguiadepamplona.com\\\/actualidad\\\/adjudicado-el-contrato-para-la-redaccion-del-proyecto-de-reurbanizacion-y-renovacion-de-redes-de-las-calles-manuel-de-falla-rio-urrobi-y-rio-irati\\\/#breadcrumb\"},\"inLanguage\":\"es\",\"potentialAction\":[{\"@type\":\"ReadAction\",\"target\":[\"https:\\\/\\\/www.laguiadepamplona.com\\\/actualidad\\\/adjudicado-el-contrato-para-la-redaccion-del-proyecto-de-reurbanizacion-y-renovacion-de-redes-de-las-calles-manuel-de-falla-rio-urrobi-y-rio-irati\\\/\"]}]},{\"@type\":\"ImageObject\",\"inLanguage\":\"es\",\"@id\":\"https:\\\/\\\/www.laguiadepamplona.com\\\/actualidad\\\/adjudicado-el-contrato-para-la-redaccion-del-proyecto-de-reurbanizacion-y-renovacion-de-redes-de-las-calles-manuel-de-falla-rio-urrobi-y-rio-irati\\\/#primaryimage\",\"url\":\"https:\\\/\\\/www.laguiadepamplona.com\\\/actualidad\\\/wp-content\\\/uploads\\\/2018\\\/05\\\/ayto-pamplona-3.jpg\",\"contentUrl\":\"https:\\\/\\\/www.laguiadepamplona.com\\\/actualidad\\\/wp-content\\\/uploads\\\/2018\\\/05\\\/ayto-pamplona-3.jpg\",\"width\":1000,\"height\":555},{\"@type\":\"BreadcrumbList\",\"@id\":\"https:\\\/\\\/www.laguiadepamplona.com\\\/actualidad\\\/adjudicado-el-contrato-para-la-redaccion-del-proyecto-de-reurbanizacion-y-renovacion-de-redes-de-las-calles-manuel-de-falla-rio-urrobi-y-rio-irati\\\/#breadcrumb\",\"itemListElement\":[{\"@type\":\"ListItem\",\"position\":1,\"name\":\"Portada\",\"item\":\"https:\\\/\\\/www.laguiadepamplona.com\\\/actualidad\\\/\"},{\"@type\":\"ListItem\",\"position\":2,\"name\":\"Adjudicado el contrato para la redacci\u00f3n del proyecto de reurbanizaci\u00f3n y renovaci\u00f3n de redes de las calles Manuel de Falla, R\u00edo Urrobi y R\u00edo Irati\"}]},{\"@type\":\"WebSite\",\"@id\":\"https:\\\/\\\/www.laguiadepamplona.com\\\/actualidad\\\/#website\",\"url\":\"https:\\\/\\\/www.laguiadepamplona.com\\\/actualidad\\\/\",\"name\":\"La gu\u00eda de Pamplona\",\"description\":\"Noticias de Pamplona\",\"publisher\":{\"@id\":\"https:\\\/\\\/www.laguiadepamplona.com\\\/actualidad\\\/#organization\"},\"potentialAction\":[{\"@type\":\"SearchAction\",\"target\":{\"@type\":\"EntryPoint\",\"urlTemplate\":\"https:\\\/\\\/www.laguiadepamplona.com\\\/actualidad\\\/?s={search_term_string}\"},\"query-input\":{\"@type\":\"PropertyValueSpecification\",\"valueRequired\":true,\"valueName\":\"search_term_string\"}}],\"inLanguage\":\"es\"},{\"@type\":\"Organization\",\"@id\":\"https:\\\/\\\/www.laguiadepamplona.com\\\/actualidad\\\/#organization\",\"name\":\"La Gu\u00eda de Pamplona \\\/ Noticias\",\"url\":\"https:\\\/\\\/www.laguiadepamplona.com\\\/actualidad\\\/\",\"logo\":{\"@type\":\"ImageObject\",\"inLanguage\":\"es\",\"@id\":\"https:\\\/\\\/www.laguiadepamplona.com\\\/actualidad\\\/#\\\/schema\\\/logo\\\/image\\\/\",\"url\":\"https:\\\/\\\/www.laguiadepamplona.com\\\/actualidad\\\/wp-content\\\/uploads\\\/2018\\\/11\\\/logo-laguiadepamplona18-web1.png\",\"contentUrl\":\"https:\\\/\\\/www.laguiadepamplona.com\\\/actualidad\\\/wp-content\\\/uploads\\\/2018\\\/11\\\/logo-laguiadepamplona18-web1.png\",\"width\":600,\"height\":196,\"caption\":\"La Gu\u00eda de Pamplona \\\/ Noticias\"},\"image\":{\"@id\":\"https:\\\/\\\/www.laguiadepamplona.com\\\/actualidad\\\/#\\\/schema\\\/logo\\\/image\\\/\"},\"sameAs\":[\"https:\\\/\\\/www.facebook.com\\\/laguiadepamplonacom-133175176762273\\\/?ref=hl\",\"https:\\\/\\\/x.com\\\/LaGuiadPamplona\",\"https:\\\/\\\/www.instagram.com\\\/la_guia_de_pamplona\\\/\",\"https:\\\/\\\/www.youtube.com\\\/user\\\/laguiadepamplona\"]},{\"@type\":\"Person\",\"@id\":\"https:\\\/\\\/www.laguiadepamplona.com\\\/actualidad\\\/#\\\/schema\\\/person\\\/efe887376f0213d4657c93adc50b1fdb\",\"name\":\"La Gu\u00eda de Pamplona\",\"image\":{\"@type\":\"ImageObject\",\"inLanguage\":\"es\",\"@id\":\"https:\\\/\\\/secure.gravatar.com\\\/avatar\\\/b6992f131dc8d30ab0dff15446e9d346d9dbd95992de0fef795073f5ea83a81c?s=96&d=mm&r=g\",\"url\":\"https:\\\/\\\/secure.gravatar.com\\\/avatar\\\/b6992f131dc8d30ab0dff15446e9d346d9dbd95992de0fef795073f5ea83a81c?s=96&d=mm&r=g\",\"contentUrl\":\"https:\\\/\\\/secure.gravatar.com\\\/avatar\\\/b6992f131dc8d30ab0dff15446e9d346d9dbd95992de0fef795073f5ea83a81c?s=96&d=mm&r=g\",\"caption\":\"La Gu\u00eda de Pamplona\"}}]}<\/script>\n<!-- \/ Yoast SEO plugin. -->","yoast_head_json":{"title":"Adjudicado el contrato para la redacci\u00f3n del proyecto de reurbanizaci\u00f3n y renovaci\u00f3n de redes de las calles Manuel de Falla, R\u00edo Urrobi y R\u00edo Irati","robots":{"index":"index","follow":"follow","max-snippet":"max-snippet:-1","max-image-preview":"max-image-preview:large","max-video-preview":"max-video-preview:-1"},"canonical":"https:\/\/www.laguiadepamplona.com\/actualidad\/adjudicado-el-contrato-para-la-redaccion-del-proyecto-de-reurbanizacion-y-renovacion-de-redes-de-las-calles-manuel-de-falla-rio-urrobi-y-rio-irati\/","og_locale":"es_ES","og_type":"article","og_title":"Adjudicado el contrato para la redacci\u00f3n del proyecto de reurbanizaci\u00f3n y renovaci\u00f3n de redes de las calles Manuel de Falla, R\u00edo Urrobi y R\u00edo Irati","og_description":"Estos trabajos forman parte del proyecto EDUSI que engloba actuaciones en la zona sur de Pamplona","og_url":"https:\/\/www.laguiadepamplona.com\/actualidad\/adjudicado-el-contrato-para-la-redaccion-del-proyecto-de-reurbanizacion-y-renovacion-de-redes-de-las-calles-manuel-de-falla-rio-urrobi-y-rio-irati\/","og_site_name":"La Gu\u00eda de Pamplona","article_publisher":"https:\/\/www.facebook.com\/laguiadepamplonacom-133175176762273\/?ref=hl","article_published_time":"2018-10-30T11:31:07+00:00","og_image":[{"width":1000,"height":555,"url":"https:\/\/www.laguiadepamplona.com\/actualidad\/wp-content\/uploads\/2018\/05\/ayto-pamplona-3.jpg","type":"image\/jpeg"}],"author":"La Gu\u00eda de Pamplona","twitter_card":"summary_large_image","twitter_creator":"@LaGuiadPamplona","twitter_site":"@LaGuiadPamplona","twitter_misc":{"Escrito por":"La Gu\u00eda de Pamplona","Tiempo de lectura":"3 minutos"},"schema":{"@context":"https:\/\/schema.org","@graph":[{"@type":"Article","@id":"https:\/\/www.laguiadepamplona.com\/actualidad\/adjudicado-el-contrato-para-la-redaccion-del-proyecto-de-reurbanizacion-y-renovacion-de-redes-de-las-calles-manuel-de-falla-rio-urrobi-y-rio-irati\/#article","isPartOf":{"@id":"https:\/\/www.laguiadepamplona.com\/actualidad\/adjudicado-el-contrato-para-la-redaccion-del-proyecto-de-reurbanizacion-y-renovacion-de-redes-de-las-calles-manuel-de-falla-rio-urrobi-y-rio-irati\/"},"author":{"name":"La Gu\u00eda de Pamplona","@id":"https:\/\/www.laguiadepamplona.com\/actualidad\/#\/schema\/person\/efe887376f0213d4657c93adc50b1fdb"},"headline":"Adjudicado el contrato para la redacci\u00f3n del proyecto de reurbanizaci\u00f3n y renovaci\u00f3n de redes de las calles Manuel de Falla, R\u00edo Urrobi y R\u00edo Irati","datePublished":"2018-10-30T11:31:07+00:00","mainEntityOfPage":{"@id":"https:\/\/www.laguiadepamplona.com\/actualidad\/adjudicado-el-contrato-para-la-redaccion-del-proyecto-de-reurbanizacion-y-renovacion-de-redes-de-las-calles-manuel-de-falla-rio-urrobi-y-rio-irati\/"},"wordCount":702,"commentCount":0,"publisher":{"@id":"https:\/\/www.laguiadepamplona.com\/actualidad\/#organization"},"image":{"@id":"https:\/\/www.laguiadepamplona.com\/actualidad\/adjudicado-el-contrato-para-la-redaccion-del-proyecto-de-reurbanizacion-y-renovacion-de-redes-de-las-calles-manuel-de-falla-rio-urrobi-y-rio-irati\/#primaryimage"},"thumbnailUrl":"https:\/\/www.laguiadepamplona.com\/actualidad\/wp-content\/uploads\/2018\/05\/ayto-pamplona-3.jpg","articleSection":["Ayto Pamplona"],"inLanguage":"es","potentialAction":[{"@type":"CommentAction","name":"Comment","target":["https:\/\/www.laguiadepamplona.com\/actualidad\/adjudicado-el-contrato-para-la-redaccion-del-proyecto-de-reurbanizacion-y-renovacion-de-redes-de-las-calles-manuel-de-falla-rio-urrobi-y-rio-irati\/#respond"]}]},{"@type":"WebPage","@id":"https:\/\/www.laguiadepamplona.com\/actualidad\/adjudicado-el-contrato-para-la-redaccion-del-proyecto-de-reurbanizacion-y-renovacion-de-redes-de-las-calles-manuel-de-falla-rio-urrobi-y-rio-irati\/","url":"https:\/\/www.laguiadepamplona.com\/actualidad\/adjudicado-el-contrato-para-la-redaccion-del-proyecto-de-reurbanizacion-y-renovacion-de-redes-de-las-calles-manuel-de-falla-rio-urrobi-y-rio-irati\/","name":"Adjudicado el contrato para la redacci\u00f3n del proyecto de reurbanizaci\u00f3n y renovaci\u00f3n de redes de las calles Manuel de Falla, R\u00edo Urrobi y R\u00edo Irati","isPartOf":{"@id":"https:\/\/www.laguiadepamplona.com\/actualidad\/#website"},"primaryImageOfPage":{"@id":"https:\/\/www.laguiadepamplona.com\/actualidad\/adjudicado-el-contrato-para-la-redaccion-del-proyecto-de-reurbanizacion-y-renovacion-de-redes-de-las-calles-manuel-de-falla-rio-urrobi-y-rio-irati\/#primaryimage"},"image":{"@id":"https:\/\/www.laguiadepamplona.com\/actualidad\/adjudicado-el-contrato-para-la-redaccion-del-proyecto-de-reurbanizacion-y-renovacion-de-redes-de-las-calles-manuel-de-falla-rio-urrobi-y-rio-irati\/#primaryimage"},"thumbnailUrl":"https:\/\/www.laguiadepamplona.com\/actualidad\/wp-content\/uploads\/2018\/05\/ayto-pamplona-3.jpg","datePublished":"2018-10-30T11:31:07+00:00","breadcrumb":{"@id":"https:\/\/www.laguiadepamplona.com\/actualidad\/adjudicado-el-contrato-para-la-redaccion-del-proyecto-de-reurbanizacion-y-renovacion-de-redes-de-las-calles-manuel-de-falla-rio-urrobi-y-rio-irati\/#breadcrumb"},"inLanguage":"es","potentialAction":[{"@type":"ReadAction","target":["https:\/\/www.laguiadepamplona.com\/actualidad\/adjudicado-el-contrato-para-la-redaccion-del-proyecto-de-reurbanizacion-y-renovacion-de-redes-de-las-calles-manuel-de-falla-rio-urrobi-y-rio-irati\/"]}]},{"@type":"ImageObject","inLanguage":"es","@id":"https:\/\/www.laguiadepamplona.com\/actualidad\/adjudicado-el-contrato-para-la-redaccion-del-proyecto-de-reurbanizacion-y-renovacion-de-redes-de-las-calles-manuel-de-falla-rio-urrobi-y-rio-irati\/#primaryimage","url":"https:\/\/www.laguiadepamplona.com\/actualidad\/wp-content\/uploads\/2018\/05\/ayto-pamplona-3.jpg","contentUrl":"https:\/\/www.laguiadepamplona.com\/actualidad\/wp-content\/uploads\/2018\/05\/ayto-pamplona-3.jpg","width":1000,"height":555},{"@type":"BreadcrumbList","@id":"https:\/\/www.laguiadepamplona.com\/actualidad\/adjudicado-el-contrato-para-la-redaccion-del-proyecto-de-reurbanizacion-y-renovacion-de-redes-de-las-calles-manuel-de-falla-rio-urrobi-y-rio-irati\/#breadcrumb","itemListElement":[{"@type":"ListItem","position":1,"name":"Portada","item":"https:\/\/www.laguiadepamplona.com\/actualidad\/"},{"@type":"ListItem","position":2,"name":"Adjudicado el contrato para la redacci\u00f3n del proyecto de reurbanizaci\u00f3n y renovaci\u00f3n de redes de las calles Manuel de Falla, R\u00edo Urrobi y R\u00edo Irati"}]},{"@type":"WebSite","@id":"https:\/\/www.laguiadepamplona.com\/actualidad\/#website","url":"https:\/\/www.laguiadepamplona.com\/actualidad\/","name":"La gu\u00eda de Pamplona","description":"Noticias de Pamplona","publisher":{"@id":"https:\/\/www.laguiadepamplona.com\/actualidad\/#organization"},"potentialAction":[{"@type":"SearchAction","target":{"@type":"EntryPoint","urlTemplate":"https:\/\/www.laguiadepamplona.com\/actualidad\/?s={search_term_string}"},"query-input":{"@type":"PropertyValueSpecification","valueRequired":true,"valueName":"search_term_string"}}],"inLanguage":"es"},{"@type":"Organization","@id":"https:\/\/www.laguiadepamplona.com\/actualidad\/#organization","name":"La Gu\u00eda de Pamplona \/ Noticias","url":"https:\/\/www.laguiadepamplona.com\/actualidad\/","logo":{"@type":"ImageObject","inLanguage":"es","@id":"https:\/\/www.laguiadepamplona.com\/actualidad\/#\/schema\/logo\/image\/","url":"https:\/\/www.laguiadepamplona.com\/actualidad\/wp-content\/uploads\/2018\/11\/logo-laguiadepamplona18-web1.png","contentUrl":"https:\/\/www.laguiadepamplona.com\/actualidad\/wp-content\/uploads\/2018\/11\/logo-laguiadepamplona18-web1.png","width":600,"height":196,"caption":"La Gu\u00eda de Pamplona \/ Noticias"},"image":{"@id":"https:\/\/www.laguiadepamplona.com\/actualidad\/#\/schema\/logo\/image\/"},"sameAs":["https:\/\/www.facebook.com\/laguiadepamplonacom-133175176762273\/?ref=hl","https:\/\/x.com\/LaGuiadPamplona","https:\/\/www.instagram.com\/la_guia_de_pamplona\/","https:\/\/www.youtube.com\/user\/laguiadepamplona"]},{"@type":"Person","@id":"https:\/\/www.laguiadepamplona.com\/actualidad\/#\/schema\/person\/efe887376f0213d4657c93adc50b1fdb","name":"La Gu\u00eda de Pamplona","image":{"@type":"ImageObject","inLanguage":"es","@id":"https:\/\/secure.gravatar.com\/avatar\/b6992f131dc8d30ab0dff15446e9d346d9dbd95992de0fef795073f5ea83a81c?s=96&d=mm&r=g","url":"https:\/\/secure.gravatar.com\/avatar\/b6992f131dc8d30ab0dff15446e9d346d9dbd95992de0fef795073f5ea83a81c?s=96&d=mm&r=g","contentUrl":"https:\/\/secure.gravatar.com\/avatar\/b6992f131dc8d30ab0dff15446e9d346d9dbd95992de0fef795073f5ea83a81c?s=96&d=mm&r=g","caption":"La Gu\u00eda de Pamplona"}}]}},"post_mailing_queue_ids":[],"_links":{"self":[{"href":"https:\/\/www.laguiadepamplona.com\/actualidad\/wp-json\/wp\/v2\/posts\/19206","targetHints":{"allow":["GET"]}}],"collection":[{"href":"https:\/\/www.laguiadepamplona.com\/actualidad\/wp-json\/wp\/v2\/posts"}],"about":[{"href":"https:\/\/www.laguiadepamplona.com\/actualidad\/wp-json\/wp\/v2\/types\/post"}],"author":[{"embeddable":true,"href":"https:\/\/www.laguiadepamplona.com\/actualidad\/wp-json\/wp\/v2\/users\/1"}],"replies":[{"embeddable":true,"href":"https:\/\/www.laguiadepamplona.com\/actualidad\/wp-json\/wp\/v2\/comments?post=19206"}],"version-history":[{"count":0,"href":"https:\/\/www.laguiadepamplona.com\/actualidad\/wp-json\/wp\/v2\/posts\/19206\/revisions"}],"wp:featuredmedia":[{"embeddable":true,"href":"https:\/\/www.laguiadepamplona.com\/actualidad\/wp-json\/wp\/v2\/media\/17600"}],"wp:attachment":[{"href":"https:\/\/www.laguiadepamplona.com\/actualidad\/wp-json\/wp\/v2\/media?parent=19206"}],"wp:term":[{"taxonomy":"category","embeddable":true,"href":"https:\/\/www.laguiadepamplona.com\/actualidad\/wp-json\/wp\/v2\/categories?post=19206"},{"taxonomy":"post_tag","embeddable":true,"href":"https:\/\/www.laguiadepamplona.com\/actualidad\/wp-json\/wp\/v2\/tags?post=19206"}],"curies":[{"name":"wp","href":"https:\/\/api.w.org\/{rel}","templated":true}]}}