{"id":19204,"date":"2018-10-30T12:48:51","date_gmt":"2018-10-30T10:48:51","guid":{"rendered":"https:\/\/www.laguiadepamplona.es\/actualidad\/?p=19204"},"modified":"2018-10-30T12:48:51","modified_gmt":"2018-10-30T10:48:51","slug":"adjudicado-el-contrato-para-el-suministro-basico-de-la-musealizacion-del-futuro-centro-de-interpretacion-accesible-del-camino-de-santiago-ultreia","status":"publish","type":"post","link":"https:\/\/www.laguiadepamplona.com\/actualidad\/adjudicado-el-contrato-para-el-suministro-basico-de-la-musealizacion-del-futuro-centro-de-interpretacion-accesible-del-camino-de-santiago-ultreia\/","title":{"rendered":"Adjudicado el contrato para el suministro b\u00e1sico de la musealizaci\u00f3n del futuro centro de interpretaci\u00f3n accesible del Camino de Santiago, \u2018Ultreia\u2019"},"content":{"rendered":"<h3>Incluye pavimentos, revestimientos, iluminaci\u00f3n y mobiliario de un centro vinculado al proyecto de cooperaci\u00f3n transfronteriza <a href=\"mailto:Jacob@ccess\">Jacob@ccess<\/a><\/h3>\n<p><!--more--><\/p>\n<p>La Junta de Gobierno Local ha aprobado la adjudicaci\u00f3n del contrato del suministro b\u00e1sico para la musealizaci\u00f3n del futuro centro de interpretaci\u00f3n accesible del Camino de Santiago, \u2018Ultreia\u2019, vinculados al proyecto de cooperaci\u00f3n transfronteriza <a href=\"mailto:Jacob@ccess\">Jacob@ccess<\/a> financiado con fondos FEDER. El centro est\u00e1 previsto que se abra el pr\u00f3ximo mes de marzo y, tras las obras de adecuaci\u00f3n del local y este suministro b\u00e1sico de infraestructuras, \u00fanicamente estar\u00e1 a falta de los contenidos concretos que se vayan a exhibir y que se est\u00e1n desarrollando dentro del proyecto general.<\/p>\n<p>Este contrato pretende asegurar un suministro e instalaci\u00f3n de calidad de los elementos que conformar\u00e1n los contenidos b\u00e1sicos del Centro de Interpretaci\u00f3n del Camino de Santiago, Jacob@access, con caracter\u00edsticas espec\u00edficas de accesibilidad. El centro ha sido dise\u00f1ado con criterios del 100% de accesibilidad para el proyecto europeo Jacob@ccess, cofinanciado por el Fondo Europeo de Desarrollo Regional (FEDER) a trav\u00e9s del programa Interreg V-A Espa\u00f1a, Francia, Andorra (POCTEFA 2014-2020).<\/p>\n<p>Ese suministro b\u00e1sico se limita \u00fanicamente al suministro e instalaci\u00f3n de pavimentos (tarimas), revestimientos mediante aplacado de pared y mampara de monovidrio, mobiliario del centro, exceptuando lo correspondiente a la maqueta que acoge una de las zonas, la iluminaci\u00f3n mediante l\u00edneas de luz LED del mobiliario a realizar (se dejar\u00e1n todas las tomas para facilitar la instalaci\u00f3n en el lugar correspondiente) y por \u00faltimo, el mueble rack para el control con todos sus elementos. La empresa Producci\u00f3n Culturals Transversal llevar\u00e1 a cabo este suministro de elementos, con un presupuesto de 146.992,20 euros, un 2% inferior al previo de licitaci\u00f3n situado en 149.992,04 euros. La musealizaci\u00f3n se llevar\u00e1 a cabo de acuerdo al Proyecto Museogr\u00e1fico Ultreia, que describe los usos y caracter\u00edsticas de ese centro de interpretaci\u00f3n accesible.<\/p>\n<p>El Ayuntamiento de Pamplona participa desde 2016 en el proyecto transfronterizo Jacob@ccess, cuyo objetivo general es crear una red transfronteriza para la accesibilidad de personas con discapacidad a la cultura y al patrimonio de los territorios atravesados por las rutas del Camino de Santiago. Responde, por tanto, a una necesidad identificada y conjunta relacionada con el acceso a servicios p\u00fablicos b\u00e1sicos, en especial a los vinculados con la cultura, para todos los sectores sociales y especialmente, para personas con alguna discapacidad.<\/p>\n<p>El proyecto Jacob@ccess tiene previsto desarrollar en cada una de las localidades que forman parte del proyecto (Pamplona, Jaca, Ostabat-Izura) un centro de interpretaci\u00f3n accesible a todas las personas y, especialmente, para aquellas con alg\u00fan tipo de discapacidad, sobre el Camino de Santiago. Adem\u00e1s, en Martillu\u00e9 (Huesca) se pondr\u00e1 en marcha un albergue accesible para los peregrinos. El proyecto, que finaliza en marzo de 2019, cuenta con presupuesto inicial de 1.979.475,00 de euros cofinanciado por Fondos FEDER, primera Convocatoria INTERREG V-A Espa\u00f1a &#8211; Francia &#8211; Andorra 2014 &#8211; 2020 (POCTEFA).<\/p>\n<p><strong>\u00a0<\/strong><\/p>\n<p>&nbsp;<\/p>\n","protected":false},"excerpt":{"rendered":"<p>Incluye pavimentos, revestimientos, iluminaci\u00f3n y mobiliario de un centro vinculado al proyecto de cooperaci\u00f3n transfronteriza Jacob@ccess<\/p>\n","protected":false},"author":1,"featured_media":19125,"comment_status":"open","ping_status":"closed","sticky":false,"template":"","format":"standard","meta":{"footnotes":""},"categories":[2],"tags":[],"class_list":["post-19204","post","type-post","status-publish","format-standard","has-post-thumbnail","hentry","category-ayuntamiento-pamplona"],"yoast_head":"<!-- This site is optimized with the Yoast SEO plugin v27.3 - https:\/\/yoast.com\/product\/yoast-seo-wordpress\/ -->\n<title>Adjudicado el contrato para el suministro b\u00e1sico de la musealizaci\u00f3n del futuro centro de interpretaci\u00f3n accesible del Camino de Santiago, \u2018Ultreia\u2019<\/title>\n<meta name=\"robots\" content=\"index, follow, max-snippet:-1, max-image-preview:large, max-video-preview:-1\" \/>\n<link rel=\"canonical\" href=\"https:\/\/www.laguiadepamplona.com\/actualidad\/adjudicado-el-contrato-para-el-suministro-basico-de-la-musealizacion-del-futuro-centro-de-interpretacion-accesible-del-camino-de-santiago-ultreia\/\" \/>\n<meta property=\"og:locale\" content=\"es_ES\" \/>\n<meta property=\"og:type\" content=\"article\" \/>\n<meta property=\"og:title\" content=\"Adjudicado el contrato para el suministro b\u00e1sico de la musealizaci\u00f3n del futuro centro de interpretaci\u00f3n accesible del Camino de Santiago, \u2018Ultreia\u2019\" \/>\n<meta property=\"og:description\" content=\"Incluye pavimentos, revestimientos, iluminaci\u00f3n y mobiliario de un centro vinculado al proyecto de cooperaci\u00f3n transfronteriza Jacob@ccess\" \/>\n<meta property=\"og:url\" content=\"https:\/\/www.laguiadepamplona.com\/actualidad\/adjudicado-el-contrato-para-el-suministro-basico-de-la-musealizacion-del-futuro-centro-de-interpretacion-accesible-del-camino-de-santiago-ultreia\/\" \/>\n<meta property=\"og:site_name\" content=\"La Gu\u00eda de Pamplona\" \/>\n<meta property=\"article:publisher\" content=\"https:\/\/www.facebook.com\/laguiadepamplonacom-133175176762273\/?ref=hl\" \/>\n<meta property=\"article:published_time\" content=\"2018-10-30T10:48:51+00:00\" \/>\n<meta property=\"og:image\" content=\"https:\/\/www.laguiadepamplona.com\/actualidad\/wp-content\/uploads\/2018\/10\/18.10.25_Visita-CGU-JacobAccess_1.jpg\" \/>\n\t<meta property=\"og:image:width\" content=\"1000\" \/>\n\t<meta property=\"og:image:height\" content=\"667\" \/>\n\t<meta property=\"og:image:type\" content=\"image\/jpeg\" \/>\n<meta name=\"author\" content=\"La Gu\u00eda de Pamplona\" \/>\n<meta name=\"twitter:card\" content=\"summary_large_image\" \/>\n<meta name=\"twitter:creator\" content=\"@LaGuiadPamplona\" \/>\n<meta name=\"twitter:site\" content=\"@LaGuiadPamplona\" \/>\n<meta name=\"twitter:label1\" content=\"Escrito por\" \/>\n\t<meta name=\"twitter:data1\" content=\"La Gu\u00eda de Pamplona\" \/>\n\t<meta name=\"twitter:label2\" content=\"Tiempo de lectura\" \/>\n\t<meta name=\"twitter:data2\" content=\"3 minutos\" \/>\n<script type=\"application\/ld+json\" class=\"yoast-schema-graph\">{\"@context\":\"https:\\\/\\\/schema.org\",\"@graph\":[{\"@type\":\"Article\",\"@id\":\"https:\\\/\\\/www.laguiadepamplona.com\\\/actualidad\\\/adjudicado-el-contrato-para-el-suministro-basico-de-la-musealizacion-del-futuro-centro-de-interpretacion-accesible-del-camino-de-santiago-ultreia\\\/#article\",\"isPartOf\":{\"@id\":\"https:\\\/\\\/www.laguiadepamplona.com\\\/actualidad\\\/adjudicado-el-contrato-para-el-suministro-basico-de-la-musealizacion-del-futuro-centro-de-interpretacion-accesible-del-camino-de-santiago-ultreia\\\/\"},\"author\":{\"name\":\"La Gu\u00eda de Pamplona\",\"@id\":\"https:\\\/\\\/www.laguiadepamplona.com\\\/actualidad\\\/#\\\/schema\\\/person\\\/efe887376f0213d4657c93adc50b1fdb\"},\"headline\":\"Adjudicado el contrato para el suministro b\u00e1sico de la musealizaci\u00f3n del futuro centro de interpretaci\u00f3n accesible del Camino de Santiago, \u2018Ultreia\u2019\",\"datePublished\":\"2018-10-30T10:48:51+00:00\",\"mainEntityOfPage\":{\"@id\":\"https:\\\/\\\/www.laguiadepamplona.com\\\/actualidad\\\/adjudicado-el-contrato-para-el-suministro-basico-de-la-musealizacion-del-futuro-centro-de-interpretacion-accesible-del-camino-de-santiago-ultreia\\\/\"},\"wordCount\":529,\"commentCount\":0,\"publisher\":{\"@id\":\"https:\\\/\\\/www.laguiadepamplona.com\\\/actualidad\\\/#organization\"},\"image\":{\"@id\":\"https:\\\/\\\/www.laguiadepamplona.com\\\/actualidad\\\/adjudicado-el-contrato-para-el-suministro-basico-de-la-musealizacion-del-futuro-centro-de-interpretacion-accesible-del-camino-de-santiago-ultreia\\\/#primaryimage\"},\"thumbnailUrl\":\"https:\\\/\\\/www.laguiadepamplona.com\\\/actualidad\\\/wp-content\\\/uploads\\\/2018\\\/10\\\/18.10.25_Visita-CGU-JacobAccess_1.jpg\",\"articleSection\":[\"Ayto Pamplona\"],\"inLanguage\":\"es\",\"potentialAction\":[{\"@type\":\"CommentAction\",\"name\":\"Comment\",\"target\":[\"https:\\\/\\\/www.laguiadepamplona.com\\\/actualidad\\\/adjudicado-el-contrato-para-el-suministro-basico-de-la-musealizacion-del-futuro-centro-de-interpretacion-accesible-del-camino-de-santiago-ultreia\\\/#respond\"]}]},{\"@type\":\"WebPage\",\"@id\":\"https:\\\/\\\/www.laguiadepamplona.com\\\/actualidad\\\/adjudicado-el-contrato-para-el-suministro-basico-de-la-musealizacion-del-futuro-centro-de-interpretacion-accesible-del-camino-de-santiago-ultreia\\\/\",\"url\":\"https:\\\/\\\/www.laguiadepamplona.com\\\/actualidad\\\/adjudicado-el-contrato-para-el-suministro-basico-de-la-musealizacion-del-futuro-centro-de-interpretacion-accesible-del-camino-de-santiago-ultreia\\\/\",\"name\":\"Adjudicado el contrato para el suministro b\u00e1sico de la musealizaci\u00f3n del futuro centro de interpretaci\u00f3n accesible del Camino de Santiago, \u2018Ultreia\u2019\",\"isPartOf\":{\"@id\":\"https:\\\/\\\/www.laguiadepamplona.com\\\/actualidad\\\/#website\"},\"primaryImageOfPage\":{\"@id\":\"https:\\\/\\\/www.laguiadepamplona.com\\\/actualidad\\\/adjudicado-el-contrato-para-el-suministro-basico-de-la-musealizacion-del-futuro-centro-de-interpretacion-accesible-del-camino-de-santiago-ultreia\\\/#primaryimage\"},\"image\":{\"@id\":\"https:\\\/\\\/www.laguiadepamplona.com\\\/actualidad\\\/adjudicado-el-contrato-para-el-suministro-basico-de-la-musealizacion-del-futuro-centro-de-interpretacion-accesible-del-camino-de-santiago-ultreia\\\/#primaryimage\"},\"thumbnailUrl\":\"https:\\\/\\\/www.laguiadepamplona.com\\\/actualidad\\\/wp-content\\\/uploads\\\/2018\\\/10\\\/18.10.25_Visita-CGU-JacobAccess_1.jpg\",\"datePublished\":\"2018-10-30T10:48:51+00:00\",\"breadcrumb\":{\"@id\":\"https:\\\/\\\/www.laguiadepamplona.com\\\/actualidad\\\/adjudicado-el-contrato-para-el-suministro-basico-de-la-musealizacion-del-futuro-centro-de-interpretacion-accesible-del-camino-de-santiago-ultreia\\\/#breadcrumb\"},\"inLanguage\":\"es\",\"potentialAction\":[{\"@type\":\"ReadAction\",\"target\":[\"https:\\\/\\\/www.laguiadepamplona.com\\\/actualidad\\\/adjudicado-el-contrato-para-el-suministro-basico-de-la-musealizacion-del-futuro-centro-de-interpretacion-accesible-del-camino-de-santiago-ultreia\\\/\"]}]},{\"@type\":\"ImageObject\",\"inLanguage\":\"es\",\"@id\":\"https:\\\/\\\/www.laguiadepamplona.com\\\/actualidad\\\/adjudicado-el-contrato-para-el-suministro-basico-de-la-musealizacion-del-futuro-centro-de-interpretacion-accesible-del-camino-de-santiago-ultreia\\\/#primaryimage\",\"url\":\"https:\\\/\\\/www.laguiadepamplona.com\\\/actualidad\\\/wp-content\\\/uploads\\\/2018\\\/10\\\/18.10.25_Visita-CGU-JacobAccess_1.jpg\",\"contentUrl\":\"https:\\\/\\\/www.laguiadepamplona.com\\\/actualidad\\\/wp-content\\\/uploads\\\/2018\\\/10\\\/18.10.25_Visita-CGU-JacobAccess_1.jpg\",\"width\":1000,\"height\":667},{\"@type\":\"BreadcrumbList\",\"@id\":\"https:\\\/\\\/www.laguiadepamplona.com\\\/actualidad\\\/adjudicado-el-contrato-para-el-suministro-basico-de-la-musealizacion-del-futuro-centro-de-interpretacion-accesible-del-camino-de-santiago-ultreia\\\/#breadcrumb\",\"itemListElement\":[{\"@type\":\"ListItem\",\"position\":1,\"name\":\"Portada\",\"item\":\"https:\\\/\\\/www.laguiadepamplona.com\\\/actualidad\\\/\"},{\"@type\":\"ListItem\",\"position\":2,\"name\":\"Adjudicado el contrato para el suministro b\u00e1sico de la musealizaci\u00f3n del futuro centro de interpretaci\u00f3n accesible del Camino de Santiago, \u2018Ultreia\u2019\"}]},{\"@type\":\"WebSite\",\"@id\":\"https:\\\/\\\/www.laguiadepamplona.com\\\/actualidad\\\/#website\",\"url\":\"https:\\\/\\\/www.laguiadepamplona.com\\\/actualidad\\\/\",\"name\":\"La gu\u00eda de Pamplona\",\"description\":\"Noticias de Pamplona\",\"publisher\":{\"@id\":\"https:\\\/\\\/www.laguiadepamplona.com\\\/actualidad\\\/#organization\"},\"potentialAction\":[{\"@type\":\"SearchAction\",\"target\":{\"@type\":\"EntryPoint\",\"urlTemplate\":\"https:\\\/\\\/www.laguiadepamplona.com\\\/actualidad\\\/?s={search_term_string}\"},\"query-input\":{\"@type\":\"PropertyValueSpecification\",\"valueRequired\":true,\"valueName\":\"search_term_string\"}}],\"inLanguage\":\"es\"},{\"@type\":\"Organization\",\"@id\":\"https:\\\/\\\/www.laguiadepamplona.com\\\/actualidad\\\/#organization\",\"name\":\"La Gu\u00eda de Pamplona \\\/ Noticias\",\"url\":\"https:\\\/\\\/www.laguiadepamplona.com\\\/actualidad\\\/\",\"logo\":{\"@type\":\"ImageObject\",\"inLanguage\":\"es\",\"@id\":\"https:\\\/\\\/www.laguiadepamplona.com\\\/actualidad\\\/#\\\/schema\\\/logo\\\/image\\\/\",\"url\":\"https:\\\/\\\/www.laguiadepamplona.com\\\/actualidad\\\/wp-content\\\/uploads\\\/2018\\\/11\\\/logo-laguiadepamplona18-web1.png\",\"contentUrl\":\"https:\\\/\\\/www.laguiadepamplona.com\\\/actualidad\\\/wp-content\\\/uploads\\\/2018\\\/11\\\/logo-laguiadepamplona18-web1.png\",\"width\":600,\"height\":196,\"caption\":\"La Gu\u00eda de Pamplona \\\/ Noticias\"},\"image\":{\"@id\":\"https:\\\/\\\/www.laguiadepamplona.com\\\/actualidad\\\/#\\\/schema\\\/logo\\\/image\\\/\"},\"sameAs\":[\"https:\\\/\\\/www.facebook.com\\\/laguiadepamplonacom-133175176762273\\\/?ref=hl\",\"https:\\\/\\\/x.com\\\/LaGuiadPamplona\",\"https:\\\/\\\/www.instagram.com\\\/la_guia_de_pamplona\\\/\",\"https:\\\/\\\/www.youtube.com\\\/user\\\/laguiadepamplona\"]},{\"@type\":\"Person\",\"@id\":\"https:\\\/\\\/www.laguiadepamplona.com\\\/actualidad\\\/#\\\/schema\\\/person\\\/efe887376f0213d4657c93adc50b1fdb\",\"name\":\"La Gu\u00eda de Pamplona\",\"image\":{\"@type\":\"ImageObject\",\"inLanguage\":\"es\",\"@id\":\"https:\\\/\\\/secure.gravatar.com\\\/avatar\\\/b6992f131dc8d30ab0dff15446e9d346d9dbd95992de0fef795073f5ea83a81c?s=96&d=mm&r=g\",\"url\":\"https:\\\/\\\/secure.gravatar.com\\\/avatar\\\/b6992f131dc8d30ab0dff15446e9d346d9dbd95992de0fef795073f5ea83a81c?s=96&d=mm&r=g\",\"contentUrl\":\"https:\\\/\\\/secure.gravatar.com\\\/avatar\\\/b6992f131dc8d30ab0dff15446e9d346d9dbd95992de0fef795073f5ea83a81c?s=96&d=mm&r=g\",\"caption\":\"La Gu\u00eda de Pamplona\"}}]}<\/script>\n<!-- \/ Yoast SEO plugin. -->","yoast_head_json":{"title":"Adjudicado el contrato para el suministro b\u00e1sico de la musealizaci\u00f3n del futuro centro de interpretaci\u00f3n accesible del Camino de Santiago, \u2018Ultreia\u2019","robots":{"index":"index","follow":"follow","max-snippet":"max-snippet:-1","max-image-preview":"max-image-preview:large","max-video-preview":"max-video-preview:-1"},"canonical":"https:\/\/www.laguiadepamplona.com\/actualidad\/adjudicado-el-contrato-para-el-suministro-basico-de-la-musealizacion-del-futuro-centro-de-interpretacion-accesible-del-camino-de-santiago-ultreia\/","og_locale":"es_ES","og_type":"article","og_title":"Adjudicado el contrato para el suministro b\u00e1sico de la musealizaci\u00f3n del futuro centro de interpretaci\u00f3n accesible del Camino de Santiago, \u2018Ultreia\u2019","og_description":"Incluye pavimentos, revestimientos, iluminaci\u00f3n y mobiliario de un centro vinculado al proyecto de cooperaci\u00f3n transfronteriza Jacob@ccess","og_url":"https:\/\/www.laguiadepamplona.com\/actualidad\/adjudicado-el-contrato-para-el-suministro-basico-de-la-musealizacion-del-futuro-centro-de-interpretacion-accesible-del-camino-de-santiago-ultreia\/","og_site_name":"La Gu\u00eda de Pamplona","article_publisher":"https:\/\/www.facebook.com\/laguiadepamplonacom-133175176762273\/?ref=hl","article_published_time":"2018-10-30T10:48:51+00:00","og_image":[{"width":1000,"height":667,"url":"https:\/\/www.laguiadepamplona.com\/actualidad\/wp-content\/uploads\/2018\/10\/18.10.25_Visita-CGU-JacobAccess_1.jpg","type":"image\/jpeg"}],"author":"La Gu\u00eda de Pamplona","twitter_card":"summary_large_image","twitter_creator":"@LaGuiadPamplona","twitter_site":"@LaGuiadPamplona","twitter_misc":{"Escrito por":"La Gu\u00eda de Pamplona","Tiempo de lectura":"3 minutos"},"schema":{"@context":"https:\/\/schema.org","@graph":[{"@type":"Article","@id":"https:\/\/www.laguiadepamplona.com\/actualidad\/adjudicado-el-contrato-para-el-suministro-basico-de-la-musealizacion-del-futuro-centro-de-interpretacion-accesible-del-camino-de-santiago-ultreia\/#article","isPartOf":{"@id":"https:\/\/www.laguiadepamplona.com\/actualidad\/adjudicado-el-contrato-para-el-suministro-basico-de-la-musealizacion-del-futuro-centro-de-interpretacion-accesible-del-camino-de-santiago-ultreia\/"},"author":{"name":"La Gu\u00eda de Pamplona","@id":"https:\/\/www.laguiadepamplona.com\/actualidad\/#\/schema\/person\/efe887376f0213d4657c93adc50b1fdb"},"headline":"Adjudicado el contrato para el suministro b\u00e1sico de la musealizaci\u00f3n del futuro centro de interpretaci\u00f3n accesible del Camino de Santiago, \u2018Ultreia\u2019","datePublished":"2018-10-30T10:48:51+00:00","mainEntityOfPage":{"@id":"https:\/\/www.laguiadepamplona.com\/actualidad\/adjudicado-el-contrato-para-el-suministro-basico-de-la-musealizacion-del-futuro-centro-de-interpretacion-accesible-del-camino-de-santiago-ultreia\/"},"wordCount":529,"commentCount":0,"publisher":{"@id":"https:\/\/www.laguiadepamplona.com\/actualidad\/#organization"},"image":{"@id":"https:\/\/www.laguiadepamplona.com\/actualidad\/adjudicado-el-contrato-para-el-suministro-basico-de-la-musealizacion-del-futuro-centro-de-interpretacion-accesible-del-camino-de-santiago-ultreia\/#primaryimage"},"thumbnailUrl":"https:\/\/www.laguiadepamplona.com\/actualidad\/wp-content\/uploads\/2018\/10\/18.10.25_Visita-CGU-JacobAccess_1.jpg","articleSection":["Ayto Pamplona"],"inLanguage":"es","potentialAction":[{"@type":"CommentAction","name":"Comment","target":["https:\/\/www.laguiadepamplona.com\/actualidad\/adjudicado-el-contrato-para-el-suministro-basico-de-la-musealizacion-del-futuro-centro-de-interpretacion-accesible-del-camino-de-santiago-ultreia\/#respond"]}]},{"@type":"WebPage","@id":"https:\/\/www.laguiadepamplona.com\/actualidad\/adjudicado-el-contrato-para-el-suministro-basico-de-la-musealizacion-del-futuro-centro-de-interpretacion-accesible-del-camino-de-santiago-ultreia\/","url":"https:\/\/www.laguiadepamplona.com\/actualidad\/adjudicado-el-contrato-para-el-suministro-basico-de-la-musealizacion-del-futuro-centro-de-interpretacion-accesible-del-camino-de-santiago-ultreia\/","name":"Adjudicado el contrato para el suministro b\u00e1sico de la musealizaci\u00f3n del futuro centro de interpretaci\u00f3n accesible del Camino de Santiago, \u2018Ultreia\u2019","isPartOf":{"@id":"https:\/\/www.laguiadepamplona.com\/actualidad\/#website"},"primaryImageOfPage":{"@id":"https:\/\/www.laguiadepamplona.com\/actualidad\/adjudicado-el-contrato-para-el-suministro-basico-de-la-musealizacion-del-futuro-centro-de-interpretacion-accesible-del-camino-de-santiago-ultreia\/#primaryimage"},"image":{"@id":"https:\/\/www.laguiadepamplona.com\/actualidad\/adjudicado-el-contrato-para-el-suministro-basico-de-la-musealizacion-del-futuro-centro-de-interpretacion-accesible-del-camino-de-santiago-ultreia\/#primaryimage"},"thumbnailUrl":"https:\/\/www.laguiadepamplona.com\/actualidad\/wp-content\/uploads\/2018\/10\/18.10.25_Visita-CGU-JacobAccess_1.jpg","datePublished":"2018-10-30T10:48:51+00:00","breadcrumb":{"@id":"https:\/\/www.laguiadepamplona.com\/actualidad\/adjudicado-el-contrato-para-el-suministro-basico-de-la-musealizacion-del-futuro-centro-de-interpretacion-accesible-del-camino-de-santiago-ultreia\/#breadcrumb"},"inLanguage":"es","potentialAction":[{"@type":"ReadAction","target":["https:\/\/www.laguiadepamplona.com\/actualidad\/adjudicado-el-contrato-para-el-suministro-basico-de-la-musealizacion-del-futuro-centro-de-interpretacion-accesible-del-camino-de-santiago-ultreia\/"]}]},{"@type":"ImageObject","inLanguage":"es","@id":"https:\/\/www.laguiadepamplona.com\/actualidad\/adjudicado-el-contrato-para-el-suministro-basico-de-la-musealizacion-del-futuro-centro-de-interpretacion-accesible-del-camino-de-santiago-ultreia\/#primaryimage","url":"https:\/\/www.laguiadepamplona.com\/actualidad\/wp-content\/uploads\/2018\/10\/18.10.25_Visita-CGU-JacobAccess_1.jpg","contentUrl":"https:\/\/www.laguiadepamplona.com\/actualidad\/wp-content\/uploads\/2018\/10\/18.10.25_Visita-CGU-JacobAccess_1.jpg","width":1000,"height":667},{"@type":"BreadcrumbList","@id":"https:\/\/www.laguiadepamplona.com\/actualidad\/adjudicado-el-contrato-para-el-suministro-basico-de-la-musealizacion-del-futuro-centro-de-interpretacion-accesible-del-camino-de-santiago-ultreia\/#breadcrumb","itemListElement":[{"@type":"ListItem","position":1,"name":"Portada","item":"https:\/\/www.laguiadepamplona.com\/actualidad\/"},{"@type":"ListItem","position":2,"name":"Adjudicado el contrato para el suministro b\u00e1sico de la musealizaci\u00f3n del futuro centro de interpretaci\u00f3n accesible del Camino de Santiago, \u2018Ultreia\u2019"}]},{"@type":"WebSite","@id":"https:\/\/www.laguiadepamplona.com\/actualidad\/#website","url":"https:\/\/www.laguiadepamplona.com\/actualidad\/","name":"La gu\u00eda de Pamplona","description":"Noticias de Pamplona","publisher":{"@id":"https:\/\/www.laguiadepamplona.com\/actualidad\/#organization"},"potentialAction":[{"@type":"SearchAction","target":{"@type":"EntryPoint","urlTemplate":"https:\/\/www.laguiadepamplona.com\/actualidad\/?s={search_term_string}"},"query-input":{"@type":"PropertyValueSpecification","valueRequired":true,"valueName":"search_term_string"}}],"inLanguage":"es"},{"@type":"Organization","@id":"https:\/\/www.laguiadepamplona.com\/actualidad\/#organization","name":"La Gu\u00eda de Pamplona \/ Noticias","url":"https:\/\/www.laguiadepamplona.com\/actualidad\/","logo":{"@type":"ImageObject","inLanguage":"es","@id":"https:\/\/www.laguiadepamplona.com\/actualidad\/#\/schema\/logo\/image\/","url":"https:\/\/www.laguiadepamplona.com\/actualidad\/wp-content\/uploads\/2018\/11\/logo-laguiadepamplona18-web1.png","contentUrl":"https:\/\/www.laguiadepamplona.com\/actualidad\/wp-content\/uploads\/2018\/11\/logo-laguiadepamplona18-web1.png","width":600,"height":196,"caption":"La Gu\u00eda de Pamplona \/ Noticias"},"image":{"@id":"https:\/\/www.laguiadepamplona.com\/actualidad\/#\/schema\/logo\/image\/"},"sameAs":["https:\/\/www.facebook.com\/laguiadepamplonacom-133175176762273\/?ref=hl","https:\/\/x.com\/LaGuiadPamplona","https:\/\/www.instagram.com\/la_guia_de_pamplona\/","https:\/\/www.youtube.com\/user\/laguiadepamplona"]},{"@type":"Person","@id":"https:\/\/www.laguiadepamplona.com\/actualidad\/#\/schema\/person\/efe887376f0213d4657c93adc50b1fdb","name":"La Gu\u00eda de Pamplona","image":{"@type":"ImageObject","inLanguage":"es","@id":"https:\/\/secure.gravatar.com\/avatar\/b6992f131dc8d30ab0dff15446e9d346d9dbd95992de0fef795073f5ea83a81c?s=96&d=mm&r=g","url":"https:\/\/secure.gravatar.com\/avatar\/b6992f131dc8d30ab0dff15446e9d346d9dbd95992de0fef795073f5ea83a81c?s=96&d=mm&r=g","contentUrl":"https:\/\/secure.gravatar.com\/avatar\/b6992f131dc8d30ab0dff15446e9d346d9dbd95992de0fef795073f5ea83a81c?s=96&d=mm&r=g","caption":"La Gu\u00eda de Pamplona"}}]}},"post_mailing_queue_ids":[],"_links":{"self":[{"href":"https:\/\/www.laguiadepamplona.com\/actualidad\/wp-json\/wp\/v2\/posts\/19204","targetHints":{"allow":["GET"]}}],"collection":[{"href":"https:\/\/www.laguiadepamplona.com\/actualidad\/wp-json\/wp\/v2\/posts"}],"about":[{"href":"https:\/\/www.laguiadepamplona.com\/actualidad\/wp-json\/wp\/v2\/types\/post"}],"author":[{"embeddable":true,"href":"https:\/\/www.laguiadepamplona.com\/actualidad\/wp-json\/wp\/v2\/users\/1"}],"replies":[{"embeddable":true,"href":"https:\/\/www.laguiadepamplona.com\/actualidad\/wp-json\/wp\/v2\/comments?post=19204"}],"version-history":[{"count":0,"href":"https:\/\/www.laguiadepamplona.com\/actualidad\/wp-json\/wp\/v2\/posts\/19204\/revisions"}],"wp:featuredmedia":[{"embeddable":true,"href":"https:\/\/www.laguiadepamplona.com\/actualidad\/wp-json\/wp\/v2\/media\/19125"}],"wp:attachment":[{"href":"https:\/\/www.laguiadepamplona.com\/actualidad\/wp-json\/wp\/v2\/media?parent=19204"}],"wp:term":[{"taxonomy":"category","embeddable":true,"href":"https:\/\/www.laguiadepamplona.com\/actualidad\/wp-json\/wp\/v2\/categories?post=19204"},{"taxonomy":"post_tag","embeddable":true,"href":"https:\/\/www.laguiadepamplona.com\/actualidad\/wp-json\/wp\/v2\/tags?post=19204"}],"curies":[{"name":"wp","href":"https:\/\/api.w.org\/{rel}","templated":true}]}}