{"id":19201,"date":"2018-10-30T12:47:54","date_gmt":"2018-10-30T10:47:54","guid":{"rendered":"https:\/\/www.laguiadepamplona.es\/actualidad\/?p=19201"},"modified":"2018-10-30T12:47:54","modified_gmt":"2018-10-30T10:47:54","slug":"la-sala-de-armas-de-la-ciudadela-se-convierte-en-espacio-para-imaginar-y-jugar-a-traves-del-arte-con-la-exposicion-es-o-no-es-y-rincones-para-experimentar","status":"publish","type":"post","link":"https:\/\/www.laguiadepamplona.com\/actualidad\/la-sala-de-armas-de-la-ciudadela-se-convierte-en-espacio-para-imaginar-y-jugar-a-traves-del-arte-con-la-exposicion-es-o-no-es-y-rincones-para-experimentar\/","title":{"rendered":"La Sala de Armas de la Ciudadela se convierte en espacio para imaginar y jugar a trav\u00e9s del arte con la exposici\u00f3n \u2018\u00bfEs o no es?\u2019 y rincones para experimentar"},"content":{"rendered":"<h3>La muestra recoge 39 obras de las colecciones de Arte Contempor\u00e1neo del Ayuntamiento y de Pi Fernandino, y puede verse hasta el 24 de febrero<\/h3>\n<p><!--more--><\/p>\n<p>\u00a1Atenci\u00f3n! Lo que se ve no es exactamente lo que parece, quiz\u00e1s sea otra cosa, o no&#8230; Esta es la advertencia que recibir\u00e1 todo aquel que entre a la Sala de Armas de la Ciudadela. Y es que desde hoy y hasta el pr\u00f3ximo 24 de febrero, el edificio se convertir\u00e1 en un espacio para imaginar y jugar a trav\u00e9s del arte. Se trata de la exposici\u00f3n \u2018Es o no es\u2019, una muestra de 39 obras de la colecci\u00f3n de Arte Contempor\u00e1neo del Ayuntamiento y de la colecci\u00f3n Pi Fernandino.<\/p>\n<p>La exposici\u00f3n ha sido presentada esta ma\u00f1ana en rueda de prensa por la directora del \u00c1rea de Cultura y Educaci\u00f3n, Maitena Muruzabal, junto a la comisaria de la exposici\u00f3n, Alexandra Baur\u00e8s. <strong>La exposici\u00f3n se puede visitar los s\u00e1bados de 12 a 14 horas y de 18 a 20.30 horas; los domingos y festivos de 12 a 14 horas solo por la ma\u00f1ana; y los d\u00edas laborables, de martes a viernes, de 18 a 20.30 horas por la tarde. <\/strong><\/p>\n<p><strong>El extra\u00f1amiento<\/strong><\/p>\n<p><a href=\"https:\/\/www.laguiadepamplona.es\/actualidad\/wp-content\/uploads\/2018\/10\/18.10.30_Cartel-Expo-Es-o-no-es-1.jpg\"><img loading=\"lazy\" decoding=\"async\" class=\"alignleft size-medium wp-image-19202\" src=\"https:\/\/www.laguiadepamplona.es\/actualidad\/wp-content\/uploads\/2018\/10\/18.10.30_Cartel-Expo-Es-o-no-es-1-214x300.jpg\" alt=\"\" width=\"214\" height=\"300\" srcset=\"https:\/\/www.laguiadepamplona.com\/actualidad\/wp-content\/uploads\/2018\/10\/18.10.30_Cartel-Expo-Es-o-no-es-1-214x300.jpg 214w, https:\/\/www.laguiadepamplona.com\/actualidad\/wp-content\/uploads\/2018\/10\/18.10.30_Cartel-Expo-Es-o-no-es-1-640x898.jpg 640w, https:\/\/www.laguiadepamplona.com\/actualidad\/wp-content\/uploads\/2018\/10\/18.10.30_Cartel-Expo-Es-o-no-es-1.jpg 713w\" sizes=\"auto, (max-width: 214px) 100vw, 214px\" \/><\/a>La exposici\u00f3n ha sido pensada especialmente para los ni\u00f1os y sus acompa\u00f1antes, aunque la puede disfrutar todo el p\u00fablico. Est\u00e1 hecha desde la mirada de la infancia. La idea central de la propuesta expositiva es el extra\u00f1amiento. As\u00ed, las obras seleccionadas tantean los l\u00edmites de la realidad, dejan un espacio para los relatos imaginarios y cuentan historias extraordinarias a partir de objetos ordinarios.<\/p>\n<p>El itinerario atraviesa la primera y la segunda planta de la Sala de Armas. Mediante una escenograf\u00eda construida para esta ocasi\u00f3n, se han preparado espacios para ver c\u00f3modamente y de forma \u00edntima las obras y rincones para jugar y experimentar.<\/p>\n<p>El recorrido se articula en cuatro escenarios. La primera planta se organiza en torno a temas relacionados con la percepci\u00f3n: la visi\u00f3n, la ausencia de color (el blanco y negro) y la geometr\u00eda. Por su parte, toda la segunda planta revisita el campo de lo dom\u00e9stico y la casa.<\/p>\n<p>La muestra es colectiva y multidisciplinar, pero tambi\u00e9n es participativa. En este sentido se distingue de exposiciones convencionales ya que invita a los visitantes a que realicen una obra que entre a formar parte de la muestra.<\/p>\n<p><strong>Los autores y sus obras<\/strong><\/p>\n<p>Las obras de la muestra abarcan una gran variedad de estilos y lenguajes. Se exponen \u00f3leos, serigraf\u00edas y litograf\u00edas, collages de papel y fotograf\u00edas, adem\u00e1s de esculturas, instalaciones y v\u00eddeos.<\/p>\n<p>Participan en la exposici\u00f3n obras de Alfredo Alca\u00edn (Amarillo, 1993), Sandra Gamarra (Gabinete 25,\u00a02006), Eduardo Arroyo (La Venus de Milo, 1995), Patricia Gadea (Retrato de mujer,\u00a01974-1994), Ruth G\u00f3mez (Amor,\u00a02008), Eduardo Arroyo (Kangouru Boxeur, 1995), \u00c1ngel Bofarull (King&#8217;s Army, 1997), Juan Ugalde (Cartel n\u00b0 3, 2000), Susy G\u00f3mez (Pares de ojos que duermen II,\u00a02000), Eduardo Gr\u00faber (As\u00ed (Serie No es lo que parece),\u00a01997), Patricia Gadea (Stereo-tipos-payaso, 2003), Miquel Barcel\u00f3 (Sin T\u00edtulo, 1986), Mabi Revuelta (Atila. (Serie Un d\u00eda en las carreras),\u00a02008), Diego Figari (El desv\u00e1n del artista,\u00a01997), Carmen Anzano (Serie cuerpos \/ presencias,\u00a01995), Blanca Mu\u00f1oz (Secciones III, 2000), Chema Madoz (Sin t\u00edtulo,\u00a02002), Esther Ferrer\u00a0 (Sans Titre, 1995), Helena Almeida (Sin t\u00edtulo, 2003), Juan Mu\u00f1oz (Mobiliario X, 1996), Gilbert Garc\u00edn (Le collectionneur (d&#8217;apr\u00e8s F. Morellet), 2004), Bernard Plossu (M\u00e9xico tropical,\u00a01965), Mireya Mart\u00edn Larumbe (No te ir\u00e1s sin llevarte algo m\u00edo,\u00a02009), Patxi Araujo (19 anillos,\u00a02008), Alejandra Icaza (Atomium,\u00a01996), Juan Genov\u00e9s (Esfera, 1992), Alberto Peral (Sin t\u00edtulo,\u00a01999), Dis Berl\u00edn (Untitled, 1991), Chema Lumbreras (Aullidos (buscando casa),\u00a02008), Mateo Mat\u00e9 (Sin T\u00edtulo, 1996), Pello Irazu (Number 9,\u00a01995), Eva Lootz (Sin t\u00edtulo, 1999), Mariana Vassileva (The milkmaid,\u00a02006), Teresa Moro (Sin t\u00edtulo,\u00a01996), Amaia Gracia Azqueta (T\u00f3tem en alza,\u00a02008), Edu L\u00f3pez (El heredero de Filipo,\u00a02003), Ignacio Llamas (Ausente presencia,\u00a02006), Jose Mar\u00eda Sicilia (Series C 1, 1990), y Iosu Zapata (Intervenci\u00f3n urbana I,\u00a02010).<\/p>\n<p>&nbsp;<\/p>\n","protected":false},"excerpt":{"rendered":"<p>La muestra recoge 39 obras de las colecciones de Arte Contempor\u00e1neo del Ayuntamiento y de Pi Fernandino, y puede verse hasta el 24 de febrero<\/p>\n","protected":false},"author":1,"featured_media":19202,"comment_status":"open","ping_status":"closed","sticky":false,"template":"","format":"standard","meta":{"footnotes":""},"categories":[2],"tags":[],"class_list":["post-19201","post","type-post","status-publish","format-standard","has-post-thumbnail","hentry","category-ayuntamiento-pamplona"],"yoast_head":"<!-- This site is optimized with the Yoast SEO plugin v27.3 - https:\/\/yoast.com\/product\/yoast-seo-wordpress\/ -->\n<title>La Sala de Armas de la Ciudadela se convierte en espacio para imaginar y jugar a trav\u00e9s del arte con la exposici\u00f3n \u2018\u00bfEs o no es?\u2019 y rincones para experimentar<\/title>\n<meta name=\"robots\" content=\"index, follow, max-snippet:-1, max-image-preview:large, max-video-preview:-1\" \/>\n<link rel=\"canonical\" href=\"https:\/\/www.laguiadepamplona.com\/actualidad\/la-sala-de-armas-de-la-ciudadela-se-convierte-en-espacio-para-imaginar-y-jugar-a-traves-del-arte-con-la-exposicion-es-o-no-es-y-rincones-para-experimentar\/\" \/>\n<meta property=\"og:locale\" content=\"es_ES\" \/>\n<meta property=\"og:type\" content=\"article\" \/>\n<meta property=\"og:title\" content=\"La Sala de Armas de la Ciudadela se convierte en espacio para imaginar y jugar a trav\u00e9s del arte con la exposici\u00f3n \u2018\u00bfEs o no es?\u2019 y rincones para experimentar\" \/>\n<meta property=\"og:description\" content=\"La muestra recoge 39 obras de las colecciones de Arte Contempor\u00e1neo del Ayuntamiento y de Pi Fernandino, y puede verse hasta el 24 de febrero\" \/>\n<meta property=\"og:url\" content=\"https:\/\/www.laguiadepamplona.com\/actualidad\/la-sala-de-armas-de-la-ciudadela-se-convierte-en-espacio-para-imaginar-y-jugar-a-traves-del-arte-con-la-exposicion-es-o-no-es-y-rincones-para-experimentar\/\" \/>\n<meta property=\"og:site_name\" content=\"La Gu\u00eda de Pamplona\" \/>\n<meta property=\"article:publisher\" content=\"https:\/\/www.facebook.com\/laguiadepamplonacom-133175176762273\/?ref=hl\" \/>\n<meta property=\"article:published_time\" content=\"2018-10-30T10:47:54+00:00\" \/>\n<meta property=\"og:image\" content=\"https:\/\/www.laguiadepamplona.com\/actualidad\/wp-content\/uploads\/2018\/10\/18.10.30_Cartel-Expo-Es-o-no-es-1.jpg\" \/>\n\t<meta property=\"og:image:width\" content=\"713\" \/>\n\t<meta property=\"og:image:height\" content=\"1000\" \/>\n\t<meta property=\"og:image:type\" content=\"image\/jpeg\" \/>\n<meta name=\"author\" content=\"La Gu\u00eda de Pamplona\" \/>\n<meta name=\"twitter:card\" content=\"summary_large_image\" \/>\n<meta name=\"twitter:creator\" content=\"@LaGuiadPamplona\" \/>\n<meta name=\"twitter:site\" content=\"@LaGuiadPamplona\" \/>\n<meta name=\"twitter:label1\" content=\"Escrito por\" \/>\n\t<meta name=\"twitter:data1\" content=\"La Gu\u00eda de Pamplona\" \/>\n\t<meta name=\"twitter:label2\" content=\"Tiempo de lectura\" \/>\n\t<meta name=\"twitter:data2\" content=\"3 minutos\" \/>\n<script type=\"application\/ld+json\" class=\"yoast-schema-graph\">{\"@context\":\"https:\\\/\\\/schema.org\",\"@graph\":[{\"@type\":\"Article\",\"@id\":\"https:\\\/\\\/www.laguiadepamplona.com\\\/actualidad\\\/la-sala-de-armas-de-la-ciudadela-se-convierte-en-espacio-para-imaginar-y-jugar-a-traves-del-arte-con-la-exposicion-es-o-no-es-y-rincones-para-experimentar\\\/#article\",\"isPartOf\":{\"@id\":\"https:\\\/\\\/www.laguiadepamplona.com\\\/actualidad\\\/la-sala-de-armas-de-la-ciudadela-se-convierte-en-espacio-para-imaginar-y-jugar-a-traves-del-arte-con-la-exposicion-es-o-no-es-y-rincones-para-experimentar\\\/\"},\"author\":{\"name\":\"La Gu\u00eda de Pamplona\",\"@id\":\"https:\\\/\\\/www.laguiadepamplona.com\\\/actualidad\\\/#\\\/schema\\\/person\\\/efe887376f0213d4657c93adc50b1fdb\"},\"headline\":\"La Sala de Armas de la Ciudadela se convierte en espacio para imaginar y jugar a trav\u00e9s del arte con la exposici\u00f3n \u2018\u00bfEs o no es?\u2019 y rincones para experimentar\",\"datePublished\":\"2018-10-30T10:47:54+00:00\",\"mainEntityOfPage\":{\"@id\":\"https:\\\/\\\/www.laguiadepamplona.com\\\/actualidad\\\/la-sala-de-armas-de-la-ciudadela-se-convierte-en-espacio-para-imaginar-y-jugar-a-traves-del-arte-con-la-exposicion-es-o-no-es-y-rincones-para-experimentar\\\/\"},\"wordCount\":699,\"commentCount\":0,\"publisher\":{\"@id\":\"https:\\\/\\\/www.laguiadepamplona.com\\\/actualidad\\\/#organization\"},\"image\":{\"@id\":\"https:\\\/\\\/www.laguiadepamplona.com\\\/actualidad\\\/la-sala-de-armas-de-la-ciudadela-se-convierte-en-espacio-para-imaginar-y-jugar-a-traves-del-arte-con-la-exposicion-es-o-no-es-y-rincones-para-experimentar\\\/#primaryimage\"},\"thumbnailUrl\":\"https:\\\/\\\/www.laguiadepamplona.com\\\/actualidad\\\/wp-content\\\/uploads\\\/2018\\\/10\\\/18.10.30_Cartel-Expo-Es-o-no-es-1.jpg\",\"articleSection\":[\"Ayto Pamplona\"],\"inLanguage\":\"es\",\"potentialAction\":[{\"@type\":\"CommentAction\",\"name\":\"Comment\",\"target\":[\"https:\\\/\\\/www.laguiadepamplona.com\\\/actualidad\\\/la-sala-de-armas-de-la-ciudadela-se-convierte-en-espacio-para-imaginar-y-jugar-a-traves-del-arte-con-la-exposicion-es-o-no-es-y-rincones-para-experimentar\\\/#respond\"]}]},{\"@type\":\"WebPage\",\"@id\":\"https:\\\/\\\/www.laguiadepamplona.com\\\/actualidad\\\/la-sala-de-armas-de-la-ciudadela-se-convierte-en-espacio-para-imaginar-y-jugar-a-traves-del-arte-con-la-exposicion-es-o-no-es-y-rincones-para-experimentar\\\/\",\"url\":\"https:\\\/\\\/www.laguiadepamplona.com\\\/actualidad\\\/la-sala-de-armas-de-la-ciudadela-se-convierte-en-espacio-para-imaginar-y-jugar-a-traves-del-arte-con-la-exposicion-es-o-no-es-y-rincones-para-experimentar\\\/\",\"name\":\"La Sala de Armas de la Ciudadela se convierte en espacio para imaginar y jugar a trav\u00e9s del arte con la exposici\u00f3n \u2018\u00bfEs o no es?\u2019 y rincones para experimentar\",\"isPartOf\":{\"@id\":\"https:\\\/\\\/www.laguiadepamplona.com\\\/actualidad\\\/#website\"},\"primaryImageOfPage\":{\"@id\":\"https:\\\/\\\/www.laguiadepamplona.com\\\/actualidad\\\/la-sala-de-armas-de-la-ciudadela-se-convierte-en-espacio-para-imaginar-y-jugar-a-traves-del-arte-con-la-exposicion-es-o-no-es-y-rincones-para-experimentar\\\/#primaryimage\"},\"image\":{\"@id\":\"https:\\\/\\\/www.laguiadepamplona.com\\\/actualidad\\\/la-sala-de-armas-de-la-ciudadela-se-convierte-en-espacio-para-imaginar-y-jugar-a-traves-del-arte-con-la-exposicion-es-o-no-es-y-rincones-para-experimentar\\\/#primaryimage\"},\"thumbnailUrl\":\"https:\\\/\\\/www.laguiadepamplona.com\\\/actualidad\\\/wp-content\\\/uploads\\\/2018\\\/10\\\/18.10.30_Cartel-Expo-Es-o-no-es-1.jpg\",\"datePublished\":\"2018-10-30T10:47:54+00:00\",\"breadcrumb\":{\"@id\":\"https:\\\/\\\/www.laguiadepamplona.com\\\/actualidad\\\/la-sala-de-armas-de-la-ciudadela-se-convierte-en-espacio-para-imaginar-y-jugar-a-traves-del-arte-con-la-exposicion-es-o-no-es-y-rincones-para-experimentar\\\/#breadcrumb\"},\"inLanguage\":\"es\",\"potentialAction\":[{\"@type\":\"ReadAction\",\"target\":[\"https:\\\/\\\/www.laguiadepamplona.com\\\/actualidad\\\/la-sala-de-armas-de-la-ciudadela-se-convierte-en-espacio-para-imaginar-y-jugar-a-traves-del-arte-con-la-exposicion-es-o-no-es-y-rincones-para-experimentar\\\/\"]}]},{\"@type\":\"ImageObject\",\"inLanguage\":\"es\",\"@id\":\"https:\\\/\\\/www.laguiadepamplona.com\\\/actualidad\\\/la-sala-de-armas-de-la-ciudadela-se-convierte-en-espacio-para-imaginar-y-jugar-a-traves-del-arte-con-la-exposicion-es-o-no-es-y-rincones-para-experimentar\\\/#primaryimage\",\"url\":\"https:\\\/\\\/www.laguiadepamplona.com\\\/actualidad\\\/wp-content\\\/uploads\\\/2018\\\/10\\\/18.10.30_Cartel-Expo-Es-o-no-es-1.jpg\",\"contentUrl\":\"https:\\\/\\\/www.laguiadepamplona.com\\\/actualidad\\\/wp-content\\\/uploads\\\/2018\\\/10\\\/18.10.30_Cartel-Expo-Es-o-no-es-1.jpg\",\"width\":713,\"height\":1000},{\"@type\":\"BreadcrumbList\",\"@id\":\"https:\\\/\\\/www.laguiadepamplona.com\\\/actualidad\\\/la-sala-de-armas-de-la-ciudadela-se-convierte-en-espacio-para-imaginar-y-jugar-a-traves-del-arte-con-la-exposicion-es-o-no-es-y-rincones-para-experimentar\\\/#breadcrumb\",\"itemListElement\":[{\"@type\":\"ListItem\",\"position\":1,\"name\":\"Portada\",\"item\":\"https:\\\/\\\/www.laguiadepamplona.com\\\/actualidad\\\/\"},{\"@type\":\"ListItem\",\"position\":2,\"name\":\"La Sala de Armas de la Ciudadela se convierte en espacio para imaginar y jugar a trav\u00e9s del arte con la exposici\u00f3n \u2018\u00bfEs o no es?\u2019 y rincones para experimentar\"}]},{\"@type\":\"WebSite\",\"@id\":\"https:\\\/\\\/www.laguiadepamplona.com\\\/actualidad\\\/#website\",\"url\":\"https:\\\/\\\/www.laguiadepamplona.com\\\/actualidad\\\/\",\"name\":\"La gu\u00eda de Pamplona\",\"description\":\"Noticias de Pamplona\",\"publisher\":{\"@id\":\"https:\\\/\\\/www.laguiadepamplona.com\\\/actualidad\\\/#organization\"},\"potentialAction\":[{\"@type\":\"SearchAction\",\"target\":{\"@type\":\"EntryPoint\",\"urlTemplate\":\"https:\\\/\\\/www.laguiadepamplona.com\\\/actualidad\\\/?s={search_term_string}\"},\"query-input\":{\"@type\":\"PropertyValueSpecification\",\"valueRequired\":true,\"valueName\":\"search_term_string\"}}],\"inLanguage\":\"es\"},{\"@type\":\"Organization\",\"@id\":\"https:\\\/\\\/www.laguiadepamplona.com\\\/actualidad\\\/#organization\",\"name\":\"La Gu\u00eda de Pamplona \\\/ Noticias\",\"url\":\"https:\\\/\\\/www.laguiadepamplona.com\\\/actualidad\\\/\",\"logo\":{\"@type\":\"ImageObject\",\"inLanguage\":\"es\",\"@id\":\"https:\\\/\\\/www.laguiadepamplona.com\\\/actualidad\\\/#\\\/schema\\\/logo\\\/image\\\/\",\"url\":\"https:\\\/\\\/www.laguiadepamplona.com\\\/actualidad\\\/wp-content\\\/uploads\\\/2018\\\/11\\\/logo-laguiadepamplona18-web1.png\",\"contentUrl\":\"https:\\\/\\\/www.laguiadepamplona.com\\\/actualidad\\\/wp-content\\\/uploads\\\/2018\\\/11\\\/logo-laguiadepamplona18-web1.png\",\"width\":600,\"height\":196,\"caption\":\"La Gu\u00eda de Pamplona \\\/ Noticias\"},\"image\":{\"@id\":\"https:\\\/\\\/www.laguiadepamplona.com\\\/actualidad\\\/#\\\/schema\\\/logo\\\/image\\\/\"},\"sameAs\":[\"https:\\\/\\\/www.facebook.com\\\/laguiadepamplonacom-133175176762273\\\/?ref=hl\",\"https:\\\/\\\/x.com\\\/LaGuiadPamplona\",\"https:\\\/\\\/www.instagram.com\\\/la_guia_de_pamplona\\\/\",\"https:\\\/\\\/www.youtube.com\\\/user\\\/laguiadepamplona\"]},{\"@type\":\"Person\",\"@id\":\"https:\\\/\\\/www.laguiadepamplona.com\\\/actualidad\\\/#\\\/schema\\\/person\\\/efe887376f0213d4657c93adc50b1fdb\",\"name\":\"La Gu\u00eda de Pamplona\",\"image\":{\"@type\":\"ImageObject\",\"inLanguage\":\"es\",\"@id\":\"https:\\\/\\\/secure.gravatar.com\\\/avatar\\\/b6992f131dc8d30ab0dff15446e9d346d9dbd95992de0fef795073f5ea83a81c?s=96&d=mm&r=g\",\"url\":\"https:\\\/\\\/secure.gravatar.com\\\/avatar\\\/b6992f131dc8d30ab0dff15446e9d346d9dbd95992de0fef795073f5ea83a81c?s=96&d=mm&r=g\",\"contentUrl\":\"https:\\\/\\\/secure.gravatar.com\\\/avatar\\\/b6992f131dc8d30ab0dff15446e9d346d9dbd95992de0fef795073f5ea83a81c?s=96&d=mm&r=g\",\"caption\":\"La Gu\u00eda de Pamplona\"}}]}<\/script>\n<!-- \/ Yoast SEO plugin. -->","yoast_head_json":{"title":"La Sala de Armas de la Ciudadela se convierte en espacio para imaginar y jugar a trav\u00e9s del arte con la exposici\u00f3n \u2018\u00bfEs o no es?\u2019 y rincones para experimentar","robots":{"index":"index","follow":"follow","max-snippet":"max-snippet:-1","max-image-preview":"max-image-preview:large","max-video-preview":"max-video-preview:-1"},"canonical":"https:\/\/www.laguiadepamplona.com\/actualidad\/la-sala-de-armas-de-la-ciudadela-se-convierte-en-espacio-para-imaginar-y-jugar-a-traves-del-arte-con-la-exposicion-es-o-no-es-y-rincones-para-experimentar\/","og_locale":"es_ES","og_type":"article","og_title":"La Sala de Armas de la Ciudadela se convierte en espacio para imaginar y jugar a trav\u00e9s del arte con la exposici\u00f3n \u2018\u00bfEs o no es?\u2019 y rincones para experimentar","og_description":"La muestra recoge 39 obras de las colecciones de Arte Contempor\u00e1neo del Ayuntamiento y de Pi Fernandino, y puede verse hasta el 24 de febrero","og_url":"https:\/\/www.laguiadepamplona.com\/actualidad\/la-sala-de-armas-de-la-ciudadela-se-convierte-en-espacio-para-imaginar-y-jugar-a-traves-del-arte-con-la-exposicion-es-o-no-es-y-rincones-para-experimentar\/","og_site_name":"La Gu\u00eda de Pamplona","article_publisher":"https:\/\/www.facebook.com\/laguiadepamplonacom-133175176762273\/?ref=hl","article_published_time":"2018-10-30T10:47:54+00:00","og_image":[{"width":713,"height":1000,"url":"https:\/\/www.laguiadepamplona.com\/actualidad\/wp-content\/uploads\/2018\/10\/18.10.30_Cartel-Expo-Es-o-no-es-1.jpg","type":"image\/jpeg"}],"author":"La Gu\u00eda de Pamplona","twitter_card":"summary_large_image","twitter_creator":"@LaGuiadPamplona","twitter_site":"@LaGuiadPamplona","twitter_misc":{"Escrito por":"La Gu\u00eda de Pamplona","Tiempo de lectura":"3 minutos"},"schema":{"@context":"https:\/\/schema.org","@graph":[{"@type":"Article","@id":"https:\/\/www.laguiadepamplona.com\/actualidad\/la-sala-de-armas-de-la-ciudadela-se-convierte-en-espacio-para-imaginar-y-jugar-a-traves-del-arte-con-la-exposicion-es-o-no-es-y-rincones-para-experimentar\/#article","isPartOf":{"@id":"https:\/\/www.laguiadepamplona.com\/actualidad\/la-sala-de-armas-de-la-ciudadela-se-convierte-en-espacio-para-imaginar-y-jugar-a-traves-del-arte-con-la-exposicion-es-o-no-es-y-rincones-para-experimentar\/"},"author":{"name":"La Gu\u00eda de Pamplona","@id":"https:\/\/www.laguiadepamplona.com\/actualidad\/#\/schema\/person\/efe887376f0213d4657c93adc50b1fdb"},"headline":"La Sala de Armas de la Ciudadela se convierte en espacio para imaginar y jugar a trav\u00e9s del arte con la exposici\u00f3n \u2018\u00bfEs o no es?\u2019 y rincones para experimentar","datePublished":"2018-10-30T10:47:54+00:00","mainEntityOfPage":{"@id":"https:\/\/www.laguiadepamplona.com\/actualidad\/la-sala-de-armas-de-la-ciudadela-se-convierte-en-espacio-para-imaginar-y-jugar-a-traves-del-arte-con-la-exposicion-es-o-no-es-y-rincones-para-experimentar\/"},"wordCount":699,"commentCount":0,"publisher":{"@id":"https:\/\/www.laguiadepamplona.com\/actualidad\/#organization"},"image":{"@id":"https:\/\/www.laguiadepamplona.com\/actualidad\/la-sala-de-armas-de-la-ciudadela-se-convierte-en-espacio-para-imaginar-y-jugar-a-traves-del-arte-con-la-exposicion-es-o-no-es-y-rincones-para-experimentar\/#primaryimage"},"thumbnailUrl":"https:\/\/www.laguiadepamplona.com\/actualidad\/wp-content\/uploads\/2018\/10\/18.10.30_Cartel-Expo-Es-o-no-es-1.jpg","articleSection":["Ayto Pamplona"],"inLanguage":"es","potentialAction":[{"@type":"CommentAction","name":"Comment","target":["https:\/\/www.laguiadepamplona.com\/actualidad\/la-sala-de-armas-de-la-ciudadela-se-convierte-en-espacio-para-imaginar-y-jugar-a-traves-del-arte-con-la-exposicion-es-o-no-es-y-rincones-para-experimentar\/#respond"]}]},{"@type":"WebPage","@id":"https:\/\/www.laguiadepamplona.com\/actualidad\/la-sala-de-armas-de-la-ciudadela-se-convierte-en-espacio-para-imaginar-y-jugar-a-traves-del-arte-con-la-exposicion-es-o-no-es-y-rincones-para-experimentar\/","url":"https:\/\/www.laguiadepamplona.com\/actualidad\/la-sala-de-armas-de-la-ciudadela-se-convierte-en-espacio-para-imaginar-y-jugar-a-traves-del-arte-con-la-exposicion-es-o-no-es-y-rincones-para-experimentar\/","name":"La Sala de Armas de la Ciudadela se convierte en espacio para imaginar y jugar a trav\u00e9s del arte con la exposici\u00f3n \u2018\u00bfEs o no es?\u2019 y rincones para experimentar","isPartOf":{"@id":"https:\/\/www.laguiadepamplona.com\/actualidad\/#website"},"primaryImageOfPage":{"@id":"https:\/\/www.laguiadepamplona.com\/actualidad\/la-sala-de-armas-de-la-ciudadela-se-convierte-en-espacio-para-imaginar-y-jugar-a-traves-del-arte-con-la-exposicion-es-o-no-es-y-rincones-para-experimentar\/#primaryimage"},"image":{"@id":"https:\/\/www.laguiadepamplona.com\/actualidad\/la-sala-de-armas-de-la-ciudadela-se-convierte-en-espacio-para-imaginar-y-jugar-a-traves-del-arte-con-la-exposicion-es-o-no-es-y-rincones-para-experimentar\/#primaryimage"},"thumbnailUrl":"https:\/\/www.laguiadepamplona.com\/actualidad\/wp-content\/uploads\/2018\/10\/18.10.30_Cartel-Expo-Es-o-no-es-1.jpg","datePublished":"2018-10-30T10:47:54+00:00","breadcrumb":{"@id":"https:\/\/www.laguiadepamplona.com\/actualidad\/la-sala-de-armas-de-la-ciudadela-se-convierte-en-espacio-para-imaginar-y-jugar-a-traves-del-arte-con-la-exposicion-es-o-no-es-y-rincones-para-experimentar\/#breadcrumb"},"inLanguage":"es","potentialAction":[{"@type":"ReadAction","target":["https:\/\/www.laguiadepamplona.com\/actualidad\/la-sala-de-armas-de-la-ciudadela-se-convierte-en-espacio-para-imaginar-y-jugar-a-traves-del-arte-con-la-exposicion-es-o-no-es-y-rincones-para-experimentar\/"]}]},{"@type":"ImageObject","inLanguage":"es","@id":"https:\/\/www.laguiadepamplona.com\/actualidad\/la-sala-de-armas-de-la-ciudadela-se-convierte-en-espacio-para-imaginar-y-jugar-a-traves-del-arte-con-la-exposicion-es-o-no-es-y-rincones-para-experimentar\/#primaryimage","url":"https:\/\/www.laguiadepamplona.com\/actualidad\/wp-content\/uploads\/2018\/10\/18.10.30_Cartel-Expo-Es-o-no-es-1.jpg","contentUrl":"https:\/\/www.laguiadepamplona.com\/actualidad\/wp-content\/uploads\/2018\/10\/18.10.30_Cartel-Expo-Es-o-no-es-1.jpg","width":713,"height":1000},{"@type":"BreadcrumbList","@id":"https:\/\/www.laguiadepamplona.com\/actualidad\/la-sala-de-armas-de-la-ciudadela-se-convierte-en-espacio-para-imaginar-y-jugar-a-traves-del-arte-con-la-exposicion-es-o-no-es-y-rincones-para-experimentar\/#breadcrumb","itemListElement":[{"@type":"ListItem","position":1,"name":"Portada","item":"https:\/\/www.laguiadepamplona.com\/actualidad\/"},{"@type":"ListItem","position":2,"name":"La Sala de Armas de la Ciudadela se convierte en espacio para imaginar y jugar a trav\u00e9s del arte con la exposici\u00f3n \u2018\u00bfEs o no es?\u2019 y rincones para experimentar"}]},{"@type":"WebSite","@id":"https:\/\/www.laguiadepamplona.com\/actualidad\/#website","url":"https:\/\/www.laguiadepamplona.com\/actualidad\/","name":"La gu\u00eda de Pamplona","description":"Noticias de Pamplona","publisher":{"@id":"https:\/\/www.laguiadepamplona.com\/actualidad\/#organization"},"potentialAction":[{"@type":"SearchAction","target":{"@type":"EntryPoint","urlTemplate":"https:\/\/www.laguiadepamplona.com\/actualidad\/?s={search_term_string}"},"query-input":{"@type":"PropertyValueSpecification","valueRequired":true,"valueName":"search_term_string"}}],"inLanguage":"es"},{"@type":"Organization","@id":"https:\/\/www.laguiadepamplona.com\/actualidad\/#organization","name":"La Gu\u00eda de Pamplona \/ Noticias","url":"https:\/\/www.laguiadepamplona.com\/actualidad\/","logo":{"@type":"ImageObject","inLanguage":"es","@id":"https:\/\/www.laguiadepamplona.com\/actualidad\/#\/schema\/logo\/image\/","url":"https:\/\/www.laguiadepamplona.com\/actualidad\/wp-content\/uploads\/2018\/11\/logo-laguiadepamplona18-web1.png","contentUrl":"https:\/\/www.laguiadepamplona.com\/actualidad\/wp-content\/uploads\/2018\/11\/logo-laguiadepamplona18-web1.png","width":600,"height":196,"caption":"La Gu\u00eda de Pamplona \/ Noticias"},"image":{"@id":"https:\/\/www.laguiadepamplona.com\/actualidad\/#\/schema\/logo\/image\/"},"sameAs":["https:\/\/www.facebook.com\/laguiadepamplonacom-133175176762273\/?ref=hl","https:\/\/x.com\/LaGuiadPamplona","https:\/\/www.instagram.com\/la_guia_de_pamplona\/","https:\/\/www.youtube.com\/user\/laguiadepamplona"]},{"@type":"Person","@id":"https:\/\/www.laguiadepamplona.com\/actualidad\/#\/schema\/person\/efe887376f0213d4657c93adc50b1fdb","name":"La Gu\u00eda de Pamplona","image":{"@type":"ImageObject","inLanguage":"es","@id":"https:\/\/secure.gravatar.com\/avatar\/b6992f131dc8d30ab0dff15446e9d346d9dbd95992de0fef795073f5ea83a81c?s=96&d=mm&r=g","url":"https:\/\/secure.gravatar.com\/avatar\/b6992f131dc8d30ab0dff15446e9d346d9dbd95992de0fef795073f5ea83a81c?s=96&d=mm&r=g","contentUrl":"https:\/\/secure.gravatar.com\/avatar\/b6992f131dc8d30ab0dff15446e9d346d9dbd95992de0fef795073f5ea83a81c?s=96&d=mm&r=g","caption":"La Gu\u00eda de Pamplona"}}]}},"post_mailing_queue_ids":[],"_links":{"self":[{"href":"https:\/\/www.laguiadepamplona.com\/actualidad\/wp-json\/wp\/v2\/posts\/19201","targetHints":{"allow":["GET"]}}],"collection":[{"href":"https:\/\/www.laguiadepamplona.com\/actualidad\/wp-json\/wp\/v2\/posts"}],"about":[{"href":"https:\/\/www.laguiadepamplona.com\/actualidad\/wp-json\/wp\/v2\/types\/post"}],"author":[{"embeddable":true,"href":"https:\/\/www.laguiadepamplona.com\/actualidad\/wp-json\/wp\/v2\/users\/1"}],"replies":[{"embeddable":true,"href":"https:\/\/www.laguiadepamplona.com\/actualidad\/wp-json\/wp\/v2\/comments?post=19201"}],"version-history":[{"count":0,"href":"https:\/\/www.laguiadepamplona.com\/actualidad\/wp-json\/wp\/v2\/posts\/19201\/revisions"}],"wp:featuredmedia":[{"embeddable":true,"href":"https:\/\/www.laguiadepamplona.com\/actualidad\/wp-json\/wp\/v2\/media\/19202"}],"wp:attachment":[{"href":"https:\/\/www.laguiadepamplona.com\/actualidad\/wp-json\/wp\/v2\/media?parent=19201"}],"wp:term":[{"taxonomy":"category","embeddable":true,"href":"https:\/\/www.laguiadepamplona.com\/actualidad\/wp-json\/wp\/v2\/categories?post=19201"},{"taxonomy":"post_tag","embeddable":true,"href":"https:\/\/www.laguiadepamplona.com\/actualidad\/wp-json\/wp\/v2\/tags?post=19201"}],"curies":[{"name":"wp","href":"https:\/\/api.w.org\/{rel}","templated":true}]}}