{"id":19198,"date":"2018-10-29T18:58:39","date_gmt":"2018-10-29T16:58:39","guid":{"rendered":"https:\/\/www.laguiadepamplona.es\/actualidad\/?p=19198"},"modified":"2018-10-29T18:58:39","modified_gmt":"2018-10-29T16:58:39","slug":"aprobada-una-declaracion-para-que-los-trabajos-de-limpieza-en-la-casa-de-la-juventud-se-incluyan-en-el-pliego-del-contrato-de-limpieza-de-edificios-municipales","status":"publish","type":"post","link":"https:\/\/www.laguiadepamplona.com\/actualidad\/aprobada-una-declaracion-para-que-los-trabajos-de-limpieza-en-la-casa-de-la-juventud-se-incluyan-en-el-pliego-del-contrato-de-limpieza-de-edificios-municipales\/","title":{"rendered":"Aprobada una declaraci\u00f3n para que los trabajos de limpieza en la Casa de la Juventud se incluyan en el pliego del contrato de limpieza de edificios municipales"},"content":{"rendered":"<p><!--more--><\/p>\n<p>La Comisi\u00f3n de Asuntos Ciudadanos ha aprobado esta ma\u00f1ana una declaraci\u00f3n sobre las trasbajadoras que desarrollan labores de limpieza en la Casa de la Juventud. La declaraci\u00f3n insta al Ayuntamiento a que \u201cla labor que realizan las trabajadoras de limpieza en la Casa de la Juventud se incorpore al pliego general de limpiezas de edificios municipales, bien como un lote espec\u00edfico, bien incluy\u00e9ndola en alguno de los 12 lotes en los que se ha dividido la licitaci\u00f3n\u201d.<\/p>\n<p>El texto se ha aprobado con 2 votos a favor (Aranzadi e IE) y 8 abstenciones (UPN, EH Bildu, Geroa Bai y PSN).<\/p>\n<h3><a href=\"https:\/\/www.laguiadepamplona.es\/actualidad\/wp-content\/uploads\/2018\/10\/18.10.29_CMC_declaracion_limpieza_casa_juventud.pdf\" target=\"_blank\" rel=\"noopener\">Declaracion_limpieza_casa_juventud.pdf<\/a><\/h3>\n<p>&nbsp;<\/p>\n","protected":false},"excerpt":{"rendered":"","protected":false},"author":1,"featured_media":17600,"comment_status":"open","ping_status":"closed","sticky":false,"template":"","format":"standard","meta":{"footnotes":""},"categories":[2],"tags":[],"class_list":["post-19198","post","type-post","status-publish","format-standard","has-post-thumbnail","hentry","category-ayuntamiento-pamplona"],"yoast_head":"<!-- This site is optimized with the Yoast SEO plugin v27.3 - https:\/\/yoast.com\/product\/yoast-seo-wordpress\/ -->\n<title>Aprobada una declaraci\u00f3n para que los trabajos de limpieza en la Casa de la Juventud se incluyan en el pliego del contrato de limpieza de edificios municipales<\/title>\n<meta name=\"robots\" content=\"index, follow, max-snippet:-1, max-image-preview:large, max-video-preview:-1\" \/>\n<link rel=\"canonical\" href=\"https:\/\/www.laguiadepamplona.com\/actualidad\/aprobada-una-declaracion-para-que-los-trabajos-de-limpieza-en-la-casa-de-la-juventud-se-incluyan-en-el-pliego-del-contrato-de-limpieza-de-edificios-municipales\/\" \/>\n<meta property=\"og:locale\" content=\"es_ES\" \/>\n<meta property=\"og:type\" content=\"article\" \/>\n<meta property=\"og:title\" content=\"Aprobada una declaraci\u00f3n para que los trabajos de limpieza en la Casa de la Juventud se incluyan en el pliego del contrato de limpieza de edificios municipales\" \/>\n<meta property=\"og:url\" content=\"https:\/\/www.laguiadepamplona.com\/actualidad\/aprobada-una-declaracion-para-que-los-trabajos-de-limpieza-en-la-casa-de-la-juventud-se-incluyan-en-el-pliego-del-contrato-de-limpieza-de-edificios-municipales\/\" \/>\n<meta property=\"og:site_name\" content=\"La Gu\u00eda de Pamplona\" \/>\n<meta property=\"article:publisher\" content=\"https:\/\/www.facebook.com\/laguiadepamplonacom-133175176762273\/?ref=hl\" \/>\n<meta property=\"article:published_time\" content=\"2018-10-29T16:58:39+00:00\" \/>\n<meta property=\"og:image\" content=\"https:\/\/www.laguiadepamplona.com\/actualidad\/wp-content\/uploads\/2018\/05\/ayto-pamplona-3.jpg\" \/>\n\t<meta property=\"og:image:width\" content=\"1000\" \/>\n\t<meta property=\"og:image:height\" content=\"555\" \/>\n\t<meta property=\"og:image:type\" content=\"image\/jpeg\" \/>\n<meta name=\"author\" content=\"La Gu\u00eda de Pamplona\" \/>\n<meta name=\"twitter:card\" content=\"summary_large_image\" \/>\n<meta name=\"twitter:creator\" content=\"@LaGuiadPamplona\" \/>\n<meta name=\"twitter:site\" content=\"@LaGuiadPamplona\" \/>\n<meta name=\"twitter:label1\" content=\"Escrito por\" \/>\n\t<meta name=\"twitter:data1\" content=\"La Gu\u00eda de Pamplona\" \/>\n\t<meta name=\"twitter:label2\" content=\"Tiempo de lectura\" \/>\n\t<meta name=\"twitter:data2\" content=\"1 minuto\" \/>\n<script type=\"application\/ld+json\" class=\"yoast-schema-graph\">{\"@context\":\"https:\\\/\\\/schema.org\",\"@graph\":[{\"@type\":\"Article\",\"@id\":\"https:\\\/\\\/www.laguiadepamplona.com\\\/actualidad\\\/aprobada-una-declaracion-para-que-los-trabajos-de-limpieza-en-la-casa-de-la-juventud-se-incluyan-en-el-pliego-del-contrato-de-limpieza-de-edificios-municipales\\\/#article\",\"isPartOf\":{\"@id\":\"https:\\\/\\\/www.laguiadepamplona.com\\\/actualidad\\\/aprobada-una-declaracion-para-que-los-trabajos-de-limpieza-en-la-casa-de-la-juventud-se-incluyan-en-el-pliego-del-contrato-de-limpieza-de-edificios-municipales\\\/\"},\"author\":{\"name\":\"La Gu\u00eda de Pamplona\",\"@id\":\"https:\\\/\\\/www.laguiadepamplona.com\\\/actualidad\\\/#\\\/schema\\\/person\\\/efe887376f0213d4657c93adc50b1fdb\"},\"headline\":\"Aprobada una declaraci\u00f3n para que los trabajos de limpieza en la Casa de la Juventud se incluyan en el pliego del contrato de limpieza de edificios municipales\",\"datePublished\":\"2018-10-29T16:58:39+00:00\",\"mainEntityOfPage\":{\"@id\":\"https:\\\/\\\/www.laguiadepamplona.com\\\/actualidad\\\/aprobada-una-declaracion-para-que-los-trabajos-de-limpieza-en-la-casa-de-la-juventud-se-incluyan-en-el-pliego-del-contrato-de-limpieza-de-edificios-municipales\\\/\"},\"wordCount\":138,\"commentCount\":0,\"publisher\":{\"@id\":\"https:\\\/\\\/www.laguiadepamplona.com\\\/actualidad\\\/#organization\"},\"image\":{\"@id\":\"https:\\\/\\\/www.laguiadepamplona.com\\\/actualidad\\\/aprobada-una-declaracion-para-que-los-trabajos-de-limpieza-en-la-casa-de-la-juventud-se-incluyan-en-el-pliego-del-contrato-de-limpieza-de-edificios-municipales\\\/#primaryimage\"},\"thumbnailUrl\":\"https:\\\/\\\/www.laguiadepamplona.com\\\/actualidad\\\/wp-content\\\/uploads\\\/2018\\\/05\\\/ayto-pamplona-3.jpg\",\"articleSection\":[\"Ayto Pamplona\"],\"inLanguage\":\"es\",\"potentialAction\":[{\"@type\":\"CommentAction\",\"name\":\"Comment\",\"target\":[\"https:\\\/\\\/www.laguiadepamplona.com\\\/actualidad\\\/aprobada-una-declaracion-para-que-los-trabajos-de-limpieza-en-la-casa-de-la-juventud-se-incluyan-en-el-pliego-del-contrato-de-limpieza-de-edificios-municipales\\\/#respond\"]}]},{\"@type\":\"WebPage\",\"@id\":\"https:\\\/\\\/www.laguiadepamplona.com\\\/actualidad\\\/aprobada-una-declaracion-para-que-los-trabajos-de-limpieza-en-la-casa-de-la-juventud-se-incluyan-en-el-pliego-del-contrato-de-limpieza-de-edificios-municipales\\\/\",\"url\":\"https:\\\/\\\/www.laguiadepamplona.com\\\/actualidad\\\/aprobada-una-declaracion-para-que-los-trabajos-de-limpieza-en-la-casa-de-la-juventud-se-incluyan-en-el-pliego-del-contrato-de-limpieza-de-edificios-municipales\\\/\",\"name\":\"Aprobada una declaraci\u00f3n para que los trabajos de limpieza en la Casa de la Juventud se incluyan en el pliego del contrato de limpieza de edificios municipales\",\"isPartOf\":{\"@id\":\"https:\\\/\\\/www.laguiadepamplona.com\\\/actualidad\\\/#website\"},\"primaryImageOfPage\":{\"@id\":\"https:\\\/\\\/www.laguiadepamplona.com\\\/actualidad\\\/aprobada-una-declaracion-para-que-los-trabajos-de-limpieza-en-la-casa-de-la-juventud-se-incluyan-en-el-pliego-del-contrato-de-limpieza-de-edificios-municipales\\\/#primaryimage\"},\"image\":{\"@id\":\"https:\\\/\\\/www.laguiadepamplona.com\\\/actualidad\\\/aprobada-una-declaracion-para-que-los-trabajos-de-limpieza-en-la-casa-de-la-juventud-se-incluyan-en-el-pliego-del-contrato-de-limpieza-de-edificios-municipales\\\/#primaryimage\"},\"thumbnailUrl\":\"https:\\\/\\\/www.laguiadepamplona.com\\\/actualidad\\\/wp-content\\\/uploads\\\/2018\\\/05\\\/ayto-pamplona-3.jpg\",\"datePublished\":\"2018-10-29T16:58:39+00:00\",\"breadcrumb\":{\"@id\":\"https:\\\/\\\/www.laguiadepamplona.com\\\/actualidad\\\/aprobada-una-declaracion-para-que-los-trabajos-de-limpieza-en-la-casa-de-la-juventud-se-incluyan-en-el-pliego-del-contrato-de-limpieza-de-edificios-municipales\\\/#breadcrumb\"},\"inLanguage\":\"es\",\"potentialAction\":[{\"@type\":\"ReadAction\",\"target\":[\"https:\\\/\\\/www.laguiadepamplona.com\\\/actualidad\\\/aprobada-una-declaracion-para-que-los-trabajos-de-limpieza-en-la-casa-de-la-juventud-se-incluyan-en-el-pliego-del-contrato-de-limpieza-de-edificios-municipales\\\/\"]}]},{\"@type\":\"ImageObject\",\"inLanguage\":\"es\",\"@id\":\"https:\\\/\\\/www.laguiadepamplona.com\\\/actualidad\\\/aprobada-una-declaracion-para-que-los-trabajos-de-limpieza-en-la-casa-de-la-juventud-se-incluyan-en-el-pliego-del-contrato-de-limpieza-de-edificios-municipales\\\/#primaryimage\",\"url\":\"https:\\\/\\\/www.laguiadepamplona.com\\\/actualidad\\\/wp-content\\\/uploads\\\/2018\\\/05\\\/ayto-pamplona-3.jpg\",\"contentUrl\":\"https:\\\/\\\/www.laguiadepamplona.com\\\/actualidad\\\/wp-content\\\/uploads\\\/2018\\\/05\\\/ayto-pamplona-3.jpg\",\"width\":1000,\"height\":555},{\"@type\":\"BreadcrumbList\",\"@id\":\"https:\\\/\\\/www.laguiadepamplona.com\\\/actualidad\\\/aprobada-una-declaracion-para-que-los-trabajos-de-limpieza-en-la-casa-de-la-juventud-se-incluyan-en-el-pliego-del-contrato-de-limpieza-de-edificios-municipales\\\/#breadcrumb\",\"itemListElement\":[{\"@type\":\"ListItem\",\"position\":1,\"name\":\"Portada\",\"item\":\"https:\\\/\\\/www.laguiadepamplona.com\\\/actualidad\\\/\"},{\"@type\":\"ListItem\",\"position\":2,\"name\":\"Aprobada una declaraci\u00f3n para que los trabajos de limpieza en la Casa de la Juventud se incluyan en el pliego del contrato de limpieza de edificios municipales\"}]},{\"@type\":\"WebSite\",\"@id\":\"https:\\\/\\\/www.laguiadepamplona.com\\\/actualidad\\\/#website\",\"url\":\"https:\\\/\\\/www.laguiadepamplona.com\\\/actualidad\\\/\",\"name\":\"La gu\u00eda de Pamplona\",\"description\":\"Noticias de Pamplona\",\"publisher\":{\"@id\":\"https:\\\/\\\/www.laguiadepamplona.com\\\/actualidad\\\/#organization\"},\"potentialAction\":[{\"@type\":\"SearchAction\",\"target\":{\"@type\":\"EntryPoint\",\"urlTemplate\":\"https:\\\/\\\/www.laguiadepamplona.com\\\/actualidad\\\/?s={search_term_string}\"},\"query-input\":{\"@type\":\"PropertyValueSpecification\",\"valueRequired\":true,\"valueName\":\"search_term_string\"}}],\"inLanguage\":\"es\"},{\"@type\":\"Organization\",\"@id\":\"https:\\\/\\\/www.laguiadepamplona.com\\\/actualidad\\\/#organization\",\"name\":\"La Gu\u00eda de Pamplona \\\/ Noticias\",\"url\":\"https:\\\/\\\/www.laguiadepamplona.com\\\/actualidad\\\/\",\"logo\":{\"@type\":\"ImageObject\",\"inLanguage\":\"es\",\"@id\":\"https:\\\/\\\/www.laguiadepamplona.com\\\/actualidad\\\/#\\\/schema\\\/logo\\\/image\\\/\",\"url\":\"https:\\\/\\\/www.laguiadepamplona.com\\\/actualidad\\\/wp-content\\\/uploads\\\/2018\\\/11\\\/logo-laguiadepamplona18-web1.png\",\"contentUrl\":\"https:\\\/\\\/www.laguiadepamplona.com\\\/actualidad\\\/wp-content\\\/uploads\\\/2018\\\/11\\\/logo-laguiadepamplona18-web1.png\",\"width\":600,\"height\":196,\"caption\":\"La Gu\u00eda de Pamplona \\\/ Noticias\"},\"image\":{\"@id\":\"https:\\\/\\\/www.laguiadepamplona.com\\\/actualidad\\\/#\\\/schema\\\/logo\\\/image\\\/\"},\"sameAs\":[\"https:\\\/\\\/www.facebook.com\\\/laguiadepamplonacom-133175176762273\\\/?ref=hl\",\"https:\\\/\\\/x.com\\\/LaGuiadPamplona\",\"https:\\\/\\\/www.instagram.com\\\/la_guia_de_pamplona\\\/\",\"https:\\\/\\\/www.youtube.com\\\/user\\\/laguiadepamplona\"]},{\"@type\":\"Person\",\"@id\":\"https:\\\/\\\/www.laguiadepamplona.com\\\/actualidad\\\/#\\\/schema\\\/person\\\/efe887376f0213d4657c93adc50b1fdb\",\"name\":\"La Gu\u00eda de Pamplona\",\"image\":{\"@type\":\"ImageObject\",\"inLanguage\":\"es\",\"@id\":\"https:\\\/\\\/secure.gravatar.com\\\/avatar\\\/b6992f131dc8d30ab0dff15446e9d346d9dbd95992de0fef795073f5ea83a81c?s=96&d=mm&r=g\",\"url\":\"https:\\\/\\\/secure.gravatar.com\\\/avatar\\\/b6992f131dc8d30ab0dff15446e9d346d9dbd95992de0fef795073f5ea83a81c?s=96&d=mm&r=g\",\"contentUrl\":\"https:\\\/\\\/secure.gravatar.com\\\/avatar\\\/b6992f131dc8d30ab0dff15446e9d346d9dbd95992de0fef795073f5ea83a81c?s=96&d=mm&r=g\",\"caption\":\"La Gu\u00eda de Pamplona\"}}]}<\/script>\n<!-- \/ Yoast SEO plugin. -->","yoast_head_json":{"title":"Aprobada una declaraci\u00f3n para que los trabajos de limpieza en la Casa de la Juventud se incluyan en el pliego del contrato de limpieza de edificios municipales","robots":{"index":"index","follow":"follow","max-snippet":"max-snippet:-1","max-image-preview":"max-image-preview:large","max-video-preview":"max-video-preview:-1"},"canonical":"https:\/\/www.laguiadepamplona.com\/actualidad\/aprobada-una-declaracion-para-que-los-trabajos-de-limpieza-en-la-casa-de-la-juventud-se-incluyan-en-el-pliego-del-contrato-de-limpieza-de-edificios-municipales\/","og_locale":"es_ES","og_type":"article","og_title":"Aprobada una declaraci\u00f3n para que los trabajos de limpieza en la Casa de la Juventud se incluyan en el pliego del contrato de limpieza de edificios municipales","og_url":"https:\/\/www.laguiadepamplona.com\/actualidad\/aprobada-una-declaracion-para-que-los-trabajos-de-limpieza-en-la-casa-de-la-juventud-se-incluyan-en-el-pliego-del-contrato-de-limpieza-de-edificios-municipales\/","og_site_name":"La Gu\u00eda de Pamplona","article_publisher":"https:\/\/www.facebook.com\/laguiadepamplonacom-133175176762273\/?ref=hl","article_published_time":"2018-10-29T16:58:39+00:00","og_image":[{"width":1000,"height":555,"url":"https:\/\/www.laguiadepamplona.com\/actualidad\/wp-content\/uploads\/2018\/05\/ayto-pamplona-3.jpg","type":"image\/jpeg"}],"author":"La Gu\u00eda de Pamplona","twitter_card":"summary_large_image","twitter_creator":"@LaGuiadPamplona","twitter_site":"@LaGuiadPamplona","twitter_misc":{"Escrito por":"La Gu\u00eda de Pamplona","Tiempo de lectura":"1 minuto"},"schema":{"@context":"https:\/\/schema.org","@graph":[{"@type":"Article","@id":"https:\/\/www.laguiadepamplona.com\/actualidad\/aprobada-una-declaracion-para-que-los-trabajos-de-limpieza-en-la-casa-de-la-juventud-se-incluyan-en-el-pliego-del-contrato-de-limpieza-de-edificios-municipales\/#article","isPartOf":{"@id":"https:\/\/www.laguiadepamplona.com\/actualidad\/aprobada-una-declaracion-para-que-los-trabajos-de-limpieza-en-la-casa-de-la-juventud-se-incluyan-en-el-pliego-del-contrato-de-limpieza-de-edificios-municipales\/"},"author":{"name":"La Gu\u00eda de Pamplona","@id":"https:\/\/www.laguiadepamplona.com\/actualidad\/#\/schema\/person\/efe887376f0213d4657c93adc50b1fdb"},"headline":"Aprobada una declaraci\u00f3n para que los trabajos de limpieza en la Casa de la Juventud se incluyan en el pliego del contrato de limpieza de edificios municipales","datePublished":"2018-10-29T16:58:39+00:00","mainEntityOfPage":{"@id":"https:\/\/www.laguiadepamplona.com\/actualidad\/aprobada-una-declaracion-para-que-los-trabajos-de-limpieza-en-la-casa-de-la-juventud-se-incluyan-en-el-pliego-del-contrato-de-limpieza-de-edificios-municipales\/"},"wordCount":138,"commentCount":0,"publisher":{"@id":"https:\/\/www.laguiadepamplona.com\/actualidad\/#organization"},"image":{"@id":"https:\/\/www.laguiadepamplona.com\/actualidad\/aprobada-una-declaracion-para-que-los-trabajos-de-limpieza-en-la-casa-de-la-juventud-se-incluyan-en-el-pliego-del-contrato-de-limpieza-de-edificios-municipales\/#primaryimage"},"thumbnailUrl":"https:\/\/www.laguiadepamplona.com\/actualidad\/wp-content\/uploads\/2018\/05\/ayto-pamplona-3.jpg","articleSection":["Ayto Pamplona"],"inLanguage":"es","potentialAction":[{"@type":"CommentAction","name":"Comment","target":["https:\/\/www.laguiadepamplona.com\/actualidad\/aprobada-una-declaracion-para-que-los-trabajos-de-limpieza-en-la-casa-de-la-juventud-se-incluyan-en-el-pliego-del-contrato-de-limpieza-de-edificios-municipales\/#respond"]}]},{"@type":"WebPage","@id":"https:\/\/www.laguiadepamplona.com\/actualidad\/aprobada-una-declaracion-para-que-los-trabajos-de-limpieza-en-la-casa-de-la-juventud-se-incluyan-en-el-pliego-del-contrato-de-limpieza-de-edificios-municipales\/","url":"https:\/\/www.laguiadepamplona.com\/actualidad\/aprobada-una-declaracion-para-que-los-trabajos-de-limpieza-en-la-casa-de-la-juventud-se-incluyan-en-el-pliego-del-contrato-de-limpieza-de-edificios-municipales\/","name":"Aprobada una declaraci\u00f3n para que los trabajos de limpieza en la Casa de la Juventud se incluyan en el pliego del contrato de limpieza de edificios municipales","isPartOf":{"@id":"https:\/\/www.laguiadepamplona.com\/actualidad\/#website"},"primaryImageOfPage":{"@id":"https:\/\/www.laguiadepamplona.com\/actualidad\/aprobada-una-declaracion-para-que-los-trabajos-de-limpieza-en-la-casa-de-la-juventud-se-incluyan-en-el-pliego-del-contrato-de-limpieza-de-edificios-municipales\/#primaryimage"},"image":{"@id":"https:\/\/www.laguiadepamplona.com\/actualidad\/aprobada-una-declaracion-para-que-los-trabajos-de-limpieza-en-la-casa-de-la-juventud-se-incluyan-en-el-pliego-del-contrato-de-limpieza-de-edificios-municipales\/#primaryimage"},"thumbnailUrl":"https:\/\/www.laguiadepamplona.com\/actualidad\/wp-content\/uploads\/2018\/05\/ayto-pamplona-3.jpg","datePublished":"2018-10-29T16:58:39+00:00","breadcrumb":{"@id":"https:\/\/www.laguiadepamplona.com\/actualidad\/aprobada-una-declaracion-para-que-los-trabajos-de-limpieza-en-la-casa-de-la-juventud-se-incluyan-en-el-pliego-del-contrato-de-limpieza-de-edificios-municipales\/#breadcrumb"},"inLanguage":"es","potentialAction":[{"@type":"ReadAction","target":["https:\/\/www.laguiadepamplona.com\/actualidad\/aprobada-una-declaracion-para-que-los-trabajos-de-limpieza-en-la-casa-de-la-juventud-se-incluyan-en-el-pliego-del-contrato-de-limpieza-de-edificios-municipales\/"]}]},{"@type":"ImageObject","inLanguage":"es","@id":"https:\/\/www.laguiadepamplona.com\/actualidad\/aprobada-una-declaracion-para-que-los-trabajos-de-limpieza-en-la-casa-de-la-juventud-se-incluyan-en-el-pliego-del-contrato-de-limpieza-de-edificios-municipales\/#primaryimage","url":"https:\/\/www.laguiadepamplona.com\/actualidad\/wp-content\/uploads\/2018\/05\/ayto-pamplona-3.jpg","contentUrl":"https:\/\/www.laguiadepamplona.com\/actualidad\/wp-content\/uploads\/2018\/05\/ayto-pamplona-3.jpg","width":1000,"height":555},{"@type":"BreadcrumbList","@id":"https:\/\/www.laguiadepamplona.com\/actualidad\/aprobada-una-declaracion-para-que-los-trabajos-de-limpieza-en-la-casa-de-la-juventud-se-incluyan-en-el-pliego-del-contrato-de-limpieza-de-edificios-municipales\/#breadcrumb","itemListElement":[{"@type":"ListItem","position":1,"name":"Portada","item":"https:\/\/www.laguiadepamplona.com\/actualidad\/"},{"@type":"ListItem","position":2,"name":"Aprobada una declaraci\u00f3n para que los trabajos de limpieza en la Casa de la Juventud se incluyan en el pliego del contrato de limpieza de edificios municipales"}]},{"@type":"WebSite","@id":"https:\/\/www.laguiadepamplona.com\/actualidad\/#website","url":"https:\/\/www.laguiadepamplona.com\/actualidad\/","name":"La gu\u00eda de Pamplona","description":"Noticias de Pamplona","publisher":{"@id":"https:\/\/www.laguiadepamplona.com\/actualidad\/#organization"},"potentialAction":[{"@type":"SearchAction","target":{"@type":"EntryPoint","urlTemplate":"https:\/\/www.laguiadepamplona.com\/actualidad\/?s={search_term_string}"},"query-input":{"@type":"PropertyValueSpecification","valueRequired":true,"valueName":"search_term_string"}}],"inLanguage":"es"},{"@type":"Organization","@id":"https:\/\/www.laguiadepamplona.com\/actualidad\/#organization","name":"La Gu\u00eda de Pamplona \/ Noticias","url":"https:\/\/www.laguiadepamplona.com\/actualidad\/","logo":{"@type":"ImageObject","inLanguage":"es","@id":"https:\/\/www.laguiadepamplona.com\/actualidad\/#\/schema\/logo\/image\/","url":"https:\/\/www.laguiadepamplona.com\/actualidad\/wp-content\/uploads\/2018\/11\/logo-laguiadepamplona18-web1.png","contentUrl":"https:\/\/www.laguiadepamplona.com\/actualidad\/wp-content\/uploads\/2018\/11\/logo-laguiadepamplona18-web1.png","width":600,"height":196,"caption":"La Gu\u00eda de Pamplona \/ Noticias"},"image":{"@id":"https:\/\/www.laguiadepamplona.com\/actualidad\/#\/schema\/logo\/image\/"},"sameAs":["https:\/\/www.facebook.com\/laguiadepamplonacom-133175176762273\/?ref=hl","https:\/\/x.com\/LaGuiadPamplona","https:\/\/www.instagram.com\/la_guia_de_pamplona\/","https:\/\/www.youtube.com\/user\/laguiadepamplona"]},{"@type":"Person","@id":"https:\/\/www.laguiadepamplona.com\/actualidad\/#\/schema\/person\/efe887376f0213d4657c93adc50b1fdb","name":"La Gu\u00eda de Pamplona","image":{"@type":"ImageObject","inLanguage":"es","@id":"https:\/\/secure.gravatar.com\/avatar\/b6992f131dc8d30ab0dff15446e9d346d9dbd95992de0fef795073f5ea83a81c?s=96&d=mm&r=g","url":"https:\/\/secure.gravatar.com\/avatar\/b6992f131dc8d30ab0dff15446e9d346d9dbd95992de0fef795073f5ea83a81c?s=96&d=mm&r=g","contentUrl":"https:\/\/secure.gravatar.com\/avatar\/b6992f131dc8d30ab0dff15446e9d346d9dbd95992de0fef795073f5ea83a81c?s=96&d=mm&r=g","caption":"La Gu\u00eda de Pamplona"}}]}},"post_mailing_queue_ids":[],"_links":{"self":[{"href":"https:\/\/www.laguiadepamplona.com\/actualidad\/wp-json\/wp\/v2\/posts\/19198","targetHints":{"allow":["GET"]}}],"collection":[{"href":"https:\/\/www.laguiadepamplona.com\/actualidad\/wp-json\/wp\/v2\/posts"}],"about":[{"href":"https:\/\/www.laguiadepamplona.com\/actualidad\/wp-json\/wp\/v2\/types\/post"}],"author":[{"embeddable":true,"href":"https:\/\/www.laguiadepamplona.com\/actualidad\/wp-json\/wp\/v2\/users\/1"}],"replies":[{"embeddable":true,"href":"https:\/\/www.laguiadepamplona.com\/actualidad\/wp-json\/wp\/v2\/comments?post=19198"}],"version-history":[{"count":0,"href":"https:\/\/www.laguiadepamplona.com\/actualidad\/wp-json\/wp\/v2\/posts\/19198\/revisions"}],"wp:featuredmedia":[{"embeddable":true,"href":"https:\/\/www.laguiadepamplona.com\/actualidad\/wp-json\/wp\/v2\/media\/17600"}],"wp:attachment":[{"href":"https:\/\/www.laguiadepamplona.com\/actualidad\/wp-json\/wp\/v2\/media?parent=19198"}],"wp:term":[{"taxonomy":"category","embeddable":true,"href":"https:\/\/www.laguiadepamplona.com\/actualidad\/wp-json\/wp\/v2\/categories?post=19198"},{"taxonomy":"post_tag","embeddable":true,"href":"https:\/\/www.laguiadepamplona.com\/actualidad\/wp-json\/wp\/v2\/tags?post=19198"}],"curies":[{"name":"wp","href":"https:\/\/api.w.org\/{rel}","templated":true}]}}