{"id":19191,"date":"2018-10-29T16:48:45","date_gmt":"2018-10-29T14:48:45","guid":{"rendered":"https:\/\/www.laguiadepamplona.es\/actualidad\/?p=19191"},"modified":"2018-10-29T16:48:45","modified_gmt":"2018-10-29T14:48:45","slug":"el-ayuntamiento-recordara-el-jueves-al-violinista-y-compositor-pablo-sarasate-en-su-panteon-del-cementerio-de-san-jose-recientemente-renovado","status":"publish","type":"post","link":"https:\/\/www.laguiadepamplona.com\/actualidad\/el-ayuntamiento-recordara-el-jueves-al-violinista-y-compositor-pablo-sarasate-en-su-panteon-del-cementerio-de-san-jose-recientemente-renovado\/","title":{"rendered":"El Ayuntamiento recordar\u00e1 el jueves al violinista y compositor Pablo Sarasate en su pante\u00f3n del Cementerio de San Jos\u00e9 recientemente renovado"},"content":{"rendered":"<h3>Como es costumbre el Consistorio enviar\u00e1 una corona de flores coincidiendo con el 1 de noviembre<\/h3>\n<p><!--more--><\/p>\n<p>El Ayuntamiento de Pamplona homenajear\u00e1 con motivo del pr\u00f3ximo 1 de noviembre a su hijo predilecto, el violinista y compositor Pablo Sarasate y Navascu\u00e9s, en su pante\u00f3n del Cementerio Municipal de San Jos\u00e9 recientemente renovado. El Consistorio enviar\u00e1 una corona de flores con la leyenda \u201cEl Excmo. Ayuntamiento de Pamplona a su hijo predilecto, D. Pablo Sarasate y Navascu\u00e9s\u201d en biling\u00fce. Este acto llega tras el programa organizado por le Consistorio pamplon\u00e9s con motivo del 110 aniversario del fallecimiento del violinista que incluy\u00f3 m\u00fasica, cine, visitas guiadas y la renovaci\u00f3n del mausoleo a cuya inauguraci\u00f3n asisti\u00f3 la familia del m\u00fasico, as\u00ed como familiares del constructor del mausoleo, y que cont\u00f3 con la actuaci\u00f3n de la Orquesta Sinf\u00f3nica de Navarra \u2013 Pablo Sarasate (OSN).<\/p>\n<p>Pablo Sarasate, hijo predilecto de Pamplona desde el a\u00f1o 1900 (t\u00edtulo que recibir\u00eda en 1902), tiene un pante\u00f3n en el Cementerio Municipal de San Jos\u00e9 desde 1879, el mismo a\u00f1o en que se fund\u00f3 la Orquesta Pablo Sarasate, actual Orquesta Sinf\u00f3nica de Navarra Pablo Sarasate (OSN). Pablo Mart\u00edn Melit\u00f3n Sarasate vino al mundo en la calle San Nicol\u00e1s en marzo de 1844. Su padre fue su primer profesor. Despu\u00e9s fue a estudiar a Santiago, A Coru\u00f1a y Madrid. En 1855, el joven int\u00e9rprete, ya reputado ni\u00f1o prodigio, se traslada a Par\u00eds con una beca, donde lanza su carrera internacional en la d\u00e9cada de los 60. Con 13 a\u00f1os fue el primer premio de viol\u00edn del Conservatorio de Par\u00eds y comienza a tocar sus composiciones propias. A principios de los 70 da el salto y conquista Am\u00e9rica. A la vuelta sigue triunfando en Europa en pa\u00edses como Alemania, Austria, Pa\u00edses Bajos, Rusia, Inglaterra&#8230; En los a\u00f1os 80, Pablo Sarasate tiene ya reconocimiento mundial de la cr\u00edtica y del p\u00fablico en sus multitudinarios conciertos. El m\u00fasico y compositor pamplon\u00e9s falleci\u00f3 en Biarritz en 1908.<\/p>\n<p><strong>Trabajos de renovaci\u00f3n del mausoleo<\/strong><\/p>\n<p>Los trabajos de renovaci\u00f3n del mausoleo de Pablo Sarasate se han llevado a cabo tras descubrirse que el m\u00e1rmol presentaba diferentes alteraciones producidas por su exposici\u00f3n a las inclemencias atmosf\u00e9ricas, al ataque biol\u00f3gico de algas y l\u00edquenes y a las limpiezas con productos abrasivos que han ido desgastando la superficie de la piedra. Adem\u00e1s, las columnas presentaban importantes roturas y grietas producidas por la tensi\u00f3n ejercida por las cadenas tras su modificaci\u00f3n. Las propias cadenas hab\u00edan perdido casi en su totalidad las hojas de laurel y presentaban oxidaci\u00f3n y numerosas capas de pintura.<\/p>\n<p>Los trabajos realizados se han centrado en la nivelaci\u00f3n y refuerzo de las bases, la intervenci\u00f3n en columnas y pebeteros con la limpieza de \u00f3xido y la reparaci\u00f3n de fisuras y anclajes y la intervenci\u00f3n en las cadenas. Por \u00faltimo, tambi\u00e9n se ha realizado la limpieza del f\u00e9retro.<\/p>\n<p>&nbsp;<\/p>\n","protected":false},"excerpt":{"rendered":"<p>Como es costumbre el Consistorio enviar\u00e1 una corona de flores coincidiendo con el 1 de noviembre<\/p>\n","protected":false},"author":1,"featured_media":10999,"comment_status":"open","ping_status":"closed","sticky":false,"template":"","format":"standard","meta":{"footnotes":""},"categories":[2],"tags":[],"class_list":["post-19191","post","type-post","status-publish","format-standard","has-post-thumbnail","hentry","category-ayuntamiento-pamplona"],"yoast_head":"<!-- This site is optimized with the Yoast SEO plugin v27.3 - https:\/\/yoast.com\/product\/yoast-seo-wordpress\/ -->\n<title>El Ayuntamiento recordar\u00e1 el jueves al violinista y compositor Pablo Sarasate en su pante\u00f3n del Cementerio de San Jos\u00e9 recientemente renovado<\/title>\n<meta name=\"robots\" content=\"index, follow, max-snippet:-1, max-image-preview:large, max-video-preview:-1\" \/>\n<link rel=\"canonical\" href=\"https:\/\/www.laguiadepamplona.com\/actualidad\/el-ayuntamiento-recordara-el-jueves-al-violinista-y-compositor-pablo-sarasate-en-su-panteon-del-cementerio-de-san-jose-recientemente-renovado\/\" \/>\n<meta property=\"og:locale\" content=\"es_ES\" \/>\n<meta property=\"og:type\" content=\"article\" \/>\n<meta property=\"og:title\" content=\"El Ayuntamiento recordar\u00e1 el jueves al violinista y compositor Pablo Sarasate en su pante\u00f3n del Cementerio de San Jos\u00e9 recientemente renovado\" \/>\n<meta property=\"og:description\" content=\"Como es costumbre el Consistorio enviar\u00e1 una corona de flores coincidiendo con el 1 de noviembre\" \/>\n<meta property=\"og:url\" content=\"https:\/\/www.laguiadepamplona.com\/actualidad\/el-ayuntamiento-recordara-el-jueves-al-violinista-y-compositor-pablo-sarasate-en-su-panteon-del-cementerio-de-san-jose-recientemente-renovado\/\" \/>\n<meta property=\"og:site_name\" content=\"La Gu\u00eda de Pamplona\" \/>\n<meta property=\"article:publisher\" content=\"https:\/\/www.facebook.com\/laguiadepamplonacom-133175176762273\/?ref=hl\" \/>\n<meta property=\"article:published_time\" content=\"2018-10-29T14:48:45+00:00\" \/>\n<meta property=\"og:image\" content=\"https:\/\/www.laguiadepamplona.com\/actualidad\/wp-content\/uploads\/2016\/12\/sarasate-cementerio.jpg\" \/>\n\t<meta property=\"og:image:width\" content=\"500\" \/>\n\t<meta property=\"og:image:height\" content=\"375\" \/>\n\t<meta property=\"og:image:type\" content=\"image\/jpeg\" \/>\n<meta name=\"author\" content=\"La Gu\u00eda de Pamplona\" \/>\n<meta name=\"twitter:card\" content=\"summary_large_image\" \/>\n<meta name=\"twitter:creator\" content=\"@LaGuiadPamplona\" \/>\n<meta name=\"twitter:site\" content=\"@LaGuiadPamplona\" \/>\n<meta name=\"twitter:label1\" content=\"Escrito por\" \/>\n\t<meta name=\"twitter:data1\" content=\"La Gu\u00eda de Pamplona\" \/>\n\t<meta name=\"twitter:label2\" content=\"Tiempo de lectura\" \/>\n\t<meta name=\"twitter:data2\" content=\"3 minutos\" \/>\n<script type=\"application\/ld+json\" class=\"yoast-schema-graph\">{\"@context\":\"https:\\\/\\\/schema.org\",\"@graph\":[{\"@type\":\"Article\",\"@id\":\"https:\\\/\\\/www.laguiadepamplona.com\\\/actualidad\\\/el-ayuntamiento-recordara-el-jueves-al-violinista-y-compositor-pablo-sarasate-en-su-panteon-del-cementerio-de-san-jose-recientemente-renovado\\\/#article\",\"isPartOf\":{\"@id\":\"https:\\\/\\\/www.laguiadepamplona.com\\\/actualidad\\\/el-ayuntamiento-recordara-el-jueves-al-violinista-y-compositor-pablo-sarasate-en-su-panteon-del-cementerio-de-san-jose-recientemente-renovado\\\/\"},\"author\":{\"name\":\"La Gu\u00eda de Pamplona\",\"@id\":\"https:\\\/\\\/www.laguiadepamplona.com\\\/actualidad\\\/#\\\/schema\\\/person\\\/efe887376f0213d4657c93adc50b1fdb\"},\"headline\":\"El Ayuntamiento recordar\u00e1 el jueves al violinista y compositor Pablo Sarasate en su pante\u00f3n del Cementerio de San Jos\u00e9 recientemente renovado\",\"datePublished\":\"2018-10-29T14:48:45+00:00\",\"mainEntityOfPage\":{\"@id\":\"https:\\\/\\\/www.laguiadepamplona.com\\\/actualidad\\\/el-ayuntamiento-recordara-el-jueves-al-violinista-y-compositor-pablo-sarasate-en-su-panteon-del-cementerio-de-san-jose-recientemente-renovado\\\/\"},\"wordCount\":532,\"commentCount\":0,\"publisher\":{\"@id\":\"https:\\\/\\\/www.laguiadepamplona.com\\\/actualidad\\\/#organization\"},\"image\":{\"@id\":\"https:\\\/\\\/www.laguiadepamplona.com\\\/actualidad\\\/el-ayuntamiento-recordara-el-jueves-al-violinista-y-compositor-pablo-sarasate-en-su-panteon-del-cementerio-de-san-jose-recientemente-renovado\\\/#primaryimage\"},\"thumbnailUrl\":\"https:\\\/\\\/www.laguiadepamplona.com\\\/actualidad\\\/wp-content\\\/uploads\\\/2016\\\/12\\\/sarasate-cementerio.jpg\",\"articleSection\":[\"Ayto Pamplona\"],\"inLanguage\":\"es\",\"potentialAction\":[{\"@type\":\"CommentAction\",\"name\":\"Comment\",\"target\":[\"https:\\\/\\\/www.laguiadepamplona.com\\\/actualidad\\\/el-ayuntamiento-recordara-el-jueves-al-violinista-y-compositor-pablo-sarasate-en-su-panteon-del-cementerio-de-san-jose-recientemente-renovado\\\/#respond\"]}]},{\"@type\":\"WebPage\",\"@id\":\"https:\\\/\\\/www.laguiadepamplona.com\\\/actualidad\\\/el-ayuntamiento-recordara-el-jueves-al-violinista-y-compositor-pablo-sarasate-en-su-panteon-del-cementerio-de-san-jose-recientemente-renovado\\\/\",\"url\":\"https:\\\/\\\/www.laguiadepamplona.com\\\/actualidad\\\/el-ayuntamiento-recordara-el-jueves-al-violinista-y-compositor-pablo-sarasate-en-su-panteon-del-cementerio-de-san-jose-recientemente-renovado\\\/\",\"name\":\"El Ayuntamiento recordar\u00e1 el jueves al violinista y compositor Pablo Sarasate en su pante\u00f3n del Cementerio de San Jos\u00e9 recientemente renovado\",\"isPartOf\":{\"@id\":\"https:\\\/\\\/www.laguiadepamplona.com\\\/actualidad\\\/#website\"},\"primaryImageOfPage\":{\"@id\":\"https:\\\/\\\/www.laguiadepamplona.com\\\/actualidad\\\/el-ayuntamiento-recordara-el-jueves-al-violinista-y-compositor-pablo-sarasate-en-su-panteon-del-cementerio-de-san-jose-recientemente-renovado\\\/#primaryimage\"},\"image\":{\"@id\":\"https:\\\/\\\/www.laguiadepamplona.com\\\/actualidad\\\/el-ayuntamiento-recordara-el-jueves-al-violinista-y-compositor-pablo-sarasate-en-su-panteon-del-cementerio-de-san-jose-recientemente-renovado\\\/#primaryimage\"},\"thumbnailUrl\":\"https:\\\/\\\/www.laguiadepamplona.com\\\/actualidad\\\/wp-content\\\/uploads\\\/2016\\\/12\\\/sarasate-cementerio.jpg\",\"datePublished\":\"2018-10-29T14:48:45+00:00\",\"breadcrumb\":{\"@id\":\"https:\\\/\\\/www.laguiadepamplona.com\\\/actualidad\\\/el-ayuntamiento-recordara-el-jueves-al-violinista-y-compositor-pablo-sarasate-en-su-panteon-del-cementerio-de-san-jose-recientemente-renovado\\\/#breadcrumb\"},\"inLanguage\":\"es\",\"potentialAction\":[{\"@type\":\"ReadAction\",\"target\":[\"https:\\\/\\\/www.laguiadepamplona.com\\\/actualidad\\\/el-ayuntamiento-recordara-el-jueves-al-violinista-y-compositor-pablo-sarasate-en-su-panteon-del-cementerio-de-san-jose-recientemente-renovado\\\/\"]}]},{\"@type\":\"ImageObject\",\"inLanguage\":\"es\",\"@id\":\"https:\\\/\\\/www.laguiadepamplona.com\\\/actualidad\\\/el-ayuntamiento-recordara-el-jueves-al-violinista-y-compositor-pablo-sarasate-en-su-panteon-del-cementerio-de-san-jose-recientemente-renovado\\\/#primaryimage\",\"url\":\"https:\\\/\\\/www.laguiadepamplona.com\\\/actualidad\\\/wp-content\\\/uploads\\\/2016\\\/12\\\/sarasate-cementerio.jpg\",\"contentUrl\":\"https:\\\/\\\/www.laguiadepamplona.com\\\/actualidad\\\/wp-content\\\/uploads\\\/2016\\\/12\\\/sarasate-cementerio.jpg\",\"width\":500,\"height\":375},{\"@type\":\"BreadcrumbList\",\"@id\":\"https:\\\/\\\/www.laguiadepamplona.com\\\/actualidad\\\/el-ayuntamiento-recordara-el-jueves-al-violinista-y-compositor-pablo-sarasate-en-su-panteon-del-cementerio-de-san-jose-recientemente-renovado\\\/#breadcrumb\",\"itemListElement\":[{\"@type\":\"ListItem\",\"position\":1,\"name\":\"Portada\",\"item\":\"https:\\\/\\\/www.laguiadepamplona.com\\\/actualidad\\\/\"},{\"@type\":\"ListItem\",\"position\":2,\"name\":\"El Ayuntamiento recordar\u00e1 el jueves al violinista y compositor Pablo Sarasate en su pante\u00f3n del Cementerio de San Jos\u00e9 recientemente renovado\"}]},{\"@type\":\"WebSite\",\"@id\":\"https:\\\/\\\/www.laguiadepamplona.com\\\/actualidad\\\/#website\",\"url\":\"https:\\\/\\\/www.laguiadepamplona.com\\\/actualidad\\\/\",\"name\":\"La gu\u00eda de Pamplona\",\"description\":\"Noticias de Pamplona\",\"publisher\":{\"@id\":\"https:\\\/\\\/www.laguiadepamplona.com\\\/actualidad\\\/#organization\"},\"potentialAction\":[{\"@type\":\"SearchAction\",\"target\":{\"@type\":\"EntryPoint\",\"urlTemplate\":\"https:\\\/\\\/www.laguiadepamplona.com\\\/actualidad\\\/?s={search_term_string}\"},\"query-input\":{\"@type\":\"PropertyValueSpecification\",\"valueRequired\":true,\"valueName\":\"search_term_string\"}}],\"inLanguage\":\"es\"},{\"@type\":\"Organization\",\"@id\":\"https:\\\/\\\/www.laguiadepamplona.com\\\/actualidad\\\/#organization\",\"name\":\"La Gu\u00eda de Pamplona \\\/ Noticias\",\"url\":\"https:\\\/\\\/www.laguiadepamplona.com\\\/actualidad\\\/\",\"logo\":{\"@type\":\"ImageObject\",\"inLanguage\":\"es\",\"@id\":\"https:\\\/\\\/www.laguiadepamplona.com\\\/actualidad\\\/#\\\/schema\\\/logo\\\/image\\\/\",\"url\":\"https:\\\/\\\/www.laguiadepamplona.com\\\/actualidad\\\/wp-content\\\/uploads\\\/2018\\\/11\\\/logo-laguiadepamplona18-web1.png\",\"contentUrl\":\"https:\\\/\\\/www.laguiadepamplona.com\\\/actualidad\\\/wp-content\\\/uploads\\\/2018\\\/11\\\/logo-laguiadepamplona18-web1.png\",\"width\":600,\"height\":196,\"caption\":\"La Gu\u00eda de Pamplona \\\/ Noticias\"},\"image\":{\"@id\":\"https:\\\/\\\/www.laguiadepamplona.com\\\/actualidad\\\/#\\\/schema\\\/logo\\\/image\\\/\"},\"sameAs\":[\"https:\\\/\\\/www.facebook.com\\\/laguiadepamplonacom-133175176762273\\\/?ref=hl\",\"https:\\\/\\\/x.com\\\/LaGuiadPamplona\",\"https:\\\/\\\/www.instagram.com\\\/la_guia_de_pamplona\\\/\",\"https:\\\/\\\/www.youtube.com\\\/user\\\/laguiadepamplona\"]},{\"@type\":\"Person\",\"@id\":\"https:\\\/\\\/www.laguiadepamplona.com\\\/actualidad\\\/#\\\/schema\\\/person\\\/efe887376f0213d4657c93adc50b1fdb\",\"name\":\"La Gu\u00eda de Pamplona\",\"image\":{\"@type\":\"ImageObject\",\"inLanguage\":\"es\",\"@id\":\"https:\\\/\\\/secure.gravatar.com\\\/avatar\\\/b6992f131dc8d30ab0dff15446e9d346d9dbd95992de0fef795073f5ea83a81c?s=96&d=mm&r=g\",\"url\":\"https:\\\/\\\/secure.gravatar.com\\\/avatar\\\/b6992f131dc8d30ab0dff15446e9d346d9dbd95992de0fef795073f5ea83a81c?s=96&d=mm&r=g\",\"contentUrl\":\"https:\\\/\\\/secure.gravatar.com\\\/avatar\\\/b6992f131dc8d30ab0dff15446e9d346d9dbd95992de0fef795073f5ea83a81c?s=96&d=mm&r=g\",\"caption\":\"La Gu\u00eda de Pamplona\"}}]}<\/script>\n<!-- \/ Yoast SEO plugin. -->","yoast_head_json":{"title":"El Ayuntamiento recordar\u00e1 el jueves al violinista y compositor Pablo Sarasate en su pante\u00f3n del Cementerio de San Jos\u00e9 recientemente renovado","robots":{"index":"index","follow":"follow","max-snippet":"max-snippet:-1","max-image-preview":"max-image-preview:large","max-video-preview":"max-video-preview:-1"},"canonical":"https:\/\/www.laguiadepamplona.com\/actualidad\/el-ayuntamiento-recordara-el-jueves-al-violinista-y-compositor-pablo-sarasate-en-su-panteon-del-cementerio-de-san-jose-recientemente-renovado\/","og_locale":"es_ES","og_type":"article","og_title":"El Ayuntamiento recordar\u00e1 el jueves al violinista y compositor Pablo Sarasate en su pante\u00f3n del Cementerio de San Jos\u00e9 recientemente renovado","og_description":"Como es costumbre el Consistorio enviar\u00e1 una corona de flores coincidiendo con el 1 de noviembre","og_url":"https:\/\/www.laguiadepamplona.com\/actualidad\/el-ayuntamiento-recordara-el-jueves-al-violinista-y-compositor-pablo-sarasate-en-su-panteon-del-cementerio-de-san-jose-recientemente-renovado\/","og_site_name":"La Gu\u00eda de Pamplona","article_publisher":"https:\/\/www.facebook.com\/laguiadepamplonacom-133175176762273\/?ref=hl","article_published_time":"2018-10-29T14:48:45+00:00","og_image":[{"width":500,"height":375,"url":"https:\/\/www.laguiadepamplona.com\/actualidad\/wp-content\/uploads\/2016\/12\/sarasate-cementerio.jpg","type":"image\/jpeg"}],"author":"La Gu\u00eda de Pamplona","twitter_card":"summary_large_image","twitter_creator":"@LaGuiadPamplona","twitter_site":"@LaGuiadPamplona","twitter_misc":{"Escrito por":"La Gu\u00eda de Pamplona","Tiempo de lectura":"3 minutos"},"schema":{"@context":"https:\/\/schema.org","@graph":[{"@type":"Article","@id":"https:\/\/www.laguiadepamplona.com\/actualidad\/el-ayuntamiento-recordara-el-jueves-al-violinista-y-compositor-pablo-sarasate-en-su-panteon-del-cementerio-de-san-jose-recientemente-renovado\/#article","isPartOf":{"@id":"https:\/\/www.laguiadepamplona.com\/actualidad\/el-ayuntamiento-recordara-el-jueves-al-violinista-y-compositor-pablo-sarasate-en-su-panteon-del-cementerio-de-san-jose-recientemente-renovado\/"},"author":{"name":"La Gu\u00eda de Pamplona","@id":"https:\/\/www.laguiadepamplona.com\/actualidad\/#\/schema\/person\/efe887376f0213d4657c93adc50b1fdb"},"headline":"El Ayuntamiento recordar\u00e1 el jueves al violinista y compositor Pablo Sarasate en su pante\u00f3n del Cementerio de San Jos\u00e9 recientemente renovado","datePublished":"2018-10-29T14:48:45+00:00","mainEntityOfPage":{"@id":"https:\/\/www.laguiadepamplona.com\/actualidad\/el-ayuntamiento-recordara-el-jueves-al-violinista-y-compositor-pablo-sarasate-en-su-panteon-del-cementerio-de-san-jose-recientemente-renovado\/"},"wordCount":532,"commentCount":0,"publisher":{"@id":"https:\/\/www.laguiadepamplona.com\/actualidad\/#organization"},"image":{"@id":"https:\/\/www.laguiadepamplona.com\/actualidad\/el-ayuntamiento-recordara-el-jueves-al-violinista-y-compositor-pablo-sarasate-en-su-panteon-del-cementerio-de-san-jose-recientemente-renovado\/#primaryimage"},"thumbnailUrl":"https:\/\/www.laguiadepamplona.com\/actualidad\/wp-content\/uploads\/2016\/12\/sarasate-cementerio.jpg","articleSection":["Ayto Pamplona"],"inLanguage":"es","potentialAction":[{"@type":"CommentAction","name":"Comment","target":["https:\/\/www.laguiadepamplona.com\/actualidad\/el-ayuntamiento-recordara-el-jueves-al-violinista-y-compositor-pablo-sarasate-en-su-panteon-del-cementerio-de-san-jose-recientemente-renovado\/#respond"]}]},{"@type":"WebPage","@id":"https:\/\/www.laguiadepamplona.com\/actualidad\/el-ayuntamiento-recordara-el-jueves-al-violinista-y-compositor-pablo-sarasate-en-su-panteon-del-cementerio-de-san-jose-recientemente-renovado\/","url":"https:\/\/www.laguiadepamplona.com\/actualidad\/el-ayuntamiento-recordara-el-jueves-al-violinista-y-compositor-pablo-sarasate-en-su-panteon-del-cementerio-de-san-jose-recientemente-renovado\/","name":"El Ayuntamiento recordar\u00e1 el jueves al violinista y compositor Pablo Sarasate en su pante\u00f3n del Cementerio de San Jos\u00e9 recientemente renovado","isPartOf":{"@id":"https:\/\/www.laguiadepamplona.com\/actualidad\/#website"},"primaryImageOfPage":{"@id":"https:\/\/www.laguiadepamplona.com\/actualidad\/el-ayuntamiento-recordara-el-jueves-al-violinista-y-compositor-pablo-sarasate-en-su-panteon-del-cementerio-de-san-jose-recientemente-renovado\/#primaryimage"},"image":{"@id":"https:\/\/www.laguiadepamplona.com\/actualidad\/el-ayuntamiento-recordara-el-jueves-al-violinista-y-compositor-pablo-sarasate-en-su-panteon-del-cementerio-de-san-jose-recientemente-renovado\/#primaryimage"},"thumbnailUrl":"https:\/\/www.laguiadepamplona.com\/actualidad\/wp-content\/uploads\/2016\/12\/sarasate-cementerio.jpg","datePublished":"2018-10-29T14:48:45+00:00","breadcrumb":{"@id":"https:\/\/www.laguiadepamplona.com\/actualidad\/el-ayuntamiento-recordara-el-jueves-al-violinista-y-compositor-pablo-sarasate-en-su-panteon-del-cementerio-de-san-jose-recientemente-renovado\/#breadcrumb"},"inLanguage":"es","potentialAction":[{"@type":"ReadAction","target":["https:\/\/www.laguiadepamplona.com\/actualidad\/el-ayuntamiento-recordara-el-jueves-al-violinista-y-compositor-pablo-sarasate-en-su-panteon-del-cementerio-de-san-jose-recientemente-renovado\/"]}]},{"@type":"ImageObject","inLanguage":"es","@id":"https:\/\/www.laguiadepamplona.com\/actualidad\/el-ayuntamiento-recordara-el-jueves-al-violinista-y-compositor-pablo-sarasate-en-su-panteon-del-cementerio-de-san-jose-recientemente-renovado\/#primaryimage","url":"https:\/\/www.laguiadepamplona.com\/actualidad\/wp-content\/uploads\/2016\/12\/sarasate-cementerio.jpg","contentUrl":"https:\/\/www.laguiadepamplona.com\/actualidad\/wp-content\/uploads\/2016\/12\/sarasate-cementerio.jpg","width":500,"height":375},{"@type":"BreadcrumbList","@id":"https:\/\/www.laguiadepamplona.com\/actualidad\/el-ayuntamiento-recordara-el-jueves-al-violinista-y-compositor-pablo-sarasate-en-su-panteon-del-cementerio-de-san-jose-recientemente-renovado\/#breadcrumb","itemListElement":[{"@type":"ListItem","position":1,"name":"Portada","item":"https:\/\/www.laguiadepamplona.com\/actualidad\/"},{"@type":"ListItem","position":2,"name":"El Ayuntamiento recordar\u00e1 el jueves al violinista y compositor Pablo Sarasate en su pante\u00f3n del Cementerio de San Jos\u00e9 recientemente renovado"}]},{"@type":"WebSite","@id":"https:\/\/www.laguiadepamplona.com\/actualidad\/#website","url":"https:\/\/www.laguiadepamplona.com\/actualidad\/","name":"La gu\u00eda de Pamplona","description":"Noticias de Pamplona","publisher":{"@id":"https:\/\/www.laguiadepamplona.com\/actualidad\/#organization"},"potentialAction":[{"@type":"SearchAction","target":{"@type":"EntryPoint","urlTemplate":"https:\/\/www.laguiadepamplona.com\/actualidad\/?s={search_term_string}"},"query-input":{"@type":"PropertyValueSpecification","valueRequired":true,"valueName":"search_term_string"}}],"inLanguage":"es"},{"@type":"Organization","@id":"https:\/\/www.laguiadepamplona.com\/actualidad\/#organization","name":"La Gu\u00eda de Pamplona \/ Noticias","url":"https:\/\/www.laguiadepamplona.com\/actualidad\/","logo":{"@type":"ImageObject","inLanguage":"es","@id":"https:\/\/www.laguiadepamplona.com\/actualidad\/#\/schema\/logo\/image\/","url":"https:\/\/www.laguiadepamplona.com\/actualidad\/wp-content\/uploads\/2018\/11\/logo-laguiadepamplona18-web1.png","contentUrl":"https:\/\/www.laguiadepamplona.com\/actualidad\/wp-content\/uploads\/2018\/11\/logo-laguiadepamplona18-web1.png","width":600,"height":196,"caption":"La Gu\u00eda de Pamplona \/ Noticias"},"image":{"@id":"https:\/\/www.laguiadepamplona.com\/actualidad\/#\/schema\/logo\/image\/"},"sameAs":["https:\/\/www.facebook.com\/laguiadepamplonacom-133175176762273\/?ref=hl","https:\/\/x.com\/LaGuiadPamplona","https:\/\/www.instagram.com\/la_guia_de_pamplona\/","https:\/\/www.youtube.com\/user\/laguiadepamplona"]},{"@type":"Person","@id":"https:\/\/www.laguiadepamplona.com\/actualidad\/#\/schema\/person\/efe887376f0213d4657c93adc50b1fdb","name":"La Gu\u00eda de Pamplona","image":{"@type":"ImageObject","inLanguage":"es","@id":"https:\/\/secure.gravatar.com\/avatar\/b6992f131dc8d30ab0dff15446e9d346d9dbd95992de0fef795073f5ea83a81c?s=96&d=mm&r=g","url":"https:\/\/secure.gravatar.com\/avatar\/b6992f131dc8d30ab0dff15446e9d346d9dbd95992de0fef795073f5ea83a81c?s=96&d=mm&r=g","contentUrl":"https:\/\/secure.gravatar.com\/avatar\/b6992f131dc8d30ab0dff15446e9d346d9dbd95992de0fef795073f5ea83a81c?s=96&d=mm&r=g","caption":"La Gu\u00eda de Pamplona"}}]}},"post_mailing_queue_ids":[],"_links":{"self":[{"href":"https:\/\/www.laguiadepamplona.com\/actualidad\/wp-json\/wp\/v2\/posts\/19191","targetHints":{"allow":["GET"]}}],"collection":[{"href":"https:\/\/www.laguiadepamplona.com\/actualidad\/wp-json\/wp\/v2\/posts"}],"about":[{"href":"https:\/\/www.laguiadepamplona.com\/actualidad\/wp-json\/wp\/v2\/types\/post"}],"author":[{"embeddable":true,"href":"https:\/\/www.laguiadepamplona.com\/actualidad\/wp-json\/wp\/v2\/users\/1"}],"replies":[{"embeddable":true,"href":"https:\/\/www.laguiadepamplona.com\/actualidad\/wp-json\/wp\/v2\/comments?post=19191"}],"version-history":[{"count":0,"href":"https:\/\/www.laguiadepamplona.com\/actualidad\/wp-json\/wp\/v2\/posts\/19191\/revisions"}],"wp:featuredmedia":[{"embeddable":true,"href":"https:\/\/www.laguiadepamplona.com\/actualidad\/wp-json\/wp\/v2\/media\/10999"}],"wp:attachment":[{"href":"https:\/\/www.laguiadepamplona.com\/actualidad\/wp-json\/wp\/v2\/media?parent=19191"}],"wp:term":[{"taxonomy":"category","embeddable":true,"href":"https:\/\/www.laguiadepamplona.com\/actualidad\/wp-json\/wp\/v2\/categories?post=19191"},{"taxonomy":"post_tag","embeddable":true,"href":"https:\/\/www.laguiadepamplona.com\/actualidad\/wp-json\/wp\/v2\/tags?post=19191"}],"curies":[{"name":"wp","href":"https:\/\/api.w.org\/{rel}","templated":true}]}}