{"id":19189,"date":"2018-10-29T16:46:06","date_gmt":"2018-10-29T14:46:06","guid":{"rendered":"https:\/\/www.laguiadepamplona.es\/actualidad\/?p=19189"},"modified":"2018-10-29T16:46:06","modified_gmt":"2018-10-29T14:46:06","slug":"el-quinto-huerto-urbano-de-pamplona-se-situara-en-la-rochapea-en-la-calle-cruz-de-barkazio","status":"publish","type":"post","link":"https:\/\/www.laguiadepamplona.com\/actualidad\/el-quinto-huerto-urbano-de-pamplona-se-situara-en-la-rochapea-en-la-calle-cruz-de-barkazio\/","title":{"rendered":"El quinto huerto urbano de Pamplona se situar\u00e1 en la Rochapea, en la calle Cruz de Barkazio"},"content":{"rendered":"<h2>Gerencia de Urbanismo conocer\u00e1 el mi\u00e9rcoles la convocatoria para la adjudicaci\u00f3n de la licencia de uso de este espacio<\/h2>\n<p><!--more--><\/p>\n<p>Pamplona contar\u00e1 con un quinto huerto urbano que se ubicar\u00e1 en el barrio de la Rochapea, en concreto en la calle Cruz de Barkazio junto a la U.D.C. Rochapea sobre una superficie de 1.160 m<sup>2<\/sup>. Llegar\u00e1 tras los impulsados en Caso Antiguo, Txantrea, San Juan y Mendebaldea-Ermitaga\u00f1a. Ser\u00e1 un espacio para la pr\u00e1ctica de la agricultura ecol\u00f3gica que conllevar\u00e1 un uso racional del agua en el riego, el compostado de los restos vegetales generados o la prohibici\u00f3n de dar de comer o cobijar a animales dom\u00e9sticos o asilvestrados. Se cultivar\u00e1n exclusivamente hortalizas, flores y arbustos arom\u00e1ticos.<\/p>\n<p>El consejo de Gerencia de Urbanismo conocer\u00e1 el mi\u00e9rcoles, 31 de octubre, la convocatoria para la adjudicaci\u00f3n de la licencia de uso de este espacio que se realizar\u00e1 mediante convocatoria p\u00fablica aprobada en Junta de Gobierno Local. El Ayuntamiento de Pamplona ha regulado un procedimiento de adjudicaci\u00f3n de la licencia de uso de esa parcela como huerto urbano, al igual que se hizo para los otros huertos urbanos, tras la solicitud recibida de la Asociaci\u00f3n Mendialdea.<\/p>\n<p>En ese procedimiento quienes deseen concurrir a esta convocatoria deber\u00e1n ser personas jur\u00eddicas sin \u00e1nimo de lucro con capacidad para garantizar la gesti\u00f3n, con plena capacidad para obrar y no deber\u00e1n estar incursas en las prohibiciones para contratar contenidas en la Ley Foral 6\/2006. Para ello, se presentar\u00e1 declaraci\u00f3n jurada en la instancia de solicitud de participaci\u00f3n. Adem\u00e1s, no deben tener deudas con el Ayuntamiento de Pamplona en periodo ejecutivo, por lo que no se adjudicar\u00e1 la licencia a personas que las tengan. Por \u00faltimo, la asociaci\u00f3n deber\u00e1 figurar inscrita en el Registro de Asociaciones del Gobierno de Navarra.<\/p>\n<p><strong>Uso regulado en horario y funcionamiento<\/strong><\/p>\n<p>El Ayuntamiento de Pamplona ha establecido unas condiciones de uso y funcionamiento del futuro huerto ecol\u00f3gico de Rochapea similar a las del resto huertos urbanos. Su horario ser\u00e1, en principio, de 9 a 20 horas en el periodo comprendido entre el 1 de noviembre y el 31 de marzo; y de 9 a 22 horas el resto del a\u00f1o. Fuera de ese horario se proh\u00edbe el acceso a la parcela, salvo causa justificada y mediante autorizaci\u00f3n expresa del Ayuntamiento. El espacio se dedicar\u00e1 exclusivamente al uso hort\u00edcola y social \u2013 comunitario. Por tanto, no se podr\u00e1 realizar en el espacio cedido ning\u00fan tipo de publicidad mercantil, ni propia ni de terceros, salvo autorizaci\u00f3n municipal.<\/p>\n<p>La entidad adjudicataria deber\u00e1 realizar una planificaci\u00f3n anual de los cultivos que incluya al menos las variedades a cultivar, la ubicaci\u00f3n y un cronograma aproximado de tareas a llevar a cabo para cada variedad. Asimismo, se llevar\u00e1 un control de las principales tareas realizadas en el huerto (siembra, plantaci\u00f3n, abonado, podas&#8230;) y un control especial sobre la cosecha y sobre las enfermedades y plagas e incidencias meteorol\u00f3gicas (descripci\u00f3n, fecha, tratamiento aplicado&#8230;)<\/p>\n<p>Se debe permitir el libre acceso al huerto a personas interesadas en visitarlo en el horario de uso establecido, as\u00ed como de las personas que deseen participar en las actividades educativas o culturales que se programen. La entidad adjudicataria deber\u00e1 hacerse cargo de la limpieza y del mantenimiento del espacio; conservar correctamente y devolver, cuando finalice la cesi\u00f3n, todos los elementos aportados por el Ayuntamiento; y no causar molestias al vecindario ni perturbar la tranquilidad de la zona durante los horarios de utilizaci\u00f3n del espacio cedido.<\/p>\n<p><strong>No se permitir\u00e1n construcciones ancladas al suelo<\/strong><\/p>\n<p>Todas las actuaciones que requieran alg\u00fan tipo de construcci\u00f3n ser\u00e1n temporales y, por lo tanto, no ancladas el suelo. Entre ellas se incluyen los bancales, bancos, casetas de aperos y setos. En el caso de los elementos vegetales, entre ellos los setos, se colocar\u00e1n en jardineras y bancales, pero no directamente al suelo.<\/p>\n<p>El Ayuntamiento de Pamplona, por su parte, proporcionar\u00e1 la acometida de agua y la instalaci\u00f3n del sistema de riego, as\u00ed como la toma de electricidad necesaria para la maquinaria que se utilice en el momento de establecimiento del huerto. El aprovechamiento del espacio ser\u00e1 p\u00fablico para todo el mundo, pero se considera necesario vallarlo para evitar vandalismo. El cierre lo llevar\u00e1 a cabo el Ayuntamiento, que estudiar\u00e1 el modo m\u00e1s adecuado al entorno.<\/p>\n<p>&nbsp;<\/p>\n<p><strong>Huertos urbanos comunitarios<\/strong><\/p>\n<ul>\n<li><strong>Casco Antiguo<\/strong><\/li>\n<\/ul>\n<p>Lugar: Rinc\u00f3n de Pellejer\u00edas<\/p>\n<p>Adjudicado: Asociaci\u00f3n La Piparrika<\/p>\n<p>\u00c1rea: 1.014 metros cuadrados. Per\u00edmetro: 130 metros<\/p>\n<p>En marcha.<\/p>\n<ul>\n<li><strong>Txantrea<\/strong><\/li>\n<\/ul>\n<p>Lugar: Calle Padre Ado\u00e1in<\/p>\n<p>Adjudicado: Asociaci\u00f3n Krispilak<\/p>\n<p>\u00c1rea: 1.140 metros cuadrados. Per\u00edmetro: 136 metros<\/p>\n<p>En marcha, un bancal construido.<\/p>\n<ul>\n<li><strong>San Juan<\/strong><\/li>\n<\/ul>\n<p>Lugar: Plaza Monasterio de Iranzu<\/p>\n<p>Adjudicado: Asociaci\u00f3n San Juan Xar<\/p>\n<p>\u00c1rea: 371 metros cuadrados. Per\u00edmetro: 81 metros<\/p>\n<p>Pendiente de inicio<\/p>\n<ul>\n<li><strong>Mendebaldea-Ermitaga\u00f1a<\/strong><\/li>\n<\/ul>\n<p>Lugar: Calle Arcadio M\u00aa Larraona-Paseo Antonio P\u00e9rez de Goyena (lateral Biblioteca General de Navarra)<\/p>\n<p>Solicita: Asociaci\u00f3n Ermitaldea<\/p>\n<p>\u00c1rea: 2.152,41 metros cuadrados. Per\u00edmetro: 211 metros.<\/p>\n<p>Pr\u00f3xima convocatoria<\/p>\n<ul>\n<li><strong>Rotxapea<\/strong><\/li>\n<\/ul>\n<p>Lugar: Calle Cruz de Barkazio<\/p>\n<p>Solicita: Asociaci\u00f3n Mendialdea<\/p>\n<p>\u00c1rea: 1.160 metros cuadrados. Per\u00edmetro: 153 metros<\/p>\n<p>Pendiente de convocatoria<\/p>\n<p>&nbsp;<\/p>\n","protected":false},"excerpt":{"rendered":"<p>Gerencia de Urbanismo conocer\u00e1 el mi\u00e9rcoles la convocatoria para la adjudicaci\u00f3n de la licencia de uso de este espacio<\/p>\n","protected":false},"author":1,"featured_media":18719,"comment_status":"open","ping_status":"closed","sticky":false,"template":"","format":"standard","meta":{"footnotes":""},"categories":[2],"tags":[],"class_list":["post-19189","post","type-post","status-publish","format-standard","has-post-thumbnail","hentry","category-ayuntamiento-pamplona"],"yoast_head":"<!-- This site is optimized with the Yoast SEO plugin v27.3 - https:\/\/yoast.com\/product\/yoast-seo-wordpress\/ -->\n<title>El quinto huerto urbano de Pamplona se situar\u00e1 en la Rochapea, en la calle Cruz de Barkazio<\/title>\n<meta name=\"robots\" content=\"index, follow, max-snippet:-1, max-image-preview:large, max-video-preview:-1\" \/>\n<link rel=\"canonical\" href=\"https:\/\/www.laguiadepamplona.com\/actualidad\/el-quinto-huerto-urbano-de-pamplona-se-situara-en-la-rochapea-en-la-calle-cruz-de-barkazio\/\" \/>\n<meta property=\"og:locale\" content=\"es_ES\" \/>\n<meta property=\"og:type\" content=\"article\" \/>\n<meta property=\"og:title\" content=\"El quinto huerto urbano de Pamplona se situar\u00e1 en la Rochapea, en la calle Cruz de Barkazio\" \/>\n<meta property=\"og:description\" content=\"Gerencia de Urbanismo conocer\u00e1 el mi\u00e9rcoles la convocatoria para la adjudicaci\u00f3n de la licencia de uso de este espacio\" \/>\n<meta property=\"og:url\" content=\"https:\/\/www.laguiadepamplona.com\/actualidad\/el-quinto-huerto-urbano-de-pamplona-se-situara-en-la-rochapea-en-la-calle-cruz-de-barkazio\/\" \/>\n<meta property=\"og:site_name\" content=\"La Gu\u00eda de Pamplona\" \/>\n<meta property=\"article:publisher\" content=\"https:\/\/www.facebook.com\/laguiadepamplonacom-133175176762273\/?ref=hl\" \/>\n<meta property=\"article:published_time\" content=\"2018-10-29T14:46:06+00:00\" \/>\n<meta property=\"og:image\" content=\"https:\/\/www.laguiadepamplona.com\/actualidad\/wp-content\/uploads\/2018\/09\/huerto-urbano-san-juan.jpg\" \/>\n\t<meta property=\"og:image:width\" content=\"1000\" \/>\n\t<meta property=\"og:image:height\" content=\"750\" \/>\n\t<meta property=\"og:image:type\" content=\"image\/jpeg\" \/>\n<meta name=\"author\" content=\"La Gu\u00eda de Pamplona\" \/>\n<meta name=\"twitter:card\" content=\"summary_large_image\" \/>\n<meta name=\"twitter:creator\" content=\"@LaGuiadPamplona\" \/>\n<meta name=\"twitter:site\" content=\"@LaGuiadPamplona\" \/>\n<meta name=\"twitter:label1\" content=\"Escrito por\" \/>\n\t<meta name=\"twitter:data1\" content=\"La Gu\u00eda de Pamplona\" \/>\n\t<meta name=\"twitter:label2\" content=\"Tiempo de lectura\" \/>\n\t<meta name=\"twitter:data2\" content=\"4 minutos\" \/>\n<script type=\"application\/ld+json\" class=\"yoast-schema-graph\">{\"@context\":\"https:\\\/\\\/schema.org\",\"@graph\":[{\"@type\":\"Article\",\"@id\":\"https:\\\/\\\/www.laguiadepamplona.com\\\/actualidad\\\/el-quinto-huerto-urbano-de-pamplona-se-situara-en-la-rochapea-en-la-calle-cruz-de-barkazio\\\/#article\",\"isPartOf\":{\"@id\":\"https:\\\/\\\/www.laguiadepamplona.com\\\/actualidad\\\/el-quinto-huerto-urbano-de-pamplona-se-situara-en-la-rochapea-en-la-calle-cruz-de-barkazio\\\/\"},\"author\":{\"name\":\"La Gu\u00eda de Pamplona\",\"@id\":\"https:\\\/\\\/www.laguiadepamplona.com\\\/actualidad\\\/#\\\/schema\\\/person\\\/efe887376f0213d4657c93adc50b1fdb\"},\"headline\":\"El quinto huerto urbano de Pamplona se situar\u00e1 en la Rochapea, en la calle Cruz de Barkazio\",\"datePublished\":\"2018-10-29T14:46:06+00:00\",\"mainEntityOfPage\":{\"@id\":\"https:\\\/\\\/www.laguiadepamplona.com\\\/actualidad\\\/el-quinto-huerto-urbano-de-pamplona-se-situara-en-la-rochapea-en-la-calle-cruz-de-barkazio\\\/\"},\"wordCount\":871,\"commentCount\":0,\"publisher\":{\"@id\":\"https:\\\/\\\/www.laguiadepamplona.com\\\/actualidad\\\/#organization\"},\"image\":{\"@id\":\"https:\\\/\\\/www.laguiadepamplona.com\\\/actualidad\\\/el-quinto-huerto-urbano-de-pamplona-se-situara-en-la-rochapea-en-la-calle-cruz-de-barkazio\\\/#primaryimage\"},\"thumbnailUrl\":\"https:\\\/\\\/www.laguiadepamplona.com\\\/actualidad\\\/wp-content\\\/uploads\\\/2018\\\/09\\\/huerto-urbano-san-juan.jpg\",\"articleSection\":[\"Ayto Pamplona\"],\"inLanguage\":\"es\",\"potentialAction\":[{\"@type\":\"CommentAction\",\"name\":\"Comment\",\"target\":[\"https:\\\/\\\/www.laguiadepamplona.com\\\/actualidad\\\/el-quinto-huerto-urbano-de-pamplona-se-situara-en-la-rochapea-en-la-calle-cruz-de-barkazio\\\/#respond\"]}]},{\"@type\":\"WebPage\",\"@id\":\"https:\\\/\\\/www.laguiadepamplona.com\\\/actualidad\\\/el-quinto-huerto-urbano-de-pamplona-se-situara-en-la-rochapea-en-la-calle-cruz-de-barkazio\\\/\",\"url\":\"https:\\\/\\\/www.laguiadepamplona.com\\\/actualidad\\\/el-quinto-huerto-urbano-de-pamplona-se-situara-en-la-rochapea-en-la-calle-cruz-de-barkazio\\\/\",\"name\":\"El quinto huerto urbano de Pamplona se situar\u00e1 en la Rochapea, en la calle Cruz de Barkazio\",\"isPartOf\":{\"@id\":\"https:\\\/\\\/www.laguiadepamplona.com\\\/actualidad\\\/#website\"},\"primaryImageOfPage\":{\"@id\":\"https:\\\/\\\/www.laguiadepamplona.com\\\/actualidad\\\/el-quinto-huerto-urbano-de-pamplona-se-situara-en-la-rochapea-en-la-calle-cruz-de-barkazio\\\/#primaryimage\"},\"image\":{\"@id\":\"https:\\\/\\\/www.laguiadepamplona.com\\\/actualidad\\\/el-quinto-huerto-urbano-de-pamplona-se-situara-en-la-rochapea-en-la-calle-cruz-de-barkazio\\\/#primaryimage\"},\"thumbnailUrl\":\"https:\\\/\\\/www.laguiadepamplona.com\\\/actualidad\\\/wp-content\\\/uploads\\\/2018\\\/09\\\/huerto-urbano-san-juan.jpg\",\"datePublished\":\"2018-10-29T14:46:06+00:00\",\"breadcrumb\":{\"@id\":\"https:\\\/\\\/www.laguiadepamplona.com\\\/actualidad\\\/el-quinto-huerto-urbano-de-pamplona-se-situara-en-la-rochapea-en-la-calle-cruz-de-barkazio\\\/#breadcrumb\"},\"inLanguage\":\"es\",\"potentialAction\":[{\"@type\":\"ReadAction\",\"target\":[\"https:\\\/\\\/www.laguiadepamplona.com\\\/actualidad\\\/el-quinto-huerto-urbano-de-pamplona-se-situara-en-la-rochapea-en-la-calle-cruz-de-barkazio\\\/\"]}]},{\"@type\":\"ImageObject\",\"inLanguage\":\"es\",\"@id\":\"https:\\\/\\\/www.laguiadepamplona.com\\\/actualidad\\\/el-quinto-huerto-urbano-de-pamplona-se-situara-en-la-rochapea-en-la-calle-cruz-de-barkazio\\\/#primaryimage\",\"url\":\"https:\\\/\\\/www.laguiadepamplona.com\\\/actualidad\\\/wp-content\\\/uploads\\\/2018\\\/09\\\/huerto-urbano-san-juan.jpg\",\"contentUrl\":\"https:\\\/\\\/www.laguiadepamplona.com\\\/actualidad\\\/wp-content\\\/uploads\\\/2018\\\/09\\\/huerto-urbano-san-juan.jpg\",\"width\":1000,\"height\":750},{\"@type\":\"BreadcrumbList\",\"@id\":\"https:\\\/\\\/www.laguiadepamplona.com\\\/actualidad\\\/el-quinto-huerto-urbano-de-pamplona-se-situara-en-la-rochapea-en-la-calle-cruz-de-barkazio\\\/#breadcrumb\",\"itemListElement\":[{\"@type\":\"ListItem\",\"position\":1,\"name\":\"Portada\",\"item\":\"https:\\\/\\\/www.laguiadepamplona.com\\\/actualidad\\\/\"},{\"@type\":\"ListItem\",\"position\":2,\"name\":\"El quinto huerto urbano de Pamplona se situar\u00e1 en la Rochapea, en la calle Cruz de Barkazio\"}]},{\"@type\":\"WebSite\",\"@id\":\"https:\\\/\\\/www.laguiadepamplona.com\\\/actualidad\\\/#website\",\"url\":\"https:\\\/\\\/www.laguiadepamplona.com\\\/actualidad\\\/\",\"name\":\"La gu\u00eda de Pamplona\",\"description\":\"Noticias de Pamplona\",\"publisher\":{\"@id\":\"https:\\\/\\\/www.laguiadepamplona.com\\\/actualidad\\\/#organization\"},\"potentialAction\":[{\"@type\":\"SearchAction\",\"target\":{\"@type\":\"EntryPoint\",\"urlTemplate\":\"https:\\\/\\\/www.laguiadepamplona.com\\\/actualidad\\\/?s={search_term_string}\"},\"query-input\":{\"@type\":\"PropertyValueSpecification\",\"valueRequired\":true,\"valueName\":\"search_term_string\"}}],\"inLanguage\":\"es\"},{\"@type\":\"Organization\",\"@id\":\"https:\\\/\\\/www.laguiadepamplona.com\\\/actualidad\\\/#organization\",\"name\":\"La Gu\u00eda de Pamplona \\\/ Noticias\",\"url\":\"https:\\\/\\\/www.laguiadepamplona.com\\\/actualidad\\\/\",\"logo\":{\"@type\":\"ImageObject\",\"inLanguage\":\"es\",\"@id\":\"https:\\\/\\\/www.laguiadepamplona.com\\\/actualidad\\\/#\\\/schema\\\/logo\\\/image\\\/\",\"url\":\"https:\\\/\\\/www.laguiadepamplona.com\\\/actualidad\\\/wp-content\\\/uploads\\\/2018\\\/11\\\/logo-laguiadepamplona18-web1.png\",\"contentUrl\":\"https:\\\/\\\/www.laguiadepamplona.com\\\/actualidad\\\/wp-content\\\/uploads\\\/2018\\\/11\\\/logo-laguiadepamplona18-web1.png\",\"width\":600,\"height\":196,\"caption\":\"La Gu\u00eda de Pamplona \\\/ Noticias\"},\"image\":{\"@id\":\"https:\\\/\\\/www.laguiadepamplona.com\\\/actualidad\\\/#\\\/schema\\\/logo\\\/image\\\/\"},\"sameAs\":[\"https:\\\/\\\/www.facebook.com\\\/laguiadepamplonacom-133175176762273\\\/?ref=hl\",\"https:\\\/\\\/x.com\\\/LaGuiadPamplona\",\"https:\\\/\\\/www.instagram.com\\\/la_guia_de_pamplona\\\/\",\"https:\\\/\\\/www.youtube.com\\\/user\\\/laguiadepamplona\"]},{\"@type\":\"Person\",\"@id\":\"https:\\\/\\\/www.laguiadepamplona.com\\\/actualidad\\\/#\\\/schema\\\/person\\\/efe887376f0213d4657c93adc50b1fdb\",\"name\":\"La Gu\u00eda de Pamplona\",\"image\":{\"@type\":\"ImageObject\",\"inLanguage\":\"es\",\"@id\":\"https:\\\/\\\/secure.gravatar.com\\\/avatar\\\/b6992f131dc8d30ab0dff15446e9d346d9dbd95992de0fef795073f5ea83a81c?s=96&d=mm&r=g\",\"url\":\"https:\\\/\\\/secure.gravatar.com\\\/avatar\\\/b6992f131dc8d30ab0dff15446e9d346d9dbd95992de0fef795073f5ea83a81c?s=96&d=mm&r=g\",\"contentUrl\":\"https:\\\/\\\/secure.gravatar.com\\\/avatar\\\/b6992f131dc8d30ab0dff15446e9d346d9dbd95992de0fef795073f5ea83a81c?s=96&d=mm&r=g\",\"caption\":\"La Gu\u00eda de Pamplona\"}}]}<\/script>\n<!-- \/ Yoast SEO plugin. -->","yoast_head_json":{"title":"El quinto huerto urbano de Pamplona se situar\u00e1 en la Rochapea, en la calle Cruz de Barkazio","robots":{"index":"index","follow":"follow","max-snippet":"max-snippet:-1","max-image-preview":"max-image-preview:large","max-video-preview":"max-video-preview:-1"},"canonical":"https:\/\/www.laguiadepamplona.com\/actualidad\/el-quinto-huerto-urbano-de-pamplona-se-situara-en-la-rochapea-en-la-calle-cruz-de-barkazio\/","og_locale":"es_ES","og_type":"article","og_title":"El quinto huerto urbano de Pamplona se situar\u00e1 en la Rochapea, en la calle Cruz de Barkazio","og_description":"Gerencia de Urbanismo conocer\u00e1 el mi\u00e9rcoles la convocatoria para la adjudicaci\u00f3n de la licencia de uso de este espacio","og_url":"https:\/\/www.laguiadepamplona.com\/actualidad\/el-quinto-huerto-urbano-de-pamplona-se-situara-en-la-rochapea-en-la-calle-cruz-de-barkazio\/","og_site_name":"La Gu\u00eda de Pamplona","article_publisher":"https:\/\/www.facebook.com\/laguiadepamplonacom-133175176762273\/?ref=hl","article_published_time":"2018-10-29T14:46:06+00:00","og_image":[{"width":1000,"height":750,"url":"https:\/\/www.laguiadepamplona.com\/actualidad\/wp-content\/uploads\/2018\/09\/huerto-urbano-san-juan.jpg","type":"image\/jpeg"}],"author":"La Gu\u00eda de Pamplona","twitter_card":"summary_large_image","twitter_creator":"@LaGuiadPamplona","twitter_site":"@LaGuiadPamplona","twitter_misc":{"Escrito por":"La Gu\u00eda de Pamplona","Tiempo de lectura":"4 minutos"},"schema":{"@context":"https:\/\/schema.org","@graph":[{"@type":"Article","@id":"https:\/\/www.laguiadepamplona.com\/actualidad\/el-quinto-huerto-urbano-de-pamplona-se-situara-en-la-rochapea-en-la-calle-cruz-de-barkazio\/#article","isPartOf":{"@id":"https:\/\/www.laguiadepamplona.com\/actualidad\/el-quinto-huerto-urbano-de-pamplona-se-situara-en-la-rochapea-en-la-calle-cruz-de-barkazio\/"},"author":{"name":"La Gu\u00eda de Pamplona","@id":"https:\/\/www.laguiadepamplona.com\/actualidad\/#\/schema\/person\/efe887376f0213d4657c93adc50b1fdb"},"headline":"El quinto huerto urbano de Pamplona se situar\u00e1 en la Rochapea, en la calle Cruz de Barkazio","datePublished":"2018-10-29T14:46:06+00:00","mainEntityOfPage":{"@id":"https:\/\/www.laguiadepamplona.com\/actualidad\/el-quinto-huerto-urbano-de-pamplona-se-situara-en-la-rochapea-en-la-calle-cruz-de-barkazio\/"},"wordCount":871,"commentCount":0,"publisher":{"@id":"https:\/\/www.laguiadepamplona.com\/actualidad\/#organization"},"image":{"@id":"https:\/\/www.laguiadepamplona.com\/actualidad\/el-quinto-huerto-urbano-de-pamplona-se-situara-en-la-rochapea-en-la-calle-cruz-de-barkazio\/#primaryimage"},"thumbnailUrl":"https:\/\/www.laguiadepamplona.com\/actualidad\/wp-content\/uploads\/2018\/09\/huerto-urbano-san-juan.jpg","articleSection":["Ayto Pamplona"],"inLanguage":"es","potentialAction":[{"@type":"CommentAction","name":"Comment","target":["https:\/\/www.laguiadepamplona.com\/actualidad\/el-quinto-huerto-urbano-de-pamplona-se-situara-en-la-rochapea-en-la-calle-cruz-de-barkazio\/#respond"]}]},{"@type":"WebPage","@id":"https:\/\/www.laguiadepamplona.com\/actualidad\/el-quinto-huerto-urbano-de-pamplona-se-situara-en-la-rochapea-en-la-calle-cruz-de-barkazio\/","url":"https:\/\/www.laguiadepamplona.com\/actualidad\/el-quinto-huerto-urbano-de-pamplona-se-situara-en-la-rochapea-en-la-calle-cruz-de-barkazio\/","name":"El quinto huerto urbano de Pamplona se situar\u00e1 en la Rochapea, en la calle Cruz de Barkazio","isPartOf":{"@id":"https:\/\/www.laguiadepamplona.com\/actualidad\/#website"},"primaryImageOfPage":{"@id":"https:\/\/www.laguiadepamplona.com\/actualidad\/el-quinto-huerto-urbano-de-pamplona-se-situara-en-la-rochapea-en-la-calle-cruz-de-barkazio\/#primaryimage"},"image":{"@id":"https:\/\/www.laguiadepamplona.com\/actualidad\/el-quinto-huerto-urbano-de-pamplona-se-situara-en-la-rochapea-en-la-calle-cruz-de-barkazio\/#primaryimage"},"thumbnailUrl":"https:\/\/www.laguiadepamplona.com\/actualidad\/wp-content\/uploads\/2018\/09\/huerto-urbano-san-juan.jpg","datePublished":"2018-10-29T14:46:06+00:00","breadcrumb":{"@id":"https:\/\/www.laguiadepamplona.com\/actualidad\/el-quinto-huerto-urbano-de-pamplona-se-situara-en-la-rochapea-en-la-calle-cruz-de-barkazio\/#breadcrumb"},"inLanguage":"es","potentialAction":[{"@type":"ReadAction","target":["https:\/\/www.laguiadepamplona.com\/actualidad\/el-quinto-huerto-urbano-de-pamplona-se-situara-en-la-rochapea-en-la-calle-cruz-de-barkazio\/"]}]},{"@type":"ImageObject","inLanguage":"es","@id":"https:\/\/www.laguiadepamplona.com\/actualidad\/el-quinto-huerto-urbano-de-pamplona-se-situara-en-la-rochapea-en-la-calle-cruz-de-barkazio\/#primaryimage","url":"https:\/\/www.laguiadepamplona.com\/actualidad\/wp-content\/uploads\/2018\/09\/huerto-urbano-san-juan.jpg","contentUrl":"https:\/\/www.laguiadepamplona.com\/actualidad\/wp-content\/uploads\/2018\/09\/huerto-urbano-san-juan.jpg","width":1000,"height":750},{"@type":"BreadcrumbList","@id":"https:\/\/www.laguiadepamplona.com\/actualidad\/el-quinto-huerto-urbano-de-pamplona-se-situara-en-la-rochapea-en-la-calle-cruz-de-barkazio\/#breadcrumb","itemListElement":[{"@type":"ListItem","position":1,"name":"Portada","item":"https:\/\/www.laguiadepamplona.com\/actualidad\/"},{"@type":"ListItem","position":2,"name":"El quinto huerto urbano de Pamplona se situar\u00e1 en la Rochapea, en la calle Cruz de Barkazio"}]},{"@type":"WebSite","@id":"https:\/\/www.laguiadepamplona.com\/actualidad\/#website","url":"https:\/\/www.laguiadepamplona.com\/actualidad\/","name":"La gu\u00eda de Pamplona","description":"Noticias de Pamplona","publisher":{"@id":"https:\/\/www.laguiadepamplona.com\/actualidad\/#organization"},"potentialAction":[{"@type":"SearchAction","target":{"@type":"EntryPoint","urlTemplate":"https:\/\/www.laguiadepamplona.com\/actualidad\/?s={search_term_string}"},"query-input":{"@type":"PropertyValueSpecification","valueRequired":true,"valueName":"search_term_string"}}],"inLanguage":"es"},{"@type":"Organization","@id":"https:\/\/www.laguiadepamplona.com\/actualidad\/#organization","name":"La Gu\u00eda de Pamplona \/ Noticias","url":"https:\/\/www.laguiadepamplona.com\/actualidad\/","logo":{"@type":"ImageObject","inLanguage":"es","@id":"https:\/\/www.laguiadepamplona.com\/actualidad\/#\/schema\/logo\/image\/","url":"https:\/\/www.laguiadepamplona.com\/actualidad\/wp-content\/uploads\/2018\/11\/logo-laguiadepamplona18-web1.png","contentUrl":"https:\/\/www.laguiadepamplona.com\/actualidad\/wp-content\/uploads\/2018\/11\/logo-laguiadepamplona18-web1.png","width":600,"height":196,"caption":"La Gu\u00eda de Pamplona \/ Noticias"},"image":{"@id":"https:\/\/www.laguiadepamplona.com\/actualidad\/#\/schema\/logo\/image\/"},"sameAs":["https:\/\/www.facebook.com\/laguiadepamplonacom-133175176762273\/?ref=hl","https:\/\/x.com\/LaGuiadPamplona","https:\/\/www.instagram.com\/la_guia_de_pamplona\/","https:\/\/www.youtube.com\/user\/laguiadepamplona"]},{"@type":"Person","@id":"https:\/\/www.laguiadepamplona.com\/actualidad\/#\/schema\/person\/efe887376f0213d4657c93adc50b1fdb","name":"La Gu\u00eda de Pamplona","image":{"@type":"ImageObject","inLanguage":"es","@id":"https:\/\/secure.gravatar.com\/avatar\/b6992f131dc8d30ab0dff15446e9d346d9dbd95992de0fef795073f5ea83a81c?s=96&d=mm&r=g","url":"https:\/\/secure.gravatar.com\/avatar\/b6992f131dc8d30ab0dff15446e9d346d9dbd95992de0fef795073f5ea83a81c?s=96&d=mm&r=g","contentUrl":"https:\/\/secure.gravatar.com\/avatar\/b6992f131dc8d30ab0dff15446e9d346d9dbd95992de0fef795073f5ea83a81c?s=96&d=mm&r=g","caption":"La Gu\u00eda de Pamplona"}}]}},"post_mailing_queue_ids":[],"_links":{"self":[{"href":"https:\/\/www.laguiadepamplona.com\/actualidad\/wp-json\/wp\/v2\/posts\/19189","targetHints":{"allow":["GET"]}}],"collection":[{"href":"https:\/\/www.laguiadepamplona.com\/actualidad\/wp-json\/wp\/v2\/posts"}],"about":[{"href":"https:\/\/www.laguiadepamplona.com\/actualidad\/wp-json\/wp\/v2\/types\/post"}],"author":[{"embeddable":true,"href":"https:\/\/www.laguiadepamplona.com\/actualidad\/wp-json\/wp\/v2\/users\/1"}],"replies":[{"embeddable":true,"href":"https:\/\/www.laguiadepamplona.com\/actualidad\/wp-json\/wp\/v2\/comments?post=19189"}],"version-history":[{"count":0,"href":"https:\/\/www.laguiadepamplona.com\/actualidad\/wp-json\/wp\/v2\/posts\/19189\/revisions"}],"wp:featuredmedia":[{"embeddable":true,"href":"https:\/\/www.laguiadepamplona.com\/actualidad\/wp-json\/wp\/v2\/media\/18719"}],"wp:attachment":[{"href":"https:\/\/www.laguiadepamplona.com\/actualidad\/wp-json\/wp\/v2\/media?parent=19189"}],"wp:term":[{"taxonomy":"category","embeddable":true,"href":"https:\/\/www.laguiadepamplona.com\/actualidad\/wp-json\/wp\/v2\/categories?post=19189"},{"taxonomy":"post_tag","embeddable":true,"href":"https:\/\/www.laguiadepamplona.com\/actualidad\/wp-json\/wp\/v2\/tags?post=19189"}],"curies":[{"name":"wp","href":"https:\/\/api.w.org\/{rel}","templated":true}]}}