{"id":19187,"date":"2018-10-29T16:44:49","date_gmt":"2018-10-29T14:44:49","guid":{"rendered":"https:\/\/www.laguiadepamplona.es\/actualidad\/?p=19187"},"modified":"2018-10-29T16:44:49","modified_gmt":"2018-10-29T14:44:49","slug":"gerencia-de-urbanismo-conocera-el-proyecto-de-uso-y-el-pliego-para-la-gestion-del-parque-trinitarios-como-centro-de-interpretacion-del-ferrocarril-y-vias-verdes-de-navarra","status":"publish","type":"post","link":"https:\/\/www.laguiadepamplona.com\/actualidad\/gerencia-de-urbanismo-conocera-el-proyecto-de-uso-y-el-pliego-para-la-gestion-del-parque-trinitarios-como-centro-de-interpretacion-del-ferrocarril-y-vias-verdes-de-navarra\/","title":{"rendered":"Gerencia de Urbanismo conocer\u00e1 el proyecto de uso y el pliego para la gesti\u00f3n del parque Trinitarios como centro de interpretaci\u00f3n del ferrocarril y v\u00edas verdes de Navarra"},"content":{"rendered":"<h3>La concesi\u00f3n ser\u00eda por 15 a\u00f1os y se deber\u00e1n programar actividades para todos los p\u00fablicos<\/h3>\n<p><!--more--><\/p>\n<p>Gerencia de Urbanismo del Ayuntamiento de Pamplona conocer\u00e1 en su pr\u00f3xima sesi\u00f3n del mi\u00e9rcoles el proyecto de uso y el pliego para la licitaci\u00f3n y las condiciones que regulan la concesi\u00f3n administrativa del suelo p\u00fablico en el parque Trinitarios con destino a su gesti\u00f3n y explotaci\u00f3n como centro de interpretaci\u00f3n del ferrocarril y v\u00edas verdes de Navarra. Se trata de un proyecto promovido por la Asociaci\u00f3n Navarra de Amigos del Ferrocarril (ANAF), que solicit\u00f3 una concesi\u00f3n para abrir un centro de interpretaci\u00f3n. El Ayuntamiento aprob\u00f3 la declaraci\u00f3n de inter\u00e9s p\u00fablico del espacio y ha iniciado los tr\u00e1mites para la licitaci\u00f3n p\u00fablica para la concesi\u00f3n del uso, a la que podr\u00e1 concurrir cualquier interesado, cumpliendo con los requisitos establecidos en los pliegos.<\/p>\n<p>Tras conocerse el expediente en Gerencia de Urbanismo, llegar\u00e1 una posterior aprobaci\u00f3n en Junta de Gobierno Local. Ser\u00e1 a partir de entonces cuando se someter\u00e1 a informaci\u00f3n p\u00fablica durante 30 d\u00edas h\u00e1biles, de forma previa a su aprobaci\u00f3n final y licitaci\u00f3n. La concesi\u00f3n ser\u00eda para 15 a\u00f1os improrrogables, al t\u00e9rmino del cu\u00e1l proceder\u00e1 la reversi\u00f3n a favor del Ayuntamiento de la parcela, junto con la totalidad de las obras, ampliaciones, instalaciones y equipamiento ejecutadas durante la misma. Adem\u00e1s de la gesti\u00f3n, el concesionario deber\u00e1 realizar las obras de construcci\u00f3n del edificio que se destinar\u00e1 a centro de interpretaci\u00f3n en el plazo de 12 meses, y a la instalaci\u00f3n de las v\u00edas necesarias para completar el recorrido.<\/p>\n<p>Seg\u00fan recoge el pliego de bases, para la adjudicaci\u00f3n se tendr\u00e1 en cuenta la oferta econ\u00f3mica (hasta 30 puntos), la memoria de actividades a desarrollar (hasta 25 puntos), la ampliaci\u00f3n del horario de apertura (hasta 15 puntos), la ampliaci\u00f3n de la temporada de apertura (hasta 10 puntos por organizaci\u00f3n de actividades en \u00e9poca navide\u00f1a), la adaptaci\u00f3n de las actividades a desarrollar para hacerlas accesibles (hasta 10 puntos) y el plazo de ejecuci\u00f3n de las instalaciones (hasta 10 puntos).<\/p>\n<p><strong>Actividades para todos<\/strong><\/p>\n<p>Con car\u00e1cter general las actividades del Centro deber\u00e1n girar en torno a la informaci\u00f3n, y divulgaci\u00f3n de la historia ferroviaria de Navarra y la utilizaci\u00f3n del ferrocarril como medio de transporte respetuoso con el entorno, potenciando la utilizaci\u00f3n del mismo y dirigi\u00e9ndose a todos los niveles de la sociedad de Navarra. El centro de interpretaci\u00f3n del ferrocarril y v\u00edas verdes de Navarra ser\u00e1, adem\u00e1s punto de encuentro y de informaci\u00f3n de las v\u00edas verdes de Navarra en especial las que confluyen en este punto que son las antiguas v\u00edas del Irati y del Plazaola. Se fomentar\u00e1 la informaci\u00f3n y divulgaci\u00f3n de aspectos relacionados con el ferrocarril y las v\u00edas verdes, especialmente entre alumnos de los diversos centros de ense\u00f1anzas, asociaciones y otros grupos de inter\u00e9s social. Se organizar\u00e1n exposiciones, concentraciones y otros eventos relacionados con el tema del ferrocarril tales como muestras, mercadillos&#8230;<\/p>\n<p>Adem\u00e1s, el concesionario deber\u00e1 tener en cuenta, y as\u00ed lo justificar\u00e1 en la memoria que presente, que su actividad se va a desarrollar en el \u00e1mbito de un parque urbano, con libre acceso de personas a las zonas colindantes al espacio de concesi\u00f3n y pr\u00f3ximo al cauce fluvial del r\u00edo Arga. Deber\u00e1 tambi\u00e9n contemplar en su programa de actuaci\u00f3n las actividades de difusi\u00f3n del uso del ferrocarril y de las v\u00edas verdes de Navarra impulsando programas que acerquen estas actividades a los ciudadanos, proporcionando informaci\u00f3n sobre las v\u00edas verdes de Navarra, por ejemplo. La actividad de las v\u00edas verdes est\u00e1 entendida como una forma de relacionarse con el entorno del ferrocarril de anta\u00f1o de manera sostenible y para obtener informaciones y experiencias del contexto del ferrocarril humanizando un espacio natural sin menoscabo del medio ambiente.<\/p>\n<p>En relaci\u00f3n al espacio destinado al circuito ferroviario, con acceso limitado de p\u00fablico, el concesionario deber\u00e1 gestionar su utilizaci\u00f3n, organizando la forma en que los usuarios podr\u00e1n hacer uso del mismo (cobro de entradas), verificando el uso correcto de las instalaciones y la seguridad de los usuarios y asumiendo el mantenimiento de las instalaciones integrantes de todo el parque, as\u00ed como del espacio f\u00edsico que sirve de soporte y que figura definido en el proyecto.<\/p>\n<p>El centro de interpretaci\u00f3n del ferrocarril y v\u00edas verdes de Navarra deber\u00e1 permanecer abierto, como m\u00ednimo, durante la temporada comprendida entre Semana Santa y el 31 de octubre de cada a\u00f1o. Deber\u00e1 abrir las ma\u00f1anas de entre semana en periodo escolar para atender las actividades concertadas con los centros escolares y dos horas los s\u00e1bados, domingos y d\u00edas de fiesta. En todo caso, la temporada y horario de apertura ser\u00e1n los que oferte el licitador que resulte adjudicatario en su propuesta, debiendo respetar la normativa que sea de aplicaci\u00f3n en cuanto al horario m\u00e1ximo de apertura y cierre.<\/p>\n<p>El concesionario tendr\u00e1 derecho a percibir los precios que se\u00f1ale en la documentaci\u00f3n que aporte, para el acceso del p\u00fablico a las instalaciones y participaci\u00f3n en las actividades que se organicen sin que pueda exceder de un m\u00e1ximo de 2 euros para adultos y 1 euros para menores.<\/p>\n<p>El Ayuntamiento de Pamplona, consciente de la labor a desarrollar por el concesionario y del efecto positivo que aqu\u00e9lla producir\u00e1 en el parque de Trinitarios, aportando m\u00e1s vida a una zona de la ciudad muy importante en la historia del ferrocarril, y al amparo de lo dispuesto en la normativa foral reguladora de las concesiones de dominio p\u00fablico, establece la posibilidad de realizar una aportaci\u00f3n econ\u00f3mica al concesionario que no podr\u00e1 ser superior a 6.989 euros anuales (impuestos incluidos) para subvencionar el d\u00e9ficit que pueda producirse en la gesti\u00f3n y explotaci\u00f3n del centro.<\/p>\n<p><strong>El proyecto<\/strong><\/p>\n<p>El Ayuntamiento inici\u00f3 a finales de 2016 las obras del parque tem\u00e1tico del tren en una parcela de 4.118 metros cuadrados que ya se ha urbanizado y que cuenta con un circuito ferroviario compuesto por v\u00edas, t\u00faneles y puentes y una cochera. La inversi\u00f3n ha ascendido a unos 400.000 euros. La sociedad p\u00fablica Eusko Trenbideak don\u00f3 gratuitamente al Ayuntamiento mediante un convenio dos vagones de tren para su ubicaci\u00f3n en el parque.<\/p>\n<p>El proyecto de parque tem\u00e1tico del tren surgi\u00f3 con dos objetivos principales. Por una parte, dotar de atractivo al parque de Trinitarios, dando as\u00ed vida a una zona hist\u00f3ricamente interesante por el cruce, en el pasado, de dos l\u00edneas de ferrocarriles de v\u00eda estrecha importantes en la historia de Navarra, como son el Irati (primer ferrocarril del pa\u00eds impulsado por energ\u00eda el\u00e9ctrica, que enlazaba con Aoiz y Sang\u00fcesa) y el Plazaola (de enlace con San Sebasti\u00e1n). En la zona de Trinitarios se conservan el t\u00fanel y el llamado puente del Plazaola.<\/p>\n<p>Por otra parte, el parque quiere servir como punto de informaci\u00f3n al visitante sobre las diferentes v\u00edas verdes existentes en Navarra. Son cinco en total (Tarazonica, Vasconavarro, Bidasoa, Plazaola e Irati) y se difundir\u00edan a trav\u00e9s de una oficina que contar\u00eda con la colaboraci\u00f3n de los consorcios existentes. Asimismo, desde all\u00ed se dar\u00eda conexi\u00f3n y comienzo a las dos v\u00edas verdes del Irati y el Plazaola, aspecto de inter\u00e9s tur\u00edstico para una ciudad como Pamplona.<\/p>\n<p>&nbsp;<\/p>\n","protected":false},"excerpt":{"rendered":"<p>La concesi\u00f3n ser\u00eda por 15 a\u00f1os y se deber\u00e1n programar actividades para todos los p\u00fablicos<\/p>\n","protected":false},"author":1,"featured_media":17600,"comment_status":"open","ping_status":"closed","sticky":false,"template":"","format":"standard","meta":{"footnotes":""},"categories":[2],"tags":[],"class_list":["post-19187","post","type-post","status-publish","format-standard","has-post-thumbnail","hentry","category-ayuntamiento-pamplona"],"yoast_head":"<!-- This site is optimized with the Yoast SEO plugin v27.3 - https:\/\/yoast.com\/product\/yoast-seo-wordpress\/ -->\n<title>Gerencia de Urbanismo conocer\u00e1 el proyecto de uso y el pliego para la gesti\u00f3n del parque Trinitarios como centro de interpretaci\u00f3n del ferrocarril y v\u00edas verdes de Navarra<\/title>\n<meta name=\"robots\" content=\"index, follow, max-snippet:-1, max-image-preview:large, max-video-preview:-1\" \/>\n<link rel=\"canonical\" href=\"https:\/\/www.laguiadepamplona.com\/actualidad\/gerencia-de-urbanismo-conocera-el-proyecto-de-uso-y-el-pliego-para-la-gestion-del-parque-trinitarios-como-centro-de-interpretacion-del-ferrocarril-y-vias-verdes-de-navarra\/\" \/>\n<meta property=\"og:locale\" content=\"es_ES\" \/>\n<meta property=\"og:type\" content=\"article\" \/>\n<meta property=\"og:title\" content=\"Gerencia de Urbanismo conocer\u00e1 el proyecto de uso y el pliego para la gesti\u00f3n del parque Trinitarios como centro de interpretaci\u00f3n del ferrocarril y v\u00edas verdes de Navarra\" \/>\n<meta property=\"og:description\" content=\"La concesi\u00f3n ser\u00eda por 15 a\u00f1os y se deber\u00e1n programar actividades para todos los p\u00fablicos\" \/>\n<meta property=\"og:url\" content=\"https:\/\/www.laguiadepamplona.com\/actualidad\/gerencia-de-urbanismo-conocera-el-proyecto-de-uso-y-el-pliego-para-la-gestion-del-parque-trinitarios-como-centro-de-interpretacion-del-ferrocarril-y-vias-verdes-de-navarra\/\" \/>\n<meta property=\"og:site_name\" content=\"La Gu\u00eda de Pamplona\" \/>\n<meta property=\"article:publisher\" content=\"https:\/\/www.facebook.com\/laguiadepamplonacom-133175176762273\/?ref=hl\" \/>\n<meta property=\"article:published_time\" content=\"2018-10-29T14:44:49+00:00\" \/>\n<meta property=\"og:image\" content=\"https:\/\/www.laguiadepamplona.com\/actualidad\/wp-content\/uploads\/2018\/05\/ayto-pamplona-3.jpg\" \/>\n\t<meta property=\"og:image:width\" content=\"1000\" \/>\n\t<meta property=\"og:image:height\" content=\"555\" \/>\n\t<meta property=\"og:image:type\" content=\"image\/jpeg\" \/>\n<meta name=\"author\" content=\"La Gu\u00eda de Pamplona\" \/>\n<meta name=\"twitter:card\" content=\"summary_large_image\" \/>\n<meta name=\"twitter:creator\" content=\"@LaGuiadPamplona\" \/>\n<meta name=\"twitter:site\" content=\"@LaGuiadPamplona\" \/>\n<meta name=\"twitter:label1\" content=\"Escrito por\" \/>\n\t<meta name=\"twitter:data1\" content=\"La Gu\u00eda de Pamplona\" \/>\n\t<meta name=\"twitter:label2\" content=\"Tiempo de lectura\" \/>\n\t<meta name=\"twitter:data2\" content=\"6 minutos\" \/>\n<script type=\"application\/ld+json\" class=\"yoast-schema-graph\">{\"@context\":\"https:\\\/\\\/schema.org\",\"@graph\":[{\"@type\":\"Article\",\"@id\":\"https:\\\/\\\/www.laguiadepamplona.com\\\/actualidad\\\/gerencia-de-urbanismo-conocera-el-proyecto-de-uso-y-el-pliego-para-la-gestion-del-parque-trinitarios-como-centro-de-interpretacion-del-ferrocarril-y-vias-verdes-de-navarra\\\/#article\",\"isPartOf\":{\"@id\":\"https:\\\/\\\/www.laguiadepamplona.com\\\/actualidad\\\/gerencia-de-urbanismo-conocera-el-proyecto-de-uso-y-el-pliego-para-la-gestion-del-parque-trinitarios-como-centro-de-interpretacion-del-ferrocarril-y-vias-verdes-de-navarra\\\/\"},\"author\":{\"name\":\"La Gu\u00eda de Pamplona\",\"@id\":\"https:\\\/\\\/www.laguiadepamplona.com\\\/actualidad\\\/#\\\/schema\\\/person\\\/efe887376f0213d4657c93adc50b1fdb\"},\"headline\":\"Gerencia de Urbanismo conocer\u00e1 el proyecto de uso y el pliego para la gesti\u00f3n del parque Trinitarios como centro de interpretaci\u00f3n del ferrocarril y v\u00edas verdes de Navarra\",\"datePublished\":\"2018-10-29T14:44:49+00:00\",\"mainEntityOfPage\":{\"@id\":\"https:\\\/\\\/www.laguiadepamplona.com\\\/actualidad\\\/gerencia-de-urbanismo-conocera-el-proyecto-de-uso-y-el-pliego-para-la-gestion-del-parque-trinitarios-como-centro-de-interpretacion-del-ferrocarril-y-vias-verdes-de-navarra\\\/\"},\"wordCount\":1319,\"commentCount\":0,\"publisher\":{\"@id\":\"https:\\\/\\\/www.laguiadepamplona.com\\\/actualidad\\\/#organization\"},\"image\":{\"@id\":\"https:\\\/\\\/www.laguiadepamplona.com\\\/actualidad\\\/gerencia-de-urbanismo-conocera-el-proyecto-de-uso-y-el-pliego-para-la-gestion-del-parque-trinitarios-como-centro-de-interpretacion-del-ferrocarril-y-vias-verdes-de-navarra\\\/#primaryimage\"},\"thumbnailUrl\":\"https:\\\/\\\/www.laguiadepamplona.com\\\/actualidad\\\/wp-content\\\/uploads\\\/2018\\\/05\\\/ayto-pamplona-3.jpg\",\"articleSection\":[\"Ayto Pamplona\"],\"inLanguage\":\"es\",\"potentialAction\":[{\"@type\":\"CommentAction\",\"name\":\"Comment\",\"target\":[\"https:\\\/\\\/www.laguiadepamplona.com\\\/actualidad\\\/gerencia-de-urbanismo-conocera-el-proyecto-de-uso-y-el-pliego-para-la-gestion-del-parque-trinitarios-como-centro-de-interpretacion-del-ferrocarril-y-vias-verdes-de-navarra\\\/#respond\"]}]},{\"@type\":\"WebPage\",\"@id\":\"https:\\\/\\\/www.laguiadepamplona.com\\\/actualidad\\\/gerencia-de-urbanismo-conocera-el-proyecto-de-uso-y-el-pliego-para-la-gestion-del-parque-trinitarios-como-centro-de-interpretacion-del-ferrocarril-y-vias-verdes-de-navarra\\\/\",\"url\":\"https:\\\/\\\/www.laguiadepamplona.com\\\/actualidad\\\/gerencia-de-urbanismo-conocera-el-proyecto-de-uso-y-el-pliego-para-la-gestion-del-parque-trinitarios-como-centro-de-interpretacion-del-ferrocarril-y-vias-verdes-de-navarra\\\/\",\"name\":\"Gerencia de Urbanismo conocer\u00e1 el proyecto de uso y el pliego para la gesti\u00f3n del parque Trinitarios como centro de interpretaci\u00f3n del ferrocarril y v\u00edas verdes de Navarra\",\"isPartOf\":{\"@id\":\"https:\\\/\\\/www.laguiadepamplona.com\\\/actualidad\\\/#website\"},\"primaryImageOfPage\":{\"@id\":\"https:\\\/\\\/www.laguiadepamplona.com\\\/actualidad\\\/gerencia-de-urbanismo-conocera-el-proyecto-de-uso-y-el-pliego-para-la-gestion-del-parque-trinitarios-como-centro-de-interpretacion-del-ferrocarril-y-vias-verdes-de-navarra\\\/#primaryimage\"},\"image\":{\"@id\":\"https:\\\/\\\/www.laguiadepamplona.com\\\/actualidad\\\/gerencia-de-urbanismo-conocera-el-proyecto-de-uso-y-el-pliego-para-la-gestion-del-parque-trinitarios-como-centro-de-interpretacion-del-ferrocarril-y-vias-verdes-de-navarra\\\/#primaryimage\"},\"thumbnailUrl\":\"https:\\\/\\\/www.laguiadepamplona.com\\\/actualidad\\\/wp-content\\\/uploads\\\/2018\\\/05\\\/ayto-pamplona-3.jpg\",\"datePublished\":\"2018-10-29T14:44:49+00:00\",\"breadcrumb\":{\"@id\":\"https:\\\/\\\/www.laguiadepamplona.com\\\/actualidad\\\/gerencia-de-urbanismo-conocera-el-proyecto-de-uso-y-el-pliego-para-la-gestion-del-parque-trinitarios-como-centro-de-interpretacion-del-ferrocarril-y-vias-verdes-de-navarra\\\/#breadcrumb\"},\"inLanguage\":\"es\",\"potentialAction\":[{\"@type\":\"ReadAction\",\"target\":[\"https:\\\/\\\/www.laguiadepamplona.com\\\/actualidad\\\/gerencia-de-urbanismo-conocera-el-proyecto-de-uso-y-el-pliego-para-la-gestion-del-parque-trinitarios-como-centro-de-interpretacion-del-ferrocarril-y-vias-verdes-de-navarra\\\/\"]}]},{\"@type\":\"ImageObject\",\"inLanguage\":\"es\",\"@id\":\"https:\\\/\\\/www.laguiadepamplona.com\\\/actualidad\\\/gerencia-de-urbanismo-conocera-el-proyecto-de-uso-y-el-pliego-para-la-gestion-del-parque-trinitarios-como-centro-de-interpretacion-del-ferrocarril-y-vias-verdes-de-navarra\\\/#primaryimage\",\"url\":\"https:\\\/\\\/www.laguiadepamplona.com\\\/actualidad\\\/wp-content\\\/uploads\\\/2018\\\/05\\\/ayto-pamplona-3.jpg\",\"contentUrl\":\"https:\\\/\\\/www.laguiadepamplona.com\\\/actualidad\\\/wp-content\\\/uploads\\\/2018\\\/05\\\/ayto-pamplona-3.jpg\",\"width\":1000,\"height\":555},{\"@type\":\"BreadcrumbList\",\"@id\":\"https:\\\/\\\/www.laguiadepamplona.com\\\/actualidad\\\/gerencia-de-urbanismo-conocera-el-proyecto-de-uso-y-el-pliego-para-la-gestion-del-parque-trinitarios-como-centro-de-interpretacion-del-ferrocarril-y-vias-verdes-de-navarra\\\/#breadcrumb\",\"itemListElement\":[{\"@type\":\"ListItem\",\"position\":1,\"name\":\"Portada\",\"item\":\"https:\\\/\\\/www.laguiadepamplona.com\\\/actualidad\\\/\"},{\"@type\":\"ListItem\",\"position\":2,\"name\":\"Gerencia de Urbanismo conocer\u00e1 el proyecto de uso y el pliego para la gesti\u00f3n del parque Trinitarios como centro de interpretaci\u00f3n del ferrocarril y v\u00edas verdes de Navarra\"}]},{\"@type\":\"WebSite\",\"@id\":\"https:\\\/\\\/www.laguiadepamplona.com\\\/actualidad\\\/#website\",\"url\":\"https:\\\/\\\/www.laguiadepamplona.com\\\/actualidad\\\/\",\"name\":\"La gu\u00eda de Pamplona\",\"description\":\"Noticias de Pamplona\",\"publisher\":{\"@id\":\"https:\\\/\\\/www.laguiadepamplona.com\\\/actualidad\\\/#organization\"},\"potentialAction\":[{\"@type\":\"SearchAction\",\"target\":{\"@type\":\"EntryPoint\",\"urlTemplate\":\"https:\\\/\\\/www.laguiadepamplona.com\\\/actualidad\\\/?s={search_term_string}\"},\"query-input\":{\"@type\":\"PropertyValueSpecification\",\"valueRequired\":true,\"valueName\":\"search_term_string\"}}],\"inLanguage\":\"es\"},{\"@type\":\"Organization\",\"@id\":\"https:\\\/\\\/www.laguiadepamplona.com\\\/actualidad\\\/#organization\",\"name\":\"La Gu\u00eda de Pamplona \\\/ Noticias\",\"url\":\"https:\\\/\\\/www.laguiadepamplona.com\\\/actualidad\\\/\",\"logo\":{\"@type\":\"ImageObject\",\"inLanguage\":\"es\",\"@id\":\"https:\\\/\\\/www.laguiadepamplona.com\\\/actualidad\\\/#\\\/schema\\\/logo\\\/image\\\/\",\"url\":\"https:\\\/\\\/www.laguiadepamplona.com\\\/actualidad\\\/wp-content\\\/uploads\\\/2018\\\/11\\\/logo-laguiadepamplona18-web1.png\",\"contentUrl\":\"https:\\\/\\\/www.laguiadepamplona.com\\\/actualidad\\\/wp-content\\\/uploads\\\/2018\\\/11\\\/logo-laguiadepamplona18-web1.png\",\"width\":600,\"height\":196,\"caption\":\"La Gu\u00eda de Pamplona \\\/ Noticias\"},\"image\":{\"@id\":\"https:\\\/\\\/www.laguiadepamplona.com\\\/actualidad\\\/#\\\/schema\\\/logo\\\/image\\\/\"},\"sameAs\":[\"https:\\\/\\\/www.facebook.com\\\/laguiadepamplonacom-133175176762273\\\/?ref=hl\",\"https:\\\/\\\/x.com\\\/LaGuiadPamplona\",\"https:\\\/\\\/www.instagram.com\\\/la_guia_de_pamplona\\\/\",\"https:\\\/\\\/www.youtube.com\\\/user\\\/laguiadepamplona\"]},{\"@type\":\"Person\",\"@id\":\"https:\\\/\\\/www.laguiadepamplona.com\\\/actualidad\\\/#\\\/schema\\\/person\\\/efe887376f0213d4657c93adc50b1fdb\",\"name\":\"La Gu\u00eda de Pamplona\",\"image\":{\"@type\":\"ImageObject\",\"inLanguage\":\"es\",\"@id\":\"https:\\\/\\\/secure.gravatar.com\\\/avatar\\\/b6992f131dc8d30ab0dff15446e9d346d9dbd95992de0fef795073f5ea83a81c?s=96&d=mm&r=g\",\"url\":\"https:\\\/\\\/secure.gravatar.com\\\/avatar\\\/b6992f131dc8d30ab0dff15446e9d346d9dbd95992de0fef795073f5ea83a81c?s=96&d=mm&r=g\",\"contentUrl\":\"https:\\\/\\\/secure.gravatar.com\\\/avatar\\\/b6992f131dc8d30ab0dff15446e9d346d9dbd95992de0fef795073f5ea83a81c?s=96&d=mm&r=g\",\"caption\":\"La Gu\u00eda de Pamplona\"}}]}<\/script>\n<!-- \/ Yoast SEO plugin. -->","yoast_head_json":{"title":"Gerencia de Urbanismo conocer\u00e1 el proyecto de uso y el pliego para la gesti\u00f3n del parque Trinitarios como centro de interpretaci\u00f3n del ferrocarril y v\u00edas verdes de Navarra","robots":{"index":"index","follow":"follow","max-snippet":"max-snippet:-1","max-image-preview":"max-image-preview:large","max-video-preview":"max-video-preview:-1"},"canonical":"https:\/\/www.laguiadepamplona.com\/actualidad\/gerencia-de-urbanismo-conocera-el-proyecto-de-uso-y-el-pliego-para-la-gestion-del-parque-trinitarios-como-centro-de-interpretacion-del-ferrocarril-y-vias-verdes-de-navarra\/","og_locale":"es_ES","og_type":"article","og_title":"Gerencia de Urbanismo conocer\u00e1 el proyecto de uso y el pliego para la gesti\u00f3n del parque Trinitarios como centro de interpretaci\u00f3n del ferrocarril y v\u00edas verdes de Navarra","og_description":"La concesi\u00f3n ser\u00eda por 15 a\u00f1os y se deber\u00e1n programar actividades para todos los p\u00fablicos","og_url":"https:\/\/www.laguiadepamplona.com\/actualidad\/gerencia-de-urbanismo-conocera-el-proyecto-de-uso-y-el-pliego-para-la-gestion-del-parque-trinitarios-como-centro-de-interpretacion-del-ferrocarril-y-vias-verdes-de-navarra\/","og_site_name":"La Gu\u00eda de Pamplona","article_publisher":"https:\/\/www.facebook.com\/laguiadepamplonacom-133175176762273\/?ref=hl","article_published_time":"2018-10-29T14:44:49+00:00","og_image":[{"width":1000,"height":555,"url":"https:\/\/www.laguiadepamplona.com\/actualidad\/wp-content\/uploads\/2018\/05\/ayto-pamplona-3.jpg","type":"image\/jpeg"}],"author":"La Gu\u00eda de Pamplona","twitter_card":"summary_large_image","twitter_creator":"@LaGuiadPamplona","twitter_site":"@LaGuiadPamplona","twitter_misc":{"Escrito por":"La Gu\u00eda de Pamplona","Tiempo de lectura":"6 minutos"},"schema":{"@context":"https:\/\/schema.org","@graph":[{"@type":"Article","@id":"https:\/\/www.laguiadepamplona.com\/actualidad\/gerencia-de-urbanismo-conocera-el-proyecto-de-uso-y-el-pliego-para-la-gestion-del-parque-trinitarios-como-centro-de-interpretacion-del-ferrocarril-y-vias-verdes-de-navarra\/#article","isPartOf":{"@id":"https:\/\/www.laguiadepamplona.com\/actualidad\/gerencia-de-urbanismo-conocera-el-proyecto-de-uso-y-el-pliego-para-la-gestion-del-parque-trinitarios-como-centro-de-interpretacion-del-ferrocarril-y-vias-verdes-de-navarra\/"},"author":{"name":"La Gu\u00eda de Pamplona","@id":"https:\/\/www.laguiadepamplona.com\/actualidad\/#\/schema\/person\/efe887376f0213d4657c93adc50b1fdb"},"headline":"Gerencia de Urbanismo conocer\u00e1 el proyecto de uso y el pliego para la gesti\u00f3n del parque Trinitarios como centro de interpretaci\u00f3n del ferrocarril y v\u00edas verdes de Navarra","datePublished":"2018-10-29T14:44:49+00:00","mainEntityOfPage":{"@id":"https:\/\/www.laguiadepamplona.com\/actualidad\/gerencia-de-urbanismo-conocera-el-proyecto-de-uso-y-el-pliego-para-la-gestion-del-parque-trinitarios-como-centro-de-interpretacion-del-ferrocarril-y-vias-verdes-de-navarra\/"},"wordCount":1319,"commentCount":0,"publisher":{"@id":"https:\/\/www.laguiadepamplona.com\/actualidad\/#organization"},"image":{"@id":"https:\/\/www.laguiadepamplona.com\/actualidad\/gerencia-de-urbanismo-conocera-el-proyecto-de-uso-y-el-pliego-para-la-gestion-del-parque-trinitarios-como-centro-de-interpretacion-del-ferrocarril-y-vias-verdes-de-navarra\/#primaryimage"},"thumbnailUrl":"https:\/\/www.laguiadepamplona.com\/actualidad\/wp-content\/uploads\/2018\/05\/ayto-pamplona-3.jpg","articleSection":["Ayto Pamplona"],"inLanguage":"es","potentialAction":[{"@type":"CommentAction","name":"Comment","target":["https:\/\/www.laguiadepamplona.com\/actualidad\/gerencia-de-urbanismo-conocera-el-proyecto-de-uso-y-el-pliego-para-la-gestion-del-parque-trinitarios-como-centro-de-interpretacion-del-ferrocarril-y-vias-verdes-de-navarra\/#respond"]}]},{"@type":"WebPage","@id":"https:\/\/www.laguiadepamplona.com\/actualidad\/gerencia-de-urbanismo-conocera-el-proyecto-de-uso-y-el-pliego-para-la-gestion-del-parque-trinitarios-como-centro-de-interpretacion-del-ferrocarril-y-vias-verdes-de-navarra\/","url":"https:\/\/www.laguiadepamplona.com\/actualidad\/gerencia-de-urbanismo-conocera-el-proyecto-de-uso-y-el-pliego-para-la-gestion-del-parque-trinitarios-como-centro-de-interpretacion-del-ferrocarril-y-vias-verdes-de-navarra\/","name":"Gerencia de Urbanismo conocer\u00e1 el proyecto de uso y el pliego para la gesti\u00f3n del parque Trinitarios como centro de interpretaci\u00f3n del ferrocarril y v\u00edas verdes de Navarra","isPartOf":{"@id":"https:\/\/www.laguiadepamplona.com\/actualidad\/#website"},"primaryImageOfPage":{"@id":"https:\/\/www.laguiadepamplona.com\/actualidad\/gerencia-de-urbanismo-conocera-el-proyecto-de-uso-y-el-pliego-para-la-gestion-del-parque-trinitarios-como-centro-de-interpretacion-del-ferrocarril-y-vias-verdes-de-navarra\/#primaryimage"},"image":{"@id":"https:\/\/www.laguiadepamplona.com\/actualidad\/gerencia-de-urbanismo-conocera-el-proyecto-de-uso-y-el-pliego-para-la-gestion-del-parque-trinitarios-como-centro-de-interpretacion-del-ferrocarril-y-vias-verdes-de-navarra\/#primaryimage"},"thumbnailUrl":"https:\/\/www.laguiadepamplona.com\/actualidad\/wp-content\/uploads\/2018\/05\/ayto-pamplona-3.jpg","datePublished":"2018-10-29T14:44:49+00:00","breadcrumb":{"@id":"https:\/\/www.laguiadepamplona.com\/actualidad\/gerencia-de-urbanismo-conocera-el-proyecto-de-uso-y-el-pliego-para-la-gestion-del-parque-trinitarios-como-centro-de-interpretacion-del-ferrocarril-y-vias-verdes-de-navarra\/#breadcrumb"},"inLanguage":"es","potentialAction":[{"@type":"ReadAction","target":["https:\/\/www.laguiadepamplona.com\/actualidad\/gerencia-de-urbanismo-conocera-el-proyecto-de-uso-y-el-pliego-para-la-gestion-del-parque-trinitarios-como-centro-de-interpretacion-del-ferrocarril-y-vias-verdes-de-navarra\/"]}]},{"@type":"ImageObject","inLanguage":"es","@id":"https:\/\/www.laguiadepamplona.com\/actualidad\/gerencia-de-urbanismo-conocera-el-proyecto-de-uso-y-el-pliego-para-la-gestion-del-parque-trinitarios-como-centro-de-interpretacion-del-ferrocarril-y-vias-verdes-de-navarra\/#primaryimage","url":"https:\/\/www.laguiadepamplona.com\/actualidad\/wp-content\/uploads\/2018\/05\/ayto-pamplona-3.jpg","contentUrl":"https:\/\/www.laguiadepamplona.com\/actualidad\/wp-content\/uploads\/2018\/05\/ayto-pamplona-3.jpg","width":1000,"height":555},{"@type":"BreadcrumbList","@id":"https:\/\/www.laguiadepamplona.com\/actualidad\/gerencia-de-urbanismo-conocera-el-proyecto-de-uso-y-el-pliego-para-la-gestion-del-parque-trinitarios-como-centro-de-interpretacion-del-ferrocarril-y-vias-verdes-de-navarra\/#breadcrumb","itemListElement":[{"@type":"ListItem","position":1,"name":"Portada","item":"https:\/\/www.laguiadepamplona.com\/actualidad\/"},{"@type":"ListItem","position":2,"name":"Gerencia de Urbanismo conocer\u00e1 el proyecto de uso y el pliego para la gesti\u00f3n del parque Trinitarios como centro de interpretaci\u00f3n del ferrocarril y v\u00edas verdes de Navarra"}]},{"@type":"WebSite","@id":"https:\/\/www.laguiadepamplona.com\/actualidad\/#website","url":"https:\/\/www.laguiadepamplona.com\/actualidad\/","name":"La gu\u00eda de Pamplona","description":"Noticias de Pamplona","publisher":{"@id":"https:\/\/www.laguiadepamplona.com\/actualidad\/#organization"},"potentialAction":[{"@type":"SearchAction","target":{"@type":"EntryPoint","urlTemplate":"https:\/\/www.laguiadepamplona.com\/actualidad\/?s={search_term_string}"},"query-input":{"@type":"PropertyValueSpecification","valueRequired":true,"valueName":"search_term_string"}}],"inLanguage":"es"},{"@type":"Organization","@id":"https:\/\/www.laguiadepamplona.com\/actualidad\/#organization","name":"La Gu\u00eda de Pamplona \/ Noticias","url":"https:\/\/www.laguiadepamplona.com\/actualidad\/","logo":{"@type":"ImageObject","inLanguage":"es","@id":"https:\/\/www.laguiadepamplona.com\/actualidad\/#\/schema\/logo\/image\/","url":"https:\/\/www.laguiadepamplona.com\/actualidad\/wp-content\/uploads\/2018\/11\/logo-laguiadepamplona18-web1.png","contentUrl":"https:\/\/www.laguiadepamplona.com\/actualidad\/wp-content\/uploads\/2018\/11\/logo-laguiadepamplona18-web1.png","width":600,"height":196,"caption":"La Gu\u00eda de Pamplona \/ Noticias"},"image":{"@id":"https:\/\/www.laguiadepamplona.com\/actualidad\/#\/schema\/logo\/image\/"},"sameAs":["https:\/\/www.facebook.com\/laguiadepamplonacom-133175176762273\/?ref=hl","https:\/\/x.com\/LaGuiadPamplona","https:\/\/www.instagram.com\/la_guia_de_pamplona\/","https:\/\/www.youtube.com\/user\/laguiadepamplona"]},{"@type":"Person","@id":"https:\/\/www.laguiadepamplona.com\/actualidad\/#\/schema\/person\/efe887376f0213d4657c93adc50b1fdb","name":"La Gu\u00eda de Pamplona","image":{"@type":"ImageObject","inLanguage":"es","@id":"https:\/\/secure.gravatar.com\/avatar\/b6992f131dc8d30ab0dff15446e9d346d9dbd95992de0fef795073f5ea83a81c?s=96&d=mm&r=g","url":"https:\/\/secure.gravatar.com\/avatar\/b6992f131dc8d30ab0dff15446e9d346d9dbd95992de0fef795073f5ea83a81c?s=96&d=mm&r=g","contentUrl":"https:\/\/secure.gravatar.com\/avatar\/b6992f131dc8d30ab0dff15446e9d346d9dbd95992de0fef795073f5ea83a81c?s=96&d=mm&r=g","caption":"La Gu\u00eda de Pamplona"}}]}},"post_mailing_queue_ids":[],"_links":{"self":[{"href":"https:\/\/www.laguiadepamplona.com\/actualidad\/wp-json\/wp\/v2\/posts\/19187","targetHints":{"allow":["GET"]}}],"collection":[{"href":"https:\/\/www.laguiadepamplona.com\/actualidad\/wp-json\/wp\/v2\/posts"}],"about":[{"href":"https:\/\/www.laguiadepamplona.com\/actualidad\/wp-json\/wp\/v2\/types\/post"}],"author":[{"embeddable":true,"href":"https:\/\/www.laguiadepamplona.com\/actualidad\/wp-json\/wp\/v2\/users\/1"}],"replies":[{"embeddable":true,"href":"https:\/\/www.laguiadepamplona.com\/actualidad\/wp-json\/wp\/v2\/comments?post=19187"}],"version-history":[{"count":0,"href":"https:\/\/www.laguiadepamplona.com\/actualidad\/wp-json\/wp\/v2\/posts\/19187\/revisions"}],"wp:featuredmedia":[{"embeddable":true,"href":"https:\/\/www.laguiadepamplona.com\/actualidad\/wp-json\/wp\/v2\/media\/17600"}],"wp:attachment":[{"href":"https:\/\/www.laguiadepamplona.com\/actualidad\/wp-json\/wp\/v2\/media?parent=19187"}],"wp:term":[{"taxonomy":"category","embeddable":true,"href":"https:\/\/www.laguiadepamplona.com\/actualidad\/wp-json\/wp\/v2\/categories?post=19187"},{"taxonomy":"post_tag","embeddable":true,"href":"https:\/\/www.laguiadepamplona.com\/actualidad\/wp-json\/wp\/v2\/tags?post=19187"}],"curies":[{"name":"wp","href":"https:\/\/api.w.org\/{rel}","templated":true}]}}