{"id":19183,"date":"2018-10-29T14:21:58","date_gmt":"2018-10-29T12:21:58","guid":{"rendered":"https:\/\/www.laguiadepamplona.es\/actualidad\/?p=19183"},"modified":"2018-10-29T14:21:58","modified_gmt":"2018-10-29T12:21:58","slug":"los-mercados-municipales-donan-a-la-asociacion-navarra-de-dano-cerebral-los-750-euros-recaudados-el-sabado-en-una-nueva-edicion-de-saborea-el-otono","status":"publish","type":"post","link":"https:\/\/www.laguiadepamplona.com\/actualidad\/los-mercados-municipales-donan-a-la-asociacion-navarra-de-dano-cerebral-los-750-euros-recaudados-el-sabado-en-una-nueva-edicion-de-saborea-el-otono\/","title":{"rendered":"Los mercados municipales donan a la Asociaci\u00f3n Navarra de Da\u00f1o Cerebral los 750 euros recaudados el s\u00e1bado en una nueva edici\u00f3n de \u2018Saborea el oto\u00f1o\u2019"},"content":{"rendered":"<h3>Se degustaron 750 pinchos de temporada y vinos D.O Navarra en Santo Domingo, Ermitaga\u00f1a y Ensanche<\/h3>\n<p><!--more--><\/p>\n<p><a href=\"https:\/\/www.laguiadepamplona.es\/actualidad\/wp-content\/uploads\/2018\/10\/18.10.29_Saborea-el-oto\u00f1o_2.jpg\"><img loading=\"lazy\" decoding=\"async\" class=\"alignleft size-medium wp-image-19185\" src=\"https:\/\/www.laguiadepamplona.es\/actualidad\/wp-content\/uploads\/2018\/10\/18.10.29_Saborea-el-oto\u00f1o_2-300x200.jpg\" alt=\"\" width=\"300\" height=\"200\" srcset=\"https:\/\/www.laguiadepamplona.com\/actualidad\/wp-content\/uploads\/2018\/10\/18.10.29_Saborea-el-oto\u00f1o_2-300x200.jpg 300w, https:\/\/www.laguiadepamplona.com\/actualidad\/wp-content\/uploads\/2018\/10\/18.10.29_Saborea-el-oto\u00f1o_2-768x512.jpg 768w, https:\/\/www.laguiadepamplona.com\/actualidad\/wp-content\/uploads\/2018\/10\/18.10.29_Saborea-el-oto\u00f1o_2-640x427.jpg 640w, https:\/\/www.laguiadepamplona.com\/actualidad\/wp-content\/uploads\/2018\/10\/18.10.29_Saborea-el-oto\u00f1o_2.jpg 1000w\" sizes=\"auto, (max-width: 300px) 100vw, 300px\" \/><\/a>Los mercados municipales de Santo Domingo, Ensanche y Ermitaga\u00f1a han donado a la Asociaci\u00f3n Navarra de Da\u00f1o Cerebral (ADACEN) los 750 euros que se recaudaron el s\u00e1bado en la degustaci\u00f3n de pinchos y vinos D.O. Navarra celebrada dentro de la iniciativa \u2018Saborea el oto\u00f1o\u2019. El coordinador del mercado del Ensanche, Diego Cantero, fue el encargado de entregar el cheque con la recaudaci\u00f3n de los tres mercados a la secretaria de la Junta de ADACEN, Mirentxu L\u00f3pez L\u00f3pez, con presencia tambi\u00e9n de la t\u00e9cnica de Comercio del Ayuntamiento, Itziar Gorricho.<\/p>\n<p>En total se degustaron 750 raciones de varios pinchos elaborados por los restauradores de Don Carlos (Jon Monterroso), Obas (Pedro Amatria y Mar\u00eda Gag\u00f1ay) y Zokoa (Juanjo Benedicto) al precio de 1 euro, con vino D.O. Navara incluido. Los pinchos estaban elaborados con producto de temporada, como verduras y otros, que se pueden adquirir frescos y de calidad en los propios mercados. Adem\u00e1s, para dar ambientaci\u00f3n y recordar la importancia de los productos de temporada, en los tres mercados hubo una exposici\u00f3n de setas y hongos seleccionadas por Ignacio Tarazona, bi\u00f3logo y miembro del comit\u00e9 cient\u00edfico de la Sociedad Micol\u00f3gica Valenciana.<\/p>\n","protected":false},"excerpt":{"rendered":"<p>Se degustaron 750 pinchos de temporada y vinos D.O Navarra en Santo Domingo, Ermitaga\u00f1a y Ensanche<\/p>\n","protected":false},"author":1,"featured_media":19184,"comment_status":"open","ping_status":"closed","sticky":false,"template":"","format":"standard","meta":{"footnotes":""},"categories":[2],"tags":[],"class_list":["post-19183","post","type-post","status-publish","format-standard","has-post-thumbnail","hentry","category-ayuntamiento-pamplona"],"yoast_head":"<!-- This site is optimized with the Yoast SEO plugin v27.3 - https:\/\/yoast.com\/product\/yoast-seo-wordpress\/ -->\n<title>Los mercados municipales donan a la Asociaci\u00f3n Navarra de Da\u00f1o Cerebral los 750 euros recaudados el s\u00e1bado en una nueva edici\u00f3n de \u2018Saborea el oto\u00f1o\u2019<\/title>\n<meta name=\"robots\" content=\"index, follow, max-snippet:-1, max-image-preview:large, max-video-preview:-1\" \/>\n<link rel=\"canonical\" href=\"https:\/\/www.laguiadepamplona.com\/actualidad\/los-mercados-municipales-donan-a-la-asociacion-navarra-de-dano-cerebral-los-750-euros-recaudados-el-sabado-en-una-nueva-edicion-de-saborea-el-otono\/\" \/>\n<meta property=\"og:locale\" content=\"es_ES\" \/>\n<meta property=\"og:type\" content=\"article\" \/>\n<meta property=\"og:title\" content=\"Los mercados municipales donan a la Asociaci\u00f3n Navarra de Da\u00f1o Cerebral los 750 euros recaudados el s\u00e1bado en una nueva edici\u00f3n de \u2018Saborea el oto\u00f1o\u2019\" \/>\n<meta property=\"og:description\" content=\"Se degustaron 750 pinchos de temporada y vinos D.O Navarra en Santo Domingo, Ermitaga\u00f1a y Ensanche\" \/>\n<meta property=\"og:url\" content=\"https:\/\/www.laguiadepamplona.com\/actualidad\/los-mercados-municipales-donan-a-la-asociacion-navarra-de-dano-cerebral-los-750-euros-recaudados-el-sabado-en-una-nueva-edicion-de-saborea-el-otono\/\" \/>\n<meta property=\"og:site_name\" content=\"La Gu\u00eda de Pamplona\" \/>\n<meta property=\"article:publisher\" content=\"https:\/\/www.facebook.com\/laguiadepamplonacom-133175176762273\/?ref=hl\" \/>\n<meta property=\"article:published_time\" content=\"2018-10-29T12:21:58+00:00\" \/>\n<meta property=\"og:image\" content=\"https:\/\/www.laguiadepamplona.com\/actualidad\/wp-content\/uploads\/2018\/10\/18.10.29_Saborea-el-oto\u00f1o_1.jpg\" \/>\n\t<meta property=\"og:image:width\" content=\"1000\" \/>\n\t<meta property=\"og:image:height\" content=\"667\" \/>\n\t<meta property=\"og:image:type\" content=\"image\/jpeg\" \/>\n<meta name=\"author\" content=\"La Gu\u00eda de Pamplona\" \/>\n<meta name=\"twitter:card\" content=\"summary_large_image\" \/>\n<meta name=\"twitter:creator\" content=\"@LaGuiadPamplona\" \/>\n<meta name=\"twitter:site\" content=\"@LaGuiadPamplona\" \/>\n<meta name=\"twitter:label1\" content=\"Escrito por\" \/>\n\t<meta name=\"twitter:data1\" content=\"La Gu\u00eda de Pamplona\" \/>\n\t<meta name=\"twitter:label2\" content=\"Tiempo de lectura\" \/>\n\t<meta name=\"twitter:data2\" content=\"1 minuto\" \/>\n<script type=\"application\/ld+json\" class=\"yoast-schema-graph\">{\"@context\":\"https:\\\/\\\/schema.org\",\"@graph\":[{\"@type\":\"Article\",\"@id\":\"https:\\\/\\\/www.laguiadepamplona.com\\\/actualidad\\\/los-mercados-municipales-donan-a-la-asociacion-navarra-de-dano-cerebral-los-750-euros-recaudados-el-sabado-en-una-nueva-edicion-de-saborea-el-otono\\\/#article\",\"isPartOf\":{\"@id\":\"https:\\\/\\\/www.laguiadepamplona.com\\\/actualidad\\\/los-mercados-municipales-donan-a-la-asociacion-navarra-de-dano-cerebral-los-750-euros-recaudados-el-sabado-en-una-nueva-edicion-de-saborea-el-otono\\\/\"},\"author\":{\"name\":\"La Gu\u00eda de Pamplona\",\"@id\":\"https:\\\/\\\/www.laguiadepamplona.com\\\/actualidad\\\/#\\\/schema\\\/person\\\/efe887376f0213d4657c93adc50b1fdb\"},\"headline\":\"Los mercados municipales donan a la Asociaci\u00f3n Navarra de Da\u00f1o Cerebral los 750 euros recaudados el s\u00e1bado en una nueva edici\u00f3n de \u2018Saborea el oto\u00f1o\u2019\",\"datePublished\":\"2018-10-29T12:21:58+00:00\",\"mainEntityOfPage\":{\"@id\":\"https:\\\/\\\/www.laguiadepamplona.com\\\/actualidad\\\/los-mercados-municipales-donan-a-la-asociacion-navarra-de-dano-cerebral-los-750-euros-recaudados-el-sabado-en-una-nueva-edicion-de-saborea-el-otono\\\/\"},\"wordCount\":254,\"commentCount\":0,\"publisher\":{\"@id\":\"https:\\\/\\\/www.laguiadepamplona.com\\\/actualidad\\\/#organization\"},\"image\":{\"@id\":\"https:\\\/\\\/www.laguiadepamplona.com\\\/actualidad\\\/los-mercados-municipales-donan-a-la-asociacion-navarra-de-dano-cerebral-los-750-euros-recaudados-el-sabado-en-una-nueva-edicion-de-saborea-el-otono\\\/#primaryimage\"},\"thumbnailUrl\":\"https:\\\/\\\/www.laguiadepamplona.com\\\/actualidad\\\/wp-content\\\/uploads\\\/2018\\\/10\\\/18.10.29_Saborea-el-oto\u00f1o_1.jpg\",\"articleSection\":[\"Ayto Pamplona\"],\"inLanguage\":\"es\",\"potentialAction\":[{\"@type\":\"CommentAction\",\"name\":\"Comment\",\"target\":[\"https:\\\/\\\/www.laguiadepamplona.com\\\/actualidad\\\/los-mercados-municipales-donan-a-la-asociacion-navarra-de-dano-cerebral-los-750-euros-recaudados-el-sabado-en-una-nueva-edicion-de-saborea-el-otono\\\/#respond\"]}]},{\"@type\":\"WebPage\",\"@id\":\"https:\\\/\\\/www.laguiadepamplona.com\\\/actualidad\\\/los-mercados-municipales-donan-a-la-asociacion-navarra-de-dano-cerebral-los-750-euros-recaudados-el-sabado-en-una-nueva-edicion-de-saborea-el-otono\\\/\",\"url\":\"https:\\\/\\\/www.laguiadepamplona.com\\\/actualidad\\\/los-mercados-municipales-donan-a-la-asociacion-navarra-de-dano-cerebral-los-750-euros-recaudados-el-sabado-en-una-nueva-edicion-de-saborea-el-otono\\\/\",\"name\":\"Los mercados municipales donan a la Asociaci\u00f3n Navarra de Da\u00f1o Cerebral los 750 euros recaudados el s\u00e1bado en una nueva edici\u00f3n de \u2018Saborea el oto\u00f1o\u2019\",\"isPartOf\":{\"@id\":\"https:\\\/\\\/www.laguiadepamplona.com\\\/actualidad\\\/#website\"},\"primaryImageOfPage\":{\"@id\":\"https:\\\/\\\/www.laguiadepamplona.com\\\/actualidad\\\/los-mercados-municipales-donan-a-la-asociacion-navarra-de-dano-cerebral-los-750-euros-recaudados-el-sabado-en-una-nueva-edicion-de-saborea-el-otono\\\/#primaryimage\"},\"image\":{\"@id\":\"https:\\\/\\\/www.laguiadepamplona.com\\\/actualidad\\\/los-mercados-municipales-donan-a-la-asociacion-navarra-de-dano-cerebral-los-750-euros-recaudados-el-sabado-en-una-nueva-edicion-de-saborea-el-otono\\\/#primaryimage\"},\"thumbnailUrl\":\"https:\\\/\\\/www.laguiadepamplona.com\\\/actualidad\\\/wp-content\\\/uploads\\\/2018\\\/10\\\/18.10.29_Saborea-el-oto\u00f1o_1.jpg\",\"datePublished\":\"2018-10-29T12:21:58+00:00\",\"breadcrumb\":{\"@id\":\"https:\\\/\\\/www.laguiadepamplona.com\\\/actualidad\\\/los-mercados-municipales-donan-a-la-asociacion-navarra-de-dano-cerebral-los-750-euros-recaudados-el-sabado-en-una-nueva-edicion-de-saborea-el-otono\\\/#breadcrumb\"},\"inLanguage\":\"es\",\"potentialAction\":[{\"@type\":\"ReadAction\",\"target\":[\"https:\\\/\\\/www.laguiadepamplona.com\\\/actualidad\\\/los-mercados-municipales-donan-a-la-asociacion-navarra-de-dano-cerebral-los-750-euros-recaudados-el-sabado-en-una-nueva-edicion-de-saborea-el-otono\\\/\"]}]},{\"@type\":\"ImageObject\",\"inLanguage\":\"es\",\"@id\":\"https:\\\/\\\/www.laguiadepamplona.com\\\/actualidad\\\/los-mercados-municipales-donan-a-la-asociacion-navarra-de-dano-cerebral-los-750-euros-recaudados-el-sabado-en-una-nueva-edicion-de-saborea-el-otono\\\/#primaryimage\",\"url\":\"https:\\\/\\\/www.laguiadepamplona.com\\\/actualidad\\\/wp-content\\\/uploads\\\/2018\\\/10\\\/18.10.29_Saborea-el-oto\u00f1o_1.jpg\",\"contentUrl\":\"https:\\\/\\\/www.laguiadepamplona.com\\\/actualidad\\\/wp-content\\\/uploads\\\/2018\\\/10\\\/18.10.29_Saborea-el-oto\u00f1o_1.jpg\",\"width\":1000,\"height\":667},{\"@type\":\"BreadcrumbList\",\"@id\":\"https:\\\/\\\/www.laguiadepamplona.com\\\/actualidad\\\/los-mercados-municipales-donan-a-la-asociacion-navarra-de-dano-cerebral-los-750-euros-recaudados-el-sabado-en-una-nueva-edicion-de-saborea-el-otono\\\/#breadcrumb\",\"itemListElement\":[{\"@type\":\"ListItem\",\"position\":1,\"name\":\"Portada\",\"item\":\"https:\\\/\\\/www.laguiadepamplona.com\\\/actualidad\\\/\"},{\"@type\":\"ListItem\",\"position\":2,\"name\":\"Los mercados municipales donan a la Asociaci\u00f3n Navarra de Da\u00f1o Cerebral los 750 euros recaudados el s\u00e1bado en una nueva edici\u00f3n de \u2018Saborea el oto\u00f1o\u2019\"}]},{\"@type\":\"WebSite\",\"@id\":\"https:\\\/\\\/www.laguiadepamplona.com\\\/actualidad\\\/#website\",\"url\":\"https:\\\/\\\/www.laguiadepamplona.com\\\/actualidad\\\/\",\"name\":\"La gu\u00eda de Pamplona\",\"description\":\"Noticias de Pamplona\",\"publisher\":{\"@id\":\"https:\\\/\\\/www.laguiadepamplona.com\\\/actualidad\\\/#organization\"},\"potentialAction\":[{\"@type\":\"SearchAction\",\"target\":{\"@type\":\"EntryPoint\",\"urlTemplate\":\"https:\\\/\\\/www.laguiadepamplona.com\\\/actualidad\\\/?s={search_term_string}\"},\"query-input\":{\"@type\":\"PropertyValueSpecification\",\"valueRequired\":true,\"valueName\":\"search_term_string\"}}],\"inLanguage\":\"es\"},{\"@type\":\"Organization\",\"@id\":\"https:\\\/\\\/www.laguiadepamplona.com\\\/actualidad\\\/#organization\",\"name\":\"La Gu\u00eda de Pamplona \\\/ Noticias\",\"url\":\"https:\\\/\\\/www.laguiadepamplona.com\\\/actualidad\\\/\",\"logo\":{\"@type\":\"ImageObject\",\"inLanguage\":\"es\",\"@id\":\"https:\\\/\\\/www.laguiadepamplona.com\\\/actualidad\\\/#\\\/schema\\\/logo\\\/image\\\/\",\"url\":\"https:\\\/\\\/www.laguiadepamplona.com\\\/actualidad\\\/wp-content\\\/uploads\\\/2018\\\/11\\\/logo-laguiadepamplona18-web1.png\",\"contentUrl\":\"https:\\\/\\\/www.laguiadepamplona.com\\\/actualidad\\\/wp-content\\\/uploads\\\/2018\\\/11\\\/logo-laguiadepamplona18-web1.png\",\"width\":600,\"height\":196,\"caption\":\"La Gu\u00eda de Pamplona \\\/ Noticias\"},\"image\":{\"@id\":\"https:\\\/\\\/www.laguiadepamplona.com\\\/actualidad\\\/#\\\/schema\\\/logo\\\/image\\\/\"},\"sameAs\":[\"https:\\\/\\\/www.facebook.com\\\/laguiadepamplonacom-133175176762273\\\/?ref=hl\",\"https:\\\/\\\/x.com\\\/LaGuiadPamplona\",\"https:\\\/\\\/www.instagram.com\\\/la_guia_de_pamplona\\\/\",\"https:\\\/\\\/www.youtube.com\\\/user\\\/laguiadepamplona\"]},{\"@type\":\"Person\",\"@id\":\"https:\\\/\\\/www.laguiadepamplona.com\\\/actualidad\\\/#\\\/schema\\\/person\\\/efe887376f0213d4657c93adc50b1fdb\",\"name\":\"La Gu\u00eda de Pamplona\",\"image\":{\"@type\":\"ImageObject\",\"inLanguage\":\"es\",\"@id\":\"https:\\\/\\\/secure.gravatar.com\\\/avatar\\\/b6992f131dc8d30ab0dff15446e9d346d9dbd95992de0fef795073f5ea83a81c?s=96&d=mm&r=g\",\"url\":\"https:\\\/\\\/secure.gravatar.com\\\/avatar\\\/b6992f131dc8d30ab0dff15446e9d346d9dbd95992de0fef795073f5ea83a81c?s=96&d=mm&r=g\",\"contentUrl\":\"https:\\\/\\\/secure.gravatar.com\\\/avatar\\\/b6992f131dc8d30ab0dff15446e9d346d9dbd95992de0fef795073f5ea83a81c?s=96&d=mm&r=g\",\"caption\":\"La Gu\u00eda de Pamplona\"}}]}<\/script>\n<!-- \/ Yoast SEO plugin. -->","yoast_head_json":{"title":"Los mercados municipales donan a la Asociaci\u00f3n Navarra de Da\u00f1o Cerebral los 750 euros recaudados el s\u00e1bado en una nueva edici\u00f3n de \u2018Saborea el oto\u00f1o\u2019","robots":{"index":"index","follow":"follow","max-snippet":"max-snippet:-1","max-image-preview":"max-image-preview:large","max-video-preview":"max-video-preview:-1"},"canonical":"https:\/\/www.laguiadepamplona.com\/actualidad\/los-mercados-municipales-donan-a-la-asociacion-navarra-de-dano-cerebral-los-750-euros-recaudados-el-sabado-en-una-nueva-edicion-de-saborea-el-otono\/","og_locale":"es_ES","og_type":"article","og_title":"Los mercados municipales donan a la Asociaci\u00f3n Navarra de Da\u00f1o Cerebral los 750 euros recaudados el s\u00e1bado en una nueva edici\u00f3n de \u2018Saborea el oto\u00f1o\u2019","og_description":"Se degustaron 750 pinchos de temporada y vinos D.O Navarra en Santo Domingo, Ermitaga\u00f1a y Ensanche","og_url":"https:\/\/www.laguiadepamplona.com\/actualidad\/los-mercados-municipales-donan-a-la-asociacion-navarra-de-dano-cerebral-los-750-euros-recaudados-el-sabado-en-una-nueva-edicion-de-saborea-el-otono\/","og_site_name":"La Gu\u00eda de Pamplona","article_publisher":"https:\/\/www.facebook.com\/laguiadepamplonacom-133175176762273\/?ref=hl","article_published_time":"2018-10-29T12:21:58+00:00","og_image":[{"width":1000,"height":667,"url":"https:\/\/www.laguiadepamplona.com\/actualidad\/wp-content\/uploads\/2018\/10\/18.10.29_Saborea-el-oto\u00f1o_1.jpg","type":"image\/jpeg"}],"author":"La Gu\u00eda de Pamplona","twitter_card":"summary_large_image","twitter_creator":"@LaGuiadPamplona","twitter_site":"@LaGuiadPamplona","twitter_misc":{"Escrito por":"La Gu\u00eda de Pamplona","Tiempo de lectura":"1 minuto"},"schema":{"@context":"https:\/\/schema.org","@graph":[{"@type":"Article","@id":"https:\/\/www.laguiadepamplona.com\/actualidad\/los-mercados-municipales-donan-a-la-asociacion-navarra-de-dano-cerebral-los-750-euros-recaudados-el-sabado-en-una-nueva-edicion-de-saborea-el-otono\/#article","isPartOf":{"@id":"https:\/\/www.laguiadepamplona.com\/actualidad\/los-mercados-municipales-donan-a-la-asociacion-navarra-de-dano-cerebral-los-750-euros-recaudados-el-sabado-en-una-nueva-edicion-de-saborea-el-otono\/"},"author":{"name":"La Gu\u00eda de Pamplona","@id":"https:\/\/www.laguiadepamplona.com\/actualidad\/#\/schema\/person\/efe887376f0213d4657c93adc50b1fdb"},"headline":"Los mercados municipales donan a la Asociaci\u00f3n Navarra de Da\u00f1o Cerebral los 750 euros recaudados el s\u00e1bado en una nueva edici\u00f3n de \u2018Saborea el oto\u00f1o\u2019","datePublished":"2018-10-29T12:21:58+00:00","mainEntityOfPage":{"@id":"https:\/\/www.laguiadepamplona.com\/actualidad\/los-mercados-municipales-donan-a-la-asociacion-navarra-de-dano-cerebral-los-750-euros-recaudados-el-sabado-en-una-nueva-edicion-de-saborea-el-otono\/"},"wordCount":254,"commentCount":0,"publisher":{"@id":"https:\/\/www.laguiadepamplona.com\/actualidad\/#organization"},"image":{"@id":"https:\/\/www.laguiadepamplona.com\/actualidad\/los-mercados-municipales-donan-a-la-asociacion-navarra-de-dano-cerebral-los-750-euros-recaudados-el-sabado-en-una-nueva-edicion-de-saborea-el-otono\/#primaryimage"},"thumbnailUrl":"https:\/\/www.laguiadepamplona.com\/actualidad\/wp-content\/uploads\/2018\/10\/18.10.29_Saborea-el-oto\u00f1o_1.jpg","articleSection":["Ayto Pamplona"],"inLanguage":"es","potentialAction":[{"@type":"CommentAction","name":"Comment","target":["https:\/\/www.laguiadepamplona.com\/actualidad\/los-mercados-municipales-donan-a-la-asociacion-navarra-de-dano-cerebral-los-750-euros-recaudados-el-sabado-en-una-nueva-edicion-de-saborea-el-otono\/#respond"]}]},{"@type":"WebPage","@id":"https:\/\/www.laguiadepamplona.com\/actualidad\/los-mercados-municipales-donan-a-la-asociacion-navarra-de-dano-cerebral-los-750-euros-recaudados-el-sabado-en-una-nueva-edicion-de-saborea-el-otono\/","url":"https:\/\/www.laguiadepamplona.com\/actualidad\/los-mercados-municipales-donan-a-la-asociacion-navarra-de-dano-cerebral-los-750-euros-recaudados-el-sabado-en-una-nueva-edicion-de-saborea-el-otono\/","name":"Los mercados municipales donan a la Asociaci\u00f3n Navarra de Da\u00f1o Cerebral los 750 euros recaudados el s\u00e1bado en una nueva edici\u00f3n de \u2018Saborea el oto\u00f1o\u2019","isPartOf":{"@id":"https:\/\/www.laguiadepamplona.com\/actualidad\/#website"},"primaryImageOfPage":{"@id":"https:\/\/www.laguiadepamplona.com\/actualidad\/los-mercados-municipales-donan-a-la-asociacion-navarra-de-dano-cerebral-los-750-euros-recaudados-el-sabado-en-una-nueva-edicion-de-saborea-el-otono\/#primaryimage"},"image":{"@id":"https:\/\/www.laguiadepamplona.com\/actualidad\/los-mercados-municipales-donan-a-la-asociacion-navarra-de-dano-cerebral-los-750-euros-recaudados-el-sabado-en-una-nueva-edicion-de-saborea-el-otono\/#primaryimage"},"thumbnailUrl":"https:\/\/www.laguiadepamplona.com\/actualidad\/wp-content\/uploads\/2018\/10\/18.10.29_Saborea-el-oto\u00f1o_1.jpg","datePublished":"2018-10-29T12:21:58+00:00","breadcrumb":{"@id":"https:\/\/www.laguiadepamplona.com\/actualidad\/los-mercados-municipales-donan-a-la-asociacion-navarra-de-dano-cerebral-los-750-euros-recaudados-el-sabado-en-una-nueva-edicion-de-saborea-el-otono\/#breadcrumb"},"inLanguage":"es","potentialAction":[{"@type":"ReadAction","target":["https:\/\/www.laguiadepamplona.com\/actualidad\/los-mercados-municipales-donan-a-la-asociacion-navarra-de-dano-cerebral-los-750-euros-recaudados-el-sabado-en-una-nueva-edicion-de-saborea-el-otono\/"]}]},{"@type":"ImageObject","inLanguage":"es","@id":"https:\/\/www.laguiadepamplona.com\/actualidad\/los-mercados-municipales-donan-a-la-asociacion-navarra-de-dano-cerebral-los-750-euros-recaudados-el-sabado-en-una-nueva-edicion-de-saborea-el-otono\/#primaryimage","url":"https:\/\/www.laguiadepamplona.com\/actualidad\/wp-content\/uploads\/2018\/10\/18.10.29_Saborea-el-oto\u00f1o_1.jpg","contentUrl":"https:\/\/www.laguiadepamplona.com\/actualidad\/wp-content\/uploads\/2018\/10\/18.10.29_Saborea-el-oto\u00f1o_1.jpg","width":1000,"height":667},{"@type":"BreadcrumbList","@id":"https:\/\/www.laguiadepamplona.com\/actualidad\/los-mercados-municipales-donan-a-la-asociacion-navarra-de-dano-cerebral-los-750-euros-recaudados-el-sabado-en-una-nueva-edicion-de-saborea-el-otono\/#breadcrumb","itemListElement":[{"@type":"ListItem","position":1,"name":"Portada","item":"https:\/\/www.laguiadepamplona.com\/actualidad\/"},{"@type":"ListItem","position":2,"name":"Los mercados municipales donan a la Asociaci\u00f3n Navarra de Da\u00f1o Cerebral los 750 euros recaudados el s\u00e1bado en una nueva edici\u00f3n de \u2018Saborea el oto\u00f1o\u2019"}]},{"@type":"WebSite","@id":"https:\/\/www.laguiadepamplona.com\/actualidad\/#website","url":"https:\/\/www.laguiadepamplona.com\/actualidad\/","name":"La gu\u00eda de Pamplona","description":"Noticias de Pamplona","publisher":{"@id":"https:\/\/www.laguiadepamplona.com\/actualidad\/#organization"},"potentialAction":[{"@type":"SearchAction","target":{"@type":"EntryPoint","urlTemplate":"https:\/\/www.laguiadepamplona.com\/actualidad\/?s={search_term_string}"},"query-input":{"@type":"PropertyValueSpecification","valueRequired":true,"valueName":"search_term_string"}}],"inLanguage":"es"},{"@type":"Organization","@id":"https:\/\/www.laguiadepamplona.com\/actualidad\/#organization","name":"La Gu\u00eda de Pamplona \/ Noticias","url":"https:\/\/www.laguiadepamplona.com\/actualidad\/","logo":{"@type":"ImageObject","inLanguage":"es","@id":"https:\/\/www.laguiadepamplona.com\/actualidad\/#\/schema\/logo\/image\/","url":"https:\/\/www.laguiadepamplona.com\/actualidad\/wp-content\/uploads\/2018\/11\/logo-laguiadepamplona18-web1.png","contentUrl":"https:\/\/www.laguiadepamplona.com\/actualidad\/wp-content\/uploads\/2018\/11\/logo-laguiadepamplona18-web1.png","width":600,"height":196,"caption":"La Gu\u00eda de Pamplona \/ Noticias"},"image":{"@id":"https:\/\/www.laguiadepamplona.com\/actualidad\/#\/schema\/logo\/image\/"},"sameAs":["https:\/\/www.facebook.com\/laguiadepamplonacom-133175176762273\/?ref=hl","https:\/\/x.com\/LaGuiadPamplona","https:\/\/www.instagram.com\/la_guia_de_pamplona\/","https:\/\/www.youtube.com\/user\/laguiadepamplona"]},{"@type":"Person","@id":"https:\/\/www.laguiadepamplona.com\/actualidad\/#\/schema\/person\/efe887376f0213d4657c93adc50b1fdb","name":"La Gu\u00eda de Pamplona","image":{"@type":"ImageObject","inLanguage":"es","@id":"https:\/\/secure.gravatar.com\/avatar\/b6992f131dc8d30ab0dff15446e9d346d9dbd95992de0fef795073f5ea83a81c?s=96&d=mm&r=g","url":"https:\/\/secure.gravatar.com\/avatar\/b6992f131dc8d30ab0dff15446e9d346d9dbd95992de0fef795073f5ea83a81c?s=96&d=mm&r=g","contentUrl":"https:\/\/secure.gravatar.com\/avatar\/b6992f131dc8d30ab0dff15446e9d346d9dbd95992de0fef795073f5ea83a81c?s=96&d=mm&r=g","caption":"La Gu\u00eda de Pamplona"}}]}},"post_mailing_queue_ids":[],"_links":{"self":[{"href":"https:\/\/www.laguiadepamplona.com\/actualidad\/wp-json\/wp\/v2\/posts\/19183","targetHints":{"allow":["GET"]}}],"collection":[{"href":"https:\/\/www.laguiadepamplona.com\/actualidad\/wp-json\/wp\/v2\/posts"}],"about":[{"href":"https:\/\/www.laguiadepamplona.com\/actualidad\/wp-json\/wp\/v2\/types\/post"}],"author":[{"embeddable":true,"href":"https:\/\/www.laguiadepamplona.com\/actualidad\/wp-json\/wp\/v2\/users\/1"}],"replies":[{"embeddable":true,"href":"https:\/\/www.laguiadepamplona.com\/actualidad\/wp-json\/wp\/v2\/comments?post=19183"}],"version-history":[{"count":0,"href":"https:\/\/www.laguiadepamplona.com\/actualidad\/wp-json\/wp\/v2\/posts\/19183\/revisions"}],"wp:featuredmedia":[{"embeddable":true,"href":"https:\/\/www.laguiadepamplona.com\/actualidad\/wp-json\/wp\/v2\/media\/19184"}],"wp:attachment":[{"href":"https:\/\/www.laguiadepamplona.com\/actualidad\/wp-json\/wp\/v2\/media?parent=19183"}],"wp:term":[{"taxonomy":"category","embeddable":true,"href":"https:\/\/www.laguiadepamplona.com\/actualidad\/wp-json\/wp\/v2\/categories?post=19183"},{"taxonomy":"post_tag","embeddable":true,"href":"https:\/\/www.laguiadepamplona.com\/actualidad\/wp-json\/wp\/v2\/tags?post=19183"}],"curies":[{"name":"wp","href":"https:\/\/api.w.org\/{rel}","templated":true}]}}