{"id":19180,"date":"2018-10-29T13:54:04","date_gmt":"2018-10-29T11:54:04","guid":{"rendered":"https:\/\/www.laguiadepamplona.es\/actualidad\/?p=19180"},"modified":"2018-10-29T13:54:04","modified_gmt":"2018-10-29T11:54:04","slug":"pamplona-acoge-del-9-al-11-de-noviembre-los-xxx-encuentros-estatales-lgtbi-para-generar-un-espacio-de-reflexion-y-propuestas-sobre-diversidad-sexual-y-de-genero","status":"publish","type":"post","link":"https:\/\/www.laguiadepamplona.com\/actualidad\/pamplona-acoge-del-9-al-11-de-noviembre-los-xxx-encuentros-estatales-lgtbi-para-generar-un-espacio-de-reflexion-y-propuestas-sobre-diversidad-sexual-y-de-genero\/","title":{"rendered":"Pamplona acoge del 9 al 11 de noviembre los XXX Encuentros Estatales LGTBI+ para generar un espacio de reflexi\u00f3n y propuestas sobre diversidad sexual y de g\u00e9nero"},"content":{"rendered":"<h3>Organizados por Ayuntamiento y Kattalingorri, tendr\u00e1n lugar en Baluarte y las inscripciones pueden realizarse en <a href=\"http:\/\/www.encuentroslgtbpamplona.com\/\" target=\"_blank\" rel=\"noopener\">www.encuentroslgtbpamplona.com<\/a><\/h3>\n<p><!--more--><\/p>\n<p>Pamplona ser\u00e1 sede el pr\u00f3ximo mes de noviembre de los XXX Encuentros Estatales LGTBI+, unas jornadas que tienen como objetivo generar un espacio de reflexi\u00f3n, debate y propuestas en torno a la diversidad sexual y de g\u00e9nero, as\u00ed como fortalecer lazos entre los colectivos de lesbianas, gays, bisexuales y transexuales. Los encuentros, organizados por Ayuntamiento de Pamplona y Kattalingorri, con colaboraci\u00f3n del Gobierno de Navarra, se celebrar\u00e1n del 9 al 11 de noviembre en el Palacio de Congresos y Auditorio Baluarte. Las inscripciones est\u00e1n abiertas y pueden realizarse en la web de esta iniciativa, <a href=\"http:\/\/www.encuentroslgtbpamplona.com\/\" target=\"_blank\" rel=\"noopener\">www.encuentroslgtbpamplona.com<\/a>.<\/p>\n<p>Los encuentros han sido presentados hoy en rueda de prensa por el alcalde de Pamplona, Joseba Asiron, acompa\u00f1ado por la t\u00e9cnica municipal de Igualdad y LGTBI Vanesa Egu\u00edluz y por Xabi S\u00e1nchez, de Kattalingorri. En esta edici\u00f3n, la organizaci\u00f3n de los encuentros busca propiciar elementos de reflexi\u00f3n sobre la realidad de las personas y colectivos LGTBI+, generar propuestas de trabajo conjunto y espacios que faciliten el intercambio de buenas pr\u00e1cticas, y abordar tem\u00e1ticas transversales para el colectivo LGTBI+.<\/p>\n<p>La inscripci\u00f3n en los Encuentros tiene un precio general de 25 euros, con un descuento de 10 euros para menores de 25 a\u00f1os y personas en paro, que pagar\u00e1n 15 euros. El logotipo de las\u00a0 jornadas representa a la Estatua de los Fueros portando una bandera arco iris, s\u00edmbolo del colectivo LGTBI, y una fusta con los colores de la bandera trans.<\/p>\n<p><strong>Programa de las jornadas<\/strong><\/p>\n<p>Los encuentros proponen desarrollar un trabajo en dos l\u00edneas que se interrelacionan y se retroalimentan. Por un lado, el viernes por la tarde y el s\u00e1bado por la ma\u00f1ana tendr\u00e1n lugar varias conferencias que tiene como objetivos clave poder abordar tem\u00e1ticas de inter\u00e9s para este colectivo, como son las pol\u00edticas p\u00fablicas LGTBI+, el concepto de interseccionalidad, feminismos y LGTBI+ y violencia intrag\u00e9nero\/intrasexo; y la generaci\u00f3n de un espacio estrat\u00e9gico para abordar buenas pr\u00e1cticas exportables a otros territorios en relaci\u00f3n a las pol\u00edticas y servicios LGTBI+ que se han activado en Navarra.<\/p>\n<p>La otra l\u00ednea de trabajo se refiere a los talleres que se\u00a0 desarrollar\u00e1n el s\u00e1bado por la tarde para los colectivos para la profundizaci\u00f3n, reflexi\u00f3n y participaci\u00f3n sobre las tem\u00e1ticas trabajadas por la ma\u00f1ana. El domingo se dedicar\u00e1 a las conclusiones\u00a0 y a la lectura de una declaraci\u00f3n de los Encuentros. Adem\u00e1s, est\u00e1 previsto que se realice un homenaje al movimiento LGTBI+ de Navarra.<\/p>\n<p>Los encuentros se abrir\u00e1n el viernes a las 18 horas con un acto inaugural, al que seguir\u00e1 una conferencia sobre pol\u00edticas p\u00fablicas LGTBI+ con una aproximaci\u00f3n a los enfoques te\u00f3ricos a las 19 horas. La ponente es Teresa Maldonado, directora general de promoci\u00f3n de la igualdad y no discriminaci\u00f3n del \u00c1rea de Gobierno de Pol\u00edticas de g\u00e9nero y diversidad del Ayuntamiento de Madrid. Tras su intervenci\u00f3n, a partir de las 21 horas, el encuentro se traslada a Geltoki para la cena.<\/p>\n<p>El s\u00e1bado habr\u00e1 una mesa sobre interseccionalidad a las 10 horas, con el an\u00e1lisis de las pol\u00edticas y legislaci\u00f3n LGTBI+ por parte de Carmen Romero Bachiller, doctora en Sociolog\u00eda y profesora de Sociolog\u00eda de la Universidad Complutense de Madrid. A las 11 horas, se celebrar\u00e1 una mesa sobre feminismos y LGTBI+, en los que se abordar\u00e1n recorridos, intersecciones y luchas compartidas por ambos movimientos de la mano de Gracia Trujillo Barbadillo, doctora en Sociolog\u00eda, profesora de la Universidad de Castilla La Mancha y activista feminista y queer.<\/p>\n<p>Tras un descanso, los encuentros continuar\u00e1n a las 12.30 horas con una mesa sobre violencia intra-sexo e intra-g\u00e9nero con la participaci\u00f3n de Isabel Gonz\u00e1lez S\u00e1ez, experta en intervenci\u00f3n psicol\u00f3gica con personas LGTBI+, especialmente en violencia en parejas. La ma\u00f1ana se cerrar\u00e1 con la exposici\u00f3n de Kattalingorri y los servicios LGTBI+ y pol\u00edticas p\u00fablicas de Navarra, con la intervenci\u00f3n de las sex\u00f3logas\u00a0 de Kattalingorri Erika Salvatierra y Amaia Barrena, de la t\u00e9cnica de Igualdad y LGTBI del Ayuntamiento de Pamplona Vanesa Egu\u00edluz, y de Geno Ochando, de la subdirecci\u00f3n de promoci\u00f3n y gesti\u00f3n del Instituto de Igualdad de Navarra.<\/p>\n<p>Durante la tarde del s\u00e1bado, de 17 a 19 horas, se celebrar\u00e1n nueve talleres de diferentes tem\u00e1ticas: \u2018Nuestro reto frente a la violencia intrag\u00e9nero: un fen\u00f3meno invisible\u2019 (colectivo Arc\u00f3poli), \u2018Taller de aplicaciones de ligue: violencias y resistencias\u2019 (Panteras rosas), \u2018Salud sexual y chemsex, una reflexi\u00f3n sobre nuestras relaciones\u2019 (Comisi\u00f3n ciudadana anti-sida de Navarra), \u2018La serofobia en el colectivo LGTBI\u2019 (Gais positius), \u2018Desmarcarte de la diferencia. Taller experiencial mujeres LBT: afectividad, sexualidad y soledad en mujeres LBT\u2019\u00a0 (Dekumas (mujeres LBT), \u2018Visibles: la vejez (LGTBI) y su ocultaci\u00f3n\u2019 (Fundaci\u00f3n 26 de diciembre), \u2018Del dicho al hecho\u2026 de la teor\u00eda a la pr\u00e1ctica en los nuevos modelos de atenci\u00f3n a la salud de las personas trans. Desmontando mitos y falsas creencias\u2019 (\u201cTrans*forma la salut\u201d), \u2018Brujas y bujarras. Cruces entre el (ar)tivismo feminista y la perfomatividad\u2019 (\u00d3rbita diversa), \u2018Estrategias para abordar casos de lgtbifobia en el trabajo\u2019 (Red LGTBI CCOO)<\/p>\n<p>El domingo se cerrar\u00e1n los encuentros con la exposici\u00f3n de conclusiones de 10 a 11.45 horas, y la declaraci\u00f3n de los XXX Encuentros LGTBI+. Adem\u00e1s del homenaje al movimiento LGTBI+ de Navarra, se elegir\u00e1 la ciudad que ser\u00e1 sede de la siguiente edici\u00f3n de los encuentros.<\/p>\n<p><strong>Un a\u00f1o del Centro Harrotu<\/strong><\/p>\n<p>En Pamplona, el Ayuntamiento puso en marcha en junio de 2017 un centro especializado en informaci\u00f3n, apoyo y promoci\u00f3n LGTBI, el Centro Harrotu. En su primer a\u00f1o de funcionamiento en su sede en la calle San Gregorio 28, el centro ha realizado 743 asesor\u00edas sexol\u00f3gicas y 122 jur\u00eddicas, y ha contado con 550 participantes en sus actividades.<\/p>\n<p>El servicio de atenci\u00f3n a la diversidad sexual y de g\u00e9nero, Harrotu, naci\u00f3 con la finalidad de centralizar y facilitar el acceso de la ciudadan\u00eda y profesionales a los servicios de informaci\u00f3n y atenci\u00f3n LGTBI, realizar actuaciones para la prevenci\u00f3n y sensibilizaci\u00f3n de la ciudadan\u00eda en materia de LGTBIfobia y fomentar la participaci\u00f3n en materia LGTBI. Asimismo, desarrolla procesos de capacitaci\u00f3n en relaci\u00f3n a la diversidad sexual y de g\u00e9nero y genera espacios de encuentro y reflexi\u00f3n en torno a la diversidad sexual y de g\u00e9nero. Entre las personas usuarias se ha destacado como positivo la puesta en marcha de grupos de apoyo mutuo y la generaci\u00f3n de procesos de empoderamiento.<\/p>\n<p>Harrotu est\u00e1 atendido por 3 personas, una especializada en informaci\u00f3n, apoyo y promoci\u00f3n LGTBI y dos para el servicio de atenci\u00f3n a la diversidad sexual y de g\u00e9nero. El horario de apertura es de lunes a viernes de 9.30 a 13.30 horas y de 16 a 20 horas. El centro cuenta con una sala y un fondo documental especializado en materia LGTBI que incluye libros, documentos, audiovisuales y multimedia a disposici\u00f3n de personas interesadas y colectivos. Atiende presencialmente en la calle San Gregorio, 28; en el tel\u00e9fono 948 226326 o en el correo electr\u00f3nico <a href=\"mailto:lgtbi@pamplona.es\">lgtbi@pamplona.es<\/a>.<\/p>\n<p>&nbsp;<\/p>\n","protected":false},"excerpt":{"rendered":"<p>Organizados por Ayuntamiento y Kattalingorri, tendr\u00e1n lugar en Baluarte y las inscripciones pueden realizarse en www.encuentroslgtbpamplona.com<\/p>\n","protected":false},"author":1,"featured_media":19181,"comment_status":"open","ping_status":"closed","sticky":false,"template":"","format":"standard","meta":{"footnotes":""},"categories":[2],"tags":[],"class_list":["post-19180","post","type-post","status-publish","format-standard","has-post-thumbnail","hentry","category-ayuntamiento-pamplona"],"yoast_head":"<!-- This site is optimized with the Yoast SEO plugin v27.5 - https:\/\/yoast.com\/product\/yoast-seo-wordpress\/ -->\n<title>Pamplona acoge del 9 al 11 de noviembre los XXX Encuentros Estatales LGTBI+ para generar un espacio de reflexi\u00f3n y propuestas sobre diversidad sexual y de g\u00e9nero<\/title>\n<meta name=\"robots\" content=\"index, follow, max-snippet:-1, max-image-preview:large, max-video-preview:-1\" \/>\n<link rel=\"canonical\" href=\"https:\/\/www.laguiadepamplona.com\/actualidad\/pamplona-acoge-del-9-al-11-de-noviembre-los-xxx-encuentros-estatales-lgtbi-para-generar-un-espacio-de-reflexion-y-propuestas-sobre-diversidad-sexual-y-de-genero\/\" \/>\n<meta property=\"og:locale\" content=\"es_ES\" \/>\n<meta property=\"og:type\" content=\"article\" \/>\n<meta property=\"og:title\" content=\"Pamplona acoge del 9 al 11 de noviembre los XXX Encuentros Estatales LGTBI+ para generar un espacio de reflexi\u00f3n y propuestas sobre diversidad sexual y de g\u00e9nero\" \/>\n<meta property=\"og:description\" content=\"Organizados por Ayuntamiento y Kattalingorri, tendr\u00e1n lugar en Baluarte y las inscripciones pueden realizarse en www.encuentroslgtbpamplona.com\" \/>\n<meta property=\"og:url\" content=\"https:\/\/www.laguiadepamplona.com\/actualidad\/pamplona-acoge-del-9-al-11-de-noviembre-los-xxx-encuentros-estatales-lgtbi-para-generar-un-espacio-de-reflexion-y-propuestas-sobre-diversidad-sexual-y-de-genero\/\" \/>\n<meta property=\"og:site_name\" content=\"La Gu\u00eda de Pamplona\" \/>\n<meta property=\"article:publisher\" content=\"https:\/\/www.facebook.com\/laguiadepamplonacom-133175176762273\/?ref=hl\" \/>\n<meta property=\"article:published_time\" content=\"2018-10-29T11:54:04+00:00\" \/>\n<meta property=\"og:image\" content=\"https:\/\/www.laguiadepamplona.com\/actualidad\/wp-content\/uploads\/2018\/10\/18.10.29_logo-encuetnros-LGTBI.jpg\" \/>\n\t<meta property=\"og:image:width\" content=\"1000\" \/>\n\t<meta property=\"og:image:height\" content=\"689\" \/>\n\t<meta property=\"og:image:type\" content=\"image\/jpeg\" \/>\n<meta name=\"author\" content=\"La Gu\u00eda de Pamplona\" \/>\n<meta name=\"twitter:card\" content=\"summary_large_image\" \/>\n<meta name=\"twitter:creator\" content=\"@LaGuiadPamplona\" \/>\n<meta name=\"twitter:site\" content=\"@LaGuiadPamplona\" \/>\n<meta name=\"twitter:label1\" content=\"Escrito por\" \/>\n\t<meta name=\"twitter:data1\" content=\"La Gu\u00eda de Pamplona\" \/>\n\t<meta name=\"twitter:label2\" content=\"Tiempo de lectura\" \/>\n\t<meta name=\"twitter:data2\" content=\"6 minutos\" \/>\n<script type=\"application\/ld+json\" class=\"yoast-schema-graph\">{\"@context\":\"https:\\\/\\\/schema.org\",\"@graph\":[{\"@type\":\"Article\",\"@id\":\"https:\\\/\\\/www.laguiadepamplona.com\\\/actualidad\\\/pamplona-acoge-del-9-al-11-de-noviembre-los-xxx-encuentros-estatales-lgtbi-para-generar-un-espacio-de-reflexion-y-propuestas-sobre-diversidad-sexual-y-de-genero\\\/#article\",\"isPartOf\":{\"@id\":\"https:\\\/\\\/www.laguiadepamplona.com\\\/actualidad\\\/pamplona-acoge-del-9-al-11-de-noviembre-los-xxx-encuentros-estatales-lgtbi-para-generar-un-espacio-de-reflexion-y-propuestas-sobre-diversidad-sexual-y-de-genero\\\/\"},\"author\":{\"name\":\"La Gu\u00eda de Pamplona\",\"@id\":\"https:\\\/\\\/www.laguiadepamplona.com\\\/actualidad\\\/#\\\/schema\\\/person\\\/efe887376f0213d4657c93adc50b1fdb\"},\"headline\":\"Pamplona acoge del 9 al 11 de noviembre los XXX Encuentros Estatales LGTBI+ para generar un espacio de reflexi\u00f3n y propuestas sobre diversidad sexual y de g\u00e9nero\",\"datePublished\":\"2018-10-29T11:54:04+00:00\",\"mainEntityOfPage\":{\"@id\":\"https:\\\/\\\/www.laguiadepamplona.com\\\/actualidad\\\/pamplona-acoge-del-9-al-11-de-noviembre-los-xxx-encuentros-estatales-lgtbi-para-generar-un-espacio-de-reflexion-y-propuestas-sobre-diversidad-sexual-y-de-genero\\\/\"},\"wordCount\":1270,\"commentCount\":0,\"publisher\":{\"@id\":\"https:\\\/\\\/www.laguiadepamplona.com\\\/actualidad\\\/#organization\"},\"image\":{\"@id\":\"https:\\\/\\\/www.laguiadepamplona.com\\\/actualidad\\\/pamplona-acoge-del-9-al-11-de-noviembre-los-xxx-encuentros-estatales-lgtbi-para-generar-un-espacio-de-reflexion-y-propuestas-sobre-diversidad-sexual-y-de-genero\\\/#primaryimage\"},\"thumbnailUrl\":\"https:\\\/\\\/www.laguiadepamplona.com\\\/actualidad\\\/wp-content\\\/uploads\\\/2018\\\/10\\\/18.10.29_logo-encuetnros-LGTBI.jpg\",\"articleSection\":[\"Ayto Pamplona\"],\"inLanguage\":\"es\",\"potentialAction\":[{\"@type\":\"CommentAction\",\"name\":\"Comment\",\"target\":[\"https:\\\/\\\/www.laguiadepamplona.com\\\/actualidad\\\/pamplona-acoge-del-9-al-11-de-noviembre-los-xxx-encuentros-estatales-lgtbi-para-generar-un-espacio-de-reflexion-y-propuestas-sobre-diversidad-sexual-y-de-genero\\\/#respond\"]}]},{\"@type\":\"WebPage\",\"@id\":\"https:\\\/\\\/www.laguiadepamplona.com\\\/actualidad\\\/pamplona-acoge-del-9-al-11-de-noviembre-los-xxx-encuentros-estatales-lgtbi-para-generar-un-espacio-de-reflexion-y-propuestas-sobre-diversidad-sexual-y-de-genero\\\/\",\"url\":\"https:\\\/\\\/www.laguiadepamplona.com\\\/actualidad\\\/pamplona-acoge-del-9-al-11-de-noviembre-los-xxx-encuentros-estatales-lgtbi-para-generar-un-espacio-de-reflexion-y-propuestas-sobre-diversidad-sexual-y-de-genero\\\/\",\"name\":\"Pamplona acoge del 9 al 11 de noviembre los XXX Encuentros Estatales LGTBI+ para generar un espacio de reflexi\u00f3n y propuestas sobre diversidad sexual y de g\u00e9nero\",\"isPartOf\":{\"@id\":\"https:\\\/\\\/www.laguiadepamplona.com\\\/actualidad\\\/#website\"},\"primaryImageOfPage\":{\"@id\":\"https:\\\/\\\/www.laguiadepamplona.com\\\/actualidad\\\/pamplona-acoge-del-9-al-11-de-noviembre-los-xxx-encuentros-estatales-lgtbi-para-generar-un-espacio-de-reflexion-y-propuestas-sobre-diversidad-sexual-y-de-genero\\\/#primaryimage\"},\"image\":{\"@id\":\"https:\\\/\\\/www.laguiadepamplona.com\\\/actualidad\\\/pamplona-acoge-del-9-al-11-de-noviembre-los-xxx-encuentros-estatales-lgtbi-para-generar-un-espacio-de-reflexion-y-propuestas-sobre-diversidad-sexual-y-de-genero\\\/#primaryimage\"},\"thumbnailUrl\":\"https:\\\/\\\/www.laguiadepamplona.com\\\/actualidad\\\/wp-content\\\/uploads\\\/2018\\\/10\\\/18.10.29_logo-encuetnros-LGTBI.jpg\",\"datePublished\":\"2018-10-29T11:54:04+00:00\",\"breadcrumb\":{\"@id\":\"https:\\\/\\\/www.laguiadepamplona.com\\\/actualidad\\\/pamplona-acoge-del-9-al-11-de-noviembre-los-xxx-encuentros-estatales-lgtbi-para-generar-un-espacio-de-reflexion-y-propuestas-sobre-diversidad-sexual-y-de-genero\\\/#breadcrumb\"},\"inLanguage\":\"es\",\"potentialAction\":[{\"@type\":\"ReadAction\",\"target\":[\"https:\\\/\\\/www.laguiadepamplona.com\\\/actualidad\\\/pamplona-acoge-del-9-al-11-de-noviembre-los-xxx-encuentros-estatales-lgtbi-para-generar-un-espacio-de-reflexion-y-propuestas-sobre-diversidad-sexual-y-de-genero\\\/\"]}]},{\"@type\":\"ImageObject\",\"inLanguage\":\"es\",\"@id\":\"https:\\\/\\\/www.laguiadepamplona.com\\\/actualidad\\\/pamplona-acoge-del-9-al-11-de-noviembre-los-xxx-encuentros-estatales-lgtbi-para-generar-un-espacio-de-reflexion-y-propuestas-sobre-diversidad-sexual-y-de-genero\\\/#primaryimage\",\"url\":\"https:\\\/\\\/www.laguiadepamplona.com\\\/actualidad\\\/wp-content\\\/uploads\\\/2018\\\/10\\\/18.10.29_logo-encuetnros-LGTBI.jpg\",\"contentUrl\":\"https:\\\/\\\/www.laguiadepamplona.com\\\/actualidad\\\/wp-content\\\/uploads\\\/2018\\\/10\\\/18.10.29_logo-encuetnros-LGTBI.jpg\",\"width\":1000,\"height\":689},{\"@type\":\"BreadcrumbList\",\"@id\":\"https:\\\/\\\/www.laguiadepamplona.com\\\/actualidad\\\/pamplona-acoge-del-9-al-11-de-noviembre-los-xxx-encuentros-estatales-lgtbi-para-generar-un-espacio-de-reflexion-y-propuestas-sobre-diversidad-sexual-y-de-genero\\\/#breadcrumb\",\"itemListElement\":[{\"@type\":\"ListItem\",\"position\":1,\"name\":\"Portada\",\"item\":\"https:\\\/\\\/www.laguiadepamplona.com\\\/actualidad\\\/\"},{\"@type\":\"ListItem\",\"position\":2,\"name\":\"Pamplona acoge del 9 al 11 de noviembre los XXX Encuentros Estatales LGTBI+ para generar un espacio de reflexi\u00f3n y propuestas sobre diversidad sexual y de g\u00e9nero\"}]},{\"@type\":\"WebSite\",\"@id\":\"https:\\\/\\\/www.laguiadepamplona.com\\\/actualidad\\\/#website\",\"url\":\"https:\\\/\\\/www.laguiadepamplona.com\\\/actualidad\\\/\",\"name\":\"La gu\u00eda de Pamplona\",\"description\":\"Noticias de Pamplona\",\"publisher\":{\"@id\":\"https:\\\/\\\/www.laguiadepamplona.com\\\/actualidad\\\/#organization\"},\"potentialAction\":[{\"@type\":\"SearchAction\",\"target\":{\"@type\":\"EntryPoint\",\"urlTemplate\":\"https:\\\/\\\/www.laguiadepamplona.com\\\/actualidad\\\/?s={search_term_string}\"},\"query-input\":{\"@type\":\"PropertyValueSpecification\",\"valueRequired\":true,\"valueName\":\"search_term_string\"}}],\"inLanguage\":\"es\"},{\"@type\":\"Organization\",\"@id\":\"https:\\\/\\\/www.laguiadepamplona.com\\\/actualidad\\\/#organization\",\"name\":\"La Gu\u00eda de Pamplona \\\/ Noticias\",\"url\":\"https:\\\/\\\/www.laguiadepamplona.com\\\/actualidad\\\/\",\"logo\":{\"@type\":\"ImageObject\",\"inLanguage\":\"es\",\"@id\":\"https:\\\/\\\/www.laguiadepamplona.com\\\/actualidad\\\/#\\\/schema\\\/logo\\\/image\\\/\",\"url\":\"https:\\\/\\\/www.laguiadepamplona.com\\\/actualidad\\\/wp-content\\\/uploads\\\/2018\\\/11\\\/logo-laguiadepamplona18-web1.png\",\"contentUrl\":\"https:\\\/\\\/www.laguiadepamplona.com\\\/actualidad\\\/wp-content\\\/uploads\\\/2018\\\/11\\\/logo-laguiadepamplona18-web1.png\",\"width\":600,\"height\":196,\"caption\":\"La Gu\u00eda de Pamplona \\\/ Noticias\"},\"image\":{\"@id\":\"https:\\\/\\\/www.laguiadepamplona.com\\\/actualidad\\\/#\\\/schema\\\/logo\\\/image\\\/\"},\"sameAs\":[\"https:\\\/\\\/www.facebook.com\\\/laguiadepamplonacom-133175176762273\\\/?ref=hl\",\"https:\\\/\\\/x.com\\\/LaGuiadPamplona\",\"https:\\\/\\\/www.instagram.com\\\/la_guia_de_pamplona\\\/\",\"https:\\\/\\\/www.youtube.com\\\/user\\\/laguiadepamplona\"]},{\"@type\":\"Person\",\"@id\":\"https:\\\/\\\/www.laguiadepamplona.com\\\/actualidad\\\/#\\\/schema\\\/person\\\/efe887376f0213d4657c93adc50b1fdb\",\"name\":\"La Gu\u00eda de Pamplona\",\"image\":{\"@type\":\"ImageObject\",\"inLanguage\":\"es\",\"@id\":\"https:\\\/\\\/secure.gravatar.com\\\/avatar\\\/b6992f131dc8d30ab0dff15446e9d346d9dbd95992de0fef795073f5ea83a81c?s=96&d=mm&r=g\",\"url\":\"https:\\\/\\\/secure.gravatar.com\\\/avatar\\\/b6992f131dc8d30ab0dff15446e9d346d9dbd95992de0fef795073f5ea83a81c?s=96&d=mm&r=g\",\"contentUrl\":\"https:\\\/\\\/secure.gravatar.com\\\/avatar\\\/b6992f131dc8d30ab0dff15446e9d346d9dbd95992de0fef795073f5ea83a81c?s=96&d=mm&r=g\",\"caption\":\"La Gu\u00eda de Pamplona\"}}]}<\/script>\n<!-- \/ Yoast SEO plugin. -->","yoast_head_json":{"title":"Pamplona acoge del 9 al 11 de noviembre los XXX Encuentros Estatales LGTBI+ para generar un espacio de reflexi\u00f3n y propuestas sobre diversidad sexual y de g\u00e9nero","robots":{"index":"index","follow":"follow","max-snippet":"max-snippet:-1","max-image-preview":"max-image-preview:large","max-video-preview":"max-video-preview:-1"},"canonical":"https:\/\/www.laguiadepamplona.com\/actualidad\/pamplona-acoge-del-9-al-11-de-noviembre-los-xxx-encuentros-estatales-lgtbi-para-generar-un-espacio-de-reflexion-y-propuestas-sobre-diversidad-sexual-y-de-genero\/","og_locale":"es_ES","og_type":"article","og_title":"Pamplona acoge del 9 al 11 de noviembre los XXX Encuentros Estatales LGTBI+ para generar un espacio de reflexi\u00f3n y propuestas sobre diversidad sexual y de g\u00e9nero","og_description":"Organizados por Ayuntamiento y Kattalingorri, tendr\u00e1n lugar en Baluarte y las inscripciones pueden realizarse en www.encuentroslgtbpamplona.com","og_url":"https:\/\/www.laguiadepamplona.com\/actualidad\/pamplona-acoge-del-9-al-11-de-noviembre-los-xxx-encuentros-estatales-lgtbi-para-generar-un-espacio-de-reflexion-y-propuestas-sobre-diversidad-sexual-y-de-genero\/","og_site_name":"La Gu\u00eda de Pamplona","article_publisher":"https:\/\/www.facebook.com\/laguiadepamplonacom-133175176762273\/?ref=hl","article_published_time":"2018-10-29T11:54:04+00:00","og_image":[{"width":1000,"height":689,"url":"https:\/\/www.laguiadepamplona.com\/actualidad\/wp-content\/uploads\/2018\/10\/18.10.29_logo-encuetnros-LGTBI.jpg","type":"image\/jpeg"}],"author":"La Gu\u00eda de Pamplona","twitter_card":"summary_large_image","twitter_creator":"@LaGuiadPamplona","twitter_site":"@LaGuiadPamplona","twitter_misc":{"Escrito por":"La Gu\u00eda de Pamplona","Tiempo de lectura":"6 minutos"},"schema":{"@context":"https:\/\/schema.org","@graph":[{"@type":"Article","@id":"https:\/\/www.laguiadepamplona.com\/actualidad\/pamplona-acoge-del-9-al-11-de-noviembre-los-xxx-encuentros-estatales-lgtbi-para-generar-un-espacio-de-reflexion-y-propuestas-sobre-diversidad-sexual-y-de-genero\/#article","isPartOf":{"@id":"https:\/\/www.laguiadepamplona.com\/actualidad\/pamplona-acoge-del-9-al-11-de-noviembre-los-xxx-encuentros-estatales-lgtbi-para-generar-un-espacio-de-reflexion-y-propuestas-sobre-diversidad-sexual-y-de-genero\/"},"author":{"name":"La Gu\u00eda de Pamplona","@id":"https:\/\/www.laguiadepamplona.com\/actualidad\/#\/schema\/person\/efe887376f0213d4657c93adc50b1fdb"},"headline":"Pamplona acoge del 9 al 11 de noviembre los XXX Encuentros Estatales LGTBI+ para generar un espacio de reflexi\u00f3n y propuestas sobre diversidad sexual y de g\u00e9nero","datePublished":"2018-10-29T11:54:04+00:00","mainEntityOfPage":{"@id":"https:\/\/www.laguiadepamplona.com\/actualidad\/pamplona-acoge-del-9-al-11-de-noviembre-los-xxx-encuentros-estatales-lgtbi-para-generar-un-espacio-de-reflexion-y-propuestas-sobre-diversidad-sexual-y-de-genero\/"},"wordCount":1270,"commentCount":0,"publisher":{"@id":"https:\/\/www.laguiadepamplona.com\/actualidad\/#organization"},"image":{"@id":"https:\/\/www.laguiadepamplona.com\/actualidad\/pamplona-acoge-del-9-al-11-de-noviembre-los-xxx-encuentros-estatales-lgtbi-para-generar-un-espacio-de-reflexion-y-propuestas-sobre-diversidad-sexual-y-de-genero\/#primaryimage"},"thumbnailUrl":"https:\/\/www.laguiadepamplona.com\/actualidad\/wp-content\/uploads\/2018\/10\/18.10.29_logo-encuetnros-LGTBI.jpg","articleSection":["Ayto Pamplona"],"inLanguage":"es","potentialAction":[{"@type":"CommentAction","name":"Comment","target":["https:\/\/www.laguiadepamplona.com\/actualidad\/pamplona-acoge-del-9-al-11-de-noviembre-los-xxx-encuentros-estatales-lgtbi-para-generar-un-espacio-de-reflexion-y-propuestas-sobre-diversidad-sexual-y-de-genero\/#respond"]}]},{"@type":"WebPage","@id":"https:\/\/www.laguiadepamplona.com\/actualidad\/pamplona-acoge-del-9-al-11-de-noviembre-los-xxx-encuentros-estatales-lgtbi-para-generar-un-espacio-de-reflexion-y-propuestas-sobre-diversidad-sexual-y-de-genero\/","url":"https:\/\/www.laguiadepamplona.com\/actualidad\/pamplona-acoge-del-9-al-11-de-noviembre-los-xxx-encuentros-estatales-lgtbi-para-generar-un-espacio-de-reflexion-y-propuestas-sobre-diversidad-sexual-y-de-genero\/","name":"Pamplona acoge del 9 al 11 de noviembre los XXX Encuentros Estatales LGTBI+ para generar un espacio de reflexi\u00f3n y propuestas sobre diversidad sexual y de g\u00e9nero","isPartOf":{"@id":"https:\/\/www.laguiadepamplona.com\/actualidad\/#website"},"primaryImageOfPage":{"@id":"https:\/\/www.laguiadepamplona.com\/actualidad\/pamplona-acoge-del-9-al-11-de-noviembre-los-xxx-encuentros-estatales-lgtbi-para-generar-un-espacio-de-reflexion-y-propuestas-sobre-diversidad-sexual-y-de-genero\/#primaryimage"},"image":{"@id":"https:\/\/www.laguiadepamplona.com\/actualidad\/pamplona-acoge-del-9-al-11-de-noviembre-los-xxx-encuentros-estatales-lgtbi-para-generar-un-espacio-de-reflexion-y-propuestas-sobre-diversidad-sexual-y-de-genero\/#primaryimage"},"thumbnailUrl":"https:\/\/www.laguiadepamplona.com\/actualidad\/wp-content\/uploads\/2018\/10\/18.10.29_logo-encuetnros-LGTBI.jpg","datePublished":"2018-10-29T11:54:04+00:00","breadcrumb":{"@id":"https:\/\/www.laguiadepamplona.com\/actualidad\/pamplona-acoge-del-9-al-11-de-noviembre-los-xxx-encuentros-estatales-lgtbi-para-generar-un-espacio-de-reflexion-y-propuestas-sobre-diversidad-sexual-y-de-genero\/#breadcrumb"},"inLanguage":"es","potentialAction":[{"@type":"ReadAction","target":["https:\/\/www.laguiadepamplona.com\/actualidad\/pamplona-acoge-del-9-al-11-de-noviembre-los-xxx-encuentros-estatales-lgtbi-para-generar-un-espacio-de-reflexion-y-propuestas-sobre-diversidad-sexual-y-de-genero\/"]}]},{"@type":"ImageObject","inLanguage":"es","@id":"https:\/\/www.laguiadepamplona.com\/actualidad\/pamplona-acoge-del-9-al-11-de-noviembre-los-xxx-encuentros-estatales-lgtbi-para-generar-un-espacio-de-reflexion-y-propuestas-sobre-diversidad-sexual-y-de-genero\/#primaryimage","url":"https:\/\/www.laguiadepamplona.com\/actualidad\/wp-content\/uploads\/2018\/10\/18.10.29_logo-encuetnros-LGTBI.jpg","contentUrl":"https:\/\/www.laguiadepamplona.com\/actualidad\/wp-content\/uploads\/2018\/10\/18.10.29_logo-encuetnros-LGTBI.jpg","width":1000,"height":689},{"@type":"BreadcrumbList","@id":"https:\/\/www.laguiadepamplona.com\/actualidad\/pamplona-acoge-del-9-al-11-de-noviembre-los-xxx-encuentros-estatales-lgtbi-para-generar-un-espacio-de-reflexion-y-propuestas-sobre-diversidad-sexual-y-de-genero\/#breadcrumb","itemListElement":[{"@type":"ListItem","position":1,"name":"Portada","item":"https:\/\/www.laguiadepamplona.com\/actualidad\/"},{"@type":"ListItem","position":2,"name":"Pamplona acoge del 9 al 11 de noviembre los XXX Encuentros Estatales LGTBI+ para generar un espacio de reflexi\u00f3n y propuestas sobre diversidad sexual y de g\u00e9nero"}]},{"@type":"WebSite","@id":"https:\/\/www.laguiadepamplona.com\/actualidad\/#website","url":"https:\/\/www.laguiadepamplona.com\/actualidad\/","name":"La gu\u00eda de Pamplona","description":"Noticias de Pamplona","publisher":{"@id":"https:\/\/www.laguiadepamplona.com\/actualidad\/#organization"},"potentialAction":[{"@type":"SearchAction","target":{"@type":"EntryPoint","urlTemplate":"https:\/\/www.laguiadepamplona.com\/actualidad\/?s={search_term_string}"},"query-input":{"@type":"PropertyValueSpecification","valueRequired":true,"valueName":"search_term_string"}}],"inLanguage":"es"},{"@type":"Organization","@id":"https:\/\/www.laguiadepamplona.com\/actualidad\/#organization","name":"La Gu\u00eda de Pamplona \/ Noticias","url":"https:\/\/www.laguiadepamplona.com\/actualidad\/","logo":{"@type":"ImageObject","inLanguage":"es","@id":"https:\/\/www.laguiadepamplona.com\/actualidad\/#\/schema\/logo\/image\/","url":"https:\/\/www.laguiadepamplona.com\/actualidad\/wp-content\/uploads\/2018\/11\/logo-laguiadepamplona18-web1.png","contentUrl":"https:\/\/www.laguiadepamplona.com\/actualidad\/wp-content\/uploads\/2018\/11\/logo-laguiadepamplona18-web1.png","width":600,"height":196,"caption":"La Gu\u00eda de Pamplona \/ Noticias"},"image":{"@id":"https:\/\/www.laguiadepamplona.com\/actualidad\/#\/schema\/logo\/image\/"},"sameAs":["https:\/\/www.facebook.com\/laguiadepamplonacom-133175176762273\/?ref=hl","https:\/\/x.com\/LaGuiadPamplona","https:\/\/www.instagram.com\/la_guia_de_pamplona\/","https:\/\/www.youtube.com\/user\/laguiadepamplona"]},{"@type":"Person","@id":"https:\/\/www.laguiadepamplona.com\/actualidad\/#\/schema\/person\/efe887376f0213d4657c93adc50b1fdb","name":"La Gu\u00eda de Pamplona","image":{"@type":"ImageObject","inLanguage":"es","@id":"https:\/\/secure.gravatar.com\/avatar\/b6992f131dc8d30ab0dff15446e9d346d9dbd95992de0fef795073f5ea83a81c?s=96&d=mm&r=g","url":"https:\/\/secure.gravatar.com\/avatar\/b6992f131dc8d30ab0dff15446e9d346d9dbd95992de0fef795073f5ea83a81c?s=96&d=mm&r=g","contentUrl":"https:\/\/secure.gravatar.com\/avatar\/b6992f131dc8d30ab0dff15446e9d346d9dbd95992de0fef795073f5ea83a81c?s=96&d=mm&r=g","caption":"La Gu\u00eda de Pamplona"}}]}},"post_mailing_queue_ids":[],"_links":{"self":[{"href":"https:\/\/www.laguiadepamplona.com\/actualidad\/wp-json\/wp\/v2\/posts\/19180","targetHints":{"allow":["GET"]}}],"collection":[{"href":"https:\/\/www.laguiadepamplona.com\/actualidad\/wp-json\/wp\/v2\/posts"}],"about":[{"href":"https:\/\/www.laguiadepamplona.com\/actualidad\/wp-json\/wp\/v2\/types\/post"}],"author":[{"embeddable":true,"href":"https:\/\/www.laguiadepamplona.com\/actualidad\/wp-json\/wp\/v2\/users\/1"}],"replies":[{"embeddable":true,"href":"https:\/\/www.laguiadepamplona.com\/actualidad\/wp-json\/wp\/v2\/comments?post=19180"}],"version-history":[{"count":0,"href":"https:\/\/www.laguiadepamplona.com\/actualidad\/wp-json\/wp\/v2\/posts\/19180\/revisions"}],"wp:featuredmedia":[{"embeddable":true,"href":"https:\/\/www.laguiadepamplona.com\/actualidad\/wp-json\/wp\/v2\/media\/19181"}],"wp:attachment":[{"href":"https:\/\/www.laguiadepamplona.com\/actualidad\/wp-json\/wp\/v2\/media?parent=19180"}],"wp:term":[{"taxonomy":"category","embeddable":true,"href":"https:\/\/www.laguiadepamplona.com\/actualidad\/wp-json\/wp\/v2\/categories?post=19180"},{"taxonomy":"post_tag","embeddable":true,"href":"https:\/\/www.laguiadepamplona.com\/actualidad\/wp-json\/wp\/v2\/tags?post=19180"}],"curies":[{"name":"wp","href":"https:\/\/api.w.org\/{rel}","templated":true}]}}