{"id":19178,"date":"2018-10-29T13:52:40","date_gmt":"2018-10-29T11:52:40","guid":{"rendered":"https:\/\/www.laguiadepamplona.es\/actualidad\/?p=19178"},"modified":"2018-10-29T13:52:40","modified_gmt":"2018-10-29T11:52:40","slug":"cinco-citas-con-el-teatro-de-aqui-esta-semana-en-la-red-civivox","status":"publish","type":"post","link":"https:\/\/www.laguiadepamplona.com\/actualidad\/cinco-citas-con-el-teatro-de-aqui-esta-semana-en-la-red-civivox\/","title":{"rendered":"Cinco citas con el \u2018Teatro de Aqu\u00ed\u2019 esta semana en la red civivox"},"content":{"rendered":"<h3>Nueva Babel representa este lunes en Mendillorri \u2018La piedra oscura\u2019 y el mi\u00e9rcoles \u2018Primera fila y centrado\u2019 lleva a Iturrama \u2018El bar de los talentos\u2019<\/h3>\n<p><!--more--><\/p>\n<p>La Muestra de Teatro de Aqu\u00ed pone en agenda cinco citas esta semana en la red civivox. La primera este lunes, con la compa\u00f1\u00eda Nueva Babel, que representar\u00e1 \u2018La piedra oscura\u2019. El mi\u00e9rcoles ser\u00e1 el turno del grupo Primera fila y centrado, que pondr\u00e1 en escena \u2018El bar de los talentos\u2019 en civivox Iturrama. \u2018La cervantina\u2019, de La barber\u00eda teatro (viernes, civivox Iturrama), \u2018Volpone\u2019, de Teatro en la ch\u00e1cena (s\u00e1bado, civivox Mendillorri) y \u2018Ojos que no ven&#8230;\u2019, de Complexus (domingo, civivox San Jorge) ser\u00e1n los encargados de cerrar esta semana la muestra. Todas las representaciones comienzan a las 20 horas y la entrada es gratuita, previa retirada de dos invitaciones por persona una hora antes del inicio.<\/p>\n<p>\u2018La piedra oscura\u2019 es una pieza sobre la memoria como espacio de justicia y tambi\u00e9n sobre la necesidad de redenci\u00f3n. Se trata de un texto en el que se a\u00fanan la tensi\u00f3n dram\u00e1tica y el pulso po\u00e9tico para levantar interrogantes sobre la naturalizaci\u00f3n del pasado m\u00e1s reciente y el destino de los olvidados en las cunetas de la historia. La obra describe el encuentro entre dos pretendidos enemigos, y que muestra los sufrimientos de la guerra entre la gente com\u00fan, entre un promotor de la rep\u00fablica y una v\u00edctima de Gernika. El reparto est\u00e1 integrado por \u00cd\u00f1igo Gerriko, David Escalada y Pablo George. Adem\u00e1s, participan Iv\u00e1n Sarasa (escenograf\u00eda y regidur\u00eda), Sergio Albillo (dise\u00f1o gr\u00e1fico), Xabier Mart\u00ednez (asistente de direcci\u00f3n y t\u00e9cnico de luces y sonido), y Alejandro Aranda (direcci\u00f3n y realizaci\u00f3n de v\u00eddeos).<\/p>\n<p>Las representaciones continuar\u00e1n el mi\u00e9rcoles 31 con \u2018El bar de los talentos\u2019, del grupo Primera fila y centrado. Sobre el escenario de civivox Iturrama, seis personajes aunar\u00e1n sus esfuerzos para salvar el bar en donde se re\u00fanen todos los d\u00edas para compartir sus vidas. Son Antonio Aranda, Mikel Gonz\u00e1lez, Txetx\u00fas Sanz, Mikel Aguirre, Marisol Cerezo y Marina Quintanilla. La direcci\u00f3n corre a cargo de C\u00e9sar S\u00e1nchez.<\/p>\n<p>Otra comedia llenar\u00e1 el escenario de civivox Iturrama el viernes: \u2018La cervantina\u2019, de La barber\u00eda teatro, con textos que acercar\u00e1n a Cervantes a su p\u00fablico m\u00e1s actual. En el reparto, Blanca S\u00e1nchez Mayans, Adriana Pueyo Iglesias, M\u00aa Scherezade Garrido Arto, Pablo George, Daniel Amatriain Miranda y Mart\u00edn Zulaica L\u00f3pez. El equipo t\u00e9cnico est\u00e1 integrado por Roberto Ezcaray Par\u00eds e Ignacio Ozcoidi Arricibita.<\/p>\n<p>El s\u00e1bado, la muestra llega a civivox Mendillorri con Teatro en la Ch\u00e1cena, que representar\u00e1 \u2018Volpone\u2019, una s\u00e1tira escrita en el siglo XVII, que el grupo llevar\u00e1 a escena seg\u00fan la versi\u00f3n de Stefan Zweig. Narra la historia de un magn\u00edfico de Venecia sin hijos, que finge que va a morir para animar a algunos abogados y empresarios venecianos a intentar ganar su herencia. La obra ser\u00e1 representada por Natxo Lapieza, Ane Moreno, Nicol\u00e1s Garrido, Rosa Beunza, Pantxo Capitani, Adri\u00e1n Gonz\u00e1lez, Pablo Ruz, Laura Montes, Noem\u00ed Allo, Iranzu Miralles, Karen Errea y Luc\u00eda Aparici. Dirigidos por Josune Iglesias, adem\u00e1s participan Daniel Mar\u00edn y Eder Etxaide (t\u00e9cnicos de luz y sonido), Jos\u00e9 Montes (c\u00e1mara y edici\u00f3n), e Idoia Gesta, Joseba Etxaide y Margarita Fern\u00e1ndez (colaboraciones).<\/p>\n<p>La semana de teatro se cierra el domingo en civivox San Jorge con la representaci\u00f3n de la comedia \u2018Ojos que no ven&#8230;\u2019,\u00a0 a cargo del grupo Complexus, un enredo, una comedia que presenta c\u00f3mo la vida, en un momento, puede desbaratar hasta el plan m\u00e1s perfecto. Se trata del quinto montaje del grupo amateur navarro Complexus, inspirado en Black Comedy de Peter Shaffer. Est\u00e1 escrito y dirigido por \u00c1ngel Garc\u00eda Moneo, y en este espect\u00e1culo s\u00f3lo el p\u00fablico podr\u00e1 ver la cara que intentan ocultar cada uno de los personajes aprovechando la oscuridad. En el escenario, Amalia Ortiz, Bel\u00e9n Benito, Leticia Iriarte, Rub\u00e9n Cort\u00e1zar, Arturo Navallas, Edurne G. Arce y Unai Mezqu\u00edriz.<\/p>\n<p><strong>Apoyo a grupos locales<\/strong><\/p>\n<p>La XXI Muestra de Teatro de Aqu\u00ed responde a la convocatoria anual con la que el Ayuntamiento de Pamplona pretende ayudar a la producci\u00f3n teatral de grupos de car\u00e1cter no profesional del \u00e1mbito local y fomentar su difusi\u00f3n y la de sus producciones, adem\u00e1s de ofrecerles espacios municipales donde exhibir dichas producciones. Asimismo, los objetivos incluyen favorecer la formaci\u00f3n de nuevos p\u00fablicos y facilitar la trayectoria de los grupos hacia la profesionalizaci\u00f3n. Finalmente, se pretende que los colectivos ciudadanos de la ciudad tengan la oportunidad de contar con actuaciones art\u00edsticas dentro de sus programaciones festivas y sociales. Civivox Iturrama, Mendillorri y San Jorge son los centros que acoger\u00e1n las representaciones de este programa.<\/p>\n<p>&nbsp;<\/p>\n<p><strong>XXI Muestra de Teatro de Aqu\u00ed | Pr\u00f3ximas sesiones<\/strong><\/p>\n<p><strong>Representaciones de teatro amateur. Del 24 de octubre al 12 de noviembre<\/strong><\/p>\n<p><strong>Todas las sesiones comienzan a las 20 horas. La entrada es gratuita previa retirada de invitaciones desde una hora antes, con un m\u00e1ximo de dos por persona<\/strong><\/p>\n<p>&nbsp;<\/p>\n<ul>\n<li><strong>Lunes 29 de octubre.<\/strong> Civivox Mendillorri<\/li>\n<\/ul>\n<p>Nueva babel. <em>La piedra oscura<\/em><\/p>\n<ul>\n<li><strong>Mi\u00e9rcoles 31 de octubre.<\/strong> Civivox Iturrama<\/li>\n<\/ul>\n<p>Primera fila y centrado. <em>El bar de los talentos<\/em><\/p>\n<ul>\n<li><strong>Viernes 2 de noviembre.<\/strong> Civivox Iturrama<\/li>\n<\/ul>\n<p>La barber\u00eda teatro. <em>La cervantina<\/em><\/p>\n<ul>\n<li><strong>S\u00e1bado 3 de noviembre.<\/strong> Civivox Mendillorri<\/li>\n<\/ul>\n<p>Teatro en la ch\u00e1cena. <em>Volpone<\/em><\/p>\n<ul>\n<li><strong>Domingo 4 de noviembre.<\/strong> Civivox San Jorge<\/li>\n<\/ul>\n<p>Complexus. <em>Ojos que no ven\u2026<\/em><\/p>\n<ul>\n<li><strong>Lunes 5 de noviembre. <\/strong>Civivox Iturrama<\/li>\n<\/ul>\n<p>Grosso modo<strong>. <\/strong><em>Lun\u00e1ticos<\/em><\/p>\n<ul>\n<li><strong>Mi\u00e9rcoles 7 de noviembre.<\/strong> Civivox Mendillorri<\/li>\n<\/ul>\n<p>Teatro talo. <em>Una plantilla de atracadores<\/em><\/p>\n<ul>\n<li><strong>Viernes 9 de noviembre.<\/strong> Civivox Mendillorri<\/li>\n<\/ul>\n<p>Aqu\u00ed hay madera. <em>El \u00faltimo gu\u00eda<\/em><\/p>\n<ul>\n<li><strong>S\u00e1bado 10 de noviembre.<\/strong> Civivox Iturrama<\/li>\n<\/ul>\n<p>Aula de teatro Jus la Rotxa. <em>Cuando las mujeres no pod\u00edan votar<\/em><\/p>\n<ul>\n<li><strong>Domingo 11 de noviembre. <\/strong>Civivox Iturrama<\/li>\n<\/ul>\n<p>Mutis por el foro. <em>Las mujeres sabias<\/em><\/p>\n<ul>\n<li><strong>Lunes 12 de noviembre.<\/strong> Civivox San Jorge<\/li>\n<\/ul>\n<p>Speculum vitae. <em>Dom\u00e9stica<\/em><\/p>\n<p>&nbsp;<\/p>\n","protected":false},"excerpt":{"rendered":"<p>Nueva Babel representa este lunes en Mendillorri \u2018La piedra oscura\u2019 y el mi\u00e9rcoles \u2018Primera fila y centrado\u2019 lleva a Iturrama \u2018El bar de los talentos\u2019<\/p>\n","protected":false},"author":1,"featured_media":11011,"comment_status":"open","ping_status":"closed","sticky":false,"template":"","format":"standard","meta":{"footnotes":""},"categories":[2],"tags":[],"class_list":["post-19178","post","type-post","status-publish","format-standard","has-post-thumbnail","hentry","category-ayuntamiento-pamplona"],"yoast_head":"<!-- This site is optimized with the Yoast SEO plugin v27.5 - https:\/\/yoast.com\/product\/yoast-seo-wordpress\/ -->\n<title>Cinco citas con el \u2018Teatro de Aqu\u00ed\u2019 esta semana en la red civivox<\/title>\n<meta name=\"robots\" content=\"index, follow, max-snippet:-1, max-image-preview:large, max-video-preview:-1\" \/>\n<link rel=\"canonical\" href=\"https:\/\/www.laguiadepamplona.com\/actualidad\/cinco-citas-con-el-teatro-de-aqui-esta-semana-en-la-red-civivox\/\" \/>\n<meta property=\"og:locale\" content=\"es_ES\" \/>\n<meta property=\"og:type\" content=\"article\" \/>\n<meta property=\"og:title\" content=\"Cinco citas con el \u2018Teatro de Aqu\u00ed\u2019 esta semana en la red civivox\" \/>\n<meta property=\"og:description\" content=\"Nueva Babel representa este lunes en Mendillorri \u2018La piedra oscura\u2019 y el mi\u00e9rcoles \u2018Primera fila y centrado\u2019 lleva a Iturrama \u2018El bar de los talentos\u2019\" \/>\n<meta property=\"og:url\" content=\"https:\/\/www.laguiadepamplona.com\/actualidad\/cinco-citas-con-el-teatro-de-aqui-esta-semana-en-la-red-civivox\/\" \/>\n<meta property=\"og:site_name\" content=\"La Gu\u00eda de Pamplona\" \/>\n<meta property=\"article:publisher\" content=\"https:\/\/www.facebook.com\/laguiadepamplonacom-133175176762273\/?ref=hl\" \/>\n<meta property=\"article:published_time\" content=\"2018-10-29T11:52:40+00:00\" \/>\n<meta property=\"og:image\" content=\"https:\/\/www.laguiadepamplona.com\/actualidad\/wp-content\/uploads\/2016\/12\/civivox-mendillorri.jpg\" \/>\n\t<meta property=\"og:image:width\" content=\"870\" \/>\n\t<meta property=\"og:image:height\" content=\"390\" \/>\n\t<meta property=\"og:image:type\" content=\"image\/jpeg\" \/>\n<meta name=\"author\" content=\"La Gu\u00eda de Pamplona\" \/>\n<meta name=\"twitter:card\" content=\"summary_large_image\" \/>\n<meta name=\"twitter:creator\" content=\"@LaGuiadPamplona\" \/>\n<meta name=\"twitter:site\" content=\"@LaGuiadPamplona\" \/>\n<meta name=\"twitter:label1\" content=\"Escrito por\" \/>\n\t<meta name=\"twitter:data1\" content=\"La Gu\u00eda de Pamplona\" \/>\n\t<meta name=\"twitter:label2\" content=\"Tiempo de lectura\" \/>\n\t<meta name=\"twitter:data2\" content=\"5 minutos\" \/>\n<script type=\"application\/ld+json\" class=\"yoast-schema-graph\">{\"@context\":\"https:\\\/\\\/schema.org\",\"@graph\":[{\"@type\":\"Article\",\"@id\":\"https:\\\/\\\/www.laguiadepamplona.com\\\/actualidad\\\/cinco-citas-con-el-teatro-de-aqui-esta-semana-en-la-red-civivox\\\/#article\",\"isPartOf\":{\"@id\":\"https:\\\/\\\/www.laguiadepamplona.com\\\/actualidad\\\/cinco-citas-con-el-teatro-de-aqui-esta-semana-en-la-red-civivox\\\/\"},\"author\":{\"name\":\"La Gu\u00eda de Pamplona\",\"@id\":\"https:\\\/\\\/www.laguiadepamplona.com\\\/actualidad\\\/#\\\/schema\\\/person\\\/efe887376f0213d4657c93adc50b1fdb\"},\"headline\":\"Cinco citas con el \u2018Teatro de Aqu\u00ed\u2019 esta semana en la red civivox\",\"datePublished\":\"2018-10-29T11:52:40+00:00\",\"mainEntityOfPage\":{\"@id\":\"https:\\\/\\\/www.laguiadepamplona.com\\\/actualidad\\\/cinco-citas-con-el-teatro-de-aqui-esta-semana-en-la-red-civivox\\\/\"},\"wordCount\":1034,\"commentCount\":0,\"publisher\":{\"@id\":\"https:\\\/\\\/www.laguiadepamplona.com\\\/actualidad\\\/#organization\"},\"image\":{\"@id\":\"https:\\\/\\\/www.laguiadepamplona.com\\\/actualidad\\\/cinco-citas-con-el-teatro-de-aqui-esta-semana-en-la-red-civivox\\\/#primaryimage\"},\"thumbnailUrl\":\"https:\\\/\\\/www.laguiadepamplona.com\\\/actualidad\\\/wp-content\\\/uploads\\\/2016\\\/12\\\/civivox-mendillorri.jpg\",\"articleSection\":[\"Ayto Pamplona\"],\"inLanguage\":\"es\",\"potentialAction\":[{\"@type\":\"CommentAction\",\"name\":\"Comment\",\"target\":[\"https:\\\/\\\/www.laguiadepamplona.com\\\/actualidad\\\/cinco-citas-con-el-teatro-de-aqui-esta-semana-en-la-red-civivox\\\/#respond\"]}]},{\"@type\":\"WebPage\",\"@id\":\"https:\\\/\\\/www.laguiadepamplona.com\\\/actualidad\\\/cinco-citas-con-el-teatro-de-aqui-esta-semana-en-la-red-civivox\\\/\",\"url\":\"https:\\\/\\\/www.laguiadepamplona.com\\\/actualidad\\\/cinco-citas-con-el-teatro-de-aqui-esta-semana-en-la-red-civivox\\\/\",\"name\":\"Cinco citas con el \u2018Teatro de Aqu\u00ed\u2019 esta semana en la red civivox\",\"isPartOf\":{\"@id\":\"https:\\\/\\\/www.laguiadepamplona.com\\\/actualidad\\\/#website\"},\"primaryImageOfPage\":{\"@id\":\"https:\\\/\\\/www.laguiadepamplona.com\\\/actualidad\\\/cinco-citas-con-el-teatro-de-aqui-esta-semana-en-la-red-civivox\\\/#primaryimage\"},\"image\":{\"@id\":\"https:\\\/\\\/www.laguiadepamplona.com\\\/actualidad\\\/cinco-citas-con-el-teatro-de-aqui-esta-semana-en-la-red-civivox\\\/#primaryimage\"},\"thumbnailUrl\":\"https:\\\/\\\/www.laguiadepamplona.com\\\/actualidad\\\/wp-content\\\/uploads\\\/2016\\\/12\\\/civivox-mendillorri.jpg\",\"datePublished\":\"2018-10-29T11:52:40+00:00\",\"breadcrumb\":{\"@id\":\"https:\\\/\\\/www.laguiadepamplona.com\\\/actualidad\\\/cinco-citas-con-el-teatro-de-aqui-esta-semana-en-la-red-civivox\\\/#breadcrumb\"},\"inLanguage\":\"es\",\"potentialAction\":[{\"@type\":\"ReadAction\",\"target\":[\"https:\\\/\\\/www.laguiadepamplona.com\\\/actualidad\\\/cinco-citas-con-el-teatro-de-aqui-esta-semana-en-la-red-civivox\\\/\"]}]},{\"@type\":\"ImageObject\",\"inLanguage\":\"es\",\"@id\":\"https:\\\/\\\/www.laguiadepamplona.com\\\/actualidad\\\/cinco-citas-con-el-teatro-de-aqui-esta-semana-en-la-red-civivox\\\/#primaryimage\",\"url\":\"https:\\\/\\\/www.laguiadepamplona.com\\\/actualidad\\\/wp-content\\\/uploads\\\/2016\\\/12\\\/civivox-mendillorri.jpg\",\"contentUrl\":\"https:\\\/\\\/www.laguiadepamplona.com\\\/actualidad\\\/wp-content\\\/uploads\\\/2016\\\/12\\\/civivox-mendillorri.jpg\",\"width\":870,\"height\":390},{\"@type\":\"BreadcrumbList\",\"@id\":\"https:\\\/\\\/www.laguiadepamplona.com\\\/actualidad\\\/cinco-citas-con-el-teatro-de-aqui-esta-semana-en-la-red-civivox\\\/#breadcrumb\",\"itemListElement\":[{\"@type\":\"ListItem\",\"position\":1,\"name\":\"Portada\",\"item\":\"https:\\\/\\\/www.laguiadepamplona.com\\\/actualidad\\\/\"},{\"@type\":\"ListItem\",\"position\":2,\"name\":\"Cinco citas con el \u2018Teatro de Aqu\u00ed\u2019 esta semana en la red civivox\"}]},{\"@type\":\"WebSite\",\"@id\":\"https:\\\/\\\/www.laguiadepamplona.com\\\/actualidad\\\/#website\",\"url\":\"https:\\\/\\\/www.laguiadepamplona.com\\\/actualidad\\\/\",\"name\":\"La gu\u00eda de Pamplona\",\"description\":\"Noticias de Pamplona\",\"publisher\":{\"@id\":\"https:\\\/\\\/www.laguiadepamplona.com\\\/actualidad\\\/#organization\"},\"potentialAction\":[{\"@type\":\"SearchAction\",\"target\":{\"@type\":\"EntryPoint\",\"urlTemplate\":\"https:\\\/\\\/www.laguiadepamplona.com\\\/actualidad\\\/?s={search_term_string}\"},\"query-input\":{\"@type\":\"PropertyValueSpecification\",\"valueRequired\":true,\"valueName\":\"search_term_string\"}}],\"inLanguage\":\"es\"},{\"@type\":\"Organization\",\"@id\":\"https:\\\/\\\/www.laguiadepamplona.com\\\/actualidad\\\/#organization\",\"name\":\"La Gu\u00eda de Pamplona \\\/ Noticias\",\"url\":\"https:\\\/\\\/www.laguiadepamplona.com\\\/actualidad\\\/\",\"logo\":{\"@type\":\"ImageObject\",\"inLanguage\":\"es\",\"@id\":\"https:\\\/\\\/www.laguiadepamplona.com\\\/actualidad\\\/#\\\/schema\\\/logo\\\/image\\\/\",\"url\":\"https:\\\/\\\/www.laguiadepamplona.com\\\/actualidad\\\/wp-content\\\/uploads\\\/2018\\\/11\\\/logo-laguiadepamplona18-web1.png\",\"contentUrl\":\"https:\\\/\\\/www.laguiadepamplona.com\\\/actualidad\\\/wp-content\\\/uploads\\\/2018\\\/11\\\/logo-laguiadepamplona18-web1.png\",\"width\":600,\"height\":196,\"caption\":\"La Gu\u00eda de Pamplona \\\/ Noticias\"},\"image\":{\"@id\":\"https:\\\/\\\/www.laguiadepamplona.com\\\/actualidad\\\/#\\\/schema\\\/logo\\\/image\\\/\"},\"sameAs\":[\"https:\\\/\\\/www.facebook.com\\\/laguiadepamplonacom-133175176762273\\\/?ref=hl\",\"https:\\\/\\\/x.com\\\/LaGuiadPamplona\",\"https:\\\/\\\/www.instagram.com\\\/la_guia_de_pamplona\\\/\",\"https:\\\/\\\/www.youtube.com\\\/user\\\/laguiadepamplona\"]},{\"@type\":\"Person\",\"@id\":\"https:\\\/\\\/www.laguiadepamplona.com\\\/actualidad\\\/#\\\/schema\\\/person\\\/efe887376f0213d4657c93adc50b1fdb\",\"name\":\"La Gu\u00eda de Pamplona\",\"image\":{\"@type\":\"ImageObject\",\"inLanguage\":\"es\",\"@id\":\"https:\\\/\\\/secure.gravatar.com\\\/avatar\\\/b6992f131dc8d30ab0dff15446e9d346d9dbd95992de0fef795073f5ea83a81c?s=96&d=mm&r=g\",\"url\":\"https:\\\/\\\/secure.gravatar.com\\\/avatar\\\/b6992f131dc8d30ab0dff15446e9d346d9dbd95992de0fef795073f5ea83a81c?s=96&d=mm&r=g\",\"contentUrl\":\"https:\\\/\\\/secure.gravatar.com\\\/avatar\\\/b6992f131dc8d30ab0dff15446e9d346d9dbd95992de0fef795073f5ea83a81c?s=96&d=mm&r=g\",\"caption\":\"La Gu\u00eda de Pamplona\"}}]}<\/script>\n<!-- \/ Yoast SEO plugin. -->","yoast_head_json":{"title":"Cinco citas con el \u2018Teatro de Aqu\u00ed\u2019 esta semana en la red civivox","robots":{"index":"index","follow":"follow","max-snippet":"max-snippet:-1","max-image-preview":"max-image-preview:large","max-video-preview":"max-video-preview:-1"},"canonical":"https:\/\/www.laguiadepamplona.com\/actualidad\/cinco-citas-con-el-teatro-de-aqui-esta-semana-en-la-red-civivox\/","og_locale":"es_ES","og_type":"article","og_title":"Cinco citas con el \u2018Teatro de Aqu\u00ed\u2019 esta semana en la red civivox","og_description":"Nueva Babel representa este lunes en Mendillorri \u2018La piedra oscura\u2019 y el mi\u00e9rcoles \u2018Primera fila y centrado\u2019 lleva a Iturrama \u2018El bar de los talentos\u2019","og_url":"https:\/\/www.laguiadepamplona.com\/actualidad\/cinco-citas-con-el-teatro-de-aqui-esta-semana-en-la-red-civivox\/","og_site_name":"La Gu\u00eda de Pamplona","article_publisher":"https:\/\/www.facebook.com\/laguiadepamplonacom-133175176762273\/?ref=hl","article_published_time":"2018-10-29T11:52:40+00:00","og_image":[{"width":870,"height":390,"url":"https:\/\/www.laguiadepamplona.com\/actualidad\/wp-content\/uploads\/2016\/12\/civivox-mendillorri.jpg","type":"image\/jpeg"}],"author":"La Gu\u00eda de Pamplona","twitter_card":"summary_large_image","twitter_creator":"@LaGuiadPamplona","twitter_site":"@LaGuiadPamplona","twitter_misc":{"Escrito por":"La Gu\u00eda de Pamplona","Tiempo de lectura":"5 minutos"},"schema":{"@context":"https:\/\/schema.org","@graph":[{"@type":"Article","@id":"https:\/\/www.laguiadepamplona.com\/actualidad\/cinco-citas-con-el-teatro-de-aqui-esta-semana-en-la-red-civivox\/#article","isPartOf":{"@id":"https:\/\/www.laguiadepamplona.com\/actualidad\/cinco-citas-con-el-teatro-de-aqui-esta-semana-en-la-red-civivox\/"},"author":{"name":"La Gu\u00eda de Pamplona","@id":"https:\/\/www.laguiadepamplona.com\/actualidad\/#\/schema\/person\/efe887376f0213d4657c93adc50b1fdb"},"headline":"Cinco citas con el \u2018Teatro de Aqu\u00ed\u2019 esta semana en la red civivox","datePublished":"2018-10-29T11:52:40+00:00","mainEntityOfPage":{"@id":"https:\/\/www.laguiadepamplona.com\/actualidad\/cinco-citas-con-el-teatro-de-aqui-esta-semana-en-la-red-civivox\/"},"wordCount":1034,"commentCount":0,"publisher":{"@id":"https:\/\/www.laguiadepamplona.com\/actualidad\/#organization"},"image":{"@id":"https:\/\/www.laguiadepamplona.com\/actualidad\/cinco-citas-con-el-teatro-de-aqui-esta-semana-en-la-red-civivox\/#primaryimage"},"thumbnailUrl":"https:\/\/www.laguiadepamplona.com\/actualidad\/wp-content\/uploads\/2016\/12\/civivox-mendillorri.jpg","articleSection":["Ayto Pamplona"],"inLanguage":"es","potentialAction":[{"@type":"CommentAction","name":"Comment","target":["https:\/\/www.laguiadepamplona.com\/actualidad\/cinco-citas-con-el-teatro-de-aqui-esta-semana-en-la-red-civivox\/#respond"]}]},{"@type":"WebPage","@id":"https:\/\/www.laguiadepamplona.com\/actualidad\/cinco-citas-con-el-teatro-de-aqui-esta-semana-en-la-red-civivox\/","url":"https:\/\/www.laguiadepamplona.com\/actualidad\/cinco-citas-con-el-teatro-de-aqui-esta-semana-en-la-red-civivox\/","name":"Cinco citas con el \u2018Teatro de Aqu\u00ed\u2019 esta semana en la red civivox","isPartOf":{"@id":"https:\/\/www.laguiadepamplona.com\/actualidad\/#website"},"primaryImageOfPage":{"@id":"https:\/\/www.laguiadepamplona.com\/actualidad\/cinco-citas-con-el-teatro-de-aqui-esta-semana-en-la-red-civivox\/#primaryimage"},"image":{"@id":"https:\/\/www.laguiadepamplona.com\/actualidad\/cinco-citas-con-el-teatro-de-aqui-esta-semana-en-la-red-civivox\/#primaryimage"},"thumbnailUrl":"https:\/\/www.laguiadepamplona.com\/actualidad\/wp-content\/uploads\/2016\/12\/civivox-mendillorri.jpg","datePublished":"2018-10-29T11:52:40+00:00","breadcrumb":{"@id":"https:\/\/www.laguiadepamplona.com\/actualidad\/cinco-citas-con-el-teatro-de-aqui-esta-semana-en-la-red-civivox\/#breadcrumb"},"inLanguage":"es","potentialAction":[{"@type":"ReadAction","target":["https:\/\/www.laguiadepamplona.com\/actualidad\/cinco-citas-con-el-teatro-de-aqui-esta-semana-en-la-red-civivox\/"]}]},{"@type":"ImageObject","inLanguage":"es","@id":"https:\/\/www.laguiadepamplona.com\/actualidad\/cinco-citas-con-el-teatro-de-aqui-esta-semana-en-la-red-civivox\/#primaryimage","url":"https:\/\/www.laguiadepamplona.com\/actualidad\/wp-content\/uploads\/2016\/12\/civivox-mendillorri.jpg","contentUrl":"https:\/\/www.laguiadepamplona.com\/actualidad\/wp-content\/uploads\/2016\/12\/civivox-mendillorri.jpg","width":870,"height":390},{"@type":"BreadcrumbList","@id":"https:\/\/www.laguiadepamplona.com\/actualidad\/cinco-citas-con-el-teatro-de-aqui-esta-semana-en-la-red-civivox\/#breadcrumb","itemListElement":[{"@type":"ListItem","position":1,"name":"Portada","item":"https:\/\/www.laguiadepamplona.com\/actualidad\/"},{"@type":"ListItem","position":2,"name":"Cinco citas con el \u2018Teatro de Aqu\u00ed\u2019 esta semana en la red civivox"}]},{"@type":"WebSite","@id":"https:\/\/www.laguiadepamplona.com\/actualidad\/#website","url":"https:\/\/www.laguiadepamplona.com\/actualidad\/","name":"La gu\u00eda de Pamplona","description":"Noticias de Pamplona","publisher":{"@id":"https:\/\/www.laguiadepamplona.com\/actualidad\/#organization"},"potentialAction":[{"@type":"SearchAction","target":{"@type":"EntryPoint","urlTemplate":"https:\/\/www.laguiadepamplona.com\/actualidad\/?s={search_term_string}"},"query-input":{"@type":"PropertyValueSpecification","valueRequired":true,"valueName":"search_term_string"}}],"inLanguage":"es"},{"@type":"Organization","@id":"https:\/\/www.laguiadepamplona.com\/actualidad\/#organization","name":"La Gu\u00eda de Pamplona \/ Noticias","url":"https:\/\/www.laguiadepamplona.com\/actualidad\/","logo":{"@type":"ImageObject","inLanguage":"es","@id":"https:\/\/www.laguiadepamplona.com\/actualidad\/#\/schema\/logo\/image\/","url":"https:\/\/www.laguiadepamplona.com\/actualidad\/wp-content\/uploads\/2018\/11\/logo-laguiadepamplona18-web1.png","contentUrl":"https:\/\/www.laguiadepamplona.com\/actualidad\/wp-content\/uploads\/2018\/11\/logo-laguiadepamplona18-web1.png","width":600,"height":196,"caption":"La Gu\u00eda de Pamplona \/ Noticias"},"image":{"@id":"https:\/\/www.laguiadepamplona.com\/actualidad\/#\/schema\/logo\/image\/"},"sameAs":["https:\/\/www.facebook.com\/laguiadepamplonacom-133175176762273\/?ref=hl","https:\/\/x.com\/LaGuiadPamplona","https:\/\/www.instagram.com\/la_guia_de_pamplona\/","https:\/\/www.youtube.com\/user\/laguiadepamplona"]},{"@type":"Person","@id":"https:\/\/www.laguiadepamplona.com\/actualidad\/#\/schema\/person\/efe887376f0213d4657c93adc50b1fdb","name":"La Gu\u00eda de Pamplona","image":{"@type":"ImageObject","inLanguage":"es","@id":"https:\/\/secure.gravatar.com\/avatar\/b6992f131dc8d30ab0dff15446e9d346d9dbd95992de0fef795073f5ea83a81c?s=96&d=mm&r=g","url":"https:\/\/secure.gravatar.com\/avatar\/b6992f131dc8d30ab0dff15446e9d346d9dbd95992de0fef795073f5ea83a81c?s=96&d=mm&r=g","contentUrl":"https:\/\/secure.gravatar.com\/avatar\/b6992f131dc8d30ab0dff15446e9d346d9dbd95992de0fef795073f5ea83a81c?s=96&d=mm&r=g","caption":"La Gu\u00eda de Pamplona"}}]}},"post_mailing_queue_ids":[],"_links":{"self":[{"href":"https:\/\/www.laguiadepamplona.com\/actualidad\/wp-json\/wp\/v2\/posts\/19178","targetHints":{"allow":["GET"]}}],"collection":[{"href":"https:\/\/www.laguiadepamplona.com\/actualidad\/wp-json\/wp\/v2\/posts"}],"about":[{"href":"https:\/\/www.laguiadepamplona.com\/actualidad\/wp-json\/wp\/v2\/types\/post"}],"author":[{"embeddable":true,"href":"https:\/\/www.laguiadepamplona.com\/actualidad\/wp-json\/wp\/v2\/users\/1"}],"replies":[{"embeddable":true,"href":"https:\/\/www.laguiadepamplona.com\/actualidad\/wp-json\/wp\/v2\/comments?post=19178"}],"version-history":[{"count":0,"href":"https:\/\/www.laguiadepamplona.com\/actualidad\/wp-json\/wp\/v2\/posts\/19178\/revisions"}],"wp:featuredmedia":[{"embeddable":true,"href":"https:\/\/www.laguiadepamplona.com\/actualidad\/wp-json\/wp\/v2\/media\/11011"}],"wp:attachment":[{"href":"https:\/\/www.laguiadepamplona.com\/actualidad\/wp-json\/wp\/v2\/media?parent=19178"}],"wp:term":[{"taxonomy":"category","embeddable":true,"href":"https:\/\/www.laguiadepamplona.com\/actualidad\/wp-json\/wp\/v2\/categories?post=19178"},{"taxonomy":"post_tag","embeddable":true,"href":"https:\/\/www.laguiadepamplona.com\/actualidad\/wp-json\/wp\/v2\/tags?post=19178"}],"curies":[{"name":"wp","href":"https:\/\/api.w.org\/{rel}","templated":true}]}}