{"id":19176,"date":"2018-10-29T13:51:49","date_gmt":"2018-10-29T11:51:49","guid":{"rendered":"https:\/\/www.laguiadepamplona.es\/actualidad\/?p=19176"},"modified":"2018-10-29T13:51:49","modified_gmt":"2018-10-29T11:51:49","slug":"el-casco-antiguo-sera-escenario-manana-martes-del-foro-de-barrio-de-esta-semana","status":"publish","type":"post","link":"https:\/\/www.laguiadepamplona.com\/actualidad\/el-casco-antiguo-sera-escenario-manana-martes-del-foro-de-barrio-de-esta-semana\/","title":{"rendered":"El Casco Antiguo ser\u00e1 escenario, ma\u00f1ana martes, del Foro de barrio de esta semana"},"content":{"rendered":"<h3>La web <a href=\"http:\/\/erabaki.pamplona.es\/\" target=\"_blank\" rel=\"noopener\">http:\/\/erabaki.pamplona.es<\/a> tendr\u00e1 abierta una l\u00ednea de participaci\u00f3n virtual para realizar propuestas, sugerencias o quejas hasta las 19 horas<\/h3>\n<p><!--more--><\/p>\n<p>Ma\u00f1ana martes 29 de octubre, Civivox Condestable acoger\u00e1 el quinto foro de barrio de esta nueva ronda de reuniones a las que est\u00e1 invitado vecindario y asociaciones. La reuni\u00f3n se realizar\u00e1 bajo la presidencia de Itziar G\u00f3mez y comenzar\u00e1 a las 18.30 horas en el edificio de la calle Mayor, 2.<\/p>\n<p>Tras la apertura del encuentro a cargo del director del \u00c1rea de Participaci\u00f3n Ciudadana del Ayuntamiento de Pamplona, Antso Fern\u00e1ndez, G\u00f3mez la palabra para hacer balance del primer a\u00f1o de amabilizaci\u00f3n, adem\u00e1s de abordar lo relativo al tratamiento normativo de los apartamentos tur\u00edsticos y relatar las principales inversiones en infraestructuras del barrio como: Red\u00edn y Cruzat, la cubierta parcial del patio del Colegio P\u00fablico San Francisco, ahora en proceso, o el nuevo espacio generado en la plaza de Santa Ana tras el derribo de Muebles Apestegu\u00eda.<\/p>\n<p>Despu\u00e9s, en \u2018El barrio informa\u2019 los presentes podr\u00e1n poner en com\u00fan las principales incidencias ocurridas en Casco Antiguo desde la \u00faltima reuni\u00f3n del Foro de Barrio. Despu\u00e9s, las personas presentes se dividir\u00e1n en grupos de trabajo para abordar, al menos dos temas, Santa Ana como oportunidad de plaza comunitaria y los h\u00e1bitos de compra y necesidades del comercio local como garant\u00eda de barrio vivo.<\/p>\n<p>Como es habitual el final de la sesi\u00f3n, a las 20 horas, estar\u00e1 destinado al turno de preguntas. Como din\u00e1mica general todas las personas participantes, tanto de forma individual, como en representaci\u00f3n del tejido asociativo, podr\u00e1n asistir al encuentro y tomar la palabra en \u00e9l. Tambi\u00e9n se expondr\u00e1n para su respuesta las preguntas incluidas en la sesi\u00f3n a trav\u00e9s de <a href=\"http:\/\/erabaki.pamplona.es\/\" target=\"_blank\" rel=\"noopener\">http:\/\/erabaki.pamplona.es<\/a>, una herramienta <em>on line<\/em> que se estrena en esta ronda de Foros de Barrio. La posibilidad de preguntar estar\u00e1 abierta para su formulaci\u00f3n <em>on-line<\/em> hasta las 19 horas del d\u00eda de celebraci\u00f3n del foro, previo registro en la propia web.<\/p>\n<p>Las sesiones seguir\u00e1n retransmiti\u00e9ndose en directo, v\u00eda <em>streaming<\/em>, a trav\u00e9s del canal de Youtube \u2018Pamplona es participaci\u00f3n\u2019. El Ayuntamiento mantendr\u00e1 tambi\u00e9n el servicio de ludoteca con inscripci\u00f3n previa para poder conciliar las tareas familiares con la asistencia al foro.<\/p>\n<p><strong>Pr\u00f3ximos Foros de Barrio<\/strong><\/p>\n<p>&nbsp;<\/p>\n<table>\n<tbody>\n<tr>\n<td width=\"66\"><strong>FECHA<\/strong><\/td>\n<td width=\"227\"><strong>BARRIO<\/strong><\/td>\n<td width=\"161\"><strong>LUGAR<\/strong><\/td>\n<td width=\"53\"><strong>HORA<\/strong><\/td>\n<td width=\"132\"><strong>CONCEJAL\/A<\/strong><\/td>\n<\/tr>\n<tr>\n<td width=\"66\"><strong>30\/10\/18<\/strong><\/td>\n<td width=\"227\">Casco Antiguo<\/td>\n<td width=\"161\">Civivox Condestable<\/td>\n<td width=\"53\">18.30<\/td>\n<td width=\"132\">Itziar G\u00f3mez<\/td>\n<\/tr>\n<tr>\n<td width=\"66\"><strong>06\/11\/18<\/strong><\/td>\n<td width=\"227\">Erripaga\u00f1a \/ Beloso \/ Bidezar<\/td>\n<td width=\"161\">C.P. Elorri<\/td>\n<td width=\"53\">18.30<\/td>\n<td width=\"132\">Maider Beloki<\/td>\n<\/tr>\n<\/tbody>\n<\/table>\n<p>&nbsp;<\/p>\n","protected":false},"excerpt":{"rendered":"<p>La web http:\/\/erabaki.pamplona.es tendr\u00e1 abierta una l\u00ednea de participaci\u00f3n virtual para realizar propuestas, sugerencias o quejas hasta las 19 horas<\/p>\n","protected":false},"author":1,"featured_media":17390,"comment_status":"open","ping_status":"closed","sticky":false,"template":"","format":"standard","meta":{"footnotes":""},"categories":[2],"tags":[],"class_list":["post-19176","post","type-post","status-publish","format-standard","has-post-thumbnail","hentry","category-ayuntamiento-pamplona"],"yoast_head":"<!-- This site is optimized with the Yoast SEO plugin v27.9 - https:\/\/yoast.com\/product\/yoast-seo-wordpress\/ -->\n<title>El Casco Antiguo ser\u00e1 escenario, ma\u00f1ana martes, del Foro de barrio de esta semana<\/title>\n<meta name=\"robots\" content=\"index, follow, max-snippet:-1, max-image-preview:large, max-video-preview:-1\" \/>\n<link rel=\"canonical\" href=\"https:\/\/www.laguiadepamplona.com\/actualidad\/el-casco-antiguo-sera-escenario-manana-martes-del-foro-de-barrio-de-esta-semana\/\" \/>\n<meta property=\"og:locale\" content=\"es_ES\" \/>\n<meta property=\"og:type\" content=\"article\" \/>\n<meta property=\"og:title\" content=\"El Casco Antiguo ser\u00e1 escenario, ma\u00f1ana martes, del Foro de barrio de esta semana\" \/>\n<meta property=\"og:description\" content=\"La web http:\/\/erabaki.pamplona.es tendr\u00e1 abierta una l\u00ednea de participaci\u00f3n virtual para realizar propuestas, sugerencias o quejas hasta las 19 horas\" \/>\n<meta property=\"og:url\" content=\"https:\/\/www.laguiadepamplona.com\/actualidad\/el-casco-antiguo-sera-escenario-manana-martes-del-foro-de-barrio-de-esta-semana\/\" \/>\n<meta property=\"og:site_name\" content=\"La Gu\u00eda de Pamplona Noticias y actualidad\" \/>\n<meta property=\"article:publisher\" content=\"https:\/\/www.facebook.com\/laguiadepamplonacom-133175176762273\/?ref=hl\" \/>\n<meta property=\"article:published_time\" content=\"2018-10-29T11:51:49+00:00\" \/>\n<meta property=\"og:image\" content=\"https:\/\/www.laguiadepamplona.com\/actualidad\/wp-content\/uploads\/2018\/05\/palacio-condestable.jpg\" \/>\n\t<meta property=\"og:image:width\" content=\"950\" \/>\n\t<meta property=\"og:image:height\" content=\"634\" \/>\n\t<meta property=\"og:image:type\" content=\"image\/jpeg\" \/>\n<meta name=\"author\" content=\"La Gu\u00eda de Pamplona\" \/>\n<meta name=\"twitter:card\" content=\"summary_large_image\" \/>\n<meta name=\"twitter:creator\" content=\"@LaGuiadPamplona\" \/>\n<meta name=\"twitter:site\" content=\"@LaGuiadPamplona\" \/>\n<meta name=\"twitter:label1\" content=\"Escrito por\" \/>\n\t<meta name=\"twitter:data1\" content=\"La Gu\u00eda de Pamplona\" \/>\n\t<meta name=\"twitter:label2\" content=\"Tiempo de lectura\" \/>\n\t<meta name=\"twitter:data2\" content=\"2 minutos\" \/>\n<script type=\"application\/ld+json\" class=\"yoast-schema-graph\">{\"@context\":\"https:\\\/\\\/schema.org\",\"@graph\":[{\"@type\":\"Article\",\"@id\":\"https:\\\/\\\/www.laguiadepamplona.com\\\/actualidad\\\/el-casco-antiguo-sera-escenario-manana-martes-del-foro-de-barrio-de-esta-semana\\\/#article\",\"isPartOf\":{\"@id\":\"https:\\\/\\\/www.laguiadepamplona.com\\\/actualidad\\\/el-casco-antiguo-sera-escenario-manana-martes-del-foro-de-barrio-de-esta-semana\\\/\"},\"author\":{\"name\":\"La Gu\u00eda de Pamplona\",\"@id\":\"https:\\\/\\\/www.laguiadepamplona.com\\\/actualidad\\\/#\\\/schema\\\/person\\\/efe887376f0213d4657c93adc50b1fdb\"},\"headline\":\"El Casco Antiguo ser\u00e1 escenario, ma\u00f1ana martes, del Foro de barrio de esta semana\",\"datePublished\":\"2018-10-29T11:51:49+00:00\",\"mainEntityOfPage\":{\"@id\":\"https:\\\/\\\/www.laguiadepamplona.com\\\/actualidad\\\/el-casco-antiguo-sera-escenario-manana-martes-del-foro-de-barrio-de-esta-semana\\\/\"},\"wordCount\":446,\"commentCount\":0,\"publisher\":{\"@id\":\"https:\\\/\\\/www.laguiadepamplona.com\\\/actualidad\\\/#organization\"},\"image\":{\"@id\":\"https:\\\/\\\/www.laguiadepamplona.com\\\/actualidad\\\/el-casco-antiguo-sera-escenario-manana-martes-del-foro-de-barrio-de-esta-semana\\\/#primaryimage\"},\"thumbnailUrl\":\"https:\\\/\\\/www.laguiadepamplona.com\\\/actualidad\\\/wp-content\\\/uploads\\\/2018\\\/05\\\/palacio-condestable.jpg\",\"articleSection\":[\"Ayto Pamplona\"],\"inLanguage\":\"es\",\"potentialAction\":[{\"@type\":\"CommentAction\",\"name\":\"Comment\",\"target\":[\"https:\\\/\\\/www.laguiadepamplona.com\\\/actualidad\\\/el-casco-antiguo-sera-escenario-manana-martes-del-foro-de-barrio-de-esta-semana\\\/#respond\"]}]},{\"@type\":\"WebPage\",\"@id\":\"https:\\\/\\\/www.laguiadepamplona.com\\\/actualidad\\\/el-casco-antiguo-sera-escenario-manana-martes-del-foro-de-barrio-de-esta-semana\\\/\",\"url\":\"https:\\\/\\\/www.laguiadepamplona.com\\\/actualidad\\\/el-casco-antiguo-sera-escenario-manana-martes-del-foro-de-barrio-de-esta-semana\\\/\",\"name\":\"El Casco Antiguo ser\u00e1 escenario, ma\u00f1ana martes, del Foro de barrio de esta semana\",\"isPartOf\":{\"@id\":\"https:\\\/\\\/www.laguiadepamplona.com\\\/actualidad\\\/#website\"},\"primaryImageOfPage\":{\"@id\":\"https:\\\/\\\/www.laguiadepamplona.com\\\/actualidad\\\/el-casco-antiguo-sera-escenario-manana-martes-del-foro-de-barrio-de-esta-semana\\\/#primaryimage\"},\"image\":{\"@id\":\"https:\\\/\\\/www.laguiadepamplona.com\\\/actualidad\\\/el-casco-antiguo-sera-escenario-manana-martes-del-foro-de-barrio-de-esta-semana\\\/#primaryimage\"},\"thumbnailUrl\":\"https:\\\/\\\/www.laguiadepamplona.com\\\/actualidad\\\/wp-content\\\/uploads\\\/2018\\\/05\\\/palacio-condestable.jpg\",\"datePublished\":\"2018-10-29T11:51:49+00:00\",\"breadcrumb\":{\"@id\":\"https:\\\/\\\/www.laguiadepamplona.com\\\/actualidad\\\/el-casco-antiguo-sera-escenario-manana-martes-del-foro-de-barrio-de-esta-semana\\\/#breadcrumb\"},\"inLanguage\":\"es\",\"potentialAction\":[{\"@type\":\"ReadAction\",\"target\":[\"https:\\\/\\\/www.laguiadepamplona.com\\\/actualidad\\\/el-casco-antiguo-sera-escenario-manana-martes-del-foro-de-barrio-de-esta-semana\\\/\"]}]},{\"@type\":\"ImageObject\",\"inLanguage\":\"es\",\"@id\":\"https:\\\/\\\/www.laguiadepamplona.com\\\/actualidad\\\/el-casco-antiguo-sera-escenario-manana-martes-del-foro-de-barrio-de-esta-semana\\\/#primaryimage\",\"url\":\"https:\\\/\\\/www.laguiadepamplona.com\\\/actualidad\\\/wp-content\\\/uploads\\\/2018\\\/05\\\/palacio-condestable.jpg\",\"contentUrl\":\"https:\\\/\\\/www.laguiadepamplona.com\\\/actualidad\\\/wp-content\\\/uploads\\\/2018\\\/05\\\/palacio-condestable.jpg\",\"width\":950,\"height\":634,\"caption\":\"civivox condestable\"},{\"@type\":\"BreadcrumbList\",\"@id\":\"https:\\\/\\\/www.laguiadepamplona.com\\\/actualidad\\\/el-casco-antiguo-sera-escenario-manana-martes-del-foro-de-barrio-de-esta-semana\\\/#breadcrumb\",\"itemListElement\":[{\"@type\":\"ListItem\",\"position\":1,\"name\":\"Portada\",\"item\":\"https:\\\/\\\/www.laguiadepamplona.com\\\/actualidad\\\/\"},{\"@type\":\"ListItem\",\"position\":2,\"name\":\"El Casco Antiguo ser\u00e1 escenario, ma\u00f1ana martes, del Foro de barrio de esta semana\"}]},{\"@type\":\"WebSite\",\"@id\":\"https:\\\/\\\/www.laguiadepamplona.com\\\/actualidad\\\/#website\",\"url\":\"https:\\\/\\\/www.laguiadepamplona.com\\\/actualidad\\\/\",\"name\":\"La gu\u00eda de Pamplona\",\"description\":\"Noticias de Pamplona\",\"publisher\":{\"@id\":\"https:\\\/\\\/www.laguiadepamplona.com\\\/actualidad\\\/#organization\"},\"potentialAction\":[{\"@type\":\"SearchAction\",\"target\":{\"@type\":\"EntryPoint\",\"urlTemplate\":\"https:\\\/\\\/www.laguiadepamplona.com\\\/actualidad\\\/?s={search_term_string}\"},\"query-input\":{\"@type\":\"PropertyValueSpecification\",\"valueRequired\":true,\"valueName\":\"search_term_string\"}}],\"inLanguage\":\"es\"},{\"@type\":\"Organization\",\"@id\":\"https:\\\/\\\/www.laguiadepamplona.com\\\/actualidad\\\/#organization\",\"name\":\"La Gu\u00eda de Pamplona \\\/ Noticias\",\"url\":\"https:\\\/\\\/www.laguiadepamplona.com\\\/actualidad\\\/\",\"logo\":{\"@type\":\"ImageObject\",\"inLanguage\":\"es\",\"@id\":\"https:\\\/\\\/www.laguiadepamplona.com\\\/actualidad\\\/#\\\/schema\\\/logo\\\/image\\\/\",\"url\":\"https:\\\/\\\/www.laguiadepamplona.com\\\/actualidad\\\/wp-content\\\/uploads\\\/2018\\\/11\\\/logo-laguiadepamplona18-web1.png\",\"contentUrl\":\"https:\\\/\\\/www.laguiadepamplona.com\\\/actualidad\\\/wp-content\\\/uploads\\\/2018\\\/11\\\/logo-laguiadepamplona18-web1.png\",\"width\":600,\"height\":196,\"caption\":\"La Gu\u00eda de Pamplona \\\/ Noticias\"},\"image\":{\"@id\":\"https:\\\/\\\/www.laguiadepamplona.com\\\/actualidad\\\/#\\\/schema\\\/logo\\\/image\\\/\"},\"sameAs\":[\"https:\\\/\\\/www.facebook.com\\\/laguiadepamplonacom-133175176762273\\\/?ref=hl\",\"https:\\\/\\\/x.com\\\/LaGuiadPamplona\",\"https:\\\/\\\/www.instagram.com\\\/la_guia_de_pamplona\\\/\",\"https:\\\/\\\/www.youtube.com\\\/user\\\/laguiadepamplona\"]},{\"@type\":\"Person\",\"@id\":\"https:\\\/\\\/www.laguiadepamplona.com\\\/actualidad\\\/#\\\/schema\\\/person\\\/efe887376f0213d4657c93adc50b1fdb\",\"name\":\"La Gu\u00eda de Pamplona\",\"image\":{\"@type\":\"ImageObject\",\"inLanguage\":\"es\",\"@id\":\"https:\\\/\\\/secure.gravatar.com\\\/avatar\\\/b6992f131dc8d30ab0dff15446e9d346d9dbd95992de0fef795073f5ea83a81c?s=96&d=mm&r=g\",\"url\":\"https:\\\/\\\/secure.gravatar.com\\\/avatar\\\/b6992f131dc8d30ab0dff15446e9d346d9dbd95992de0fef795073f5ea83a81c?s=96&d=mm&r=g\",\"contentUrl\":\"https:\\\/\\\/secure.gravatar.com\\\/avatar\\\/b6992f131dc8d30ab0dff15446e9d346d9dbd95992de0fef795073f5ea83a81c?s=96&d=mm&r=g\",\"caption\":\"La Gu\u00eda de Pamplona\"}}]}<\/script>\n<!-- \/ Yoast SEO plugin. -->","yoast_head_json":{"title":"El Casco Antiguo ser\u00e1 escenario, ma\u00f1ana martes, del Foro de barrio de esta semana","robots":{"index":"index","follow":"follow","max-snippet":"max-snippet:-1","max-image-preview":"max-image-preview:large","max-video-preview":"max-video-preview:-1"},"canonical":"https:\/\/www.laguiadepamplona.com\/actualidad\/el-casco-antiguo-sera-escenario-manana-martes-del-foro-de-barrio-de-esta-semana\/","og_locale":"es_ES","og_type":"article","og_title":"El Casco Antiguo ser\u00e1 escenario, ma\u00f1ana martes, del Foro de barrio de esta semana","og_description":"La web http:\/\/erabaki.pamplona.es tendr\u00e1 abierta una l\u00ednea de participaci\u00f3n virtual para realizar propuestas, sugerencias o quejas hasta las 19 horas","og_url":"https:\/\/www.laguiadepamplona.com\/actualidad\/el-casco-antiguo-sera-escenario-manana-martes-del-foro-de-barrio-de-esta-semana\/","og_site_name":"La Gu\u00eda de Pamplona Noticias y actualidad","article_publisher":"https:\/\/www.facebook.com\/laguiadepamplonacom-133175176762273\/?ref=hl","article_published_time":"2018-10-29T11:51:49+00:00","og_image":[{"width":950,"height":634,"url":"https:\/\/www.laguiadepamplona.com\/actualidad\/wp-content\/uploads\/2018\/05\/palacio-condestable.jpg","type":"image\/jpeg"}],"author":"La Gu\u00eda de Pamplona","twitter_card":"summary_large_image","twitter_creator":"@LaGuiadPamplona","twitter_site":"@LaGuiadPamplona","twitter_misc":{"Escrito por":"La Gu\u00eda de Pamplona","Tiempo de lectura":"2 minutos"},"schema":{"@context":"https:\/\/schema.org","@graph":[{"@type":"Article","@id":"https:\/\/www.laguiadepamplona.com\/actualidad\/el-casco-antiguo-sera-escenario-manana-martes-del-foro-de-barrio-de-esta-semana\/#article","isPartOf":{"@id":"https:\/\/www.laguiadepamplona.com\/actualidad\/el-casco-antiguo-sera-escenario-manana-martes-del-foro-de-barrio-de-esta-semana\/"},"author":{"name":"La Gu\u00eda de Pamplona","@id":"https:\/\/www.laguiadepamplona.com\/actualidad\/#\/schema\/person\/efe887376f0213d4657c93adc50b1fdb"},"headline":"El Casco Antiguo ser\u00e1 escenario, ma\u00f1ana martes, del Foro de barrio de esta semana","datePublished":"2018-10-29T11:51:49+00:00","mainEntityOfPage":{"@id":"https:\/\/www.laguiadepamplona.com\/actualidad\/el-casco-antiguo-sera-escenario-manana-martes-del-foro-de-barrio-de-esta-semana\/"},"wordCount":446,"commentCount":0,"publisher":{"@id":"https:\/\/www.laguiadepamplona.com\/actualidad\/#organization"},"image":{"@id":"https:\/\/www.laguiadepamplona.com\/actualidad\/el-casco-antiguo-sera-escenario-manana-martes-del-foro-de-barrio-de-esta-semana\/#primaryimage"},"thumbnailUrl":"https:\/\/www.laguiadepamplona.com\/actualidad\/wp-content\/uploads\/2018\/05\/palacio-condestable.jpg","articleSection":["Ayto Pamplona"],"inLanguage":"es","potentialAction":[{"@type":"CommentAction","name":"Comment","target":["https:\/\/www.laguiadepamplona.com\/actualidad\/el-casco-antiguo-sera-escenario-manana-martes-del-foro-de-barrio-de-esta-semana\/#respond"]}]},{"@type":"WebPage","@id":"https:\/\/www.laguiadepamplona.com\/actualidad\/el-casco-antiguo-sera-escenario-manana-martes-del-foro-de-barrio-de-esta-semana\/","url":"https:\/\/www.laguiadepamplona.com\/actualidad\/el-casco-antiguo-sera-escenario-manana-martes-del-foro-de-barrio-de-esta-semana\/","name":"El Casco Antiguo ser\u00e1 escenario, ma\u00f1ana martes, del Foro de barrio de esta semana","isPartOf":{"@id":"https:\/\/www.laguiadepamplona.com\/actualidad\/#website"},"primaryImageOfPage":{"@id":"https:\/\/www.laguiadepamplona.com\/actualidad\/el-casco-antiguo-sera-escenario-manana-martes-del-foro-de-barrio-de-esta-semana\/#primaryimage"},"image":{"@id":"https:\/\/www.laguiadepamplona.com\/actualidad\/el-casco-antiguo-sera-escenario-manana-martes-del-foro-de-barrio-de-esta-semana\/#primaryimage"},"thumbnailUrl":"https:\/\/www.laguiadepamplona.com\/actualidad\/wp-content\/uploads\/2018\/05\/palacio-condestable.jpg","datePublished":"2018-10-29T11:51:49+00:00","breadcrumb":{"@id":"https:\/\/www.laguiadepamplona.com\/actualidad\/el-casco-antiguo-sera-escenario-manana-martes-del-foro-de-barrio-de-esta-semana\/#breadcrumb"},"inLanguage":"es","potentialAction":[{"@type":"ReadAction","target":["https:\/\/www.laguiadepamplona.com\/actualidad\/el-casco-antiguo-sera-escenario-manana-martes-del-foro-de-barrio-de-esta-semana\/"]}]},{"@type":"ImageObject","inLanguage":"es","@id":"https:\/\/www.laguiadepamplona.com\/actualidad\/el-casco-antiguo-sera-escenario-manana-martes-del-foro-de-barrio-de-esta-semana\/#primaryimage","url":"https:\/\/www.laguiadepamplona.com\/actualidad\/wp-content\/uploads\/2018\/05\/palacio-condestable.jpg","contentUrl":"https:\/\/www.laguiadepamplona.com\/actualidad\/wp-content\/uploads\/2018\/05\/palacio-condestable.jpg","width":950,"height":634,"caption":"civivox condestable"},{"@type":"BreadcrumbList","@id":"https:\/\/www.laguiadepamplona.com\/actualidad\/el-casco-antiguo-sera-escenario-manana-martes-del-foro-de-barrio-de-esta-semana\/#breadcrumb","itemListElement":[{"@type":"ListItem","position":1,"name":"Portada","item":"https:\/\/www.laguiadepamplona.com\/actualidad\/"},{"@type":"ListItem","position":2,"name":"El Casco Antiguo ser\u00e1 escenario, ma\u00f1ana martes, del Foro de barrio de esta semana"}]},{"@type":"WebSite","@id":"https:\/\/www.laguiadepamplona.com\/actualidad\/#website","url":"https:\/\/www.laguiadepamplona.com\/actualidad\/","name":"La gu\u00eda de Pamplona","description":"Noticias de Pamplona","publisher":{"@id":"https:\/\/www.laguiadepamplona.com\/actualidad\/#organization"},"potentialAction":[{"@type":"SearchAction","target":{"@type":"EntryPoint","urlTemplate":"https:\/\/www.laguiadepamplona.com\/actualidad\/?s={search_term_string}"},"query-input":{"@type":"PropertyValueSpecification","valueRequired":true,"valueName":"search_term_string"}}],"inLanguage":"es"},{"@type":"Organization","@id":"https:\/\/www.laguiadepamplona.com\/actualidad\/#organization","name":"La Gu\u00eda de Pamplona \/ Noticias","url":"https:\/\/www.laguiadepamplona.com\/actualidad\/","logo":{"@type":"ImageObject","inLanguage":"es","@id":"https:\/\/www.laguiadepamplona.com\/actualidad\/#\/schema\/logo\/image\/","url":"https:\/\/www.laguiadepamplona.com\/actualidad\/wp-content\/uploads\/2018\/11\/logo-laguiadepamplona18-web1.png","contentUrl":"https:\/\/www.laguiadepamplona.com\/actualidad\/wp-content\/uploads\/2018\/11\/logo-laguiadepamplona18-web1.png","width":600,"height":196,"caption":"La Gu\u00eda de Pamplona \/ Noticias"},"image":{"@id":"https:\/\/www.laguiadepamplona.com\/actualidad\/#\/schema\/logo\/image\/"},"sameAs":["https:\/\/www.facebook.com\/laguiadepamplonacom-133175176762273\/?ref=hl","https:\/\/x.com\/LaGuiadPamplona","https:\/\/www.instagram.com\/la_guia_de_pamplona\/","https:\/\/www.youtube.com\/user\/laguiadepamplona"]},{"@type":"Person","@id":"https:\/\/www.laguiadepamplona.com\/actualidad\/#\/schema\/person\/efe887376f0213d4657c93adc50b1fdb","name":"La Gu\u00eda de Pamplona","image":{"@type":"ImageObject","inLanguage":"es","@id":"https:\/\/secure.gravatar.com\/avatar\/b6992f131dc8d30ab0dff15446e9d346d9dbd95992de0fef795073f5ea83a81c?s=96&d=mm&r=g","url":"https:\/\/secure.gravatar.com\/avatar\/b6992f131dc8d30ab0dff15446e9d346d9dbd95992de0fef795073f5ea83a81c?s=96&d=mm&r=g","contentUrl":"https:\/\/secure.gravatar.com\/avatar\/b6992f131dc8d30ab0dff15446e9d346d9dbd95992de0fef795073f5ea83a81c?s=96&d=mm&r=g","caption":"La Gu\u00eda de Pamplona"}}]}},"post_mailing_queue_ids":[],"_links":{"self":[{"href":"https:\/\/www.laguiadepamplona.com\/actualidad\/wp-json\/wp\/v2\/posts\/19176","targetHints":{"allow":["GET"]}}],"collection":[{"href":"https:\/\/www.laguiadepamplona.com\/actualidad\/wp-json\/wp\/v2\/posts"}],"about":[{"href":"https:\/\/www.laguiadepamplona.com\/actualidad\/wp-json\/wp\/v2\/types\/post"}],"author":[{"embeddable":true,"href":"https:\/\/www.laguiadepamplona.com\/actualidad\/wp-json\/wp\/v2\/users\/1"}],"replies":[{"embeddable":true,"href":"https:\/\/www.laguiadepamplona.com\/actualidad\/wp-json\/wp\/v2\/comments?post=19176"}],"version-history":[{"count":0,"href":"https:\/\/www.laguiadepamplona.com\/actualidad\/wp-json\/wp\/v2\/posts\/19176\/revisions"}],"wp:featuredmedia":[{"embeddable":true,"href":"https:\/\/www.laguiadepamplona.com\/actualidad\/wp-json\/wp\/v2\/media\/17390"}],"wp:attachment":[{"href":"https:\/\/www.laguiadepamplona.com\/actualidad\/wp-json\/wp\/v2\/media?parent=19176"}],"wp:term":[{"taxonomy":"category","embeddable":true,"href":"https:\/\/www.laguiadepamplona.com\/actualidad\/wp-json\/wp\/v2\/categories?post=19176"},{"taxonomy":"post_tag","embeddable":true,"href":"https:\/\/www.laguiadepamplona.com\/actualidad\/wp-json\/wp\/v2\/tags?post=19176"}],"curies":[{"name":"wp","href":"https:\/\/api.w.org\/{rel}","templated":true}]}}