{"id":19174,"date":"2018-10-29T13:50:46","date_gmt":"2018-10-29T11:50:46","guid":{"rendered":"https:\/\/www.laguiadepamplona.es\/actualidad\/?p=19174"},"modified":"2018-10-29T13:50:46","modified_gmt":"2018-10-29T11:50:46","slug":"el-museo-de-educacion-ambiental-centra-la-semana-en-el-cambio-climatico-y-sus-afecciones-a-realidades-tan-dispares-como-la-geologia-o-las-personas-refugiadas","status":"publish","type":"post","link":"https:\/\/www.laguiadepamplona.com\/actualidad\/el-museo-de-educacion-ambiental-centra-la-semana-en-el-cambio-climatico-y-sus-afecciones-a-realidades-tan-dispares-como-la-geologia-o-las-personas-refugiadas\/","title":{"rendered":"El Museo de Educaci\u00f3n Ambiental centra la semana en el cambio clim\u00e1tico y sus afecciones a realidades tan dispares como la geolog\u00eda o las personas refugiadas"},"content":{"rendered":"<h3>El martes un taller aborda los cambios producidos en el planeta; el mi\u00e9rcoles, charla sobre la relaci\u00f3n entre el clima y el fen\u00f3meno de los refugiados<\/h3>\n<p><!--more--><\/p>\n<p>El cambio clim\u00e1tico es un problema complejo, que tiene varias facetas, muchas consecuencias y, tambi\u00e9n, diferentes puntos de vista. Estas \u00faltimas semanas el Museo de Educaci\u00f3n Ambiental est\u00e1 poniendo de relieve algunos de estos aspectos. En concreto, este martes se programa un taller sobre geolog\u00eda y cambio clim\u00e1tico y el mi\u00e9rcoles una conferencia sobre la relaci\u00f3n del clima y las personas refugiadas. Ambas actividades tienen la entrada libre.<\/p>\n<p>El ge\u00f3logo y divulgador de las Ciencias de la Tierra, Fran Sanz Morales, imparte un taller en el propio Museo de Educaci\u00f3n Ambiental, el martes a las 18 horas, para entender de forma pr\u00e1ctica el cambio clim\u00e1tico a trav\u00e9s del conocimiento de nuestro planeta. &#8216;\u00bfQu\u00e9 esconde la roca que pisamos sobre el clima que vivimos?\u2019 es el t\u00edtulo de este taller, cuyo objetivo es conocer los mecanismos que rigen dicho funcionamiento y las herramientas de que dispone el ser humano para prevenir y\/o mitigar los efectos del cambio clim\u00e1tico. La inscripci\u00f3n es gratuita, aunque se requiere inscripci\u00f3n previa en el tel\u00e9fono 010 \u2013 948 420 100. Sanz Morales ha trabajado principalmente en geotecnia e ingenier\u00eda geol\u00f3gica, compaginando esta labor con su faceta como docente en la ense\u00f1anza y divulgaci\u00f3n de la Geolog\u00eda y las Ciencias de la Tierra.<\/p>\n<p>El mi\u00e9rcoles en Geltoki la abogada de la Comisi\u00f3n de Espa\u00f1ola de Ayuda al Refugiado (CEAR), Sof\u00eda Zamalloa, ofrecer\u00e1 una conferencia sobre la relaci\u00f3n del clima y las personas refugiadas. La crisis de las personas refugiadas, que azota principalmente a varios pa\u00edses de Oriente Pr\u00f3ximo y \u00c1frica, tambi\u00e9n ha sido vinculada con el cambio clim\u00e1tico. Ese cambio clim\u00e1tico, las cat\u00e1strofes naturales, los conflictos generados por la obtenci\u00f3n de materias primas o la construcci\u00f3n de infraestructuras energ\u00e9ticas son causantes de la huida forzada de millones de personas. De hecho, los factores medioambientales cada vez generan un mayor n\u00famero de personas desplazadas forzosamente, que viven en situaci\u00f3n de vulnerabilidad y carecen de reconocimiento internacional. La charla se desarrollar\u00e1 en la sala multiusos de los andenes de la antigua estaci\u00f3n de autobuses, a partir de las 19 horas, con entrada libre.<\/p>\n<p>En el Museo de Educaci\u00f3n Ambiental contin\u00faa abierta hasta el 2 de noviembre la exposici\u00f3n \u2018El cambio clim\u00e1tico no tiene gracia\u2019. Est\u00e1 formada por 15 dibujos que explora las lentes del humor para amplificarlo hasta el disparate en un tema tan serio como el medioambiental. Son obras de dibujantes de todo el mundo, de pa\u00edses como China, India, Arabia Saud\u00ed, Egipto, Kenia, Venezuela, Cuba, Francia o Espa\u00f1a. Los trazos de l\u00e1piz de estas vi\u00f1etas dejan en evidencia muchos contrasentidos, pero a la vez ense\u00f1an las diferentes formas de ver el cambio clim\u00e1tico por el mundo, demostrando que este es un problema que afecta a todos los pa\u00edses y que hay que resolver de forma conjunta.<\/p>\n<p>&nbsp;<\/p>\n","protected":false},"excerpt":{"rendered":"<p>El martes un taller aborda los cambios producidos en el planeta; el mi\u00e9rcoles, charla sobre la relaci\u00f3n entre el clima y el fen\u00f3meno de los refugiados<\/p>\n","protected":false},"author":1,"featured_media":11071,"comment_status":"open","ping_status":"closed","sticky":false,"template":"","format":"standard","meta":{"footnotes":""},"categories":[2],"tags":[],"class_list":["post-19174","post","type-post","status-publish","format-standard","has-post-thumbnail","hentry","category-ayuntamiento-pamplona"],"yoast_head":"<!-- This site is optimized with the Yoast SEO plugin v27.9 - https:\/\/yoast.com\/product\/yoast-seo-wordpress\/ -->\n<title>El Museo de Educaci\u00f3n Ambiental centra la semana en el cambio clim\u00e1tico y sus afecciones a realidades tan dispares como la geolog\u00eda o las personas refugiadas<\/title>\n<meta name=\"robots\" content=\"index, follow, max-snippet:-1, max-image-preview:large, max-video-preview:-1\" \/>\n<link rel=\"canonical\" href=\"https:\/\/www.laguiadepamplona.com\/actualidad\/el-museo-de-educacion-ambiental-centra-la-semana-en-el-cambio-climatico-y-sus-afecciones-a-realidades-tan-dispares-como-la-geologia-o-las-personas-refugiadas\/\" \/>\n<meta property=\"og:locale\" content=\"es_ES\" \/>\n<meta property=\"og:type\" content=\"article\" \/>\n<meta property=\"og:title\" content=\"El Museo de Educaci\u00f3n Ambiental centra la semana en el cambio clim\u00e1tico y sus afecciones a realidades tan dispares como la geolog\u00eda o las personas refugiadas\" \/>\n<meta property=\"og:description\" content=\"El martes un taller aborda los cambios producidos en el planeta; el mi\u00e9rcoles, charla sobre la relaci\u00f3n entre el clima y el fen\u00f3meno de los refugiados\" \/>\n<meta property=\"og:url\" content=\"https:\/\/www.laguiadepamplona.com\/actualidad\/el-museo-de-educacion-ambiental-centra-la-semana-en-el-cambio-climatico-y-sus-afecciones-a-realidades-tan-dispares-como-la-geologia-o-las-personas-refugiadas\/\" \/>\n<meta property=\"og:site_name\" content=\"La Gu\u00eda de Pamplona Noticias y actualidad\" \/>\n<meta property=\"article:publisher\" content=\"https:\/\/www.facebook.com\/laguiadepamplonacom-133175176762273\/?ref=hl\" \/>\n<meta property=\"article:published_time\" content=\"2018-10-29T11:50:46+00:00\" \/>\n<meta property=\"og:image\" content=\"https:\/\/www.laguiadepamplona.com\/actualidad\/wp-content\/uploads\/2016\/12\/Museo-Educacion-Ambiental-Pamplona.jpg\" \/>\n\t<meta property=\"og:image:width\" content=\"627\" \/>\n\t<meta property=\"og:image:height\" content=\"352\" \/>\n\t<meta property=\"og:image:type\" content=\"image\/jpeg\" \/>\n<meta name=\"author\" content=\"La Gu\u00eda de Pamplona\" \/>\n<meta name=\"twitter:card\" content=\"summary_large_image\" \/>\n<meta name=\"twitter:creator\" content=\"@LaGuiadPamplona\" \/>\n<meta name=\"twitter:site\" content=\"@LaGuiadPamplona\" \/>\n<meta name=\"twitter:label1\" content=\"Escrito por\" \/>\n\t<meta name=\"twitter:data1\" content=\"La Gu\u00eda de Pamplona\" \/>\n\t<meta name=\"twitter:label2\" content=\"Tiempo de lectura\" \/>\n\t<meta name=\"twitter:data2\" content=\"3 minutos\" \/>\n<script type=\"application\/ld+json\" class=\"yoast-schema-graph\">{\"@context\":\"https:\\\/\\\/schema.org\",\"@graph\":[{\"@type\":\"Article\",\"@id\":\"https:\\\/\\\/www.laguiadepamplona.com\\\/actualidad\\\/el-museo-de-educacion-ambiental-centra-la-semana-en-el-cambio-climatico-y-sus-afecciones-a-realidades-tan-dispares-como-la-geologia-o-las-personas-refugiadas\\\/#article\",\"isPartOf\":{\"@id\":\"https:\\\/\\\/www.laguiadepamplona.com\\\/actualidad\\\/el-museo-de-educacion-ambiental-centra-la-semana-en-el-cambio-climatico-y-sus-afecciones-a-realidades-tan-dispares-como-la-geologia-o-las-personas-refugiadas\\\/\"},\"author\":{\"name\":\"La Gu\u00eda de Pamplona\",\"@id\":\"https:\\\/\\\/www.laguiadepamplona.com\\\/actualidad\\\/#\\\/schema\\\/person\\\/efe887376f0213d4657c93adc50b1fdb\"},\"headline\":\"El Museo de Educaci\u00f3n Ambiental centra la semana en el cambio clim\u00e1tico y sus afecciones a realidades tan dispares como la geolog\u00eda o las personas refugiadas\",\"datePublished\":\"2018-10-29T11:50:46+00:00\",\"mainEntityOfPage\":{\"@id\":\"https:\\\/\\\/www.laguiadepamplona.com\\\/actualidad\\\/el-museo-de-educacion-ambiental-centra-la-semana-en-el-cambio-climatico-y-sus-afecciones-a-realidades-tan-dispares-como-la-geologia-o-las-personas-refugiadas\\\/\"},\"wordCount\":560,\"commentCount\":0,\"publisher\":{\"@id\":\"https:\\\/\\\/www.laguiadepamplona.com\\\/actualidad\\\/#organization\"},\"image\":{\"@id\":\"https:\\\/\\\/www.laguiadepamplona.com\\\/actualidad\\\/el-museo-de-educacion-ambiental-centra-la-semana-en-el-cambio-climatico-y-sus-afecciones-a-realidades-tan-dispares-como-la-geologia-o-las-personas-refugiadas\\\/#primaryimage\"},\"thumbnailUrl\":\"https:\\\/\\\/www.laguiadepamplona.com\\\/actualidad\\\/wp-content\\\/uploads\\\/2016\\\/12\\\/Museo-Educacion-Ambiental-Pamplona.jpg\",\"articleSection\":[\"Ayto Pamplona\"],\"inLanguage\":\"es\",\"potentialAction\":[{\"@type\":\"CommentAction\",\"name\":\"Comment\",\"target\":[\"https:\\\/\\\/www.laguiadepamplona.com\\\/actualidad\\\/el-museo-de-educacion-ambiental-centra-la-semana-en-el-cambio-climatico-y-sus-afecciones-a-realidades-tan-dispares-como-la-geologia-o-las-personas-refugiadas\\\/#respond\"]}]},{\"@type\":\"WebPage\",\"@id\":\"https:\\\/\\\/www.laguiadepamplona.com\\\/actualidad\\\/el-museo-de-educacion-ambiental-centra-la-semana-en-el-cambio-climatico-y-sus-afecciones-a-realidades-tan-dispares-como-la-geologia-o-las-personas-refugiadas\\\/\",\"url\":\"https:\\\/\\\/www.laguiadepamplona.com\\\/actualidad\\\/el-museo-de-educacion-ambiental-centra-la-semana-en-el-cambio-climatico-y-sus-afecciones-a-realidades-tan-dispares-como-la-geologia-o-las-personas-refugiadas\\\/\",\"name\":\"El Museo de Educaci\u00f3n Ambiental centra la semana en el cambio clim\u00e1tico y sus afecciones a realidades tan dispares como la geolog\u00eda o las personas refugiadas\",\"isPartOf\":{\"@id\":\"https:\\\/\\\/www.laguiadepamplona.com\\\/actualidad\\\/#website\"},\"primaryImageOfPage\":{\"@id\":\"https:\\\/\\\/www.laguiadepamplona.com\\\/actualidad\\\/el-museo-de-educacion-ambiental-centra-la-semana-en-el-cambio-climatico-y-sus-afecciones-a-realidades-tan-dispares-como-la-geologia-o-las-personas-refugiadas\\\/#primaryimage\"},\"image\":{\"@id\":\"https:\\\/\\\/www.laguiadepamplona.com\\\/actualidad\\\/el-museo-de-educacion-ambiental-centra-la-semana-en-el-cambio-climatico-y-sus-afecciones-a-realidades-tan-dispares-como-la-geologia-o-las-personas-refugiadas\\\/#primaryimage\"},\"thumbnailUrl\":\"https:\\\/\\\/www.laguiadepamplona.com\\\/actualidad\\\/wp-content\\\/uploads\\\/2016\\\/12\\\/Museo-Educacion-Ambiental-Pamplona.jpg\",\"datePublished\":\"2018-10-29T11:50:46+00:00\",\"breadcrumb\":{\"@id\":\"https:\\\/\\\/www.laguiadepamplona.com\\\/actualidad\\\/el-museo-de-educacion-ambiental-centra-la-semana-en-el-cambio-climatico-y-sus-afecciones-a-realidades-tan-dispares-como-la-geologia-o-las-personas-refugiadas\\\/#breadcrumb\"},\"inLanguage\":\"es\",\"potentialAction\":[{\"@type\":\"ReadAction\",\"target\":[\"https:\\\/\\\/www.laguiadepamplona.com\\\/actualidad\\\/el-museo-de-educacion-ambiental-centra-la-semana-en-el-cambio-climatico-y-sus-afecciones-a-realidades-tan-dispares-como-la-geologia-o-las-personas-refugiadas\\\/\"]}]},{\"@type\":\"ImageObject\",\"inLanguage\":\"es\",\"@id\":\"https:\\\/\\\/www.laguiadepamplona.com\\\/actualidad\\\/el-museo-de-educacion-ambiental-centra-la-semana-en-el-cambio-climatico-y-sus-afecciones-a-realidades-tan-dispares-como-la-geologia-o-las-personas-refugiadas\\\/#primaryimage\",\"url\":\"https:\\\/\\\/www.laguiadepamplona.com\\\/actualidad\\\/wp-content\\\/uploads\\\/2016\\\/12\\\/Museo-Educacion-Ambiental-Pamplona.jpg\",\"contentUrl\":\"https:\\\/\\\/www.laguiadepamplona.com\\\/actualidad\\\/wp-content\\\/uploads\\\/2016\\\/12\\\/Museo-Educacion-Ambiental-Pamplona.jpg\",\"width\":627,\"height\":352},{\"@type\":\"BreadcrumbList\",\"@id\":\"https:\\\/\\\/www.laguiadepamplona.com\\\/actualidad\\\/el-museo-de-educacion-ambiental-centra-la-semana-en-el-cambio-climatico-y-sus-afecciones-a-realidades-tan-dispares-como-la-geologia-o-las-personas-refugiadas\\\/#breadcrumb\",\"itemListElement\":[{\"@type\":\"ListItem\",\"position\":1,\"name\":\"Portada\",\"item\":\"https:\\\/\\\/www.laguiadepamplona.com\\\/actualidad\\\/\"},{\"@type\":\"ListItem\",\"position\":2,\"name\":\"El Museo de Educaci\u00f3n Ambiental centra la semana en el cambio clim\u00e1tico y sus afecciones a realidades tan dispares como la geolog\u00eda o las personas refugiadas\"}]},{\"@type\":\"WebSite\",\"@id\":\"https:\\\/\\\/www.laguiadepamplona.com\\\/actualidad\\\/#website\",\"url\":\"https:\\\/\\\/www.laguiadepamplona.com\\\/actualidad\\\/\",\"name\":\"La gu\u00eda de Pamplona\",\"description\":\"Noticias de Pamplona\",\"publisher\":{\"@id\":\"https:\\\/\\\/www.laguiadepamplona.com\\\/actualidad\\\/#organization\"},\"potentialAction\":[{\"@type\":\"SearchAction\",\"target\":{\"@type\":\"EntryPoint\",\"urlTemplate\":\"https:\\\/\\\/www.laguiadepamplona.com\\\/actualidad\\\/?s={search_term_string}\"},\"query-input\":{\"@type\":\"PropertyValueSpecification\",\"valueRequired\":true,\"valueName\":\"search_term_string\"}}],\"inLanguage\":\"es\"},{\"@type\":\"Organization\",\"@id\":\"https:\\\/\\\/www.laguiadepamplona.com\\\/actualidad\\\/#organization\",\"name\":\"La Gu\u00eda de Pamplona \\\/ Noticias\",\"url\":\"https:\\\/\\\/www.laguiadepamplona.com\\\/actualidad\\\/\",\"logo\":{\"@type\":\"ImageObject\",\"inLanguage\":\"es\",\"@id\":\"https:\\\/\\\/www.laguiadepamplona.com\\\/actualidad\\\/#\\\/schema\\\/logo\\\/image\\\/\",\"url\":\"https:\\\/\\\/www.laguiadepamplona.com\\\/actualidad\\\/wp-content\\\/uploads\\\/2018\\\/11\\\/logo-laguiadepamplona18-web1.png\",\"contentUrl\":\"https:\\\/\\\/www.laguiadepamplona.com\\\/actualidad\\\/wp-content\\\/uploads\\\/2018\\\/11\\\/logo-laguiadepamplona18-web1.png\",\"width\":600,\"height\":196,\"caption\":\"La Gu\u00eda de Pamplona \\\/ Noticias\"},\"image\":{\"@id\":\"https:\\\/\\\/www.laguiadepamplona.com\\\/actualidad\\\/#\\\/schema\\\/logo\\\/image\\\/\"},\"sameAs\":[\"https:\\\/\\\/www.facebook.com\\\/laguiadepamplonacom-133175176762273\\\/?ref=hl\",\"https:\\\/\\\/x.com\\\/LaGuiadPamplona\",\"https:\\\/\\\/www.instagram.com\\\/la_guia_de_pamplona\\\/\",\"https:\\\/\\\/www.youtube.com\\\/user\\\/laguiadepamplona\"]},{\"@type\":\"Person\",\"@id\":\"https:\\\/\\\/www.laguiadepamplona.com\\\/actualidad\\\/#\\\/schema\\\/person\\\/efe887376f0213d4657c93adc50b1fdb\",\"name\":\"La Gu\u00eda de Pamplona\",\"image\":{\"@type\":\"ImageObject\",\"inLanguage\":\"es\",\"@id\":\"https:\\\/\\\/secure.gravatar.com\\\/avatar\\\/b6992f131dc8d30ab0dff15446e9d346d9dbd95992de0fef795073f5ea83a81c?s=96&d=mm&r=g\",\"url\":\"https:\\\/\\\/secure.gravatar.com\\\/avatar\\\/b6992f131dc8d30ab0dff15446e9d346d9dbd95992de0fef795073f5ea83a81c?s=96&d=mm&r=g\",\"contentUrl\":\"https:\\\/\\\/secure.gravatar.com\\\/avatar\\\/b6992f131dc8d30ab0dff15446e9d346d9dbd95992de0fef795073f5ea83a81c?s=96&d=mm&r=g\",\"caption\":\"La Gu\u00eda de Pamplona\"}}]}<\/script>\n<!-- \/ Yoast SEO plugin. -->","yoast_head_json":{"title":"El Museo de Educaci\u00f3n Ambiental centra la semana en el cambio clim\u00e1tico y sus afecciones a realidades tan dispares como la geolog\u00eda o las personas refugiadas","robots":{"index":"index","follow":"follow","max-snippet":"max-snippet:-1","max-image-preview":"max-image-preview:large","max-video-preview":"max-video-preview:-1"},"canonical":"https:\/\/www.laguiadepamplona.com\/actualidad\/el-museo-de-educacion-ambiental-centra-la-semana-en-el-cambio-climatico-y-sus-afecciones-a-realidades-tan-dispares-como-la-geologia-o-las-personas-refugiadas\/","og_locale":"es_ES","og_type":"article","og_title":"El Museo de Educaci\u00f3n Ambiental centra la semana en el cambio clim\u00e1tico y sus afecciones a realidades tan dispares como la geolog\u00eda o las personas refugiadas","og_description":"El martes un taller aborda los cambios producidos en el planeta; el mi\u00e9rcoles, charla sobre la relaci\u00f3n entre el clima y el fen\u00f3meno de los refugiados","og_url":"https:\/\/www.laguiadepamplona.com\/actualidad\/el-museo-de-educacion-ambiental-centra-la-semana-en-el-cambio-climatico-y-sus-afecciones-a-realidades-tan-dispares-como-la-geologia-o-las-personas-refugiadas\/","og_site_name":"La Gu\u00eda de Pamplona Noticias y actualidad","article_publisher":"https:\/\/www.facebook.com\/laguiadepamplonacom-133175176762273\/?ref=hl","article_published_time":"2018-10-29T11:50:46+00:00","og_image":[{"width":627,"height":352,"url":"https:\/\/www.laguiadepamplona.com\/actualidad\/wp-content\/uploads\/2016\/12\/Museo-Educacion-Ambiental-Pamplona.jpg","type":"image\/jpeg"}],"author":"La Gu\u00eda de Pamplona","twitter_card":"summary_large_image","twitter_creator":"@LaGuiadPamplona","twitter_site":"@LaGuiadPamplona","twitter_misc":{"Escrito por":"La Gu\u00eda de Pamplona","Tiempo de lectura":"3 minutos"},"schema":{"@context":"https:\/\/schema.org","@graph":[{"@type":"Article","@id":"https:\/\/www.laguiadepamplona.com\/actualidad\/el-museo-de-educacion-ambiental-centra-la-semana-en-el-cambio-climatico-y-sus-afecciones-a-realidades-tan-dispares-como-la-geologia-o-las-personas-refugiadas\/#article","isPartOf":{"@id":"https:\/\/www.laguiadepamplona.com\/actualidad\/el-museo-de-educacion-ambiental-centra-la-semana-en-el-cambio-climatico-y-sus-afecciones-a-realidades-tan-dispares-como-la-geologia-o-las-personas-refugiadas\/"},"author":{"name":"La Gu\u00eda de Pamplona","@id":"https:\/\/www.laguiadepamplona.com\/actualidad\/#\/schema\/person\/efe887376f0213d4657c93adc50b1fdb"},"headline":"El Museo de Educaci\u00f3n Ambiental centra la semana en el cambio clim\u00e1tico y sus afecciones a realidades tan dispares como la geolog\u00eda o las personas refugiadas","datePublished":"2018-10-29T11:50:46+00:00","mainEntityOfPage":{"@id":"https:\/\/www.laguiadepamplona.com\/actualidad\/el-museo-de-educacion-ambiental-centra-la-semana-en-el-cambio-climatico-y-sus-afecciones-a-realidades-tan-dispares-como-la-geologia-o-las-personas-refugiadas\/"},"wordCount":560,"commentCount":0,"publisher":{"@id":"https:\/\/www.laguiadepamplona.com\/actualidad\/#organization"},"image":{"@id":"https:\/\/www.laguiadepamplona.com\/actualidad\/el-museo-de-educacion-ambiental-centra-la-semana-en-el-cambio-climatico-y-sus-afecciones-a-realidades-tan-dispares-como-la-geologia-o-las-personas-refugiadas\/#primaryimage"},"thumbnailUrl":"https:\/\/www.laguiadepamplona.com\/actualidad\/wp-content\/uploads\/2016\/12\/Museo-Educacion-Ambiental-Pamplona.jpg","articleSection":["Ayto Pamplona"],"inLanguage":"es","potentialAction":[{"@type":"CommentAction","name":"Comment","target":["https:\/\/www.laguiadepamplona.com\/actualidad\/el-museo-de-educacion-ambiental-centra-la-semana-en-el-cambio-climatico-y-sus-afecciones-a-realidades-tan-dispares-como-la-geologia-o-las-personas-refugiadas\/#respond"]}]},{"@type":"WebPage","@id":"https:\/\/www.laguiadepamplona.com\/actualidad\/el-museo-de-educacion-ambiental-centra-la-semana-en-el-cambio-climatico-y-sus-afecciones-a-realidades-tan-dispares-como-la-geologia-o-las-personas-refugiadas\/","url":"https:\/\/www.laguiadepamplona.com\/actualidad\/el-museo-de-educacion-ambiental-centra-la-semana-en-el-cambio-climatico-y-sus-afecciones-a-realidades-tan-dispares-como-la-geologia-o-las-personas-refugiadas\/","name":"El Museo de Educaci\u00f3n Ambiental centra la semana en el cambio clim\u00e1tico y sus afecciones a realidades tan dispares como la geolog\u00eda o las personas refugiadas","isPartOf":{"@id":"https:\/\/www.laguiadepamplona.com\/actualidad\/#website"},"primaryImageOfPage":{"@id":"https:\/\/www.laguiadepamplona.com\/actualidad\/el-museo-de-educacion-ambiental-centra-la-semana-en-el-cambio-climatico-y-sus-afecciones-a-realidades-tan-dispares-como-la-geologia-o-las-personas-refugiadas\/#primaryimage"},"image":{"@id":"https:\/\/www.laguiadepamplona.com\/actualidad\/el-museo-de-educacion-ambiental-centra-la-semana-en-el-cambio-climatico-y-sus-afecciones-a-realidades-tan-dispares-como-la-geologia-o-las-personas-refugiadas\/#primaryimage"},"thumbnailUrl":"https:\/\/www.laguiadepamplona.com\/actualidad\/wp-content\/uploads\/2016\/12\/Museo-Educacion-Ambiental-Pamplona.jpg","datePublished":"2018-10-29T11:50:46+00:00","breadcrumb":{"@id":"https:\/\/www.laguiadepamplona.com\/actualidad\/el-museo-de-educacion-ambiental-centra-la-semana-en-el-cambio-climatico-y-sus-afecciones-a-realidades-tan-dispares-como-la-geologia-o-las-personas-refugiadas\/#breadcrumb"},"inLanguage":"es","potentialAction":[{"@type":"ReadAction","target":["https:\/\/www.laguiadepamplona.com\/actualidad\/el-museo-de-educacion-ambiental-centra-la-semana-en-el-cambio-climatico-y-sus-afecciones-a-realidades-tan-dispares-como-la-geologia-o-las-personas-refugiadas\/"]}]},{"@type":"ImageObject","inLanguage":"es","@id":"https:\/\/www.laguiadepamplona.com\/actualidad\/el-museo-de-educacion-ambiental-centra-la-semana-en-el-cambio-climatico-y-sus-afecciones-a-realidades-tan-dispares-como-la-geologia-o-las-personas-refugiadas\/#primaryimage","url":"https:\/\/www.laguiadepamplona.com\/actualidad\/wp-content\/uploads\/2016\/12\/Museo-Educacion-Ambiental-Pamplona.jpg","contentUrl":"https:\/\/www.laguiadepamplona.com\/actualidad\/wp-content\/uploads\/2016\/12\/Museo-Educacion-Ambiental-Pamplona.jpg","width":627,"height":352},{"@type":"BreadcrumbList","@id":"https:\/\/www.laguiadepamplona.com\/actualidad\/el-museo-de-educacion-ambiental-centra-la-semana-en-el-cambio-climatico-y-sus-afecciones-a-realidades-tan-dispares-como-la-geologia-o-las-personas-refugiadas\/#breadcrumb","itemListElement":[{"@type":"ListItem","position":1,"name":"Portada","item":"https:\/\/www.laguiadepamplona.com\/actualidad\/"},{"@type":"ListItem","position":2,"name":"El Museo de Educaci\u00f3n Ambiental centra la semana en el cambio clim\u00e1tico y sus afecciones a realidades tan dispares como la geolog\u00eda o las personas refugiadas"}]},{"@type":"WebSite","@id":"https:\/\/www.laguiadepamplona.com\/actualidad\/#website","url":"https:\/\/www.laguiadepamplona.com\/actualidad\/","name":"La gu\u00eda de Pamplona","description":"Noticias de Pamplona","publisher":{"@id":"https:\/\/www.laguiadepamplona.com\/actualidad\/#organization"},"potentialAction":[{"@type":"SearchAction","target":{"@type":"EntryPoint","urlTemplate":"https:\/\/www.laguiadepamplona.com\/actualidad\/?s={search_term_string}"},"query-input":{"@type":"PropertyValueSpecification","valueRequired":true,"valueName":"search_term_string"}}],"inLanguage":"es"},{"@type":"Organization","@id":"https:\/\/www.laguiadepamplona.com\/actualidad\/#organization","name":"La Gu\u00eda de Pamplona \/ Noticias","url":"https:\/\/www.laguiadepamplona.com\/actualidad\/","logo":{"@type":"ImageObject","inLanguage":"es","@id":"https:\/\/www.laguiadepamplona.com\/actualidad\/#\/schema\/logo\/image\/","url":"https:\/\/www.laguiadepamplona.com\/actualidad\/wp-content\/uploads\/2018\/11\/logo-laguiadepamplona18-web1.png","contentUrl":"https:\/\/www.laguiadepamplona.com\/actualidad\/wp-content\/uploads\/2018\/11\/logo-laguiadepamplona18-web1.png","width":600,"height":196,"caption":"La Gu\u00eda de Pamplona \/ Noticias"},"image":{"@id":"https:\/\/www.laguiadepamplona.com\/actualidad\/#\/schema\/logo\/image\/"},"sameAs":["https:\/\/www.facebook.com\/laguiadepamplonacom-133175176762273\/?ref=hl","https:\/\/x.com\/LaGuiadPamplona","https:\/\/www.instagram.com\/la_guia_de_pamplona\/","https:\/\/www.youtube.com\/user\/laguiadepamplona"]},{"@type":"Person","@id":"https:\/\/www.laguiadepamplona.com\/actualidad\/#\/schema\/person\/efe887376f0213d4657c93adc50b1fdb","name":"La Gu\u00eda de Pamplona","image":{"@type":"ImageObject","inLanguage":"es","@id":"https:\/\/secure.gravatar.com\/avatar\/b6992f131dc8d30ab0dff15446e9d346d9dbd95992de0fef795073f5ea83a81c?s=96&d=mm&r=g","url":"https:\/\/secure.gravatar.com\/avatar\/b6992f131dc8d30ab0dff15446e9d346d9dbd95992de0fef795073f5ea83a81c?s=96&d=mm&r=g","contentUrl":"https:\/\/secure.gravatar.com\/avatar\/b6992f131dc8d30ab0dff15446e9d346d9dbd95992de0fef795073f5ea83a81c?s=96&d=mm&r=g","caption":"La Gu\u00eda de Pamplona"}}]}},"post_mailing_queue_ids":[],"_links":{"self":[{"href":"https:\/\/www.laguiadepamplona.com\/actualidad\/wp-json\/wp\/v2\/posts\/19174","targetHints":{"allow":["GET"]}}],"collection":[{"href":"https:\/\/www.laguiadepamplona.com\/actualidad\/wp-json\/wp\/v2\/posts"}],"about":[{"href":"https:\/\/www.laguiadepamplona.com\/actualidad\/wp-json\/wp\/v2\/types\/post"}],"author":[{"embeddable":true,"href":"https:\/\/www.laguiadepamplona.com\/actualidad\/wp-json\/wp\/v2\/users\/1"}],"replies":[{"embeddable":true,"href":"https:\/\/www.laguiadepamplona.com\/actualidad\/wp-json\/wp\/v2\/comments?post=19174"}],"version-history":[{"count":0,"href":"https:\/\/www.laguiadepamplona.com\/actualidad\/wp-json\/wp\/v2\/posts\/19174\/revisions"}],"wp:featuredmedia":[{"embeddable":true,"href":"https:\/\/www.laguiadepamplona.com\/actualidad\/wp-json\/wp\/v2\/media\/11071"}],"wp:attachment":[{"href":"https:\/\/www.laguiadepamplona.com\/actualidad\/wp-json\/wp\/v2\/media?parent=19174"}],"wp:term":[{"taxonomy":"category","embeddable":true,"href":"https:\/\/www.laguiadepamplona.com\/actualidad\/wp-json\/wp\/v2\/categories?post=19174"},{"taxonomy":"post_tag","embeddable":true,"href":"https:\/\/www.laguiadepamplona.com\/actualidad\/wp-json\/wp\/v2\/tags?post=19174"}],"curies":[{"name":"wp","href":"https:\/\/api.w.org\/{rel}","templated":true}]}}