{"id":19172,"date":"2018-10-29T13:48:30","date_gmt":"2018-10-29T11:48:30","guid":{"rendered":"https:\/\/www.laguiadepamplona.es\/actualidad\/?p=19172"},"modified":"2018-10-29T13:48:30","modified_gmt":"2018-10-29T11:48:30","slug":"el-cementerio-de-pamplona-registra-2-106-servicios-funerarios-hasta-el-30-de-septiembre-el-7621-cremaciones","status":"publish","type":"post","link":"https:\/\/www.laguiadepamplona.com\/actualidad\/el-cementerio-de-pamplona-registra-2-106-servicios-funerarios-hasta-el-30-de-septiembre-el-7621-cremaciones\/","title":{"rendered":"El cementerio de Pamplona registra 2.106 servicios funerarios hasta el 30 de septiembre, el 76,21 % cremaciones"},"content":{"rendered":"<h3>Del 1 de enero al 30 de septiembre, se han realizado adem\u00e1s 331 enterramientos en nichos, 146 en pante\u00f3n y 24 en tierra<\/h3>\n<p><!--more--><\/p>\n<p>El cementerio de Pamplona ha registrado en lo que va de a\u00f1o 2.106 servicios funerarios, una cifra algo superior al periodo de enero-septiembre del a\u00f1o anterior. Al igual que en la \u00faltima d\u00e9cada, tres de cada cuatro servicios han sido cremaciones, un total de 1.605. Adem\u00e1s, del 1 de enero al 30 de septiembre, se han realizado 331 enterramientos en nichos, 146 en pante\u00f3n y 24 en tierra.<\/p>\n<p>Estas cifras confirman la estabilizaci\u00f3n que ya comenz\u00f3 a registrarse el a\u00f1o pasado en el n\u00famero de cremaciones, tras una d\u00e9cada en continuo crecimiento. El cementerio de San Jos\u00e9 dispone de dos hornos crematorios que pueden ofrecer hasta 10 servicios al d\u00eda, cinco cada uno.<\/p>\n<p>El horario de apertura del cementerio es de 8 a 19 horas. A partir del 3 de noviembre y hasta el 31 de marzo, el horario de apertura ser\u00e1 de 8 a 18 horas.<\/p>\n<p>El cementerio de San Jos\u00e9 fue construido en la primera mitad del siglo XIX y municipalizado en 1928. Cuenta con en torno a 128.000 metros cuadrados de superficie y dispone, aproximadamente, de 15.000 nichos, 1.800 columbarios, 800 columbarios cinerarios &#8211; donde se guardan cenizas procedentes de las cremaciones-, 4.000 sepulturas de tierra y 4.000 panteones. En \u00e9l se realizan las inhumaciones y cremaciones de cad\u00e1veres (y posteriores exhumaciones, reinhumaciones y cremaciones de resto) en las debidas condiciones higi\u00e9nico-sanitarias, de respeto y de limpieza, manteniendo el recinto en las condiciones de est\u00e9tica, limpieza y conservaci\u00f3n necesarias para ofrecer este tipo de servicio y atendiendo las diferentes solicitudes de informaci\u00f3n, o de otro tipo, por parte de los ciudadanos.<\/p>\n<p>&nbsp;<\/p>\n<p><strong>Datos cementerio de Pamplona<\/strong><\/p>\n<p>&nbsp;<\/p>\n<table>\n<tbody>\n<tr>\n<td width=\"137\"><strong>\u00a0<\/strong><\/td>\n<td width=\"103\"><strong>Cremaciones<\/strong><\/td>\n<td width=\"103\"><strong>Nichos<\/strong><\/td>\n<td width=\"88\"><strong>Panteones<\/strong><\/td>\n<td width=\"110\"><strong>Fosas de tierra<\/strong><\/td>\n<td width=\"93\"><strong>Total<\/strong><\/td>\n<\/tr>\n<tr>\n<td width=\"137\"><strong>2006<\/strong><\/td>\n<td width=\"103\">969<\/td>\n<td width=\"103\">739<\/td>\n<td width=\"88\">229<\/td>\n<td width=\"110\">38<\/td>\n<td width=\"93\">1.975<\/td>\n<\/tr>\n<tr>\n<td width=\"137\"><strong>2007<\/strong><\/td>\n<td width=\"103\">1.181<\/td>\n<td width=\"103\">695<\/td>\n<td width=\"88\">244<\/td>\n<td width=\"110\">35<\/td>\n<td width=\"93\">2.155<\/td>\n<\/tr>\n<tr>\n<td width=\"137\"><strong>2008<\/strong><\/td>\n<td width=\"103\">1.263<\/td>\n<td width=\"103\">632<\/td>\n<td width=\"88\">221<\/td>\n<td width=\"110\">37<\/td>\n<td width=\"93\">2.153<\/td>\n<\/tr>\n<tr>\n<td width=\"137\"><strong>2009<\/strong><\/td>\n<td width=\"103\">1.346<\/td>\n<td width=\"103\">622<\/td>\n<td width=\"88\">245<\/td>\n<td width=\"110\">30<\/td>\n<td width=\"93\">2.244<\/td>\n<\/tr>\n<tr>\n<td width=\"137\"><strong>2010<\/strong><\/td>\n<td width=\"103\">1.336<\/td>\n<td width=\"103\">534<\/td>\n<td width=\"88\">218<\/td>\n<td width=\"110\">29<\/td>\n<td width=\"93\">2.117<\/td>\n<\/tr>\n<tr>\n<td width=\"137\"><strong>2011<\/strong><\/td>\n<td width=\"103\">1.440<\/td>\n<td width=\"103\">560<\/td>\n<td width=\"88\">220<\/td>\n<td width=\"110\">17<\/td>\n<td width=\"93\">2.237<\/td>\n<\/tr>\n<tr>\n<td width=\"137\"><strong>2012<\/strong><\/td>\n<td width=\"103\">1.500<\/td>\n<td width=\"103\">510<\/td>\n<td width=\"88\">197<\/td>\n<td width=\"110\">20<\/td>\n<td width=\"93\">2.227<\/td>\n<\/tr>\n<tr>\n<td width=\"137\"><strong>2013<\/strong><\/td>\n<td width=\"103\">1.568<\/td>\n<td width=\"103\">481<\/td>\n<td width=\"88\">189<\/td>\n<td width=\"110\">19<\/td>\n<td width=\"93\">2.257<\/td>\n<\/tr>\n<tr>\n<td width=\"137\"><strong>2014<\/strong><\/td>\n<td width=\"103\">1.786<\/td>\n<td width=\"103\">500<\/td>\n<td width=\"88\">234<\/td>\n<td width=\"110\">20<\/td>\n<td width=\"93\">2.540<\/td>\n<\/tr>\n<tr>\n<td width=\"137\"><strong>2015<\/strong><\/td>\n<td width=\"103\">1.888<\/td>\n<td width=\"103\">457<\/td>\n<td width=\"88\">214<\/td>\n<td width=\"110\">15<\/td>\n<td width=\"93\">2.573<\/td>\n<\/tr>\n<tr>\n<td width=\"137\"><strong>2016<\/strong><\/td>\n<td width=\"103\">2.078<\/td>\n<td width=\"103\">427<\/td>\n<td width=\"88\">184<\/td>\n<td width=\"110\">8<\/td>\n<td width=\"93\">2.697<\/td>\n<\/tr>\n<tr>\n<td width=\"137\"><strong>2017<\/strong><\/td>\n<td width=\"103\">2.033<\/td>\n<td width=\"103\">435<\/td>\n<td width=\"88\">183<\/td>\n<td width=\"110\">24<\/td>\n<td width=\"93\">2.675<\/td>\n<\/tr>\n<tr>\n<td width=\"137\"><strong>2018 (hasta 30-9)<\/strong><\/td>\n<td width=\"103\">1.605<\/td>\n<td width=\"103\">331<\/td>\n<td width=\"88\">146<\/td>\n<td width=\"110\">24<\/td>\n<td width=\"93\">2.106<\/td>\n<\/tr>\n<\/tbody>\n<\/table>\n<p>&nbsp;<\/p>\n","protected":false},"excerpt":{"rendered":"<p>Del 1 de enero al 30 de septiembre, se han realizado adem\u00e1s 331 enterramientos en nichos, 146 en pante\u00f3n y 24 en tierra<\/p>\n","protected":false},"author":1,"featured_media":11025,"comment_status":"open","ping_status":"closed","sticky":false,"template":"","format":"standard","meta":{"footnotes":""},"categories":[2],"tags":[],"class_list":["post-19172","post","type-post","status-publish","format-standard","has-post-thumbnail","hentry","category-ayuntamiento-pamplona"],"yoast_head":"<!-- This site is optimized with the Yoast SEO plugin v27.9 - https:\/\/yoast.com\/product\/yoast-seo-wordpress\/ -->\n<title>El cementerio de Pamplona registra 2.106 servicios funerarios hasta el 30 de septiembre, el 76,21 % cremaciones<\/title>\n<meta name=\"robots\" content=\"index, follow, max-snippet:-1, max-image-preview:large, max-video-preview:-1\" \/>\n<link rel=\"canonical\" href=\"https:\/\/www.laguiadepamplona.com\/actualidad\/el-cementerio-de-pamplona-registra-2-106-servicios-funerarios-hasta-el-30-de-septiembre-el-7621-cremaciones\/\" \/>\n<meta property=\"og:locale\" content=\"es_ES\" \/>\n<meta property=\"og:type\" content=\"article\" \/>\n<meta property=\"og:title\" content=\"El cementerio de Pamplona registra 2.106 servicios funerarios hasta el 30 de septiembre, el 76,21 % cremaciones\" \/>\n<meta property=\"og:description\" content=\"Del 1 de enero al 30 de septiembre, se han realizado adem\u00e1s 331 enterramientos en nichos, 146 en pante\u00f3n y 24 en tierra\" \/>\n<meta property=\"og:url\" content=\"https:\/\/www.laguiadepamplona.com\/actualidad\/el-cementerio-de-pamplona-registra-2-106-servicios-funerarios-hasta-el-30-de-septiembre-el-7621-cremaciones\/\" \/>\n<meta property=\"og:site_name\" content=\"La Gu\u00eda de Pamplona Noticias y actualidad\" \/>\n<meta property=\"article:publisher\" content=\"https:\/\/www.facebook.com\/laguiadepamplonacom-133175176762273\/?ref=hl\" \/>\n<meta property=\"article:published_time\" content=\"2018-10-29T11:48:30+00:00\" \/>\n<meta property=\"og:image\" content=\"https:\/\/www.laguiadepamplona.com\/actualidad\/wp-content\/uploads\/2016\/12\/cementerio-pamplona.jpg\" \/>\n\t<meta property=\"og:image:width\" content=\"750\" \/>\n\t<meta property=\"og:image:height\" content=\"485\" \/>\n\t<meta property=\"og:image:type\" content=\"image\/jpeg\" \/>\n<meta name=\"author\" content=\"La Gu\u00eda de Pamplona\" \/>\n<meta name=\"twitter:card\" content=\"summary_large_image\" \/>\n<meta name=\"twitter:creator\" content=\"@LaGuiadPamplona\" \/>\n<meta name=\"twitter:site\" content=\"@LaGuiadPamplona\" \/>\n<meta name=\"twitter:label1\" content=\"Escrito por\" \/>\n\t<meta name=\"twitter:data1\" content=\"La Gu\u00eda de Pamplona\" \/>\n\t<meta name=\"twitter:label2\" content=\"Tiempo de lectura\" \/>\n\t<meta name=\"twitter:data2\" content=\"1 minuto\" \/>\n<script type=\"application\/ld+json\" class=\"yoast-schema-graph\">{\"@context\":\"https:\\\/\\\/schema.org\",\"@graph\":[{\"@type\":\"Article\",\"@id\":\"https:\\\/\\\/www.laguiadepamplona.com\\\/actualidad\\\/el-cementerio-de-pamplona-registra-2-106-servicios-funerarios-hasta-el-30-de-septiembre-el-7621-cremaciones\\\/#article\",\"isPartOf\":{\"@id\":\"https:\\\/\\\/www.laguiadepamplona.com\\\/actualidad\\\/el-cementerio-de-pamplona-registra-2-106-servicios-funerarios-hasta-el-30-de-septiembre-el-7621-cremaciones\\\/\"},\"author\":{\"name\":\"La Gu\u00eda de Pamplona\",\"@id\":\"https:\\\/\\\/www.laguiadepamplona.com\\\/actualidad\\\/#\\\/schema\\\/person\\\/efe887376f0213d4657c93adc50b1fdb\"},\"headline\":\"El cementerio de Pamplona registra 2.106 servicios funerarios hasta el 30 de septiembre, el 76,21 % cremaciones\",\"datePublished\":\"2018-10-29T11:48:30+00:00\",\"mainEntityOfPage\":{\"@id\":\"https:\\\/\\\/www.laguiadepamplona.com\\\/actualidad\\\/el-cementerio-de-pamplona-registra-2-106-servicios-funerarios-hasta-el-30-de-septiembre-el-7621-cremaciones\\\/\"},\"wordCount\":307,\"commentCount\":0,\"publisher\":{\"@id\":\"https:\\\/\\\/www.laguiadepamplona.com\\\/actualidad\\\/#organization\"},\"image\":{\"@id\":\"https:\\\/\\\/www.laguiadepamplona.com\\\/actualidad\\\/el-cementerio-de-pamplona-registra-2-106-servicios-funerarios-hasta-el-30-de-septiembre-el-7621-cremaciones\\\/#primaryimage\"},\"thumbnailUrl\":\"https:\\\/\\\/www.laguiadepamplona.com\\\/actualidad\\\/wp-content\\\/uploads\\\/2016\\\/12\\\/cementerio-pamplona.jpg\",\"articleSection\":[\"Ayto Pamplona\"],\"inLanguage\":\"es\",\"potentialAction\":[{\"@type\":\"CommentAction\",\"name\":\"Comment\",\"target\":[\"https:\\\/\\\/www.laguiadepamplona.com\\\/actualidad\\\/el-cementerio-de-pamplona-registra-2-106-servicios-funerarios-hasta-el-30-de-septiembre-el-7621-cremaciones\\\/#respond\"]}]},{\"@type\":\"WebPage\",\"@id\":\"https:\\\/\\\/www.laguiadepamplona.com\\\/actualidad\\\/el-cementerio-de-pamplona-registra-2-106-servicios-funerarios-hasta-el-30-de-septiembre-el-7621-cremaciones\\\/\",\"url\":\"https:\\\/\\\/www.laguiadepamplona.com\\\/actualidad\\\/el-cementerio-de-pamplona-registra-2-106-servicios-funerarios-hasta-el-30-de-septiembre-el-7621-cremaciones\\\/\",\"name\":\"El cementerio de Pamplona registra 2.106 servicios funerarios hasta el 30 de septiembre, el 76,21 % cremaciones\",\"isPartOf\":{\"@id\":\"https:\\\/\\\/www.laguiadepamplona.com\\\/actualidad\\\/#website\"},\"primaryImageOfPage\":{\"@id\":\"https:\\\/\\\/www.laguiadepamplona.com\\\/actualidad\\\/el-cementerio-de-pamplona-registra-2-106-servicios-funerarios-hasta-el-30-de-septiembre-el-7621-cremaciones\\\/#primaryimage\"},\"image\":{\"@id\":\"https:\\\/\\\/www.laguiadepamplona.com\\\/actualidad\\\/el-cementerio-de-pamplona-registra-2-106-servicios-funerarios-hasta-el-30-de-septiembre-el-7621-cremaciones\\\/#primaryimage\"},\"thumbnailUrl\":\"https:\\\/\\\/www.laguiadepamplona.com\\\/actualidad\\\/wp-content\\\/uploads\\\/2016\\\/12\\\/cementerio-pamplona.jpg\",\"datePublished\":\"2018-10-29T11:48:30+00:00\",\"breadcrumb\":{\"@id\":\"https:\\\/\\\/www.laguiadepamplona.com\\\/actualidad\\\/el-cementerio-de-pamplona-registra-2-106-servicios-funerarios-hasta-el-30-de-septiembre-el-7621-cremaciones\\\/#breadcrumb\"},\"inLanguage\":\"es\",\"potentialAction\":[{\"@type\":\"ReadAction\",\"target\":[\"https:\\\/\\\/www.laguiadepamplona.com\\\/actualidad\\\/el-cementerio-de-pamplona-registra-2-106-servicios-funerarios-hasta-el-30-de-septiembre-el-7621-cremaciones\\\/\"]}]},{\"@type\":\"ImageObject\",\"inLanguage\":\"es\",\"@id\":\"https:\\\/\\\/www.laguiadepamplona.com\\\/actualidad\\\/el-cementerio-de-pamplona-registra-2-106-servicios-funerarios-hasta-el-30-de-septiembre-el-7621-cremaciones\\\/#primaryimage\",\"url\":\"https:\\\/\\\/www.laguiadepamplona.com\\\/actualidad\\\/wp-content\\\/uploads\\\/2016\\\/12\\\/cementerio-pamplona.jpg\",\"contentUrl\":\"https:\\\/\\\/www.laguiadepamplona.com\\\/actualidad\\\/wp-content\\\/uploads\\\/2016\\\/12\\\/cementerio-pamplona.jpg\",\"width\":750,\"height\":485},{\"@type\":\"BreadcrumbList\",\"@id\":\"https:\\\/\\\/www.laguiadepamplona.com\\\/actualidad\\\/el-cementerio-de-pamplona-registra-2-106-servicios-funerarios-hasta-el-30-de-septiembre-el-7621-cremaciones\\\/#breadcrumb\",\"itemListElement\":[{\"@type\":\"ListItem\",\"position\":1,\"name\":\"Portada\",\"item\":\"https:\\\/\\\/www.laguiadepamplona.com\\\/actualidad\\\/\"},{\"@type\":\"ListItem\",\"position\":2,\"name\":\"El cementerio de Pamplona registra 2.106 servicios funerarios hasta el 30 de septiembre, el 76,21 % cremaciones\"}]},{\"@type\":\"WebSite\",\"@id\":\"https:\\\/\\\/www.laguiadepamplona.com\\\/actualidad\\\/#website\",\"url\":\"https:\\\/\\\/www.laguiadepamplona.com\\\/actualidad\\\/\",\"name\":\"La gu\u00eda de Pamplona\",\"description\":\"Noticias de Pamplona\",\"publisher\":{\"@id\":\"https:\\\/\\\/www.laguiadepamplona.com\\\/actualidad\\\/#organization\"},\"potentialAction\":[{\"@type\":\"SearchAction\",\"target\":{\"@type\":\"EntryPoint\",\"urlTemplate\":\"https:\\\/\\\/www.laguiadepamplona.com\\\/actualidad\\\/?s={search_term_string}\"},\"query-input\":{\"@type\":\"PropertyValueSpecification\",\"valueRequired\":true,\"valueName\":\"search_term_string\"}}],\"inLanguage\":\"es\"},{\"@type\":\"Organization\",\"@id\":\"https:\\\/\\\/www.laguiadepamplona.com\\\/actualidad\\\/#organization\",\"name\":\"La Gu\u00eda de Pamplona \\\/ Noticias\",\"url\":\"https:\\\/\\\/www.laguiadepamplona.com\\\/actualidad\\\/\",\"logo\":{\"@type\":\"ImageObject\",\"inLanguage\":\"es\",\"@id\":\"https:\\\/\\\/www.laguiadepamplona.com\\\/actualidad\\\/#\\\/schema\\\/logo\\\/image\\\/\",\"url\":\"https:\\\/\\\/www.laguiadepamplona.com\\\/actualidad\\\/wp-content\\\/uploads\\\/2018\\\/11\\\/logo-laguiadepamplona18-web1.png\",\"contentUrl\":\"https:\\\/\\\/www.laguiadepamplona.com\\\/actualidad\\\/wp-content\\\/uploads\\\/2018\\\/11\\\/logo-laguiadepamplona18-web1.png\",\"width\":600,\"height\":196,\"caption\":\"La Gu\u00eda de Pamplona \\\/ Noticias\"},\"image\":{\"@id\":\"https:\\\/\\\/www.laguiadepamplona.com\\\/actualidad\\\/#\\\/schema\\\/logo\\\/image\\\/\"},\"sameAs\":[\"https:\\\/\\\/www.facebook.com\\\/laguiadepamplonacom-133175176762273\\\/?ref=hl\",\"https:\\\/\\\/x.com\\\/LaGuiadPamplona\",\"https:\\\/\\\/www.instagram.com\\\/la_guia_de_pamplona\\\/\",\"https:\\\/\\\/www.youtube.com\\\/user\\\/laguiadepamplona\"]},{\"@type\":\"Person\",\"@id\":\"https:\\\/\\\/www.laguiadepamplona.com\\\/actualidad\\\/#\\\/schema\\\/person\\\/efe887376f0213d4657c93adc50b1fdb\",\"name\":\"La Gu\u00eda de Pamplona\",\"image\":{\"@type\":\"ImageObject\",\"inLanguage\":\"es\",\"@id\":\"https:\\\/\\\/secure.gravatar.com\\\/avatar\\\/b6992f131dc8d30ab0dff15446e9d346d9dbd95992de0fef795073f5ea83a81c?s=96&d=mm&r=g\",\"url\":\"https:\\\/\\\/secure.gravatar.com\\\/avatar\\\/b6992f131dc8d30ab0dff15446e9d346d9dbd95992de0fef795073f5ea83a81c?s=96&d=mm&r=g\",\"contentUrl\":\"https:\\\/\\\/secure.gravatar.com\\\/avatar\\\/b6992f131dc8d30ab0dff15446e9d346d9dbd95992de0fef795073f5ea83a81c?s=96&d=mm&r=g\",\"caption\":\"La Gu\u00eda de Pamplona\"}}]}<\/script>\n<!-- \/ Yoast SEO plugin. -->","yoast_head_json":{"title":"El cementerio de Pamplona registra 2.106 servicios funerarios hasta el 30 de septiembre, el 76,21 % cremaciones","robots":{"index":"index","follow":"follow","max-snippet":"max-snippet:-1","max-image-preview":"max-image-preview:large","max-video-preview":"max-video-preview:-1"},"canonical":"https:\/\/www.laguiadepamplona.com\/actualidad\/el-cementerio-de-pamplona-registra-2-106-servicios-funerarios-hasta-el-30-de-septiembre-el-7621-cremaciones\/","og_locale":"es_ES","og_type":"article","og_title":"El cementerio de Pamplona registra 2.106 servicios funerarios hasta el 30 de septiembre, el 76,21 % cremaciones","og_description":"Del 1 de enero al 30 de septiembre, se han realizado adem\u00e1s 331 enterramientos en nichos, 146 en pante\u00f3n y 24 en tierra","og_url":"https:\/\/www.laguiadepamplona.com\/actualidad\/el-cementerio-de-pamplona-registra-2-106-servicios-funerarios-hasta-el-30-de-septiembre-el-7621-cremaciones\/","og_site_name":"La Gu\u00eda de Pamplona Noticias y actualidad","article_publisher":"https:\/\/www.facebook.com\/laguiadepamplonacom-133175176762273\/?ref=hl","article_published_time":"2018-10-29T11:48:30+00:00","og_image":[{"width":750,"height":485,"url":"https:\/\/www.laguiadepamplona.com\/actualidad\/wp-content\/uploads\/2016\/12\/cementerio-pamplona.jpg","type":"image\/jpeg"}],"author":"La Gu\u00eda de Pamplona","twitter_card":"summary_large_image","twitter_creator":"@LaGuiadPamplona","twitter_site":"@LaGuiadPamplona","twitter_misc":{"Escrito por":"La Gu\u00eda de Pamplona","Tiempo de lectura":"1 minuto"},"schema":{"@context":"https:\/\/schema.org","@graph":[{"@type":"Article","@id":"https:\/\/www.laguiadepamplona.com\/actualidad\/el-cementerio-de-pamplona-registra-2-106-servicios-funerarios-hasta-el-30-de-septiembre-el-7621-cremaciones\/#article","isPartOf":{"@id":"https:\/\/www.laguiadepamplona.com\/actualidad\/el-cementerio-de-pamplona-registra-2-106-servicios-funerarios-hasta-el-30-de-septiembre-el-7621-cremaciones\/"},"author":{"name":"La Gu\u00eda de Pamplona","@id":"https:\/\/www.laguiadepamplona.com\/actualidad\/#\/schema\/person\/efe887376f0213d4657c93adc50b1fdb"},"headline":"El cementerio de Pamplona registra 2.106 servicios funerarios hasta el 30 de septiembre, el 76,21 % cremaciones","datePublished":"2018-10-29T11:48:30+00:00","mainEntityOfPage":{"@id":"https:\/\/www.laguiadepamplona.com\/actualidad\/el-cementerio-de-pamplona-registra-2-106-servicios-funerarios-hasta-el-30-de-septiembre-el-7621-cremaciones\/"},"wordCount":307,"commentCount":0,"publisher":{"@id":"https:\/\/www.laguiadepamplona.com\/actualidad\/#organization"},"image":{"@id":"https:\/\/www.laguiadepamplona.com\/actualidad\/el-cementerio-de-pamplona-registra-2-106-servicios-funerarios-hasta-el-30-de-septiembre-el-7621-cremaciones\/#primaryimage"},"thumbnailUrl":"https:\/\/www.laguiadepamplona.com\/actualidad\/wp-content\/uploads\/2016\/12\/cementerio-pamplona.jpg","articleSection":["Ayto Pamplona"],"inLanguage":"es","potentialAction":[{"@type":"CommentAction","name":"Comment","target":["https:\/\/www.laguiadepamplona.com\/actualidad\/el-cementerio-de-pamplona-registra-2-106-servicios-funerarios-hasta-el-30-de-septiembre-el-7621-cremaciones\/#respond"]}]},{"@type":"WebPage","@id":"https:\/\/www.laguiadepamplona.com\/actualidad\/el-cementerio-de-pamplona-registra-2-106-servicios-funerarios-hasta-el-30-de-septiembre-el-7621-cremaciones\/","url":"https:\/\/www.laguiadepamplona.com\/actualidad\/el-cementerio-de-pamplona-registra-2-106-servicios-funerarios-hasta-el-30-de-septiembre-el-7621-cremaciones\/","name":"El cementerio de Pamplona registra 2.106 servicios funerarios hasta el 30 de septiembre, el 76,21 % cremaciones","isPartOf":{"@id":"https:\/\/www.laguiadepamplona.com\/actualidad\/#website"},"primaryImageOfPage":{"@id":"https:\/\/www.laguiadepamplona.com\/actualidad\/el-cementerio-de-pamplona-registra-2-106-servicios-funerarios-hasta-el-30-de-septiembre-el-7621-cremaciones\/#primaryimage"},"image":{"@id":"https:\/\/www.laguiadepamplona.com\/actualidad\/el-cementerio-de-pamplona-registra-2-106-servicios-funerarios-hasta-el-30-de-septiembre-el-7621-cremaciones\/#primaryimage"},"thumbnailUrl":"https:\/\/www.laguiadepamplona.com\/actualidad\/wp-content\/uploads\/2016\/12\/cementerio-pamplona.jpg","datePublished":"2018-10-29T11:48:30+00:00","breadcrumb":{"@id":"https:\/\/www.laguiadepamplona.com\/actualidad\/el-cementerio-de-pamplona-registra-2-106-servicios-funerarios-hasta-el-30-de-septiembre-el-7621-cremaciones\/#breadcrumb"},"inLanguage":"es","potentialAction":[{"@type":"ReadAction","target":["https:\/\/www.laguiadepamplona.com\/actualidad\/el-cementerio-de-pamplona-registra-2-106-servicios-funerarios-hasta-el-30-de-septiembre-el-7621-cremaciones\/"]}]},{"@type":"ImageObject","inLanguage":"es","@id":"https:\/\/www.laguiadepamplona.com\/actualidad\/el-cementerio-de-pamplona-registra-2-106-servicios-funerarios-hasta-el-30-de-septiembre-el-7621-cremaciones\/#primaryimage","url":"https:\/\/www.laguiadepamplona.com\/actualidad\/wp-content\/uploads\/2016\/12\/cementerio-pamplona.jpg","contentUrl":"https:\/\/www.laguiadepamplona.com\/actualidad\/wp-content\/uploads\/2016\/12\/cementerio-pamplona.jpg","width":750,"height":485},{"@type":"BreadcrumbList","@id":"https:\/\/www.laguiadepamplona.com\/actualidad\/el-cementerio-de-pamplona-registra-2-106-servicios-funerarios-hasta-el-30-de-septiembre-el-7621-cremaciones\/#breadcrumb","itemListElement":[{"@type":"ListItem","position":1,"name":"Portada","item":"https:\/\/www.laguiadepamplona.com\/actualidad\/"},{"@type":"ListItem","position":2,"name":"El cementerio de Pamplona registra 2.106 servicios funerarios hasta el 30 de septiembre, el 76,21 % cremaciones"}]},{"@type":"WebSite","@id":"https:\/\/www.laguiadepamplona.com\/actualidad\/#website","url":"https:\/\/www.laguiadepamplona.com\/actualidad\/","name":"La gu\u00eda de Pamplona","description":"Noticias de Pamplona","publisher":{"@id":"https:\/\/www.laguiadepamplona.com\/actualidad\/#organization"},"potentialAction":[{"@type":"SearchAction","target":{"@type":"EntryPoint","urlTemplate":"https:\/\/www.laguiadepamplona.com\/actualidad\/?s={search_term_string}"},"query-input":{"@type":"PropertyValueSpecification","valueRequired":true,"valueName":"search_term_string"}}],"inLanguage":"es"},{"@type":"Organization","@id":"https:\/\/www.laguiadepamplona.com\/actualidad\/#organization","name":"La Gu\u00eda de Pamplona \/ Noticias","url":"https:\/\/www.laguiadepamplona.com\/actualidad\/","logo":{"@type":"ImageObject","inLanguage":"es","@id":"https:\/\/www.laguiadepamplona.com\/actualidad\/#\/schema\/logo\/image\/","url":"https:\/\/www.laguiadepamplona.com\/actualidad\/wp-content\/uploads\/2018\/11\/logo-laguiadepamplona18-web1.png","contentUrl":"https:\/\/www.laguiadepamplona.com\/actualidad\/wp-content\/uploads\/2018\/11\/logo-laguiadepamplona18-web1.png","width":600,"height":196,"caption":"La Gu\u00eda de Pamplona \/ Noticias"},"image":{"@id":"https:\/\/www.laguiadepamplona.com\/actualidad\/#\/schema\/logo\/image\/"},"sameAs":["https:\/\/www.facebook.com\/laguiadepamplonacom-133175176762273\/?ref=hl","https:\/\/x.com\/LaGuiadPamplona","https:\/\/www.instagram.com\/la_guia_de_pamplona\/","https:\/\/www.youtube.com\/user\/laguiadepamplona"]},{"@type":"Person","@id":"https:\/\/www.laguiadepamplona.com\/actualidad\/#\/schema\/person\/efe887376f0213d4657c93adc50b1fdb","name":"La Gu\u00eda de Pamplona","image":{"@type":"ImageObject","inLanguage":"es","@id":"https:\/\/secure.gravatar.com\/avatar\/b6992f131dc8d30ab0dff15446e9d346d9dbd95992de0fef795073f5ea83a81c?s=96&d=mm&r=g","url":"https:\/\/secure.gravatar.com\/avatar\/b6992f131dc8d30ab0dff15446e9d346d9dbd95992de0fef795073f5ea83a81c?s=96&d=mm&r=g","contentUrl":"https:\/\/secure.gravatar.com\/avatar\/b6992f131dc8d30ab0dff15446e9d346d9dbd95992de0fef795073f5ea83a81c?s=96&d=mm&r=g","caption":"La Gu\u00eda de Pamplona"}}]}},"post_mailing_queue_ids":[],"_links":{"self":[{"href":"https:\/\/www.laguiadepamplona.com\/actualidad\/wp-json\/wp\/v2\/posts\/19172","targetHints":{"allow":["GET"]}}],"collection":[{"href":"https:\/\/www.laguiadepamplona.com\/actualidad\/wp-json\/wp\/v2\/posts"}],"about":[{"href":"https:\/\/www.laguiadepamplona.com\/actualidad\/wp-json\/wp\/v2\/types\/post"}],"author":[{"embeddable":true,"href":"https:\/\/www.laguiadepamplona.com\/actualidad\/wp-json\/wp\/v2\/users\/1"}],"replies":[{"embeddable":true,"href":"https:\/\/www.laguiadepamplona.com\/actualidad\/wp-json\/wp\/v2\/comments?post=19172"}],"version-history":[{"count":0,"href":"https:\/\/www.laguiadepamplona.com\/actualidad\/wp-json\/wp\/v2\/posts\/19172\/revisions"}],"wp:featuredmedia":[{"embeddable":true,"href":"https:\/\/www.laguiadepamplona.com\/actualidad\/wp-json\/wp\/v2\/media\/11025"}],"wp:attachment":[{"href":"https:\/\/www.laguiadepamplona.com\/actualidad\/wp-json\/wp\/v2\/media?parent=19172"}],"wp:term":[{"taxonomy":"category","embeddable":true,"href":"https:\/\/www.laguiadepamplona.com\/actualidad\/wp-json\/wp\/v2\/categories?post=19172"},{"taxonomy":"post_tag","embeddable":true,"href":"https:\/\/www.laguiadepamplona.com\/actualidad\/wp-json\/wp\/v2\/tags?post=19172"}],"curies":[{"name":"wp","href":"https:\/\/api.w.org\/{rel}","templated":true}]}}