{"id":19165,"date":"2018-10-25T17:55:37","date_gmt":"2018-10-25T15:55:37","guid":{"rendered":"https:\/\/www.laguiadepamplona.es\/actualidad\/?p=19165"},"modified":"2018-10-25T15:21:56","modified_gmt":"2018-10-25T13:21:56","slug":"el-trafico-diario-en-el-camino-de-caparroso-se-reduce-de-1-300-a-224-vehiculos-tras-las-medidas-de-reordenacion-de-la-circulacion-implementadas-en-magdalena","status":"publish","type":"post","link":"https:\/\/www.laguiadepamplona.com\/actualidad\/el-trafico-diario-en-el-camino-de-caparroso-se-reduce-de-1-300-a-224-vehiculos-tras-las-medidas-de-reordenacion-de-la-circulacion-implementadas-en-magdalena\/","title":{"rendered":"El tr\u00e1fico diario en el Camino de Caparroso se reduce de 1.300 a 224 veh\u00edculos tras las medidas de reordenaci\u00f3n de la circulaci\u00f3n implementadas en Magdalena"},"content":{"rendered":"<h3>El tramo hacia Burlada baja de 1.303 a 102 veh\u00edculos diarios y en direcci\u00f3n a Pamplona el descenso es menor, ya que se circula igual que antes<\/h3>\n<p><!--more--><\/p>\n<p>El flujo de veh\u00edculos por el Camino de Caparroso y en direcci\u00f3n a Burlada se ha reducido de forma considerable tras la implantaci\u00f3n el pasado mes de junio de una serie de medidas que han reordenado el tr\u00e1fico en la zona de la Magdalena. Los aforos realizados antes y despu\u00e9s de estas actuaciones reflejan descensos de m\u00e1s de 1.000 veh\u00edculos diarios en unas v\u00edas que por su estructura no estaban preparadas para soportar las intensidades de m\u00e1s de 1.300 veh\u00edculos que por ellas transitaban.<\/p>\n<p>El an\u00e1lisis concreto de los aforos de tr\u00e1fico en la zona se ha llevado a cabo dividiendo el Camino de Caparroso y el Camino de Burlada en varios tramos. Por el Camino de Caparroso pasaban antes de las medidas implementadas 1.378 veh\u00edculos al d\u00eda. El \u00faltimo conteo refleja un tr\u00e1nsito de 224 veh\u00edculos diarios. En el tramo del Camino de Burlada en direcci\u00f3n a esta localidad el flujo se ha reducido de 1.303 veh\u00edculos a 102 tras prohibirse el giro a la derecha en el cruce de esa v\u00eda con el Camino de Caparroso.<\/p>\n<p>El tr\u00e1fico por el Camino de Burlada en direcci\u00f3n a Pamplona se ha reducido en menor cuant\u00eda, debido probablemente a que no se ha introducido ning\u00fan cambio en ese sentido de la circulaci\u00f3n. Adem\u00e1s, esa calle recoge el tr\u00e1fico de quienes circulan por el Camino de Caparroso, ya que no pueden dirigirse desde all\u00ed hacia Burlada. En el tramo del Camino de Burlada entre el cruce con el Camino de Caparroso y el vial que llega desde Txantrea la circulaci\u00f3n ha pasado de 775 veh\u00edculos a 629. En el tramo entre ese vial y la salida ya al puente de la Magdalena tambi\u00e9n ha bajado la intensidad, de 850 a 751 veh\u00edculos.<\/p>\n<p>El Ayuntamiento de Pamplona ha presentado este jueves por la tarde a los vecinos, a las vecinas y a las personas que tienen en la zona su empresa o su huerta de recreo los resultados de este an\u00e1lisis, siguiendo el compromiso adquirido en las reuniones previas mantenidas antes de la definici\u00f3n de las medidas que se han llevado a cabo. Esta reordenaci\u00f3n deriva de la instancia que el propio Ayuntamiento recibi\u00f3, firmada por 416 personas, solicitando la intervenci\u00f3n municipal en el Camino de Caparroso por el alto riesgo de atropellos debido al elevado volumen de tr\u00e1fico motorizado que por all\u00ed circulaba y a la falta de espacio peatonal. A trav\u00e9s de diferentes reuniones con las personas afectadas, entre las que se inclu\u00edan 21 entrevistas individuales a residentes en la Magdalena y dos din\u00e1micas grupales en las que participaron m\u00e1s de 60 personas, se consensuaron una serie de medidas para reducir en tr\u00e1fico en la zona puestas en marcha antes del verano.\u00a0 Con estas medidas se completaba el plan de intervenci\u00f3n presentados por el Ayuntamiento de Pamplona inicialmente, con reductores de velocidad en el Camino de Caparroso y el Camino de Burlada para dar respuesta a una de las principales preocupaciones vecinales sobre la velocidad de circulaci\u00f3n de muchos veh\u00edculos por la zona.<\/p>\n<p><strong>Medidas llevadas a cabo<\/strong><\/p>\n<p>Las principales medidas que se han implementado en la Magdalena consisten en la prohibici\u00f3n del giro a la derecha al final del Camino de Caparroso para evitar que los veh\u00edculos motorizados vayan en direcci\u00f3n a Burlada y en la conversi\u00f3n de ese Camino de Caparroso en calle residencial, con velocidad m\u00e1xima de 20 kil\u00f3metros por hora, para que los peatones gocen de prioridad frente a los veh\u00edculos.<\/p>\n<p>Para ello, se ha instalado nueva se\u00f1al\u00e9tica vertical y horizontal que refleja los cambios introducidos (calle residencial o tramo de ciclocalle) y se han pintado galones de ciclocalle en la calzada como recordatorio para los veh\u00edculos motorizados. En la zona se han instalado o modificado 9 reductores de velocidad en la calle Molino de Caparroso, 5 en el propio Camino de Caparroso y otros 12 en el Camino de Burlada.<\/p>\n<p>A la reordenaci\u00f3n llevada a cabo se le dot\u00f3 de un car\u00e1cter de reversibilidad, de tal manera que, una vez ejecutadas esas intervenciones y realizado un nuevo conteo de veh\u00edculos a los cuatro meses de su puesta en marcha, se recabe de nuevo la opini\u00f3n de las personas afectadas para seguir actuando en la zona si fuera necesario.<\/p>\n","protected":false},"excerpt":{"rendered":"<p>El tramo hacia Burlada baja de 1.303 a 102 veh\u00edculos diarios y en direcci\u00f3n a Pamplona el descenso es menor, ya que se circula igual que antes<\/p>\n","protected":false},"author":1,"featured_media":17600,"comment_status":"open","ping_status":"closed","sticky":false,"template":"","format":"standard","meta":{"footnotes":""},"categories":[2],"tags":[],"class_list":["post-19165","post","type-post","status-publish","format-standard","has-post-thumbnail","hentry","category-ayuntamiento-pamplona"],"yoast_head":"<!-- This site is optimized with the Yoast SEO plugin v27.9 - https:\/\/yoast.com\/product\/yoast-seo-wordpress\/ -->\n<title>El tr\u00e1fico diario en el Camino de Caparroso se reduce de 1.300 a 224 veh\u00edculos tras las medidas de reordenaci\u00f3n de la circulaci\u00f3n implementadas en Magdalena<\/title>\n<meta name=\"robots\" content=\"index, follow, max-snippet:-1, max-image-preview:large, max-video-preview:-1\" \/>\n<link rel=\"canonical\" href=\"https:\/\/www.laguiadepamplona.com\/actualidad\/el-trafico-diario-en-el-camino-de-caparroso-se-reduce-de-1-300-a-224-vehiculos-tras-las-medidas-de-reordenacion-de-la-circulacion-implementadas-en-magdalena\/\" \/>\n<meta property=\"og:locale\" content=\"es_ES\" \/>\n<meta property=\"og:type\" content=\"article\" \/>\n<meta property=\"og:title\" content=\"El tr\u00e1fico diario en el Camino de Caparroso se reduce de 1.300 a 224 veh\u00edculos tras las medidas de reordenaci\u00f3n de la circulaci\u00f3n implementadas en Magdalena\" \/>\n<meta property=\"og:description\" content=\"El tramo hacia Burlada baja de 1.303 a 102 veh\u00edculos diarios y en direcci\u00f3n a Pamplona el descenso es menor, ya que se circula igual que antes\" \/>\n<meta property=\"og:url\" content=\"https:\/\/www.laguiadepamplona.com\/actualidad\/el-trafico-diario-en-el-camino-de-caparroso-se-reduce-de-1-300-a-224-vehiculos-tras-las-medidas-de-reordenacion-de-la-circulacion-implementadas-en-magdalena\/\" \/>\n<meta property=\"og:site_name\" content=\"La Gu\u00eda de Pamplona Noticias y actualidad\" \/>\n<meta property=\"article:publisher\" content=\"https:\/\/www.facebook.com\/laguiadepamplonacom-133175176762273\/?ref=hl\" \/>\n<meta property=\"article:published_time\" content=\"2018-10-25T15:55:37+00:00\" \/>\n<meta property=\"og:image\" content=\"https:\/\/www.laguiadepamplona.com\/actualidad\/wp-content\/uploads\/2018\/05\/ayto-pamplona-3.jpg\" \/>\n\t<meta property=\"og:image:width\" content=\"1000\" \/>\n\t<meta property=\"og:image:height\" content=\"555\" \/>\n\t<meta property=\"og:image:type\" content=\"image\/jpeg\" \/>\n<meta name=\"author\" content=\"La Gu\u00eda de Pamplona\" \/>\n<meta name=\"twitter:card\" content=\"summary_large_image\" \/>\n<meta name=\"twitter:creator\" content=\"@LaGuiadPamplona\" \/>\n<meta name=\"twitter:site\" content=\"@LaGuiadPamplona\" \/>\n<meta name=\"twitter:label1\" content=\"Escrito por\" \/>\n\t<meta name=\"twitter:data1\" content=\"La Gu\u00eda de Pamplona\" \/>\n\t<meta name=\"twitter:label2\" content=\"Tiempo de lectura\" \/>\n\t<meta name=\"twitter:data2\" content=\"4 minutos\" \/>\n<script type=\"application\/ld+json\" class=\"yoast-schema-graph\">{\"@context\":\"https:\\\/\\\/schema.org\",\"@graph\":[{\"@type\":\"Article\",\"@id\":\"https:\\\/\\\/www.laguiadepamplona.com\\\/actualidad\\\/el-trafico-diario-en-el-camino-de-caparroso-se-reduce-de-1-300-a-224-vehiculos-tras-las-medidas-de-reordenacion-de-la-circulacion-implementadas-en-magdalena\\\/#article\",\"isPartOf\":{\"@id\":\"https:\\\/\\\/www.laguiadepamplona.com\\\/actualidad\\\/el-trafico-diario-en-el-camino-de-caparroso-se-reduce-de-1-300-a-224-vehiculos-tras-las-medidas-de-reordenacion-de-la-circulacion-implementadas-en-magdalena\\\/\"},\"author\":{\"name\":\"La Gu\u00eda de Pamplona\",\"@id\":\"https:\\\/\\\/www.laguiadepamplona.com\\\/actualidad\\\/#\\\/schema\\\/person\\\/efe887376f0213d4657c93adc50b1fdb\"},\"headline\":\"El tr\u00e1fico diario en el Camino de Caparroso se reduce de 1.300 a 224 veh\u00edculos tras las medidas de reordenaci\u00f3n de la circulaci\u00f3n implementadas en Magdalena\",\"datePublished\":\"2018-10-25T15:55:37+00:00\",\"mainEntityOfPage\":{\"@id\":\"https:\\\/\\\/www.laguiadepamplona.com\\\/actualidad\\\/el-trafico-diario-en-el-camino-de-caparroso-se-reduce-de-1-300-a-224-vehiculos-tras-las-medidas-de-reordenacion-de-la-circulacion-implementadas-en-magdalena\\\/\"},\"wordCount\":796,\"commentCount\":0,\"publisher\":{\"@id\":\"https:\\\/\\\/www.laguiadepamplona.com\\\/actualidad\\\/#organization\"},\"image\":{\"@id\":\"https:\\\/\\\/www.laguiadepamplona.com\\\/actualidad\\\/el-trafico-diario-en-el-camino-de-caparroso-se-reduce-de-1-300-a-224-vehiculos-tras-las-medidas-de-reordenacion-de-la-circulacion-implementadas-en-magdalena\\\/#primaryimage\"},\"thumbnailUrl\":\"https:\\\/\\\/www.laguiadepamplona.com\\\/actualidad\\\/wp-content\\\/uploads\\\/2018\\\/05\\\/ayto-pamplona-3.jpg\",\"articleSection\":[\"Ayto Pamplona\"],\"inLanguage\":\"es\",\"potentialAction\":[{\"@type\":\"CommentAction\",\"name\":\"Comment\",\"target\":[\"https:\\\/\\\/www.laguiadepamplona.com\\\/actualidad\\\/el-trafico-diario-en-el-camino-de-caparroso-se-reduce-de-1-300-a-224-vehiculos-tras-las-medidas-de-reordenacion-de-la-circulacion-implementadas-en-magdalena\\\/#respond\"]}]},{\"@type\":\"WebPage\",\"@id\":\"https:\\\/\\\/www.laguiadepamplona.com\\\/actualidad\\\/el-trafico-diario-en-el-camino-de-caparroso-se-reduce-de-1-300-a-224-vehiculos-tras-las-medidas-de-reordenacion-de-la-circulacion-implementadas-en-magdalena\\\/\",\"url\":\"https:\\\/\\\/www.laguiadepamplona.com\\\/actualidad\\\/el-trafico-diario-en-el-camino-de-caparroso-se-reduce-de-1-300-a-224-vehiculos-tras-las-medidas-de-reordenacion-de-la-circulacion-implementadas-en-magdalena\\\/\",\"name\":\"El tr\u00e1fico diario en el Camino de Caparroso se reduce de 1.300 a 224 veh\u00edculos tras las medidas de reordenaci\u00f3n de la circulaci\u00f3n implementadas en Magdalena\",\"isPartOf\":{\"@id\":\"https:\\\/\\\/www.laguiadepamplona.com\\\/actualidad\\\/#website\"},\"primaryImageOfPage\":{\"@id\":\"https:\\\/\\\/www.laguiadepamplona.com\\\/actualidad\\\/el-trafico-diario-en-el-camino-de-caparroso-se-reduce-de-1-300-a-224-vehiculos-tras-las-medidas-de-reordenacion-de-la-circulacion-implementadas-en-magdalena\\\/#primaryimage\"},\"image\":{\"@id\":\"https:\\\/\\\/www.laguiadepamplona.com\\\/actualidad\\\/el-trafico-diario-en-el-camino-de-caparroso-se-reduce-de-1-300-a-224-vehiculos-tras-las-medidas-de-reordenacion-de-la-circulacion-implementadas-en-magdalena\\\/#primaryimage\"},\"thumbnailUrl\":\"https:\\\/\\\/www.laguiadepamplona.com\\\/actualidad\\\/wp-content\\\/uploads\\\/2018\\\/05\\\/ayto-pamplona-3.jpg\",\"datePublished\":\"2018-10-25T15:55:37+00:00\",\"breadcrumb\":{\"@id\":\"https:\\\/\\\/www.laguiadepamplona.com\\\/actualidad\\\/el-trafico-diario-en-el-camino-de-caparroso-se-reduce-de-1-300-a-224-vehiculos-tras-las-medidas-de-reordenacion-de-la-circulacion-implementadas-en-magdalena\\\/#breadcrumb\"},\"inLanguage\":\"es\",\"potentialAction\":[{\"@type\":\"ReadAction\",\"target\":[\"https:\\\/\\\/www.laguiadepamplona.com\\\/actualidad\\\/el-trafico-diario-en-el-camino-de-caparroso-se-reduce-de-1-300-a-224-vehiculos-tras-las-medidas-de-reordenacion-de-la-circulacion-implementadas-en-magdalena\\\/\"]}]},{\"@type\":\"ImageObject\",\"inLanguage\":\"es\",\"@id\":\"https:\\\/\\\/www.laguiadepamplona.com\\\/actualidad\\\/el-trafico-diario-en-el-camino-de-caparroso-se-reduce-de-1-300-a-224-vehiculos-tras-las-medidas-de-reordenacion-de-la-circulacion-implementadas-en-magdalena\\\/#primaryimage\",\"url\":\"https:\\\/\\\/www.laguiadepamplona.com\\\/actualidad\\\/wp-content\\\/uploads\\\/2018\\\/05\\\/ayto-pamplona-3.jpg\",\"contentUrl\":\"https:\\\/\\\/www.laguiadepamplona.com\\\/actualidad\\\/wp-content\\\/uploads\\\/2018\\\/05\\\/ayto-pamplona-3.jpg\",\"width\":1000,\"height\":555},{\"@type\":\"BreadcrumbList\",\"@id\":\"https:\\\/\\\/www.laguiadepamplona.com\\\/actualidad\\\/el-trafico-diario-en-el-camino-de-caparroso-se-reduce-de-1-300-a-224-vehiculos-tras-las-medidas-de-reordenacion-de-la-circulacion-implementadas-en-magdalena\\\/#breadcrumb\",\"itemListElement\":[{\"@type\":\"ListItem\",\"position\":1,\"name\":\"Portada\",\"item\":\"https:\\\/\\\/www.laguiadepamplona.com\\\/actualidad\\\/\"},{\"@type\":\"ListItem\",\"position\":2,\"name\":\"El tr\u00e1fico diario en el Camino de Caparroso se reduce de 1.300 a 224 veh\u00edculos tras las medidas de reordenaci\u00f3n de la circulaci\u00f3n implementadas en Magdalena\"}]},{\"@type\":\"WebSite\",\"@id\":\"https:\\\/\\\/www.laguiadepamplona.com\\\/actualidad\\\/#website\",\"url\":\"https:\\\/\\\/www.laguiadepamplona.com\\\/actualidad\\\/\",\"name\":\"La gu\u00eda de Pamplona\",\"description\":\"Noticias de Pamplona\",\"publisher\":{\"@id\":\"https:\\\/\\\/www.laguiadepamplona.com\\\/actualidad\\\/#organization\"},\"potentialAction\":[{\"@type\":\"SearchAction\",\"target\":{\"@type\":\"EntryPoint\",\"urlTemplate\":\"https:\\\/\\\/www.laguiadepamplona.com\\\/actualidad\\\/?s={search_term_string}\"},\"query-input\":{\"@type\":\"PropertyValueSpecification\",\"valueRequired\":true,\"valueName\":\"search_term_string\"}}],\"inLanguage\":\"es\"},{\"@type\":\"Organization\",\"@id\":\"https:\\\/\\\/www.laguiadepamplona.com\\\/actualidad\\\/#organization\",\"name\":\"La Gu\u00eda de Pamplona \\\/ Noticias\",\"url\":\"https:\\\/\\\/www.laguiadepamplona.com\\\/actualidad\\\/\",\"logo\":{\"@type\":\"ImageObject\",\"inLanguage\":\"es\",\"@id\":\"https:\\\/\\\/www.laguiadepamplona.com\\\/actualidad\\\/#\\\/schema\\\/logo\\\/image\\\/\",\"url\":\"https:\\\/\\\/www.laguiadepamplona.com\\\/actualidad\\\/wp-content\\\/uploads\\\/2018\\\/11\\\/logo-laguiadepamplona18-web1.png\",\"contentUrl\":\"https:\\\/\\\/www.laguiadepamplona.com\\\/actualidad\\\/wp-content\\\/uploads\\\/2018\\\/11\\\/logo-laguiadepamplona18-web1.png\",\"width\":600,\"height\":196,\"caption\":\"La Gu\u00eda de Pamplona \\\/ Noticias\"},\"image\":{\"@id\":\"https:\\\/\\\/www.laguiadepamplona.com\\\/actualidad\\\/#\\\/schema\\\/logo\\\/image\\\/\"},\"sameAs\":[\"https:\\\/\\\/www.facebook.com\\\/laguiadepamplonacom-133175176762273\\\/?ref=hl\",\"https:\\\/\\\/x.com\\\/LaGuiadPamplona\",\"https:\\\/\\\/www.instagram.com\\\/la_guia_de_pamplona\\\/\",\"https:\\\/\\\/www.youtube.com\\\/user\\\/laguiadepamplona\"]},{\"@type\":\"Person\",\"@id\":\"https:\\\/\\\/www.laguiadepamplona.com\\\/actualidad\\\/#\\\/schema\\\/person\\\/efe887376f0213d4657c93adc50b1fdb\",\"name\":\"La Gu\u00eda de Pamplona\",\"image\":{\"@type\":\"ImageObject\",\"inLanguage\":\"es\",\"@id\":\"https:\\\/\\\/secure.gravatar.com\\\/avatar\\\/b6992f131dc8d30ab0dff15446e9d346d9dbd95992de0fef795073f5ea83a81c?s=96&d=mm&r=g\",\"url\":\"https:\\\/\\\/secure.gravatar.com\\\/avatar\\\/b6992f131dc8d30ab0dff15446e9d346d9dbd95992de0fef795073f5ea83a81c?s=96&d=mm&r=g\",\"contentUrl\":\"https:\\\/\\\/secure.gravatar.com\\\/avatar\\\/b6992f131dc8d30ab0dff15446e9d346d9dbd95992de0fef795073f5ea83a81c?s=96&d=mm&r=g\",\"caption\":\"La Gu\u00eda de Pamplona\"}}]}<\/script>\n<!-- \/ Yoast SEO plugin. -->","yoast_head_json":{"title":"El tr\u00e1fico diario en el Camino de Caparroso se reduce de 1.300 a 224 veh\u00edculos tras las medidas de reordenaci\u00f3n de la circulaci\u00f3n implementadas en Magdalena","robots":{"index":"index","follow":"follow","max-snippet":"max-snippet:-1","max-image-preview":"max-image-preview:large","max-video-preview":"max-video-preview:-1"},"canonical":"https:\/\/www.laguiadepamplona.com\/actualidad\/el-trafico-diario-en-el-camino-de-caparroso-se-reduce-de-1-300-a-224-vehiculos-tras-las-medidas-de-reordenacion-de-la-circulacion-implementadas-en-magdalena\/","og_locale":"es_ES","og_type":"article","og_title":"El tr\u00e1fico diario en el Camino de Caparroso se reduce de 1.300 a 224 veh\u00edculos tras las medidas de reordenaci\u00f3n de la circulaci\u00f3n implementadas en Magdalena","og_description":"El tramo hacia Burlada baja de 1.303 a 102 veh\u00edculos diarios y en direcci\u00f3n a Pamplona el descenso es menor, ya que se circula igual que antes","og_url":"https:\/\/www.laguiadepamplona.com\/actualidad\/el-trafico-diario-en-el-camino-de-caparroso-se-reduce-de-1-300-a-224-vehiculos-tras-las-medidas-de-reordenacion-de-la-circulacion-implementadas-en-magdalena\/","og_site_name":"La Gu\u00eda de Pamplona Noticias y actualidad","article_publisher":"https:\/\/www.facebook.com\/laguiadepamplonacom-133175176762273\/?ref=hl","article_published_time":"2018-10-25T15:55:37+00:00","og_image":[{"width":1000,"height":555,"url":"https:\/\/www.laguiadepamplona.com\/actualidad\/wp-content\/uploads\/2018\/05\/ayto-pamplona-3.jpg","type":"image\/jpeg"}],"author":"La Gu\u00eda de Pamplona","twitter_card":"summary_large_image","twitter_creator":"@LaGuiadPamplona","twitter_site":"@LaGuiadPamplona","twitter_misc":{"Escrito por":"La Gu\u00eda de Pamplona","Tiempo de lectura":"4 minutos"},"schema":{"@context":"https:\/\/schema.org","@graph":[{"@type":"Article","@id":"https:\/\/www.laguiadepamplona.com\/actualidad\/el-trafico-diario-en-el-camino-de-caparroso-se-reduce-de-1-300-a-224-vehiculos-tras-las-medidas-de-reordenacion-de-la-circulacion-implementadas-en-magdalena\/#article","isPartOf":{"@id":"https:\/\/www.laguiadepamplona.com\/actualidad\/el-trafico-diario-en-el-camino-de-caparroso-se-reduce-de-1-300-a-224-vehiculos-tras-las-medidas-de-reordenacion-de-la-circulacion-implementadas-en-magdalena\/"},"author":{"name":"La Gu\u00eda de Pamplona","@id":"https:\/\/www.laguiadepamplona.com\/actualidad\/#\/schema\/person\/efe887376f0213d4657c93adc50b1fdb"},"headline":"El tr\u00e1fico diario en el Camino de Caparroso se reduce de 1.300 a 224 veh\u00edculos tras las medidas de reordenaci\u00f3n de la circulaci\u00f3n implementadas en Magdalena","datePublished":"2018-10-25T15:55:37+00:00","mainEntityOfPage":{"@id":"https:\/\/www.laguiadepamplona.com\/actualidad\/el-trafico-diario-en-el-camino-de-caparroso-se-reduce-de-1-300-a-224-vehiculos-tras-las-medidas-de-reordenacion-de-la-circulacion-implementadas-en-magdalena\/"},"wordCount":796,"commentCount":0,"publisher":{"@id":"https:\/\/www.laguiadepamplona.com\/actualidad\/#organization"},"image":{"@id":"https:\/\/www.laguiadepamplona.com\/actualidad\/el-trafico-diario-en-el-camino-de-caparroso-se-reduce-de-1-300-a-224-vehiculos-tras-las-medidas-de-reordenacion-de-la-circulacion-implementadas-en-magdalena\/#primaryimage"},"thumbnailUrl":"https:\/\/www.laguiadepamplona.com\/actualidad\/wp-content\/uploads\/2018\/05\/ayto-pamplona-3.jpg","articleSection":["Ayto Pamplona"],"inLanguage":"es","potentialAction":[{"@type":"CommentAction","name":"Comment","target":["https:\/\/www.laguiadepamplona.com\/actualidad\/el-trafico-diario-en-el-camino-de-caparroso-se-reduce-de-1-300-a-224-vehiculos-tras-las-medidas-de-reordenacion-de-la-circulacion-implementadas-en-magdalena\/#respond"]}]},{"@type":"WebPage","@id":"https:\/\/www.laguiadepamplona.com\/actualidad\/el-trafico-diario-en-el-camino-de-caparroso-se-reduce-de-1-300-a-224-vehiculos-tras-las-medidas-de-reordenacion-de-la-circulacion-implementadas-en-magdalena\/","url":"https:\/\/www.laguiadepamplona.com\/actualidad\/el-trafico-diario-en-el-camino-de-caparroso-se-reduce-de-1-300-a-224-vehiculos-tras-las-medidas-de-reordenacion-de-la-circulacion-implementadas-en-magdalena\/","name":"El tr\u00e1fico diario en el Camino de Caparroso se reduce de 1.300 a 224 veh\u00edculos tras las medidas de reordenaci\u00f3n de la circulaci\u00f3n implementadas en Magdalena","isPartOf":{"@id":"https:\/\/www.laguiadepamplona.com\/actualidad\/#website"},"primaryImageOfPage":{"@id":"https:\/\/www.laguiadepamplona.com\/actualidad\/el-trafico-diario-en-el-camino-de-caparroso-se-reduce-de-1-300-a-224-vehiculos-tras-las-medidas-de-reordenacion-de-la-circulacion-implementadas-en-magdalena\/#primaryimage"},"image":{"@id":"https:\/\/www.laguiadepamplona.com\/actualidad\/el-trafico-diario-en-el-camino-de-caparroso-se-reduce-de-1-300-a-224-vehiculos-tras-las-medidas-de-reordenacion-de-la-circulacion-implementadas-en-magdalena\/#primaryimage"},"thumbnailUrl":"https:\/\/www.laguiadepamplona.com\/actualidad\/wp-content\/uploads\/2018\/05\/ayto-pamplona-3.jpg","datePublished":"2018-10-25T15:55:37+00:00","breadcrumb":{"@id":"https:\/\/www.laguiadepamplona.com\/actualidad\/el-trafico-diario-en-el-camino-de-caparroso-se-reduce-de-1-300-a-224-vehiculos-tras-las-medidas-de-reordenacion-de-la-circulacion-implementadas-en-magdalena\/#breadcrumb"},"inLanguage":"es","potentialAction":[{"@type":"ReadAction","target":["https:\/\/www.laguiadepamplona.com\/actualidad\/el-trafico-diario-en-el-camino-de-caparroso-se-reduce-de-1-300-a-224-vehiculos-tras-las-medidas-de-reordenacion-de-la-circulacion-implementadas-en-magdalena\/"]}]},{"@type":"ImageObject","inLanguage":"es","@id":"https:\/\/www.laguiadepamplona.com\/actualidad\/el-trafico-diario-en-el-camino-de-caparroso-se-reduce-de-1-300-a-224-vehiculos-tras-las-medidas-de-reordenacion-de-la-circulacion-implementadas-en-magdalena\/#primaryimage","url":"https:\/\/www.laguiadepamplona.com\/actualidad\/wp-content\/uploads\/2018\/05\/ayto-pamplona-3.jpg","contentUrl":"https:\/\/www.laguiadepamplona.com\/actualidad\/wp-content\/uploads\/2018\/05\/ayto-pamplona-3.jpg","width":1000,"height":555},{"@type":"BreadcrumbList","@id":"https:\/\/www.laguiadepamplona.com\/actualidad\/el-trafico-diario-en-el-camino-de-caparroso-se-reduce-de-1-300-a-224-vehiculos-tras-las-medidas-de-reordenacion-de-la-circulacion-implementadas-en-magdalena\/#breadcrumb","itemListElement":[{"@type":"ListItem","position":1,"name":"Portada","item":"https:\/\/www.laguiadepamplona.com\/actualidad\/"},{"@type":"ListItem","position":2,"name":"El tr\u00e1fico diario en el Camino de Caparroso se reduce de 1.300 a 224 veh\u00edculos tras las medidas de reordenaci\u00f3n de la circulaci\u00f3n implementadas en Magdalena"}]},{"@type":"WebSite","@id":"https:\/\/www.laguiadepamplona.com\/actualidad\/#website","url":"https:\/\/www.laguiadepamplona.com\/actualidad\/","name":"La gu\u00eda de Pamplona","description":"Noticias de Pamplona","publisher":{"@id":"https:\/\/www.laguiadepamplona.com\/actualidad\/#organization"},"potentialAction":[{"@type":"SearchAction","target":{"@type":"EntryPoint","urlTemplate":"https:\/\/www.laguiadepamplona.com\/actualidad\/?s={search_term_string}"},"query-input":{"@type":"PropertyValueSpecification","valueRequired":true,"valueName":"search_term_string"}}],"inLanguage":"es"},{"@type":"Organization","@id":"https:\/\/www.laguiadepamplona.com\/actualidad\/#organization","name":"La Gu\u00eda de Pamplona \/ Noticias","url":"https:\/\/www.laguiadepamplona.com\/actualidad\/","logo":{"@type":"ImageObject","inLanguage":"es","@id":"https:\/\/www.laguiadepamplona.com\/actualidad\/#\/schema\/logo\/image\/","url":"https:\/\/www.laguiadepamplona.com\/actualidad\/wp-content\/uploads\/2018\/11\/logo-laguiadepamplona18-web1.png","contentUrl":"https:\/\/www.laguiadepamplona.com\/actualidad\/wp-content\/uploads\/2018\/11\/logo-laguiadepamplona18-web1.png","width":600,"height":196,"caption":"La Gu\u00eda de Pamplona \/ Noticias"},"image":{"@id":"https:\/\/www.laguiadepamplona.com\/actualidad\/#\/schema\/logo\/image\/"},"sameAs":["https:\/\/www.facebook.com\/laguiadepamplonacom-133175176762273\/?ref=hl","https:\/\/x.com\/LaGuiadPamplona","https:\/\/www.instagram.com\/la_guia_de_pamplona\/","https:\/\/www.youtube.com\/user\/laguiadepamplona"]},{"@type":"Person","@id":"https:\/\/www.laguiadepamplona.com\/actualidad\/#\/schema\/person\/efe887376f0213d4657c93adc50b1fdb","name":"La Gu\u00eda de Pamplona","image":{"@type":"ImageObject","inLanguage":"es","@id":"https:\/\/secure.gravatar.com\/avatar\/b6992f131dc8d30ab0dff15446e9d346d9dbd95992de0fef795073f5ea83a81c?s=96&d=mm&r=g","url":"https:\/\/secure.gravatar.com\/avatar\/b6992f131dc8d30ab0dff15446e9d346d9dbd95992de0fef795073f5ea83a81c?s=96&d=mm&r=g","contentUrl":"https:\/\/secure.gravatar.com\/avatar\/b6992f131dc8d30ab0dff15446e9d346d9dbd95992de0fef795073f5ea83a81c?s=96&d=mm&r=g","caption":"La Gu\u00eda de Pamplona"}}]}},"post_mailing_queue_ids":[],"_links":{"self":[{"href":"https:\/\/www.laguiadepamplona.com\/actualidad\/wp-json\/wp\/v2\/posts\/19165","targetHints":{"allow":["GET"]}}],"collection":[{"href":"https:\/\/www.laguiadepamplona.com\/actualidad\/wp-json\/wp\/v2\/posts"}],"about":[{"href":"https:\/\/www.laguiadepamplona.com\/actualidad\/wp-json\/wp\/v2\/types\/post"}],"author":[{"embeddable":true,"href":"https:\/\/www.laguiadepamplona.com\/actualidad\/wp-json\/wp\/v2\/users\/1"}],"replies":[{"embeddable":true,"href":"https:\/\/www.laguiadepamplona.com\/actualidad\/wp-json\/wp\/v2\/comments?post=19165"}],"version-history":[{"count":0,"href":"https:\/\/www.laguiadepamplona.com\/actualidad\/wp-json\/wp\/v2\/posts\/19165\/revisions"}],"wp:featuredmedia":[{"embeddable":true,"href":"https:\/\/www.laguiadepamplona.com\/actualidad\/wp-json\/wp\/v2\/media\/17600"}],"wp:attachment":[{"href":"https:\/\/www.laguiadepamplona.com\/actualidad\/wp-json\/wp\/v2\/media?parent=19165"}],"wp:term":[{"taxonomy":"category","embeddable":true,"href":"https:\/\/www.laguiadepamplona.com\/actualidad\/wp-json\/wp\/v2\/categories?post=19165"},{"taxonomy":"post_tag","embeddable":true,"href":"https:\/\/www.laguiadepamplona.com\/actualidad\/wp-json\/wp\/v2\/tags?post=19165"}],"curies":[{"name":"wp","href":"https:\/\/api.w.org\/{rel}","templated":true}]}}