{"id":19158,"date":"2018-10-25T11:52:45","date_gmt":"2018-10-25T09:52:45","guid":{"rendered":"https:\/\/www.laguiadepamplona.es\/actualidad\/?p=19158"},"modified":"2018-10-25T11:52:45","modified_gmt":"2018-10-25T09:52:45","slug":"un-cuento-concierto-sentara-a-los-mas-pequenos-en-el-escenario-de-civivox-condestable-este-sabado-para-vivir-la-historia-arrugas-en-la-piel","status":"publish","type":"post","link":"https:\/\/www.laguiadepamplona.com\/actualidad\/un-cuento-concierto-sentara-a-los-mas-pequenos-en-el-escenario-de-civivox-condestable-este-sabado-para-vivir-la-historia-arrugas-en-la-piel\/","title":{"rendered":"Un cuento-concierto sentar\u00e1 a los m\u00e1s peque\u00f1os en el escenario de Civivox Condestable este s\u00e1bado para vivir la historia \u2018Arrugas en la piel\u2019"},"content":{"rendered":"<h3>Las entradas cuestan 3 euros y pueden adquirirse en el civivox o en <a href=\"http:\/\/www.pamplonaescultura.es\/\" target=\"_blank\" rel=\"noopener\">www.pamplonaescultura.es<\/a><\/h3>\n<p><!--more--><\/p>\n<p>Un cuento-concierto sentar\u00e1 a los m\u00e1s peque\u00f1os en el escenario de Civivox Condestable este s\u00e1bado para vivir la historia \u2018Arrugas en la piel\u2019. Se trata de un espect\u00e1culo \u00edntimo y sensorial a trav\u00e9s de los sonidos del arpa, la flauta travesera y el mundo de las palabras, a cargo de la compa\u00f1\u00eda Hegan&amp;Dreams, que ofrecer\u00e1 sesi\u00f3n en euskera a las 11 y en castellano a las 12.30 horas. Las entradas cuestan 3 euros pueden adquirirse en el civivox o en <a href=\"http:\/\/www.pamplonaescultura.es\/\" target=\"_blank\" rel=\"noopener\">www.pamplonaescultura.es<\/a>.<\/p>\n<p>En este espect\u00e1culo, ni\u00f1os y ni\u00f1as estar\u00e1n sentados en cojines dentro del espacio esc\u00e9nico formando parte de la historia e interactuando con las int\u00e9rpretes. Descubrir\u00e1n diferentes historias de arrugas, como el primer beso de amor de la abuela, la primera vez que fue a andar en bicicleta con su hermano, la primera pelea con su amiga Martina, el d\u00eda que se despidi\u00f3 de su familia y amigos para emprender un nuevo viaje con su amigo Telmo, la muerte de pap\u00e1, etc.<\/p>\n<p>Las encargadas de contar las historias de las arrugas en la piel ser\u00e1n Alicia Griffiths Turrillas (arpa), Irene Villar (flauta travesera) y Erkuden de Andr\u00e9s Imaz (actriz).<\/p>\n<p>Con este cuento concierto arranca la nueva programaci\u00f3n que la red civivox dedica a los m\u00e1s peque\u00f1os, denominado VoxTxikia, con toda una serie de actividades para que se inicien en el mundo de las artes esc\u00e9nicas desde distintos \u00e1mbitos. As\u00ed, entre otras propuestas, habr\u00e1 un laboratorio de m\u00fasica y arquitectura en civivox Condestable (domingo 4 de noviembre) y el espect\u00e1culo \u2018Malebable\u2019 en civivox Mendillorri (s\u00e1bado 10 de noviembre).<\/p>\n<p>En VoxTxikia se desarrollar\u00e1n sesiones did\u00e1cticas e innovadoras en civivox Mendillorri colaboraci\u00f3n con KunArte, el centro de innovaci\u00f3n esc\u00e9nica y peque\u00f1a infancia de teatro Para\u00edso de Vitoria. As\u00ed, se propone el espect\u00e1culo \u2018Conchas\u2019 (s\u00e1bado 17 de noviembre) y \u2018Viaje de una nube\u2019 (s\u00e1bado 24 de noviembre). Por su parte, Civivox Iturrama acoger\u00e1 cuentos kamishibai para beb\u00e9s (mi\u00e9rcoles 21 de noviembre) y charlas para\u00a0 los cuidados en la peque\u00f1a infancia en colaboraci\u00f3n con las Escuelas Infantiles Municipales (martes 30 de octubre y lunes 19 de noviembre), adem\u00e1s de un encuentro de arte y peque\u00f1a infancia (mi\u00e9rcoles 28 de noviembre).<\/p>\n<p>Tambi\u00e9n se ha programado una serie de talleres de pl\u00e1stica dirigidos a beb\u00e9s de 6 a 36 meses, un espacio para estimular los sentidos y despertar la capacidad de observar y fomentar la curiosidad. Los talleres se celebrar\u00e1n un s\u00e1bado al mes en civivox Ensanche. Adem\u00e1s, en civivox Mendillorri habr\u00e1 otra serie de talleres de creaci\u00f3n pl\u00e1stico-sonora para beb\u00e9s de 0 a 36 meses, que tambi\u00e9n se celebrar\u00e1n distintos s\u00e1bados pro la ma\u00f1ana, y en Iturrama, un taller de danza para beb\u00e9s.<\/p>\n<p>Asimismo, se va a lanzar un programa de libros para la peque\u00f1a infancia. En colaboraci\u00f3n con las bibliotecas de Iturrama y Yamaguchi, y de las Escuelas Infantiles Municipales de Pamplona, del 27 de octubre al 28 de noviembre habr\u00e1 una exposici\u00f3n y muestra de diferentes libros, revistas y publicaciones sobre literatura, arte, educaci\u00f3n, alimentaci\u00f3n, etc. destinados a la peque\u00f1a infancia y sus familias<\/p>\n<p>&nbsp;<\/p>\n","protected":false},"excerpt":{"rendered":"<p>Las entradas cuestan 3 euros y pueden adquirirse en el civivox o en www.pamplonaescultura.es<\/p>\n","protected":false},"author":1,"featured_media":19159,"comment_status":"open","ping_status":"closed","sticky":false,"template":"","format":"standard","meta":{"footnotes":""},"categories":[2],"tags":[],"class_list":["post-19158","post","type-post","status-publish","format-standard","has-post-thumbnail","hentry","category-ayuntamiento-pamplona"],"yoast_head":"<!-- This site is optimized with the Yoast SEO plugin v27.9 - https:\/\/yoast.com\/product\/yoast-seo-wordpress\/ -->\n<title>Un cuento-concierto sentar\u00e1 a los m\u00e1s peque\u00f1os en el escenario de Civivox Condestable este s\u00e1bado para vivir la historia \u2018Arrugas en la piel\u2019<\/title>\n<meta name=\"robots\" content=\"index, follow, max-snippet:-1, max-image-preview:large, max-video-preview:-1\" \/>\n<link rel=\"canonical\" href=\"https:\/\/www.laguiadepamplona.com\/actualidad\/un-cuento-concierto-sentara-a-los-mas-pequenos-en-el-escenario-de-civivox-condestable-este-sabado-para-vivir-la-historia-arrugas-en-la-piel\/\" \/>\n<meta property=\"og:locale\" content=\"es_ES\" \/>\n<meta property=\"og:type\" content=\"article\" \/>\n<meta property=\"og:title\" content=\"Un cuento-concierto sentar\u00e1 a los m\u00e1s peque\u00f1os en el escenario de Civivox Condestable este s\u00e1bado para vivir la historia \u2018Arrugas en la piel\u2019\" \/>\n<meta property=\"og:description\" content=\"Las entradas cuestan 3 euros y pueden adquirirse en el civivox o en www.pamplonaescultura.es\" \/>\n<meta property=\"og:url\" content=\"https:\/\/www.laguiadepamplona.com\/actualidad\/un-cuento-concierto-sentara-a-los-mas-pequenos-en-el-escenario-de-civivox-condestable-este-sabado-para-vivir-la-historia-arrugas-en-la-piel\/\" \/>\n<meta property=\"og:site_name\" content=\"La Gu\u00eda de Pamplona Noticias y actualidad\" \/>\n<meta property=\"article:publisher\" content=\"https:\/\/www.facebook.com\/laguiadepamplonacom-133175176762273\/?ref=hl\" \/>\n<meta property=\"article:published_time\" content=\"2018-10-25T09:52:45+00:00\" \/>\n<meta property=\"og:image\" content=\"https:\/\/www.laguiadepamplona.com\/actualidad\/wp-content\/uploads\/2018\/10\/18.10.25_cuento-concierto-civivox_Arrugas-en-la-piel.jpg\" \/>\n\t<meta property=\"og:image:width\" content=\"1000\" \/>\n\t<meta property=\"og:image:height\" content=\"667\" \/>\n\t<meta property=\"og:image:type\" content=\"image\/jpeg\" \/>\n<meta name=\"author\" content=\"La Gu\u00eda de Pamplona\" \/>\n<meta name=\"twitter:card\" content=\"summary_large_image\" \/>\n<meta name=\"twitter:creator\" content=\"@LaGuiadPamplona\" \/>\n<meta name=\"twitter:site\" content=\"@LaGuiadPamplona\" \/>\n<meta name=\"twitter:label1\" content=\"Escrito por\" \/>\n\t<meta name=\"twitter:data1\" content=\"La Gu\u00eda de Pamplona\" \/>\n\t<meta name=\"twitter:label2\" content=\"Tiempo de lectura\" \/>\n\t<meta name=\"twitter:data2\" content=\"3 minutos\" \/>\n<script type=\"application\/ld+json\" class=\"yoast-schema-graph\">{\"@context\":\"https:\\\/\\\/schema.org\",\"@graph\":[{\"@type\":\"Article\",\"@id\":\"https:\\\/\\\/www.laguiadepamplona.com\\\/actualidad\\\/un-cuento-concierto-sentara-a-los-mas-pequenos-en-el-escenario-de-civivox-condestable-este-sabado-para-vivir-la-historia-arrugas-en-la-piel\\\/#article\",\"isPartOf\":{\"@id\":\"https:\\\/\\\/www.laguiadepamplona.com\\\/actualidad\\\/un-cuento-concierto-sentara-a-los-mas-pequenos-en-el-escenario-de-civivox-condestable-este-sabado-para-vivir-la-historia-arrugas-en-la-piel\\\/\"},\"author\":{\"name\":\"La Gu\u00eda de Pamplona\",\"@id\":\"https:\\\/\\\/www.laguiadepamplona.com\\\/actualidad\\\/#\\\/schema\\\/person\\\/efe887376f0213d4657c93adc50b1fdb\"},\"headline\":\"Un cuento-concierto sentar\u00e1 a los m\u00e1s peque\u00f1os en el escenario de Civivox Condestable este s\u00e1bado para vivir la historia \u2018Arrugas en la piel\u2019\",\"datePublished\":\"2018-10-25T09:52:45+00:00\",\"mainEntityOfPage\":{\"@id\":\"https:\\\/\\\/www.laguiadepamplona.com\\\/actualidad\\\/un-cuento-concierto-sentara-a-los-mas-pequenos-en-el-escenario-de-civivox-condestable-este-sabado-para-vivir-la-historia-arrugas-en-la-piel\\\/\"},\"wordCount\":590,\"commentCount\":0,\"publisher\":{\"@id\":\"https:\\\/\\\/www.laguiadepamplona.com\\\/actualidad\\\/#organization\"},\"image\":{\"@id\":\"https:\\\/\\\/www.laguiadepamplona.com\\\/actualidad\\\/un-cuento-concierto-sentara-a-los-mas-pequenos-en-el-escenario-de-civivox-condestable-este-sabado-para-vivir-la-historia-arrugas-en-la-piel\\\/#primaryimage\"},\"thumbnailUrl\":\"https:\\\/\\\/www.laguiadepamplona.com\\\/actualidad\\\/wp-content\\\/uploads\\\/2018\\\/10\\\/18.10.25_cuento-concierto-civivox_Arrugas-en-la-piel.jpg\",\"articleSection\":[\"Ayto Pamplona\"],\"inLanguage\":\"es\",\"potentialAction\":[{\"@type\":\"CommentAction\",\"name\":\"Comment\",\"target\":[\"https:\\\/\\\/www.laguiadepamplona.com\\\/actualidad\\\/un-cuento-concierto-sentara-a-los-mas-pequenos-en-el-escenario-de-civivox-condestable-este-sabado-para-vivir-la-historia-arrugas-en-la-piel\\\/#respond\"]}]},{\"@type\":\"WebPage\",\"@id\":\"https:\\\/\\\/www.laguiadepamplona.com\\\/actualidad\\\/un-cuento-concierto-sentara-a-los-mas-pequenos-en-el-escenario-de-civivox-condestable-este-sabado-para-vivir-la-historia-arrugas-en-la-piel\\\/\",\"url\":\"https:\\\/\\\/www.laguiadepamplona.com\\\/actualidad\\\/un-cuento-concierto-sentara-a-los-mas-pequenos-en-el-escenario-de-civivox-condestable-este-sabado-para-vivir-la-historia-arrugas-en-la-piel\\\/\",\"name\":\"Un cuento-concierto sentar\u00e1 a los m\u00e1s peque\u00f1os en el escenario de Civivox Condestable este s\u00e1bado para vivir la historia \u2018Arrugas en la piel\u2019\",\"isPartOf\":{\"@id\":\"https:\\\/\\\/www.laguiadepamplona.com\\\/actualidad\\\/#website\"},\"primaryImageOfPage\":{\"@id\":\"https:\\\/\\\/www.laguiadepamplona.com\\\/actualidad\\\/un-cuento-concierto-sentara-a-los-mas-pequenos-en-el-escenario-de-civivox-condestable-este-sabado-para-vivir-la-historia-arrugas-en-la-piel\\\/#primaryimage\"},\"image\":{\"@id\":\"https:\\\/\\\/www.laguiadepamplona.com\\\/actualidad\\\/un-cuento-concierto-sentara-a-los-mas-pequenos-en-el-escenario-de-civivox-condestable-este-sabado-para-vivir-la-historia-arrugas-en-la-piel\\\/#primaryimage\"},\"thumbnailUrl\":\"https:\\\/\\\/www.laguiadepamplona.com\\\/actualidad\\\/wp-content\\\/uploads\\\/2018\\\/10\\\/18.10.25_cuento-concierto-civivox_Arrugas-en-la-piel.jpg\",\"datePublished\":\"2018-10-25T09:52:45+00:00\",\"breadcrumb\":{\"@id\":\"https:\\\/\\\/www.laguiadepamplona.com\\\/actualidad\\\/un-cuento-concierto-sentara-a-los-mas-pequenos-en-el-escenario-de-civivox-condestable-este-sabado-para-vivir-la-historia-arrugas-en-la-piel\\\/#breadcrumb\"},\"inLanguage\":\"es\",\"potentialAction\":[{\"@type\":\"ReadAction\",\"target\":[\"https:\\\/\\\/www.laguiadepamplona.com\\\/actualidad\\\/un-cuento-concierto-sentara-a-los-mas-pequenos-en-el-escenario-de-civivox-condestable-este-sabado-para-vivir-la-historia-arrugas-en-la-piel\\\/\"]}]},{\"@type\":\"ImageObject\",\"inLanguage\":\"es\",\"@id\":\"https:\\\/\\\/www.laguiadepamplona.com\\\/actualidad\\\/un-cuento-concierto-sentara-a-los-mas-pequenos-en-el-escenario-de-civivox-condestable-este-sabado-para-vivir-la-historia-arrugas-en-la-piel\\\/#primaryimage\",\"url\":\"https:\\\/\\\/www.laguiadepamplona.com\\\/actualidad\\\/wp-content\\\/uploads\\\/2018\\\/10\\\/18.10.25_cuento-concierto-civivox_Arrugas-en-la-piel.jpg\",\"contentUrl\":\"https:\\\/\\\/www.laguiadepamplona.com\\\/actualidad\\\/wp-content\\\/uploads\\\/2018\\\/10\\\/18.10.25_cuento-concierto-civivox_Arrugas-en-la-piel.jpg\",\"width\":1000,\"height\":667},{\"@type\":\"BreadcrumbList\",\"@id\":\"https:\\\/\\\/www.laguiadepamplona.com\\\/actualidad\\\/un-cuento-concierto-sentara-a-los-mas-pequenos-en-el-escenario-de-civivox-condestable-este-sabado-para-vivir-la-historia-arrugas-en-la-piel\\\/#breadcrumb\",\"itemListElement\":[{\"@type\":\"ListItem\",\"position\":1,\"name\":\"Portada\",\"item\":\"https:\\\/\\\/www.laguiadepamplona.com\\\/actualidad\\\/\"},{\"@type\":\"ListItem\",\"position\":2,\"name\":\"Un cuento-concierto sentar\u00e1 a los m\u00e1s peque\u00f1os en el escenario de Civivox Condestable este s\u00e1bado para vivir la historia \u2018Arrugas en la piel\u2019\"}]},{\"@type\":\"WebSite\",\"@id\":\"https:\\\/\\\/www.laguiadepamplona.com\\\/actualidad\\\/#website\",\"url\":\"https:\\\/\\\/www.laguiadepamplona.com\\\/actualidad\\\/\",\"name\":\"La gu\u00eda de Pamplona\",\"description\":\"Noticias de Pamplona\",\"publisher\":{\"@id\":\"https:\\\/\\\/www.laguiadepamplona.com\\\/actualidad\\\/#organization\"},\"potentialAction\":[{\"@type\":\"SearchAction\",\"target\":{\"@type\":\"EntryPoint\",\"urlTemplate\":\"https:\\\/\\\/www.laguiadepamplona.com\\\/actualidad\\\/?s={search_term_string}\"},\"query-input\":{\"@type\":\"PropertyValueSpecification\",\"valueRequired\":true,\"valueName\":\"search_term_string\"}}],\"inLanguage\":\"es\"},{\"@type\":\"Organization\",\"@id\":\"https:\\\/\\\/www.laguiadepamplona.com\\\/actualidad\\\/#organization\",\"name\":\"La Gu\u00eda de Pamplona \\\/ Noticias\",\"url\":\"https:\\\/\\\/www.laguiadepamplona.com\\\/actualidad\\\/\",\"logo\":{\"@type\":\"ImageObject\",\"inLanguage\":\"es\",\"@id\":\"https:\\\/\\\/www.laguiadepamplona.com\\\/actualidad\\\/#\\\/schema\\\/logo\\\/image\\\/\",\"url\":\"https:\\\/\\\/www.laguiadepamplona.com\\\/actualidad\\\/wp-content\\\/uploads\\\/2018\\\/11\\\/logo-laguiadepamplona18-web1.png\",\"contentUrl\":\"https:\\\/\\\/www.laguiadepamplona.com\\\/actualidad\\\/wp-content\\\/uploads\\\/2018\\\/11\\\/logo-laguiadepamplona18-web1.png\",\"width\":600,\"height\":196,\"caption\":\"La Gu\u00eda de Pamplona \\\/ Noticias\"},\"image\":{\"@id\":\"https:\\\/\\\/www.laguiadepamplona.com\\\/actualidad\\\/#\\\/schema\\\/logo\\\/image\\\/\"},\"sameAs\":[\"https:\\\/\\\/www.facebook.com\\\/laguiadepamplonacom-133175176762273\\\/?ref=hl\",\"https:\\\/\\\/x.com\\\/LaGuiadPamplona\",\"https:\\\/\\\/www.instagram.com\\\/la_guia_de_pamplona\\\/\",\"https:\\\/\\\/www.youtube.com\\\/user\\\/laguiadepamplona\"]},{\"@type\":\"Person\",\"@id\":\"https:\\\/\\\/www.laguiadepamplona.com\\\/actualidad\\\/#\\\/schema\\\/person\\\/efe887376f0213d4657c93adc50b1fdb\",\"name\":\"La Gu\u00eda de Pamplona\",\"image\":{\"@type\":\"ImageObject\",\"inLanguage\":\"es\",\"@id\":\"https:\\\/\\\/secure.gravatar.com\\\/avatar\\\/b6992f131dc8d30ab0dff15446e9d346d9dbd95992de0fef795073f5ea83a81c?s=96&d=mm&r=g\",\"url\":\"https:\\\/\\\/secure.gravatar.com\\\/avatar\\\/b6992f131dc8d30ab0dff15446e9d346d9dbd95992de0fef795073f5ea83a81c?s=96&d=mm&r=g\",\"contentUrl\":\"https:\\\/\\\/secure.gravatar.com\\\/avatar\\\/b6992f131dc8d30ab0dff15446e9d346d9dbd95992de0fef795073f5ea83a81c?s=96&d=mm&r=g\",\"caption\":\"La Gu\u00eda de Pamplona\"}}]}<\/script>\n<!-- \/ Yoast SEO plugin. -->","yoast_head_json":{"title":"Un cuento-concierto sentar\u00e1 a los m\u00e1s peque\u00f1os en el escenario de Civivox Condestable este s\u00e1bado para vivir la historia \u2018Arrugas en la piel\u2019","robots":{"index":"index","follow":"follow","max-snippet":"max-snippet:-1","max-image-preview":"max-image-preview:large","max-video-preview":"max-video-preview:-1"},"canonical":"https:\/\/www.laguiadepamplona.com\/actualidad\/un-cuento-concierto-sentara-a-los-mas-pequenos-en-el-escenario-de-civivox-condestable-este-sabado-para-vivir-la-historia-arrugas-en-la-piel\/","og_locale":"es_ES","og_type":"article","og_title":"Un cuento-concierto sentar\u00e1 a los m\u00e1s peque\u00f1os en el escenario de Civivox Condestable este s\u00e1bado para vivir la historia \u2018Arrugas en la piel\u2019","og_description":"Las entradas cuestan 3 euros y pueden adquirirse en el civivox o en www.pamplonaescultura.es","og_url":"https:\/\/www.laguiadepamplona.com\/actualidad\/un-cuento-concierto-sentara-a-los-mas-pequenos-en-el-escenario-de-civivox-condestable-este-sabado-para-vivir-la-historia-arrugas-en-la-piel\/","og_site_name":"La Gu\u00eda de Pamplona Noticias y actualidad","article_publisher":"https:\/\/www.facebook.com\/laguiadepamplonacom-133175176762273\/?ref=hl","article_published_time":"2018-10-25T09:52:45+00:00","og_image":[{"width":1000,"height":667,"url":"https:\/\/www.laguiadepamplona.com\/actualidad\/wp-content\/uploads\/2018\/10\/18.10.25_cuento-concierto-civivox_Arrugas-en-la-piel.jpg","type":"image\/jpeg"}],"author":"La Gu\u00eda de Pamplona","twitter_card":"summary_large_image","twitter_creator":"@LaGuiadPamplona","twitter_site":"@LaGuiadPamplona","twitter_misc":{"Escrito por":"La Gu\u00eda de Pamplona","Tiempo de lectura":"3 minutos"},"schema":{"@context":"https:\/\/schema.org","@graph":[{"@type":"Article","@id":"https:\/\/www.laguiadepamplona.com\/actualidad\/un-cuento-concierto-sentara-a-los-mas-pequenos-en-el-escenario-de-civivox-condestable-este-sabado-para-vivir-la-historia-arrugas-en-la-piel\/#article","isPartOf":{"@id":"https:\/\/www.laguiadepamplona.com\/actualidad\/un-cuento-concierto-sentara-a-los-mas-pequenos-en-el-escenario-de-civivox-condestable-este-sabado-para-vivir-la-historia-arrugas-en-la-piel\/"},"author":{"name":"La Gu\u00eda de Pamplona","@id":"https:\/\/www.laguiadepamplona.com\/actualidad\/#\/schema\/person\/efe887376f0213d4657c93adc50b1fdb"},"headline":"Un cuento-concierto sentar\u00e1 a los m\u00e1s peque\u00f1os en el escenario de Civivox Condestable este s\u00e1bado para vivir la historia \u2018Arrugas en la piel\u2019","datePublished":"2018-10-25T09:52:45+00:00","mainEntityOfPage":{"@id":"https:\/\/www.laguiadepamplona.com\/actualidad\/un-cuento-concierto-sentara-a-los-mas-pequenos-en-el-escenario-de-civivox-condestable-este-sabado-para-vivir-la-historia-arrugas-en-la-piel\/"},"wordCount":590,"commentCount":0,"publisher":{"@id":"https:\/\/www.laguiadepamplona.com\/actualidad\/#organization"},"image":{"@id":"https:\/\/www.laguiadepamplona.com\/actualidad\/un-cuento-concierto-sentara-a-los-mas-pequenos-en-el-escenario-de-civivox-condestable-este-sabado-para-vivir-la-historia-arrugas-en-la-piel\/#primaryimage"},"thumbnailUrl":"https:\/\/www.laguiadepamplona.com\/actualidad\/wp-content\/uploads\/2018\/10\/18.10.25_cuento-concierto-civivox_Arrugas-en-la-piel.jpg","articleSection":["Ayto Pamplona"],"inLanguage":"es","potentialAction":[{"@type":"CommentAction","name":"Comment","target":["https:\/\/www.laguiadepamplona.com\/actualidad\/un-cuento-concierto-sentara-a-los-mas-pequenos-en-el-escenario-de-civivox-condestable-este-sabado-para-vivir-la-historia-arrugas-en-la-piel\/#respond"]}]},{"@type":"WebPage","@id":"https:\/\/www.laguiadepamplona.com\/actualidad\/un-cuento-concierto-sentara-a-los-mas-pequenos-en-el-escenario-de-civivox-condestable-este-sabado-para-vivir-la-historia-arrugas-en-la-piel\/","url":"https:\/\/www.laguiadepamplona.com\/actualidad\/un-cuento-concierto-sentara-a-los-mas-pequenos-en-el-escenario-de-civivox-condestable-este-sabado-para-vivir-la-historia-arrugas-en-la-piel\/","name":"Un cuento-concierto sentar\u00e1 a los m\u00e1s peque\u00f1os en el escenario de Civivox Condestable este s\u00e1bado para vivir la historia \u2018Arrugas en la piel\u2019","isPartOf":{"@id":"https:\/\/www.laguiadepamplona.com\/actualidad\/#website"},"primaryImageOfPage":{"@id":"https:\/\/www.laguiadepamplona.com\/actualidad\/un-cuento-concierto-sentara-a-los-mas-pequenos-en-el-escenario-de-civivox-condestable-este-sabado-para-vivir-la-historia-arrugas-en-la-piel\/#primaryimage"},"image":{"@id":"https:\/\/www.laguiadepamplona.com\/actualidad\/un-cuento-concierto-sentara-a-los-mas-pequenos-en-el-escenario-de-civivox-condestable-este-sabado-para-vivir-la-historia-arrugas-en-la-piel\/#primaryimage"},"thumbnailUrl":"https:\/\/www.laguiadepamplona.com\/actualidad\/wp-content\/uploads\/2018\/10\/18.10.25_cuento-concierto-civivox_Arrugas-en-la-piel.jpg","datePublished":"2018-10-25T09:52:45+00:00","breadcrumb":{"@id":"https:\/\/www.laguiadepamplona.com\/actualidad\/un-cuento-concierto-sentara-a-los-mas-pequenos-en-el-escenario-de-civivox-condestable-este-sabado-para-vivir-la-historia-arrugas-en-la-piel\/#breadcrumb"},"inLanguage":"es","potentialAction":[{"@type":"ReadAction","target":["https:\/\/www.laguiadepamplona.com\/actualidad\/un-cuento-concierto-sentara-a-los-mas-pequenos-en-el-escenario-de-civivox-condestable-este-sabado-para-vivir-la-historia-arrugas-en-la-piel\/"]}]},{"@type":"ImageObject","inLanguage":"es","@id":"https:\/\/www.laguiadepamplona.com\/actualidad\/un-cuento-concierto-sentara-a-los-mas-pequenos-en-el-escenario-de-civivox-condestable-este-sabado-para-vivir-la-historia-arrugas-en-la-piel\/#primaryimage","url":"https:\/\/www.laguiadepamplona.com\/actualidad\/wp-content\/uploads\/2018\/10\/18.10.25_cuento-concierto-civivox_Arrugas-en-la-piel.jpg","contentUrl":"https:\/\/www.laguiadepamplona.com\/actualidad\/wp-content\/uploads\/2018\/10\/18.10.25_cuento-concierto-civivox_Arrugas-en-la-piel.jpg","width":1000,"height":667},{"@type":"BreadcrumbList","@id":"https:\/\/www.laguiadepamplona.com\/actualidad\/un-cuento-concierto-sentara-a-los-mas-pequenos-en-el-escenario-de-civivox-condestable-este-sabado-para-vivir-la-historia-arrugas-en-la-piel\/#breadcrumb","itemListElement":[{"@type":"ListItem","position":1,"name":"Portada","item":"https:\/\/www.laguiadepamplona.com\/actualidad\/"},{"@type":"ListItem","position":2,"name":"Un cuento-concierto sentar\u00e1 a los m\u00e1s peque\u00f1os en el escenario de Civivox Condestable este s\u00e1bado para vivir la historia \u2018Arrugas en la piel\u2019"}]},{"@type":"WebSite","@id":"https:\/\/www.laguiadepamplona.com\/actualidad\/#website","url":"https:\/\/www.laguiadepamplona.com\/actualidad\/","name":"La gu\u00eda de Pamplona","description":"Noticias de Pamplona","publisher":{"@id":"https:\/\/www.laguiadepamplona.com\/actualidad\/#organization"},"potentialAction":[{"@type":"SearchAction","target":{"@type":"EntryPoint","urlTemplate":"https:\/\/www.laguiadepamplona.com\/actualidad\/?s={search_term_string}"},"query-input":{"@type":"PropertyValueSpecification","valueRequired":true,"valueName":"search_term_string"}}],"inLanguage":"es"},{"@type":"Organization","@id":"https:\/\/www.laguiadepamplona.com\/actualidad\/#organization","name":"La Gu\u00eda de Pamplona \/ Noticias","url":"https:\/\/www.laguiadepamplona.com\/actualidad\/","logo":{"@type":"ImageObject","inLanguage":"es","@id":"https:\/\/www.laguiadepamplona.com\/actualidad\/#\/schema\/logo\/image\/","url":"https:\/\/www.laguiadepamplona.com\/actualidad\/wp-content\/uploads\/2018\/11\/logo-laguiadepamplona18-web1.png","contentUrl":"https:\/\/www.laguiadepamplona.com\/actualidad\/wp-content\/uploads\/2018\/11\/logo-laguiadepamplona18-web1.png","width":600,"height":196,"caption":"La Gu\u00eda de Pamplona \/ Noticias"},"image":{"@id":"https:\/\/www.laguiadepamplona.com\/actualidad\/#\/schema\/logo\/image\/"},"sameAs":["https:\/\/www.facebook.com\/laguiadepamplonacom-133175176762273\/?ref=hl","https:\/\/x.com\/LaGuiadPamplona","https:\/\/www.instagram.com\/la_guia_de_pamplona\/","https:\/\/www.youtube.com\/user\/laguiadepamplona"]},{"@type":"Person","@id":"https:\/\/www.laguiadepamplona.com\/actualidad\/#\/schema\/person\/efe887376f0213d4657c93adc50b1fdb","name":"La Gu\u00eda de Pamplona","image":{"@type":"ImageObject","inLanguage":"es","@id":"https:\/\/secure.gravatar.com\/avatar\/b6992f131dc8d30ab0dff15446e9d346d9dbd95992de0fef795073f5ea83a81c?s=96&d=mm&r=g","url":"https:\/\/secure.gravatar.com\/avatar\/b6992f131dc8d30ab0dff15446e9d346d9dbd95992de0fef795073f5ea83a81c?s=96&d=mm&r=g","contentUrl":"https:\/\/secure.gravatar.com\/avatar\/b6992f131dc8d30ab0dff15446e9d346d9dbd95992de0fef795073f5ea83a81c?s=96&d=mm&r=g","caption":"La Gu\u00eda de Pamplona"}}]}},"post_mailing_queue_ids":[],"_links":{"self":[{"href":"https:\/\/www.laguiadepamplona.com\/actualidad\/wp-json\/wp\/v2\/posts\/19158","targetHints":{"allow":["GET"]}}],"collection":[{"href":"https:\/\/www.laguiadepamplona.com\/actualidad\/wp-json\/wp\/v2\/posts"}],"about":[{"href":"https:\/\/www.laguiadepamplona.com\/actualidad\/wp-json\/wp\/v2\/types\/post"}],"author":[{"embeddable":true,"href":"https:\/\/www.laguiadepamplona.com\/actualidad\/wp-json\/wp\/v2\/users\/1"}],"replies":[{"embeddable":true,"href":"https:\/\/www.laguiadepamplona.com\/actualidad\/wp-json\/wp\/v2\/comments?post=19158"}],"version-history":[{"count":0,"href":"https:\/\/www.laguiadepamplona.com\/actualidad\/wp-json\/wp\/v2\/posts\/19158\/revisions"}],"wp:featuredmedia":[{"embeddable":true,"href":"https:\/\/www.laguiadepamplona.com\/actualidad\/wp-json\/wp\/v2\/media\/19159"}],"wp:attachment":[{"href":"https:\/\/www.laguiadepamplona.com\/actualidad\/wp-json\/wp\/v2\/media?parent=19158"}],"wp:term":[{"taxonomy":"category","embeddable":true,"href":"https:\/\/www.laguiadepamplona.com\/actualidad\/wp-json\/wp\/v2\/categories?post=19158"},{"taxonomy":"post_tag","embeddable":true,"href":"https:\/\/www.laguiadepamplona.com\/actualidad\/wp-json\/wp\/v2\/tags?post=19158"}],"curies":[{"name":"wp","href":"https:\/\/api.w.org\/{rel}","templated":true}]}}