{"id":19141,"date":"2018-10-24T13:38:19","date_gmt":"2018-10-24T11:38:19","guid":{"rendered":"https:\/\/www.laguiadepamplona.es\/actualidad\/?p=19141"},"modified":"2018-10-24T16:04:35","modified_gmt":"2018-10-24T14:04:35","slug":"el-ayuntamiento-pone-en-marcha-el-procedimiento-para-personarse-como-acusacion-particular-en-la-instruccion-del-caso-por-la-muerte-de-la-vecina-de-pamplona-por-presunta-violencia-de-genero","status":"publish","type":"post","link":"https:\/\/www.laguiadepamplona.com\/actualidad\/el-ayuntamiento-pone-en-marcha-el-procedimiento-para-personarse-como-acusacion-particular-en-la-instruccion-del-caso-por-la-muerte-de-la-vecina-de-pamplona-por-presunta-violencia-de-genero\/","title":{"rendered":"El Ayuntamiento pone en marcha el procedimiento para personarse como acusaci\u00f3n particular en la instrucci\u00f3n del caso por la muerte de la vecina de Pamplona por presunta violencia de g\u00e9nero"},"content":{"rendered":"<p class=\"Textonota\"><!--more--><\/p>\n<p class=\"Textonota\">El Ayuntamiento de Pamplona se personar\u00e1 como Acusaci\u00f3n popular desde la fase de instrucci\u00f3n en el procedimiento judicial por la muerte de Yolanda Ja\u00e9n G\u00f3mez, vecina del municipio de Pamplona, en un suceso que tuvo lugar el 23 de octubre en el n\u00famero 55 de la calle Mayor. La Juez de Violencia sobre la Mujer de Pamplona envi\u00f3 el lunes preventivamente a prisi\u00f3n a un hombre acusado un delito de homicidio o asesinato en grado de tentativa, aunque tras haber fallecido ayer, de tentativa pas\u00f3 a consumado.<\/p>\n<p class=\"Textonota\">Los servicios jur\u00eddicos del Ayuntamiento de Pamplona est\u00e1n llevando acabo las acciones legales oportunas para pedir ante el Juzgado de Instrucci\u00f3n de Violencia de G\u00e9nero de Pamplona la personaci\u00f3n que habilitar\u00e1 al Consistorio para solicitar el acuerdo de medidas cautelares o la pr\u00e1ctica de prueba, entre otras, y, posteriormente, le permitir\u00e1 participar como acusaci\u00f3n en la posible vista oral.<\/p>\n<p class=\"Textonota\">El Ayuntamiento quiere reiterar ante la ciudadan\u00eda un mensaje claro de tolerancia cero frente a la violencia sexista e insistir en la necesidad de denunciar este tipo de comportamientos e implicarse de manera activa en su erradicaci\u00f3n. Desde ese punto de vista objetivo final del trabajo del Consistorio es erradicar este tipo de comportamientos en la ciudad y convertir a Pamplona en una ciudad referente a todos los niveles en la lucha contra las agresiones contra las mujeres.<\/p>\n","protected":false},"excerpt":{"rendered":"","protected":false},"author":1,"featured_media":17600,"comment_status":"open","ping_status":"closed","sticky":false,"template":"","format":"standard","meta":{"footnotes":""},"categories":[2],"tags":[],"class_list":["post-19141","post","type-post","status-publish","format-standard","has-post-thumbnail","hentry","category-ayuntamiento-pamplona"],"yoast_head":"<!-- This site is optimized with the Yoast SEO plugin v27.9 - https:\/\/yoast.com\/product\/yoast-seo-wordpress\/ -->\n<title>El Ayuntamiento pone en marcha el procedimiento para personarse como acusaci\u00f3n particular en la instrucci\u00f3n del caso por la muerte de la vecina de Pamplona por presunta violencia de g\u00e9nero<\/title>\n<meta name=\"robots\" content=\"index, follow, max-snippet:-1, max-image-preview:large, max-video-preview:-1\" \/>\n<link rel=\"canonical\" href=\"https:\/\/www.laguiadepamplona.com\/actualidad\/el-ayuntamiento-pone-en-marcha-el-procedimiento-para-personarse-como-acusacion-particular-en-la-instruccion-del-caso-por-la-muerte-de-la-vecina-de-pamplona-por-presunta-violencia-de-genero\/\" \/>\n<meta property=\"og:locale\" content=\"es_ES\" \/>\n<meta property=\"og:type\" content=\"article\" \/>\n<meta property=\"og:title\" content=\"El Ayuntamiento pone en marcha el procedimiento para personarse como acusaci\u00f3n particular en la instrucci\u00f3n del caso por la muerte de la vecina de Pamplona por presunta violencia de g\u00e9nero\" \/>\n<meta property=\"og:url\" content=\"https:\/\/www.laguiadepamplona.com\/actualidad\/el-ayuntamiento-pone-en-marcha-el-procedimiento-para-personarse-como-acusacion-particular-en-la-instruccion-del-caso-por-la-muerte-de-la-vecina-de-pamplona-por-presunta-violencia-de-genero\/\" \/>\n<meta property=\"og:site_name\" content=\"La Gu\u00eda de Pamplona Noticias y actualidad\" \/>\n<meta property=\"article:publisher\" content=\"https:\/\/www.facebook.com\/laguiadepamplonacom-133175176762273\/?ref=hl\" \/>\n<meta property=\"article:published_time\" content=\"2018-10-24T11:38:19+00:00\" \/>\n<meta property=\"article:modified_time\" content=\"2018-10-24T14:04:35+00:00\" \/>\n<meta property=\"og:image\" content=\"https:\/\/www.laguiadepamplona.com\/actualidad\/wp-content\/uploads\/2018\/05\/ayto-pamplona-3.jpg\" \/>\n\t<meta property=\"og:image:width\" content=\"1000\" \/>\n\t<meta property=\"og:image:height\" content=\"555\" \/>\n\t<meta property=\"og:image:type\" content=\"image\/jpeg\" \/>\n<meta name=\"author\" content=\"La Gu\u00eda de Pamplona\" \/>\n<meta name=\"twitter:card\" content=\"summary_large_image\" \/>\n<meta name=\"twitter:creator\" content=\"@LaGuiadPamplona\" \/>\n<meta name=\"twitter:site\" content=\"@LaGuiadPamplona\" \/>\n<meta name=\"twitter:label1\" content=\"Escrito por\" \/>\n\t<meta name=\"twitter:data1\" content=\"La Gu\u00eda de Pamplona\" \/>\n\t<meta name=\"twitter:label2\" content=\"Tiempo de lectura\" \/>\n\t<meta name=\"twitter:data2\" content=\"1 minuto\" \/>\n<script type=\"application\/ld+json\" class=\"yoast-schema-graph\">{\"@context\":\"https:\\\/\\\/schema.org\",\"@graph\":[{\"@type\":\"Article\",\"@id\":\"https:\\\/\\\/www.laguiadepamplona.com\\\/actualidad\\\/el-ayuntamiento-pone-en-marcha-el-procedimiento-para-personarse-como-acusacion-particular-en-la-instruccion-del-caso-por-la-muerte-de-la-vecina-de-pamplona-por-presunta-violencia-de-genero\\\/#article\",\"isPartOf\":{\"@id\":\"https:\\\/\\\/www.laguiadepamplona.com\\\/actualidad\\\/el-ayuntamiento-pone-en-marcha-el-procedimiento-para-personarse-como-acusacion-particular-en-la-instruccion-del-caso-por-la-muerte-de-la-vecina-de-pamplona-por-presunta-violencia-de-genero\\\/\"},\"author\":{\"name\":\"La Gu\u00eda de Pamplona\",\"@id\":\"https:\\\/\\\/www.laguiadepamplona.com\\\/actualidad\\\/#\\\/schema\\\/person\\\/efe887376f0213d4657c93adc50b1fdb\"},\"headline\":\"El Ayuntamiento pone en marcha el procedimiento para personarse como acusaci\u00f3n particular en la instrucci\u00f3n del caso por la muerte de la vecina de Pamplona por presunta violencia de g\u00e9nero\",\"datePublished\":\"2018-10-24T11:38:19+00:00\",\"dateModified\":\"2018-10-24T14:04:35+00:00\",\"mainEntityOfPage\":{\"@id\":\"https:\\\/\\\/www.laguiadepamplona.com\\\/actualidad\\\/el-ayuntamiento-pone-en-marcha-el-procedimiento-para-personarse-como-acusacion-particular-en-la-instruccion-del-caso-por-la-muerte-de-la-vecina-de-pamplona-por-presunta-violencia-de-genero\\\/\"},\"wordCount\":270,\"commentCount\":0,\"publisher\":{\"@id\":\"https:\\\/\\\/www.laguiadepamplona.com\\\/actualidad\\\/#organization\"},\"image\":{\"@id\":\"https:\\\/\\\/www.laguiadepamplona.com\\\/actualidad\\\/el-ayuntamiento-pone-en-marcha-el-procedimiento-para-personarse-como-acusacion-particular-en-la-instruccion-del-caso-por-la-muerte-de-la-vecina-de-pamplona-por-presunta-violencia-de-genero\\\/#primaryimage\"},\"thumbnailUrl\":\"https:\\\/\\\/www.laguiadepamplona.com\\\/actualidad\\\/wp-content\\\/uploads\\\/2018\\\/05\\\/ayto-pamplona-3.jpg\",\"articleSection\":[\"Ayto Pamplona\"],\"inLanguage\":\"es\",\"potentialAction\":[{\"@type\":\"CommentAction\",\"name\":\"Comment\",\"target\":[\"https:\\\/\\\/www.laguiadepamplona.com\\\/actualidad\\\/el-ayuntamiento-pone-en-marcha-el-procedimiento-para-personarse-como-acusacion-particular-en-la-instruccion-del-caso-por-la-muerte-de-la-vecina-de-pamplona-por-presunta-violencia-de-genero\\\/#respond\"]}]},{\"@type\":\"WebPage\",\"@id\":\"https:\\\/\\\/www.laguiadepamplona.com\\\/actualidad\\\/el-ayuntamiento-pone-en-marcha-el-procedimiento-para-personarse-como-acusacion-particular-en-la-instruccion-del-caso-por-la-muerte-de-la-vecina-de-pamplona-por-presunta-violencia-de-genero\\\/\",\"url\":\"https:\\\/\\\/www.laguiadepamplona.com\\\/actualidad\\\/el-ayuntamiento-pone-en-marcha-el-procedimiento-para-personarse-como-acusacion-particular-en-la-instruccion-del-caso-por-la-muerte-de-la-vecina-de-pamplona-por-presunta-violencia-de-genero\\\/\",\"name\":\"El Ayuntamiento pone en marcha el procedimiento para personarse como acusaci\u00f3n particular en la instrucci\u00f3n del caso por la muerte de la vecina de Pamplona por presunta violencia de g\u00e9nero\",\"isPartOf\":{\"@id\":\"https:\\\/\\\/www.laguiadepamplona.com\\\/actualidad\\\/#website\"},\"primaryImageOfPage\":{\"@id\":\"https:\\\/\\\/www.laguiadepamplona.com\\\/actualidad\\\/el-ayuntamiento-pone-en-marcha-el-procedimiento-para-personarse-como-acusacion-particular-en-la-instruccion-del-caso-por-la-muerte-de-la-vecina-de-pamplona-por-presunta-violencia-de-genero\\\/#primaryimage\"},\"image\":{\"@id\":\"https:\\\/\\\/www.laguiadepamplona.com\\\/actualidad\\\/el-ayuntamiento-pone-en-marcha-el-procedimiento-para-personarse-como-acusacion-particular-en-la-instruccion-del-caso-por-la-muerte-de-la-vecina-de-pamplona-por-presunta-violencia-de-genero\\\/#primaryimage\"},\"thumbnailUrl\":\"https:\\\/\\\/www.laguiadepamplona.com\\\/actualidad\\\/wp-content\\\/uploads\\\/2018\\\/05\\\/ayto-pamplona-3.jpg\",\"datePublished\":\"2018-10-24T11:38:19+00:00\",\"dateModified\":\"2018-10-24T14:04:35+00:00\",\"breadcrumb\":{\"@id\":\"https:\\\/\\\/www.laguiadepamplona.com\\\/actualidad\\\/el-ayuntamiento-pone-en-marcha-el-procedimiento-para-personarse-como-acusacion-particular-en-la-instruccion-del-caso-por-la-muerte-de-la-vecina-de-pamplona-por-presunta-violencia-de-genero\\\/#breadcrumb\"},\"inLanguage\":\"es\",\"potentialAction\":[{\"@type\":\"ReadAction\",\"target\":[\"https:\\\/\\\/www.laguiadepamplona.com\\\/actualidad\\\/el-ayuntamiento-pone-en-marcha-el-procedimiento-para-personarse-como-acusacion-particular-en-la-instruccion-del-caso-por-la-muerte-de-la-vecina-de-pamplona-por-presunta-violencia-de-genero\\\/\"]}]},{\"@type\":\"ImageObject\",\"inLanguage\":\"es\",\"@id\":\"https:\\\/\\\/www.laguiadepamplona.com\\\/actualidad\\\/el-ayuntamiento-pone-en-marcha-el-procedimiento-para-personarse-como-acusacion-particular-en-la-instruccion-del-caso-por-la-muerte-de-la-vecina-de-pamplona-por-presunta-violencia-de-genero\\\/#primaryimage\",\"url\":\"https:\\\/\\\/www.laguiadepamplona.com\\\/actualidad\\\/wp-content\\\/uploads\\\/2018\\\/05\\\/ayto-pamplona-3.jpg\",\"contentUrl\":\"https:\\\/\\\/www.laguiadepamplona.com\\\/actualidad\\\/wp-content\\\/uploads\\\/2018\\\/05\\\/ayto-pamplona-3.jpg\",\"width\":1000,\"height\":555},{\"@type\":\"BreadcrumbList\",\"@id\":\"https:\\\/\\\/www.laguiadepamplona.com\\\/actualidad\\\/el-ayuntamiento-pone-en-marcha-el-procedimiento-para-personarse-como-acusacion-particular-en-la-instruccion-del-caso-por-la-muerte-de-la-vecina-de-pamplona-por-presunta-violencia-de-genero\\\/#breadcrumb\",\"itemListElement\":[{\"@type\":\"ListItem\",\"position\":1,\"name\":\"Portada\",\"item\":\"https:\\\/\\\/www.laguiadepamplona.com\\\/actualidad\\\/\"},{\"@type\":\"ListItem\",\"position\":2,\"name\":\"El Ayuntamiento pone en marcha el procedimiento para personarse como acusaci\u00f3n particular en la instrucci\u00f3n del caso por la muerte de la vecina de Pamplona por presunta violencia de g\u00e9nero\"}]},{\"@type\":\"WebSite\",\"@id\":\"https:\\\/\\\/www.laguiadepamplona.com\\\/actualidad\\\/#website\",\"url\":\"https:\\\/\\\/www.laguiadepamplona.com\\\/actualidad\\\/\",\"name\":\"La gu\u00eda de Pamplona\",\"description\":\"Noticias de Pamplona\",\"publisher\":{\"@id\":\"https:\\\/\\\/www.laguiadepamplona.com\\\/actualidad\\\/#organization\"},\"potentialAction\":[{\"@type\":\"SearchAction\",\"target\":{\"@type\":\"EntryPoint\",\"urlTemplate\":\"https:\\\/\\\/www.laguiadepamplona.com\\\/actualidad\\\/?s={search_term_string}\"},\"query-input\":{\"@type\":\"PropertyValueSpecification\",\"valueRequired\":true,\"valueName\":\"search_term_string\"}}],\"inLanguage\":\"es\"},{\"@type\":\"Organization\",\"@id\":\"https:\\\/\\\/www.laguiadepamplona.com\\\/actualidad\\\/#organization\",\"name\":\"La Gu\u00eda de Pamplona \\\/ Noticias\",\"url\":\"https:\\\/\\\/www.laguiadepamplona.com\\\/actualidad\\\/\",\"logo\":{\"@type\":\"ImageObject\",\"inLanguage\":\"es\",\"@id\":\"https:\\\/\\\/www.laguiadepamplona.com\\\/actualidad\\\/#\\\/schema\\\/logo\\\/image\\\/\",\"url\":\"https:\\\/\\\/www.laguiadepamplona.com\\\/actualidad\\\/wp-content\\\/uploads\\\/2018\\\/11\\\/logo-laguiadepamplona18-web1.png\",\"contentUrl\":\"https:\\\/\\\/www.laguiadepamplona.com\\\/actualidad\\\/wp-content\\\/uploads\\\/2018\\\/11\\\/logo-laguiadepamplona18-web1.png\",\"width\":600,\"height\":196,\"caption\":\"La Gu\u00eda de Pamplona \\\/ Noticias\"},\"image\":{\"@id\":\"https:\\\/\\\/www.laguiadepamplona.com\\\/actualidad\\\/#\\\/schema\\\/logo\\\/image\\\/\"},\"sameAs\":[\"https:\\\/\\\/www.facebook.com\\\/laguiadepamplonacom-133175176762273\\\/?ref=hl\",\"https:\\\/\\\/x.com\\\/LaGuiadPamplona\",\"https:\\\/\\\/www.instagram.com\\\/la_guia_de_pamplona\\\/\",\"https:\\\/\\\/www.youtube.com\\\/user\\\/laguiadepamplona\"]},{\"@type\":\"Person\",\"@id\":\"https:\\\/\\\/www.laguiadepamplona.com\\\/actualidad\\\/#\\\/schema\\\/person\\\/efe887376f0213d4657c93adc50b1fdb\",\"name\":\"La Gu\u00eda de Pamplona\",\"image\":{\"@type\":\"ImageObject\",\"inLanguage\":\"es\",\"@id\":\"https:\\\/\\\/secure.gravatar.com\\\/avatar\\\/b6992f131dc8d30ab0dff15446e9d346d9dbd95992de0fef795073f5ea83a81c?s=96&d=mm&r=g\",\"url\":\"https:\\\/\\\/secure.gravatar.com\\\/avatar\\\/b6992f131dc8d30ab0dff15446e9d346d9dbd95992de0fef795073f5ea83a81c?s=96&d=mm&r=g\",\"contentUrl\":\"https:\\\/\\\/secure.gravatar.com\\\/avatar\\\/b6992f131dc8d30ab0dff15446e9d346d9dbd95992de0fef795073f5ea83a81c?s=96&d=mm&r=g\",\"caption\":\"La Gu\u00eda de Pamplona\"}}]}<\/script>\n<!-- \/ Yoast SEO plugin. -->","yoast_head_json":{"title":"El Ayuntamiento pone en marcha el procedimiento para personarse como acusaci\u00f3n particular en la instrucci\u00f3n del caso por la muerte de la vecina de Pamplona por presunta violencia de g\u00e9nero","robots":{"index":"index","follow":"follow","max-snippet":"max-snippet:-1","max-image-preview":"max-image-preview:large","max-video-preview":"max-video-preview:-1"},"canonical":"https:\/\/www.laguiadepamplona.com\/actualidad\/el-ayuntamiento-pone-en-marcha-el-procedimiento-para-personarse-como-acusacion-particular-en-la-instruccion-del-caso-por-la-muerte-de-la-vecina-de-pamplona-por-presunta-violencia-de-genero\/","og_locale":"es_ES","og_type":"article","og_title":"El Ayuntamiento pone en marcha el procedimiento para personarse como acusaci\u00f3n particular en la instrucci\u00f3n del caso por la muerte de la vecina de Pamplona por presunta violencia de g\u00e9nero","og_url":"https:\/\/www.laguiadepamplona.com\/actualidad\/el-ayuntamiento-pone-en-marcha-el-procedimiento-para-personarse-como-acusacion-particular-en-la-instruccion-del-caso-por-la-muerte-de-la-vecina-de-pamplona-por-presunta-violencia-de-genero\/","og_site_name":"La Gu\u00eda de Pamplona Noticias y actualidad","article_publisher":"https:\/\/www.facebook.com\/laguiadepamplonacom-133175176762273\/?ref=hl","article_published_time":"2018-10-24T11:38:19+00:00","article_modified_time":"2018-10-24T14:04:35+00:00","og_image":[{"width":1000,"height":555,"url":"https:\/\/www.laguiadepamplona.com\/actualidad\/wp-content\/uploads\/2018\/05\/ayto-pamplona-3.jpg","type":"image\/jpeg"}],"author":"La Gu\u00eda de Pamplona","twitter_card":"summary_large_image","twitter_creator":"@LaGuiadPamplona","twitter_site":"@LaGuiadPamplona","twitter_misc":{"Escrito por":"La Gu\u00eda de Pamplona","Tiempo de lectura":"1 minuto"},"schema":{"@context":"https:\/\/schema.org","@graph":[{"@type":"Article","@id":"https:\/\/www.laguiadepamplona.com\/actualidad\/el-ayuntamiento-pone-en-marcha-el-procedimiento-para-personarse-como-acusacion-particular-en-la-instruccion-del-caso-por-la-muerte-de-la-vecina-de-pamplona-por-presunta-violencia-de-genero\/#article","isPartOf":{"@id":"https:\/\/www.laguiadepamplona.com\/actualidad\/el-ayuntamiento-pone-en-marcha-el-procedimiento-para-personarse-como-acusacion-particular-en-la-instruccion-del-caso-por-la-muerte-de-la-vecina-de-pamplona-por-presunta-violencia-de-genero\/"},"author":{"name":"La Gu\u00eda de Pamplona","@id":"https:\/\/www.laguiadepamplona.com\/actualidad\/#\/schema\/person\/efe887376f0213d4657c93adc50b1fdb"},"headline":"El Ayuntamiento pone en marcha el procedimiento para personarse como acusaci\u00f3n particular en la instrucci\u00f3n del caso por la muerte de la vecina de Pamplona por presunta violencia de g\u00e9nero","datePublished":"2018-10-24T11:38:19+00:00","dateModified":"2018-10-24T14:04:35+00:00","mainEntityOfPage":{"@id":"https:\/\/www.laguiadepamplona.com\/actualidad\/el-ayuntamiento-pone-en-marcha-el-procedimiento-para-personarse-como-acusacion-particular-en-la-instruccion-del-caso-por-la-muerte-de-la-vecina-de-pamplona-por-presunta-violencia-de-genero\/"},"wordCount":270,"commentCount":0,"publisher":{"@id":"https:\/\/www.laguiadepamplona.com\/actualidad\/#organization"},"image":{"@id":"https:\/\/www.laguiadepamplona.com\/actualidad\/el-ayuntamiento-pone-en-marcha-el-procedimiento-para-personarse-como-acusacion-particular-en-la-instruccion-del-caso-por-la-muerte-de-la-vecina-de-pamplona-por-presunta-violencia-de-genero\/#primaryimage"},"thumbnailUrl":"https:\/\/www.laguiadepamplona.com\/actualidad\/wp-content\/uploads\/2018\/05\/ayto-pamplona-3.jpg","articleSection":["Ayto Pamplona"],"inLanguage":"es","potentialAction":[{"@type":"CommentAction","name":"Comment","target":["https:\/\/www.laguiadepamplona.com\/actualidad\/el-ayuntamiento-pone-en-marcha-el-procedimiento-para-personarse-como-acusacion-particular-en-la-instruccion-del-caso-por-la-muerte-de-la-vecina-de-pamplona-por-presunta-violencia-de-genero\/#respond"]}]},{"@type":"WebPage","@id":"https:\/\/www.laguiadepamplona.com\/actualidad\/el-ayuntamiento-pone-en-marcha-el-procedimiento-para-personarse-como-acusacion-particular-en-la-instruccion-del-caso-por-la-muerte-de-la-vecina-de-pamplona-por-presunta-violencia-de-genero\/","url":"https:\/\/www.laguiadepamplona.com\/actualidad\/el-ayuntamiento-pone-en-marcha-el-procedimiento-para-personarse-como-acusacion-particular-en-la-instruccion-del-caso-por-la-muerte-de-la-vecina-de-pamplona-por-presunta-violencia-de-genero\/","name":"El Ayuntamiento pone en marcha el procedimiento para personarse como acusaci\u00f3n particular en la instrucci\u00f3n del caso por la muerte de la vecina de Pamplona por presunta violencia de g\u00e9nero","isPartOf":{"@id":"https:\/\/www.laguiadepamplona.com\/actualidad\/#website"},"primaryImageOfPage":{"@id":"https:\/\/www.laguiadepamplona.com\/actualidad\/el-ayuntamiento-pone-en-marcha-el-procedimiento-para-personarse-como-acusacion-particular-en-la-instruccion-del-caso-por-la-muerte-de-la-vecina-de-pamplona-por-presunta-violencia-de-genero\/#primaryimage"},"image":{"@id":"https:\/\/www.laguiadepamplona.com\/actualidad\/el-ayuntamiento-pone-en-marcha-el-procedimiento-para-personarse-como-acusacion-particular-en-la-instruccion-del-caso-por-la-muerte-de-la-vecina-de-pamplona-por-presunta-violencia-de-genero\/#primaryimage"},"thumbnailUrl":"https:\/\/www.laguiadepamplona.com\/actualidad\/wp-content\/uploads\/2018\/05\/ayto-pamplona-3.jpg","datePublished":"2018-10-24T11:38:19+00:00","dateModified":"2018-10-24T14:04:35+00:00","breadcrumb":{"@id":"https:\/\/www.laguiadepamplona.com\/actualidad\/el-ayuntamiento-pone-en-marcha-el-procedimiento-para-personarse-como-acusacion-particular-en-la-instruccion-del-caso-por-la-muerte-de-la-vecina-de-pamplona-por-presunta-violencia-de-genero\/#breadcrumb"},"inLanguage":"es","potentialAction":[{"@type":"ReadAction","target":["https:\/\/www.laguiadepamplona.com\/actualidad\/el-ayuntamiento-pone-en-marcha-el-procedimiento-para-personarse-como-acusacion-particular-en-la-instruccion-del-caso-por-la-muerte-de-la-vecina-de-pamplona-por-presunta-violencia-de-genero\/"]}]},{"@type":"ImageObject","inLanguage":"es","@id":"https:\/\/www.laguiadepamplona.com\/actualidad\/el-ayuntamiento-pone-en-marcha-el-procedimiento-para-personarse-como-acusacion-particular-en-la-instruccion-del-caso-por-la-muerte-de-la-vecina-de-pamplona-por-presunta-violencia-de-genero\/#primaryimage","url":"https:\/\/www.laguiadepamplona.com\/actualidad\/wp-content\/uploads\/2018\/05\/ayto-pamplona-3.jpg","contentUrl":"https:\/\/www.laguiadepamplona.com\/actualidad\/wp-content\/uploads\/2018\/05\/ayto-pamplona-3.jpg","width":1000,"height":555},{"@type":"BreadcrumbList","@id":"https:\/\/www.laguiadepamplona.com\/actualidad\/el-ayuntamiento-pone-en-marcha-el-procedimiento-para-personarse-como-acusacion-particular-en-la-instruccion-del-caso-por-la-muerte-de-la-vecina-de-pamplona-por-presunta-violencia-de-genero\/#breadcrumb","itemListElement":[{"@type":"ListItem","position":1,"name":"Portada","item":"https:\/\/www.laguiadepamplona.com\/actualidad\/"},{"@type":"ListItem","position":2,"name":"El Ayuntamiento pone en marcha el procedimiento para personarse como acusaci\u00f3n particular en la instrucci\u00f3n del caso por la muerte de la vecina de Pamplona por presunta violencia de g\u00e9nero"}]},{"@type":"WebSite","@id":"https:\/\/www.laguiadepamplona.com\/actualidad\/#website","url":"https:\/\/www.laguiadepamplona.com\/actualidad\/","name":"La gu\u00eda de Pamplona","description":"Noticias de Pamplona","publisher":{"@id":"https:\/\/www.laguiadepamplona.com\/actualidad\/#organization"},"potentialAction":[{"@type":"SearchAction","target":{"@type":"EntryPoint","urlTemplate":"https:\/\/www.laguiadepamplona.com\/actualidad\/?s={search_term_string}"},"query-input":{"@type":"PropertyValueSpecification","valueRequired":true,"valueName":"search_term_string"}}],"inLanguage":"es"},{"@type":"Organization","@id":"https:\/\/www.laguiadepamplona.com\/actualidad\/#organization","name":"La Gu\u00eda de Pamplona \/ Noticias","url":"https:\/\/www.laguiadepamplona.com\/actualidad\/","logo":{"@type":"ImageObject","inLanguage":"es","@id":"https:\/\/www.laguiadepamplona.com\/actualidad\/#\/schema\/logo\/image\/","url":"https:\/\/www.laguiadepamplona.com\/actualidad\/wp-content\/uploads\/2018\/11\/logo-laguiadepamplona18-web1.png","contentUrl":"https:\/\/www.laguiadepamplona.com\/actualidad\/wp-content\/uploads\/2018\/11\/logo-laguiadepamplona18-web1.png","width":600,"height":196,"caption":"La Gu\u00eda de Pamplona \/ Noticias"},"image":{"@id":"https:\/\/www.laguiadepamplona.com\/actualidad\/#\/schema\/logo\/image\/"},"sameAs":["https:\/\/www.facebook.com\/laguiadepamplonacom-133175176762273\/?ref=hl","https:\/\/x.com\/LaGuiadPamplona","https:\/\/www.instagram.com\/la_guia_de_pamplona\/","https:\/\/www.youtube.com\/user\/laguiadepamplona"]},{"@type":"Person","@id":"https:\/\/www.laguiadepamplona.com\/actualidad\/#\/schema\/person\/efe887376f0213d4657c93adc50b1fdb","name":"La Gu\u00eda de Pamplona","image":{"@type":"ImageObject","inLanguage":"es","@id":"https:\/\/secure.gravatar.com\/avatar\/b6992f131dc8d30ab0dff15446e9d346d9dbd95992de0fef795073f5ea83a81c?s=96&d=mm&r=g","url":"https:\/\/secure.gravatar.com\/avatar\/b6992f131dc8d30ab0dff15446e9d346d9dbd95992de0fef795073f5ea83a81c?s=96&d=mm&r=g","contentUrl":"https:\/\/secure.gravatar.com\/avatar\/b6992f131dc8d30ab0dff15446e9d346d9dbd95992de0fef795073f5ea83a81c?s=96&d=mm&r=g","caption":"La Gu\u00eda de Pamplona"}}]}},"post_mailing_queue_ids":[],"_links":{"self":[{"href":"https:\/\/www.laguiadepamplona.com\/actualidad\/wp-json\/wp\/v2\/posts\/19141","targetHints":{"allow":["GET"]}}],"collection":[{"href":"https:\/\/www.laguiadepamplona.com\/actualidad\/wp-json\/wp\/v2\/posts"}],"about":[{"href":"https:\/\/www.laguiadepamplona.com\/actualidad\/wp-json\/wp\/v2\/types\/post"}],"author":[{"embeddable":true,"href":"https:\/\/www.laguiadepamplona.com\/actualidad\/wp-json\/wp\/v2\/users\/1"}],"replies":[{"embeddable":true,"href":"https:\/\/www.laguiadepamplona.com\/actualidad\/wp-json\/wp\/v2\/comments?post=19141"}],"version-history":[{"count":0,"href":"https:\/\/www.laguiadepamplona.com\/actualidad\/wp-json\/wp\/v2\/posts\/19141\/revisions"}],"wp:featuredmedia":[{"embeddable":true,"href":"https:\/\/www.laguiadepamplona.com\/actualidad\/wp-json\/wp\/v2\/media\/17600"}],"wp:attachment":[{"href":"https:\/\/www.laguiadepamplona.com\/actualidad\/wp-json\/wp\/v2\/media?parent=19141"}],"wp:term":[{"taxonomy":"category","embeddable":true,"href":"https:\/\/www.laguiadepamplona.com\/actualidad\/wp-json\/wp\/v2\/categories?post=19141"},{"taxonomy":"post_tag","embeddable":true,"href":"https:\/\/www.laguiadepamplona.com\/actualidad\/wp-json\/wp\/v2\/tags?post=19141"}],"curies":[{"name":"wp","href":"https:\/\/api.w.org\/{rel}","templated":true}]}}