{"id":19121,"date":"2018-10-24T11:32:04","date_gmt":"2018-10-24T09:32:04","guid":{"rendered":"https:\/\/www.laguiadepamplona.es\/actualidad\/?p=19121"},"modified":"2018-10-24T13:20:54","modified_gmt":"2018-10-24T11:20:54","slug":"el-ayuntamiento-convoca-hoy-a-las-12-horas-en-la-plaza-consistorial-a-un-minuto-de-silencio-ante-el-presunto-asesinato-machista-de-una-vecina-de-la-ciudad","status":"publish","type":"post","link":"https:\/\/www.laguiadepamplona.com\/actualidad\/el-ayuntamiento-convoca-hoy-a-las-12-horas-en-la-plaza-consistorial-a-un-minuto-de-silencio-ante-el-presunto-asesinato-machista-de-una-vecina-de-la-ciudad\/","title":{"rendered":"El Ayuntamiento convoca hoy a las 12 horas en la plaza Consistorial a un minuto de silencio ante el presunto asesinato machista de una vecina de la ciudad"},"content":{"rendered":"<p><!--more--><\/p>\n<p>Todos los grupos del Ayuntamiento de Pamplona \u201cante el presunto asesinato machista de una vecina del municipio de Pamplona\/Iru\u00f1ea el pasado 23 de octubre\u201d, han aprobado un texto por unanimidad en Junta de Portavoces en el que manifiestan \u201cnuestro total rechazo y\/o condena al peor acto posible que supone arrebatar la vida de una persona por el \u00fanico motivo de ser mujer. La violencia contra las mujeres afecta a todas las mujeres sin distinci\u00f3n de edad, posici\u00f3n socioecon\u00f3mica o nacionalidad.<\/p>\n<p>Queremos reiterar que la violencia contra las mujeres se basa en las relaciones de poder que, en el plano simb\u00f3lico y material, sit\u00faan a los hombres por encima de las mujeres y tienen por objeto perpetuar que las mujeres vivan en una situaci\u00f3n de sumisi\u00f3n frente a los hombres. Estas violencias sexistas presentan diferentes formas y actitudes. La detecci\u00f3n, visibilizaci\u00f3n, rechazo y\/o condena de cada una de ellas es imprescindible y urgente para trabajar \u00edntegramente en la prevenci\u00f3n de todas las manifestaciones sexistas. Las violencias sexistas se construyen generando miedo a las mujeres y construyendo discursos de una supuesta superioridad de los hombres.<\/p>\n<p><strong>Es por esto que el Ayuntamiento de Pamplona quiere realizar la siguiente declaraci\u00f3n:<\/strong><\/p>\n<ul>\n<li>Manifestamos nuestro rechazo y\/o condena ante el asesinato de esta vecina de Pamplona\/Iru\u00f1ea y mostramos nuestro apoyo y solidaridad con la familia y entorno cercano de la fallecida en estos momentos tan dif\u00edciles.<\/li>\n<li>Nos reafirmamos, una vez m\u00e1s, en nuestro rechazo y\/o condena a cualquier tipo de agresi\u00f3n, violencia o actitud sexista que se produzca en nuestra sociedad y nos comprometemos en colaborar para eliminar las agresiones sexistas, mejorar la seguridad y garantizar el pleno ejercicio de la libertad de las mujeres en todo tipo de entornos.<\/li>\n<li>Como instituci\u00f3n p\u00fablica y como ciudadan\u00eda activa es necesario que tengamos una actitud comprometida frente a las agresiones sexistas, tanto si se es hombre como si se es mujer y nuestro prop\u00f3sito es trabajar en este sentido.<\/li>\n<li>Instamos a la sociedad a cambiar el modelo cultural en el que se protege al agresor y se culpabiliza a las mujeres exigi\u00e9ndoles a ellas condescendencia para aceptar piropos, molestias o acosos, justific\u00e1ndolo bajo la premisa de la fiesta o de las costumbres.<\/li>\n<li>Invitamos a la ciudadan\u00eda a que no permanezca impasible frente a la violencia y las agresiones sexistas y reclamamos el derecho de las mujeres a decidir sobre sus relaciones, su cuerpo y su sexualidad.<\/li>\n<li>Queremos recordar que no todo vale y que todas las personas tenemos derecho a vivir y movernos por la ciudad con seguridad y libertad.<\/li>\n<li>Desde el Ayuntamiento de Pamplona rechazamos y \/o condenamos cualquier tipo de violencia o agresi\u00f3n sexista y rechazamos firme y activamente estas actitudes. Por ello, convocamos a un minuto de silencio en la plaza Consistorial hoy miercoles 24 de octubre a las 12:00 horas.<\/li>\n<li>Por \u00faltimo, queremos adherimos a los comunicados y convocatorias que se realicen en el municipio de Pamplona\/Iru\u00f1ea e invitamos a la ciudadan\u00eda de Pamplona\/Iru\u00f1ea a participar en los actos de protesta que convoque el movimiento feminista\u201d.<\/li>\n<\/ul>\n<p>&nbsp;<\/p>\n","protected":false},"excerpt":{"rendered":"","protected":false},"author":1,"featured_media":19140,"comment_status":"open","ping_status":"closed","sticky":false,"template":"","format":"standard","meta":{"footnotes":""},"categories":[2],"tags":[],"class_list":["post-19121","post","type-post","status-publish","format-standard","has-post-thumbnail","hentry","category-ayuntamiento-pamplona"],"yoast_head":"<!-- This site is optimized with the Yoast SEO plugin v27.9 - https:\/\/yoast.com\/product\/yoast-seo-wordpress\/ -->\n<title>El Ayuntamiento convoca hoy a las 12 horas en la plaza Consistorial a un minuto de silencio ante el presunto asesinato machista de una vecina de la ciudad<\/title>\n<meta name=\"robots\" content=\"index, follow, max-snippet:-1, max-image-preview:large, max-video-preview:-1\" \/>\n<link rel=\"canonical\" href=\"https:\/\/www.laguiadepamplona.com\/actualidad\/el-ayuntamiento-convoca-hoy-a-las-12-horas-en-la-plaza-consistorial-a-un-minuto-de-silencio-ante-el-presunto-asesinato-machista-de-una-vecina-de-la-ciudad\/\" \/>\n<meta property=\"og:locale\" content=\"es_ES\" \/>\n<meta property=\"og:type\" content=\"article\" \/>\n<meta property=\"og:title\" content=\"El Ayuntamiento convoca hoy a las 12 horas en la plaza Consistorial a un minuto de silencio ante el presunto asesinato machista de una vecina de la ciudad\" \/>\n<meta property=\"og:url\" content=\"https:\/\/www.laguiadepamplona.com\/actualidad\/el-ayuntamiento-convoca-hoy-a-las-12-horas-en-la-plaza-consistorial-a-un-minuto-de-silencio-ante-el-presunto-asesinato-machista-de-una-vecina-de-la-ciudad\/\" \/>\n<meta property=\"og:site_name\" content=\"La Gu\u00eda de Pamplona Noticias y actualidad\" \/>\n<meta property=\"article:publisher\" content=\"https:\/\/www.facebook.com\/laguiadepamplonacom-133175176762273\/?ref=hl\" \/>\n<meta property=\"article:published_time\" content=\"2018-10-24T09:32:04+00:00\" \/>\n<meta property=\"article:modified_time\" content=\"2018-10-24T11:20:54+00:00\" \/>\n<meta property=\"og:image\" content=\"https:\/\/www.laguiadepamplona.com\/actualidad\/wp-content\/uploads\/2018\/10\/18.10.24_concentracion_violencia_sexista_fallecida_2.jpg\" \/>\n\t<meta property=\"og:image:width\" content=\"1000\" \/>\n\t<meta property=\"og:image:height\" content=\"667\" \/>\n\t<meta property=\"og:image:type\" content=\"image\/jpeg\" \/>\n<meta name=\"author\" content=\"La Gu\u00eda de Pamplona\" \/>\n<meta name=\"twitter:card\" content=\"summary_large_image\" \/>\n<meta name=\"twitter:creator\" content=\"@LaGuiadPamplona\" \/>\n<meta name=\"twitter:site\" content=\"@LaGuiadPamplona\" \/>\n<meta name=\"twitter:label1\" content=\"Escrito por\" \/>\n\t<meta name=\"twitter:data1\" content=\"La Gu\u00eda de Pamplona\" \/>\n\t<meta name=\"twitter:label2\" content=\"Tiempo de lectura\" \/>\n\t<meta name=\"twitter:data2\" content=\"3 minutos\" \/>\n<script type=\"application\/ld+json\" class=\"yoast-schema-graph\">{\"@context\":\"https:\\\/\\\/schema.org\",\"@graph\":[{\"@type\":\"Article\",\"@id\":\"https:\\\/\\\/www.laguiadepamplona.com\\\/actualidad\\\/el-ayuntamiento-convoca-hoy-a-las-12-horas-en-la-plaza-consistorial-a-un-minuto-de-silencio-ante-el-presunto-asesinato-machista-de-una-vecina-de-la-ciudad\\\/#article\",\"isPartOf\":{\"@id\":\"https:\\\/\\\/www.laguiadepamplona.com\\\/actualidad\\\/el-ayuntamiento-convoca-hoy-a-las-12-horas-en-la-plaza-consistorial-a-un-minuto-de-silencio-ante-el-presunto-asesinato-machista-de-una-vecina-de-la-ciudad\\\/\"},\"author\":{\"name\":\"La Gu\u00eda de Pamplona\",\"@id\":\"https:\\\/\\\/www.laguiadepamplona.com\\\/actualidad\\\/#\\\/schema\\\/person\\\/efe887376f0213d4657c93adc50b1fdb\"},\"headline\":\"El Ayuntamiento convoca hoy a las 12 horas en la plaza Consistorial a un minuto de silencio ante el presunto asesinato machista de una vecina de la ciudad\",\"datePublished\":\"2018-10-24T09:32:04+00:00\",\"dateModified\":\"2018-10-24T11:20:54+00:00\",\"mainEntityOfPage\":{\"@id\":\"https:\\\/\\\/www.laguiadepamplona.com\\\/actualidad\\\/el-ayuntamiento-convoca-hoy-a-las-12-horas-en-la-plaza-consistorial-a-un-minuto-de-silencio-ante-el-presunto-asesinato-machista-de-una-vecina-de-la-ciudad\\\/\"},\"wordCount\":561,\"commentCount\":0,\"publisher\":{\"@id\":\"https:\\\/\\\/www.laguiadepamplona.com\\\/actualidad\\\/#organization\"},\"image\":{\"@id\":\"https:\\\/\\\/www.laguiadepamplona.com\\\/actualidad\\\/el-ayuntamiento-convoca-hoy-a-las-12-horas-en-la-plaza-consistorial-a-un-minuto-de-silencio-ante-el-presunto-asesinato-machista-de-una-vecina-de-la-ciudad\\\/#primaryimage\"},\"thumbnailUrl\":\"https:\\\/\\\/www.laguiadepamplona.com\\\/actualidad\\\/wp-content\\\/uploads\\\/2018\\\/10\\\/18.10.24_concentracion_violencia_sexista_fallecida_2.jpg\",\"articleSection\":[\"Ayto Pamplona\"],\"inLanguage\":\"es\",\"potentialAction\":[{\"@type\":\"CommentAction\",\"name\":\"Comment\",\"target\":[\"https:\\\/\\\/www.laguiadepamplona.com\\\/actualidad\\\/el-ayuntamiento-convoca-hoy-a-las-12-horas-en-la-plaza-consistorial-a-un-minuto-de-silencio-ante-el-presunto-asesinato-machista-de-una-vecina-de-la-ciudad\\\/#respond\"]}]},{\"@type\":\"WebPage\",\"@id\":\"https:\\\/\\\/www.laguiadepamplona.com\\\/actualidad\\\/el-ayuntamiento-convoca-hoy-a-las-12-horas-en-la-plaza-consistorial-a-un-minuto-de-silencio-ante-el-presunto-asesinato-machista-de-una-vecina-de-la-ciudad\\\/\",\"url\":\"https:\\\/\\\/www.laguiadepamplona.com\\\/actualidad\\\/el-ayuntamiento-convoca-hoy-a-las-12-horas-en-la-plaza-consistorial-a-un-minuto-de-silencio-ante-el-presunto-asesinato-machista-de-una-vecina-de-la-ciudad\\\/\",\"name\":\"El Ayuntamiento convoca hoy a las 12 horas en la plaza Consistorial a un minuto de silencio ante el presunto asesinato machista de una vecina de la ciudad\",\"isPartOf\":{\"@id\":\"https:\\\/\\\/www.laguiadepamplona.com\\\/actualidad\\\/#website\"},\"primaryImageOfPage\":{\"@id\":\"https:\\\/\\\/www.laguiadepamplona.com\\\/actualidad\\\/el-ayuntamiento-convoca-hoy-a-las-12-horas-en-la-plaza-consistorial-a-un-minuto-de-silencio-ante-el-presunto-asesinato-machista-de-una-vecina-de-la-ciudad\\\/#primaryimage\"},\"image\":{\"@id\":\"https:\\\/\\\/www.laguiadepamplona.com\\\/actualidad\\\/el-ayuntamiento-convoca-hoy-a-las-12-horas-en-la-plaza-consistorial-a-un-minuto-de-silencio-ante-el-presunto-asesinato-machista-de-una-vecina-de-la-ciudad\\\/#primaryimage\"},\"thumbnailUrl\":\"https:\\\/\\\/www.laguiadepamplona.com\\\/actualidad\\\/wp-content\\\/uploads\\\/2018\\\/10\\\/18.10.24_concentracion_violencia_sexista_fallecida_2.jpg\",\"datePublished\":\"2018-10-24T09:32:04+00:00\",\"dateModified\":\"2018-10-24T11:20:54+00:00\",\"breadcrumb\":{\"@id\":\"https:\\\/\\\/www.laguiadepamplona.com\\\/actualidad\\\/el-ayuntamiento-convoca-hoy-a-las-12-horas-en-la-plaza-consistorial-a-un-minuto-de-silencio-ante-el-presunto-asesinato-machista-de-una-vecina-de-la-ciudad\\\/#breadcrumb\"},\"inLanguage\":\"es\",\"potentialAction\":[{\"@type\":\"ReadAction\",\"target\":[\"https:\\\/\\\/www.laguiadepamplona.com\\\/actualidad\\\/el-ayuntamiento-convoca-hoy-a-las-12-horas-en-la-plaza-consistorial-a-un-minuto-de-silencio-ante-el-presunto-asesinato-machista-de-una-vecina-de-la-ciudad\\\/\"]}]},{\"@type\":\"ImageObject\",\"inLanguage\":\"es\",\"@id\":\"https:\\\/\\\/www.laguiadepamplona.com\\\/actualidad\\\/el-ayuntamiento-convoca-hoy-a-las-12-horas-en-la-plaza-consistorial-a-un-minuto-de-silencio-ante-el-presunto-asesinato-machista-de-una-vecina-de-la-ciudad\\\/#primaryimage\",\"url\":\"https:\\\/\\\/www.laguiadepamplona.com\\\/actualidad\\\/wp-content\\\/uploads\\\/2018\\\/10\\\/18.10.24_concentracion_violencia_sexista_fallecida_2.jpg\",\"contentUrl\":\"https:\\\/\\\/www.laguiadepamplona.com\\\/actualidad\\\/wp-content\\\/uploads\\\/2018\\\/10\\\/18.10.24_concentracion_violencia_sexista_fallecida_2.jpg\",\"width\":1000,\"height\":667},{\"@type\":\"BreadcrumbList\",\"@id\":\"https:\\\/\\\/www.laguiadepamplona.com\\\/actualidad\\\/el-ayuntamiento-convoca-hoy-a-las-12-horas-en-la-plaza-consistorial-a-un-minuto-de-silencio-ante-el-presunto-asesinato-machista-de-una-vecina-de-la-ciudad\\\/#breadcrumb\",\"itemListElement\":[{\"@type\":\"ListItem\",\"position\":1,\"name\":\"Portada\",\"item\":\"https:\\\/\\\/www.laguiadepamplona.com\\\/actualidad\\\/\"},{\"@type\":\"ListItem\",\"position\":2,\"name\":\"El Ayuntamiento convoca hoy a las 12 horas en la plaza Consistorial a un minuto de silencio ante el presunto asesinato machista de una vecina de la ciudad\"}]},{\"@type\":\"WebSite\",\"@id\":\"https:\\\/\\\/www.laguiadepamplona.com\\\/actualidad\\\/#website\",\"url\":\"https:\\\/\\\/www.laguiadepamplona.com\\\/actualidad\\\/\",\"name\":\"La gu\u00eda de Pamplona\",\"description\":\"Noticias de Pamplona\",\"publisher\":{\"@id\":\"https:\\\/\\\/www.laguiadepamplona.com\\\/actualidad\\\/#organization\"},\"potentialAction\":[{\"@type\":\"SearchAction\",\"target\":{\"@type\":\"EntryPoint\",\"urlTemplate\":\"https:\\\/\\\/www.laguiadepamplona.com\\\/actualidad\\\/?s={search_term_string}\"},\"query-input\":{\"@type\":\"PropertyValueSpecification\",\"valueRequired\":true,\"valueName\":\"search_term_string\"}}],\"inLanguage\":\"es\"},{\"@type\":\"Organization\",\"@id\":\"https:\\\/\\\/www.laguiadepamplona.com\\\/actualidad\\\/#organization\",\"name\":\"La Gu\u00eda de Pamplona \\\/ Noticias\",\"url\":\"https:\\\/\\\/www.laguiadepamplona.com\\\/actualidad\\\/\",\"logo\":{\"@type\":\"ImageObject\",\"inLanguage\":\"es\",\"@id\":\"https:\\\/\\\/www.laguiadepamplona.com\\\/actualidad\\\/#\\\/schema\\\/logo\\\/image\\\/\",\"url\":\"https:\\\/\\\/www.laguiadepamplona.com\\\/actualidad\\\/wp-content\\\/uploads\\\/2018\\\/11\\\/logo-laguiadepamplona18-web1.png\",\"contentUrl\":\"https:\\\/\\\/www.laguiadepamplona.com\\\/actualidad\\\/wp-content\\\/uploads\\\/2018\\\/11\\\/logo-laguiadepamplona18-web1.png\",\"width\":600,\"height\":196,\"caption\":\"La Gu\u00eda de Pamplona \\\/ Noticias\"},\"image\":{\"@id\":\"https:\\\/\\\/www.laguiadepamplona.com\\\/actualidad\\\/#\\\/schema\\\/logo\\\/image\\\/\"},\"sameAs\":[\"https:\\\/\\\/www.facebook.com\\\/laguiadepamplonacom-133175176762273\\\/?ref=hl\",\"https:\\\/\\\/x.com\\\/LaGuiadPamplona\",\"https:\\\/\\\/www.instagram.com\\\/la_guia_de_pamplona\\\/\",\"https:\\\/\\\/www.youtube.com\\\/user\\\/laguiadepamplona\"]},{\"@type\":\"Person\",\"@id\":\"https:\\\/\\\/www.laguiadepamplona.com\\\/actualidad\\\/#\\\/schema\\\/person\\\/efe887376f0213d4657c93adc50b1fdb\",\"name\":\"La Gu\u00eda de Pamplona\",\"image\":{\"@type\":\"ImageObject\",\"inLanguage\":\"es\",\"@id\":\"https:\\\/\\\/secure.gravatar.com\\\/avatar\\\/b6992f131dc8d30ab0dff15446e9d346d9dbd95992de0fef795073f5ea83a81c?s=96&d=mm&r=g\",\"url\":\"https:\\\/\\\/secure.gravatar.com\\\/avatar\\\/b6992f131dc8d30ab0dff15446e9d346d9dbd95992de0fef795073f5ea83a81c?s=96&d=mm&r=g\",\"contentUrl\":\"https:\\\/\\\/secure.gravatar.com\\\/avatar\\\/b6992f131dc8d30ab0dff15446e9d346d9dbd95992de0fef795073f5ea83a81c?s=96&d=mm&r=g\",\"caption\":\"La Gu\u00eda de Pamplona\"}}]}<\/script>\n<!-- \/ Yoast SEO plugin. -->","yoast_head_json":{"title":"El Ayuntamiento convoca hoy a las 12 horas en la plaza Consistorial a un minuto de silencio ante el presunto asesinato machista de una vecina de la ciudad","robots":{"index":"index","follow":"follow","max-snippet":"max-snippet:-1","max-image-preview":"max-image-preview:large","max-video-preview":"max-video-preview:-1"},"canonical":"https:\/\/www.laguiadepamplona.com\/actualidad\/el-ayuntamiento-convoca-hoy-a-las-12-horas-en-la-plaza-consistorial-a-un-minuto-de-silencio-ante-el-presunto-asesinato-machista-de-una-vecina-de-la-ciudad\/","og_locale":"es_ES","og_type":"article","og_title":"El Ayuntamiento convoca hoy a las 12 horas en la plaza Consistorial a un minuto de silencio ante el presunto asesinato machista de una vecina de la ciudad","og_url":"https:\/\/www.laguiadepamplona.com\/actualidad\/el-ayuntamiento-convoca-hoy-a-las-12-horas-en-la-plaza-consistorial-a-un-minuto-de-silencio-ante-el-presunto-asesinato-machista-de-una-vecina-de-la-ciudad\/","og_site_name":"La Gu\u00eda de Pamplona Noticias y actualidad","article_publisher":"https:\/\/www.facebook.com\/laguiadepamplonacom-133175176762273\/?ref=hl","article_published_time":"2018-10-24T09:32:04+00:00","article_modified_time":"2018-10-24T11:20:54+00:00","og_image":[{"width":1000,"height":667,"url":"https:\/\/www.laguiadepamplona.com\/actualidad\/wp-content\/uploads\/2018\/10\/18.10.24_concentracion_violencia_sexista_fallecida_2.jpg","type":"image\/jpeg"}],"author":"La Gu\u00eda de Pamplona","twitter_card":"summary_large_image","twitter_creator":"@LaGuiadPamplona","twitter_site":"@LaGuiadPamplona","twitter_misc":{"Escrito por":"La Gu\u00eda de Pamplona","Tiempo de lectura":"3 minutos"},"schema":{"@context":"https:\/\/schema.org","@graph":[{"@type":"Article","@id":"https:\/\/www.laguiadepamplona.com\/actualidad\/el-ayuntamiento-convoca-hoy-a-las-12-horas-en-la-plaza-consistorial-a-un-minuto-de-silencio-ante-el-presunto-asesinato-machista-de-una-vecina-de-la-ciudad\/#article","isPartOf":{"@id":"https:\/\/www.laguiadepamplona.com\/actualidad\/el-ayuntamiento-convoca-hoy-a-las-12-horas-en-la-plaza-consistorial-a-un-minuto-de-silencio-ante-el-presunto-asesinato-machista-de-una-vecina-de-la-ciudad\/"},"author":{"name":"La Gu\u00eda de Pamplona","@id":"https:\/\/www.laguiadepamplona.com\/actualidad\/#\/schema\/person\/efe887376f0213d4657c93adc50b1fdb"},"headline":"El Ayuntamiento convoca hoy a las 12 horas en la plaza Consistorial a un minuto de silencio ante el presunto asesinato machista de una vecina de la ciudad","datePublished":"2018-10-24T09:32:04+00:00","dateModified":"2018-10-24T11:20:54+00:00","mainEntityOfPage":{"@id":"https:\/\/www.laguiadepamplona.com\/actualidad\/el-ayuntamiento-convoca-hoy-a-las-12-horas-en-la-plaza-consistorial-a-un-minuto-de-silencio-ante-el-presunto-asesinato-machista-de-una-vecina-de-la-ciudad\/"},"wordCount":561,"commentCount":0,"publisher":{"@id":"https:\/\/www.laguiadepamplona.com\/actualidad\/#organization"},"image":{"@id":"https:\/\/www.laguiadepamplona.com\/actualidad\/el-ayuntamiento-convoca-hoy-a-las-12-horas-en-la-plaza-consistorial-a-un-minuto-de-silencio-ante-el-presunto-asesinato-machista-de-una-vecina-de-la-ciudad\/#primaryimage"},"thumbnailUrl":"https:\/\/www.laguiadepamplona.com\/actualidad\/wp-content\/uploads\/2018\/10\/18.10.24_concentracion_violencia_sexista_fallecida_2.jpg","articleSection":["Ayto Pamplona"],"inLanguage":"es","potentialAction":[{"@type":"CommentAction","name":"Comment","target":["https:\/\/www.laguiadepamplona.com\/actualidad\/el-ayuntamiento-convoca-hoy-a-las-12-horas-en-la-plaza-consistorial-a-un-minuto-de-silencio-ante-el-presunto-asesinato-machista-de-una-vecina-de-la-ciudad\/#respond"]}]},{"@type":"WebPage","@id":"https:\/\/www.laguiadepamplona.com\/actualidad\/el-ayuntamiento-convoca-hoy-a-las-12-horas-en-la-plaza-consistorial-a-un-minuto-de-silencio-ante-el-presunto-asesinato-machista-de-una-vecina-de-la-ciudad\/","url":"https:\/\/www.laguiadepamplona.com\/actualidad\/el-ayuntamiento-convoca-hoy-a-las-12-horas-en-la-plaza-consistorial-a-un-minuto-de-silencio-ante-el-presunto-asesinato-machista-de-una-vecina-de-la-ciudad\/","name":"El Ayuntamiento convoca hoy a las 12 horas en la plaza Consistorial a un minuto de silencio ante el presunto asesinato machista de una vecina de la ciudad","isPartOf":{"@id":"https:\/\/www.laguiadepamplona.com\/actualidad\/#website"},"primaryImageOfPage":{"@id":"https:\/\/www.laguiadepamplona.com\/actualidad\/el-ayuntamiento-convoca-hoy-a-las-12-horas-en-la-plaza-consistorial-a-un-minuto-de-silencio-ante-el-presunto-asesinato-machista-de-una-vecina-de-la-ciudad\/#primaryimage"},"image":{"@id":"https:\/\/www.laguiadepamplona.com\/actualidad\/el-ayuntamiento-convoca-hoy-a-las-12-horas-en-la-plaza-consistorial-a-un-minuto-de-silencio-ante-el-presunto-asesinato-machista-de-una-vecina-de-la-ciudad\/#primaryimage"},"thumbnailUrl":"https:\/\/www.laguiadepamplona.com\/actualidad\/wp-content\/uploads\/2018\/10\/18.10.24_concentracion_violencia_sexista_fallecida_2.jpg","datePublished":"2018-10-24T09:32:04+00:00","dateModified":"2018-10-24T11:20:54+00:00","breadcrumb":{"@id":"https:\/\/www.laguiadepamplona.com\/actualidad\/el-ayuntamiento-convoca-hoy-a-las-12-horas-en-la-plaza-consistorial-a-un-minuto-de-silencio-ante-el-presunto-asesinato-machista-de-una-vecina-de-la-ciudad\/#breadcrumb"},"inLanguage":"es","potentialAction":[{"@type":"ReadAction","target":["https:\/\/www.laguiadepamplona.com\/actualidad\/el-ayuntamiento-convoca-hoy-a-las-12-horas-en-la-plaza-consistorial-a-un-minuto-de-silencio-ante-el-presunto-asesinato-machista-de-una-vecina-de-la-ciudad\/"]}]},{"@type":"ImageObject","inLanguage":"es","@id":"https:\/\/www.laguiadepamplona.com\/actualidad\/el-ayuntamiento-convoca-hoy-a-las-12-horas-en-la-plaza-consistorial-a-un-minuto-de-silencio-ante-el-presunto-asesinato-machista-de-una-vecina-de-la-ciudad\/#primaryimage","url":"https:\/\/www.laguiadepamplona.com\/actualidad\/wp-content\/uploads\/2018\/10\/18.10.24_concentracion_violencia_sexista_fallecida_2.jpg","contentUrl":"https:\/\/www.laguiadepamplona.com\/actualidad\/wp-content\/uploads\/2018\/10\/18.10.24_concentracion_violencia_sexista_fallecida_2.jpg","width":1000,"height":667},{"@type":"BreadcrumbList","@id":"https:\/\/www.laguiadepamplona.com\/actualidad\/el-ayuntamiento-convoca-hoy-a-las-12-horas-en-la-plaza-consistorial-a-un-minuto-de-silencio-ante-el-presunto-asesinato-machista-de-una-vecina-de-la-ciudad\/#breadcrumb","itemListElement":[{"@type":"ListItem","position":1,"name":"Portada","item":"https:\/\/www.laguiadepamplona.com\/actualidad\/"},{"@type":"ListItem","position":2,"name":"El Ayuntamiento convoca hoy a las 12 horas en la plaza Consistorial a un minuto de silencio ante el presunto asesinato machista de una vecina de la ciudad"}]},{"@type":"WebSite","@id":"https:\/\/www.laguiadepamplona.com\/actualidad\/#website","url":"https:\/\/www.laguiadepamplona.com\/actualidad\/","name":"La gu\u00eda de Pamplona","description":"Noticias de Pamplona","publisher":{"@id":"https:\/\/www.laguiadepamplona.com\/actualidad\/#organization"},"potentialAction":[{"@type":"SearchAction","target":{"@type":"EntryPoint","urlTemplate":"https:\/\/www.laguiadepamplona.com\/actualidad\/?s={search_term_string}"},"query-input":{"@type":"PropertyValueSpecification","valueRequired":true,"valueName":"search_term_string"}}],"inLanguage":"es"},{"@type":"Organization","@id":"https:\/\/www.laguiadepamplona.com\/actualidad\/#organization","name":"La Gu\u00eda de Pamplona \/ Noticias","url":"https:\/\/www.laguiadepamplona.com\/actualidad\/","logo":{"@type":"ImageObject","inLanguage":"es","@id":"https:\/\/www.laguiadepamplona.com\/actualidad\/#\/schema\/logo\/image\/","url":"https:\/\/www.laguiadepamplona.com\/actualidad\/wp-content\/uploads\/2018\/11\/logo-laguiadepamplona18-web1.png","contentUrl":"https:\/\/www.laguiadepamplona.com\/actualidad\/wp-content\/uploads\/2018\/11\/logo-laguiadepamplona18-web1.png","width":600,"height":196,"caption":"La Gu\u00eda de Pamplona \/ Noticias"},"image":{"@id":"https:\/\/www.laguiadepamplona.com\/actualidad\/#\/schema\/logo\/image\/"},"sameAs":["https:\/\/www.facebook.com\/laguiadepamplonacom-133175176762273\/?ref=hl","https:\/\/x.com\/LaGuiadPamplona","https:\/\/www.instagram.com\/la_guia_de_pamplona\/","https:\/\/www.youtube.com\/user\/laguiadepamplona"]},{"@type":"Person","@id":"https:\/\/www.laguiadepamplona.com\/actualidad\/#\/schema\/person\/efe887376f0213d4657c93adc50b1fdb","name":"La Gu\u00eda de Pamplona","image":{"@type":"ImageObject","inLanguage":"es","@id":"https:\/\/secure.gravatar.com\/avatar\/b6992f131dc8d30ab0dff15446e9d346d9dbd95992de0fef795073f5ea83a81c?s=96&d=mm&r=g","url":"https:\/\/secure.gravatar.com\/avatar\/b6992f131dc8d30ab0dff15446e9d346d9dbd95992de0fef795073f5ea83a81c?s=96&d=mm&r=g","contentUrl":"https:\/\/secure.gravatar.com\/avatar\/b6992f131dc8d30ab0dff15446e9d346d9dbd95992de0fef795073f5ea83a81c?s=96&d=mm&r=g","caption":"La Gu\u00eda de Pamplona"}}]}},"post_mailing_queue_ids":[],"_links":{"self":[{"href":"https:\/\/www.laguiadepamplona.com\/actualidad\/wp-json\/wp\/v2\/posts\/19121","targetHints":{"allow":["GET"]}}],"collection":[{"href":"https:\/\/www.laguiadepamplona.com\/actualidad\/wp-json\/wp\/v2\/posts"}],"about":[{"href":"https:\/\/www.laguiadepamplona.com\/actualidad\/wp-json\/wp\/v2\/types\/post"}],"author":[{"embeddable":true,"href":"https:\/\/www.laguiadepamplona.com\/actualidad\/wp-json\/wp\/v2\/users\/1"}],"replies":[{"embeddable":true,"href":"https:\/\/www.laguiadepamplona.com\/actualidad\/wp-json\/wp\/v2\/comments?post=19121"}],"version-history":[{"count":0,"href":"https:\/\/www.laguiadepamplona.com\/actualidad\/wp-json\/wp\/v2\/posts\/19121\/revisions"}],"wp:featuredmedia":[{"embeddable":true,"href":"https:\/\/www.laguiadepamplona.com\/actualidad\/wp-json\/wp\/v2\/media\/19140"}],"wp:attachment":[{"href":"https:\/\/www.laguiadepamplona.com\/actualidad\/wp-json\/wp\/v2\/media?parent=19121"}],"wp:term":[{"taxonomy":"category","embeddable":true,"href":"https:\/\/www.laguiadepamplona.com\/actualidad\/wp-json\/wp\/v2\/categories?post=19121"},{"taxonomy":"post_tag","embeddable":true,"href":"https:\/\/www.laguiadepamplona.com\/actualidad\/wp-json\/wp\/v2\/tags?post=19121"}],"curies":[{"name":"wp","href":"https:\/\/api.w.org\/{rel}","templated":true}]}}