{"id":19108,"date":"2018-10-23T13:13:52","date_gmt":"2018-10-23T11:13:52","guid":{"rendered":"https:\/\/www.laguiadepamplona.es\/actualidad\/?p=19108"},"modified":"2018-10-23T13:13:52","modified_gmt":"2018-10-23T11:13:52","slug":"alumnado-de-la-escuela-de-cine-elias-querejeta-disenara-la-programacion-de-la-muestra-de-videoarte-que-se-exhibira-en-calles-y-rincones-de-pamplona-estas-navidades","status":"publish","type":"post","link":"https:\/\/www.laguiadepamplona.com\/actualidad\/alumnado-de-la-escuela-de-cine-elias-querejeta-disenara-la-programacion-de-la-muestra-de-videoarte-que-se-exhibira-en-calles-y-rincones-de-pamplona-estas-navidades\/","title":{"rendered":"Alumnado de la Escuela de Cine El\u00edas Querejeta dise\u00f1ar\u00e1 la programaci\u00f3n de la muestra de videoarte que se exhibir\u00e1 en calles y rincones de Pamplona estas navidades"},"content":{"rendered":"<h3>El Ayuntamiento de Pamplona firma un convenio de Colaboraci\u00f3n con el centro para apoyar la iniciativa<\/h3>\n<p><!--more--><\/p>\n<p>Alumnado de la Escuela de Cine El\u00edas Querejeta dise\u00f1ar\u00e1 la programaci\u00f3n de la nueva muestra de videoarte que se exhibir\u00e1 estas Navidades en calles y rincones del Casco Antiguo de Pamplona. El Ayuntamiento de Pamplona ha suscrito un convenio de colaboraci\u00f3n con el centro para apoyar la iniciativa, que se desarrollar\u00e1 del 21 de diciembre al 1 de enero en distintos espacios del centro de la ciudad. Esta ma\u00f1ana, estudiantes de la escuela han viajado a Pamplona para visitar los espacios de proyecci\u00f3n para conocer los lugares de exhibici\u00f3n.<\/p>\n<p>La directora de Cultura y Educaci\u00f3n del Ayuntamiento de Pamplona, Maitena Muruz\u00e1bal, y el director de la Escuela de Cine El\u00edas Querejeta, Carlos Muguiro, han presentado esta ma\u00f1ana en rueda de prensa la iniciativa, que apuntala la muestra de videoarte \u2018Otras luces \/ Bestelako argiak\u2019 tras sus dos primeras ediciones. Con esta muestra el Ayuntamiento busca abrir y potenciar el espacio urbano con fines culturales y fomentar y difundir las expresiones contempor\u00e1neas de las artes en todas sus disciplinas.<\/p>\n<p>Desde el \u00c1rea de Cultura y Educaci\u00f3n se valora esta colaboraci\u00f3n de manera muy positiva por el impulso a la difusi\u00f3n y a la calidad del programa y por el apoyo que supone para la profesionalizaci\u00f3n de los j\u00f3venes talentos que se est\u00e1n formando en el campo del comisariado audiovisual.<\/p>\n<p>La Escuela de Cine El\u00edas Querejeta es un centro creado y financiado por el Departamento de Cultura de la Diputaci\u00f3n Foral de Guip\u00fazcoa, que tiene su sede en Tabakalera, Centro Internacional de Cultura Contempor\u00e1nea. El objetivo de esta escuela es estimular la emergencia de cineastas con una mirada integral, capaces de generar realidades cinematogr\u00e1ficas nuevas a trav\u00e9s de tres programas de postgrado independientes: archivo, creaci\u00f3n y comisariado. Alumnado del postgrado en Comisariado ser\u00e1n los encargados de realizar el dise\u00f1o de la programaci\u00f3n de la muestra de videoarte \u2018Otras luces \/ Bestelako argiak\u2019, bajo la supervisi\u00f3n y coordinaci\u00f3n de Mar\u00eda Palacios Cruz.<\/p>\n<p>El Ayuntamiento ser\u00e1 el encargado de organizar la muestra e instalar las infraestructuras para su realizaci\u00f3n, as\u00ed como el material de difusi\u00f3n, adem\u00e1s de la gesti\u00f3n y pagos de derecho de exhibici\u00f3n. En total, el coste m\u00e1ximo ser\u00e1 de 25.000 euros.<\/p>\n<p><strong>Tercera edici\u00f3n de \u2018Otras luces \/ Bestelako argiak\u2019<\/strong><\/p>\n<p>El Ayuntamiento de Pamplona puso en marcha en diciembre de 2016 \u2018Otras luces \/ Bestelako argiak\u2019, en una apuesta por el arte, la expresi\u00f3n art\u00edstica y la vanguardia en la ciudad, iluminando sus paredes y rincones con sentimientos, relatos, reflexiones o pensamientos en forma de videocreaci\u00f3n. Se trataba de llevar el arte a la calle y hacerlo accesible para todos los p\u00fablicos.<\/p>\n<p>En la primera edici\u00f3n se proyectaron 18 videocreaciones en siete espacios del Casco Antiguo de Pamplona, procedentes de artistas de ocho pa\u00edses (Espa\u00f1a, Argentina, M\u00e9xico, Tailandia, Pa\u00edses Bajos, B\u00e9lgica, Alemania y Suiza). Entre las piezas exhibidas se encontraban algunas de la Colecci\u00f3n de Arte Contempor\u00e1neo del Ayuntamiento.<\/p>\n<p>La pasada edici\u00f3n de \u2018Otras Luces\/Bestelako argiak\u2019 proyect\u00f3 las creaciones de 17 artistas en ocho espacios de la ciudad.\u00a0 Adem\u00e1s, a las proyecciones se sumaron distintos talleres de cine y v\u00eddeo, y un espect\u00e1culo de v\u00eddeo-mapping sobre la fachada de la Sala de Armas de la Ciudadela.<\/p>\n<p>&nbsp;<\/p>\n","protected":false},"excerpt":{"rendered":"<p>El Ayuntamiento de Pamplona firma un convenio de Colaboraci\u00f3n con el centro para apoyar la iniciativa<\/p>\n","protected":false},"author":1,"featured_media":17600,"comment_status":"open","ping_status":"closed","sticky":false,"template":"","format":"standard","meta":{"footnotes":""},"categories":[2],"tags":[],"class_list":["post-19108","post","type-post","status-publish","format-standard","has-post-thumbnail","hentry","category-ayuntamiento-pamplona"],"yoast_head":"<!-- This site is optimized with the Yoast SEO plugin v27.9 - https:\/\/yoast.com\/product\/yoast-seo-wordpress\/ -->\n<title>Alumnado de la Escuela de Cine El\u00edas Querejeta dise\u00f1ar\u00e1 la programaci\u00f3n de la muestra de videoarte que se exhibir\u00e1 en calles y rincones de Pamplona estas navidades<\/title>\n<meta name=\"robots\" content=\"index, follow, max-snippet:-1, max-image-preview:large, max-video-preview:-1\" \/>\n<link rel=\"canonical\" href=\"https:\/\/www.laguiadepamplona.com\/actualidad\/alumnado-de-la-escuela-de-cine-elias-querejeta-disenara-la-programacion-de-la-muestra-de-videoarte-que-se-exhibira-en-calles-y-rincones-de-pamplona-estas-navidades\/\" \/>\n<meta property=\"og:locale\" content=\"es_ES\" \/>\n<meta property=\"og:type\" content=\"article\" \/>\n<meta property=\"og:title\" content=\"Alumnado de la Escuela de Cine El\u00edas Querejeta dise\u00f1ar\u00e1 la programaci\u00f3n de la muestra de videoarte que se exhibir\u00e1 en calles y rincones de Pamplona estas navidades\" \/>\n<meta property=\"og:description\" content=\"El Ayuntamiento de Pamplona firma un convenio de Colaboraci\u00f3n con el centro para apoyar la iniciativa\" \/>\n<meta property=\"og:url\" content=\"https:\/\/www.laguiadepamplona.com\/actualidad\/alumnado-de-la-escuela-de-cine-elias-querejeta-disenara-la-programacion-de-la-muestra-de-videoarte-que-se-exhibira-en-calles-y-rincones-de-pamplona-estas-navidades\/\" \/>\n<meta property=\"og:site_name\" content=\"La Gu\u00eda de Pamplona Noticias y actualidad\" \/>\n<meta property=\"article:publisher\" content=\"https:\/\/www.facebook.com\/laguiadepamplonacom-133175176762273\/?ref=hl\" \/>\n<meta property=\"article:published_time\" content=\"2018-10-23T11:13:52+00:00\" \/>\n<meta property=\"og:image\" content=\"https:\/\/www.laguiadepamplona.com\/actualidad\/wp-content\/uploads\/2018\/05\/ayto-pamplona-3.jpg\" \/>\n\t<meta property=\"og:image:width\" content=\"1000\" \/>\n\t<meta property=\"og:image:height\" content=\"555\" \/>\n\t<meta property=\"og:image:type\" content=\"image\/jpeg\" \/>\n<meta name=\"author\" content=\"La Gu\u00eda de Pamplona\" \/>\n<meta name=\"twitter:card\" content=\"summary_large_image\" \/>\n<meta name=\"twitter:creator\" content=\"@LaGuiadPamplona\" \/>\n<meta name=\"twitter:site\" content=\"@LaGuiadPamplona\" \/>\n<meta name=\"twitter:label1\" content=\"Escrito por\" \/>\n\t<meta name=\"twitter:data1\" content=\"La Gu\u00eda de Pamplona\" \/>\n\t<meta name=\"twitter:label2\" content=\"Tiempo de lectura\" \/>\n\t<meta name=\"twitter:data2\" content=\"3 minutos\" \/>\n<script type=\"application\/ld+json\" class=\"yoast-schema-graph\">{\"@context\":\"https:\\\/\\\/schema.org\",\"@graph\":[{\"@type\":\"Article\",\"@id\":\"https:\\\/\\\/www.laguiadepamplona.com\\\/actualidad\\\/alumnado-de-la-escuela-de-cine-elias-querejeta-disenara-la-programacion-de-la-muestra-de-videoarte-que-se-exhibira-en-calles-y-rincones-de-pamplona-estas-navidades\\\/#article\",\"isPartOf\":{\"@id\":\"https:\\\/\\\/www.laguiadepamplona.com\\\/actualidad\\\/alumnado-de-la-escuela-de-cine-elias-querejeta-disenara-la-programacion-de-la-muestra-de-videoarte-que-se-exhibira-en-calles-y-rincones-de-pamplona-estas-navidades\\\/\"},\"author\":{\"name\":\"La Gu\u00eda de Pamplona\",\"@id\":\"https:\\\/\\\/www.laguiadepamplona.com\\\/actualidad\\\/#\\\/schema\\\/person\\\/efe887376f0213d4657c93adc50b1fdb\"},\"headline\":\"Alumnado de la Escuela de Cine El\u00edas Querejeta dise\u00f1ar\u00e1 la programaci\u00f3n de la muestra de videoarte que se exhibir\u00e1 en calles y rincones de Pamplona estas navidades\",\"datePublished\":\"2018-10-23T11:13:52+00:00\",\"mainEntityOfPage\":{\"@id\":\"https:\\\/\\\/www.laguiadepamplona.com\\\/actualidad\\\/alumnado-de-la-escuela-de-cine-elias-querejeta-disenara-la-programacion-de-la-muestra-de-videoarte-que-se-exhibira-en-calles-y-rincones-de-pamplona-estas-navidades\\\/\"},\"wordCount\":618,\"commentCount\":0,\"publisher\":{\"@id\":\"https:\\\/\\\/www.laguiadepamplona.com\\\/actualidad\\\/#organization\"},\"image\":{\"@id\":\"https:\\\/\\\/www.laguiadepamplona.com\\\/actualidad\\\/alumnado-de-la-escuela-de-cine-elias-querejeta-disenara-la-programacion-de-la-muestra-de-videoarte-que-se-exhibira-en-calles-y-rincones-de-pamplona-estas-navidades\\\/#primaryimage\"},\"thumbnailUrl\":\"https:\\\/\\\/www.laguiadepamplona.com\\\/actualidad\\\/wp-content\\\/uploads\\\/2018\\\/05\\\/ayto-pamplona-3.jpg\",\"articleSection\":[\"Ayto Pamplona\"],\"inLanguage\":\"es\",\"potentialAction\":[{\"@type\":\"CommentAction\",\"name\":\"Comment\",\"target\":[\"https:\\\/\\\/www.laguiadepamplona.com\\\/actualidad\\\/alumnado-de-la-escuela-de-cine-elias-querejeta-disenara-la-programacion-de-la-muestra-de-videoarte-que-se-exhibira-en-calles-y-rincones-de-pamplona-estas-navidades\\\/#respond\"]}]},{\"@type\":\"WebPage\",\"@id\":\"https:\\\/\\\/www.laguiadepamplona.com\\\/actualidad\\\/alumnado-de-la-escuela-de-cine-elias-querejeta-disenara-la-programacion-de-la-muestra-de-videoarte-que-se-exhibira-en-calles-y-rincones-de-pamplona-estas-navidades\\\/\",\"url\":\"https:\\\/\\\/www.laguiadepamplona.com\\\/actualidad\\\/alumnado-de-la-escuela-de-cine-elias-querejeta-disenara-la-programacion-de-la-muestra-de-videoarte-que-se-exhibira-en-calles-y-rincones-de-pamplona-estas-navidades\\\/\",\"name\":\"Alumnado de la Escuela de Cine El\u00edas Querejeta dise\u00f1ar\u00e1 la programaci\u00f3n de la muestra de videoarte que se exhibir\u00e1 en calles y rincones de Pamplona estas navidades\",\"isPartOf\":{\"@id\":\"https:\\\/\\\/www.laguiadepamplona.com\\\/actualidad\\\/#website\"},\"primaryImageOfPage\":{\"@id\":\"https:\\\/\\\/www.laguiadepamplona.com\\\/actualidad\\\/alumnado-de-la-escuela-de-cine-elias-querejeta-disenara-la-programacion-de-la-muestra-de-videoarte-que-se-exhibira-en-calles-y-rincones-de-pamplona-estas-navidades\\\/#primaryimage\"},\"image\":{\"@id\":\"https:\\\/\\\/www.laguiadepamplona.com\\\/actualidad\\\/alumnado-de-la-escuela-de-cine-elias-querejeta-disenara-la-programacion-de-la-muestra-de-videoarte-que-se-exhibira-en-calles-y-rincones-de-pamplona-estas-navidades\\\/#primaryimage\"},\"thumbnailUrl\":\"https:\\\/\\\/www.laguiadepamplona.com\\\/actualidad\\\/wp-content\\\/uploads\\\/2018\\\/05\\\/ayto-pamplona-3.jpg\",\"datePublished\":\"2018-10-23T11:13:52+00:00\",\"breadcrumb\":{\"@id\":\"https:\\\/\\\/www.laguiadepamplona.com\\\/actualidad\\\/alumnado-de-la-escuela-de-cine-elias-querejeta-disenara-la-programacion-de-la-muestra-de-videoarte-que-se-exhibira-en-calles-y-rincones-de-pamplona-estas-navidades\\\/#breadcrumb\"},\"inLanguage\":\"es\",\"potentialAction\":[{\"@type\":\"ReadAction\",\"target\":[\"https:\\\/\\\/www.laguiadepamplona.com\\\/actualidad\\\/alumnado-de-la-escuela-de-cine-elias-querejeta-disenara-la-programacion-de-la-muestra-de-videoarte-que-se-exhibira-en-calles-y-rincones-de-pamplona-estas-navidades\\\/\"]}]},{\"@type\":\"ImageObject\",\"inLanguage\":\"es\",\"@id\":\"https:\\\/\\\/www.laguiadepamplona.com\\\/actualidad\\\/alumnado-de-la-escuela-de-cine-elias-querejeta-disenara-la-programacion-de-la-muestra-de-videoarte-que-se-exhibira-en-calles-y-rincones-de-pamplona-estas-navidades\\\/#primaryimage\",\"url\":\"https:\\\/\\\/www.laguiadepamplona.com\\\/actualidad\\\/wp-content\\\/uploads\\\/2018\\\/05\\\/ayto-pamplona-3.jpg\",\"contentUrl\":\"https:\\\/\\\/www.laguiadepamplona.com\\\/actualidad\\\/wp-content\\\/uploads\\\/2018\\\/05\\\/ayto-pamplona-3.jpg\",\"width\":1000,\"height\":555},{\"@type\":\"BreadcrumbList\",\"@id\":\"https:\\\/\\\/www.laguiadepamplona.com\\\/actualidad\\\/alumnado-de-la-escuela-de-cine-elias-querejeta-disenara-la-programacion-de-la-muestra-de-videoarte-que-se-exhibira-en-calles-y-rincones-de-pamplona-estas-navidades\\\/#breadcrumb\",\"itemListElement\":[{\"@type\":\"ListItem\",\"position\":1,\"name\":\"Portada\",\"item\":\"https:\\\/\\\/www.laguiadepamplona.com\\\/actualidad\\\/\"},{\"@type\":\"ListItem\",\"position\":2,\"name\":\"Alumnado de la Escuela de Cine El\u00edas Querejeta dise\u00f1ar\u00e1 la programaci\u00f3n de la muestra de videoarte que se exhibir\u00e1 en calles y rincones de Pamplona estas navidades\"}]},{\"@type\":\"WebSite\",\"@id\":\"https:\\\/\\\/www.laguiadepamplona.com\\\/actualidad\\\/#website\",\"url\":\"https:\\\/\\\/www.laguiadepamplona.com\\\/actualidad\\\/\",\"name\":\"La gu\u00eda de Pamplona\",\"description\":\"Noticias de Pamplona\",\"publisher\":{\"@id\":\"https:\\\/\\\/www.laguiadepamplona.com\\\/actualidad\\\/#organization\"},\"potentialAction\":[{\"@type\":\"SearchAction\",\"target\":{\"@type\":\"EntryPoint\",\"urlTemplate\":\"https:\\\/\\\/www.laguiadepamplona.com\\\/actualidad\\\/?s={search_term_string}\"},\"query-input\":{\"@type\":\"PropertyValueSpecification\",\"valueRequired\":true,\"valueName\":\"search_term_string\"}}],\"inLanguage\":\"es\"},{\"@type\":\"Organization\",\"@id\":\"https:\\\/\\\/www.laguiadepamplona.com\\\/actualidad\\\/#organization\",\"name\":\"La Gu\u00eda de Pamplona \\\/ Noticias\",\"url\":\"https:\\\/\\\/www.laguiadepamplona.com\\\/actualidad\\\/\",\"logo\":{\"@type\":\"ImageObject\",\"inLanguage\":\"es\",\"@id\":\"https:\\\/\\\/www.laguiadepamplona.com\\\/actualidad\\\/#\\\/schema\\\/logo\\\/image\\\/\",\"url\":\"https:\\\/\\\/www.laguiadepamplona.com\\\/actualidad\\\/wp-content\\\/uploads\\\/2018\\\/11\\\/logo-laguiadepamplona18-web1.png\",\"contentUrl\":\"https:\\\/\\\/www.laguiadepamplona.com\\\/actualidad\\\/wp-content\\\/uploads\\\/2018\\\/11\\\/logo-laguiadepamplona18-web1.png\",\"width\":600,\"height\":196,\"caption\":\"La Gu\u00eda de Pamplona \\\/ Noticias\"},\"image\":{\"@id\":\"https:\\\/\\\/www.laguiadepamplona.com\\\/actualidad\\\/#\\\/schema\\\/logo\\\/image\\\/\"},\"sameAs\":[\"https:\\\/\\\/www.facebook.com\\\/laguiadepamplonacom-133175176762273\\\/?ref=hl\",\"https:\\\/\\\/x.com\\\/LaGuiadPamplona\",\"https:\\\/\\\/www.instagram.com\\\/la_guia_de_pamplona\\\/\",\"https:\\\/\\\/www.youtube.com\\\/user\\\/laguiadepamplona\"]},{\"@type\":\"Person\",\"@id\":\"https:\\\/\\\/www.laguiadepamplona.com\\\/actualidad\\\/#\\\/schema\\\/person\\\/efe887376f0213d4657c93adc50b1fdb\",\"name\":\"La Gu\u00eda de Pamplona\",\"image\":{\"@type\":\"ImageObject\",\"inLanguage\":\"es\",\"@id\":\"https:\\\/\\\/secure.gravatar.com\\\/avatar\\\/b6992f131dc8d30ab0dff15446e9d346d9dbd95992de0fef795073f5ea83a81c?s=96&d=mm&r=g\",\"url\":\"https:\\\/\\\/secure.gravatar.com\\\/avatar\\\/b6992f131dc8d30ab0dff15446e9d346d9dbd95992de0fef795073f5ea83a81c?s=96&d=mm&r=g\",\"contentUrl\":\"https:\\\/\\\/secure.gravatar.com\\\/avatar\\\/b6992f131dc8d30ab0dff15446e9d346d9dbd95992de0fef795073f5ea83a81c?s=96&d=mm&r=g\",\"caption\":\"La Gu\u00eda de Pamplona\"}}]}<\/script>\n<!-- \/ Yoast SEO plugin. -->","yoast_head_json":{"title":"Alumnado de la Escuela de Cine El\u00edas Querejeta dise\u00f1ar\u00e1 la programaci\u00f3n de la muestra de videoarte que se exhibir\u00e1 en calles y rincones de Pamplona estas navidades","robots":{"index":"index","follow":"follow","max-snippet":"max-snippet:-1","max-image-preview":"max-image-preview:large","max-video-preview":"max-video-preview:-1"},"canonical":"https:\/\/www.laguiadepamplona.com\/actualidad\/alumnado-de-la-escuela-de-cine-elias-querejeta-disenara-la-programacion-de-la-muestra-de-videoarte-que-se-exhibira-en-calles-y-rincones-de-pamplona-estas-navidades\/","og_locale":"es_ES","og_type":"article","og_title":"Alumnado de la Escuela de Cine El\u00edas Querejeta dise\u00f1ar\u00e1 la programaci\u00f3n de la muestra de videoarte que se exhibir\u00e1 en calles y rincones de Pamplona estas navidades","og_description":"El Ayuntamiento de Pamplona firma un convenio de Colaboraci\u00f3n con el centro para apoyar la iniciativa","og_url":"https:\/\/www.laguiadepamplona.com\/actualidad\/alumnado-de-la-escuela-de-cine-elias-querejeta-disenara-la-programacion-de-la-muestra-de-videoarte-que-se-exhibira-en-calles-y-rincones-de-pamplona-estas-navidades\/","og_site_name":"La Gu\u00eda de Pamplona Noticias y actualidad","article_publisher":"https:\/\/www.facebook.com\/laguiadepamplonacom-133175176762273\/?ref=hl","article_published_time":"2018-10-23T11:13:52+00:00","og_image":[{"width":1000,"height":555,"url":"https:\/\/www.laguiadepamplona.com\/actualidad\/wp-content\/uploads\/2018\/05\/ayto-pamplona-3.jpg","type":"image\/jpeg"}],"author":"La Gu\u00eda de Pamplona","twitter_card":"summary_large_image","twitter_creator":"@LaGuiadPamplona","twitter_site":"@LaGuiadPamplona","twitter_misc":{"Escrito por":"La Gu\u00eda de Pamplona","Tiempo de lectura":"3 minutos"},"schema":{"@context":"https:\/\/schema.org","@graph":[{"@type":"Article","@id":"https:\/\/www.laguiadepamplona.com\/actualidad\/alumnado-de-la-escuela-de-cine-elias-querejeta-disenara-la-programacion-de-la-muestra-de-videoarte-que-se-exhibira-en-calles-y-rincones-de-pamplona-estas-navidades\/#article","isPartOf":{"@id":"https:\/\/www.laguiadepamplona.com\/actualidad\/alumnado-de-la-escuela-de-cine-elias-querejeta-disenara-la-programacion-de-la-muestra-de-videoarte-que-se-exhibira-en-calles-y-rincones-de-pamplona-estas-navidades\/"},"author":{"name":"La Gu\u00eda de Pamplona","@id":"https:\/\/www.laguiadepamplona.com\/actualidad\/#\/schema\/person\/efe887376f0213d4657c93adc50b1fdb"},"headline":"Alumnado de la Escuela de Cine El\u00edas Querejeta dise\u00f1ar\u00e1 la programaci\u00f3n de la muestra de videoarte que se exhibir\u00e1 en calles y rincones de Pamplona estas navidades","datePublished":"2018-10-23T11:13:52+00:00","mainEntityOfPage":{"@id":"https:\/\/www.laguiadepamplona.com\/actualidad\/alumnado-de-la-escuela-de-cine-elias-querejeta-disenara-la-programacion-de-la-muestra-de-videoarte-que-se-exhibira-en-calles-y-rincones-de-pamplona-estas-navidades\/"},"wordCount":618,"commentCount":0,"publisher":{"@id":"https:\/\/www.laguiadepamplona.com\/actualidad\/#organization"},"image":{"@id":"https:\/\/www.laguiadepamplona.com\/actualidad\/alumnado-de-la-escuela-de-cine-elias-querejeta-disenara-la-programacion-de-la-muestra-de-videoarte-que-se-exhibira-en-calles-y-rincones-de-pamplona-estas-navidades\/#primaryimage"},"thumbnailUrl":"https:\/\/www.laguiadepamplona.com\/actualidad\/wp-content\/uploads\/2018\/05\/ayto-pamplona-3.jpg","articleSection":["Ayto Pamplona"],"inLanguage":"es","potentialAction":[{"@type":"CommentAction","name":"Comment","target":["https:\/\/www.laguiadepamplona.com\/actualidad\/alumnado-de-la-escuela-de-cine-elias-querejeta-disenara-la-programacion-de-la-muestra-de-videoarte-que-se-exhibira-en-calles-y-rincones-de-pamplona-estas-navidades\/#respond"]}]},{"@type":"WebPage","@id":"https:\/\/www.laguiadepamplona.com\/actualidad\/alumnado-de-la-escuela-de-cine-elias-querejeta-disenara-la-programacion-de-la-muestra-de-videoarte-que-se-exhibira-en-calles-y-rincones-de-pamplona-estas-navidades\/","url":"https:\/\/www.laguiadepamplona.com\/actualidad\/alumnado-de-la-escuela-de-cine-elias-querejeta-disenara-la-programacion-de-la-muestra-de-videoarte-que-se-exhibira-en-calles-y-rincones-de-pamplona-estas-navidades\/","name":"Alumnado de la Escuela de Cine El\u00edas Querejeta dise\u00f1ar\u00e1 la programaci\u00f3n de la muestra de videoarte que se exhibir\u00e1 en calles y rincones de Pamplona estas navidades","isPartOf":{"@id":"https:\/\/www.laguiadepamplona.com\/actualidad\/#website"},"primaryImageOfPage":{"@id":"https:\/\/www.laguiadepamplona.com\/actualidad\/alumnado-de-la-escuela-de-cine-elias-querejeta-disenara-la-programacion-de-la-muestra-de-videoarte-que-se-exhibira-en-calles-y-rincones-de-pamplona-estas-navidades\/#primaryimage"},"image":{"@id":"https:\/\/www.laguiadepamplona.com\/actualidad\/alumnado-de-la-escuela-de-cine-elias-querejeta-disenara-la-programacion-de-la-muestra-de-videoarte-que-se-exhibira-en-calles-y-rincones-de-pamplona-estas-navidades\/#primaryimage"},"thumbnailUrl":"https:\/\/www.laguiadepamplona.com\/actualidad\/wp-content\/uploads\/2018\/05\/ayto-pamplona-3.jpg","datePublished":"2018-10-23T11:13:52+00:00","breadcrumb":{"@id":"https:\/\/www.laguiadepamplona.com\/actualidad\/alumnado-de-la-escuela-de-cine-elias-querejeta-disenara-la-programacion-de-la-muestra-de-videoarte-que-se-exhibira-en-calles-y-rincones-de-pamplona-estas-navidades\/#breadcrumb"},"inLanguage":"es","potentialAction":[{"@type":"ReadAction","target":["https:\/\/www.laguiadepamplona.com\/actualidad\/alumnado-de-la-escuela-de-cine-elias-querejeta-disenara-la-programacion-de-la-muestra-de-videoarte-que-se-exhibira-en-calles-y-rincones-de-pamplona-estas-navidades\/"]}]},{"@type":"ImageObject","inLanguage":"es","@id":"https:\/\/www.laguiadepamplona.com\/actualidad\/alumnado-de-la-escuela-de-cine-elias-querejeta-disenara-la-programacion-de-la-muestra-de-videoarte-que-se-exhibira-en-calles-y-rincones-de-pamplona-estas-navidades\/#primaryimage","url":"https:\/\/www.laguiadepamplona.com\/actualidad\/wp-content\/uploads\/2018\/05\/ayto-pamplona-3.jpg","contentUrl":"https:\/\/www.laguiadepamplona.com\/actualidad\/wp-content\/uploads\/2018\/05\/ayto-pamplona-3.jpg","width":1000,"height":555},{"@type":"BreadcrumbList","@id":"https:\/\/www.laguiadepamplona.com\/actualidad\/alumnado-de-la-escuela-de-cine-elias-querejeta-disenara-la-programacion-de-la-muestra-de-videoarte-que-se-exhibira-en-calles-y-rincones-de-pamplona-estas-navidades\/#breadcrumb","itemListElement":[{"@type":"ListItem","position":1,"name":"Portada","item":"https:\/\/www.laguiadepamplona.com\/actualidad\/"},{"@type":"ListItem","position":2,"name":"Alumnado de la Escuela de Cine El\u00edas Querejeta dise\u00f1ar\u00e1 la programaci\u00f3n de la muestra de videoarte que se exhibir\u00e1 en calles y rincones de Pamplona estas navidades"}]},{"@type":"WebSite","@id":"https:\/\/www.laguiadepamplona.com\/actualidad\/#website","url":"https:\/\/www.laguiadepamplona.com\/actualidad\/","name":"La gu\u00eda de Pamplona","description":"Noticias de Pamplona","publisher":{"@id":"https:\/\/www.laguiadepamplona.com\/actualidad\/#organization"},"potentialAction":[{"@type":"SearchAction","target":{"@type":"EntryPoint","urlTemplate":"https:\/\/www.laguiadepamplona.com\/actualidad\/?s={search_term_string}"},"query-input":{"@type":"PropertyValueSpecification","valueRequired":true,"valueName":"search_term_string"}}],"inLanguage":"es"},{"@type":"Organization","@id":"https:\/\/www.laguiadepamplona.com\/actualidad\/#organization","name":"La Gu\u00eda de Pamplona \/ Noticias","url":"https:\/\/www.laguiadepamplona.com\/actualidad\/","logo":{"@type":"ImageObject","inLanguage":"es","@id":"https:\/\/www.laguiadepamplona.com\/actualidad\/#\/schema\/logo\/image\/","url":"https:\/\/www.laguiadepamplona.com\/actualidad\/wp-content\/uploads\/2018\/11\/logo-laguiadepamplona18-web1.png","contentUrl":"https:\/\/www.laguiadepamplona.com\/actualidad\/wp-content\/uploads\/2018\/11\/logo-laguiadepamplona18-web1.png","width":600,"height":196,"caption":"La Gu\u00eda de Pamplona \/ Noticias"},"image":{"@id":"https:\/\/www.laguiadepamplona.com\/actualidad\/#\/schema\/logo\/image\/"},"sameAs":["https:\/\/www.facebook.com\/laguiadepamplonacom-133175176762273\/?ref=hl","https:\/\/x.com\/LaGuiadPamplona","https:\/\/www.instagram.com\/la_guia_de_pamplona\/","https:\/\/www.youtube.com\/user\/laguiadepamplona"]},{"@type":"Person","@id":"https:\/\/www.laguiadepamplona.com\/actualidad\/#\/schema\/person\/efe887376f0213d4657c93adc50b1fdb","name":"La Gu\u00eda de Pamplona","image":{"@type":"ImageObject","inLanguage":"es","@id":"https:\/\/secure.gravatar.com\/avatar\/b6992f131dc8d30ab0dff15446e9d346d9dbd95992de0fef795073f5ea83a81c?s=96&d=mm&r=g","url":"https:\/\/secure.gravatar.com\/avatar\/b6992f131dc8d30ab0dff15446e9d346d9dbd95992de0fef795073f5ea83a81c?s=96&d=mm&r=g","contentUrl":"https:\/\/secure.gravatar.com\/avatar\/b6992f131dc8d30ab0dff15446e9d346d9dbd95992de0fef795073f5ea83a81c?s=96&d=mm&r=g","caption":"La Gu\u00eda de Pamplona"}}]}},"post_mailing_queue_ids":[],"_links":{"self":[{"href":"https:\/\/www.laguiadepamplona.com\/actualidad\/wp-json\/wp\/v2\/posts\/19108","targetHints":{"allow":["GET"]}}],"collection":[{"href":"https:\/\/www.laguiadepamplona.com\/actualidad\/wp-json\/wp\/v2\/posts"}],"about":[{"href":"https:\/\/www.laguiadepamplona.com\/actualidad\/wp-json\/wp\/v2\/types\/post"}],"author":[{"embeddable":true,"href":"https:\/\/www.laguiadepamplona.com\/actualidad\/wp-json\/wp\/v2\/users\/1"}],"replies":[{"embeddable":true,"href":"https:\/\/www.laguiadepamplona.com\/actualidad\/wp-json\/wp\/v2\/comments?post=19108"}],"version-history":[{"count":0,"href":"https:\/\/www.laguiadepamplona.com\/actualidad\/wp-json\/wp\/v2\/posts\/19108\/revisions"}],"wp:featuredmedia":[{"embeddable":true,"href":"https:\/\/www.laguiadepamplona.com\/actualidad\/wp-json\/wp\/v2\/media\/17600"}],"wp:attachment":[{"href":"https:\/\/www.laguiadepamplona.com\/actualidad\/wp-json\/wp\/v2\/media?parent=19108"}],"wp:term":[{"taxonomy":"category","embeddable":true,"href":"https:\/\/www.laguiadepamplona.com\/actualidad\/wp-json\/wp\/v2\/categories?post=19108"},{"taxonomy":"post_tag","embeddable":true,"href":"https:\/\/www.laguiadepamplona.com\/actualidad\/wp-json\/wp\/v2\/tags?post=19108"}],"curies":[{"name":"wp","href":"https:\/\/api.w.org\/{rel}","templated":true}]}}