{"id":1910,"date":"2014-06-09T13:21:33","date_gmt":"2014-06-09T12:21:33","guid":{"rendered":"http:\/\/laguiadepamplona.es\/noticias\/?p=1910"},"modified":"2014-06-09T13:21:33","modified_gmt":"2014-06-09T12:21:33","slug":"ayuntamiento-de-pamplona-y-gobierno-de-navarra-firman-un-convenio-de-colaboracion-para-coordinar-los-servicios-de-informacion-turistica-en-la-oficina-de-turismo-municipal","status":"publish","type":"post","link":"https:\/\/www.laguiadepamplona.com\/actualidad\/ayuntamiento-de-pamplona-y-gobierno-de-navarra-firman-un-convenio-de-colaboracion-para-coordinar-los-servicios-de-informacion-turistica-en-la-oficina-de-turismo-municipal\/","title":{"rendered":"Ayuntamiento de Pamplona y Gobierno de Navarra firman un convenio de colaboraci\u00f3n para coordinar los servicios de informaci\u00f3n tur\u00edstica en la Oficina de Turismo Municipal"},"content":{"rendered":"<h4>El local, que incluir\u00e1 la marca <span lang=\"ES-TRAD\">\u2018Reyno de Navarra\u2019, <\/span>contar\u00e1 con una persona aportada por el Gobierno y con<span lang=\"ES-TRAD\"> material sobre la Comunidad Foral<\/span><\/h4>\n<p class=\"Textonota\"><a href=\"http:\/\/laguiadepamplona.es\/noticias\/wp-content\/uploads\/2014\/06\/convenio_oficina_turismo2.jpg\"><img loading=\"lazy\" decoding=\"async\" class=\"alignleft size-medium wp-image-1911\" src=\"http:\/\/laguiadepamplona.es\/noticias\/wp-content\/uploads\/2014\/06\/convenio_oficina_turismo2-300x200.jpg\" alt=\"convenio_oficina_turismo2\" width=\"300\" height=\"200\" \/><\/a>La concejala delegada de Empleo, Comercio y Turismo del Ayuntamiento de Pamplona, Mar\u00eda Caballero, y el consejero de Cultura, Turismo y Relaciones Internacionales del Gobierno de Navarra, Juan Luis S\u00e1nchez de Muni\u00e1in, han firmado esta ma\u00f1ana un convenio de colaboraci\u00f3n para coordinar los servicios de informaci\u00f3n tur\u00edstica de ambas instituciones a trav\u00e9s de la nueva Oficina de Turismo Municipal de la ciudad, situada junto a la Casa Consistorial.<\/p>\n<p class=\"Textonota\">El acuerdo establece mecanismos concretos para que en dicha oficina se ofrezca informaci\u00f3n tanto de Pamplona como de Navarra como destinos tur\u00edsticos, prestando un servicio unificado, eficaz y c\u00f3modo para el visitante. El convenio surge tras el cierre de la Oficina de Turismo del Gobierno, al considerarse la idoneidad de mantener un \u00fanico local que preste una atenci\u00f3n coordinada en un lugar estrat\u00e9gico como la Plaza Consistorial.<\/p>\n<p class=\"Textonota\">En el convenio se contempla que la oficina sea un punto colaborador dentro del sistema de informaci\u00f3n tur\u00edstica de Navarra, lo cual se traducir\u00e1 en la inclusi\u00f3n en el local de se\u00f1alizaci\u00f3n con el logotipo de la marca \u2018Reyno de Navarra\u2019. Adem\u00e1s, el Gobierno aportar\u00e1 folletos y material promocional tur\u00edstico como complemento al editado por el Ayuntamiento sobre Pamplona, y ambas entidades compartir\u00e1n la informaci\u00f3n recogida y los informes y estad\u00edsticas de resultados.<\/p>\n<p class=\"Textonota\">El Consistorio se compromete a ceder un espacio dentro de la Oficina de Turismo a una persona que aportar\u00e1 y depender\u00e1 del Gobierno de Navarra, cuya funci\u00f3n principal ser\u00e1 la de informar sobre los destinos tur\u00edsticos de Navarra, sin perjuicio de que, si la situaci\u00f3n lo requiere, pueda prestar tambi\u00e9n informaci\u00f3n sobre los recursos de la capital. En la misma l\u00ednea, el personal dependiente del Ayuntamiento facilitar\u00e1 en la medida de lo posible informaci\u00f3n de Navarra como destino tur\u00edstico, aglutinando las propuestas que posee el conjunto de la Comunidad Foral.<\/p>\n<p class=\"Textonota\">El convenio establece tambi\u00e9n la creaci\u00f3n de una comisi\u00f3n de seguimiento con dos representantes de cada entidad con el fin de evaluar peri\u00f3dicamente el desarrollo de la colaboraci\u00f3n. Integrar\u00e1n la comisi\u00f3n la directora de Empleo, Comercio y Turismo del Ayuntamiento y un t\u00e9cnico municipal de Turismo, as\u00ed como el director general de Turismo y Comercio del Gobierno y un representante del Servicio de Marketing Tur\u00edstico y Desarrollo de Productos Tur\u00edsticos. El acuerdo tendr\u00e1 vigencia hasta el 31 de diciembre de 2014 y se renovar\u00e1 de forma autom\u00e1tica hasta el 31 de diciembre de 2015.<\/p>\n<p class=\"Textonota\">\n","protected":false},"excerpt":{"rendered":"<p>El local, que incluir\u00e1 la marca \u2018Reyno de Navarra\u2019, contar\u00e1 con una persona aportada por el Gobierno y con material sobre la Comunidad Foral La concejala delegada de Empleo, Comercio&#8230;<\/p>\n","protected":false},"author":1,"featured_media":1911,"comment_status":"open","ping_status":"open","sticky":false,"template":"","format":"standard","meta":{"footnotes":""},"categories":[2],"tags":[5,6,509,1586,8,9],"class_list":["post-1910","post","type-post","status-publish","format-standard","has-post-thumbnail","hentry","category-ayuntamiento-pamplona","tag-actualidad","tag-ayto-pamplona","tag-ayuntamiento-de-pamplona","tag-informacion-turistica","tag-noticias","tag-pamplona"],"yoast_head":"<!-- This site is optimized with the Yoast SEO plugin v27.5 - https:\/\/yoast.com\/product\/yoast-seo-wordpress\/ -->\n<title>Ayuntamiento de Pamplona y Gobierno de Navarra firman un convenio de colaboraci\u00f3n para coordinar los servicios de informaci\u00f3n tur\u00edstica en la Oficina de Turismo Municipal<\/title>\n<meta name=\"robots\" content=\"index, follow, max-snippet:-1, max-image-preview:large, max-video-preview:-1\" \/>\n<link rel=\"canonical\" href=\"https:\/\/www.laguiadepamplona.com\/actualidad\/ayuntamiento-de-pamplona-y-gobierno-de-navarra-firman-un-convenio-de-colaboracion-para-coordinar-los-servicios-de-informacion-turistica-en-la-oficina-de-turismo-municipal\/\" \/>\n<meta property=\"og:locale\" content=\"es_ES\" \/>\n<meta property=\"og:type\" content=\"article\" \/>\n<meta property=\"og:title\" content=\"Ayuntamiento de Pamplona y Gobierno de Navarra firman un convenio de colaboraci\u00f3n para coordinar los servicios de informaci\u00f3n tur\u00edstica en la Oficina de Turismo Municipal\" \/>\n<meta property=\"og:description\" content=\"El local, que incluir\u00e1 la marca \u2018Reyno de Navarra\u2019, contar\u00e1 con una persona aportada por el Gobierno y con material sobre la Comunidad Foral La concejala delegada de Empleo, Comercio...\" \/>\n<meta property=\"og:url\" content=\"https:\/\/www.laguiadepamplona.com\/actualidad\/ayuntamiento-de-pamplona-y-gobierno-de-navarra-firman-un-convenio-de-colaboracion-para-coordinar-los-servicios-de-informacion-turistica-en-la-oficina-de-turismo-municipal\/\" \/>\n<meta property=\"og:site_name\" content=\"La Gu\u00eda de Pamplona\" \/>\n<meta property=\"article:publisher\" content=\"https:\/\/www.facebook.com\/laguiadepamplonacom-133175176762273\/?ref=hl\" \/>\n<meta property=\"article:published_time\" content=\"2014-06-09T12:21:33+00:00\" \/>\n<meta name=\"author\" content=\"La Gu\u00eda de Pamplona\" \/>\n<meta name=\"twitter:card\" content=\"summary_large_image\" \/>\n<meta name=\"twitter:creator\" content=\"@LaGuiadPamplona\" \/>\n<meta name=\"twitter:site\" content=\"@LaGuiadPamplona\" \/>\n<meta name=\"twitter:label1\" content=\"Escrito por\" \/>\n\t<meta name=\"twitter:data1\" content=\"La Gu\u00eda de Pamplona\" \/>\n\t<meta name=\"twitter:label2\" content=\"Tiempo de lectura\" \/>\n\t<meta name=\"twitter:data2\" content=\"2 minutos\" \/>\n<script type=\"application\/ld+json\" class=\"yoast-schema-graph\">{\"@context\":\"https:\\\/\\\/schema.org\",\"@graph\":[{\"@type\":\"Article\",\"@id\":\"https:\\\/\\\/www.laguiadepamplona.com\\\/actualidad\\\/ayuntamiento-de-pamplona-y-gobierno-de-navarra-firman-un-convenio-de-colaboracion-para-coordinar-los-servicios-de-informacion-turistica-en-la-oficina-de-turismo-municipal\\\/#article\",\"isPartOf\":{\"@id\":\"https:\\\/\\\/www.laguiadepamplona.com\\\/actualidad\\\/ayuntamiento-de-pamplona-y-gobierno-de-navarra-firman-un-convenio-de-colaboracion-para-coordinar-los-servicios-de-informacion-turistica-en-la-oficina-de-turismo-municipal\\\/\"},\"author\":{\"name\":\"La Gu\u00eda de Pamplona\",\"@id\":\"https:\\\/\\\/www.laguiadepamplona.com\\\/actualidad\\\/#\\\/schema\\\/person\\\/efe887376f0213d4657c93adc50b1fdb\"},\"headline\":\"Ayuntamiento de Pamplona y Gobierno de Navarra firman un convenio de colaboraci\u00f3n para coordinar los servicios de informaci\u00f3n tur\u00edstica en la Oficina de Turismo Municipal\",\"datePublished\":\"2014-06-09T12:21:33+00:00\",\"mainEntityOfPage\":{\"@id\":\"https:\\\/\\\/www.laguiadepamplona.com\\\/actualidad\\\/ayuntamiento-de-pamplona-y-gobierno-de-navarra-firman-un-convenio-de-colaboracion-para-coordinar-los-servicios-de-informacion-turistica-en-la-oficina-de-turismo-municipal\\\/\"},\"wordCount\":482,\"commentCount\":0,\"publisher\":{\"@id\":\"https:\\\/\\\/www.laguiadepamplona.com\\\/actualidad\\\/#organization\"},\"image\":{\"@id\":\"https:\\\/\\\/www.laguiadepamplona.com\\\/actualidad\\\/ayuntamiento-de-pamplona-y-gobierno-de-navarra-firman-un-convenio-de-colaboracion-para-coordinar-los-servicios-de-informacion-turistica-en-la-oficina-de-turismo-municipal\\\/#primaryimage\"},\"thumbnailUrl\":\"\",\"keywords\":[\"actualidad\",\"ayto pamplona\",\"Ayuntamiento de Pamplona\",\"informaci\u00f3n tur\u00edstica\",\"noticias\",\"pamplona\"],\"articleSection\":[\"Ayto Pamplona\"],\"inLanguage\":\"es\",\"potentialAction\":[{\"@type\":\"CommentAction\",\"name\":\"Comment\",\"target\":[\"https:\\\/\\\/www.laguiadepamplona.com\\\/actualidad\\\/ayuntamiento-de-pamplona-y-gobierno-de-navarra-firman-un-convenio-de-colaboracion-para-coordinar-los-servicios-de-informacion-turistica-en-la-oficina-de-turismo-municipal\\\/#respond\"]}]},{\"@type\":\"WebPage\",\"@id\":\"https:\\\/\\\/www.laguiadepamplona.com\\\/actualidad\\\/ayuntamiento-de-pamplona-y-gobierno-de-navarra-firman-un-convenio-de-colaboracion-para-coordinar-los-servicios-de-informacion-turistica-en-la-oficina-de-turismo-municipal\\\/\",\"url\":\"https:\\\/\\\/www.laguiadepamplona.com\\\/actualidad\\\/ayuntamiento-de-pamplona-y-gobierno-de-navarra-firman-un-convenio-de-colaboracion-para-coordinar-los-servicios-de-informacion-turistica-en-la-oficina-de-turismo-municipal\\\/\",\"name\":\"Ayuntamiento de Pamplona y Gobierno de Navarra firman un convenio de colaboraci\u00f3n para coordinar los servicios de informaci\u00f3n tur\u00edstica en la Oficina de Turismo Municipal\",\"isPartOf\":{\"@id\":\"https:\\\/\\\/www.laguiadepamplona.com\\\/actualidad\\\/#website\"},\"primaryImageOfPage\":{\"@id\":\"https:\\\/\\\/www.laguiadepamplona.com\\\/actualidad\\\/ayuntamiento-de-pamplona-y-gobierno-de-navarra-firman-un-convenio-de-colaboracion-para-coordinar-los-servicios-de-informacion-turistica-en-la-oficina-de-turismo-municipal\\\/#primaryimage\"},\"image\":{\"@id\":\"https:\\\/\\\/www.laguiadepamplona.com\\\/actualidad\\\/ayuntamiento-de-pamplona-y-gobierno-de-navarra-firman-un-convenio-de-colaboracion-para-coordinar-los-servicios-de-informacion-turistica-en-la-oficina-de-turismo-municipal\\\/#primaryimage\"},\"thumbnailUrl\":\"\",\"datePublished\":\"2014-06-09T12:21:33+00:00\",\"breadcrumb\":{\"@id\":\"https:\\\/\\\/www.laguiadepamplona.com\\\/actualidad\\\/ayuntamiento-de-pamplona-y-gobierno-de-navarra-firman-un-convenio-de-colaboracion-para-coordinar-los-servicios-de-informacion-turistica-en-la-oficina-de-turismo-municipal\\\/#breadcrumb\"},\"inLanguage\":\"es\",\"potentialAction\":[{\"@type\":\"ReadAction\",\"target\":[\"https:\\\/\\\/www.laguiadepamplona.com\\\/actualidad\\\/ayuntamiento-de-pamplona-y-gobierno-de-navarra-firman-un-convenio-de-colaboracion-para-coordinar-los-servicios-de-informacion-turistica-en-la-oficina-de-turismo-municipal\\\/\"]}]},{\"@type\":\"ImageObject\",\"inLanguage\":\"es\",\"@id\":\"https:\\\/\\\/www.laguiadepamplona.com\\\/actualidad\\\/ayuntamiento-de-pamplona-y-gobierno-de-navarra-firman-un-convenio-de-colaboracion-para-coordinar-los-servicios-de-informacion-turistica-en-la-oficina-de-turismo-municipal\\\/#primaryimage\",\"url\":\"\",\"contentUrl\":\"\"},{\"@type\":\"BreadcrumbList\",\"@id\":\"https:\\\/\\\/www.laguiadepamplona.com\\\/actualidad\\\/ayuntamiento-de-pamplona-y-gobierno-de-navarra-firman-un-convenio-de-colaboracion-para-coordinar-los-servicios-de-informacion-turistica-en-la-oficina-de-turismo-municipal\\\/#breadcrumb\",\"itemListElement\":[{\"@type\":\"ListItem\",\"position\":1,\"name\":\"Portada\",\"item\":\"https:\\\/\\\/www.laguiadepamplona.com\\\/actualidad\\\/\"},{\"@type\":\"ListItem\",\"position\":2,\"name\":\"Ayuntamiento de Pamplona y Gobierno de Navarra firman un convenio de colaboraci\u00f3n para coordinar los servicios de informaci\u00f3n tur\u00edstica en la Oficina de Turismo Municipal\"}]},{\"@type\":\"WebSite\",\"@id\":\"https:\\\/\\\/www.laguiadepamplona.com\\\/actualidad\\\/#website\",\"url\":\"https:\\\/\\\/www.laguiadepamplona.com\\\/actualidad\\\/\",\"name\":\"La gu\u00eda de Pamplona\",\"description\":\"Noticias de Pamplona\",\"publisher\":{\"@id\":\"https:\\\/\\\/www.laguiadepamplona.com\\\/actualidad\\\/#organization\"},\"potentialAction\":[{\"@type\":\"SearchAction\",\"target\":{\"@type\":\"EntryPoint\",\"urlTemplate\":\"https:\\\/\\\/www.laguiadepamplona.com\\\/actualidad\\\/?s={search_term_string}\"},\"query-input\":{\"@type\":\"PropertyValueSpecification\",\"valueRequired\":true,\"valueName\":\"search_term_string\"}}],\"inLanguage\":\"es\"},{\"@type\":\"Organization\",\"@id\":\"https:\\\/\\\/www.laguiadepamplona.com\\\/actualidad\\\/#organization\",\"name\":\"La Gu\u00eda de Pamplona \\\/ Noticias\",\"url\":\"https:\\\/\\\/www.laguiadepamplona.com\\\/actualidad\\\/\",\"logo\":{\"@type\":\"ImageObject\",\"inLanguage\":\"es\",\"@id\":\"https:\\\/\\\/www.laguiadepamplona.com\\\/actualidad\\\/#\\\/schema\\\/logo\\\/image\\\/\",\"url\":\"https:\\\/\\\/www.laguiadepamplona.com\\\/actualidad\\\/wp-content\\\/uploads\\\/2018\\\/11\\\/logo-laguiadepamplona18-web1.png\",\"contentUrl\":\"https:\\\/\\\/www.laguiadepamplona.com\\\/actualidad\\\/wp-content\\\/uploads\\\/2018\\\/11\\\/logo-laguiadepamplona18-web1.png\",\"width\":600,\"height\":196,\"caption\":\"La Gu\u00eda de Pamplona \\\/ Noticias\"},\"image\":{\"@id\":\"https:\\\/\\\/www.laguiadepamplona.com\\\/actualidad\\\/#\\\/schema\\\/logo\\\/image\\\/\"},\"sameAs\":[\"https:\\\/\\\/www.facebook.com\\\/laguiadepamplonacom-133175176762273\\\/?ref=hl\",\"https:\\\/\\\/x.com\\\/LaGuiadPamplona\",\"https:\\\/\\\/www.instagram.com\\\/la_guia_de_pamplona\\\/\",\"https:\\\/\\\/www.youtube.com\\\/user\\\/laguiadepamplona\"]},{\"@type\":\"Person\",\"@id\":\"https:\\\/\\\/www.laguiadepamplona.com\\\/actualidad\\\/#\\\/schema\\\/person\\\/efe887376f0213d4657c93adc50b1fdb\",\"name\":\"La Gu\u00eda de Pamplona\",\"image\":{\"@type\":\"ImageObject\",\"inLanguage\":\"es\",\"@id\":\"https:\\\/\\\/secure.gravatar.com\\\/avatar\\\/b6992f131dc8d30ab0dff15446e9d346d9dbd95992de0fef795073f5ea83a81c?s=96&d=mm&r=g\",\"url\":\"https:\\\/\\\/secure.gravatar.com\\\/avatar\\\/b6992f131dc8d30ab0dff15446e9d346d9dbd95992de0fef795073f5ea83a81c?s=96&d=mm&r=g\",\"contentUrl\":\"https:\\\/\\\/secure.gravatar.com\\\/avatar\\\/b6992f131dc8d30ab0dff15446e9d346d9dbd95992de0fef795073f5ea83a81c?s=96&d=mm&r=g\",\"caption\":\"La Gu\u00eda de Pamplona\"}}]}<\/script>\n<!-- \/ Yoast SEO plugin. -->","yoast_head_json":{"title":"Ayuntamiento de Pamplona y Gobierno de Navarra firman un convenio de colaboraci\u00f3n para coordinar los servicios de informaci\u00f3n tur\u00edstica en la Oficina de Turismo Municipal","robots":{"index":"index","follow":"follow","max-snippet":"max-snippet:-1","max-image-preview":"max-image-preview:large","max-video-preview":"max-video-preview:-1"},"canonical":"https:\/\/www.laguiadepamplona.com\/actualidad\/ayuntamiento-de-pamplona-y-gobierno-de-navarra-firman-un-convenio-de-colaboracion-para-coordinar-los-servicios-de-informacion-turistica-en-la-oficina-de-turismo-municipal\/","og_locale":"es_ES","og_type":"article","og_title":"Ayuntamiento de Pamplona y Gobierno de Navarra firman un convenio de colaboraci\u00f3n para coordinar los servicios de informaci\u00f3n tur\u00edstica en la Oficina de Turismo Municipal","og_description":"El local, que incluir\u00e1 la marca \u2018Reyno de Navarra\u2019, contar\u00e1 con una persona aportada por el Gobierno y con material sobre la Comunidad Foral La concejala delegada de Empleo, Comercio...","og_url":"https:\/\/www.laguiadepamplona.com\/actualidad\/ayuntamiento-de-pamplona-y-gobierno-de-navarra-firman-un-convenio-de-colaboracion-para-coordinar-los-servicios-de-informacion-turistica-en-la-oficina-de-turismo-municipal\/","og_site_name":"La Gu\u00eda de Pamplona","article_publisher":"https:\/\/www.facebook.com\/laguiadepamplonacom-133175176762273\/?ref=hl","article_published_time":"2014-06-09T12:21:33+00:00","author":"La Gu\u00eda de Pamplona","twitter_card":"summary_large_image","twitter_creator":"@LaGuiadPamplona","twitter_site":"@LaGuiadPamplona","twitter_misc":{"Escrito por":"La Gu\u00eda de Pamplona","Tiempo de lectura":"2 minutos"},"schema":{"@context":"https:\/\/schema.org","@graph":[{"@type":"Article","@id":"https:\/\/www.laguiadepamplona.com\/actualidad\/ayuntamiento-de-pamplona-y-gobierno-de-navarra-firman-un-convenio-de-colaboracion-para-coordinar-los-servicios-de-informacion-turistica-en-la-oficina-de-turismo-municipal\/#article","isPartOf":{"@id":"https:\/\/www.laguiadepamplona.com\/actualidad\/ayuntamiento-de-pamplona-y-gobierno-de-navarra-firman-un-convenio-de-colaboracion-para-coordinar-los-servicios-de-informacion-turistica-en-la-oficina-de-turismo-municipal\/"},"author":{"name":"La Gu\u00eda de Pamplona","@id":"https:\/\/www.laguiadepamplona.com\/actualidad\/#\/schema\/person\/efe887376f0213d4657c93adc50b1fdb"},"headline":"Ayuntamiento de Pamplona y Gobierno de Navarra firman un convenio de colaboraci\u00f3n para coordinar los servicios de informaci\u00f3n tur\u00edstica en la Oficina de Turismo Municipal","datePublished":"2014-06-09T12:21:33+00:00","mainEntityOfPage":{"@id":"https:\/\/www.laguiadepamplona.com\/actualidad\/ayuntamiento-de-pamplona-y-gobierno-de-navarra-firman-un-convenio-de-colaboracion-para-coordinar-los-servicios-de-informacion-turistica-en-la-oficina-de-turismo-municipal\/"},"wordCount":482,"commentCount":0,"publisher":{"@id":"https:\/\/www.laguiadepamplona.com\/actualidad\/#organization"},"image":{"@id":"https:\/\/www.laguiadepamplona.com\/actualidad\/ayuntamiento-de-pamplona-y-gobierno-de-navarra-firman-un-convenio-de-colaboracion-para-coordinar-los-servicios-de-informacion-turistica-en-la-oficina-de-turismo-municipal\/#primaryimage"},"thumbnailUrl":"","keywords":["actualidad","ayto pamplona","Ayuntamiento de Pamplona","informaci\u00f3n tur\u00edstica","noticias","pamplona"],"articleSection":["Ayto Pamplona"],"inLanguage":"es","potentialAction":[{"@type":"CommentAction","name":"Comment","target":["https:\/\/www.laguiadepamplona.com\/actualidad\/ayuntamiento-de-pamplona-y-gobierno-de-navarra-firman-un-convenio-de-colaboracion-para-coordinar-los-servicios-de-informacion-turistica-en-la-oficina-de-turismo-municipal\/#respond"]}]},{"@type":"WebPage","@id":"https:\/\/www.laguiadepamplona.com\/actualidad\/ayuntamiento-de-pamplona-y-gobierno-de-navarra-firman-un-convenio-de-colaboracion-para-coordinar-los-servicios-de-informacion-turistica-en-la-oficina-de-turismo-municipal\/","url":"https:\/\/www.laguiadepamplona.com\/actualidad\/ayuntamiento-de-pamplona-y-gobierno-de-navarra-firman-un-convenio-de-colaboracion-para-coordinar-los-servicios-de-informacion-turistica-en-la-oficina-de-turismo-municipal\/","name":"Ayuntamiento de Pamplona y Gobierno de Navarra firman un convenio de colaboraci\u00f3n para coordinar los servicios de informaci\u00f3n tur\u00edstica en la Oficina de Turismo Municipal","isPartOf":{"@id":"https:\/\/www.laguiadepamplona.com\/actualidad\/#website"},"primaryImageOfPage":{"@id":"https:\/\/www.laguiadepamplona.com\/actualidad\/ayuntamiento-de-pamplona-y-gobierno-de-navarra-firman-un-convenio-de-colaboracion-para-coordinar-los-servicios-de-informacion-turistica-en-la-oficina-de-turismo-municipal\/#primaryimage"},"image":{"@id":"https:\/\/www.laguiadepamplona.com\/actualidad\/ayuntamiento-de-pamplona-y-gobierno-de-navarra-firman-un-convenio-de-colaboracion-para-coordinar-los-servicios-de-informacion-turistica-en-la-oficina-de-turismo-municipal\/#primaryimage"},"thumbnailUrl":"","datePublished":"2014-06-09T12:21:33+00:00","breadcrumb":{"@id":"https:\/\/www.laguiadepamplona.com\/actualidad\/ayuntamiento-de-pamplona-y-gobierno-de-navarra-firman-un-convenio-de-colaboracion-para-coordinar-los-servicios-de-informacion-turistica-en-la-oficina-de-turismo-municipal\/#breadcrumb"},"inLanguage":"es","potentialAction":[{"@type":"ReadAction","target":["https:\/\/www.laguiadepamplona.com\/actualidad\/ayuntamiento-de-pamplona-y-gobierno-de-navarra-firman-un-convenio-de-colaboracion-para-coordinar-los-servicios-de-informacion-turistica-en-la-oficina-de-turismo-municipal\/"]}]},{"@type":"ImageObject","inLanguage":"es","@id":"https:\/\/www.laguiadepamplona.com\/actualidad\/ayuntamiento-de-pamplona-y-gobierno-de-navarra-firman-un-convenio-de-colaboracion-para-coordinar-los-servicios-de-informacion-turistica-en-la-oficina-de-turismo-municipal\/#primaryimage","url":"","contentUrl":""},{"@type":"BreadcrumbList","@id":"https:\/\/www.laguiadepamplona.com\/actualidad\/ayuntamiento-de-pamplona-y-gobierno-de-navarra-firman-un-convenio-de-colaboracion-para-coordinar-los-servicios-de-informacion-turistica-en-la-oficina-de-turismo-municipal\/#breadcrumb","itemListElement":[{"@type":"ListItem","position":1,"name":"Portada","item":"https:\/\/www.laguiadepamplona.com\/actualidad\/"},{"@type":"ListItem","position":2,"name":"Ayuntamiento de Pamplona y Gobierno de Navarra firman un convenio de colaboraci\u00f3n para coordinar los servicios de informaci\u00f3n tur\u00edstica en la Oficina de Turismo Municipal"}]},{"@type":"WebSite","@id":"https:\/\/www.laguiadepamplona.com\/actualidad\/#website","url":"https:\/\/www.laguiadepamplona.com\/actualidad\/","name":"La gu\u00eda de Pamplona","description":"Noticias de Pamplona","publisher":{"@id":"https:\/\/www.laguiadepamplona.com\/actualidad\/#organization"},"potentialAction":[{"@type":"SearchAction","target":{"@type":"EntryPoint","urlTemplate":"https:\/\/www.laguiadepamplona.com\/actualidad\/?s={search_term_string}"},"query-input":{"@type":"PropertyValueSpecification","valueRequired":true,"valueName":"search_term_string"}}],"inLanguage":"es"},{"@type":"Organization","@id":"https:\/\/www.laguiadepamplona.com\/actualidad\/#organization","name":"La Gu\u00eda de Pamplona \/ Noticias","url":"https:\/\/www.laguiadepamplona.com\/actualidad\/","logo":{"@type":"ImageObject","inLanguage":"es","@id":"https:\/\/www.laguiadepamplona.com\/actualidad\/#\/schema\/logo\/image\/","url":"https:\/\/www.laguiadepamplona.com\/actualidad\/wp-content\/uploads\/2018\/11\/logo-laguiadepamplona18-web1.png","contentUrl":"https:\/\/www.laguiadepamplona.com\/actualidad\/wp-content\/uploads\/2018\/11\/logo-laguiadepamplona18-web1.png","width":600,"height":196,"caption":"La Gu\u00eda de Pamplona \/ Noticias"},"image":{"@id":"https:\/\/www.laguiadepamplona.com\/actualidad\/#\/schema\/logo\/image\/"},"sameAs":["https:\/\/www.facebook.com\/laguiadepamplonacom-133175176762273\/?ref=hl","https:\/\/x.com\/LaGuiadPamplona","https:\/\/www.instagram.com\/la_guia_de_pamplona\/","https:\/\/www.youtube.com\/user\/laguiadepamplona"]},{"@type":"Person","@id":"https:\/\/www.laguiadepamplona.com\/actualidad\/#\/schema\/person\/efe887376f0213d4657c93adc50b1fdb","name":"La Gu\u00eda de Pamplona","image":{"@type":"ImageObject","inLanguage":"es","@id":"https:\/\/secure.gravatar.com\/avatar\/b6992f131dc8d30ab0dff15446e9d346d9dbd95992de0fef795073f5ea83a81c?s=96&d=mm&r=g","url":"https:\/\/secure.gravatar.com\/avatar\/b6992f131dc8d30ab0dff15446e9d346d9dbd95992de0fef795073f5ea83a81c?s=96&d=mm&r=g","contentUrl":"https:\/\/secure.gravatar.com\/avatar\/b6992f131dc8d30ab0dff15446e9d346d9dbd95992de0fef795073f5ea83a81c?s=96&d=mm&r=g","caption":"La Gu\u00eda de Pamplona"}}]}},"post_mailing_queue_ids":[],"_links":{"self":[{"href":"https:\/\/www.laguiadepamplona.com\/actualidad\/wp-json\/wp\/v2\/posts\/1910","targetHints":{"allow":["GET"]}}],"collection":[{"href":"https:\/\/www.laguiadepamplona.com\/actualidad\/wp-json\/wp\/v2\/posts"}],"about":[{"href":"https:\/\/www.laguiadepamplona.com\/actualidad\/wp-json\/wp\/v2\/types\/post"}],"author":[{"embeddable":true,"href":"https:\/\/www.laguiadepamplona.com\/actualidad\/wp-json\/wp\/v2\/users\/1"}],"replies":[{"embeddable":true,"href":"https:\/\/www.laguiadepamplona.com\/actualidad\/wp-json\/wp\/v2\/comments?post=1910"}],"version-history":[{"count":0,"href":"https:\/\/www.laguiadepamplona.com\/actualidad\/wp-json\/wp\/v2\/posts\/1910\/revisions"}],"wp:featuredmedia":[{"embeddable":true,"href":"https:\/\/www.laguiadepamplona.com\/actualidad\/wp-json\/"}],"wp:attachment":[{"href":"https:\/\/www.laguiadepamplona.com\/actualidad\/wp-json\/wp\/v2\/media?parent=1910"}],"wp:term":[{"taxonomy":"category","embeddable":true,"href":"https:\/\/www.laguiadepamplona.com\/actualidad\/wp-json\/wp\/v2\/categories?post=1910"},{"taxonomy":"post_tag","embeddable":true,"href":"https:\/\/www.laguiadepamplona.com\/actualidad\/wp-json\/wp\/v2\/tags?post=1910"}],"curies":[{"name":"wp","href":"https:\/\/api.w.org\/{rel}","templated":true}]}}