{"id":19095,"date":"2018-10-22T15:13:21","date_gmt":"2018-10-22T13:13:21","guid":{"rendered":"https:\/\/www.laguiadepamplona.es\/actualidad\/?p=19095"},"modified":"2018-10-22T15:13:21","modified_gmt":"2018-10-22T13:13:21","slug":"el-ayuntamiento-se-suma-al-dia-internacional-de-la-despatologizacion-de-la-transexualidad-y-se-compromete-a-trabajar-por-la-no-discriminacion-por-identidad-de-genero","status":"publish","type":"post","link":"https:\/\/www.laguiadepamplona.com\/actualidad\/el-ayuntamiento-se-suma-al-dia-internacional-de-la-despatologizacion-de-la-transexualidad-y-se-compromete-a-trabajar-por-la-no-discriminacion-por-identidad-de-genero\/","title":{"rendered":"El Ayuntamiento se suma al D\u00eda Internacional de la Despatologizaci\u00f3n de la Transexualidad y se compromete a trabajar por la no discriminaci\u00f3n por\u00a0 identidad de g\u00e9nero"},"content":{"rendered":"<p><!--more--><\/p>\n<p>El Ayuntamiento de Pamplona se une a la celebraci\u00f3n del D\u00eda Internacional de la Despatologizaci\u00f3n de la Transexualidad, que tendr\u00e1 lugar el pr\u00f3ximo s\u00e1bado 27 de octubre, y se suma a las reivindicaciones de los colectivos y personas transexuales y transg\u00e9nero\u00a0 para visibilizar la transexualidad como una experiencia de la diversidad sexual y de g\u00e9nero. La Comisi\u00f3n municipal de Presidencia ha aprobado esta ma\u00f1ana una propuesta declaraci\u00f3n, en la que el Ayuntamiento se compromete a \u201ctrabajar para ser una instituci\u00f3n ejemplar en la lucha por la igualdad de derechos y la no discriminaci\u00f3n por motivos de identidad sexual, identidad de g\u00e9nero o expresi\u00f3n de g\u00e9nero\u201d, recoge el primer punto de la declaraci\u00f3n.<\/p>\n<p>La declaraci\u00f3n consta de seis puntos, cinco de los cuales han sido aprobados por unanimidad de los presentes y uno, el segundo, por mayor\u00eda (6 votos a favor de EH Bildu, Geroa Bai, PSN e IE, y 4 abstenciones de UPN). Este segundo punto recoge el compromiso del Ayuntamiento a \u201cfacilitar el libre desarrollo para las y los menores trans, as\u00ed como garantizar sus derechos a la libre autodeterminaci\u00f3n de sexo y\/o g\u00e9nero\u201d.<\/p>\n<p>El resto de puntos de la declaraci\u00f3n expresan la determinaci\u00f3n municipal de \u201ccrear las condiciones necesarias para que las personas trans puedan decidir libremente sobre sus cuerpos, sin impedimentos burocr\u00e1ticos, pol\u00edticos o econ\u00f3micos\u201d; \u201creconocer la necesidad de invertir en pol\u00edticas a favor de la diversidad sexual y de g\u00e9nero, y la no discriminaci\u00f3n de las perosnas trans a trav\u00e9s del desarrollo de programas y proyectos de atenci\u00f3n, informaic\u00f3n, formaci\u00f3n y sensibilizaci\u00f3n que hagan de Pamplona un espacio seguro para el ibre disfrute de la diversidad sexual y de g\u00e9nero de cada persona\u201d.<\/p>\n<p>Asimismo, el Ayuntamiento se compromete a \u201creafirmar el compromiso con los derechos humanos y, en consecuencia, con el principio de igualdad efectiva entre las personas, del que forma parte la diversidad sexual y de g\u00e9nero, y reiterar la firme determinaci\u00f3n de avanzar en la superaci\u00f3n de las barreras que a\u00fan perviven hoy en d\u00eda\u201d, y a \u201csolidarizarse y acompa\u00f1ar a todas las personas agredidas, menospreciadas o discriminadas de una u otra manera por su identidad sexual, identidad de g\u00e9nero\u00a0 o expresi\u00f3n de g\u00e9nero y luchar por la erradicaci\u00f3n de la transfobia en la ciudad\u201d, seg\u00fan recoge la declaraci\u00f3n.<\/p>\n","protected":false},"excerpt":{"rendered":"","protected":false},"author":1,"featured_media":17600,"comment_status":"open","ping_status":"closed","sticky":false,"template":"","format":"standard","meta":{"footnotes":""},"categories":[2],"tags":[],"class_list":["post-19095","post","type-post","status-publish","format-standard","has-post-thumbnail","hentry","category-ayuntamiento-pamplona"],"yoast_head":"<!-- This site is optimized with the Yoast SEO plugin v27.9 - https:\/\/yoast.com\/product\/yoast-seo-wordpress\/ -->\n<title>El Ayuntamiento se suma al D\u00eda Internacional de la Despatologizaci\u00f3n de la Transexualidad y se compromete a trabajar por la no discriminaci\u00f3n por\u00a0 identidad de g\u00e9nero<\/title>\n<meta name=\"robots\" content=\"index, follow, max-snippet:-1, max-image-preview:large, max-video-preview:-1\" \/>\n<link rel=\"canonical\" href=\"https:\/\/www.laguiadepamplona.com\/actualidad\/el-ayuntamiento-se-suma-al-dia-internacional-de-la-despatologizacion-de-la-transexualidad-y-se-compromete-a-trabajar-por-la-no-discriminacion-por-identidad-de-genero\/\" \/>\n<meta property=\"og:locale\" content=\"es_ES\" \/>\n<meta property=\"og:type\" content=\"article\" \/>\n<meta property=\"og:title\" content=\"El Ayuntamiento se suma al D\u00eda Internacional de la Despatologizaci\u00f3n de la Transexualidad y se compromete a trabajar por la no discriminaci\u00f3n por\u00a0 identidad de g\u00e9nero\" \/>\n<meta property=\"og:url\" content=\"https:\/\/www.laguiadepamplona.com\/actualidad\/el-ayuntamiento-se-suma-al-dia-internacional-de-la-despatologizacion-de-la-transexualidad-y-se-compromete-a-trabajar-por-la-no-discriminacion-por-identidad-de-genero\/\" \/>\n<meta property=\"og:site_name\" content=\"La Gu\u00eda de Pamplona Noticias y actualidad\" \/>\n<meta property=\"article:publisher\" content=\"https:\/\/www.facebook.com\/laguiadepamplonacom-133175176762273\/?ref=hl\" \/>\n<meta property=\"article:published_time\" content=\"2018-10-22T13:13:21+00:00\" \/>\n<meta property=\"og:image\" content=\"https:\/\/www.laguiadepamplona.com\/actualidad\/wp-content\/uploads\/2018\/05\/ayto-pamplona-3.jpg\" \/>\n\t<meta property=\"og:image:width\" content=\"1000\" \/>\n\t<meta property=\"og:image:height\" content=\"555\" \/>\n\t<meta property=\"og:image:type\" content=\"image\/jpeg\" \/>\n<meta name=\"author\" content=\"La Gu\u00eda de Pamplona\" \/>\n<meta name=\"twitter:card\" content=\"summary_large_image\" \/>\n<meta name=\"twitter:creator\" content=\"@LaGuiadPamplona\" \/>\n<meta name=\"twitter:site\" content=\"@LaGuiadPamplona\" \/>\n<meta name=\"twitter:label1\" content=\"Escrito por\" \/>\n\t<meta name=\"twitter:data1\" content=\"La Gu\u00eda de Pamplona\" \/>\n\t<meta name=\"twitter:label2\" content=\"Tiempo de lectura\" \/>\n\t<meta name=\"twitter:data2\" content=\"2 minutos\" \/>\n<script type=\"application\/ld+json\" class=\"yoast-schema-graph\">{\"@context\":\"https:\\\/\\\/schema.org\",\"@graph\":[{\"@type\":\"Article\",\"@id\":\"https:\\\/\\\/www.laguiadepamplona.com\\\/actualidad\\\/el-ayuntamiento-se-suma-al-dia-internacional-de-la-despatologizacion-de-la-transexualidad-y-se-compromete-a-trabajar-por-la-no-discriminacion-por-identidad-de-genero\\\/#article\",\"isPartOf\":{\"@id\":\"https:\\\/\\\/www.laguiadepamplona.com\\\/actualidad\\\/el-ayuntamiento-se-suma-al-dia-internacional-de-la-despatologizacion-de-la-transexualidad-y-se-compromete-a-trabajar-por-la-no-discriminacion-por-identidad-de-genero\\\/\"},\"author\":{\"name\":\"La Gu\u00eda de Pamplona\",\"@id\":\"https:\\\/\\\/www.laguiadepamplona.com\\\/actualidad\\\/#\\\/schema\\\/person\\\/efe887376f0213d4657c93adc50b1fdb\"},\"headline\":\"El Ayuntamiento se suma al D\u00eda Internacional de la Despatologizaci\u00f3n de la Transexualidad y se compromete a trabajar por la no discriminaci\u00f3n por\u00a0 identidad de g\u00e9nero\",\"datePublished\":\"2018-10-22T13:13:21+00:00\",\"mainEntityOfPage\":{\"@id\":\"https:\\\/\\\/www.laguiadepamplona.com\\\/actualidad\\\/el-ayuntamiento-se-suma-al-dia-internacional-de-la-despatologizacion-de-la-transexualidad-y-se-compromete-a-trabajar-por-la-no-discriminacion-por-identidad-de-genero\\\/\"},\"wordCount\":449,\"commentCount\":0,\"publisher\":{\"@id\":\"https:\\\/\\\/www.laguiadepamplona.com\\\/actualidad\\\/#organization\"},\"image\":{\"@id\":\"https:\\\/\\\/www.laguiadepamplona.com\\\/actualidad\\\/el-ayuntamiento-se-suma-al-dia-internacional-de-la-despatologizacion-de-la-transexualidad-y-se-compromete-a-trabajar-por-la-no-discriminacion-por-identidad-de-genero\\\/#primaryimage\"},\"thumbnailUrl\":\"https:\\\/\\\/www.laguiadepamplona.com\\\/actualidad\\\/wp-content\\\/uploads\\\/2018\\\/05\\\/ayto-pamplona-3.jpg\",\"articleSection\":[\"Ayto Pamplona\"],\"inLanguage\":\"es\",\"potentialAction\":[{\"@type\":\"CommentAction\",\"name\":\"Comment\",\"target\":[\"https:\\\/\\\/www.laguiadepamplona.com\\\/actualidad\\\/el-ayuntamiento-se-suma-al-dia-internacional-de-la-despatologizacion-de-la-transexualidad-y-se-compromete-a-trabajar-por-la-no-discriminacion-por-identidad-de-genero\\\/#respond\"]}]},{\"@type\":\"WebPage\",\"@id\":\"https:\\\/\\\/www.laguiadepamplona.com\\\/actualidad\\\/el-ayuntamiento-se-suma-al-dia-internacional-de-la-despatologizacion-de-la-transexualidad-y-se-compromete-a-trabajar-por-la-no-discriminacion-por-identidad-de-genero\\\/\",\"url\":\"https:\\\/\\\/www.laguiadepamplona.com\\\/actualidad\\\/el-ayuntamiento-se-suma-al-dia-internacional-de-la-despatologizacion-de-la-transexualidad-y-se-compromete-a-trabajar-por-la-no-discriminacion-por-identidad-de-genero\\\/\",\"name\":\"El Ayuntamiento se suma al D\u00eda Internacional de la Despatologizaci\u00f3n de la Transexualidad y se compromete a trabajar por la no discriminaci\u00f3n por\u00a0 identidad de g\u00e9nero\",\"isPartOf\":{\"@id\":\"https:\\\/\\\/www.laguiadepamplona.com\\\/actualidad\\\/#website\"},\"primaryImageOfPage\":{\"@id\":\"https:\\\/\\\/www.laguiadepamplona.com\\\/actualidad\\\/el-ayuntamiento-se-suma-al-dia-internacional-de-la-despatologizacion-de-la-transexualidad-y-se-compromete-a-trabajar-por-la-no-discriminacion-por-identidad-de-genero\\\/#primaryimage\"},\"image\":{\"@id\":\"https:\\\/\\\/www.laguiadepamplona.com\\\/actualidad\\\/el-ayuntamiento-se-suma-al-dia-internacional-de-la-despatologizacion-de-la-transexualidad-y-se-compromete-a-trabajar-por-la-no-discriminacion-por-identidad-de-genero\\\/#primaryimage\"},\"thumbnailUrl\":\"https:\\\/\\\/www.laguiadepamplona.com\\\/actualidad\\\/wp-content\\\/uploads\\\/2018\\\/05\\\/ayto-pamplona-3.jpg\",\"datePublished\":\"2018-10-22T13:13:21+00:00\",\"breadcrumb\":{\"@id\":\"https:\\\/\\\/www.laguiadepamplona.com\\\/actualidad\\\/el-ayuntamiento-se-suma-al-dia-internacional-de-la-despatologizacion-de-la-transexualidad-y-se-compromete-a-trabajar-por-la-no-discriminacion-por-identidad-de-genero\\\/#breadcrumb\"},\"inLanguage\":\"es\",\"potentialAction\":[{\"@type\":\"ReadAction\",\"target\":[\"https:\\\/\\\/www.laguiadepamplona.com\\\/actualidad\\\/el-ayuntamiento-se-suma-al-dia-internacional-de-la-despatologizacion-de-la-transexualidad-y-se-compromete-a-trabajar-por-la-no-discriminacion-por-identidad-de-genero\\\/\"]}]},{\"@type\":\"ImageObject\",\"inLanguage\":\"es\",\"@id\":\"https:\\\/\\\/www.laguiadepamplona.com\\\/actualidad\\\/el-ayuntamiento-se-suma-al-dia-internacional-de-la-despatologizacion-de-la-transexualidad-y-se-compromete-a-trabajar-por-la-no-discriminacion-por-identidad-de-genero\\\/#primaryimage\",\"url\":\"https:\\\/\\\/www.laguiadepamplona.com\\\/actualidad\\\/wp-content\\\/uploads\\\/2018\\\/05\\\/ayto-pamplona-3.jpg\",\"contentUrl\":\"https:\\\/\\\/www.laguiadepamplona.com\\\/actualidad\\\/wp-content\\\/uploads\\\/2018\\\/05\\\/ayto-pamplona-3.jpg\",\"width\":1000,\"height\":555},{\"@type\":\"BreadcrumbList\",\"@id\":\"https:\\\/\\\/www.laguiadepamplona.com\\\/actualidad\\\/el-ayuntamiento-se-suma-al-dia-internacional-de-la-despatologizacion-de-la-transexualidad-y-se-compromete-a-trabajar-por-la-no-discriminacion-por-identidad-de-genero\\\/#breadcrumb\",\"itemListElement\":[{\"@type\":\"ListItem\",\"position\":1,\"name\":\"Portada\",\"item\":\"https:\\\/\\\/www.laguiadepamplona.com\\\/actualidad\\\/\"},{\"@type\":\"ListItem\",\"position\":2,\"name\":\"El Ayuntamiento se suma al D\u00eda Internacional de la Despatologizaci\u00f3n de la Transexualidad y se compromete a trabajar por la no discriminaci\u00f3n por\u00a0 identidad de g\u00e9nero\"}]},{\"@type\":\"WebSite\",\"@id\":\"https:\\\/\\\/www.laguiadepamplona.com\\\/actualidad\\\/#website\",\"url\":\"https:\\\/\\\/www.laguiadepamplona.com\\\/actualidad\\\/\",\"name\":\"La gu\u00eda de Pamplona\",\"description\":\"Noticias de Pamplona\",\"publisher\":{\"@id\":\"https:\\\/\\\/www.laguiadepamplona.com\\\/actualidad\\\/#organization\"},\"potentialAction\":[{\"@type\":\"SearchAction\",\"target\":{\"@type\":\"EntryPoint\",\"urlTemplate\":\"https:\\\/\\\/www.laguiadepamplona.com\\\/actualidad\\\/?s={search_term_string}\"},\"query-input\":{\"@type\":\"PropertyValueSpecification\",\"valueRequired\":true,\"valueName\":\"search_term_string\"}}],\"inLanguage\":\"es\"},{\"@type\":\"Organization\",\"@id\":\"https:\\\/\\\/www.laguiadepamplona.com\\\/actualidad\\\/#organization\",\"name\":\"La Gu\u00eda de Pamplona \\\/ Noticias\",\"url\":\"https:\\\/\\\/www.laguiadepamplona.com\\\/actualidad\\\/\",\"logo\":{\"@type\":\"ImageObject\",\"inLanguage\":\"es\",\"@id\":\"https:\\\/\\\/www.laguiadepamplona.com\\\/actualidad\\\/#\\\/schema\\\/logo\\\/image\\\/\",\"url\":\"https:\\\/\\\/www.laguiadepamplona.com\\\/actualidad\\\/wp-content\\\/uploads\\\/2018\\\/11\\\/logo-laguiadepamplona18-web1.png\",\"contentUrl\":\"https:\\\/\\\/www.laguiadepamplona.com\\\/actualidad\\\/wp-content\\\/uploads\\\/2018\\\/11\\\/logo-laguiadepamplona18-web1.png\",\"width\":600,\"height\":196,\"caption\":\"La Gu\u00eda de Pamplona \\\/ Noticias\"},\"image\":{\"@id\":\"https:\\\/\\\/www.laguiadepamplona.com\\\/actualidad\\\/#\\\/schema\\\/logo\\\/image\\\/\"},\"sameAs\":[\"https:\\\/\\\/www.facebook.com\\\/laguiadepamplonacom-133175176762273\\\/?ref=hl\",\"https:\\\/\\\/x.com\\\/LaGuiadPamplona\",\"https:\\\/\\\/www.instagram.com\\\/la_guia_de_pamplona\\\/\",\"https:\\\/\\\/www.youtube.com\\\/user\\\/laguiadepamplona\"]},{\"@type\":\"Person\",\"@id\":\"https:\\\/\\\/www.laguiadepamplona.com\\\/actualidad\\\/#\\\/schema\\\/person\\\/efe887376f0213d4657c93adc50b1fdb\",\"name\":\"La Gu\u00eda de Pamplona\",\"image\":{\"@type\":\"ImageObject\",\"inLanguage\":\"es\",\"@id\":\"https:\\\/\\\/secure.gravatar.com\\\/avatar\\\/b6992f131dc8d30ab0dff15446e9d346d9dbd95992de0fef795073f5ea83a81c?s=96&d=mm&r=g\",\"url\":\"https:\\\/\\\/secure.gravatar.com\\\/avatar\\\/b6992f131dc8d30ab0dff15446e9d346d9dbd95992de0fef795073f5ea83a81c?s=96&d=mm&r=g\",\"contentUrl\":\"https:\\\/\\\/secure.gravatar.com\\\/avatar\\\/b6992f131dc8d30ab0dff15446e9d346d9dbd95992de0fef795073f5ea83a81c?s=96&d=mm&r=g\",\"caption\":\"La Gu\u00eda de Pamplona\"}}]}<\/script>\n<!-- \/ Yoast SEO plugin. -->","yoast_head_json":{"title":"El Ayuntamiento se suma al D\u00eda Internacional de la Despatologizaci\u00f3n de la Transexualidad y se compromete a trabajar por la no discriminaci\u00f3n por\u00a0 identidad de g\u00e9nero","robots":{"index":"index","follow":"follow","max-snippet":"max-snippet:-1","max-image-preview":"max-image-preview:large","max-video-preview":"max-video-preview:-1"},"canonical":"https:\/\/www.laguiadepamplona.com\/actualidad\/el-ayuntamiento-se-suma-al-dia-internacional-de-la-despatologizacion-de-la-transexualidad-y-se-compromete-a-trabajar-por-la-no-discriminacion-por-identidad-de-genero\/","og_locale":"es_ES","og_type":"article","og_title":"El Ayuntamiento se suma al D\u00eda Internacional de la Despatologizaci\u00f3n de la Transexualidad y se compromete a trabajar por la no discriminaci\u00f3n por\u00a0 identidad de g\u00e9nero","og_url":"https:\/\/www.laguiadepamplona.com\/actualidad\/el-ayuntamiento-se-suma-al-dia-internacional-de-la-despatologizacion-de-la-transexualidad-y-se-compromete-a-trabajar-por-la-no-discriminacion-por-identidad-de-genero\/","og_site_name":"La Gu\u00eda de Pamplona Noticias y actualidad","article_publisher":"https:\/\/www.facebook.com\/laguiadepamplonacom-133175176762273\/?ref=hl","article_published_time":"2018-10-22T13:13:21+00:00","og_image":[{"width":1000,"height":555,"url":"https:\/\/www.laguiadepamplona.com\/actualidad\/wp-content\/uploads\/2018\/05\/ayto-pamplona-3.jpg","type":"image\/jpeg"}],"author":"La Gu\u00eda de Pamplona","twitter_card":"summary_large_image","twitter_creator":"@LaGuiadPamplona","twitter_site":"@LaGuiadPamplona","twitter_misc":{"Escrito por":"La Gu\u00eda de Pamplona","Tiempo de lectura":"2 minutos"},"schema":{"@context":"https:\/\/schema.org","@graph":[{"@type":"Article","@id":"https:\/\/www.laguiadepamplona.com\/actualidad\/el-ayuntamiento-se-suma-al-dia-internacional-de-la-despatologizacion-de-la-transexualidad-y-se-compromete-a-trabajar-por-la-no-discriminacion-por-identidad-de-genero\/#article","isPartOf":{"@id":"https:\/\/www.laguiadepamplona.com\/actualidad\/el-ayuntamiento-se-suma-al-dia-internacional-de-la-despatologizacion-de-la-transexualidad-y-se-compromete-a-trabajar-por-la-no-discriminacion-por-identidad-de-genero\/"},"author":{"name":"La Gu\u00eda de Pamplona","@id":"https:\/\/www.laguiadepamplona.com\/actualidad\/#\/schema\/person\/efe887376f0213d4657c93adc50b1fdb"},"headline":"El Ayuntamiento se suma al D\u00eda Internacional de la Despatologizaci\u00f3n de la Transexualidad y se compromete a trabajar por la no discriminaci\u00f3n por\u00a0 identidad de g\u00e9nero","datePublished":"2018-10-22T13:13:21+00:00","mainEntityOfPage":{"@id":"https:\/\/www.laguiadepamplona.com\/actualidad\/el-ayuntamiento-se-suma-al-dia-internacional-de-la-despatologizacion-de-la-transexualidad-y-se-compromete-a-trabajar-por-la-no-discriminacion-por-identidad-de-genero\/"},"wordCount":449,"commentCount":0,"publisher":{"@id":"https:\/\/www.laguiadepamplona.com\/actualidad\/#organization"},"image":{"@id":"https:\/\/www.laguiadepamplona.com\/actualidad\/el-ayuntamiento-se-suma-al-dia-internacional-de-la-despatologizacion-de-la-transexualidad-y-se-compromete-a-trabajar-por-la-no-discriminacion-por-identidad-de-genero\/#primaryimage"},"thumbnailUrl":"https:\/\/www.laguiadepamplona.com\/actualidad\/wp-content\/uploads\/2018\/05\/ayto-pamplona-3.jpg","articleSection":["Ayto Pamplona"],"inLanguage":"es","potentialAction":[{"@type":"CommentAction","name":"Comment","target":["https:\/\/www.laguiadepamplona.com\/actualidad\/el-ayuntamiento-se-suma-al-dia-internacional-de-la-despatologizacion-de-la-transexualidad-y-se-compromete-a-trabajar-por-la-no-discriminacion-por-identidad-de-genero\/#respond"]}]},{"@type":"WebPage","@id":"https:\/\/www.laguiadepamplona.com\/actualidad\/el-ayuntamiento-se-suma-al-dia-internacional-de-la-despatologizacion-de-la-transexualidad-y-se-compromete-a-trabajar-por-la-no-discriminacion-por-identidad-de-genero\/","url":"https:\/\/www.laguiadepamplona.com\/actualidad\/el-ayuntamiento-se-suma-al-dia-internacional-de-la-despatologizacion-de-la-transexualidad-y-se-compromete-a-trabajar-por-la-no-discriminacion-por-identidad-de-genero\/","name":"El Ayuntamiento se suma al D\u00eda Internacional de la Despatologizaci\u00f3n de la Transexualidad y se compromete a trabajar por la no discriminaci\u00f3n por\u00a0 identidad de g\u00e9nero","isPartOf":{"@id":"https:\/\/www.laguiadepamplona.com\/actualidad\/#website"},"primaryImageOfPage":{"@id":"https:\/\/www.laguiadepamplona.com\/actualidad\/el-ayuntamiento-se-suma-al-dia-internacional-de-la-despatologizacion-de-la-transexualidad-y-se-compromete-a-trabajar-por-la-no-discriminacion-por-identidad-de-genero\/#primaryimage"},"image":{"@id":"https:\/\/www.laguiadepamplona.com\/actualidad\/el-ayuntamiento-se-suma-al-dia-internacional-de-la-despatologizacion-de-la-transexualidad-y-se-compromete-a-trabajar-por-la-no-discriminacion-por-identidad-de-genero\/#primaryimage"},"thumbnailUrl":"https:\/\/www.laguiadepamplona.com\/actualidad\/wp-content\/uploads\/2018\/05\/ayto-pamplona-3.jpg","datePublished":"2018-10-22T13:13:21+00:00","breadcrumb":{"@id":"https:\/\/www.laguiadepamplona.com\/actualidad\/el-ayuntamiento-se-suma-al-dia-internacional-de-la-despatologizacion-de-la-transexualidad-y-se-compromete-a-trabajar-por-la-no-discriminacion-por-identidad-de-genero\/#breadcrumb"},"inLanguage":"es","potentialAction":[{"@type":"ReadAction","target":["https:\/\/www.laguiadepamplona.com\/actualidad\/el-ayuntamiento-se-suma-al-dia-internacional-de-la-despatologizacion-de-la-transexualidad-y-se-compromete-a-trabajar-por-la-no-discriminacion-por-identidad-de-genero\/"]}]},{"@type":"ImageObject","inLanguage":"es","@id":"https:\/\/www.laguiadepamplona.com\/actualidad\/el-ayuntamiento-se-suma-al-dia-internacional-de-la-despatologizacion-de-la-transexualidad-y-se-compromete-a-trabajar-por-la-no-discriminacion-por-identidad-de-genero\/#primaryimage","url":"https:\/\/www.laguiadepamplona.com\/actualidad\/wp-content\/uploads\/2018\/05\/ayto-pamplona-3.jpg","contentUrl":"https:\/\/www.laguiadepamplona.com\/actualidad\/wp-content\/uploads\/2018\/05\/ayto-pamplona-3.jpg","width":1000,"height":555},{"@type":"BreadcrumbList","@id":"https:\/\/www.laguiadepamplona.com\/actualidad\/el-ayuntamiento-se-suma-al-dia-internacional-de-la-despatologizacion-de-la-transexualidad-y-se-compromete-a-trabajar-por-la-no-discriminacion-por-identidad-de-genero\/#breadcrumb","itemListElement":[{"@type":"ListItem","position":1,"name":"Portada","item":"https:\/\/www.laguiadepamplona.com\/actualidad\/"},{"@type":"ListItem","position":2,"name":"El Ayuntamiento se suma al D\u00eda Internacional de la Despatologizaci\u00f3n de la Transexualidad y se compromete a trabajar por la no discriminaci\u00f3n por\u00a0 identidad de g\u00e9nero"}]},{"@type":"WebSite","@id":"https:\/\/www.laguiadepamplona.com\/actualidad\/#website","url":"https:\/\/www.laguiadepamplona.com\/actualidad\/","name":"La gu\u00eda de Pamplona","description":"Noticias de Pamplona","publisher":{"@id":"https:\/\/www.laguiadepamplona.com\/actualidad\/#organization"},"potentialAction":[{"@type":"SearchAction","target":{"@type":"EntryPoint","urlTemplate":"https:\/\/www.laguiadepamplona.com\/actualidad\/?s={search_term_string}"},"query-input":{"@type":"PropertyValueSpecification","valueRequired":true,"valueName":"search_term_string"}}],"inLanguage":"es"},{"@type":"Organization","@id":"https:\/\/www.laguiadepamplona.com\/actualidad\/#organization","name":"La Gu\u00eda de Pamplona \/ Noticias","url":"https:\/\/www.laguiadepamplona.com\/actualidad\/","logo":{"@type":"ImageObject","inLanguage":"es","@id":"https:\/\/www.laguiadepamplona.com\/actualidad\/#\/schema\/logo\/image\/","url":"https:\/\/www.laguiadepamplona.com\/actualidad\/wp-content\/uploads\/2018\/11\/logo-laguiadepamplona18-web1.png","contentUrl":"https:\/\/www.laguiadepamplona.com\/actualidad\/wp-content\/uploads\/2018\/11\/logo-laguiadepamplona18-web1.png","width":600,"height":196,"caption":"La Gu\u00eda de Pamplona \/ Noticias"},"image":{"@id":"https:\/\/www.laguiadepamplona.com\/actualidad\/#\/schema\/logo\/image\/"},"sameAs":["https:\/\/www.facebook.com\/laguiadepamplonacom-133175176762273\/?ref=hl","https:\/\/x.com\/LaGuiadPamplona","https:\/\/www.instagram.com\/la_guia_de_pamplona\/","https:\/\/www.youtube.com\/user\/laguiadepamplona"]},{"@type":"Person","@id":"https:\/\/www.laguiadepamplona.com\/actualidad\/#\/schema\/person\/efe887376f0213d4657c93adc50b1fdb","name":"La Gu\u00eda de Pamplona","image":{"@type":"ImageObject","inLanguage":"es","@id":"https:\/\/secure.gravatar.com\/avatar\/b6992f131dc8d30ab0dff15446e9d346d9dbd95992de0fef795073f5ea83a81c?s=96&d=mm&r=g","url":"https:\/\/secure.gravatar.com\/avatar\/b6992f131dc8d30ab0dff15446e9d346d9dbd95992de0fef795073f5ea83a81c?s=96&d=mm&r=g","contentUrl":"https:\/\/secure.gravatar.com\/avatar\/b6992f131dc8d30ab0dff15446e9d346d9dbd95992de0fef795073f5ea83a81c?s=96&d=mm&r=g","caption":"La Gu\u00eda de Pamplona"}}]}},"post_mailing_queue_ids":[],"_links":{"self":[{"href":"https:\/\/www.laguiadepamplona.com\/actualidad\/wp-json\/wp\/v2\/posts\/19095","targetHints":{"allow":["GET"]}}],"collection":[{"href":"https:\/\/www.laguiadepamplona.com\/actualidad\/wp-json\/wp\/v2\/posts"}],"about":[{"href":"https:\/\/www.laguiadepamplona.com\/actualidad\/wp-json\/wp\/v2\/types\/post"}],"author":[{"embeddable":true,"href":"https:\/\/www.laguiadepamplona.com\/actualidad\/wp-json\/wp\/v2\/users\/1"}],"replies":[{"embeddable":true,"href":"https:\/\/www.laguiadepamplona.com\/actualidad\/wp-json\/wp\/v2\/comments?post=19095"}],"version-history":[{"count":0,"href":"https:\/\/www.laguiadepamplona.com\/actualidad\/wp-json\/wp\/v2\/posts\/19095\/revisions"}],"wp:featuredmedia":[{"embeddable":true,"href":"https:\/\/www.laguiadepamplona.com\/actualidad\/wp-json\/wp\/v2\/media\/17600"}],"wp:attachment":[{"href":"https:\/\/www.laguiadepamplona.com\/actualidad\/wp-json\/wp\/v2\/media?parent=19095"}],"wp:term":[{"taxonomy":"category","embeddable":true,"href":"https:\/\/www.laguiadepamplona.com\/actualidad\/wp-json\/wp\/v2\/categories?post=19095"},{"taxonomy":"post_tag","embeddable":true,"href":"https:\/\/www.laguiadepamplona.com\/actualidad\/wp-json\/wp\/v2\/tags?post=19095"}],"curies":[{"name":"wp","href":"https:\/\/api.w.org\/{rel}","templated":true}]}}