{"id":19087,"date":"2018-10-22T15:10:10","date_gmt":"2018-10-22T13:10:10","guid":{"rendered":"https:\/\/www.laguiadepamplona.es\/actualidad\/?p=19087"},"modified":"2018-10-22T15:10:10","modified_gmt":"2018-10-22T13:10:10","slug":"la-escuela-de-madres-y-padres-aborda-este-martes-la-resiliencia-y-la-frustracion-en-la-infancia-con-una-conferencia-en-civivox-mendillorri","status":"publish","type":"post","link":"https:\/\/www.laguiadepamplona.com\/actualidad\/la-escuela-de-madres-y-padres-aborda-este-martes-la-resiliencia-y-la-frustracion-en-la-infancia-con-una-conferencia-en-civivox-mendillorri\/","title":{"rendered":"La Escuela de Madres y Padres aborda este martes la resiliencia y la frustraci\u00f3n en la infancia con una conferencia en Civivox Mendillorri"},"content":{"rendered":"<h3>La psic\u00f3loga Carmen Azparren imparte la charla a partir de las 18 horas, con entrada libre previa retirada de invitaciones<\/h3>\n<p><!--more--><\/p>\n<p>Segunda cita de la Escuela de Madres y Padres que organiza la red Civivox. Este martes en Civivox Mendillorri se hablar\u00e1 de resiliencia y de frustraci\u00f3n en la infancia para saber c\u00f3mo actuar ante situaciones negativas o traum\u00e1ticas. La maestra y psic\u00f3loga Carmen Azparren impartir\u00e1 la conferencia que comenzar\u00e1 a las 18 horas, con entrada libre previa retirada de invitaciones.<\/p>\n<p>Las reacciones a la frustraci\u00f3n tienen como variable importante la personalidad de cada individuo. La capacidad de permanecer en estados emocionales negativos y aprender de ellos para recuperar el equilibrio, forman parte del aprendizaje que lleva a la consecuci\u00f3n de una buena gesti\u00f3n de los recursos personales. La resiliencia es, precisamente, esa capacidad que tienen las personas de superar situaciones traum\u00e1ticas.<\/p>\n<p>El cuatrimestre de la Escuela de Madres y Padres lo conforman siete conferencias, en castellano y en euskera, que se desarrollar\u00e1n en los siete civivox de la ciudad. Entre los meses de octubre y enero se tratar\u00e1n diferentes temas como la autoestima, las caricias, la educaci\u00f3n en las escuelas infantiles o sobre mecanismos que facilitan los m\u00e9todos de aprendizaje. Todas las sesiones tienen lugar los martes a las 18 horas, con entrada libre previa retirada de invitaciones.<\/p>\n<p>&nbsp;<\/p>\n<p><strong>Escuela de Madres y Padres. Red Civivox. Octubre 2018 \u2013 Enero 2019<\/strong><\/p>\n<ul>\n<li><strong>Martes 23 de octubre, 18 horas. Civivox Mendillorri<\/strong>\n<ul>\n<li><strong>Resiliencia y frustraci\u00f3n en la infancia<\/strong><\/li>\n<li>Ponente: Carmen Azparren<\/li>\n<li>Entrada libre, previa retirada de invitaciones<\/li>\n<\/ul>\n<\/li>\n<li><strong>Martes 6 de noviembre, 18 horas. Civivox San Jorge<\/strong>\n<ul>\n<li><strong>Autoestimua altxorrik preziatuena<\/strong><\/li>\n<li>Hizlaria: Elena Etxalar<\/li>\n<li>Entrada libre, previa retirada de invitaciones<\/li>\n<\/ul>\n<\/li>\n<li><strong>Martes 20 de noviembre, 18 horas. Civivox Milagrosa<\/strong>\n<ul>\n<li><strong>L\u00edmites hoy, fortalezas ma\u00f1ana<\/strong><\/li>\n<li>Ponente: Puy Nicuesa<\/li>\n<li>Entrada libre, previa retirada de invitaciones. Actividad adaptada para personas con discapacidad auditiva<\/li>\n<\/ul>\n<\/li>\n<li><strong>Martes 11 de diciembre, 18 horas. Civivox Iturrama<\/strong>\n<ul>\n<li><strong>Las caricias, un alimento necesario<\/strong><\/li>\n<li>Ponente: Blas Campos<\/li>\n<li>Entrada libre, previa retirada de invitaciones. Actividad adaptada para personas con discapacidad auditiva<\/li>\n<\/ul>\n<\/li>\n<li><strong>Martes 15 de enero, 18 horas. Civivox Condestable<\/strong>\n<ul>\n<li><strong>Mecanismos que facilitan los aprendizajes: desde el juego a la metacognici\u00f3n<\/strong><\/li>\n<li>Ponente: Carmen Azparren<\/li>\n<li>Entrada libre, previa retirada de invitaciones. Actividad adaptada para personas con discapacidad auditiva<\/li>\n<\/ul>\n<\/li>\n<li><strong>Martes 29 de enero, 18 horas. <\/strong><strong>Civivox Jus la Rocha<\/strong>\n<ul>\n<li><strong>Familia eta haur eskola: elkarrenganako konfidantza, harremanaren gakoa<\/strong><\/li>\n<li>Hizlaria: Edurne Lekunberri<\/li>\n<li>Entrada libre, previa retirada de invitaciones<\/li>\n<\/ul>\n<\/li>\n<\/ul>\n<p>&nbsp;<\/p>\n","protected":false},"excerpt":{"rendered":"<p>La psic\u00f3loga Carmen Azparren imparte la charla a partir de las 18 horas, con entrada libre previa retirada de invitaciones<\/p>\n","protected":false},"author":1,"featured_media":11011,"comment_status":"open","ping_status":"closed","sticky":false,"template":"","format":"standard","meta":{"footnotes":""},"categories":[2],"tags":[],"class_list":["post-19087","post","type-post","status-publish","format-standard","has-post-thumbnail","hentry","category-ayuntamiento-pamplona"],"yoast_head":"<!-- This site is optimized with the Yoast SEO plugin v27.9 - https:\/\/yoast.com\/product\/yoast-seo-wordpress\/ -->\n<title>La Escuela de Madres y Padres aborda este martes la resiliencia y la frustraci\u00f3n en la infancia con una conferencia en Civivox Mendillorri<\/title>\n<meta name=\"robots\" content=\"index, follow, max-snippet:-1, max-image-preview:large, max-video-preview:-1\" \/>\n<link rel=\"canonical\" href=\"https:\/\/www.laguiadepamplona.com\/actualidad\/la-escuela-de-madres-y-padres-aborda-este-martes-la-resiliencia-y-la-frustracion-en-la-infancia-con-una-conferencia-en-civivox-mendillorri\/\" \/>\n<meta property=\"og:locale\" content=\"es_ES\" \/>\n<meta property=\"og:type\" content=\"article\" \/>\n<meta property=\"og:title\" content=\"La Escuela de Madres y Padres aborda este martes la resiliencia y la frustraci\u00f3n en la infancia con una conferencia en Civivox Mendillorri\" \/>\n<meta property=\"og:description\" content=\"La psic\u00f3loga Carmen Azparren imparte la charla a partir de las 18 horas, con entrada libre previa retirada de invitaciones\" \/>\n<meta property=\"og:url\" content=\"https:\/\/www.laguiadepamplona.com\/actualidad\/la-escuela-de-madres-y-padres-aborda-este-martes-la-resiliencia-y-la-frustracion-en-la-infancia-con-una-conferencia-en-civivox-mendillorri\/\" \/>\n<meta property=\"og:site_name\" content=\"La Gu\u00eda de Pamplona Noticias y actualidad\" \/>\n<meta property=\"article:publisher\" content=\"https:\/\/www.facebook.com\/laguiadepamplonacom-133175176762273\/?ref=hl\" \/>\n<meta property=\"article:published_time\" content=\"2018-10-22T13:10:10+00:00\" \/>\n<meta property=\"og:image\" content=\"https:\/\/www.laguiadepamplona.com\/actualidad\/wp-content\/uploads\/2016\/12\/civivox-mendillorri.jpg\" \/>\n\t<meta property=\"og:image:width\" content=\"870\" \/>\n\t<meta property=\"og:image:height\" content=\"390\" \/>\n\t<meta property=\"og:image:type\" content=\"image\/jpeg\" \/>\n<meta name=\"author\" content=\"La Gu\u00eda de Pamplona\" \/>\n<meta name=\"twitter:card\" content=\"summary_large_image\" \/>\n<meta name=\"twitter:creator\" content=\"@LaGuiadPamplona\" \/>\n<meta name=\"twitter:site\" content=\"@LaGuiadPamplona\" \/>\n<meta name=\"twitter:label1\" content=\"Escrito por\" \/>\n\t<meta name=\"twitter:data1\" content=\"La Gu\u00eda de Pamplona\" \/>\n\t<meta name=\"twitter:label2\" content=\"Tiempo de lectura\" \/>\n\t<meta name=\"twitter:data2\" content=\"2 minutos\" \/>\n<script type=\"application\/ld+json\" class=\"yoast-schema-graph\">{\"@context\":\"https:\\\/\\\/schema.org\",\"@graph\":[{\"@type\":\"Article\",\"@id\":\"https:\\\/\\\/www.laguiadepamplona.com\\\/actualidad\\\/la-escuela-de-madres-y-padres-aborda-este-martes-la-resiliencia-y-la-frustracion-en-la-infancia-con-una-conferencia-en-civivox-mendillorri\\\/#article\",\"isPartOf\":{\"@id\":\"https:\\\/\\\/www.laguiadepamplona.com\\\/actualidad\\\/la-escuela-de-madres-y-padres-aborda-este-martes-la-resiliencia-y-la-frustracion-en-la-infancia-con-una-conferencia-en-civivox-mendillorri\\\/\"},\"author\":{\"name\":\"La Gu\u00eda de Pamplona\",\"@id\":\"https:\\\/\\\/www.laguiadepamplona.com\\\/actualidad\\\/#\\\/schema\\\/person\\\/efe887376f0213d4657c93adc50b1fdb\"},\"headline\":\"La Escuela de Madres y Padres aborda este martes la resiliencia y la frustraci\u00f3n en la infancia con una conferencia en Civivox Mendillorri\",\"datePublished\":\"2018-10-22T13:10:10+00:00\",\"mainEntityOfPage\":{\"@id\":\"https:\\\/\\\/www.laguiadepamplona.com\\\/actualidad\\\/la-escuela-de-madres-y-padres-aborda-este-martes-la-resiliencia-y-la-frustracion-en-la-infancia-con-una-conferencia-en-civivox-mendillorri\\\/\"},\"wordCount\":418,\"commentCount\":0,\"publisher\":{\"@id\":\"https:\\\/\\\/www.laguiadepamplona.com\\\/actualidad\\\/#organization\"},\"image\":{\"@id\":\"https:\\\/\\\/www.laguiadepamplona.com\\\/actualidad\\\/la-escuela-de-madres-y-padres-aborda-este-martes-la-resiliencia-y-la-frustracion-en-la-infancia-con-una-conferencia-en-civivox-mendillorri\\\/#primaryimage\"},\"thumbnailUrl\":\"https:\\\/\\\/www.laguiadepamplona.com\\\/actualidad\\\/wp-content\\\/uploads\\\/2016\\\/12\\\/civivox-mendillorri.jpg\",\"articleSection\":[\"Ayto Pamplona\"],\"inLanguage\":\"es\",\"potentialAction\":[{\"@type\":\"CommentAction\",\"name\":\"Comment\",\"target\":[\"https:\\\/\\\/www.laguiadepamplona.com\\\/actualidad\\\/la-escuela-de-madres-y-padres-aborda-este-martes-la-resiliencia-y-la-frustracion-en-la-infancia-con-una-conferencia-en-civivox-mendillorri\\\/#respond\"]}]},{\"@type\":\"WebPage\",\"@id\":\"https:\\\/\\\/www.laguiadepamplona.com\\\/actualidad\\\/la-escuela-de-madres-y-padres-aborda-este-martes-la-resiliencia-y-la-frustracion-en-la-infancia-con-una-conferencia-en-civivox-mendillorri\\\/\",\"url\":\"https:\\\/\\\/www.laguiadepamplona.com\\\/actualidad\\\/la-escuela-de-madres-y-padres-aborda-este-martes-la-resiliencia-y-la-frustracion-en-la-infancia-con-una-conferencia-en-civivox-mendillorri\\\/\",\"name\":\"La Escuela de Madres y Padres aborda este martes la resiliencia y la frustraci\u00f3n en la infancia con una conferencia en Civivox Mendillorri\",\"isPartOf\":{\"@id\":\"https:\\\/\\\/www.laguiadepamplona.com\\\/actualidad\\\/#website\"},\"primaryImageOfPage\":{\"@id\":\"https:\\\/\\\/www.laguiadepamplona.com\\\/actualidad\\\/la-escuela-de-madres-y-padres-aborda-este-martes-la-resiliencia-y-la-frustracion-en-la-infancia-con-una-conferencia-en-civivox-mendillorri\\\/#primaryimage\"},\"image\":{\"@id\":\"https:\\\/\\\/www.laguiadepamplona.com\\\/actualidad\\\/la-escuela-de-madres-y-padres-aborda-este-martes-la-resiliencia-y-la-frustracion-en-la-infancia-con-una-conferencia-en-civivox-mendillorri\\\/#primaryimage\"},\"thumbnailUrl\":\"https:\\\/\\\/www.laguiadepamplona.com\\\/actualidad\\\/wp-content\\\/uploads\\\/2016\\\/12\\\/civivox-mendillorri.jpg\",\"datePublished\":\"2018-10-22T13:10:10+00:00\",\"breadcrumb\":{\"@id\":\"https:\\\/\\\/www.laguiadepamplona.com\\\/actualidad\\\/la-escuela-de-madres-y-padres-aborda-este-martes-la-resiliencia-y-la-frustracion-en-la-infancia-con-una-conferencia-en-civivox-mendillorri\\\/#breadcrumb\"},\"inLanguage\":\"es\",\"potentialAction\":[{\"@type\":\"ReadAction\",\"target\":[\"https:\\\/\\\/www.laguiadepamplona.com\\\/actualidad\\\/la-escuela-de-madres-y-padres-aborda-este-martes-la-resiliencia-y-la-frustracion-en-la-infancia-con-una-conferencia-en-civivox-mendillorri\\\/\"]}]},{\"@type\":\"ImageObject\",\"inLanguage\":\"es\",\"@id\":\"https:\\\/\\\/www.laguiadepamplona.com\\\/actualidad\\\/la-escuela-de-madres-y-padres-aborda-este-martes-la-resiliencia-y-la-frustracion-en-la-infancia-con-una-conferencia-en-civivox-mendillorri\\\/#primaryimage\",\"url\":\"https:\\\/\\\/www.laguiadepamplona.com\\\/actualidad\\\/wp-content\\\/uploads\\\/2016\\\/12\\\/civivox-mendillorri.jpg\",\"contentUrl\":\"https:\\\/\\\/www.laguiadepamplona.com\\\/actualidad\\\/wp-content\\\/uploads\\\/2016\\\/12\\\/civivox-mendillorri.jpg\",\"width\":870,\"height\":390},{\"@type\":\"BreadcrumbList\",\"@id\":\"https:\\\/\\\/www.laguiadepamplona.com\\\/actualidad\\\/la-escuela-de-madres-y-padres-aborda-este-martes-la-resiliencia-y-la-frustracion-en-la-infancia-con-una-conferencia-en-civivox-mendillorri\\\/#breadcrumb\",\"itemListElement\":[{\"@type\":\"ListItem\",\"position\":1,\"name\":\"Portada\",\"item\":\"https:\\\/\\\/www.laguiadepamplona.com\\\/actualidad\\\/\"},{\"@type\":\"ListItem\",\"position\":2,\"name\":\"La Escuela de Madres y Padres aborda este martes la resiliencia y la frustraci\u00f3n en la infancia con una conferencia en Civivox Mendillorri\"}]},{\"@type\":\"WebSite\",\"@id\":\"https:\\\/\\\/www.laguiadepamplona.com\\\/actualidad\\\/#website\",\"url\":\"https:\\\/\\\/www.laguiadepamplona.com\\\/actualidad\\\/\",\"name\":\"La gu\u00eda de Pamplona\",\"description\":\"Noticias de Pamplona\",\"publisher\":{\"@id\":\"https:\\\/\\\/www.laguiadepamplona.com\\\/actualidad\\\/#organization\"},\"potentialAction\":[{\"@type\":\"SearchAction\",\"target\":{\"@type\":\"EntryPoint\",\"urlTemplate\":\"https:\\\/\\\/www.laguiadepamplona.com\\\/actualidad\\\/?s={search_term_string}\"},\"query-input\":{\"@type\":\"PropertyValueSpecification\",\"valueRequired\":true,\"valueName\":\"search_term_string\"}}],\"inLanguage\":\"es\"},{\"@type\":\"Organization\",\"@id\":\"https:\\\/\\\/www.laguiadepamplona.com\\\/actualidad\\\/#organization\",\"name\":\"La Gu\u00eda de Pamplona \\\/ Noticias\",\"url\":\"https:\\\/\\\/www.laguiadepamplona.com\\\/actualidad\\\/\",\"logo\":{\"@type\":\"ImageObject\",\"inLanguage\":\"es\",\"@id\":\"https:\\\/\\\/www.laguiadepamplona.com\\\/actualidad\\\/#\\\/schema\\\/logo\\\/image\\\/\",\"url\":\"https:\\\/\\\/www.laguiadepamplona.com\\\/actualidad\\\/wp-content\\\/uploads\\\/2018\\\/11\\\/logo-laguiadepamplona18-web1.png\",\"contentUrl\":\"https:\\\/\\\/www.laguiadepamplona.com\\\/actualidad\\\/wp-content\\\/uploads\\\/2018\\\/11\\\/logo-laguiadepamplona18-web1.png\",\"width\":600,\"height\":196,\"caption\":\"La Gu\u00eda de Pamplona \\\/ Noticias\"},\"image\":{\"@id\":\"https:\\\/\\\/www.laguiadepamplona.com\\\/actualidad\\\/#\\\/schema\\\/logo\\\/image\\\/\"},\"sameAs\":[\"https:\\\/\\\/www.facebook.com\\\/laguiadepamplonacom-133175176762273\\\/?ref=hl\",\"https:\\\/\\\/x.com\\\/LaGuiadPamplona\",\"https:\\\/\\\/www.instagram.com\\\/la_guia_de_pamplona\\\/\",\"https:\\\/\\\/www.youtube.com\\\/user\\\/laguiadepamplona\"]},{\"@type\":\"Person\",\"@id\":\"https:\\\/\\\/www.laguiadepamplona.com\\\/actualidad\\\/#\\\/schema\\\/person\\\/efe887376f0213d4657c93adc50b1fdb\",\"name\":\"La Gu\u00eda de Pamplona\",\"image\":{\"@type\":\"ImageObject\",\"inLanguage\":\"es\",\"@id\":\"https:\\\/\\\/secure.gravatar.com\\\/avatar\\\/b6992f131dc8d30ab0dff15446e9d346d9dbd95992de0fef795073f5ea83a81c?s=96&d=mm&r=g\",\"url\":\"https:\\\/\\\/secure.gravatar.com\\\/avatar\\\/b6992f131dc8d30ab0dff15446e9d346d9dbd95992de0fef795073f5ea83a81c?s=96&d=mm&r=g\",\"contentUrl\":\"https:\\\/\\\/secure.gravatar.com\\\/avatar\\\/b6992f131dc8d30ab0dff15446e9d346d9dbd95992de0fef795073f5ea83a81c?s=96&d=mm&r=g\",\"caption\":\"La Gu\u00eda de Pamplona\"}}]}<\/script>\n<!-- \/ Yoast SEO plugin. -->","yoast_head_json":{"title":"La Escuela de Madres y Padres aborda este martes la resiliencia y la frustraci\u00f3n en la infancia con una conferencia en Civivox Mendillorri","robots":{"index":"index","follow":"follow","max-snippet":"max-snippet:-1","max-image-preview":"max-image-preview:large","max-video-preview":"max-video-preview:-1"},"canonical":"https:\/\/www.laguiadepamplona.com\/actualidad\/la-escuela-de-madres-y-padres-aborda-este-martes-la-resiliencia-y-la-frustracion-en-la-infancia-con-una-conferencia-en-civivox-mendillorri\/","og_locale":"es_ES","og_type":"article","og_title":"La Escuela de Madres y Padres aborda este martes la resiliencia y la frustraci\u00f3n en la infancia con una conferencia en Civivox Mendillorri","og_description":"La psic\u00f3loga Carmen Azparren imparte la charla a partir de las 18 horas, con entrada libre previa retirada de invitaciones","og_url":"https:\/\/www.laguiadepamplona.com\/actualidad\/la-escuela-de-madres-y-padres-aborda-este-martes-la-resiliencia-y-la-frustracion-en-la-infancia-con-una-conferencia-en-civivox-mendillorri\/","og_site_name":"La Gu\u00eda de Pamplona Noticias y actualidad","article_publisher":"https:\/\/www.facebook.com\/laguiadepamplonacom-133175176762273\/?ref=hl","article_published_time":"2018-10-22T13:10:10+00:00","og_image":[{"width":870,"height":390,"url":"https:\/\/www.laguiadepamplona.com\/actualidad\/wp-content\/uploads\/2016\/12\/civivox-mendillorri.jpg","type":"image\/jpeg"}],"author":"La Gu\u00eda de Pamplona","twitter_card":"summary_large_image","twitter_creator":"@LaGuiadPamplona","twitter_site":"@LaGuiadPamplona","twitter_misc":{"Escrito por":"La Gu\u00eda de Pamplona","Tiempo de lectura":"2 minutos"},"schema":{"@context":"https:\/\/schema.org","@graph":[{"@type":"Article","@id":"https:\/\/www.laguiadepamplona.com\/actualidad\/la-escuela-de-madres-y-padres-aborda-este-martes-la-resiliencia-y-la-frustracion-en-la-infancia-con-una-conferencia-en-civivox-mendillorri\/#article","isPartOf":{"@id":"https:\/\/www.laguiadepamplona.com\/actualidad\/la-escuela-de-madres-y-padres-aborda-este-martes-la-resiliencia-y-la-frustracion-en-la-infancia-con-una-conferencia-en-civivox-mendillorri\/"},"author":{"name":"La Gu\u00eda de Pamplona","@id":"https:\/\/www.laguiadepamplona.com\/actualidad\/#\/schema\/person\/efe887376f0213d4657c93adc50b1fdb"},"headline":"La Escuela de Madres y Padres aborda este martes la resiliencia y la frustraci\u00f3n en la infancia con una conferencia en Civivox Mendillorri","datePublished":"2018-10-22T13:10:10+00:00","mainEntityOfPage":{"@id":"https:\/\/www.laguiadepamplona.com\/actualidad\/la-escuela-de-madres-y-padres-aborda-este-martes-la-resiliencia-y-la-frustracion-en-la-infancia-con-una-conferencia-en-civivox-mendillorri\/"},"wordCount":418,"commentCount":0,"publisher":{"@id":"https:\/\/www.laguiadepamplona.com\/actualidad\/#organization"},"image":{"@id":"https:\/\/www.laguiadepamplona.com\/actualidad\/la-escuela-de-madres-y-padres-aborda-este-martes-la-resiliencia-y-la-frustracion-en-la-infancia-con-una-conferencia-en-civivox-mendillorri\/#primaryimage"},"thumbnailUrl":"https:\/\/www.laguiadepamplona.com\/actualidad\/wp-content\/uploads\/2016\/12\/civivox-mendillorri.jpg","articleSection":["Ayto Pamplona"],"inLanguage":"es","potentialAction":[{"@type":"CommentAction","name":"Comment","target":["https:\/\/www.laguiadepamplona.com\/actualidad\/la-escuela-de-madres-y-padres-aborda-este-martes-la-resiliencia-y-la-frustracion-en-la-infancia-con-una-conferencia-en-civivox-mendillorri\/#respond"]}]},{"@type":"WebPage","@id":"https:\/\/www.laguiadepamplona.com\/actualidad\/la-escuela-de-madres-y-padres-aborda-este-martes-la-resiliencia-y-la-frustracion-en-la-infancia-con-una-conferencia-en-civivox-mendillorri\/","url":"https:\/\/www.laguiadepamplona.com\/actualidad\/la-escuela-de-madres-y-padres-aborda-este-martes-la-resiliencia-y-la-frustracion-en-la-infancia-con-una-conferencia-en-civivox-mendillorri\/","name":"La Escuela de Madres y Padres aborda este martes la resiliencia y la frustraci\u00f3n en la infancia con una conferencia en Civivox Mendillorri","isPartOf":{"@id":"https:\/\/www.laguiadepamplona.com\/actualidad\/#website"},"primaryImageOfPage":{"@id":"https:\/\/www.laguiadepamplona.com\/actualidad\/la-escuela-de-madres-y-padres-aborda-este-martes-la-resiliencia-y-la-frustracion-en-la-infancia-con-una-conferencia-en-civivox-mendillorri\/#primaryimage"},"image":{"@id":"https:\/\/www.laguiadepamplona.com\/actualidad\/la-escuela-de-madres-y-padres-aborda-este-martes-la-resiliencia-y-la-frustracion-en-la-infancia-con-una-conferencia-en-civivox-mendillorri\/#primaryimage"},"thumbnailUrl":"https:\/\/www.laguiadepamplona.com\/actualidad\/wp-content\/uploads\/2016\/12\/civivox-mendillorri.jpg","datePublished":"2018-10-22T13:10:10+00:00","breadcrumb":{"@id":"https:\/\/www.laguiadepamplona.com\/actualidad\/la-escuela-de-madres-y-padres-aborda-este-martes-la-resiliencia-y-la-frustracion-en-la-infancia-con-una-conferencia-en-civivox-mendillorri\/#breadcrumb"},"inLanguage":"es","potentialAction":[{"@type":"ReadAction","target":["https:\/\/www.laguiadepamplona.com\/actualidad\/la-escuela-de-madres-y-padres-aborda-este-martes-la-resiliencia-y-la-frustracion-en-la-infancia-con-una-conferencia-en-civivox-mendillorri\/"]}]},{"@type":"ImageObject","inLanguage":"es","@id":"https:\/\/www.laguiadepamplona.com\/actualidad\/la-escuela-de-madres-y-padres-aborda-este-martes-la-resiliencia-y-la-frustracion-en-la-infancia-con-una-conferencia-en-civivox-mendillorri\/#primaryimage","url":"https:\/\/www.laguiadepamplona.com\/actualidad\/wp-content\/uploads\/2016\/12\/civivox-mendillorri.jpg","contentUrl":"https:\/\/www.laguiadepamplona.com\/actualidad\/wp-content\/uploads\/2016\/12\/civivox-mendillorri.jpg","width":870,"height":390},{"@type":"BreadcrumbList","@id":"https:\/\/www.laguiadepamplona.com\/actualidad\/la-escuela-de-madres-y-padres-aborda-este-martes-la-resiliencia-y-la-frustracion-en-la-infancia-con-una-conferencia-en-civivox-mendillorri\/#breadcrumb","itemListElement":[{"@type":"ListItem","position":1,"name":"Portada","item":"https:\/\/www.laguiadepamplona.com\/actualidad\/"},{"@type":"ListItem","position":2,"name":"La Escuela de Madres y Padres aborda este martes la resiliencia y la frustraci\u00f3n en la infancia con una conferencia en Civivox Mendillorri"}]},{"@type":"WebSite","@id":"https:\/\/www.laguiadepamplona.com\/actualidad\/#website","url":"https:\/\/www.laguiadepamplona.com\/actualidad\/","name":"La gu\u00eda de Pamplona","description":"Noticias de Pamplona","publisher":{"@id":"https:\/\/www.laguiadepamplona.com\/actualidad\/#organization"},"potentialAction":[{"@type":"SearchAction","target":{"@type":"EntryPoint","urlTemplate":"https:\/\/www.laguiadepamplona.com\/actualidad\/?s={search_term_string}"},"query-input":{"@type":"PropertyValueSpecification","valueRequired":true,"valueName":"search_term_string"}}],"inLanguage":"es"},{"@type":"Organization","@id":"https:\/\/www.laguiadepamplona.com\/actualidad\/#organization","name":"La Gu\u00eda de Pamplona \/ Noticias","url":"https:\/\/www.laguiadepamplona.com\/actualidad\/","logo":{"@type":"ImageObject","inLanguage":"es","@id":"https:\/\/www.laguiadepamplona.com\/actualidad\/#\/schema\/logo\/image\/","url":"https:\/\/www.laguiadepamplona.com\/actualidad\/wp-content\/uploads\/2018\/11\/logo-laguiadepamplona18-web1.png","contentUrl":"https:\/\/www.laguiadepamplona.com\/actualidad\/wp-content\/uploads\/2018\/11\/logo-laguiadepamplona18-web1.png","width":600,"height":196,"caption":"La Gu\u00eda de Pamplona \/ Noticias"},"image":{"@id":"https:\/\/www.laguiadepamplona.com\/actualidad\/#\/schema\/logo\/image\/"},"sameAs":["https:\/\/www.facebook.com\/laguiadepamplonacom-133175176762273\/?ref=hl","https:\/\/x.com\/LaGuiadPamplona","https:\/\/www.instagram.com\/la_guia_de_pamplona\/","https:\/\/www.youtube.com\/user\/laguiadepamplona"]},{"@type":"Person","@id":"https:\/\/www.laguiadepamplona.com\/actualidad\/#\/schema\/person\/efe887376f0213d4657c93adc50b1fdb","name":"La Gu\u00eda de Pamplona","image":{"@type":"ImageObject","inLanguage":"es","@id":"https:\/\/secure.gravatar.com\/avatar\/b6992f131dc8d30ab0dff15446e9d346d9dbd95992de0fef795073f5ea83a81c?s=96&d=mm&r=g","url":"https:\/\/secure.gravatar.com\/avatar\/b6992f131dc8d30ab0dff15446e9d346d9dbd95992de0fef795073f5ea83a81c?s=96&d=mm&r=g","contentUrl":"https:\/\/secure.gravatar.com\/avatar\/b6992f131dc8d30ab0dff15446e9d346d9dbd95992de0fef795073f5ea83a81c?s=96&d=mm&r=g","caption":"La Gu\u00eda de Pamplona"}}]}},"post_mailing_queue_ids":[],"_links":{"self":[{"href":"https:\/\/www.laguiadepamplona.com\/actualidad\/wp-json\/wp\/v2\/posts\/19087","targetHints":{"allow":["GET"]}}],"collection":[{"href":"https:\/\/www.laguiadepamplona.com\/actualidad\/wp-json\/wp\/v2\/posts"}],"about":[{"href":"https:\/\/www.laguiadepamplona.com\/actualidad\/wp-json\/wp\/v2\/types\/post"}],"author":[{"embeddable":true,"href":"https:\/\/www.laguiadepamplona.com\/actualidad\/wp-json\/wp\/v2\/users\/1"}],"replies":[{"embeddable":true,"href":"https:\/\/www.laguiadepamplona.com\/actualidad\/wp-json\/wp\/v2\/comments?post=19087"}],"version-history":[{"count":0,"href":"https:\/\/www.laguiadepamplona.com\/actualidad\/wp-json\/wp\/v2\/posts\/19087\/revisions"}],"wp:featuredmedia":[{"embeddable":true,"href":"https:\/\/www.laguiadepamplona.com\/actualidad\/wp-json\/wp\/v2\/media\/11011"}],"wp:attachment":[{"href":"https:\/\/www.laguiadepamplona.com\/actualidad\/wp-json\/wp\/v2\/media?parent=19087"}],"wp:term":[{"taxonomy":"category","embeddable":true,"href":"https:\/\/www.laguiadepamplona.com\/actualidad\/wp-json\/wp\/v2\/categories?post=19087"},{"taxonomy":"post_tag","embeddable":true,"href":"https:\/\/www.laguiadepamplona.com\/actualidad\/wp-json\/wp\/v2\/tags?post=19087"}],"curies":[{"name":"wp","href":"https:\/\/api.w.org\/{rel}","templated":true}]}}