{"id":19078,"date":"2018-10-19T12:34:35","date_gmt":"2018-10-19T10:34:35","guid":{"rendered":"https:\/\/www.laguiadepamplona.es\/actualidad\/?p=19078"},"modified":"2018-10-19T12:34:35","modified_gmt":"2018-10-19T10:34:35","slug":"el-ayuntamiento-y-el-ateneo-navarro-ofrecen-el-lunes-una-mesa-redonda-en-euskera-en-tono-al-libro-historia-de-pamplona-su-trayecto-a-traves-de-la-historia","status":"publish","type":"post","link":"https:\/\/www.laguiadepamplona.com\/actualidad\/el-ayuntamiento-y-el-ateneo-navarro-ofrecen-el-lunes-una-mesa-redonda-en-euskera-en-tono-al-libro-historia-de-pamplona-su-trayecto-a-traves-de-la-historia\/","title":{"rendered":"El Ayuntamiento y el Ateneo Navarro ofrecen el lunes una mesa redonda en euskera en tono al libro \u2018Historia de Pamplona. Su trayecto a trav\u00e9s de la historia\u2019"},"content":{"rendered":"<h3>Cuatro de sus autores estar\u00e1n a las 19.30 horas en Civivox Iturrama, en una sesi\u00f3n con entrada libre previa retirada de invitaci\u00f3n<\/h3>\n<p><!--more--><\/p>\n<p>Este pr\u00f3ximo lunes Civivox Iturrama acoger\u00e1, a las 19.30 horas, la presentaci\u00f3n del libro \u2018Iru\u00f1eko historia, hiriaren ibilbidea historian barna liburuaren gaineko\u2019 (\u2018Historia de Pamplona. Su trayecto a trav\u00e9s de la historia\u2019). El texto es un ensayo editado en mayo este a\u00f1o por el Consistorio a trav\u00e9s de la editorial Pamiela y llega ahora a la red Civivox acompa\u00f1ado por una mesa redonda de expertos.<\/p>\n<p>En la sesi\u00f3n se sentar\u00e1n Rold\u00e1n Jimeno Aranguren, historiador y antrop\u00f3logo; I\u00f1aki Azkona Hu\u00e9rcanos, t\u00e9cnico de Cultura del Ayuntamiento de Pamplona; Nerea P\u00e9rez Ibarrola, presidenta del Instituto Ger\u00f3nimo de Ustariz y profesora de la UPNA y Juankar Lopez-Mugartza Iriarte, escritor, poeta y profesor de la UPNA. Son cuatro de los 32 autores de una obra cient\u00edfico-divulgativa que quiere promover la producci\u00f3n literaria y acad\u00e9mica en lengua vasca.<\/p>\n<p>El origen del libro se remonta a los a\u00f1os 2002 y 2003 en los que se realizaron sendos ciclos car\u00e1cter monogr\u00e1fico centrados en la historia de la ciudad organizados, tambi\u00e9n entonces, gracias a la colaboraci\u00f3n Ayuntamiento y Ateneo. Los textos diseccionan la historia de Pamplona y se completan con otros sobre el euskera, la literatura, el arte o a la ciudad de las mujeres. Las ponencias de entonces, aportadas por historiadores e investigadores del mundo universitario, pero tambi\u00e9n por profesionales de la arquitectura, el periodismo, la sociolog\u00eda, la pedagog\u00eda, la filolog\u00eda o la biolog\u00eda, se actualizaron para su publicaci\u00f3n. Adem\u00e1s, el libro incluye im\u00e1genes seleccionadas por la responsable del Archivo Municipal, Ana Hueso, y el t\u00e9cnico del Archivo, Ricardo Gurbindo. El volumen est\u00e1 a la venta al precio de 25 euros.<\/p>\n<p>La actividad se realizar\u00e1 en euskera y tiene entrada libre, aunque hay que recoger invitaci\u00f3n desde una hora antes en el mismo centro, y est\u00e1 organizada por el Ateneo Navarro en colaboraci\u00f3n con el Ayuntamiento de Pamplona.<\/p>\n","protected":false},"excerpt":{"rendered":"<p>Cuatro de sus autores estar\u00e1n a las 19.30 horas en Civivox Iturrama, en una sesi\u00f3n con entrada libre previa retirada de invitaci\u00f3n<\/p>\n","protected":false},"author":1,"featured_media":18887,"comment_status":"open","ping_status":"closed","sticky":false,"template":"","format":"standard","meta":{"footnotes":""},"categories":[2],"tags":[],"class_list":["post-19078","post","type-post","status-publish","format-standard","has-post-thumbnail","hentry","category-ayuntamiento-pamplona"],"yoast_head":"<!-- This site is optimized with the Yoast SEO plugin v27.9 - https:\/\/yoast.com\/product\/yoast-seo-wordpress\/ -->\n<title>El Ayuntamiento y el Ateneo Navarro ofrecen el lunes una mesa redonda en euskera en tono al libro \u2018Historia de Pamplona. Su trayecto a trav\u00e9s de la historia\u2019<\/title>\n<meta name=\"robots\" content=\"index, follow, max-snippet:-1, max-image-preview:large, max-video-preview:-1\" \/>\n<link rel=\"canonical\" href=\"https:\/\/www.laguiadepamplona.com\/actualidad\/el-ayuntamiento-y-el-ateneo-navarro-ofrecen-el-lunes-una-mesa-redonda-en-euskera-en-tono-al-libro-historia-de-pamplona-su-trayecto-a-traves-de-la-historia\/\" \/>\n<meta property=\"og:locale\" content=\"es_ES\" \/>\n<meta property=\"og:type\" content=\"article\" \/>\n<meta property=\"og:title\" content=\"El Ayuntamiento y el Ateneo Navarro ofrecen el lunes una mesa redonda en euskera en tono al libro \u2018Historia de Pamplona. Su trayecto a trav\u00e9s de la historia\u2019\" \/>\n<meta property=\"og:description\" content=\"Cuatro de sus autores estar\u00e1n a las 19.30 horas en Civivox Iturrama, en una sesi\u00f3n con entrada libre previa retirada de invitaci\u00f3n\" \/>\n<meta property=\"og:url\" content=\"https:\/\/www.laguiadepamplona.com\/actualidad\/el-ayuntamiento-y-el-ateneo-navarro-ofrecen-el-lunes-una-mesa-redonda-en-euskera-en-tono-al-libro-historia-de-pamplona-su-trayecto-a-traves-de-la-historia\/\" \/>\n<meta property=\"og:site_name\" content=\"La Gu\u00eda de Pamplona Noticias y actualidad\" \/>\n<meta property=\"article:publisher\" content=\"https:\/\/www.facebook.com\/laguiadepamplonacom-133175176762273\/?ref=hl\" \/>\n<meta property=\"article:published_time\" content=\"2018-10-19T10:34:35+00:00\" \/>\n<meta property=\"og:image\" content=\"https:\/\/www.laguiadepamplona.com\/actualidad\/wp-content\/uploads\/2018\/10\/civivox-iturrama.jpg\" \/>\n\t<meta property=\"og:image:width\" content=\"1000\" \/>\n\t<meta property=\"og:image:height\" content=\"563\" \/>\n\t<meta property=\"og:image:type\" content=\"image\/jpeg\" \/>\n<meta name=\"author\" content=\"La Gu\u00eda de Pamplona\" \/>\n<meta name=\"twitter:card\" content=\"summary_large_image\" \/>\n<meta name=\"twitter:creator\" content=\"@LaGuiadPamplona\" \/>\n<meta name=\"twitter:site\" content=\"@LaGuiadPamplona\" \/>\n<meta name=\"twitter:label1\" content=\"Escrito por\" \/>\n\t<meta name=\"twitter:data1\" content=\"La Gu\u00eda de Pamplona\" \/>\n\t<meta name=\"twitter:label2\" content=\"Tiempo de lectura\" \/>\n\t<meta name=\"twitter:data2\" content=\"2 minutos\" \/>\n<script type=\"application\/ld+json\" class=\"yoast-schema-graph\">{\"@context\":\"https:\\\/\\\/schema.org\",\"@graph\":[{\"@type\":\"Article\",\"@id\":\"https:\\\/\\\/www.laguiadepamplona.com\\\/actualidad\\\/el-ayuntamiento-y-el-ateneo-navarro-ofrecen-el-lunes-una-mesa-redonda-en-euskera-en-tono-al-libro-historia-de-pamplona-su-trayecto-a-traves-de-la-historia\\\/#article\",\"isPartOf\":{\"@id\":\"https:\\\/\\\/www.laguiadepamplona.com\\\/actualidad\\\/el-ayuntamiento-y-el-ateneo-navarro-ofrecen-el-lunes-una-mesa-redonda-en-euskera-en-tono-al-libro-historia-de-pamplona-su-trayecto-a-traves-de-la-historia\\\/\"},\"author\":{\"name\":\"La Gu\u00eda de Pamplona\",\"@id\":\"https:\\\/\\\/www.laguiadepamplona.com\\\/actualidad\\\/#\\\/schema\\\/person\\\/efe887376f0213d4657c93adc50b1fdb\"},\"headline\":\"El Ayuntamiento y el Ateneo Navarro ofrecen el lunes una mesa redonda en euskera en tono al libro \u2018Historia de Pamplona. Su trayecto a trav\u00e9s de la historia\u2019\",\"datePublished\":\"2018-10-19T10:34:35+00:00\",\"mainEntityOfPage\":{\"@id\":\"https:\\\/\\\/www.laguiadepamplona.com\\\/actualidad\\\/el-ayuntamiento-y-el-ateneo-navarro-ofrecen-el-lunes-una-mesa-redonda-en-euskera-en-tono-al-libro-historia-de-pamplona-su-trayecto-a-traves-de-la-historia\\\/\"},\"wordCount\":383,\"commentCount\":0,\"publisher\":{\"@id\":\"https:\\\/\\\/www.laguiadepamplona.com\\\/actualidad\\\/#organization\"},\"image\":{\"@id\":\"https:\\\/\\\/www.laguiadepamplona.com\\\/actualidad\\\/el-ayuntamiento-y-el-ateneo-navarro-ofrecen-el-lunes-una-mesa-redonda-en-euskera-en-tono-al-libro-historia-de-pamplona-su-trayecto-a-traves-de-la-historia\\\/#primaryimage\"},\"thumbnailUrl\":\"https:\\\/\\\/www.laguiadepamplona.com\\\/actualidad\\\/wp-content\\\/uploads\\\/2018\\\/10\\\/civivox-iturrama.jpg\",\"articleSection\":[\"Ayto Pamplona\"],\"inLanguage\":\"es\",\"potentialAction\":[{\"@type\":\"CommentAction\",\"name\":\"Comment\",\"target\":[\"https:\\\/\\\/www.laguiadepamplona.com\\\/actualidad\\\/el-ayuntamiento-y-el-ateneo-navarro-ofrecen-el-lunes-una-mesa-redonda-en-euskera-en-tono-al-libro-historia-de-pamplona-su-trayecto-a-traves-de-la-historia\\\/#respond\"]}]},{\"@type\":\"WebPage\",\"@id\":\"https:\\\/\\\/www.laguiadepamplona.com\\\/actualidad\\\/el-ayuntamiento-y-el-ateneo-navarro-ofrecen-el-lunes-una-mesa-redonda-en-euskera-en-tono-al-libro-historia-de-pamplona-su-trayecto-a-traves-de-la-historia\\\/\",\"url\":\"https:\\\/\\\/www.laguiadepamplona.com\\\/actualidad\\\/el-ayuntamiento-y-el-ateneo-navarro-ofrecen-el-lunes-una-mesa-redonda-en-euskera-en-tono-al-libro-historia-de-pamplona-su-trayecto-a-traves-de-la-historia\\\/\",\"name\":\"El Ayuntamiento y el Ateneo Navarro ofrecen el lunes una mesa redonda en euskera en tono al libro \u2018Historia de Pamplona. Su trayecto a trav\u00e9s de la historia\u2019\",\"isPartOf\":{\"@id\":\"https:\\\/\\\/www.laguiadepamplona.com\\\/actualidad\\\/#website\"},\"primaryImageOfPage\":{\"@id\":\"https:\\\/\\\/www.laguiadepamplona.com\\\/actualidad\\\/el-ayuntamiento-y-el-ateneo-navarro-ofrecen-el-lunes-una-mesa-redonda-en-euskera-en-tono-al-libro-historia-de-pamplona-su-trayecto-a-traves-de-la-historia\\\/#primaryimage\"},\"image\":{\"@id\":\"https:\\\/\\\/www.laguiadepamplona.com\\\/actualidad\\\/el-ayuntamiento-y-el-ateneo-navarro-ofrecen-el-lunes-una-mesa-redonda-en-euskera-en-tono-al-libro-historia-de-pamplona-su-trayecto-a-traves-de-la-historia\\\/#primaryimage\"},\"thumbnailUrl\":\"https:\\\/\\\/www.laguiadepamplona.com\\\/actualidad\\\/wp-content\\\/uploads\\\/2018\\\/10\\\/civivox-iturrama.jpg\",\"datePublished\":\"2018-10-19T10:34:35+00:00\",\"breadcrumb\":{\"@id\":\"https:\\\/\\\/www.laguiadepamplona.com\\\/actualidad\\\/el-ayuntamiento-y-el-ateneo-navarro-ofrecen-el-lunes-una-mesa-redonda-en-euskera-en-tono-al-libro-historia-de-pamplona-su-trayecto-a-traves-de-la-historia\\\/#breadcrumb\"},\"inLanguage\":\"es\",\"potentialAction\":[{\"@type\":\"ReadAction\",\"target\":[\"https:\\\/\\\/www.laguiadepamplona.com\\\/actualidad\\\/el-ayuntamiento-y-el-ateneo-navarro-ofrecen-el-lunes-una-mesa-redonda-en-euskera-en-tono-al-libro-historia-de-pamplona-su-trayecto-a-traves-de-la-historia\\\/\"]}]},{\"@type\":\"ImageObject\",\"inLanguage\":\"es\",\"@id\":\"https:\\\/\\\/www.laguiadepamplona.com\\\/actualidad\\\/el-ayuntamiento-y-el-ateneo-navarro-ofrecen-el-lunes-una-mesa-redonda-en-euskera-en-tono-al-libro-historia-de-pamplona-su-trayecto-a-traves-de-la-historia\\\/#primaryimage\",\"url\":\"https:\\\/\\\/www.laguiadepamplona.com\\\/actualidad\\\/wp-content\\\/uploads\\\/2018\\\/10\\\/civivox-iturrama.jpg\",\"contentUrl\":\"https:\\\/\\\/www.laguiadepamplona.com\\\/actualidad\\\/wp-content\\\/uploads\\\/2018\\\/10\\\/civivox-iturrama.jpg\",\"width\":1000,\"height\":563},{\"@type\":\"BreadcrumbList\",\"@id\":\"https:\\\/\\\/www.laguiadepamplona.com\\\/actualidad\\\/el-ayuntamiento-y-el-ateneo-navarro-ofrecen-el-lunes-una-mesa-redonda-en-euskera-en-tono-al-libro-historia-de-pamplona-su-trayecto-a-traves-de-la-historia\\\/#breadcrumb\",\"itemListElement\":[{\"@type\":\"ListItem\",\"position\":1,\"name\":\"Portada\",\"item\":\"https:\\\/\\\/www.laguiadepamplona.com\\\/actualidad\\\/\"},{\"@type\":\"ListItem\",\"position\":2,\"name\":\"El Ayuntamiento y el Ateneo Navarro ofrecen el lunes una mesa redonda en euskera en tono al libro \u2018Historia de Pamplona. Su trayecto a trav\u00e9s de la historia\u2019\"}]},{\"@type\":\"WebSite\",\"@id\":\"https:\\\/\\\/www.laguiadepamplona.com\\\/actualidad\\\/#website\",\"url\":\"https:\\\/\\\/www.laguiadepamplona.com\\\/actualidad\\\/\",\"name\":\"La gu\u00eda de Pamplona\",\"description\":\"Noticias de Pamplona\",\"publisher\":{\"@id\":\"https:\\\/\\\/www.laguiadepamplona.com\\\/actualidad\\\/#organization\"},\"potentialAction\":[{\"@type\":\"SearchAction\",\"target\":{\"@type\":\"EntryPoint\",\"urlTemplate\":\"https:\\\/\\\/www.laguiadepamplona.com\\\/actualidad\\\/?s={search_term_string}\"},\"query-input\":{\"@type\":\"PropertyValueSpecification\",\"valueRequired\":true,\"valueName\":\"search_term_string\"}}],\"inLanguage\":\"es\"},{\"@type\":\"Organization\",\"@id\":\"https:\\\/\\\/www.laguiadepamplona.com\\\/actualidad\\\/#organization\",\"name\":\"La Gu\u00eda de Pamplona \\\/ Noticias\",\"url\":\"https:\\\/\\\/www.laguiadepamplona.com\\\/actualidad\\\/\",\"logo\":{\"@type\":\"ImageObject\",\"inLanguage\":\"es\",\"@id\":\"https:\\\/\\\/www.laguiadepamplona.com\\\/actualidad\\\/#\\\/schema\\\/logo\\\/image\\\/\",\"url\":\"https:\\\/\\\/www.laguiadepamplona.com\\\/actualidad\\\/wp-content\\\/uploads\\\/2018\\\/11\\\/logo-laguiadepamplona18-web1.png\",\"contentUrl\":\"https:\\\/\\\/www.laguiadepamplona.com\\\/actualidad\\\/wp-content\\\/uploads\\\/2018\\\/11\\\/logo-laguiadepamplona18-web1.png\",\"width\":600,\"height\":196,\"caption\":\"La Gu\u00eda de Pamplona \\\/ Noticias\"},\"image\":{\"@id\":\"https:\\\/\\\/www.laguiadepamplona.com\\\/actualidad\\\/#\\\/schema\\\/logo\\\/image\\\/\"},\"sameAs\":[\"https:\\\/\\\/www.facebook.com\\\/laguiadepamplonacom-133175176762273\\\/?ref=hl\",\"https:\\\/\\\/x.com\\\/LaGuiadPamplona\",\"https:\\\/\\\/www.instagram.com\\\/la_guia_de_pamplona\\\/\",\"https:\\\/\\\/www.youtube.com\\\/user\\\/laguiadepamplona\"]},{\"@type\":\"Person\",\"@id\":\"https:\\\/\\\/www.laguiadepamplona.com\\\/actualidad\\\/#\\\/schema\\\/person\\\/efe887376f0213d4657c93adc50b1fdb\",\"name\":\"La Gu\u00eda de Pamplona\",\"image\":{\"@type\":\"ImageObject\",\"inLanguage\":\"es\",\"@id\":\"https:\\\/\\\/secure.gravatar.com\\\/avatar\\\/b6992f131dc8d30ab0dff15446e9d346d9dbd95992de0fef795073f5ea83a81c?s=96&d=mm&r=g\",\"url\":\"https:\\\/\\\/secure.gravatar.com\\\/avatar\\\/b6992f131dc8d30ab0dff15446e9d346d9dbd95992de0fef795073f5ea83a81c?s=96&d=mm&r=g\",\"contentUrl\":\"https:\\\/\\\/secure.gravatar.com\\\/avatar\\\/b6992f131dc8d30ab0dff15446e9d346d9dbd95992de0fef795073f5ea83a81c?s=96&d=mm&r=g\",\"caption\":\"La Gu\u00eda de Pamplona\"}}]}<\/script>\n<!-- \/ Yoast SEO plugin. -->","yoast_head_json":{"title":"El Ayuntamiento y el Ateneo Navarro ofrecen el lunes una mesa redonda en euskera en tono al libro \u2018Historia de Pamplona. Su trayecto a trav\u00e9s de la historia\u2019","robots":{"index":"index","follow":"follow","max-snippet":"max-snippet:-1","max-image-preview":"max-image-preview:large","max-video-preview":"max-video-preview:-1"},"canonical":"https:\/\/www.laguiadepamplona.com\/actualidad\/el-ayuntamiento-y-el-ateneo-navarro-ofrecen-el-lunes-una-mesa-redonda-en-euskera-en-tono-al-libro-historia-de-pamplona-su-trayecto-a-traves-de-la-historia\/","og_locale":"es_ES","og_type":"article","og_title":"El Ayuntamiento y el Ateneo Navarro ofrecen el lunes una mesa redonda en euskera en tono al libro \u2018Historia de Pamplona. Su trayecto a trav\u00e9s de la historia\u2019","og_description":"Cuatro de sus autores estar\u00e1n a las 19.30 horas en Civivox Iturrama, en una sesi\u00f3n con entrada libre previa retirada de invitaci\u00f3n","og_url":"https:\/\/www.laguiadepamplona.com\/actualidad\/el-ayuntamiento-y-el-ateneo-navarro-ofrecen-el-lunes-una-mesa-redonda-en-euskera-en-tono-al-libro-historia-de-pamplona-su-trayecto-a-traves-de-la-historia\/","og_site_name":"La Gu\u00eda de Pamplona Noticias y actualidad","article_publisher":"https:\/\/www.facebook.com\/laguiadepamplonacom-133175176762273\/?ref=hl","article_published_time":"2018-10-19T10:34:35+00:00","og_image":[{"width":1000,"height":563,"url":"https:\/\/www.laguiadepamplona.com\/actualidad\/wp-content\/uploads\/2018\/10\/civivox-iturrama.jpg","type":"image\/jpeg"}],"author":"La Gu\u00eda de Pamplona","twitter_card":"summary_large_image","twitter_creator":"@LaGuiadPamplona","twitter_site":"@LaGuiadPamplona","twitter_misc":{"Escrito por":"La Gu\u00eda de Pamplona","Tiempo de lectura":"2 minutos"},"schema":{"@context":"https:\/\/schema.org","@graph":[{"@type":"Article","@id":"https:\/\/www.laguiadepamplona.com\/actualidad\/el-ayuntamiento-y-el-ateneo-navarro-ofrecen-el-lunes-una-mesa-redonda-en-euskera-en-tono-al-libro-historia-de-pamplona-su-trayecto-a-traves-de-la-historia\/#article","isPartOf":{"@id":"https:\/\/www.laguiadepamplona.com\/actualidad\/el-ayuntamiento-y-el-ateneo-navarro-ofrecen-el-lunes-una-mesa-redonda-en-euskera-en-tono-al-libro-historia-de-pamplona-su-trayecto-a-traves-de-la-historia\/"},"author":{"name":"La Gu\u00eda de Pamplona","@id":"https:\/\/www.laguiadepamplona.com\/actualidad\/#\/schema\/person\/efe887376f0213d4657c93adc50b1fdb"},"headline":"El Ayuntamiento y el Ateneo Navarro ofrecen el lunes una mesa redonda en euskera en tono al libro \u2018Historia de Pamplona. Su trayecto a trav\u00e9s de la historia\u2019","datePublished":"2018-10-19T10:34:35+00:00","mainEntityOfPage":{"@id":"https:\/\/www.laguiadepamplona.com\/actualidad\/el-ayuntamiento-y-el-ateneo-navarro-ofrecen-el-lunes-una-mesa-redonda-en-euskera-en-tono-al-libro-historia-de-pamplona-su-trayecto-a-traves-de-la-historia\/"},"wordCount":383,"commentCount":0,"publisher":{"@id":"https:\/\/www.laguiadepamplona.com\/actualidad\/#organization"},"image":{"@id":"https:\/\/www.laguiadepamplona.com\/actualidad\/el-ayuntamiento-y-el-ateneo-navarro-ofrecen-el-lunes-una-mesa-redonda-en-euskera-en-tono-al-libro-historia-de-pamplona-su-trayecto-a-traves-de-la-historia\/#primaryimage"},"thumbnailUrl":"https:\/\/www.laguiadepamplona.com\/actualidad\/wp-content\/uploads\/2018\/10\/civivox-iturrama.jpg","articleSection":["Ayto Pamplona"],"inLanguage":"es","potentialAction":[{"@type":"CommentAction","name":"Comment","target":["https:\/\/www.laguiadepamplona.com\/actualidad\/el-ayuntamiento-y-el-ateneo-navarro-ofrecen-el-lunes-una-mesa-redonda-en-euskera-en-tono-al-libro-historia-de-pamplona-su-trayecto-a-traves-de-la-historia\/#respond"]}]},{"@type":"WebPage","@id":"https:\/\/www.laguiadepamplona.com\/actualidad\/el-ayuntamiento-y-el-ateneo-navarro-ofrecen-el-lunes-una-mesa-redonda-en-euskera-en-tono-al-libro-historia-de-pamplona-su-trayecto-a-traves-de-la-historia\/","url":"https:\/\/www.laguiadepamplona.com\/actualidad\/el-ayuntamiento-y-el-ateneo-navarro-ofrecen-el-lunes-una-mesa-redonda-en-euskera-en-tono-al-libro-historia-de-pamplona-su-trayecto-a-traves-de-la-historia\/","name":"El Ayuntamiento y el Ateneo Navarro ofrecen el lunes una mesa redonda en euskera en tono al libro \u2018Historia de Pamplona. Su trayecto a trav\u00e9s de la historia\u2019","isPartOf":{"@id":"https:\/\/www.laguiadepamplona.com\/actualidad\/#website"},"primaryImageOfPage":{"@id":"https:\/\/www.laguiadepamplona.com\/actualidad\/el-ayuntamiento-y-el-ateneo-navarro-ofrecen-el-lunes-una-mesa-redonda-en-euskera-en-tono-al-libro-historia-de-pamplona-su-trayecto-a-traves-de-la-historia\/#primaryimage"},"image":{"@id":"https:\/\/www.laguiadepamplona.com\/actualidad\/el-ayuntamiento-y-el-ateneo-navarro-ofrecen-el-lunes-una-mesa-redonda-en-euskera-en-tono-al-libro-historia-de-pamplona-su-trayecto-a-traves-de-la-historia\/#primaryimage"},"thumbnailUrl":"https:\/\/www.laguiadepamplona.com\/actualidad\/wp-content\/uploads\/2018\/10\/civivox-iturrama.jpg","datePublished":"2018-10-19T10:34:35+00:00","breadcrumb":{"@id":"https:\/\/www.laguiadepamplona.com\/actualidad\/el-ayuntamiento-y-el-ateneo-navarro-ofrecen-el-lunes-una-mesa-redonda-en-euskera-en-tono-al-libro-historia-de-pamplona-su-trayecto-a-traves-de-la-historia\/#breadcrumb"},"inLanguage":"es","potentialAction":[{"@type":"ReadAction","target":["https:\/\/www.laguiadepamplona.com\/actualidad\/el-ayuntamiento-y-el-ateneo-navarro-ofrecen-el-lunes-una-mesa-redonda-en-euskera-en-tono-al-libro-historia-de-pamplona-su-trayecto-a-traves-de-la-historia\/"]}]},{"@type":"ImageObject","inLanguage":"es","@id":"https:\/\/www.laguiadepamplona.com\/actualidad\/el-ayuntamiento-y-el-ateneo-navarro-ofrecen-el-lunes-una-mesa-redonda-en-euskera-en-tono-al-libro-historia-de-pamplona-su-trayecto-a-traves-de-la-historia\/#primaryimage","url":"https:\/\/www.laguiadepamplona.com\/actualidad\/wp-content\/uploads\/2018\/10\/civivox-iturrama.jpg","contentUrl":"https:\/\/www.laguiadepamplona.com\/actualidad\/wp-content\/uploads\/2018\/10\/civivox-iturrama.jpg","width":1000,"height":563},{"@type":"BreadcrumbList","@id":"https:\/\/www.laguiadepamplona.com\/actualidad\/el-ayuntamiento-y-el-ateneo-navarro-ofrecen-el-lunes-una-mesa-redonda-en-euskera-en-tono-al-libro-historia-de-pamplona-su-trayecto-a-traves-de-la-historia\/#breadcrumb","itemListElement":[{"@type":"ListItem","position":1,"name":"Portada","item":"https:\/\/www.laguiadepamplona.com\/actualidad\/"},{"@type":"ListItem","position":2,"name":"El Ayuntamiento y el Ateneo Navarro ofrecen el lunes una mesa redonda en euskera en tono al libro \u2018Historia de Pamplona. Su trayecto a trav\u00e9s de la historia\u2019"}]},{"@type":"WebSite","@id":"https:\/\/www.laguiadepamplona.com\/actualidad\/#website","url":"https:\/\/www.laguiadepamplona.com\/actualidad\/","name":"La gu\u00eda de Pamplona","description":"Noticias de Pamplona","publisher":{"@id":"https:\/\/www.laguiadepamplona.com\/actualidad\/#organization"},"potentialAction":[{"@type":"SearchAction","target":{"@type":"EntryPoint","urlTemplate":"https:\/\/www.laguiadepamplona.com\/actualidad\/?s={search_term_string}"},"query-input":{"@type":"PropertyValueSpecification","valueRequired":true,"valueName":"search_term_string"}}],"inLanguage":"es"},{"@type":"Organization","@id":"https:\/\/www.laguiadepamplona.com\/actualidad\/#organization","name":"La Gu\u00eda de Pamplona \/ Noticias","url":"https:\/\/www.laguiadepamplona.com\/actualidad\/","logo":{"@type":"ImageObject","inLanguage":"es","@id":"https:\/\/www.laguiadepamplona.com\/actualidad\/#\/schema\/logo\/image\/","url":"https:\/\/www.laguiadepamplona.com\/actualidad\/wp-content\/uploads\/2018\/11\/logo-laguiadepamplona18-web1.png","contentUrl":"https:\/\/www.laguiadepamplona.com\/actualidad\/wp-content\/uploads\/2018\/11\/logo-laguiadepamplona18-web1.png","width":600,"height":196,"caption":"La Gu\u00eda de Pamplona \/ Noticias"},"image":{"@id":"https:\/\/www.laguiadepamplona.com\/actualidad\/#\/schema\/logo\/image\/"},"sameAs":["https:\/\/www.facebook.com\/laguiadepamplonacom-133175176762273\/?ref=hl","https:\/\/x.com\/LaGuiadPamplona","https:\/\/www.instagram.com\/la_guia_de_pamplona\/","https:\/\/www.youtube.com\/user\/laguiadepamplona"]},{"@type":"Person","@id":"https:\/\/www.laguiadepamplona.com\/actualidad\/#\/schema\/person\/efe887376f0213d4657c93adc50b1fdb","name":"La Gu\u00eda de Pamplona","image":{"@type":"ImageObject","inLanguage":"es","@id":"https:\/\/secure.gravatar.com\/avatar\/b6992f131dc8d30ab0dff15446e9d346d9dbd95992de0fef795073f5ea83a81c?s=96&d=mm&r=g","url":"https:\/\/secure.gravatar.com\/avatar\/b6992f131dc8d30ab0dff15446e9d346d9dbd95992de0fef795073f5ea83a81c?s=96&d=mm&r=g","contentUrl":"https:\/\/secure.gravatar.com\/avatar\/b6992f131dc8d30ab0dff15446e9d346d9dbd95992de0fef795073f5ea83a81c?s=96&d=mm&r=g","caption":"La Gu\u00eda de Pamplona"}}]}},"post_mailing_queue_ids":[],"_links":{"self":[{"href":"https:\/\/www.laguiadepamplona.com\/actualidad\/wp-json\/wp\/v2\/posts\/19078","targetHints":{"allow":["GET"]}}],"collection":[{"href":"https:\/\/www.laguiadepamplona.com\/actualidad\/wp-json\/wp\/v2\/posts"}],"about":[{"href":"https:\/\/www.laguiadepamplona.com\/actualidad\/wp-json\/wp\/v2\/types\/post"}],"author":[{"embeddable":true,"href":"https:\/\/www.laguiadepamplona.com\/actualidad\/wp-json\/wp\/v2\/users\/1"}],"replies":[{"embeddable":true,"href":"https:\/\/www.laguiadepamplona.com\/actualidad\/wp-json\/wp\/v2\/comments?post=19078"}],"version-history":[{"count":0,"href":"https:\/\/www.laguiadepamplona.com\/actualidad\/wp-json\/wp\/v2\/posts\/19078\/revisions"}],"wp:featuredmedia":[{"embeddable":true,"href":"https:\/\/www.laguiadepamplona.com\/actualidad\/wp-json\/wp\/v2\/media\/18887"}],"wp:attachment":[{"href":"https:\/\/www.laguiadepamplona.com\/actualidad\/wp-json\/wp\/v2\/media?parent=19078"}],"wp:term":[{"taxonomy":"category","embeddable":true,"href":"https:\/\/www.laguiadepamplona.com\/actualidad\/wp-json\/wp\/v2\/categories?post=19078"},{"taxonomy":"post_tag","embeddable":true,"href":"https:\/\/www.laguiadepamplona.com\/actualidad\/wp-json\/wp\/v2\/tags?post=19078"}],"curies":[{"name":"wp","href":"https:\/\/api.w.org\/{rel}","templated":true}]}}