{"id":19076,"date":"2018-10-19T12:34:02","date_gmt":"2018-10-19T10:34:02","guid":{"rendered":"https:\/\/www.laguiadepamplona.es\/actualidad\/?p=19076"},"modified":"2018-10-19T12:34:02","modified_gmt":"2018-10-19T10:34:02","slug":"reflexiones-sobre-la-angustia-existencial-en-pasion-una-nueva-pelicula-del-ciclo-sobre-ingmar-bergman-que-se-proyecta-este-sabado-en-condestable","status":"publish","type":"post","link":"https:\/\/www.laguiadepamplona.com\/actualidad\/reflexiones-sobre-la-angustia-existencial-en-pasion-una-nueva-pelicula-del-ciclo-sobre-ingmar-bergman-que-se-proyecta-este-sabado-en-condestable\/","title":{"rendered":"Reflexiones sobre la angustia existencial en \u2018Pasi\u00f3n\u2019, una nueva pel\u00edcula del ciclo sobre Ingmar Bergman que se proyecta este s\u00e1bado en Condestable"},"content":{"rendered":"<h2>El largometraje se podr\u00e1 ver a partir de las 19.30 horas, con entrada libre previa retirada de invitaciones<\/h2>\n<p><!--more--><\/p>\n<p>El cineasta sueco Ingmar Bergman cerr\u00f3 su prol\u00edfica d\u00e9cada de los 70 con \u2018Pasi\u00f3n\u2019, una obra en la que vuelve a situar la acci\u00f3n en una apartada isla como escenario de sus reflexiones, y las de sus personajes, sobre la angustia existencial. El sal\u00f3n de actos de Civivox Condestable vuelve un s\u00e1bado m\u00e1s a acoger la proyecci\u00f3n de la pel\u00edcula del director sueco, dentro del ciclo organizado por el Ayuntamiento de Pamplona y la Fundaci\u00f3n Bilbao Arte Fundazioa. La sesi\u00f3n comenzar\u00e1 a las 19.30 horas, con entrada libre previa retirada de invitaciones.<\/p>\n<p>Tras separarse de su mujer, Andreas Winkelman (Max von Sydow) vive retirado en una apartada isla del B\u00e1ltico. Su retraimiento hacia el mundo no impedir\u00e1, sin embargo, que conozca all\u00ed al matrimonio de Elis (Erland Josephson) y Eva (Bibi Anderson), una pareja de artistas que est\u00e1 en plena desintegraci\u00f3n; y a Anna (Liv Ullmann), una joven e inestable viuda, unidos por el dolor de la p\u00e9rdida y la desconexi\u00f3n emocional. Mientras tanto, actos de crueldad animal se van sucediendo en la comunidad de la isla.<\/p>\n<p>Los personajes de este crudo drama padecen una misma enfermedad: la vida. Llena de di\u00e1logos para reflexionar, Bergman vuelve a indagar en la angustia que produce la insatisfacci\u00f3n existencial, y solo halla en el retiro voluntario una salida que aten\u00fae sus consecuencias. Salida que el propio cineasta tomar\u00eda durante los \u00faltimos a\u00f1os de su vida, cuando decidi\u00f3 vivir solo y apartado del mundo en la isla de F\u00e5r\u00f6, lugar en el que est\u00e1 filmada la cinta.<\/p>\n<p>&nbsp;<\/p>\n<p><strong>Proyecciones ciclo Ingmar Bergman. Civivox Condestable<\/strong><\/p>\n<p><strong>OCTUBRE<\/strong><\/p>\n<ul>\n<li>S\u00e1bado 20 de octubre, 19.30 horas. \u2018Pasi\u00f3n\u2019<\/li>\n<li>S\u00e1bado 27 de octubre, 19.30 horas. \u2018Gritos y susurros\u2019<\/li>\n<\/ul>\n<p><strong>NOVIEMBRE<\/strong><\/p>\n<ul>\n<li>S\u00e1bado 3 de noviembre, 19.30 horas. \u2018Sonata de oto\u00f1o\u2019<\/li>\n<li>S\u00e1bado 10 de noviembre, 19.30 horas. \u2018Documento sobre Far\u00f6\u2019<\/li>\n<li>S\u00e1bado 17 de noviembre, 19.30 horas. \u2018De la vida de las marionetas\u2019<\/li>\n<\/ul>\n<p>S\u00e1bado 24 de noviembre, 19.30 horas. \u2018Fanny y Alexander\u2019<\/p>\n<p>&nbsp;<\/p>\n","protected":false},"excerpt":{"rendered":"<p>El largometraje se podr\u00e1 ver a partir de las 19.30 horas, con entrada libre previa retirada de invitaciones<\/p>\n","protected":false},"author":1,"featured_media":17390,"comment_status":"open","ping_status":"closed","sticky":false,"template":"","format":"standard","meta":{"footnotes":""},"categories":[2],"tags":[],"class_list":["post-19076","post","type-post","status-publish","format-standard","has-post-thumbnail","hentry","category-ayuntamiento-pamplona"],"yoast_head":"<!-- This site is optimized with the Yoast SEO plugin v27.9 - https:\/\/yoast.com\/product\/yoast-seo-wordpress\/ -->\n<title>Reflexiones sobre la angustia existencial en \u2018Pasi\u00f3n\u2019, una nueva pel\u00edcula del ciclo sobre Ingmar Bergman que se proyecta este s\u00e1bado en Condestable<\/title>\n<meta name=\"robots\" content=\"index, follow, max-snippet:-1, max-image-preview:large, max-video-preview:-1\" \/>\n<link rel=\"canonical\" href=\"https:\/\/www.laguiadepamplona.com\/actualidad\/reflexiones-sobre-la-angustia-existencial-en-pasion-una-nueva-pelicula-del-ciclo-sobre-ingmar-bergman-que-se-proyecta-este-sabado-en-condestable\/\" \/>\n<meta property=\"og:locale\" content=\"es_ES\" \/>\n<meta property=\"og:type\" content=\"article\" \/>\n<meta property=\"og:title\" content=\"Reflexiones sobre la angustia existencial en \u2018Pasi\u00f3n\u2019, una nueva pel\u00edcula del ciclo sobre Ingmar Bergman que se proyecta este s\u00e1bado en Condestable\" \/>\n<meta property=\"og:description\" content=\"El largometraje se podr\u00e1 ver a partir de las 19.30 horas, con entrada libre previa retirada de invitaciones\" \/>\n<meta property=\"og:url\" content=\"https:\/\/www.laguiadepamplona.com\/actualidad\/reflexiones-sobre-la-angustia-existencial-en-pasion-una-nueva-pelicula-del-ciclo-sobre-ingmar-bergman-que-se-proyecta-este-sabado-en-condestable\/\" \/>\n<meta property=\"og:site_name\" content=\"La Gu\u00eda de Pamplona Noticias y actualidad\" \/>\n<meta property=\"article:publisher\" content=\"https:\/\/www.facebook.com\/laguiadepamplonacom-133175176762273\/?ref=hl\" \/>\n<meta property=\"article:published_time\" content=\"2018-10-19T10:34:02+00:00\" \/>\n<meta property=\"og:image\" content=\"https:\/\/www.laguiadepamplona.com\/actualidad\/wp-content\/uploads\/2018\/05\/palacio-condestable.jpg\" \/>\n\t<meta property=\"og:image:width\" content=\"950\" \/>\n\t<meta property=\"og:image:height\" content=\"634\" \/>\n\t<meta property=\"og:image:type\" content=\"image\/jpeg\" \/>\n<meta name=\"author\" content=\"La Gu\u00eda de Pamplona\" \/>\n<meta name=\"twitter:card\" content=\"summary_large_image\" \/>\n<meta name=\"twitter:creator\" content=\"@LaGuiadPamplona\" \/>\n<meta name=\"twitter:site\" content=\"@LaGuiadPamplona\" \/>\n<meta name=\"twitter:label1\" content=\"Escrito por\" \/>\n\t<meta name=\"twitter:data1\" content=\"La Gu\u00eda de Pamplona\" \/>\n\t<meta name=\"twitter:label2\" content=\"Tiempo de lectura\" \/>\n\t<meta name=\"twitter:data2\" content=\"2 minutos\" \/>\n<script type=\"application\/ld+json\" class=\"yoast-schema-graph\">{\"@context\":\"https:\\\/\\\/schema.org\",\"@graph\":[{\"@type\":\"Article\",\"@id\":\"https:\\\/\\\/www.laguiadepamplona.com\\\/actualidad\\\/reflexiones-sobre-la-angustia-existencial-en-pasion-una-nueva-pelicula-del-ciclo-sobre-ingmar-bergman-que-se-proyecta-este-sabado-en-condestable\\\/#article\",\"isPartOf\":{\"@id\":\"https:\\\/\\\/www.laguiadepamplona.com\\\/actualidad\\\/reflexiones-sobre-la-angustia-existencial-en-pasion-una-nueva-pelicula-del-ciclo-sobre-ingmar-bergman-que-se-proyecta-este-sabado-en-condestable\\\/\"},\"author\":{\"name\":\"La Gu\u00eda de Pamplona\",\"@id\":\"https:\\\/\\\/www.laguiadepamplona.com\\\/actualidad\\\/#\\\/schema\\\/person\\\/efe887376f0213d4657c93adc50b1fdb\"},\"headline\":\"Reflexiones sobre la angustia existencial en \u2018Pasi\u00f3n\u2019, una nueva pel\u00edcula del ciclo sobre Ingmar Bergman que se proyecta este s\u00e1bado en Condestable\",\"datePublished\":\"2018-10-19T10:34:02+00:00\",\"mainEntityOfPage\":{\"@id\":\"https:\\\/\\\/www.laguiadepamplona.com\\\/actualidad\\\/reflexiones-sobre-la-angustia-existencial-en-pasion-una-nueva-pelicula-del-ciclo-sobre-ingmar-bergman-que-se-proyecta-este-sabado-en-condestable\\\/\"},\"wordCount\":375,\"commentCount\":0,\"publisher\":{\"@id\":\"https:\\\/\\\/www.laguiadepamplona.com\\\/actualidad\\\/#organization\"},\"image\":{\"@id\":\"https:\\\/\\\/www.laguiadepamplona.com\\\/actualidad\\\/reflexiones-sobre-la-angustia-existencial-en-pasion-una-nueva-pelicula-del-ciclo-sobre-ingmar-bergman-que-se-proyecta-este-sabado-en-condestable\\\/#primaryimage\"},\"thumbnailUrl\":\"https:\\\/\\\/www.laguiadepamplona.com\\\/actualidad\\\/wp-content\\\/uploads\\\/2018\\\/05\\\/palacio-condestable.jpg\",\"articleSection\":[\"Ayto Pamplona\"],\"inLanguage\":\"es\",\"potentialAction\":[{\"@type\":\"CommentAction\",\"name\":\"Comment\",\"target\":[\"https:\\\/\\\/www.laguiadepamplona.com\\\/actualidad\\\/reflexiones-sobre-la-angustia-existencial-en-pasion-una-nueva-pelicula-del-ciclo-sobre-ingmar-bergman-que-se-proyecta-este-sabado-en-condestable\\\/#respond\"]}]},{\"@type\":\"WebPage\",\"@id\":\"https:\\\/\\\/www.laguiadepamplona.com\\\/actualidad\\\/reflexiones-sobre-la-angustia-existencial-en-pasion-una-nueva-pelicula-del-ciclo-sobre-ingmar-bergman-que-se-proyecta-este-sabado-en-condestable\\\/\",\"url\":\"https:\\\/\\\/www.laguiadepamplona.com\\\/actualidad\\\/reflexiones-sobre-la-angustia-existencial-en-pasion-una-nueva-pelicula-del-ciclo-sobre-ingmar-bergman-que-se-proyecta-este-sabado-en-condestable\\\/\",\"name\":\"Reflexiones sobre la angustia existencial en \u2018Pasi\u00f3n\u2019, una nueva pel\u00edcula del ciclo sobre Ingmar Bergman que se proyecta este s\u00e1bado en Condestable\",\"isPartOf\":{\"@id\":\"https:\\\/\\\/www.laguiadepamplona.com\\\/actualidad\\\/#website\"},\"primaryImageOfPage\":{\"@id\":\"https:\\\/\\\/www.laguiadepamplona.com\\\/actualidad\\\/reflexiones-sobre-la-angustia-existencial-en-pasion-una-nueva-pelicula-del-ciclo-sobre-ingmar-bergman-que-se-proyecta-este-sabado-en-condestable\\\/#primaryimage\"},\"image\":{\"@id\":\"https:\\\/\\\/www.laguiadepamplona.com\\\/actualidad\\\/reflexiones-sobre-la-angustia-existencial-en-pasion-una-nueva-pelicula-del-ciclo-sobre-ingmar-bergman-que-se-proyecta-este-sabado-en-condestable\\\/#primaryimage\"},\"thumbnailUrl\":\"https:\\\/\\\/www.laguiadepamplona.com\\\/actualidad\\\/wp-content\\\/uploads\\\/2018\\\/05\\\/palacio-condestable.jpg\",\"datePublished\":\"2018-10-19T10:34:02+00:00\",\"breadcrumb\":{\"@id\":\"https:\\\/\\\/www.laguiadepamplona.com\\\/actualidad\\\/reflexiones-sobre-la-angustia-existencial-en-pasion-una-nueva-pelicula-del-ciclo-sobre-ingmar-bergman-que-se-proyecta-este-sabado-en-condestable\\\/#breadcrumb\"},\"inLanguage\":\"es\",\"potentialAction\":[{\"@type\":\"ReadAction\",\"target\":[\"https:\\\/\\\/www.laguiadepamplona.com\\\/actualidad\\\/reflexiones-sobre-la-angustia-existencial-en-pasion-una-nueva-pelicula-del-ciclo-sobre-ingmar-bergman-que-se-proyecta-este-sabado-en-condestable\\\/\"]}]},{\"@type\":\"ImageObject\",\"inLanguage\":\"es\",\"@id\":\"https:\\\/\\\/www.laguiadepamplona.com\\\/actualidad\\\/reflexiones-sobre-la-angustia-existencial-en-pasion-una-nueva-pelicula-del-ciclo-sobre-ingmar-bergman-que-se-proyecta-este-sabado-en-condestable\\\/#primaryimage\",\"url\":\"https:\\\/\\\/www.laguiadepamplona.com\\\/actualidad\\\/wp-content\\\/uploads\\\/2018\\\/05\\\/palacio-condestable.jpg\",\"contentUrl\":\"https:\\\/\\\/www.laguiadepamplona.com\\\/actualidad\\\/wp-content\\\/uploads\\\/2018\\\/05\\\/palacio-condestable.jpg\",\"width\":950,\"height\":634,\"caption\":\"civivox condestable\"},{\"@type\":\"BreadcrumbList\",\"@id\":\"https:\\\/\\\/www.laguiadepamplona.com\\\/actualidad\\\/reflexiones-sobre-la-angustia-existencial-en-pasion-una-nueva-pelicula-del-ciclo-sobre-ingmar-bergman-que-se-proyecta-este-sabado-en-condestable\\\/#breadcrumb\",\"itemListElement\":[{\"@type\":\"ListItem\",\"position\":1,\"name\":\"Portada\",\"item\":\"https:\\\/\\\/www.laguiadepamplona.com\\\/actualidad\\\/\"},{\"@type\":\"ListItem\",\"position\":2,\"name\":\"Reflexiones sobre la angustia existencial en \u2018Pasi\u00f3n\u2019, una nueva pel\u00edcula del ciclo sobre Ingmar Bergman que se proyecta este s\u00e1bado en Condestable\"}]},{\"@type\":\"WebSite\",\"@id\":\"https:\\\/\\\/www.laguiadepamplona.com\\\/actualidad\\\/#website\",\"url\":\"https:\\\/\\\/www.laguiadepamplona.com\\\/actualidad\\\/\",\"name\":\"La gu\u00eda de Pamplona\",\"description\":\"Noticias de Pamplona\",\"publisher\":{\"@id\":\"https:\\\/\\\/www.laguiadepamplona.com\\\/actualidad\\\/#organization\"},\"potentialAction\":[{\"@type\":\"SearchAction\",\"target\":{\"@type\":\"EntryPoint\",\"urlTemplate\":\"https:\\\/\\\/www.laguiadepamplona.com\\\/actualidad\\\/?s={search_term_string}\"},\"query-input\":{\"@type\":\"PropertyValueSpecification\",\"valueRequired\":true,\"valueName\":\"search_term_string\"}}],\"inLanguage\":\"es\"},{\"@type\":\"Organization\",\"@id\":\"https:\\\/\\\/www.laguiadepamplona.com\\\/actualidad\\\/#organization\",\"name\":\"La Gu\u00eda de Pamplona \\\/ Noticias\",\"url\":\"https:\\\/\\\/www.laguiadepamplona.com\\\/actualidad\\\/\",\"logo\":{\"@type\":\"ImageObject\",\"inLanguage\":\"es\",\"@id\":\"https:\\\/\\\/www.laguiadepamplona.com\\\/actualidad\\\/#\\\/schema\\\/logo\\\/image\\\/\",\"url\":\"https:\\\/\\\/www.laguiadepamplona.com\\\/actualidad\\\/wp-content\\\/uploads\\\/2018\\\/11\\\/logo-laguiadepamplona18-web1.png\",\"contentUrl\":\"https:\\\/\\\/www.laguiadepamplona.com\\\/actualidad\\\/wp-content\\\/uploads\\\/2018\\\/11\\\/logo-laguiadepamplona18-web1.png\",\"width\":600,\"height\":196,\"caption\":\"La Gu\u00eda de Pamplona \\\/ Noticias\"},\"image\":{\"@id\":\"https:\\\/\\\/www.laguiadepamplona.com\\\/actualidad\\\/#\\\/schema\\\/logo\\\/image\\\/\"},\"sameAs\":[\"https:\\\/\\\/www.facebook.com\\\/laguiadepamplonacom-133175176762273\\\/?ref=hl\",\"https:\\\/\\\/x.com\\\/LaGuiadPamplona\",\"https:\\\/\\\/www.instagram.com\\\/la_guia_de_pamplona\\\/\",\"https:\\\/\\\/www.youtube.com\\\/user\\\/laguiadepamplona\"]},{\"@type\":\"Person\",\"@id\":\"https:\\\/\\\/www.laguiadepamplona.com\\\/actualidad\\\/#\\\/schema\\\/person\\\/efe887376f0213d4657c93adc50b1fdb\",\"name\":\"La Gu\u00eda de Pamplona\",\"image\":{\"@type\":\"ImageObject\",\"inLanguage\":\"es\",\"@id\":\"https:\\\/\\\/secure.gravatar.com\\\/avatar\\\/b6992f131dc8d30ab0dff15446e9d346d9dbd95992de0fef795073f5ea83a81c?s=96&d=mm&r=g\",\"url\":\"https:\\\/\\\/secure.gravatar.com\\\/avatar\\\/b6992f131dc8d30ab0dff15446e9d346d9dbd95992de0fef795073f5ea83a81c?s=96&d=mm&r=g\",\"contentUrl\":\"https:\\\/\\\/secure.gravatar.com\\\/avatar\\\/b6992f131dc8d30ab0dff15446e9d346d9dbd95992de0fef795073f5ea83a81c?s=96&d=mm&r=g\",\"caption\":\"La Gu\u00eda de Pamplona\"}}]}<\/script>\n<!-- \/ Yoast SEO plugin. -->","yoast_head_json":{"title":"Reflexiones sobre la angustia existencial en \u2018Pasi\u00f3n\u2019, una nueva pel\u00edcula del ciclo sobre Ingmar Bergman que se proyecta este s\u00e1bado en Condestable","robots":{"index":"index","follow":"follow","max-snippet":"max-snippet:-1","max-image-preview":"max-image-preview:large","max-video-preview":"max-video-preview:-1"},"canonical":"https:\/\/www.laguiadepamplona.com\/actualidad\/reflexiones-sobre-la-angustia-existencial-en-pasion-una-nueva-pelicula-del-ciclo-sobre-ingmar-bergman-que-se-proyecta-este-sabado-en-condestable\/","og_locale":"es_ES","og_type":"article","og_title":"Reflexiones sobre la angustia existencial en \u2018Pasi\u00f3n\u2019, una nueva pel\u00edcula del ciclo sobre Ingmar Bergman que se proyecta este s\u00e1bado en Condestable","og_description":"El largometraje se podr\u00e1 ver a partir de las 19.30 horas, con entrada libre previa retirada de invitaciones","og_url":"https:\/\/www.laguiadepamplona.com\/actualidad\/reflexiones-sobre-la-angustia-existencial-en-pasion-una-nueva-pelicula-del-ciclo-sobre-ingmar-bergman-que-se-proyecta-este-sabado-en-condestable\/","og_site_name":"La Gu\u00eda de Pamplona Noticias y actualidad","article_publisher":"https:\/\/www.facebook.com\/laguiadepamplonacom-133175176762273\/?ref=hl","article_published_time":"2018-10-19T10:34:02+00:00","og_image":[{"width":950,"height":634,"url":"https:\/\/www.laguiadepamplona.com\/actualidad\/wp-content\/uploads\/2018\/05\/palacio-condestable.jpg","type":"image\/jpeg"}],"author":"La Gu\u00eda de Pamplona","twitter_card":"summary_large_image","twitter_creator":"@LaGuiadPamplona","twitter_site":"@LaGuiadPamplona","twitter_misc":{"Escrito por":"La Gu\u00eda de Pamplona","Tiempo de lectura":"2 minutos"},"schema":{"@context":"https:\/\/schema.org","@graph":[{"@type":"Article","@id":"https:\/\/www.laguiadepamplona.com\/actualidad\/reflexiones-sobre-la-angustia-existencial-en-pasion-una-nueva-pelicula-del-ciclo-sobre-ingmar-bergman-que-se-proyecta-este-sabado-en-condestable\/#article","isPartOf":{"@id":"https:\/\/www.laguiadepamplona.com\/actualidad\/reflexiones-sobre-la-angustia-existencial-en-pasion-una-nueva-pelicula-del-ciclo-sobre-ingmar-bergman-que-se-proyecta-este-sabado-en-condestable\/"},"author":{"name":"La Gu\u00eda de Pamplona","@id":"https:\/\/www.laguiadepamplona.com\/actualidad\/#\/schema\/person\/efe887376f0213d4657c93adc50b1fdb"},"headline":"Reflexiones sobre la angustia existencial en \u2018Pasi\u00f3n\u2019, una nueva pel\u00edcula del ciclo sobre Ingmar Bergman que se proyecta este s\u00e1bado en Condestable","datePublished":"2018-10-19T10:34:02+00:00","mainEntityOfPage":{"@id":"https:\/\/www.laguiadepamplona.com\/actualidad\/reflexiones-sobre-la-angustia-existencial-en-pasion-una-nueva-pelicula-del-ciclo-sobre-ingmar-bergman-que-se-proyecta-este-sabado-en-condestable\/"},"wordCount":375,"commentCount":0,"publisher":{"@id":"https:\/\/www.laguiadepamplona.com\/actualidad\/#organization"},"image":{"@id":"https:\/\/www.laguiadepamplona.com\/actualidad\/reflexiones-sobre-la-angustia-existencial-en-pasion-una-nueva-pelicula-del-ciclo-sobre-ingmar-bergman-que-se-proyecta-este-sabado-en-condestable\/#primaryimage"},"thumbnailUrl":"https:\/\/www.laguiadepamplona.com\/actualidad\/wp-content\/uploads\/2018\/05\/palacio-condestable.jpg","articleSection":["Ayto Pamplona"],"inLanguage":"es","potentialAction":[{"@type":"CommentAction","name":"Comment","target":["https:\/\/www.laguiadepamplona.com\/actualidad\/reflexiones-sobre-la-angustia-existencial-en-pasion-una-nueva-pelicula-del-ciclo-sobre-ingmar-bergman-que-se-proyecta-este-sabado-en-condestable\/#respond"]}]},{"@type":"WebPage","@id":"https:\/\/www.laguiadepamplona.com\/actualidad\/reflexiones-sobre-la-angustia-existencial-en-pasion-una-nueva-pelicula-del-ciclo-sobre-ingmar-bergman-que-se-proyecta-este-sabado-en-condestable\/","url":"https:\/\/www.laguiadepamplona.com\/actualidad\/reflexiones-sobre-la-angustia-existencial-en-pasion-una-nueva-pelicula-del-ciclo-sobre-ingmar-bergman-que-se-proyecta-este-sabado-en-condestable\/","name":"Reflexiones sobre la angustia existencial en \u2018Pasi\u00f3n\u2019, una nueva pel\u00edcula del ciclo sobre Ingmar Bergman que se proyecta este s\u00e1bado en Condestable","isPartOf":{"@id":"https:\/\/www.laguiadepamplona.com\/actualidad\/#website"},"primaryImageOfPage":{"@id":"https:\/\/www.laguiadepamplona.com\/actualidad\/reflexiones-sobre-la-angustia-existencial-en-pasion-una-nueva-pelicula-del-ciclo-sobre-ingmar-bergman-que-se-proyecta-este-sabado-en-condestable\/#primaryimage"},"image":{"@id":"https:\/\/www.laguiadepamplona.com\/actualidad\/reflexiones-sobre-la-angustia-existencial-en-pasion-una-nueva-pelicula-del-ciclo-sobre-ingmar-bergman-que-se-proyecta-este-sabado-en-condestable\/#primaryimage"},"thumbnailUrl":"https:\/\/www.laguiadepamplona.com\/actualidad\/wp-content\/uploads\/2018\/05\/palacio-condestable.jpg","datePublished":"2018-10-19T10:34:02+00:00","breadcrumb":{"@id":"https:\/\/www.laguiadepamplona.com\/actualidad\/reflexiones-sobre-la-angustia-existencial-en-pasion-una-nueva-pelicula-del-ciclo-sobre-ingmar-bergman-que-se-proyecta-este-sabado-en-condestable\/#breadcrumb"},"inLanguage":"es","potentialAction":[{"@type":"ReadAction","target":["https:\/\/www.laguiadepamplona.com\/actualidad\/reflexiones-sobre-la-angustia-existencial-en-pasion-una-nueva-pelicula-del-ciclo-sobre-ingmar-bergman-que-se-proyecta-este-sabado-en-condestable\/"]}]},{"@type":"ImageObject","inLanguage":"es","@id":"https:\/\/www.laguiadepamplona.com\/actualidad\/reflexiones-sobre-la-angustia-existencial-en-pasion-una-nueva-pelicula-del-ciclo-sobre-ingmar-bergman-que-se-proyecta-este-sabado-en-condestable\/#primaryimage","url":"https:\/\/www.laguiadepamplona.com\/actualidad\/wp-content\/uploads\/2018\/05\/palacio-condestable.jpg","contentUrl":"https:\/\/www.laguiadepamplona.com\/actualidad\/wp-content\/uploads\/2018\/05\/palacio-condestable.jpg","width":950,"height":634,"caption":"civivox condestable"},{"@type":"BreadcrumbList","@id":"https:\/\/www.laguiadepamplona.com\/actualidad\/reflexiones-sobre-la-angustia-existencial-en-pasion-una-nueva-pelicula-del-ciclo-sobre-ingmar-bergman-que-se-proyecta-este-sabado-en-condestable\/#breadcrumb","itemListElement":[{"@type":"ListItem","position":1,"name":"Portada","item":"https:\/\/www.laguiadepamplona.com\/actualidad\/"},{"@type":"ListItem","position":2,"name":"Reflexiones sobre la angustia existencial en \u2018Pasi\u00f3n\u2019, una nueva pel\u00edcula del ciclo sobre Ingmar Bergman que se proyecta este s\u00e1bado en Condestable"}]},{"@type":"WebSite","@id":"https:\/\/www.laguiadepamplona.com\/actualidad\/#website","url":"https:\/\/www.laguiadepamplona.com\/actualidad\/","name":"La gu\u00eda de Pamplona","description":"Noticias de Pamplona","publisher":{"@id":"https:\/\/www.laguiadepamplona.com\/actualidad\/#organization"},"potentialAction":[{"@type":"SearchAction","target":{"@type":"EntryPoint","urlTemplate":"https:\/\/www.laguiadepamplona.com\/actualidad\/?s={search_term_string}"},"query-input":{"@type":"PropertyValueSpecification","valueRequired":true,"valueName":"search_term_string"}}],"inLanguage":"es"},{"@type":"Organization","@id":"https:\/\/www.laguiadepamplona.com\/actualidad\/#organization","name":"La Gu\u00eda de Pamplona \/ Noticias","url":"https:\/\/www.laguiadepamplona.com\/actualidad\/","logo":{"@type":"ImageObject","inLanguage":"es","@id":"https:\/\/www.laguiadepamplona.com\/actualidad\/#\/schema\/logo\/image\/","url":"https:\/\/www.laguiadepamplona.com\/actualidad\/wp-content\/uploads\/2018\/11\/logo-laguiadepamplona18-web1.png","contentUrl":"https:\/\/www.laguiadepamplona.com\/actualidad\/wp-content\/uploads\/2018\/11\/logo-laguiadepamplona18-web1.png","width":600,"height":196,"caption":"La Gu\u00eda de Pamplona \/ Noticias"},"image":{"@id":"https:\/\/www.laguiadepamplona.com\/actualidad\/#\/schema\/logo\/image\/"},"sameAs":["https:\/\/www.facebook.com\/laguiadepamplonacom-133175176762273\/?ref=hl","https:\/\/x.com\/LaGuiadPamplona","https:\/\/www.instagram.com\/la_guia_de_pamplona\/","https:\/\/www.youtube.com\/user\/laguiadepamplona"]},{"@type":"Person","@id":"https:\/\/www.laguiadepamplona.com\/actualidad\/#\/schema\/person\/efe887376f0213d4657c93adc50b1fdb","name":"La Gu\u00eda de Pamplona","image":{"@type":"ImageObject","inLanguage":"es","@id":"https:\/\/secure.gravatar.com\/avatar\/b6992f131dc8d30ab0dff15446e9d346d9dbd95992de0fef795073f5ea83a81c?s=96&d=mm&r=g","url":"https:\/\/secure.gravatar.com\/avatar\/b6992f131dc8d30ab0dff15446e9d346d9dbd95992de0fef795073f5ea83a81c?s=96&d=mm&r=g","contentUrl":"https:\/\/secure.gravatar.com\/avatar\/b6992f131dc8d30ab0dff15446e9d346d9dbd95992de0fef795073f5ea83a81c?s=96&d=mm&r=g","caption":"La Gu\u00eda de Pamplona"}}]}},"post_mailing_queue_ids":[],"_links":{"self":[{"href":"https:\/\/www.laguiadepamplona.com\/actualidad\/wp-json\/wp\/v2\/posts\/19076","targetHints":{"allow":["GET"]}}],"collection":[{"href":"https:\/\/www.laguiadepamplona.com\/actualidad\/wp-json\/wp\/v2\/posts"}],"about":[{"href":"https:\/\/www.laguiadepamplona.com\/actualidad\/wp-json\/wp\/v2\/types\/post"}],"author":[{"embeddable":true,"href":"https:\/\/www.laguiadepamplona.com\/actualidad\/wp-json\/wp\/v2\/users\/1"}],"replies":[{"embeddable":true,"href":"https:\/\/www.laguiadepamplona.com\/actualidad\/wp-json\/wp\/v2\/comments?post=19076"}],"version-history":[{"count":0,"href":"https:\/\/www.laguiadepamplona.com\/actualidad\/wp-json\/wp\/v2\/posts\/19076\/revisions"}],"wp:featuredmedia":[{"embeddable":true,"href":"https:\/\/www.laguiadepamplona.com\/actualidad\/wp-json\/wp\/v2\/media\/17390"}],"wp:attachment":[{"href":"https:\/\/www.laguiadepamplona.com\/actualidad\/wp-json\/wp\/v2\/media?parent=19076"}],"wp:term":[{"taxonomy":"category","embeddable":true,"href":"https:\/\/www.laguiadepamplona.com\/actualidad\/wp-json\/wp\/v2\/categories?post=19076"},{"taxonomy":"post_tag","embeddable":true,"href":"https:\/\/www.laguiadepamplona.com\/actualidad\/wp-json\/wp\/v2\/tags?post=19076"}],"curies":[{"name":"wp","href":"https:\/\/api.w.org\/{rel}","templated":true}]}}