{"id":19066,"date":"2018-10-18T18:05:53","date_gmt":"2018-10-18T16:05:53","guid":{"rendered":"https:\/\/www.laguiadepamplona.es\/actualidad\/?p=19066"},"modified":"2018-10-18T16:58:00","modified_gmt":"2018-10-18T14:58:00","slug":"juan-leyva-y-aintzane-galardi-reciben-el-xii-premio-internacional-de-poesia-ciudad-de-pamplona-en-las-modalidades-de-castellano-y-euskera-respectivamente","status":"publish","type":"post","link":"https:\/\/www.laguiadepamplona.com\/actualidad\/juan-leyva-y-aintzane-galardi-reciben-el-xii-premio-internacional-de-poesia-ciudad-de-pamplona-en-las-modalidades-de-castellano-y-euskera-respectivamente\/","title":{"rendered":"Juan Leyva y Aintzane Galardi reciben el XII Premio Internacional de Poes\u00eda Ciudad de Pamplona en las modalidades de castellano y euskera, respectivamente"},"content":{"rendered":"<h3>La entrega de los premios de esta edici\u00f3n, con 427 trabajos recibidos, r\u00e9cord de participaci\u00f3n, ha tenido lugar esta tarde en Condestable<\/h3>\n<p><!--more--><\/p>\n<p>El Palacio del Condestable ha acogido este jueves por la tarde la entrega del XII Premio Internacional de Poes\u00eda Ciudad de Pamplona a Juan Leyva y Aintzane Galardi, ganadores del certamen en las modalidades de castellano y euskera, respectivamente. La concejala delegada de Cultura y Educaci\u00f3n, Maider Beloki, ha sido la encargada de entregar los premios, que consisten en 3.000 euros y la edici\u00f3n de los poemarios ganadores por las editoriales C\u00e9nlit y Denonartean.<\/p>\n<p>\u2018Perder las formas\u2019 es el t\u00edtulo del poemario por el que ha obtenido el premio el aragon\u00e9s Juan Leyva. Una obra en la que se ha valorado su amplia tem\u00e1tica, con un grupo de poemas que destacan por sus aciertos expresivos y, tambi\u00e9n, por su sentido del humor. Asimismo, se reconoce la calidad de los poemas largos que contiene la obra. En los \u00faltimos a\u00f1os, Leyva ha obtenido galardones en el XXXIII Premio de Poes\u00eda Ciudad de Badajoz (2014), el Premio de Poes\u00eda Humor\u00edstica Villa de Ermua (2014), el concurso de poes\u00eda Cardiopoemas (2012), el concurso de \u2018Poes\u00eda para llevar\u2019 (2013), el \u2018Slam poetry\u2019 en Zaragoza y Valencia (2013 \u2013 2014) o el premio literario de Alba del Campo (2017).<\/p>\n<p>Aintzane Galardi es la primera mujer que gana este premio en la modalidad de euskera. \u201cHegodun poemak\u201d destaca por la fluidez y legibilidad del uso del euskera, por su poes\u00eda moderna, con mucho color y mucha luz, y por c\u00f3mo ha trabajado los diferentes personajes que aparecen en la obra. Galardi ha ganado durante dos a\u00f1os, en 2004 y 2006, el premio Felipe Arrese Beitia y tambi\u00e9n en 2014 el VII Concurso de Poes\u00eda Blas de Otero. Ha participado en el libro de autor\u00eda colectiva que el Ayuntamiento de Pamplona dedic\u00f3 en 2008 al poeta pamplon\u00e9s Alexander Tapia Perurena, con un art\u00edculo realizado junto a Maite Lakar Iraizoz en el que analizaban los cert\u00e1menes literarios en euskera para autores noveles organizado por el Consistorio en 1985 y 2005.<\/p>\n<p><strong>La mayor participaci\u00f3n en doce a\u00f1os de concurso<\/strong><\/p>\n<p>La duod\u00e9cima edici\u00f3n de este premio ha batido r\u00e9cords de participaci\u00f3n, tanto en castellano como en euskera. En total se presentaron 427 obras, 405 en castellano (un 27% m\u00e1s que el a\u00f1o anterior) y 22 en euskera (m\u00e1s del doble que en 2017 cuando se registraron 9). Un tercio de los trabajos en castellano ten\u00edan procedencia internacional, de pa\u00edses hispanohablantes como M\u00e9xico, Cuba o Colombia, principalmente. En la modalidad de euskera, adem\u00e1s de textos de Navarra y Pa\u00eds Vasco, llegaron propuestas de Extremadura y de Jap\u00f3n.<\/p>\n<p>Los jurados de ambas modalidades han estado presididos por la concejala de Cultura y Educaci\u00f3n, Maider Beloki. En castellano, han conformado el jurado el editor y poeta Jes\u00fas Mun\u00e1rriz; el vocal de Literatura y Ling\u00fc\u00edstica del Ateneo Navarro, Javier Asi\u00e1in; y la doctora en Literatura Hispanoamericana, Esperanza L\u00f3pez. El jurado de euskera, por su parte, lo han compuesto el vocal de Euskera y Cultura Popular del Ateneo Navarro, Josu Jim\u00e9nez Maia; el ganador de la primera edici\u00f3n del premio en euskera, Jon Barberena; y el representante de la editorial Denonartean, Unai Pascual.<\/p>\n<p>&nbsp;<\/p>\n","protected":false},"excerpt":{"rendered":"<p>La entrega de los premios de esta edici\u00f3n, con 427 trabajos recibidos, r\u00e9cord de participaci\u00f3n, ha tenido lugar esta tarde en Condestable<\/p>\n","protected":false},"author":1,"featured_media":11041,"comment_status":"open","ping_status":"closed","sticky":false,"template":"","format":"standard","meta":{"footnotes":""},"categories":[2],"tags":[],"class_list":["post-19066","post","type-post","status-publish","format-standard","has-post-thumbnail","hentry","category-ayuntamiento-pamplona"],"yoast_head":"<!-- This site is optimized with the Yoast SEO plugin v27.9 - https:\/\/yoast.com\/product\/yoast-seo-wordpress\/ -->\n<title>Juan Leyva y Aintzane Galardi reciben el XII Premio Internacional de Poes\u00eda Ciudad de Pamplona en las modalidades de castellano y euskera, respectivamente<\/title>\n<meta name=\"robots\" content=\"index, follow, max-snippet:-1, max-image-preview:large, max-video-preview:-1\" \/>\n<link rel=\"canonical\" href=\"https:\/\/www.laguiadepamplona.com\/actualidad\/juan-leyva-y-aintzane-galardi-reciben-el-xii-premio-internacional-de-poesia-ciudad-de-pamplona-en-las-modalidades-de-castellano-y-euskera-respectivamente\/\" \/>\n<meta property=\"og:locale\" content=\"es_ES\" \/>\n<meta property=\"og:type\" content=\"article\" \/>\n<meta property=\"og:title\" content=\"Juan Leyva y Aintzane Galardi reciben el XII Premio Internacional de Poes\u00eda Ciudad de Pamplona en las modalidades de castellano y euskera, respectivamente\" \/>\n<meta property=\"og:description\" content=\"La entrega de los premios de esta edici\u00f3n, con 427 trabajos recibidos, r\u00e9cord de participaci\u00f3n, ha tenido lugar esta tarde en Condestable\" \/>\n<meta property=\"og:url\" content=\"https:\/\/www.laguiadepamplona.com\/actualidad\/juan-leyva-y-aintzane-galardi-reciben-el-xii-premio-internacional-de-poesia-ciudad-de-pamplona-en-las-modalidades-de-castellano-y-euskera-respectivamente\/\" \/>\n<meta property=\"og:site_name\" content=\"La Gu\u00eda de Pamplona Noticias y actualidad\" \/>\n<meta property=\"article:publisher\" content=\"https:\/\/www.facebook.com\/laguiadepamplonacom-133175176762273\/?ref=hl\" \/>\n<meta property=\"article:published_time\" content=\"2018-10-18T16:05:53+00:00\" \/>\n<meta property=\"og:image\" content=\"https:\/\/www.laguiadepamplona.com\/actualidad\/wp-content\/uploads\/2016\/12\/Certamen-Literario-para-J\u00f3venes.jpg\" \/>\n\t<meta property=\"og:image:width\" content=\"1100\" \/>\n\t<meta property=\"og:image:height\" content=\"648\" \/>\n\t<meta property=\"og:image:type\" content=\"image\/jpeg\" \/>\n<meta name=\"author\" content=\"La Gu\u00eda de Pamplona\" \/>\n<meta name=\"twitter:card\" content=\"summary_large_image\" \/>\n<meta name=\"twitter:creator\" content=\"@LaGuiadPamplona\" \/>\n<meta name=\"twitter:site\" content=\"@LaGuiadPamplona\" \/>\n<meta name=\"twitter:label1\" content=\"Escrito por\" \/>\n\t<meta name=\"twitter:data1\" content=\"La Gu\u00eda de Pamplona\" \/>\n\t<meta name=\"twitter:label2\" content=\"Tiempo de lectura\" \/>\n\t<meta name=\"twitter:data2\" content=\"3 minutos\" \/>\n<script type=\"application\/ld+json\" class=\"yoast-schema-graph\">{\"@context\":\"https:\\\/\\\/schema.org\",\"@graph\":[{\"@type\":\"Article\",\"@id\":\"https:\\\/\\\/www.laguiadepamplona.com\\\/actualidad\\\/juan-leyva-y-aintzane-galardi-reciben-el-xii-premio-internacional-de-poesia-ciudad-de-pamplona-en-las-modalidades-de-castellano-y-euskera-respectivamente\\\/#article\",\"isPartOf\":{\"@id\":\"https:\\\/\\\/www.laguiadepamplona.com\\\/actualidad\\\/juan-leyva-y-aintzane-galardi-reciben-el-xii-premio-internacional-de-poesia-ciudad-de-pamplona-en-las-modalidades-de-castellano-y-euskera-respectivamente\\\/\"},\"author\":{\"name\":\"La Gu\u00eda de Pamplona\",\"@id\":\"https:\\\/\\\/www.laguiadepamplona.com\\\/actualidad\\\/#\\\/schema\\\/person\\\/efe887376f0213d4657c93adc50b1fdb\"},\"headline\":\"Juan Leyva y Aintzane Galardi reciben el XII Premio Internacional de Poes\u00eda Ciudad de Pamplona en las modalidades de castellano y euskera, respectivamente\",\"datePublished\":\"2018-10-18T16:05:53+00:00\",\"mainEntityOfPage\":{\"@id\":\"https:\\\/\\\/www.laguiadepamplona.com\\\/actualidad\\\/juan-leyva-y-aintzane-galardi-reciben-el-xii-premio-internacional-de-poesia-ciudad-de-pamplona-en-las-modalidades-de-castellano-y-euskera-respectivamente\\\/\"},\"wordCount\":582,\"commentCount\":0,\"publisher\":{\"@id\":\"https:\\\/\\\/www.laguiadepamplona.com\\\/actualidad\\\/#organization\"},\"image\":{\"@id\":\"https:\\\/\\\/www.laguiadepamplona.com\\\/actualidad\\\/juan-leyva-y-aintzane-galardi-reciben-el-xii-premio-internacional-de-poesia-ciudad-de-pamplona-en-las-modalidades-de-castellano-y-euskera-respectivamente\\\/#primaryimage\"},\"thumbnailUrl\":\"https:\\\/\\\/www.laguiadepamplona.com\\\/actualidad\\\/wp-content\\\/uploads\\\/2016\\\/12\\\/Certamen-Literario-para-J\u00f3venes.jpg\",\"articleSection\":[\"Ayto Pamplona\"],\"inLanguage\":\"es\",\"potentialAction\":[{\"@type\":\"CommentAction\",\"name\":\"Comment\",\"target\":[\"https:\\\/\\\/www.laguiadepamplona.com\\\/actualidad\\\/juan-leyva-y-aintzane-galardi-reciben-el-xii-premio-internacional-de-poesia-ciudad-de-pamplona-en-las-modalidades-de-castellano-y-euskera-respectivamente\\\/#respond\"]}]},{\"@type\":\"WebPage\",\"@id\":\"https:\\\/\\\/www.laguiadepamplona.com\\\/actualidad\\\/juan-leyva-y-aintzane-galardi-reciben-el-xii-premio-internacional-de-poesia-ciudad-de-pamplona-en-las-modalidades-de-castellano-y-euskera-respectivamente\\\/\",\"url\":\"https:\\\/\\\/www.laguiadepamplona.com\\\/actualidad\\\/juan-leyva-y-aintzane-galardi-reciben-el-xii-premio-internacional-de-poesia-ciudad-de-pamplona-en-las-modalidades-de-castellano-y-euskera-respectivamente\\\/\",\"name\":\"Juan Leyva y Aintzane Galardi reciben el XII Premio Internacional de Poes\u00eda Ciudad de Pamplona en las modalidades de castellano y euskera, respectivamente\",\"isPartOf\":{\"@id\":\"https:\\\/\\\/www.laguiadepamplona.com\\\/actualidad\\\/#website\"},\"primaryImageOfPage\":{\"@id\":\"https:\\\/\\\/www.laguiadepamplona.com\\\/actualidad\\\/juan-leyva-y-aintzane-galardi-reciben-el-xii-premio-internacional-de-poesia-ciudad-de-pamplona-en-las-modalidades-de-castellano-y-euskera-respectivamente\\\/#primaryimage\"},\"image\":{\"@id\":\"https:\\\/\\\/www.laguiadepamplona.com\\\/actualidad\\\/juan-leyva-y-aintzane-galardi-reciben-el-xii-premio-internacional-de-poesia-ciudad-de-pamplona-en-las-modalidades-de-castellano-y-euskera-respectivamente\\\/#primaryimage\"},\"thumbnailUrl\":\"https:\\\/\\\/www.laguiadepamplona.com\\\/actualidad\\\/wp-content\\\/uploads\\\/2016\\\/12\\\/Certamen-Literario-para-J\u00f3venes.jpg\",\"datePublished\":\"2018-10-18T16:05:53+00:00\",\"breadcrumb\":{\"@id\":\"https:\\\/\\\/www.laguiadepamplona.com\\\/actualidad\\\/juan-leyva-y-aintzane-galardi-reciben-el-xii-premio-internacional-de-poesia-ciudad-de-pamplona-en-las-modalidades-de-castellano-y-euskera-respectivamente\\\/#breadcrumb\"},\"inLanguage\":\"es\",\"potentialAction\":[{\"@type\":\"ReadAction\",\"target\":[\"https:\\\/\\\/www.laguiadepamplona.com\\\/actualidad\\\/juan-leyva-y-aintzane-galardi-reciben-el-xii-premio-internacional-de-poesia-ciudad-de-pamplona-en-las-modalidades-de-castellano-y-euskera-respectivamente\\\/\"]}]},{\"@type\":\"ImageObject\",\"inLanguage\":\"es\",\"@id\":\"https:\\\/\\\/www.laguiadepamplona.com\\\/actualidad\\\/juan-leyva-y-aintzane-galardi-reciben-el-xii-premio-internacional-de-poesia-ciudad-de-pamplona-en-las-modalidades-de-castellano-y-euskera-respectivamente\\\/#primaryimage\",\"url\":\"https:\\\/\\\/www.laguiadepamplona.com\\\/actualidad\\\/wp-content\\\/uploads\\\/2016\\\/12\\\/Certamen-Literario-para-J\u00f3venes.jpg\",\"contentUrl\":\"https:\\\/\\\/www.laguiadepamplona.com\\\/actualidad\\\/wp-content\\\/uploads\\\/2016\\\/12\\\/Certamen-Literario-para-J\u00f3venes.jpg\",\"width\":1100,\"height\":648},{\"@type\":\"BreadcrumbList\",\"@id\":\"https:\\\/\\\/www.laguiadepamplona.com\\\/actualidad\\\/juan-leyva-y-aintzane-galardi-reciben-el-xii-premio-internacional-de-poesia-ciudad-de-pamplona-en-las-modalidades-de-castellano-y-euskera-respectivamente\\\/#breadcrumb\",\"itemListElement\":[{\"@type\":\"ListItem\",\"position\":1,\"name\":\"Portada\",\"item\":\"https:\\\/\\\/www.laguiadepamplona.com\\\/actualidad\\\/\"},{\"@type\":\"ListItem\",\"position\":2,\"name\":\"Juan Leyva y Aintzane Galardi reciben el XII Premio Internacional de Poes\u00eda Ciudad de Pamplona en las modalidades de castellano y euskera, respectivamente\"}]},{\"@type\":\"WebSite\",\"@id\":\"https:\\\/\\\/www.laguiadepamplona.com\\\/actualidad\\\/#website\",\"url\":\"https:\\\/\\\/www.laguiadepamplona.com\\\/actualidad\\\/\",\"name\":\"La gu\u00eda de Pamplona\",\"description\":\"Noticias de Pamplona\",\"publisher\":{\"@id\":\"https:\\\/\\\/www.laguiadepamplona.com\\\/actualidad\\\/#organization\"},\"potentialAction\":[{\"@type\":\"SearchAction\",\"target\":{\"@type\":\"EntryPoint\",\"urlTemplate\":\"https:\\\/\\\/www.laguiadepamplona.com\\\/actualidad\\\/?s={search_term_string}\"},\"query-input\":{\"@type\":\"PropertyValueSpecification\",\"valueRequired\":true,\"valueName\":\"search_term_string\"}}],\"inLanguage\":\"es\"},{\"@type\":\"Organization\",\"@id\":\"https:\\\/\\\/www.laguiadepamplona.com\\\/actualidad\\\/#organization\",\"name\":\"La Gu\u00eda de Pamplona \\\/ Noticias\",\"url\":\"https:\\\/\\\/www.laguiadepamplona.com\\\/actualidad\\\/\",\"logo\":{\"@type\":\"ImageObject\",\"inLanguage\":\"es\",\"@id\":\"https:\\\/\\\/www.laguiadepamplona.com\\\/actualidad\\\/#\\\/schema\\\/logo\\\/image\\\/\",\"url\":\"https:\\\/\\\/www.laguiadepamplona.com\\\/actualidad\\\/wp-content\\\/uploads\\\/2018\\\/11\\\/logo-laguiadepamplona18-web1.png\",\"contentUrl\":\"https:\\\/\\\/www.laguiadepamplona.com\\\/actualidad\\\/wp-content\\\/uploads\\\/2018\\\/11\\\/logo-laguiadepamplona18-web1.png\",\"width\":600,\"height\":196,\"caption\":\"La Gu\u00eda de Pamplona \\\/ Noticias\"},\"image\":{\"@id\":\"https:\\\/\\\/www.laguiadepamplona.com\\\/actualidad\\\/#\\\/schema\\\/logo\\\/image\\\/\"},\"sameAs\":[\"https:\\\/\\\/www.facebook.com\\\/laguiadepamplonacom-133175176762273\\\/?ref=hl\",\"https:\\\/\\\/x.com\\\/LaGuiadPamplona\",\"https:\\\/\\\/www.instagram.com\\\/la_guia_de_pamplona\\\/\",\"https:\\\/\\\/www.youtube.com\\\/user\\\/laguiadepamplona\"]},{\"@type\":\"Person\",\"@id\":\"https:\\\/\\\/www.laguiadepamplona.com\\\/actualidad\\\/#\\\/schema\\\/person\\\/efe887376f0213d4657c93adc50b1fdb\",\"name\":\"La Gu\u00eda de Pamplona\",\"image\":{\"@type\":\"ImageObject\",\"inLanguage\":\"es\",\"@id\":\"https:\\\/\\\/secure.gravatar.com\\\/avatar\\\/b6992f131dc8d30ab0dff15446e9d346d9dbd95992de0fef795073f5ea83a81c?s=96&d=mm&r=g\",\"url\":\"https:\\\/\\\/secure.gravatar.com\\\/avatar\\\/b6992f131dc8d30ab0dff15446e9d346d9dbd95992de0fef795073f5ea83a81c?s=96&d=mm&r=g\",\"contentUrl\":\"https:\\\/\\\/secure.gravatar.com\\\/avatar\\\/b6992f131dc8d30ab0dff15446e9d346d9dbd95992de0fef795073f5ea83a81c?s=96&d=mm&r=g\",\"caption\":\"La Gu\u00eda de Pamplona\"}}]}<\/script>\n<!-- \/ Yoast SEO plugin. -->","yoast_head_json":{"title":"Juan Leyva y Aintzane Galardi reciben el XII Premio Internacional de Poes\u00eda Ciudad de Pamplona en las modalidades de castellano y euskera, respectivamente","robots":{"index":"index","follow":"follow","max-snippet":"max-snippet:-1","max-image-preview":"max-image-preview:large","max-video-preview":"max-video-preview:-1"},"canonical":"https:\/\/www.laguiadepamplona.com\/actualidad\/juan-leyva-y-aintzane-galardi-reciben-el-xii-premio-internacional-de-poesia-ciudad-de-pamplona-en-las-modalidades-de-castellano-y-euskera-respectivamente\/","og_locale":"es_ES","og_type":"article","og_title":"Juan Leyva y Aintzane Galardi reciben el XII Premio Internacional de Poes\u00eda Ciudad de Pamplona en las modalidades de castellano y euskera, respectivamente","og_description":"La entrega de los premios de esta edici\u00f3n, con 427 trabajos recibidos, r\u00e9cord de participaci\u00f3n, ha tenido lugar esta tarde en Condestable","og_url":"https:\/\/www.laguiadepamplona.com\/actualidad\/juan-leyva-y-aintzane-galardi-reciben-el-xii-premio-internacional-de-poesia-ciudad-de-pamplona-en-las-modalidades-de-castellano-y-euskera-respectivamente\/","og_site_name":"La Gu\u00eda de Pamplona Noticias y actualidad","article_publisher":"https:\/\/www.facebook.com\/laguiadepamplonacom-133175176762273\/?ref=hl","article_published_time":"2018-10-18T16:05:53+00:00","og_image":[{"width":1100,"height":648,"url":"https:\/\/www.laguiadepamplona.com\/actualidad\/wp-content\/uploads\/2016\/12\/Certamen-Literario-para-J\u00f3venes.jpg","type":"image\/jpeg"}],"author":"La Gu\u00eda de Pamplona","twitter_card":"summary_large_image","twitter_creator":"@LaGuiadPamplona","twitter_site":"@LaGuiadPamplona","twitter_misc":{"Escrito por":"La Gu\u00eda de Pamplona","Tiempo de lectura":"3 minutos"},"schema":{"@context":"https:\/\/schema.org","@graph":[{"@type":"Article","@id":"https:\/\/www.laguiadepamplona.com\/actualidad\/juan-leyva-y-aintzane-galardi-reciben-el-xii-premio-internacional-de-poesia-ciudad-de-pamplona-en-las-modalidades-de-castellano-y-euskera-respectivamente\/#article","isPartOf":{"@id":"https:\/\/www.laguiadepamplona.com\/actualidad\/juan-leyva-y-aintzane-galardi-reciben-el-xii-premio-internacional-de-poesia-ciudad-de-pamplona-en-las-modalidades-de-castellano-y-euskera-respectivamente\/"},"author":{"name":"La Gu\u00eda de Pamplona","@id":"https:\/\/www.laguiadepamplona.com\/actualidad\/#\/schema\/person\/efe887376f0213d4657c93adc50b1fdb"},"headline":"Juan Leyva y Aintzane Galardi reciben el XII Premio Internacional de Poes\u00eda Ciudad de Pamplona en las modalidades de castellano y euskera, respectivamente","datePublished":"2018-10-18T16:05:53+00:00","mainEntityOfPage":{"@id":"https:\/\/www.laguiadepamplona.com\/actualidad\/juan-leyva-y-aintzane-galardi-reciben-el-xii-premio-internacional-de-poesia-ciudad-de-pamplona-en-las-modalidades-de-castellano-y-euskera-respectivamente\/"},"wordCount":582,"commentCount":0,"publisher":{"@id":"https:\/\/www.laguiadepamplona.com\/actualidad\/#organization"},"image":{"@id":"https:\/\/www.laguiadepamplona.com\/actualidad\/juan-leyva-y-aintzane-galardi-reciben-el-xii-premio-internacional-de-poesia-ciudad-de-pamplona-en-las-modalidades-de-castellano-y-euskera-respectivamente\/#primaryimage"},"thumbnailUrl":"https:\/\/www.laguiadepamplona.com\/actualidad\/wp-content\/uploads\/2016\/12\/Certamen-Literario-para-J\u00f3venes.jpg","articleSection":["Ayto Pamplona"],"inLanguage":"es","potentialAction":[{"@type":"CommentAction","name":"Comment","target":["https:\/\/www.laguiadepamplona.com\/actualidad\/juan-leyva-y-aintzane-galardi-reciben-el-xii-premio-internacional-de-poesia-ciudad-de-pamplona-en-las-modalidades-de-castellano-y-euskera-respectivamente\/#respond"]}]},{"@type":"WebPage","@id":"https:\/\/www.laguiadepamplona.com\/actualidad\/juan-leyva-y-aintzane-galardi-reciben-el-xii-premio-internacional-de-poesia-ciudad-de-pamplona-en-las-modalidades-de-castellano-y-euskera-respectivamente\/","url":"https:\/\/www.laguiadepamplona.com\/actualidad\/juan-leyva-y-aintzane-galardi-reciben-el-xii-premio-internacional-de-poesia-ciudad-de-pamplona-en-las-modalidades-de-castellano-y-euskera-respectivamente\/","name":"Juan Leyva y Aintzane Galardi reciben el XII Premio Internacional de Poes\u00eda Ciudad de Pamplona en las modalidades de castellano y euskera, respectivamente","isPartOf":{"@id":"https:\/\/www.laguiadepamplona.com\/actualidad\/#website"},"primaryImageOfPage":{"@id":"https:\/\/www.laguiadepamplona.com\/actualidad\/juan-leyva-y-aintzane-galardi-reciben-el-xii-premio-internacional-de-poesia-ciudad-de-pamplona-en-las-modalidades-de-castellano-y-euskera-respectivamente\/#primaryimage"},"image":{"@id":"https:\/\/www.laguiadepamplona.com\/actualidad\/juan-leyva-y-aintzane-galardi-reciben-el-xii-premio-internacional-de-poesia-ciudad-de-pamplona-en-las-modalidades-de-castellano-y-euskera-respectivamente\/#primaryimage"},"thumbnailUrl":"https:\/\/www.laguiadepamplona.com\/actualidad\/wp-content\/uploads\/2016\/12\/Certamen-Literario-para-J\u00f3venes.jpg","datePublished":"2018-10-18T16:05:53+00:00","breadcrumb":{"@id":"https:\/\/www.laguiadepamplona.com\/actualidad\/juan-leyva-y-aintzane-galardi-reciben-el-xii-premio-internacional-de-poesia-ciudad-de-pamplona-en-las-modalidades-de-castellano-y-euskera-respectivamente\/#breadcrumb"},"inLanguage":"es","potentialAction":[{"@type":"ReadAction","target":["https:\/\/www.laguiadepamplona.com\/actualidad\/juan-leyva-y-aintzane-galardi-reciben-el-xii-premio-internacional-de-poesia-ciudad-de-pamplona-en-las-modalidades-de-castellano-y-euskera-respectivamente\/"]}]},{"@type":"ImageObject","inLanguage":"es","@id":"https:\/\/www.laguiadepamplona.com\/actualidad\/juan-leyva-y-aintzane-galardi-reciben-el-xii-premio-internacional-de-poesia-ciudad-de-pamplona-en-las-modalidades-de-castellano-y-euskera-respectivamente\/#primaryimage","url":"https:\/\/www.laguiadepamplona.com\/actualidad\/wp-content\/uploads\/2016\/12\/Certamen-Literario-para-J\u00f3venes.jpg","contentUrl":"https:\/\/www.laguiadepamplona.com\/actualidad\/wp-content\/uploads\/2016\/12\/Certamen-Literario-para-J\u00f3venes.jpg","width":1100,"height":648},{"@type":"BreadcrumbList","@id":"https:\/\/www.laguiadepamplona.com\/actualidad\/juan-leyva-y-aintzane-galardi-reciben-el-xii-premio-internacional-de-poesia-ciudad-de-pamplona-en-las-modalidades-de-castellano-y-euskera-respectivamente\/#breadcrumb","itemListElement":[{"@type":"ListItem","position":1,"name":"Portada","item":"https:\/\/www.laguiadepamplona.com\/actualidad\/"},{"@type":"ListItem","position":2,"name":"Juan Leyva y Aintzane Galardi reciben el XII Premio Internacional de Poes\u00eda Ciudad de Pamplona en las modalidades de castellano y euskera, respectivamente"}]},{"@type":"WebSite","@id":"https:\/\/www.laguiadepamplona.com\/actualidad\/#website","url":"https:\/\/www.laguiadepamplona.com\/actualidad\/","name":"La gu\u00eda de Pamplona","description":"Noticias de Pamplona","publisher":{"@id":"https:\/\/www.laguiadepamplona.com\/actualidad\/#organization"},"potentialAction":[{"@type":"SearchAction","target":{"@type":"EntryPoint","urlTemplate":"https:\/\/www.laguiadepamplona.com\/actualidad\/?s={search_term_string}"},"query-input":{"@type":"PropertyValueSpecification","valueRequired":true,"valueName":"search_term_string"}}],"inLanguage":"es"},{"@type":"Organization","@id":"https:\/\/www.laguiadepamplona.com\/actualidad\/#organization","name":"La Gu\u00eda de Pamplona \/ Noticias","url":"https:\/\/www.laguiadepamplona.com\/actualidad\/","logo":{"@type":"ImageObject","inLanguage":"es","@id":"https:\/\/www.laguiadepamplona.com\/actualidad\/#\/schema\/logo\/image\/","url":"https:\/\/www.laguiadepamplona.com\/actualidad\/wp-content\/uploads\/2018\/11\/logo-laguiadepamplona18-web1.png","contentUrl":"https:\/\/www.laguiadepamplona.com\/actualidad\/wp-content\/uploads\/2018\/11\/logo-laguiadepamplona18-web1.png","width":600,"height":196,"caption":"La Gu\u00eda de Pamplona \/ Noticias"},"image":{"@id":"https:\/\/www.laguiadepamplona.com\/actualidad\/#\/schema\/logo\/image\/"},"sameAs":["https:\/\/www.facebook.com\/laguiadepamplonacom-133175176762273\/?ref=hl","https:\/\/x.com\/LaGuiadPamplona","https:\/\/www.instagram.com\/la_guia_de_pamplona\/","https:\/\/www.youtube.com\/user\/laguiadepamplona"]},{"@type":"Person","@id":"https:\/\/www.laguiadepamplona.com\/actualidad\/#\/schema\/person\/efe887376f0213d4657c93adc50b1fdb","name":"La Gu\u00eda de Pamplona","image":{"@type":"ImageObject","inLanguage":"es","@id":"https:\/\/secure.gravatar.com\/avatar\/b6992f131dc8d30ab0dff15446e9d346d9dbd95992de0fef795073f5ea83a81c?s=96&d=mm&r=g","url":"https:\/\/secure.gravatar.com\/avatar\/b6992f131dc8d30ab0dff15446e9d346d9dbd95992de0fef795073f5ea83a81c?s=96&d=mm&r=g","contentUrl":"https:\/\/secure.gravatar.com\/avatar\/b6992f131dc8d30ab0dff15446e9d346d9dbd95992de0fef795073f5ea83a81c?s=96&d=mm&r=g","caption":"La Gu\u00eda de Pamplona"}}]}},"post_mailing_queue_ids":[],"_links":{"self":[{"href":"https:\/\/www.laguiadepamplona.com\/actualidad\/wp-json\/wp\/v2\/posts\/19066","targetHints":{"allow":["GET"]}}],"collection":[{"href":"https:\/\/www.laguiadepamplona.com\/actualidad\/wp-json\/wp\/v2\/posts"}],"about":[{"href":"https:\/\/www.laguiadepamplona.com\/actualidad\/wp-json\/wp\/v2\/types\/post"}],"author":[{"embeddable":true,"href":"https:\/\/www.laguiadepamplona.com\/actualidad\/wp-json\/wp\/v2\/users\/1"}],"replies":[{"embeddable":true,"href":"https:\/\/www.laguiadepamplona.com\/actualidad\/wp-json\/wp\/v2\/comments?post=19066"}],"version-history":[{"count":0,"href":"https:\/\/www.laguiadepamplona.com\/actualidad\/wp-json\/wp\/v2\/posts\/19066\/revisions"}],"wp:featuredmedia":[{"embeddable":true,"href":"https:\/\/www.laguiadepamplona.com\/actualidad\/wp-json\/wp\/v2\/media\/11041"}],"wp:attachment":[{"href":"https:\/\/www.laguiadepamplona.com\/actualidad\/wp-json\/wp\/v2\/media?parent=19066"}],"wp:term":[{"taxonomy":"category","embeddable":true,"href":"https:\/\/www.laguiadepamplona.com\/actualidad\/wp-json\/wp\/v2\/categories?post=19066"},{"taxonomy":"post_tag","embeddable":true,"href":"https:\/\/www.laguiadepamplona.com\/actualidad\/wp-json\/wp\/v2\/tags?post=19066"}],"curies":[{"name":"wp","href":"https:\/\/api.w.org\/{rel}","templated":true}]}}