{"id":19060,"date":"2018-10-18T12:04:11","date_gmt":"2018-10-18T10:04:11","guid":{"rendered":"https:\/\/www.laguiadepamplona.es\/actualidad\/?p=19060"},"modified":"2018-10-18T12:04:11","modified_gmt":"2018-10-18T10:04:11","slug":"tres-ejes-de-trabajo-sobre-derecho-comunicacion-e-investigacion-centran-manana-viernes-la-segunda-jornada-del-congreso-internacional-sobre-violencias-sexistas","status":"publish","type":"post","link":"https:\/\/www.laguiadepamplona.com\/actualidad\/tres-ejes-de-trabajo-sobre-derecho-comunicacion-e-investigacion-centran-manana-viernes-la-segunda-jornada-del-congreso-internacional-sobre-violencias-sexistas\/","title":{"rendered":"Tres ejes de trabajo sobre derecho, comunicaci\u00f3n e investigaci\u00f3n centran ma\u00f1ana viernes la segunda jornada del Congreso Internacional sobre Violencias Sexistas"},"content":{"rendered":"<h3>Por la tarde, un espacio de debate y reflexi\u00f3n analizar\u00e1 las violencias y el lenguaje y las violencias desde un enfoque feminista e interseccional<\/h3>\n<p><!--more--><\/p>\n<p>Ma\u00f1ana viernes se celebra la segunda jornada del Congreso Internacional sobre Violencias Sexistas que desde jueves y hasta el s\u00e1bado se desarrolla en Baluarte con la participaci\u00f3n de 300 personas. La ma\u00f1ana se estructurar\u00e1 en tres ejes de trabajo que abordar\u00e1n aspectos concretos sobre \u00e1mbitos como el derecho, la comunicaci\u00f3n o los estudios y la investigaci\u00f3n. Precisamente, la reconceptualizaci\u00f3n de la violencia sexista en esos tres \u00e1mbitos, las carencias y debilidades que obstaculizan la prevenci\u00f3n o los factores que se interrelacionan en casos de violencia contra las mujeres son algunos de los elementos de reflexi\u00f3n que se expondr\u00e1n.<\/p>\n<p>A las 10 horas comenzar\u00e1n las sesiones en esos ejes de trabajo, con varias ponencias en cada uno de ellos sobre cuestiones concretas que afectan a cada \u00e1mbito. En el eje de Derecho, intervendr\u00e1n la catedr\u00e1tica de Derecho Penal de la Universidad de C\u00e1diz, Mar\u00eda Acale S\u00e1nchez, la profesora titular del departamento de Psicolog\u00eda Experimental de la Universidad de Sevilla, Mar\u00eda Jes\u00fas Cala Carrillo, y la doctora en Derecho y directora del grupo de investigaci\u00f3n de la Universidad Aut\u00f3noma de Barcelona (UAB), Encarna Bodel\u00f3n. Hablar\u00e1, respectivamente, sobre \u2018Violencia sexual y violencia de g\u00e9nero: horma y zapato del patriarcado\u2019, \u2018Procesos judiciales y revictimizaci\u00f3n\u2019 y \u2018La implementaci\u00f3n de la ley catalana contra la violencia machista\u2019.<\/p>\n<p>En el eje de Comunicaci\u00f3n, tres ponencias m\u00e1s. La redactora jefa de g\u00e9nero de eldiario.es, Ana Requena, abordar\u00e1 la perspectiva de g\u00e9nero y la responsabilidad period\u00edstica en la cobertura de la violencia sexista. A continuaci\u00f3n, hablar\u00e1 sobre la violencia sexual como proyecto pol\u00edtico la doctora en Feminismos y G\u00e9nero por la Universidad del Pa\u00eds Vasco, Nerea Barjola. Las \u00faltimas intervenciones en este eje versar\u00e1n sobre la violencia oculta de los medios en contra de la partyicipaci\u00f3n paritaria de las mujeres mexicanas en las elecciones de 2018. Lo comentar\u00e1n las doctoras en Ciencias Pol\u00edticas y profesoras de la Universidad Aut\u00f3noma del estado de Hidalgo (M\u00e9xico), Josefina Hern\u00e1ndez T\u00e9llez y Elvira Hern\u00e1ndez Carbadillo.<\/p>\n<p>El tercer eje de trabajo se centra en los estudios y la investigaci\u00f3n. El profesor del Instituto Jorge Manrique y profesor del m\u00e1ster de la UNED sobre malos tratos y violencia de g\u00e9nero, Miguel \u00c1ngel Arconada Melero pronunciar\u00e1 la conferencia \u2018El monopolio del poder, \u00bfbasti\u00f3n de la identidad masculina o renuncia para masculinidades igualitarias?\u2019. La segunda ponencia correr\u00e1 a cargo de la antrop\u00f3loga y coordinadora del Observatorio <a href=\"mailto:Noct\u00e1mbul@s\">Noct\u00e1mbul@s<\/a>, Ana Burgos Garc\u00eda, que hablar\u00e1 sobre violencias sexuales en entornos festivos y consumo de drogas. Cerrar\u00e1n el trabajo de este eje la psic\u00f3loga social Itziar Gandarias Goikoetxea y la educadora popular feminista Cony Carranza Castro, que abordar\u00e1n el tema de las \u201cidentidades m\u00faltiples y las desigualdad que se cruzan\u201d.<\/p>\n<p><strong>Espacio de debate y reflexi\u00f3n por la tarde<\/strong><\/p>\n<p>Ya por la tarde, se reanudar\u00e1n las sesiones a partir de las 15.30 horas, con un espacio de debate y reflexi\u00f3n comunitaria que acoger\u00e1 dos ponencias y una mesa redonda. La escritora y profesora jubilada Eulalia Lled\u00f3 Cunil hablar\u00e1 sobre \u2018Violencias en el lenguaje, m\u00e1s all\u00e1 de lo simb\u00f3lico\u2019. Doctora en Filolog\u00eda rom\u00e1nica por la Universitat de Barcelona, posee una emplia experiencia investigadora en los sesgos sexistas y androc\u00e9ntricos de la literatura y de la lengua (ha colaborado en las revisiones del Diccionario de la Lengua Espa\u00f1ola\u00a0de la RAE); las noticias de prensa (especialmente las de malos tratos y violencia); las denominaciones de oficios, cargos y profesiones; as\u00ed como diferentes discursos, como el deportivo, el acad\u00e9mico o el administrativo.<\/p>\n<p>A las 16.30 horas tomar\u00e1 el relevo la doctora en Psicolog\u00eda y profesora agregada Serra Hunter en el departamento de Pedagog\u00eda de la Universidad Rovira i Virgili, B\u00e1rbara Biglia, con una charla titulada \u2018Repensando las violencias desde un enfoque feminista e interseccional\u2019. Desde el principio de su trayectoria investigadora, Biglia ha trabajado bajo el prisma de la perspectiva de g\u00e9nero y el feminismo, tratando tem\u00e1ticas diversas como ahora son los procesos de subjetivaci\u00f3n y la influencia en ellos de los roles de g\u00e9nero; las movilizaciones colectivas y los movimientos sociales; los procesos de producci\u00f3n de conocimiento y la epistemolog\u00eda feminista; la docencia virtual y la pedagog\u00eda (cyber)feminista; las violencias de g\u00e9nero&#8230; En 2008 fund\u00f3 el SIMReF (Seminario Interdisciplinar de Metodolog\u00eda de Investigaci\u00f3n Feminista)<\/p>\n<p>La jornada de viernes concluir\u00e1 con una mesa redonda, a partir de las 17.30 horas, en la que se abordar\u00e1n las respuestas y protocolos de los movimientos feministas frente a las agresiones sexistas.<\/p>\n<p>&nbsp;<\/p>\n","protected":false},"excerpt":{"rendered":"<p>Por la tarde, un espacio de debate y reflexi\u00f3n analizar\u00e1 las violencias y el lenguaje y las violencias desde un enfoque feminista e interseccional<\/p>\n","protected":false},"author":1,"featured_media":11390,"comment_status":"open","ping_status":"closed","sticky":false,"template":"","format":"standard","meta":{"footnotes":""},"categories":[2],"tags":[],"class_list":["post-19060","post","type-post","status-publish","format-standard","has-post-thumbnail","hentry","category-ayuntamiento-pamplona"],"yoast_head":"<!-- This site is optimized with the Yoast SEO plugin v27.9 - https:\/\/yoast.com\/product\/yoast-seo-wordpress\/ -->\n<title>Tres ejes de trabajo sobre derecho, comunicaci\u00f3n e investigaci\u00f3n centran ma\u00f1ana viernes la segunda jornada del Congreso Internacional sobre Violencias Sexistas<\/title>\n<meta name=\"robots\" content=\"index, follow, max-snippet:-1, max-image-preview:large, max-video-preview:-1\" \/>\n<link rel=\"canonical\" href=\"https:\/\/www.laguiadepamplona.com\/actualidad\/tres-ejes-de-trabajo-sobre-derecho-comunicacion-e-investigacion-centran-manana-viernes-la-segunda-jornada-del-congreso-internacional-sobre-violencias-sexistas\/\" \/>\n<meta property=\"og:locale\" content=\"es_ES\" \/>\n<meta property=\"og:type\" content=\"article\" \/>\n<meta property=\"og:title\" content=\"Tres ejes de trabajo sobre derecho, comunicaci\u00f3n e investigaci\u00f3n centran ma\u00f1ana viernes la segunda jornada del Congreso Internacional sobre Violencias Sexistas\" \/>\n<meta property=\"og:description\" content=\"Por la tarde, un espacio de debate y reflexi\u00f3n analizar\u00e1 las violencias y el lenguaje y las violencias desde un enfoque feminista e interseccional\" \/>\n<meta property=\"og:url\" content=\"https:\/\/www.laguiadepamplona.com\/actualidad\/tres-ejes-de-trabajo-sobre-derecho-comunicacion-e-investigacion-centran-manana-viernes-la-segunda-jornada-del-congreso-internacional-sobre-violencias-sexistas\/\" \/>\n<meta property=\"og:site_name\" content=\"La Gu\u00eda de Pamplona Noticias y actualidad\" \/>\n<meta property=\"article:publisher\" content=\"https:\/\/www.facebook.com\/laguiadepamplonacom-133175176762273\/?ref=hl\" \/>\n<meta property=\"article:published_time\" content=\"2018-10-18T10:04:11+00:00\" \/>\n<meta property=\"og:image\" content=\"https:\/\/www.laguiadepamplona.com\/actualidad\/wp-content\/uploads\/2017\/01\/MANOroja2.jpg\" \/>\n\t<meta property=\"og:image:width\" content=\"600\" \/>\n\t<meta property=\"og:image:height\" content=\"685\" \/>\n\t<meta property=\"og:image:type\" content=\"image\/jpeg\" \/>\n<meta name=\"author\" content=\"La Gu\u00eda de Pamplona\" \/>\n<meta name=\"twitter:card\" content=\"summary_large_image\" \/>\n<meta name=\"twitter:creator\" content=\"@LaGuiadPamplona\" \/>\n<meta name=\"twitter:site\" content=\"@LaGuiadPamplona\" \/>\n<meta name=\"twitter:label1\" content=\"Escrito por\" \/>\n\t<meta name=\"twitter:data1\" content=\"La Gu\u00eda de Pamplona\" \/>\n\t<meta name=\"twitter:label2\" content=\"Tiempo de lectura\" \/>\n\t<meta name=\"twitter:data2\" content=\"4 minutos\" \/>\n<script type=\"application\/ld+json\" class=\"yoast-schema-graph\">{\"@context\":\"https:\\\/\\\/schema.org\",\"@graph\":[{\"@type\":\"Article\",\"@id\":\"https:\\\/\\\/www.laguiadepamplona.com\\\/actualidad\\\/tres-ejes-de-trabajo-sobre-derecho-comunicacion-e-investigacion-centran-manana-viernes-la-segunda-jornada-del-congreso-internacional-sobre-violencias-sexistas\\\/#article\",\"isPartOf\":{\"@id\":\"https:\\\/\\\/www.laguiadepamplona.com\\\/actualidad\\\/tres-ejes-de-trabajo-sobre-derecho-comunicacion-e-investigacion-centran-manana-viernes-la-segunda-jornada-del-congreso-internacional-sobre-violencias-sexistas\\\/\"},\"author\":{\"name\":\"La Gu\u00eda de Pamplona\",\"@id\":\"https:\\\/\\\/www.laguiadepamplona.com\\\/actualidad\\\/#\\\/schema\\\/person\\\/efe887376f0213d4657c93adc50b1fdb\"},\"headline\":\"Tres ejes de trabajo sobre derecho, comunicaci\u00f3n e investigaci\u00f3n centran ma\u00f1ana viernes la segunda jornada del Congreso Internacional sobre Violencias Sexistas\",\"datePublished\":\"2018-10-18T10:04:11+00:00\",\"mainEntityOfPage\":{\"@id\":\"https:\\\/\\\/www.laguiadepamplona.com\\\/actualidad\\\/tres-ejes-de-trabajo-sobre-derecho-comunicacion-e-investigacion-centran-manana-viernes-la-segunda-jornada-del-congreso-internacional-sobre-violencias-sexistas\\\/\"},\"wordCount\":848,\"commentCount\":0,\"publisher\":{\"@id\":\"https:\\\/\\\/www.laguiadepamplona.com\\\/actualidad\\\/#organization\"},\"image\":{\"@id\":\"https:\\\/\\\/www.laguiadepamplona.com\\\/actualidad\\\/tres-ejes-de-trabajo-sobre-derecho-comunicacion-e-investigacion-centran-manana-viernes-la-segunda-jornada-del-congreso-internacional-sobre-violencias-sexistas\\\/#primaryimage\"},\"thumbnailUrl\":\"https:\\\/\\\/www.laguiadepamplona.com\\\/actualidad\\\/wp-content\\\/uploads\\\/2017\\\/01\\\/MANOroja2.jpg\",\"articleSection\":[\"Ayto Pamplona\"],\"inLanguage\":\"es\",\"potentialAction\":[{\"@type\":\"CommentAction\",\"name\":\"Comment\",\"target\":[\"https:\\\/\\\/www.laguiadepamplona.com\\\/actualidad\\\/tres-ejes-de-trabajo-sobre-derecho-comunicacion-e-investigacion-centran-manana-viernes-la-segunda-jornada-del-congreso-internacional-sobre-violencias-sexistas\\\/#respond\"]}]},{\"@type\":\"WebPage\",\"@id\":\"https:\\\/\\\/www.laguiadepamplona.com\\\/actualidad\\\/tres-ejes-de-trabajo-sobre-derecho-comunicacion-e-investigacion-centran-manana-viernes-la-segunda-jornada-del-congreso-internacional-sobre-violencias-sexistas\\\/\",\"url\":\"https:\\\/\\\/www.laguiadepamplona.com\\\/actualidad\\\/tres-ejes-de-trabajo-sobre-derecho-comunicacion-e-investigacion-centran-manana-viernes-la-segunda-jornada-del-congreso-internacional-sobre-violencias-sexistas\\\/\",\"name\":\"Tres ejes de trabajo sobre derecho, comunicaci\u00f3n e investigaci\u00f3n centran ma\u00f1ana viernes la segunda jornada del Congreso Internacional sobre Violencias Sexistas\",\"isPartOf\":{\"@id\":\"https:\\\/\\\/www.laguiadepamplona.com\\\/actualidad\\\/#website\"},\"primaryImageOfPage\":{\"@id\":\"https:\\\/\\\/www.laguiadepamplona.com\\\/actualidad\\\/tres-ejes-de-trabajo-sobre-derecho-comunicacion-e-investigacion-centran-manana-viernes-la-segunda-jornada-del-congreso-internacional-sobre-violencias-sexistas\\\/#primaryimage\"},\"image\":{\"@id\":\"https:\\\/\\\/www.laguiadepamplona.com\\\/actualidad\\\/tres-ejes-de-trabajo-sobre-derecho-comunicacion-e-investigacion-centran-manana-viernes-la-segunda-jornada-del-congreso-internacional-sobre-violencias-sexistas\\\/#primaryimage\"},\"thumbnailUrl\":\"https:\\\/\\\/www.laguiadepamplona.com\\\/actualidad\\\/wp-content\\\/uploads\\\/2017\\\/01\\\/MANOroja2.jpg\",\"datePublished\":\"2018-10-18T10:04:11+00:00\",\"breadcrumb\":{\"@id\":\"https:\\\/\\\/www.laguiadepamplona.com\\\/actualidad\\\/tres-ejes-de-trabajo-sobre-derecho-comunicacion-e-investigacion-centran-manana-viernes-la-segunda-jornada-del-congreso-internacional-sobre-violencias-sexistas\\\/#breadcrumb\"},\"inLanguage\":\"es\",\"potentialAction\":[{\"@type\":\"ReadAction\",\"target\":[\"https:\\\/\\\/www.laguiadepamplona.com\\\/actualidad\\\/tres-ejes-de-trabajo-sobre-derecho-comunicacion-e-investigacion-centran-manana-viernes-la-segunda-jornada-del-congreso-internacional-sobre-violencias-sexistas\\\/\"]}]},{\"@type\":\"ImageObject\",\"inLanguage\":\"es\",\"@id\":\"https:\\\/\\\/www.laguiadepamplona.com\\\/actualidad\\\/tres-ejes-de-trabajo-sobre-derecho-comunicacion-e-investigacion-centran-manana-viernes-la-segunda-jornada-del-congreso-internacional-sobre-violencias-sexistas\\\/#primaryimage\",\"url\":\"https:\\\/\\\/www.laguiadepamplona.com\\\/actualidad\\\/wp-content\\\/uploads\\\/2017\\\/01\\\/MANOroja2.jpg\",\"contentUrl\":\"https:\\\/\\\/www.laguiadepamplona.com\\\/actualidad\\\/wp-content\\\/uploads\\\/2017\\\/01\\\/MANOroja2.jpg\",\"width\":600,\"height\":685},{\"@type\":\"BreadcrumbList\",\"@id\":\"https:\\\/\\\/www.laguiadepamplona.com\\\/actualidad\\\/tres-ejes-de-trabajo-sobre-derecho-comunicacion-e-investigacion-centran-manana-viernes-la-segunda-jornada-del-congreso-internacional-sobre-violencias-sexistas\\\/#breadcrumb\",\"itemListElement\":[{\"@type\":\"ListItem\",\"position\":1,\"name\":\"Portada\",\"item\":\"https:\\\/\\\/www.laguiadepamplona.com\\\/actualidad\\\/\"},{\"@type\":\"ListItem\",\"position\":2,\"name\":\"Tres ejes de trabajo sobre derecho, comunicaci\u00f3n e investigaci\u00f3n centran ma\u00f1ana viernes la segunda jornada del Congreso Internacional sobre Violencias Sexistas\"}]},{\"@type\":\"WebSite\",\"@id\":\"https:\\\/\\\/www.laguiadepamplona.com\\\/actualidad\\\/#website\",\"url\":\"https:\\\/\\\/www.laguiadepamplona.com\\\/actualidad\\\/\",\"name\":\"La gu\u00eda de Pamplona\",\"description\":\"Noticias de Pamplona\",\"publisher\":{\"@id\":\"https:\\\/\\\/www.laguiadepamplona.com\\\/actualidad\\\/#organization\"},\"potentialAction\":[{\"@type\":\"SearchAction\",\"target\":{\"@type\":\"EntryPoint\",\"urlTemplate\":\"https:\\\/\\\/www.laguiadepamplona.com\\\/actualidad\\\/?s={search_term_string}\"},\"query-input\":{\"@type\":\"PropertyValueSpecification\",\"valueRequired\":true,\"valueName\":\"search_term_string\"}}],\"inLanguage\":\"es\"},{\"@type\":\"Organization\",\"@id\":\"https:\\\/\\\/www.laguiadepamplona.com\\\/actualidad\\\/#organization\",\"name\":\"La Gu\u00eda de Pamplona \\\/ Noticias\",\"url\":\"https:\\\/\\\/www.laguiadepamplona.com\\\/actualidad\\\/\",\"logo\":{\"@type\":\"ImageObject\",\"inLanguage\":\"es\",\"@id\":\"https:\\\/\\\/www.laguiadepamplona.com\\\/actualidad\\\/#\\\/schema\\\/logo\\\/image\\\/\",\"url\":\"https:\\\/\\\/www.laguiadepamplona.com\\\/actualidad\\\/wp-content\\\/uploads\\\/2018\\\/11\\\/logo-laguiadepamplona18-web1.png\",\"contentUrl\":\"https:\\\/\\\/www.laguiadepamplona.com\\\/actualidad\\\/wp-content\\\/uploads\\\/2018\\\/11\\\/logo-laguiadepamplona18-web1.png\",\"width\":600,\"height\":196,\"caption\":\"La Gu\u00eda de Pamplona \\\/ Noticias\"},\"image\":{\"@id\":\"https:\\\/\\\/www.laguiadepamplona.com\\\/actualidad\\\/#\\\/schema\\\/logo\\\/image\\\/\"},\"sameAs\":[\"https:\\\/\\\/www.facebook.com\\\/laguiadepamplonacom-133175176762273\\\/?ref=hl\",\"https:\\\/\\\/x.com\\\/LaGuiadPamplona\",\"https:\\\/\\\/www.instagram.com\\\/la_guia_de_pamplona\\\/\",\"https:\\\/\\\/www.youtube.com\\\/user\\\/laguiadepamplona\"]},{\"@type\":\"Person\",\"@id\":\"https:\\\/\\\/www.laguiadepamplona.com\\\/actualidad\\\/#\\\/schema\\\/person\\\/efe887376f0213d4657c93adc50b1fdb\",\"name\":\"La Gu\u00eda de Pamplona\",\"image\":{\"@type\":\"ImageObject\",\"inLanguage\":\"es\",\"@id\":\"https:\\\/\\\/secure.gravatar.com\\\/avatar\\\/b6992f131dc8d30ab0dff15446e9d346d9dbd95992de0fef795073f5ea83a81c?s=96&d=mm&r=g\",\"url\":\"https:\\\/\\\/secure.gravatar.com\\\/avatar\\\/b6992f131dc8d30ab0dff15446e9d346d9dbd95992de0fef795073f5ea83a81c?s=96&d=mm&r=g\",\"contentUrl\":\"https:\\\/\\\/secure.gravatar.com\\\/avatar\\\/b6992f131dc8d30ab0dff15446e9d346d9dbd95992de0fef795073f5ea83a81c?s=96&d=mm&r=g\",\"caption\":\"La Gu\u00eda de Pamplona\"}}]}<\/script>\n<!-- \/ Yoast SEO plugin. -->","yoast_head_json":{"title":"Tres ejes de trabajo sobre derecho, comunicaci\u00f3n e investigaci\u00f3n centran ma\u00f1ana viernes la segunda jornada del Congreso Internacional sobre Violencias Sexistas","robots":{"index":"index","follow":"follow","max-snippet":"max-snippet:-1","max-image-preview":"max-image-preview:large","max-video-preview":"max-video-preview:-1"},"canonical":"https:\/\/www.laguiadepamplona.com\/actualidad\/tres-ejes-de-trabajo-sobre-derecho-comunicacion-e-investigacion-centran-manana-viernes-la-segunda-jornada-del-congreso-internacional-sobre-violencias-sexistas\/","og_locale":"es_ES","og_type":"article","og_title":"Tres ejes de trabajo sobre derecho, comunicaci\u00f3n e investigaci\u00f3n centran ma\u00f1ana viernes la segunda jornada del Congreso Internacional sobre Violencias Sexistas","og_description":"Por la tarde, un espacio de debate y reflexi\u00f3n analizar\u00e1 las violencias y el lenguaje y las violencias desde un enfoque feminista e interseccional","og_url":"https:\/\/www.laguiadepamplona.com\/actualidad\/tres-ejes-de-trabajo-sobre-derecho-comunicacion-e-investigacion-centran-manana-viernes-la-segunda-jornada-del-congreso-internacional-sobre-violencias-sexistas\/","og_site_name":"La Gu\u00eda de Pamplona Noticias y actualidad","article_publisher":"https:\/\/www.facebook.com\/laguiadepamplonacom-133175176762273\/?ref=hl","article_published_time":"2018-10-18T10:04:11+00:00","og_image":[{"width":600,"height":685,"url":"https:\/\/www.laguiadepamplona.com\/actualidad\/wp-content\/uploads\/2017\/01\/MANOroja2.jpg","type":"image\/jpeg"}],"author":"La Gu\u00eda de Pamplona","twitter_card":"summary_large_image","twitter_creator":"@LaGuiadPamplona","twitter_site":"@LaGuiadPamplona","twitter_misc":{"Escrito por":"La Gu\u00eda de Pamplona","Tiempo de lectura":"4 minutos"},"schema":{"@context":"https:\/\/schema.org","@graph":[{"@type":"Article","@id":"https:\/\/www.laguiadepamplona.com\/actualidad\/tres-ejes-de-trabajo-sobre-derecho-comunicacion-e-investigacion-centran-manana-viernes-la-segunda-jornada-del-congreso-internacional-sobre-violencias-sexistas\/#article","isPartOf":{"@id":"https:\/\/www.laguiadepamplona.com\/actualidad\/tres-ejes-de-trabajo-sobre-derecho-comunicacion-e-investigacion-centran-manana-viernes-la-segunda-jornada-del-congreso-internacional-sobre-violencias-sexistas\/"},"author":{"name":"La Gu\u00eda de Pamplona","@id":"https:\/\/www.laguiadepamplona.com\/actualidad\/#\/schema\/person\/efe887376f0213d4657c93adc50b1fdb"},"headline":"Tres ejes de trabajo sobre derecho, comunicaci\u00f3n e investigaci\u00f3n centran ma\u00f1ana viernes la segunda jornada del Congreso Internacional sobre Violencias Sexistas","datePublished":"2018-10-18T10:04:11+00:00","mainEntityOfPage":{"@id":"https:\/\/www.laguiadepamplona.com\/actualidad\/tres-ejes-de-trabajo-sobre-derecho-comunicacion-e-investigacion-centran-manana-viernes-la-segunda-jornada-del-congreso-internacional-sobre-violencias-sexistas\/"},"wordCount":848,"commentCount":0,"publisher":{"@id":"https:\/\/www.laguiadepamplona.com\/actualidad\/#organization"},"image":{"@id":"https:\/\/www.laguiadepamplona.com\/actualidad\/tres-ejes-de-trabajo-sobre-derecho-comunicacion-e-investigacion-centran-manana-viernes-la-segunda-jornada-del-congreso-internacional-sobre-violencias-sexistas\/#primaryimage"},"thumbnailUrl":"https:\/\/www.laguiadepamplona.com\/actualidad\/wp-content\/uploads\/2017\/01\/MANOroja2.jpg","articleSection":["Ayto Pamplona"],"inLanguage":"es","potentialAction":[{"@type":"CommentAction","name":"Comment","target":["https:\/\/www.laguiadepamplona.com\/actualidad\/tres-ejes-de-trabajo-sobre-derecho-comunicacion-e-investigacion-centran-manana-viernes-la-segunda-jornada-del-congreso-internacional-sobre-violencias-sexistas\/#respond"]}]},{"@type":"WebPage","@id":"https:\/\/www.laguiadepamplona.com\/actualidad\/tres-ejes-de-trabajo-sobre-derecho-comunicacion-e-investigacion-centran-manana-viernes-la-segunda-jornada-del-congreso-internacional-sobre-violencias-sexistas\/","url":"https:\/\/www.laguiadepamplona.com\/actualidad\/tres-ejes-de-trabajo-sobre-derecho-comunicacion-e-investigacion-centran-manana-viernes-la-segunda-jornada-del-congreso-internacional-sobre-violencias-sexistas\/","name":"Tres ejes de trabajo sobre derecho, comunicaci\u00f3n e investigaci\u00f3n centran ma\u00f1ana viernes la segunda jornada del Congreso Internacional sobre Violencias Sexistas","isPartOf":{"@id":"https:\/\/www.laguiadepamplona.com\/actualidad\/#website"},"primaryImageOfPage":{"@id":"https:\/\/www.laguiadepamplona.com\/actualidad\/tres-ejes-de-trabajo-sobre-derecho-comunicacion-e-investigacion-centran-manana-viernes-la-segunda-jornada-del-congreso-internacional-sobre-violencias-sexistas\/#primaryimage"},"image":{"@id":"https:\/\/www.laguiadepamplona.com\/actualidad\/tres-ejes-de-trabajo-sobre-derecho-comunicacion-e-investigacion-centran-manana-viernes-la-segunda-jornada-del-congreso-internacional-sobre-violencias-sexistas\/#primaryimage"},"thumbnailUrl":"https:\/\/www.laguiadepamplona.com\/actualidad\/wp-content\/uploads\/2017\/01\/MANOroja2.jpg","datePublished":"2018-10-18T10:04:11+00:00","breadcrumb":{"@id":"https:\/\/www.laguiadepamplona.com\/actualidad\/tres-ejes-de-trabajo-sobre-derecho-comunicacion-e-investigacion-centran-manana-viernes-la-segunda-jornada-del-congreso-internacional-sobre-violencias-sexistas\/#breadcrumb"},"inLanguage":"es","potentialAction":[{"@type":"ReadAction","target":["https:\/\/www.laguiadepamplona.com\/actualidad\/tres-ejes-de-trabajo-sobre-derecho-comunicacion-e-investigacion-centran-manana-viernes-la-segunda-jornada-del-congreso-internacional-sobre-violencias-sexistas\/"]}]},{"@type":"ImageObject","inLanguage":"es","@id":"https:\/\/www.laguiadepamplona.com\/actualidad\/tres-ejes-de-trabajo-sobre-derecho-comunicacion-e-investigacion-centran-manana-viernes-la-segunda-jornada-del-congreso-internacional-sobre-violencias-sexistas\/#primaryimage","url":"https:\/\/www.laguiadepamplona.com\/actualidad\/wp-content\/uploads\/2017\/01\/MANOroja2.jpg","contentUrl":"https:\/\/www.laguiadepamplona.com\/actualidad\/wp-content\/uploads\/2017\/01\/MANOroja2.jpg","width":600,"height":685},{"@type":"BreadcrumbList","@id":"https:\/\/www.laguiadepamplona.com\/actualidad\/tres-ejes-de-trabajo-sobre-derecho-comunicacion-e-investigacion-centran-manana-viernes-la-segunda-jornada-del-congreso-internacional-sobre-violencias-sexistas\/#breadcrumb","itemListElement":[{"@type":"ListItem","position":1,"name":"Portada","item":"https:\/\/www.laguiadepamplona.com\/actualidad\/"},{"@type":"ListItem","position":2,"name":"Tres ejes de trabajo sobre derecho, comunicaci\u00f3n e investigaci\u00f3n centran ma\u00f1ana viernes la segunda jornada del Congreso Internacional sobre Violencias Sexistas"}]},{"@type":"WebSite","@id":"https:\/\/www.laguiadepamplona.com\/actualidad\/#website","url":"https:\/\/www.laguiadepamplona.com\/actualidad\/","name":"La gu\u00eda de Pamplona","description":"Noticias de Pamplona","publisher":{"@id":"https:\/\/www.laguiadepamplona.com\/actualidad\/#organization"},"potentialAction":[{"@type":"SearchAction","target":{"@type":"EntryPoint","urlTemplate":"https:\/\/www.laguiadepamplona.com\/actualidad\/?s={search_term_string}"},"query-input":{"@type":"PropertyValueSpecification","valueRequired":true,"valueName":"search_term_string"}}],"inLanguage":"es"},{"@type":"Organization","@id":"https:\/\/www.laguiadepamplona.com\/actualidad\/#organization","name":"La Gu\u00eda de Pamplona \/ Noticias","url":"https:\/\/www.laguiadepamplona.com\/actualidad\/","logo":{"@type":"ImageObject","inLanguage":"es","@id":"https:\/\/www.laguiadepamplona.com\/actualidad\/#\/schema\/logo\/image\/","url":"https:\/\/www.laguiadepamplona.com\/actualidad\/wp-content\/uploads\/2018\/11\/logo-laguiadepamplona18-web1.png","contentUrl":"https:\/\/www.laguiadepamplona.com\/actualidad\/wp-content\/uploads\/2018\/11\/logo-laguiadepamplona18-web1.png","width":600,"height":196,"caption":"La Gu\u00eda de Pamplona \/ Noticias"},"image":{"@id":"https:\/\/www.laguiadepamplona.com\/actualidad\/#\/schema\/logo\/image\/"},"sameAs":["https:\/\/www.facebook.com\/laguiadepamplonacom-133175176762273\/?ref=hl","https:\/\/x.com\/LaGuiadPamplona","https:\/\/www.instagram.com\/la_guia_de_pamplona\/","https:\/\/www.youtube.com\/user\/laguiadepamplona"]},{"@type":"Person","@id":"https:\/\/www.laguiadepamplona.com\/actualidad\/#\/schema\/person\/efe887376f0213d4657c93adc50b1fdb","name":"La Gu\u00eda de Pamplona","image":{"@type":"ImageObject","inLanguage":"es","@id":"https:\/\/secure.gravatar.com\/avatar\/b6992f131dc8d30ab0dff15446e9d346d9dbd95992de0fef795073f5ea83a81c?s=96&d=mm&r=g","url":"https:\/\/secure.gravatar.com\/avatar\/b6992f131dc8d30ab0dff15446e9d346d9dbd95992de0fef795073f5ea83a81c?s=96&d=mm&r=g","contentUrl":"https:\/\/secure.gravatar.com\/avatar\/b6992f131dc8d30ab0dff15446e9d346d9dbd95992de0fef795073f5ea83a81c?s=96&d=mm&r=g","caption":"La Gu\u00eda de Pamplona"}}]}},"post_mailing_queue_ids":[],"_links":{"self":[{"href":"https:\/\/www.laguiadepamplona.com\/actualidad\/wp-json\/wp\/v2\/posts\/19060","targetHints":{"allow":["GET"]}}],"collection":[{"href":"https:\/\/www.laguiadepamplona.com\/actualidad\/wp-json\/wp\/v2\/posts"}],"about":[{"href":"https:\/\/www.laguiadepamplona.com\/actualidad\/wp-json\/wp\/v2\/types\/post"}],"author":[{"embeddable":true,"href":"https:\/\/www.laguiadepamplona.com\/actualidad\/wp-json\/wp\/v2\/users\/1"}],"replies":[{"embeddable":true,"href":"https:\/\/www.laguiadepamplona.com\/actualidad\/wp-json\/wp\/v2\/comments?post=19060"}],"version-history":[{"count":0,"href":"https:\/\/www.laguiadepamplona.com\/actualidad\/wp-json\/wp\/v2\/posts\/19060\/revisions"}],"wp:featuredmedia":[{"embeddable":true,"href":"https:\/\/www.laguiadepamplona.com\/actualidad\/wp-json\/wp\/v2\/media\/11390"}],"wp:attachment":[{"href":"https:\/\/www.laguiadepamplona.com\/actualidad\/wp-json\/wp\/v2\/media?parent=19060"}],"wp:term":[{"taxonomy":"category","embeddable":true,"href":"https:\/\/www.laguiadepamplona.com\/actualidad\/wp-json\/wp\/v2\/categories?post=19060"},{"taxonomy":"post_tag","embeddable":true,"href":"https:\/\/www.laguiadepamplona.com\/actualidad\/wp-json\/wp\/v2\/tags?post=19060"}],"curies":[{"name":"wp","href":"https:\/\/api.w.org\/{rel}","templated":true}]}}