{"id":19058,"date":"2018-10-18T12:02:12","date_gmt":"2018-10-18T10:02:12","guid":{"rendered":"https:\/\/www.laguiadepamplona.es\/actualidad\/?p=19058"},"modified":"2018-10-18T12:02:12","modified_gmt":"2018-10-18T10:02:12","slug":"el-ayuntamiento-de-pamplona-inicia-la-seleccion-de-personal-para-coordinar-talleres-de-las-escuelas-infantiles-municipales","status":"publish","type":"post","link":"https:\/\/www.laguiadepamplona.com\/actualidad\/el-ayuntamiento-de-pamplona-inicia-la-seleccion-de-personal-para-coordinar-talleres-de-las-escuelas-infantiles-municipales\/","title":{"rendered":"El Ayuntamiento de Pamplona inicia la selecci\u00f3n de personal para coordinar talleres de las Escuelas Infantiles municipales"},"content":{"rendered":"<h3>Ser\u00e1n listas de contrataci\u00f3n temporal para las que habr\u00e1 que superar dos ex\u00e1menes y existir\u00e1 una fase de concurso<\/h3>\n<p><!--more--><\/p>\n<p>El Ayuntamiento de Pamplona convoca listas de contrataci\u00f3n para el puesto de trabajo de coordinaci\u00f3n de talleres para el Organismo Aut\u00f3nomo Escuelas Infantiles Municipales. Una convocatoria que se publica en el BON de hoy, jueves 18 de octubre. Las bases de esta convocatoria se encuentran disponibles <a href=\"http:\/\/www.pamplona.es\/escuelasinfantiles\" target=\"_blank\" rel=\"noopener\">www.pamplona.es\/escuelasinfantiles<\/a>, as\u00ed como en la oficina del organismo en la avenida Conde Oliveto, 4-2\u00ba. El procedimiento se sustanciar\u00e1 en dos fases: oposici\u00f3n y concurso.<\/p>\n<p>Los requisitos para los aspirantes son: ser mayor de 16 a\u00f1os, de nacionalidad espa\u00f1ola o de un pa\u00eds de la Uni\u00f3n Europea o de estados habilitados por Tratados Internacionales, con la capacidad f\u00edsica y ps\u00edquica necesarias para desempe\u00f1ar el puesto. Tambi\u00e9n tener titulaci\u00f3n de diplomado o graduado universitario, ingeniero t\u00e9cnico, arquitecto t\u00e9cnico o equivalente, o estar en condiciones de obtenerla cuando acabe el plazo de presentaci\u00f3n de instancias. Asimismo los aspirantes deber\u00e1n estar en posesi\u00f3n del EGA de euskera o titulaciones oficiales equivalentes y, en concreto, nivel C1.<\/p>\n<p>El plazo de presentaci\u00f3n de instancias, seg\u00fan el modelo de la convocatoria, ser\u00e1 10 d\u00edas naturales a partir del siguiente a la fecha de publicaci\u00f3n y deber\u00e1n entregarse en el propio Organismo Aut\u00f3nomo Escuelas Infantiles Municipales o en cualquiera de los registros que prev\u00e9 la Ley de Procedimiento Com\u00fan de las Administraciones P\u00fablicas.<\/p>\n<p><strong>Como presentarse<\/strong><\/p>\n<p>Adem\u00e1s de las instancias oficiales, en este primer momento las personas interesadas deber\u00e1n aportar la justificaci\u00f3n de haber abonado la tasa de 11 euros y fotocopias del DNI y el t\u00edtulo acad\u00e9mico exigido, adem\u00e1s de fotocopia del EGA o equivalente, para acreditar la competencia ling\u00fc\u00edstica en euskera.<\/p>\n<p>Las personas con discapacidad deber\u00e1n acreditar documentalmente su situaci\u00f3n y podr\u00e1n solicitar en la misma instancias las adaptaciones que requieran para la realizaci\u00f3n de las pruebas. Los pagos de la tasa deber\u00e1n abonarse mediante transferencia bancaria a las cuentas que el Organismo aut\u00f3nomo y tienen abiertas en Caixabank y Caja Rural que se detallan en la convocatoria y en la forma solicitada.<\/p>\n<p>Habr\u00e1 un plazo de reclamaci\u00f3n en los cinco d\u00edas h\u00e1biles siguientes a la publicaci\u00f3n de la lista provisional y, con la lista definitiva, tambi\u00e9n se publicar\u00e1n fecha y lugar de examen. Ambas listas se publicar\u00e1n en el tabl\u00f3n de anuncios y en la web del Organismo Aut\u00f3nomo.<\/p>\n<p><strong>Las pruebas<\/strong><\/p>\n<p>La selecci\u00f3n de persona se har\u00e1 en dos fases. La primera ser\u00e1 de oposici\u00f3n, organizada en dos ex\u00e1menes, el primero uno tipo test sobre los 12 primeros temas del temario que otorgar\u00e1 un m\u00e1ximo de 20 puntos (se requiere obtener 10 para aprobarla). La segunda prueba, de car\u00e1cter pr\u00e1ctico, solo la podr\u00e1n efectuar las personas que hayan obtenido las diez mejores calificaciones en el primer examen, y los empatados en puntuaci\u00f3n con el d\u00e9cimo en la lista. En este caso otorgar\u00e1 hasta 66 puntos y versar\u00e1 sobre los cuatro \u00faltimos temas del temario (del 13 al 16) u otras cuestiones relacionadas con el puesto de trabajo.<\/p>\n<p>Los resultados de cada prueba se publicar\u00e1n por los mismos medios y cabr\u00e1 recurso en los tres d\u00edas h\u00e1biles siguientes al de su publicaci\u00f3n.<\/p>\n<p>La segunda fase ser\u00e1 de concurso y no tendr\u00e1 car\u00e1cter eliminatorio. El concurso podr\u00e1 alcanzar hasta 14 puntos y en \u00e9l se baremar\u00e1n otras titulaciones diferentes a las exigidas para acceder a la convocatoria y que constan en las bases (hasta 6 puntos) y conocimiento acreditado oficialmente de ingl\u00e9s (8 puntos).<\/p>\n<p>&nbsp;<\/p>\n","protected":false},"excerpt":{"rendered":"<p>Ser\u00e1n listas de contrataci\u00f3n temporal para las que habr\u00e1 que superar dos ex\u00e1menes y existir\u00e1 una fase de concurso<\/p>\n","protected":false},"author":1,"featured_media":17600,"comment_status":"open","ping_status":"closed","sticky":false,"template":"","format":"standard","meta":{"footnotes":""},"categories":[2],"tags":[],"class_list":["post-19058","post","type-post","status-publish","format-standard","has-post-thumbnail","hentry","category-ayuntamiento-pamplona"],"yoast_head":"<!-- This site is optimized with the Yoast SEO plugin v27.9 - https:\/\/yoast.com\/product\/yoast-seo-wordpress\/ -->\n<title>El Ayuntamiento de Pamplona inicia la selecci\u00f3n de personal para coordinar talleres de las Escuelas Infantiles municipales<\/title>\n<meta name=\"robots\" content=\"index, follow, max-snippet:-1, max-image-preview:large, max-video-preview:-1\" \/>\n<link rel=\"canonical\" href=\"https:\/\/www.laguiadepamplona.com\/actualidad\/el-ayuntamiento-de-pamplona-inicia-la-seleccion-de-personal-para-coordinar-talleres-de-las-escuelas-infantiles-municipales\/\" \/>\n<meta property=\"og:locale\" content=\"es_ES\" \/>\n<meta property=\"og:type\" content=\"article\" \/>\n<meta property=\"og:title\" content=\"El Ayuntamiento de Pamplona inicia la selecci\u00f3n de personal para coordinar talleres de las Escuelas Infantiles municipales\" \/>\n<meta property=\"og:description\" content=\"Ser\u00e1n listas de contrataci\u00f3n temporal para las que habr\u00e1 que superar dos ex\u00e1menes y existir\u00e1 una fase de concurso\" \/>\n<meta property=\"og:url\" content=\"https:\/\/www.laguiadepamplona.com\/actualidad\/el-ayuntamiento-de-pamplona-inicia-la-seleccion-de-personal-para-coordinar-talleres-de-las-escuelas-infantiles-municipales\/\" \/>\n<meta property=\"og:site_name\" content=\"La Gu\u00eda de Pamplona Noticias y actualidad\" \/>\n<meta property=\"article:publisher\" content=\"https:\/\/www.facebook.com\/laguiadepamplonacom-133175176762273\/?ref=hl\" \/>\n<meta property=\"article:published_time\" content=\"2018-10-18T10:02:12+00:00\" \/>\n<meta property=\"og:image\" content=\"https:\/\/www.laguiadepamplona.com\/actualidad\/wp-content\/uploads\/2018\/05\/ayto-pamplona-3.jpg\" \/>\n\t<meta property=\"og:image:width\" content=\"1000\" \/>\n\t<meta property=\"og:image:height\" content=\"555\" \/>\n\t<meta property=\"og:image:type\" content=\"image\/jpeg\" \/>\n<meta name=\"author\" content=\"La Gu\u00eda de Pamplona\" \/>\n<meta name=\"twitter:card\" content=\"summary_large_image\" \/>\n<meta name=\"twitter:creator\" content=\"@LaGuiadPamplona\" \/>\n<meta name=\"twitter:site\" content=\"@LaGuiadPamplona\" \/>\n<meta name=\"twitter:label1\" content=\"Escrito por\" \/>\n\t<meta name=\"twitter:data1\" content=\"La Gu\u00eda de Pamplona\" \/>\n\t<meta name=\"twitter:label2\" content=\"Tiempo de lectura\" \/>\n\t<meta name=\"twitter:data2\" content=\"3 minutos\" \/>\n<script type=\"application\/ld+json\" class=\"yoast-schema-graph\">{\"@context\":\"https:\\\/\\\/schema.org\",\"@graph\":[{\"@type\":\"Article\",\"@id\":\"https:\\\/\\\/www.laguiadepamplona.com\\\/actualidad\\\/el-ayuntamiento-de-pamplona-inicia-la-seleccion-de-personal-para-coordinar-talleres-de-las-escuelas-infantiles-municipales\\\/#article\",\"isPartOf\":{\"@id\":\"https:\\\/\\\/www.laguiadepamplona.com\\\/actualidad\\\/el-ayuntamiento-de-pamplona-inicia-la-seleccion-de-personal-para-coordinar-talleres-de-las-escuelas-infantiles-municipales\\\/\"},\"author\":{\"name\":\"La Gu\u00eda de Pamplona\",\"@id\":\"https:\\\/\\\/www.laguiadepamplona.com\\\/actualidad\\\/#\\\/schema\\\/person\\\/efe887376f0213d4657c93adc50b1fdb\"},\"headline\":\"El Ayuntamiento de Pamplona inicia la selecci\u00f3n de personal para coordinar talleres de las Escuelas Infantiles municipales\",\"datePublished\":\"2018-10-18T10:02:12+00:00\",\"mainEntityOfPage\":{\"@id\":\"https:\\\/\\\/www.laguiadepamplona.com\\\/actualidad\\\/el-ayuntamiento-de-pamplona-inicia-la-seleccion-de-personal-para-coordinar-talleres-de-las-escuelas-infantiles-municipales\\\/\"},\"wordCount\":647,\"commentCount\":0,\"publisher\":{\"@id\":\"https:\\\/\\\/www.laguiadepamplona.com\\\/actualidad\\\/#organization\"},\"image\":{\"@id\":\"https:\\\/\\\/www.laguiadepamplona.com\\\/actualidad\\\/el-ayuntamiento-de-pamplona-inicia-la-seleccion-de-personal-para-coordinar-talleres-de-las-escuelas-infantiles-municipales\\\/#primaryimage\"},\"thumbnailUrl\":\"https:\\\/\\\/www.laguiadepamplona.com\\\/actualidad\\\/wp-content\\\/uploads\\\/2018\\\/05\\\/ayto-pamplona-3.jpg\",\"articleSection\":[\"Ayto Pamplona\"],\"inLanguage\":\"es\",\"potentialAction\":[{\"@type\":\"CommentAction\",\"name\":\"Comment\",\"target\":[\"https:\\\/\\\/www.laguiadepamplona.com\\\/actualidad\\\/el-ayuntamiento-de-pamplona-inicia-la-seleccion-de-personal-para-coordinar-talleres-de-las-escuelas-infantiles-municipales\\\/#respond\"]}]},{\"@type\":\"WebPage\",\"@id\":\"https:\\\/\\\/www.laguiadepamplona.com\\\/actualidad\\\/el-ayuntamiento-de-pamplona-inicia-la-seleccion-de-personal-para-coordinar-talleres-de-las-escuelas-infantiles-municipales\\\/\",\"url\":\"https:\\\/\\\/www.laguiadepamplona.com\\\/actualidad\\\/el-ayuntamiento-de-pamplona-inicia-la-seleccion-de-personal-para-coordinar-talleres-de-las-escuelas-infantiles-municipales\\\/\",\"name\":\"El Ayuntamiento de Pamplona inicia la selecci\u00f3n de personal para coordinar talleres de las Escuelas Infantiles municipales\",\"isPartOf\":{\"@id\":\"https:\\\/\\\/www.laguiadepamplona.com\\\/actualidad\\\/#website\"},\"primaryImageOfPage\":{\"@id\":\"https:\\\/\\\/www.laguiadepamplona.com\\\/actualidad\\\/el-ayuntamiento-de-pamplona-inicia-la-seleccion-de-personal-para-coordinar-talleres-de-las-escuelas-infantiles-municipales\\\/#primaryimage\"},\"image\":{\"@id\":\"https:\\\/\\\/www.laguiadepamplona.com\\\/actualidad\\\/el-ayuntamiento-de-pamplona-inicia-la-seleccion-de-personal-para-coordinar-talleres-de-las-escuelas-infantiles-municipales\\\/#primaryimage\"},\"thumbnailUrl\":\"https:\\\/\\\/www.laguiadepamplona.com\\\/actualidad\\\/wp-content\\\/uploads\\\/2018\\\/05\\\/ayto-pamplona-3.jpg\",\"datePublished\":\"2018-10-18T10:02:12+00:00\",\"breadcrumb\":{\"@id\":\"https:\\\/\\\/www.laguiadepamplona.com\\\/actualidad\\\/el-ayuntamiento-de-pamplona-inicia-la-seleccion-de-personal-para-coordinar-talleres-de-las-escuelas-infantiles-municipales\\\/#breadcrumb\"},\"inLanguage\":\"es\",\"potentialAction\":[{\"@type\":\"ReadAction\",\"target\":[\"https:\\\/\\\/www.laguiadepamplona.com\\\/actualidad\\\/el-ayuntamiento-de-pamplona-inicia-la-seleccion-de-personal-para-coordinar-talleres-de-las-escuelas-infantiles-municipales\\\/\"]}]},{\"@type\":\"ImageObject\",\"inLanguage\":\"es\",\"@id\":\"https:\\\/\\\/www.laguiadepamplona.com\\\/actualidad\\\/el-ayuntamiento-de-pamplona-inicia-la-seleccion-de-personal-para-coordinar-talleres-de-las-escuelas-infantiles-municipales\\\/#primaryimage\",\"url\":\"https:\\\/\\\/www.laguiadepamplona.com\\\/actualidad\\\/wp-content\\\/uploads\\\/2018\\\/05\\\/ayto-pamplona-3.jpg\",\"contentUrl\":\"https:\\\/\\\/www.laguiadepamplona.com\\\/actualidad\\\/wp-content\\\/uploads\\\/2018\\\/05\\\/ayto-pamplona-3.jpg\",\"width\":1000,\"height\":555},{\"@type\":\"BreadcrumbList\",\"@id\":\"https:\\\/\\\/www.laguiadepamplona.com\\\/actualidad\\\/el-ayuntamiento-de-pamplona-inicia-la-seleccion-de-personal-para-coordinar-talleres-de-las-escuelas-infantiles-municipales\\\/#breadcrumb\",\"itemListElement\":[{\"@type\":\"ListItem\",\"position\":1,\"name\":\"Portada\",\"item\":\"https:\\\/\\\/www.laguiadepamplona.com\\\/actualidad\\\/\"},{\"@type\":\"ListItem\",\"position\":2,\"name\":\"El Ayuntamiento de Pamplona inicia la selecci\u00f3n de personal para coordinar talleres de las Escuelas Infantiles municipales\"}]},{\"@type\":\"WebSite\",\"@id\":\"https:\\\/\\\/www.laguiadepamplona.com\\\/actualidad\\\/#website\",\"url\":\"https:\\\/\\\/www.laguiadepamplona.com\\\/actualidad\\\/\",\"name\":\"La gu\u00eda de Pamplona\",\"description\":\"Noticias de Pamplona\",\"publisher\":{\"@id\":\"https:\\\/\\\/www.laguiadepamplona.com\\\/actualidad\\\/#organization\"},\"potentialAction\":[{\"@type\":\"SearchAction\",\"target\":{\"@type\":\"EntryPoint\",\"urlTemplate\":\"https:\\\/\\\/www.laguiadepamplona.com\\\/actualidad\\\/?s={search_term_string}\"},\"query-input\":{\"@type\":\"PropertyValueSpecification\",\"valueRequired\":true,\"valueName\":\"search_term_string\"}}],\"inLanguage\":\"es\"},{\"@type\":\"Organization\",\"@id\":\"https:\\\/\\\/www.laguiadepamplona.com\\\/actualidad\\\/#organization\",\"name\":\"La Gu\u00eda de Pamplona \\\/ Noticias\",\"url\":\"https:\\\/\\\/www.laguiadepamplona.com\\\/actualidad\\\/\",\"logo\":{\"@type\":\"ImageObject\",\"inLanguage\":\"es\",\"@id\":\"https:\\\/\\\/www.laguiadepamplona.com\\\/actualidad\\\/#\\\/schema\\\/logo\\\/image\\\/\",\"url\":\"https:\\\/\\\/www.laguiadepamplona.com\\\/actualidad\\\/wp-content\\\/uploads\\\/2018\\\/11\\\/logo-laguiadepamplona18-web1.png\",\"contentUrl\":\"https:\\\/\\\/www.laguiadepamplona.com\\\/actualidad\\\/wp-content\\\/uploads\\\/2018\\\/11\\\/logo-laguiadepamplona18-web1.png\",\"width\":600,\"height\":196,\"caption\":\"La Gu\u00eda de Pamplona \\\/ Noticias\"},\"image\":{\"@id\":\"https:\\\/\\\/www.laguiadepamplona.com\\\/actualidad\\\/#\\\/schema\\\/logo\\\/image\\\/\"},\"sameAs\":[\"https:\\\/\\\/www.facebook.com\\\/laguiadepamplonacom-133175176762273\\\/?ref=hl\",\"https:\\\/\\\/x.com\\\/LaGuiadPamplona\",\"https:\\\/\\\/www.instagram.com\\\/la_guia_de_pamplona\\\/\",\"https:\\\/\\\/www.youtube.com\\\/user\\\/laguiadepamplona\"]},{\"@type\":\"Person\",\"@id\":\"https:\\\/\\\/www.laguiadepamplona.com\\\/actualidad\\\/#\\\/schema\\\/person\\\/efe887376f0213d4657c93adc50b1fdb\",\"name\":\"La Gu\u00eda de Pamplona\",\"image\":{\"@type\":\"ImageObject\",\"inLanguage\":\"es\",\"@id\":\"https:\\\/\\\/secure.gravatar.com\\\/avatar\\\/b6992f131dc8d30ab0dff15446e9d346d9dbd95992de0fef795073f5ea83a81c?s=96&d=mm&r=g\",\"url\":\"https:\\\/\\\/secure.gravatar.com\\\/avatar\\\/b6992f131dc8d30ab0dff15446e9d346d9dbd95992de0fef795073f5ea83a81c?s=96&d=mm&r=g\",\"contentUrl\":\"https:\\\/\\\/secure.gravatar.com\\\/avatar\\\/b6992f131dc8d30ab0dff15446e9d346d9dbd95992de0fef795073f5ea83a81c?s=96&d=mm&r=g\",\"caption\":\"La Gu\u00eda de Pamplona\"}}]}<\/script>\n<!-- \/ Yoast SEO plugin. -->","yoast_head_json":{"title":"El Ayuntamiento de Pamplona inicia la selecci\u00f3n de personal para coordinar talleres de las Escuelas Infantiles municipales","robots":{"index":"index","follow":"follow","max-snippet":"max-snippet:-1","max-image-preview":"max-image-preview:large","max-video-preview":"max-video-preview:-1"},"canonical":"https:\/\/www.laguiadepamplona.com\/actualidad\/el-ayuntamiento-de-pamplona-inicia-la-seleccion-de-personal-para-coordinar-talleres-de-las-escuelas-infantiles-municipales\/","og_locale":"es_ES","og_type":"article","og_title":"El Ayuntamiento de Pamplona inicia la selecci\u00f3n de personal para coordinar talleres de las Escuelas Infantiles municipales","og_description":"Ser\u00e1n listas de contrataci\u00f3n temporal para las que habr\u00e1 que superar dos ex\u00e1menes y existir\u00e1 una fase de concurso","og_url":"https:\/\/www.laguiadepamplona.com\/actualidad\/el-ayuntamiento-de-pamplona-inicia-la-seleccion-de-personal-para-coordinar-talleres-de-las-escuelas-infantiles-municipales\/","og_site_name":"La Gu\u00eda de Pamplona Noticias y actualidad","article_publisher":"https:\/\/www.facebook.com\/laguiadepamplonacom-133175176762273\/?ref=hl","article_published_time":"2018-10-18T10:02:12+00:00","og_image":[{"width":1000,"height":555,"url":"https:\/\/www.laguiadepamplona.com\/actualidad\/wp-content\/uploads\/2018\/05\/ayto-pamplona-3.jpg","type":"image\/jpeg"}],"author":"La Gu\u00eda de Pamplona","twitter_card":"summary_large_image","twitter_creator":"@LaGuiadPamplona","twitter_site":"@LaGuiadPamplona","twitter_misc":{"Escrito por":"La Gu\u00eda de Pamplona","Tiempo de lectura":"3 minutos"},"schema":{"@context":"https:\/\/schema.org","@graph":[{"@type":"Article","@id":"https:\/\/www.laguiadepamplona.com\/actualidad\/el-ayuntamiento-de-pamplona-inicia-la-seleccion-de-personal-para-coordinar-talleres-de-las-escuelas-infantiles-municipales\/#article","isPartOf":{"@id":"https:\/\/www.laguiadepamplona.com\/actualidad\/el-ayuntamiento-de-pamplona-inicia-la-seleccion-de-personal-para-coordinar-talleres-de-las-escuelas-infantiles-municipales\/"},"author":{"name":"La Gu\u00eda de Pamplona","@id":"https:\/\/www.laguiadepamplona.com\/actualidad\/#\/schema\/person\/efe887376f0213d4657c93adc50b1fdb"},"headline":"El Ayuntamiento de Pamplona inicia la selecci\u00f3n de personal para coordinar talleres de las Escuelas Infantiles municipales","datePublished":"2018-10-18T10:02:12+00:00","mainEntityOfPage":{"@id":"https:\/\/www.laguiadepamplona.com\/actualidad\/el-ayuntamiento-de-pamplona-inicia-la-seleccion-de-personal-para-coordinar-talleres-de-las-escuelas-infantiles-municipales\/"},"wordCount":647,"commentCount":0,"publisher":{"@id":"https:\/\/www.laguiadepamplona.com\/actualidad\/#organization"},"image":{"@id":"https:\/\/www.laguiadepamplona.com\/actualidad\/el-ayuntamiento-de-pamplona-inicia-la-seleccion-de-personal-para-coordinar-talleres-de-las-escuelas-infantiles-municipales\/#primaryimage"},"thumbnailUrl":"https:\/\/www.laguiadepamplona.com\/actualidad\/wp-content\/uploads\/2018\/05\/ayto-pamplona-3.jpg","articleSection":["Ayto Pamplona"],"inLanguage":"es","potentialAction":[{"@type":"CommentAction","name":"Comment","target":["https:\/\/www.laguiadepamplona.com\/actualidad\/el-ayuntamiento-de-pamplona-inicia-la-seleccion-de-personal-para-coordinar-talleres-de-las-escuelas-infantiles-municipales\/#respond"]}]},{"@type":"WebPage","@id":"https:\/\/www.laguiadepamplona.com\/actualidad\/el-ayuntamiento-de-pamplona-inicia-la-seleccion-de-personal-para-coordinar-talleres-de-las-escuelas-infantiles-municipales\/","url":"https:\/\/www.laguiadepamplona.com\/actualidad\/el-ayuntamiento-de-pamplona-inicia-la-seleccion-de-personal-para-coordinar-talleres-de-las-escuelas-infantiles-municipales\/","name":"El Ayuntamiento de Pamplona inicia la selecci\u00f3n de personal para coordinar talleres de las Escuelas Infantiles municipales","isPartOf":{"@id":"https:\/\/www.laguiadepamplona.com\/actualidad\/#website"},"primaryImageOfPage":{"@id":"https:\/\/www.laguiadepamplona.com\/actualidad\/el-ayuntamiento-de-pamplona-inicia-la-seleccion-de-personal-para-coordinar-talleres-de-las-escuelas-infantiles-municipales\/#primaryimage"},"image":{"@id":"https:\/\/www.laguiadepamplona.com\/actualidad\/el-ayuntamiento-de-pamplona-inicia-la-seleccion-de-personal-para-coordinar-talleres-de-las-escuelas-infantiles-municipales\/#primaryimage"},"thumbnailUrl":"https:\/\/www.laguiadepamplona.com\/actualidad\/wp-content\/uploads\/2018\/05\/ayto-pamplona-3.jpg","datePublished":"2018-10-18T10:02:12+00:00","breadcrumb":{"@id":"https:\/\/www.laguiadepamplona.com\/actualidad\/el-ayuntamiento-de-pamplona-inicia-la-seleccion-de-personal-para-coordinar-talleres-de-las-escuelas-infantiles-municipales\/#breadcrumb"},"inLanguage":"es","potentialAction":[{"@type":"ReadAction","target":["https:\/\/www.laguiadepamplona.com\/actualidad\/el-ayuntamiento-de-pamplona-inicia-la-seleccion-de-personal-para-coordinar-talleres-de-las-escuelas-infantiles-municipales\/"]}]},{"@type":"ImageObject","inLanguage":"es","@id":"https:\/\/www.laguiadepamplona.com\/actualidad\/el-ayuntamiento-de-pamplona-inicia-la-seleccion-de-personal-para-coordinar-talleres-de-las-escuelas-infantiles-municipales\/#primaryimage","url":"https:\/\/www.laguiadepamplona.com\/actualidad\/wp-content\/uploads\/2018\/05\/ayto-pamplona-3.jpg","contentUrl":"https:\/\/www.laguiadepamplona.com\/actualidad\/wp-content\/uploads\/2018\/05\/ayto-pamplona-3.jpg","width":1000,"height":555},{"@type":"BreadcrumbList","@id":"https:\/\/www.laguiadepamplona.com\/actualidad\/el-ayuntamiento-de-pamplona-inicia-la-seleccion-de-personal-para-coordinar-talleres-de-las-escuelas-infantiles-municipales\/#breadcrumb","itemListElement":[{"@type":"ListItem","position":1,"name":"Portada","item":"https:\/\/www.laguiadepamplona.com\/actualidad\/"},{"@type":"ListItem","position":2,"name":"El Ayuntamiento de Pamplona inicia la selecci\u00f3n de personal para coordinar talleres de las Escuelas Infantiles municipales"}]},{"@type":"WebSite","@id":"https:\/\/www.laguiadepamplona.com\/actualidad\/#website","url":"https:\/\/www.laguiadepamplona.com\/actualidad\/","name":"La gu\u00eda de Pamplona","description":"Noticias de Pamplona","publisher":{"@id":"https:\/\/www.laguiadepamplona.com\/actualidad\/#organization"},"potentialAction":[{"@type":"SearchAction","target":{"@type":"EntryPoint","urlTemplate":"https:\/\/www.laguiadepamplona.com\/actualidad\/?s={search_term_string}"},"query-input":{"@type":"PropertyValueSpecification","valueRequired":true,"valueName":"search_term_string"}}],"inLanguage":"es"},{"@type":"Organization","@id":"https:\/\/www.laguiadepamplona.com\/actualidad\/#organization","name":"La Gu\u00eda de Pamplona \/ Noticias","url":"https:\/\/www.laguiadepamplona.com\/actualidad\/","logo":{"@type":"ImageObject","inLanguage":"es","@id":"https:\/\/www.laguiadepamplona.com\/actualidad\/#\/schema\/logo\/image\/","url":"https:\/\/www.laguiadepamplona.com\/actualidad\/wp-content\/uploads\/2018\/11\/logo-laguiadepamplona18-web1.png","contentUrl":"https:\/\/www.laguiadepamplona.com\/actualidad\/wp-content\/uploads\/2018\/11\/logo-laguiadepamplona18-web1.png","width":600,"height":196,"caption":"La Gu\u00eda de Pamplona \/ Noticias"},"image":{"@id":"https:\/\/www.laguiadepamplona.com\/actualidad\/#\/schema\/logo\/image\/"},"sameAs":["https:\/\/www.facebook.com\/laguiadepamplonacom-133175176762273\/?ref=hl","https:\/\/x.com\/LaGuiadPamplona","https:\/\/www.instagram.com\/la_guia_de_pamplona\/","https:\/\/www.youtube.com\/user\/laguiadepamplona"]},{"@type":"Person","@id":"https:\/\/www.laguiadepamplona.com\/actualidad\/#\/schema\/person\/efe887376f0213d4657c93adc50b1fdb","name":"La Gu\u00eda de Pamplona","image":{"@type":"ImageObject","inLanguage":"es","@id":"https:\/\/secure.gravatar.com\/avatar\/b6992f131dc8d30ab0dff15446e9d346d9dbd95992de0fef795073f5ea83a81c?s=96&d=mm&r=g","url":"https:\/\/secure.gravatar.com\/avatar\/b6992f131dc8d30ab0dff15446e9d346d9dbd95992de0fef795073f5ea83a81c?s=96&d=mm&r=g","contentUrl":"https:\/\/secure.gravatar.com\/avatar\/b6992f131dc8d30ab0dff15446e9d346d9dbd95992de0fef795073f5ea83a81c?s=96&d=mm&r=g","caption":"La Gu\u00eda de Pamplona"}}]}},"post_mailing_queue_ids":[],"_links":{"self":[{"href":"https:\/\/www.laguiadepamplona.com\/actualidad\/wp-json\/wp\/v2\/posts\/19058","targetHints":{"allow":["GET"]}}],"collection":[{"href":"https:\/\/www.laguiadepamplona.com\/actualidad\/wp-json\/wp\/v2\/posts"}],"about":[{"href":"https:\/\/www.laguiadepamplona.com\/actualidad\/wp-json\/wp\/v2\/types\/post"}],"author":[{"embeddable":true,"href":"https:\/\/www.laguiadepamplona.com\/actualidad\/wp-json\/wp\/v2\/users\/1"}],"replies":[{"embeddable":true,"href":"https:\/\/www.laguiadepamplona.com\/actualidad\/wp-json\/wp\/v2\/comments?post=19058"}],"version-history":[{"count":0,"href":"https:\/\/www.laguiadepamplona.com\/actualidad\/wp-json\/wp\/v2\/posts\/19058\/revisions"}],"wp:featuredmedia":[{"embeddable":true,"href":"https:\/\/www.laguiadepamplona.com\/actualidad\/wp-json\/wp\/v2\/media\/17600"}],"wp:attachment":[{"href":"https:\/\/www.laguiadepamplona.com\/actualidad\/wp-json\/wp\/v2\/media?parent=19058"}],"wp:term":[{"taxonomy":"category","embeddable":true,"href":"https:\/\/www.laguiadepamplona.com\/actualidad\/wp-json\/wp\/v2\/categories?post=19058"},{"taxonomy":"post_tag","embeddable":true,"href":"https:\/\/www.laguiadepamplona.com\/actualidad\/wp-json\/wp\/v2\/tags?post=19058"}],"curies":[{"name":"wp","href":"https:\/\/api.w.org\/{rel}","templated":true}]}}