{"id":19052,"date":"2018-10-17T15:49:18","date_gmt":"2018-10-17T13:49:18","guid":{"rendered":"https:\/\/www.laguiadepamplona.es\/actualidad\/?p=19052"},"modified":"2018-10-17T15:49:18","modified_gmt":"2018-10-17T13:49:18","slug":"manana-se-inaugura-el-congreso-internacional-sobre-violencias-sexistas-con-una-veintena-de-ponentes-y-un-aforo-completo-de-300-participantes","status":"publish","type":"post","link":"https:\/\/www.laguiadepamplona.com\/actualidad\/manana-se-inaugura-el-congreso-internacional-sobre-violencias-sexistas-con-una-veintena-de-ponentes-y-un-aforo-completo-de-300-participantes\/","title":{"rendered":"Ma\u00f1ana se inaugura el Congreso Internacional sobre Violencias Sexistas, con una veintena de ponentes y un aforo completo de 300 participantes"},"content":{"rendered":"<h3>El alcalde de Pamplona y la consejera de Relaciones Ciudadanas e Institucionales abrir\u00e1n el congreso a las 17 horas en Baluarte<\/h3>\n<p><!--more--><\/p>\n<p>El Congreso Internacional Sobre Violencias Sexistas comienza ma\u00f1ana jueves con el objetivo de abordar, analizar, prevenir y erradicar estas violencias contra todas las mujeres. Trescientas personas han respondido al llamamiento del Congreso que cubrir\u00e1\u00a0 los \u00e1mbitos del derecho, la comunicaci\u00f3n, la investigaci\u00f3n y el activismo feminista, con una veintena de ponentes, y que se desarrollar\u00e1 a trav\u00e9s de ejes de trabajo, mesas redondas y espacios de reflexi\u00f3n y debate.<\/p>\n<p><strong><u>El alcalde de Pamplona, Joseba Asiron, y la consejera de Relaciones Ciudadanas e Institucionales del Gobierno de Navarra, Ana Ollo<\/u><\/strong>, inaugurar\u00e1n el congreso <strong><u>a partir de las 17 horas en la Sala Ciudadela del Palacio de Congresos y Auditorio Baluarte<\/u><\/strong>, dando la bienvenida a todas las personas asistentes. A continuaci\u00f3n, intervendr\u00e1n la directora del Instituto Navarro para la Igualdad (INAI), Mertxe Leranoz, y la t\u00e9cnica de igualdad del Ayuntamiento de Pamplona, Zaloa Basabe. Hablar\u00e1n, respectivamente, sobre las pol\u00edticas p\u00fablicas en materia de igualdad y sobre las estrategias y compromisos del Ayuntamiento de Pamplona frente a las agresiones sexistas.<\/p>\n<p>La ponencia inaugural, a partir de las 18 horas, la llevar\u00e1 a cabo la soci\u00f3loga, profesora de la UPNA ya jubilada y Premio Berdinna a la igualdad entre mujeres y hombres, concedido por el Gobierno de Navarra, Blanca Fern\u00e1ndez Viguera. Su experiencia docente y de lucha por la igualdad centrar\u00e1 su ponencia titulada \u2018Formaci\u00f3n, investigaci\u00f3n y acci\u00f3n pol\u00edtica feminista en la Universidad. Cambios y retos\u2019. Fern\u00e1ndez Viguera es, adem\u00e1s, cofundadora de IPES (fue tambi\u00e9n coordinadora de Ciencias Sociales desde 1978 hasta 1985) y cofundadora del Departamento de Estudios de las Mujeres en 1979. Fue impulsora de la revista Langaiak y cofundadora del Centro de Documentaci\u00f3n y Biblioteca de las Mujeres.<\/p>\n<p><strong>Espacio de debate y profundizaci\u00f3n en buenas pr\u00e1cticas<\/strong><\/p>\n<p>El Congreso Internacional sobre Violencias Sexistas es un paso m\u00e1s en el compromiso adquirido por el Ayuntamiento de Pamplona por la identificaci\u00f3n y lucha contra todo tipo de violencias hacia las mujeres. De ah\u00ed que se quiera generar con este congreso un espacio para el debate y la profundizaci\u00f3n en buenas pr\u00e1cticas para su erradicaci\u00f3n.<\/p>\n<p>El congreso continuar\u00e1 durante el viernes y el s\u00e1bado con diferentes ponencias, mesas redondas y grupos de trabajo. El viernes por la ma\u00f1ana se trabajar\u00e1 en grupos, con tres ejes de reflexi\u00f3n en torno al Derecho, la Comunicaci\u00f3n y los Estudios e Investigaci\u00f3n. Cada uno de ellos contar\u00e1 con ponencias espec\u00edficas en las que se analizar\u00e1n aspectos como la normativa, la cobertura period\u00edstica o las violencias sexuales entornos festivos y consumo de drogas. Por la tarde, debate y reflexi\u00f3n en torno a las violencias y el lenguaje y al enfoque feminista e interseccional de las violencias.<\/p>\n<p>El s\u00e1bado se dedicar\u00e1 al conocimiento de otras miradas y experiencias internacionales sobre las violencias sexistas procedentes de Europa, Oriente Medio y \u00c1frica. Se analizar\u00e1n en tres conferencias la violencia contra las mujeres y la exclusi\u00f3n social en Europa, la violencia contra las mujeres en un contexto de ocupaci\u00f3n y bloqueo en Palestina, y la respuesta internacional ante casos de violencia sexual en contextos de guerra con el caso de N\u00edger.<\/p>\n<p>&nbsp;<\/p>\n","protected":false},"excerpt":{"rendered":"<p>El alcalde de Pamplona y la consejera de Relaciones Ciudadanas e Institucionales abrir\u00e1n el congreso a las 17 horas en Baluarte<\/p>\n","protected":false},"author":1,"featured_media":17600,"comment_status":"open","ping_status":"closed","sticky":false,"template":"","format":"standard","meta":{"footnotes":""},"categories":[2],"tags":[],"class_list":["post-19052","post","type-post","status-publish","format-standard","has-post-thumbnail","hentry","category-ayuntamiento-pamplona"],"yoast_head":"<!-- This site is optimized with the Yoast SEO plugin v27.9 - https:\/\/yoast.com\/product\/yoast-seo-wordpress\/ -->\n<title>Ma\u00f1ana se inaugura el Congreso Internacional sobre Violencias Sexistas, con una veintena de ponentes y un aforo completo de 300 participantes<\/title>\n<meta name=\"robots\" content=\"index, follow, max-snippet:-1, max-image-preview:large, max-video-preview:-1\" \/>\n<link rel=\"canonical\" href=\"https:\/\/www.laguiadepamplona.com\/actualidad\/manana-se-inaugura-el-congreso-internacional-sobre-violencias-sexistas-con-una-veintena-de-ponentes-y-un-aforo-completo-de-300-participantes\/\" \/>\n<meta property=\"og:locale\" content=\"es_ES\" \/>\n<meta property=\"og:type\" content=\"article\" \/>\n<meta property=\"og:title\" content=\"Ma\u00f1ana se inaugura el Congreso Internacional sobre Violencias Sexistas, con una veintena de ponentes y un aforo completo de 300 participantes\" \/>\n<meta property=\"og:description\" content=\"El alcalde de Pamplona y la consejera de Relaciones Ciudadanas e Institucionales abrir\u00e1n el congreso a las 17 horas en Baluarte\" \/>\n<meta property=\"og:url\" content=\"https:\/\/www.laguiadepamplona.com\/actualidad\/manana-se-inaugura-el-congreso-internacional-sobre-violencias-sexistas-con-una-veintena-de-ponentes-y-un-aforo-completo-de-300-participantes\/\" \/>\n<meta property=\"og:site_name\" content=\"La Gu\u00eda de Pamplona Noticias y actualidad\" \/>\n<meta property=\"article:publisher\" content=\"https:\/\/www.facebook.com\/laguiadepamplonacom-133175176762273\/?ref=hl\" \/>\n<meta property=\"article:published_time\" content=\"2018-10-17T13:49:18+00:00\" \/>\n<meta property=\"og:image\" content=\"https:\/\/www.laguiadepamplona.com\/actualidad\/wp-content\/uploads\/2018\/05\/ayto-pamplona-3.jpg\" \/>\n\t<meta property=\"og:image:width\" content=\"1000\" \/>\n\t<meta property=\"og:image:height\" content=\"555\" \/>\n\t<meta property=\"og:image:type\" content=\"image\/jpeg\" \/>\n<meta name=\"author\" content=\"La Gu\u00eda de Pamplona\" \/>\n<meta name=\"twitter:card\" content=\"summary_large_image\" \/>\n<meta name=\"twitter:creator\" content=\"@LaGuiadPamplona\" \/>\n<meta name=\"twitter:site\" content=\"@LaGuiadPamplona\" \/>\n<meta name=\"twitter:label1\" content=\"Escrito por\" \/>\n\t<meta name=\"twitter:data1\" content=\"La Gu\u00eda de Pamplona\" \/>\n\t<meta name=\"twitter:label2\" content=\"Tiempo de lectura\" \/>\n\t<meta name=\"twitter:data2\" content=\"3 minutos\" \/>\n<script type=\"application\/ld+json\" class=\"yoast-schema-graph\">{\"@context\":\"https:\\\/\\\/schema.org\",\"@graph\":[{\"@type\":\"Article\",\"@id\":\"https:\\\/\\\/www.laguiadepamplona.com\\\/actualidad\\\/manana-se-inaugura-el-congreso-internacional-sobre-violencias-sexistas-con-una-veintena-de-ponentes-y-un-aforo-completo-de-300-participantes\\\/#article\",\"isPartOf\":{\"@id\":\"https:\\\/\\\/www.laguiadepamplona.com\\\/actualidad\\\/manana-se-inaugura-el-congreso-internacional-sobre-violencias-sexistas-con-una-veintena-de-ponentes-y-un-aforo-completo-de-300-participantes\\\/\"},\"author\":{\"name\":\"La Gu\u00eda de Pamplona\",\"@id\":\"https:\\\/\\\/www.laguiadepamplona.com\\\/actualidad\\\/#\\\/schema\\\/person\\\/efe887376f0213d4657c93adc50b1fdb\"},\"headline\":\"Ma\u00f1ana se inaugura el Congreso Internacional sobre Violencias Sexistas, con una veintena de ponentes y un aforo completo de 300 participantes\",\"datePublished\":\"2018-10-17T13:49:18+00:00\",\"mainEntityOfPage\":{\"@id\":\"https:\\\/\\\/www.laguiadepamplona.com\\\/actualidad\\\/manana-se-inaugura-el-congreso-internacional-sobre-violencias-sexistas-con-una-veintena-de-ponentes-y-un-aforo-completo-de-300-participantes\\\/\"},\"wordCount\":588,\"commentCount\":0,\"publisher\":{\"@id\":\"https:\\\/\\\/www.laguiadepamplona.com\\\/actualidad\\\/#organization\"},\"image\":{\"@id\":\"https:\\\/\\\/www.laguiadepamplona.com\\\/actualidad\\\/manana-se-inaugura-el-congreso-internacional-sobre-violencias-sexistas-con-una-veintena-de-ponentes-y-un-aforo-completo-de-300-participantes\\\/#primaryimage\"},\"thumbnailUrl\":\"https:\\\/\\\/www.laguiadepamplona.com\\\/actualidad\\\/wp-content\\\/uploads\\\/2018\\\/05\\\/ayto-pamplona-3.jpg\",\"articleSection\":[\"Ayto Pamplona\"],\"inLanguage\":\"es\",\"potentialAction\":[{\"@type\":\"CommentAction\",\"name\":\"Comment\",\"target\":[\"https:\\\/\\\/www.laguiadepamplona.com\\\/actualidad\\\/manana-se-inaugura-el-congreso-internacional-sobre-violencias-sexistas-con-una-veintena-de-ponentes-y-un-aforo-completo-de-300-participantes\\\/#respond\"]}]},{\"@type\":\"WebPage\",\"@id\":\"https:\\\/\\\/www.laguiadepamplona.com\\\/actualidad\\\/manana-se-inaugura-el-congreso-internacional-sobre-violencias-sexistas-con-una-veintena-de-ponentes-y-un-aforo-completo-de-300-participantes\\\/\",\"url\":\"https:\\\/\\\/www.laguiadepamplona.com\\\/actualidad\\\/manana-se-inaugura-el-congreso-internacional-sobre-violencias-sexistas-con-una-veintena-de-ponentes-y-un-aforo-completo-de-300-participantes\\\/\",\"name\":\"Ma\u00f1ana se inaugura el Congreso Internacional sobre Violencias Sexistas, con una veintena de ponentes y un aforo completo de 300 participantes\",\"isPartOf\":{\"@id\":\"https:\\\/\\\/www.laguiadepamplona.com\\\/actualidad\\\/#website\"},\"primaryImageOfPage\":{\"@id\":\"https:\\\/\\\/www.laguiadepamplona.com\\\/actualidad\\\/manana-se-inaugura-el-congreso-internacional-sobre-violencias-sexistas-con-una-veintena-de-ponentes-y-un-aforo-completo-de-300-participantes\\\/#primaryimage\"},\"image\":{\"@id\":\"https:\\\/\\\/www.laguiadepamplona.com\\\/actualidad\\\/manana-se-inaugura-el-congreso-internacional-sobre-violencias-sexistas-con-una-veintena-de-ponentes-y-un-aforo-completo-de-300-participantes\\\/#primaryimage\"},\"thumbnailUrl\":\"https:\\\/\\\/www.laguiadepamplona.com\\\/actualidad\\\/wp-content\\\/uploads\\\/2018\\\/05\\\/ayto-pamplona-3.jpg\",\"datePublished\":\"2018-10-17T13:49:18+00:00\",\"breadcrumb\":{\"@id\":\"https:\\\/\\\/www.laguiadepamplona.com\\\/actualidad\\\/manana-se-inaugura-el-congreso-internacional-sobre-violencias-sexistas-con-una-veintena-de-ponentes-y-un-aforo-completo-de-300-participantes\\\/#breadcrumb\"},\"inLanguage\":\"es\",\"potentialAction\":[{\"@type\":\"ReadAction\",\"target\":[\"https:\\\/\\\/www.laguiadepamplona.com\\\/actualidad\\\/manana-se-inaugura-el-congreso-internacional-sobre-violencias-sexistas-con-una-veintena-de-ponentes-y-un-aforo-completo-de-300-participantes\\\/\"]}]},{\"@type\":\"ImageObject\",\"inLanguage\":\"es\",\"@id\":\"https:\\\/\\\/www.laguiadepamplona.com\\\/actualidad\\\/manana-se-inaugura-el-congreso-internacional-sobre-violencias-sexistas-con-una-veintena-de-ponentes-y-un-aforo-completo-de-300-participantes\\\/#primaryimage\",\"url\":\"https:\\\/\\\/www.laguiadepamplona.com\\\/actualidad\\\/wp-content\\\/uploads\\\/2018\\\/05\\\/ayto-pamplona-3.jpg\",\"contentUrl\":\"https:\\\/\\\/www.laguiadepamplona.com\\\/actualidad\\\/wp-content\\\/uploads\\\/2018\\\/05\\\/ayto-pamplona-3.jpg\",\"width\":1000,\"height\":555},{\"@type\":\"BreadcrumbList\",\"@id\":\"https:\\\/\\\/www.laguiadepamplona.com\\\/actualidad\\\/manana-se-inaugura-el-congreso-internacional-sobre-violencias-sexistas-con-una-veintena-de-ponentes-y-un-aforo-completo-de-300-participantes\\\/#breadcrumb\",\"itemListElement\":[{\"@type\":\"ListItem\",\"position\":1,\"name\":\"Portada\",\"item\":\"https:\\\/\\\/www.laguiadepamplona.com\\\/actualidad\\\/\"},{\"@type\":\"ListItem\",\"position\":2,\"name\":\"Ma\u00f1ana se inaugura el Congreso Internacional sobre Violencias Sexistas, con una veintena de ponentes y un aforo completo de 300 participantes\"}]},{\"@type\":\"WebSite\",\"@id\":\"https:\\\/\\\/www.laguiadepamplona.com\\\/actualidad\\\/#website\",\"url\":\"https:\\\/\\\/www.laguiadepamplona.com\\\/actualidad\\\/\",\"name\":\"La gu\u00eda de Pamplona\",\"description\":\"Noticias de Pamplona\",\"publisher\":{\"@id\":\"https:\\\/\\\/www.laguiadepamplona.com\\\/actualidad\\\/#organization\"},\"potentialAction\":[{\"@type\":\"SearchAction\",\"target\":{\"@type\":\"EntryPoint\",\"urlTemplate\":\"https:\\\/\\\/www.laguiadepamplona.com\\\/actualidad\\\/?s={search_term_string}\"},\"query-input\":{\"@type\":\"PropertyValueSpecification\",\"valueRequired\":true,\"valueName\":\"search_term_string\"}}],\"inLanguage\":\"es\"},{\"@type\":\"Organization\",\"@id\":\"https:\\\/\\\/www.laguiadepamplona.com\\\/actualidad\\\/#organization\",\"name\":\"La Gu\u00eda de Pamplona \\\/ Noticias\",\"url\":\"https:\\\/\\\/www.laguiadepamplona.com\\\/actualidad\\\/\",\"logo\":{\"@type\":\"ImageObject\",\"inLanguage\":\"es\",\"@id\":\"https:\\\/\\\/www.laguiadepamplona.com\\\/actualidad\\\/#\\\/schema\\\/logo\\\/image\\\/\",\"url\":\"https:\\\/\\\/www.laguiadepamplona.com\\\/actualidad\\\/wp-content\\\/uploads\\\/2018\\\/11\\\/logo-laguiadepamplona18-web1.png\",\"contentUrl\":\"https:\\\/\\\/www.laguiadepamplona.com\\\/actualidad\\\/wp-content\\\/uploads\\\/2018\\\/11\\\/logo-laguiadepamplona18-web1.png\",\"width\":600,\"height\":196,\"caption\":\"La Gu\u00eda de Pamplona \\\/ Noticias\"},\"image\":{\"@id\":\"https:\\\/\\\/www.laguiadepamplona.com\\\/actualidad\\\/#\\\/schema\\\/logo\\\/image\\\/\"},\"sameAs\":[\"https:\\\/\\\/www.facebook.com\\\/laguiadepamplonacom-133175176762273\\\/?ref=hl\",\"https:\\\/\\\/x.com\\\/LaGuiadPamplona\",\"https:\\\/\\\/www.instagram.com\\\/la_guia_de_pamplona\\\/\",\"https:\\\/\\\/www.youtube.com\\\/user\\\/laguiadepamplona\"]},{\"@type\":\"Person\",\"@id\":\"https:\\\/\\\/www.laguiadepamplona.com\\\/actualidad\\\/#\\\/schema\\\/person\\\/efe887376f0213d4657c93adc50b1fdb\",\"name\":\"La Gu\u00eda de Pamplona\",\"image\":{\"@type\":\"ImageObject\",\"inLanguage\":\"es\",\"@id\":\"https:\\\/\\\/secure.gravatar.com\\\/avatar\\\/b6992f131dc8d30ab0dff15446e9d346d9dbd95992de0fef795073f5ea83a81c?s=96&d=mm&r=g\",\"url\":\"https:\\\/\\\/secure.gravatar.com\\\/avatar\\\/b6992f131dc8d30ab0dff15446e9d346d9dbd95992de0fef795073f5ea83a81c?s=96&d=mm&r=g\",\"contentUrl\":\"https:\\\/\\\/secure.gravatar.com\\\/avatar\\\/b6992f131dc8d30ab0dff15446e9d346d9dbd95992de0fef795073f5ea83a81c?s=96&d=mm&r=g\",\"caption\":\"La Gu\u00eda de Pamplona\"}}]}<\/script>\n<!-- \/ Yoast SEO plugin. -->","yoast_head_json":{"title":"Ma\u00f1ana se inaugura el Congreso Internacional sobre Violencias Sexistas, con una veintena de ponentes y un aforo completo de 300 participantes","robots":{"index":"index","follow":"follow","max-snippet":"max-snippet:-1","max-image-preview":"max-image-preview:large","max-video-preview":"max-video-preview:-1"},"canonical":"https:\/\/www.laguiadepamplona.com\/actualidad\/manana-se-inaugura-el-congreso-internacional-sobre-violencias-sexistas-con-una-veintena-de-ponentes-y-un-aforo-completo-de-300-participantes\/","og_locale":"es_ES","og_type":"article","og_title":"Ma\u00f1ana se inaugura el Congreso Internacional sobre Violencias Sexistas, con una veintena de ponentes y un aforo completo de 300 participantes","og_description":"El alcalde de Pamplona y la consejera de Relaciones Ciudadanas e Institucionales abrir\u00e1n el congreso a las 17 horas en Baluarte","og_url":"https:\/\/www.laguiadepamplona.com\/actualidad\/manana-se-inaugura-el-congreso-internacional-sobre-violencias-sexistas-con-una-veintena-de-ponentes-y-un-aforo-completo-de-300-participantes\/","og_site_name":"La Gu\u00eda de Pamplona Noticias y actualidad","article_publisher":"https:\/\/www.facebook.com\/laguiadepamplonacom-133175176762273\/?ref=hl","article_published_time":"2018-10-17T13:49:18+00:00","og_image":[{"width":1000,"height":555,"url":"https:\/\/www.laguiadepamplona.com\/actualidad\/wp-content\/uploads\/2018\/05\/ayto-pamplona-3.jpg","type":"image\/jpeg"}],"author":"La Gu\u00eda de Pamplona","twitter_card":"summary_large_image","twitter_creator":"@LaGuiadPamplona","twitter_site":"@LaGuiadPamplona","twitter_misc":{"Escrito por":"La Gu\u00eda de Pamplona","Tiempo de lectura":"3 minutos"},"schema":{"@context":"https:\/\/schema.org","@graph":[{"@type":"Article","@id":"https:\/\/www.laguiadepamplona.com\/actualidad\/manana-se-inaugura-el-congreso-internacional-sobre-violencias-sexistas-con-una-veintena-de-ponentes-y-un-aforo-completo-de-300-participantes\/#article","isPartOf":{"@id":"https:\/\/www.laguiadepamplona.com\/actualidad\/manana-se-inaugura-el-congreso-internacional-sobre-violencias-sexistas-con-una-veintena-de-ponentes-y-un-aforo-completo-de-300-participantes\/"},"author":{"name":"La Gu\u00eda de Pamplona","@id":"https:\/\/www.laguiadepamplona.com\/actualidad\/#\/schema\/person\/efe887376f0213d4657c93adc50b1fdb"},"headline":"Ma\u00f1ana se inaugura el Congreso Internacional sobre Violencias Sexistas, con una veintena de ponentes y un aforo completo de 300 participantes","datePublished":"2018-10-17T13:49:18+00:00","mainEntityOfPage":{"@id":"https:\/\/www.laguiadepamplona.com\/actualidad\/manana-se-inaugura-el-congreso-internacional-sobre-violencias-sexistas-con-una-veintena-de-ponentes-y-un-aforo-completo-de-300-participantes\/"},"wordCount":588,"commentCount":0,"publisher":{"@id":"https:\/\/www.laguiadepamplona.com\/actualidad\/#organization"},"image":{"@id":"https:\/\/www.laguiadepamplona.com\/actualidad\/manana-se-inaugura-el-congreso-internacional-sobre-violencias-sexistas-con-una-veintena-de-ponentes-y-un-aforo-completo-de-300-participantes\/#primaryimage"},"thumbnailUrl":"https:\/\/www.laguiadepamplona.com\/actualidad\/wp-content\/uploads\/2018\/05\/ayto-pamplona-3.jpg","articleSection":["Ayto Pamplona"],"inLanguage":"es","potentialAction":[{"@type":"CommentAction","name":"Comment","target":["https:\/\/www.laguiadepamplona.com\/actualidad\/manana-se-inaugura-el-congreso-internacional-sobre-violencias-sexistas-con-una-veintena-de-ponentes-y-un-aforo-completo-de-300-participantes\/#respond"]}]},{"@type":"WebPage","@id":"https:\/\/www.laguiadepamplona.com\/actualidad\/manana-se-inaugura-el-congreso-internacional-sobre-violencias-sexistas-con-una-veintena-de-ponentes-y-un-aforo-completo-de-300-participantes\/","url":"https:\/\/www.laguiadepamplona.com\/actualidad\/manana-se-inaugura-el-congreso-internacional-sobre-violencias-sexistas-con-una-veintena-de-ponentes-y-un-aforo-completo-de-300-participantes\/","name":"Ma\u00f1ana se inaugura el Congreso Internacional sobre Violencias Sexistas, con una veintena de ponentes y un aforo completo de 300 participantes","isPartOf":{"@id":"https:\/\/www.laguiadepamplona.com\/actualidad\/#website"},"primaryImageOfPage":{"@id":"https:\/\/www.laguiadepamplona.com\/actualidad\/manana-se-inaugura-el-congreso-internacional-sobre-violencias-sexistas-con-una-veintena-de-ponentes-y-un-aforo-completo-de-300-participantes\/#primaryimage"},"image":{"@id":"https:\/\/www.laguiadepamplona.com\/actualidad\/manana-se-inaugura-el-congreso-internacional-sobre-violencias-sexistas-con-una-veintena-de-ponentes-y-un-aforo-completo-de-300-participantes\/#primaryimage"},"thumbnailUrl":"https:\/\/www.laguiadepamplona.com\/actualidad\/wp-content\/uploads\/2018\/05\/ayto-pamplona-3.jpg","datePublished":"2018-10-17T13:49:18+00:00","breadcrumb":{"@id":"https:\/\/www.laguiadepamplona.com\/actualidad\/manana-se-inaugura-el-congreso-internacional-sobre-violencias-sexistas-con-una-veintena-de-ponentes-y-un-aforo-completo-de-300-participantes\/#breadcrumb"},"inLanguage":"es","potentialAction":[{"@type":"ReadAction","target":["https:\/\/www.laguiadepamplona.com\/actualidad\/manana-se-inaugura-el-congreso-internacional-sobre-violencias-sexistas-con-una-veintena-de-ponentes-y-un-aforo-completo-de-300-participantes\/"]}]},{"@type":"ImageObject","inLanguage":"es","@id":"https:\/\/www.laguiadepamplona.com\/actualidad\/manana-se-inaugura-el-congreso-internacional-sobre-violencias-sexistas-con-una-veintena-de-ponentes-y-un-aforo-completo-de-300-participantes\/#primaryimage","url":"https:\/\/www.laguiadepamplona.com\/actualidad\/wp-content\/uploads\/2018\/05\/ayto-pamplona-3.jpg","contentUrl":"https:\/\/www.laguiadepamplona.com\/actualidad\/wp-content\/uploads\/2018\/05\/ayto-pamplona-3.jpg","width":1000,"height":555},{"@type":"BreadcrumbList","@id":"https:\/\/www.laguiadepamplona.com\/actualidad\/manana-se-inaugura-el-congreso-internacional-sobre-violencias-sexistas-con-una-veintena-de-ponentes-y-un-aforo-completo-de-300-participantes\/#breadcrumb","itemListElement":[{"@type":"ListItem","position":1,"name":"Portada","item":"https:\/\/www.laguiadepamplona.com\/actualidad\/"},{"@type":"ListItem","position":2,"name":"Ma\u00f1ana se inaugura el Congreso Internacional sobre Violencias Sexistas, con una veintena de ponentes y un aforo completo de 300 participantes"}]},{"@type":"WebSite","@id":"https:\/\/www.laguiadepamplona.com\/actualidad\/#website","url":"https:\/\/www.laguiadepamplona.com\/actualidad\/","name":"La gu\u00eda de Pamplona","description":"Noticias de Pamplona","publisher":{"@id":"https:\/\/www.laguiadepamplona.com\/actualidad\/#organization"},"potentialAction":[{"@type":"SearchAction","target":{"@type":"EntryPoint","urlTemplate":"https:\/\/www.laguiadepamplona.com\/actualidad\/?s={search_term_string}"},"query-input":{"@type":"PropertyValueSpecification","valueRequired":true,"valueName":"search_term_string"}}],"inLanguage":"es"},{"@type":"Organization","@id":"https:\/\/www.laguiadepamplona.com\/actualidad\/#organization","name":"La Gu\u00eda de Pamplona \/ Noticias","url":"https:\/\/www.laguiadepamplona.com\/actualidad\/","logo":{"@type":"ImageObject","inLanguage":"es","@id":"https:\/\/www.laguiadepamplona.com\/actualidad\/#\/schema\/logo\/image\/","url":"https:\/\/www.laguiadepamplona.com\/actualidad\/wp-content\/uploads\/2018\/11\/logo-laguiadepamplona18-web1.png","contentUrl":"https:\/\/www.laguiadepamplona.com\/actualidad\/wp-content\/uploads\/2018\/11\/logo-laguiadepamplona18-web1.png","width":600,"height":196,"caption":"La Gu\u00eda de Pamplona \/ Noticias"},"image":{"@id":"https:\/\/www.laguiadepamplona.com\/actualidad\/#\/schema\/logo\/image\/"},"sameAs":["https:\/\/www.facebook.com\/laguiadepamplonacom-133175176762273\/?ref=hl","https:\/\/x.com\/LaGuiadPamplona","https:\/\/www.instagram.com\/la_guia_de_pamplona\/","https:\/\/www.youtube.com\/user\/laguiadepamplona"]},{"@type":"Person","@id":"https:\/\/www.laguiadepamplona.com\/actualidad\/#\/schema\/person\/efe887376f0213d4657c93adc50b1fdb","name":"La Gu\u00eda de Pamplona","image":{"@type":"ImageObject","inLanguage":"es","@id":"https:\/\/secure.gravatar.com\/avatar\/b6992f131dc8d30ab0dff15446e9d346d9dbd95992de0fef795073f5ea83a81c?s=96&d=mm&r=g","url":"https:\/\/secure.gravatar.com\/avatar\/b6992f131dc8d30ab0dff15446e9d346d9dbd95992de0fef795073f5ea83a81c?s=96&d=mm&r=g","contentUrl":"https:\/\/secure.gravatar.com\/avatar\/b6992f131dc8d30ab0dff15446e9d346d9dbd95992de0fef795073f5ea83a81c?s=96&d=mm&r=g","caption":"La Gu\u00eda de Pamplona"}}]}},"post_mailing_queue_ids":[],"_links":{"self":[{"href":"https:\/\/www.laguiadepamplona.com\/actualidad\/wp-json\/wp\/v2\/posts\/19052","targetHints":{"allow":["GET"]}}],"collection":[{"href":"https:\/\/www.laguiadepamplona.com\/actualidad\/wp-json\/wp\/v2\/posts"}],"about":[{"href":"https:\/\/www.laguiadepamplona.com\/actualidad\/wp-json\/wp\/v2\/types\/post"}],"author":[{"embeddable":true,"href":"https:\/\/www.laguiadepamplona.com\/actualidad\/wp-json\/wp\/v2\/users\/1"}],"replies":[{"embeddable":true,"href":"https:\/\/www.laguiadepamplona.com\/actualidad\/wp-json\/wp\/v2\/comments?post=19052"}],"version-history":[{"count":0,"href":"https:\/\/www.laguiadepamplona.com\/actualidad\/wp-json\/wp\/v2\/posts\/19052\/revisions"}],"wp:featuredmedia":[{"embeddable":true,"href":"https:\/\/www.laguiadepamplona.com\/actualidad\/wp-json\/wp\/v2\/media\/17600"}],"wp:attachment":[{"href":"https:\/\/www.laguiadepamplona.com\/actualidad\/wp-json\/wp\/v2\/media?parent=19052"}],"wp:term":[{"taxonomy":"category","embeddable":true,"href":"https:\/\/www.laguiadepamplona.com\/actualidad\/wp-json\/wp\/v2\/categories?post=19052"},{"taxonomy":"post_tag","embeddable":true,"href":"https:\/\/www.laguiadepamplona.com\/actualidad\/wp-json\/wp\/v2\/tags?post=19052"}],"curies":[{"name":"wp","href":"https:\/\/api.w.org\/{rel}","templated":true}]}}