{"id":19038,"date":"2018-10-17T10:53:32","date_gmt":"2018-10-17T08:53:32","guid":{"rendered":"https:\/\/www.laguiadepamplona.es\/actualidad\/?p=19038"},"modified":"2018-10-17T10:53:32","modified_gmt":"2018-10-17T08:53:32","slug":"las-obras-del-corredor-sostenible-de-pio-xii-cumplen-los-plazos-previstos-y-en-noviembre-comenzara-la-ultima-fase-desde-la-vuelta-del-castillo-a-navas-de-tolosa","status":"publish","type":"post","link":"https:\/\/www.laguiadepamplona.com\/actualidad\/las-obras-del-corredor-sostenible-de-pio-xii-cumplen-los-plazos-previstos-y-en-noviembre-comenzara-la-ultima-fase-desde-la-vuelta-del-castillo-a-navas-de-tolosa\/","title":{"rendered":"Las obras del corredor sostenible de P\u00edo XII cumplen los plazos previstos y en noviembre comenzar\u00e1 la \u00faltima fase desde la Vuelta del Castillo a Navas de Tolosa"},"content":{"rendered":"<h3>La Comisi\u00f3n de Urbanismo visita unas obras en las que se invertir\u00e1n 1,6 millones de euros y que esta previsto que finalicen a finales de a\u00f1o<\/h3>\n<p><!--more--><\/p>\n<p><a href=\"https:\/\/www.laguiadepamplona.es\/actualidad\/wp-content\/uploads\/2018\/10\/18.10.17_Plano-ejecuci\u00f3n-obras-P\u00edo-XII.jpg\"><img loading=\"lazy\" decoding=\"async\" class=\"alignleft size-medium wp-image-19039\" src=\"https:\/\/www.laguiadepamplona.es\/actualidad\/wp-content\/uploads\/2018\/10\/18.10.17_Plano-ejecuci\u00f3n-obras-P\u00edo-XII-300x69.jpg\" alt=\"\" width=\"300\" height=\"69\" srcset=\"https:\/\/www.laguiadepamplona.com\/actualidad\/wp-content\/uploads\/2018\/10\/18.10.17_Plano-ejecuci\u00f3n-obras-P\u00edo-XII-300x69.jpg 300w, https:\/\/www.laguiadepamplona.com\/actualidad\/wp-content\/uploads\/2018\/10\/18.10.17_Plano-ejecuci\u00f3n-obras-P\u00edo-XII-768x177.jpg 768w, https:\/\/www.laguiadepamplona.com\/actualidad\/wp-content\/uploads\/2018\/10\/18.10.17_Plano-ejecuci\u00f3n-obras-P\u00edo-XII-640x148.jpg 640w, https:\/\/www.laguiadepamplona.com\/actualidad\/wp-content\/uploads\/2018\/10\/18.10.17_Plano-ejecuci\u00f3n-obras-P\u00edo-XII.jpg 1000w\" sizes=\"auto, (max-width: 300px) 100vw, 300px\" \/><\/a>Dos meses y medio, es lo que queda para que est\u00e9 completado el corredor sostenible de P\u00edo XII, una intervenci\u00f3n que comenz\u00f3 el pasado mes de julio a la altura de la zona de Hospitales y que, actualmente, ha completado cuatro de sus siete fases (numeradas de 0 a 6) cumpliendo los plazos previstos en el cronograma inicial.<\/p>\n<p>Las obras se est\u00e1n realizando sin cortar en tr\u00e1fico salvo en asfaltados puntuales, sin modificar los recorridos ni las paradas de las villavesas y garantizando el acceso a garajes e inmuebles. Lo previsto es acaben en el mes de diciembre en la zona de Bosquecillo, lo que completar\u00e1 la conexi\u00f3n desde la calle Irunlarrea (Mendebaldea) hasta el arranque del Casco Antiguo. El Ayuntamiento invertir\u00e1 en estas obras un total de 1.595.073 euros.<\/p>\n<p>Esta ma\u00f1ana los miembros de la comisi\u00f3n y la Gerencia de Urbanismo, encabezados por el alcalde de Pamplona, Joseba Asiron, han visitado la gran avenida en la que en estos momentos se ejecuta la fase de obras n\u00famero 4 (desde cruce con Iturrama hasta el cruce con la Vuelta del Castillo), la prevista para este mes de octubre. Tambi\u00e9n han conocido el funcionamiento de la oficina a pie de obras que se est\u00e1 manteniendo abierta durante toda la intervenci\u00f3n para atender las dudas concretas de vecinos, trabajadores y empresarios de cada tramo. Adem\u00e1s, los informadores realizan funciones proactivas al inicio de cada nueva fase de obras. Seg\u00fan la estad\u00edstica que manejan, tras los primeros quince d\u00edas de obras las consultas han ido descendiendo de forma paulatina, pasando de unas 10 diarias (v\u00eda tel\u00e9fono y presenciales) a dos por d\u00eda.<\/p>\n<p><strong>Se aprecian ya 2\/3 del futuro corredor sostenible<\/strong><\/p>\n<p>En l\u00edneas generales la intervenci\u00f3n ha superado hasta el momento cerca de dos tercios del total del corredor sostenible planificado. A falta, en algunos casos, de remates de jardiner\u00eda y pavimentaci\u00f3n, se han completado ya los cruces de P\u00edo XII con tres grandes arterias: la avenida de Navarra, la calle Iturrama y el cruce de P\u00edo XII con Sancho el Fuerte. El tramo que media entre la avenida de Navarra y el acceso a las calles Sancho Ram\u00edrez-Pedro I est\u00e1 totalmente ejecutado, aunque en este espacio falta recolocar la parada del transporte p\u00fablico y acabar la se\u00f1alizaci\u00f3n horizontal.<\/p>\n<p>En estos momentos, como han podido ver los visitantes, est\u00e1n en ejecuci\u00f3n los trabajos iniciados en el espacio que media entre la avenida de La Rioja y Sancho el Fuerte y, desde esta \u00faltima intersecci\u00f3n, hasta el cruce de la avenida con la calle de Monasterio de Urdax, frente a Iturrama nuevo. Tambi\u00e9n este mes la intervenci\u00f3n llegar\u00e1 desde ese cruce hasta la Vuelta del Castillo.<\/p>\n<p>El siguiente paso en el cronograma previsto ser\u00e1 la ejecuci\u00f3n en la propia Vuelta del Castillo (tramo 10) para encarar, ya en noviembre, los tres \u00faltimos tramos proyectados del corredor sostenible que desembocan en el mismo centro de la ciudad. Partiendo desde la Vuelta del Castillo la reordenaci\u00f3n superar\u00e1 la \u00faltima intersecci\u00f3n de P\u00edo XII (su cruce con la avenida del ej\u00e9rcito) para desembocar finalmente en la calle Navas de Tolosa, ya en el mismo acceso al Casco Antiguo.<\/p>\n<p>Los trabajos definitivos del tramo 1, que el proyecto contemplaba de manera provisional, est\u00e1n siendo ultimados ya que la configuraci\u00f3n definitiva estaba pendiente, entre otros aspectos, de un convenio con propietarios privados de la zona.<\/p>\n<p><strong>Cuatro meses de atenci\u00f3n a pie de obra<\/strong><\/p>\n<p>Dentro del contrato adjudicado a la empresa Obenasa se preve\u00eda un sistema de informaci\u00f3n a la ciudadan\u00eda, tanto presencial a pie de obra, como a distancia, mediante consulta telef\u00f3nica. Seg\u00fan la estad\u00edstica presentada por el personal atenci\u00f3n e informaci\u00f3n (PAI) la evoluci\u00f3n de las consultas ha sido decreciente a lo largo de los cuatro meses, con repuntes concretos en el inicio de cada tramo de obras, especialmente en lo relativo a los cruces. Tambi\u00e9n se ha ido modificando el contenido de las preguntas y la v\u00eda por la que se plantean, ya que en estos momentos la presencia del PAI se muestra como reconocible por los vecinos y, sobre todo, por los comerciantes. Adem\u00e1s Obenasa ofrece una presencia proactiva, ya que antes de comenzar las labores de cada uno de los tramos previstos los informadores visitan los establecimientos para informarles y resolver sus dudas.<\/p>\n<p>As\u00ed, seg\u00fan la estad\u00edstica que manejan, en los primeros quince d\u00edas los informadores recib\u00edan de 5 a 6 llamadas telef\u00f3nicas diarias y de 3 a 4 consultas presenciales, la mayor\u00eda de car\u00e1cter generalista: sobre la fecha de inicio de las obras, los plazos previstos por tramos, etc. A partir de ese momento, las consultas van descendiendo salvo en los momentos iniciales de intervenci\u00f3n en cruces (cambios de sentido, giros anulados&#8230;), hasta llegar a la situaci\u00f3n actual en la que desde hace d\u00edas no se reciben llamadas telef\u00f3nicas y \u00fanicamente se recogen de 1 a 2 consultas en obra.<\/p>\n<p>Respecto del contenido de las consultas el vecindario pregunta sobre todo acerca de c\u00f3mo van a quedar los servicios (ubicaci\u00f3n de contenedores, de paradas de bus, aparcamientos..) o el sentido del tr\u00e1fico en los cruces, los comercios se interesan fundamentalmente por las zonas de carga y descarga. Tambi\u00e9n se han recibido preguntas sobre los elementos ornamentales o de jardines (si iba a desaparecer la estatua de Miguel Indur\u00e1in, la presencia de relojes-term\u00f3metro o \u00e1rboles, etc.).<\/p>\n<p><strong>13 tramos de actuaci\u00f3n en el corredor sostenible de P\u00edo XII<\/strong><\/p>\n<ul>\n<li>Tramo 1. Irunlarrea hasta avenida de Navarra: julio y agosto<\/li>\n<li>Tramo 2. Cruce con avenida de Navarra: agosto y septiembre<\/li>\n<li>Tramo 3. De avenida de Navarra a cruce con avenida de La Rioja: septiembre y octubre<\/li>\n<li>Tramo 4. Cruce avenida de La Rioja y calle Iturrama: julio y agosto<\/li>\n<li>Tramo 5: De avenida de La Rioja hasta cruce con Sancho el Fuerte: septiembre y octubre<\/li>\n<li>Tramo 6. Cruce Sancho el Fuerte: agosto y septiembre<\/li>\n<li>Tramo 7. De Sancho el Fuerte a cruce Monasterio de Urdax: octubre y noviembre<\/li>\n<li>Tramo 8. Cruce Monasterio de Urdax: septiembre y octubre<\/li>\n<li>Tramo 9. De Monasterio de Urdax a cruce con Vuelta del Castillo: octubre y noviembre<\/li>\n<li>Tramo 10. Vuelta del Castillo: octubre y noviembre<\/li>\n<li>Tramo 11. De Vuelta del Castillo a avenida del Ej\u00e9rcito: noviembre y diciembre<\/li>\n<li>Tramo 12. Cruce con avenida del Ej\u00e9rcito: noviembre y diciembre<\/li>\n<li>Tramo 13. De cruce con avenida del Ej\u00e9rcito a Navas de Tolosa: noviembre y diciembre<\/li>\n<\/ul>\n<p>6 fases de actuaci\u00f3n en las obras del corredor sostenible de P\u00edo XII<\/p>\n<ul>\n<li>Fase 0. Junio y primera semana de julio. Trabajos previos<\/li>\n<li>Fase 1. Julio. Se act\u00faa en tramos 1 y 4<\/li>\n<li>Fase 2. Agosto. Acaban los trabajos en tramos 1 y 4 y empiezan en tramos 2 y 6<\/li>\n<li>Fase 3. Septiembre. Trabajos concluidos en tramos 1 y 4. Acaban tramos 2 y 6. Empiezan tramos 3, 5 y 8<\/li>\n<li>Fase 4. Octubre. Trabajos concluidos en tramos 1, 2 4 y 6. Acaban tramos 3, 5 y 8. Empiezan tramos 7, 9 y 10<\/li>\n<li>Fase 5: Noviembre. Trabajos concluidos en tramos 1, 2, 3, 4, 5, 6 y 8. Acaban tramos 7, 9 y 10. Empiezan tramos 11, 12 y 13<\/li>\n<li>Fase 6. Diciembre. Trabajos concluidos en tramos 1, 2, 3, 4, 5, 6, 7, 8, 9 y 10. Terminan tramos 11, 12 y 13<\/li>\n<\/ul>\n","protected":false},"excerpt":{"rendered":"<p>La Comisi\u00f3n de Urbanismo visita unas obras en las que se invertir\u00e1n 1,6 millones de euros y que esta previsto que finalicen a finales de a\u00f1o<\/p>\n","protected":false},"author":1,"featured_media":19040,"comment_status":"open","ping_status":"closed","sticky":false,"template":"","format":"standard","meta":{"footnotes":""},"categories":[2],"tags":[],"class_list":["post-19038","post","type-post","status-publish","format-standard","has-post-thumbnail","hentry","category-ayuntamiento-pamplona"],"yoast_head":"<!-- This site is optimized with the Yoast SEO plugin v27.9 - https:\/\/yoast.com\/product\/yoast-seo-wordpress\/ -->\n<title>Las obras del corredor sostenible de P\u00edo XII cumplen los plazos previstos y en noviembre comenzar\u00e1 la \u00faltima fase desde la Vuelta del Castillo a Navas de Tolosa<\/title>\n<meta name=\"robots\" content=\"index, follow, max-snippet:-1, max-image-preview:large, max-video-preview:-1\" \/>\n<link rel=\"canonical\" href=\"https:\/\/www.laguiadepamplona.com\/actualidad\/las-obras-del-corredor-sostenible-de-pio-xii-cumplen-los-plazos-previstos-y-en-noviembre-comenzara-la-ultima-fase-desde-la-vuelta-del-castillo-a-navas-de-tolosa\/\" \/>\n<meta property=\"og:locale\" content=\"es_ES\" \/>\n<meta property=\"og:type\" content=\"article\" \/>\n<meta property=\"og:title\" content=\"Las obras del corredor sostenible de P\u00edo XII cumplen los plazos previstos y en noviembre comenzar\u00e1 la \u00faltima fase desde la Vuelta del Castillo a Navas de Tolosa\" \/>\n<meta property=\"og:description\" content=\"La Comisi\u00f3n de Urbanismo visita unas obras en las que se invertir\u00e1n 1,6 millones de euros y que esta previsto que finalicen a finales de a\u00f1o\" \/>\n<meta property=\"og:url\" content=\"https:\/\/www.laguiadepamplona.com\/actualidad\/las-obras-del-corredor-sostenible-de-pio-xii-cumplen-los-plazos-previstos-y-en-noviembre-comenzara-la-ultima-fase-desde-la-vuelta-del-castillo-a-navas-de-tolosa\/\" \/>\n<meta property=\"og:site_name\" content=\"La Gu\u00eda de Pamplona Noticias y actualidad\" \/>\n<meta property=\"article:publisher\" content=\"https:\/\/www.facebook.com\/laguiadepamplonacom-133175176762273\/?ref=hl\" \/>\n<meta property=\"article:published_time\" content=\"2018-10-17T08:53:32+00:00\" \/>\n<meta property=\"og:image\" content=\"https:\/\/www.laguiadepamplona.com\/actualidad\/wp-content\/uploads\/2018\/10\/18.10.17_visita-obras-P\u00edo-XII_1.jpg\" \/>\n\t<meta property=\"og:image:width\" content=\"1000\" \/>\n\t<meta property=\"og:image:height\" content=\"667\" \/>\n\t<meta property=\"og:image:type\" content=\"image\/jpeg\" \/>\n<meta name=\"author\" content=\"La Gu\u00eda de Pamplona\" \/>\n<meta name=\"twitter:card\" content=\"summary_large_image\" \/>\n<meta name=\"twitter:creator\" content=\"@LaGuiadPamplona\" \/>\n<meta name=\"twitter:site\" content=\"@LaGuiadPamplona\" \/>\n<meta name=\"twitter:label1\" content=\"Escrito por\" \/>\n\t<meta name=\"twitter:data1\" content=\"La Gu\u00eda de Pamplona\" \/>\n\t<meta name=\"twitter:label2\" content=\"Tiempo de lectura\" \/>\n\t<meta name=\"twitter:data2\" content=\"6 minutos\" \/>\n<script type=\"application\/ld+json\" class=\"yoast-schema-graph\">{\"@context\":\"https:\\\/\\\/schema.org\",\"@graph\":[{\"@type\":\"Article\",\"@id\":\"https:\\\/\\\/www.laguiadepamplona.com\\\/actualidad\\\/las-obras-del-corredor-sostenible-de-pio-xii-cumplen-los-plazos-previstos-y-en-noviembre-comenzara-la-ultima-fase-desde-la-vuelta-del-castillo-a-navas-de-tolosa\\\/#article\",\"isPartOf\":{\"@id\":\"https:\\\/\\\/www.laguiadepamplona.com\\\/actualidad\\\/las-obras-del-corredor-sostenible-de-pio-xii-cumplen-los-plazos-previstos-y-en-noviembre-comenzara-la-ultima-fase-desde-la-vuelta-del-castillo-a-navas-de-tolosa\\\/\"},\"author\":{\"name\":\"La Gu\u00eda de Pamplona\",\"@id\":\"https:\\\/\\\/www.laguiadepamplona.com\\\/actualidad\\\/#\\\/schema\\\/person\\\/efe887376f0213d4657c93adc50b1fdb\"},\"headline\":\"Las obras del corredor sostenible de P\u00edo XII cumplen los plazos previstos y en noviembre comenzar\u00e1 la \u00faltima fase desde la Vuelta del Castillo a Navas de Tolosa\",\"datePublished\":\"2018-10-17T08:53:32+00:00\",\"mainEntityOfPage\":{\"@id\":\"https:\\\/\\\/www.laguiadepamplona.com\\\/actualidad\\\/las-obras-del-corredor-sostenible-de-pio-xii-cumplen-los-plazos-previstos-y-en-noviembre-comenzara-la-ultima-fase-desde-la-vuelta-del-castillo-a-navas-de-tolosa\\\/\"},\"wordCount\":1245,\"commentCount\":0,\"publisher\":{\"@id\":\"https:\\\/\\\/www.laguiadepamplona.com\\\/actualidad\\\/#organization\"},\"image\":{\"@id\":\"https:\\\/\\\/www.laguiadepamplona.com\\\/actualidad\\\/las-obras-del-corredor-sostenible-de-pio-xii-cumplen-los-plazos-previstos-y-en-noviembre-comenzara-la-ultima-fase-desde-la-vuelta-del-castillo-a-navas-de-tolosa\\\/#primaryimage\"},\"thumbnailUrl\":\"https:\\\/\\\/www.laguiadepamplona.com\\\/actualidad\\\/wp-content\\\/uploads\\\/2018\\\/10\\\/18.10.17_visita-obras-P\u00edo-XII_1.jpg\",\"articleSection\":[\"Ayto Pamplona\"],\"inLanguage\":\"es\",\"potentialAction\":[{\"@type\":\"CommentAction\",\"name\":\"Comment\",\"target\":[\"https:\\\/\\\/www.laguiadepamplona.com\\\/actualidad\\\/las-obras-del-corredor-sostenible-de-pio-xii-cumplen-los-plazos-previstos-y-en-noviembre-comenzara-la-ultima-fase-desde-la-vuelta-del-castillo-a-navas-de-tolosa\\\/#respond\"]}]},{\"@type\":\"WebPage\",\"@id\":\"https:\\\/\\\/www.laguiadepamplona.com\\\/actualidad\\\/las-obras-del-corredor-sostenible-de-pio-xii-cumplen-los-plazos-previstos-y-en-noviembre-comenzara-la-ultima-fase-desde-la-vuelta-del-castillo-a-navas-de-tolosa\\\/\",\"url\":\"https:\\\/\\\/www.laguiadepamplona.com\\\/actualidad\\\/las-obras-del-corredor-sostenible-de-pio-xii-cumplen-los-plazos-previstos-y-en-noviembre-comenzara-la-ultima-fase-desde-la-vuelta-del-castillo-a-navas-de-tolosa\\\/\",\"name\":\"Las obras del corredor sostenible de P\u00edo XII cumplen los plazos previstos y en noviembre comenzar\u00e1 la \u00faltima fase desde la Vuelta del Castillo a Navas de Tolosa\",\"isPartOf\":{\"@id\":\"https:\\\/\\\/www.laguiadepamplona.com\\\/actualidad\\\/#website\"},\"primaryImageOfPage\":{\"@id\":\"https:\\\/\\\/www.laguiadepamplona.com\\\/actualidad\\\/las-obras-del-corredor-sostenible-de-pio-xii-cumplen-los-plazos-previstos-y-en-noviembre-comenzara-la-ultima-fase-desde-la-vuelta-del-castillo-a-navas-de-tolosa\\\/#primaryimage\"},\"image\":{\"@id\":\"https:\\\/\\\/www.laguiadepamplona.com\\\/actualidad\\\/las-obras-del-corredor-sostenible-de-pio-xii-cumplen-los-plazos-previstos-y-en-noviembre-comenzara-la-ultima-fase-desde-la-vuelta-del-castillo-a-navas-de-tolosa\\\/#primaryimage\"},\"thumbnailUrl\":\"https:\\\/\\\/www.laguiadepamplona.com\\\/actualidad\\\/wp-content\\\/uploads\\\/2018\\\/10\\\/18.10.17_visita-obras-P\u00edo-XII_1.jpg\",\"datePublished\":\"2018-10-17T08:53:32+00:00\",\"breadcrumb\":{\"@id\":\"https:\\\/\\\/www.laguiadepamplona.com\\\/actualidad\\\/las-obras-del-corredor-sostenible-de-pio-xii-cumplen-los-plazos-previstos-y-en-noviembre-comenzara-la-ultima-fase-desde-la-vuelta-del-castillo-a-navas-de-tolosa\\\/#breadcrumb\"},\"inLanguage\":\"es\",\"potentialAction\":[{\"@type\":\"ReadAction\",\"target\":[\"https:\\\/\\\/www.laguiadepamplona.com\\\/actualidad\\\/las-obras-del-corredor-sostenible-de-pio-xii-cumplen-los-plazos-previstos-y-en-noviembre-comenzara-la-ultima-fase-desde-la-vuelta-del-castillo-a-navas-de-tolosa\\\/\"]}]},{\"@type\":\"ImageObject\",\"inLanguage\":\"es\",\"@id\":\"https:\\\/\\\/www.laguiadepamplona.com\\\/actualidad\\\/las-obras-del-corredor-sostenible-de-pio-xii-cumplen-los-plazos-previstos-y-en-noviembre-comenzara-la-ultima-fase-desde-la-vuelta-del-castillo-a-navas-de-tolosa\\\/#primaryimage\",\"url\":\"https:\\\/\\\/www.laguiadepamplona.com\\\/actualidad\\\/wp-content\\\/uploads\\\/2018\\\/10\\\/18.10.17_visita-obras-P\u00edo-XII_1.jpg\",\"contentUrl\":\"https:\\\/\\\/www.laguiadepamplona.com\\\/actualidad\\\/wp-content\\\/uploads\\\/2018\\\/10\\\/18.10.17_visita-obras-P\u00edo-XII_1.jpg\",\"width\":1000,\"height\":667},{\"@type\":\"BreadcrumbList\",\"@id\":\"https:\\\/\\\/www.laguiadepamplona.com\\\/actualidad\\\/las-obras-del-corredor-sostenible-de-pio-xii-cumplen-los-plazos-previstos-y-en-noviembre-comenzara-la-ultima-fase-desde-la-vuelta-del-castillo-a-navas-de-tolosa\\\/#breadcrumb\",\"itemListElement\":[{\"@type\":\"ListItem\",\"position\":1,\"name\":\"Portada\",\"item\":\"https:\\\/\\\/www.laguiadepamplona.com\\\/actualidad\\\/\"},{\"@type\":\"ListItem\",\"position\":2,\"name\":\"Las obras del corredor sostenible de P\u00edo XII cumplen los plazos previstos y en noviembre comenzar\u00e1 la \u00faltima fase desde la Vuelta del Castillo a Navas de Tolosa\"}]},{\"@type\":\"WebSite\",\"@id\":\"https:\\\/\\\/www.laguiadepamplona.com\\\/actualidad\\\/#website\",\"url\":\"https:\\\/\\\/www.laguiadepamplona.com\\\/actualidad\\\/\",\"name\":\"La gu\u00eda de Pamplona\",\"description\":\"Noticias de Pamplona\",\"publisher\":{\"@id\":\"https:\\\/\\\/www.laguiadepamplona.com\\\/actualidad\\\/#organization\"},\"potentialAction\":[{\"@type\":\"SearchAction\",\"target\":{\"@type\":\"EntryPoint\",\"urlTemplate\":\"https:\\\/\\\/www.laguiadepamplona.com\\\/actualidad\\\/?s={search_term_string}\"},\"query-input\":{\"@type\":\"PropertyValueSpecification\",\"valueRequired\":true,\"valueName\":\"search_term_string\"}}],\"inLanguage\":\"es\"},{\"@type\":\"Organization\",\"@id\":\"https:\\\/\\\/www.laguiadepamplona.com\\\/actualidad\\\/#organization\",\"name\":\"La Gu\u00eda de Pamplona \\\/ Noticias\",\"url\":\"https:\\\/\\\/www.laguiadepamplona.com\\\/actualidad\\\/\",\"logo\":{\"@type\":\"ImageObject\",\"inLanguage\":\"es\",\"@id\":\"https:\\\/\\\/www.laguiadepamplona.com\\\/actualidad\\\/#\\\/schema\\\/logo\\\/image\\\/\",\"url\":\"https:\\\/\\\/www.laguiadepamplona.com\\\/actualidad\\\/wp-content\\\/uploads\\\/2018\\\/11\\\/logo-laguiadepamplona18-web1.png\",\"contentUrl\":\"https:\\\/\\\/www.laguiadepamplona.com\\\/actualidad\\\/wp-content\\\/uploads\\\/2018\\\/11\\\/logo-laguiadepamplona18-web1.png\",\"width\":600,\"height\":196,\"caption\":\"La Gu\u00eda de Pamplona \\\/ Noticias\"},\"image\":{\"@id\":\"https:\\\/\\\/www.laguiadepamplona.com\\\/actualidad\\\/#\\\/schema\\\/logo\\\/image\\\/\"},\"sameAs\":[\"https:\\\/\\\/www.facebook.com\\\/laguiadepamplonacom-133175176762273\\\/?ref=hl\",\"https:\\\/\\\/x.com\\\/LaGuiadPamplona\",\"https:\\\/\\\/www.instagram.com\\\/la_guia_de_pamplona\\\/\",\"https:\\\/\\\/www.youtube.com\\\/user\\\/laguiadepamplona\"]},{\"@type\":\"Person\",\"@id\":\"https:\\\/\\\/www.laguiadepamplona.com\\\/actualidad\\\/#\\\/schema\\\/person\\\/efe887376f0213d4657c93adc50b1fdb\",\"name\":\"La Gu\u00eda de Pamplona\",\"image\":{\"@type\":\"ImageObject\",\"inLanguage\":\"es\",\"@id\":\"https:\\\/\\\/secure.gravatar.com\\\/avatar\\\/b6992f131dc8d30ab0dff15446e9d346d9dbd95992de0fef795073f5ea83a81c?s=96&d=mm&r=g\",\"url\":\"https:\\\/\\\/secure.gravatar.com\\\/avatar\\\/b6992f131dc8d30ab0dff15446e9d346d9dbd95992de0fef795073f5ea83a81c?s=96&d=mm&r=g\",\"contentUrl\":\"https:\\\/\\\/secure.gravatar.com\\\/avatar\\\/b6992f131dc8d30ab0dff15446e9d346d9dbd95992de0fef795073f5ea83a81c?s=96&d=mm&r=g\",\"caption\":\"La Gu\u00eda de Pamplona\"}}]}<\/script>\n<!-- \/ Yoast SEO plugin. -->","yoast_head_json":{"title":"Las obras del corredor sostenible de P\u00edo XII cumplen los plazos previstos y en noviembre comenzar\u00e1 la \u00faltima fase desde la Vuelta del Castillo a Navas de Tolosa","robots":{"index":"index","follow":"follow","max-snippet":"max-snippet:-1","max-image-preview":"max-image-preview:large","max-video-preview":"max-video-preview:-1"},"canonical":"https:\/\/www.laguiadepamplona.com\/actualidad\/las-obras-del-corredor-sostenible-de-pio-xii-cumplen-los-plazos-previstos-y-en-noviembre-comenzara-la-ultima-fase-desde-la-vuelta-del-castillo-a-navas-de-tolosa\/","og_locale":"es_ES","og_type":"article","og_title":"Las obras del corredor sostenible de P\u00edo XII cumplen los plazos previstos y en noviembre comenzar\u00e1 la \u00faltima fase desde la Vuelta del Castillo a Navas de Tolosa","og_description":"La Comisi\u00f3n de Urbanismo visita unas obras en las que se invertir\u00e1n 1,6 millones de euros y que esta previsto que finalicen a finales de a\u00f1o","og_url":"https:\/\/www.laguiadepamplona.com\/actualidad\/las-obras-del-corredor-sostenible-de-pio-xii-cumplen-los-plazos-previstos-y-en-noviembre-comenzara-la-ultima-fase-desde-la-vuelta-del-castillo-a-navas-de-tolosa\/","og_site_name":"La Gu\u00eda de Pamplona Noticias y actualidad","article_publisher":"https:\/\/www.facebook.com\/laguiadepamplonacom-133175176762273\/?ref=hl","article_published_time":"2018-10-17T08:53:32+00:00","og_image":[{"width":1000,"height":667,"url":"https:\/\/www.laguiadepamplona.com\/actualidad\/wp-content\/uploads\/2018\/10\/18.10.17_visita-obras-P\u00edo-XII_1.jpg","type":"image\/jpeg"}],"author":"La Gu\u00eda de Pamplona","twitter_card":"summary_large_image","twitter_creator":"@LaGuiadPamplona","twitter_site":"@LaGuiadPamplona","twitter_misc":{"Escrito por":"La Gu\u00eda de Pamplona","Tiempo de lectura":"6 minutos"},"schema":{"@context":"https:\/\/schema.org","@graph":[{"@type":"Article","@id":"https:\/\/www.laguiadepamplona.com\/actualidad\/las-obras-del-corredor-sostenible-de-pio-xii-cumplen-los-plazos-previstos-y-en-noviembre-comenzara-la-ultima-fase-desde-la-vuelta-del-castillo-a-navas-de-tolosa\/#article","isPartOf":{"@id":"https:\/\/www.laguiadepamplona.com\/actualidad\/las-obras-del-corredor-sostenible-de-pio-xii-cumplen-los-plazos-previstos-y-en-noviembre-comenzara-la-ultima-fase-desde-la-vuelta-del-castillo-a-navas-de-tolosa\/"},"author":{"name":"La Gu\u00eda de Pamplona","@id":"https:\/\/www.laguiadepamplona.com\/actualidad\/#\/schema\/person\/efe887376f0213d4657c93adc50b1fdb"},"headline":"Las obras del corredor sostenible de P\u00edo XII cumplen los plazos previstos y en noviembre comenzar\u00e1 la \u00faltima fase desde la Vuelta del Castillo a Navas de Tolosa","datePublished":"2018-10-17T08:53:32+00:00","mainEntityOfPage":{"@id":"https:\/\/www.laguiadepamplona.com\/actualidad\/las-obras-del-corredor-sostenible-de-pio-xii-cumplen-los-plazos-previstos-y-en-noviembre-comenzara-la-ultima-fase-desde-la-vuelta-del-castillo-a-navas-de-tolosa\/"},"wordCount":1245,"commentCount":0,"publisher":{"@id":"https:\/\/www.laguiadepamplona.com\/actualidad\/#organization"},"image":{"@id":"https:\/\/www.laguiadepamplona.com\/actualidad\/las-obras-del-corredor-sostenible-de-pio-xii-cumplen-los-plazos-previstos-y-en-noviembre-comenzara-la-ultima-fase-desde-la-vuelta-del-castillo-a-navas-de-tolosa\/#primaryimage"},"thumbnailUrl":"https:\/\/www.laguiadepamplona.com\/actualidad\/wp-content\/uploads\/2018\/10\/18.10.17_visita-obras-P\u00edo-XII_1.jpg","articleSection":["Ayto Pamplona"],"inLanguage":"es","potentialAction":[{"@type":"CommentAction","name":"Comment","target":["https:\/\/www.laguiadepamplona.com\/actualidad\/las-obras-del-corredor-sostenible-de-pio-xii-cumplen-los-plazos-previstos-y-en-noviembre-comenzara-la-ultima-fase-desde-la-vuelta-del-castillo-a-navas-de-tolosa\/#respond"]}]},{"@type":"WebPage","@id":"https:\/\/www.laguiadepamplona.com\/actualidad\/las-obras-del-corredor-sostenible-de-pio-xii-cumplen-los-plazos-previstos-y-en-noviembre-comenzara-la-ultima-fase-desde-la-vuelta-del-castillo-a-navas-de-tolosa\/","url":"https:\/\/www.laguiadepamplona.com\/actualidad\/las-obras-del-corredor-sostenible-de-pio-xii-cumplen-los-plazos-previstos-y-en-noviembre-comenzara-la-ultima-fase-desde-la-vuelta-del-castillo-a-navas-de-tolosa\/","name":"Las obras del corredor sostenible de P\u00edo XII cumplen los plazos previstos y en noviembre comenzar\u00e1 la \u00faltima fase desde la Vuelta del Castillo a Navas de Tolosa","isPartOf":{"@id":"https:\/\/www.laguiadepamplona.com\/actualidad\/#website"},"primaryImageOfPage":{"@id":"https:\/\/www.laguiadepamplona.com\/actualidad\/las-obras-del-corredor-sostenible-de-pio-xii-cumplen-los-plazos-previstos-y-en-noviembre-comenzara-la-ultima-fase-desde-la-vuelta-del-castillo-a-navas-de-tolosa\/#primaryimage"},"image":{"@id":"https:\/\/www.laguiadepamplona.com\/actualidad\/las-obras-del-corredor-sostenible-de-pio-xii-cumplen-los-plazos-previstos-y-en-noviembre-comenzara-la-ultima-fase-desde-la-vuelta-del-castillo-a-navas-de-tolosa\/#primaryimage"},"thumbnailUrl":"https:\/\/www.laguiadepamplona.com\/actualidad\/wp-content\/uploads\/2018\/10\/18.10.17_visita-obras-P\u00edo-XII_1.jpg","datePublished":"2018-10-17T08:53:32+00:00","breadcrumb":{"@id":"https:\/\/www.laguiadepamplona.com\/actualidad\/las-obras-del-corredor-sostenible-de-pio-xii-cumplen-los-plazos-previstos-y-en-noviembre-comenzara-la-ultima-fase-desde-la-vuelta-del-castillo-a-navas-de-tolosa\/#breadcrumb"},"inLanguage":"es","potentialAction":[{"@type":"ReadAction","target":["https:\/\/www.laguiadepamplona.com\/actualidad\/las-obras-del-corredor-sostenible-de-pio-xii-cumplen-los-plazos-previstos-y-en-noviembre-comenzara-la-ultima-fase-desde-la-vuelta-del-castillo-a-navas-de-tolosa\/"]}]},{"@type":"ImageObject","inLanguage":"es","@id":"https:\/\/www.laguiadepamplona.com\/actualidad\/las-obras-del-corredor-sostenible-de-pio-xii-cumplen-los-plazos-previstos-y-en-noviembre-comenzara-la-ultima-fase-desde-la-vuelta-del-castillo-a-navas-de-tolosa\/#primaryimage","url":"https:\/\/www.laguiadepamplona.com\/actualidad\/wp-content\/uploads\/2018\/10\/18.10.17_visita-obras-P\u00edo-XII_1.jpg","contentUrl":"https:\/\/www.laguiadepamplona.com\/actualidad\/wp-content\/uploads\/2018\/10\/18.10.17_visita-obras-P\u00edo-XII_1.jpg","width":1000,"height":667},{"@type":"BreadcrumbList","@id":"https:\/\/www.laguiadepamplona.com\/actualidad\/las-obras-del-corredor-sostenible-de-pio-xii-cumplen-los-plazos-previstos-y-en-noviembre-comenzara-la-ultima-fase-desde-la-vuelta-del-castillo-a-navas-de-tolosa\/#breadcrumb","itemListElement":[{"@type":"ListItem","position":1,"name":"Portada","item":"https:\/\/www.laguiadepamplona.com\/actualidad\/"},{"@type":"ListItem","position":2,"name":"Las obras del corredor sostenible de P\u00edo XII cumplen los plazos previstos y en noviembre comenzar\u00e1 la \u00faltima fase desde la Vuelta del Castillo a Navas de Tolosa"}]},{"@type":"WebSite","@id":"https:\/\/www.laguiadepamplona.com\/actualidad\/#website","url":"https:\/\/www.laguiadepamplona.com\/actualidad\/","name":"La gu\u00eda de Pamplona","description":"Noticias de Pamplona","publisher":{"@id":"https:\/\/www.laguiadepamplona.com\/actualidad\/#organization"},"potentialAction":[{"@type":"SearchAction","target":{"@type":"EntryPoint","urlTemplate":"https:\/\/www.laguiadepamplona.com\/actualidad\/?s={search_term_string}"},"query-input":{"@type":"PropertyValueSpecification","valueRequired":true,"valueName":"search_term_string"}}],"inLanguage":"es"},{"@type":"Organization","@id":"https:\/\/www.laguiadepamplona.com\/actualidad\/#organization","name":"La Gu\u00eda de Pamplona \/ Noticias","url":"https:\/\/www.laguiadepamplona.com\/actualidad\/","logo":{"@type":"ImageObject","inLanguage":"es","@id":"https:\/\/www.laguiadepamplona.com\/actualidad\/#\/schema\/logo\/image\/","url":"https:\/\/www.laguiadepamplona.com\/actualidad\/wp-content\/uploads\/2018\/11\/logo-laguiadepamplona18-web1.png","contentUrl":"https:\/\/www.laguiadepamplona.com\/actualidad\/wp-content\/uploads\/2018\/11\/logo-laguiadepamplona18-web1.png","width":600,"height":196,"caption":"La Gu\u00eda de Pamplona \/ Noticias"},"image":{"@id":"https:\/\/www.laguiadepamplona.com\/actualidad\/#\/schema\/logo\/image\/"},"sameAs":["https:\/\/www.facebook.com\/laguiadepamplonacom-133175176762273\/?ref=hl","https:\/\/x.com\/LaGuiadPamplona","https:\/\/www.instagram.com\/la_guia_de_pamplona\/","https:\/\/www.youtube.com\/user\/laguiadepamplona"]},{"@type":"Person","@id":"https:\/\/www.laguiadepamplona.com\/actualidad\/#\/schema\/person\/efe887376f0213d4657c93adc50b1fdb","name":"La Gu\u00eda de Pamplona","image":{"@type":"ImageObject","inLanguage":"es","@id":"https:\/\/secure.gravatar.com\/avatar\/b6992f131dc8d30ab0dff15446e9d346d9dbd95992de0fef795073f5ea83a81c?s=96&d=mm&r=g","url":"https:\/\/secure.gravatar.com\/avatar\/b6992f131dc8d30ab0dff15446e9d346d9dbd95992de0fef795073f5ea83a81c?s=96&d=mm&r=g","contentUrl":"https:\/\/secure.gravatar.com\/avatar\/b6992f131dc8d30ab0dff15446e9d346d9dbd95992de0fef795073f5ea83a81c?s=96&d=mm&r=g","caption":"La Gu\u00eda de Pamplona"}}]}},"post_mailing_queue_ids":[],"_links":{"self":[{"href":"https:\/\/www.laguiadepamplona.com\/actualidad\/wp-json\/wp\/v2\/posts\/19038","targetHints":{"allow":["GET"]}}],"collection":[{"href":"https:\/\/www.laguiadepamplona.com\/actualidad\/wp-json\/wp\/v2\/posts"}],"about":[{"href":"https:\/\/www.laguiadepamplona.com\/actualidad\/wp-json\/wp\/v2\/types\/post"}],"author":[{"embeddable":true,"href":"https:\/\/www.laguiadepamplona.com\/actualidad\/wp-json\/wp\/v2\/users\/1"}],"replies":[{"embeddable":true,"href":"https:\/\/www.laguiadepamplona.com\/actualidad\/wp-json\/wp\/v2\/comments?post=19038"}],"version-history":[{"count":0,"href":"https:\/\/www.laguiadepamplona.com\/actualidad\/wp-json\/wp\/v2\/posts\/19038\/revisions"}],"wp:featuredmedia":[{"embeddable":true,"href":"https:\/\/www.laguiadepamplona.com\/actualidad\/wp-json\/wp\/v2\/media\/19040"}],"wp:attachment":[{"href":"https:\/\/www.laguiadepamplona.com\/actualidad\/wp-json\/wp\/v2\/media?parent=19038"}],"wp:term":[{"taxonomy":"category","embeddable":true,"href":"https:\/\/www.laguiadepamplona.com\/actualidad\/wp-json\/wp\/v2\/categories?post=19038"},{"taxonomy":"post_tag","embeddable":true,"href":"https:\/\/www.laguiadepamplona.com\/actualidad\/wp-json\/wp\/v2\/tags?post=19038"}],"curies":[{"name":"wp","href":"https:\/\/api.w.org\/{rel}","templated":true}]}}