{"id":19035,"date":"2018-10-16T12:50:15","date_gmt":"2018-10-16T10:50:15","guid":{"rendered":"https:\/\/www.laguiadepamplona.es\/actualidad\/?p=19035"},"modified":"2018-10-16T12:50:15","modified_gmt":"2018-10-16T10:50:15","slug":"la-casa-de-la-juventud-visibiliza-a-traves-de-la-exposicion-fotografica-adfectus-las-emociones-y-los-sentimientos-de-menores-y-jovenes","status":"publish","type":"post","link":"https:\/\/www.laguiadepamplona.com\/actualidad\/la-casa-de-la-juventud-visibiliza-a-traves-de-la-exposicion-fotografica-adfectus-las-emociones-y-los-sentimientos-de-menores-y-jovenes\/","title":{"rendered":"La Casa de la Juventud visibiliza a trav\u00e9s de la exposici\u00f3n fotogr\u00e1fica \u2018Adfectus\u2019 las emociones y los sentimientos de menores y j\u00f3venes"},"content":{"rendered":"<h3>La monitora y voluntaria de la Federaci\u00f3n Batean, Arabia Bachir, firma este proyecto que se podr\u00e1 visitar hasta el 31 de octubre<!--more--><\/h3>\n<p>\u2018Adfectus\u2019 es el t\u00edtulo de la exposici\u00f3n que ya se puede ver en la Casa de la Juventud. La muestra se centra en la identificaci\u00f3n y visibilizaci\u00f3n de emociones a trav\u00e9s de la fotograf\u00eda. El trabajo es obra de Arabia Bachir, monitora y voluntaria de la Federaci\u00f3n Batean, entidad que lleva a cabo un Proyecto de Prevenci\u00f3n y Promoci\u00f3n de la Infancia y Juventud a trav\u00e9s del ocio y tiempo libre en el barrio de la Rochapea. La exposici\u00f3n estar\u00e1 abierta al p\u00fablico hasta el\u00a0 31 de octubre, en horario de lunes a viernes de 18 a 20.30 horas y s\u00e1bados de 12 a 14 horas.<\/p>\n<p><a href=\"https:\/\/www.laguiadepamplona.es\/actualidad\/wp-content\/uploads\/2018\/10\/18.10.18_cartel_adfectus_expo_juventud.jpg\"><img loading=\"lazy\" decoding=\"async\" class=\"alignleft size-medium wp-image-19036\" src=\"https:\/\/www.laguiadepamplona.es\/actualidad\/wp-content\/uploads\/2018\/10\/18.10.18_cartel_adfectus_expo_juventud-206x300.jpg\" alt=\"\" width=\"206\" height=\"300\" srcset=\"https:\/\/www.laguiadepamplona.com\/actualidad\/wp-content\/uploads\/2018\/10\/18.10.18_cartel_adfectus_expo_juventud-206x300.jpg 206w, https:\/\/www.laguiadepamplona.com\/actualidad\/wp-content\/uploads\/2018\/10\/18.10.18_cartel_adfectus_expo_juventud.jpg 595w\" sizes=\"auto, (max-width: 206px) 100vw, 206px\" \/><\/a>Bachir tuvo la iniciativa de realizar esta exposici\u00f3n tras participar junto a varios de sus compa\u00f1eros en un intercambio que desde la Federaci\u00f3n Batean se realiz\u00f3 con dos asociaciones de Bulgaria y Alemania. Con esta exposici\u00f3n, Arabia Bachir pretend\u00eda facilitar a los ni\u00f1os y ni\u00f1as del barrio de la Rochapea a estar m\u00e1s c\u00f3modos a la hora de expresarse y de identificar sus propias emociones. Para poder tomar las im\u00e1genes de la muestra, la artista grab\u00f3 las reacciones y, tras revisarlas, pudo elegir el fotograma o el instante perfecto para despu\u00e9s posproducirlo y resaltar as\u00ed el sentimiento que se pretende trasladar al p\u00fablico.<\/p>\n<p>Posteriormente, para seguir con esta l\u00ednea de trabajo, se prepararon unas jornadas dedicadas a las emociones que tuvieron lugar en el Palacio del Condestable. En ellas se pretend\u00eda abrir la experiencia al p\u00fablico general, contando para ello con profesionales del \u00e1mbito de las emociones, teatro expresivo, diferentes tipos de educaci\u00f3n no formal, etc\u00e9tera. Con ambas propuestas, exposici\u00f3n y jornadas, trasladaron a la ciudadan\u00eda la importancia de la inteligencia emocional en la vida diaria, al mismo tiempo que les ofrecieron herramientas para conocer las emociones propias y mostrarlas en el d\u00eda a d\u00eda con naturalidad.<\/p>\n<p>Batean es una federaci\u00f3n compuesta por siete asociaciones infanto-juveniles que est\u00e1n formadas por j\u00f3venes voluntarios y voluntarias del barrio de la Rochapea, que trabajan en la promoci\u00f3n de un espacio educativo que acompa\u00f1e el desarrollo de menores y adolescentes. El Equipo Comunitario de Infancia integrado en la federaci\u00f3n lleva a cabo, por su parte, un acompa\u00f1amiento socioeducativo de los ni\u00f1os, ni\u00f1as y j\u00f3venes en situaci\u00f3n de dificultad social y, adem\u00e1s, apoya a la federaci\u00f3n en su gesti\u00f3n, formaci\u00f3n y asesoramiento. El proyecto tiene car\u00e1cter comunitario, porque se promueve, desarrolla y gestiona a trav\u00e9s de gente del barrio que comparte su tiempo y fomenta el voluntariado ya que considera el asociacionismo como un motor social.<\/p>\n<p>&nbsp;<\/p>\n","protected":false},"excerpt":{"rendered":"<p>La monitora y voluntaria de la Federaci\u00f3n Batean, Arabia Bachir, firma este proyecto que se podr\u00e1 visitar hasta el 31 de octubre<\/p>\n","protected":false},"author":1,"featured_media":19036,"comment_status":"open","ping_status":"closed","sticky":false,"template":"","format":"standard","meta":{"footnotes":""},"categories":[2],"tags":[],"class_list":["post-19035","post","type-post","status-publish","format-standard","has-post-thumbnail","hentry","category-ayuntamiento-pamplona"],"yoast_head":"<!-- This site is optimized with the Yoast SEO plugin v27.9 - https:\/\/yoast.com\/product\/yoast-seo-wordpress\/ -->\n<title>La Casa de la Juventud visibiliza a trav\u00e9s de la exposici\u00f3n fotogr\u00e1fica \u2018Adfectus\u2019 las emociones y los sentimientos de menores y j\u00f3venes<\/title>\n<meta name=\"robots\" content=\"index, follow, max-snippet:-1, max-image-preview:large, max-video-preview:-1\" \/>\n<link rel=\"canonical\" href=\"https:\/\/www.laguiadepamplona.com\/actualidad\/la-casa-de-la-juventud-visibiliza-a-traves-de-la-exposicion-fotografica-adfectus-las-emociones-y-los-sentimientos-de-menores-y-jovenes\/\" \/>\n<meta property=\"og:locale\" content=\"es_ES\" \/>\n<meta property=\"og:type\" content=\"article\" \/>\n<meta property=\"og:title\" content=\"La Casa de la Juventud visibiliza a trav\u00e9s de la exposici\u00f3n fotogr\u00e1fica \u2018Adfectus\u2019 las emociones y los sentimientos de menores y j\u00f3venes\" \/>\n<meta property=\"og:description\" content=\"La monitora y voluntaria de la Federaci\u00f3n Batean, Arabia Bachir, firma este proyecto que se podr\u00e1 visitar hasta el 31 de octubre\" \/>\n<meta property=\"og:url\" content=\"https:\/\/www.laguiadepamplona.com\/actualidad\/la-casa-de-la-juventud-visibiliza-a-traves-de-la-exposicion-fotografica-adfectus-las-emociones-y-los-sentimientos-de-menores-y-jovenes\/\" \/>\n<meta property=\"og:site_name\" content=\"La Gu\u00eda de Pamplona Noticias y actualidad\" \/>\n<meta property=\"article:publisher\" content=\"https:\/\/www.facebook.com\/laguiadepamplonacom-133175176762273\/?ref=hl\" \/>\n<meta property=\"article:published_time\" content=\"2018-10-16T10:50:15+00:00\" \/>\n<meta property=\"og:image\" content=\"https:\/\/www.laguiadepamplona.com\/actualidad\/wp-content\/uploads\/2018\/10\/18.10.18_cartel_adfectus_expo_juventud.jpg\" \/>\n\t<meta property=\"og:image:width\" content=\"595\" \/>\n\t<meta property=\"og:image:height\" content=\"865\" \/>\n\t<meta property=\"og:image:type\" content=\"image\/jpeg\" \/>\n<meta name=\"author\" content=\"La Gu\u00eda de Pamplona\" \/>\n<meta name=\"twitter:card\" content=\"summary_large_image\" \/>\n<meta name=\"twitter:creator\" content=\"@LaGuiadPamplona\" \/>\n<meta name=\"twitter:site\" content=\"@LaGuiadPamplona\" \/>\n<meta name=\"twitter:label1\" content=\"Escrito por\" \/>\n\t<meta name=\"twitter:data1\" content=\"La Gu\u00eda de Pamplona\" \/>\n\t<meta name=\"twitter:label2\" content=\"Tiempo de lectura\" \/>\n\t<meta name=\"twitter:data2\" content=\"2 minutos\" \/>\n<script type=\"application\/ld+json\" class=\"yoast-schema-graph\">{\"@context\":\"https:\\\/\\\/schema.org\",\"@graph\":[{\"@type\":\"Article\",\"@id\":\"https:\\\/\\\/www.laguiadepamplona.com\\\/actualidad\\\/la-casa-de-la-juventud-visibiliza-a-traves-de-la-exposicion-fotografica-adfectus-las-emociones-y-los-sentimientos-de-menores-y-jovenes\\\/#article\",\"isPartOf\":{\"@id\":\"https:\\\/\\\/www.laguiadepamplona.com\\\/actualidad\\\/la-casa-de-la-juventud-visibiliza-a-traves-de-la-exposicion-fotografica-adfectus-las-emociones-y-los-sentimientos-de-menores-y-jovenes\\\/\"},\"author\":{\"name\":\"La Gu\u00eda de Pamplona\",\"@id\":\"https:\\\/\\\/www.laguiadepamplona.com\\\/actualidad\\\/#\\\/schema\\\/person\\\/efe887376f0213d4657c93adc50b1fdb\"},\"headline\":\"La Casa de la Juventud visibiliza a trav\u00e9s de la exposici\u00f3n fotogr\u00e1fica \u2018Adfectus\u2019 las emociones y los sentimientos de menores y j\u00f3venes\",\"datePublished\":\"2018-10-16T10:50:15+00:00\",\"mainEntityOfPage\":{\"@id\":\"https:\\\/\\\/www.laguiadepamplona.com\\\/actualidad\\\/la-casa-de-la-juventud-visibiliza-a-traves-de-la-exposicion-fotografica-adfectus-las-emociones-y-los-sentimientos-de-menores-y-jovenes\\\/\"},\"wordCount\":512,\"commentCount\":0,\"publisher\":{\"@id\":\"https:\\\/\\\/www.laguiadepamplona.com\\\/actualidad\\\/#organization\"},\"image\":{\"@id\":\"https:\\\/\\\/www.laguiadepamplona.com\\\/actualidad\\\/la-casa-de-la-juventud-visibiliza-a-traves-de-la-exposicion-fotografica-adfectus-las-emociones-y-los-sentimientos-de-menores-y-jovenes\\\/#primaryimage\"},\"thumbnailUrl\":\"https:\\\/\\\/www.laguiadepamplona.com\\\/actualidad\\\/wp-content\\\/uploads\\\/2018\\\/10\\\/18.10.18_cartel_adfectus_expo_juventud.jpg\",\"articleSection\":[\"Ayto Pamplona\"],\"inLanguage\":\"es\",\"potentialAction\":[{\"@type\":\"CommentAction\",\"name\":\"Comment\",\"target\":[\"https:\\\/\\\/www.laguiadepamplona.com\\\/actualidad\\\/la-casa-de-la-juventud-visibiliza-a-traves-de-la-exposicion-fotografica-adfectus-las-emociones-y-los-sentimientos-de-menores-y-jovenes\\\/#respond\"]}]},{\"@type\":\"WebPage\",\"@id\":\"https:\\\/\\\/www.laguiadepamplona.com\\\/actualidad\\\/la-casa-de-la-juventud-visibiliza-a-traves-de-la-exposicion-fotografica-adfectus-las-emociones-y-los-sentimientos-de-menores-y-jovenes\\\/\",\"url\":\"https:\\\/\\\/www.laguiadepamplona.com\\\/actualidad\\\/la-casa-de-la-juventud-visibiliza-a-traves-de-la-exposicion-fotografica-adfectus-las-emociones-y-los-sentimientos-de-menores-y-jovenes\\\/\",\"name\":\"La Casa de la Juventud visibiliza a trav\u00e9s de la exposici\u00f3n fotogr\u00e1fica \u2018Adfectus\u2019 las emociones y los sentimientos de menores y j\u00f3venes\",\"isPartOf\":{\"@id\":\"https:\\\/\\\/www.laguiadepamplona.com\\\/actualidad\\\/#website\"},\"primaryImageOfPage\":{\"@id\":\"https:\\\/\\\/www.laguiadepamplona.com\\\/actualidad\\\/la-casa-de-la-juventud-visibiliza-a-traves-de-la-exposicion-fotografica-adfectus-las-emociones-y-los-sentimientos-de-menores-y-jovenes\\\/#primaryimage\"},\"image\":{\"@id\":\"https:\\\/\\\/www.laguiadepamplona.com\\\/actualidad\\\/la-casa-de-la-juventud-visibiliza-a-traves-de-la-exposicion-fotografica-adfectus-las-emociones-y-los-sentimientos-de-menores-y-jovenes\\\/#primaryimage\"},\"thumbnailUrl\":\"https:\\\/\\\/www.laguiadepamplona.com\\\/actualidad\\\/wp-content\\\/uploads\\\/2018\\\/10\\\/18.10.18_cartel_adfectus_expo_juventud.jpg\",\"datePublished\":\"2018-10-16T10:50:15+00:00\",\"breadcrumb\":{\"@id\":\"https:\\\/\\\/www.laguiadepamplona.com\\\/actualidad\\\/la-casa-de-la-juventud-visibiliza-a-traves-de-la-exposicion-fotografica-adfectus-las-emociones-y-los-sentimientos-de-menores-y-jovenes\\\/#breadcrumb\"},\"inLanguage\":\"es\",\"potentialAction\":[{\"@type\":\"ReadAction\",\"target\":[\"https:\\\/\\\/www.laguiadepamplona.com\\\/actualidad\\\/la-casa-de-la-juventud-visibiliza-a-traves-de-la-exposicion-fotografica-adfectus-las-emociones-y-los-sentimientos-de-menores-y-jovenes\\\/\"]}]},{\"@type\":\"ImageObject\",\"inLanguage\":\"es\",\"@id\":\"https:\\\/\\\/www.laguiadepamplona.com\\\/actualidad\\\/la-casa-de-la-juventud-visibiliza-a-traves-de-la-exposicion-fotografica-adfectus-las-emociones-y-los-sentimientos-de-menores-y-jovenes\\\/#primaryimage\",\"url\":\"https:\\\/\\\/www.laguiadepamplona.com\\\/actualidad\\\/wp-content\\\/uploads\\\/2018\\\/10\\\/18.10.18_cartel_adfectus_expo_juventud.jpg\",\"contentUrl\":\"https:\\\/\\\/www.laguiadepamplona.com\\\/actualidad\\\/wp-content\\\/uploads\\\/2018\\\/10\\\/18.10.18_cartel_adfectus_expo_juventud.jpg\",\"width\":595,\"height\":865},{\"@type\":\"BreadcrumbList\",\"@id\":\"https:\\\/\\\/www.laguiadepamplona.com\\\/actualidad\\\/la-casa-de-la-juventud-visibiliza-a-traves-de-la-exposicion-fotografica-adfectus-las-emociones-y-los-sentimientos-de-menores-y-jovenes\\\/#breadcrumb\",\"itemListElement\":[{\"@type\":\"ListItem\",\"position\":1,\"name\":\"Portada\",\"item\":\"https:\\\/\\\/www.laguiadepamplona.com\\\/actualidad\\\/\"},{\"@type\":\"ListItem\",\"position\":2,\"name\":\"La Casa de la Juventud visibiliza a trav\u00e9s de la exposici\u00f3n fotogr\u00e1fica \u2018Adfectus\u2019 las emociones y los sentimientos de menores y j\u00f3venes\"}]},{\"@type\":\"WebSite\",\"@id\":\"https:\\\/\\\/www.laguiadepamplona.com\\\/actualidad\\\/#website\",\"url\":\"https:\\\/\\\/www.laguiadepamplona.com\\\/actualidad\\\/\",\"name\":\"La gu\u00eda de Pamplona\",\"description\":\"Noticias de Pamplona\",\"publisher\":{\"@id\":\"https:\\\/\\\/www.laguiadepamplona.com\\\/actualidad\\\/#organization\"},\"potentialAction\":[{\"@type\":\"SearchAction\",\"target\":{\"@type\":\"EntryPoint\",\"urlTemplate\":\"https:\\\/\\\/www.laguiadepamplona.com\\\/actualidad\\\/?s={search_term_string}\"},\"query-input\":{\"@type\":\"PropertyValueSpecification\",\"valueRequired\":true,\"valueName\":\"search_term_string\"}}],\"inLanguage\":\"es\"},{\"@type\":\"Organization\",\"@id\":\"https:\\\/\\\/www.laguiadepamplona.com\\\/actualidad\\\/#organization\",\"name\":\"La Gu\u00eda de Pamplona \\\/ Noticias\",\"url\":\"https:\\\/\\\/www.laguiadepamplona.com\\\/actualidad\\\/\",\"logo\":{\"@type\":\"ImageObject\",\"inLanguage\":\"es\",\"@id\":\"https:\\\/\\\/www.laguiadepamplona.com\\\/actualidad\\\/#\\\/schema\\\/logo\\\/image\\\/\",\"url\":\"https:\\\/\\\/www.laguiadepamplona.com\\\/actualidad\\\/wp-content\\\/uploads\\\/2018\\\/11\\\/logo-laguiadepamplona18-web1.png\",\"contentUrl\":\"https:\\\/\\\/www.laguiadepamplona.com\\\/actualidad\\\/wp-content\\\/uploads\\\/2018\\\/11\\\/logo-laguiadepamplona18-web1.png\",\"width\":600,\"height\":196,\"caption\":\"La Gu\u00eda de Pamplona \\\/ Noticias\"},\"image\":{\"@id\":\"https:\\\/\\\/www.laguiadepamplona.com\\\/actualidad\\\/#\\\/schema\\\/logo\\\/image\\\/\"},\"sameAs\":[\"https:\\\/\\\/www.facebook.com\\\/laguiadepamplonacom-133175176762273\\\/?ref=hl\",\"https:\\\/\\\/x.com\\\/LaGuiadPamplona\",\"https:\\\/\\\/www.instagram.com\\\/la_guia_de_pamplona\\\/\",\"https:\\\/\\\/www.youtube.com\\\/user\\\/laguiadepamplona\"]},{\"@type\":\"Person\",\"@id\":\"https:\\\/\\\/www.laguiadepamplona.com\\\/actualidad\\\/#\\\/schema\\\/person\\\/efe887376f0213d4657c93adc50b1fdb\",\"name\":\"La Gu\u00eda de Pamplona\",\"image\":{\"@type\":\"ImageObject\",\"inLanguage\":\"es\",\"@id\":\"https:\\\/\\\/secure.gravatar.com\\\/avatar\\\/b6992f131dc8d30ab0dff15446e9d346d9dbd95992de0fef795073f5ea83a81c?s=96&d=mm&r=g\",\"url\":\"https:\\\/\\\/secure.gravatar.com\\\/avatar\\\/b6992f131dc8d30ab0dff15446e9d346d9dbd95992de0fef795073f5ea83a81c?s=96&d=mm&r=g\",\"contentUrl\":\"https:\\\/\\\/secure.gravatar.com\\\/avatar\\\/b6992f131dc8d30ab0dff15446e9d346d9dbd95992de0fef795073f5ea83a81c?s=96&d=mm&r=g\",\"caption\":\"La Gu\u00eda de Pamplona\"}}]}<\/script>\n<!-- \/ Yoast SEO plugin. -->","yoast_head_json":{"title":"La Casa de la Juventud visibiliza a trav\u00e9s de la exposici\u00f3n fotogr\u00e1fica \u2018Adfectus\u2019 las emociones y los sentimientos de menores y j\u00f3venes","robots":{"index":"index","follow":"follow","max-snippet":"max-snippet:-1","max-image-preview":"max-image-preview:large","max-video-preview":"max-video-preview:-1"},"canonical":"https:\/\/www.laguiadepamplona.com\/actualidad\/la-casa-de-la-juventud-visibiliza-a-traves-de-la-exposicion-fotografica-adfectus-las-emociones-y-los-sentimientos-de-menores-y-jovenes\/","og_locale":"es_ES","og_type":"article","og_title":"La Casa de la Juventud visibiliza a trav\u00e9s de la exposici\u00f3n fotogr\u00e1fica \u2018Adfectus\u2019 las emociones y los sentimientos de menores y j\u00f3venes","og_description":"La monitora y voluntaria de la Federaci\u00f3n Batean, Arabia Bachir, firma este proyecto que se podr\u00e1 visitar hasta el 31 de octubre","og_url":"https:\/\/www.laguiadepamplona.com\/actualidad\/la-casa-de-la-juventud-visibiliza-a-traves-de-la-exposicion-fotografica-adfectus-las-emociones-y-los-sentimientos-de-menores-y-jovenes\/","og_site_name":"La Gu\u00eda de Pamplona Noticias y actualidad","article_publisher":"https:\/\/www.facebook.com\/laguiadepamplonacom-133175176762273\/?ref=hl","article_published_time":"2018-10-16T10:50:15+00:00","og_image":[{"width":595,"height":865,"url":"https:\/\/www.laguiadepamplona.com\/actualidad\/wp-content\/uploads\/2018\/10\/18.10.18_cartel_adfectus_expo_juventud.jpg","type":"image\/jpeg"}],"author":"La Gu\u00eda de Pamplona","twitter_card":"summary_large_image","twitter_creator":"@LaGuiadPamplona","twitter_site":"@LaGuiadPamplona","twitter_misc":{"Escrito por":"La Gu\u00eda de Pamplona","Tiempo de lectura":"2 minutos"},"schema":{"@context":"https:\/\/schema.org","@graph":[{"@type":"Article","@id":"https:\/\/www.laguiadepamplona.com\/actualidad\/la-casa-de-la-juventud-visibiliza-a-traves-de-la-exposicion-fotografica-adfectus-las-emociones-y-los-sentimientos-de-menores-y-jovenes\/#article","isPartOf":{"@id":"https:\/\/www.laguiadepamplona.com\/actualidad\/la-casa-de-la-juventud-visibiliza-a-traves-de-la-exposicion-fotografica-adfectus-las-emociones-y-los-sentimientos-de-menores-y-jovenes\/"},"author":{"name":"La Gu\u00eda de Pamplona","@id":"https:\/\/www.laguiadepamplona.com\/actualidad\/#\/schema\/person\/efe887376f0213d4657c93adc50b1fdb"},"headline":"La Casa de la Juventud visibiliza a trav\u00e9s de la exposici\u00f3n fotogr\u00e1fica \u2018Adfectus\u2019 las emociones y los sentimientos de menores y j\u00f3venes","datePublished":"2018-10-16T10:50:15+00:00","mainEntityOfPage":{"@id":"https:\/\/www.laguiadepamplona.com\/actualidad\/la-casa-de-la-juventud-visibiliza-a-traves-de-la-exposicion-fotografica-adfectus-las-emociones-y-los-sentimientos-de-menores-y-jovenes\/"},"wordCount":512,"commentCount":0,"publisher":{"@id":"https:\/\/www.laguiadepamplona.com\/actualidad\/#organization"},"image":{"@id":"https:\/\/www.laguiadepamplona.com\/actualidad\/la-casa-de-la-juventud-visibiliza-a-traves-de-la-exposicion-fotografica-adfectus-las-emociones-y-los-sentimientos-de-menores-y-jovenes\/#primaryimage"},"thumbnailUrl":"https:\/\/www.laguiadepamplona.com\/actualidad\/wp-content\/uploads\/2018\/10\/18.10.18_cartel_adfectus_expo_juventud.jpg","articleSection":["Ayto Pamplona"],"inLanguage":"es","potentialAction":[{"@type":"CommentAction","name":"Comment","target":["https:\/\/www.laguiadepamplona.com\/actualidad\/la-casa-de-la-juventud-visibiliza-a-traves-de-la-exposicion-fotografica-adfectus-las-emociones-y-los-sentimientos-de-menores-y-jovenes\/#respond"]}]},{"@type":"WebPage","@id":"https:\/\/www.laguiadepamplona.com\/actualidad\/la-casa-de-la-juventud-visibiliza-a-traves-de-la-exposicion-fotografica-adfectus-las-emociones-y-los-sentimientos-de-menores-y-jovenes\/","url":"https:\/\/www.laguiadepamplona.com\/actualidad\/la-casa-de-la-juventud-visibiliza-a-traves-de-la-exposicion-fotografica-adfectus-las-emociones-y-los-sentimientos-de-menores-y-jovenes\/","name":"La Casa de la Juventud visibiliza a trav\u00e9s de la exposici\u00f3n fotogr\u00e1fica \u2018Adfectus\u2019 las emociones y los sentimientos de menores y j\u00f3venes","isPartOf":{"@id":"https:\/\/www.laguiadepamplona.com\/actualidad\/#website"},"primaryImageOfPage":{"@id":"https:\/\/www.laguiadepamplona.com\/actualidad\/la-casa-de-la-juventud-visibiliza-a-traves-de-la-exposicion-fotografica-adfectus-las-emociones-y-los-sentimientos-de-menores-y-jovenes\/#primaryimage"},"image":{"@id":"https:\/\/www.laguiadepamplona.com\/actualidad\/la-casa-de-la-juventud-visibiliza-a-traves-de-la-exposicion-fotografica-adfectus-las-emociones-y-los-sentimientos-de-menores-y-jovenes\/#primaryimage"},"thumbnailUrl":"https:\/\/www.laguiadepamplona.com\/actualidad\/wp-content\/uploads\/2018\/10\/18.10.18_cartel_adfectus_expo_juventud.jpg","datePublished":"2018-10-16T10:50:15+00:00","breadcrumb":{"@id":"https:\/\/www.laguiadepamplona.com\/actualidad\/la-casa-de-la-juventud-visibiliza-a-traves-de-la-exposicion-fotografica-adfectus-las-emociones-y-los-sentimientos-de-menores-y-jovenes\/#breadcrumb"},"inLanguage":"es","potentialAction":[{"@type":"ReadAction","target":["https:\/\/www.laguiadepamplona.com\/actualidad\/la-casa-de-la-juventud-visibiliza-a-traves-de-la-exposicion-fotografica-adfectus-las-emociones-y-los-sentimientos-de-menores-y-jovenes\/"]}]},{"@type":"ImageObject","inLanguage":"es","@id":"https:\/\/www.laguiadepamplona.com\/actualidad\/la-casa-de-la-juventud-visibiliza-a-traves-de-la-exposicion-fotografica-adfectus-las-emociones-y-los-sentimientos-de-menores-y-jovenes\/#primaryimage","url":"https:\/\/www.laguiadepamplona.com\/actualidad\/wp-content\/uploads\/2018\/10\/18.10.18_cartel_adfectus_expo_juventud.jpg","contentUrl":"https:\/\/www.laguiadepamplona.com\/actualidad\/wp-content\/uploads\/2018\/10\/18.10.18_cartel_adfectus_expo_juventud.jpg","width":595,"height":865},{"@type":"BreadcrumbList","@id":"https:\/\/www.laguiadepamplona.com\/actualidad\/la-casa-de-la-juventud-visibiliza-a-traves-de-la-exposicion-fotografica-adfectus-las-emociones-y-los-sentimientos-de-menores-y-jovenes\/#breadcrumb","itemListElement":[{"@type":"ListItem","position":1,"name":"Portada","item":"https:\/\/www.laguiadepamplona.com\/actualidad\/"},{"@type":"ListItem","position":2,"name":"La Casa de la Juventud visibiliza a trav\u00e9s de la exposici\u00f3n fotogr\u00e1fica \u2018Adfectus\u2019 las emociones y los sentimientos de menores y j\u00f3venes"}]},{"@type":"WebSite","@id":"https:\/\/www.laguiadepamplona.com\/actualidad\/#website","url":"https:\/\/www.laguiadepamplona.com\/actualidad\/","name":"La gu\u00eda de Pamplona","description":"Noticias de Pamplona","publisher":{"@id":"https:\/\/www.laguiadepamplona.com\/actualidad\/#organization"},"potentialAction":[{"@type":"SearchAction","target":{"@type":"EntryPoint","urlTemplate":"https:\/\/www.laguiadepamplona.com\/actualidad\/?s={search_term_string}"},"query-input":{"@type":"PropertyValueSpecification","valueRequired":true,"valueName":"search_term_string"}}],"inLanguage":"es"},{"@type":"Organization","@id":"https:\/\/www.laguiadepamplona.com\/actualidad\/#organization","name":"La Gu\u00eda de Pamplona \/ Noticias","url":"https:\/\/www.laguiadepamplona.com\/actualidad\/","logo":{"@type":"ImageObject","inLanguage":"es","@id":"https:\/\/www.laguiadepamplona.com\/actualidad\/#\/schema\/logo\/image\/","url":"https:\/\/www.laguiadepamplona.com\/actualidad\/wp-content\/uploads\/2018\/11\/logo-laguiadepamplona18-web1.png","contentUrl":"https:\/\/www.laguiadepamplona.com\/actualidad\/wp-content\/uploads\/2018\/11\/logo-laguiadepamplona18-web1.png","width":600,"height":196,"caption":"La Gu\u00eda de Pamplona \/ Noticias"},"image":{"@id":"https:\/\/www.laguiadepamplona.com\/actualidad\/#\/schema\/logo\/image\/"},"sameAs":["https:\/\/www.facebook.com\/laguiadepamplonacom-133175176762273\/?ref=hl","https:\/\/x.com\/LaGuiadPamplona","https:\/\/www.instagram.com\/la_guia_de_pamplona\/","https:\/\/www.youtube.com\/user\/laguiadepamplona"]},{"@type":"Person","@id":"https:\/\/www.laguiadepamplona.com\/actualidad\/#\/schema\/person\/efe887376f0213d4657c93adc50b1fdb","name":"La Gu\u00eda de Pamplona","image":{"@type":"ImageObject","inLanguage":"es","@id":"https:\/\/secure.gravatar.com\/avatar\/b6992f131dc8d30ab0dff15446e9d346d9dbd95992de0fef795073f5ea83a81c?s=96&d=mm&r=g","url":"https:\/\/secure.gravatar.com\/avatar\/b6992f131dc8d30ab0dff15446e9d346d9dbd95992de0fef795073f5ea83a81c?s=96&d=mm&r=g","contentUrl":"https:\/\/secure.gravatar.com\/avatar\/b6992f131dc8d30ab0dff15446e9d346d9dbd95992de0fef795073f5ea83a81c?s=96&d=mm&r=g","caption":"La Gu\u00eda de Pamplona"}}]}},"post_mailing_queue_ids":[],"_links":{"self":[{"href":"https:\/\/www.laguiadepamplona.com\/actualidad\/wp-json\/wp\/v2\/posts\/19035","targetHints":{"allow":["GET"]}}],"collection":[{"href":"https:\/\/www.laguiadepamplona.com\/actualidad\/wp-json\/wp\/v2\/posts"}],"about":[{"href":"https:\/\/www.laguiadepamplona.com\/actualidad\/wp-json\/wp\/v2\/types\/post"}],"author":[{"embeddable":true,"href":"https:\/\/www.laguiadepamplona.com\/actualidad\/wp-json\/wp\/v2\/users\/1"}],"replies":[{"embeddable":true,"href":"https:\/\/www.laguiadepamplona.com\/actualidad\/wp-json\/wp\/v2\/comments?post=19035"}],"version-history":[{"count":0,"href":"https:\/\/www.laguiadepamplona.com\/actualidad\/wp-json\/wp\/v2\/posts\/19035\/revisions"}],"wp:featuredmedia":[{"embeddable":true,"href":"https:\/\/www.laguiadepamplona.com\/actualidad\/wp-json\/wp\/v2\/media\/19036"}],"wp:attachment":[{"href":"https:\/\/www.laguiadepamplona.com\/actualidad\/wp-json\/wp\/v2\/media?parent=19035"}],"wp:term":[{"taxonomy":"category","embeddable":true,"href":"https:\/\/www.laguiadepamplona.com\/actualidad\/wp-json\/wp\/v2\/categories?post=19035"},{"taxonomy":"post_tag","embeddable":true,"href":"https:\/\/www.laguiadepamplona.com\/actualidad\/wp-json\/wp\/v2\/tags?post=19035"}],"curies":[{"name":"wp","href":"https:\/\/api.w.org\/{rel}","templated":true}]}}